{"id":3346,"date":"2024-10-16T12:45:28","date_gmt":"2024-10-16T09:45:28","guid":{"rendered":"https:\/\/denizcankizil.tr\/uncategorized\/adiyamanda-uyusturucuya-gecit-yok\/"},"modified":"2024-10-16T12:45:28","modified_gmt":"2024-10-16T09:45:28","slug":"adiyamanda-uyusturucuya-gecit-yok","status":"publish","type":"post","link":"http:\/\/denizcankizil.tr\/en\/haberler\/gundem\/adiyamanda-uyusturucuya-gecit-yok\/","title":{"rendered":"Ad\u0131yaman\u2019da uyu\u015fturucuya ge\u00e7it yok!"},"content":{"rendered":"<p>Ad\u0131yaman \u0130l Emniyet M\u00fcd\u00fcrl\u00fc\u011f\u00fc Narkotik \u015eube M\u00fcd\u00fcrl\u00fc\u011f\u00fc ekiplerinin 30 Eyl\u00fcl &#8211; 13 Ekim 2024 tarihleri aras\u0131nda y\u00fcr\u00fctt\u00fc\u011f\u00fc operasyonlar neticesinde, uyu\u015fturucu madde su\u00e7lar\u0131na y\u00f6nelik \u00f6nemli ba\u015far\u0131lar elde edildi.ADIYAMAN (\u0130GFA)- Ad\u0131yaman \u0130l Emniyet M\u00fcd\u00fcrl\u00fc\u011f\u00fc b\u00fcnyesindeki Narkotik \u015eube M\u00fcd\u00fcrl\u00fc\u011f\u00fc ekplerinin uyu\u015fturucu ile m\u00fccadele konusundaki \u00e7al\u0131\u015fmalar\u0131 s\u00fcr\u00fcyor.<br \/>\nYap\u0131lan \u00e7al\u0131\u015fmalarda uyu\u015fturucu madde ticareti su\u00e7undan 8 farkl\u0131 olayda 14 \u015f\u00fcpheli \u015fah\u0131s hakk\u0131nda yasal i\u015flem yap\u0131ld\u0131, bu \u015fah\u0131slardan 7\u2019si tutuklanarak cezaevine g\u00f6nderildi.\u00a0<br \/>\nNarkotik ekipleri, uyu\u015fturucu madde bulundurmak ve kullanmak su\u00e7undan 59 \u015f\u00fcpheli \u015fah\u0131s hakk\u0131nda yasal i\u015flem uygularekn, uyu\u015fturucuyla m\u00fccadeleye kararl\u0131l\u0131kla devam edeceklerini vurguland\u0131. Ekipler, halk\u0131n da bu konuda duyarl\u0131 olmas\u0131n\u0131 ve \u015f\u00fcpheli durumlar\u0131n\u0131 bildirmelerini istedi.<\/p>\n<p>\u200bAd\u0131yaman \u0130l Emniyet M\u00fcd\u00fcrl\u00fc\u011f\u00fc Narkotik \u015eube M\u00fcd\u00fcrl\u00fc\u011f\u00fc ekiplerinin 30 Eyl\u00fcl &#8211; 13 Ekim 2024 tarihleri aras\u0131nda y\u00fcr\u00fctt\u00fc\u011f\u00fc operasyonlar neticesinde, uyu\u015fturucu madde su\u00e7lar\u0131na y\u00f6nelik \u00f6nemli ba\u015far\u0131lar elde edildi\u00a0<\/p>\n<p>\u200bHaberin Al\u0131nt\u0131land\u0131\u011f\u0131 Kaynak: www.iskenderun.org<\/p>","protected":false},"excerpt":{"rendered":"<p>Ad\u0131yaman \u0130l Emniyet M\u00fcd\u00fcrl\u00fc\u011f\u00fc Narkotik \u015eube M\u00fcd\u00fcrl\u00fc\u011f\u00fc ekiplerinin 30 Eyl\u00fcl &#8211; 13 Ekim 2024 tarihleri aras\u0131nda y\u00fcr\u00fctt\u00fc\u011f\u00fc operasyonlar neticesinde, uyu\u015fturucu madde su\u00e7lar\u0131na y\u00f6nelik \u00f6nemli ba\u015far\u0131lar elde edildi.ADIYAMAN (\u0130GFA)- Ad\u0131yaman \u0130l Emniyet M\u00fcd\u00fcrl\u00fc\u011f\u00fc b\u00fcnyesindeki Narkotik \u015eube M\u00fcd\u00fcrl\u00fc\u011f\u00fc ekplerinin uyu\u015fturucu ile m\u00fccadele konusundaki \u00e7al\u0131\u015fmalar\u0131 s\u00fcr\u00fcyor. Yap\u0131lan \u00e7al\u0131\u015fmalarda uyu\u015fturucu madde ticareti su\u00e7undan 8 farkl\u0131 olayda 14 \u015f\u00fcpheli \u015fah\u0131s hakk\u0131nda yasal i\u015flem yap\u0131ld\u0131, bu \u015fah\u0131slardan 7\u2019si tutuklanarak cezaevine g\u00f6nderildi.\u00a0 Narkotik ekipleri, uyu\u015fturucu madde bulundurmak ve kullanmak su\u00e7undan 59 \u015f\u00fcpheli \u015fah\u0131s hakk\u0131nda yasal i\u015flem uygularekn, uyu\u015fturucuyla m\u00fccadeleye kararl\u0131l\u0131kla devam edeceklerini vurguland\u0131. Ekipler, halk\u0131n da bu konuda duyarl\u0131 olmas\u0131n\u0131 ve \u015f\u00fcpheli durumlar\u0131n\u0131 bildirmelerini istedi. \u200bAd\u0131yaman \u0130l Emniyet M\u00fcd\u00fcrl\u00fc\u011f\u00fc Narkotik \u015eube M\u00fcd\u00fcrl\u00fc\u011f\u00fc ekiplerinin 30 Eyl\u00fcl &#8211; 13 Ekim 2024 tarihleri aras\u0131nda y\u00fcr\u00fctt\u00fc\u011f\u00fc operasyonlar neticesinde, uyu\u015fturucu madde su\u00e7lar\u0131na y\u00f6nelik \u00f6nemli ba\u015far\u0131lar elde edildi\u00a0 \u200bHaberin Al\u0131nt\u0131land\u0131\u011f\u0131 Kaynak: www.iskenderun.org<\/p>","protected":false},"author":0,"featured_media":0,"comment_status":"open","ping_status":"open","sticky":false,"template":"","format":"standard","meta":{"_acf_changed":false,"footnotes":""},"categories":[24],"tags":[],"class_list":["post-3346","post","type-post","status-publish","format-standard","has-post-thumbnail","hentry","category-gundem"],"acf":[],"yoast_head":"<!-- This site is optimized with the Yoast SEO Premium plugin v26.6 (Yoast SEO v27.1.1) - https:\/\/yoast.com\/product\/yoast-seo-premium-wordpress\/ -->\n<title>Ad\u0131yaman\u2019da uyu\u015fturucuya ge\u00e7it yok! - Av. Deniz Can K\u0131z\u0131l<\/title>\n<meta name=\"robots\" content=\"index, follow, max-snippet:-1, max-image-preview:large, max-video-preview:-1\" \/>\n<link rel=\"canonical\" href=\"http:\/\/denizcankizil.tr\/en\/haberler\/gundem\/adiyamanda-uyusturucuya-gecit-yok\/\" \/>\n<meta property=\"og:locale\" content=\"en_GB\" \/>\n<meta property=\"og:type\" content=\"article\" \/>\n<meta property=\"og:title\" content=\"Ad\u0131yaman\u2019da uyu\u015fturucuya ge\u00e7it yok!\" \/>\n<meta property=\"og:description\" content=\"Ad\u0131yaman \u0130l Emniyet M\u00fcd\u00fcrl\u00fc\u011f\u00fc Narkotik \u015eube M\u00fcd\u00fcrl\u00fc\u011f\u00fc ekiplerinin 30 Eyl\u00fcl &#8211; 13 Ekim 2024 tarihleri aras\u0131nda y\u00fcr\u00fctt\u00fc\u011f\u00fc operasyonlar neticesinde, uyu\u015fturucu madde su\u00e7lar\u0131na y\u00f6nelik \u00f6nemli ba\u015far\u0131lar elde edildi.ADIYAMAN (\u0130GFA)- Ad\u0131yaman \u0130l Emniyet M\u00fcd\u00fcrl\u00fc\u011f\u00fc b\u00fcnyesindeki Narkotik \u015eube M\u00fcd\u00fcrl\u00fc\u011f\u00fc ekplerinin uyu\u015fturucu ile m\u00fccadele konusundaki \u00e7al\u0131\u015fmalar\u0131 s\u00fcr\u00fcyor. Yap\u0131lan \u00e7al\u0131\u015fmalarda uyu\u015fturucu madde ticareti su\u00e7undan 8 farkl\u0131 olayda 14 \u015f\u00fcpheli \u015fah\u0131s hakk\u0131nda yasal i\u015flem yap\u0131ld\u0131, bu \u015fah\u0131slardan 7\u2019si tutuklanarak cezaevine g\u00f6nderildi.\u00a0 Narkotik ekipleri, uyu\u015fturucu madde bulundurmak ve kullanmak su\u00e7undan 59 \u015f\u00fcpheli \u015fah\u0131s hakk\u0131nda yasal i\u015flem uygularekn, uyu\u015fturucuyla m\u00fccadeleye kararl\u0131l\u0131kla devam edeceklerini vurguland\u0131. Ekipler, halk\u0131n da bu konuda duyarl\u0131 olmas\u0131n\u0131 ve \u015f\u00fcpheli durumlar\u0131n\u0131 bildirmelerini istedi. \u200bAd\u0131yaman \u0130l Emniyet M\u00fcd\u00fcrl\u00fc\u011f\u00fc Narkotik \u015eube M\u00fcd\u00fcrl\u00fc\u011f\u00fc ekiplerinin 30 Eyl\u00fcl &#8211; 13 Ekim 2024 tarihleri aras\u0131nda y\u00fcr\u00fctt\u00fc\u011f\u00fc operasyonlar neticesinde, uyu\u015fturucu madde su\u00e7lar\u0131na y\u00f6nelik \u00f6nemli ba\u015far\u0131lar elde edildi\u00a0 \u200bHaberin Al\u0131nt\u0131land\u0131\u011f\u0131 Kaynak: www.iskenderun.org\" \/>\n<meta property=\"og:url\" content=\"http:\/\/denizcankizil.tr\/en\/haberler\/gundem\/adiyamanda-uyusturucuya-gecit-yok\/\" \/>\n<meta property=\"og:site_name\" content=\"Av. Deniz Can K\u0131z\u0131l\" \/>\n<meta property=\"article:published_time\" content=\"2024-10-16T09:45:28+00:00\" \/>\n<meta name=\"twitter:card\" content=\"summary_large_image\" \/>\n<meta name=\"twitter:label1\" content=\"Estimated reading time\" \/>\n\t<meta name=\"twitter:data1\" content=\"1 minute\" \/>\n<script type=\"application\/ld+json\" class=\"yoast-schema-graph\">{\"@context\":\"https:\/\/schema.org\",\"@graph\":[{\"@type\":\"Article\",\"@id\":\"http:\/\/denizcankizil.tr\/de\/haberler\/gundem\/adiyamanda-uyusturucuya-gecit-yok\/#article\",\"isPartOf\":{\"@id\":\"http:\/\/denizcankizil.tr\/de\/haberler\/gundem\/adiyamanda-uyusturucuya-gecit-yok\/\"},\"author\":{\"name\":\"\",\"@id\":\"\"},\"headline\":\"Ad\u0131yaman\u2019da uyu\u015fturucuya ge\u00e7it yok!\",\"datePublished\":\"2024-10-16T09:45:28+00:00\",\"mainEntityOfPage\":{\"@id\":\"http:\/\/denizcankizil.tr\/de\/haberler\/gundem\/adiyamanda-uyusturucuya-gecit-yok\/\"},\"wordCount\":197,\"commentCount\":0,\"publisher\":{\"@id\":\"https:\/\/denizcankizil.tr\/#organization\"},\"articleSection\":[\"G\u00fcndem\"],\"inLanguage\":\"en-GB\",\"potentialAction\":[{\"@type\":\"CommentAction\",\"name\":\"Comment\",\"target\":[\"http:\/\/denizcankizil.tr\/de\/haberler\/gundem\/adiyamanda-uyusturucuya-gecit-yok\/#respond\"]}]},{\"@type\":\"WebPage\",\"@id\":\"http:\/\/denizcankizil.tr\/de\/haberler\/gundem\/adiyamanda-uyusturucuya-gecit-yok\/\",\"url\":\"http:\/\/denizcankizil.tr\/de\/haberler\/gundem\/adiyamanda-uyusturucuya-gecit-yok\/\",\"name\":\"Ad\u0131yaman\u2019da uyu\u015fturucuya ge\u00e7it yok! - Av. Deniz Can K\u0131z\u0131l\",\"isPartOf\":{\"@id\":\"https:\/\/denizcankizil.tr\/#website\"},\"datePublished\":\"2024-10-16T09:45:28+00:00\",\"breadcrumb\":{\"@id\":\"http:\/\/denizcankizil.tr\/de\/haberler\/gundem\/adiyamanda-uyusturucuya-gecit-yok\/#breadcrumb\"},\"inLanguage\":\"en-GB\",\"potentialAction\":[{\"@type\":\"ReadAction\",\"target\":[\"http:\/\/denizcankizil.tr\/de\/haberler\/gundem\/adiyamanda-uyusturucuya-gecit-yok\/\"]}]},{\"@type\":\"BreadcrumbList\",\"@id\":\"http:\/\/denizcankizil.tr\/de\/haberler\/gundem\/adiyamanda-uyusturucuya-gecit-yok\/#breadcrumb\",\"itemListElement\":[{\"@type\":\"ListItem\",\"position\":1,\"name\":\"Home\",\"item\":\"https:\/\/denizcankizil.tr\/de\/\"},{\"@type\":\"ListItem\",\"position\":2,\"name\":\"Ad\u0131yaman\u2019da uyu\u015fturucuya ge\u00e7it yok!\"}]},{\"@type\":\"WebSite\",\"@id\":\"https:\/\/denizcankizil.tr\/#website\",\"url\":\"https:\/\/denizcankizil.tr\/\",\"name\":\"Av. Deniz Can K\u0131z\u0131l\",\"description\":\"Avukat Deniz Can K\u0131z\u0131l Antalya Barosu\",\"publisher\":{\"@id\":\"https:\/\/denizcankizil.tr\/#organization\"},\"potentialAction\":[{\"@type\":\"SearchAction\",\"target\":{\"@type\":\"EntryPoint\",\"urlTemplate\":\"https:\/\/denizcankizil.tr\/?s={search_term_string}\"},\"query-input\":{\"@type\":\"PropertyValueSpecification\",\"valueRequired\":true,\"valueName\":\"search_term_string\"}}],\"inLanguage\":\"en-GB\"},{\"@type\":\"Organization\",\"@id\":\"https:\/\/denizcankizil.tr\/#organization\",\"name\":\"Av. Deniz Can K\u0131z\u0131l\",\"url\":\"https:\/\/denizcankizil.tr\/\",\"logo\":{\"@type\":\"ImageObject\",\"inLanguage\":\"en-GB\",\"@id\":\"https:\/\/denizcankizil.tr\/#\/schema\/logo\/image\/\",\"url\":\"http:\/\/denizcankizil.tr\/wp-content\/uploads\/2024\/10\/siyah-logo-svg.svg\",\"contentUrl\":\"http:\/\/denizcankizil.tr\/wp-content\/uploads\/2024\/10\/siyah-logo-svg.svg\",\"width\":1080,\"height\":1080,\"caption\":\"Av. Deniz Can K\u0131z\u0131l\"},\"image\":{\"@id\":\"https:\/\/denizcankizil.tr\/#\/schema\/logo\/image\/\"}}]}<\/script>\n<!-- \/ Yoast SEO Premium plugin. -->","yoast_head_json":{"title":"Ad\u0131yaman\u2019da uyu\u015fturucuya ge\u00e7it yok! - Av. Deniz Can K\u0131z\u0131l","robots":{"index":"index","follow":"follow","max-snippet":"max-snippet:-1","max-image-preview":"max-image-preview:large","max-video-preview":"max-video-preview:-1"},"canonical":"http:\/\/denizcankizil.tr\/en\/haberler\/gundem\/adiyamanda-uyusturucuya-gecit-yok\/","og_locale":"en_GB","og_type":"article","og_title":"Ad\u0131yaman\u2019da uyu\u015fturucuya ge\u00e7it yok!","og_description":"Ad\u0131yaman \u0130l Emniyet M\u00fcd\u00fcrl\u00fc\u011f\u00fc Narkotik \u015eube M\u00fcd\u00fcrl\u00fc\u011f\u00fc ekiplerinin 30 Eyl\u00fcl &#8211; 13 Ekim 2024 tarihleri aras\u0131nda y\u00fcr\u00fctt\u00fc\u011f\u00fc operasyonlar neticesinde, uyu\u015fturucu madde su\u00e7lar\u0131na y\u00f6nelik \u00f6nemli ba\u015far\u0131lar elde edildi.ADIYAMAN (\u0130GFA)- Ad\u0131yaman \u0130l Emniyet M\u00fcd\u00fcrl\u00fc\u011f\u00fc b\u00fcnyesindeki Narkotik \u015eube M\u00fcd\u00fcrl\u00fc\u011f\u00fc ekplerinin uyu\u015fturucu ile m\u00fccadele konusundaki \u00e7al\u0131\u015fmalar\u0131 s\u00fcr\u00fcyor. Yap\u0131lan \u00e7al\u0131\u015fmalarda uyu\u015fturucu madde ticareti su\u00e7undan 8 farkl\u0131 olayda 14 \u015f\u00fcpheli \u015fah\u0131s hakk\u0131nda yasal i\u015flem yap\u0131ld\u0131, bu \u015fah\u0131slardan 7\u2019si tutuklanarak cezaevine g\u00f6nderildi.\u00a0 Narkotik ekipleri, uyu\u015fturucu madde bulundurmak ve kullanmak su\u00e7undan 59 \u015f\u00fcpheli \u015fah\u0131s hakk\u0131nda yasal i\u015flem uygularekn, uyu\u015fturucuyla m\u00fccadeleye kararl\u0131l\u0131kla devam edeceklerini vurguland\u0131. Ekipler, halk\u0131n da bu konuda duyarl\u0131 olmas\u0131n\u0131 ve \u015f\u00fcpheli durumlar\u0131n\u0131 bildirmelerini istedi. \u200bAd\u0131yaman \u0130l Emniyet M\u00fcd\u00fcrl\u00fc\u011f\u00fc Narkotik \u015eube M\u00fcd\u00fcrl\u00fc\u011f\u00fc ekiplerinin 30 Eyl\u00fcl &#8211; 13 Ekim 2024 tarihleri aras\u0131nda y\u00fcr\u00fctt\u00fc\u011f\u00fc operasyonlar neticesinde, uyu\u015fturucu madde su\u00e7lar\u0131na y\u00f6nelik \u00f6nemli ba\u015far\u0131lar elde edildi\u00a0 \u200bHaberin Al\u0131nt\u0131land\u0131\u011f\u0131 Kaynak: www.iskenderun.org","og_url":"http:\/\/denizcankizil.tr\/en\/haberler\/gundem\/adiyamanda-uyusturucuya-gecit-yok\/","og_site_name":"Av. Deniz Can K\u0131z\u0131l","article_published_time":"2024-10-16T09:45:28+00:00","twitter_card":"summary_large_image","twitter_misc":{"Estimated reading time":"1 minute"},"schema":{"@context":"https:\/\/schema.org","@graph":[{"@type":"Article","@id":"http:\/\/denizcankizil.tr\/de\/haberler\/gundem\/adiyamanda-uyusturucuya-gecit-yok\/#article","isPartOf":{"@id":"http:\/\/denizcankizil.tr\/de\/haberler\/gundem\/adiyamanda-uyusturucuya-gecit-yok\/"},"author":{"name":"","@id":""},"headline":"Ad\u0131yaman\u2019da uyu\u015fturucuya ge\u00e7it yok!","datePublished":"2024-10-16T09:45:28+00:00","mainEntityOfPage":{"@id":"http:\/\/denizcankizil.tr\/de\/haberler\/gundem\/adiyamanda-uyusturucuya-gecit-yok\/"},"wordCount":197,"commentCount":0,"publisher":{"@id":"https:\/\/denizcankizil.tr\/#organization"},"articleSection":["G\u00fcndem"],"inLanguage":"en-GB","potentialAction":[{"@type":"CommentAction","name":"Comment","target":["http:\/\/denizcankizil.tr\/de\/haberler\/gundem\/adiyamanda-uyusturucuya-gecit-yok\/#respond"]}]},{"@type":"WebPage","@id":"http:\/\/denizcankizil.tr\/de\/haberler\/gundem\/adiyamanda-uyusturucuya-gecit-yok\/","url":"http:\/\/denizcankizil.tr\/de\/haberler\/gundem\/adiyamanda-uyusturucuya-gecit-yok\/","name":"Ad\u0131yaman\u2019da uyu\u015fturucuya ge\u00e7it yok! - Av. Deniz Can K\u0131z\u0131l","isPartOf":{"@id":"https:\/\/denizcankizil.tr\/#website"},"datePublished":"2024-10-16T09:45:28+00:00","breadcrumb":{"@id":"http:\/\/denizcankizil.tr\/de\/haberler\/gundem\/adiyamanda-uyusturucuya-gecit-yok\/#breadcrumb"},"inLanguage":"en-GB","potentialAction":[{"@type":"ReadAction","target":["http:\/\/denizcankizil.tr\/de\/haberler\/gundem\/adiyamanda-uyusturucuya-gecit-yok\/"]}]},{"@type":"BreadcrumbList","@id":"http:\/\/denizcankizil.tr\/de\/haberler\/gundem\/adiyamanda-uyusturucuya-gecit-yok\/#breadcrumb","itemListElement":[{"@type":"ListItem","position":1,"name":"Home","item":"https:\/\/denizcankizil.tr\/de\/"},{"@type":"ListItem","position":2,"name":"Ad\u0131yaman\u2019da uyu\u015fturucuya ge\u00e7it yok!"}]},{"@type":"WebSite","@id":"https:\/\/denizcankizil.tr\/#website","url":"https:\/\/denizcankizil.tr\/","name":"Av. Deniz Can K\u0131z\u0131l","description":"Avukat Deniz Can K\u0131z\u0131l Antalya Barosu","publisher":{"@id":"https:\/\/denizcankizil.tr\/#organization"},"potentialAction":[{"@type":"SearchAction","target":{"@type":"EntryPoint","urlTemplate":"https:\/\/denizcankizil.tr\/?s={search_term_string}"},"query-input":{"@type":"PropertyValueSpecification","valueRequired":true,"valueName":"search_term_string"}}],"inLanguage":"en-GB"},{"@type":"Organization","@id":"https:\/\/denizcankizil.tr\/#organization","name":"Av. Deniz Can K\u0131z\u0131l","url":"https:\/\/denizcankizil.tr\/","logo":{"@type":"ImageObject","inLanguage":"en-GB","@id":"https:\/\/denizcankizil.tr\/#\/schema\/logo\/image\/","url":"http:\/\/denizcankizil.tr\/wp-content\/uploads\/2024\/10\/siyah-logo-svg.svg","contentUrl":"http:\/\/denizcankizil.tr\/wp-content\/uploads\/2024\/10\/siyah-logo-svg.svg","width":1080,"height":1080,"caption":"Av. Deniz Can K\u0131z\u0131l"},"image":{"@id":"https:\/\/denizcankizil.tr\/#\/schema\/logo\/image\/"}}]}},"_links":{"self":[{"href":"http:\/\/denizcankizil.tr\/en\/wp-json\/wp\/v2\/posts\/3346","targetHints":{"allow":["GET"]}}],"collection":[{"href":"http:\/\/denizcankizil.tr\/en\/wp-json\/wp\/v2\/posts"}],"about":[{"href":"http:\/\/denizcankizil.tr\/en\/wp-json\/wp\/v2\/types\/post"}],"replies":[{"embeddable":true,"href":"http:\/\/denizcankizil.tr\/en\/wp-json\/wp\/v2\/comments?post=3346"}],"version-history":[{"count":0,"href":"http:\/\/denizcankizil.tr\/en\/wp-json\/wp\/v2\/posts\/3346\/revisions"}],"wp:attachment":[{"href":"http:\/\/denizcankizil.tr\/en\/wp-json\/wp\/v2\/media?parent=3346"}],"wp:term":[{"taxonomy":"category","embeddable":true,"href":"http:\/\/denizcankizil.tr\/en\/wp-json\/wp\/v2\/categories?post=3346"},{"taxonomy":"post_tag","embeddable":true,"href":"http:\/\/denizcankizil.tr\/en\/wp-json\/wp\/v2\/tags?post=3346"}],"curies":[{"name":"wp","href":"https:\/\/api.w.org\/{rel}","templated":true}]}}