{"id":33146,"date":"2025-02-17T10:42:58","date_gmt":"2025-02-17T07:42:58","guid":{"rendered":"https:\/\/denizcankizil.tr\/uncategorized-tr\/maskide-hizmet-kalitesi-ve-yurttas-memnuniyeti-oncelikli-hedef\/"},"modified":"2025-02-17T10:42:58","modified_gmt":"2025-02-17T07:42:58","slug":"maskide-hizmet-kalitesi-ve-yurttas-memnuniyeti-oncelikli-hedef","status":"publish","type":"post","link":"http:\/\/denizcankizil.tr\/en\/haberler\/gundem\/maskide-hizmet-kalitesi-ve-yurttas-memnuniyeti-oncelikli-hedef\/","title":{"rendered":"MASK\u0130\u2019de hizmet kalitesi ve yurtta\u015f memnuniyeti \u00f6ncelikli hedef"},"content":{"rendered":"<p>Manisa B\u00fcy\u00fck\u015fehir Belediyesi\u2019ne ba\u011fl\u0131 Manisa Su ve Kanalizasyon \u0130daresi (MASK\u0130) Genel M\u00fcd\u00fcrl\u00fc\u011f\u00fc, hizmet kalitesini art\u0131rmak ve birimler aras\u0131 koordinasyonu g\u00fc\u00e7lendirmek amac\u0131yla d\u00fczenledi\u011fi ayl\u0131k il\u00e7e \u015fefleri toplant\u0131lar\u0131na devam ediyor.<\/p>\n<p>\u200bManisa B\u00fcy\u00fck\u015fehir Belediyesi\u2019ne ba\u011fl\u0131 Manisa Su ve Kanalizasyon \u0130daresi (MASK\u0130) Genel M\u00fcd\u00fcrl\u00fc\u011f\u00fc, hizmet kalitesini art\u0131rmak ve birimler aras\u0131 koordinasyonu g\u00fc\u00e7lendirmek amac\u0131yla d\u00fczenledi\u011fi ayl\u0131k il\u00e7e \u015fefleri toplant\u0131lar\u0131na devam ediyor.\u00a0<\/p>\n<p>\u200bHaberin Al\u0131nt\u0131land\u0131\u011f\u0131 Kaynak: www.iskenderun.org<\/p>","protected":false},"excerpt":{"rendered":"<p>Manisa B\u00fcy\u00fck\u015fehir Belediyesi\u2019ne ba\u011fl\u0131 Manisa Su ve Kanalizasyon \u0130daresi (MASK\u0130) Genel M\u00fcd\u00fcrl\u00fc\u011f\u00fc, hizmet kalitesini art\u0131rmak ve birimler aras\u0131 koordinasyonu g\u00fc\u00e7lendirmek amac\u0131yla d\u00fczenledi\u011fi ayl\u0131k il\u00e7e \u015fefleri toplant\u0131lar\u0131na devam ediyor. \u200bManisa B\u00fcy\u00fck\u015fehir Belediyesi\u2019ne ba\u011fl\u0131 Manisa Su ve Kanalizasyon \u0130daresi (MASK\u0130) Genel M\u00fcd\u00fcrl\u00fc\u011f\u00fc, hizmet kalitesini art\u0131rmak ve birimler aras\u0131 koordinasyonu g\u00fc\u00e7lendirmek amac\u0131yla d\u00fczenledi\u011fi ayl\u0131k il\u00e7e \u015fefleri toplant\u0131lar\u0131na devam ediyor.\u00a0 \u200bHaberin Al\u0131nt\u0131land\u0131\u011f\u0131 Kaynak: www.iskenderun.org<\/p>","protected":false},"author":1,"featured_media":0,"comment_status":"open","ping_status":"open","sticky":false,"template":"","format":"standard","meta":{"_acf_changed":false,"footnotes":""},"categories":[24],"tags":[],"class_list":["post-33146","post","type-post","status-publish","format-standard","has-post-thumbnail","hentry","category-gundem"],"acf":[],"yoast_head":"<!-- This site is optimized with the Yoast SEO Premium plugin v26.6 (Yoast SEO v27.1.1) - https:\/\/yoast.com\/product\/yoast-seo-premium-wordpress\/ -->\n<title>MASK\u0130\u2019de hizmet kalitesi ve yurtta\u015f memnuniyeti \u00f6ncelikli hedef - Av. Deniz Can K\u0131z\u0131l<\/title>\n<meta name=\"robots\" content=\"index, follow, max-snippet:-1, max-image-preview:large, max-video-preview:-1\" \/>\n<link rel=\"canonical\" href=\"http:\/\/denizcankizil.tr\/en\/haberler\/gundem\/maskide-hizmet-kalitesi-ve-yurttas-memnuniyeti-oncelikli-hedef\/\" \/>\n<meta property=\"og:locale\" content=\"en_GB\" \/>\n<meta property=\"og:type\" content=\"article\" \/>\n<meta property=\"og:title\" content=\"MASK\u0130\u2019de hizmet kalitesi ve yurtta\u015f memnuniyeti \u00f6ncelikli hedef\" \/>\n<meta property=\"og:description\" content=\"Manisa B\u00fcy\u00fck\u015fehir Belediyesi\u2019ne ba\u011fl\u0131 Manisa Su ve Kanalizasyon \u0130daresi (MASK\u0130) Genel M\u00fcd\u00fcrl\u00fc\u011f\u00fc, hizmet kalitesini art\u0131rmak ve birimler aras\u0131 koordinasyonu g\u00fc\u00e7lendirmek amac\u0131yla d\u00fczenledi\u011fi ayl\u0131k il\u00e7e \u015fefleri toplant\u0131lar\u0131na devam ediyor. \u200bManisa B\u00fcy\u00fck\u015fehir Belediyesi\u2019ne ba\u011fl\u0131 Manisa Su ve Kanalizasyon \u0130daresi (MASK\u0130) Genel M\u00fcd\u00fcrl\u00fc\u011f\u00fc, hizmet kalitesini art\u0131rmak ve birimler aras\u0131 koordinasyonu g\u00fc\u00e7lendirmek amac\u0131yla d\u00fczenledi\u011fi ayl\u0131k il\u00e7e \u015fefleri toplant\u0131lar\u0131na devam ediyor.\u00a0 \u200bHaberin Al\u0131nt\u0131land\u0131\u011f\u0131 Kaynak: www.iskenderun.org\" \/>\n<meta property=\"og:url\" content=\"http:\/\/denizcankizil.tr\/en\/haberler\/gundem\/maskide-hizmet-kalitesi-ve-yurttas-memnuniyeti-oncelikli-hedef\/\" \/>\n<meta property=\"og:site_name\" content=\"Av. Deniz Can K\u0131z\u0131l\" \/>\n<meta property=\"article:published_time\" content=\"2025-02-17T07:42:58+00:00\" \/>\n<meta name=\"author\" content=\"admin\" \/>\n<meta name=\"twitter:card\" content=\"summary_large_image\" \/>\n<meta name=\"twitter:label1\" content=\"Written by\" \/>\n\t<meta name=\"twitter:data1\" content=\"admin\" \/>\n<script type=\"application\/ld+json\" class=\"yoast-schema-graph\">{\"@context\":\"https:\/\/schema.org\",\"@graph\":[{\"@type\":\"Article\",\"@id\":\"http:\/\/denizcankizil.tr\/en\/haberler\/gundem\/maskide-hizmet-kalitesi-ve-yurttas-memnuniyeti-oncelikli-hedef\/#article\",\"isPartOf\":{\"@id\":\"http:\/\/denizcankizil.tr\/en\/haberler\/gundem\/maskide-hizmet-kalitesi-ve-yurttas-memnuniyeti-oncelikli-hedef\/\"},\"author\":{\"name\":\"admin\",\"@id\":\"https:\/\/denizcankizil.tr\/#\/schema\/person\/be3c05fe6a12686905512445d8185489\"},\"headline\":\"MASK\u0130\u2019de hizmet kalitesi ve yurtta\u015f memnuniyeti \u00f6ncelikli hedef\",\"datePublished\":\"2025-02-17T07:42:58+00:00\",\"mainEntityOfPage\":{\"@id\":\"http:\/\/denizcankizil.tr\/en\/haberler\/gundem\/maskide-hizmet-kalitesi-ve-yurttas-memnuniyeti-oncelikli-hedef\/\"},\"wordCount\":105,\"commentCount\":0,\"publisher\":{\"@id\":\"https:\/\/denizcankizil.tr\/#organization\"},\"articleSection\":[\"G\u00fcndem\"],\"inLanguage\":\"en-GB\",\"potentialAction\":[{\"@type\":\"CommentAction\",\"name\":\"Comment\",\"target\":[\"http:\/\/denizcankizil.tr\/en\/haberler\/gundem\/maskide-hizmet-kalitesi-ve-yurttas-memnuniyeti-oncelikli-hedef\/#respond\"]}]},{\"@type\":\"WebPage\",\"@id\":\"http:\/\/denizcankizil.tr\/en\/haberler\/gundem\/maskide-hizmet-kalitesi-ve-yurttas-memnuniyeti-oncelikli-hedef\/\",\"url\":\"http:\/\/denizcankizil.tr\/en\/haberler\/gundem\/maskide-hizmet-kalitesi-ve-yurttas-memnuniyeti-oncelikli-hedef\/\",\"name\":\"MASK\u0130\u2019de hizmet kalitesi ve yurtta\u015f memnuniyeti \u00f6ncelikli hedef - Av. Deniz Can K\u0131z\u0131l\",\"isPartOf\":{\"@id\":\"https:\/\/denizcankizil.tr\/#website\"},\"datePublished\":\"2025-02-17T07:42:58+00:00\",\"breadcrumb\":{\"@id\":\"http:\/\/denizcankizil.tr\/en\/haberler\/gundem\/maskide-hizmet-kalitesi-ve-yurttas-memnuniyeti-oncelikli-hedef\/#breadcrumb\"},\"inLanguage\":\"en-GB\",\"potentialAction\":[{\"@type\":\"ReadAction\",\"target\":[\"http:\/\/denizcankizil.tr\/en\/haberler\/gundem\/maskide-hizmet-kalitesi-ve-yurttas-memnuniyeti-oncelikli-hedef\/\"]}]},{\"@type\":\"BreadcrumbList\",\"@id\":\"http:\/\/denizcankizil.tr\/en\/haberler\/gundem\/maskide-hizmet-kalitesi-ve-yurttas-memnuniyeti-oncelikli-hedef\/#breadcrumb\",\"itemListElement\":[{\"@type\":\"ListItem\",\"position\":1,\"name\":\"Home\",\"item\":\"https:\/\/denizcankizil.tr\/uk\/\"},{\"@type\":\"ListItem\",\"position\":2,\"name\":\"MASK\u0130\u2019de hizmet kalitesi ve yurtta\u015f memnuniyeti \u00f6ncelikli hedef\"}]},{\"@type\":\"WebSite\",\"@id\":\"https:\/\/denizcankizil.tr\/#website\",\"url\":\"https:\/\/denizcankizil.tr\/\",\"name\":\"Av. Deniz Can K\u0131z\u0131l\",\"description\":\"Avukat Deniz Can K\u0131z\u0131l Antalya Barosu\",\"publisher\":{\"@id\":\"https:\/\/denizcankizil.tr\/#organization\"},\"potentialAction\":[{\"@type\":\"SearchAction\",\"target\":{\"@type\":\"EntryPoint\",\"urlTemplate\":\"https:\/\/denizcankizil.tr\/?s={search_term_string}\"},\"query-input\":{\"@type\":\"PropertyValueSpecification\",\"valueRequired\":true,\"valueName\":\"search_term_string\"}}],\"inLanguage\":\"en-GB\"},{\"@type\":\"Organization\",\"@id\":\"https:\/\/denizcankizil.tr\/#organization\",\"name\":\"Av. Deniz Can K\u0131z\u0131l\",\"url\":\"https:\/\/denizcankizil.tr\/\",\"logo\":{\"@type\":\"ImageObject\",\"inLanguage\":\"en-GB\",\"@id\":\"https:\/\/denizcankizil.tr\/#\/schema\/logo\/image\/\",\"url\":\"http:\/\/denizcankizil.tr\/wp-content\/uploads\/2024\/10\/siyah-logo-svg.svg\",\"contentUrl\":\"http:\/\/denizcankizil.tr\/wp-content\/uploads\/2024\/10\/siyah-logo-svg.svg\",\"width\":1080,\"height\":1080,\"caption\":\"Av. Deniz Can K\u0131z\u0131l\"},\"image\":{\"@id\":\"https:\/\/denizcankizil.tr\/#\/schema\/logo\/image\/\"}},{\"@type\":\"Person\",\"@id\":\"https:\/\/denizcankizil.tr\/#\/schema\/person\/be3c05fe6a12686905512445d8185489\",\"name\":\"admin\",\"image\":{\"@type\":\"ImageObject\",\"inLanguage\":\"en-GB\",\"@id\":\"https:\/\/denizcankizil.tr\/#\/schema\/person\/image\/\",\"url\":\"https:\/\/secure.gravatar.com\/avatar\/c1fce94c830dc79107e174f890d7210541c4a63e8e5d816341794a2151c9d58c?s=96&d=mm&r=g\",\"contentUrl\":\"https:\/\/secure.gravatar.com\/avatar\/c1fce94c830dc79107e174f890d7210541c4a63e8e5d816341794a2151c9d58c?s=96&d=mm&r=g\",\"caption\":\"admin\"},\"sameAs\":[\"http:\/\/denizcankizil.tr\"],\"url\":\"https:\/\/www.iskenderun.org\/maskide-hizmet-kalitesi-ve-yurttas-memnuniyeti-oncelikli-hedef\"}]}<\/script>\n<!-- \/ Yoast SEO Premium plugin. -->","yoast_head_json":{"title":"MASK\u0130\u2019de hizmet kalitesi ve yurtta\u015f memnuniyeti \u00f6ncelikli hedef - Av. Deniz Can K\u0131z\u0131l","robots":{"index":"index","follow":"follow","max-snippet":"max-snippet:-1","max-image-preview":"max-image-preview:large","max-video-preview":"max-video-preview:-1"},"canonical":"http:\/\/denizcankizil.tr\/en\/haberler\/gundem\/maskide-hizmet-kalitesi-ve-yurttas-memnuniyeti-oncelikli-hedef\/","og_locale":"en_GB","og_type":"article","og_title":"MASK\u0130\u2019de hizmet kalitesi ve yurtta\u015f memnuniyeti \u00f6ncelikli hedef","og_description":"Manisa B\u00fcy\u00fck\u015fehir Belediyesi\u2019ne ba\u011fl\u0131 Manisa Su ve Kanalizasyon \u0130daresi (MASK\u0130) Genel M\u00fcd\u00fcrl\u00fc\u011f\u00fc, hizmet kalitesini art\u0131rmak ve birimler aras\u0131 koordinasyonu g\u00fc\u00e7lendirmek amac\u0131yla d\u00fczenledi\u011fi ayl\u0131k il\u00e7e \u015fefleri toplant\u0131lar\u0131na devam ediyor. \u200bManisa B\u00fcy\u00fck\u015fehir Belediyesi\u2019ne ba\u011fl\u0131 Manisa Su ve Kanalizasyon \u0130daresi (MASK\u0130) Genel M\u00fcd\u00fcrl\u00fc\u011f\u00fc, hizmet kalitesini art\u0131rmak ve birimler aras\u0131 koordinasyonu g\u00fc\u00e7lendirmek amac\u0131yla d\u00fczenledi\u011fi ayl\u0131k il\u00e7e \u015fefleri toplant\u0131lar\u0131na devam ediyor.\u00a0 \u200bHaberin Al\u0131nt\u0131land\u0131\u011f\u0131 Kaynak: www.iskenderun.org","og_url":"http:\/\/denizcankizil.tr\/en\/haberler\/gundem\/maskide-hizmet-kalitesi-ve-yurttas-memnuniyeti-oncelikli-hedef\/","og_site_name":"Av. Deniz Can K\u0131z\u0131l","article_published_time":"2025-02-17T07:42:58+00:00","author":"admin","twitter_card":"summary_large_image","twitter_misc":{"Written by":"admin"},"schema":{"@context":"https:\/\/schema.org","@graph":[{"@type":"Article","@id":"http:\/\/denizcankizil.tr\/en\/haberler\/gundem\/maskide-hizmet-kalitesi-ve-yurttas-memnuniyeti-oncelikli-hedef\/#article","isPartOf":{"@id":"http:\/\/denizcankizil.tr\/en\/haberler\/gundem\/maskide-hizmet-kalitesi-ve-yurttas-memnuniyeti-oncelikli-hedef\/"},"author":{"name":"admin","@id":"https:\/\/denizcankizil.tr\/#\/schema\/person\/be3c05fe6a12686905512445d8185489"},"headline":"MASK\u0130\u2019de hizmet kalitesi ve yurtta\u015f memnuniyeti \u00f6ncelikli hedef","datePublished":"2025-02-17T07:42:58+00:00","mainEntityOfPage":{"@id":"http:\/\/denizcankizil.tr\/en\/haberler\/gundem\/maskide-hizmet-kalitesi-ve-yurttas-memnuniyeti-oncelikli-hedef\/"},"wordCount":105,"commentCount":0,"publisher":{"@id":"https:\/\/denizcankizil.tr\/#organization"},"articleSection":["G\u00fcndem"],"inLanguage":"en-GB","potentialAction":[{"@type":"CommentAction","name":"Comment","target":["http:\/\/denizcankizil.tr\/en\/haberler\/gundem\/maskide-hizmet-kalitesi-ve-yurttas-memnuniyeti-oncelikli-hedef\/#respond"]}]},{"@type":"WebPage","@id":"http:\/\/denizcankizil.tr\/en\/haberler\/gundem\/maskide-hizmet-kalitesi-ve-yurttas-memnuniyeti-oncelikli-hedef\/","url":"http:\/\/denizcankizil.tr\/en\/haberler\/gundem\/maskide-hizmet-kalitesi-ve-yurttas-memnuniyeti-oncelikli-hedef\/","name":"MASK\u0130\u2019de hizmet kalitesi ve yurtta\u015f memnuniyeti \u00f6ncelikli hedef - Av. Deniz Can K\u0131z\u0131l","isPartOf":{"@id":"https:\/\/denizcankizil.tr\/#website"},"datePublished":"2025-02-17T07:42:58+00:00","breadcrumb":{"@id":"http:\/\/denizcankizil.tr\/en\/haberler\/gundem\/maskide-hizmet-kalitesi-ve-yurttas-memnuniyeti-oncelikli-hedef\/#breadcrumb"},"inLanguage":"en-GB","potentialAction":[{"@type":"ReadAction","target":["http:\/\/denizcankizil.tr\/en\/haberler\/gundem\/maskide-hizmet-kalitesi-ve-yurttas-memnuniyeti-oncelikli-hedef\/"]}]},{"@type":"BreadcrumbList","@id":"http:\/\/denizcankizil.tr\/en\/haberler\/gundem\/maskide-hizmet-kalitesi-ve-yurttas-memnuniyeti-oncelikli-hedef\/#breadcrumb","itemListElement":[{"@type":"ListItem","position":1,"name":"Home","item":"https:\/\/denizcankizil.tr\/uk\/"},{"@type":"ListItem","position":2,"name":"MASK\u0130\u2019de hizmet kalitesi ve yurtta\u015f memnuniyeti \u00f6ncelikli hedef"}]},{"@type":"WebSite","@id":"https:\/\/denizcankizil.tr\/#website","url":"https:\/\/denizcankizil.tr\/","name":"Av. Deniz Can K\u0131z\u0131l","description":"Avukat Deniz Can K\u0131z\u0131l Antalya Barosu","publisher":{"@id":"https:\/\/denizcankizil.tr\/#organization"},"potentialAction":[{"@type":"SearchAction","target":{"@type":"EntryPoint","urlTemplate":"https:\/\/denizcankizil.tr\/?s={search_term_string}"},"query-input":{"@type":"PropertyValueSpecification","valueRequired":true,"valueName":"search_term_string"}}],"inLanguage":"en-GB"},{"@type":"Organization","@id":"https:\/\/denizcankizil.tr\/#organization","name":"Av. Deniz Can K\u0131z\u0131l","url":"https:\/\/denizcankizil.tr\/","logo":{"@type":"ImageObject","inLanguage":"en-GB","@id":"https:\/\/denizcankizil.tr\/#\/schema\/logo\/image\/","url":"http:\/\/denizcankizil.tr\/wp-content\/uploads\/2024\/10\/siyah-logo-svg.svg","contentUrl":"http:\/\/denizcankizil.tr\/wp-content\/uploads\/2024\/10\/siyah-logo-svg.svg","width":1080,"height":1080,"caption":"Av. Deniz Can K\u0131z\u0131l"},"image":{"@id":"https:\/\/denizcankizil.tr\/#\/schema\/logo\/image\/"}},{"@type":"Person","@id":"https:\/\/denizcankizil.tr\/#\/schema\/person\/be3c05fe6a12686905512445d8185489","name":"admin","image":{"@type":"ImageObject","inLanguage":"en-GB","@id":"https:\/\/denizcankizil.tr\/#\/schema\/person\/image\/","url":"https:\/\/secure.gravatar.com\/avatar\/c1fce94c830dc79107e174f890d7210541c4a63e8e5d816341794a2151c9d58c?s=96&d=mm&r=g","contentUrl":"https:\/\/secure.gravatar.com\/avatar\/c1fce94c830dc79107e174f890d7210541c4a63e8e5d816341794a2151c9d58c?s=96&d=mm&r=g","caption":"admin"},"sameAs":["http:\/\/denizcankizil.tr"],"url":"https:\/\/www.iskenderun.org\/maskide-hizmet-kalitesi-ve-yurttas-memnuniyeti-oncelikli-hedef"}]}},"_links":{"self":[{"href":"http:\/\/denizcankizil.tr\/en\/wp-json\/wp\/v2\/posts\/33146","targetHints":{"allow":["GET"]}}],"collection":[{"href":"http:\/\/denizcankizil.tr\/en\/wp-json\/wp\/v2\/posts"}],"about":[{"href":"http:\/\/denizcankizil.tr\/en\/wp-json\/wp\/v2\/types\/post"}],"author":[{"embeddable":true,"href":"http:\/\/denizcankizil.tr\/en\/wp-json\/wp\/v2\/users\/1"}],"replies":[{"embeddable":true,"href":"http:\/\/denizcankizil.tr\/en\/wp-json\/wp\/v2\/comments?post=33146"}],"version-history":[{"count":0,"href":"http:\/\/denizcankizil.tr\/en\/wp-json\/wp\/v2\/posts\/33146\/revisions"}],"wp:attachment":[{"href":"http:\/\/denizcankizil.tr\/en\/wp-json\/wp\/v2\/media?parent=33146"}],"wp:term":[{"taxonomy":"category","embeddable":true,"href":"http:\/\/denizcankizil.tr\/en\/wp-json\/wp\/v2\/categories?post=33146"},{"taxonomy":"post_tag","embeddable":true,"href":"http:\/\/denizcankizil.tr\/en\/wp-json\/wp\/v2\/tags?post=33146"}],"curies":[{"name":"wp","href":"https:\/\/api.w.org\/{rel}","templated":true}]}}