{"id":33142,"date":"2025-02-17T10:42:55","date_gmt":"2025-02-17T07:42:55","guid":{"rendered":"https:\/\/denizcankizil.tr\/uncategorized-tr\/vali-iskenderunda-toki-insaatlarini-inceledi\/"},"modified":"2025-02-17T10:42:55","modified_gmt":"2025-02-17T07:42:55","slug":"vali-iskenderunda-toki-insaatlarini-inceledi","status":"publish","type":"post","link":"http:\/\/denizcankizil.tr\/en\/haberler\/gundem\/vali-iskenderunda-toki-insaatlarini-inceledi\/","title":{"rendered":"Vali, \u0130skenderun\u2019da TOK\u0130 \u0130n\u015faatlar\u0131n\u0131 \u0130nceledi"},"content":{"rendered":"<p>Vali Masatl\u0131 ve beraberindeki heyet, Hatay \u0130li \u0130skenderun \u0130l\u00e7esi Merkez 2. B\u00f6lge, 5. B\u00f6lge, 6. B\u00f6lge 2. Etap, 4. B\u00f6lge 2. Etap ve 3. Etap, 14. B\u00f6lgedeki Konut ve D\u00fckkan \u0130n\u015faatlar\u0131 ile Altyap\u0131 ve \u00c7evre D\u00fczenleme \u0130\u015fleri ile A\u015fkarbeyli Mahallesi Merkez 3. B\u00f6lge ve 12. B\u00f6lgedeki Konut, D\u00fckkan ve Depo \u0130n\u015faat\u0131 \u00e7al\u0131\u015fmalar\u0131n\u0131 gezdi.<\/p>\n<p>Yetkililerden \u00e7al\u0131\u015fmalar\u0131n ilerleyi\u015fi hakk\u0131nda bilgi alan Vali Masatl\u0131, in\u015faatlar\u0131n planlanan takvime uygun \u015fekilde ilerlemesi i\u00e7in gerekli denetimlerin s\u00fcrd\u00fc\u011f\u00fcn\u00fc belirtti.<\/p>\n<p>\u0130l\u00e7ede y\u00fcr\u00fct\u00fclen projelerin b\u00f6lgenin kalk\u0131nmas\u0131na ve vatanda\u015flar\u0131n ya\u015fam standartlar\u0131n\u0131n y\u00fckseltilmesine \u00f6nemli katk\u0131 sa\u011flayaca\u011f\u0131 ifade edildi.<\/p>\n<p>\u200bHatay Valisi Mustafa Masatl\u0131, \u0130skenderun Kaymakam\u0131 Muhammet \u00d6nder, \u00c7evre, \u015eehircilik ve \u0130klim De\u011fi\u015fikli\u011fi \u0130l M\u00fcd\u00fcr\u00fc \u0130smail Ceylan ile birlikte il\u00e7ede yap\u0131m\u0131 s\u00fcren konut, d\u00fckkan ve altyap\u0131 \u00e7al\u0131\u015fmalar\u0131n\u0131 yerinde inceledi.\u00a0<\/p>\n<p>\u200bHaberin Al\u0131nt\u0131land\u0131\u011f\u0131 Kaynak: www.iskenderun.org<\/p>","protected":false},"excerpt":{"rendered":"<p>Vali Masatl\u0131 ve beraberindeki heyet, Hatay \u0130li \u0130skenderun \u0130l\u00e7esi Merkez 2. B\u00f6lge, 5. B\u00f6lge, 6. B\u00f6lge 2. Etap, 4. B\u00f6lge 2. Etap ve 3. Etap, 14. B\u00f6lgedeki Konut ve D\u00fckkan \u0130n\u015faatlar\u0131 ile Altyap\u0131 ve \u00c7evre D\u00fczenleme \u0130\u015fleri ile A\u015fkarbeyli Mahallesi Merkez 3. B\u00f6lge ve 12. B\u00f6lgedeki Konut, D\u00fckkan ve Depo \u0130n\u015faat\u0131 \u00e7al\u0131\u015fmalar\u0131n\u0131 gezdi. Yetkililerden \u00e7al\u0131\u015fmalar\u0131n ilerleyi\u015fi hakk\u0131nda bilgi alan Vali Masatl\u0131, in\u015faatlar\u0131n planlanan takvime uygun \u015fekilde ilerlemesi i\u00e7in gerekli denetimlerin s\u00fcrd\u00fc\u011f\u00fcn\u00fc belirtti. \u0130l\u00e7ede y\u00fcr\u00fct\u00fclen projelerin b\u00f6lgenin kalk\u0131nmas\u0131na ve vatanda\u015flar\u0131n ya\u015fam standartlar\u0131n\u0131n y\u00fckseltilmesine \u00f6nemli katk\u0131 sa\u011flayaca\u011f\u0131 ifade edildi. \u200bHatay Valisi Mustafa Masatl\u0131, \u0130skenderun Kaymakam\u0131 Muhammet \u00d6nder, \u00c7evre, \u015eehircilik ve \u0130klim De\u011fi\u015fikli\u011fi \u0130l M\u00fcd\u00fcr\u00fc \u0130smail Ceylan ile birlikte il\u00e7ede yap\u0131m\u0131 s\u00fcren konut, d\u00fckkan ve altyap\u0131 \u00e7al\u0131\u015fmalar\u0131n\u0131 yerinde inceledi.\u00a0 \u200bHaberin Al\u0131nt\u0131land\u0131\u011f\u0131 Kaynak: www.iskenderun.org<\/p>","protected":false},"author":1,"featured_media":0,"comment_status":"open","ping_status":"open","sticky":false,"template":"","format":"standard","meta":{"_acf_changed":false,"footnotes":""},"categories":[24],"tags":[],"class_list":["post-33142","post","type-post","status-publish","format-standard","has-post-thumbnail","hentry","category-gundem"],"acf":[],"yoast_head":"<!-- This site is optimized with the Yoast SEO Premium plugin v26.6 (Yoast SEO v27.1.1) - https:\/\/yoast.com\/product\/yoast-seo-premium-wordpress\/ -->\n<title>Vali, \u0130skenderun\u2019da TOK\u0130 \u0130n\u015faatlar\u0131n\u0131 \u0130nceledi - Av. Deniz Can K\u0131z\u0131l<\/title>\n<meta name=\"robots\" content=\"index, follow, max-snippet:-1, max-image-preview:large, max-video-preview:-1\" \/>\n<link rel=\"canonical\" href=\"https:\/\/denizcankizil.tr\/en\/haberler\/gundem\/vali-iskenderunda-toki-insaatlarini-inceledi\/\" \/>\n<meta property=\"og:locale\" content=\"en_GB\" \/>\n<meta property=\"og:type\" content=\"article\" \/>\n<meta property=\"og:title\" content=\"Vali, \u0130skenderun\u2019da TOK\u0130 \u0130n\u015faatlar\u0131n\u0131 \u0130nceledi\" \/>\n<meta property=\"og:description\" content=\"Vali Masatl\u0131 ve beraberindeki heyet, Hatay \u0130li \u0130skenderun \u0130l\u00e7esi Merkez 2. B\u00f6lge, 5. B\u00f6lge, 6. B\u00f6lge 2. Etap, 4. B\u00f6lge 2. Etap ve 3. Etap, 14. B\u00f6lgedeki Konut ve D\u00fckkan \u0130n\u015faatlar\u0131 ile Altyap\u0131 ve \u00c7evre D\u00fczenleme \u0130\u015fleri ile A\u015fkarbeyli Mahallesi Merkez 3. B\u00f6lge ve 12. B\u00f6lgedeki Konut, D\u00fckkan ve Depo \u0130n\u015faat\u0131 \u00e7al\u0131\u015fmalar\u0131n\u0131 gezdi. Yetkililerden \u00e7al\u0131\u015fmalar\u0131n ilerleyi\u015fi hakk\u0131nda bilgi alan Vali Masatl\u0131, in\u015faatlar\u0131n planlanan takvime uygun \u015fekilde ilerlemesi i\u00e7in gerekli denetimlerin s\u00fcrd\u00fc\u011f\u00fcn\u00fc belirtti. \u0130l\u00e7ede y\u00fcr\u00fct\u00fclen projelerin b\u00f6lgenin kalk\u0131nmas\u0131na ve vatanda\u015flar\u0131n ya\u015fam standartlar\u0131n\u0131n y\u00fckseltilmesine \u00f6nemli katk\u0131 sa\u011flayaca\u011f\u0131 ifade edildi. \u200bHatay Valisi Mustafa Masatl\u0131, \u0130skenderun Kaymakam\u0131 Muhammet \u00d6nder, \u00c7evre, \u015eehircilik ve \u0130klim De\u011fi\u015fikli\u011fi \u0130l M\u00fcd\u00fcr\u00fc \u0130smail Ceylan ile birlikte il\u00e7ede yap\u0131m\u0131 s\u00fcren konut, d\u00fckkan ve altyap\u0131 \u00e7al\u0131\u015fmalar\u0131n\u0131 yerinde inceledi.\u00a0 \u200bHaberin Al\u0131nt\u0131land\u0131\u011f\u0131 Kaynak: www.iskenderun.org\" \/>\n<meta property=\"og:url\" content=\"https:\/\/denizcankizil.tr\/en\/haberler\/gundem\/vali-iskenderunda-toki-insaatlarini-inceledi\/\" \/>\n<meta property=\"og:site_name\" content=\"Av. Deniz Can K\u0131z\u0131l\" \/>\n<meta property=\"article:published_time\" content=\"2025-02-17T07:42:55+00:00\" \/>\n<meta name=\"author\" content=\"admin\" \/>\n<meta name=\"twitter:card\" content=\"summary_large_image\" \/>\n<meta name=\"twitter:label1\" content=\"Written by\" \/>\n\t<meta name=\"twitter:data1\" content=\"admin\" \/>\n\t<meta name=\"twitter:label2\" content=\"Estimated reading time\" \/>\n\t<meta name=\"twitter:data2\" content=\"1 minute\" \/>\n<script type=\"application\/ld+json\" class=\"yoast-schema-graph\">{\"@context\":\"https:\/\/schema.org\",\"@graph\":[{\"@type\":\"Article\",\"@id\":\"https:\/\/denizcankizil.tr\/ru\/haberler\/gundem\/vali-iskenderunda-toki-insaatlarini-inceledi\/#article\",\"isPartOf\":{\"@id\":\"https:\/\/denizcankizil.tr\/ru\/haberler\/gundem\/vali-iskenderunda-toki-insaatlarini-inceledi\/\"},\"author\":{\"name\":\"admin\",\"@id\":\"https:\/\/denizcankizil.tr\/#\/schema\/person\/be3c05fe6a12686905512445d8185489\"},\"headline\":\"Vali, \u0130skenderun\u2019da TOK\u0130 \u0130n\u015faatlar\u0131n\u0131 \u0130nceledi\",\"datePublished\":\"2025-02-17T07:42:55+00:00\",\"mainEntityOfPage\":{\"@id\":\"https:\/\/denizcankizil.tr\/ru\/haberler\/gundem\/vali-iskenderunda-toki-insaatlarini-inceledi\/\"},\"wordCount\":172,\"commentCount\":0,\"publisher\":{\"@id\":\"https:\/\/denizcankizil.tr\/#organization\"},\"articleSection\":[\"G\u00fcndem\"],\"inLanguage\":\"en-GB\",\"potentialAction\":[{\"@type\":\"CommentAction\",\"name\":\"Comment\",\"target\":[\"https:\/\/denizcankizil.tr\/ru\/haberler\/gundem\/vali-iskenderunda-toki-insaatlarini-inceledi\/#respond\"]}]},{\"@type\":\"WebPage\",\"@id\":\"https:\/\/denizcankizil.tr\/ru\/haberler\/gundem\/vali-iskenderunda-toki-insaatlarini-inceledi\/\",\"url\":\"https:\/\/denizcankizil.tr\/ru\/haberler\/gundem\/vali-iskenderunda-toki-insaatlarini-inceledi\/\",\"name\":\"Vali, \u0130skenderun\u2019da TOK\u0130 \u0130n\u015faatlar\u0131n\u0131 \u0130nceledi - Av. Deniz Can K\u0131z\u0131l\",\"isPartOf\":{\"@id\":\"https:\/\/denizcankizil.tr\/#website\"},\"datePublished\":\"2025-02-17T07:42:55+00:00\",\"breadcrumb\":{\"@id\":\"https:\/\/denizcankizil.tr\/ru\/haberler\/gundem\/vali-iskenderunda-toki-insaatlarini-inceledi\/#breadcrumb\"},\"inLanguage\":\"en-GB\",\"potentialAction\":[{\"@type\":\"ReadAction\",\"target\":[\"https:\/\/denizcankizil.tr\/ru\/haberler\/gundem\/vali-iskenderunda-toki-insaatlarini-inceledi\/\"]}]},{\"@type\":\"BreadcrumbList\",\"@id\":\"https:\/\/denizcankizil.tr\/ru\/haberler\/gundem\/vali-iskenderunda-toki-insaatlarini-inceledi\/#breadcrumb\",\"itemListElement\":[{\"@type\":\"ListItem\",\"position\":1,\"name\":\"Home\",\"item\":\"https:\/\/denizcankizil.tr\/de\/\"},{\"@type\":\"ListItem\",\"position\":2,\"name\":\"Vali, \u0130skenderun\u2019da TOK\u0130 \u0130n\u015faatlar\u0131n\u0131 \u0130nceledi\"}]},{\"@type\":\"WebSite\",\"@id\":\"https:\/\/denizcankizil.tr\/#website\",\"url\":\"https:\/\/denizcankizil.tr\/\",\"name\":\"Av. Deniz Can K\u0131z\u0131l\",\"description\":\"Avukat Deniz Can K\u0131z\u0131l Antalya Barosu\",\"publisher\":{\"@id\":\"https:\/\/denizcankizil.tr\/#organization\"},\"potentialAction\":[{\"@type\":\"SearchAction\",\"target\":{\"@type\":\"EntryPoint\",\"urlTemplate\":\"https:\/\/denizcankizil.tr\/?s={search_term_string}\"},\"query-input\":{\"@type\":\"PropertyValueSpecification\",\"valueRequired\":true,\"valueName\":\"search_term_string\"}}],\"inLanguage\":\"en-GB\"},{\"@type\":\"Organization\",\"@id\":\"https:\/\/denizcankizil.tr\/#organization\",\"name\":\"Av. Deniz Can K\u0131z\u0131l\",\"url\":\"https:\/\/denizcankizil.tr\/\",\"logo\":{\"@type\":\"ImageObject\",\"inLanguage\":\"en-GB\",\"@id\":\"https:\/\/denizcankizil.tr\/#\/schema\/logo\/image\/\",\"url\":\"http:\/\/denizcankizil.tr\/wp-content\/uploads\/2024\/10\/siyah-logo-svg.svg\",\"contentUrl\":\"http:\/\/denizcankizil.tr\/wp-content\/uploads\/2024\/10\/siyah-logo-svg.svg\",\"width\":1080,\"height\":1080,\"caption\":\"Av. Deniz Can K\u0131z\u0131l\"},\"image\":{\"@id\":\"https:\/\/denizcankizil.tr\/#\/schema\/logo\/image\/\"}},{\"@type\":\"Person\",\"@id\":\"https:\/\/denizcankizil.tr\/#\/schema\/person\/be3c05fe6a12686905512445d8185489\",\"name\":\"admin\",\"image\":{\"@type\":\"ImageObject\",\"inLanguage\":\"en-GB\",\"@id\":\"https:\/\/denizcankizil.tr\/#\/schema\/person\/image\/\",\"url\":\"https:\/\/secure.gravatar.com\/avatar\/c1fce94c830dc79107e174f890d7210541c4a63e8e5d816341794a2151c9d58c?s=96&d=mm&r=g\",\"contentUrl\":\"https:\/\/secure.gravatar.com\/avatar\/c1fce94c830dc79107e174f890d7210541c4a63e8e5d816341794a2151c9d58c?s=96&d=mm&r=g\",\"caption\":\"admin\"},\"sameAs\":[\"http:\/\/denizcankizil.tr\"],\"url\":\"https:\/\/www.iskenderun.org\/vali-iskenderunda-toki-insaatlarini-inceledi\"}]}<\/script>\n<!-- \/ Yoast SEO Premium plugin. -->","yoast_head_json":{"title":"Vali, \u0130skenderun\u2019da TOK\u0130 \u0130n\u015faatlar\u0131n\u0131 \u0130nceledi - Av. Deniz Can K\u0131z\u0131l","robots":{"index":"index","follow":"follow","max-snippet":"max-snippet:-1","max-image-preview":"max-image-preview:large","max-video-preview":"max-video-preview:-1"},"canonical":"https:\/\/denizcankizil.tr\/en\/haberler\/gundem\/vali-iskenderunda-toki-insaatlarini-inceledi\/","og_locale":"en_GB","og_type":"article","og_title":"Vali, \u0130skenderun\u2019da TOK\u0130 \u0130n\u015faatlar\u0131n\u0131 \u0130nceledi","og_description":"Vali Masatl\u0131 ve beraberindeki heyet, Hatay \u0130li \u0130skenderun \u0130l\u00e7esi Merkez 2. B\u00f6lge, 5. B\u00f6lge, 6. B\u00f6lge 2. Etap, 4. B\u00f6lge 2. Etap ve 3. Etap, 14. B\u00f6lgedeki Konut ve D\u00fckkan \u0130n\u015faatlar\u0131 ile Altyap\u0131 ve \u00c7evre D\u00fczenleme \u0130\u015fleri ile A\u015fkarbeyli Mahallesi Merkez 3. B\u00f6lge ve 12. B\u00f6lgedeki Konut, D\u00fckkan ve Depo \u0130n\u015faat\u0131 \u00e7al\u0131\u015fmalar\u0131n\u0131 gezdi. Yetkililerden \u00e7al\u0131\u015fmalar\u0131n ilerleyi\u015fi hakk\u0131nda bilgi alan Vali Masatl\u0131, in\u015faatlar\u0131n planlanan takvime uygun \u015fekilde ilerlemesi i\u00e7in gerekli denetimlerin s\u00fcrd\u00fc\u011f\u00fcn\u00fc belirtti. \u0130l\u00e7ede y\u00fcr\u00fct\u00fclen projelerin b\u00f6lgenin kalk\u0131nmas\u0131na ve vatanda\u015flar\u0131n ya\u015fam standartlar\u0131n\u0131n y\u00fckseltilmesine \u00f6nemli katk\u0131 sa\u011flayaca\u011f\u0131 ifade edildi. \u200bHatay Valisi Mustafa Masatl\u0131, \u0130skenderun Kaymakam\u0131 Muhammet \u00d6nder, \u00c7evre, \u015eehircilik ve \u0130klim De\u011fi\u015fikli\u011fi \u0130l M\u00fcd\u00fcr\u00fc \u0130smail Ceylan ile birlikte il\u00e7ede yap\u0131m\u0131 s\u00fcren konut, d\u00fckkan ve altyap\u0131 \u00e7al\u0131\u015fmalar\u0131n\u0131 yerinde inceledi.\u00a0 \u200bHaberin Al\u0131nt\u0131land\u0131\u011f\u0131 Kaynak: www.iskenderun.org","og_url":"https:\/\/denizcankizil.tr\/en\/haberler\/gundem\/vali-iskenderunda-toki-insaatlarini-inceledi\/","og_site_name":"Av. Deniz Can K\u0131z\u0131l","article_published_time":"2025-02-17T07:42:55+00:00","author":"admin","twitter_card":"summary_large_image","twitter_misc":{"Written by":"admin","Estimated reading time":"1 minute"},"schema":{"@context":"https:\/\/schema.org","@graph":[{"@type":"Article","@id":"https:\/\/denizcankizil.tr\/ru\/haberler\/gundem\/vali-iskenderunda-toki-insaatlarini-inceledi\/#article","isPartOf":{"@id":"https:\/\/denizcankizil.tr\/ru\/haberler\/gundem\/vali-iskenderunda-toki-insaatlarini-inceledi\/"},"author":{"name":"admin","@id":"https:\/\/denizcankizil.tr\/#\/schema\/person\/be3c05fe6a12686905512445d8185489"},"headline":"Vali, \u0130skenderun\u2019da TOK\u0130 \u0130n\u015faatlar\u0131n\u0131 \u0130nceledi","datePublished":"2025-02-17T07:42:55+00:00","mainEntityOfPage":{"@id":"https:\/\/denizcankizil.tr\/ru\/haberler\/gundem\/vali-iskenderunda-toki-insaatlarini-inceledi\/"},"wordCount":172,"commentCount":0,"publisher":{"@id":"https:\/\/denizcankizil.tr\/#organization"},"articleSection":["G\u00fcndem"],"inLanguage":"en-GB","potentialAction":[{"@type":"CommentAction","name":"Comment","target":["https:\/\/denizcankizil.tr\/ru\/haberler\/gundem\/vali-iskenderunda-toki-insaatlarini-inceledi\/#respond"]}]},{"@type":"WebPage","@id":"https:\/\/denizcankizil.tr\/ru\/haberler\/gundem\/vali-iskenderunda-toki-insaatlarini-inceledi\/","url":"https:\/\/denizcankizil.tr\/ru\/haberler\/gundem\/vali-iskenderunda-toki-insaatlarini-inceledi\/","name":"Vali, \u0130skenderun\u2019da TOK\u0130 \u0130n\u015faatlar\u0131n\u0131 \u0130nceledi - Av. Deniz Can K\u0131z\u0131l","isPartOf":{"@id":"https:\/\/denizcankizil.tr\/#website"},"datePublished":"2025-02-17T07:42:55+00:00","breadcrumb":{"@id":"https:\/\/denizcankizil.tr\/ru\/haberler\/gundem\/vali-iskenderunda-toki-insaatlarini-inceledi\/#breadcrumb"},"inLanguage":"en-GB","potentialAction":[{"@type":"ReadAction","target":["https:\/\/denizcankizil.tr\/ru\/haberler\/gundem\/vali-iskenderunda-toki-insaatlarini-inceledi\/"]}]},{"@type":"BreadcrumbList","@id":"https:\/\/denizcankizil.tr\/ru\/haberler\/gundem\/vali-iskenderunda-toki-insaatlarini-inceledi\/#breadcrumb","itemListElement":[{"@type":"ListItem","position":1,"name":"Home","item":"https:\/\/denizcankizil.tr\/de\/"},{"@type":"ListItem","position":2,"name":"Vali, \u0130skenderun\u2019da TOK\u0130 \u0130n\u015faatlar\u0131n\u0131 \u0130nceledi"}]},{"@type":"WebSite","@id":"https:\/\/denizcankizil.tr\/#website","url":"https:\/\/denizcankizil.tr\/","name":"Av. Deniz Can K\u0131z\u0131l","description":"Avukat Deniz Can K\u0131z\u0131l Antalya Barosu","publisher":{"@id":"https:\/\/denizcankizil.tr\/#organization"},"potentialAction":[{"@type":"SearchAction","target":{"@type":"EntryPoint","urlTemplate":"https:\/\/denizcankizil.tr\/?s={search_term_string}"},"query-input":{"@type":"PropertyValueSpecification","valueRequired":true,"valueName":"search_term_string"}}],"inLanguage":"en-GB"},{"@type":"Organization","@id":"https:\/\/denizcankizil.tr\/#organization","name":"Av. Deniz Can K\u0131z\u0131l","url":"https:\/\/denizcankizil.tr\/","logo":{"@type":"ImageObject","inLanguage":"en-GB","@id":"https:\/\/denizcankizil.tr\/#\/schema\/logo\/image\/","url":"http:\/\/denizcankizil.tr\/wp-content\/uploads\/2024\/10\/siyah-logo-svg.svg","contentUrl":"http:\/\/denizcankizil.tr\/wp-content\/uploads\/2024\/10\/siyah-logo-svg.svg","width":1080,"height":1080,"caption":"Av. Deniz Can K\u0131z\u0131l"},"image":{"@id":"https:\/\/denizcankizil.tr\/#\/schema\/logo\/image\/"}},{"@type":"Person","@id":"https:\/\/denizcankizil.tr\/#\/schema\/person\/be3c05fe6a12686905512445d8185489","name":"admin","image":{"@type":"ImageObject","inLanguage":"en-GB","@id":"https:\/\/denizcankizil.tr\/#\/schema\/person\/image\/","url":"https:\/\/secure.gravatar.com\/avatar\/c1fce94c830dc79107e174f890d7210541c4a63e8e5d816341794a2151c9d58c?s=96&d=mm&r=g","contentUrl":"https:\/\/secure.gravatar.com\/avatar\/c1fce94c830dc79107e174f890d7210541c4a63e8e5d816341794a2151c9d58c?s=96&d=mm&r=g","caption":"admin"},"sameAs":["http:\/\/denizcankizil.tr"],"url":"https:\/\/www.iskenderun.org\/vali-iskenderunda-toki-insaatlarini-inceledi"}]}},"_links":{"self":[{"href":"http:\/\/denizcankizil.tr\/en\/wp-json\/wp\/v2\/posts\/33142","targetHints":{"allow":["GET"]}}],"collection":[{"href":"http:\/\/denizcankizil.tr\/en\/wp-json\/wp\/v2\/posts"}],"about":[{"href":"http:\/\/denizcankizil.tr\/en\/wp-json\/wp\/v2\/types\/post"}],"author":[{"embeddable":true,"href":"http:\/\/denizcankizil.tr\/en\/wp-json\/wp\/v2\/users\/1"}],"replies":[{"embeddable":true,"href":"http:\/\/denizcankizil.tr\/en\/wp-json\/wp\/v2\/comments?post=33142"}],"version-history":[{"count":0,"href":"http:\/\/denizcankizil.tr\/en\/wp-json\/wp\/v2\/posts\/33142\/revisions"}],"wp:attachment":[{"href":"http:\/\/denizcankizil.tr\/en\/wp-json\/wp\/v2\/media?parent=33142"}],"wp:term":[{"taxonomy":"category","embeddable":true,"href":"http:\/\/denizcankizil.tr\/en\/wp-json\/wp\/v2\/categories?post=33142"},{"taxonomy":"post_tag","embeddable":true,"href":"http:\/\/denizcankizil.tr\/en\/wp-json\/wp\/v2\/tags?post=33142"}],"curies":[{"name":"wp","href":"https:\/\/api.w.org\/{rel}","templated":true}]}}