{"id":30760,"date":"2025-02-06T17:41:53","date_gmt":"2025-02-06T14:41:53","guid":{"rendered":"https:\/\/denizcankizil.tr\/uncategorized-tr\/depremde-yitirilenler-mezarlari-basinda-anildi\/"},"modified":"2025-02-06T17:41:53","modified_gmt":"2025-02-06T14:41:53","slug":"depremde-yitirilenler-mezarlari-basinda-anildi","status":"publish","type":"post","link":"http:\/\/denizcankizil.tr\/en\/haberler\/gundem\/depremde-yitirilenler-mezarlari-basinda-anildi\/","title":{"rendered":"Depremde yitirilenler mezarlar\u0131 ba\u015f\u0131nda an\u0131ld\u0131"},"content":{"rendered":"<p>Hatay\u2019\u0131n \u0130skenderun il\u00e7esindeki \u00c7ankaya Asri Mezarl\u0131\u011f\u0131, 6 \u015eubat 2023\u2019te meydana gelen depremlerde hayat\u0131n\u0131 kaybedenleri anmak i\u00e7in ikinci y\u0131l d\u00f6n\u00fcm\u00fcnde h\u00fcz\u00fcn dolu anlara sahne oldu. Y\u00fczy\u0131l\u0131n felaketinin y\u0131ld\u00f6n\u00fcm\u00fcnde sabah saatlerinden itibaren yak\u0131nlar\u0131n\u0131 yitiren vatanda\u015flar \u00c7ankaya Mezarl\u0131\u011f\u0131nda bulu\u015ftu.<\/p>\n<p>Felaketin \u00fczerinden iki y\u0131l ge\u00e7mesine ra\u011fmen ayn\u0131 tazeli\u011fini koruyan depremzedelerin ac\u0131lar\u0131 payla\u015fmak \u00fczere \u0130skenderun Kaymakam\u0131 Muhammet \u00d6nder, Belediye Ba\u015fkan\u0131 Mehmet D\u00f6nmez ile protokol\u00fcn di\u011fer \u00fcyeleri de \u00c7ankaya Mezarl\u0131\u011f\u0131ndayd\u0131. Protokol \u00fcyeleri, yak\u0131nlar\u0131n\u0131n mezarlar\u0131n\u0131 ziyaret eden depremzedelere taziyelerini iletti, kabirlere de karanfiller b\u0131rakt\u0131.<\/p>\n<p>\u200bHatay\u2019\u0131n \u0130skenderun il\u00e7esi \u00c7ankaya Asri Mezarl\u0131\u011f\u0131, Y\u00fczy\u0131l\u0131n felaketi 6 \u015eubat depreminin ikinci y\u0131ld\u00f6n\u00fcm\u00fcnde, hayat\u0131n\u0131 kaybedenlerin yak\u0131nlar\u0131yla doldu. Yap\u0131lan anma program\u0131nda protokol ve vatanda\u015flar dua etti.\u00a0<\/p>\n<p>\u200bHaberin Al\u0131nt\u0131land\u0131\u011f\u0131 Kaynak: www.iskenderun.org<\/p>","protected":false},"excerpt":{"rendered":"<p>Hatay\u2019\u0131n \u0130skenderun il\u00e7esindeki \u00c7ankaya Asri Mezarl\u0131\u011f\u0131, 6 \u015eubat 2023\u2019te meydana gelen depremlerde hayat\u0131n\u0131 kaybedenleri anmak i\u00e7in ikinci y\u0131l d\u00f6n\u00fcm\u00fcnde h\u00fcz\u00fcn dolu anlara sahne oldu. Y\u00fczy\u0131l\u0131n felaketinin y\u0131ld\u00f6n\u00fcm\u00fcnde sabah saatlerinden itibaren yak\u0131nlar\u0131n\u0131 yitiren vatanda\u015flar \u00c7ankaya Mezarl\u0131\u011f\u0131nda bulu\u015ftu. Felaketin \u00fczerinden iki y\u0131l ge\u00e7mesine ra\u011fmen ayn\u0131 tazeli\u011fini koruyan depremzedelerin ac\u0131lar\u0131 payla\u015fmak \u00fczere \u0130skenderun Kaymakam\u0131 Muhammet \u00d6nder, Belediye Ba\u015fkan\u0131 Mehmet D\u00f6nmez ile protokol\u00fcn di\u011fer \u00fcyeleri de \u00c7ankaya Mezarl\u0131\u011f\u0131ndayd\u0131. Protokol \u00fcyeleri, yak\u0131nlar\u0131n\u0131n mezarlar\u0131n\u0131 ziyaret eden depremzedelere taziyelerini iletti, kabirlere de karanfiller b\u0131rakt\u0131. \u200bHatay\u2019\u0131n \u0130skenderun il\u00e7esi \u00c7ankaya Asri Mezarl\u0131\u011f\u0131, Y\u00fczy\u0131l\u0131n felaketi 6 \u015eubat depreminin ikinci y\u0131ld\u00f6n\u00fcm\u00fcnde, hayat\u0131n\u0131 kaybedenlerin yak\u0131nlar\u0131yla doldu. Yap\u0131lan anma program\u0131nda protokol ve vatanda\u015flar dua etti.\u00a0 \u200bHaberin Al\u0131nt\u0131land\u0131\u011f\u0131 Kaynak: www.iskenderun.org<\/p>","protected":false},"author":1,"featured_media":0,"comment_status":"open","ping_status":"open","sticky":false,"template":"","format":"standard","meta":{"_acf_changed":false,"footnotes":""},"categories":[24],"tags":[],"class_list":["post-30760","post","type-post","status-publish","format-standard","has-post-thumbnail","hentry","category-gundem"],"acf":[],"yoast_head":"<!-- This site is optimized with the Yoast SEO Premium plugin v26.6 (Yoast SEO v27.1.1) - https:\/\/yoast.com\/product\/yoast-seo-premium-wordpress\/ -->\n<title>Depremde yitirilenler mezarlar\u0131 ba\u015f\u0131nda an\u0131ld\u0131 - Av. Deniz Can K\u0131z\u0131l<\/title>\n<meta name=\"robots\" content=\"index, follow, max-snippet:-1, max-image-preview:large, max-video-preview:-1\" \/>\n<link rel=\"canonical\" href=\"http:\/\/denizcankizil.tr\/en\/haberler\/gundem\/depremde-yitirilenler-mezarlari-basinda-anildi\/\" \/>\n<meta property=\"og:locale\" content=\"en_GB\" \/>\n<meta property=\"og:type\" content=\"article\" \/>\n<meta property=\"og:title\" content=\"Depremde yitirilenler mezarlar\u0131 ba\u015f\u0131nda an\u0131ld\u0131\" \/>\n<meta property=\"og:description\" content=\"Hatay\u2019\u0131n \u0130skenderun il\u00e7esindeki \u00c7ankaya Asri Mezarl\u0131\u011f\u0131, 6 \u015eubat 2023\u2019te meydana gelen depremlerde hayat\u0131n\u0131 kaybedenleri anmak i\u00e7in ikinci y\u0131l d\u00f6n\u00fcm\u00fcnde h\u00fcz\u00fcn dolu anlara sahne oldu. Y\u00fczy\u0131l\u0131n felaketinin y\u0131ld\u00f6n\u00fcm\u00fcnde sabah saatlerinden itibaren yak\u0131nlar\u0131n\u0131 yitiren vatanda\u015flar \u00c7ankaya Mezarl\u0131\u011f\u0131nda bulu\u015ftu. Felaketin \u00fczerinden iki y\u0131l ge\u00e7mesine ra\u011fmen ayn\u0131 tazeli\u011fini koruyan depremzedelerin ac\u0131lar\u0131 payla\u015fmak \u00fczere \u0130skenderun Kaymakam\u0131 Muhammet \u00d6nder, Belediye Ba\u015fkan\u0131 Mehmet D\u00f6nmez ile protokol\u00fcn di\u011fer \u00fcyeleri de \u00c7ankaya Mezarl\u0131\u011f\u0131ndayd\u0131. Protokol \u00fcyeleri, yak\u0131nlar\u0131n\u0131n mezarlar\u0131n\u0131 ziyaret eden depremzedelere taziyelerini iletti, kabirlere de karanfiller b\u0131rakt\u0131. \u200bHatay\u2019\u0131n \u0130skenderun il\u00e7esi \u00c7ankaya Asri Mezarl\u0131\u011f\u0131, Y\u00fczy\u0131l\u0131n felaketi 6 \u015eubat depreminin ikinci y\u0131ld\u00f6n\u00fcm\u00fcnde, hayat\u0131n\u0131 kaybedenlerin yak\u0131nlar\u0131yla doldu. Yap\u0131lan anma program\u0131nda protokol ve vatanda\u015flar dua etti.\u00a0 \u200bHaberin Al\u0131nt\u0131land\u0131\u011f\u0131 Kaynak: www.iskenderun.org\" \/>\n<meta property=\"og:url\" content=\"http:\/\/denizcankizil.tr\/en\/haberler\/gundem\/depremde-yitirilenler-mezarlari-basinda-anildi\/\" \/>\n<meta property=\"og:site_name\" content=\"Av. Deniz Can K\u0131z\u0131l\" \/>\n<meta property=\"article:published_time\" content=\"2025-02-06T14:41:53+00:00\" \/>\n<meta name=\"author\" content=\"admin\" \/>\n<meta name=\"twitter:card\" content=\"summary_large_image\" \/>\n<meta name=\"twitter:label1\" content=\"Written by\" \/>\n\t<meta name=\"twitter:data1\" content=\"admin\" \/>\n\t<meta name=\"twitter:label2\" content=\"Estimated reading time\" \/>\n\t<meta name=\"twitter:data2\" content=\"1 minute\" \/>\n<script type=\"application\/ld+json\" class=\"yoast-schema-graph\">{\"@context\":\"https:\/\/schema.org\",\"@graph\":[{\"@type\":\"Article\",\"@id\":\"http:\/\/denizcankizil.tr\/en\/haberler\/gundem\/depremde-yitirilenler-mezarlari-basinda-anildi\/#article\",\"isPartOf\":{\"@id\":\"http:\/\/denizcankizil.tr\/en\/haberler\/gundem\/depremde-yitirilenler-mezarlari-basinda-anildi\/\"},\"author\":{\"name\":\"admin\",\"@id\":\"https:\/\/denizcankizil.tr\/de\/#\/schema\/person\/be3c05fe6a12686905512445d8185489\"},\"headline\":\"Depremde yitirilenler mezarlar\u0131 ba\u015f\u0131nda an\u0131ld\u0131\",\"datePublished\":\"2025-02-06T14:41:53+00:00\",\"mainEntityOfPage\":{\"@id\":\"http:\/\/denizcankizil.tr\/en\/haberler\/gundem\/depremde-yitirilenler-mezarlari-basinda-anildi\/\"},\"wordCount\":168,\"commentCount\":0,\"publisher\":{\"@id\":\"https:\/\/denizcankizil.tr\/de\/#organization\"},\"articleSection\":[\"G\u00fcndem\"],\"inLanguage\":\"en-GB\",\"potentialAction\":[{\"@type\":\"CommentAction\",\"name\":\"Comment\",\"target\":[\"http:\/\/denizcankizil.tr\/en\/haberler\/gundem\/depremde-yitirilenler-mezarlari-basinda-anildi\/#respond\"]}]},{\"@type\":\"WebPage\",\"@id\":\"http:\/\/denizcankizil.tr\/en\/haberler\/gundem\/depremde-yitirilenler-mezarlari-basinda-anildi\/\",\"url\":\"http:\/\/denizcankizil.tr\/en\/haberler\/gundem\/depremde-yitirilenler-mezarlari-basinda-anildi\/\",\"name\":\"Depremde yitirilenler mezarlar\u0131 ba\u015f\u0131nda an\u0131ld\u0131 - Av. Deniz Can K\u0131z\u0131l\",\"isPartOf\":{\"@id\":\"https:\/\/denizcankizil.tr\/de\/#website\"},\"datePublished\":\"2025-02-06T14:41:53+00:00\",\"breadcrumb\":{\"@id\":\"http:\/\/denizcankizil.tr\/en\/haberler\/gundem\/depremde-yitirilenler-mezarlari-basinda-anildi\/#breadcrumb\"},\"inLanguage\":\"en-GB\",\"potentialAction\":[{\"@type\":\"ReadAction\",\"target\":[\"http:\/\/denizcankizil.tr\/en\/haberler\/gundem\/depremde-yitirilenler-mezarlari-basinda-anildi\/\"]}]},{\"@type\":\"BreadcrumbList\",\"@id\":\"http:\/\/denizcankizil.tr\/en\/haberler\/gundem\/depremde-yitirilenler-mezarlari-basinda-anildi\/#breadcrumb\",\"itemListElement\":[{\"@type\":\"ListItem\",\"position\":1,\"name\":\"Home\",\"item\":\"https:\/\/denizcankizil.tr\/de\/\"},{\"@type\":\"ListItem\",\"position\":2,\"name\":\"Depremde yitirilenler mezarlar\u0131 ba\u015f\u0131nda an\u0131ld\u0131\"}]},{\"@type\":\"WebSite\",\"@id\":\"https:\/\/denizcankizil.tr\/de\/#website\",\"url\":\"https:\/\/denizcankizil.tr\/de\/\",\"name\":\"Av. Deniz Can K\u0131z\u0131l\",\"description\":\"Avukat Deniz Can K\u0131z\u0131l Antalya Barosu\",\"publisher\":{\"@id\":\"https:\/\/denizcankizil.tr\/de\/#organization\"},\"potentialAction\":[{\"@type\":\"SearchAction\",\"target\":{\"@type\":\"EntryPoint\",\"urlTemplate\":\"https:\/\/denizcankizil.tr\/de\/?s={search_term_string}\"},\"query-input\":{\"@type\":\"PropertyValueSpecification\",\"valueRequired\":true,\"valueName\":\"search_term_string\"}}],\"inLanguage\":\"en-GB\"},{\"@type\":\"Organization\",\"@id\":\"https:\/\/denizcankizil.tr\/de\/#organization\",\"name\":\"Av. Deniz Can K\u0131z\u0131l\",\"url\":\"https:\/\/denizcankizil.tr\/de\/\",\"logo\":{\"@type\":\"ImageObject\",\"inLanguage\":\"en-GB\",\"@id\":\"https:\/\/denizcankizil.tr\/de\/#\/schema\/logo\/image\/\",\"url\":\"http:\/\/denizcankizil.tr\/wp-content\/uploads\/2024\/10\/siyah-logo-svg.svg\",\"contentUrl\":\"http:\/\/denizcankizil.tr\/wp-content\/uploads\/2024\/10\/siyah-logo-svg.svg\",\"width\":1080,\"height\":1080,\"caption\":\"Av. Deniz Can K\u0131z\u0131l\"},\"image\":{\"@id\":\"https:\/\/denizcankizil.tr\/de\/#\/schema\/logo\/image\/\"}},{\"@type\":\"Person\",\"@id\":\"https:\/\/denizcankizil.tr\/de\/#\/schema\/person\/be3c05fe6a12686905512445d8185489\",\"name\":\"admin\",\"image\":{\"@type\":\"ImageObject\",\"inLanguage\":\"en-GB\",\"@id\":\"https:\/\/denizcankizil.tr\/de\/#\/schema\/person\/image\/\",\"url\":\"https:\/\/secure.gravatar.com\/avatar\/c1fce94c830dc79107e174f890d7210541c4a63e8e5d816341794a2151c9d58c?s=96&d=mm&r=g\",\"contentUrl\":\"https:\/\/secure.gravatar.com\/avatar\/c1fce94c830dc79107e174f890d7210541c4a63e8e5d816341794a2151c9d58c?s=96&d=mm&r=g\",\"caption\":\"admin\"},\"sameAs\":[\"http:\/\/denizcankizil.tr\"],\"url\":\"https:\/\/www.iskenderun.org\/depremde-yitirilenler-mezarlari-basinda-anildi\"}]}<\/script>\n<!-- \/ Yoast SEO Premium plugin. -->","yoast_head_json":{"title":"Depremde yitirilenler mezarlar\u0131 ba\u015f\u0131nda an\u0131ld\u0131 - Av. Deniz Can K\u0131z\u0131l","robots":{"index":"index","follow":"follow","max-snippet":"max-snippet:-1","max-image-preview":"max-image-preview:large","max-video-preview":"max-video-preview:-1"},"canonical":"http:\/\/denizcankizil.tr\/en\/haberler\/gundem\/depremde-yitirilenler-mezarlari-basinda-anildi\/","og_locale":"en_GB","og_type":"article","og_title":"Depremde yitirilenler mezarlar\u0131 ba\u015f\u0131nda an\u0131ld\u0131","og_description":"Hatay\u2019\u0131n \u0130skenderun il\u00e7esindeki \u00c7ankaya Asri Mezarl\u0131\u011f\u0131, 6 \u015eubat 2023\u2019te meydana gelen depremlerde hayat\u0131n\u0131 kaybedenleri anmak i\u00e7in ikinci y\u0131l d\u00f6n\u00fcm\u00fcnde h\u00fcz\u00fcn dolu anlara sahne oldu. Y\u00fczy\u0131l\u0131n felaketinin y\u0131ld\u00f6n\u00fcm\u00fcnde sabah saatlerinden itibaren yak\u0131nlar\u0131n\u0131 yitiren vatanda\u015flar \u00c7ankaya Mezarl\u0131\u011f\u0131nda bulu\u015ftu. Felaketin \u00fczerinden iki y\u0131l ge\u00e7mesine ra\u011fmen ayn\u0131 tazeli\u011fini koruyan depremzedelerin ac\u0131lar\u0131 payla\u015fmak \u00fczere \u0130skenderun Kaymakam\u0131 Muhammet \u00d6nder, Belediye Ba\u015fkan\u0131 Mehmet D\u00f6nmez ile protokol\u00fcn di\u011fer \u00fcyeleri de \u00c7ankaya Mezarl\u0131\u011f\u0131ndayd\u0131. Protokol \u00fcyeleri, yak\u0131nlar\u0131n\u0131n mezarlar\u0131n\u0131 ziyaret eden depremzedelere taziyelerini iletti, kabirlere de karanfiller b\u0131rakt\u0131. \u200bHatay\u2019\u0131n \u0130skenderun il\u00e7esi \u00c7ankaya Asri Mezarl\u0131\u011f\u0131, Y\u00fczy\u0131l\u0131n felaketi 6 \u015eubat depreminin ikinci y\u0131ld\u00f6n\u00fcm\u00fcnde, hayat\u0131n\u0131 kaybedenlerin yak\u0131nlar\u0131yla doldu. Yap\u0131lan anma program\u0131nda protokol ve vatanda\u015flar dua etti.\u00a0 \u200bHaberin Al\u0131nt\u0131land\u0131\u011f\u0131 Kaynak: www.iskenderun.org","og_url":"http:\/\/denizcankizil.tr\/en\/haberler\/gundem\/depremde-yitirilenler-mezarlari-basinda-anildi\/","og_site_name":"Av. Deniz Can K\u0131z\u0131l","article_published_time":"2025-02-06T14:41:53+00:00","author":"admin","twitter_card":"summary_large_image","twitter_misc":{"Written by":"admin","Estimated reading time":"1 minute"},"schema":{"@context":"https:\/\/schema.org","@graph":[{"@type":"Article","@id":"http:\/\/denizcankizil.tr\/en\/haberler\/gundem\/depremde-yitirilenler-mezarlari-basinda-anildi\/#article","isPartOf":{"@id":"http:\/\/denizcankizil.tr\/en\/haberler\/gundem\/depremde-yitirilenler-mezarlari-basinda-anildi\/"},"author":{"name":"admin","@id":"https:\/\/denizcankizil.tr\/de\/#\/schema\/person\/be3c05fe6a12686905512445d8185489"},"headline":"Depremde yitirilenler mezarlar\u0131 ba\u015f\u0131nda an\u0131ld\u0131","datePublished":"2025-02-06T14:41:53+00:00","mainEntityOfPage":{"@id":"http:\/\/denizcankizil.tr\/en\/haberler\/gundem\/depremde-yitirilenler-mezarlari-basinda-anildi\/"},"wordCount":168,"commentCount":0,"publisher":{"@id":"https:\/\/denizcankizil.tr\/de\/#organization"},"articleSection":["G\u00fcndem"],"inLanguage":"en-GB","potentialAction":[{"@type":"CommentAction","name":"Comment","target":["http:\/\/denizcankizil.tr\/en\/haberler\/gundem\/depremde-yitirilenler-mezarlari-basinda-anildi\/#respond"]}]},{"@type":"WebPage","@id":"http:\/\/denizcankizil.tr\/en\/haberler\/gundem\/depremde-yitirilenler-mezarlari-basinda-anildi\/","url":"http:\/\/denizcankizil.tr\/en\/haberler\/gundem\/depremde-yitirilenler-mezarlari-basinda-anildi\/","name":"Depremde yitirilenler mezarlar\u0131 ba\u015f\u0131nda an\u0131ld\u0131 - Av. Deniz Can K\u0131z\u0131l","isPartOf":{"@id":"https:\/\/denizcankizil.tr\/de\/#website"},"datePublished":"2025-02-06T14:41:53+00:00","breadcrumb":{"@id":"http:\/\/denizcankizil.tr\/en\/haberler\/gundem\/depremde-yitirilenler-mezarlari-basinda-anildi\/#breadcrumb"},"inLanguage":"en-GB","potentialAction":[{"@type":"ReadAction","target":["http:\/\/denizcankizil.tr\/en\/haberler\/gundem\/depremde-yitirilenler-mezarlari-basinda-anildi\/"]}]},{"@type":"BreadcrumbList","@id":"http:\/\/denizcankizil.tr\/en\/haberler\/gundem\/depremde-yitirilenler-mezarlari-basinda-anildi\/#breadcrumb","itemListElement":[{"@type":"ListItem","position":1,"name":"Home","item":"https:\/\/denizcankizil.tr\/de\/"},{"@type":"ListItem","position":2,"name":"Depremde yitirilenler mezarlar\u0131 ba\u015f\u0131nda an\u0131ld\u0131"}]},{"@type":"WebSite","@id":"https:\/\/denizcankizil.tr\/de\/#website","url":"https:\/\/denizcankizil.tr\/de\/","name":"Av. Deniz Can K\u0131z\u0131l","description":"Avukat Deniz Can K\u0131z\u0131l Antalya Barosu","publisher":{"@id":"https:\/\/denizcankizil.tr\/de\/#organization"},"potentialAction":[{"@type":"SearchAction","target":{"@type":"EntryPoint","urlTemplate":"https:\/\/denizcankizil.tr\/de\/?s={search_term_string}"},"query-input":{"@type":"PropertyValueSpecification","valueRequired":true,"valueName":"search_term_string"}}],"inLanguage":"en-GB"},{"@type":"Organization","@id":"https:\/\/denizcankizil.tr\/de\/#organization","name":"Av. Deniz Can K\u0131z\u0131l","url":"https:\/\/denizcankizil.tr\/de\/","logo":{"@type":"ImageObject","inLanguage":"en-GB","@id":"https:\/\/denizcankizil.tr\/de\/#\/schema\/logo\/image\/","url":"http:\/\/denizcankizil.tr\/wp-content\/uploads\/2024\/10\/siyah-logo-svg.svg","contentUrl":"http:\/\/denizcankizil.tr\/wp-content\/uploads\/2024\/10\/siyah-logo-svg.svg","width":1080,"height":1080,"caption":"Av. Deniz Can K\u0131z\u0131l"},"image":{"@id":"https:\/\/denizcankizil.tr\/de\/#\/schema\/logo\/image\/"}},{"@type":"Person","@id":"https:\/\/denizcankizil.tr\/de\/#\/schema\/person\/be3c05fe6a12686905512445d8185489","name":"admin","image":{"@type":"ImageObject","inLanguage":"en-GB","@id":"https:\/\/denizcankizil.tr\/de\/#\/schema\/person\/image\/","url":"https:\/\/secure.gravatar.com\/avatar\/c1fce94c830dc79107e174f890d7210541c4a63e8e5d816341794a2151c9d58c?s=96&d=mm&r=g","contentUrl":"https:\/\/secure.gravatar.com\/avatar\/c1fce94c830dc79107e174f890d7210541c4a63e8e5d816341794a2151c9d58c?s=96&d=mm&r=g","caption":"admin"},"sameAs":["http:\/\/denizcankizil.tr"],"url":"https:\/\/www.iskenderun.org\/depremde-yitirilenler-mezarlari-basinda-anildi"}]}},"_links":{"self":[{"href":"http:\/\/denizcankizil.tr\/en\/wp-json\/wp\/v2\/posts\/30760","targetHints":{"allow":["GET"]}}],"collection":[{"href":"http:\/\/denizcankizil.tr\/en\/wp-json\/wp\/v2\/posts"}],"about":[{"href":"http:\/\/denizcankizil.tr\/en\/wp-json\/wp\/v2\/types\/post"}],"author":[{"embeddable":true,"href":"http:\/\/denizcankizil.tr\/en\/wp-json\/wp\/v2\/users\/1"}],"replies":[{"embeddable":true,"href":"http:\/\/denizcankizil.tr\/en\/wp-json\/wp\/v2\/comments?post=30760"}],"version-history":[{"count":0,"href":"http:\/\/denizcankizil.tr\/en\/wp-json\/wp\/v2\/posts\/30760\/revisions"}],"wp:attachment":[{"href":"http:\/\/denizcankizil.tr\/en\/wp-json\/wp\/v2\/media?parent=30760"}],"wp:term":[{"taxonomy":"category","embeddable":true,"href":"http:\/\/denizcankizil.tr\/en\/wp-json\/wp\/v2\/categories?post=30760"},{"taxonomy":"post_tag","embeddable":true,"href":"http:\/\/denizcankizil.tr\/en\/wp-json\/wp\/v2\/tags?post=30760"}],"curies":[{"name":"wp","href":"https:\/\/api.w.org\/{rel}","templated":true}]}}