{"id":30336,"date":"2025-02-05T12:41:49","date_gmt":"2025-02-05T09:41:49","guid":{"rendered":"https:\/\/denizcankizil.tr\/uncategorized-tr\/eski-esini-yakarak-olduren-kocaya-agirlastirilmis-muebbet-talebi\/"},"modified":"2025-02-05T12:41:49","modified_gmt":"2025-02-05T09:41:49","slug":"eski-esini-yakarak-olduren-kocaya-agirlastirilmis-muebbet-talebi","status":"publish","type":"post","link":"http:\/\/denizcankizil.tr\/en\/haberler\/antalya\/eski-esini-yakarak-olduren-kocaya-agirlastirilmis-muebbet-talebi\/","title":{"rendered":"Eski e\u015fini yakarak \u00f6ld\u00fcren kocaya a\u011f\u0131rla\u015ft\u0131r\u0131lm\u0131\u015f m\u00fcebbet talebi"},"content":{"rendered":"<p>Muratpa\u015fa il\u00e7esinde eski e\u015fi G\u00fcrhan \u00dczer taraf\u0131ndan \u00fczerine benzin d\u00f6k\u00fclerek yak\u0131lan 36 ya\u015f\u0131ndaki P\u0131nar Zorlu\u2019nun ac\u0131 kayb\u0131na ili\u015fkin iddianame tamamland\u0131. Savc\u0131l\u0131k, G\u00fcrhan \u00dczer\u2019in en \u00fcst s\u0131n\u0131rdan cezaland\u0131r\u0131lmas\u0131n\u0131 talep etti.<\/p>\n<p>8 Aral\u0131k\u2019ta uzakla\u015ft\u0131rma talep etti, ancak sadece uyar\u0131 karar\u0131 verildi<br \/>\nP\u0131nar Zorlu, eski e\u015fi G\u00fcrhan \u00dczer taraf\u0131ndan sistematik \u015fekilde takip edildi\u011fi, rahats\u0131z edildi\u011fi ve tehdit edildi\u011fi gerek\u00e7esiyle 8 Aral\u0131k 2024\u2019te 30 g\u00fcn s\u00fcreyle Uzakla\u015ft\u0131rma Tedbir Karar\u0131 talep ederek, yetkili makamlara ba\u015fvurdu. Ba\u015fvurusunda, eski e\u015finin kendisini s\u00fcrekli takip etti\u011fini, telefonla arad\u0131\u011f\u0131n\u0131, mesajlar att\u0131\u011f\u0131n\u0131 ve fiziki olarak rahats\u0131z etti\u011fini belirtti. Ayr\u0131ca, ge\u00e7mi\u015fte fiziksel \u015fiddete maruz kald\u0131\u011f\u0131n\u0131 ve tekrar zarar g\u00f6rmesinden endi\u015fe duydu\u011funu dile getirdi. Ancak yap\u0131lan de\u011ferlendirme sonucunda G\u00fcrhan \u00dczer hakk\u0131nda uzakla\u015ft\u0131rma karar\u0131 verilmedi, yaln\u0131zca uyar\u0131 karar\u0131 \u00e7\u0131kar\u0131ld\u0131.<br \/>\nSavc\u0131l\u0131k taraf\u0131ndan haz\u0131rlanan iddianamede, bu karar\u0131n ard\u0131ndan \u015f\u00fcphelinin daha da kinlendi\u011fi ve Zorlu\u2019ya zarar verme planlar\u0131 yapmaya ba\u015flad\u0131\u011f\u0131 belirtildi. \u0130ddianameye g\u00f6re G\u00fcrhan \u00dczer, olaydan \u00f6nceki g\u00fcnlerde sald\u0131r\u0131y\u0131 planlad\u0131. 31 Aral\u0131k sabah\u0131, cinayette kullanaca\u011f\u0131 benzini temin etti, \u00e7akma\u011f\u0131n\u0131 ve motosikletini haz\u0131rlad\u0131. Maktul\u00fcn i\u015f yerine hangi saatte gitti\u011fini bildi\u011fi i\u00e7in sald\u0131r\u0131y\u0131 ger\u00e7ekle\u015ftirmek \u00fczere olay yerine gitti.<\/p>\n<p>31 Aral\u0131k sabah\u0131 i\u015f yeri \u00f6n\u00fcnde pusuya yatt\u0131<br \/>\n31 Aral\u0131k 2024 sabah\u0131 saat 08.21\u2019de, P\u0131nar Zorlu \u00e7al\u0131\u015ft\u0131\u011f\u0131 \u015eirinyal\u0131 Mahallesi \u0130smet G\u00f6k\u015fen caddesi \u00fczerinde bulunan ma\u011fazan\u0131n \u00f6n\u00fcne geldi\u011fi s\u0131rada G\u00fcrhan \u00dczer, motosikletiyle olay yerine yakla\u015ft\u0131.<br \/>\nSavc\u0131l\u0131k iddianamesine g\u00f6re, \u00dczer, maktul\u00fcn i\u015f yerine giri\u015fini engellemek i\u00e7in onun \u00f6n\u00fcne ge\u00e7ti ve tart\u0131\u015fma ba\u015flatt\u0131. Zorlu, eski e\u015finin kendisine do\u011fru y\u00fcr\u00fcd\u00fc\u011f\u00fcn\u00fc fark etti\u011fi anda KADES butonuna bast\u0131 ve acil yard\u0131m \u00e7a\u011fr\u0131s\u0131nda bulundu.<\/p>\n<p>&#8220;Yalvar\u0131r\u0131m b\u0131rak&#8221;<br \/>\nOlay s\u0131ras\u0131nda \u00e7evrede bulunan tan\u0131klar\u0131n, \u015f\u00fcpheliyi P\u0131nar Zorlu\u2019ya zarar vermemesi i\u00e7in uyard\u0131\u011f\u0131, ancak \u00dczer\u2019in uyar\u0131lara ald\u0131r\u0131\u015f etmedi\u011fi iddianamede yer ald\u0131. Tart\u0131\u015fma devam ederken, G\u00fcrhan \u00dczer yan\u0131nda getirdi\u011fi benzin bidonunu a\u00e7arak P\u0131nar Zorlu\u2019nun \u00fczerine d\u00f6kt\u00fc. Benzinin d\u00f6k\u00fclmesiyle pani\u011fe kap\u0131lan Zorlu ka\u00e7maya \u00e7al\u0131\u015ft\u0131, ancak \u00dczer onu sa\u00e7\u0131ndan tutarak yere yat\u0131rd\u0131. Tan\u0131klar\u0131n ifadelerine g\u00f6re, Zorlu bu s\u0131rada \u2018Yalvar\u0131r\u0131m b\u0131rak!\u2019 diye ba\u011f\u0131rd\u0131. \u015e\u00fcpheli, Zorlu\u2019yu sert bir \u015fekilde yere bast\u0131rd\u0131 ve hareket etmesini engelledi.<br \/>\n\u0130ddianamede, \u015f\u00fcphelinin maktul\u00fcn ka\u00e7mas\u0131n\u0131 engelledi\u011fi, \u00fczerine e\u011filerek \u00e7akma\u011f\u0131n\u0131 ate\u015fledi\u011fi belirtildi. Birka\u00e7 saniye i\u00e7inde alevler i\u00e7inde kalan Zorlu, yakla\u015f\u0131k 20-25 saniye boyunca yanarak a\u011f\u0131r yaraland\u0131. \u00c7evredeki vatanda\u015flar yang\u0131n\u0131 s\u00f6nd\u00fcrmek i\u00e7in seferber oldu. A\u011f\u0131r yaralanan P\u0131nar Zorlu, olay yerine gelen ambulansla hastaneye kald\u0131r\u0131ld\u0131. G\u00fcrhan \u00dczer ise motosikletiyle olay yerinden ka\u00e7t\u0131.<\/p>\n<p>Zorlu, 19 g\u00fcn sonra hayat\u0131n\u0131 kaybetti<br \/>\nP\u0131nar Zorlu, 19 g\u00fcn boyunca Antalya \u015eehir Hastanesi\u2019nde yo\u011fun bak\u0131mda tedavi g\u00f6rd\u00fc ancak yan\u0131k komplikasyonlar\u0131 nedeniyle 19 Ocak 2025\u2019te hayat\u0131n\u0131 kaybetti. \u00d6l\u00fcm muayene tutana\u011f\u0131nda, P\u0131nar Zorlu\u2019nun v\u00fccudunda yayg\u0131n yan\u0131klar tespit edildi\u011fi ve \u00f6l\u00fcm\u00fcn do\u011frudan bu yan\u0131klar sebebiyle ger\u00e7ekle\u015fti\u011fi kaydedildi. Tutanakta, \u00f6l\u00fcmde ba\u015fka bir d\u0131\u015f etken bulunmad\u0131\u011f\u0131 ve tamamen \u015f\u00fcphelinin eyleminin sonucu olarak ger\u00e7ekle\u015fti\u011fi ifade edildi.<\/p>\n<p>Savc\u0131l\u0131k: \u2018San\u0131k hakk\u0131nda herhangi bir haks\u0131z tahrik veya indirim sebebi yer alm\u0131yor\u2019<br \/>\nCumhuriyet Savc\u0131l\u0131\u011f\u0131, G\u00fcrhan \u00dczer hakk\u0131nda &#8220;canavarca hisle ve eziyet \u00e7ektirerek adam \u00f6ld\u00fcrme&#8221; su\u00e7lamas\u0131yla a\u011f\u0131rla\u015ft\u0131r\u0131lm\u0131\u015f m\u00fcebbet hapis cezas\u0131 talep etti. \u0130ddianamede, herhangi bir haks\u0131z tahrik veya indirimi gerektirecek bir durumun bulunmad\u0131\u011f\u0131 belirtildi. San\u0131\u011f\u0131n ifadesinde &#8220;\u00f6ld\u00fcrmek de\u011fil, ac\u0131 \u00e7ektirmek&#8221; amac\u0131yla hareket etti\u011fini s\u00f6yledi\u011fi bilgisine yer verildi. Savc\u0131l\u0131k ayr\u0131ca, san\u0131\u011f\u0131n TCK 53. maddesi gere\u011fi belirli haklardan yoksun b\u0131rak\u0131lmas\u0131n\u0131 ve TCK 54. maddesi kapsam\u0131nda su\u00e7ta kullan\u0131lan benzin bidonu, \u00e7akmak ve motosikletin m\u00fcsaderesini talep etti.<\/p>\n<p>&#8220;Haks\u0131z tahrik ya da indirim sebebi bulunmuyor&#8221;<br \/>\nP\u0131nar Zorlu\u2019nun avukat\u0131 Tu\u011fba Kaya, iddianamenin d\u00f6rt ayr\u0131 nitelikli halden kasten \u00f6ld\u00fcrme su\u00e7undan d\u00fczenlendi\u011fini ve san\u0131k hakk\u0131nda herhangi bir haks\u0131z tahrik ya da indirim sebebi \u00f6ng\u00f6r\u00fclmedi\u011fini belirtti. Kaya, &#8220;Antalya 3. A\u011f\u0131r Ceza Mahkemesi\u2019nde dosya a\u00e7\u0131ld\u0131. A\u011f\u0131rla\u015ft\u0131r\u0131c\u0131 haller mevcut, herhangi bir ba\u015fkaca haks\u0131z tahrik ya da indirim sebebi iddianamede \u00f6ng\u00f6r\u00fclmemi\u015f. Zaten san\u0131k taraf\u0131ndan b\u00f6yle bir iddia edilebilecek bir durum da s\u00f6z konusu de\u011fil&#8221; dedi.<\/p>\n<p>Depoya saklanarak, KADES butonuna bast\u0131<br \/>\nCinayetin bir anda ger\u00e7ekle\u015fmedi\u011fini, G\u00fcrhan \u00dczer\u2019in planl\u0131 bir \u015fekilde hareket etti\u011fini ifade eden Avukat Kaya, san\u0131\u011f\u0131n cinayeti \u00f6ncesinde defalarca P\u0131nar Zorlu\u2019yu tehdit etti\u011fini vurgulad\u0131. Tu\u011fba Kaya, &#8220;San\u0131k, olaydan bir hafta \u00f6nce P\u0131nar\u2019\u0131 kitap\u00e7\u0131ya girerken b\u0131\u00e7ak g\u00f6stererek tehdit etti. P\u0131nar korkuyla kitap\u00e7\u0131ya girip i\u015fletme sahibinden yard\u0131m istedi. \u0130\u015fletme sahibi P\u0131nar\u2019\u0131 depoya saklad\u0131 ve o s\u0131rada KADES butonuna bast\u0131. Polis gelene kadar orada bekledi. Polis olay yerine geldikten sonra san\u0131k hakk\u0131nda yaln\u0131zca uyar\u0131 karar\u0131 verildi. Bu olaydan sonra da \u2018KADES&#8217;e bir daha basmaya f\u0131rsat\u0131n olmayacak\u2019 \u015feklinde bir tehditle gelmi\u015fti. Bu tedbir karar\u0131na itiraz etmemize ya da de\u011fi\u015ftirilmesine f\u0131rsat kalmadan da bu yakma eylemi ger\u00e7ekle\u015fti&#8221; \u015feklinde konu\u015ftu.<\/p>\n<p>&#8220;San\u0131k, \u00e7ocu\u011funu g\u00f6rmesine engel olundu\u011funu s\u00f6yl\u00fcyor ancak bu ger\u00e7e\u011fi yans\u0131tm\u0131yor&#8221;<br \/>\nAvukat Tu\u011fba Kaya, G\u00fcrhan \u00dczer\u2019in ifadesinde, \u00e7ocu\u011fuyla g\u00f6r\u00fc\u015ft\u00fcr\u00fclmedi\u011fini ve bu nedenle \u00f6fkelendi\u011fini iddia etti\u011fini ancak bunun ger\u00e7e\u011fi yans\u0131tmad\u0131\u011f\u0131n\u0131 belirtti. Kaya, &#8220;\u00c7ocu\u011fumu g\u00f6stermiyor \u015feklindeki iddialar\u0131n hi\u00e7bir ger\u00e7ekli\u011fi yok. Bizzat \u00fc\u00e7l\u00fc g\u00f6r\u00fc\u015fmelerini biliyorum, elimde buna ili\u015fkin kay\u0131tlar da mevcut. Zaten bo\u015fanma \u00e7ok k\u0131sa bir s\u00fcre \u00f6nce ger\u00e7ekle\u015fti. Son bir hafta sadece \u00e7ocu\u011funu g\u00f6rmedi, onda da \u00e7ocuk istemiyordu. \u00c7\u00fcnk\u00fc \u00e7ocu\u011fun yan\u0131nda da anneye y\u00f6nelik ve kendisine y\u00f6nelik tehditler savuruyordu. \u00c7ocuk ve P\u0131nar\u2019da son bir hafta ciddi anlamda bunun korkusunu ya\u015f\u0131yordu. Ama onun \u00f6ncesinde hi\u00e7bir zaman b\u00f6yle bir durum s\u00f6z konusu olmad\u0131&#8221; dedi.<\/p>\n<p>&#8220;Bensiz mutlu bir hayat s\u00fcrmesin istedi&#8221;<br \/>\nKaya, san\u0131\u011f\u0131n bo\u015fanmay\u0131 bir t\u00fcrl\u00fc kabullenemedi\u011fini ve Zorlu\u2019yu s\u00fcrekli rahats\u0131z etti\u011fini belirtti. Kaya, \u015fu ifadelere yer verdi: &#8220;S\u00f6zde anla\u015fmal\u0131 bir bo\u015fanmayd\u0131 ama hi\u00e7 anla\u015fmal\u0131 bir bo\u015fanma gibi de\u011fildi. Anla\u015fman\u0131n \u015fartlar\u0131na ili\u015fkin bir ihtilaf yoktu aralar\u0131nda. G\u00fcrhan \u00dczer bo\u015fanmak istemiyordu ve P\u0131nar&#8217;\u0131n bu karar\u0131n\u0131n de\u011fi\u015fmesini istiyordu. Ama kararl\u0131 oldu\u011funu g\u00f6r\u00fcnce de anla\u015fmal\u0131 bo\u015fanmamak i\u00e7in ba\u015fka bir nedenleri yoktu. Nafaka, velayet gibi anla\u015famad\u0131klar\u0131 bir husus yoktu. Bo\u015fanmamak istiyordu ama bunun i\u00e7in de kad\u0131n\u0131n fikri de\u011fi\u015fmedi\u011fi i\u00e7in bu yollara ba\u015fvurdu, bu \u015fekilde y\u0131ld\u0131rmaya \u00e7al\u0131\u015ft\u0131. Nihayetinde bo\u015fanma ger\u00e7ekle\u015fince de art\u0131k bensiz mutlu bir hayat s\u00fcrmesin istedi. T\u00fcrk\u00e7e mealiyle \u2018Ya benimsin ya kara topra\u011f\u0131n\u2019 dedi. Onun d\u0131\u015f\u0131nda birka\u00e7 tane tehdit olay\u0131nda P\u0131nar kendisi durumu idare edip ekstra \u015fikayet\u00e7i olmam\u0131\u015ft\u0131. Ama zaten bo\u015fanma s\u00fcrecinden \u00f6nce de daha \u00f6nce ald\u0131\u011f\u0131 uzakla\u015ft\u0131rma kararlar\u0131 vard\u0131.&#8221;<\/p>\n<p>&#8220;En haz\u0131rl\u0131ks\u0131z oldu\u011fu zamanda yakalad\u0131&#8221;<br \/>\nAvukat Tu\u011fba Kaya, G\u00fcrhan \u00dczer\u2019in so\u011fukkanl\u0131 bir \u015fekilde hareket etti\u011fini ve olay\u0131 en ince ayr\u0131nt\u0131s\u0131na kadar planlad\u0131\u011f\u0131n\u0131 vurgulad\u0131. Kaya, \u015f\u00f6yle devam etti: &#8220;P\u0131nar\u2019la bo\u015fanma s\u00fcrecini de birlikte y\u00fcr\u00fctt\u00fck. Bu s\u00fcre\u00e7te de bo\u015fanma karar\u0131ndan sonra birden fazla kez P\u0131nar&#8217;a kar\u015f\u0131 aktard\u0131\u011f\u0131 tehditleri olmu\u015ftu. Yine ayn\u0131 \u015fekilde \u00e7ocu\u011fa y\u00f6nelik tehditleri, bo\u015fanmas\u0131na destek olan avukata y\u00f6nelik tehditleri, ailesine y\u00f6nelik tehditleri hep vard\u0131. Daha \u00f6nceki dosyadaki ifadelerinde de olay\u0131 so\u011fuk kanl\u0131l\u0131kla ba\u015ftan sona anlatmas\u0131 s\u00f6z konusu, herhangi bir inkar ya da ba\u015fka sunulan bir sebep yok. Olay\u0131 oldu\u011fu gibi anlat\u0131yor. Buna nas\u0131l karar verdi\u011fini, nas\u0131l tasarlad\u0131\u011f\u0131n\u0131, nas\u0131l d\u00fc\u015f\u00fcnd\u00fc\u011f\u00fcn\u00fc anlat\u0131yor. Tabii ki de mahkeme a\u015famas\u0131nda durum de\u011fi\u015febilir ama \u015fu an i\u00e7in durum bu \u015fekilde. Olaydan 20 g\u00fcn \u00f6nce bo\u015fanma karar\u0131 kesinle\u015fmi\u015fti. Totalde 2 ayl\u0131k bir s\u00fcre\u00e7. Ama sabah ak\u015fam s\u00fcrekli tehdit ediyordu, P\u0131nar art\u0131k bu tehditlere kar\u015f\u0131 duyars\u0131zla\u015ft\u0131rmaya da ba\u015flam\u0131\u015ft\u0131. O y\u00fczden en haz\u0131rl\u0131ks\u0131z oldu\u011fu zamanda ve en haz\u0131rl\u0131ks\u0131z oldu\u011fu \u015fekilde yakalad\u0131. Ayr\u0131ca ba\u015fka yarg\u0131lamalar\u0131 da oldu\u011fu i\u00e7in; kuvvetle muhtemel bu dosyalardan bir tutuklanma ya\u015fama ihtimalini \u00f6ng\u00f6rd\u00fc\u011f\u00fcnden, bunlar\u0131n duru\u015fmalar\u0131na kat\u0131lmadan \u00f6nce bu olay\u0131 ger\u00e7ekle\u015ftirdi. Yine ifadesinde amac\u0131n\u0131n \u00f6ld\u00fcrmek de\u011fil, ac\u0131 \u00e7ektirmek oldu\u011funu s\u00f6yl\u00fcyor. Zaten bunu da az \u00e7ok ba\u015farm\u0131\u015f oldu.&#8221;<\/p>\n<p>Kaynak: www.kanalv.com.tr Haber Sitesinden Al\u0131nm\u0131\u015ft\u0131r.<\/p>","protected":false},"excerpt":{"rendered":"<p>Muratpa\u015fa il\u00e7esinde eski e\u015fi G\u00fcrhan \u00dczer taraf\u0131ndan \u00fczerine benzin d\u00f6k\u00fclerek yak\u0131lan 36 ya\u015f\u0131ndaki P\u0131nar Zorlu\u2019nun ac\u0131 kayb\u0131na ili\u015fkin iddianame tamamland\u0131. Savc\u0131l\u0131k, G\u00fcrhan \u00dczer\u2019in en \u00fcst s\u0131n\u0131rdan cezaland\u0131r\u0131lmas\u0131n\u0131 talep etti. 8 Aral\u0131k\u2019ta uzakla\u015ft\u0131rma talep etti, ancak sadece uyar\u0131 karar\u0131 verildi P\u0131nar Zorlu, eski e\u015fi G\u00fcrhan \u00dczer taraf\u0131ndan sistematik \u015fekilde takip edildi\u011fi, rahats\u0131z edildi\u011fi ve tehdit edildi\u011fi gerek\u00e7esiyle 8 Aral\u0131k 2024\u2019te 30 g\u00fcn s\u00fcreyle Uzakla\u015ft\u0131rma Tedbir Karar\u0131 talep ederek, yetkili makamlara ba\u015fvurdu. Ba\u015fvurusunda, eski e\u015finin kendisini s\u00fcrekli takip etti\u011fini, telefonla arad\u0131\u011f\u0131n\u0131, mesajlar att\u0131\u011f\u0131n\u0131 ve fiziki olarak rahats\u0131z etti\u011fini belirtti. Ayr\u0131ca, ge\u00e7mi\u015fte fiziksel \u015fiddete maruz kald\u0131\u011f\u0131n\u0131 ve tekrar zarar g\u00f6rmesinden endi\u015fe duydu\u011funu dile getirdi. Ancak yap\u0131lan de\u011ferlendirme sonucunda G\u00fcrhan \u00dczer hakk\u0131nda uzakla\u015ft\u0131rma karar\u0131 verilmedi, yaln\u0131zca uyar\u0131 karar\u0131 \u00e7\u0131kar\u0131ld\u0131. Savc\u0131l\u0131k taraf\u0131ndan haz\u0131rlanan iddianamede, bu karar\u0131n ard\u0131ndan \u015f\u00fcphelinin daha da kinlendi\u011fi ve Zorlu\u2019ya zarar verme planlar\u0131 yapmaya ba\u015flad\u0131\u011f\u0131 belirtildi. \u0130ddianameye g\u00f6re G\u00fcrhan \u00dczer, olaydan \u00f6nceki g\u00fcnlerde sald\u0131r\u0131y\u0131 planlad\u0131. 31 Aral\u0131k sabah\u0131, cinayette kullanaca\u011f\u0131 benzini temin etti, \u00e7akma\u011f\u0131n\u0131 ve motosikletini haz\u0131rlad\u0131. Maktul\u00fcn i\u015f yerine hangi saatte gitti\u011fini bildi\u011fi i\u00e7in sald\u0131r\u0131y\u0131 ger\u00e7ekle\u015ftirmek \u00fczere olay yerine gitti. 31 Aral\u0131k sabah\u0131 i\u015f yeri \u00f6n\u00fcnde pusuya yatt\u0131 31 Aral\u0131k 2024 sabah\u0131 saat 08.21\u2019de, P\u0131nar Zorlu \u00e7al\u0131\u015ft\u0131\u011f\u0131 \u015eirinyal\u0131 Mahallesi \u0130smet G\u00f6k\u015fen caddesi \u00fczerinde bulunan ma\u011fazan\u0131n \u00f6n\u00fcne geldi\u011fi s\u0131rada G\u00fcrhan \u00dczer, motosikletiyle &hellip;<\/p>","protected":false},"author":4,"featured_media":30337,"comment_status":"open","ping_status":"open","sticky":false,"template":"","format":"standard","meta":{"_acf_changed":false,"footnotes":""},"categories":[26],"tags":[],"class_list":["post-30336","post","type-post","status-publish","format-standard","has-post-thumbnail","hentry","category-antalya"],"acf":[],"yoast_head":"<!-- This site is optimized with the Yoast SEO Premium plugin v26.6 (Yoast SEO v27.1.1) - https:\/\/yoast.com\/product\/yoast-seo-premium-wordpress\/ -->\n<title>Eski e\u015fini yakarak \u00f6ld\u00fcren kocaya a\u011f\u0131rla\u015ft\u0131r\u0131lm\u0131\u015f m\u00fcebbet talebi - Av. Deniz Can K\u0131z\u0131l<\/title>\n<meta name=\"robots\" content=\"index, follow, max-snippet:-1, max-image-preview:large, max-video-preview:-1\" \/>\n<link rel=\"canonical\" href=\"http:\/\/denizcankizil.tr\/en\/haberler\/antalya\/eski-esini-yakarak-olduren-kocaya-agirlastirilmis-muebbet-talebi\/\" \/>\n<meta property=\"og:locale\" content=\"en_GB\" \/>\n<meta property=\"og:type\" content=\"article\" \/>\n<meta property=\"og:title\" content=\"Eski e\u015fini yakarak \u00f6ld\u00fcren kocaya a\u011f\u0131rla\u015ft\u0131r\u0131lm\u0131\u015f m\u00fcebbet talebi\" \/>\n<meta property=\"og:description\" content=\"Muratpa\u015fa il\u00e7esinde eski e\u015fi G\u00fcrhan \u00dczer taraf\u0131ndan \u00fczerine benzin d\u00f6k\u00fclerek yak\u0131lan 36 ya\u015f\u0131ndaki P\u0131nar Zorlu\u2019nun ac\u0131 kayb\u0131na ili\u015fkin iddianame tamamland\u0131. Savc\u0131l\u0131k, G\u00fcrhan \u00dczer\u2019in en \u00fcst s\u0131n\u0131rdan cezaland\u0131r\u0131lmas\u0131n\u0131 talep etti. 8 Aral\u0131k\u2019ta uzakla\u015ft\u0131rma talep etti, ancak sadece uyar\u0131 karar\u0131 verildi P\u0131nar Zorlu, eski e\u015fi G\u00fcrhan \u00dczer taraf\u0131ndan sistematik \u015fekilde takip edildi\u011fi, rahats\u0131z edildi\u011fi ve tehdit edildi\u011fi gerek\u00e7esiyle 8 Aral\u0131k 2024\u2019te 30 g\u00fcn s\u00fcreyle Uzakla\u015ft\u0131rma Tedbir Karar\u0131 talep ederek, yetkili makamlara ba\u015fvurdu. Ba\u015fvurusunda, eski e\u015finin kendisini s\u00fcrekli takip etti\u011fini, telefonla arad\u0131\u011f\u0131n\u0131, mesajlar att\u0131\u011f\u0131n\u0131 ve fiziki olarak rahats\u0131z etti\u011fini belirtti. Ayr\u0131ca, ge\u00e7mi\u015fte fiziksel \u015fiddete maruz kald\u0131\u011f\u0131n\u0131 ve tekrar zarar g\u00f6rmesinden endi\u015fe duydu\u011funu dile getirdi. Ancak yap\u0131lan de\u011ferlendirme sonucunda G\u00fcrhan \u00dczer hakk\u0131nda uzakla\u015ft\u0131rma karar\u0131 verilmedi, yaln\u0131zca uyar\u0131 karar\u0131 \u00e7\u0131kar\u0131ld\u0131. Savc\u0131l\u0131k taraf\u0131ndan haz\u0131rlanan iddianamede, bu karar\u0131n ard\u0131ndan \u015f\u00fcphelinin daha da kinlendi\u011fi ve Zorlu\u2019ya zarar verme planlar\u0131 yapmaya ba\u015flad\u0131\u011f\u0131 belirtildi. \u0130ddianameye g\u00f6re G\u00fcrhan \u00dczer, olaydan \u00f6nceki g\u00fcnlerde sald\u0131r\u0131y\u0131 planlad\u0131. 31 Aral\u0131k sabah\u0131, cinayette kullanaca\u011f\u0131 benzini temin etti, \u00e7akma\u011f\u0131n\u0131 ve motosikletini haz\u0131rlad\u0131. Maktul\u00fcn i\u015f yerine hangi saatte gitti\u011fini bildi\u011fi i\u00e7in sald\u0131r\u0131y\u0131 ger\u00e7ekle\u015ftirmek \u00fczere olay yerine gitti. 31 Aral\u0131k sabah\u0131 i\u015f yeri \u00f6n\u00fcnde pusuya yatt\u0131 31 Aral\u0131k 2024 sabah\u0131 saat 08.21\u2019de, P\u0131nar Zorlu \u00e7al\u0131\u015ft\u0131\u011f\u0131 \u015eirinyal\u0131 Mahallesi \u0130smet G\u00f6k\u015fen caddesi \u00fczerinde bulunan ma\u011fazan\u0131n \u00f6n\u00fcne geldi\u011fi s\u0131rada G\u00fcrhan \u00dczer, motosikletiyle &hellip;\" \/>\n<meta property=\"og:url\" content=\"http:\/\/denizcankizil.tr\/en\/haberler\/antalya\/eski-esini-yakarak-olduren-kocaya-agirlastirilmis-muebbet-talebi\/\" \/>\n<meta property=\"og:site_name\" content=\"Av. Deniz Can K\u0131z\u0131l\" \/>\n<meta property=\"article:published_time\" content=\"2025-02-05T09:41:49+00:00\" \/>\n<meta property=\"og:image\" content=\"http:\/\/denizcankizil.tr\/wp-content\/uploads\/2025\/02\/4482-01-KNHt1V.jpeg\" \/>\n\t<meta property=\"og:image:width\" content=\"1280\" \/>\n\t<meta property=\"og:image:height\" content=\"720\" \/>\n\t<meta property=\"og:image:type\" content=\"image\/jpeg\" \/>\n<meta name=\"author\" content=\"Av. Deniz Can K\u0131z\u0131l\" \/>\n<meta name=\"twitter:card\" content=\"summary_large_image\" \/>\n<meta name=\"twitter:label1\" content=\"Written by\" \/>\n\t<meta name=\"twitter:data1\" content=\"Av. Deniz Can K\u0131z\u0131l\" \/>\n\t<meta name=\"twitter:label2\" content=\"Estimated reading time\" \/>\n\t<meta name=\"twitter:data2\" content=\"8 minutes\" \/>\n<script type=\"application\/ld+json\" class=\"yoast-schema-graph\">{\"@context\":\"https:\/\/schema.org\",\"@graph\":[{\"@type\":\"Article\",\"@id\":\"http:\/\/denizcankizil.tr\/en\/haberler\/antalya\/eski-esini-yakarak-olduren-kocaya-agirlastirilmis-muebbet-talebi\/#article\",\"isPartOf\":{\"@id\":\"http:\/\/denizcankizil.tr\/en\/haberler\/antalya\/eski-esini-yakarak-olduren-kocaya-agirlastirilmis-muebbet-talebi\/\"},\"author\":{\"name\":\"Av. Deniz Can K\u0131z\u0131l\",\"@id\":\"https:\/\/denizcankizil.tr\/de\/#\/schema\/person\/5dc1b22991bd7ac833867c10afc9b0ff\"},\"headline\":\"Eski e\u015fini yakarak \u00f6ld\u00fcren kocaya a\u011f\u0131rla\u015ft\u0131r\u0131lm\u0131\u015f m\u00fcebbet talebi\",\"datePublished\":\"2025-02-05T09:41:49+00:00\",\"mainEntityOfPage\":{\"@id\":\"http:\/\/denizcankizil.tr\/en\/haberler\/antalya\/eski-esini-yakarak-olduren-kocaya-agirlastirilmis-muebbet-talebi\/\"},\"wordCount\":1646,\"commentCount\":0,\"publisher\":{\"@id\":\"https:\/\/denizcankizil.tr\/de\/#organization\"},\"image\":{\"@id\":\"http:\/\/denizcankizil.tr\/en\/haberler\/antalya\/eski-esini-yakarak-olduren-kocaya-agirlastirilmis-muebbet-talebi\/#primaryimage\"},\"thumbnailUrl\":\"http:\/\/denizcankizil.tr\/wp-content\/uploads\/2025\/02\/4482-01-KNHt1V.jpeg\",\"articleSection\":[\"Antalya\"],\"inLanguage\":\"en-GB\",\"potentialAction\":[{\"@type\":\"CommentAction\",\"name\":\"Comment\",\"target\":[\"http:\/\/denizcankizil.tr\/en\/haberler\/antalya\/eski-esini-yakarak-olduren-kocaya-agirlastirilmis-muebbet-talebi\/#respond\"]}]},{\"@type\":\"WebPage\",\"@id\":\"http:\/\/denizcankizil.tr\/en\/haberler\/antalya\/eski-esini-yakarak-olduren-kocaya-agirlastirilmis-muebbet-talebi\/\",\"url\":\"http:\/\/denizcankizil.tr\/en\/haberler\/antalya\/eski-esini-yakarak-olduren-kocaya-agirlastirilmis-muebbet-talebi\/\",\"name\":\"Eski e\u015fini yakarak \u00f6ld\u00fcren kocaya a\u011f\u0131rla\u015ft\u0131r\u0131lm\u0131\u015f m\u00fcebbet talebi - Av. Deniz Can K\u0131z\u0131l\",\"isPartOf\":{\"@id\":\"https:\/\/denizcankizil.tr\/de\/#website\"},\"primaryImageOfPage\":{\"@id\":\"http:\/\/denizcankizil.tr\/en\/haberler\/antalya\/eski-esini-yakarak-olduren-kocaya-agirlastirilmis-muebbet-talebi\/#primaryimage\"},\"image\":{\"@id\":\"http:\/\/denizcankizil.tr\/en\/haberler\/antalya\/eski-esini-yakarak-olduren-kocaya-agirlastirilmis-muebbet-talebi\/#primaryimage\"},\"thumbnailUrl\":\"http:\/\/denizcankizil.tr\/wp-content\/uploads\/2025\/02\/4482-01-KNHt1V.jpeg\",\"datePublished\":\"2025-02-05T09:41:49+00:00\",\"breadcrumb\":{\"@id\":\"http:\/\/denizcankizil.tr\/en\/haberler\/antalya\/eski-esini-yakarak-olduren-kocaya-agirlastirilmis-muebbet-talebi\/#breadcrumb\"},\"inLanguage\":\"en-GB\",\"potentialAction\":[{\"@type\":\"ReadAction\",\"target\":[\"http:\/\/denizcankizil.tr\/en\/haberler\/antalya\/eski-esini-yakarak-olduren-kocaya-agirlastirilmis-muebbet-talebi\/\"]}]},{\"@type\":\"ImageObject\",\"inLanguage\":\"en-GB\",\"@id\":\"http:\/\/denizcankizil.tr\/en\/haberler\/antalya\/eski-esini-yakarak-olduren-kocaya-agirlastirilmis-muebbet-talebi\/#primaryimage\",\"url\":\"http:\/\/denizcankizil.tr\/wp-content\/uploads\/2025\/02\/4482-01-KNHt1V.jpeg\",\"contentUrl\":\"http:\/\/denizcankizil.tr\/wp-content\/uploads\/2025\/02\/4482-01-KNHt1V.jpeg\",\"width\":1280,\"height\":720},{\"@type\":\"BreadcrumbList\",\"@id\":\"http:\/\/denizcankizil.tr\/en\/haberler\/antalya\/eski-esini-yakarak-olduren-kocaya-agirlastirilmis-muebbet-talebi\/#breadcrumb\",\"itemListElement\":[{\"@type\":\"ListItem\",\"position\":1,\"name\":\"Home\",\"item\":\"https:\/\/denizcankizil.tr\/de\/\"},{\"@type\":\"ListItem\",\"position\":2,\"name\":\"Eski e\u015fini yakarak \u00f6ld\u00fcren kocaya a\u011f\u0131rla\u015ft\u0131r\u0131lm\u0131\u015f m\u00fcebbet talebi\"}]},{\"@type\":\"WebSite\",\"@id\":\"https:\/\/denizcankizil.tr\/de\/#website\",\"url\":\"https:\/\/denizcankizil.tr\/de\/\",\"name\":\"Av. Deniz Can K\u0131z\u0131l\",\"description\":\"Avukat Deniz Can K\u0131z\u0131l Antalya Barosu\",\"publisher\":{\"@id\":\"https:\/\/denizcankizil.tr\/de\/#organization\"},\"potentialAction\":[{\"@type\":\"SearchAction\",\"target\":{\"@type\":\"EntryPoint\",\"urlTemplate\":\"https:\/\/denizcankizil.tr\/de\/?s={search_term_string}\"},\"query-input\":{\"@type\":\"PropertyValueSpecification\",\"valueRequired\":true,\"valueName\":\"search_term_string\"}}],\"inLanguage\":\"en-GB\"},{\"@type\":\"Organization\",\"@id\":\"https:\/\/denizcankizil.tr\/de\/#organization\",\"name\":\"Av. Deniz Can K\u0131z\u0131l\",\"url\":\"https:\/\/denizcankizil.tr\/de\/\",\"logo\":{\"@type\":\"ImageObject\",\"inLanguage\":\"en-GB\",\"@id\":\"https:\/\/denizcankizil.tr\/de\/#\/schema\/logo\/image\/\",\"url\":\"http:\/\/denizcankizil.tr\/wp-content\/uploads\/2024\/10\/siyah-logo-svg.svg\",\"contentUrl\":\"http:\/\/denizcankizil.tr\/wp-content\/uploads\/2024\/10\/siyah-logo-svg.svg\",\"width\":1080,\"height\":1080,\"caption\":\"Av. Deniz Can K\u0131z\u0131l\"},\"image\":{\"@id\":\"https:\/\/denizcankizil.tr\/de\/#\/schema\/logo\/image\/\"}},{\"@type\":\"Person\",\"@id\":\"https:\/\/denizcankizil.tr\/de\/#\/schema\/person\/5dc1b22991bd7ac833867c10afc9b0ff\",\"name\":\"Av. Deniz Can K\u0131z\u0131l\",\"image\":{\"@type\":\"ImageObject\",\"inLanguage\":\"en-GB\",\"@id\":\"https:\/\/denizcankizil.tr\/de\/#\/schema\/person\/image\/\",\"url\":\"https:\/\/secure.gravatar.com\/avatar\/a0b128fb9855c79efc976d5640eedb31dc35ec297594d6016d2cf7c60e975bb6?s=96&d=mm&r=g\",\"contentUrl\":\"https:\/\/secure.gravatar.com\/avatar\/a0b128fb9855c79efc976d5640eedb31dc35ec297594d6016d2cf7c60e975bb6?s=96&d=mm&r=g\",\"caption\":\"Av. Deniz Can K\u0131z\u0131l\"},\"sameAs\":[\"http:\/\/www.denizcankizil.tr\"],\"url\":\"http:\/\/denizcankizil.tr\/en\/author\/denizcankizil\/\"}]}<\/script>\n<!-- \/ Yoast SEO Premium plugin. -->","yoast_head_json":{"title":"Eski e\u015fini yakarak \u00f6ld\u00fcren kocaya a\u011f\u0131rla\u015ft\u0131r\u0131lm\u0131\u015f m\u00fcebbet talebi - Av. Deniz Can K\u0131z\u0131l","robots":{"index":"index","follow":"follow","max-snippet":"max-snippet:-1","max-image-preview":"max-image-preview:large","max-video-preview":"max-video-preview:-1"},"canonical":"http:\/\/denizcankizil.tr\/en\/haberler\/antalya\/eski-esini-yakarak-olduren-kocaya-agirlastirilmis-muebbet-talebi\/","og_locale":"en_GB","og_type":"article","og_title":"Eski e\u015fini yakarak \u00f6ld\u00fcren kocaya a\u011f\u0131rla\u015ft\u0131r\u0131lm\u0131\u015f m\u00fcebbet talebi","og_description":"Muratpa\u015fa il\u00e7esinde eski e\u015fi G\u00fcrhan \u00dczer taraf\u0131ndan \u00fczerine benzin d\u00f6k\u00fclerek yak\u0131lan 36 ya\u015f\u0131ndaki P\u0131nar Zorlu\u2019nun ac\u0131 kayb\u0131na ili\u015fkin iddianame tamamland\u0131. Savc\u0131l\u0131k, G\u00fcrhan \u00dczer\u2019in en \u00fcst s\u0131n\u0131rdan cezaland\u0131r\u0131lmas\u0131n\u0131 talep etti. 8 Aral\u0131k\u2019ta uzakla\u015ft\u0131rma talep etti, ancak sadece uyar\u0131 karar\u0131 verildi P\u0131nar Zorlu, eski e\u015fi G\u00fcrhan \u00dczer taraf\u0131ndan sistematik \u015fekilde takip edildi\u011fi, rahats\u0131z edildi\u011fi ve tehdit edildi\u011fi gerek\u00e7esiyle 8 Aral\u0131k 2024\u2019te 30 g\u00fcn s\u00fcreyle Uzakla\u015ft\u0131rma Tedbir Karar\u0131 talep ederek, yetkili makamlara ba\u015fvurdu. Ba\u015fvurusunda, eski e\u015finin kendisini s\u00fcrekli takip etti\u011fini, telefonla arad\u0131\u011f\u0131n\u0131, mesajlar att\u0131\u011f\u0131n\u0131 ve fiziki olarak rahats\u0131z etti\u011fini belirtti. Ayr\u0131ca, ge\u00e7mi\u015fte fiziksel \u015fiddete maruz kald\u0131\u011f\u0131n\u0131 ve tekrar zarar g\u00f6rmesinden endi\u015fe duydu\u011funu dile getirdi. Ancak yap\u0131lan de\u011ferlendirme sonucunda G\u00fcrhan \u00dczer hakk\u0131nda uzakla\u015ft\u0131rma karar\u0131 verilmedi, yaln\u0131zca uyar\u0131 karar\u0131 \u00e7\u0131kar\u0131ld\u0131. Savc\u0131l\u0131k taraf\u0131ndan haz\u0131rlanan iddianamede, bu karar\u0131n ard\u0131ndan \u015f\u00fcphelinin daha da kinlendi\u011fi ve Zorlu\u2019ya zarar verme planlar\u0131 yapmaya ba\u015flad\u0131\u011f\u0131 belirtildi. \u0130ddianameye g\u00f6re G\u00fcrhan \u00dczer, olaydan \u00f6nceki g\u00fcnlerde sald\u0131r\u0131y\u0131 planlad\u0131. 31 Aral\u0131k sabah\u0131, cinayette kullanaca\u011f\u0131 benzini temin etti, \u00e7akma\u011f\u0131n\u0131 ve motosikletini haz\u0131rlad\u0131. Maktul\u00fcn i\u015f yerine hangi saatte gitti\u011fini bildi\u011fi i\u00e7in sald\u0131r\u0131y\u0131 ger\u00e7ekle\u015ftirmek \u00fczere olay yerine gitti. 31 Aral\u0131k sabah\u0131 i\u015f yeri \u00f6n\u00fcnde pusuya yatt\u0131 31 Aral\u0131k 2024 sabah\u0131 saat 08.21\u2019de, P\u0131nar Zorlu \u00e7al\u0131\u015ft\u0131\u011f\u0131 \u015eirinyal\u0131 Mahallesi \u0130smet G\u00f6k\u015fen caddesi \u00fczerinde bulunan ma\u011fazan\u0131n \u00f6n\u00fcne geldi\u011fi s\u0131rada G\u00fcrhan \u00dczer, motosikletiyle &hellip;","og_url":"http:\/\/denizcankizil.tr\/en\/haberler\/antalya\/eski-esini-yakarak-olduren-kocaya-agirlastirilmis-muebbet-talebi\/","og_site_name":"Av. Deniz Can K\u0131z\u0131l","article_published_time":"2025-02-05T09:41:49+00:00","og_image":[{"width":1280,"height":720,"url":"http:\/\/denizcankizil.tr\/wp-content\/uploads\/2025\/02\/4482-01-KNHt1V.jpeg","type":"image\/jpeg"}],"author":"Av. Deniz Can K\u0131z\u0131l","twitter_card":"summary_large_image","twitter_misc":{"Written by":"Av. Deniz Can K\u0131z\u0131l","Estimated reading time":"8 minutes"},"schema":{"@context":"https:\/\/schema.org","@graph":[{"@type":"Article","@id":"http:\/\/denizcankizil.tr\/en\/haberler\/antalya\/eski-esini-yakarak-olduren-kocaya-agirlastirilmis-muebbet-talebi\/#article","isPartOf":{"@id":"http:\/\/denizcankizil.tr\/en\/haberler\/antalya\/eski-esini-yakarak-olduren-kocaya-agirlastirilmis-muebbet-talebi\/"},"author":{"name":"Av. Deniz Can K\u0131z\u0131l","@id":"https:\/\/denizcankizil.tr\/de\/#\/schema\/person\/5dc1b22991bd7ac833867c10afc9b0ff"},"headline":"Eski e\u015fini yakarak \u00f6ld\u00fcren kocaya a\u011f\u0131rla\u015ft\u0131r\u0131lm\u0131\u015f m\u00fcebbet talebi","datePublished":"2025-02-05T09:41:49+00:00","mainEntityOfPage":{"@id":"http:\/\/denizcankizil.tr\/en\/haberler\/antalya\/eski-esini-yakarak-olduren-kocaya-agirlastirilmis-muebbet-talebi\/"},"wordCount":1646,"commentCount":0,"publisher":{"@id":"https:\/\/denizcankizil.tr\/de\/#organization"},"image":{"@id":"http:\/\/denizcankizil.tr\/en\/haberler\/antalya\/eski-esini-yakarak-olduren-kocaya-agirlastirilmis-muebbet-talebi\/#primaryimage"},"thumbnailUrl":"http:\/\/denizcankizil.tr\/wp-content\/uploads\/2025\/02\/4482-01-KNHt1V.jpeg","articleSection":["Antalya"],"inLanguage":"en-GB","potentialAction":[{"@type":"CommentAction","name":"Comment","target":["http:\/\/denizcankizil.tr\/en\/haberler\/antalya\/eski-esini-yakarak-olduren-kocaya-agirlastirilmis-muebbet-talebi\/#respond"]}]},{"@type":"WebPage","@id":"http:\/\/denizcankizil.tr\/en\/haberler\/antalya\/eski-esini-yakarak-olduren-kocaya-agirlastirilmis-muebbet-talebi\/","url":"http:\/\/denizcankizil.tr\/en\/haberler\/antalya\/eski-esini-yakarak-olduren-kocaya-agirlastirilmis-muebbet-talebi\/","name":"Eski e\u015fini yakarak \u00f6ld\u00fcren kocaya a\u011f\u0131rla\u015ft\u0131r\u0131lm\u0131\u015f m\u00fcebbet talebi - Av. Deniz Can K\u0131z\u0131l","isPartOf":{"@id":"https:\/\/denizcankizil.tr\/de\/#website"},"primaryImageOfPage":{"@id":"http:\/\/denizcankizil.tr\/en\/haberler\/antalya\/eski-esini-yakarak-olduren-kocaya-agirlastirilmis-muebbet-talebi\/#primaryimage"},"image":{"@id":"http:\/\/denizcankizil.tr\/en\/haberler\/antalya\/eski-esini-yakarak-olduren-kocaya-agirlastirilmis-muebbet-talebi\/#primaryimage"},"thumbnailUrl":"http:\/\/denizcankizil.tr\/wp-content\/uploads\/2025\/02\/4482-01-KNHt1V.jpeg","datePublished":"2025-02-05T09:41:49+00:00","breadcrumb":{"@id":"http:\/\/denizcankizil.tr\/en\/haberler\/antalya\/eski-esini-yakarak-olduren-kocaya-agirlastirilmis-muebbet-talebi\/#breadcrumb"},"inLanguage":"en-GB","potentialAction":[{"@type":"ReadAction","target":["http:\/\/denizcankizil.tr\/en\/haberler\/antalya\/eski-esini-yakarak-olduren-kocaya-agirlastirilmis-muebbet-talebi\/"]}]},{"@type":"ImageObject","inLanguage":"en-GB","@id":"http:\/\/denizcankizil.tr\/en\/haberler\/antalya\/eski-esini-yakarak-olduren-kocaya-agirlastirilmis-muebbet-talebi\/#primaryimage","url":"http:\/\/denizcankizil.tr\/wp-content\/uploads\/2025\/02\/4482-01-KNHt1V.jpeg","contentUrl":"http:\/\/denizcankizil.tr\/wp-content\/uploads\/2025\/02\/4482-01-KNHt1V.jpeg","width":1280,"height":720},{"@type":"BreadcrumbList","@id":"http:\/\/denizcankizil.tr\/en\/haberler\/antalya\/eski-esini-yakarak-olduren-kocaya-agirlastirilmis-muebbet-talebi\/#breadcrumb","itemListElement":[{"@type":"ListItem","position":1,"name":"Home","item":"https:\/\/denizcankizil.tr\/de\/"},{"@type":"ListItem","position":2,"name":"Eski e\u015fini yakarak \u00f6ld\u00fcren kocaya a\u011f\u0131rla\u015ft\u0131r\u0131lm\u0131\u015f m\u00fcebbet talebi"}]},{"@type":"WebSite","@id":"https:\/\/denizcankizil.tr\/de\/#website","url":"https:\/\/denizcankizil.tr\/de\/","name":"Av. Deniz Can K\u0131z\u0131l","description":"Avukat Deniz Can K\u0131z\u0131l Antalya Barosu","publisher":{"@id":"https:\/\/denizcankizil.tr\/de\/#organization"},"potentialAction":[{"@type":"SearchAction","target":{"@type":"EntryPoint","urlTemplate":"https:\/\/denizcankizil.tr\/de\/?s={search_term_string}"},"query-input":{"@type":"PropertyValueSpecification","valueRequired":true,"valueName":"search_term_string"}}],"inLanguage":"en-GB"},{"@type":"Organization","@id":"https:\/\/denizcankizil.tr\/de\/#organization","name":"Av. Deniz Can K\u0131z\u0131l","url":"https:\/\/denizcankizil.tr\/de\/","logo":{"@type":"ImageObject","inLanguage":"en-GB","@id":"https:\/\/denizcankizil.tr\/de\/#\/schema\/logo\/image\/","url":"http:\/\/denizcankizil.tr\/wp-content\/uploads\/2024\/10\/siyah-logo-svg.svg","contentUrl":"http:\/\/denizcankizil.tr\/wp-content\/uploads\/2024\/10\/siyah-logo-svg.svg","width":1080,"height":1080,"caption":"Av. Deniz Can K\u0131z\u0131l"},"image":{"@id":"https:\/\/denizcankizil.tr\/de\/#\/schema\/logo\/image\/"}},{"@type":"Person","@id":"https:\/\/denizcankizil.tr\/de\/#\/schema\/person\/5dc1b22991bd7ac833867c10afc9b0ff","name":"Av. Deniz Can K\u0131z\u0131l","image":{"@type":"ImageObject","inLanguage":"en-GB","@id":"https:\/\/denizcankizil.tr\/de\/#\/schema\/person\/image\/","url":"https:\/\/secure.gravatar.com\/avatar\/a0b128fb9855c79efc976d5640eedb31dc35ec297594d6016d2cf7c60e975bb6?s=96&d=mm&r=g","contentUrl":"https:\/\/secure.gravatar.com\/avatar\/a0b128fb9855c79efc976d5640eedb31dc35ec297594d6016d2cf7c60e975bb6?s=96&d=mm&r=g","caption":"Av. Deniz Can K\u0131z\u0131l"},"sameAs":["http:\/\/www.denizcankizil.tr"],"url":"http:\/\/denizcankizil.tr\/en\/author\/denizcankizil\/"}]}},"_links":{"self":[{"href":"http:\/\/denizcankizil.tr\/en\/wp-json\/wp\/v2\/posts\/30336","targetHints":{"allow":["GET"]}}],"collection":[{"href":"http:\/\/denizcankizil.tr\/en\/wp-json\/wp\/v2\/posts"}],"about":[{"href":"http:\/\/denizcankizil.tr\/en\/wp-json\/wp\/v2\/types\/post"}],"author":[{"embeddable":true,"href":"http:\/\/denizcankizil.tr\/en\/wp-json\/wp\/v2\/users\/4"}],"replies":[{"embeddable":true,"href":"http:\/\/denizcankizil.tr\/en\/wp-json\/wp\/v2\/comments?post=30336"}],"version-history":[{"count":0,"href":"http:\/\/denizcankizil.tr\/en\/wp-json\/wp\/v2\/posts\/30336\/revisions"}],"wp:featuredmedia":[{"embeddable":true,"href":"http:\/\/denizcankizil.tr\/en\/wp-json\/wp\/v2\/media\/30337"}],"wp:attachment":[{"href":"http:\/\/denizcankizil.tr\/en\/wp-json\/wp\/v2\/media?parent=30336"}],"wp:term":[{"taxonomy":"category","embeddable":true,"href":"http:\/\/denizcankizil.tr\/en\/wp-json\/wp\/v2\/categories?post=30336"},{"taxonomy":"post_tag","embeddable":true,"href":"http:\/\/denizcankizil.tr\/en\/wp-json\/wp\/v2\/tags?post=30336"}],"curies":[{"name":"wp","href":"https:\/\/api.w.org\/{rel}","templated":true}]}}