{"id":30199,"date":"2025-02-04T22:41:34","date_gmt":"2025-02-04T19:41:34","guid":{"rendered":"https:\/\/denizcankizil.tr\/uncategorized-tr\/antalyada-turkiyenin-gundemine-oturan-olayda-gercek-bambaska-cikti\/"},"modified":"2025-02-04T22:41:34","modified_gmt":"2025-02-04T19:41:34","slug":"antalyada-turkiyenin-gundemine-oturan-olayda-gercek-bambaska-cikti","status":"publish","type":"post","link":"http:\/\/denizcankizil.tr\/en\/haberler\/gundem\/antalyada-turkiyenin-gundemine-oturan-olayda-gercek-bambaska-cikti\/","title":{"rendered":"Antalya\u2019da T\u00fcrkiye\u2019nin g\u00fcndemine oturan olayda ger\u00e7ek bamba\u015fka \u00e7\u0131kt\u0131!"},"content":{"rendered":"<p>Antalya\u2019n\u0131n Kepez il\u00e7esi Gaziler Esentepe Mahallesi\u2019nde ya\u015fayan 65 ya\u015f\u0131ndaki Mehmet \u00c7elik ve e\u015fi Fatma \u00c7elik, 30 y\u0131ld\u0131r oturduklar\u0131 evden icra yoluyla ge\u00e7ti\u011fimiz g\u00fcnlerde tahliye edildi. Mahkeme s\u00fcreci devam ederken e\u015fyalar\u0131yla birlikte soka\u011fa at\u0131lan ve geceyi a\u00e7\u0131k havada ge\u00e7irmek zorunda kalan ya\u015fl\u0131 \u00e7iftin yard\u0131m \u00e7a\u011fr\u0131s\u0131 y\u00fcrek burktu. Geceyi sokakta ge\u00e7irmek zorunda kalan \u00c7elik \u00e7ifti, so\u011fuk hava nedeniyle ate\u015f yakarak \u0131s\u0131nd\u0131. Kom\u015fular\u0131 geceyi d\u0131\u015far\u0131da ge\u00e7iren aileyi bir an olsun yaln\u0131z b\u0131rakmad\u0131. \u00c7iftin ya\u015fad\u0131\u011f\u0131 ma\u011fduriyet, mahalle sakinlerini de derinden \u00fczd\u00fc. Kom\u015fular\u0131n\u0131n zaman zaman yard\u0131mda bulunmas\u0131na ra\u011fmen, \u00e7iftin kal\u0131c\u0131 bir bar\u0131nma ihtiyac\u0131na \u00e7\u00f6z\u00fcm bulunamad\u0131.<\/p>\n<p>DURDURMA KARARI ALINDI<\/p>\n<p>Antalya K\u00f6rfez Gazetesi&#8217;nin g\u00fcndeme getirdi\u011fi aile i\u00e7in Kepez Kaymakaml\u0131\u011f\u0131 bir a\u00e7\u0131klama yaparak merak edilen sorulara cevap verdi. \u00a0A\u00e7\u0131klamada, \u201cMehmet \u00c7EL\u0130K ve e\u015fi Gaziler Mahallesinde ikamet etmektedirler. \u0130kamet ettikleri alan S.S. Antalya Esnaflar K\u00fc\u00e7\u00fck Sanayi Sitesi Yap\u0131 Kooperatifi ad\u0131na kay\u0131tl\u0131d\u0131r. 21.09.2022 tarihinde Kooperatif yetkililerince y\u0131k\u0131m yap\u0131laca\u011f\u0131 taraflara bildirilmi\u015f, ancak taraflar y\u00fcr\u00fctmeyi durdurma karar\u0131 alm\u0131\u015ft\u0131r. Mahkemece taraflar uzla\u015fmaya y\u00f6nlendirilmi\u015f, Kooperatif Ba\u015fkan\u0131ndan al\u0131nan bilgiye g\u00f6re Kooperatif taraf\u0131ndan 2 y\u0131l kira veya 500.00TL nakit para teklif edilmi\u015f, Mehmet \u00c7EL\u0130K kabul etmemi\u015ftir. 1 Daire teklif edilmi\u015f Mehmet \u00c7EL\u0130K taraf\u0131ndan yine kabul edilmemi\u015f ve uzla\u015fma ger\u00e7ekle\u015fmedi\u201d denildi.\u00a0<\/p>\n<p>A\u0130LE TEKL\u0130FLER\u0130 REDDETT\u0130\u00a0<\/p>\n<p>A\u00e7\u0131klaman\u0131n devam\u0131nda ise, \u201cMahkemede s\u00fcren dava sonu\u00e7lanm\u0131\u015f, Antalya Genel \u0130cra Dairesinin 2024\/120937 Esas say\u0131l\u0131 karar\u0131 gere\u011fince 30.01.2025 g\u00fcn\u00fc saat 15:00 s\u0131ralar\u0131nda bahse konu yap\u0131da ikamet eden Mehmet \u00c7EL\u0130K isimli vatanda\u015f tahliye edilmi\u015ftir. \u015eahs\u0131n 3 o\u011flu ayn\u0131 mahallede ikamet etmekte olup, ikisi sera i\u015fleriyle, biri demir i\u015fleriyle u\u011fra\u015fmaktad\u0131r. Aile ve Sosyal Politikalar \u0130l M\u00fcd\u00fcrl\u00fc\u011f\u00fcm\u00fcz ekipleri ve Sosyal Yard\u0131mla\u015fma ve Dayan\u0131\u015fma Vakf\u0131 Ba\u015fkanl\u0131\u011f\u0131 personelimiz aileyi ziyaret etmi\u015f, \u00fccretsiz otelde ve kamu misafirhanelerinde kalma tekliflerini aile reddetmi\u015ftir. \u015eah\u0131slar Mahkeme karar\u0131na ra\u011fmen esas olarak daha \u00f6nce hazine arazisi \u00fczerine yap\u0131lan evlerini ve arsas\u0131n\u0131 geri alabilmek d\u00fc\u015f\u00fcncesi ile b\u00f6lgeyi terketmemektedirler\u201d ifadelerine yer verildi.<\/p>\n<p>\u200bAntalya Kepez\u2019de 30 y\u0131ld\u0131r oturduklar\u0131 evden icra yoluyla tahliye edilen ya\u015fl\u0131 \u00e7iftin buz gibi havada geceyi d\u0131\u015far\u0131da ge\u00e7irmesi y\u00fcrek burkmu\u015ftu. Antalya K\u00f6rfez Gazetesi&#8217;nin g\u00fcndeme getirdi\u011fi aile i\u00e7in Kepez Kaymakaml\u0131\u011f\u0131 bir a\u00e7\u0131klama yaparak merak edilen sorulara cevap verdi\u00a0<\/p>\n<p>\u200bHaberin Al\u0131nt\u0131land\u0131\u011f\u0131 Kaynak: www.antalyakorfez.com<\/p>","protected":false},"excerpt":{"rendered":"<p>Antalya\u2019n\u0131n Kepez il\u00e7esi Gaziler Esentepe Mahallesi\u2019nde ya\u015fayan 65 ya\u015f\u0131ndaki Mehmet \u00c7elik ve e\u015fi Fatma \u00c7elik, 30 y\u0131ld\u0131r oturduklar\u0131 evden icra yoluyla ge\u00e7ti\u011fimiz g\u00fcnlerde tahliye edildi. Mahkeme s\u00fcreci devam ederken e\u015fyalar\u0131yla birlikte soka\u011fa at\u0131lan ve geceyi a\u00e7\u0131k havada ge\u00e7irmek zorunda kalan ya\u015fl\u0131 \u00e7iftin yard\u0131m \u00e7a\u011fr\u0131s\u0131 y\u00fcrek burktu. Geceyi sokakta ge\u00e7irmek zorunda kalan \u00c7elik \u00e7ifti, so\u011fuk hava nedeniyle ate\u015f yakarak \u0131s\u0131nd\u0131. Kom\u015fular\u0131 geceyi d\u0131\u015far\u0131da ge\u00e7iren aileyi bir an olsun yaln\u0131z b\u0131rakmad\u0131. \u00c7iftin ya\u015fad\u0131\u011f\u0131 ma\u011fduriyet, mahalle sakinlerini de derinden \u00fczd\u00fc. Kom\u015fular\u0131n\u0131n zaman zaman yard\u0131mda bulunmas\u0131na ra\u011fmen, \u00e7iftin kal\u0131c\u0131 bir bar\u0131nma ihtiyac\u0131na \u00e7\u00f6z\u00fcm bulunamad\u0131. DURDURMA KARARI ALINDI Antalya K\u00f6rfez Gazetesi&#8217;nin g\u00fcndeme getirdi\u011fi aile i\u00e7in Kepez Kaymakaml\u0131\u011f\u0131 bir a\u00e7\u0131klama yaparak merak edilen sorulara cevap verdi. \u00a0A\u00e7\u0131klamada, \u201cMehmet \u00c7EL\u0130K ve e\u015fi Gaziler Mahallesinde ikamet etmektedirler. \u0130kamet ettikleri alan S.S. Antalya Esnaflar K\u00fc\u00e7\u00fck Sanayi Sitesi Yap\u0131 Kooperatifi ad\u0131na kay\u0131tl\u0131d\u0131r. 21.09.2022 tarihinde Kooperatif yetkililerince y\u0131k\u0131m yap\u0131laca\u011f\u0131 taraflara bildirilmi\u015f, ancak taraflar y\u00fcr\u00fctmeyi durdurma karar\u0131 alm\u0131\u015ft\u0131r. Mahkemece taraflar uzla\u015fmaya y\u00f6nlendirilmi\u015f, Kooperatif Ba\u015fkan\u0131ndan al\u0131nan bilgiye g\u00f6re Kooperatif taraf\u0131ndan 2 y\u0131l kira veya 500.00TL nakit para teklif edilmi\u015f, Mehmet \u00c7EL\u0130K kabul etmemi\u015ftir. 1 Daire teklif edilmi\u015f Mehmet \u00c7EL\u0130K taraf\u0131ndan yine kabul edilmemi\u015f ve uzla\u015fma ger\u00e7ekle\u015fmedi\u201d denildi.\u00a0 A\u0130LE TEKL\u0130FLER\u0130 REDDETT\u0130\u00a0 A\u00e7\u0131klaman\u0131n devam\u0131nda ise, \u201cMahkemede s\u00fcren dava sonu\u00e7lanm\u0131\u015f, Antalya Genel \u0130cra Dairesinin 2024\/120937 Esas &hellip;<\/p>","protected":false},"author":5,"featured_media":0,"comment_status":"open","ping_status":"open","sticky":false,"template":"","format":"standard","meta":{"_acf_changed":false,"footnotes":""},"categories":[24],"tags":[],"class_list":["post-30199","post","type-post","status-publish","format-standard","has-post-thumbnail","hentry","category-gundem"],"acf":[],"yoast_head":"<!-- This site is optimized with the Yoast SEO Premium plugin v26.6 (Yoast SEO v27.1.1) - https:\/\/yoast.com\/product\/yoast-seo-premium-wordpress\/ -->\n<title>Antalya\u2019da T\u00fcrkiye\u2019nin g\u00fcndemine oturan olayda ger\u00e7ek bamba\u015fka \u00e7\u0131kt\u0131! - Av. Deniz Can K\u0131z\u0131l<\/title>\n<meta name=\"robots\" content=\"index, follow, max-snippet:-1, max-image-preview:large, max-video-preview:-1\" \/>\n<link rel=\"canonical\" href=\"http:\/\/denizcankizil.tr\/en\/haberler\/gundem\/antalyada-turkiyenin-gundemine-oturan-olayda-gercek-bambaska-cikti\/\" \/>\n<meta property=\"og:locale\" content=\"en_GB\" \/>\n<meta property=\"og:type\" content=\"article\" \/>\n<meta property=\"og:title\" content=\"Antalya\u2019da T\u00fcrkiye\u2019nin g\u00fcndemine oturan olayda ger\u00e7ek bamba\u015fka \u00e7\u0131kt\u0131!\" \/>\n<meta property=\"og:description\" content=\"Antalya\u2019n\u0131n Kepez il\u00e7esi Gaziler Esentepe Mahallesi\u2019nde ya\u015fayan 65 ya\u015f\u0131ndaki Mehmet \u00c7elik ve e\u015fi Fatma \u00c7elik, 30 y\u0131ld\u0131r oturduklar\u0131 evden icra yoluyla ge\u00e7ti\u011fimiz g\u00fcnlerde tahliye edildi. Mahkeme s\u00fcreci devam ederken e\u015fyalar\u0131yla birlikte soka\u011fa at\u0131lan ve geceyi a\u00e7\u0131k havada ge\u00e7irmek zorunda kalan ya\u015fl\u0131 \u00e7iftin yard\u0131m \u00e7a\u011fr\u0131s\u0131 y\u00fcrek burktu. Geceyi sokakta ge\u00e7irmek zorunda kalan \u00c7elik \u00e7ifti, so\u011fuk hava nedeniyle ate\u015f yakarak \u0131s\u0131nd\u0131. Kom\u015fular\u0131 geceyi d\u0131\u015far\u0131da ge\u00e7iren aileyi bir an olsun yaln\u0131z b\u0131rakmad\u0131. \u00c7iftin ya\u015fad\u0131\u011f\u0131 ma\u011fduriyet, mahalle sakinlerini de derinden \u00fczd\u00fc. Kom\u015fular\u0131n\u0131n zaman zaman yard\u0131mda bulunmas\u0131na ra\u011fmen, \u00e7iftin kal\u0131c\u0131 bir bar\u0131nma ihtiyac\u0131na \u00e7\u00f6z\u00fcm bulunamad\u0131. DURDURMA KARARI ALINDI Antalya K\u00f6rfez Gazetesi&#8217;nin g\u00fcndeme getirdi\u011fi aile i\u00e7in Kepez Kaymakaml\u0131\u011f\u0131 bir a\u00e7\u0131klama yaparak merak edilen sorulara cevap verdi. \u00a0A\u00e7\u0131klamada, \u201cMehmet \u00c7EL\u0130K ve e\u015fi Gaziler Mahallesinde ikamet etmektedirler. \u0130kamet ettikleri alan S.S. Antalya Esnaflar K\u00fc\u00e7\u00fck Sanayi Sitesi Yap\u0131 Kooperatifi ad\u0131na kay\u0131tl\u0131d\u0131r. 21.09.2022 tarihinde Kooperatif yetkililerince y\u0131k\u0131m yap\u0131laca\u011f\u0131 taraflara bildirilmi\u015f, ancak taraflar y\u00fcr\u00fctmeyi durdurma karar\u0131 alm\u0131\u015ft\u0131r. Mahkemece taraflar uzla\u015fmaya y\u00f6nlendirilmi\u015f, Kooperatif Ba\u015fkan\u0131ndan al\u0131nan bilgiye g\u00f6re Kooperatif taraf\u0131ndan 2 y\u0131l kira veya 500.00TL nakit para teklif edilmi\u015f, Mehmet \u00c7EL\u0130K kabul etmemi\u015ftir. 1 Daire teklif edilmi\u015f Mehmet \u00c7EL\u0130K taraf\u0131ndan yine kabul edilmemi\u015f ve uzla\u015fma ger\u00e7ekle\u015fmedi\u201d denildi.\u00a0 A\u0130LE TEKL\u0130FLER\u0130 REDDETT\u0130\u00a0 A\u00e7\u0131klaman\u0131n devam\u0131nda ise, \u201cMahkemede s\u00fcren dava sonu\u00e7lanm\u0131\u015f, Antalya Genel \u0130cra Dairesinin 2024\/120937 Esas &hellip;\" \/>\n<meta property=\"og:url\" content=\"http:\/\/denizcankizil.tr\/en\/haberler\/gundem\/antalyada-turkiyenin-gundemine-oturan-olayda-gercek-bambaska-cikti\/\" \/>\n<meta property=\"og:site_name\" content=\"Av. Deniz Can K\u0131z\u0131l\" \/>\n<meta property=\"article:published_time\" content=\"2025-02-04T19:41:34+00:00\" \/>\n<meta name=\"author\" content=\"Antalya K\u00f6rfez\" \/>\n<meta name=\"twitter:card\" content=\"summary_large_image\" \/>\n<meta name=\"twitter:label1\" content=\"Written by\" \/>\n\t<meta name=\"twitter:data1\" content=\"Antalya K\u00f6rfez\" \/>\n\t<meta name=\"twitter:label2\" content=\"Estimated reading time\" \/>\n\t<meta name=\"twitter:data2\" content=\"2 minutes\" \/>\n<script type=\"application\/ld+json\" class=\"yoast-schema-graph\">{\"@context\":\"https:\/\/schema.org\",\"@graph\":[{\"@type\":\"Article\",\"@id\":\"http:\/\/denizcankizil.tr\/en\/haberler\/gundem\/antalyada-turkiyenin-gundemine-oturan-olayda-gercek-bambaska-cikti\/#article\",\"isPartOf\":{\"@id\":\"http:\/\/denizcankizil.tr\/en\/haberler\/gundem\/antalyada-turkiyenin-gundemine-oturan-olayda-gercek-bambaska-cikti\/\"},\"author\":{\"name\":\"Antalya K\u00f6rfez\",\"@id\":\"https:\/\/denizcankizil.tr\/de\/#\/schema\/person\/e1eb71bb4dd684d46563f0af307e1234\"},\"headline\":\"Antalya\u2019da T\u00fcrkiye\u2019nin g\u00fcndemine oturan olayda ger\u00e7ek bamba\u015fka \u00e7\u0131kt\u0131!\",\"datePublished\":\"2025-02-04T19:41:34+00:00\",\"mainEntityOfPage\":{\"@id\":\"http:\/\/denizcankizil.tr\/en\/haberler\/gundem\/antalyada-turkiyenin-gundemine-oturan-olayda-gercek-bambaska-cikti\/\"},\"wordCount\":469,\"commentCount\":0,\"publisher\":{\"@id\":\"https:\/\/denizcankizil.tr\/de\/#organization\"},\"articleSection\":[\"G\u00fcndem\"],\"inLanguage\":\"en-GB\",\"potentialAction\":[{\"@type\":\"CommentAction\",\"name\":\"Comment\",\"target\":[\"http:\/\/denizcankizil.tr\/en\/haberler\/gundem\/antalyada-turkiyenin-gundemine-oturan-olayda-gercek-bambaska-cikti\/#respond\"]}]},{\"@type\":\"WebPage\",\"@id\":\"http:\/\/denizcankizil.tr\/en\/haberler\/gundem\/antalyada-turkiyenin-gundemine-oturan-olayda-gercek-bambaska-cikti\/\",\"url\":\"http:\/\/denizcankizil.tr\/en\/haberler\/gundem\/antalyada-turkiyenin-gundemine-oturan-olayda-gercek-bambaska-cikti\/\",\"name\":\"Antalya\u2019da T\u00fcrkiye\u2019nin g\u00fcndemine oturan olayda ger\u00e7ek bamba\u015fka \u00e7\u0131kt\u0131! - Av. Deniz Can K\u0131z\u0131l\",\"isPartOf\":{\"@id\":\"https:\/\/denizcankizil.tr\/de\/#website\"},\"datePublished\":\"2025-02-04T19:41:34+00:00\",\"breadcrumb\":{\"@id\":\"http:\/\/denizcankizil.tr\/en\/haberler\/gundem\/antalyada-turkiyenin-gundemine-oturan-olayda-gercek-bambaska-cikti\/#breadcrumb\"},\"inLanguage\":\"en-GB\",\"potentialAction\":[{\"@type\":\"ReadAction\",\"target\":[\"http:\/\/denizcankizil.tr\/en\/haberler\/gundem\/antalyada-turkiyenin-gundemine-oturan-olayda-gercek-bambaska-cikti\/\"]}]},{\"@type\":\"BreadcrumbList\",\"@id\":\"http:\/\/denizcankizil.tr\/en\/haberler\/gundem\/antalyada-turkiyenin-gundemine-oturan-olayda-gercek-bambaska-cikti\/#breadcrumb\",\"itemListElement\":[{\"@type\":\"ListItem\",\"position\":1,\"name\":\"Home\",\"item\":\"https:\/\/denizcankizil.tr\/de\/\"},{\"@type\":\"ListItem\",\"position\":2,\"name\":\"Antalya\u2019da T\u00fcrkiye\u2019nin g\u00fcndemine oturan olayda ger\u00e7ek bamba\u015fka \u00e7\u0131kt\u0131!\"}]},{\"@type\":\"WebSite\",\"@id\":\"https:\/\/denizcankizil.tr\/de\/#website\",\"url\":\"https:\/\/denizcankizil.tr\/de\/\",\"name\":\"Av. Deniz Can K\u0131z\u0131l\",\"description\":\"Avukat Deniz Can K\u0131z\u0131l Antalya Barosu\",\"publisher\":{\"@id\":\"https:\/\/denizcankizil.tr\/de\/#organization\"},\"potentialAction\":[{\"@type\":\"SearchAction\",\"target\":{\"@type\":\"EntryPoint\",\"urlTemplate\":\"https:\/\/denizcankizil.tr\/de\/?s={search_term_string}\"},\"query-input\":{\"@type\":\"PropertyValueSpecification\",\"valueRequired\":true,\"valueName\":\"search_term_string\"}}],\"inLanguage\":\"en-GB\"},{\"@type\":\"Organization\",\"@id\":\"https:\/\/denizcankizil.tr\/de\/#organization\",\"name\":\"Av. Deniz Can K\u0131z\u0131l\",\"url\":\"https:\/\/denizcankizil.tr\/de\/\",\"logo\":{\"@type\":\"ImageObject\",\"inLanguage\":\"en-GB\",\"@id\":\"https:\/\/denizcankizil.tr\/de\/#\/schema\/logo\/image\/\",\"url\":\"http:\/\/denizcankizil.tr\/wp-content\/uploads\/2024\/10\/siyah-logo-svg.svg\",\"contentUrl\":\"http:\/\/denizcankizil.tr\/wp-content\/uploads\/2024\/10\/siyah-logo-svg.svg\",\"width\":1080,\"height\":1080,\"caption\":\"Av. Deniz Can K\u0131z\u0131l\"},\"image\":{\"@id\":\"https:\/\/denizcankizil.tr\/de\/#\/schema\/logo\/image\/\"}},{\"@type\":\"Person\",\"@id\":\"https:\/\/denizcankizil.tr\/de\/#\/schema\/person\/e1eb71bb4dd684d46563f0af307e1234\",\"name\":\"Antalya K\u00f6rfez\",\"image\":{\"@type\":\"ImageObject\",\"inLanguage\":\"en-GB\",\"@id\":\"https:\/\/denizcankizil.tr\/de\/#\/schema\/person\/image\/\",\"url\":\"https:\/\/secure.gravatar.com\/avatar\/42b01982558a48a0b501fdcab6a408d3717ea5919095ee2e67b0e521799c5905?s=96&d=mm&r=g\",\"contentUrl\":\"https:\/\/secure.gravatar.com\/avatar\/42b01982558a48a0b501fdcab6a408d3717ea5919095ee2e67b0e521799c5905?s=96&d=mm&r=g\",\"caption\":\"Antalya K\u00f6rfez\"},\"sameAs\":[\"http:\/\/www.antalyakorfez.com\"],\"url\":\"https:\/\/www.antalyakorfez.com\/antalyada-turkiyenin-gundemine-oturan-olayda-gercek-bambaska-cikti\"}]}<\/script>\n<!-- \/ Yoast SEO Premium plugin. -->","yoast_head_json":{"title":"Antalya\u2019da T\u00fcrkiye\u2019nin g\u00fcndemine oturan olayda ger\u00e7ek bamba\u015fka \u00e7\u0131kt\u0131! - Av. Deniz Can K\u0131z\u0131l","robots":{"index":"index","follow":"follow","max-snippet":"max-snippet:-1","max-image-preview":"max-image-preview:large","max-video-preview":"max-video-preview:-1"},"canonical":"http:\/\/denizcankizil.tr\/en\/haberler\/gundem\/antalyada-turkiyenin-gundemine-oturan-olayda-gercek-bambaska-cikti\/","og_locale":"en_GB","og_type":"article","og_title":"Antalya\u2019da T\u00fcrkiye\u2019nin g\u00fcndemine oturan olayda ger\u00e7ek bamba\u015fka \u00e7\u0131kt\u0131!","og_description":"Antalya\u2019n\u0131n Kepez il\u00e7esi Gaziler Esentepe Mahallesi\u2019nde ya\u015fayan 65 ya\u015f\u0131ndaki Mehmet \u00c7elik ve e\u015fi Fatma \u00c7elik, 30 y\u0131ld\u0131r oturduklar\u0131 evden icra yoluyla ge\u00e7ti\u011fimiz g\u00fcnlerde tahliye edildi. Mahkeme s\u00fcreci devam ederken e\u015fyalar\u0131yla birlikte soka\u011fa at\u0131lan ve geceyi a\u00e7\u0131k havada ge\u00e7irmek zorunda kalan ya\u015fl\u0131 \u00e7iftin yard\u0131m \u00e7a\u011fr\u0131s\u0131 y\u00fcrek burktu. Geceyi sokakta ge\u00e7irmek zorunda kalan \u00c7elik \u00e7ifti, so\u011fuk hava nedeniyle ate\u015f yakarak \u0131s\u0131nd\u0131. Kom\u015fular\u0131 geceyi d\u0131\u015far\u0131da ge\u00e7iren aileyi bir an olsun yaln\u0131z b\u0131rakmad\u0131. \u00c7iftin ya\u015fad\u0131\u011f\u0131 ma\u011fduriyet, mahalle sakinlerini de derinden \u00fczd\u00fc. Kom\u015fular\u0131n\u0131n zaman zaman yard\u0131mda bulunmas\u0131na ra\u011fmen, \u00e7iftin kal\u0131c\u0131 bir bar\u0131nma ihtiyac\u0131na \u00e7\u00f6z\u00fcm bulunamad\u0131. DURDURMA KARARI ALINDI Antalya K\u00f6rfez Gazetesi&#8217;nin g\u00fcndeme getirdi\u011fi aile i\u00e7in Kepez Kaymakaml\u0131\u011f\u0131 bir a\u00e7\u0131klama yaparak merak edilen sorulara cevap verdi. \u00a0A\u00e7\u0131klamada, \u201cMehmet \u00c7EL\u0130K ve e\u015fi Gaziler Mahallesinde ikamet etmektedirler. \u0130kamet ettikleri alan S.S. Antalya Esnaflar K\u00fc\u00e7\u00fck Sanayi Sitesi Yap\u0131 Kooperatifi ad\u0131na kay\u0131tl\u0131d\u0131r. 21.09.2022 tarihinde Kooperatif yetkililerince y\u0131k\u0131m yap\u0131laca\u011f\u0131 taraflara bildirilmi\u015f, ancak taraflar y\u00fcr\u00fctmeyi durdurma karar\u0131 alm\u0131\u015ft\u0131r. Mahkemece taraflar uzla\u015fmaya y\u00f6nlendirilmi\u015f, Kooperatif Ba\u015fkan\u0131ndan al\u0131nan bilgiye g\u00f6re Kooperatif taraf\u0131ndan 2 y\u0131l kira veya 500.00TL nakit para teklif edilmi\u015f, Mehmet \u00c7EL\u0130K kabul etmemi\u015ftir. 1 Daire teklif edilmi\u015f Mehmet \u00c7EL\u0130K taraf\u0131ndan yine kabul edilmemi\u015f ve uzla\u015fma ger\u00e7ekle\u015fmedi\u201d denildi.\u00a0 A\u0130LE TEKL\u0130FLER\u0130 REDDETT\u0130\u00a0 A\u00e7\u0131klaman\u0131n devam\u0131nda ise, \u201cMahkemede s\u00fcren dava sonu\u00e7lanm\u0131\u015f, Antalya Genel \u0130cra Dairesinin 2024\/120937 Esas &hellip;","og_url":"http:\/\/denizcankizil.tr\/en\/haberler\/gundem\/antalyada-turkiyenin-gundemine-oturan-olayda-gercek-bambaska-cikti\/","og_site_name":"Av. Deniz Can K\u0131z\u0131l","article_published_time":"2025-02-04T19:41:34+00:00","author":"Antalya K\u00f6rfez","twitter_card":"summary_large_image","twitter_misc":{"Written by":"Antalya K\u00f6rfez","Estimated reading time":"2 minutes"},"schema":{"@context":"https:\/\/schema.org","@graph":[{"@type":"Article","@id":"http:\/\/denizcankizil.tr\/en\/haberler\/gundem\/antalyada-turkiyenin-gundemine-oturan-olayda-gercek-bambaska-cikti\/#article","isPartOf":{"@id":"http:\/\/denizcankizil.tr\/en\/haberler\/gundem\/antalyada-turkiyenin-gundemine-oturan-olayda-gercek-bambaska-cikti\/"},"author":{"name":"Antalya K\u00f6rfez","@id":"https:\/\/denizcankizil.tr\/de\/#\/schema\/person\/e1eb71bb4dd684d46563f0af307e1234"},"headline":"Antalya\u2019da T\u00fcrkiye\u2019nin g\u00fcndemine oturan olayda ger\u00e7ek bamba\u015fka \u00e7\u0131kt\u0131!","datePublished":"2025-02-04T19:41:34+00:00","mainEntityOfPage":{"@id":"http:\/\/denizcankizil.tr\/en\/haberler\/gundem\/antalyada-turkiyenin-gundemine-oturan-olayda-gercek-bambaska-cikti\/"},"wordCount":469,"commentCount":0,"publisher":{"@id":"https:\/\/denizcankizil.tr\/de\/#organization"},"articleSection":["G\u00fcndem"],"inLanguage":"en-GB","potentialAction":[{"@type":"CommentAction","name":"Comment","target":["http:\/\/denizcankizil.tr\/en\/haberler\/gundem\/antalyada-turkiyenin-gundemine-oturan-olayda-gercek-bambaska-cikti\/#respond"]}]},{"@type":"WebPage","@id":"http:\/\/denizcankizil.tr\/en\/haberler\/gundem\/antalyada-turkiyenin-gundemine-oturan-olayda-gercek-bambaska-cikti\/","url":"http:\/\/denizcankizil.tr\/en\/haberler\/gundem\/antalyada-turkiyenin-gundemine-oturan-olayda-gercek-bambaska-cikti\/","name":"Antalya\u2019da T\u00fcrkiye\u2019nin g\u00fcndemine oturan olayda ger\u00e7ek bamba\u015fka \u00e7\u0131kt\u0131! - Av. Deniz Can K\u0131z\u0131l","isPartOf":{"@id":"https:\/\/denizcankizil.tr\/de\/#website"},"datePublished":"2025-02-04T19:41:34+00:00","breadcrumb":{"@id":"http:\/\/denizcankizil.tr\/en\/haberler\/gundem\/antalyada-turkiyenin-gundemine-oturan-olayda-gercek-bambaska-cikti\/#breadcrumb"},"inLanguage":"en-GB","potentialAction":[{"@type":"ReadAction","target":["http:\/\/denizcankizil.tr\/en\/haberler\/gundem\/antalyada-turkiyenin-gundemine-oturan-olayda-gercek-bambaska-cikti\/"]}]},{"@type":"BreadcrumbList","@id":"http:\/\/denizcankizil.tr\/en\/haberler\/gundem\/antalyada-turkiyenin-gundemine-oturan-olayda-gercek-bambaska-cikti\/#breadcrumb","itemListElement":[{"@type":"ListItem","position":1,"name":"Home","item":"https:\/\/denizcankizil.tr\/de\/"},{"@type":"ListItem","position":2,"name":"Antalya\u2019da T\u00fcrkiye\u2019nin g\u00fcndemine oturan olayda ger\u00e7ek bamba\u015fka \u00e7\u0131kt\u0131!"}]},{"@type":"WebSite","@id":"https:\/\/denizcankizil.tr\/de\/#website","url":"https:\/\/denizcankizil.tr\/de\/","name":"Av. Deniz Can K\u0131z\u0131l","description":"Avukat Deniz Can K\u0131z\u0131l Antalya Barosu","publisher":{"@id":"https:\/\/denizcankizil.tr\/de\/#organization"},"potentialAction":[{"@type":"SearchAction","target":{"@type":"EntryPoint","urlTemplate":"https:\/\/denizcankizil.tr\/de\/?s={search_term_string}"},"query-input":{"@type":"PropertyValueSpecification","valueRequired":true,"valueName":"search_term_string"}}],"inLanguage":"en-GB"},{"@type":"Organization","@id":"https:\/\/denizcankizil.tr\/de\/#organization","name":"Av. Deniz Can K\u0131z\u0131l","url":"https:\/\/denizcankizil.tr\/de\/","logo":{"@type":"ImageObject","inLanguage":"en-GB","@id":"https:\/\/denizcankizil.tr\/de\/#\/schema\/logo\/image\/","url":"http:\/\/denizcankizil.tr\/wp-content\/uploads\/2024\/10\/siyah-logo-svg.svg","contentUrl":"http:\/\/denizcankizil.tr\/wp-content\/uploads\/2024\/10\/siyah-logo-svg.svg","width":1080,"height":1080,"caption":"Av. Deniz Can K\u0131z\u0131l"},"image":{"@id":"https:\/\/denizcankizil.tr\/de\/#\/schema\/logo\/image\/"}},{"@type":"Person","@id":"https:\/\/denizcankizil.tr\/de\/#\/schema\/person\/e1eb71bb4dd684d46563f0af307e1234","name":"Antalya K\u00f6rfez","image":{"@type":"ImageObject","inLanguage":"en-GB","@id":"https:\/\/denizcankizil.tr\/de\/#\/schema\/person\/image\/","url":"https:\/\/secure.gravatar.com\/avatar\/42b01982558a48a0b501fdcab6a408d3717ea5919095ee2e67b0e521799c5905?s=96&d=mm&r=g","contentUrl":"https:\/\/secure.gravatar.com\/avatar\/42b01982558a48a0b501fdcab6a408d3717ea5919095ee2e67b0e521799c5905?s=96&d=mm&r=g","caption":"Antalya K\u00f6rfez"},"sameAs":["http:\/\/www.antalyakorfez.com"],"url":"https:\/\/www.antalyakorfez.com\/antalyada-turkiyenin-gundemine-oturan-olayda-gercek-bambaska-cikti"}]}},"_links":{"self":[{"href":"http:\/\/denizcankizil.tr\/en\/wp-json\/wp\/v2\/posts\/30199","targetHints":{"allow":["GET"]}}],"collection":[{"href":"http:\/\/denizcankizil.tr\/en\/wp-json\/wp\/v2\/posts"}],"about":[{"href":"http:\/\/denizcankizil.tr\/en\/wp-json\/wp\/v2\/types\/post"}],"author":[{"embeddable":true,"href":"http:\/\/denizcankizil.tr\/en\/wp-json\/wp\/v2\/users\/5"}],"replies":[{"embeddable":true,"href":"http:\/\/denizcankizil.tr\/en\/wp-json\/wp\/v2\/comments?post=30199"}],"version-history":[{"count":0,"href":"http:\/\/denizcankizil.tr\/en\/wp-json\/wp\/v2\/posts\/30199\/revisions"}],"wp:attachment":[{"href":"http:\/\/denizcankizil.tr\/en\/wp-json\/wp\/v2\/media?parent=30199"}],"wp:term":[{"taxonomy":"category","embeddable":true,"href":"http:\/\/denizcankizil.tr\/en\/wp-json\/wp\/v2\/categories?post=30199"},{"taxonomy":"post_tag","embeddable":true,"href":"http:\/\/denizcankizil.tr\/en\/wp-json\/wp\/v2\/tags?post=30199"}],"curies":[{"name":"wp","href":"https:\/\/api.w.org\/{rel}","templated":true}]}}