{"id":29092,"date":"2025-01-31T17:41:41","date_gmt":"2025-01-31T14:41:41","guid":{"rendered":"https:\/\/denizcankizil.tr\/uncategorized-tr\/isverenler-icin-iskur-ve-sgk-destekleri-anlatildi\/"},"modified":"2025-01-31T17:41:41","modified_gmt":"2025-01-31T14:41:41","slug":"isverenler-icin-iskur-ve-sgk-destekleri-anlatildi","status":"publish","type":"post","link":"http:\/\/denizcankizil.tr\/en\/haberler\/gundem\/isverenler-icin-iskur-ve-sgk-destekleri-anlatildi\/","title":{"rendered":"\u0130\u015fverenler i\u00e7in \u0130\u015eKUR ve SGK Destekleri Anlat\u0131ld\u0131"},"content":{"rendered":"<p>\u0130TSO Ba\u015fkan\u0131 Levent Hakk\u0131 Y\u0131lmaz\u2019\u0131n da haz\u0131r bulundu\u011fu toplant\u0131da konu\u015fan \u0130\u015f ve Meslek Dan\u0131\u015fman\u0131 Atilla B\u00fclb\u00fcl, \u0130\u015eKUR\u2019un \u0130\u015fba\u015f\u0131 E\u011fitim Program\u0131 hakk\u0131nda a\u00e7\u0131klamalarda bulundu. Program\u0131n amac\u0131n\u0131n, i\u015fsiz bireyleri mesleki becerilerle donatarak i\u015f g\u00fcc\u00fc piyasas\u0131na kazand\u0131rmak oldu\u011funu, i\u015fverenlerin de bu s\u00fcre\u00e7te personel yeti\u015ftirme f\u0131rsat\u0131na sahip olaca\u011f\u0131n\u0131 s\u00f6yledi.<\/p>\n<p>\u0130\u015eBA\u015eI E\u011e\u0130T\u0130M PROGRAMI NED\u0130R?<\/p>\n<p>\u0130\u015f ve Meslek Dan\u0131\u015fman\u0131 Atilla B\u00fclb\u00fcl taraf\u0131ndan yap\u0131lan sunumda \u201c\u0130\u015eKUR\u2019un \u0130\u015fba\u015f\u0131 E\u011fitim Program\u0131, i\u015fsizlerin teorik bilgilerini i\u015f yerlerinde pratik deneyimle peki\u015ftirmesini sa\u011fl\u0131yor. Program kapsam\u0131nda i\u015fverenler, i\u015fe almay\u0131 d\u00fc\u015f\u00fcnd\u00fckleri adaylar\u0131 belirleyebiliyor veya \u0130\u015eKUR\u2019dan destek alarak uygun adaylar\u0131 se\u00e7ebiliyorlar\u201d dedi.<\/p>\n<p>\u0130\u015f ve Meslek Dan\u0131\u015fman\u0131 Atilla B\u00fclb\u00fcl bilgilendirme toplant\u0131s\u0131nda kat\u0131l\u0131mc\u0131lara \u015funlar\u0131 payla\u015ft\u0131:<\/p>\n<p>PROGRAMIN AVANTAJLARI:<\/p>\n<p> \u0130\u015fsizler i\u00e7in: Mesleki beceri ve deneyim kazanma, istihdam \u015fans\u0131n\u0131n artmas\u0131, program s\u00fcresince gelir elde etme.<br \/>\n \u0130\u015fverenler i\u00e7in: Adaylar\u0131n geli\u015fimini g\u00f6zlemleme, maliyetsiz personel yeti\u015ftirme, i\u015f g\u00fcc\u00fc maliyetini azaltarak rekabet avantaj\u0131 sa\u011flama.<\/p>\n<p>DESTEK VER\u0130LEN VE <\/p>\n<p>DESTEKLENMEYEN MESLEKLER<\/p>\n<p>Program kapsam\u0131nda m\u00fchendislik, avukatl\u0131k, muhasebecilik gibi nitelik gerektiren meslekler destekleniyor. Ancak, \u00f6\u011fretmenlik ve bas\u0131n-yay\u0131n gibi meslekler programa dahil edilmiyor.<\/p>\n<p>KURS\u0130YERLER \u0130\u00c7\u0130N G\u00dcNL\u00dcK <\/p>\n<p>\u00d6DEME TUTARLARI\u2026<\/p>\n<p> Genel kursiyerler: 850 TL<br \/>\n Lise ve \u00f6rg\u00fcn e\u011fitim \u00f6\u011frencileri: 637 TL<br \/>\n A\u00e7\u0131k \u00f6\u011fretim ve uzaktan e\u011fitim \u00f6\u011frencileri: 850 TL<br \/>\n \u0130\u015fsizlik maa\u015f\u0131 alanlar: 425 TL<\/p>\n<p>Kat\u0131l\u0131mc\u0131lar ayr\u0131ca genel sa\u011fl\u0131k sigortas\u0131, i\u015f kazas\u0131 ve meslek hastal\u0131klar\u0131 sigortas\u0131ndan da yararlanabiliyor.<\/p>\n<p>\u0130\u015eVERENLER \u0130\u00c7\u0130N <\/p>\n<p>KATILIM \u015eARTLARI<\/p>\n<p>\u0130\u015fverenlerin programa dahil olabilmesi i\u00e7in en az 5 \u00e7al\u0131\u015fan\u0131 bulunmas\u0131 gerekiyor. \u0130\u015fverenler, mevcut personel say\u0131lar\u0131n\u0131n %30&#8217;u kadar kursiyer talep edebilirken, bu kat\u0131l\u0131mc\u0131lar\u0131n en az %60&#8217;\u0131n\u0131n istihdam edilmesi zorunlu tutuluyor. Ayr\u0131ca, kursiyerlerin istihdam s\u00fcresi, programa kat\u0131l\u0131m s\u00fcresinin iki kat\u0131 olarak belirleniyor.\u201d<\/p>\n<p>SGK TE\u015eV\u0130KLER\u0130 <\/p>\n<p>CEZA VE \u0130ND\u0130R\u0130MLER<\/p>\n<p>SGK te\u015fvikleriyle ilgili konu\u015fan Zeynep Arslan, i\u015fverenlerin te\u015fviklerden yararlanabilmesi i\u00e7in vergi numaralar\u0131 \u00fczerinden yap\u0131lan sorgulamada gecikme zamm\u0131 veya idari ceza borcu bulunmamas\u0131 gerekti\u011fini vurgulad\u0131.<\/p>\n<p>5 PUANLIK PR\u0130M <\/p>\n<p>TE\u015eV\u0130K\u0130NDE DE\u011e\u0130\u015e\u0130KL\u0130K<\/p>\n<p>Arslan, \u0130\u015fverenlerin te\u015fviklerden faydalanabilmesi i\u00e7in t\u00fcm \u015fubelerinde bor\u00e7suz olmalar\u0131 gerekti\u011finin alt\u0131n\u0131 \u00e7izerek \u201cAksi halde, bir \u015fubede gecikme zamm\u0131 veya idari ceza borcu varsa, te\u015fviklerden yararlan\u0131lam\u0131yor. Resm\u00ee Gazete\u2019de yay\u0131mlanan d\u00fczenlemeye g\u00f6re, 1 \u015eubat 2025 itibar\u0131yla, imalat sekt\u00f6r\u00fc d\u0131\u015f\u0131nda kalan i\u015fverenler i\u00e7in 5 puanl\u0131k SGK prim indirimi, 4 puana d\u00fc\u015f\u00fcr\u00fcld\u00fc. \u0130malat sekt\u00f6r\u00fc: 2025 ve 2026 y\u0131llar\u0131nda 5 puan indirimden yararlanacak. Di\u011fer sekt\u00f6rler: \u0130ndirim 4 puan olarak uygulanacak\u201d diye konu\u015ftu.<\/p>\n<p>\u0130\u015eKUR ve SGK\u2019n\u0131n sa\u011flad\u0131\u011f\u0131 desteklerle ilgili yap\u0131lan bu bilgilendirme toplant\u0131s\u0131n\u0131n, i\u015fverenlerin do\u011fru te\u015fviklerden yararlanarak i\u015f g\u00fcc\u00fc planlamalar\u0131n\u0131 daha etkin yapmalar\u0131na katk\u0131 sa\u011flamas\u0131 hedefleniyor.<\/p>\n<p>\u200b\u0130skenderun Ticaret ve Sanayi Odas\u0131\u2019nda d\u00fczenlenen bilgilendirme toplant\u0131s\u0131nda, i\u015fverenlere y\u00f6nelik \u0130\u015eKUR destekleri, SGK te\u015fvikleri ve indirim uygulamalar\u0131 hakk\u0131nda detayl\u0131 bilgiler verildi.\u00a0<\/p>\n<p>\u200bHaberin Al\u0131nt\u0131land\u0131\u011f\u0131 Kaynak: www.iskenderun.org<\/p>","protected":false},"excerpt":{"rendered":"<p>\u0130TSO Ba\u015fkan\u0131 Levent Hakk\u0131 Y\u0131lmaz\u2019\u0131n da haz\u0131r bulundu\u011fu toplant\u0131da konu\u015fan \u0130\u015f ve Meslek Dan\u0131\u015fman\u0131 Atilla B\u00fclb\u00fcl, \u0130\u015eKUR\u2019un \u0130\u015fba\u015f\u0131 E\u011fitim Program\u0131 hakk\u0131nda a\u00e7\u0131klamalarda bulundu. Program\u0131n amac\u0131n\u0131n, i\u015fsiz bireyleri mesleki becerilerle donatarak i\u015f g\u00fcc\u00fc piyasas\u0131na kazand\u0131rmak oldu\u011funu, i\u015fverenlerin de bu s\u00fcre\u00e7te personel yeti\u015ftirme f\u0131rsat\u0131na sahip olaca\u011f\u0131n\u0131 s\u00f6yledi. \u0130\u015eBA\u015eI E\u011e\u0130T\u0130M PROGRAMI NED\u0130R? \u0130\u015f ve Meslek Dan\u0131\u015fman\u0131 Atilla B\u00fclb\u00fcl taraf\u0131ndan yap\u0131lan sunumda \u201c\u0130\u015eKUR\u2019un \u0130\u015fba\u015f\u0131 E\u011fitim Program\u0131, i\u015fsizlerin teorik bilgilerini i\u015f yerlerinde pratik deneyimle peki\u015ftirmesini sa\u011fl\u0131yor. Program kapsam\u0131nda i\u015fverenler, i\u015fe almay\u0131 d\u00fc\u015f\u00fcnd\u00fckleri adaylar\u0131 belirleyebiliyor veya \u0130\u015eKUR\u2019dan destek alarak uygun adaylar\u0131 se\u00e7ebiliyorlar\u201d dedi. \u0130\u015f ve Meslek Dan\u0131\u015fman\u0131 Atilla B\u00fclb\u00fcl bilgilendirme toplant\u0131s\u0131nda kat\u0131l\u0131mc\u0131lara \u015funlar\u0131 payla\u015ft\u0131: PROGRAMIN AVANTAJLARI: \u0130\u015fsizler i\u00e7in: Mesleki beceri ve deneyim kazanma, istihdam \u015fans\u0131n\u0131n artmas\u0131, program s\u00fcresince gelir elde etme. \u0130\u015fverenler i\u00e7in: Adaylar\u0131n geli\u015fimini g\u00f6zlemleme, maliyetsiz personel yeti\u015ftirme, i\u015f g\u00fcc\u00fc maliyetini azaltarak rekabet avantaj\u0131 sa\u011flama. DESTEK VER\u0130LEN VE DESTEKLENMEYEN MESLEKLER Program kapsam\u0131nda m\u00fchendislik, avukatl\u0131k, muhasebecilik gibi nitelik gerektiren meslekler destekleniyor. Ancak, \u00f6\u011fretmenlik ve bas\u0131n-yay\u0131n gibi meslekler programa dahil edilmiyor. KURS\u0130YERLER \u0130\u00c7\u0130N G\u00dcNL\u00dcK \u00d6DEME TUTARLARI\u2026 Genel kursiyerler: 850 TL Lise ve \u00f6rg\u00fcn e\u011fitim \u00f6\u011frencileri: 637 TL A\u00e7\u0131k \u00f6\u011fretim ve uzaktan e\u011fitim \u00f6\u011frencileri: 850 TL \u0130\u015fsizlik maa\u015f\u0131 alanlar: 425 TL Kat\u0131l\u0131mc\u0131lar ayr\u0131ca genel sa\u011fl\u0131k sigortas\u0131, i\u015f kazas\u0131 ve meslek hastal\u0131klar\u0131 sigortas\u0131ndan da yararlanabiliyor. \u0130\u015eVERENLER \u0130\u00c7\u0130N KATILIM \u015eARTLARI &hellip;<\/p>","protected":false},"author":1,"featured_media":0,"comment_status":"open","ping_status":"open","sticky":false,"template":"","format":"standard","meta":{"_acf_changed":false,"footnotes":""},"categories":[24],"tags":[],"class_list":["post-29092","post","type-post","status-publish","format-standard","has-post-thumbnail","hentry","category-gundem"],"acf":[],"yoast_head":"<!-- This site is optimized with the Yoast SEO Premium plugin v26.6 (Yoast SEO v27.1.1) - https:\/\/yoast.com\/product\/yoast-seo-premium-wordpress\/ -->\n<title>\u0130\u015fverenler i\u00e7in \u0130\u015eKUR ve SGK Destekleri Anlat\u0131ld\u0131 - Av. Deniz Can K\u0131z\u0131l<\/title>\n<meta name=\"robots\" content=\"index, follow, max-snippet:-1, max-image-preview:large, max-video-preview:-1\" \/>\n<link rel=\"canonical\" href=\"http:\/\/denizcankizil.tr\/en\/haberler\/gundem\/isverenler-icin-iskur-ve-sgk-destekleri-anlatildi\/\" \/>\n<meta property=\"og:locale\" content=\"en_GB\" \/>\n<meta property=\"og:type\" content=\"article\" \/>\n<meta property=\"og:title\" content=\"\u0130\u015fverenler i\u00e7in \u0130\u015eKUR ve SGK Destekleri Anlat\u0131ld\u0131\" \/>\n<meta property=\"og:description\" content=\"\u0130TSO Ba\u015fkan\u0131 Levent Hakk\u0131 Y\u0131lmaz\u2019\u0131n da haz\u0131r bulundu\u011fu toplant\u0131da konu\u015fan \u0130\u015f ve Meslek Dan\u0131\u015fman\u0131 Atilla B\u00fclb\u00fcl, \u0130\u015eKUR\u2019un \u0130\u015fba\u015f\u0131 E\u011fitim Program\u0131 hakk\u0131nda a\u00e7\u0131klamalarda bulundu. Program\u0131n amac\u0131n\u0131n, i\u015fsiz bireyleri mesleki becerilerle donatarak i\u015f g\u00fcc\u00fc piyasas\u0131na kazand\u0131rmak oldu\u011funu, i\u015fverenlerin de bu s\u00fcre\u00e7te personel yeti\u015ftirme f\u0131rsat\u0131na sahip olaca\u011f\u0131n\u0131 s\u00f6yledi. \u0130\u015eBA\u015eI E\u011e\u0130T\u0130M PROGRAMI NED\u0130R? \u0130\u015f ve Meslek Dan\u0131\u015fman\u0131 Atilla B\u00fclb\u00fcl taraf\u0131ndan yap\u0131lan sunumda \u201c\u0130\u015eKUR\u2019un \u0130\u015fba\u015f\u0131 E\u011fitim Program\u0131, i\u015fsizlerin teorik bilgilerini i\u015f yerlerinde pratik deneyimle peki\u015ftirmesini sa\u011fl\u0131yor. Program kapsam\u0131nda i\u015fverenler, i\u015fe almay\u0131 d\u00fc\u015f\u00fcnd\u00fckleri adaylar\u0131 belirleyebiliyor veya \u0130\u015eKUR\u2019dan destek alarak uygun adaylar\u0131 se\u00e7ebiliyorlar\u201d dedi. \u0130\u015f ve Meslek Dan\u0131\u015fman\u0131 Atilla B\u00fclb\u00fcl bilgilendirme toplant\u0131s\u0131nda kat\u0131l\u0131mc\u0131lara \u015funlar\u0131 payla\u015ft\u0131: PROGRAMIN AVANTAJLARI: \u0130\u015fsizler i\u00e7in: Mesleki beceri ve deneyim kazanma, istihdam \u015fans\u0131n\u0131n artmas\u0131, program s\u00fcresince gelir elde etme. \u0130\u015fverenler i\u00e7in: Adaylar\u0131n geli\u015fimini g\u00f6zlemleme, maliyetsiz personel yeti\u015ftirme, i\u015f g\u00fcc\u00fc maliyetini azaltarak rekabet avantaj\u0131 sa\u011flama. DESTEK VER\u0130LEN VE DESTEKLENMEYEN MESLEKLER Program kapsam\u0131nda m\u00fchendislik, avukatl\u0131k, muhasebecilik gibi nitelik gerektiren meslekler destekleniyor. Ancak, \u00f6\u011fretmenlik ve bas\u0131n-yay\u0131n gibi meslekler programa dahil edilmiyor. KURS\u0130YERLER \u0130\u00c7\u0130N G\u00dcNL\u00dcK \u00d6DEME TUTARLARI\u2026 Genel kursiyerler: 850 TL Lise ve \u00f6rg\u00fcn e\u011fitim \u00f6\u011frencileri: 637 TL A\u00e7\u0131k \u00f6\u011fretim ve uzaktan e\u011fitim \u00f6\u011frencileri: 850 TL \u0130\u015fsizlik maa\u015f\u0131 alanlar: 425 TL Kat\u0131l\u0131mc\u0131lar ayr\u0131ca genel sa\u011fl\u0131k sigortas\u0131, i\u015f kazas\u0131 ve meslek hastal\u0131klar\u0131 sigortas\u0131ndan da yararlanabiliyor. \u0130\u015eVERENLER \u0130\u00c7\u0130N KATILIM \u015eARTLARI &hellip;\" \/>\n<meta property=\"og:url\" content=\"http:\/\/denizcankizil.tr\/en\/haberler\/gundem\/isverenler-icin-iskur-ve-sgk-destekleri-anlatildi\/\" \/>\n<meta property=\"og:site_name\" content=\"Av. Deniz Can K\u0131z\u0131l\" \/>\n<meta property=\"article:published_time\" content=\"2025-01-31T14:41:41+00:00\" \/>\n<meta name=\"author\" content=\"admin\" \/>\n<meta name=\"twitter:card\" content=\"summary_large_image\" \/>\n<meta name=\"twitter:label1\" content=\"Written by\" \/>\n\t<meta name=\"twitter:data1\" content=\"admin\" \/>\n\t<meta name=\"twitter:label2\" content=\"Estimated reading time\" \/>\n\t<meta name=\"twitter:data2\" content=\"3 minutes\" \/>\n<script type=\"application\/ld+json\" class=\"yoast-schema-graph\">{\"@context\":\"https:\/\/schema.org\",\"@graph\":[{\"@type\":\"Article\",\"@id\":\"http:\/\/denizcankizil.tr\/en\/haberler\/gundem\/isverenler-icin-iskur-ve-sgk-destekleri-anlatildi\/#article\",\"isPartOf\":{\"@id\":\"http:\/\/denizcankizil.tr\/en\/haberler\/gundem\/isverenler-icin-iskur-ve-sgk-destekleri-anlatildi\/\"},\"author\":{\"name\":\"admin\",\"@id\":\"https:\/\/denizcankizil.tr\/de\/#\/schema\/person\/be3c05fe6a12686905512445d8185489\"},\"headline\":\"\u0130\u015fverenler i\u00e7in \u0130\u015eKUR ve SGK Destekleri Anlat\u0131ld\u0131\",\"datePublished\":\"2025-01-31T14:41:41+00:00\",\"mainEntityOfPage\":{\"@id\":\"http:\/\/denizcankizil.tr\/en\/haberler\/gundem\/isverenler-icin-iskur-ve-sgk-destekleri-anlatildi\/\"},\"wordCount\":559,\"commentCount\":0,\"publisher\":{\"@id\":\"https:\/\/denizcankizil.tr\/de\/#organization\"},\"articleSection\":[\"G\u00fcndem\"],\"inLanguage\":\"en-GB\",\"potentialAction\":[{\"@type\":\"CommentAction\",\"name\":\"Comment\",\"target\":[\"http:\/\/denizcankizil.tr\/en\/haberler\/gundem\/isverenler-icin-iskur-ve-sgk-destekleri-anlatildi\/#respond\"]}]},{\"@type\":\"WebPage\",\"@id\":\"http:\/\/denizcankizil.tr\/en\/haberler\/gundem\/isverenler-icin-iskur-ve-sgk-destekleri-anlatildi\/\",\"url\":\"http:\/\/denizcankizil.tr\/en\/haberler\/gundem\/isverenler-icin-iskur-ve-sgk-destekleri-anlatildi\/\",\"name\":\"\u0130\u015fverenler i\u00e7in \u0130\u015eKUR ve SGK Destekleri Anlat\u0131ld\u0131 - Av. Deniz Can K\u0131z\u0131l\",\"isPartOf\":{\"@id\":\"https:\/\/denizcankizil.tr\/de\/#website\"},\"datePublished\":\"2025-01-31T14:41:41+00:00\",\"breadcrumb\":{\"@id\":\"http:\/\/denizcankizil.tr\/en\/haberler\/gundem\/isverenler-icin-iskur-ve-sgk-destekleri-anlatildi\/#breadcrumb\"},\"inLanguage\":\"en-GB\",\"potentialAction\":[{\"@type\":\"ReadAction\",\"target\":[\"http:\/\/denizcankizil.tr\/en\/haberler\/gundem\/isverenler-icin-iskur-ve-sgk-destekleri-anlatildi\/\"]}]},{\"@type\":\"BreadcrumbList\",\"@id\":\"http:\/\/denizcankizil.tr\/en\/haberler\/gundem\/isverenler-icin-iskur-ve-sgk-destekleri-anlatildi\/#breadcrumb\",\"itemListElement\":[{\"@type\":\"ListItem\",\"position\":1,\"name\":\"Home\",\"item\":\"https:\/\/denizcankizil.tr\/de\/\"},{\"@type\":\"ListItem\",\"position\":2,\"name\":\"\u0130\u015fverenler i\u00e7in \u0130\u015eKUR ve SGK Destekleri Anlat\u0131ld\u0131\"}]},{\"@type\":\"WebSite\",\"@id\":\"https:\/\/denizcankizil.tr\/de\/#website\",\"url\":\"https:\/\/denizcankizil.tr\/de\/\",\"name\":\"Av. Deniz Can K\u0131z\u0131l\",\"description\":\"Avukat Deniz Can K\u0131z\u0131l Antalya Barosu\",\"publisher\":{\"@id\":\"https:\/\/denizcankizil.tr\/de\/#organization\"},\"potentialAction\":[{\"@type\":\"SearchAction\",\"target\":{\"@type\":\"EntryPoint\",\"urlTemplate\":\"https:\/\/denizcankizil.tr\/de\/?s={search_term_string}\"},\"query-input\":{\"@type\":\"PropertyValueSpecification\",\"valueRequired\":true,\"valueName\":\"search_term_string\"}}],\"inLanguage\":\"en-GB\"},{\"@type\":\"Organization\",\"@id\":\"https:\/\/denizcankizil.tr\/de\/#organization\",\"name\":\"Av. Deniz Can K\u0131z\u0131l\",\"url\":\"https:\/\/denizcankizil.tr\/de\/\",\"logo\":{\"@type\":\"ImageObject\",\"inLanguage\":\"en-GB\",\"@id\":\"https:\/\/denizcankizil.tr\/de\/#\/schema\/logo\/image\/\",\"url\":\"http:\/\/denizcankizil.tr\/wp-content\/uploads\/2024\/10\/siyah-logo-svg.svg\",\"contentUrl\":\"http:\/\/denizcankizil.tr\/wp-content\/uploads\/2024\/10\/siyah-logo-svg.svg\",\"width\":1080,\"height\":1080,\"caption\":\"Av. Deniz Can K\u0131z\u0131l\"},\"image\":{\"@id\":\"https:\/\/denizcankizil.tr\/de\/#\/schema\/logo\/image\/\"}},{\"@type\":\"Person\",\"@id\":\"https:\/\/denizcankizil.tr\/de\/#\/schema\/person\/be3c05fe6a12686905512445d8185489\",\"name\":\"admin\",\"image\":{\"@type\":\"ImageObject\",\"inLanguage\":\"en-GB\",\"@id\":\"https:\/\/denizcankizil.tr\/de\/#\/schema\/person\/image\/\",\"url\":\"https:\/\/secure.gravatar.com\/avatar\/c1fce94c830dc79107e174f890d7210541c4a63e8e5d816341794a2151c9d58c?s=96&d=mm&r=g\",\"contentUrl\":\"https:\/\/secure.gravatar.com\/avatar\/c1fce94c830dc79107e174f890d7210541c4a63e8e5d816341794a2151c9d58c?s=96&d=mm&r=g\",\"caption\":\"admin\"},\"sameAs\":[\"http:\/\/denizcankizil.tr\"],\"url\":\"https:\/\/www.iskenderun.org\/isverenler-icin-iskur-ve-sgk-destekleri-anlatildi\"}]}<\/script>\n<!-- \/ Yoast SEO Premium plugin. -->","yoast_head_json":{"title":"\u0130\u015fverenler i\u00e7in \u0130\u015eKUR ve SGK Destekleri Anlat\u0131ld\u0131 - Av. Deniz Can K\u0131z\u0131l","robots":{"index":"index","follow":"follow","max-snippet":"max-snippet:-1","max-image-preview":"max-image-preview:large","max-video-preview":"max-video-preview:-1"},"canonical":"http:\/\/denizcankizil.tr\/en\/haberler\/gundem\/isverenler-icin-iskur-ve-sgk-destekleri-anlatildi\/","og_locale":"en_GB","og_type":"article","og_title":"\u0130\u015fverenler i\u00e7in \u0130\u015eKUR ve SGK Destekleri Anlat\u0131ld\u0131","og_description":"\u0130TSO Ba\u015fkan\u0131 Levent Hakk\u0131 Y\u0131lmaz\u2019\u0131n da haz\u0131r bulundu\u011fu toplant\u0131da konu\u015fan \u0130\u015f ve Meslek Dan\u0131\u015fman\u0131 Atilla B\u00fclb\u00fcl, \u0130\u015eKUR\u2019un \u0130\u015fba\u015f\u0131 E\u011fitim Program\u0131 hakk\u0131nda a\u00e7\u0131klamalarda bulundu. Program\u0131n amac\u0131n\u0131n, i\u015fsiz bireyleri mesleki becerilerle donatarak i\u015f g\u00fcc\u00fc piyasas\u0131na kazand\u0131rmak oldu\u011funu, i\u015fverenlerin de bu s\u00fcre\u00e7te personel yeti\u015ftirme f\u0131rsat\u0131na sahip olaca\u011f\u0131n\u0131 s\u00f6yledi. \u0130\u015eBA\u015eI E\u011e\u0130T\u0130M PROGRAMI NED\u0130R? \u0130\u015f ve Meslek Dan\u0131\u015fman\u0131 Atilla B\u00fclb\u00fcl taraf\u0131ndan yap\u0131lan sunumda \u201c\u0130\u015eKUR\u2019un \u0130\u015fba\u015f\u0131 E\u011fitim Program\u0131, i\u015fsizlerin teorik bilgilerini i\u015f yerlerinde pratik deneyimle peki\u015ftirmesini sa\u011fl\u0131yor. Program kapsam\u0131nda i\u015fverenler, i\u015fe almay\u0131 d\u00fc\u015f\u00fcnd\u00fckleri adaylar\u0131 belirleyebiliyor veya \u0130\u015eKUR\u2019dan destek alarak uygun adaylar\u0131 se\u00e7ebiliyorlar\u201d dedi. \u0130\u015f ve Meslek Dan\u0131\u015fman\u0131 Atilla B\u00fclb\u00fcl bilgilendirme toplant\u0131s\u0131nda kat\u0131l\u0131mc\u0131lara \u015funlar\u0131 payla\u015ft\u0131: PROGRAMIN AVANTAJLARI: \u0130\u015fsizler i\u00e7in: Mesleki beceri ve deneyim kazanma, istihdam \u015fans\u0131n\u0131n artmas\u0131, program s\u00fcresince gelir elde etme. \u0130\u015fverenler i\u00e7in: Adaylar\u0131n geli\u015fimini g\u00f6zlemleme, maliyetsiz personel yeti\u015ftirme, i\u015f g\u00fcc\u00fc maliyetini azaltarak rekabet avantaj\u0131 sa\u011flama. DESTEK VER\u0130LEN VE DESTEKLENMEYEN MESLEKLER Program kapsam\u0131nda m\u00fchendislik, avukatl\u0131k, muhasebecilik gibi nitelik gerektiren meslekler destekleniyor. Ancak, \u00f6\u011fretmenlik ve bas\u0131n-yay\u0131n gibi meslekler programa dahil edilmiyor. KURS\u0130YERLER \u0130\u00c7\u0130N G\u00dcNL\u00dcK \u00d6DEME TUTARLARI\u2026 Genel kursiyerler: 850 TL Lise ve \u00f6rg\u00fcn e\u011fitim \u00f6\u011frencileri: 637 TL A\u00e7\u0131k \u00f6\u011fretim ve uzaktan e\u011fitim \u00f6\u011frencileri: 850 TL \u0130\u015fsizlik maa\u015f\u0131 alanlar: 425 TL Kat\u0131l\u0131mc\u0131lar ayr\u0131ca genel sa\u011fl\u0131k sigortas\u0131, i\u015f kazas\u0131 ve meslek hastal\u0131klar\u0131 sigortas\u0131ndan da yararlanabiliyor. \u0130\u015eVERENLER \u0130\u00c7\u0130N KATILIM \u015eARTLARI &hellip;","og_url":"http:\/\/denizcankizil.tr\/en\/haberler\/gundem\/isverenler-icin-iskur-ve-sgk-destekleri-anlatildi\/","og_site_name":"Av. Deniz Can K\u0131z\u0131l","article_published_time":"2025-01-31T14:41:41+00:00","author":"admin","twitter_card":"summary_large_image","twitter_misc":{"Written by":"admin","Estimated reading time":"3 minutes"},"schema":{"@context":"https:\/\/schema.org","@graph":[{"@type":"Article","@id":"http:\/\/denizcankizil.tr\/en\/haberler\/gundem\/isverenler-icin-iskur-ve-sgk-destekleri-anlatildi\/#article","isPartOf":{"@id":"http:\/\/denizcankizil.tr\/en\/haberler\/gundem\/isverenler-icin-iskur-ve-sgk-destekleri-anlatildi\/"},"author":{"name":"admin","@id":"https:\/\/denizcankizil.tr\/de\/#\/schema\/person\/be3c05fe6a12686905512445d8185489"},"headline":"\u0130\u015fverenler i\u00e7in \u0130\u015eKUR ve SGK Destekleri Anlat\u0131ld\u0131","datePublished":"2025-01-31T14:41:41+00:00","mainEntityOfPage":{"@id":"http:\/\/denizcankizil.tr\/en\/haberler\/gundem\/isverenler-icin-iskur-ve-sgk-destekleri-anlatildi\/"},"wordCount":559,"commentCount":0,"publisher":{"@id":"https:\/\/denizcankizil.tr\/de\/#organization"},"articleSection":["G\u00fcndem"],"inLanguage":"en-GB","potentialAction":[{"@type":"CommentAction","name":"Comment","target":["http:\/\/denizcankizil.tr\/en\/haberler\/gundem\/isverenler-icin-iskur-ve-sgk-destekleri-anlatildi\/#respond"]}]},{"@type":"WebPage","@id":"http:\/\/denizcankizil.tr\/en\/haberler\/gundem\/isverenler-icin-iskur-ve-sgk-destekleri-anlatildi\/","url":"http:\/\/denizcankizil.tr\/en\/haberler\/gundem\/isverenler-icin-iskur-ve-sgk-destekleri-anlatildi\/","name":"\u0130\u015fverenler i\u00e7in \u0130\u015eKUR ve SGK Destekleri Anlat\u0131ld\u0131 - Av. Deniz Can K\u0131z\u0131l","isPartOf":{"@id":"https:\/\/denizcankizil.tr\/de\/#website"},"datePublished":"2025-01-31T14:41:41+00:00","breadcrumb":{"@id":"http:\/\/denizcankizil.tr\/en\/haberler\/gundem\/isverenler-icin-iskur-ve-sgk-destekleri-anlatildi\/#breadcrumb"},"inLanguage":"en-GB","potentialAction":[{"@type":"ReadAction","target":["http:\/\/denizcankizil.tr\/en\/haberler\/gundem\/isverenler-icin-iskur-ve-sgk-destekleri-anlatildi\/"]}]},{"@type":"BreadcrumbList","@id":"http:\/\/denizcankizil.tr\/en\/haberler\/gundem\/isverenler-icin-iskur-ve-sgk-destekleri-anlatildi\/#breadcrumb","itemListElement":[{"@type":"ListItem","position":1,"name":"Home","item":"https:\/\/denizcankizil.tr\/de\/"},{"@type":"ListItem","position":2,"name":"\u0130\u015fverenler i\u00e7in \u0130\u015eKUR ve SGK Destekleri Anlat\u0131ld\u0131"}]},{"@type":"WebSite","@id":"https:\/\/denizcankizil.tr\/de\/#website","url":"https:\/\/denizcankizil.tr\/de\/","name":"Av. Deniz Can K\u0131z\u0131l","description":"Avukat Deniz Can K\u0131z\u0131l Antalya Barosu","publisher":{"@id":"https:\/\/denizcankizil.tr\/de\/#organization"},"potentialAction":[{"@type":"SearchAction","target":{"@type":"EntryPoint","urlTemplate":"https:\/\/denizcankizil.tr\/de\/?s={search_term_string}"},"query-input":{"@type":"PropertyValueSpecification","valueRequired":true,"valueName":"search_term_string"}}],"inLanguage":"en-GB"},{"@type":"Organization","@id":"https:\/\/denizcankizil.tr\/de\/#organization","name":"Av. Deniz Can K\u0131z\u0131l","url":"https:\/\/denizcankizil.tr\/de\/","logo":{"@type":"ImageObject","inLanguage":"en-GB","@id":"https:\/\/denizcankizil.tr\/de\/#\/schema\/logo\/image\/","url":"http:\/\/denizcankizil.tr\/wp-content\/uploads\/2024\/10\/siyah-logo-svg.svg","contentUrl":"http:\/\/denizcankizil.tr\/wp-content\/uploads\/2024\/10\/siyah-logo-svg.svg","width":1080,"height":1080,"caption":"Av. Deniz Can K\u0131z\u0131l"},"image":{"@id":"https:\/\/denizcankizil.tr\/de\/#\/schema\/logo\/image\/"}},{"@type":"Person","@id":"https:\/\/denizcankizil.tr\/de\/#\/schema\/person\/be3c05fe6a12686905512445d8185489","name":"admin","image":{"@type":"ImageObject","inLanguage":"en-GB","@id":"https:\/\/denizcankizil.tr\/de\/#\/schema\/person\/image\/","url":"https:\/\/secure.gravatar.com\/avatar\/c1fce94c830dc79107e174f890d7210541c4a63e8e5d816341794a2151c9d58c?s=96&d=mm&r=g","contentUrl":"https:\/\/secure.gravatar.com\/avatar\/c1fce94c830dc79107e174f890d7210541c4a63e8e5d816341794a2151c9d58c?s=96&d=mm&r=g","caption":"admin"},"sameAs":["http:\/\/denizcankizil.tr"],"url":"https:\/\/www.iskenderun.org\/isverenler-icin-iskur-ve-sgk-destekleri-anlatildi"}]}},"_links":{"self":[{"href":"http:\/\/denizcankizil.tr\/en\/wp-json\/wp\/v2\/posts\/29092","targetHints":{"allow":["GET"]}}],"collection":[{"href":"http:\/\/denizcankizil.tr\/en\/wp-json\/wp\/v2\/posts"}],"about":[{"href":"http:\/\/denizcankizil.tr\/en\/wp-json\/wp\/v2\/types\/post"}],"author":[{"embeddable":true,"href":"http:\/\/denizcankizil.tr\/en\/wp-json\/wp\/v2\/users\/1"}],"replies":[{"embeddable":true,"href":"http:\/\/denizcankizil.tr\/en\/wp-json\/wp\/v2\/comments?post=29092"}],"version-history":[{"count":0,"href":"http:\/\/denizcankizil.tr\/en\/wp-json\/wp\/v2\/posts\/29092\/revisions"}],"wp:attachment":[{"href":"http:\/\/denizcankizil.tr\/en\/wp-json\/wp\/v2\/media?parent=29092"}],"wp:term":[{"taxonomy":"category","embeddable":true,"href":"http:\/\/denizcankizil.tr\/en\/wp-json\/wp\/v2\/categories?post=29092"},{"taxonomy":"post_tag","embeddable":true,"href":"http:\/\/denizcankizil.tr\/en\/wp-json\/wp\/v2\/tags?post=29092"}],"curies":[{"name":"wp","href":"https:\/\/api.w.org\/{rel}","templated":true}]}}