{"id":29009,"date":"2025-01-31T13:41:45","date_gmt":"2025-01-31T10:41:45","guid":{"rendered":"https:\/\/denizcankizil.tr\/uncategorized-tr\/kocaeli-dunya-sehirlerine-ornek-oluyor\/"},"modified":"2025-01-31T13:41:45","modified_gmt":"2025-01-31T10:41:45","slug":"kocaeli-dunya-sehirlerine-ornek-oluyor","status":"publish","type":"post","link":"http:\/\/denizcankizil.tr\/en\/haberler\/gundem\/kocaeli-dunya-sehirlerine-ornek-oluyor\/","title":{"rendered":"Kocaeli, d\u00fcnya \u015fehirlerine \u00f6rnek oluyor"},"content":{"rendered":"<p>Kocaeli Vizyon 2053 Sanayi Sekt\u00f6r\u00fc \u00c7al\u0131\u015ftay\u0131, B\u00fcy\u00fck\u015fehir\u2019in \u00f6nc\u00fcl\u00fc\u011f\u00fcnde Kocaeli Kongre Merkezi\u2019nde d\u00fczenlendiKOCAEL\u0130 (\u0130GFA) &#8211; Kocaeli B\u00fcy\u00fck\u015fehir Belediyesi ve payda\u015f kurumlar\u0131n katk\u0131lar\u0131 ile d\u00fczenlenen Kocaeli Vizyon 2053 Sanayi Sekt\u00f6r\u00fc \u00c7al\u0131\u015ftay\u0131\u2019nda s\u00fcrd\u00fcr\u00fclebilir \u00fcretim, yenilik\u00e7i sanayi politikalar\u0131 ve Kocaeli\u2019nin sanayi vizyonu tart\u0131\u015f\u0131ld\u0131.<br \/>\n\u00c7al\u0131\u015ftayda konu\u015fan B\u00fcy\u00fck\u015fehir Genel Sekreteri Dr.Hayri Bara\u00e7l\u0131, Kocaeli\u2019nin d\u00fcnya \u015fehirlerine \u00f6rnek oldu\u011funu s\u00f6yledi.<br \/>\nKocaeli Valili\u011fi, Kocaeli B\u00fcy\u00fck\u015fehir Belediyesi, Kocaeli \u00dcniversitesi, Gebze Teknik \u00dcniversitesi, Kocaeli Sanayi Odas\u0131 ve di\u011fer pek \u00e7ok payda\u015f\u0131n destekleri ile d\u00fczenlenen Kocaeli Vizyon 2053 Sanayi Sekt\u00f6r\u00fc \u00c7al\u0131\u015ftay\u0131, Kocaeli Kongre Merkezi\u2019nde tamamland\u0131.<br \/>\nS\u00fcrd\u00fcr\u00fclebilir \u00fcretim, yenilik\u00e7i sanayi politikalar\u0131 ve Kocaeli\u2019nin sanayi vizyonu gibi konular\u0131n\u0131n tart\u0131\u015f\u0131ld\u0131\u011f\u0131 \u00e7al\u0131\u015ftayda farkl\u0131 sekt\u00f6rlerden uzman isimler, sanayi temsilcileri ve akademisyenler yer ald\u0131.<br \/>\n\u00c7al\u0131\u015ftay\u0131n a\u00e7\u0131l\u0131\u015f program\u0131na Kocaeli B\u00fcy\u00fck\u015fehir Belediyesi Ba\u015fkan Vekili Berna Abi\u015f, B\u00fcy\u00fck\u015fehir Belediyesi Genel Sekreteri Dr. Hayri Bara\u00e7l\u0131, Kocaeli Sanayi Odas\u0131 Ba\u015fkan\u0131 Ayhan Zeytino\u011flu, Gebze Teknik \u00dcniversitesi Rekt\u00f6r\u00fc Prof. Dr. Hac\u0131 Ali Mantar, Kocaeli \u00dcniversitesi Rekt\u00f6r\u00fc Prof. Dr. Nuh Zafer Cant\u00fcrk, Kocaeli B\u00fcy\u00fck\u015fehir Belediyesi Genel Sekreter Yard\u0131mc\u0131lar\u0131 Ali Ye\u015fildal ve G\u00f6kmen Meng\u00fc\u00e7 ile Pamukkale \u00dcniversitesi \u00d6\u011fretim \u00dcyesi Do\u00e7. Dr. Tayfun Saliho\u011flu, akademisyenler,\u00a0 sanayi kurulu\u015fu temsilcileri, protokol ve vatanda\u015flar kat\u0131ld\u0131. \u00c7al\u0131\u015ftay\u0131n a\u00e7\u0131l\u0131\u015f program\u0131nda Pamukkale \u00dcniversitesi \u00d6\u011fretim \u00dcyesi Do\u00e7. Dr. Tayfun Saliho\u011flu, \u201cKocaeli Kent Vizyonu Geli\u015ftirme Projesi\u201d, \u201cKocaeli Vizyon 2053 Strateji Belgesi\u201d ve \u201cKocaeli Sanayisi\u2019ne\u201d y\u00f6nelik bir\u00e7ok \u00f6nemli veriyi i\u00e7eren bir sunum ger\u00e7ekle\u015ftirdi.<\/p>\n<p>\u201cGELECE\u011e\u0130N \u015eEHR\u0130 KOCAEL\u0130\u2019\u2019<br \/>\nKonu\u015fmas\u0131na Kocaeli B\u00fcy\u00fck\u015fehir Belediye Ba\u015fkan\u0131 Tahir B\u00fcy\u00fckak\u0131n\u2019\u0131n selam\u0131n\u0131 ileterek ba\u015flayan Genel Sekreter Dr. Hayri Bara\u00e7l\u0131, \u201cKocaeli esas\u0131nda Marmara Denizi\u2019nin ba\u015flad\u0131\u011f\u0131 \u00f6nemli bir sanayi \u015fehri. Bir turizm \u015fehri kavram\u0131n\u0131 da biz art\u0131k bu \u00e7al\u0131\u015ftay ile beraber farkl\u0131 bir boyuta ta\u015f\u0131mak istiyoruz. 2053 vizyonu \u00e7ok \u00f6nemli. Gelece\u011fin \u015fehri Kocaeli hakikaten yapm\u0131\u015f oldu\u011fu hizmetlerle bir\u00e7ok \u015fehrin de \u00f6n\u00fcnde faaliyetlerini g\u00f6steriyor. Bu da bize b\u00fcy\u00fck heyecan veriyor\u201d dedi.<br \/>\nKocaeli\u2019nin sadece yapm\u0131\u015f oldu\u011fu hizmetlerle de\u011fil, \u00f6rnek projelerle de d\u00fcnya \u015fehirlerine \u00f6rnek oldu\u011funu s\u00f6yleyen Genel Sekreter Bara\u00e7l\u0131, \u201cUluslararas\u0131 ziyaretlerimizde bunlar\u0131 takip ediyoruz. Ayr\u0131ca Kocaeli\u2019ne gelen misafirler de bunlar\u0131 bizlere s\u00f6yl\u00fcyor. Onun i\u00e7in t\u00fcm mesai arkada\u015flar\u0131ma te\u015fekk\u00fcr ediyorum. Hakikaten farkl\u0131 bir \u015fehir anlay\u0131\u015f\u0131 i\u00e7erisinde hareket ediyoruz. Geli\u015fen sanayiye de ayak uyduran bir \u015fehircilik anlay\u0131\u015f\u0131yla hizmetlerimizi y\u00fcr\u00fctme gayreti i\u00e7erisindeyiz. \u0130limizde hakikaten sanayi temelli bir anlay\u0131\u015f var. Tabi ki sanayi temelli bir anlay\u0131\u015f \u00e7al\u0131\u015ftay\u0131n ana konusu ama sanayi ile beraber unutmamam\u0131z gereken iki konu daha var.\u00a0 Bunlardan bir tanesi spor, bir tanesi de sanat. Esas\u0131nda sanayiyle spor ve sanat\u0131 ili\u015fkilendirerek, \u015fehrin k\u00fclt\u00fcrel d\u00f6n\u00fc\u015f\u00fcm\u00fcne de katk\u0131 sa\u011flayabiliriz. Gelece\u011fin \u015fehri Kocaeli anlay\u0131\u015f\u0131n\u0131 da bizim ortaya koymam\u0131z laz\u0131m. Tabi ki ekonomik yap\u0131m\u0131z s\u00fcrekli geli\u015fiyor. Gayri Safi Milli Has\u0131la\u2019dan ald\u0131\u011f\u0131m\u0131z pay s\u00fcrekli olarak art\u0131yor\u201d diye konu\u015ftu.<\/p>\n<p>\u200bKocaeli Vizyon 2053 Sanayi Sekt\u00f6r\u00fc \u00c7al\u0131\u015ftay\u0131, B\u00fcy\u00fck\u015fehir\u2019in \u00f6nc\u00fcl\u00fc\u011f\u00fcnde Kocaeli Kongre Merkezi\u2019nde d\u00fczenlendiKOCAEL\u0130 (\u0130GFA) &#8211; Kocaeli B\u00fcy\u00fck\u015fehir Belediyesi ve payda\u015f kurumlar\u0131n katk\u0131lar\u0131 ile d\u00fczenlenen Kocaeli Vizyon 2053 Sanayi Sekt\u00f6r\u00fc \u00c7al\u0131\u015ftay\u0131\u2019nda s\u00fcrd\u00fcr\u00fclebilir \u00fcretim, yenilik\u00e7i sanayi politikalar\u0131 ve Kocaeli\u2019nin sanayi vizyonu tart\u0131\u015f\u0131ld\u0131.<br \/>\n\u00c7al\u0131\u015ftayda konu\u015fan B\u00fcy\u00fck\u015fehir Genel Sekreteri Dr.Hayri Bara\u00e7l\u0131, Kocaeli\u2019nin d\u00fcnya \u015fehirlerine \u00f6rnek oldu\u011funu s\u00f6yledi.<br \/>\nKocaeli Valili\u011fi, Kocaeli B\u00fcy\u00fck\u015fehir Belediyesi, Kocaeli \u00dcniversitesi, Gebze Teknik \u00dcniversitesi, Kocaeli Sanayi Odas\u0131 ve di\u011fer pek \u00e7ok payda\u015f\u0131n destekleri ile d\u00fczenlenen Kocaeli Vizyon 2053 Sanayi Sekt\u00f6r\u00fc \u00c7al\u0131\u015ftay\u0131, Kocaeli Kongre Merkezi\u2019nde tamamland\u0131.<br \/>\nS\u00fcrd\u00fcr\u00fclebilir \u00fcretim, yenilik\u00e7i sanayi politikalar\u0131 ve Kocaeli\u2019nin sanayi vizyonu gibi konular\u0131n\u0131n tart\u0131\u015f\u0131ld\u0131\u011f\u0131 \u00e7al\u0131\u015ftayda farkl\u0131 sekt\u00f6rlerden uzman isimler, sanayi temsilcileri ve akademisyenler yer ald\u0131.<br \/>\n\u00c7al\u0131\u015ftay\u0131n a\u00e7\u0131l\u0131\u015f program\u0131na Kocaeli B\u00fcy\u00fck\u015fehir Belediyesi Ba\u015fkan Vekili Berna Abi\u015f, B\u00fcy\u00fck\u015fehir Belediyesi Genel Sekreteri Dr. Hayri Bara\u00e7l\u0131, Kocaeli Sanayi Odas\u0131 Ba\u015fkan\u0131 Ayhan Zeytino\u011flu, Gebze Teknik \u00dcniversitesi Rekt\u00f6r\u00fc Prof. Dr. Hac\u0131 Ali Mantar, Kocaeli \u00dcniversitesi Rekt\u00f6r\u00fc Prof. Dr. Nuh Zafer Cant\u00fcrk, Kocaeli B\u00fcy\u00fck\u015fehir Belediyesi Genel Sekreter Yard\u0131mc\u0131lar\u0131 Ali Ye\u015fildal ve G\u00f6kmen Meng\u00fc\u00e7 ile Pamukkale \u00dcniversitesi \u00d6\u011fretim \u00dcyesi Do\u00e7. Dr. Tayfun Saliho\u011flu, akademisyenler,\u00a0 sanayi kurulu\u015fu temsilcileri, protokol ve vatanda\u015flar kat\u0131ld\u0131. \u00c7al\u0131\u015ftay\u0131n a\u00e7\u0131l\u0131\u015f program\u0131nda Pamukkale \u00dcniversitesi \u00d6\u011fretim \u00dcyesi Do\u00e7. Dr. Tayfun Saliho\u011flu, \u201cKocaeli Kent Vizyonu Geli\u015ftirme Projesi\u201d, \u201cKocaeli Vizyon 2053 Strateji Belgesi\u201d ve \u201cKocaeli Sanayisi\u2019ne\u201d y\u00f6nelik bir\u00e7ok \u00f6nemli veriyi i\u00e7eren bir sunum ger\u00e7ekle\u015ftirdi.<\/p>\n<p>\u201cGELECE\u011e\u0130N \u015eEHR\u0130 KOCAEL\u0130\u2019\u2019<br \/>\nKonu\u015fmas\u0131na Kocaeli B\u00fcy\u00fck\u015fehir Belediye Ba\u015fkan\u0131 Tahir B\u00fcy\u00fckak\u0131n\u2019\u0131n selam\u0131n\u0131 ileterek ba\u015flayan Genel Sekreter Dr. Hayri Bara\u00e7l\u0131, \u201cKocaeli esas\u0131nda Marmara Denizi\u2019nin ba\u015flad\u0131\u011f\u0131 \u00f6nemli bir sanayi \u015fehri. Bir turizm \u015fehri kavram\u0131n\u0131 da biz art\u0131k bu \u00e7al\u0131\u015ftay ile beraber farkl\u0131 bir boyuta ta\u015f\u0131mak istiyoruz. 2053 vizyonu \u00e7ok \u00f6nemli. Gelece\u011fin \u015fehri Kocaeli hakikaten yapm\u0131\u015f oldu\u011fu hizmetlerle bir\u00e7ok \u015fehrin de \u00f6n\u00fcnde faaliyetlerini g\u00f6steriyor. Bu da bize b\u00fcy\u00fck heyecan veriyor\u201d dedi.<br \/>\nKocaeli\u2019nin sadece yapm\u0131\u015f oldu\u011fu hizmetlerle de\u011fil, \u00f6rnek projelerle de d\u00fcnya \u015fehirlerine \u00f6rnek oldu\u011funu s\u00f6yleyen Genel Sekreter Bara\u00e7l\u0131, \u201cUluslararas\u0131 ziyaretlerimizde bunlar\u0131 takip ediyoruz. Ayr\u0131ca Kocaeli\u2019ne gelen misafirler de bunlar\u0131 bizlere s\u00f6yl\u00fcyor. Onun i\u00e7in t\u00fcm mesai arkada\u015flar\u0131ma te\u015fekk\u00fcr ediyorum. Hakikaten farkl\u0131 bir \u015fehir anlay\u0131\u015f\u0131 i\u00e7erisinde hareket ediyoruz. Geli\u015fen sanayiye de ayak uyduran bir \u015fehircilik anlay\u0131\u015f\u0131yla hizmetlerimizi y\u00fcr\u00fctme gayreti i\u00e7erisindeyiz. \u0130limizde hakikaten sanayi temelli bir anlay\u0131\u015f var. Tabi ki sanayi temelli bir anlay\u0131\u015f \u00e7al\u0131\u015ftay\u0131n ana konusu ama sanayi ile beraber unutmamam\u0131z gereken iki konu daha var.\u00a0 Bunlardan bir tanesi spor, bir tanesi de sanat. Esas\u0131nda sanayiyle spor ve sanat\u0131 ili\u015fkilendirerek, \u015fehrin k\u00fclt\u00fcrel d\u00f6n\u00fc\u015f\u00fcm\u00fcne de katk\u0131 sa\u011flayabiliriz. Gelece\u011fin \u015fehri Kocaeli anlay\u0131\u015f\u0131n\u0131 da bizim ortaya koymam\u0131z laz\u0131m. Tabi ki ekonomik yap\u0131m\u0131z s\u00fcrekli geli\u015fiyor. Gayri Safi Milli Has\u0131la\u2019dan ald\u0131\u011f\u0131m\u0131z pay s\u00fcrekli olarak art\u0131yor\u201d diye konu\u015ftu.\u00a0<\/p>\n<p>\u200bHaberin Al\u0131nt\u0131land\u0131\u011f\u0131 Kaynak: www.iskenderun.org<\/p>","protected":false},"excerpt":{"rendered":"<p>Kocaeli Vizyon 2053 Sanayi Sekt\u00f6r\u00fc \u00c7al\u0131\u015ftay\u0131, B\u00fcy\u00fck\u015fehir\u2019in \u00f6nc\u00fcl\u00fc\u011f\u00fcnde Kocaeli Kongre Merkezi\u2019nde d\u00fczenlendiKOCAEL\u0130 (\u0130GFA) &#8211; Kocaeli B\u00fcy\u00fck\u015fehir Belediyesi ve payda\u015f kurumlar\u0131n katk\u0131lar\u0131 ile d\u00fczenlenen Kocaeli Vizyon 2053 Sanayi Sekt\u00f6r\u00fc \u00c7al\u0131\u015ftay\u0131\u2019nda s\u00fcrd\u00fcr\u00fclebilir \u00fcretim, yenilik\u00e7i sanayi politikalar\u0131 ve Kocaeli\u2019nin sanayi vizyonu tart\u0131\u015f\u0131ld\u0131. \u00c7al\u0131\u015ftayda konu\u015fan B\u00fcy\u00fck\u015fehir Genel Sekreteri Dr.Hayri Bara\u00e7l\u0131, Kocaeli\u2019nin d\u00fcnya \u015fehirlerine \u00f6rnek oldu\u011funu s\u00f6yledi. Kocaeli Valili\u011fi, Kocaeli B\u00fcy\u00fck\u015fehir Belediyesi, Kocaeli \u00dcniversitesi, Gebze Teknik \u00dcniversitesi, Kocaeli Sanayi Odas\u0131 ve di\u011fer pek \u00e7ok payda\u015f\u0131n destekleri ile d\u00fczenlenen Kocaeli Vizyon 2053 Sanayi Sekt\u00f6r\u00fc \u00c7al\u0131\u015ftay\u0131, Kocaeli Kongre Merkezi\u2019nde tamamland\u0131. S\u00fcrd\u00fcr\u00fclebilir \u00fcretim, yenilik\u00e7i sanayi politikalar\u0131 ve Kocaeli\u2019nin sanayi vizyonu gibi konular\u0131n\u0131n tart\u0131\u015f\u0131ld\u0131\u011f\u0131 \u00e7al\u0131\u015ftayda farkl\u0131 sekt\u00f6rlerden uzman isimler, sanayi temsilcileri ve akademisyenler yer ald\u0131. \u00c7al\u0131\u015ftay\u0131n a\u00e7\u0131l\u0131\u015f program\u0131na Kocaeli B\u00fcy\u00fck\u015fehir Belediyesi Ba\u015fkan Vekili Berna Abi\u015f, B\u00fcy\u00fck\u015fehir Belediyesi Genel Sekreteri Dr. Hayri Bara\u00e7l\u0131, Kocaeli Sanayi Odas\u0131 Ba\u015fkan\u0131 Ayhan Zeytino\u011flu, Gebze Teknik \u00dcniversitesi Rekt\u00f6r\u00fc Prof. Dr. Hac\u0131 Ali Mantar, Kocaeli \u00dcniversitesi Rekt\u00f6r\u00fc Prof. Dr. Nuh Zafer Cant\u00fcrk, Kocaeli B\u00fcy\u00fck\u015fehir Belediyesi Genel Sekreter Yard\u0131mc\u0131lar\u0131 Ali Ye\u015fildal ve G\u00f6kmen Meng\u00fc\u00e7 ile Pamukkale \u00dcniversitesi \u00d6\u011fretim \u00dcyesi Do\u00e7. Dr. Tayfun Saliho\u011flu, akademisyenler,\u00a0 sanayi kurulu\u015fu temsilcileri, protokol ve vatanda\u015flar kat\u0131ld\u0131. \u00c7al\u0131\u015ftay\u0131n a\u00e7\u0131l\u0131\u015f program\u0131nda Pamukkale \u00dcniversitesi \u00d6\u011fretim \u00dcyesi Do\u00e7. Dr. Tayfun Saliho\u011flu, \u201cKocaeli Kent Vizyonu Geli\u015ftirme Projesi\u201d, \u201cKocaeli Vizyon 2053 Strateji Belgesi\u201d ve \u201cKocaeli Sanayisi\u2019ne\u201d y\u00f6nelik bir\u00e7ok &hellip;<\/p>","protected":false},"author":1,"featured_media":0,"comment_status":"open","ping_status":"open","sticky":false,"template":"","format":"standard","meta":{"_acf_changed":false,"footnotes":""},"categories":[24],"tags":[],"class_list":["post-29009","post","type-post","status-publish","format-standard","has-post-thumbnail","hentry","category-gundem"],"acf":[],"yoast_head":"<!-- This site is optimized with the Yoast SEO Premium plugin v26.6 (Yoast SEO v27.1.1) - https:\/\/yoast.com\/product\/yoast-seo-premium-wordpress\/ -->\n<title>Kocaeli, d\u00fcnya \u015fehirlerine \u00f6rnek oluyor - Av. Deniz Can K\u0131z\u0131l<\/title>\n<meta name=\"robots\" content=\"index, follow, max-snippet:-1, max-image-preview:large, max-video-preview:-1\" \/>\n<link rel=\"canonical\" href=\"http:\/\/denizcankizil.tr\/en\/haberler\/gundem\/kocaeli-dunya-sehirlerine-ornek-oluyor\/\" \/>\n<meta property=\"og:locale\" content=\"en_GB\" \/>\n<meta property=\"og:type\" content=\"article\" \/>\n<meta property=\"og:title\" content=\"Kocaeli, d\u00fcnya \u015fehirlerine \u00f6rnek oluyor\" \/>\n<meta property=\"og:description\" content=\"Kocaeli Vizyon 2053 Sanayi Sekt\u00f6r\u00fc \u00c7al\u0131\u015ftay\u0131, B\u00fcy\u00fck\u015fehir\u2019in \u00f6nc\u00fcl\u00fc\u011f\u00fcnde Kocaeli Kongre Merkezi\u2019nde d\u00fczenlendiKOCAEL\u0130 (\u0130GFA) &#8211; Kocaeli B\u00fcy\u00fck\u015fehir Belediyesi ve payda\u015f kurumlar\u0131n katk\u0131lar\u0131 ile d\u00fczenlenen Kocaeli Vizyon 2053 Sanayi Sekt\u00f6r\u00fc \u00c7al\u0131\u015ftay\u0131\u2019nda s\u00fcrd\u00fcr\u00fclebilir \u00fcretim, yenilik\u00e7i sanayi politikalar\u0131 ve Kocaeli\u2019nin sanayi vizyonu tart\u0131\u015f\u0131ld\u0131. \u00c7al\u0131\u015ftayda konu\u015fan B\u00fcy\u00fck\u015fehir Genel Sekreteri Dr.Hayri Bara\u00e7l\u0131, Kocaeli\u2019nin d\u00fcnya \u015fehirlerine \u00f6rnek oldu\u011funu s\u00f6yledi. Kocaeli Valili\u011fi, Kocaeli B\u00fcy\u00fck\u015fehir Belediyesi, Kocaeli \u00dcniversitesi, Gebze Teknik \u00dcniversitesi, Kocaeli Sanayi Odas\u0131 ve di\u011fer pek \u00e7ok payda\u015f\u0131n destekleri ile d\u00fczenlenen Kocaeli Vizyon 2053 Sanayi Sekt\u00f6r\u00fc \u00c7al\u0131\u015ftay\u0131, Kocaeli Kongre Merkezi\u2019nde tamamland\u0131. S\u00fcrd\u00fcr\u00fclebilir \u00fcretim, yenilik\u00e7i sanayi politikalar\u0131 ve Kocaeli\u2019nin sanayi vizyonu gibi konular\u0131n\u0131n tart\u0131\u015f\u0131ld\u0131\u011f\u0131 \u00e7al\u0131\u015ftayda farkl\u0131 sekt\u00f6rlerden uzman isimler, sanayi temsilcileri ve akademisyenler yer ald\u0131. \u00c7al\u0131\u015ftay\u0131n a\u00e7\u0131l\u0131\u015f program\u0131na Kocaeli B\u00fcy\u00fck\u015fehir Belediyesi Ba\u015fkan Vekili Berna Abi\u015f, B\u00fcy\u00fck\u015fehir Belediyesi Genel Sekreteri Dr. Hayri Bara\u00e7l\u0131, Kocaeli Sanayi Odas\u0131 Ba\u015fkan\u0131 Ayhan Zeytino\u011flu, Gebze Teknik \u00dcniversitesi Rekt\u00f6r\u00fc Prof. Dr. Hac\u0131 Ali Mantar, Kocaeli \u00dcniversitesi Rekt\u00f6r\u00fc Prof. Dr. Nuh Zafer Cant\u00fcrk, Kocaeli B\u00fcy\u00fck\u015fehir Belediyesi Genel Sekreter Yard\u0131mc\u0131lar\u0131 Ali Ye\u015fildal ve G\u00f6kmen Meng\u00fc\u00e7 ile Pamukkale \u00dcniversitesi \u00d6\u011fretim \u00dcyesi Do\u00e7. Dr. Tayfun Saliho\u011flu, akademisyenler,\u00a0 sanayi kurulu\u015fu temsilcileri, protokol ve vatanda\u015flar kat\u0131ld\u0131. \u00c7al\u0131\u015ftay\u0131n a\u00e7\u0131l\u0131\u015f program\u0131nda Pamukkale \u00dcniversitesi \u00d6\u011fretim \u00dcyesi Do\u00e7. Dr. Tayfun Saliho\u011flu, \u201cKocaeli Kent Vizyonu Geli\u015ftirme Projesi\u201d, \u201cKocaeli Vizyon 2053 Strateji Belgesi\u201d ve \u201cKocaeli Sanayisi\u2019ne\u201d y\u00f6nelik bir\u00e7ok &hellip;\" \/>\n<meta property=\"og:url\" content=\"http:\/\/denizcankizil.tr\/en\/haberler\/gundem\/kocaeli-dunya-sehirlerine-ornek-oluyor\/\" \/>\n<meta property=\"og:site_name\" content=\"Av. Deniz Can K\u0131z\u0131l\" \/>\n<meta property=\"article:published_time\" content=\"2025-01-31T10:41:45+00:00\" \/>\n<meta name=\"author\" content=\"admin\" \/>\n<meta name=\"twitter:card\" content=\"summary_large_image\" \/>\n<meta name=\"twitter:label1\" content=\"Written by\" \/>\n\t<meta name=\"twitter:data1\" content=\"admin\" \/>\n\t<meta name=\"twitter:label2\" content=\"Estimated reading time\" \/>\n\t<meta name=\"twitter:data2\" content=\"6 minutes\" \/>\n<script type=\"application\/ld+json\" class=\"yoast-schema-graph\">{\"@context\":\"https:\/\/schema.org\",\"@graph\":[{\"@type\":\"Article\",\"@id\":\"http:\/\/denizcankizil.tr\/en\/haberler\/gundem\/kocaeli-dunya-sehirlerine-ornek-oluyor\/#article\",\"isPartOf\":{\"@id\":\"http:\/\/denizcankizil.tr\/en\/haberler\/gundem\/kocaeli-dunya-sehirlerine-ornek-oluyor\/\"},\"author\":{\"name\":\"admin\",\"@id\":\"https:\/\/denizcankizil.tr\/de\/#\/schema\/person\/be3c05fe6a12686905512445d8185489\"},\"headline\":\"Kocaeli, d\u00fcnya \u015fehirlerine \u00f6rnek oluyor\",\"datePublished\":\"2025-01-31T10:41:45+00:00\",\"mainEntityOfPage\":{\"@id\":\"http:\/\/denizcankizil.tr\/en\/haberler\/gundem\/kocaeli-dunya-sehirlerine-ornek-oluyor\/\"},\"wordCount\":1154,\"commentCount\":0,\"publisher\":{\"@id\":\"https:\/\/denizcankizil.tr\/de\/#organization\"},\"articleSection\":[\"G\u00fcndem\"],\"inLanguage\":\"en-GB\",\"potentialAction\":[{\"@type\":\"CommentAction\",\"name\":\"Comment\",\"target\":[\"http:\/\/denizcankizil.tr\/en\/haberler\/gundem\/kocaeli-dunya-sehirlerine-ornek-oluyor\/#respond\"]}]},{\"@type\":\"WebPage\",\"@id\":\"http:\/\/denizcankizil.tr\/en\/haberler\/gundem\/kocaeli-dunya-sehirlerine-ornek-oluyor\/\",\"url\":\"http:\/\/denizcankizil.tr\/en\/haberler\/gundem\/kocaeli-dunya-sehirlerine-ornek-oluyor\/\",\"name\":\"Kocaeli, d\u00fcnya \u015fehirlerine \u00f6rnek oluyor - Av. Deniz Can K\u0131z\u0131l\",\"isPartOf\":{\"@id\":\"https:\/\/denizcankizil.tr\/de\/#website\"},\"datePublished\":\"2025-01-31T10:41:45+00:00\",\"breadcrumb\":{\"@id\":\"http:\/\/denizcankizil.tr\/en\/haberler\/gundem\/kocaeli-dunya-sehirlerine-ornek-oluyor\/#breadcrumb\"},\"inLanguage\":\"en-GB\",\"potentialAction\":[{\"@type\":\"ReadAction\",\"target\":[\"http:\/\/denizcankizil.tr\/en\/haberler\/gundem\/kocaeli-dunya-sehirlerine-ornek-oluyor\/\"]}]},{\"@type\":\"BreadcrumbList\",\"@id\":\"http:\/\/denizcankizil.tr\/en\/haberler\/gundem\/kocaeli-dunya-sehirlerine-ornek-oluyor\/#breadcrumb\",\"itemListElement\":[{\"@type\":\"ListItem\",\"position\":1,\"name\":\"Home\",\"item\":\"https:\/\/denizcankizil.tr\/de\/\"},{\"@type\":\"ListItem\",\"position\":2,\"name\":\"Kocaeli, d\u00fcnya \u015fehirlerine \u00f6rnek oluyor\"}]},{\"@type\":\"WebSite\",\"@id\":\"https:\/\/denizcankizil.tr\/de\/#website\",\"url\":\"https:\/\/denizcankizil.tr\/de\/\",\"name\":\"Av. Deniz Can K\u0131z\u0131l\",\"description\":\"Avukat Deniz Can K\u0131z\u0131l Antalya Barosu\",\"publisher\":{\"@id\":\"https:\/\/denizcankizil.tr\/de\/#organization\"},\"potentialAction\":[{\"@type\":\"SearchAction\",\"target\":{\"@type\":\"EntryPoint\",\"urlTemplate\":\"https:\/\/denizcankizil.tr\/de\/?s={search_term_string}\"},\"query-input\":{\"@type\":\"PropertyValueSpecification\",\"valueRequired\":true,\"valueName\":\"search_term_string\"}}],\"inLanguage\":\"en-GB\"},{\"@type\":\"Organization\",\"@id\":\"https:\/\/denizcankizil.tr\/de\/#organization\",\"name\":\"Av. Deniz Can K\u0131z\u0131l\",\"url\":\"https:\/\/denizcankizil.tr\/de\/\",\"logo\":{\"@type\":\"ImageObject\",\"inLanguage\":\"en-GB\",\"@id\":\"https:\/\/denizcankizil.tr\/de\/#\/schema\/logo\/image\/\",\"url\":\"http:\/\/denizcankizil.tr\/wp-content\/uploads\/2024\/10\/siyah-logo-svg.svg\",\"contentUrl\":\"http:\/\/denizcankizil.tr\/wp-content\/uploads\/2024\/10\/siyah-logo-svg.svg\",\"width\":1080,\"height\":1080,\"caption\":\"Av. Deniz Can K\u0131z\u0131l\"},\"image\":{\"@id\":\"https:\/\/denizcankizil.tr\/de\/#\/schema\/logo\/image\/\"}},{\"@type\":\"Person\",\"@id\":\"https:\/\/denizcankizil.tr\/de\/#\/schema\/person\/be3c05fe6a12686905512445d8185489\",\"name\":\"admin\",\"image\":{\"@type\":\"ImageObject\",\"inLanguage\":\"en-GB\",\"@id\":\"https:\/\/denizcankizil.tr\/de\/#\/schema\/person\/image\/\",\"url\":\"https:\/\/secure.gravatar.com\/avatar\/c1fce94c830dc79107e174f890d7210541c4a63e8e5d816341794a2151c9d58c?s=96&d=mm&r=g\",\"contentUrl\":\"https:\/\/secure.gravatar.com\/avatar\/c1fce94c830dc79107e174f890d7210541c4a63e8e5d816341794a2151c9d58c?s=96&d=mm&r=g\",\"caption\":\"admin\"},\"sameAs\":[\"http:\/\/denizcankizil.tr\"],\"url\":\"https:\/\/www.iskenderun.org\/kocaeli-dunya-sehirlerine-ornek-oluyor\"}]}<\/script>\n<!-- \/ Yoast SEO Premium plugin. -->","yoast_head_json":{"title":"Kocaeli, d\u00fcnya \u015fehirlerine \u00f6rnek oluyor - Av. Deniz Can K\u0131z\u0131l","robots":{"index":"index","follow":"follow","max-snippet":"max-snippet:-1","max-image-preview":"max-image-preview:large","max-video-preview":"max-video-preview:-1"},"canonical":"http:\/\/denizcankizil.tr\/en\/haberler\/gundem\/kocaeli-dunya-sehirlerine-ornek-oluyor\/","og_locale":"en_GB","og_type":"article","og_title":"Kocaeli, d\u00fcnya \u015fehirlerine \u00f6rnek oluyor","og_description":"Kocaeli Vizyon 2053 Sanayi Sekt\u00f6r\u00fc \u00c7al\u0131\u015ftay\u0131, B\u00fcy\u00fck\u015fehir\u2019in \u00f6nc\u00fcl\u00fc\u011f\u00fcnde Kocaeli Kongre Merkezi\u2019nde d\u00fczenlendiKOCAEL\u0130 (\u0130GFA) &#8211; Kocaeli B\u00fcy\u00fck\u015fehir Belediyesi ve payda\u015f kurumlar\u0131n katk\u0131lar\u0131 ile d\u00fczenlenen Kocaeli Vizyon 2053 Sanayi Sekt\u00f6r\u00fc \u00c7al\u0131\u015ftay\u0131\u2019nda s\u00fcrd\u00fcr\u00fclebilir \u00fcretim, yenilik\u00e7i sanayi politikalar\u0131 ve Kocaeli\u2019nin sanayi vizyonu tart\u0131\u015f\u0131ld\u0131. \u00c7al\u0131\u015ftayda konu\u015fan B\u00fcy\u00fck\u015fehir Genel Sekreteri Dr.Hayri Bara\u00e7l\u0131, Kocaeli\u2019nin d\u00fcnya \u015fehirlerine \u00f6rnek oldu\u011funu s\u00f6yledi. Kocaeli Valili\u011fi, Kocaeli B\u00fcy\u00fck\u015fehir Belediyesi, Kocaeli \u00dcniversitesi, Gebze Teknik \u00dcniversitesi, Kocaeli Sanayi Odas\u0131 ve di\u011fer pek \u00e7ok payda\u015f\u0131n destekleri ile d\u00fczenlenen Kocaeli Vizyon 2053 Sanayi Sekt\u00f6r\u00fc \u00c7al\u0131\u015ftay\u0131, Kocaeli Kongre Merkezi\u2019nde tamamland\u0131. S\u00fcrd\u00fcr\u00fclebilir \u00fcretim, yenilik\u00e7i sanayi politikalar\u0131 ve Kocaeli\u2019nin sanayi vizyonu gibi konular\u0131n\u0131n tart\u0131\u015f\u0131ld\u0131\u011f\u0131 \u00e7al\u0131\u015ftayda farkl\u0131 sekt\u00f6rlerden uzman isimler, sanayi temsilcileri ve akademisyenler yer ald\u0131. \u00c7al\u0131\u015ftay\u0131n a\u00e7\u0131l\u0131\u015f program\u0131na Kocaeli B\u00fcy\u00fck\u015fehir Belediyesi Ba\u015fkan Vekili Berna Abi\u015f, B\u00fcy\u00fck\u015fehir Belediyesi Genel Sekreteri Dr. Hayri Bara\u00e7l\u0131, Kocaeli Sanayi Odas\u0131 Ba\u015fkan\u0131 Ayhan Zeytino\u011flu, Gebze Teknik \u00dcniversitesi Rekt\u00f6r\u00fc Prof. Dr. Hac\u0131 Ali Mantar, Kocaeli \u00dcniversitesi Rekt\u00f6r\u00fc Prof. Dr. Nuh Zafer Cant\u00fcrk, Kocaeli B\u00fcy\u00fck\u015fehir Belediyesi Genel Sekreter Yard\u0131mc\u0131lar\u0131 Ali Ye\u015fildal ve G\u00f6kmen Meng\u00fc\u00e7 ile Pamukkale \u00dcniversitesi \u00d6\u011fretim \u00dcyesi Do\u00e7. Dr. Tayfun Saliho\u011flu, akademisyenler,\u00a0 sanayi kurulu\u015fu temsilcileri, protokol ve vatanda\u015flar kat\u0131ld\u0131. \u00c7al\u0131\u015ftay\u0131n a\u00e7\u0131l\u0131\u015f program\u0131nda Pamukkale \u00dcniversitesi \u00d6\u011fretim \u00dcyesi Do\u00e7. Dr. Tayfun Saliho\u011flu, \u201cKocaeli Kent Vizyonu Geli\u015ftirme Projesi\u201d, \u201cKocaeli Vizyon 2053 Strateji Belgesi\u201d ve \u201cKocaeli Sanayisi\u2019ne\u201d y\u00f6nelik bir\u00e7ok &hellip;","og_url":"http:\/\/denizcankizil.tr\/en\/haberler\/gundem\/kocaeli-dunya-sehirlerine-ornek-oluyor\/","og_site_name":"Av. Deniz Can K\u0131z\u0131l","article_published_time":"2025-01-31T10:41:45+00:00","author":"admin","twitter_card":"summary_large_image","twitter_misc":{"Written by":"admin","Estimated reading time":"6 minutes"},"schema":{"@context":"https:\/\/schema.org","@graph":[{"@type":"Article","@id":"http:\/\/denizcankizil.tr\/en\/haberler\/gundem\/kocaeli-dunya-sehirlerine-ornek-oluyor\/#article","isPartOf":{"@id":"http:\/\/denizcankizil.tr\/en\/haberler\/gundem\/kocaeli-dunya-sehirlerine-ornek-oluyor\/"},"author":{"name":"admin","@id":"https:\/\/denizcankizil.tr\/de\/#\/schema\/person\/be3c05fe6a12686905512445d8185489"},"headline":"Kocaeli, d\u00fcnya \u015fehirlerine \u00f6rnek oluyor","datePublished":"2025-01-31T10:41:45+00:00","mainEntityOfPage":{"@id":"http:\/\/denizcankizil.tr\/en\/haberler\/gundem\/kocaeli-dunya-sehirlerine-ornek-oluyor\/"},"wordCount":1154,"commentCount":0,"publisher":{"@id":"https:\/\/denizcankizil.tr\/de\/#organization"},"articleSection":["G\u00fcndem"],"inLanguage":"en-GB","potentialAction":[{"@type":"CommentAction","name":"Comment","target":["http:\/\/denizcankizil.tr\/en\/haberler\/gundem\/kocaeli-dunya-sehirlerine-ornek-oluyor\/#respond"]}]},{"@type":"WebPage","@id":"http:\/\/denizcankizil.tr\/en\/haberler\/gundem\/kocaeli-dunya-sehirlerine-ornek-oluyor\/","url":"http:\/\/denizcankizil.tr\/en\/haberler\/gundem\/kocaeli-dunya-sehirlerine-ornek-oluyor\/","name":"Kocaeli, d\u00fcnya \u015fehirlerine \u00f6rnek oluyor - Av. Deniz Can K\u0131z\u0131l","isPartOf":{"@id":"https:\/\/denizcankizil.tr\/de\/#website"},"datePublished":"2025-01-31T10:41:45+00:00","breadcrumb":{"@id":"http:\/\/denizcankizil.tr\/en\/haberler\/gundem\/kocaeli-dunya-sehirlerine-ornek-oluyor\/#breadcrumb"},"inLanguage":"en-GB","potentialAction":[{"@type":"ReadAction","target":["http:\/\/denizcankizil.tr\/en\/haberler\/gundem\/kocaeli-dunya-sehirlerine-ornek-oluyor\/"]}]},{"@type":"BreadcrumbList","@id":"http:\/\/denizcankizil.tr\/en\/haberler\/gundem\/kocaeli-dunya-sehirlerine-ornek-oluyor\/#breadcrumb","itemListElement":[{"@type":"ListItem","position":1,"name":"Home","item":"https:\/\/denizcankizil.tr\/de\/"},{"@type":"ListItem","position":2,"name":"Kocaeli, d\u00fcnya \u015fehirlerine \u00f6rnek oluyor"}]},{"@type":"WebSite","@id":"https:\/\/denizcankizil.tr\/de\/#website","url":"https:\/\/denizcankizil.tr\/de\/","name":"Av. Deniz Can K\u0131z\u0131l","description":"Avukat Deniz Can K\u0131z\u0131l Antalya Barosu","publisher":{"@id":"https:\/\/denizcankizil.tr\/de\/#organization"},"potentialAction":[{"@type":"SearchAction","target":{"@type":"EntryPoint","urlTemplate":"https:\/\/denizcankizil.tr\/de\/?s={search_term_string}"},"query-input":{"@type":"PropertyValueSpecification","valueRequired":true,"valueName":"search_term_string"}}],"inLanguage":"en-GB"},{"@type":"Organization","@id":"https:\/\/denizcankizil.tr\/de\/#organization","name":"Av. Deniz Can K\u0131z\u0131l","url":"https:\/\/denizcankizil.tr\/de\/","logo":{"@type":"ImageObject","inLanguage":"en-GB","@id":"https:\/\/denizcankizil.tr\/de\/#\/schema\/logo\/image\/","url":"http:\/\/denizcankizil.tr\/wp-content\/uploads\/2024\/10\/siyah-logo-svg.svg","contentUrl":"http:\/\/denizcankizil.tr\/wp-content\/uploads\/2024\/10\/siyah-logo-svg.svg","width":1080,"height":1080,"caption":"Av. Deniz Can K\u0131z\u0131l"},"image":{"@id":"https:\/\/denizcankizil.tr\/de\/#\/schema\/logo\/image\/"}},{"@type":"Person","@id":"https:\/\/denizcankizil.tr\/de\/#\/schema\/person\/be3c05fe6a12686905512445d8185489","name":"admin","image":{"@type":"ImageObject","inLanguage":"en-GB","@id":"https:\/\/denizcankizil.tr\/de\/#\/schema\/person\/image\/","url":"https:\/\/secure.gravatar.com\/avatar\/c1fce94c830dc79107e174f890d7210541c4a63e8e5d816341794a2151c9d58c?s=96&d=mm&r=g","contentUrl":"https:\/\/secure.gravatar.com\/avatar\/c1fce94c830dc79107e174f890d7210541c4a63e8e5d816341794a2151c9d58c?s=96&d=mm&r=g","caption":"admin"},"sameAs":["http:\/\/denizcankizil.tr"],"url":"https:\/\/www.iskenderun.org\/kocaeli-dunya-sehirlerine-ornek-oluyor"}]}},"_links":{"self":[{"href":"http:\/\/denizcankizil.tr\/en\/wp-json\/wp\/v2\/posts\/29009","targetHints":{"allow":["GET"]}}],"collection":[{"href":"http:\/\/denizcankizil.tr\/en\/wp-json\/wp\/v2\/posts"}],"about":[{"href":"http:\/\/denizcankizil.tr\/en\/wp-json\/wp\/v2\/types\/post"}],"author":[{"embeddable":true,"href":"http:\/\/denizcankizil.tr\/en\/wp-json\/wp\/v2\/users\/1"}],"replies":[{"embeddable":true,"href":"http:\/\/denizcankizil.tr\/en\/wp-json\/wp\/v2\/comments?post=29009"}],"version-history":[{"count":0,"href":"http:\/\/denizcankizil.tr\/en\/wp-json\/wp\/v2\/posts\/29009\/revisions"}],"wp:attachment":[{"href":"http:\/\/denizcankizil.tr\/en\/wp-json\/wp\/v2\/media?parent=29009"}],"wp:term":[{"taxonomy":"category","embeddable":true,"href":"http:\/\/denizcankizil.tr\/en\/wp-json\/wp\/v2\/categories?post=29009"},{"taxonomy":"post_tag","embeddable":true,"href":"http:\/\/denizcankizil.tr\/en\/wp-json\/wp\/v2\/tags?post=29009"}],"curies":[{"name":"wp","href":"https:\/\/api.w.org\/{rel}","templated":true}]}}