{"id":28749,"date":"2025-01-30T15:41:53","date_gmt":"2025-01-30T12:41:53","guid":{"rendered":"https:\/\/denizcankizil.tr\/uncategorized-tr\/mecliste-emekli-ayligi-mesaisine-devam\/"},"modified":"2025-01-30T15:41:53","modified_gmt":"2025-01-30T12:41:53","slug":"mecliste-emekli-ayligi-mesaisine-devam","status":"publish","type":"post","link":"http:\/\/denizcankizil.tr\/en\/haberler\/gundem\/mecliste-emekli-ayligi-mesaisine-devam\/","title":{"rendered":"Mecliste emekli ayl\u0131\u011f\u0131 mesaisine devam"},"content":{"rendered":"<p>Emekli ayl\u0131\u011f\u0131na y\u00f6nelik d\u00fczenlemeleri de i\u00e7eren kanun teklifi TBMM&#8217;nin g\u00fcndeminde g\u00f6r\u00fc\u015f\u00fclmeye bug\u00fcn de devam ediyor. D\u00fczenleme ile en d\u00fc\u015f\u00fck emekli ayl\u0131\u011f\u0131 14 bin 469 liraya y\u00fckseltilmesi \u00f6ng\u00f6r\u00fcl\u00fcrken, i\u015fverene asgari \u00fccret deste\u011fi de 2025 y\u0131l\u0131 i\u00e7in bin lira olarak belirlendi. Teklifin g\u00f6r\u00fc\u015fmeleri kald\u0131\u011f\u0131 yerden Genel Kurul&#8217;da yeniden ba\u015flad\u0131.ANKARA (\u0130GFA) -TBMM Genel Kurulunda, ekonomiye ili\u015fkin d\u00fczenlemeleri de i\u00e7eren Baz\u0131 Kanunlarda De\u011fi\u015fiklik Yap\u0131lmas\u0131na Dair Kanun Teklifi&#8217;nin birinci b\u00f6l\u00fcm\u00fcn\u00fcn t\u00fcm\u00fc \u00fczerinde g\u00f6r\u00fc\u015fmeler d\u00fcn tamamlanm\u0131\u015ft\u0131.<br \/>\nGenel Kurulda, teklifin t\u00fcm\u00fc \u00fczerindeki g\u00f6r\u00fc\u015fmelerin ard\u0131ndan milletvekillerinin sorular\u0131n\u0131 yan\u0131tlayan\u00a0TBMM Plan ve B\u00fct\u00e7e Komisyonu Ba\u015fkan\u0131, AK Parti Samsun Milletvekili Mehmet Mu\u015f, en d\u00fc\u015f\u00fck emekli ayl\u0131\u011f\u0131n\u0131n 14 bin 469 liraya y\u00fckseltilmesine ili\u015fkin de Mu\u015f, d\u00fczenlemenin 2025 y\u0131l\u0131 Ocak \u00f6deme d\u00f6neminden itibaren ge\u00e7erli olaca\u011f\u0131n\u0131 belirterek, &#8220;Teklifin Meclis&#8217;te kabul edilmesi ve y\u00fcr\u00fcrl\u00fc\u011fe girmesi halinde herhangi bir hak kayb\u0131n\u0131n s\u00f6z konusu olmamas\u0131 ve 2025 Ocak ayl\u0131klar\u0131n\u0131n fark \u00f6demelerinin yap\u0131lmas\u0131 \u00f6ng\u00f6r\u00fclmekte.&#8221; demi\u015fti.<br \/>\nGenel Kurulda daha sonra teklifin maddeleri \u00fczerinde g\u00f6r\u00fc\u015fmelerde,\u00a0d\u00fczenlemenin birinci maddesi \u00fczerindeki \u00f6nergenin oylamas\u0131 \u00f6ncesinde yap\u0131lan iki yoklamada da toplant\u0131 yeter say\u0131s\u0131 bulunamamas\u0131 \u00fczerine birle\u015fimi bug\u00fcne kalm\u0131\u015ft\u0131.<br \/>\nTBMM Genel Kurulu, saat 14.00 itibariyle teklifin g\u00f6r\u00fc\u015fmelerine devam etmek \u00fczere yeniden topland\u0131.<\/p>\n<p>https:\/\/twitter.com\/TBMMGenelKurulu\/status\/1884920351412322683<\/p>\n<p>TBMM Ba\u015fkanvekili Celal Adan&#8217;\u0131n y\u00f6netti\u011fi 51. birle\u015fimde \u0130\u00e7 t\u00fcz\u00fck&#8217;\u00fcn 59&#8217;uncu maddesi kapsam\u0131nda g\u00fcndem d\u0131\u015f\u0131 konu\u015fmalar yap\u0131l\u0131yor.<\/p>\n<p>\u200bEmekli ayl\u0131\u011f\u0131na y\u00f6nelik d\u00fczenlemeleri de i\u00e7eren kanun teklifi TBMM&#8217;nin g\u00fcndeminde g\u00f6r\u00fc\u015f\u00fclmeye bug\u00fcn de devam ediyor. D\u00fczenleme ile en d\u00fc\u015f\u00fck emekli ayl\u0131\u011f\u0131 14 bin 469 liraya y\u00fckseltilmesi \u00f6ng\u00f6r\u00fcl\u00fcrken, i\u015fverene asgari \u00fccret deste\u011fi de 2025 y\u0131l\u0131 i\u00e7in bin lira olarak belirlendi. Teklifin g\u00f6r\u00fc\u015fmeleri kald\u0131\u011f\u0131 yerden Genel Kurul&#8217;da yeniden ba\u015flad\u0131.ANKARA (\u0130GFA) -TBMM Genel Kurulunda, ekonomiye ili\u015fkin d\u00fczenlemeleri de i\u00e7eren Baz\u0131 Kanunlarda De\u011fi\u015fiklik Yap\u0131lmas\u0131na Dair Kanun Teklifi&#8217;nin birinci b\u00f6l\u00fcm\u00fcn\u00fcn t\u00fcm\u00fc \u00fczerinde g\u00f6r\u00fc\u015fmeler d\u00fcn tamamlanm\u0131\u015ft\u0131.<br \/>\nGenel Kurulda, teklifin t\u00fcm\u00fc \u00fczerindeki g\u00f6r\u00fc\u015fmelerin ard\u0131ndan milletvekillerinin sorular\u0131n\u0131 yan\u0131tlayan\u00a0TBMM Plan ve B\u00fct\u00e7e Komisyonu Ba\u015fkan\u0131, AK Parti Samsun Milletvekili Mehmet Mu\u015f, en d\u00fc\u015f\u00fck emekli ayl\u0131\u011f\u0131n\u0131n 14 bin 469 liraya y\u00fckseltilmesine ili\u015fkin de Mu\u015f, d\u00fczenlemenin 2025 y\u0131l\u0131 Ocak \u00f6deme d\u00f6neminden itibaren ge\u00e7erli olaca\u011f\u0131n\u0131 belirterek, &#8220;Teklifin Meclis&#8217;te kabul edilmesi ve y\u00fcr\u00fcrl\u00fc\u011fe girmesi halinde herhangi bir hak kayb\u0131n\u0131n s\u00f6z konusu olmamas\u0131 ve 2025 Ocak ayl\u0131klar\u0131n\u0131n fark \u00f6demelerinin yap\u0131lmas\u0131 \u00f6ng\u00f6r\u00fclmekte.&#8221; demi\u015fti.<br \/>\nGenel Kurulda daha sonra teklifin maddeleri \u00fczerinde g\u00f6r\u00fc\u015fmelerde,\u00a0d\u00fczenlemenin birinci maddesi \u00fczerindeki \u00f6nergenin oylamas\u0131 \u00f6ncesinde yap\u0131lan iki yoklamada da toplant\u0131 yeter say\u0131s\u0131 bulunamamas\u0131 \u00fczerine birle\u015fimi bug\u00fcne kalm\u0131\u015ft\u0131.<br \/>\nTBMM Genel Kurulu, saat 14.00 itibariyle teklifin g\u00f6r\u00fc\u015fmelerine devam etmek \u00fczere yeniden topland\u0131.<\/p>\n<p>https:\/\/twitter.com\/TBMMGenelKurulu\/status\/1884920351412322683<\/p>\n<p>TBMM Ba\u015fkanvekili Celal Adan&#8217;\u0131n y\u00f6netti\u011fi 51. birle\u015fimde \u0130\u00e7 t\u00fcz\u00fck&#8217;\u00fcn 59&#8217;uncu maddesi kapsam\u0131nda g\u00fcndem d\u0131\u015f\u0131 konu\u015fmalar yap\u0131l\u0131yor.\u00a0<\/p>\n<p>\u200bHaberin Al\u0131nt\u0131land\u0131\u011f\u0131 Kaynak: www.iskenderun.org<\/p>","protected":false},"excerpt":{"rendered":"<p>Emekli ayl\u0131\u011f\u0131na y\u00f6nelik d\u00fczenlemeleri de i\u00e7eren kanun teklifi TBMM&#8217;nin g\u00fcndeminde g\u00f6r\u00fc\u015f\u00fclmeye bug\u00fcn de devam ediyor. D\u00fczenleme ile en d\u00fc\u015f\u00fck emekli ayl\u0131\u011f\u0131 14 bin 469 liraya y\u00fckseltilmesi \u00f6ng\u00f6r\u00fcl\u00fcrken, i\u015fverene asgari \u00fccret deste\u011fi de 2025 y\u0131l\u0131 i\u00e7in bin lira olarak belirlendi. Teklifin g\u00f6r\u00fc\u015fmeleri kald\u0131\u011f\u0131 yerden Genel Kurul&#8217;da yeniden ba\u015flad\u0131.ANKARA (\u0130GFA) -TBMM Genel Kurulunda, ekonomiye ili\u015fkin d\u00fczenlemeleri de i\u00e7eren Baz\u0131 Kanunlarda De\u011fi\u015fiklik Yap\u0131lmas\u0131na Dair Kanun Teklifi&#8217;nin birinci b\u00f6l\u00fcm\u00fcn\u00fcn t\u00fcm\u00fc \u00fczerinde g\u00f6r\u00fc\u015fmeler d\u00fcn tamamlanm\u0131\u015ft\u0131. Genel Kurulda, teklifin t\u00fcm\u00fc \u00fczerindeki g\u00f6r\u00fc\u015fmelerin ard\u0131ndan milletvekillerinin sorular\u0131n\u0131 yan\u0131tlayan\u00a0TBMM Plan ve B\u00fct\u00e7e Komisyonu Ba\u015fkan\u0131, AK Parti Samsun Milletvekili Mehmet Mu\u015f, en d\u00fc\u015f\u00fck emekli ayl\u0131\u011f\u0131n\u0131n 14 bin 469 liraya y\u00fckseltilmesine ili\u015fkin de Mu\u015f, d\u00fczenlemenin 2025 y\u0131l\u0131 Ocak \u00f6deme d\u00f6neminden itibaren ge\u00e7erli olaca\u011f\u0131n\u0131 belirterek, &#8220;Teklifin Meclis&#8217;te kabul edilmesi ve y\u00fcr\u00fcrl\u00fc\u011fe girmesi halinde herhangi bir hak kayb\u0131n\u0131n s\u00f6z konusu olmamas\u0131 ve 2025 Ocak ayl\u0131klar\u0131n\u0131n fark \u00f6demelerinin yap\u0131lmas\u0131 \u00f6ng\u00f6r\u00fclmekte.&#8221; demi\u015fti. Genel Kurulda daha sonra teklifin maddeleri \u00fczerinde g\u00f6r\u00fc\u015fmelerde,\u00a0d\u00fczenlemenin birinci maddesi \u00fczerindeki \u00f6nergenin oylamas\u0131 \u00f6ncesinde yap\u0131lan iki yoklamada da toplant\u0131 yeter say\u0131s\u0131 bulunamamas\u0131 \u00fczerine birle\u015fimi bug\u00fcne kalm\u0131\u015ft\u0131. TBMM Genel Kurulu, saat 14.00 itibariyle teklifin g\u00f6r\u00fc\u015fmelerine devam etmek \u00fczere yeniden topland\u0131. https:\/\/twitter.com\/TBMMGenelKurulu\/status\/1884920351412322683 TBMM Ba\u015fkanvekili Celal Adan&#8217;\u0131n y\u00f6netti\u011fi 51. birle\u015fimde \u0130\u00e7 t\u00fcz\u00fck&#8217;\u00fcn 59&#8217;uncu maddesi kapsam\u0131nda g\u00fcndem d\u0131\u015f\u0131 konu\u015fmalar yap\u0131l\u0131yor. \u200bEmekli ayl\u0131\u011f\u0131na y\u00f6nelik d\u00fczenlemeleri de i\u00e7eren kanun &hellip;<\/p>","protected":false},"author":1,"featured_media":0,"comment_status":"open","ping_status":"open","sticky":false,"template":"","format":"standard","meta":{"_acf_changed":false,"footnotes":""},"categories":[24],"tags":[],"class_list":["post-28749","post","type-post","status-publish","format-standard","has-post-thumbnail","hentry","category-gundem"],"acf":[],"yoast_head":"<!-- This site is optimized with the Yoast SEO Premium plugin v26.6 (Yoast SEO v27.1.1) - https:\/\/yoast.com\/product\/yoast-seo-premium-wordpress\/ -->\n<title>Mecliste emekli ayl\u0131\u011f\u0131 mesaisine devam - Av. Deniz Can K\u0131z\u0131l<\/title>\n<meta name=\"robots\" content=\"index, follow, max-snippet:-1, max-image-preview:large, max-video-preview:-1\" \/>\n<link rel=\"canonical\" href=\"http:\/\/denizcankizil.tr\/en\/haberler\/gundem\/mecliste-emekli-ayligi-mesaisine-devam\/\" \/>\n<meta property=\"og:locale\" content=\"en_GB\" \/>\n<meta property=\"og:type\" content=\"article\" \/>\n<meta property=\"og:title\" content=\"Mecliste emekli ayl\u0131\u011f\u0131 mesaisine devam\" \/>\n<meta property=\"og:description\" content=\"Emekli ayl\u0131\u011f\u0131na y\u00f6nelik d\u00fczenlemeleri de i\u00e7eren kanun teklifi TBMM&#8217;nin g\u00fcndeminde g\u00f6r\u00fc\u015f\u00fclmeye bug\u00fcn de devam ediyor. D\u00fczenleme ile en d\u00fc\u015f\u00fck emekli ayl\u0131\u011f\u0131 14 bin 469 liraya y\u00fckseltilmesi \u00f6ng\u00f6r\u00fcl\u00fcrken, i\u015fverene asgari \u00fccret deste\u011fi de 2025 y\u0131l\u0131 i\u00e7in bin lira olarak belirlendi. Teklifin g\u00f6r\u00fc\u015fmeleri kald\u0131\u011f\u0131 yerden Genel Kurul&#8217;da yeniden ba\u015flad\u0131.ANKARA (\u0130GFA) -TBMM Genel Kurulunda, ekonomiye ili\u015fkin d\u00fczenlemeleri de i\u00e7eren Baz\u0131 Kanunlarda De\u011fi\u015fiklik Yap\u0131lmas\u0131na Dair Kanun Teklifi&#8217;nin birinci b\u00f6l\u00fcm\u00fcn\u00fcn t\u00fcm\u00fc \u00fczerinde g\u00f6r\u00fc\u015fmeler d\u00fcn tamamlanm\u0131\u015ft\u0131. Genel Kurulda, teklifin t\u00fcm\u00fc \u00fczerindeki g\u00f6r\u00fc\u015fmelerin ard\u0131ndan milletvekillerinin sorular\u0131n\u0131 yan\u0131tlayan\u00a0TBMM Plan ve B\u00fct\u00e7e Komisyonu Ba\u015fkan\u0131, AK Parti Samsun Milletvekili Mehmet Mu\u015f, en d\u00fc\u015f\u00fck emekli ayl\u0131\u011f\u0131n\u0131n 14 bin 469 liraya y\u00fckseltilmesine ili\u015fkin de Mu\u015f, d\u00fczenlemenin 2025 y\u0131l\u0131 Ocak \u00f6deme d\u00f6neminden itibaren ge\u00e7erli olaca\u011f\u0131n\u0131 belirterek, &#8220;Teklifin Meclis&#8217;te kabul edilmesi ve y\u00fcr\u00fcrl\u00fc\u011fe girmesi halinde herhangi bir hak kayb\u0131n\u0131n s\u00f6z konusu olmamas\u0131 ve 2025 Ocak ayl\u0131klar\u0131n\u0131n fark \u00f6demelerinin yap\u0131lmas\u0131 \u00f6ng\u00f6r\u00fclmekte.&#8221; demi\u015fti. Genel Kurulda daha sonra teklifin maddeleri \u00fczerinde g\u00f6r\u00fc\u015fmelerde,\u00a0d\u00fczenlemenin birinci maddesi \u00fczerindeki \u00f6nergenin oylamas\u0131 \u00f6ncesinde yap\u0131lan iki yoklamada da toplant\u0131 yeter say\u0131s\u0131 bulunamamas\u0131 \u00fczerine birle\u015fimi bug\u00fcne kalm\u0131\u015ft\u0131. TBMM Genel Kurulu, saat 14.00 itibariyle teklifin g\u00f6r\u00fc\u015fmelerine devam etmek \u00fczere yeniden topland\u0131. https:\/\/twitter.com\/TBMMGenelKurulu\/status\/1884920351412322683 TBMM Ba\u015fkanvekili Celal Adan&#8217;\u0131n y\u00f6netti\u011fi 51. birle\u015fimde \u0130\u00e7 t\u00fcz\u00fck&#8217;\u00fcn 59&#8217;uncu maddesi kapsam\u0131nda g\u00fcndem d\u0131\u015f\u0131 konu\u015fmalar yap\u0131l\u0131yor. \u200bEmekli ayl\u0131\u011f\u0131na y\u00f6nelik d\u00fczenlemeleri de i\u00e7eren kanun &hellip;\" \/>\n<meta property=\"og:url\" content=\"http:\/\/denizcankizil.tr\/en\/haberler\/gundem\/mecliste-emekli-ayligi-mesaisine-devam\/\" \/>\n<meta property=\"og:site_name\" content=\"Av. Deniz Can K\u0131z\u0131l\" \/>\n<meta property=\"article:published_time\" content=\"2025-01-30T12:41:53+00:00\" \/>\n<meta name=\"author\" content=\"admin\" \/>\n<meta name=\"twitter:card\" content=\"summary_large_image\" \/>\n<meta name=\"twitter:label1\" content=\"Written by\" \/>\n\t<meta name=\"twitter:data1\" content=\"admin\" \/>\n\t<meta name=\"twitter:label2\" content=\"Estimated reading time\" \/>\n\t<meta name=\"twitter:data2\" content=\"3 minutes\" \/>\n<script type=\"application\/ld+json\" class=\"yoast-schema-graph\">{\"@context\":\"https:\/\/schema.org\",\"@graph\":[{\"@type\":\"Article\",\"@id\":\"http:\/\/denizcankizil.tr\/en\/haberler\/gundem\/mecliste-emekli-ayligi-mesaisine-devam\/#article\",\"isPartOf\":{\"@id\":\"http:\/\/denizcankizil.tr\/en\/haberler\/gundem\/mecliste-emekli-ayligi-mesaisine-devam\/\"},\"author\":{\"name\":\"admin\",\"@id\":\"https:\/\/denizcankizil.tr\/de\/#\/schema\/person\/be3c05fe6a12686905512445d8185489\"},\"headline\":\"Mecliste emekli ayl\u0131\u011f\u0131 mesaisine devam\",\"datePublished\":\"2025-01-30T12:41:53+00:00\",\"mainEntityOfPage\":{\"@id\":\"http:\/\/denizcankizil.tr\/en\/haberler\/gundem\/mecliste-emekli-ayligi-mesaisine-devam\/\"},\"wordCount\":585,\"commentCount\":0,\"publisher\":{\"@id\":\"https:\/\/denizcankizil.tr\/de\/#organization\"},\"articleSection\":[\"G\u00fcndem\"],\"inLanguage\":\"en-GB\",\"potentialAction\":[{\"@type\":\"CommentAction\",\"name\":\"Comment\",\"target\":[\"http:\/\/denizcankizil.tr\/en\/haberler\/gundem\/mecliste-emekli-ayligi-mesaisine-devam\/#respond\"]}]},{\"@type\":\"WebPage\",\"@id\":\"http:\/\/denizcankizil.tr\/en\/haberler\/gundem\/mecliste-emekli-ayligi-mesaisine-devam\/\",\"url\":\"http:\/\/denizcankizil.tr\/en\/haberler\/gundem\/mecliste-emekli-ayligi-mesaisine-devam\/\",\"name\":\"Mecliste emekli ayl\u0131\u011f\u0131 mesaisine devam - Av. Deniz Can K\u0131z\u0131l\",\"isPartOf\":{\"@id\":\"https:\/\/denizcankizil.tr\/de\/#website\"},\"datePublished\":\"2025-01-30T12:41:53+00:00\",\"breadcrumb\":{\"@id\":\"http:\/\/denizcankizil.tr\/en\/haberler\/gundem\/mecliste-emekli-ayligi-mesaisine-devam\/#breadcrumb\"},\"inLanguage\":\"en-GB\",\"potentialAction\":[{\"@type\":\"ReadAction\",\"target\":[\"http:\/\/denizcankizil.tr\/en\/haberler\/gundem\/mecliste-emekli-ayligi-mesaisine-devam\/\"]}]},{\"@type\":\"BreadcrumbList\",\"@id\":\"http:\/\/denizcankizil.tr\/en\/haberler\/gundem\/mecliste-emekli-ayligi-mesaisine-devam\/#breadcrumb\",\"itemListElement\":[{\"@type\":\"ListItem\",\"position\":1,\"name\":\"Home\",\"item\":\"https:\/\/denizcankizil.tr\/de\/\"},{\"@type\":\"ListItem\",\"position\":2,\"name\":\"Mecliste emekli ayl\u0131\u011f\u0131 mesaisine devam\"}]},{\"@type\":\"WebSite\",\"@id\":\"https:\/\/denizcankizil.tr\/de\/#website\",\"url\":\"https:\/\/denizcankizil.tr\/de\/\",\"name\":\"Av. Deniz Can K\u0131z\u0131l\",\"description\":\"Avukat Deniz Can K\u0131z\u0131l Antalya Barosu\",\"publisher\":{\"@id\":\"https:\/\/denizcankizil.tr\/de\/#organization\"},\"potentialAction\":[{\"@type\":\"SearchAction\",\"target\":{\"@type\":\"EntryPoint\",\"urlTemplate\":\"https:\/\/denizcankizil.tr\/de\/?s={search_term_string}\"},\"query-input\":{\"@type\":\"PropertyValueSpecification\",\"valueRequired\":true,\"valueName\":\"search_term_string\"}}],\"inLanguage\":\"en-GB\"},{\"@type\":\"Organization\",\"@id\":\"https:\/\/denizcankizil.tr\/de\/#organization\",\"name\":\"Av. Deniz Can K\u0131z\u0131l\",\"url\":\"https:\/\/denizcankizil.tr\/de\/\",\"logo\":{\"@type\":\"ImageObject\",\"inLanguage\":\"en-GB\",\"@id\":\"https:\/\/denizcankizil.tr\/de\/#\/schema\/logo\/image\/\",\"url\":\"http:\/\/denizcankizil.tr\/wp-content\/uploads\/2024\/10\/siyah-logo-svg.svg\",\"contentUrl\":\"http:\/\/denizcankizil.tr\/wp-content\/uploads\/2024\/10\/siyah-logo-svg.svg\",\"width\":1080,\"height\":1080,\"caption\":\"Av. Deniz Can K\u0131z\u0131l\"},\"image\":{\"@id\":\"https:\/\/denizcankizil.tr\/de\/#\/schema\/logo\/image\/\"}},{\"@type\":\"Person\",\"@id\":\"https:\/\/denizcankizil.tr\/de\/#\/schema\/person\/be3c05fe6a12686905512445d8185489\",\"name\":\"admin\",\"image\":{\"@type\":\"ImageObject\",\"inLanguage\":\"en-GB\",\"@id\":\"https:\/\/denizcankizil.tr\/de\/#\/schema\/person\/image\/\",\"url\":\"https:\/\/secure.gravatar.com\/avatar\/c1fce94c830dc79107e174f890d7210541c4a63e8e5d816341794a2151c9d58c?s=96&d=mm&r=g\",\"contentUrl\":\"https:\/\/secure.gravatar.com\/avatar\/c1fce94c830dc79107e174f890d7210541c4a63e8e5d816341794a2151c9d58c?s=96&d=mm&r=g\",\"caption\":\"admin\"},\"sameAs\":[\"http:\/\/denizcankizil.tr\"],\"url\":\"https:\/\/www.iskenderun.org\/mecliste-emekli-ayligi-mesaisine-devam\"}]}<\/script>\n<!-- \/ Yoast SEO Premium plugin. -->","yoast_head_json":{"title":"Mecliste emekli ayl\u0131\u011f\u0131 mesaisine devam - Av. Deniz Can K\u0131z\u0131l","robots":{"index":"index","follow":"follow","max-snippet":"max-snippet:-1","max-image-preview":"max-image-preview:large","max-video-preview":"max-video-preview:-1"},"canonical":"http:\/\/denizcankizil.tr\/en\/haberler\/gundem\/mecliste-emekli-ayligi-mesaisine-devam\/","og_locale":"en_GB","og_type":"article","og_title":"Mecliste emekli ayl\u0131\u011f\u0131 mesaisine devam","og_description":"Emekli ayl\u0131\u011f\u0131na y\u00f6nelik d\u00fczenlemeleri de i\u00e7eren kanun teklifi TBMM&#8217;nin g\u00fcndeminde g\u00f6r\u00fc\u015f\u00fclmeye bug\u00fcn de devam ediyor. D\u00fczenleme ile en d\u00fc\u015f\u00fck emekli ayl\u0131\u011f\u0131 14 bin 469 liraya y\u00fckseltilmesi \u00f6ng\u00f6r\u00fcl\u00fcrken, i\u015fverene asgari \u00fccret deste\u011fi de 2025 y\u0131l\u0131 i\u00e7in bin lira olarak belirlendi. Teklifin g\u00f6r\u00fc\u015fmeleri kald\u0131\u011f\u0131 yerden Genel Kurul&#8217;da yeniden ba\u015flad\u0131.ANKARA (\u0130GFA) -TBMM Genel Kurulunda, ekonomiye ili\u015fkin d\u00fczenlemeleri de i\u00e7eren Baz\u0131 Kanunlarda De\u011fi\u015fiklik Yap\u0131lmas\u0131na Dair Kanun Teklifi&#8217;nin birinci b\u00f6l\u00fcm\u00fcn\u00fcn t\u00fcm\u00fc \u00fczerinde g\u00f6r\u00fc\u015fmeler d\u00fcn tamamlanm\u0131\u015ft\u0131. Genel Kurulda, teklifin t\u00fcm\u00fc \u00fczerindeki g\u00f6r\u00fc\u015fmelerin ard\u0131ndan milletvekillerinin sorular\u0131n\u0131 yan\u0131tlayan\u00a0TBMM Plan ve B\u00fct\u00e7e Komisyonu Ba\u015fkan\u0131, AK Parti Samsun Milletvekili Mehmet Mu\u015f, en d\u00fc\u015f\u00fck emekli ayl\u0131\u011f\u0131n\u0131n 14 bin 469 liraya y\u00fckseltilmesine ili\u015fkin de Mu\u015f, d\u00fczenlemenin 2025 y\u0131l\u0131 Ocak \u00f6deme d\u00f6neminden itibaren ge\u00e7erli olaca\u011f\u0131n\u0131 belirterek, &#8220;Teklifin Meclis&#8217;te kabul edilmesi ve y\u00fcr\u00fcrl\u00fc\u011fe girmesi halinde herhangi bir hak kayb\u0131n\u0131n s\u00f6z konusu olmamas\u0131 ve 2025 Ocak ayl\u0131klar\u0131n\u0131n fark \u00f6demelerinin yap\u0131lmas\u0131 \u00f6ng\u00f6r\u00fclmekte.&#8221; demi\u015fti. Genel Kurulda daha sonra teklifin maddeleri \u00fczerinde g\u00f6r\u00fc\u015fmelerde,\u00a0d\u00fczenlemenin birinci maddesi \u00fczerindeki \u00f6nergenin oylamas\u0131 \u00f6ncesinde yap\u0131lan iki yoklamada da toplant\u0131 yeter say\u0131s\u0131 bulunamamas\u0131 \u00fczerine birle\u015fimi bug\u00fcne kalm\u0131\u015ft\u0131. TBMM Genel Kurulu, saat 14.00 itibariyle teklifin g\u00f6r\u00fc\u015fmelerine devam etmek \u00fczere yeniden topland\u0131. https:\/\/twitter.com\/TBMMGenelKurulu\/status\/1884920351412322683 TBMM Ba\u015fkanvekili Celal Adan&#8217;\u0131n y\u00f6netti\u011fi 51. birle\u015fimde \u0130\u00e7 t\u00fcz\u00fck&#8217;\u00fcn 59&#8217;uncu maddesi kapsam\u0131nda g\u00fcndem d\u0131\u015f\u0131 konu\u015fmalar yap\u0131l\u0131yor. \u200bEmekli ayl\u0131\u011f\u0131na y\u00f6nelik d\u00fczenlemeleri de i\u00e7eren kanun &hellip;","og_url":"http:\/\/denizcankizil.tr\/en\/haberler\/gundem\/mecliste-emekli-ayligi-mesaisine-devam\/","og_site_name":"Av. Deniz Can K\u0131z\u0131l","article_published_time":"2025-01-30T12:41:53+00:00","author":"admin","twitter_card":"summary_large_image","twitter_misc":{"Written by":"admin","Estimated reading time":"3 minutes"},"schema":{"@context":"https:\/\/schema.org","@graph":[{"@type":"Article","@id":"http:\/\/denizcankizil.tr\/en\/haberler\/gundem\/mecliste-emekli-ayligi-mesaisine-devam\/#article","isPartOf":{"@id":"http:\/\/denizcankizil.tr\/en\/haberler\/gundem\/mecliste-emekli-ayligi-mesaisine-devam\/"},"author":{"name":"admin","@id":"https:\/\/denizcankizil.tr\/de\/#\/schema\/person\/be3c05fe6a12686905512445d8185489"},"headline":"Mecliste emekli ayl\u0131\u011f\u0131 mesaisine devam","datePublished":"2025-01-30T12:41:53+00:00","mainEntityOfPage":{"@id":"http:\/\/denizcankizil.tr\/en\/haberler\/gundem\/mecliste-emekli-ayligi-mesaisine-devam\/"},"wordCount":585,"commentCount":0,"publisher":{"@id":"https:\/\/denizcankizil.tr\/de\/#organization"},"articleSection":["G\u00fcndem"],"inLanguage":"en-GB","potentialAction":[{"@type":"CommentAction","name":"Comment","target":["http:\/\/denizcankizil.tr\/en\/haberler\/gundem\/mecliste-emekli-ayligi-mesaisine-devam\/#respond"]}]},{"@type":"WebPage","@id":"http:\/\/denizcankizil.tr\/en\/haberler\/gundem\/mecliste-emekli-ayligi-mesaisine-devam\/","url":"http:\/\/denizcankizil.tr\/en\/haberler\/gundem\/mecliste-emekli-ayligi-mesaisine-devam\/","name":"Mecliste emekli ayl\u0131\u011f\u0131 mesaisine devam - Av. Deniz Can K\u0131z\u0131l","isPartOf":{"@id":"https:\/\/denizcankizil.tr\/de\/#website"},"datePublished":"2025-01-30T12:41:53+00:00","breadcrumb":{"@id":"http:\/\/denizcankizil.tr\/en\/haberler\/gundem\/mecliste-emekli-ayligi-mesaisine-devam\/#breadcrumb"},"inLanguage":"en-GB","potentialAction":[{"@type":"ReadAction","target":["http:\/\/denizcankizil.tr\/en\/haberler\/gundem\/mecliste-emekli-ayligi-mesaisine-devam\/"]}]},{"@type":"BreadcrumbList","@id":"http:\/\/denizcankizil.tr\/en\/haberler\/gundem\/mecliste-emekli-ayligi-mesaisine-devam\/#breadcrumb","itemListElement":[{"@type":"ListItem","position":1,"name":"Home","item":"https:\/\/denizcankizil.tr\/de\/"},{"@type":"ListItem","position":2,"name":"Mecliste emekli ayl\u0131\u011f\u0131 mesaisine devam"}]},{"@type":"WebSite","@id":"https:\/\/denizcankizil.tr\/de\/#website","url":"https:\/\/denizcankizil.tr\/de\/","name":"Av. Deniz Can K\u0131z\u0131l","description":"Avukat Deniz Can K\u0131z\u0131l Antalya Barosu","publisher":{"@id":"https:\/\/denizcankizil.tr\/de\/#organization"},"potentialAction":[{"@type":"SearchAction","target":{"@type":"EntryPoint","urlTemplate":"https:\/\/denizcankizil.tr\/de\/?s={search_term_string}"},"query-input":{"@type":"PropertyValueSpecification","valueRequired":true,"valueName":"search_term_string"}}],"inLanguage":"en-GB"},{"@type":"Organization","@id":"https:\/\/denizcankizil.tr\/de\/#organization","name":"Av. Deniz Can K\u0131z\u0131l","url":"https:\/\/denizcankizil.tr\/de\/","logo":{"@type":"ImageObject","inLanguage":"en-GB","@id":"https:\/\/denizcankizil.tr\/de\/#\/schema\/logo\/image\/","url":"http:\/\/denizcankizil.tr\/wp-content\/uploads\/2024\/10\/siyah-logo-svg.svg","contentUrl":"http:\/\/denizcankizil.tr\/wp-content\/uploads\/2024\/10\/siyah-logo-svg.svg","width":1080,"height":1080,"caption":"Av. Deniz Can K\u0131z\u0131l"},"image":{"@id":"https:\/\/denizcankizil.tr\/de\/#\/schema\/logo\/image\/"}},{"@type":"Person","@id":"https:\/\/denizcankizil.tr\/de\/#\/schema\/person\/be3c05fe6a12686905512445d8185489","name":"admin","image":{"@type":"ImageObject","inLanguage":"en-GB","@id":"https:\/\/denizcankizil.tr\/de\/#\/schema\/person\/image\/","url":"https:\/\/secure.gravatar.com\/avatar\/c1fce94c830dc79107e174f890d7210541c4a63e8e5d816341794a2151c9d58c?s=96&d=mm&r=g","contentUrl":"https:\/\/secure.gravatar.com\/avatar\/c1fce94c830dc79107e174f890d7210541c4a63e8e5d816341794a2151c9d58c?s=96&d=mm&r=g","caption":"admin"},"sameAs":["http:\/\/denizcankizil.tr"],"url":"https:\/\/www.iskenderun.org\/mecliste-emekli-ayligi-mesaisine-devam"}]}},"_links":{"self":[{"href":"http:\/\/denizcankizil.tr\/en\/wp-json\/wp\/v2\/posts\/28749","targetHints":{"allow":["GET"]}}],"collection":[{"href":"http:\/\/denizcankizil.tr\/en\/wp-json\/wp\/v2\/posts"}],"about":[{"href":"http:\/\/denizcankizil.tr\/en\/wp-json\/wp\/v2\/types\/post"}],"author":[{"embeddable":true,"href":"http:\/\/denizcankizil.tr\/en\/wp-json\/wp\/v2\/users\/1"}],"replies":[{"embeddable":true,"href":"http:\/\/denizcankizil.tr\/en\/wp-json\/wp\/v2\/comments?post=28749"}],"version-history":[{"count":0,"href":"http:\/\/denizcankizil.tr\/en\/wp-json\/wp\/v2\/posts\/28749\/revisions"}],"wp:attachment":[{"href":"http:\/\/denizcankizil.tr\/en\/wp-json\/wp\/v2\/media?parent=28749"}],"wp:term":[{"taxonomy":"category","embeddable":true,"href":"http:\/\/denizcankizil.tr\/en\/wp-json\/wp\/v2\/categories?post=28749"},{"taxonomy":"post_tag","embeddable":true,"href":"http:\/\/denizcankizil.tr\/en\/wp-json\/wp\/v2\/tags?post=28749"}],"curies":[{"name":"wp","href":"https:\/\/api.w.org\/{rel}","templated":true}]}}