{"id":28712,"date":"2025-01-30T13:41:51","date_gmt":"2025-01-30T10:41:51","guid":{"rendered":"https:\/\/denizcankizil.tr\/uncategorized-tr\/odak-harekati-6-subata-kadar-surecek\/"},"modified":"2025-01-30T13:41:51","modified_gmt":"2025-01-30T10:41:51","slug":"odak-harekati-6-subata-kadar-surecek","status":"publish","type":"post","link":"http:\/\/denizcankizil.tr\/en\/haberler\/gundem\/odak-harekati-6-subata-kadar-surecek\/","title":{"rendered":"Odak Harek\u00e2t\u0131 6 \u015eubat&#8217;a kadar s\u00fcrecek"},"content":{"rendered":"<p>Milli Savunma Bakanl\u0131\u011f\u0131, her da\u011f\u0131n zirvesinde korkusuzca m\u00fccadele eden kahraman T\u00fcrk askerinin, &#8216;Odak Harek\u00e2t\u0131&#8217;na 6 \u015eubat&#8217;a kadar devam edece\u011fini duyururken, Mehmet\u00e7iklerin ger\u00e7ekle\u015ftirdi\u011fi K\u0131\u015f Tatbikat\u0131&#8217;na y\u00f6nelik faaliyetlerini payla\u015ft\u0131.ANKARA (\u0130GFA) &#8211; T\u00fcrk Silahl\u0131 Kuvvetleri, halihaz\u0131rda y\u00fcr\u00fctt\u00fc\u011f\u00fc t\u00fcm operasyonlar\u0131 ve g\u00f6revleri ile e\u015f zamanl\u0131 olarak e\u011fitim ve tatbikat faaliyetlerini de aral\u0131ks\u0131z s\u00fcrd\u00fcr\u00fcyor.<br \/>\nBu kapsamda; birle\u015fik ve m\u00fc\u015fterek fiil\u00ee at\u0131\u015fl\u0131 tatbikat olarak birliklerin derin kar ve \u015fiddetli so\u011fuklarda muharebe imk\u00e2n ve kabiliyetlerini denemek ve e\u011fitim seviyelerini geli\u015ftirmek amac\u0131yla 20 Ocak\u2019ta Kars\u2019ta ba\u015flayan, dost ve m\u00fcttefik \u00fclke unsurlar\u0131n\u0131n da kat\u0131ld\u0131\u011f\u0131 K\u0131\u015f-2025 Tatbikat\u0131 ba\u015far\u0131yla icra edilirken, s\u00f6z konusu tatbikat\u0131n Se\u00e7kin G\u00f6zlemci G\u00fcn\u00fc&#8217;n\u00fcn\u00a05 \u015eubat\u2019ta yap\u0131laca\u011f\u0131 duyuruldu.<br \/>\nOdak Harekatlar\u0131 ile ilgili bilgi payla\u015f\u0131m\u0131nda bulunan MSB Bas\u0131n ve Halkla \u0130li\u015fkiler M\u00fc\u015faviri ve Bakanl\u0131k S\u00f6zc\u00fcs\u00fc Tu\u011famiral Zeki Akt\u00fcrk, Almanya\u2019da d\u00fczenlenen Dynamic Mirage-2025 NATO Deniz E\u011fitimi Sim\u00fclasyon Tatbikat\u0131 devam etti\u011fini,\u00a031 Ocak &#8211; 4 \u015eubat tarihleri aras\u0131nda ise;\u00a0Arnavutluk Deniz Kuvvetlerine ait BUTRUNT\u0130 ile Fransa Deniz Kuvvetlerine ait CAPRICORNE gemileri taraf\u0131ndan \u0130zmir\u2019e, Fransa Deniz Kuvvetleri unsuru COMMANDANT BIROT taraf\u0131ndan Antalya\u2019ya liman ziyaretleri yap\u0131lmas\u0131n\u0131n planland\u0131\u011f\u0131n\u0131 kaydetti.\u00a0<\/p>\n<p>TCG KEMALRE\u0130S taraf\u0131ndan ise NATO Daim\u00ee Deniz G\u00f6rev Grubu-2 g\u00f6revi kapsam\u0131nda 6-9 \u015eubat tarihleri aras\u0131nda Selanik\/Yunanistan\u2019a liman ziyareti ger\u00e7ekle\u015ftirilece\u011fini kaydeden Tu\u011famiral Akt\u00fcrk, &#8220;Somali Deniz G\u00f6rev Grubunda yer alan TCG G\u00d6KOVA f\u0131rkateynimiz ve TCG \u00dcT\u011eM. AR\u0130F EKMEK\u00c7\u0130 akaryak\u0131t gemimiz ile \u0130spanya f\u0131rkateyni SANTA MARIA\u2019n\u0131n kat\u0131l\u0131m\u0131yla 26 Ocak\u2019ta Hint Okyanusu\u2019nda fiil\u00ee e\u011fitimler ger\u00e7ekle\u015ftirilmi\u015ftir.\u00a0Ayr\u0131ca, Somali Deniz G\u00f6rev Grubunda yer alan TCG GED\u0130Z yerine TCG G\u0130RESUN gemimiz g\u00f6rev alacak, g\u00f6rev de\u011fi\u015fimi 3-5 \u015eubat tarihleri aras\u0131nda yap\u0131lacakt\u0131r. Do\u011fu Akdeniz\u2019de 22 Ocak\u2019ta ba\u015flayan ve komutas\u0131n\u0131 devrald\u0131\u011f\u0131m\u0131z NATO Deniz Muhaf\u0131z\u0131 2025 y\u0131l\u0131 1\u2019inci Odak Harek\u00e2t\u0131 (FOCOPS 2025\/1) 6 \u015eubat\u2019a kadar devam edecektir&#8221; dedi.<\/p>\n<p>\u00d6te yandan Denizde Durumsal Fark\u0131ndal\u0131k, Denizde Ter\u00f6rizmle M\u00fccadelenin Desteklenmesi ve Denizde B\u00f6lgesel G\u00fcvenlik Kapasite \u0130n\u015fas\u0131na Katk\u0131 Sa\u011flanmas\u0131 g\u00f6revlerinin icra edildi\u011fi NATO Deniz Muhaf\u0131z\u0131 Odak Harek\u00e2t\u0131\u2019na TCG SAL\u0130HRE\u0130S f\u0131rkateyni, TCG P\u0130R\u0130RE\u0130S denizalt\u0131m\u0131z ve bir deniz karakol u\u00e7a\u011f\u0131 ile kat\u0131l\u0131m sa\u011fland\u0131\u011f\u0131n\u0131 belirten Tu\u011famiral Akt\u00fcrk, &#8220;P\u0130R\u0130RE\u0130S denizalt\u0131m\u0131z, ilk defa NATO faaliyetine i\u015ftirak etmektedir. NATO M\u00fcttefik Hava Komutanl\u0131\u011f\u0131nca, Art\u0131r\u0131lm\u0131\u015f Teyakkuz Faaliyetleri b\u00fcnyesinde y\u00fcr\u00fct\u00fclmekte olan Esnek Cayd\u0131r\u0131c\u0131l\u0131k Se\u00e7enekleri kapsam\u0131nda, 28 Ocak\u2019ta Romanya hava sahas\u0131nda icra edilen Entegre Hava ve F\u00fcze Savunma Harek\u00e2t\u0131 faaliyetine 2 adet F-16 u\u00e7a\u011f\u0131m\u0131z ile kat\u0131l\u0131m sa\u011flanm\u0131\u015ft\u0131r&#8221; diye konu\u015ftu.<br \/>\nMilli Savunma Bakanl\u0131\u011f\u0131, her da\u011f\u0131n zirvesinde korkusuzca m\u00fccadele eden kahraman T\u00fcrk askerinin ger\u00e7ekle\u015ftirdi\u011fi K\u0131\u015f Tatbikat\u0131-2025\u2019te hedefleri ba\u015far\u0131yla imha etti\u011fine y\u00f6nelik g\u00f6r\u00fcnt\u00fcleri de sosyal medya hesab\u0131ndan payla\u015ft\u0131.<\/p>\n<p>https:\/\/twitter.com\/tcsavunma\/status\/1884888253104263351<\/p>\n<p>\u200bMilli Savunma Bakanl\u0131\u011f\u0131, her da\u011f\u0131n zirvesinde korkusuzca m\u00fccadele eden kahraman T\u00fcrk askerinin, &#8216;Odak Harek\u00e2t\u0131&#8217;na 6 \u015eubat&#8217;a kadar devam edece\u011fini duyururken, Mehmet\u00e7iklerin ger\u00e7ekle\u015ftirdi\u011fi K\u0131\u015f Tatbikat\u0131&#8217;na y\u00f6nelik faaliyetlerini payla\u015ft\u0131.ANKARA (\u0130GFA) &#8211; T\u00fcrk Silahl\u0131 Kuvvetleri, halihaz\u0131rda y\u00fcr\u00fctt\u00fc\u011f\u00fc t\u00fcm operasyonlar\u0131 ve g\u00f6revleri ile e\u015f zamanl\u0131 olarak e\u011fitim ve tatbikat faaliyetlerini de aral\u0131ks\u0131z s\u00fcrd\u00fcr\u00fcyor.<br \/>\nBu kapsamda; birle\u015fik ve m\u00fc\u015fterek fiil\u00ee at\u0131\u015fl\u0131 tatbikat olarak birliklerin derin kar ve \u015fiddetli so\u011fuklarda muharebe imk\u00e2n ve kabiliyetlerini denemek ve e\u011fitim seviyelerini geli\u015ftirmek amac\u0131yla 20 Ocak\u2019ta Kars\u2019ta ba\u015flayan, dost ve m\u00fcttefik \u00fclke unsurlar\u0131n\u0131n da kat\u0131ld\u0131\u011f\u0131 K\u0131\u015f-2025 Tatbikat\u0131 ba\u015far\u0131yla icra edilirken, s\u00f6z konusu tatbikat\u0131n Se\u00e7kin G\u00f6zlemci G\u00fcn\u00fc&#8217;n\u00fcn\u00a05 \u015eubat\u2019ta yap\u0131laca\u011f\u0131 duyuruldu.<br \/>\nOdak Harekatlar\u0131 ile ilgili bilgi payla\u015f\u0131m\u0131nda bulunan MSB Bas\u0131n ve Halkla \u0130li\u015fkiler M\u00fc\u015faviri ve Bakanl\u0131k S\u00f6zc\u00fcs\u00fc Tu\u011famiral Zeki Akt\u00fcrk, Almanya\u2019da d\u00fczenlenen Dynamic Mirage-2025 NATO Deniz E\u011fitimi Sim\u00fclasyon Tatbikat\u0131 devam etti\u011fini,\u00a031 Ocak &#8211; 4 \u015eubat tarihleri aras\u0131nda ise;\u00a0Arnavutluk Deniz Kuvvetlerine ait BUTRUNT\u0130 ile Fransa Deniz Kuvvetlerine ait CAPRICORNE gemileri taraf\u0131ndan \u0130zmir\u2019e, Fransa Deniz Kuvvetleri unsuru COMMANDANT BIROT taraf\u0131ndan Antalya\u2019ya liman ziyaretleri yap\u0131lmas\u0131n\u0131n planland\u0131\u011f\u0131n\u0131 kaydetti.\u00a0<\/p>\n<p>TCG KEMALRE\u0130S taraf\u0131ndan ise NATO Daim\u00ee Deniz G\u00f6rev Grubu-2 g\u00f6revi kapsam\u0131nda 6-9 \u015eubat tarihleri aras\u0131nda Selanik\/Yunanistan\u2019a liman ziyareti ger\u00e7ekle\u015ftirilece\u011fini kaydeden Tu\u011famiral Akt\u00fcrk, &#8220;Somali Deniz G\u00f6rev Grubunda yer alan TCG G\u00d6KOVA f\u0131rkateynimiz ve TCG \u00dcT\u011eM. AR\u0130F EKMEK\u00c7\u0130 akaryak\u0131t gemimiz ile \u0130spanya f\u0131rkateyni SANTA MARIA\u2019n\u0131n kat\u0131l\u0131m\u0131yla 26 Ocak\u2019ta Hint Okyanusu\u2019nda fiil\u00ee e\u011fitimler ger\u00e7ekle\u015ftirilmi\u015ftir.\u00a0Ayr\u0131ca, Somali Deniz G\u00f6rev Grubunda yer alan TCG GED\u0130Z yerine TCG G\u0130RESUN gemimiz g\u00f6rev alacak, g\u00f6rev de\u011fi\u015fimi 3-5 \u015eubat tarihleri aras\u0131nda yap\u0131lacakt\u0131r. Do\u011fu Akdeniz\u2019de 22 Ocak\u2019ta ba\u015flayan ve komutas\u0131n\u0131 devrald\u0131\u011f\u0131m\u0131z NATO Deniz Muhaf\u0131z\u0131 2025 y\u0131l\u0131 1\u2019inci Odak Harek\u00e2t\u0131 (FOCOPS 2025\/1) 6 \u015eubat\u2019a kadar devam edecektir&#8221; dedi.<\/p>\n<p>\u00d6te yandan Denizde Durumsal Fark\u0131ndal\u0131k, Denizde Ter\u00f6rizmle M\u00fccadelenin Desteklenmesi ve Denizde B\u00f6lgesel G\u00fcvenlik Kapasite \u0130n\u015fas\u0131na Katk\u0131 Sa\u011flanmas\u0131 g\u00f6revlerinin icra edildi\u011fi NATO Deniz Muhaf\u0131z\u0131 Odak Harek\u00e2t\u0131\u2019na TCG SAL\u0130HRE\u0130S f\u0131rkateyni, TCG P\u0130R\u0130RE\u0130S denizalt\u0131m\u0131z ve bir deniz karakol u\u00e7a\u011f\u0131 ile kat\u0131l\u0131m sa\u011fland\u0131\u011f\u0131n\u0131 belirten Tu\u011famiral Akt\u00fcrk, &#8220;P\u0130R\u0130RE\u0130S denizalt\u0131m\u0131z, ilk defa NATO faaliyetine i\u015ftirak etmektedir. NATO M\u00fcttefik Hava Komutanl\u0131\u011f\u0131nca, Art\u0131r\u0131lm\u0131\u015f Teyakkuz Faaliyetleri b\u00fcnyesinde y\u00fcr\u00fct\u00fclmekte olan Esnek Cayd\u0131r\u0131c\u0131l\u0131k Se\u00e7enekleri kapsam\u0131nda, 28 Ocak\u2019ta Romanya hava sahas\u0131nda icra edilen Entegre Hava ve F\u00fcze Savunma Harek\u00e2t\u0131 faaliyetine 2 adet F-16 u\u00e7a\u011f\u0131m\u0131z ile kat\u0131l\u0131m sa\u011flanm\u0131\u015ft\u0131r&#8221; diye konu\u015ftu.<br \/>\nMilli Savunma Bakanl\u0131\u011f\u0131, her da\u011f\u0131n zirvesinde korkusuzca m\u00fccadele eden kahraman T\u00fcrk askerinin ger\u00e7ekle\u015ftirdi\u011fi K\u0131\u015f Tatbikat\u0131-2025\u2019te hedefleri ba\u015far\u0131yla imha etti\u011fine y\u00f6nelik g\u00f6r\u00fcnt\u00fcleri de sosyal medya hesab\u0131ndan payla\u015ft\u0131.<\/p>\n<p>https:\/\/twitter.com\/tcsavunma\/status\/1884888253104263351\u00a0<\/p>\n<p>\u200bHaberin Al\u0131nt\u0131land\u0131\u011f\u0131 Kaynak: www.iskenderun.org<\/p>","protected":false},"excerpt":{"rendered":"<p>Milli Savunma Bakanl\u0131\u011f\u0131, her da\u011f\u0131n zirvesinde korkusuzca m\u00fccadele eden kahraman T\u00fcrk askerinin, &#8216;Odak Harek\u00e2t\u0131&#8217;na 6 \u015eubat&#8217;a kadar devam edece\u011fini duyururken, Mehmet\u00e7iklerin ger\u00e7ekle\u015ftirdi\u011fi K\u0131\u015f Tatbikat\u0131&#8217;na y\u00f6nelik faaliyetlerini payla\u015ft\u0131.ANKARA (\u0130GFA) &#8211; T\u00fcrk Silahl\u0131 Kuvvetleri, halihaz\u0131rda y\u00fcr\u00fctt\u00fc\u011f\u00fc t\u00fcm operasyonlar\u0131 ve g\u00f6revleri ile e\u015f zamanl\u0131 olarak e\u011fitim ve tatbikat faaliyetlerini de aral\u0131ks\u0131z s\u00fcrd\u00fcr\u00fcyor. Bu kapsamda; birle\u015fik ve m\u00fc\u015fterek fiil\u00ee at\u0131\u015fl\u0131 tatbikat olarak birliklerin derin kar ve \u015fiddetli so\u011fuklarda muharebe imk\u00e2n ve kabiliyetlerini denemek ve e\u011fitim seviyelerini geli\u015ftirmek amac\u0131yla 20 Ocak\u2019ta Kars\u2019ta ba\u015flayan, dost ve m\u00fcttefik \u00fclke unsurlar\u0131n\u0131n da kat\u0131ld\u0131\u011f\u0131 K\u0131\u015f-2025 Tatbikat\u0131 ba\u015far\u0131yla icra edilirken, s\u00f6z konusu tatbikat\u0131n Se\u00e7kin G\u00f6zlemci G\u00fcn\u00fc&#8217;n\u00fcn\u00a05 \u015eubat\u2019ta yap\u0131laca\u011f\u0131 duyuruldu. Odak Harekatlar\u0131 ile ilgili bilgi payla\u015f\u0131m\u0131nda bulunan MSB Bas\u0131n ve Halkla \u0130li\u015fkiler M\u00fc\u015faviri ve Bakanl\u0131k S\u00f6zc\u00fcs\u00fc Tu\u011famiral Zeki Akt\u00fcrk, Almanya\u2019da d\u00fczenlenen Dynamic Mirage-2025 NATO Deniz E\u011fitimi Sim\u00fclasyon Tatbikat\u0131 devam etti\u011fini,\u00a031 Ocak &#8211; 4 \u015eubat tarihleri aras\u0131nda ise;\u00a0Arnavutluk Deniz Kuvvetlerine ait BUTRUNT\u0130 ile Fransa Deniz Kuvvetlerine ait CAPRICORNE gemileri taraf\u0131ndan \u0130zmir\u2019e, Fransa Deniz Kuvvetleri unsuru COMMANDANT BIROT taraf\u0131ndan Antalya\u2019ya liman ziyaretleri yap\u0131lmas\u0131n\u0131n planland\u0131\u011f\u0131n\u0131 kaydetti.\u00a0 TCG KEMALRE\u0130S taraf\u0131ndan ise NATO Daim\u00ee Deniz G\u00f6rev Grubu-2 g\u00f6revi kapsam\u0131nda 6-9 \u015eubat tarihleri aras\u0131nda Selanik\/Yunanistan\u2019a liman ziyareti ger\u00e7ekle\u015ftirilece\u011fini kaydeden Tu\u011famiral Akt\u00fcrk, &#8220;Somali Deniz G\u00f6rev Grubunda yer alan TCG G\u00d6KOVA f\u0131rkateynimiz ve TCG \u00dcT\u011eM. AR\u0130F EKMEK\u00c7\u0130 akaryak\u0131t gemimiz &hellip;<\/p>","protected":false},"author":1,"featured_media":0,"comment_status":"open","ping_status":"open","sticky":false,"template":"","format":"standard","meta":{"_acf_changed":false,"footnotes":""},"categories":[24],"tags":[],"class_list":["post-28712","post","type-post","status-publish","format-standard","has-post-thumbnail","hentry","category-gundem"],"acf":[],"yoast_head":"<!-- This site is optimized with the Yoast SEO Premium plugin v26.6 (Yoast SEO v27.1.1) - https:\/\/yoast.com\/product\/yoast-seo-premium-wordpress\/ -->\n<title>Odak Harek\u00e2t\u0131 6 \u015eubat&#039;a kadar s\u00fcrecek - Av. Deniz Can K\u0131z\u0131l<\/title>\n<meta name=\"robots\" content=\"index, follow, max-snippet:-1, max-image-preview:large, max-video-preview:-1\" \/>\n<link rel=\"canonical\" href=\"http:\/\/denizcankizil.tr\/en\/haberler\/gundem\/odak-harekati-6-subata-kadar-surecek\/\" \/>\n<meta property=\"og:locale\" content=\"en_GB\" \/>\n<meta property=\"og:type\" content=\"article\" \/>\n<meta property=\"og:title\" content=\"Odak Harek\u00e2t\u0131 6 \u015eubat&#039;a kadar s\u00fcrecek\" \/>\n<meta property=\"og:description\" content=\"Milli Savunma Bakanl\u0131\u011f\u0131, her da\u011f\u0131n zirvesinde korkusuzca m\u00fccadele eden kahraman T\u00fcrk askerinin, &#8216;Odak Harek\u00e2t\u0131&#8217;na 6 \u015eubat&#8217;a kadar devam edece\u011fini duyururken, Mehmet\u00e7iklerin ger\u00e7ekle\u015ftirdi\u011fi K\u0131\u015f Tatbikat\u0131&#8217;na y\u00f6nelik faaliyetlerini payla\u015ft\u0131.ANKARA (\u0130GFA) &#8211; T\u00fcrk Silahl\u0131 Kuvvetleri, halihaz\u0131rda y\u00fcr\u00fctt\u00fc\u011f\u00fc t\u00fcm operasyonlar\u0131 ve g\u00f6revleri ile e\u015f zamanl\u0131 olarak e\u011fitim ve tatbikat faaliyetlerini de aral\u0131ks\u0131z s\u00fcrd\u00fcr\u00fcyor. Bu kapsamda; birle\u015fik ve m\u00fc\u015fterek fiil\u00ee at\u0131\u015fl\u0131 tatbikat olarak birliklerin derin kar ve \u015fiddetli so\u011fuklarda muharebe imk\u00e2n ve kabiliyetlerini denemek ve e\u011fitim seviyelerini geli\u015ftirmek amac\u0131yla 20 Ocak\u2019ta Kars\u2019ta ba\u015flayan, dost ve m\u00fcttefik \u00fclke unsurlar\u0131n\u0131n da kat\u0131ld\u0131\u011f\u0131 K\u0131\u015f-2025 Tatbikat\u0131 ba\u015far\u0131yla icra edilirken, s\u00f6z konusu tatbikat\u0131n Se\u00e7kin G\u00f6zlemci G\u00fcn\u00fc&#8217;n\u00fcn\u00a05 \u015eubat\u2019ta yap\u0131laca\u011f\u0131 duyuruldu. Odak Harekatlar\u0131 ile ilgili bilgi payla\u015f\u0131m\u0131nda bulunan MSB Bas\u0131n ve Halkla \u0130li\u015fkiler M\u00fc\u015faviri ve Bakanl\u0131k S\u00f6zc\u00fcs\u00fc Tu\u011famiral Zeki Akt\u00fcrk, Almanya\u2019da d\u00fczenlenen Dynamic Mirage-2025 NATO Deniz E\u011fitimi Sim\u00fclasyon Tatbikat\u0131 devam etti\u011fini,\u00a031 Ocak &#8211; 4 \u015eubat tarihleri aras\u0131nda ise;\u00a0Arnavutluk Deniz Kuvvetlerine ait BUTRUNT\u0130 ile Fransa Deniz Kuvvetlerine ait CAPRICORNE gemileri taraf\u0131ndan \u0130zmir\u2019e, Fransa Deniz Kuvvetleri unsuru COMMANDANT BIROT taraf\u0131ndan Antalya\u2019ya liman ziyaretleri yap\u0131lmas\u0131n\u0131n planland\u0131\u011f\u0131n\u0131 kaydetti.\u00a0 TCG KEMALRE\u0130S taraf\u0131ndan ise NATO Daim\u00ee Deniz G\u00f6rev Grubu-2 g\u00f6revi kapsam\u0131nda 6-9 \u015eubat tarihleri aras\u0131nda Selanik\/Yunanistan\u2019a liman ziyareti ger\u00e7ekle\u015ftirilece\u011fini kaydeden Tu\u011famiral Akt\u00fcrk, &#8220;Somali Deniz G\u00f6rev Grubunda yer alan TCG G\u00d6KOVA f\u0131rkateynimiz ve TCG \u00dcT\u011eM. AR\u0130F EKMEK\u00c7\u0130 akaryak\u0131t gemimiz &hellip;\" \/>\n<meta property=\"og:url\" content=\"http:\/\/denizcankizil.tr\/en\/haberler\/gundem\/odak-harekati-6-subata-kadar-surecek\/\" \/>\n<meta property=\"og:site_name\" content=\"Av. Deniz Can K\u0131z\u0131l\" \/>\n<meta property=\"article:published_time\" content=\"2025-01-30T10:41:51+00:00\" \/>\n<meta name=\"author\" content=\"admin\" \/>\n<meta name=\"twitter:card\" content=\"summary_large_image\" \/>\n<meta name=\"twitter:label1\" content=\"Written by\" \/>\n\t<meta name=\"twitter:data1\" content=\"admin\" \/>\n\t<meta name=\"twitter:label2\" content=\"Estimated reading time\" \/>\n\t<meta name=\"twitter:data2\" content=\"6 minutes\" \/>\n<script type=\"application\/ld+json\" class=\"yoast-schema-graph\">{\"@context\":\"https:\/\/schema.org\",\"@graph\":[{\"@type\":\"Article\",\"@id\":\"http:\/\/denizcankizil.tr\/de\/haberler\/gundem\/odak-harekati-6-subata-kadar-surecek\/#article\",\"isPartOf\":{\"@id\":\"http:\/\/denizcankizil.tr\/de\/haberler\/gundem\/odak-harekati-6-subata-kadar-surecek\/\"},\"author\":{\"name\":\"admin\",\"@id\":\"https:\/\/denizcankizil.tr\/#\/schema\/person\/be3c05fe6a12686905512445d8185489\"},\"headline\":\"Odak Harek\u00e2t\u0131 6 \u015eubat&#8217;a kadar s\u00fcrecek\",\"datePublished\":\"2025-01-30T10:41:51+00:00\",\"mainEntityOfPage\":{\"@id\":\"http:\/\/denizcankizil.tr\/de\/haberler\/gundem\/odak-harekati-6-subata-kadar-surecek\/\"},\"wordCount\":1172,\"commentCount\":0,\"publisher\":{\"@id\":\"https:\/\/denizcankizil.tr\/#organization\"},\"articleSection\":[\"G\u00fcndem\"],\"inLanguage\":\"en-GB\",\"potentialAction\":[{\"@type\":\"CommentAction\",\"name\":\"Comment\",\"target\":[\"http:\/\/denizcankizil.tr\/de\/haberler\/gundem\/odak-harekati-6-subata-kadar-surecek\/#respond\"]}]},{\"@type\":\"WebPage\",\"@id\":\"http:\/\/denizcankizil.tr\/de\/haberler\/gundem\/odak-harekati-6-subata-kadar-surecek\/\",\"url\":\"http:\/\/denizcankizil.tr\/de\/haberler\/gundem\/odak-harekati-6-subata-kadar-surecek\/\",\"name\":\"Odak Harek\u00e2t\u0131 6 \u015eubat'a kadar s\u00fcrecek - Av. Deniz Can K\u0131z\u0131l\",\"isPartOf\":{\"@id\":\"https:\/\/denizcankizil.tr\/#website\"},\"datePublished\":\"2025-01-30T10:41:51+00:00\",\"breadcrumb\":{\"@id\":\"http:\/\/denizcankizil.tr\/de\/haberler\/gundem\/odak-harekati-6-subata-kadar-surecek\/#breadcrumb\"},\"inLanguage\":\"en-GB\",\"potentialAction\":[{\"@type\":\"ReadAction\",\"target\":[\"http:\/\/denizcankizil.tr\/de\/haberler\/gundem\/odak-harekati-6-subata-kadar-surecek\/\"]}]},{\"@type\":\"BreadcrumbList\",\"@id\":\"http:\/\/denizcankizil.tr\/de\/haberler\/gundem\/odak-harekati-6-subata-kadar-surecek\/#breadcrumb\",\"itemListElement\":[{\"@type\":\"ListItem\",\"position\":1,\"name\":\"Home\",\"item\":\"https:\/\/denizcankizil.tr\/de\/\"},{\"@type\":\"ListItem\",\"position\":2,\"name\":\"Odak Harek\u00e2t\u0131 6 \u015eubat&#8217;a kadar s\u00fcrecek\"}]},{\"@type\":\"WebSite\",\"@id\":\"https:\/\/denizcankizil.tr\/#website\",\"url\":\"https:\/\/denizcankizil.tr\/\",\"name\":\"Av. Deniz Can K\u0131z\u0131l\",\"description\":\"Avukat Deniz Can K\u0131z\u0131l Antalya Barosu\",\"publisher\":{\"@id\":\"https:\/\/denizcankizil.tr\/#organization\"},\"potentialAction\":[{\"@type\":\"SearchAction\",\"target\":{\"@type\":\"EntryPoint\",\"urlTemplate\":\"https:\/\/denizcankizil.tr\/?s={search_term_string}\"},\"query-input\":{\"@type\":\"PropertyValueSpecification\",\"valueRequired\":true,\"valueName\":\"search_term_string\"}}],\"inLanguage\":\"en-GB\"},{\"@type\":\"Organization\",\"@id\":\"https:\/\/denizcankizil.tr\/#organization\",\"name\":\"Av. Deniz Can K\u0131z\u0131l\",\"url\":\"https:\/\/denizcankizil.tr\/\",\"logo\":{\"@type\":\"ImageObject\",\"inLanguage\":\"en-GB\",\"@id\":\"https:\/\/denizcankizil.tr\/#\/schema\/logo\/image\/\",\"url\":\"http:\/\/denizcankizil.tr\/wp-content\/uploads\/2024\/10\/siyah-logo-svg.svg\",\"contentUrl\":\"http:\/\/denizcankizil.tr\/wp-content\/uploads\/2024\/10\/siyah-logo-svg.svg\",\"width\":1080,\"height\":1080,\"caption\":\"Av. Deniz Can K\u0131z\u0131l\"},\"image\":{\"@id\":\"https:\/\/denizcankizil.tr\/#\/schema\/logo\/image\/\"}},{\"@type\":\"Person\",\"@id\":\"https:\/\/denizcankizil.tr\/#\/schema\/person\/be3c05fe6a12686905512445d8185489\",\"name\":\"admin\",\"image\":{\"@type\":\"ImageObject\",\"inLanguage\":\"en-GB\",\"@id\":\"https:\/\/denizcankizil.tr\/#\/schema\/person\/image\/\",\"url\":\"https:\/\/secure.gravatar.com\/avatar\/c1fce94c830dc79107e174f890d7210541c4a63e8e5d816341794a2151c9d58c?s=96&d=mm&r=g\",\"contentUrl\":\"https:\/\/secure.gravatar.com\/avatar\/c1fce94c830dc79107e174f890d7210541c4a63e8e5d816341794a2151c9d58c?s=96&d=mm&r=g\",\"caption\":\"admin\"},\"sameAs\":[\"http:\/\/denizcankizil.tr\"],\"url\":\"https:\/\/www.iskenderun.org\/odak-harekati-6-subata-kadar-surecek\"}]}<\/script>\n<!-- \/ Yoast SEO Premium plugin. -->","yoast_head_json":{"title":"Odak Harek\u00e2t\u0131 6 \u015eubat'a kadar s\u00fcrecek - Av. Deniz Can K\u0131z\u0131l","robots":{"index":"index","follow":"follow","max-snippet":"max-snippet:-1","max-image-preview":"max-image-preview:large","max-video-preview":"max-video-preview:-1"},"canonical":"http:\/\/denizcankizil.tr\/en\/haberler\/gundem\/odak-harekati-6-subata-kadar-surecek\/","og_locale":"en_GB","og_type":"article","og_title":"Odak Harek\u00e2t\u0131 6 \u015eubat'a kadar s\u00fcrecek","og_description":"Milli Savunma Bakanl\u0131\u011f\u0131, her da\u011f\u0131n zirvesinde korkusuzca m\u00fccadele eden kahraman T\u00fcrk askerinin, &#8216;Odak Harek\u00e2t\u0131&#8217;na 6 \u015eubat&#8217;a kadar devam edece\u011fini duyururken, Mehmet\u00e7iklerin ger\u00e7ekle\u015ftirdi\u011fi K\u0131\u015f Tatbikat\u0131&#8217;na y\u00f6nelik faaliyetlerini payla\u015ft\u0131.ANKARA (\u0130GFA) &#8211; T\u00fcrk Silahl\u0131 Kuvvetleri, halihaz\u0131rda y\u00fcr\u00fctt\u00fc\u011f\u00fc t\u00fcm operasyonlar\u0131 ve g\u00f6revleri ile e\u015f zamanl\u0131 olarak e\u011fitim ve tatbikat faaliyetlerini de aral\u0131ks\u0131z s\u00fcrd\u00fcr\u00fcyor. Bu kapsamda; birle\u015fik ve m\u00fc\u015fterek fiil\u00ee at\u0131\u015fl\u0131 tatbikat olarak birliklerin derin kar ve \u015fiddetli so\u011fuklarda muharebe imk\u00e2n ve kabiliyetlerini denemek ve e\u011fitim seviyelerini geli\u015ftirmek amac\u0131yla 20 Ocak\u2019ta Kars\u2019ta ba\u015flayan, dost ve m\u00fcttefik \u00fclke unsurlar\u0131n\u0131n da kat\u0131ld\u0131\u011f\u0131 K\u0131\u015f-2025 Tatbikat\u0131 ba\u015far\u0131yla icra edilirken, s\u00f6z konusu tatbikat\u0131n Se\u00e7kin G\u00f6zlemci G\u00fcn\u00fc&#8217;n\u00fcn\u00a05 \u015eubat\u2019ta yap\u0131laca\u011f\u0131 duyuruldu. Odak Harekatlar\u0131 ile ilgili bilgi payla\u015f\u0131m\u0131nda bulunan MSB Bas\u0131n ve Halkla \u0130li\u015fkiler M\u00fc\u015faviri ve Bakanl\u0131k S\u00f6zc\u00fcs\u00fc Tu\u011famiral Zeki Akt\u00fcrk, Almanya\u2019da d\u00fczenlenen Dynamic Mirage-2025 NATO Deniz E\u011fitimi Sim\u00fclasyon Tatbikat\u0131 devam etti\u011fini,\u00a031 Ocak &#8211; 4 \u015eubat tarihleri aras\u0131nda ise;\u00a0Arnavutluk Deniz Kuvvetlerine ait BUTRUNT\u0130 ile Fransa Deniz Kuvvetlerine ait CAPRICORNE gemileri taraf\u0131ndan \u0130zmir\u2019e, Fransa Deniz Kuvvetleri unsuru COMMANDANT BIROT taraf\u0131ndan Antalya\u2019ya liman ziyaretleri yap\u0131lmas\u0131n\u0131n planland\u0131\u011f\u0131n\u0131 kaydetti.\u00a0 TCG KEMALRE\u0130S taraf\u0131ndan ise NATO Daim\u00ee Deniz G\u00f6rev Grubu-2 g\u00f6revi kapsam\u0131nda 6-9 \u015eubat tarihleri aras\u0131nda Selanik\/Yunanistan\u2019a liman ziyareti ger\u00e7ekle\u015ftirilece\u011fini kaydeden Tu\u011famiral Akt\u00fcrk, &#8220;Somali Deniz G\u00f6rev Grubunda yer alan TCG G\u00d6KOVA f\u0131rkateynimiz ve TCG \u00dcT\u011eM. AR\u0130F EKMEK\u00c7\u0130 akaryak\u0131t gemimiz &hellip;","og_url":"http:\/\/denizcankizil.tr\/en\/haberler\/gundem\/odak-harekati-6-subata-kadar-surecek\/","og_site_name":"Av. Deniz Can K\u0131z\u0131l","article_published_time":"2025-01-30T10:41:51+00:00","author":"admin","twitter_card":"summary_large_image","twitter_misc":{"Written by":"admin","Estimated reading time":"6 minutes"},"schema":{"@context":"https:\/\/schema.org","@graph":[{"@type":"Article","@id":"http:\/\/denizcankizil.tr\/de\/haberler\/gundem\/odak-harekati-6-subata-kadar-surecek\/#article","isPartOf":{"@id":"http:\/\/denizcankizil.tr\/de\/haberler\/gundem\/odak-harekati-6-subata-kadar-surecek\/"},"author":{"name":"admin","@id":"https:\/\/denizcankizil.tr\/#\/schema\/person\/be3c05fe6a12686905512445d8185489"},"headline":"Odak Harek\u00e2t\u0131 6 \u015eubat&#8217;a kadar s\u00fcrecek","datePublished":"2025-01-30T10:41:51+00:00","mainEntityOfPage":{"@id":"http:\/\/denizcankizil.tr\/de\/haberler\/gundem\/odak-harekati-6-subata-kadar-surecek\/"},"wordCount":1172,"commentCount":0,"publisher":{"@id":"https:\/\/denizcankizil.tr\/#organization"},"articleSection":["G\u00fcndem"],"inLanguage":"en-GB","potentialAction":[{"@type":"CommentAction","name":"Comment","target":["http:\/\/denizcankizil.tr\/de\/haberler\/gundem\/odak-harekati-6-subata-kadar-surecek\/#respond"]}]},{"@type":"WebPage","@id":"http:\/\/denizcankizil.tr\/de\/haberler\/gundem\/odak-harekati-6-subata-kadar-surecek\/","url":"http:\/\/denizcankizil.tr\/de\/haberler\/gundem\/odak-harekati-6-subata-kadar-surecek\/","name":"Odak Harek\u00e2t\u0131 6 \u015eubat'a kadar s\u00fcrecek - Av. Deniz Can K\u0131z\u0131l","isPartOf":{"@id":"https:\/\/denizcankizil.tr\/#website"},"datePublished":"2025-01-30T10:41:51+00:00","breadcrumb":{"@id":"http:\/\/denizcankizil.tr\/de\/haberler\/gundem\/odak-harekati-6-subata-kadar-surecek\/#breadcrumb"},"inLanguage":"en-GB","potentialAction":[{"@type":"ReadAction","target":["http:\/\/denizcankizil.tr\/de\/haberler\/gundem\/odak-harekati-6-subata-kadar-surecek\/"]}]},{"@type":"BreadcrumbList","@id":"http:\/\/denizcankizil.tr\/de\/haberler\/gundem\/odak-harekati-6-subata-kadar-surecek\/#breadcrumb","itemListElement":[{"@type":"ListItem","position":1,"name":"Home","item":"https:\/\/denizcankizil.tr\/de\/"},{"@type":"ListItem","position":2,"name":"Odak Harek\u00e2t\u0131 6 \u015eubat&#8217;a kadar s\u00fcrecek"}]},{"@type":"WebSite","@id":"https:\/\/denizcankizil.tr\/#website","url":"https:\/\/denizcankizil.tr\/","name":"Av. Deniz Can K\u0131z\u0131l","description":"Avukat Deniz Can K\u0131z\u0131l Antalya Barosu","publisher":{"@id":"https:\/\/denizcankizil.tr\/#organization"},"potentialAction":[{"@type":"SearchAction","target":{"@type":"EntryPoint","urlTemplate":"https:\/\/denizcankizil.tr\/?s={search_term_string}"},"query-input":{"@type":"PropertyValueSpecification","valueRequired":true,"valueName":"search_term_string"}}],"inLanguage":"en-GB"},{"@type":"Organization","@id":"https:\/\/denizcankizil.tr\/#organization","name":"Av. Deniz Can K\u0131z\u0131l","url":"https:\/\/denizcankizil.tr\/","logo":{"@type":"ImageObject","inLanguage":"en-GB","@id":"https:\/\/denizcankizil.tr\/#\/schema\/logo\/image\/","url":"http:\/\/denizcankizil.tr\/wp-content\/uploads\/2024\/10\/siyah-logo-svg.svg","contentUrl":"http:\/\/denizcankizil.tr\/wp-content\/uploads\/2024\/10\/siyah-logo-svg.svg","width":1080,"height":1080,"caption":"Av. Deniz Can K\u0131z\u0131l"},"image":{"@id":"https:\/\/denizcankizil.tr\/#\/schema\/logo\/image\/"}},{"@type":"Person","@id":"https:\/\/denizcankizil.tr\/#\/schema\/person\/be3c05fe6a12686905512445d8185489","name":"admin","image":{"@type":"ImageObject","inLanguage":"en-GB","@id":"https:\/\/denizcankizil.tr\/#\/schema\/person\/image\/","url":"https:\/\/secure.gravatar.com\/avatar\/c1fce94c830dc79107e174f890d7210541c4a63e8e5d816341794a2151c9d58c?s=96&d=mm&r=g","contentUrl":"https:\/\/secure.gravatar.com\/avatar\/c1fce94c830dc79107e174f890d7210541c4a63e8e5d816341794a2151c9d58c?s=96&d=mm&r=g","caption":"admin"},"sameAs":["http:\/\/denizcankizil.tr"],"url":"https:\/\/www.iskenderun.org\/odak-harekati-6-subata-kadar-surecek"}]}},"_links":{"self":[{"href":"http:\/\/denizcankizil.tr\/en\/wp-json\/wp\/v2\/posts\/28712","targetHints":{"allow":["GET"]}}],"collection":[{"href":"http:\/\/denizcankizil.tr\/en\/wp-json\/wp\/v2\/posts"}],"about":[{"href":"http:\/\/denizcankizil.tr\/en\/wp-json\/wp\/v2\/types\/post"}],"author":[{"embeddable":true,"href":"http:\/\/denizcankizil.tr\/en\/wp-json\/wp\/v2\/users\/1"}],"replies":[{"embeddable":true,"href":"http:\/\/denizcankizil.tr\/en\/wp-json\/wp\/v2\/comments?post=28712"}],"version-history":[{"count":0,"href":"http:\/\/denizcankizil.tr\/en\/wp-json\/wp\/v2\/posts\/28712\/revisions"}],"wp:attachment":[{"href":"http:\/\/denizcankizil.tr\/en\/wp-json\/wp\/v2\/media?parent=28712"}],"wp:term":[{"taxonomy":"category","embeddable":true,"href":"http:\/\/denizcankizil.tr\/en\/wp-json\/wp\/v2\/categories?post=28712"},{"taxonomy":"post_tag","embeddable":true,"href":"http:\/\/denizcankizil.tr\/en\/wp-json\/wp\/v2\/tags?post=28712"}],"curies":[{"name":"wp","href":"https:\/\/api.w.org\/{rel}","templated":true}]}}