{"id":28664,"date":"2025-01-30T10:41:54","date_gmt":"2025-01-30T07:41:54","guid":{"rendered":"https:\/\/denizcankizil.tr\/uncategorized-tr\/balikesir-buyuksehirde-onemli-atama\/"},"modified":"2025-01-30T10:41:54","modified_gmt":"2025-01-30T07:41:54","slug":"balikesir-buyuksehirde-onemli-atama","status":"publish","type":"post","link":"http:\/\/denizcankizil.tr\/en\/haberler\/gundem\/balikesir-buyuksehirde-onemli-atama\/","title":{"rendered":"Bal\u0131kesir B\u00fcy\u00fck\u015fehir&#8217;de \u00f6nemli atama"},"content":{"rendered":"<p>Bal\u0131kesir B\u00fcy\u00fck\u015fehir Belediyesi Bas\u0131n Yay\u0131n ve Halkla \u0130li\u015fkiler Dairesi Ba\u015fkanl\u0131\u011f\u0131&#8217;na Mutlu Tanr\u0131kulu getirildi.BALIKES\u0130R (\u0130GFA) &#8211; BASK\u0130 Genel M\u00fcd\u00fcrl\u00fc\u011f\u00fc\u2019nde Destek Hizmetleri Dairesi Ba\u015fkan\u0131 olan Mutlu Tanr\u0131kulu B\u00fcy\u00fck\u015fehir Belediye Ba\u015fkan\u0131 Ahmet Ak\u0131n\u2019\u0131n onay\u0131 ile Bas\u0131n Yay\u0131n ve Halkla \u0130li\u015fkiler Dairesi Ba\u015fkan\u0131 oldu.\u00a0<br \/>\nMUTLU TANRIKULU K\u0130MD\u0130R?<br \/>\n\u0130lk ve Orta \u00d6\u011frenimini Bal\u0131kesir\u2019de tamamlad\u0131. Sa\u011fl\u0131k Kurumlar\u0131 \u0130\u015fletmecili\u011fi \u00d6n Lisans\u0131 ve \u0130\u015fletme Fak\u00fcltesi lisans\u0131 sahibi olan Tanr\u0131kulu, 1998-2004 y\u0131llar\u0131 aras\u0131nda TSK\u2019da g\u00f6rev yapt\u0131.2004-2009 y\u0131llar\u0131 aras\u0131nda Bal\u0131kesir Belediyesi \u00d6zel Kalem M\u00fcd\u00fcrl\u00fc\u011f\u00fcnde g\u00f6rev yapan Tanr\u0131kulu \u00f6nceki d\u00f6nem Bal\u0131kesir Belediye Ba\u015fkanlar\u0131ndan Sabri U\u011fur\u2019un yak\u0131n korumal\u0131\u011f\u0131n\u0131 yapm\u0131\u015ft\u0131.2009-2017 y\u0131llar\u0131 aras\u0131nda Bal\u0131kesir \u00dcniversitesi Sa\u011fl\u0131k Uygulama ve Ara\u015ft\u0131rma Merkezinde;. Proje liderli\u011fi,. Hastane \u0130dare Amirli\u011fi. Hastane M\u00fcd\u00fcr Yard\u0131mc\u0131l\u0131\u011f\u0131 g\u00f6revlerinde bulundu.2017\u2019de Bal\u0131kesir B\u00fcy\u00fck\u015fehir Belediyesi\u2019ne ge\u00e7i\u015f yapan Mutlu Tanr\u0131kulu 2017-2019 y\u0131llar\u0131 aras\u0131nda;.Yayg\u0131n E\u011fitim ve Konservatuvar \u015eube M\u00fcd\u00fcrl\u00fc\u011f\u00fc,. Bas\u0131n ve Halkla \u0130li\u015fkiler \u015eube M\u00fcd\u00fcrl\u00fc\u011f\u00fc,. K\u00fclt\u00fcr ve Sosyal Etkinlikler \u015eube M\u00fcd\u00fcrl\u00fc\u011f\u00fc. Muhtarl\u0131k \u0130\u015fleri Daire Ba\u015fkan Vekilli\u011fi g\u00f6revlerinde bulundu.2021 Ekim ay\u0131 itibariyle BASK\u0130 Genel M\u00fcd\u00fcrl\u00fc\u011f\u00fcnde daire ba\u015fkan\u0131 olarak g\u00f6rev yapan Mutlu Tanr\u0131kulu, B\u00fcy\u00fck\u015fehir Belediye Ba\u015fkan\u0131 Ahmet Ak\u0131n taraf\u0131ndan Bas\u0131n Yay\u0131n ve Halkla \u0130li\u015fkiler Dairesi Ba\u015fkan\u0131 olarak atand\u0131. Tanr\u0131kulu, evli ve bir \u00e7ocuk babas\u0131d\u0131r.<\/p>\n<p>\u200bBal\u0131kesir B\u00fcy\u00fck\u015fehir Belediyesi Bas\u0131n Yay\u0131n ve Halkla \u0130li\u015fkiler Dairesi Ba\u015fkanl\u0131\u011f\u0131&#8217;na Mutlu Tanr\u0131kulu getirildi.BALIKES\u0130R (\u0130GFA) &#8211; BASK\u0130 Genel M\u00fcd\u00fcrl\u00fc\u011f\u00fc\u2019nde Destek Hizmetleri Dairesi Ba\u015fkan\u0131 olan Mutlu Tanr\u0131kulu B\u00fcy\u00fck\u015fehir Belediye Ba\u015fkan\u0131 Ahmet Ak\u0131n\u2019\u0131n onay\u0131 ile Bas\u0131n Yay\u0131n ve Halkla \u0130li\u015fkiler Dairesi Ba\u015fkan\u0131 oldu.\u00a0<br \/>\nMUTLU TANRIKULU K\u0130MD\u0130R?<br \/>\n\u0130lk ve Orta \u00d6\u011frenimini Bal\u0131kesir\u2019de tamamlad\u0131. Sa\u011fl\u0131k Kurumlar\u0131 \u0130\u015fletmecili\u011fi \u00d6n Lisans\u0131 ve \u0130\u015fletme Fak\u00fcltesi lisans\u0131 sahibi olan Tanr\u0131kulu, 1998-2004 y\u0131llar\u0131 aras\u0131nda TSK\u2019da g\u00f6rev yapt\u0131.2004-2009 y\u0131llar\u0131 aras\u0131nda Bal\u0131kesir Belediyesi \u00d6zel Kalem M\u00fcd\u00fcrl\u00fc\u011f\u00fcnde g\u00f6rev yapan Tanr\u0131kulu \u00f6nceki d\u00f6nem Bal\u0131kesir Belediye Ba\u015fkanlar\u0131ndan Sabri U\u011fur\u2019un yak\u0131n korumal\u0131\u011f\u0131n\u0131 yapm\u0131\u015ft\u0131.2009-2017 y\u0131llar\u0131 aras\u0131nda Bal\u0131kesir \u00dcniversitesi Sa\u011fl\u0131k Uygulama ve Ara\u015ft\u0131rma Merkezinde;. Proje liderli\u011fi,. Hastane \u0130dare Amirli\u011fi. Hastane M\u00fcd\u00fcr Yard\u0131mc\u0131l\u0131\u011f\u0131 g\u00f6revlerinde bulundu.2017\u2019de Bal\u0131kesir B\u00fcy\u00fck\u015fehir Belediyesi\u2019ne ge\u00e7i\u015f yapan Mutlu Tanr\u0131kulu 2017-2019 y\u0131llar\u0131 aras\u0131nda;.Yayg\u0131n E\u011fitim ve Konservatuvar \u015eube M\u00fcd\u00fcrl\u00fc\u011f\u00fc,. Bas\u0131n ve Halkla \u0130li\u015fkiler \u015eube M\u00fcd\u00fcrl\u00fc\u011f\u00fc,. K\u00fclt\u00fcr ve Sosyal Etkinlikler \u015eube M\u00fcd\u00fcrl\u00fc\u011f\u00fc. Muhtarl\u0131k \u0130\u015fleri Daire Ba\u015fkan Vekilli\u011fi g\u00f6revlerinde bulundu.2021 Ekim ay\u0131 itibariyle BASK\u0130 Genel M\u00fcd\u00fcrl\u00fc\u011f\u00fcnde daire ba\u015fkan\u0131 olarak g\u00f6rev yapan Mutlu Tanr\u0131kulu, B\u00fcy\u00fck\u015fehir Belediye Ba\u015fkan\u0131 Ahmet Ak\u0131n taraf\u0131ndan Bas\u0131n Yay\u0131n ve Halkla \u0130li\u015fkiler Dairesi Ba\u015fkan\u0131 olarak atand\u0131. Tanr\u0131kulu, evli ve bir \u00e7ocuk babas\u0131d\u0131r.\u00a0<\/p>\n<p>\u200bHaberin Al\u0131nt\u0131land\u0131\u011f\u0131 Kaynak: www.iskenderun.org<\/p>","protected":false},"excerpt":{"rendered":"<p>Bal\u0131kesir B\u00fcy\u00fck\u015fehir Belediyesi Bas\u0131n Yay\u0131n ve Halkla \u0130li\u015fkiler Dairesi Ba\u015fkanl\u0131\u011f\u0131&#8217;na Mutlu Tanr\u0131kulu getirildi.BALIKES\u0130R (\u0130GFA) &#8211; BASK\u0130 Genel M\u00fcd\u00fcrl\u00fc\u011f\u00fc\u2019nde Destek Hizmetleri Dairesi Ba\u015fkan\u0131 olan Mutlu Tanr\u0131kulu B\u00fcy\u00fck\u015fehir Belediye Ba\u015fkan\u0131 Ahmet Ak\u0131n\u2019\u0131n onay\u0131 ile Bas\u0131n Yay\u0131n ve Halkla \u0130li\u015fkiler Dairesi Ba\u015fkan\u0131 oldu.\u00a0 MUTLU TANRIKULU K\u0130MD\u0130R? \u0130lk ve Orta \u00d6\u011frenimini Bal\u0131kesir\u2019de tamamlad\u0131. Sa\u011fl\u0131k Kurumlar\u0131 \u0130\u015fletmecili\u011fi \u00d6n Lisans\u0131 ve \u0130\u015fletme Fak\u00fcltesi lisans\u0131 sahibi olan Tanr\u0131kulu, 1998-2004 y\u0131llar\u0131 aras\u0131nda TSK\u2019da g\u00f6rev yapt\u0131.2004-2009 y\u0131llar\u0131 aras\u0131nda Bal\u0131kesir Belediyesi \u00d6zel Kalem M\u00fcd\u00fcrl\u00fc\u011f\u00fcnde g\u00f6rev yapan Tanr\u0131kulu \u00f6nceki d\u00f6nem Bal\u0131kesir Belediye Ba\u015fkanlar\u0131ndan Sabri U\u011fur\u2019un yak\u0131n korumal\u0131\u011f\u0131n\u0131 yapm\u0131\u015ft\u0131.2009-2017 y\u0131llar\u0131 aras\u0131nda Bal\u0131kesir \u00dcniversitesi Sa\u011fl\u0131k Uygulama ve Ara\u015ft\u0131rma Merkezinde;. Proje liderli\u011fi,. Hastane \u0130dare Amirli\u011fi. Hastane M\u00fcd\u00fcr Yard\u0131mc\u0131l\u0131\u011f\u0131 g\u00f6revlerinde bulundu.2017\u2019de Bal\u0131kesir B\u00fcy\u00fck\u015fehir Belediyesi\u2019ne ge\u00e7i\u015f yapan Mutlu Tanr\u0131kulu 2017-2019 y\u0131llar\u0131 aras\u0131nda;.Yayg\u0131n E\u011fitim ve Konservatuvar \u015eube M\u00fcd\u00fcrl\u00fc\u011f\u00fc,. Bas\u0131n ve Halkla \u0130li\u015fkiler \u015eube M\u00fcd\u00fcrl\u00fc\u011f\u00fc,. K\u00fclt\u00fcr ve Sosyal Etkinlikler \u015eube M\u00fcd\u00fcrl\u00fc\u011f\u00fc. Muhtarl\u0131k \u0130\u015fleri Daire Ba\u015fkan Vekilli\u011fi g\u00f6revlerinde bulundu.2021 Ekim ay\u0131 itibariyle BASK\u0130 Genel M\u00fcd\u00fcrl\u00fc\u011f\u00fcnde daire ba\u015fkan\u0131 olarak g\u00f6rev yapan Mutlu Tanr\u0131kulu, B\u00fcy\u00fck\u015fehir Belediye Ba\u015fkan\u0131 Ahmet Ak\u0131n taraf\u0131ndan Bas\u0131n Yay\u0131n ve Halkla \u0130li\u015fkiler Dairesi Ba\u015fkan\u0131 olarak atand\u0131. Tanr\u0131kulu, evli ve bir \u00e7ocuk babas\u0131d\u0131r. \u200bBal\u0131kesir B\u00fcy\u00fck\u015fehir Belediyesi Bas\u0131n Yay\u0131n ve Halkla \u0130li\u015fkiler Dairesi Ba\u015fkanl\u0131\u011f\u0131&#8217;na Mutlu Tanr\u0131kulu getirildi.BALIKES\u0130R (\u0130GFA) &#8211; BASK\u0130 Genel M\u00fcd\u00fcrl\u00fc\u011f\u00fc\u2019nde Destek Hizmetleri Dairesi Ba\u015fkan\u0131 olan Mutlu Tanr\u0131kulu B\u00fcy\u00fck\u015fehir &hellip;<\/p>","protected":false},"author":1,"featured_media":0,"comment_status":"open","ping_status":"open","sticky":false,"template":"","format":"standard","meta":{"_acf_changed":false,"footnotes":""},"categories":[24],"tags":[],"class_list":["post-28664","post","type-post","status-publish","format-standard","has-post-thumbnail","hentry","category-gundem"],"acf":[],"yoast_head":"<!-- This site is optimized with the Yoast SEO Premium plugin v26.6 (Yoast SEO v27.1.1) - https:\/\/yoast.com\/product\/yoast-seo-premium-wordpress\/ -->\n<title>Bal\u0131kesir B\u00fcy\u00fck\u015fehir&#039;de \u00f6nemli atama - Av. Deniz Can K\u0131z\u0131l<\/title>\n<meta name=\"robots\" content=\"index, follow, max-snippet:-1, max-image-preview:large, max-video-preview:-1\" \/>\n<link rel=\"canonical\" href=\"http:\/\/denizcankizil.tr\/en\/haberler\/gundem\/balikesir-buyuksehirde-onemli-atama\/\" \/>\n<meta property=\"og:locale\" content=\"en_GB\" \/>\n<meta property=\"og:type\" content=\"article\" \/>\n<meta property=\"og:title\" content=\"Bal\u0131kesir B\u00fcy\u00fck\u015fehir&#039;de \u00f6nemli atama\" \/>\n<meta property=\"og:description\" content=\"Bal\u0131kesir B\u00fcy\u00fck\u015fehir Belediyesi Bas\u0131n Yay\u0131n ve Halkla \u0130li\u015fkiler Dairesi Ba\u015fkanl\u0131\u011f\u0131&#8217;na Mutlu Tanr\u0131kulu getirildi.BALIKES\u0130R (\u0130GFA) &#8211; BASK\u0130 Genel M\u00fcd\u00fcrl\u00fc\u011f\u00fc\u2019nde Destek Hizmetleri Dairesi Ba\u015fkan\u0131 olan Mutlu Tanr\u0131kulu B\u00fcy\u00fck\u015fehir Belediye Ba\u015fkan\u0131 Ahmet Ak\u0131n\u2019\u0131n onay\u0131 ile Bas\u0131n Yay\u0131n ve Halkla \u0130li\u015fkiler Dairesi Ba\u015fkan\u0131 oldu.\u00a0 MUTLU TANRIKULU K\u0130MD\u0130R? \u0130lk ve Orta \u00d6\u011frenimini Bal\u0131kesir\u2019de tamamlad\u0131. Sa\u011fl\u0131k Kurumlar\u0131 \u0130\u015fletmecili\u011fi \u00d6n Lisans\u0131 ve \u0130\u015fletme Fak\u00fcltesi lisans\u0131 sahibi olan Tanr\u0131kulu, 1998-2004 y\u0131llar\u0131 aras\u0131nda TSK\u2019da g\u00f6rev yapt\u0131.2004-2009 y\u0131llar\u0131 aras\u0131nda Bal\u0131kesir Belediyesi \u00d6zel Kalem M\u00fcd\u00fcrl\u00fc\u011f\u00fcnde g\u00f6rev yapan Tanr\u0131kulu \u00f6nceki d\u00f6nem Bal\u0131kesir Belediye Ba\u015fkanlar\u0131ndan Sabri U\u011fur\u2019un yak\u0131n korumal\u0131\u011f\u0131n\u0131 yapm\u0131\u015ft\u0131.2009-2017 y\u0131llar\u0131 aras\u0131nda Bal\u0131kesir \u00dcniversitesi Sa\u011fl\u0131k Uygulama ve Ara\u015ft\u0131rma Merkezinde;. Proje liderli\u011fi,. Hastane \u0130dare Amirli\u011fi. Hastane M\u00fcd\u00fcr Yard\u0131mc\u0131l\u0131\u011f\u0131 g\u00f6revlerinde bulundu.2017\u2019de Bal\u0131kesir B\u00fcy\u00fck\u015fehir Belediyesi\u2019ne ge\u00e7i\u015f yapan Mutlu Tanr\u0131kulu 2017-2019 y\u0131llar\u0131 aras\u0131nda;.Yayg\u0131n E\u011fitim ve Konservatuvar \u015eube M\u00fcd\u00fcrl\u00fc\u011f\u00fc,. Bas\u0131n ve Halkla \u0130li\u015fkiler \u015eube M\u00fcd\u00fcrl\u00fc\u011f\u00fc,. K\u00fclt\u00fcr ve Sosyal Etkinlikler \u015eube M\u00fcd\u00fcrl\u00fc\u011f\u00fc. Muhtarl\u0131k \u0130\u015fleri Daire Ba\u015fkan Vekilli\u011fi g\u00f6revlerinde bulundu.2021 Ekim ay\u0131 itibariyle BASK\u0130 Genel M\u00fcd\u00fcrl\u00fc\u011f\u00fcnde daire ba\u015fkan\u0131 olarak g\u00f6rev yapan Mutlu Tanr\u0131kulu, B\u00fcy\u00fck\u015fehir Belediye Ba\u015fkan\u0131 Ahmet Ak\u0131n taraf\u0131ndan Bas\u0131n Yay\u0131n ve Halkla \u0130li\u015fkiler Dairesi Ba\u015fkan\u0131 olarak atand\u0131. Tanr\u0131kulu, evli ve bir \u00e7ocuk babas\u0131d\u0131r. \u200bBal\u0131kesir B\u00fcy\u00fck\u015fehir Belediyesi Bas\u0131n Yay\u0131n ve Halkla \u0130li\u015fkiler Dairesi Ba\u015fkanl\u0131\u011f\u0131&#8217;na Mutlu Tanr\u0131kulu getirildi.BALIKES\u0130R (\u0130GFA) &#8211; BASK\u0130 Genel M\u00fcd\u00fcrl\u00fc\u011f\u00fc\u2019nde Destek Hizmetleri Dairesi Ba\u015fkan\u0131 olan Mutlu Tanr\u0131kulu B\u00fcy\u00fck\u015fehir &hellip;\" \/>\n<meta property=\"og:url\" content=\"http:\/\/denizcankizil.tr\/en\/haberler\/gundem\/balikesir-buyuksehirde-onemli-atama\/\" \/>\n<meta property=\"og:site_name\" content=\"Av. Deniz Can K\u0131z\u0131l\" \/>\n<meta property=\"article:published_time\" content=\"2025-01-30T07:41:54+00:00\" \/>\n<meta name=\"author\" content=\"admin\" \/>\n<meta name=\"twitter:card\" content=\"summary_large_image\" \/>\n<meta name=\"twitter:label1\" content=\"Written by\" \/>\n\t<meta name=\"twitter:data1\" content=\"admin\" \/>\n\t<meta name=\"twitter:label2\" content=\"Estimated reading time\" \/>\n\t<meta name=\"twitter:data2\" content=\"3 minutes\" \/>\n<script type=\"application\/ld+json\" class=\"yoast-schema-graph\">{\"@context\":\"https:\/\/schema.org\",\"@graph\":[{\"@type\":\"Article\",\"@id\":\"http:\/\/denizcankizil.tr\/en\/haberler\/gundem\/balikesir-buyuksehirde-onemli-atama\/#article\",\"isPartOf\":{\"@id\":\"http:\/\/denizcankizil.tr\/en\/haberler\/gundem\/balikesir-buyuksehirde-onemli-atama\/\"},\"author\":{\"name\":\"admin\",\"@id\":\"https:\/\/denizcankizil.tr\/de\/#\/schema\/person\/be3c05fe6a12686905512445d8185489\"},\"headline\":\"Bal\u0131kesir B\u00fcy\u00fck\u015fehir&#8217;de \u00f6nemli atama\",\"datePublished\":\"2025-01-30T07:41:54+00:00\",\"mainEntityOfPage\":{\"@id\":\"http:\/\/denizcankizil.tr\/en\/haberler\/gundem\/balikesir-buyuksehirde-onemli-atama\/\"},\"wordCount\":603,\"commentCount\":0,\"publisher\":{\"@id\":\"https:\/\/denizcankizil.tr\/de\/#organization\"},\"articleSection\":[\"G\u00fcndem\"],\"inLanguage\":\"en-GB\",\"potentialAction\":[{\"@type\":\"CommentAction\",\"name\":\"Comment\",\"target\":[\"http:\/\/denizcankizil.tr\/en\/haberler\/gundem\/balikesir-buyuksehirde-onemli-atama\/#respond\"]}]},{\"@type\":\"WebPage\",\"@id\":\"http:\/\/denizcankizil.tr\/en\/haberler\/gundem\/balikesir-buyuksehirde-onemli-atama\/\",\"url\":\"http:\/\/denizcankizil.tr\/en\/haberler\/gundem\/balikesir-buyuksehirde-onemli-atama\/\",\"name\":\"Bal\u0131kesir B\u00fcy\u00fck\u015fehir'de \u00f6nemli atama - Av. Deniz Can K\u0131z\u0131l\",\"isPartOf\":{\"@id\":\"https:\/\/denizcankizil.tr\/de\/#website\"},\"datePublished\":\"2025-01-30T07:41:54+00:00\",\"breadcrumb\":{\"@id\":\"http:\/\/denizcankizil.tr\/en\/haberler\/gundem\/balikesir-buyuksehirde-onemli-atama\/#breadcrumb\"},\"inLanguage\":\"en-GB\",\"potentialAction\":[{\"@type\":\"ReadAction\",\"target\":[\"http:\/\/denizcankizil.tr\/en\/haberler\/gundem\/balikesir-buyuksehirde-onemli-atama\/\"]}]},{\"@type\":\"BreadcrumbList\",\"@id\":\"http:\/\/denizcankizil.tr\/en\/haberler\/gundem\/balikesir-buyuksehirde-onemli-atama\/#breadcrumb\",\"itemListElement\":[{\"@type\":\"ListItem\",\"position\":1,\"name\":\"Home\",\"item\":\"https:\/\/denizcankizil.tr\/de\/\"},{\"@type\":\"ListItem\",\"position\":2,\"name\":\"Bal\u0131kesir B\u00fcy\u00fck\u015fehir&#8217;de \u00f6nemli atama\"}]},{\"@type\":\"WebSite\",\"@id\":\"https:\/\/denizcankizil.tr\/de\/#website\",\"url\":\"https:\/\/denizcankizil.tr\/de\/\",\"name\":\"Av. Deniz Can K\u0131z\u0131l\",\"description\":\"Avukat Deniz Can K\u0131z\u0131l Antalya Barosu\",\"publisher\":{\"@id\":\"https:\/\/denizcankizil.tr\/de\/#organization\"},\"potentialAction\":[{\"@type\":\"SearchAction\",\"target\":{\"@type\":\"EntryPoint\",\"urlTemplate\":\"https:\/\/denizcankizil.tr\/de\/?s={search_term_string}\"},\"query-input\":{\"@type\":\"PropertyValueSpecification\",\"valueRequired\":true,\"valueName\":\"search_term_string\"}}],\"inLanguage\":\"en-GB\"},{\"@type\":\"Organization\",\"@id\":\"https:\/\/denizcankizil.tr\/de\/#organization\",\"name\":\"Av. Deniz Can K\u0131z\u0131l\",\"url\":\"https:\/\/denizcankizil.tr\/de\/\",\"logo\":{\"@type\":\"ImageObject\",\"inLanguage\":\"en-GB\",\"@id\":\"https:\/\/denizcankizil.tr\/de\/#\/schema\/logo\/image\/\",\"url\":\"http:\/\/denizcankizil.tr\/wp-content\/uploads\/2024\/10\/siyah-logo-svg.svg\",\"contentUrl\":\"http:\/\/denizcankizil.tr\/wp-content\/uploads\/2024\/10\/siyah-logo-svg.svg\",\"width\":1080,\"height\":1080,\"caption\":\"Av. Deniz Can K\u0131z\u0131l\"},\"image\":{\"@id\":\"https:\/\/denizcankizil.tr\/de\/#\/schema\/logo\/image\/\"}},{\"@type\":\"Person\",\"@id\":\"https:\/\/denizcankizil.tr\/de\/#\/schema\/person\/be3c05fe6a12686905512445d8185489\",\"name\":\"admin\",\"image\":{\"@type\":\"ImageObject\",\"inLanguage\":\"en-GB\",\"@id\":\"https:\/\/denizcankizil.tr\/de\/#\/schema\/person\/image\/\",\"url\":\"https:\/\/secure.gravatar.com\/avatar\/c1fce94c830dc79107e174f890d7210541c4a63e8e5d816341794a2151c9d58c?s=96&d=mm&r=g\",\"contentUrl\":\"https:\/\/secure.gravatar.com\/avatar\/c1fce94c830dc79107e174f890d7210541c4a63e8e5d816341794a2151c9d58c?s=96&d=mm&r=g\",\"caption\":\"admin\"},\"sameAs\":[\"http:\/\/denizcankizil.tr\"],\"url\":\"https:\/\/www.iskenderun.org\/balikesir-buyuksehirde-onemli-atama\"}]}<\/script>\n<!-- \/ Yoast SEO Premium plugin. -->","yoast_head_json":{"title":"Bal\u0131kesir B\u00fcy\u00fck\u015fehir'de \u00f6nemli atama - Av. Deniz Can K\u0131z\u0131l","robots":{"index":"index","follow":"follow","max-snippet":"max-snippet:-1","max-image-preview":"max-image-preview:large","max-video-preview":"max-video-preview:-1"},"canonical":"http:\/\/denizcankizil.tr\/en\/haberler\/gundem\/balikesir-buyuksehirde-onemli-atama\/","og_locale":"en_GB","og_type":"article","og_title":"Bal\u0131kesir B\u00fcy\u00fck\u015fehir'de \u00f6nemli atama","og_description":"Bal\u0131kesir B\u00fcy\u00fck\u015fehir Belediyesi Bas\u0131n Yay\u0131n ve Halkla \u0130li\u015fkiler Dairesi Ba\u015fkanl\u0131\u011f\u0131&#8217;na Mutlu Tanr\u0131kulu getirildi.BALIKES\u0130R (\u0130GFA) &#8211; BASK\u0130 Genel M\u00fcd\u00fcrl\u00fc\u011f\u00fc\u2019nde Destek Hizmetleri Dairesi Ba\u015fkan\u0131 olan Mutlu Tanr\u0131kulu B\u00fcy\u00fck\u015fehir Belediye Ba\u015fkan\u0131 Ahmet Ak\u0131n\u2019\u0131n onay\u0131 ile Bas\u0131n Yay\u0131n ve Halkla \u0130li\u015fkiler Dairesi Ba\u015fkan\u0131 oldu.\u00a0 MUTLU TANRIKULU K\u0130MD\u0130R? \u0130lk ve Orta \u00d6\u011frenimini Bal\u0131kesir\u2019de tamamlad\u0131. Sa\u011fl\u0131k Kurumlar\u0131 \u0130\u015fletmecili\u011fi \u00d6n Lisans\u0131 ve \u0130\u015fletme Fak\u00fcltesi lisans\u0131 sahibi olan Tanr\u0131kulu, 1998-2004 y\u0131llar\u0131 aras\u0131nda TSK\u2019da g\u00f6rev yapt\u0131.2004-2009 y\u0131llar\u0131 aras\u0131nda Bal\u0131kesir Belediyesi \u00d6zel Kalem M\u00fcd\u00fcrl\u00fc\u011f\u00fcnde g\u00f6rev yapan Tanr\u0131kulu \u00f6nceki d\u00f6nem Bal\u0131kesir Belediye Ba\u015fkanlar\u0131ndan Sabri U\u011fur\u2019un yak\u0131n korumal\u0131\u011f\u0131n\u0131 yapm\u0131\u015ft\u0131.2009-2017 y\u0131llar\u0131 aras\u0131nda Bal\u0131kesir \u00dcniversitesi Sa\u011fl\u0131k Uygulama ve Ara\u015ft\u0131rma Merkezinde;. Proje liderli\u011fi,. Hastane \u0130dare Amirli\u011fi. Hastane M\u00fcd\u00fcr Yard\u0131mc\u0131l\u0131\u011f\u0131 g\u00f6revlerinde bulundu.2017\u2019de Bal\u0131kesir B\u00fcy\u00fck\u015fehir Belediyesi\u2019ne ge\u00e7i\u015f yapan Mutlu Tanr\u0131kulu 2017-2019 y\u0131llar\u0131 aras\u0131nda;.Yayg\u0131n E\u011fitim ve Konservatuvar \u015eube M\u00fcd\u00fcrl\u00fc\u011f\u00fc,. Bas\u0131n ve Halkla \u0130li\u015fkiler \u015eube M\u00fcd\u00fcrl\u00fc\u011f\u00fc,. K\u00fclt\u00fcr ve Sosyal Etkinlikler \u015eube M\u00fcd\u00fcrl\u00fc\u011f\u00fc. Muhtarl\u0131k \u0130\u015fleri Daire Ba\u015fkan Vekilli\u011fi g\u00f6revlerinde bulundu.2021 Ekim ay\u0131 itibariyle BASK\u0130 Genel M\u00fcd\u00fcrl\u00fc\u011f\u00fcnde daire ba\u015fkan\u0131 olarak g\u00f6rev yapan Mutlu Tanr\u0131kulu, B\u00fcy\u00fck\u015fehir Belediye Ba\u015fkan\u0131 Ahmet Ak\u0131n taraf\u0131ndan Bas\u0131n Yay\u0131n ve Halkla \u0130li\u015fkiler Dairesi Ba\u015fkan\u0131 olarak atand\u0131. Tanr\u0131kulu, evli ve bir \u00e7ocuk babas\u0131d\u0131r. \u200bBal\u0131kesir B\u00fcy\u00fck\u015fehir Belediyesi Bas\u0131n Yay\u0131n ve Halkla \u0130li\u015fkiler Dairesi Ba\u015fkanl\u0131\u011f\u0131&#8217;na Mutlu Tanr\u0131kulu getirildi.BALIKES\u0130R (\u0130GFA) &#8211; BASK\u0130 Genel M\u00fcd\u00fcrl\u00fc\u011f\u00fc\u2019nde Destek Hizmetleri Dairesi Ba\u015fkan\u0131 olan Mutlu Tanr\u0131kulu B\u00fcy\u00fck\u015fehir &hellip;","og_url":"http:\/\/denizcankizil.tr\/en\/haberler\/gundem\/balikesir-buyuksehirde-onemli-atama\/","og_site_name":"Av. Deniz Can K\u0131z\u0131l","article_published_time":"2025-01-30T07:41:54+00:00","author":"admin","twitter_card":"summary_large_image","twitter_misc":{"Written by":"admin","Estimated reading time":"3 minutes"},"schema":{"@context":"https:\/\/schema.org","@graph":[{"@type":"Article","@id":"http:\/\/denizcankizil.tr\/en\/haberler\/gundem\/balikesir-buyuksehirde-onemli-atama\/#article","isPartOf":{"@id":"http:\/\/denizcankizil.tr\/en\/haberler\/gundem\/balikesir-buyuksehirde-onemli-atama\/"},"author":{"name":"admin","@id":"https:\/\/denizcankizil.tr\/de\/#\/schema\/person\/be3c05fe6a12686905512445d8185489"},"headline":"Bal\u0131kesir B\u00fcy\u00fck\u015fehir&#8217;de \u00f6nemli atama","datePublished":"2025-01-30T07:41:54+00:00","mainEntityOfPage":{"@id":"http:\/\/denizcankizil.tr\/en\/haberler\/gundem\/balikesir-buyuksehirde-onemli-atama\/"},"wordCount":603,"commentCount":0,"publisher":{"@id":"https:\/\/denizcankizil.tr\/de\/#organization"},"articleSection":["G\u00fcndem"],"inLanguage":"en-GB","potentialAction":[{"@type":"CommentAction","name":"Comment","target":["http:\/\/denizcankizil.tr\/en\/haberler\/gundem\/balikesir-buyuksehirde-onemli-atama\/#respond"]}]},{"@type":"WebPage","@id":"http:\/\/denizcankizil.tr\/en\/haberler\/gundem\/balikesir-buyuksehirde-onemli-atama\/","url":"http:\/\/denizcankizil.tr\/en\/haberler\/gundem\/balikesir-buyuksehirde-onemli-atama\/","name":"Bal\u0131kesir B\u00fcy\u00fck\u015fehir'de \u00f6nemli atama - Av. Deniz Can K\u0131z\u0131l","isPartOf":{"@id":"https:\/\/denizcankizil.tr\/de\/#website"},"datePublished":"2025-01-30T07:41:54+00:00","breadcrumb":{"@id":"http:\/\/denizcankizil.tr\/en\/haberler\/gundem\/balikesir-buyuksehirde-onemli-atama\/#breadcrumb"},"inLanguage":"en-GB","potentialAction":[{"@type":"ReadAction","target":["http:\/\/denizcankizil.tr\/en\/haberler\/gundem\/balikesir-buyuksehirde-onemli-atama\/"]}]},{"@type":"BreadcrumbList","@id":"http:\/\/denizcankizil.tr\/en\/haberler\/gundem\/balikesir-buyuksehirde-onemli-atama\/#breadcrumb","itemListElement":[{"@type":"ListItem","position":1,"name":"Home","item":"https:\/\/denizcankizil.tr\/de\/"},{"@type":"ListItem","position":2,"name":"Bal\u0131kesir B\u00fcy\u00fck\u015fehir&#8217;de \u00f6nemli atama"}]},{"@type":"WebSite","@id":"https:\/\/denizcankizil.tr\/de\/#website","url":"https:\/\/denizcankizil.tr\/de\/","name":"Av. Deniz Can K\u0131z\u0131l","description":"Avukat Deniz Can K\u0131z\u0131l Antalya Barosu","publisher":{"@id":"https:\/\/denizcankizil.tr\/de\/#organization"},"potentialAction":[{"@type":"SearchAction","target":{"@type":"EntryPoint","urlTemplate":"https:\/\/denizcankizil.tr\/de\/?s={search_term_string}"},"query-input":{"@type":"PropertyValueSpecification","valueRequired":true,"valueName":"search_term_string"}}],"inLanguage":"en-GB"},{"@type":"Organization","@id":"https:\/\/denizcankizil.tr\/de\/#organization","name":"Av. Deniz Can K\u0131z\u0131l","url":"https:\/\/denizcankizil.tr\/de\/","logo":{"@type":"ImageObject","inLanguage":"en-GB","@id":"https:\/\/denizcankizil.tr\/de\/#\/schema\/logo\/image\/","url":"http:\/\/denizcankizil.tr\/wp-content\/uploads\/2024\/10\/siyah-logo-svg.svg","contentUrl":"http:\/\/denizcankizil.tr\/wp-content\/uploads\/2024\/10\/siyah-logo-svg.svg","width":1080,"height":1080,"caption":"Av. Deniz Can K\u0131z\u0131l"},"image":{"@id":"https:\/\/denizcankizil.tr\/de\/#\/schema\/logo\/image\/"}},{"@type":"Person","@id":"https:\/\/denizcankizil.tr\/de\/#\/schema\/person\/be3c05fe6a12686905512445d8185489","name":"admin","image":{"@type":"ImageObject","inLanguage":"en-GB","@id":"https:\/\/denizcankizil.tr\/de\/#\/schema\/person\/image\/","url":"https:\/\/secure.gravatar.com\/avatar\/c1fce94c830dc79107e174f890d7210541c4a63e8e5d816341794a2151c9d58c?s=96&d=mm&r=g","contentUrl":"https:\/\/secure.gravatar.com\/avatar\/c1fce94c830dc79107e174f890d7210541c4a63e8e5d816341794a2151c9d58c?s=96&d=mm&r=g","caption":"admin"},"sameAs":["http:\/\/denizcankizil.tr"],"url":"https:\/\/www.iskenderun.org\/balikesir-buyuksehirde-onemli-atama"}]}},"_links":{"self":[{"href":"http:\/\/denizcankizil.tr\/en\/wp-json\/wp\/v2\/posts\/28664","targetHints":{"allow":["GET"]}}],"collection":[{"href":"http:\/\/denizcankizil.tr\/en\/wp-json\/wp\/v2\/posts"}],"about":[{"href":"http:\/\/denizcankizil.tr\/en\/wp-json\/wp\/v2\/types\/post"}],"author":[{"embeddable":true,"href":"http:\/\/denizcankizil.tr\/en\/wp-json\/wp\/v2\/users\/1"}],"replies":[{"embeddable":true,"href":"http:\/\/denizcankizil.tr\/en\/wp-json\/wp\/v2\/comments?post=28664"}],"version-history":[{"count":0,"href":"http:\/\/denizcankizil.tr\/en\/wp-json\/wp\/v2\/posts\/28664\/revisions"}],"wp:attachment":[{"href":"http:\/\/denizcankizil.tr\/en\/wp-json\/wp\/v2\/media?parent=28664"}],"wp:term":[{"taxonomy":"category","embeddable":true,"href":"http:\/\/denizcankizil.tr\/en\/wp-json\/wp\/v2\/categories?post=28664"},{"taxonomy":"post_tag","embeddable":true,"href":"http:\/\/denizcankizil.tr\/en\/wp-json\/wp\/v2\/tags?post=28664"}],"curies":[{"name":"wp","href":"https:\/\/api.w.org\/{rel}","templated":true}]}}