{"id":28272,"date":"2025-01-28T22:41:20","date_gmt":"2025-01-28T19:41:20","guid":{"rendered":"https:\/\/denizcankizil.tr\/uncategorized-tr\/kaya-antalyada-uretim-icin-ciftciye-destek-sart\/"},"modified":"2025-01-28T22:41:20","modified_gmt":"2025-01-28T19:41:20","slug":"kaya-antalyada-uretim-icin-ciftciye-destek-sart","status":"publish","type":"post","link":"http:\/\/denizcankizil.tr\/en\/haberler\/gundem\/kaya-antalyada-uretim-icin-ciftciye-destek-sart\/","title":{"rendered":"Kaya: Antalya&#8217;da \u00fcretim i\u00e7in \u00e7ift\u00e7iye destek \u015fart"},"content":{"rendered":"<p>Ge\u00e7ti\u011fimiz g\u00fcnlerde Antalya\u2019da etkili olan sa\u011fanak ya\u011f\u0131\u015f hayat\u0131 olumsuz etkiledi. Merkezde yollar g\u00f6le d\u00f6nerken, ula\u015f\u0131mda aksamlar ya\u015fand\u0131. \u0130l\u00e7elerde ise sel ve su ta\u015fk\u0131nlar\u0131 meydana geldi. \u00d6zellikle Antalya\u2019n\u0131n Demre il\u00e7esinde ya\u015fanan sel felaketi nedeniyle pek \u00e7ok \u00e7ift\u00e7i zarar g\u00f6rd\u00fc. Demre\u2019de ya\u015fanan sel, \u00e7ift\u00e7ilerin mahsullerine zarar verirken, pek \u00e7ok \u00fcreticinin seralar\u0131 ise sular alt\u0131nda kald\u0131. CHP Antalya Milletvekili Aykut Kaya ise ya\u015fana bu olumsuz durumu T\u00fcrkiye B\u00fcy\u00fck Millet Meclis\u2019i g\u00fcndemine ta\u015f\u0131d\u0131.\u00a0<\/p>\n<p>\u201c180 DEKAR C\u0130VARINDA ALAN ZARAR G\u00d6RD\u00dc\u201d<\/p>\n<p>Kaya, TBMM\u2019de yapt\u0131\u011f\u0131 konu\u015fmada \u00e7ift\u00e7ilerin ya\u015fad\u0131\u011f\u0131 sorunlar\u0131 dile getirerek, Demre\u2019mizin Beymelek mahallesinde ge\u00e7ti\u011fimiz hafta \u00e7ar\u015famba g\u00fcn\u00fc b\u00fcy\u00fck bir dolu afeti ya\u015fand\u0131. Yakla\u015f\u0131k 180 dekar civar\u0131nda alan zarar g\u00f6rd\u00fc. Bun yakla\u015f\u0131k 35 dekar\u0131 cam seralardan olu\u015fuyor ve olu\u015fan afetle cam seralar mahsulleriyle beraber y\u00fczde 100 hasar g\u00f6rd\u00fc. Plastik seralarda \u00e7\u00f6kmeler ya\u015fand\u0131. \u00c7ift\u00e7ilerimiz mahsullerini ve seralar\u0131n\u0131 kaybettiler\u201d dedi.\u00a0<\/p>\n<p>\u201c\u00c7\u0130FT\u00c7\u0130LER\u0130M\u0130Z \u00dcRET\u0130M YAPAMAYACAK \u201c<\/p>\n<p>Buradaki \u00fcreticilerin TARS\u0130M sigortas\u0131 yapamad\u0131\u011f\u0131na ve bu y\u00fczden \u00e7ift\u00e7ilerin b\u00fcy\u00fck bir k\u0131sm\u0131n\u0131n ma\u011fdur oldu\u011funa dikkat \u00e7eken Kaya, \u201cBuradaki arazilerin 60&#8217;\u0131 zeytinlik vasf\u0131nda oldu\u011fu i\u00e7in \u00e7ift\u00e7ilerimiz \u00c7KS ve \u00d6KS kayd\u0131 yapt\u0131ram\u0131yorlar. Buna istinaden TARS\u0130M sigortas\u0131 yap\u0131lam\u0131yor. \u00d6ncelikle zeytinlik vasf\u0131 ta\u015f\u0131yan alanlar\u0131n TARS\u0130M sigortas\u0131na al\u0131nma \u00e7al\u0131\u015fmalar\u0131 bir an \u00f6nce ba\u015flat\u0131lmal\u0131d\u0131r. \u00c7ift\u00e7ilerimizin ya\u015fad\u0131\u011f\u0131 bu afetten dolay\u0131 zararlar\u0131 tanzim edilmelidir. Demre il\u00e7esindeki \u00fcreticilerimizin zeytinlik vasf\u0131nda olan arazilerine TARS\u0130M sigortas\u0131 yapt\u0131rmalar\u0131n\u0131n \u00f6n\u00fc a\u00e7\u0131lmal\u0131d\u0131r. \u00a0Zaten artan girdi maliyetlerinden dolay\u0131 bin bir g\u00fc\u00e7l\u00fckle \u00fcretimine devam eden \u00e7ift\u00e7ilerimiz destek almazlar ise \u00fcretim yapamayacak hale gelecektir\u201d diye konu\u015ftu.\u00a0<\/p>\n<p>\u200bCHP Antalya Milletvekili Aykut Kaya, ge\u00e7ti\u011fimiz g\u00fcnlerde Antalya\u2019n\u0131n Demre il\u00e7esinde ya\u015fanan sel felaketi nedeniyle pek \u00e7ok \u00e7ift\u00e7inin ma\u011fdur oldu\u011funu s\u00f6yledi. Konuyu TBMM g\u00fcndemine ta\u015f\u0131yan Kaya, \u201cZaten artan girdi maliyetlerinden dolay\u0131 bin bir g\u00fc\u00e7l\u00fckle \u00fcretimine devam eden \u00e7ift\u00e7iye destek \u015fart&#8221; dedi\u00a0<\/p>\n<p>\u200bHaberin Al\u0131nt\u0131land\u0131\u011f\u0131 Kaynak: www.antalyakorfez.com<\/p>","protected":false},"excerpt":{"rendered":"<p>Ge\u00e7ti\u011fimiz g\u00fcnlerde Antalya\u2019da etkili olan sa\u011fanak ya\u011f\u0131\u015f hayat\u0131 olumsuz etkiledi. Merkezde yollar g\u00f6le d\u00f6nerken, ula\u015f\u0131mda aksamlar ya\u015fand\u0131. \u0130l\u00e7elerde ise sel ve su ta\u015fk\u0131nlar\u0131 meydana geldi. \u00d6zellikle Antalya\u2019n\u0131n Demre il\u00e7esinde ya\u015fanan sel felaketi nedeniyle pek \u00e7ok \u00e7ift\u00e7i zarar g\u00f6rd\u00fc. Demre\u2019de ya\u015fanan sel, \u00e7ift\u00e7ilerin mahsullerine zarar verirken, pek \u00e7ok \u00fcreticinin seralar\u0131 ise sular alt\u0131nda kald\u0131. CHP Antalya Milletvekili Aykut Kaya ise ya\u015fana bu olumsuz durumu T\u00fcrkiye B\u00fcy\u00fck Millet Meclis\u2019i g\u00fcndemine ta\u015f\u0131d\u0131.\u00a0 \u201c180 DEKAR C\u0130VARINDA ALAN ZARAR G\u00d6RD\u00dc\u201d Kaya, TBMM\u2019de yapt\u0131\u011f\u0131 konu\u015fmada \u00e7ift\u00e7ilerin ya\u015fad\u0131\u011f\u0131 sorunlar\u0131 dile getirerek, Demre\u2019mizin Beymelek mahallesinde ge\u00e7ti\u011fimiz hafta \u00e7ar\u015famba g\u00fcn\u00fc b\u00fcy\u00fck bir dolu afeti ya\u015fand\u0131. Yakla\u015f\u0131k 180 dekar civar\u0131nda alan zarar g\u00f6rd\u00fc. Bun yakla\u015f\u0131k 35 dekar\u0131 cam seralardan olu\u015fuyor ve olu\u015fan afetle cam seralar mahsulleriyle beraber y\u00fczde 100 hasar g\u00f6rd\u00fc. Plastik seralarda \u00e7\u00f6kmeler ya\u015fand\u0131. \u00c7ift\u00e7ilerimiz mahsullerini ve seralar\u0131n\u0131 kaybettiler\u201d dedi.\u00a0 \u201c\u00c7\u0130FT\u00c7\u0130LER\u0130M\u0130Z \u00dcRET\u0130M YAPAMAYACAK \u201c Buradaki \u00fcreticilerin TARS\u0130M sigortas\u0131 yapamad\u0131\u011f\u0131na ve bu y\u00fczden \u00e7ift\u00e7ilerin b\u00fcy\u00fck bir k\u0131sm\u0131n\u0131n ma\u011fdur oldu\u011funa dikkat \u00e7eken Kaya, \u201cBuradaki arazilerin 60&#8217;\u0131 zeytinlik vasf\u0131nda oldu\u011fu i\u00e7in \u00e7ift\u00e7ilerimiz \u00c7KS ve \u00d6KS kayd\u0131 yapt\u0131ram\u0131yorlar. Buna istinaden TARS\u0130M sigortas\u0131 yap\u0131lam\u0131yor. \u00d6ncelikle zeytinlik vasf\u0131 ta\u015f\u0131yan alanlar\u0131n TARS\u0130M sigortas\u0131na al\u0131nma \u00e7al\u0131\u015fmalar\u0131 bir an \u00f6nce ba\u015flat\u0131lmal\u0131d\u0131r. \u00c7ift\u00e7ilerimizin ya\u015fad\u0131\u011f\u0131 bu afetten dolay\u0131 zararlar\u0131 tanzim edilmelidir. Demre il\u00e7esindeki \u00fcreticilerimizin zeytinlik vasf\u0131nda olan arazilerine TARS\u0130M sigortas\u0131 &hellip;<\/p>","protected":false},"author":5,"featured_media":0,"comment_status":"open","ping_status":"open","sticky":false,"template":"","format":"standard","meta":{"_acf_changed":false,"footnotes":""},"categories":[24],"tags":[],"class_list":["post-28272","post","type-post","status-publish","format-standard","has-post-thumbnail","hentry","category-gundem"],"acf":[],"yoast_head":"<!-- This site is optimized with the Yoast SEO Premium plugin v26.6 (Yoast SEO v27.1.1) - https:\/\/yoast.com\/product\/yoast-seo-premium-wordpress\/ -->\n<title>Kaya: Antalya&#039;da \u00fcretim i\u00e7in \u00e7ift\u00e7iye destek \u015fart - Av. Deniz Can K\u0131z\u0131l<\/title>\n<meta name=\"robots\" content=\"index, follow, max-snippet:-1, max-image-preview:large, max-video-preview:-1\" \/>\n<link rel=\"canonical\" href=\"http:\/\/denizcankizil.tr\/en\/haberler\/gundem\/kaya-antalyada-uretim-icin-ciftciye-destek-sart\/\" \/>\n<meta property=\"og:locale\" content=\"en_GB\" \/>\n<meta property=\"og:type\" content=\"article\" \/>\n<meta property=\"og:title\" content=\"Kaya: Antalya&#039;da \u00fcretim i\u00e7in \u00e7ift\u00e7iye destek \u015fart\" \/>\n<meta property=\"og:description\" content=\"Ge\u00e7ti\u011fimiz g\u00fcnlerde Antalya\u2019da etkili olan sa\u011fanak ya\u011f\u0131\u015f hayat\u0131 olumsuz etkiledi. Merkezde yollar g\u00f6le d\u00f6nerken, ula\u015f\u0131mda aksamlar ya\u015fand\u0131. \u0130l\u00e7elerde ise sel ve su ta\u015fk\u0131nlar\u0131 meydana geldi. \u00d6zellikle Antalya\u2019n\u0131n Demre il\u00e7esinde ya\u015fanan sel felaketi nedeniyle pek \u00e7ok \u00e7ift\u00e7i zarar g\u00f6rd\u00fc. Demre\u2019de ya\u015fanan sel, \u00e7ift\u00e7ilerin mahsullerine zarar verirken, pek \u00e7ok \u00fcreticinin seralar\u0131 ise sular alt\u0131nda kald\u0131. CHP Antalya Milletvekili Aykut Kaya ise ya\u015fana bu olumsuz durumu T\u00fcrkiye B\u00fcy\u00fck Millet Meclis\u2019i g\u00fcndemine ta\u015f\u0131d\u0131.\u00a0 \u201c180 DEKAR C\u0130VARINDA ALAN ZARAR G\u00d6RD\u00dc\u201d Kaya, TBMM\u2019de yapt\u0131\u011f\u0131 konu\u015fmada \u00e7ift\u00e7ilerin ya\u015fad\u0131\u011f\u0131 sorunlar\u0131 dile getirerek, Demre\u2019mizin Beymelek mahallesinde ge\u00e7ti\u011fimiz hafta \u00e7ar\u015famba g\u00fcn\u00fc b\u00fcy\u00fck bir dolu afeti ya\u015fand\u0131. Yakla\u015f\u0131k 180 dekar civar\u0131nda alan zarar g\u00f6rd\u00fc. Bun yakla\u015f\u0131k 35 dekar\u0131 cam seralardan olu\u015fuyor ve olu\u015fan afetle cam seralar mahsulleriyle beraber y\u00fczde 100 hasar g\u00f6rd\u00fc. Plastik seralarda \u00e7\u00f6kmeler ya\u015fand\u0131. \u00c7ift\u00e7ilerimiz mahsullerini ve seralar\u0131n\u0131 kaybettiler\u201d dedi.\u00a0 \u201c\u00c7\u0130FT\u00c7\u0130LER\u0130M\u0130Z \u00dcRET\u0130M YAPAMAYACAK \u201c Buradaki \u00fcreticilerin TARS\u0130M sigortas\u0131 yapamad\u0131\u011f\u0131na ve bu y\u00fczden \u00e7ift\u00e7ilerin b\u00fcy\u00fck bir k\u0131sm\u0131n\u0131n ma\u011fdur oldu\u011funa dikkat \u00e7eken Kaya, \u201cBuradaki arazilerin 60&#8217;\u0131 zeytinlik vasf\u0131nda oldu\u011fu i\u00e7in \u00e7ift\u00e7ilerimiz \u00c7KS ve \u00d6KS kayd\u0131 yapt\u0131ram\u0131yorlar. Buna istinaden TARS\u0130M sigortas\u0131 yap\u0131lam\u0131yor. \u00d6ncelikle zeytinlik vasf\u0131 ta\u015f\u0131yan alanlar\u0131n TARS\u0130M sigortas\u0131na al\u0131nma \u00e7al\u0131\u015fmalar\u0131 bir an \u00f6nce ba\u015flat\u0131lmal\u0131d\u0131r. \u00c7ift\u00e7ilerimizin ya\u015fad\u0131\u011f\u0131 bu afetten dolay\u0131 zararlar\u0131 tanzim edilmelidir. Demre il\u00e7esindeki \u00fcreticilerimizin zeytinlik vasf\u0131nda olan arazilerine TARS\u0130M sigortas\u0131 &hellip;\" \/>\n<meta property=\"og:url\" content=\"http:\/\/denizcankizil.tr\/en\/haberler\/gundem\/kaya-antalyada-uretim-icin-ciftciye-destek-sart\/\" \/>\n<meta property=\"og:site_name\" content=\"Av. Deniz Can K\u0131z\u0131l\" \/>\n<meta property=\"article:published_time\" content=\"2025-01-28T19:41:20+00:00\" \/>\n<meta name=\"author\" content=\"Antalya K\u00f6rfez\" \/>\n<meta name=\"twitter:card\" content=\"summary_large_image\" \/>\n<meta name=\"twitter:label1\" content=\"Written by\" \/>\n\t<meta name=\"twitter:data1\" content=\"Antalya K\u00f6rfez\" \/>\n\t<meta name=\"twitter:label2\" content=\"Estimated reading time\" \/>\n\t<meta name=\"twitter:data2\" content=\"2 minutes\" \/>\n<script type=\"application\/ld+json\" class=\"yoast-schema-graph\">{\"@context\":\"https:\/\/schema.org\",\"@graph\":[{\"@type\":\"Article\",\"@id\":\"http:\/\/denizcankizil.tr\/ru\/haberler\/gundem\/kaya-antalyada-uretim-icin-ciftciye-destek-sart\/#article\",\"isPartOf\":{\"@id\":\"http:\/\/denizcankizil.tr\/ru\/haberler\/gundem\/kaya-antalyada-uretim-icin-ciftciye-destek-sart\/\"},\"author\":{\"name\":\"Antalya K\u00f6rfez\",\"@id\":\"https:\/\/denizcankizil.tr\/de\/#\/schema\/person\/e1eb71bb4dd684d46563f0af307e1234\"},\"headline\":\"Kaya: Antalya&#8217;da \u00fcretim i\u00e7in \u00e7ift\u00e7iye destek \u015fart\",\"datePublished\":\"2025-01-28T19:41:20+00:00\",\"mainEntityOfPage\":{\"@id\":\"http:\/\/denizcankizil.tr\/ru\/haberler\/gundem\/kaya-antalyada-uretim-icin-ciftciye-destek-sart\/\"},\"wordCount\":395,\"commentCount\":0,\"publisher\":{\"@id\":\"https:\/\/denizcankizil.tr\/de\/#organization\"},\"articleSection\":[\"G\u00fcndem\"],\"inLanguage\":\"en-GB\",\"potentialAction\":[{\"@type\":\"CommentAction\",\"name\":\"Comment\",\"target\":[\"http:\/\/denizcankizil.tr\/ru\/haberler\/gundem\/kaya-antalyada-uretim-icin-ciftciye-destek-sart\/#respond\"]}]},{\"@type\":\"WebPage\",\"@id\":\"http:\/\/denizcankizil.tr\/ru\/haberler\/gundem\/kaya-antalyada-uretim-icin-ciftciye-destek-sart\/\",\"url\":\"http:\/\/denizcankizil.tr\/ru\/haberler\/gundem\/kaya-antalyada-uretim-icin-ciftciye-destek-sart\/\",\"name\":\"Kaya: Antalya'da \u00fcretim i\u00e7in \u00e7ift\u00e7iye destek \u015fart - Av. Deniz Can K\u0131z\u0131l\",\"isPartOf\":{\"@id\":\"https:\/\/denizcankizil.tr\/de\/#website\"},\"datePublished\":\"2025-01-28T19:41:20+00:00\",\"breadcrumb\":{\"@id\":\"http:\/\/denizcankizil.tr\/ru\/haberler\/gundem\/kaya-antalyada-uretim-icin-ciftciye-destek-sart\/#breadcrumb\"},\"inLanguage\":\"en-GB\",\"potentialAction\":[{\"@type\":\"ReadAction\",\"target\":[\"http:\/\/denizcankizil.tr\/ru\/haberler\/gundem\/kaya-antalyada-uretim-icin-ciftciye-destek-sart\/\"]}]},{\"@type\":\"BreadcrumbList\",\"@id\":\"http:\/\/denizcankizil.tr\/ru\/haberler\/gundem\/kaya-antalyada-uretim-icin-ciftciye-destek-sart\/#breadcrumb\",\"itemListElement\":[{\"@type\":\"ListItem\",\"position\":1,\"name\":\"Home\",\"item\":\"https:\/\/denizcankizil.tr\/de\/\"},{\"@type\":\"ListItem\",\"position\":2,\"name\":\"Kaya: Antalya&#8217;da \u00fcretim i\u00e7in \u00e7ift\u00e7iye destek \u015fart\"}]},{\"@type\":\"WebSite\",\"@id\":\"https:\/\/denizcankizil.tr\/de\/#website\",\"url\":\"https:\/\/denizcankizil.tr\/de\/\",\"name\":\"Av. Deniz Can K\u0131z\u0131l\",\"description\":\"Avukat Deniz Can K\u0131z\u0131l Antalya Barosu\",\"publisher\":{\"@id\":\"https:\/\/denizcankizil.tr\/de\/#organization\"},\"potentialAction\":[{\"@type\":\"SearchAction\",\"target\":{\"@type\":\"EntryPoint\",\"urlTemplate\":\"https:\/\/denizcankizil.tr\/de\/?s={search_term_string}\"},\"query-input\":{\"@type\":\"PropertyValueSpecification\",\"valueRequired\":true,\"valueName\":\"search_term_string\"}}],\"inLanguage\":\"en-GB\"},{\"@type\":\"Organization\",\"@id\":\"https:\/\/denizcankizil.tr\/de\/#organization\",\"name\":\"Av. Deniz Can K\u0131z\u0131l\",\"url\":\"https:\/\/denizcankizil.tr\/de\/\",\"logo\":{\"@type\":\"ImageObject\",\"inLanguage\":\"en-GB\",\"@id\":\"https:\/\/denizcankizil.tr\/de\/#\/schema\/logo\/image\/\",\"url\":\"http:\/\/denizcankizil.tr\/wp-content\/uploads\/2024\/10\/siyah-logo-svg.svg\",\"contentUrl\":\"http:\/\/denizcankizil.tr\/wp-content\/uploads\/2024\/10\/siyah-logo-svg.svg\",\"width\":1080,\"height\":1080,\"caption\":\"Av. Deniz Can K\u0131z\u0131l\"},\"image\":{\"@id\":\"https:\/\/denizcankizil.tr\/de\/#\/schema\/logo\/image\/\"}},{\"@type\":\"Person\",\"@id\":\"https:\/\/denizcankizil.tr\/de\/#\/schema\/person\/e1eb71bb4dd684d46563f0af307e1234\",\"name\":\"Antalya K\u00f6rfez\",\"image\":{\"@type\":\"ImageObject\",\"inLanguage\":\"en-GB\",\"@id\":\"https:\/\/denizcankizil.tr\/de\/#\/schema\/person\/image\/\",\"url\":\"https:\/\/secure.gravatar.com\/avatar\/42b01982558a48a0b501fdcab6a408d3717ea5919095ee2e67b0e521799c5905?s=96&d=mm&r=g\",\"contentUrl\":\"https:\/\/secure.gravatar.com\/avatar\/42b01982558a48a0b501fdcab6a408d3717ea5919095ee2e67b0e521799c5905?s=96&d=mm&r=g\",\"caption\":\"Antalya K\u00f6rfez\"},\"sameAs\":[\"http:\/\/www.antalyakorfez.com\"],\"url\":\"https:\/\/www.antalyakorfez.com\/kaya-antalyada-uretim-icin-ciftciye-destek-sart\"}]}<\/script>\n<!-- \/ Yoast SEO Premium plugin. -->","yoast_head_json":{"title":"Kaya: Antalya'da \u00fcretim i\u00e7in \u00e7ift\u00e7iye destek \u015fart - Av. Deniz Can K\u0131z\u0131l","robots":{"index":"index","follow":"follow","max-snippet":"max-snippet:-1","max-image-preview":"max-image-preview:large","max-video-preview":"max-video-preview:-1"},"canonical":"http:\/\/denizcankizil.tr\/en\/haberler\/gundem\/kaya-antalyada-uretim-icin-ciftciye-destek-sart\/","og_locale":"en_GB","og_type":"article","og_title":"Kaya: Antalya'da \u00fcretim i\u00e7in \u00e7ift\u00e7iye destek \u015fart","og_description":"Ge\u00e7ti\u011fimiz g\u00fcnlerde Antalya\u2019da etkili olan sa\u011fanak ya\u011f\u0131\u015f hayat\u0131 olumsuz etkiledi. Merkezde yollar g\u00f6le d\u00f6nerken, ula\u015f\u0131mda aksamlar ya\u015fand\u0131. \u0130l\u00e7elerde ise sel ve su ta\u015fk\u0131nlar\u0131 meydana geldi. \u00d6zellikle Antalya\u2019n\u0131n Demre il\u00e7esinde ya\u015fanan sel felaketi nedeniyle pek \u00e7ok \u00e7ift\u00e7i zarar g\u00f6rd\u00fc. Demre\u2019de ya\u015fanan sel, \u00e7ift\u00e7ilerin mahsullerine zarar verirken, pek \u00e7ok \u00fcreticinin seralar\u0131 ise sular alt\u0131nda kald\u0131. CHP Antalya Milletvekili Aykut Kaya ise ya\u015fana bu olumsuz durumu T\u00fcrkiye B\u00fcy\u00fck Millet Meclis\u2019i g\u00fcndemine ta\u015f\u0131d\u0131.\u00a0 \u201c180 DEKAR C\u0130VARINDA ALAN ZARAR G\u00d6RD\u00dc\u201d Kaya, TBMM\u2019de yapt\u0131\u011f\u0131 konu\u015fmada \u00e7ift\u00e7ilerin ya\u015fad\u0131\u011f\u0131 sorunlar\u0131 dile getirerek, Demre\u2019mizin Beymelek mahallesinde ge\u00e7ti\u011fimiz hafta \u00e7ar\u015famba g\u00fcn\u00fc b\u00fcy\u00fck bir dolu afeti ya\u015fand\u0131. Yakla\u015f\u0131k 180 dekar civar\u0131nda alan zarar g\u00f6rd\u00fc. Bun yakla\u015f\u0131k 35 dekar\u0131 cam seralardan olu\u015fuyor ve olu\u015fan afetle cam seralar mahsulleriyle beraber y\u00fczde 100 hasar g\u00f6rd\u00fc. Plastik seralarda \u00e7\u00f6kmeler ya\u015fand\u0131. \u00c7ift\u00e7ilerimiz mahsullerini ve seralar\u0131n\u0131 kaybettiler\u201d dedi.\u00a0 \u201c\u00c7\u0130FT\u00c7\u0130LER\u0130M\u0130Z \u00dcRET\u0130M YAPAMAYACAK \u201c Buradaki \u00fcreticilerin TARS\u0130M sigortas\u0131 yapamad\u0131\u011f\u0131na ve bu y\u00fczden \u00e7ift\u00e7ilerin b\u00fcy\u00fck bir k\u0131sm\u0131n\u0131n ma\u011fdur oldu\u011funa dikkat \u00e7eken Kaya, \u201cBuradaki arazilerin 60&#8217;\u0131 zeytinlik vasf\u0131nda oldu\u011fu i\u00e7in \u00e7ift\u00e7ilerimiz \u00c7KS ve \u00d6KS kayd\u0131 yapt\u0131ram\u0131yorlar. Buna istinaden TARS\u0130M sigortas\u0131 yap\u0131lam\u0131yor. \u00d6ncelikle zeytinlik vasf\u0131 ta\u015f\u0131yan alanlar\u0131n TARS\u0130M sigortas\u0131na al\u0131nma \u00e7al\u0131\u015fmalar\u0131 bir an \u00f6nce ba\u015flat\u0131lmal\u0131d\u0131r. \u00c7ift\u00e7ilerimizin ya\u015fad\u0131\u011f\u0131 bu afetten dolay\u0131 zararlar\u0131 tanzim edilmelidir. Demre il\u00e7esindeki \u00fcreticilerimizin zeytinlik vasf\u0131nda olan arazilerine TARS\u0130M sigortas\u0131 &hellip;","og_url":"http:\/\/denizcankizil.tr\/en\/haberler\/gundem\/kaya-antalyada-uretim-icin-ciftciye-destek-sart\/","og_site_name":"Av. Deniz Can K\u0131z\u0131l","article_published_time":"2025-01-28T19:41:20+00:00","author":"Antalya K\u00f6rfez","twitter_card":"summary_large_image","twitter_misc":{"Written by":"Antalya K\u00f6rfez","Estimated reading time":"2 minutes"},"schema":{"@context":"https:\/\/schema.org","@graph":[{"@type":"Article","@id":"http:\/\/denizcankizil.tr\/ru\/haberler\/gundem\/kaya-antalyada-uretim-icin-ciftciye-destek-sart\/#article","isPartOf":{"@id":"http:\/\/denizcankizil.tr\/ru\/haberler\/gundem\/kaya-antalyada-uretim-icin-ciftciye-destek-sart\/"},"author":{"name":"Antalya K\u00f6rfez","@id":"https:\/\/denizcankizil.tr\/de\/#\/schema\/person\/e1eb71bb4dd684d46563f0af307e1234"},"headline":"Kaya: Antalya&#8217;da \u00fcretim i\u00e7in \u00e7ift\u00e7iye destek \u015fart","datePublished":"2025-01-28T19:41:20+00:00","mainEntityOfPage":{"@id":"http:\/\/denizcankizil.tr\/ru\/haberler\/gundem\/kaya-antalyada-uretim-icin-ciftciye-destek-sart\/"},"wordCount":395,"commentCount":0,"publisher":{"@id":"https:\/\/denizcankizil.tr\/de\/#organization"},"articleSection":["G\u00fcndem"],"inLanguage":"en-GB","potentialAction":[{"@type":"CommentAction","name":"Comment","target":["http:\/\/denizcankizil.tr\/ru\/haberler\/gundem\/kaya-antalyada-uretim-icin-ciftciye-destek-sart\/#respond"]}]},{"@type":"WebPage","@id":"http:\/\/denizcankizil.tr\/ru\/haberler\/gundem\/kaya-antalyada-uretim-icin-ciftciye-destek-sart\/","url":"http:\/\/denizcankizil.tr\/ru\/haberler\/gundem\/kaya-antalyada-uretim-icin-ciftciye-destek-sart\/","name":"Kaya: Antalya'da \u00fcretim i\u00e7in \u00e7ift\u00e7iye destek \u015fart - Av. Deniz Can K\u0131z\u0131l","isPartOf":{"@id":"https:\/\/denizcankizil.tr\/de\/#website"},"datePublished":"2025-01-28T19:41:20+00:00","breadcrumb":{"@id":"http:\/\/denizcankizil.tr\/ru\/haberler\/gundem\/kaya-antalyada-uretim-icin-ciftciye-destek-sart\/#breadcrumb"},"inLanguage":"en-GB","potentialAction":[{"@type":"ReadAction","target":["http:\/\/denizcankizil.tr\/ru\/haberler\/gundem\/kaya-antalyada-uretim-icin-ciftciye-destek-sart\/"]}]},{"@type":"BreadcrumbList","@id":"http:\/\/denizcankizil.tr\/ru\/haberler\/gundem\/kaya-antalyada-uretim-icin-ciftciye-destek-sart\/#breadcrumb","itemListElement":[{"@type":"ListItem","position":1,"name":"Home","item":"https:\/\/denizcankizil.tr\/de\/"},{"@type":"ListItem","position":2,"name":"Kaya: Antalya&#8217;da \u00fcretim i\u00e7in \u00e7ift\u00e7iye destek \u015fart"}]},{"@type":"WebSite","@id":"https:\/\/denizcankizil.tr\/de\/#website","url":"https:\/\/denizcankizil.tr\/de\/","name":"Av. Deniz Can K\u0131z\u0131l","description":"Avukat Deniz Can K\u0131z\u0131l Antalya Barosu","publisher":{"@id":"https:\/\/denizcankizil.tr\/de\/#organization"},"potentialAction":[{"@type":"SearchAction","target":{"@type":"EntryPoint","urlTemplate":"https:\/\/denizcankizil.tr\/de\/?s={search_term_string}"},"query-input":{"@type":"PropertyValueSpecification","valueRequired":true,"valueName":"search_term_string"}}],"inLanguage":"en-GB"},{"@type":"Organization","@id":"https:\/\/denizcankizil.tr\/de\/#organization","name":"Av. Deniz Can K\u0131z\u0131l","url":"https:\/\/denizcankizil.tr\/de\/","logo":{"@type":"ImageObject","inLanguage":"en-GB","@id":"https:\/\/denizcankizil.tr\/de\/#\/schema\/logo\/image\/","url":"http:\/\/denizcankizil.tr\/wp-content\/uploads\/2024\/10\/siyah-logo-svg.svg","contentUrl":"http:\/\/denizcankizil.tr\/wp-content\/uploads\/2024\/10\/siyah-logo-svg.svg","width":1080,"height":1080,"caption":"Av. Deniz Can K\u0131z\u0131l"},"image":{"@id":"https:\/\/denizcankizil.tr\/de\/#\/schema\/logo\/image\/"}},{"@type":"Person","@id":"https:\/\/denizcankizil.tr\/de\/#\/schema\/person\/e1eb71bb4dd684d46563f0af307e1234","name":"Antalya K\u00f6rfez","image":{"@type":"ImageObject","inLanguage":"en-GB","@id":"https:\/\/denizcankizil.tr\/de\/#\/schema\/person\/image\/","url":"https:\/\/secure.gravatar.com\/avatar\/42b01982558a48a0b501fdcab6a408d3717ea5919095ee2e67b0e521799c5905?s=96&d=mm&r=g","contentUrl":"https:\/\/secure.gravatar.com\/avatar\/42b01982558a48a0b501fdcab6a408d3717ea5919095ee2e67b0e521799c5905?s=96&d=mm&r=g","caption":"Antalya K\u00f6rfez"},"sameAs":["http:\/\/www.antalyakorfez.com"],"url":"https:\/\/www.antalyakorfez.com\/kaya-antalyada-uretim-icin-ciftciye-destek-sart"}]}},"_links":{"self":[{"href":"http:\/\/denizcankizil.tr\/en\/wp-json\/wp\/v2\/posts\/28272","targetHints":{"allow":["GET"]}}],"collection":[{"href":"http:\/\/denizcankizil.tr\/en\/wp-json\/wp\/v2\/posts"}],"about":[{"href":"http:\/\/denizcankizil.tr\/en\/wp-json\/wp\/v2\/types\/post"}],"author":[{"embeddable":true,"href":"http:\/\/denizcankizil.tr\/en\/wp-json\/wp\/v2\/users\/5"}],"replies":[{"embeddable":true,"href":"http:\/\/denizcankizil.tr\/en\/wp-json\/wp\/v2\/comments?post=28272"}],"version-history":[{"count":0,"href":"http:\/\/denizcankizil.tr\/en\/wp-json\/wp\/v2\/posts\/28272\/revisions"}],"wp:attachment":[{"href":"http:\/\/denizcankizil.tr\/en\/wp-json\/wp\/v2\/media?parent=28272"}],"wp:term":[{"taxonomy":"category","embeddable":true,"href":"http:\/\/denizcankizil.tr\/en\/wp-json\/wp\/v2\/categories?post=28272"},{"taxonomy":"post_tag","embeddable":true,"href":"http:\/\/denizcankizil.tr\/en\/wp-json\/wp\/v2\/tags?post=28272"}],"curies":[{"name":"wp","href":"https:\/\/api.w.org\/{rel}","templated":true}]}}