{"id":28184,"date":"2025-01-28T15:41:47","date_gmt":"2025-01-28T12:41:47","guid":{"rendered":"https:\/\/denizcankizil.tr\/uncategorized-tr\/kocaeli-adnan-menderes-bulvarinda-ulasim-agi-guclendi\/"},"modified":"2025-01-28T15:41:47","modified_gmt":"2025-01-28T12:41:47","slug":"kocaeli-adnan-menderes-bulvarinda-ulasim-agi-guclendi","status":"publish","type":"post","link":"http:\/\/denizcankizil.tr\/en\/haberler\/gundem\/kocaeli-adnan-menderes-bulvarinda-ulasim-agi-guclendi\/","title":{"rendered":"Kocaeli Adnan Menderes Bulvar\u0131&#8217;nda ula\u015f\u0131m a\u011f\u0131 g\u00fc\u00e7lendi"},"content":{"rendered":"<p>Kocaeli B\u00fcy\u00fck\u015fehir, Adnan Menderes Bulvar\u0131 ile sokak ba\u011flant\u0131lar\u0131nda ger\u00e7ekle\u015ftirdi\u011fi \u00e7al\u0131\u015fmalarda \u00f6nemli a\u015fama kaydetti.KOCAEL\u0130 (\u0130GFA) &#8211;\u00a0Kocaeli\u2019de yol geni\u015fletme \u00e7al\u0131\u015fmalar\u0131ndan k\u00f6pr\u00fc ve kav\u015fak yat\u0131r\u0131mlar\u0131na kadar bir\u00e7ok projeyi hayata ge\u00e7iren B\u00fcy\u00fck\u015fehir Belediyesi, mevcut yollar\u0131 da daha konforlu hale getiriyor. Bu kapsamda Adnan Menderes Bulvar\u0131\u2019nda ger\u00e7ekle\u015ftirilen \u00e7al\u0131\u015fmalarla b\u00f6lgenin ula\u015f\u0131m a\u011f\u0131 g\u00fc\u00e7lendirildi.<br \/>\nYOL VE \u00c7EVRE D\u00dcZENLEMES\u0130<br \/>\nKocaeli B\u00fcy\u00fck\u015fehir Belediyesi, \u0130zmit Adnan Menderes Bulvar\u0131 ile sokak ba\u011flant\u0131lar\u0131nda ger\u00e7ekle\u015ftirdi\u011fi yol yap\u0131m ve \u00e7evre d\u00fczenlemesi \u00e7al\u0131\u015fmalar\u0131yla b\u00f6lgenin ula\u015f\u0131m a\u011f\u0131n\u0131 g\u00fc\u00e7lendiriyor. Hummal\u0131 bir \u00e7al\u0131\u015fman\u0131n y\u00fcr\u00fct\u00fcld\u00fc\u011f\u00fc b\u00f6lgede B\u00fcy\u00fck\u015fehir ekipleri son imalatlar\u0131 ger\u00e7ekle\u015ftiriyor. \u0130zmit Adnan Menderes Bulvar\u0131 ve devam\u0131ndaki Ku\u015fak Sokak ile bu yola ba\u011fl\u0131 sokaklarda yol ve \u00e7evre d\u00fczenlemesi i\u015flerini ger\u00e7ekle\u015ftiren B\u00fcy\u00fck\u015fehir, b\u00f6lgede bir\u00e7ok imalat\u0131 tamamlad\u0131.<\/p>\n<p>B\u00d6LGEDE YAPILAN \u0130MALATLAR<br \/>\nYeni\u015fehir, Mehmet Ali Pa\u015fa, Bekirdere ve 28 Haziran Mahalleri s\u0131n\u0131rlar\u0131 i\u00e7erisindeki bulvar ve sokaklarda i\u015f yap\u0131lan k\u0131s\u0131m 3.1 km uzunlu\u011fa sahip.\u00a0Proje kapsam\u0131ndaki Ku\u015fak Sokak ile kesi\u015fen 14 adet soka\u011f\u0131n (Ba\u015faran Cd. Melik Sk. \u015eirinler Sk. \u00c7e\u015fme Sk. Kaynak Sk. Eminler Sk. Orbay Sk. Sefa Sk. Dervi\u015f Sk. Ayd\u0131nl\u0131 Sk. Uysal Sk. Berfin Sk. \u015eevketbey Sk. H\u00fcrrem Sk.) ara ba\u011flant\u0131 asfaltlama \u00e7al\u0131\u015fmalar\u0131, Gazi Mustafa Kemal Bulvar\u0131\u2019ndan \u015eehir Hastanesi Kav\u015fa\u011f\u0131\u2019na kadar a\u015f\u0131nma asfalt imalat\u0131 yap\u0131ld\u0131. Ayr\u0131ca; Malta ile Ye\u015filova Mahallelerini tramvay hatt\u0131 ve \u015eehir Hastanesi\u2019ne yaya ba\u011flant\u0131lar\u0131n\u0131 sa\u011flamak amac\u0131yla Fizik Tedavi Merkezi \u00f6n\u00fcnde bulunan tramvay ve \u00fcstge\u00e7it ile d\u00f6nel kav\u015fak aras\u0131ndaki bask\u0131 beton engelli yolu, yaya merdiveni ba\u011flant\u0131 \u00e7al\u0131\u015fmas\u0131 ve ta\u015f duvar imalat\u0131 da tamamland\u0131.<br \/>\nYOL \u00c7\u0130ZG\u0130LER\u0130 \u00c7\u0130Z\u0130LECEK<br \/>\nProje kapsam\u0131nda Ku\u015fak Sokak ile kesi\u015fen Ercan Sokak\u2019ta merdiven imalat\u0131 yap\u0131larak yaya trafi\u011fine a\u00e7\u0131ld\u0131. Adaletli Sokak\u2019ta ise merdiven imalat\u0131 devam ediyor. Temizlik \u00e7al\u0131\u015fmalar\u0131 da tamamland\u0131ktan sonra yaya ge\u00e7idi \u00e7izgisi ve di\u011fer yatay trafik i\u015faretlemeleri yap\u0131larak proje sonland\u0131r\u0131lacak.<br \/>\n95 B\u0130N 500 TON ASFALT SER\u0130LD\u0130<br \/>\n\u0130\u015f dahilinde 505 metre bord\u00fcr, 255 metrekare parke, 1487 metrekare parke tamirat\u0131, 50 adet engelli ini\u015f rampas\u0131, 215 metrekare bask\u0131 beton kald\u0131r\u0131m, 70 metrek\u00fcp betonarme perde duvar, 15 metrek\u00fcp ta\u015f duvar, 180 adet baca y\u00fckseltmesi, 92 ton binder asfalt ve 3 bin 500 ton a\u015f\u0131nma asfalt imalat\u0131 ger\u00e7ekle\u015ftirildi.<\/p>\n<p>\u200bKocaeli B\u00fcy\u00fck\u015fehir, Adnan Menderes Bulvar\u0131 ile sokak ba\u011flant\u0131lar\u0131nda ger\u00e7ekle\u015ftirdi\u011fi \u00e7al\u0131\u015fmalarda \u00f6nemli a\u015fama kaydetti.KOCAEL\u0130 (\u0130GFA) &#8211;\u00a0Kocaeli\u2019de yol geni\u015fletme \u00e7al\u0131\u015fmalar\u0131ndan k\u00f6pr\u00fc ve kav\u015fak yat\u0131r\u0131mlar\u0131na kadar bir\u00e7ok projeyi hayata ge\u00e7iren B\u00fcy\u00fck\u015fehir Belediyesi, mevcut yollar\u0131 da daha konforlu hale getiriyor. Bu kapsamda Adnan Menderes Bulvar\u0131\u2019nda ger\u00e7ekle\u015ftirilen \u00e7al\u0131\u015fmalarla b\u00f6lgenin ula\u015f\u0131m a\u011f\u0131 g\u00fc\u00e7lendirildi.<br \/>\nYOL VE \u00c7EVRE D\u00dcZENLEMES\u0130<br \/>\nKocaeli B\u00fcy\u00fck\u015fehir Belediyesi, \u0130zmit Adnan Menderes Bulvar\u0131 ile sokak ba\u011flant\u0131lar\u0131nda ger\u00e7ekle\u015ftirdi\u011fi yol yap\u0131m ve \u00e7evre d\u00fczenlemesi \u00e7al\u0131\u015fmalar\u0131yla b\u00f6lgenin ula\u015f\u0131m a\u011f\u0131n\u0131 g\u00fc\u00e7lendiriyor. Hummal\u0131 bir \u00e7al\u0131\u015fman\u0131n y\u00fcr\u00fct\u00fcld\u00fc\u011f\u00fc b\u00f6lgede B\u00fcy\u00fck\u015fehir ekipleri son imalatlar\u0131 ger\u00e7ekle\u015ftiriyor. \u0130zmit Adnan Menderes Bulvar\u0131 ve devam\u0131ndaki Ku\u015fak Sokak ile bu yola ba\u011fl\u0131 sokaklarda yol ve \u00e7evre d\u00fczenlemesi i\u015flerini ger\u00e7ekle\u015ftiren B\u00fcy\u00fck\u015fehir, b\u00f6lgede bir\u00e7ok imalat\u0131 tamamlad\u0131.<\/p>\n<p>B\u00d6LGEDE YAPILAN \u0130MALATLAR<br \/>\nYeni\u015fehir, Mehmet Ali Pa\u015fa, Bekirdere ve 28 Haziran Mahalleri s\u0131n\u0131rlar\u0131 i\u00e7erisindeki bulvar ve sokaklarda i\u015f yap\u0131lan k\u0131s\u0131m 3.1 km uzunlu\u011fa sahip.\u00a0Proje kapsam\u0131ndaki Ku\u015fak Sokak ile kesi\u015fen 14 adet soka\u011f\u0131n (Ba\u015faran Cd. Melik Sk. \u015eirinler Sk. \u00c7e\u015fme Sk. Kaynak Sk. Eminler Sk. Orbay Sk. Sefa Sk. Dervi\u015f Sk. Ayd\u0131nl\u0131 Sk. Uysal Sk. Berfin Sk. \u015eevketbey Sk. H\u00fcrrem Sk.) ara ba\u011flant\u0131 asfaltlama \u00e7al\u0131\u015fmalar\u0131, Gazi Mustafa Kemal Bulvar\u0131\u2019ndan \u015eehir Hastanesi Kav\u015fa\u011f\u0131\u2019na kadar a\u015f\u0131nma asfalt imalat\u0131 yap\u0131ld\u0131. Ayr\u0131ca; Malta ile Ye\u015filova Mahallelerini tramvay hatt\u0131 ve \u015eehir Hastanesi\u2019ne yaya ba\u011flant\u0131lar\u0131n\u0131 sa\u011flamak amac\u0131yla Fizik Tedavi Merkezi \u00f6n\u00fcnde bulunan tramvay ve \u00fcstge\u00e7it ile d\u00f6nel kav\u015fak aras\u0131ndaki bask\u0131 beton engelli yolu, yaya merdiveni ba\u011flant\u0131 \u00e7al\u0131\u015fmas\u0131 ve ta\u015f duvar imalat\u0131 da tamamland\u0131.<br \/>\nYOL \u00c7\u0130ZG\u0130LER\u0130 \u00c7\u0130Z\u0130LECEK<br \/>\nProje kapsam\u0131nda Ku\u015fak Sokak ile kesi\u015fen Ercan Sokak\u2019ta merdiven imalat\u0131 yap\u0131larak yaya trafi\u011fine a\u00e7\u0131ld\u0131. Adaletli Sokak\u2019ta ise merdiven imalat\u0131 devam ediyor. Temizlik \u00e7al\u0131\u015fmalar\u0131 da tamamland\u0131ktan sonra yaya ge\u00e7idi \u00e7izgisi ve di\u011fer yatay trafik i\u015faretlemeleri yap\u0131larak proje sonland\u0131r\u0131lacak.<br \/>\n95 B\u0130N 500 TON ASFALT SER\u0130LD\u0130<br \/>\n\u0130\u015f dahilinde 505 metre bord\u00fcr, 255 metrekare parke, 1487 metrekare parke tamirat\u0131, 50 adet engelli ini\u015f rampas\u0131, 215 metrekare bask\u0131 beton kald\u0131r\u0131m, 70 metrek\u00fcp betonarme perde duvar, 15 metrek\u00fcp ta\u015f duvar, 180 adet baca y\u00fckseltmesi, 92 ton binder asfalt ve 3 bin 500 ton a\u015f\u0131nma asfalt imalat\u0131 ger\u00e7ekle\u015ftirildi.\u00a0<\/p>\n<p>\u200bHaberin Al\u0131nt\u0131land\u0131\u011f\u0131 Kaynak: www.iskenderun.org<\/p>","protected":false},"excerpt":{"rendered":"<p>Kocaeli B\u00fcy\u00fck\u015fehir, Adnan Menderes Bulvar\u0131 ile sokak ba\u011flant\u0131lar\u0131nda ger\u00e7ekle\u015ftirdi\u011fi \u00e7al\u0131\u015fmalarda \u00f6nemli a\u015fama kaydetti.KOCAEL\u0130 (\u0130GFA) &#8211;\u00a0Kocaeli\u2019de yol geni\u015fletme \u00e7al\u0131\u015fmalar\u0131ndan k\u00f6pr\u00fc ve kav\u015fak yat\u0131r\u0131mlar\u0131na kadar bir\u00e7ok projeyi hayata ge\u00e7iren B\u00fcy\u00fck\u015fehir Belediyesi, mevcut yollar\u0131 da daha konforlu hale getiriyor. Bu kapsamda Adnan Menderes Bulvar\u0131\u2019nda ger\u00e7ekle\u015ftirilen \u00e7al\u0131\u015fmalarla b\u00f6lgenin ula\u015f\u0131m a\u011f\u0131 g\u00fc\u00e7lendirildi. YOL VE \u00c7EVRE D\u00dcZENLEMES\u0130 Kocaeli B\u00fcy\u00fck\u015fehir Belediyesi, \u0130zmit Adnan Menderes Bulvar\u0131 ile sokak ba\u011flant\u0131lar\u0131nda ger\u00e7ekle\u015ftirdi\u011fi yol yap\u0131m ve \u00e7evre d\u00fczenlemesi \u00e7al\u0131\u015fmalar\u0131yla b\u00f6lgenin ula\u015f\u0131m a\u011f\u0131n\u0131 g\u00fc\u00e7lendiriyor. Hummal\u0131 bir \u00e7al\u0131\u015fman\u0131n y\u00fcr\u00fct\u00fcld\u00fc\u011f\u00fc b\u00f6lgede B\u00fcy\u00fck\u015fehir ekipleri son imalatlar\u0131 ger\u00e7ekle\u015ftiriyor. \u0130zmit Adnan Menderes Bulvar\u0131 ve devam\u0131ndaki Ku\u015fak Sokak ile bu yola ba\u011fl\u0131 sokaklarda yol ve \u00e7evre d\u00fczenlemesi i\u015flerini ger\u00e7ekle\u015ftiren B\u00fcy\u00fck\u015fehir, b\u00f6lgede bir\u00e7ok imalat\u0131 tamamlad\u0131. B\u00d6LGEDE YAPILAN \u0130MALATLAR Yeni\u015fehir, Mehmet Ali Pa\u015fa, Bekirdere ve 28 Haziran Mahalleri s\u0131n\u0131rlar\u0131 i\u00e7erisindeki bulvar ve sokaklarda i\u015f yap\u0131lan k\u0131s\u0131m 3.1 km uzunlu\u011fa sahip.\u00a0Proje kapsam\u0131ndaki Ku\u015fak Sokak ile kesi\u015fen 14 adet soka\u011f\u0131n (Ba\u015faran Cd. Melik Sk. \u015eirinler Sk. \u00c7e\u015fme Sk. Kaynak Sk. Eminler Sk. Orbay Sk. Sefa Sk. Dervi\u015f Sk. Ayd\u0131nl\u0131 Sk. Uysal Sk. Berfin Sk. \u015eevketbey Sk. H\u00fcrrem Sk.) ara ba\u011flant\u0131 asfaltlama \u00e7al\u0131\u015fmalar\u0131, Gazi Mustafa Kemal Bulvar\u0131\u2019ndan \u015eehir Hastanesi Kav\u015fa\u011f\u0131\u2019na kadar a\u015f\u0131nma asfalt imalat\u0131 yap\u0131ld\u0131. Ayr\u0131ca; Malta ile Ye\u015filova Mahallelerini tramvay hatt\u0131 ve \u015eehir Hastanesi\u2019ne yaya ba\u011flant\u0131lar\u0131n\u0131 sa\u011flamak amac\u0131yla Fizik Tedavi Merkezi \u00f6n\u00fcnde &hellip;<\/p>","protected":false},"author":1,"featured_media":0,"comment_status":"open","ping_status":"open","sticky":false,"template":"","format":"standard","meta":{"_acf_changed":false,"footnotes":""},"categories":[24],"tags":[],"class_list":["post-28184","post","type-post","status-publish","format-standard","has-post-thumbnail","hentry","category-gundem"],"acf":[],"yoast_head":"<!-- This site is optimized with the Yoast SEO Premium plugin v26.6 (Yoast SEO v27.1.1) - https:\/\/yoast.com\/product\/yoast-seo-premium-wordpress\/ -->\n<title>Kocaeli Adnan Menderes Bulvar\u0131&#039;nda ula\u015f\u0131m a\u011f\u0131 g\u00fc\u00e7lendi - Av. Deniz Can K\u0131z\u0131l<\/title>\n<meta name=\"robots\" content=\"index, follow, max-snippet:-1, max-image-preview:large, max-video-preview:-1\" \/>\n<link rel=\"canonical\" href=\"http:\/\/denizcankizil.tr\/en\/haberler\/gundem\/kocaeli-adnan-menderes-bulvarinda-ulasim-agi-guclendi\/\" \/>\n<meta property=\"og:locale\" content=\"en_GB\" \/>\n<meta property=\"og:type\" content=\"article\" \/>\n<meta property=\"og:title\" content=\"Kocaeli Adnan Menderes Bulvar\u0131&#039;nda ula\u015f\u0131m a\u011f\u0131 g\u00fc\u00e7lendi\" \/>\n<meta property=\"og:description\" content=\"Kocaeli B\u00fcy\u00fck\u015fehir, Adnan Menderes Bulvar\u0131 ile sokak ba\u011flant\u0131lar\u0131nda ger\u00e7ekle\u015ftirdi\u011fi \u00e7al\u0131\u015fmalarda \u00f6nemli a\u015fama kaydetti.KOCAEL\u0130 (\u0130GFA) &#8211;\u00a0Kocaeli\u2019de yol geni\u015fletme \u00e7al\u0131\u015fmalar\u0131ndan k\u00f6pr\u00fc ve kav\u015fak yat\u0131r\u0131mlar\u0131na kadar bir\u00e7ok projeyi hayata ge\u00e7iren B\u00fcy\u00fck\u015fehir Belediyesi, mevcut yollar\u0131 da daha konforlu hale getiriyor. Bu kapsamda Adnan Menderes Bulvar\u0131\u2019nda ger\u00e7ekle\u015ftirilen \u00e7al\u0131\u015fmalarla b\u00f6lgenin ula\u015f\u0131m a\u011f\u0131 g\u00fc\u00e7lendirildi. YOL VE \u00c7EVRE D\u00dcZENLEMES\u0130 Kocaeli B\u00fcy\u00fck\u015fehir Belediyesi, \u0130zmit Adnan Menderes Bulvar\u0131 ile sokak ba\u011flant\u0131lar\u0131nda ger\u00e7ekle\u015ftirdi\u011fi yol yap\u0131m ve \u00e7evre d\u00fczenlemesi \u00e7al\u0131\u015fmalar\u0131yla b\u00f6lgenin ula\u015f\u0131m a\u011f\u0131n\u0131 g\u00fc\u00e7lendiriyor. Hummal\u0131 bir \u00e7al\u0131\u015fman\u0131n y\u00fcr\u00fct\u00fcld\u00fc\u011f\u00fc b\u00f6lgede B\u00fcy\u00fck\u015fehir ekipleri son imalatlar\u0131 ger\u00e7ekle\u015ftiriyor. \u0130zmit Adnan Menderes Bulvar\u0131 ve devam\u0131ndaki Ku\u015fak Sokak ile bu yola ba\u011fl\u0131 sokaklarda yol ve \u00e7evre d\u00fczenlemesi i\u015flerini ger\u00e7ekle\u015ftiren B\u00fcy\u00fck\u015fehir, b\u00f6lgede bir\u00e7ok imalat\u0131 tamamlad\u0131. B\u00d6LGEDE YAPILAN \u0130MALATLAR Yeni\u015fehir, Mehmet Ali Pa\u015fa, Bekirdere ve 28 Haziran Mahalleri s\u0131n\u0131rlar\u0131 i\u00e7erisindeki bulvar ve sokaklarda i\u015f yap\u0131lan k\u0131s\u0131m 3.1 km uzunlu\u011fa sahip.\u00a0Proje kapsam\u0131ndaki Ku\u015fak Sokak ile kesi\u015fen 14 adet soka\u011f\u0131n (Ba\u015faran Cd. Melik Sk. \u015eirinler Sk. \u00c7e\u015fme Sk. Kaynak Sk. Eminler Sk. Orbay Sk. Sefa Sk. Dervi\u015f Sk. Ayd\u0131nl\u0131 Sk. Uysal Sk. Berfin Sk. \u015eevketbey Sk. H\u00fcrrem Sk.) ara ba\u011flant\u0131 asfaltlama \u00e7al\u0131\u015fmalar\u0131, Gazi Mustafa Kemal Bulvar\u0131\u2019ndan \u015eehir Hastanesi Kav\u015fa\u011f\u0131\u2019na kadar a\u015f\u0131nma asfalt imalat\u0131 yap\u0131ld\u0131. Ayr\u0131ca; Malta ile Ye\u015filova Mahallelerini tramvay hatt\u0131 ve \u015eehir Hastanesi\u2019ne yaya ba\u011flant\u0131lar\u0131n\u0131 sa\u011flamak amac\u0131yla Fizik Tedavi Merkezi \u00f6n\u00fcnde &hellip;\" \/>\n<meta property=\"og:url\" content=\"http:\/\/denizcankizil.tr\/en\/haberler\/gundem\/kocaeli-adnan-menderes-bulvarinda-ulasim-agi-guclendi\/\" \/>\n<meta property=\"og:site_name\" content=\"Av. Deniz Can K\u0131z\u0131l\" \/>\n<meta property=\"article:published_time\" content=\"2025-01-28T12:41:47+00:00\" \/>\n<meta name=\"author\" content=\"admin\" \/>\n<meta name=\"twitter:card\" content=\"summary_large_image\" \/>\n<meta name=\"twitter:label1\" content=\"Written by\" \/>\n\t<meta name=\"twitter:data1\" content=\"admin\" \/>\n\t<meta name=\"twitter:label2\" content=\"Estimated reading time\" \/>\n\t<meta name=\"twitter:data2\" content=\"4 minutes\" \/>\n<script type=\"application\/ld+json\" class=\"yoast-schema-graph\">{\"@context\":\"https:\/\/schema.org\",\"@graph\":[{\"@type\":\"Article\",\"@id\":\"http:\/\/denizcankizil.tr\/en\/haberler\/gundem\/kocaeli-adnan-menderes-bulvarinda-ulasim-agi-guclendi\/#article\",\"isPartOf\":{\"@id\":\"http:\/\/denizcankizil.tr\/en\/haberler\/gundem\/kocaeli-adnan-menderes-bulvarinda-ulasim-agi-guclendi\/\"},\"author\":{\"name\":\"admin\",\"@id\":\"https:\/\/denizcankizil.tr\/#\/schema\/person\/be3c05fe6a12686905512445d8185489\"},\"headline\":\"Kocaeli Adnan Menderes Bulvar\u0131&#8217;nda ula\u015f\u0131m a\u011f\u0131 g\u00fc\u00e7lendi\",\"datePublished\":\"2025-01-28T12:41:47+00:00\",\"mainEntityOfPage\":{\"@id\":\"http:\/\/denizcankizil.tr\/en\/haberler\/gundem\/kocaeli-adnan-menderes-bulvarinda-ulasim-agi-guclendi\/\"},\"wordCount\":906,\"commentCount\":0,\"publisher\":{\"@id\":\"https:\/\/denizcankizil.tr\/#organization\"},\"articleSection\":[\"G\u00fcndem\"],\"inLanguage\":\"en-GB\",\"potentialAction\":[{\"@type\":\"CommentAction\",\"name\":\"Comment\",\"target\":[\"http:\/\/denizcankizil.tr\/en\/haberler\/gundem\/kocaeli-adnan-menderes-bulvarinda-ulasim-agi-guclendi\/#respond\"]}]},{\"@type\":\"WebPage\",\"@id\":\"http:\/\/denizcankizil.tr\/en\/haberler\/gundem\/kocaeli-adnan-menderes-bulvarinda-ulasim-agi-guclendi\/\",\"url\":\"http:\/\/denizcankizil.tr\/en\/haberler\/gundem\/kocaeli-adnan-menderes-bulvarinda-ulasim-agi-guclendi\/\",\"name\":\"Kocaeli Adnan Menderes Bulvar\u0131'nda ula\u015f\u0131m a\u011f\u0131 g\u00fc\u00e7lendi - Av. Deniz Can K\u0131z\u0131l\",\"isPartOf\":{\"@id\":\"https:\/\/denizcankizil.tr\/#website\"},\"datePublished\":\"2025-01-28T12:41:47+00:00\",\"breadcrumb\":{\"@id\":\"http:\/\/denizcankizil.tr\/en\/haberler\/gundem\/kocaeli-adnan-menderes-bulvarinda-ulasim-agi-guclendi\/#breadcrumb\"},\"inLanguage\":\"en-GB\",\"potentialAction\":[{\"@type\":\"ReadAction\",\"target\":[\"http:\/\/denizcankizil.tr\/en\/haberler\/gundem\/kocaeli-adnan-menderes-bulvarinda-ulasim-agi-guclendi\/\"]}]},{\"@type\":\"BreadcrumbList\",\"@id\":\"http:\/\/denizcankizil.tr\/en\/haberler\/gundem\/kocaeli-adnan-menderes-bulvarinda-ulasim-agi-guclendi\/#breadcrumb\",\"itemListElement\":[{\"@type\":\"ListItem\",\"position\":1,\"name\":\"Home\",\"item\":\"https:\/\/denizcankizil.tr\/de\/\"},{\"@type\":\"ListItem\",\"position\":2,\"name\":\"Kocaeli Adnan Menderes Bulvar\u0131&#8217;nda ula\u015f\u0131m a\u011f\u0131 g\u00fc\u00e7lendi\"}]},{\"@type\":\"WebSite\",\"@id\":\"https:\/\/denizcankizil.tr\/#website\",\"url\":\"https:\/\/denizcankizil.tr\/\",\"name\":\"Av. Deniz Can K\u0131z\u0131l\",\"description\":\"Avukat Deniz Can K\u0131z\u0131l Antalya Barosu\",\"publisher\":{\"@id\":\"https:\/\/denizcankizil.tr\/#organization\"},\"potentialAction\":[{\"@type\":\"SearchAction\",\"target\":{\"@type\":\"EntryPoint\",\"urlTemplate\":\"https:\/\/denizcankizil.tr\/?s={search_term_string}\"},\"query-input\":{\"@type\":\"PropertyValueSpecification\",\"valueRequired\":true,\"valueName\":\"search_term_string\"}}],\"inLanguage\":\"en-GB\"},{\"@type\":\"Organization\",\"@id\":\"https:\/\/denizcankizil.tr\/#organization\",\"name\":\"Av. Deniz Can K\u0131z\u0131l\",\"url\":\"https:\/\/denizcankizil.tr\/\",\"logo\":{\"@type\":\"ImageObject\",\"inLanguage\":\"en-GB\",\"@id\":\"https:\/\/denizcankizil.tr\/#\/schema\/logo\/image\/\",\"url\":\"http:\/\/denizcankizil.tr\/wp-content\/uploads\/2024\/10\/siyah-logo-svg.svg\",\"contentUrl\":\"http:\/\/denizcankizil.tr\/wp-content\/uploads\/2024\/10\/siyah-logo-svg.svg\",\"width\":1080,\"height\":1080,\"caption\":\"Av. Deniz Can K\u0131z\u0131l\"},\"image\":{\"@id\":\"https:\/\/denizcankizil.tr\/#\/schema\/logo\/image\/\"}},{\"@type\":\"Person\",\"@id\":\"https:\/\/denizcankizil.tr\/#\/schema\/person\/be3c05fe6a12686905512445d8185489\",\"name\":\"admin\",\"image\":{\"@type\":\"ImageObject\",\"inLanguage\":\"en-GB\",\"@id\":\"https:\/\/denizcankizil.tr\/#\/schema\/person\/image\/\",\"url\":\"https:\/\/secure.gravatar.com\/avatar\/c1fce94c830dc79107e174f890d7210541c4a63e8e5d816341794a2151c9d58c?s=96&d=mm&r=g\",\"contentUrl\":\"https:\/\/secure.gravatar.com\/avatar\/c1fce94c830dc79107e174f890d7210541c4a63e8e5d816341794a2151c9d58c?s=96&d=mm&r=g\",\"caption\":\"admin\"},\"sameAs\":[\"http:\/\/denizcankizil.tr\"],\"url\":\"https:\/\/www.iskenderun.org\/kocaeli-adnan-menderes-bulvarinda-ulasim-agi-guclendi\"}]}<\/script>\n<!-- \/ Yoast SEO Premium plugin. -->","yoast_head_json":{"title":"Kocaeli Adnan Menderes Bulvar\u0131'nda ula\u015f\u0131m a\u011f\u0131 g\u00fc\u00e7lendi - Av. Deniz Can K\u0131z\u0131l","robots":{"index":"index","follow":"follow","max-snippet":"max-snippet:-1","max-image-preview":"max-image-preview:large","max-video-preview":"max-video-preview:-1"},"canonical":"http:\/\/denizcankizil.tr\/en\/haberler\/gundem\/kocaeli-adnan-menderes-bulvarinda-ulasim-agi-guclendi\/","og_locale":"en_GB","og_type":"article","og_title":"Kocaeli Adnan Menderes Bulvar\u0131'nda ula\u015f\u0131m a\u011f\u0131 g\u00fc\u00e7lendi","og_description":"Kocaeli B\u00fcy\u00fck\u015fehir, Adnan Menderes Bulvar\u0131 ile sokak ba\u011flant\u0131lar\u0131nda ger\u00e7ekle\u015ftirdi\u011fi \u00e7al\u0131\u015fmalarda \u00f6nemli a\u015fama kaydetti.KOCAEL\u0130 (\u0130GFA) &#8211;\u00a0Kocaeli\u2019de yol geni\u015fletme \u00e7al\u0131\u015fmalar\u0131ndan k\u00f6pr\u00fc ve kav\u015fak yat\u0131r\u0131mlar\u0131na kadar bir\u00e7ok projeyi hayata ge\u00e7iren B\u00fcy\u00fck\u015fehir Belediyesi, mevcut yollar\u0131 da daha konforlu hale getiriyor. Bu kapsamda Adnan Menderes Bulvar\u0131\u2019nda ger\u00e7ekle\u015ftirilen \u00e7al\u0131\u015fmalarla b\u00f6lgenin ula\u015f\u0131m a\u011f\u0131 g\u00fc\u00e7lendirildi. YOL VE \u00c7EVRE D\u00dcZENLEMES\u0130 Kocaeli B\u00fcy\u00fck\u015fehir Belediyesi, \u0130zmit Adnan Menderes Bulvar\u0131 ile sokak ba\u011flant\u0131lar\u0131nda ger\u00e7ekle\u015ftirdi\u011fi yol yap\u0131m ve \u00e7evre d\u00fczenlemesi \u00e7al\u0131\u015fmalar\u0131yla b\u00f6lgenin ula\u015f\u0131m a\u011f\u0131n\u0131 g\u00fc\u00e7lendiriyor. Hummal\u0131 bir \u00e7al\u0131\u015fman\u0131n y\u00fcr\u00fct\u00fcld\u00fc\u011f\u00fc b\u00f6lgede B\u00fcy\u00fck\u015fehir ekipleri son imalatlar\u0131 ger\u00e7ekle\u015ftiriyor. \u0130zmit Adnan Menderes Bulvar\u0131 ve devam\u0131ndaki Ku\u015fak Sokak ile bu yola ba\u011fl\u0131 sokaklarda yol ve \u00e7evre d\u00fczenlemesi i\u015flerini ger\u00e7ekle\u015ftiren B\u00fcy\u00fck\u015fehir, b\u00f6lgede bir\u00e7ok imalat\u0131 tamamlad\u0131. B\u00d6LGEDE YAPILAN \u0130MALATLAR Yeni\u015fehir, Mehmet Ali Pa\u015fa, Bekirdere ve 28 Haziran Mahalleri s\u0131n\u0131rlar\u0131 i\u00e7erisindeki bulvar ve sokaklarda i\u015f yap\u0131lan k\u0131s\u0131m 3.1 km uzunlu\u011fa sahip.\u00a0Proje kapsam\u0131ndaki Ku\u015fak Sokak ile kesi\u015fen 14 adet soka\u011f\u0131n (Ba\u015faran Cd. Melik Sk. \u015eirinler Sk. \u00c7e\u015fme Sk. Kaynak Sk. Eminler Sk. Orbay Sk. Sefa Sk. Dervi\u015f Sk. Ayd\u0131nl\u0131 Sk. Uysal Sk. Berfin Sk. \u015eevketbey Sk. H\u00fcrrem Sk.) ara ba\u011flant\u0131 asfaltlama \u00e7al\u0131\u015fmalar\u0131, Gazi Mustafa Kemal Bulvar\u0131\u2019ndan \u015eehir Hastanesi Kav\u015fa\u011f\u0131\u2019na kadar a\u015f\u0131nma asfalt imalat\u0131 yap\u0131ld\u0131. Ayr\u0131ca; Malta ile Ye\u015filova Mahallelerini tramvay hatt\u0131 ve \u015eehir Hastanesi\u2019ne yaya ba\u011flant\u0131lar\u0131n\u0131 sa\u011flamak amac\u0131yla Fizik Tedavi Merkezi \u00f6n\u00fcnde &hellip;","og_url":"http:\/\/denizcankizil.tr\/en\/haberler\/gundem\/kocaeli-adnan-menderes-bulvarinda-ulasim-agi-guclendi\/","og_site_name":"Av. Deniz Can K\u0131z\u0131l","article_published_time":"2025-01-28T12:41:47+00:00","author":"admin","twitter_card":"summary_large_image","twitter_misc":{"Written by":"admin","Estimated reading time":"4 minutes"},"schema":{"@context":"https:\/\/schema.org","@graph":[{"@type":"Article","@id":"http:\/\/denizcankizil.tr\/en\/haberler\/gundem\/kocaeli-adnan-menderes-bulvarinda-ulasim-agi-guclendi\/#article","isPartOf":{"@id":"http:\/\/denizcankizil.tr\/en\/haberler\/gundem\/kocaeli-adnan-menderes-bulvarinda-ulasim-agi-guclendi\/"},"author":{"name":"admin","@id":"https:\/\/denizcankizil.tr\/#\/schema\/person\/be3c05fe6a12686905512445d8185489"},"headline":"Kocaeli Adnan Menderes Bulvar\u0131&#8217;nda ula\u015f\u0131m a\u011f\u0131 g\u00fc\u00e7lendi","datePublished":"2025-01-28T12:41:47+00:00","mainEntityOfPage":{"@id":"http:\/\/denizcankizil.tr\/en\/haberler\/gundem\/kocaeli-adnan-menderes-bulvarinda-ulasim-agi-guclendi\/"},"wordCount":906,"commentCount":0,"publisher":{"@id":"https:\/\/denizcankizil.tr\/#organization"},"articleSection":["G\u00fcndem"],"inLanguage":"en-GB","potentialAction":[{"@type":"CommentAction","name":"Comment","target":["http:\/\/denizcankizil.tr\/en\/haberler\/gundem\/kocaeli-adnan-menderes-bulvarinda-ulasim-agi-guclendi\/#respond"]}]},{"@type":"WebPage","@id":"http:\/\/denizcankizil.tr\/en\/haberler\/gundem\/kocaeli-adnan-menderes-bulvarinda-ulasim-agi-guclendi\/","url":"http:\/\/denizcankizil.tr\/en\/haberler\/gundem\/kocaeli-adnan-menderes-bulvarinda-ulasim-agi-guclendi\/","name":"Kocaeli Adnan Menderes Bulvar\u0131'nda ula\u015f\u0131m a\u011f\u0131 g\u00fc\u00e7lendi - Av. Deniz Can K\u0131z\u0131l","isPartOf":{"@id":"https:\/\/denizcankizil.tr\/#website"},"datePublished":"2025-01-28T12:41:47+00:00","breadcrumb":{"@id":"http:\/\/denizcankizil.tr\/en\/haberler\/gundem\/kocaeli-adnan-menderes-bulvarinda-ulasim-agi-guclendi\/#breadcrumb"},"inLanguage":"en-GB","potentialAction":[{"@type":"ReadAction","target":["http:\/\/denizcankizil.tr\/en\/haberler\/gundem\/kocaeli-adnan-menderes-bulvarinda-ulasim-agi-guclendi\/"]}]},{"@type":"BreadcrumbList","@id":"http:\/\/denizcankizil.tr\/en\/haberler\/gundem\/kocaeli-adnan-menderes-bulvarinda-ulasim-agi-guclendi\/#breadcrumb","itemListElement":[{"@type":"ListItem","position":1,"name":"Home","item":"https:\/\/denizcankizil.tr\/de\/"},{"@type":"ListItem","position":2,"name":"Kocaeli Adnan Menderes Bulvar\u0131&#8217;nda ula\u015f\u0131m a\u011f\u0131 g\u00fc\u00e7lendi"}]},{"@type":"WebSite","@id":"https:\/\/denizcankizil.tr\/#website","url":"https:\/\/denizcankizil.tr\/","name":"Av. Deniz Can K\u0131z\u0131l","description":"Avukat Deniz Can K\u0131z\u0131l Antalya Barosu","publisher":{"@id":"https:\/\/denizcankizil.tr\/#organization"},"potentialAction":[{"@type":"SearchAction","target":{"@type":"EntryPoint","urlTemplate":"https:\/\/denizcankizil.tr\/?s={search_term_string}"},"query-input":{"@type":"PropertyValueSpecification","valueRequired":true,"valueName":"search_term_string"}}],"inLanguage":"en-GB"},{"@type":"Organization","@id":"https:\/\/denizcankizil.tr\/#organization","name":"Av. Deniz Can K\u0131z\u0131l","url":"https:\/\/denizcankizil.tr\/","logo":{"@type":"ImageObject","inLanguage":"en-GB","@id":"https:\/\/denizcankizil.tr\/#\/schema\/logo\/image\/","url":"http:\/\/denizcankizil.tr\/wp-content\/uploads\/2024\/10\/siyah-logo-svg.svg","contentUrl":"http:\/\/denizcankizil.tr\/wp-content\/uploads\/2024\/10\/siyah-logo-svg.svg","width":1080,"height":1080,"caption":"Av. Deniz Can K\u0131z\u0131l"},"image":{"@id":"https:\/\/denizcankizil.tr\/#\/schema\/logo\/image\/"}},{"@type":"Person","@id":"https:\/\/denizcankizil.tr\/#\/schema\/person\/be3c05fe6a12686905512445d8185489","name":"admin","image":{"@type":"ImageObject","inLanguage":"en-GB","@id":"https:\/\/denizcankizil.tr\/#\/schema\/person\/image\/","url":"https:\/\/secure.gravatar.com\/avatar\/c1fce94c830dc79107e174f890d7210541c4a63e8e5d816341794a2151c9d58c?s=96&d=mm&r=g","contentUrl":"https:\/\/secure.gravatar.com\/avatar\/c1fce94c830dc79107e174f890d7210541c4a63e8e5d816341794a2151c9d58c?s=96&d=mm&r=g","caption":"admin"},"sameAs":["http:\/\/denizcankizil.tr"],"url":"https:\/\/www.iskenderun.org\/kocaeli-adnan-menderes-bulvarinda-ulasim-agi-guclendi"}]}},"_links":{"self":[{"href":"http:\/\/denizcankizil.tr\/en\/wp-json\/wp\/v2\/posts\/28184","targetHints":{"allow":["GET"]}}],"collection":[{"href":"http:\/\/denizcankizil.tr\/en\/wp-json\/wp\/v2\/posts"}],"about":[{"href":"http:\/\/denizcankizil.tr\/en\/wp-json\/wp\/v2\/types\/post"}],"author":[{"embeddable":true,"href":"http:\/\/denizcankizil.tr\/en\/wp-json\/wp\/v2\/users\/1"}],"replies":[{"embeddable":true,"href":"http:\/\/denizcankizil.tr\/en\/wp-json\/wp\/v2\/comments?post=28184"}],"version-history":[{"count":0,"href":"http:\/\/denizcankizil.tr\/en\/wp-json\/wp\/v2\/posts\/28184\/revisions"}],"wp:attachment":[{"href":"http:\/\/denizcankizil.tr\/en\/wp-json\/wp\/v2\/media?parent=28184"}],"wp:term":[{"taxonomy":"category","embeddable":true,"href":"http:\/\/denizcankizil.tr\/en\/wp-json\/wp\/v2\/categories?post=28184"},{"taxonomy":"post_tag","embeddable":true,"href":"http:\/\/denizcankizil.tr\/en\/wp-json\/wp\/v2\/tags?post=28184"}],"curies":[{"name":"wp","href":"https:\/\/api.w.org\/{rel}","templated":true}]}}