{"id":27988,"date":"2025-01-27T23:41:17","date_gmt":"2025-01-27T20:41:17","guid":{"rendered":"https:\/\/denizcankizil.tr\/uncategorized-tr\/antalyada-sokakta-kalan-kadinin-yardim-cigligi-caresizim-ne-yapacagimi-bilemiyorum\/"},"modified":"2025-01-27T23:41:17","modified_gmt":"2025-01-27T20:41:17","slug":"antalyada-sokakta-kalan-kadinin-yardim-cigligi-caresizim-ne-yapacagimi-bilemiyorum","status":"publish","type":"post","link":"http:\/\/denizcankizil.tr\/en\/haberler\/gundem\/antalyada-sokakta-kalan-kadinin-yardim-cigligi-caresizim-ne-yapacagimi-bilemiyorum\/","title":{"rendered":"Antalya\u2019da sokakta kalan kad\u0131n\u0131n yard\u0131m \u00e7\u0131\u011fl\u0131\u011f\u0131: \u201c\u00c7aresizim, ne yapaca\u011f\u0131m\u0131 bilemiyorum\u201d"},"content":{"rendered":"<p>Antalya&#8217;n\u0131n D\u00f6\u015femealt\u0131 il\u00e7esinde ya\u015fayan 67 ya\u015f\u0131ndaki H\u00fclya \u00c7ukur, ev sahibinin evi satmas\u0131n\u0131n ard\u0131ndan zor g\u00fcnler ya\u015famaya ba\u015flad\u0131. Yeni bir ev bulma vaadiyle \u00e7\u0131kt\u0131\u011f\u0131 yolda, g\u00f6sterilen evin sahibi taraf\u0131ndan reddedilince gece yar\u0131s\u0131 ortada kald\u0131. \u00c7ukur, yan\u0131nda kimse kalmay\u0131nca, penceresi ve kap\u0131s\u0131 olmayan eski bir benzin istasyonuna s\u0131\u011f\u0131nmak zorunda kald\u0131. Be\u015f ayd\u0131r elektriksiz ve susuz bir \u015fekilde ya\u015fam m\u00fccadelesi veren kad\u0131n, soka\u011fa at\u0131lma tehlikesiyle kar\u015f\u0131 kar\u015f\u0131ya.\u00a0<\/p>\n<p>EV\u0130 SAH\u0130B\u0130 EV\u0130 SATMAYA KARAR VERD\u0130\u00a0<\/p>\n<p>8 y\u0131ld\u0131r D\u00f6\u015femealt\u0131&#8217;nda bir evde kirada oturan \u00c7ukur, ev sahibinin evi sataca\u011f\u0131n\u0131 s\u00f6ylemesi \u00fczerine ta\u015f\u0131nmak zorunda kald\u0131. Ev sahibiyle birlikte yap\u0131lan ara\u015ft\u0131rmada, Burdur&#8217;un Bucak il\u00e7esi Bo\u011fazk\u00f6y Mahallesi&#8217;nde bir ev bulundu. Ancak e\u015fyalar\u0131n\u0131 y\u00fckleyip eve geldi\u011finde, ev sahibi &#8220;Bu e\u015fyalar\u0131 eve sokmam&#8221; diyerek \u00c7ukur&#8217;u kabul etmedi. Gece saatlerinde ortada kalan ya\u015fl\u0131 kad\u0131n, eski ev sahibinin de deste\u011fini \u00e7ekmesiyle yaln\u0131z kald\u0131. \u00c7ukur, son \u00e7are olarak Ba\u011fdema\u011fac\u0131&#8217;nda g\u00f6rd\u00fc\u011f\u00fc penceresiz ve kap\u0131s\u0131z bir benzin istasyonuna s\u0131\u011f\u0131nd\u0131.\u00a0<\/p>\n<p>\u201cBURADA HAYATTA KALMAYA \u00c7ALI\u015eIYORUM\u201d<\/p>\n<p>H\u00fclya \u00c7ukur, 5 ayd\u0131r metruk binada ya\u015fam\u0131n\u0131 s\u00fcrd\u00fcrd\u00fc\u011f\u00fcn\u00fc ifade ederek, &#8220;Gece vakti kamyon \u015fof\u00f6r\u00fcn\u00fcn yard\u0131m\u0131yla e\u015fyalar\u0131m\u0131 bu binaya ta\u015f\u0131d\u0131m. \u00dc\u00e7 ay boyunca d\u0131\u015far\u0131da kalan e\u015fyalar\u0131m \u00e7\u00fcr\u00fcd\u00fc. So\u011fuktan korunmak i\u00e7in eski bir soba kurdum, \u00e7al\u0131 \u00e7\u0131rp\u0131 toplayarak \u0131s\u0131nmaya \u00e7al\u0131\u015f\u0131yorum. Elektrik ve su olmadan burada hayatta kalmaya \u00e7al\u0131\u015f\u0131yorum&#8221; dedi.\u00a0<\/p>\n<p>\u201cG\u0130DECEK YER\u0130M YOK\u201d<\/p>\n<p>\u00c7ukur, yard\u0131m i\u00e7in bir\u00e7ok kuruma ba\u015fvurdu\u011funu ancak sonu\u00e7 alamad\u0131\u011f\u0131n\u0131 belirterek, &#8220;Belediyeye, kaymakama ve muhtarl\u0131\u011fa gittim, kimse yard\u0131mc\u0131 olmad\u0131. Huzurevine gitmemi teklif ettiler ama hasta olan o\u011flumu b\u0131rakacak yerim yok. \u00dc\u00e7 g\u00fcn \u00f6nce o da evi terk etti, nerede oldu\u011funu bilmiyorum. \u00c7aresizim, ne yapaca\u011f\u0131m\u0131 bilemiyorum. Buras\u0131 belediyeye ait eski bir i\u015f yeriymi\u015f, ihaleye verilmi\u015f. Beni buradan \u00e7\u0131karmak istiyorlar ama gidecek yerim yok&#8221; diyerek yetkililere \u00e7a\u011fr\u0131da bulundu.\u00a0<\/p>\n<p>\u00a0 \u00a0 \u00a0 \u00a0 \u00a0 \u00a0 \u00a0 \u00a0 \u00a0 \u00a0 \u00a0 \u00a0 \u00a0 \u00a0 \u00a0 \u00a0 \u00a0 \u00a0<br \/>\n\u00a0<\/p>\n<p>\u200bAntalya&#8217;n\u0131n D\u00f6\u015femealt\u0131 il\u00e7esinde ya\u015fayan 67 ya\u015f\u0131ndaki H\u00fclya \u00c7ukur, ev sahibinin evi satmaya karar vermesi sonucu kendisini bir anda sokakta buldu. \u00c7ukur, yan\u0131nda kimse kalmay\u0131nca, penceresi ve kap\u0131s\u0131 olmayan eski bir benzin istasyonuna s\u0131\u011f\u0131nmak zorunda kald\u0131. Be\u015f ayd\u0131r elektriksiz ve susuz bir \u015fekilde ya\u015fam m\u00fccadelesi veren kad\u0131n, yetkililerden yard\u0131m istiyor\u00a0<\/p>\n<p>\u200bHaberin Al\u0131nt\u0131land\u0131\u011f\u0131 Kaynak: www.antalyakorfez.com<\/p>","protected":false},"excerpt":{"rendered":"<p>Antalya&#8217;n\u0131n D\u00f6\u015femealt\u0131 il\u00e7esinde ya\u015fayan 67 ya\u015f\u0131ndaki H\u00fclya \u00c7ukur, ev sahibinin evi satmas\u0131n\u0131n ard\u0131ndan zor g\u00fcnler ya\u015famaya ba\u015flad\u0131. Yeni bir ev bulma vaadiyle \u00e7\u0131kt\u0131\u011f\u0131 yolda, g\u00f6sterilen evin sahibi taraf\u0131ndan reddedilince gece yar\u0131s\u0131 ortada kald\u0131. \u00c7ukur, yan\u0131nda kimse kalmay\u0131nca, penceresi ve kap\u0131s\u0131 olmayan eski bir benzin istasyonuna s\u0131\u011f\u0131nmak zorunda kald\u0131. Be\u015f ayd\u0131r elektriksiz ve susuz bir \u015fekilde ya\u015fam m\u00fccadelesi veren kad\u0131n, soka\u011fa at\u0131lma tehlikesiyle kar\u015f\u0131 kar\u015f\u0131ya.\u00a0 EV\u0130 SAH\u0130B\u0130 EV\u0130 SATMAYA KARAR VERD\u0130\u00a0 8 y\u0131ld\u0131r D\u00f6\u015femealt\u0131&#8217;nda bir evde kirada oturan \u00c7ukur, ev sahibinin evi sataca\u011f\u0131n\u0131 s\u00f6ylemesi \u00fczerine ta\u015f\u0131nmak zorunda kald\u0131. Ev sahibiyle birlikte yap\u0131lan ara\u015ft\u0131rmada, Burdur&#8217;un Bucak il\u00e7esi Bo\u011fazk\u00f6y Mahallesi&#8217;nde bir ev bulundu. Ancak e\u015fyalar\u0131n\u0131 y\u00fckleyip eve geldi\u011finde, ev sahibi &#8220;Bu e\u015fyalar\u0131 eve sokmam&#8221; diyerek \u00c7ukur&#8217;u kabul etmedi. Gece saatlerinde ortada kalan ya\u015fl\u0131 kad\u0131n, eski ev sahibinin de deste\u011fini \u00e7ekmesiyle yaln\u0131z kald\u0131. \u00c7ukur, son \u00e7are olarak Ba\u011fdema\u011fac\u0131&#8217;nda g\u00f6rd\u00fc\u011f\u00fc penceresiz ve kap\u0131s\u0131z bir benzin istasyonuna s\u0131\u011f\u0131nd\u0131.\u00a0 \u201cBURADA HAYATTA KALMAYA \u00c7ALI\u015eIYORUM\u201d H\u00fclya \u00c7ukur, 5 ayd\u0131r metruk binada ya\u015fam\u0131n\u0131 s\u00fcrd\u00fcrd\u00fc\u011f\u00fcn\u00fc ifade ederek, &#8220;Gece vakti kamyon \u015fof\u00f6r\u00fcn\u00fcn yard\u0131m\u0131yla e\u015fyalar\u0131m\u0131 bu binaya ta\u015f\u0131d\u0131m. \u00dc\u00e7 ay boyunca d\u0131\u015far\u0131da kalan e\u015fyalar\u0131m \u00e7\u00fcr\u00fcd\u00fc. So\u011fuktan korunmak i\u00e7in eski bir soba kurdum, \u00e7al\u0131 \u00e7\u0131rp\u0131 toplayarak \u0131s\u0131nmaya \u00e7al\u0131\u015f\u0131yorum. Elektrik ve su olmadan burada hayatta kalmaya \u00e7al\u0131\u015f\u0131yorum&#8221; dedi.\u00a0 \u201cG\u0130DECEK YER\u0130M YOK\u201d \u00c7ukur, yard\u0131m i\u00e7in bir\u00e7ok &hellip;<\/p>","protected":false},"author":5,"featured_media":0,"comment_status":"open","ping_status":"open","sticky":false,"template":"","format":"standard","meta":{"_acf_changed":false,"footnotes":""},"categories":[24],"tags":[],"class_list":["post-27988","post","type-post","status-publish","format-standard","has-post-thumbnail","hentry","category-gundem"],"acf":[],"yoast_head":"<!-- This site is optimized with the Yoast SEO Premium plugin v26.6 (Yoast SEO v27.1.1) - https:\/\/yoast.com\/product\/yoast-seo-premium-wordpress\/ -->\n<title>Antalya\u2019da sokakta kalan kad\u0131n\u0131n yard\u0131m \u00e7\u0131\u011fl\u0131\u011f\u0131: \u201c\u00c7aresizim, ne yapaca\u011f\u0131m\u0131 bilemiyorum\u201d - Av. Deniz Can K\u0131z\u0131l<\/title>\n<meta name=\"robots\" content=\"index, follow, max-snippet:-1, max-image-preview:large, max-video-preview:-1\" \/>\n<link rel=\"canonical\" href=\"https:\/\/denizcankizil.tr\/en\/haberler\/gundem\/antalyada-sokakta-kalan-kadinin-yardim-cigligi-caresizim-ne-yapacagimi-bilemiyorum\/\" \/>\n<meta property=\"og:locale\" content=\"en_GB\" \/>\n<meta property=\"og:type\" content=\"article\" \/>\n<meta property=\"og:title\" content=\"Antalya\u2019da sokakta kalan kad\u0131n\u0131n yard\u0131m \u00e7\u0131\u011fl\u0131\u011f\u0131: \u201c\u00c7aresizim, ne yapaca\u011f\u0131m\u0131 bilemiyorum\u201d\" \/>\n<meta property=\"og:description\" content=\"Antalya&#8217;n\u0131n D\u00f6\u015femealt\u0131 il\u00e7esinde ya\u015fayan 67 ya\u015f\u0131ndaki H\u00fclya \u00c7ukur, ev sahibinin evi satmas\u0131n\u0131n ard\u0131ndan zor g\u00fcnler ya\u015famaya ba\u015flad\u0131. Yeni bir ev bulma vaadiyle \u00e7\u0131kt\u0131\u011f\u0131 yolda, g\u00f6sterilen evin sahibi taraf\u0131ndan reddedilince gece yar\u0131s\u0131 ortada kald\u0131. \u00c7ukur, yan\u0131nda kimse kalmay\u0131nca, penceresi ve kap\u0131s\u0131 olmayan eski bir benzin istasyonuna s\u0131\u011f\u0131nmak zorunda kald\u0131. Be\u015f ayd\u0131r elektriksiz ve susuz bir \u015fekilde ya\u015fam m\u00fccadelesi veren kad\u0131n, soka\u011fa at\u0131lma tehlikesiyle kar\u015f\u0131 kar\u015f\u0131ya.\u00a0 EV\u0130 SAH\u0130B\u0130 EV\u0130 SATMAYA KARAR VERD\u0130\u00a0 8 y\u0131ld\u0131r D\u00f6\u015femealt\u0131&#8217;nda bir evde kirada oturan \u00c7ukur, ev sahibinin evi sataca\u011f\u0131n\u0131 s\u00f6ylemesi \u00fczerine ta\u015f\u0131nmak zorunda kald\u0131. Ev sahibiyle birlikte yap\u0131lan ara\u015ft\u0131rmada, Burdur&#8217;un Bucak il\u00e7esi Bo\u011fazk\u00f6y Mahallesi&#8217;nde bir ev bulundu. Ancak e\u015fyalar\u0131n\u0131 y\u00fckleyip eve geldi\u011finde, ev sahibi &#8220;Bu e\u015fyalar\u0131 eve sokmam&#8221; diyerek \u00c7ukur&#8217;u kabul etmedi. Gece saatlerinde ortada kalan ya\u015fl\u0131 kad\u0131n, eski ev sahibinin de deste\u011fini \u00e7ekmesiyle yaln\u0131z kald\u0131. \u00c7ukur, son \u00e7are olarak Ba\u011fdema\u011fac\u0131&#8217;nda g\u00f6rd\u00fc\u011f\u00fc penceresiz ve kap\u0131s\u0131z bir benzin istasyonuna s\u0131\u011f\u0131nd\u0131.\u00a0 \u201cBURADA HAYATTA KALMAYA \u00c7ALI\u015eIYORUM\u201d H\u00fclya \u00c7ukur, 5 ayd\u0131r metruk binada ya\u015fam\u0131n\u0131 s\u00fcrd\u00fcrd\u00fc\u011f\u00fcn\u00fc ifade ederek, &#8220;Gece vakti kamyon \u015fof\u00f6r\u00fcn\u00fcn yard\u0131m\u0131yla e\u015fyalar\u0131m\u0131 bu binaya ta\u015f\u0131d\u0131m. \u00dc\u00e7 ay boyunca d\u0131\u015far\u0131da kalan e\u015fyalar\u0131m \u00e7\u00fcr\u00fcd\u00fc. So\u011fuktan korunmak i\u00e7in eski bir soba kurdum, \u00e7al\u0131 \u00e7\u0131rp\u0131 toplayarak \u0131s\u0131nmaya \u00e7al\u0131\u015f\u0131yorum. Elektrik ve su olmadan burada hayatta kalmaya \u00e7al\u0131\u015f\u0131yorum&#8221; dedi.\u00a0 \u201cG\u0130DECEK YER\u0130M YOK\u201d \u00c7ukur, yard\u0131m i\u00e7in bir\u00e7ok &hellip;\" \/>\n<meta property=\"og:url\" content=\"https:\/\/denizcankizil.tr\/en\/haberler\/gundem\/antalyada-sokakta-kalan-kadinin-yardim-cigligi-caresizim-ne-yapacagimi-bilemiyorum\/\" \/>\n<meta property=\"og:site_name\" content=\"Av. Deniz Can K\u0131z\u0131l\" \/>\n<meta property=\"article:published_time\" content=\"2025-01-27T20:41:17+00:00\" \/>\n<meta name=\"author\" content=\"Antalya K\u00f6rfez\" \/>\n<meta name=\"twitter:card\" content=\"summary_large_image\" \/>\n<meta name=\"twitter:label1\" content=\"Written by\" \/>\n\t<meta name=\"twitter:data1\" content=\"Antalya K\u00f6rfez\" \/>\n\t<meta name=\"twitter:label2\" content=\"Estimated reading time\" \/>\n\t<meta name=\"twitter:data2\" content=\"2 minutes\" \/>\n<script type=\"application\/ld+json\" class=\"yoast-schema-graph\">{\"@context\":\"https:\/\/schema.org\",\"@graph\":[{\"@type\":\"Article\",\"@id\":\"https:\/\/denizcankizil.tr\/ru\/haberler\/gundem\/antalyada-sokakta-kalan-kadinin-yardim-cigligi-caresizim-ne-yapacagimi-bilemiyorum\/#article\",\"isPartOf\":{\"@id\":\"https:\/\/denizcankizil.tr\/ru\/haberler\/gundem\/antalyada-sokakta-kalan-kadinin-yardim-cigligi-caresizim-ne-yapacagimi-bilemiyorum\/\"},\"author\":{\"name\":\"Antalya K\u00f6rfez\",\"@id\":\"https:\/\/denizcankizil.tr\/de\/#\/schema\/person\/e1eb71bb4dd684d46563f0af307e1234\"},\"headline\":\"Antalya\u2019da sokakta kalan kad\u0131n\u0131n yard\u0131m \u00e7\u0131\u011fl\u0131\u011f\u0131: \u201c\u00c7aresizim, ne yapaca\u011f\u0131m\u0131 bilemiyorum\u201d\",\"datePublished\":\"2025-01-27T20:41:17+00:00\",\"mainEntityOfPage\":{\"@id\":\"https:\/\/denizcankizil.tr\/ru\/haberler\/gundem\/antalyada-sokakta-kalan-kadinin-yardim-cigligi-caresizim-ne-yapacagimi-bilemiyorum\/\"},\"wordCount\":447,\"commentCount\":0,\"publisher\":{\"@id\":\"https:\/\/denizcankizil.tr\/de\/#organization\"},\"articleSection\":[\"G\u00fcndem\"],\"inLanguage\":\"en-GB\",\"potentialAction\":[{\"@type\":\"CommentAction\",\"name\":\"Comment\",\"target\":[\"https:\/\/denizcankizil.tr\/ru\/haberler\/gundem\/antalyada-sokakta-kalan-kadinin-yardim-cigligi-caresizim-ne-yapacagimi-bilemiyorum\/#respond\"]}]},{\"@type\":\"WebPage\",\"@id\":\"https:\/\/denizcankizil.tr\/ru\/haberler\/gundem\/antalyada-sokakta-kalan-kadinin-yardim-cigligi-caresizim-ne-yapacagimi-bilemiyorum\/\",\"url\":\"https:\/\/denizcankizil.tr\/ru\/haberler\/gundem\/antalyada-sokakta-kalan-kadinin-yardim-cigligi-caresizim-ne-yapacagimi-bilemiyorum\/\",\"name\":\"Antalya\u2019da sokakta kalan kad\u0131n\u0131n yard\u0131m \u00e7\u0131\u011fl\u0131\u011f\u0131: \u201c\u00c7aresizim, ne yapaca\u011f\u0131m\u0131 bilemiyorum\u201d - Av. Deniz Can K\u0131z\u0131l\",\"isPartOf\":{\"@id\":\"https:\/\/denizcankizil.tr\/de\/#website\"},\"datePublished\":\"2025-01-27T20:41:17+00:00\",\"breadcrumb\":{\"@id\":\"https:\/\/denizcankizil.tr\/ru\/haberler\/gundem\/antalyada-sokakta-kalan-kadinin-yardim-cigligi-caresizim-ne-yapacagimi-bilemiyorum\/#breadcrumb\"},\"inLanguage\":\"en-GB\",\"potentialAction\":[{\"@type\":\"ReadAction\",\"target\":[\"https:\/\/denizcankizil.tr\/ru\/haberler\/gundem\/antalyada-sokakta-kalan-kadinin-yardim-cigligi-caresizim-ne-yapacagimi-bilemiyorum\/\"]}]},{\"@type\":\"BreadcrumbList\",\"@id\":\"https:\/\/denizcankizil.tr\/ru\/haberler\/gundem\/antalyada-sokakta-kalan-kadinin-yardim-cigligi-caresizim-ne-yapacagimi-bilemiyorum\/#breadcrumb\",\"itemListElement\":[{\"@type\":\"ListItem\",\"position\":1,\"name\":\"Home\",\"item\":\"https:\/\/denizcankizil.tr\/de\/\"},{\"@type\":\"ListItem\",\"position\":2,\"name\":\"Antalya\u2019da sokakta kalan kad\u0131n\u0131n yard\u0131m \u00e7\u0131\u011fl\u0131\u011f\u0131: \u201c\u00c7aresizim, ne yapaca\u011f\u0131m\u0131 bilemiyorum\u201d\"}]},{\"@type\":\"WebSite\",\"@id\":\"https:\/\/denizcankizil.tr\/de\/#website\",\"url\":\"https:\/\/denizcankizil.tr\/de\/\",\"name\":\"Av. Deniz Can K\u0131z\u0131l\",\"description\":\"Avukat Deniz Can K\u0131z\u0131l Antalya Barosu\",\"publisher\":{\"@id\":\"https:\/\/denizcankizil.tr\/de\/#organization\"},\"potentialAction\":[{\"@type\":\"SearchAction\",\"target\":{\"@type\":\"EntryPoint\",\"urlTemplate\":\"https:\/\/denizcankizil.tr\/de\/?s={search_term_string}\"},\"query-input\":{\"@type\":\"PropertyValueSpecification\",\"valueRequired\":true,\"valueName\":\"search_term_string\"}}],\"inLanguage\":\"en-GB\"},{\"@type\":\"Organization\",\"@id\":\"https:\/\/denizcankizil.tr\/de\/#organization\",\"name\":\"Av. Deniz Can K\u0131z\u0131l\",\"url\":\"https:\/\/denizcankizil.tr\/de\/\",\"logo\":{\"@type\":\"ImageObject\",\"inLanguage\":\"en-GB\",\"@id\":\"https:\/\/denizcankizil.tr\/de\/#\/schema\/logo\/image\/\",\"url\":\"http:\/\/denizcankizil.tr\/wp-content\/uploads\/2024\/10\/siyah-logo-svg.svg\",\"contentUrl\":\"http:\/\/denizcankizil.tr\/wp-content\/uploads\/2024\/10\/siyah-logo-svg.svg\",\"width\":1080,\"height\":1080,\"caption\":\"Av. Deniz Can K\u0131z\u0131l\"},\"image\":{\"@id\":\"https:\/\/denizcankizil.tr\/de\/#\/schema\/logo\/image\/\"}},{\"@type\":\"Person\",\"@id\":\"https:\/\/denizcankizil.tr\/de\/#\/schema\/person\/e1eb71bb4dd684d46563f0af307e1234\",\"name\":\"Antalya K\u00f6rfez\",\"image\":{\"@type\":\"ImageObject\",\"inLanguage\":\"en-GB\",\"@id\":\"https:\/\/denizcankizil.tr\/de\/#\/schema\/person\/image\/\",\"url\":\"https:\/\/secure.gravatar.com\/avatar\/42b01982558a48a0b501fdcab6a408d3717ea5919095ee2e67b0e521799c5905?s=96&d=mm&r=g\",\"contentUrl\":\"https:\/\/secure.gravatar.com\/avatar\/42b01982558a48a0b501fdcab6a408d3717ea5919095ee2e67b0e521799c5905?s=96&d=mm&r=g\",\"caption\":\"Antalya K\u00f6rfez\"},\"sameAs\":[\"http:\/\/www.antalyakorfez.com\"],\"url\":\"https:\/\/www.antalyakorfez.com\/antalyada-sokakta-kalan-kadinin-yardim-cigligi-caresizim-ne-yapacagimi-bilemiyorum\"}]}<\/script>\n<!-- \/ Yoast SEO Premium plugin. -->","yoast_head_json":{"title":"Antalya\u2019da sokakta kalan kad\u0131n\u0131n yard\u0131m \u00e7\u0131\u011fl\u0131\u011f\u0131: \u201c\u00c7aresizim, ne yapaca\u011f\u0131m\u0131 bilemiyorum\u201d - Av. Deniz Can K\u0131z\u0131l","robots":{"index":"index","follow":"follow","max-snippet":"max-snippet:-1","max-image-preview":"max-image-preview:large","max-video-preview":"max-video-preview:-1"},"canonical":"https:\/\/denizcankizil.tr\/en\/haberler\/gundem\/antalyada-sokakta-kalan-kadinin-yardim-cigligi-caresizim-ne-yapacagimi-bilemiyorum\/","og_locale":"en_GB","og_type":"article","og_title":"Antalya\u2019da sokakta kalan kad\u0131n\u0131n yard\u0131m \u00e7\u0131\u011fl\u0131\u011f\u0131: \u201c\u00c7aresizim, ne yapaca\u011f\u0131m\u0131 bilemiyorum\u201d","og_description":"Antalya&#8217;n\u0131n D\u00f6\u015femealt\u0131 il\u00e7esinde ya\u015fayan 67 ya\u015f\u0131ndaki H\u00fclya \u00c7ukur, ev sahibinin evi satmas\u0131n\u0131n ard\u0131ndan zor g\u00fcnler ya\u015famaya ba\u015flad\u0131. Yeni bir ev bulma vaadiyle \u00e7\u0131kt\u0131\u011f\u0131 yolda, g\u00f6sterilen evin sahibi taraf\u0131ndan reddedilince gece yar\u0131s\u0131 ortada kald\u0131. \u00c7ukur, yan\u0131nda kimse kalmay\u0131nca, penceresi ve kap\u0131s\u0131 olmayan eski bir benzin istasyonuna s\u0131\u011f\u0131nmak zorunda kald\u0131. Be\u015f ayd\u0131r elektriksiz ve susuz bir \u015fekilde ya\u015fam m\u00fccadelesi veren kad\u0131n, soka\u011fa at\u0131lma tehlikesiyle kar\u015f\u0131 kar\u015f\u0131ya.\u00a0 EV\u0130 SAH\u0130B\u0130 EV\u0130 SATMAYA KARAR VERD\u0130\u00a0 8 y\u0131ld\u0131r D\u00f6\u015femealt\u0131&#8217;nda bir evde kirada oturan \u00c7ukur, ev sahibinin evi sataca\u011f\u0131n\u0131 s\u00f6ylemesi \u00fczerine ta\u015f\u0131nmak zorunda kald\u0131. Ev sahibiyle birlikte yap\u0131lan ara\u015ft\u0131rmada, Burdur&#8217;un Bucak il\u00e7esi Bo\u011fazk\u00f6y Mahallesi&#8217;nde bir ev bulundu. Ancak e\u015fyalar\u0131n\u0131 y\u00fckleyip eve geldi\u011finde, ev sahibi &#8220;Bu e\u015fyalar\u0131 eve sokmam&#8221; diyerek \u00c7ukur&#8217;u kabul etmedi. Gece saatlerinde ortada kalan ya\u015fl\u0131 kad\u0131n, eski ev sahibinin de deste\u011fini \u00e7ekmesiyle yaln\u0131z kald\u0131. \u00c7ukur, son \u00e7are olarak Ba\u011fdema\u011fac\u0131&#8217;nda g\u00f6rd\u00fc\u011f\u00fc penceresiz ve kap\u0131s\u0131z bir benzin istasyonuna s\u0131\u011f\u0131nd\u0131.\u00a0 \u201cBURADA HAYATTA KALMAYA \u00c7ALI\u015eIYORUM\u201d H\u00fclya \u00c7ukur, 5 ayd\u0131r metruk binada ya\u015fam\u0131n\u0131 s\u00fcrd\u00fcrd\u00fc\u011f\u00fcn\u00fc ifade ederek, &#8220;Gece vakti kamyon \u015fof\u00f6r\u00fcn\u00fcn yard\u0131m\u0131yla e\u015fyalar\u0131m\u0131 bu binaya ta\u015f\u0131d\u0131m. \u00dc\u00e7 ay boyunca d\u0131\u015far\u0131da kalan e\u015fyalar\u0131m \u00e7\u00fcr\u00fcd\u00fc. So\u011fuktan korunmak i\u00e7in eski bir soba kurdum, \u00e7al\u0131 \u00e7\u0131rp\u0131 toplayarak \u0131s\u0131nmaya \u00e7al\u0131\u015f\u0131yorum. Elektrik ve su olmadan burada hayatta kalmaya \u00e7al\u0131\u015f\u0131yorum&#8221; dedi.\u00a0 \u201cG\u0130DECEK YER\u0130M YOK\u201d \u00c7ukur, yard\u0131m i\u00e7in bir\u00e7ok &hellip;","og_url":"https:\/\/denizcankizil.tr\/en\/haberler\/gundem\/antalyada-sokakta-kalan-kadinin-yardim-cigligi-caresizim-ne-yapacagimi-bilemiyorum\/","og_site_name":"Av. Deniz Can K\u0131z\u0131l","article_published_time":"2025-01-27T20:41:17+00:00","author":"Antalya K\u00f6rfez","twitter_card":"summary_large_image","twitter_misc":{"Written by":"Antalya K\u00f6rfez","Estimated reading time":"2 minutes"},"schema":{"@context":"https:\/\/schema.org","@graph":[{"@type":"Article","@id":"https:\/\/denizcankizil.tr\/ru\/haberler\/gundem\/antalyada-sokakta-kalan-kadinin-yardim-cigligi-caresizim-ne-yapacagimi-bilemiyorum\/#article","isPartOf":{"@id":"https:\/\/denizcankizil.tr\/ru\/haberler\/gundem\/antalyada-sokakta-kalan-kadinin-yardim-cigligi-caresizim-ne-yapacagimi-bilemiyorum\/"},"author":{"name":"Antalya K\u00f6rfez","@id":"https:\/\/denizcankizil.tr\/de\/#\/schema\/person\/e1eb71bb4dd684d46563f0af307e1234"},"headline":"Antalya\u2019da sokakta kalan kad\u0131n\u0131n yard\u0131m \u00e7\u0131\u011fl\u0131\u011f\u0131: \u201c\u00c7aresizim, ne yapaca\u011f\u0131m\u0131 bilemiyorum\u201d","datePublished":"2025-01-27T20:41:17+00:00","mainEntityOfPage":{"@id":"https:\/\/denizcankizil.tr\/ru\/haberler\/gundem\/antalyada-sokakta-kalan-kadinin-yardim-cigligi-caresizim-ne-yapacagimi-bilemiyorum\/"},"wordCount":447,"commentCount":0,"publisher":{"@id":"https:\/\/denizcankizil.tr\/de\/#organization"},"articleSection":["G\u00fcndem"],"inLanguage":"en-GB","potentialAction":[{"@type":"CommentAction","name":"Comment","target":["https:\/\/denizcankizil.tr\/ru\/haberler\/gundem\/antalyada-sokakta-kalan-kadinin-yardim-cigligi-caresizim-ne-yapacagimi-bilemiyorum\/#respond"]}]},{"@type":"WebPage","@id":"https:\/\/denizcankizil.tr\/ru\/haberler\/gundem\/antalyada-sokakta-kalan-kadinin-yardim-cigligi-caresizim-ne-yapacagimi-bilemiyorum\/","url":"https:\/\/denizcankizil.tr\/ru\/haberler\/gundem\/antalyada-sokakta-kalan-kadinin-yardim-cigligi-caresizim-ne-yapacagimi-bilemiyorum\/","name":"Antalya\u2019da sokakta kalan kad\u0131n\u0131n yard\u0131m \u00e7\u0131\u011fl\u0131\u011f\u0131: \u201c\u00c7aresizim, ne yapaca\u011f\u0131m\u0131 bilemiyorum\u201d - Av. Deniz Can K\u0131z\u0131l","isPartOf":{"@id":"https:\/\/denizcankizil.tr\/de\/#website"},"datePublished":"2025-01-27T20:41:17+00:00","breadcrumb":{"@id":"https:\/\/denizcankizil.tr\/ru\/haberler\/gundem\/antalyada-sokakta-kalan-kadinin-yardim-cigligi-caresizim-ne-yapacagimi-bilemiyorum\/#breadcrumb"},"inLanguage":"en-GB","potentialAction":[{"@type":"ReadAction","target":["https:\/\/denizcankizil.tr\/ru\/haberler\/gundem\/antalyada-sokakta-kalan-kadinin-yardim-cigligi-caresizim-ne-yapacagimi-bilemiyorum\/"]}]},{"@type":"BreadcrumbList","@id":"https:\/\/denizcankizil.tr\/ru\/haberler\/gundem\/antalyada-sokakta-kalan-kadinin-yardim-cigligi-caresizim-ne-yapacagimi-bilemiyorum\/#breadcrumb","itemListElement":[{"@type":"ListItem","position":1,"name":"Home","item":"https:\/\/denizcankizil.tr\/de\/"},{"@type":"ListItem","position":2,"name":"Antalya\u2019da sokakta kalan kad\u0131n\u0131n yard\u0131m \u00e7\u0131\u011fl\u0131\u011f\u0131: \u201c\u00c7aresizim, ne yapaca\u011f\u0131m\u0131 bilemiyorum\u201d"}]},{"@type":"WebSite","@id":"https:\/\/denizcankizil.tr\/de\/#website","url":"https:\/\/denizcankizil.tr\/de\/","name":"Av. Deniz Can K\u0131z\u0131l","description":"Avukat Deniz Can K\u0131z\u0131l Antalya Barosu","publisher":{"@id":"https:\/\/denizcankizil.tr\/de\/#organization"},"potentialAction":[{"@type":"SearchAction","target":{"@type":"EntryPoint","urlTemplate":"https:\/\/denizcankizil.tr\/de\/?s={search_term_string}"},"query-input":{"@type":"PropertyValueSpecification","valueRequired":true,"valueName":"search_term_string"}}],"inLanguage":"en-GB"},{"@type":"Organization","@id":"https:\/\/denizcankizil.tr\/de\/#organization","name":"Av. Deniz Can K\u0131z\u0131l","url":"https:\/\/denizcankizil.tr\/de\/","logo":{"@type":"ImageObject","inLanguage":"en-GB","@id":"https:\/\/denizcankizil.tr\/de\/#\/schema\/logo\/image\/","url":"http:\/\/denizcankizil.tr\/wp-content\/uploads\/2024\/10\/siyah-logo-svg.svg","contentUrl":"http:\/\/denizcankizil.tr\/wp-content\/uploads\/2024\/10\/siyah-logo-svg.svg","width":1080,"height":1080,"caption":"Av. Deniz Can K\u0131z\u0131l"},"image":{"@id":"https:\/\/denizcankizil.tr\/de\/#\/schema\/logo\/image\/"}},{"@type":"Person","@id":"https:\/\/denizcankizil.tr\/de\/#\/schema\/person\/e1eb71bb4dd684d46563f0af307e1234","name":"Antalya K\u00f6rfez","image":{"@type":"ImageObject","inLanguage":"en-GB","@id":"https:\/\/denizcankizil.tr\/de\/#\/schema\/person\/image\/","url":"https:\/\/secure.gravatar.com\/avatar\/42b01982558a48a0b501fdcab6a408d3717ea5919095ee2e67b0e521799c5905?s=96&d=mm&r=g","contentUrl":"https:\/\/secure.gravatar.com\/avatar\/42b01982558a48a0b501fdcab6a408d3717ea5919095ee2e67b0e521799c5905?s=96&d=mm&r=g","caption":"Antalya K\u00f6rfez"},"sameAs":["http:\/\/www.antalyakorfez.com"],"url":"https:\/\/www.antalyakorfez.com\/antalyada-sokakta-kalan-kadinin-yardim-cigligi-caresizim-ne-yapacagimi-bilemiyorum"}]}},"_links":{"self":[{"href":"http:\/\/denizcankizil.tr\/en\/wp-json\/wp\/v2\/posts\/27988","targetHints":{"allow":["GET"]}}],"collection":[{"href":"http:\/\/denizcankizil.tr\/en\/wp-json\/wp\/v2\/posts"}],"about":[{"href":"http:\/\/denizcankizil.tr\/en\/wp-json\/wp\/v2\/types\/post"}],"author":[{"embeddable":true,"href":"http:\/\/denizcankizil.tr\/en\/wp-json\/wp\/v2\/users\/5"}],"replies":[{"embeddable":true,"href":"http:\/\/denizcankizil.tr\/en\/wp-json\/wp\/v2\/comments?post=27988"}],"version-history":[{"count":0,"href":"http:\/\/denizcankizil.tr\/en\/wp-json\/wp\/v2\/posts\/27988\/revisions"}],"wp:attachment":[{"href":"http:\/\/denizcankizil.tr\/en\/wp-json\/wp\/v2\/media?parent=27988"}],"wp:term":[{"taxonomy":"category","embeddable":true,"href":"http:\/\/denizcankizil.tr\/en\/wp-json\/wp\/v2\/categories?post=27988"},{"taxonomy":"post_tag","embeddable":true,"href":"http:\/\/denizcankizil.tr\/en\/wp-json\/wp\/v2\/tags?post=27988"}],"curies":[{"name":"wp","href":"https:\/\/api.w.org\/{rel}","templated":true}]}}