{"id":27841,"date":"2025-01-27T12:41:15","date_gmt":"2025-01-27T09:41:15","guid":{"rendered":"https:\/\/denizcankizil.tr\/uncategorized-tr\/yat-limaninda-duzenleme\/"},"modified":"2025-01-27T12:41:15","modified_gmt":"2025-01-27T09:41:15","slug":"yat-limaninda-duzenleme","status":"publish","type":"post","link":"http:\/\/denizcankizil.tr\/en\/haberler\/antalya\/yat-limaninda-duzenleme\/","title":{"rendered":"Yat Liman\u0131\u2019nda d\u00fczenleme"},"content":{"rendered":"<p>Antalya\u2019n\u0131n g\u00f6zbebeklerinden olup, yerli ve yabanc\u0131 bir\u00e7ok turistin ilgi oda\u011f\u0131 olan me\u015fhur tarihi b\u00f6lge Kalei\u00e7i\u2019nde Antalya B\u00fcy\u00fck\u015fehir Belediyesi taraf\u0131ndan \u00e7al\u0131\u015fma ger\u00e7ekle\u015ftiriliyor. Antalya Kent Merkezi K\u00fclt\u00fcr ve Turizm Koruma ve Geli\u015fim B\u00f6lgesi\u2019ne dahil olan Yat Liman\u0131\u2019nda bulunan parmak iskeleler, Antalya B\u00fcy\u00fck\u015fehir Belediyesi taraf\u0131ndan kald\u0131r\u0131l\u0131yor. B\u00f6lgenin koruma ama\u00e7l\u0131 imar plan\u0131 i\u00e7erisinde bulunmayan ve g\u00fcncel haliyle tehlike arz eden &#8216;parmak iskeleler&#8217; b\u00f6lgenin daha g\u00fcvenli hale getirilmesi ve tarihi dokunun korunmas\u0131 amac\u0131yla s\u00f6k\u00fcl\u00fcyor.<\/p>\n<p>B\u00d6LGE DAHA G\u00dcVENL\u0130 HALE GELECEK<\/p>\n<p>Toplam 3 tane bulunan parmak iskelelerin y\u0131k\u0131m \u00e7al\u0131\u015fmas\u0131nda ilk etab\u0131n sonuna gelindi. Antalya B\u00fcy\u00fck\u015fehir Belediyesi taraf\u0131ndan, Antalya K\u00fclt\u00fcr Varl\u0131klar\u0131n\u0131 Koruma Kurulu\u2019na yap\u0131lan ba\u015fvuru sonras\u0131 ba\u015flayan \u00e7al\u0131\u015fmalarda ilk olarak, en fazla tehlikeyi arz eden birinci iskelenin y\u0131k\u0131m\u0131 tamamland\u0131. \u00c7al\u0131\u015fmalarda, ekskavat\u00f6rler taraf\u0131ndan y\u0131k\u0131m\u0131 ger\u00e7ekle\u015ftirilen beton bloklar, sonras\u0131nda nakliye ara\u00e7lar\u0131 taraf\u0131ndan g\u00fcvenli bir \u015fekilde b\u00f6lge d\u0131\u015f\u0131na \u00e7\u0131kar\u0131l\u0131yor. Su alt\u0131nda k\u0131r\u0131lan beton par\u00e7alar\u0131 ise suyun alt\u0131na serilen \u00f6zel bir file ile su y\u00fcz\u00fcne \u00e7\u0131kar\u0131l\u0131yor. \u00c7al\u0131\u015fmalar\u0131n ilerleyen a\u015famalar\u0131nda, deniz ara\u00e7lar\u0131 taraf\u0131ndan kot fark\u0131 taramas\u0131 ger\u00e7ekle\u015ftirilecek. Taramalar\u0131n ard\u0131ndan, kot fark\u0131 bulunan b\u00f6lgelere, dalg\u0131\u00e7lar taraf\u0131ndan su alt\u0131 kompres\u00f6r\u00fc kullan\u0131larak m\u00fcdahale edilecek. \u00d6n\u00fcm\u00fczdeki g\u00fcnlerde, kalan 2 iskelenin de en k\u0131sa s\u00fcrede y\u0131k\u0131m i\u015fleri tamamlanarak, b\u00f6lgenin yeni ve daha g\u00fcvenli halinin g\u00fcn y\u00fcz\u00fcne \u00e7\u0131kar\u0131lmas\u0131 ama\u00e7lan\u0131yor.<\/p>\n<p>\u00c7ALI\u015eMALAR T\u0130T\u0130ZL\u0130KLE S\u00dcRD\u00dcR\u00dcL\u00dcYOR<\/p>\n<p>Antalya B\u00fcy\u00fck\u015fehir Belediyesi Fen \u0130\u015fleri Dairesi Ba\u015fkanl\u0131\u011f\u0131 Bak\u0131m ve Onar\u0131m \u015eube M\u00fcd\u00fcr\u00fc Serdar Oru\u00e7 G\u00fcn, Antalya B\u00fcy\u00fck\u015fehir Belediyesi olarak koruma b\u00f6lgesi olan Kalei\u00e7i Yat Liman\u0131\u2019nda parmak iskelelerin s\u00f6k\u00fcm \u00e7al\u0131\u015fmalar\u0131n\u0131 ba\u015flatt\u0131klar\u0131n\u0131 s\u00f6yledi. G\u00fcn,\u201c \u00c7al\u0131\u015fmalar\u0131, en b\u00fcy\u00fck tehlikeyi arz eden birinci parmak iskeleden ba\u015flatt\u0131k. Bununla ilgili olarak Antalya K\u00fclt\u00fcr Varl\u0131klar\u0131n\u0131 Koruma Kuruluna bu parmak iskelelerin s\u00f6k\u00fcm\u00fc i\u00e7in ba\u015fvuruda bulunduk. Yapm\u0131\u015f oldu\u011fumuz ba\u015fvuruda parmak iskelenin s\u00f6k\u00fcm\u00fcn\u00fcn hangi \u015fartlarda ya da hangi uygulamalarda yap\u0131laca\u011f\u0131n\u0131 belirttik. Kurul ba\u015fvurumuzu inceleyerek iskelelerin s\u00f6k\u00fcm\u00fcne karar verdi. Sonras\u0131nda \u00e7al\u0131\u015fmalar\u0131m\u0131za ba\u015flad\u0131k. \u00c7al\u0131\u015fmalar\u0131m\u0131z Antalya M\u00fczesi ve KUDEB denetiminde titizlikle ve t\u00fcm h\u0131z\u0131yla s\u00fcr\u00fcyor. Gerekli i\u015flemleri tamamlay\u0131p, \u00e7al\u0131\u015fmalar\u0131 en k\u0131sa s\u00fcrede bitirmeyi planl\u0131yoruz. \u201c diyerek s\u00f6zlerini tamamlad\u0131<\/p>\n<p>Kaynak: www.kanalv.com.tr Haber Sitesinden Al\u0131nm\u0131\u015ft\u0131r.<\/p>","protected":false},"excerpt":{"rendered":"<p>Antalya\u2019n\u0131n g\u00f6zbebeklerinden olup, yerli ve yabanc\u0131 bir\u00e7ok turistin ilgi oda\u011f\u0131 olan me\u015fhur tarihi b\u00f6lge Kalei\u00e7i\u2019nde Antalya B\u00fcy\u00fck\u015fehir Belediyesi taraf\u0131ndan \u00e7al\u0131\u015fma ger\u00e7ekle\u015ftiriliyor. Antalya Kent Merkezi K\u00fclt\u00fcr ve Turizm Koruma ve Geli\u015fim B\u00f6lgesi\u2019ne dahil olan Yat Liman\u0131\u2019nda bulunan parmak iskeleler, Antalya B\u00fcy\u00fck\u015fehir Belediyesi taraf\u0131ndan kald\u0131r\u0131l\u0131yor. B\u00f6lgenin koruma ama\u00e7l\u0131 imar plan\u0131 i\u00e7erisinde bulunmayan ve g\u00fcncel haliyle tehlike arz eden &#8216;parmak iskeleler&#8217; b\u00f6lgenin daha g\u00fcvenli hale getirilmesi ve tarihi dokunun korunmas\u0131 amac\u0131yla s\u00f6k\u00fcl\u00fcyor. B\u00d6LGE DAHA G\u00dcVENL\u0130 HALE GELECEK Toplam 3 tane bulunan parmak iskelelerin y\u0131k\u0131m \u00e7al\u0131\u015fmas\u0131nda ilk etab\u0131n sonuna gelindi. Antalya B\u00fcy\u00fck\u015fehir Belediyesi taraf\u0131ndan, Antalya K\u00fclt\u00fcr Varl\u0131klar\u0131n\u0131 Koruma Kurulu\u2019na yap\u0131lan ba\u015fvuru sonras\u0131 ba\u015flayan \u00e7al\u0131\u015fmalarda ilk olarak, en fazla tehlikeyi arz eden birinci iskelenin y\u0131k\u0131m\u0131 tamamland\u0131. \u00c7al\u0131\u015fmalarda, ekskavat\u00f6rler taraf\u0131ndan y\u0131k\u0131m\u0131 ger\u00e7ekle\u015ftirilen beton bloklar, sonras\u0131nda nakliye ara\u00e7lar\u0131 taraf\u0131ndan g\u00fcvenli bir \u015fekilde b\u00f6lge d\u0131\u015f\u0131na \u00e7\u0131kar\u0131l\u0131yor. Su alt\u0131nda k\u0131r\u0131lan beton par\u00e7alar\u0131 ise suyun alt\u0131na serilen \u00f6zel bir file ile su y\u00fcz\u00fcne \u00e7\u0131kar\u0131l\u0131yor. \u00c7al\u0131\u015fmalar\u0131n ilerleyen a\u015famalar\u0131nda, deniz ara\u00e7lar\u0131 taraf\u0131ndan kot fark\u0131 taramas\u0131 ger\u00e7ekle\u015ftirilecek. Taramalar\u0131n ard\u0131ndan, kot fark\u0131 bulunan b\u00f6lgelere, dalg\u0131\u00e7lar taraf\u0131ndan su alt\u0131 kompres\u00f6r\u00fc kullan\u0131larak m\u00fcdahale edilecek. \u00d6n\u00fcm\u00fczdeki g\u00fcnlerde, kalan 2 iskelenin de en k\u0131sa s\u00fcrede y\u0131k\u0131m i\u015fleri tamamlanarak, b\u00f6lgenin yeni ve daha g\u00fcvenli halinin g\u00fcn y\u00fcz\u00fcne \u00e7\u0131kar\u0131lmas\u0131 ama\u00e7lan\u0131yor. \u00c7ALI\u015eMALAR T\u0130T\u0130ZL\u0130KLE S\u00dcRD\u00dcR\u00dcL\u00dcYOR Antalya B\u00fcy\u00fck\u015fehir Belediyesi Fen \u0130\u015fleri Dairesi Ba\u015fkanl\u0131\u011f\u0131 &hellip;<\/p>","protected":false},"author":4,"featured_media":0,"comment_status":"open","ping_status":"open","sticky":false,"template":"","format":"standard","meta":{"_acf_changed":false,"footnotes":""},"categories":[26],"tags":[],"class_list":["post-27841","post","type-post","status-publish","format-standard","hentry","category-antalya"],"acf":[],"yoast_head":"<!-- This site is optimized with the Yoast SEO Premium plugin v26.6 (Yoast SEO v27.1.1) - https:\/\/yoast.com\/product\/yoast-seo-premium-wordpress\/ -->\n<title>Yat Liman\u0131\u2019nda d\u00fczenleme - Av. Deniz Can K\u0131z\u0131l<\/title>\n<meta name=\"robots\" content=\"index, follow, max-snippet:-1, max-image-preview:large, max-video-preview:-1\" \/>\n<link rel=\"canonical\" href=\"http:\/\/denizcankizil.tr\/en\/haberler\/antalya\/yat-limaninda-duzenleme\/\" \/>\n<meta property=\"og:locale\" content=\"en_GB\" \/>\n<meta property=\"og:type\" content=\"article\" \/>\n<meta property=\"og:title\" content=\"Yat Liman\u0131\u2019nda d\u00fczenleme\" \/>\n<meta property=\"og:description\" content=\"Antalya\u2019n\u0131n g\u00f6zbebeklerinden olup, yerli ve yabanc\u0131 bir\u00e7ok turistin ilgi oda\u011f\u0131 olan me\u015fhur tarihi b\u00f6lge Kalei\u00e7i\u2019nde Antalya B\u00fcy\u00fck\u015fehir Belediyesi taraf\u0131ndan \u00e7al\u0131\u015fma ger\u00e7ekle\u015ftiriliyor. Antalya Kent Merkezi K\u00fclt\u00fcr ve Turizm Koruma ve Geli\u015fim B\u00f6lgesi\u2019ne dahil olan Yat Liman\u0131\u2019nda bulunan parmak iskeleler, Antalya B\u00fcy\u00fck\u015fehir Belediyesi taraf\u0131ndan kald\u0131r\u0131l\u0131yor. B\u00f6lgenin koruma ama\u00e7l\u0131 imar plan\u0131 i\u00e7erisinde bulunmayan ve g\u00fcncel haliyle tehlike arz eden &#8216;parmak iskeleler&#8217; b\u00f6lgenin daha g\u00fcvenli hale getirilmesi ve tarihi dokunun korunmas\u0131 amac\u0131yla s\u00f6k\u00fcl\u00fcyor. B\u00d6LGE DAHA G\u00dcVENL\u0130 HALE GELECEK Toplam 3 tane bulunan parmak iskelelerin y\u0131k\u0131m \u00e7al\u0131\u015fmas\u0131nda ilk etab\u0131n sonuna gelindi. Antalya B\u00fcy\u00fck\u015fehir Belediyesi taraf\u0131ndan, Antalya K\u00fclt\u00fcr Varl\u0131klar\u0131n\u0131 Koruma Kurulu\u2019na yap\u0131lan ba\u015fvuru sonras\u0131 ba\u015flayan \u00e7al\u0131\u015fmalarda ilk olarak, en fazla tehlikeyi arz eden birinci iskelenin y\u0131k\u0131m\u0131 tamamland\u0131. \u00c7al\u0131\u015fmalarda, ekskavat\u00f6rler taraf\u0131ndan y\u0131k\u0131m\u0131 ger\u00e7ekle\u015ftirilen beton bloklar, sonras\u0131nda nakliye ara\u00e7lar\u0131 taraf\u0131ndan g\u00fcvenli bir \u015fekilde b\u00f6lge d\u0131\u015f\u0131na \u00e7\u0131kar\u0131l\u0131yor. Su alt\u0131nda k\u0131r\u0131lan beton par\u00e7alar\u0131 ise suyun alt\u0131na serilen \u00f6zel bir file ile su y\u00fcz\u00fcne \u00e7\u0131kar\u0131l\u0131yor. \u00c7al\u0131\u015fmalar\u0131n ilerleyen a\u015famalar\u0131nda, deniz ara\u00e7lar\u0131 taraf\u0131ndan kot fark\u0131 taramas\u0131 ger\u00e7ekle\u015ftirilecek. Taramalar\u0131n ard\u0131ndan, kot fark\u0131 bulunan b\u00f6lgelere, dalg\u0131\u00e7lar taraf\u0131ndan su alt\u0131 kompres\u00f6r\u00fc kullan\u0131larak m\u00fcdahale edilecek. \u00d6n\u00fcm\u00fczdeki g\u00fcnlerde, kalan 2 iskelenin de en k\u0131sa s\u00fcrede y\u0131k\u0131m i\u015fleri tamamlanarak, b\u00f6lgenin yeni ve daha g\u00fcvenli halinin g\u00fcn y\u00fcz\u00fcne \u00e7\u0131kar\u0131lmas\u0131 ama\u00e7lan\u0131yor. \u00c7ALI\u015eMALAR T\u0130T\u0130ZL\u0130KLE S\u00dcRD\u00dcR\u00dcL\u00dcYOR Antalya B\u00fcy\u00fck\u015fehir Belediyesi Fen \u0130\u015fleri Dairesi Ba\u015fkanl\u0131\u011f\u0131 &hellip;\" \/>\n<meta property=\"og:url\" content=\"http:\/\/denizcankizil.tr\/en\/haberler\/antalya\/yat-limaninda-duzenleme\/\" \/>\n<meta property=\"og:site_name\" content=\"Av. Deniz Can K\u0131z\u0131l\" \/>\n<meta property=\"article:published_time\" content=\"2025-01-27T09:41:15+00:00\" \/>\n<meta name=\"author\" content=\"Av. Deniz Can K\u0131z\u0131l\" \/>\n<meta name=\"twitter:card\" content=\"summary_large_image\" \/>\n<meta name=\"twitter:label1\" content=\"Written by\" \/>\n\t<meta name=\"twitter:data1\" content=\"Av. Deniz Can K\u0131z\u0131l\" \/>\n\t<meta name=\"twitter:label2\" content=\"Estimated reading time\" \/>\n\t<meta name=\"twitter:data2\" content=\"3 minutes\" \/>\n<script type=\"application\/ld+json\" class=\"yoast-schema-graph\">{\"@context\":\"https:\/\/schema.org\",\"@graph\":[{\"@type\":\"Article\",\"@id\":\"http:\/\/denizcankizil.tr\/en\/haberler\/antalya\/yat-limaninda-duzenleme\/#article\",\"isPartOf\":{\"@id\":\"http:\/\/denizcankizil.tr\/en\/haberler\/antalya\/yat-limaninda-duzenleme\/\"},\"author\":{\"name\":\"Av. Deniz Can K\u0131z\u0131l\",\"@id\":\"https:\/\/denizcankizil.tr\/de\/#\/schema\/person\/5dc1b22991bd7ac833867c10afc9b0ff\"},\"headline\":\"Yat Liman\u0131\u2019nda d\u00fczenleme\",\"datePublished\":\"2025-01-27T09:41:15+00:00\",\"mainEntityOfPage\":{\"@id\":\"http:\/\/denizcankizil.tr\/en\/haberler\/antalya\/yat-limaninda-duzenleme\/\"},\"wordCount\":506,\"commentCount\":0,\"publisher\":{\"@id\":\"https:\/\/denizcankizil.tr\/de\/#organization\"},\"articleSection\":[\"Antalya\"],\"inLanguage\":\"en-GB\",\"potentialAction\":[{\"@type\":\"CommentAction\",\"name\":\"Comment\",\"target\":[\"http:\/\/denizcankizil.tr\/en\/haberler\/antalya\/yat-limaninda-duzenleme\/#respond\"]}]},{\"@type\":\"WebPage\",\"@id\":\"http:\/\/denizcankizil.tr\/en\/haberler\/antalya\/yat-limaninda-duzenleme\/\",\"url\":\"http:\/\/denizcankizil.tr\/en\/haberler\/antalya\/yat-limaninda-duzenleme\/\",\"name\":\"Yat Liman\u0131\u2019nda d\u00fczenleme - Av. Deniz Can K\u0131z\u0131l\",\"isPartOf\":{\"@id\":\"https:\/\/denizcankizil.tr\/de\/#website\"},\"datePublished\":\"2025-01-27T09:41:15+00:00\",\"breadcrumb\":{\"@id\":\"http:\/\/denizcankizil.tr\/en\/haberler\/antalya\/yat-limaninda-duzenleme\/#breadcrumb\"},\"inLanguage\":\"en-GB\",\"potentialAction\":[{\"@type\":\"ReadAction\",\"target\":[\"http:\/\/denizcankizil.tr\/en\/haberler\/antalya\/yat-limaninda-duzenleme\/\"]}]},{\"@type\":\"BreadcrumbList\",\"@id\":\"http:\/\/denizcankizil.tr\/en\/haberler\/antalya\/yat-limaninda-duzenleme\/#breadcrumb\",\"itemListElement\":[{\"@type\":\"ListItem\",\"position\":1,\"name\":\"Home\",\"item\":\"https:\/\/denizcankizil.tr\/de\/\"},{\"@type\":\"ListItem\",\"position\":2,\"name\":\"Yat Liman\u0131\u2019nda d\u00fczenleme\"}]},{\"@type\":\"WebSite\",\"@id\":\"https:\/\/denizcankizil.tr\/de\/#website\",\"url\":\"https:\/\/denizcankizil.tr\/de\/\",\"name\":\"Av. Deniz Can K\u0131z\u0131l\",\"description\":\"Avukat Deniz Can K\u0131z\u0131l Antalya Barosu\",\"publisher\":{\"@id\":\"https:\/\/denizcankizil.tr\/de\/#organization\"},\"potentialAction\":[{\"@type\":\"SearchAction\",\"target\":{\"@type\":\"EntryPoint\",\"urlTemplate\":\"https:\/\/denizcankizil.tr\/de\/?s={search_term_string}\"},\"query-input\":{\"@type\":\"PropertyValueSpecification\",\"valueRequired\":true,\"valueName\":\"search_term_string\"}}],\"inLanguage\":\"en-GB\"},{\"@type\":\"Organization\",\"@id\":\"https:\/\/denizcankizil.tr\/de\/#organization\",\"name\":\"Av. Deniz Can K\u0131z\u0131l\",\"url\":\"https:\/\/denizcankizil.tr\/de\/\",\"logo\":{\"@type\":\"ImageObject\",\"inLanguage\":\"en-GB\",\"@id\":\"https:\/\/denizcankizil.tr\/de\/#\/schema\/logo\/image\/\",\"url\":\"http:\/\/denizcankizil.tr\/wp-content\/uploads\/2024\/10\/siyah-logo-svg.svg\",\"contentUrl\":\"http:\/\/denizcankizil.tr\/wp-content\/uploads\/2024\/10\/siyah-logo-svg.svg\",\"width\":1080,\"height\":1080,\"caption\":\"Av. Deniz Can K\u0131z\u0131l\"},\"image\":{\"@id\":\"https:\/\/denizcankizil.tr\/de\/#\/schema\/logo\/image\/\"}},{\"@type\":\"Person\",\"@id\":\"https:\/\/denizcankizil.tr\/de\/#\/schema\/person\/5dc1b22991bd7ac833867c10afc9b0ff\",\"name\":\"Av. Deniz Can K\u0131z\u0131l\",\"image\":{\"@type\":\"ImageObject\",\"inLanguage\":\"en-GB\",\"@id\":\"https:\/\/denizcankizil.tr\/de\/#\/schema\/person\/image\/\",\"url\":\"https:\/\/secure.gravatar.com\/avatar\/a0b128fb9855c79efc976d5640eedb31dc35ec297594d6016d2cf7c60e975bb6?s=96&d=mm&r=g\",\"contentUrl\":\"https:\/\/secure.gravatar.com\/avatar\/a0b128fb9855c79efc976d5640eedb31dc35ec297594d6016d2cf7c60e975bb6?s=96&d=mm&r=g\",\"caption\":\"Av. Deniz Can K\u0131z\u0131l\"},\"sameAs\":[\"http:\/\/www.denizcankizil.tr\"],\"url\":\"http:\/\/denizcankizil.tr\/en\/author\/denizcankizil\/\"}]}<\/script>\n<!-- \/ Yoast SEO Premium plugin. -->","yoast_head_json":{"title":"Yat Liman\u0131\u2019nda d\u00fczenleme - Av. Deniz Can K\u0131z\u0131l","robots":{"index":"index","follow":"follow","max-snippet":"max-snippet:-1","max-image-preview":"max-image-preview:large","max-video-preview":"max-video-preview:-1"},"canonical":"http:\/\/denizcankizil.tr\/en\/haberler\/antalya\/yat-limaninda-duzenleme\/","og_locale":"en_GB","og_type":"article","og_title":"Yat Liman\u0131\u2019nda d\u00fczenleme","og_description":"Antalya\u2019n\u0131n g\u00f6zbebeklerinden olup, yerli ve yabanc\u0131 bir\u00e7ok turistin ilgi oda\u011f\u0131 olan me\u015fhur tarihi b\u00f6lge Kalei\u00e7i\u2019nde Antalya B\u00fcy\u00fck\u015fehir Belediyesi taraf\u0131ndan \u00e7al\u0131\u015fma ger\u00e7ekle\u015ftiriliyor. Antalya Kent Merkezi K\u00fclt\u00fcr ve Turizm Koruma ve Geli\u015fim B\u00f6lgesi\u2019ne dahil olan Yat Liman\u0131\u2019nda bulunan parmak iskeleler, Antalya B\u00fcy\u00fck\u015fehir Belediyesi taraf\u0131ndan kald\u0131r\u0131l\u0131yor. B\u00f6lgenin koruma ama\u00e7l\u0131 imar plan\u0131 i\u00e7erisinde bulunmayan ve g\u00fcncel haliyle tehlike arz eden &#8216;parmak iskeleler&#8217; b\u00f6lgenin daha g\u00fcvenli hale getirilmesi ve tarihi dokunun korunmas\u0131 amac\u0131yla s\u00f6k\u00fcl\u00fcyor. B\u00d6LGE DAHA G\u00dcVENL\u0130 HALE GELECEK Toplam 3 tane bulunan parmak iskelelerin y\u0131k\u0131m \u00e7al\u0131\u015fmas\u0131nda ilk etab\u0131n sonuna gelindi. Antalya B\u00fcy\u00fck\u015fehir Belediyesi taraf\u0131ndan, Antalya K\u00fclt\u00fcr Varl\u0131klar\u0131n\u0131 Koruma Kurulu\u2019na yap\u0131lan ba\u015fvuru sonras\u0131 ba\u015flayan \u00e7al\u0131\u015fmalarda ilk olarak, en fazla tehlikeyi arz eden birinci iskelenin y\u0131k\u0131m\u0131 tamamland\u0131. \u00c7al\u0131\u015fmalarda, ekskavat\u00f6rler taraf\u0131ndan y\u0131k\u0131m\u0131 ger\u00e7ekle\u015ftirilen beton bloklar, sonras\u0131nda nakliye ara\u00e7lar\u0131 taraf\u0131ndan g\u00fcvenli bir \u015fekilde b\u00f6lge d\u0131\u015f\u0131na \u00e7\u0131kar\u0131l\u0131yor. Su alt\u0131nda k\u0131r\u0131lan beton par\u00e7alar\u0131 ise suyun alt\u0131na serilen \u00f6zel bir file ile su y\u00fcz\u00fcne \u00e7\u0131kar\u0131l\u0131yor. \u00c7al\u0131\u015fmalar\u0131n ilerleyen a\u015famalar\u0131nda, deniz ara\u00e7lar\u0131 taraf\u0131ndan kot fark\u0131 taramas\u0131 ger\u00e7ekle\u015ftirilecek. Taramalar\u0131n ard\u0131ndan, kot fark\u0131 bulunan b\u00f6lgelere, dalg\u0131\u00e7lar taraf\u0131ndan su alt\u0131 kompres\u00f6r\u00fc kullan\u0131larak m\u00fcdahale edilecek. \u00d6n\u00fcm\u00fczdeki g\u00fcnlerde, kalan 2 iskelenin de en k\u0131sa s\u00fcrede y\u0131k\u0131m i\u015fleri tamamlanarak, b\u00f6lgenin yeni ve daha g\u00fcvenli halinin g\u00fcn y\u00fcz\u00fcne \u00e7\u0131kar\u0131lmas\u0131 ama\u00e7lan\u0131yor. \u00c7ALI\u015eMALAR T\u0130T\u0130ZL\u0130KLE S\u00dcRD\u00dcR\u00dcL\u00dcYOR Antalya B\u00fcy\u00fck\u015fehir Belediyesi Fen \u0130\u015fleri Dairesi Ba\u015fkanl\u0131\u011f\u0131 &hellip;","og_url":"http:\/\/denizcankizil.tr\/en\/haberler\/antalya\/yat-limaninda-duzenleme\/","og_site_name":"Av. Deniz Can K\u0131z\u0131l","article_published_time":"2025-01-27T09:41:15+00:00","author":"Av. Deniz Can K\u0131z\u0131l","twitter_card":"summary_large_image","twitter_misc":{"Written by":"Av. Deniz Can K\u0131z\u0131l","Estimated reading time":"3 minutes"},"schema":{"@context":"https:\/\/schema.org","@graph":[{"@type":"Article","@id":"http:\/\/denizcankizil.tr\/en\/haberler\/antalya\/yat-limaninda-duzenleme\/#article","isPartOf":{"@id":"http:\/\/denizcankizil.tr\/en\/haberler\/antalya\/yat-limaninda-duzenleme\/"},"author":{"name":"Av. Deniz Can K\u0131z\u0131l","@id":"https:\/\/denizcankizil.tr\/de\/#\/schema\/person\/5dc1b22991bd7ac833867c10afc9b0ff"},"headline":"Yat Liman\u0131\u2019nda d\u00fczenleme","datePublished":"2025-01-27T09:41:15+00:00","mainEntityOfPage":{"@id":"http:\/\/denizcankizil.tr\/en\/haberler\/antalya\/yat-limaninda-duzenleme\/"},"wordCount":506,"commentCount":0,"publisher":{"@id":"https:\/\/denizcankizil.tr\/de\/#organization"},"articleSection":["Antalya"],"inLanguage":"en-GB","potentialAction":[{"@type":"CommentAction","name":"Comment","target":["http:\/\/denizcankizil.tr\/en\/haberler\/antalya\/yat-limaninda-duzenleme\/#respond"]}]},{"@type":"WebPage","@id":"http:\/\/denizcankizil.tr\/en\/haberler\/antalya\/yat-limaninda-duzenleme\/","url":"http:\/\/denizcankizil.tr\/en\/haberler\/antalya\/yat-limaninda-duzenleme\/","name":"Yat Liman\u0131\u2019nda d\u00fczenleme - Av. Deniz Can K\u0131z\u0131l","isPartOf":{"@id":"https:\/\/denizcankizil.tr\/de\/#website"},"datePublished":"2025-01-27T09:41:15+00:00","breadcrumb":{"@id":"http:\/\/denizcankizil.tr\/en\/haberler\/antalya\/yat-limaninda-duzenleme\/#breadcrumb"},"inLanguage":"en-GB","potentialAction":[{"@type":"ReadAction","target":["http:\/\/denizcankizil.tr\/en\/haberler\/antalya\/yat-limaninda-duzenleme\/"]}]},{"@type":"BreadcrumbList","@id":"http:\/\/denizcankizil.tr\/en\/haberler\/antalya\/yat-limaninda-duzenleme\/#breadcrumb","itemListElement":[{"@type":"ListItem","position":1,"name":"Home","item":"https:\/\/denizcankizil.tr\/de\/"},{"@type":"ListItem","position":2,"name":"Yat Liman\u0131\u2019nda d\u00fczenleme"}]},{"@type":"WebSite","@id":"https:\/\/denizcankizil.tr\/de\/#website","url":"https:\/\/denizcankizil.tr\/de\/","name":"Av. Deniz Can K\u0131z\u0131l","description":"Avukat Deniz Can K\u0131z\u0131l Antalya Barosu","publisher":{"@id":"https:\/\/denizcankizil.tr\/de\/#organization"},"potentialAction":[{"@type":"SearchAction","target":{"@type":"EntryPoint","urlTemplate":"https:\/\/denizcankizil.tr\/de\/?s={search_term_string}"},"query-input":{"@type":"PropertyValueSpecification","valueRequired":true,"valueName":"search_term_string"}}],"inLanguage":"en-GB"},{"@type":"Organization","@id":"https:\/\/denizcankizil.tr\/de\/#organization","name":"Av. Deniz Can K\u0131z\u0131l","url":"https:\/\/denizcankizil.tr\/de\/","logo":{"@type":"ImageObject","inLanguage":"en-GB","@id":"https:\/\/denizcankizil.tr\/de\/#\/schema\/logo\/image\/","url":"http:\/\/denizcankizil.tr\/wp-content\/uploads\/2024\/10\/siyah-logo-svg.svg","contentUrl":"http:\/\/denizcankizil.tr\/wp-content\/uploads\/2024\/10\/siyah-logo-svg.svg","width":1080,"height":1080,"caption":"Av. Deniz Can K\u0131z\u0131l"},"image":{"@id":"https:\/\/denizcankizil.tr\/de\/#\/schema\/logo\/image\/"}},{"@type":"Person","@id":"https:\/\/denizcankizil.tr\/de\/#\/schema\/person\/5dc1b22991bd7ac833867c10afc9b0ff","name":"Av. Deniz Can K\u0131z\u0131l","image":{"@type":"ImageObject","inLanguage":"en-GB","@id":"https:\/\/denizcankizil.tr\/de\/#\/schema\/person\/image\/","url":"https:\/\/secure.gravatar.com\/avatar\/a0b128fb9855c79efc976d5640eedb31dc35ec297594d6016d2cf7c60e975bb6?s=96&d=mm&r=g","contentUrl":"https:\/\/secure.gravatar.com\/avatar\/a0b128fb9855c79efc976d5640eedb31dc35ec297594d6016d2cf7c60e975bb6?s=96&d=mm&r=g","caption":"Av. Deniz Can K\u0131z\u0131l"},"sameAs":["http:\/\/www.denizcankizil.tr"],"url":"http:\/\/denizcankizil.tr\/en\/author\/denizcankizil\/"}]}},"_links":{"self":[{"href":"http:\/\/denizcankizil.tr\/en\/wp-json\/wp\/v2\/posts\/27841","targetHints":{"allow":["GET"]}}],"collection":[{"href":"http:\/\/denizcankizil.tr\/en\/wp-json\/wp\/v2\/posts"}],"about":[{"href":"http:\/\/denizcankizil.tr\/en\/wp-json\/wp\/v2\/types\/post"}],"author":[{"embeddable":true,"href":"http:\/\/denizcankizil.tr\/en\/wp-json\/wp\/v2\/users\/4"}],"replies":[{"embeddable":true,"href":"http:\/\/denizcankizil.tr\/en\/wp-json\/wp\/v2\/comments?post=27841"}],"version-history":[{"count":0,"href":"http:\/\/denizcankizil.tr\/en\/wp-json\/wp\/v2\/posts\/27841\/revisions"}],"wp:attachment":[{"href":"http:\/\/denizcankizil.tr\/en\/wp-json\/wp\/v2\/media?parent=27841"}],"wp:term":[{"taxonomy":"category","embeddable":true,"href":"http:\/\/denizcankizil.tr\/en\/wp-json\/wp\/v2\/categories?post=27841"},{"taxonomy":"post_tag","embeddable":true,"href":"http:\/\/denizcankizil.tr\/en\/wp-json\/wp\/v2\/tags?post=27841"}],"curies":[{"name":"wp","href":"https:\/\/api.w.org\/{rel}","templated":true}]}}