{"id":26928,"date":"2025-01-23T12:42:07","date_gmt":"2025-01-23T09:42:07","guid":{"rendered":"https:\/\/denizcankizil.tr\/uncategorized-tr\/izmir-bornovada-yol-yapim-calismalari-hiz-kesmiyor\/"},"modified":"2025-01-23T12:42:07","modified_gmt":"2025-01-23T09:42:07","slug":"izmir-bornovada-yol-yapim-calismalari-hiz-kesmiyor","status":"publish","type":"post","link":"http:\/\/denizcankizil.tr\/en\/haberler\/gundem\/izmir-bornovada-yol-yapim-calismalari-hiz-kesmiyor\/","title":{"rendered":"\u0130zmir Bornova\u2019da yol yap\u0131m \u00e7al\u0131\u015fmalar\u0131 h\u0131z kesmiyor"},"content":{"rendered":"<p>\u0130zmir Bornova Belediyesi, Okullar B\u00f6lgesi\u2019nde ba\u015flatt\u0131\u011f\u0131 yol yenileme ve kav\u015fak d\u00fczenleme \u00e7al\u0131\u015fmalar\u0131n\u0131 tamamlad\u0131ktan sonra \u0130zelta\u015f Yan Yolu olarak bilinen Bornova Caddesi\u2019nde de kav\u015fak, geni\u015fletme ve asfaltlama \u00e7al\u0131\u015fmalar\u0131 ger\u00e7ekle\u015ftirecek. Belediye Ba\u015fkan\u0131 \u00d6mer E\u015fki, projelerin b\u00f6lgedeki trafik yo\u011funlu\u011funu azaltarak daha g\u00fcvenli bir ula\u015f\u0131m sa\u011flayaca\u011f\u0131n\u0131 belirtti.\u0130ZM\u0130R (\u0130GFA) &#8211;\u00a0\u00c7al\u0131\u015fmalar kapsam\u0131nda Bornova Caddesi, Kemalpa\u015fa Caddesi\u2019ne kadar 7 metre geni\u015fletilerek \u015ferit say\u0131s\u0131 art\u0131r\u0131lacak ve asfalt\u0131 yenilenecek. Yol \u00fczerindeki k\u00f6pr\u00fcn\u00fcn bitiminde bir kav\u015fak d\u00fczenlemesi yap\u0131lacak. Bu kav\u015faktan Otogar y\u00f6n\u00fcne do\u011fru 20 metre geni\u015fli\u011finde yeni bir yan yol a\u00e7\u0131lacak.<br \/>\nTrafik rahatlayacak, kazalar\u0131n\u0131n \u00f6n\u00fcne ge\u00e7ilecek<br \/>\nB\u00f6lgeye kazand\u0131r\u0131lacak yeni kav\u015fak d\u00fczenlemesi ve geni\u015fletme \u00e7al\u0131\u015fmalar\u0131 ile s\u0131k\u00e7a meydana gelen trafik kazalar\u0131n\u0131n \u00f6nlenmesi ama\u00e7lan\u0131yor. \u00d6zellikle Otogar y\u00f6n\u00fcne do\u011fru yap\u0131lacak yan yol sayesinde de trafi\u011fin daha ak\u0131c\u0131 hale getirilmesi hedefleniyor.<br \/>\nBa\u015fkan \u00d6mer E\u015fki \u00e7al\u0131\u015fmalar\u0131 yerinde inceledi<br \/>\nBornova Belediye Ba\u015fkan\u0131 \u00d6mer E\u015fki, ilgili personelle birlikte \u00e7al\u0131\u015fmalar\u0131n yap\u0131laca\u011f\u0131 b\u00f6lgelerde incelemelerde bulundu. Ba\u015fkan E\u015fki, k\u0131sa s\u00fcre i\u00e7inde ba\u015flayacak projeyle ilgili: \u201cOkullar b\u00f6lgesinde bir asfalt ve kav\u015fak d\u00fczenlemesi yap\u0131yoruz. Ordinaryus Prof. Muhiddin Erel Caddesi\u2019nin devam\u0131ndaki \u0130zelta\u015f k\u00f6pr\u00fcs\u00fcnde de iki \u00f6nemli \u00e7al\u0131\u015fma planlad\u0131k. Yeni kav\u015fak ile Otogar y\u00f6n\u00fcne bir yan yol a\u00e7\u0131yoruz. Bornova Caddesi\u2019nde ise yol geni\u015fletme \u00e7al\u0131\u015fmas\u0131 yaparak buradaki \u015ferit say\u0131s\u0131n\u0131 art\u0131r\u0131yoruz. Yenilenen asfalt ve d\u00fczenlemelerle b\u00f6lgedeki trafik ak\u0131\u015f\u0131n\u0131 \u00e7ok daha g\u00fcvenli ve rahat hale getirece\u011fiz\u201d diye konu\u015ftu.<\/p>\n<p>\u200b\u0130zmir Bornova Belediyesi, Okullar B\u00f6lgesi\u2019nde ba\u015flatt\u0131\u011f\u0131 yol yenileme ve kav\u015fak d\u00fczenleme \u00e7al\u0131\u015fmalar\u0131n\u0131 tamamlad\u0131ktan sonra \u0130zelta\u015f Yan Yolu olarak bilinen Bornova Caddesi\u2019nde de kav\u015fak, geni\u015fletme ve asfaltlama \u00e7al\u0131\u015fmalar\u0131 ger\u00e7ekle\u015ftirecek. Belediye Ba\u015fkan\u0131 \u00d6mer E\u015fki, projelerin b\u00f6lgedeki trafik yo\u011funlu\u011funu azaltarak daha g\u00fcvenli bir ula\u015f\u0131m sa\u011flayaca\u011f\u0131n\u0131 belirtti.\u0130ZM\u0130R (\u0130GFA) &#8211;\u00a0\u00c7al\u0131\u015fmalar kapsam\u0131nda Bornova Caddesi, Kemalpa\u015fa Caddesi\u2019ne kadar 7 metre geni\u015fletilerek \u015ferit say\u0131s\u0131 art\u0131r\u0131lacak ve asfalt\u0131 yenilenecek. Yol \u00fczerindeki k\u00f6pr\u00fcn\u00fcn bitiminde bir kav\u015fak d\u00fczenlemesi yap\u0131lacak. Bu kav\u015faktan Otogar y\u00f6n\u00fcne do\u011fru 20 metre geni\u015fli\u011finde yeni bir yan yol a\u00e7\u0131lacak.<br \/>\nTrafik rahatlayacak, kazalar\u0131n\u0131n \u00f6n\u00fcne ge\u00e7ilecek<br \/>\nB\u00f6lgeye kazand\u0131r\u0131lacak yeni kav\u015fak d\u00fczenlemesi ve geni\u015fletme \u00e7al\u0131\u015fmalar\u0131 ile s\u0131k\u00e7a meydana gelen trafik kazalar\u0131n\u0131n \u00f6nlenmesi ama\u00e7lan\u0131yor. \u00d6zellikle Otogar y\u00f6n\u00fcne do\u011fru yap\u0131lacak yan yol sayesinde de trafi\u011fin daha ak\u0131c\u0131 hale getirilmesi hedefleniyor.<br \/>\nBa\u015fkan \u00d6mer E\u015fki \u00e7al\u0131\u015fmalar\u0131 yerinde inceledi<br \/>\nBornova Belediye Ba\u015fkan\u0131 \u00d6mer E\u015fki, ilgili personelle birlikte \u00e7al\u0131\u015fmalar\u0131n yap\u0131laca\u011f\u0131 b\u00f6lgelerde incelemelerde bulundu. Ba\u015fkan E\u015fki, k\u0131sa s\u00fcre i\u00e7inde ba\u015flayacak projeyle ilgili: \u201cOkullar b\u00f6lgesinde bir asfalt ve kav\u015fak d\u00fczenlemesi yap\u0131yoruz. Ordinaryus Prof. Muhiddin Erel Caddesi\u2019nin devam\u0131ndaki \u0130zelta\u015f k\u00f6pr\u00fcs\u00fcnde de iki \u00f6nemli \u00e7al\u0131\u015fma planlad\u0131k. Yeni kav\u015fak ile Otogar y\u00f6n\u00fcne bir yan yol a\u00e7\u0131yoruz. Bornova Caddesi\u2019nde ise yol geni\u015fletme \u00e7al\u0131\u015fmas\u0131 yaparak buradaki \u015ferit say\u0131s\u0131n\u0131 art\u0131r\u0131yoruz. Yenilenen asfalt ve d\u00fczenlemelerle b\u00f6lgedeki trafik ak\u0131\u015f\u0131n\u0131 \u00e7ok daha g\u00fcvenli ve rahat hale getirece\u011fiz\u201d diye konu\u015ftu.\u00a0<\/p>\n<p>\u200bHaberin Al\u0131nt\u0131land\u0131\u011f\u0131 Kaynak: www.iskenderun.org<\/p>","protected":false},"excerpt":{"rendered":"<p>\u0130zmir Bornova Belediyesi, Okullar B\u00f6lgesi\u2019nde ba\u015flatt\u0131\u011f\u0131 yol yenileme ve kav\u015fak d\u00fczenleme \u00e7al\u0131\u015fmalar\u0131n\u0131 tamamlad\u0131ktan sonra \u0130zelta\u015f Yan Yolu olarak bilinen Bornova Caddesi\u2019nde de kav\u015fak, geni\u015fletme ve asfaltlama \u00e7al\u0131\u015fmalar\u0131 ger\u00e7ekle\u015ftirecek. Belediye Ba\u015fkan\u0131 \u00d6mer E\u015fki, projelerin b\u00f6lgedeki trafik yo\u011funlu\u011funu azaltarak daha g\u00fcvenli bir ula\u015f\u0131m sa\u011flayaca\u011f\u0131n\u0131 belirtti.\u0130ZM\u0130R (\u0130GFA) &#8211;\u00a0\u00c7al\u0131\u015fmalar kapsam\u0131nda Bornova Caddesi, Kemalpa\u015fa Caddesi\u2019ne kadar 7 metre geni\u015fletilerek \u015ferit say\u0131s\u0131 art\u0131r\u0131lacak ve asfalt\u0131 yenilenecek. Yol \u00fczerindeki k\u00f6pr\u00fcn\u00fcn bitiminde bir kav\u015fak d\u00fczenlemesi yap\u0131lacak. Bu kav\u015faktan Otogar y\u00f6n\u00fcne do\u011fru 20 metre geni\u015fli\u011finde yeni bir yan yol a\u00e7\u0131lacak. Trafik rahatlayacak, kazalar\u0131n\u0131n \u00f6n\u00fcne ge\u00e7ilecek B\u00f6lgeye kazand\u0131r\u0131lacak yeni kav\u015fak d\u00fczenlemesi ve geni\u015fletme \u00e7al\u0131\u015fmalar\u0131 ile s\u0131k\u00e7a meydana gelen trafik kazalar\u0131n\u0131n \u00f6nlenmesi ama\u00e7lan\u0131yor. \u00d6zellikle Otogar y\u00f6n\u00fcne do\u011fru yap\u0131lacak yan yol sayesinde de trafi\u011fin daha ak\u0131c\u0131 hale getirilmesi hedefleniyor. Ba\u015fkan \u00d6mer E\u015fki \u00e7al\u0131\u015fmalar\u0131 yerinde inceledi Bornova Belediye Ba\u015fkan\u0131 \u00d6mer E\u015fki, ilgili personelle birlikte \u00e7al\u0131\u015fmalar\u0131n yap\u0131laca\u011f\u0131 b\u00f6lgelerde incelemelerde bulundu. Ba\u015fkan E\u015fki, k\u0131sa s\u00fcre i\u00e7inde ba\u015flayacak projeyle ilgili: \u201cOkullar b\u00f6lgesinde bir asfalt ve kav\u015fak d\u00fczenlemesi yap\u0131yoruz. Ordinaryus Prof. Muhiddin Erel Caddesi\u2019nin devam\u0131ndaki \u0130zelta\u015f k\u00f6pr\u00fcs\u00fcnde de iki \u00f6nemli \u00e7al\u0131\u015fma planlad\u0131k. Yeni kav\u015fak ile Otogar y\u00f6n\u00fcne bir yan yol a\u00e7\u0131yoruz. Bornova Caddesi\u2019nde ise yol geni\u015fletme \u00e7al\u0131\u015fmas\u0131 yaparak buradaki \u015ferit say\u0131s\u0131n\u0131 art\u0131r\u0131yoruz. Yenilenen asfalt ve d\u00fczenlemelerle b\u00f6lgedeki trafik ak\u0131\u015f\u0131n\u0131 \u00e7ok daha g\u00fcvenli ve rahat hale getirece\u011fiz\u201d diye &hellip;<\/p>","protected":false},"author":1,"featured_media":0,"comment_status":"open","ping_status":"open","sticky":false,"template":"","format":"standard","meta":{"_acf_changed":false,"footnotes":""},"categories":[24],"tags":[],"class_list":["post-26928","post","type-post","status-publish","format-standard","has-post-thumbnail","hentry","category-gundem"],"acf":[],"yoast_head":"<!-- This site is optimized with the Yoast SEO Premium plugin v26.6 (Yoast SEO v27.1.1) - https:\/\/yoast.com\/product\/yoast-seo-premium-wordpress\/ -->\n<title>\u0130zmir Bornova\u2019da yol yap\u0131m \u00e7al\u0131\u015fmalar\u0131 h\u0131z kesmiyor - Av. Deniz Can K\u0131z\u0131l<\/title>\n<meta name=\"robots\" content=\"index, follow, max-snippet:-1, max-image-preview:large, max-video-preview:-1\" \/>\n<link rel=\"canonical\" href=\"http:\/\/denizcankizil.tr\/en\/haberler\/gundem\/izmir-bornovada-yol-yapim-calismalari-hiz-kesmiyor\/\" \/>\n<meta property=\"og:locale\" content=\"en_GB\" \/>\n<meta property=\"og:type\" content=\"article\" \/>\n<meta property=\"og:title\" content=\"\u0130zmir Bornova\u2019da yol yap\u0131m \u00e7al\u0131\u015fmalar\u0131 h\u0131z kesmiyor\" \/>\n<meta property=\"og:description\" content=\"\u0130zmir Bornova Belediyesi, Okullar B\u00f6lgesi\u2019nde ba\u015flatt\u0131\u011f\u0131 yol yenileme ve kav\u015fak d\u00fczenleme \u00e7al\u0131\u015fmalar\u0131n\u0131 tamamlad\u0131ktan sonra \u0130zelta\u015f Yan Yolu olarak bilinen Bornova Caddesi\u2019nde de kav\u015fak, geni\u015fletme ve asfaltlama \u00e7al\u0131\u015fmalar\u0131 ger\u00e7ekle\u015ftirecek. Belediye Ba\u015fkan\u0131 \u00d6mer E\u015fki, projelerin b\u00f6lgedeki trafik yo\u011funlu\u011funu azaltarak daha g\u00fcvenli bir ula\u015f\u0131m sa\u011flayaca\u011f\u0131n\u0131 belirtti.\u0130ZM\u0130R (\u0130GFA) &#8211;\u00a0\u00c7al\u0131\u015fmalar kapsam\u0131nda Bornova Caddesi, Kemalpa\u015fa Caddesi\u2019ne kadar 7 metre geni\u015fletilerek \u015ferit say\u0131s\u0131 art\u0131r\u0131lacak ve asfalt\u0131 yenilenecek. Yol \u00fczerindeki k\u00f6pr\u00fcn\u00fcn bitiminde bir kav\u015fak d\u00fczenlemesi yap\u0131lacak. Bu kav\u015faktan Otogar y\u00f6n\u00fcne do\u011fru 20 metre geni\u015fli\u011finde yeni bir yan yol a\u00e7\u0131lacak. Trafik rahatlayacak, kazalar\u0131n\u0131n \u00f6n\u00fcne ge\u00e7ilecek B\u00f6lgeye kazand\u0131r\u0131lacak yeni kav\u015fak d\u00fczenlemesi ve geni\u015fletme \u00e7al\u0131\u015fmalar\u0131 ile s\u0131k\u00e7a meydana gelen trafik kazalar\u0131n\u0131n \u00f6nlenmesi ama\u00e7lan\u0131yor. \u00d6zellikle Otogar y\u00f6n\u00fcne do\u011fru yap\u0131lacak yan yol sayesinde de trafi\u011fin daha ak\u0131c\u0131 hale getirilmesi hedefleniyor. Ba\u015fkan \u00d6mer E\u015fki \u00e7al\u0131\u015fmalar\u0131 yerinde inceledi Bornova Belediye Ba\u015fkan\u0131 \u00d6mer E\u015fki, ilgili personelle birlikte \u00e7al\u0131\u015fmalar\u0131n yap\u0131laca\u011f\u0131 b\u00f6lgelerde incelemelerde bulundu. Ba\u015fkan E\u015fki, k\u0131sa s\u00fcre i\u00e7inde ba\u015flayacak projeyle ilgili: \u201cOkullar b\u00f6lgesinde bir asfalt ve kav\u015fak d\u00fczenlemesi yap\u0131yoruz. Ordinaryus Prof. Muhiddin Erel Caddesi\u2019nin devam\u0131ndaki \u0130zelta\u015f k\u00f6pr\u00fcs\u00fcnde de iki \u00f6nemli \u00e7al\u0131\u015fma planlad\u0131k. Yeni kav\u015fak ile Otogar y\u00f6n\u00fcne bir yan yol a\u00e7\u0131yoruz. Bornova Caddesi\u2019nde ise yol geni\u015fletme \u00e7al\u0131\u015fmas\u0131 yaparak buradaki \u015ferit say\u0131s\u0131n\u0131 art\u0131r\u0131yoruz. Yenilenen asfalt ve d\u00fczenlemelerle b\u00f6lgedeki trafik ak\u0131\u015f\u0131n\u0131 \u00e7ok daha g\u00fcvenli ve rahat hale getirece\u011fiz\u201d diye &hellip;\" \/>\n<meta property=\"og:url\" content=\"http:\/\/denizcankizil.tr\/en\/haberler\/gundem\/izmir-bornovada-yol-yapim-calismalari-hiz-kesmiyor\/\" \/>\n<meta property=\"og:site_name\" content=\"Av. Deniz Can K\u0131z\u0131l\" \/>\n<meta property=\"article:published_time\" content=\"2025-01-23T09:42:07+00:00\" \/>\n<meta name=\"author\" content=\"admin\" \/>\n<meta name=\"twitter:card\" content=\"summary_large_image\" \/>\n<meta name=\"twitter:label1\" content=\"Written by\" \/>\n\t<meta name=\"twitter:data1\" content=\"admin\" \/>\n\t<meta name=\"twitter:label2\" content=\"Estimated reading time\" \/>\n\t<meta name=\"twitter:data2\" content=\"3 minutes\" \/>\n<script type=\"application\/ld+json\" class=\"yoast-schema-graph\">{\"@context\":\"https:\/\/schema.org\",\"@graph\":[{\"@type\":\"Article\",\"@id\":\"http:\/\/denizcankizil.tr\/en\/haberler\/gundem\/izmir-bornovada-yol-yapim-calismalari-hiz-kesmiyor\/#article\",\"isPartOf\":{\"@id\":\"http:\/\/denizcankizil.tr\/en\/haberler\/gundem\/izmir-bornovada-yol-yapim-calismalari-hiz-kesmiyor\/\"},\"author\":{\"name\":\"admin\",\"@id\":\"https:\/\/denizcankizil.tr\/de\/#\/schema\/person\/be3c05fe6a12686905512445d8185489\"},\"headline\":\"\u0130zmir Bornova\u2019da yol yap\u0131m \u00e7al\u0131\u015fmalar\u0131 h\u0131z kesmiyor\",\"datePublished\":\"2025-01-23T09:42:07+00:00\",\"mainEntityOfPage\":{\"@id\":\"http:\/\/denizcankizil.tr\/en\/haberler\/gundem\/izmir-bornovada-yol-yapim-calismalari-hiz-kesmiyor\/\"},\"wordCount\":643,\"commentCount\":0,\"publisher\":{\"@id\":\"https:\/\/denizcankizil.tr\/de\/#organization\"},\"articleSection\":[\"G\u00fcndem\"],\"inLanguage\":\"en-GB\",\"potentialAction\":[{\"@type\":\"CommentAction\",\"name\":\"Comment\",\"target\":[\"http:\/\/denizcankizil.tr\/en\/haberler\/gundem\/izmir-bornovada-yol-yapim-calismalari-hiz-kesmiyor\/#respond\"]}]},{\"@type\":\"WebPage\",\"@id\":\"http:\/\/denizcankizil.tr\/en\/haberler\/gundem\/izmir-bornovada-yol-yapim-calismalari-hiz-kesmiyor\/\",\"url\":\"http:\/\/denizcankizil.tr\/en\/haberler\/gundem\/izmir-bornovada-yol-yapim-calismalari-hiz-kesmiyor\/\",\"name\":\"\u0130zmir Bornova\u2019da yol yap\u0131m \u00e7al\u0131\u015fmalar\u0131 h\u0131z kesmiyor - Av. Deniz Can K\u0131z\u0131l\",\"isPartOf\":{\"@id\":\"https:\/\/denizcankizil.tr\/de\/#website\"},\"datePublished\":\"2025-01-23T09:42:07+00:00\",\"breadcrumb\":{\"@id\":\"http:\/\/denizcankizil.tr\/en\/haberler\/gundem\/izmir-bornovada-yol-yapim-calismalari-hiz-kesmiyor\/#breadcrumb\"},\"inLanguage\":\"en-GB\",\"potentialAction\":[{\"@type\":\"ReadAction\",\"target\":[\"http:\/\/denizcankizil.tr\/en\/haberler\/gundem\/izmir-bornovada-yol-yapim-calismalari-hiz-kesmiyor\/\"]}]},{\"@type\":\"BreadcrumbList\",\"@id\":\"http:\/\/denizcankizil.tr\/en\/haberler\/gundem\/izmir-bornovada-yol-yapim-calismalari-hiz-kesmiyor\/#breadcrumb\",\"itemListElement\":[{\"@type\":\"ListItem\",\"position\":1,\"name\":\"Home\",\"item\":\"https:\/\/denizcankizil.tr\/de\/\"},{\"@type\":\"ListItem\",\"position\":2,\"name\":\"\u0130zmir Bornova\u2019da yol yap\u0131m \u00e7al\u0131\u015fmalar\u0131 h\u0131z kesmiyor\"}]},{\"@type\":\"WebSite\",\"@id\":\"https:\/\/denizcankizil.tr\/de\/#website\",\"url\":\"https:\/\/denizcankizil.tr\/de\/\",\"name\":\"Av. Deniz Can K\u0131z\u0131l\",\"description\":\"Avukat Deniz Can K\u0131z\u0131l Antalya Barosu\",\"publisher\":{\"@id\":\"https:\/\/denizcankizil.tr\/de\/#organization\"},\"potentialAction\":[{\"@type\":\"SearchAction\",\"target\":{\"@type\":\"EntryPoint\",\"urlTemplate\":\"https:\/\/denizcankizil.tr\/de\/?s={search_term_string}\"},\"query-input\":{\"@type\":\"PropertyValueSpecification\",\"valueRequired\":true,\"valueName\":\"search_term_string\"}}],\"inLanguage\":\"en-GB\"},{\"@type\":\"Organization\",\"@id\":\"https:\/\/denizcankizil.tr\/de\/#organization\",\"name\":\"Av. Deniz Can K\u0131z\u0131l\",\"url\":\"https:\/\/denizcankizil.tr\/de\/\",\"logo\":{\"@type\":\"ImageObject\",\"inLanguage\":\"en-GB\",\"@id\":\"https:\/\/denizcankizil.tr\/de\/#\/schema\/logo\/image\/\",\"url\":\"http:\/\/denizcankizil.tr\/wp-content\/uploads\/2024\/10\/siyah-logo-svg.svg\",\"contentUrl\":\"http:\/\/denizcankizil.tr\/wp-content\/uploads\/2024\/10\/siyah-logo-svg.svg\",\"width\":1080,\"height\":1080,\"caption\":\"Av. Deniz Can K\u0131z\u0131l\"},\"image\":{\"@id\":\"https:\/\/denizcankizil.tr\/de\/#\/schema\/logo\/image\/\"}},{\"@type\":\"Person\",\"@id\":\"https:\/\/denizcankizil.tr\/de\/#\/schema\/person\/be3c05fe6a12686905512445d8185489\",\"name\":\"admin\",\"image\":{\"@type\":\"ImageObject\",\"inLanguage\":\"en-GB\",\"@id\":\"https:\/\/denizcankizil.tr\/de\/#\/schema\/person\/image\/\",\"url\":\"https:\/\/secure.gravatar.com\/avatar\/c1fce94c830dc79107e174f890d7210541c4a63e8e5d816341794a2151c9d58c?s=96&d=mm&r=g\",\"contentUrl\":\"https:\/\/secure.gravatar.com\/avatar\/c1fce94c830dc79107e174f890d7210541c4a63e8e5d816341794a2151c9d58c?s=96&d=mm&r=g\",\"caption\":\"admin\"},\"sameAs\":[\"http:\/\/denizcankizil.tr\"],\"url\":\"https:\/\/www.iskenderun.org\/izmir-bornovada-yol-yapim-calismalari-hiz-kesmiyor\"}]}<\/script>\n<!-- \/ Yoast SEO Premium plugin. -->","yoast_head_json":{"title":"\u0130zmir Bornova\u2019da yol yap\u0131m \u00e7al\u0131\u015fmalar\u0131 h\u0131z kesmiyor - Av. Deniz Can K\u0131z\u0131l","robots":{"index":"index","follow":"follow","max-snippet":"max-snippet:-1","max-image-preview":"max-image-preview:large","max-video-preview":"max-video-preview:-1"},"canonical":"http:\/\/denizcankizil.tr\/en\/haberler\/gundem\/izmir-bornovada-yol-yapim-calismalari-hiz-kesmiyor\/","og_locale":"en_GB","og_type":"article","og_title":"\u0130zmir Bornova\u2019da yol yap\u0131m \u00e7al\u0131\u015fmalar\u0131 h\u0131z kesmiyor","og_description":"\u0130zmir Bornova Belediyesi, Okullar B\u00f6lgesi\u2019nde ba\u015flatt\u0131\u011f\u0131 yol yenileme ve kav\u015fak d\u00fczenleme \u00e7al\u0131\u015fmalar\u0131n\u0131 tamamlad\u0131ktan sonra \u0130zelta\u015f Yan Yolu olarak bilinen Bornova Caddesi\u2019nde de kav\u015fak, geni\u015fletme ve asfaltlama \u00e7al\u0131\u015fmalar\u0131 ger\u00e7ekle\u015ftirecek. Belediye Ba\u015fkan\u0131 \u00d6mer E\u015fki, projelerin b\u00f6lgedeki trafik yo\u011funlu\u011funu azaltarak daha g\u00fcvenli bir ula\u015f\u0131m sa\u011flayaca\u011f\u0131n\u0131 belirtti.\u0130ZM\u0130R (\u0130GFA) &#8211;\u00a0\u00c7al\u0131\u015fmalar kapsam\u0131nda Bornova Caddesi, Kemalpa\u015fa Caddesi\u2019ne kadar 7 metre geni\u015fletilerek \u015ferit say\u0131s\u0131 art\u0131r\u0131lacak ve asfalt\u0131 yenilenecek. Yol \u00fczerindeki k\u00f6pr\u00fcn\u00fcn bitiminde bir kav\u015fak d\u00fczenlemesi yap\u0131lacak. Bu kav\u015faktan Otogar y\u00f6n\u00fcne do\u011fru 20 metre geni\u015fli\u011finde yeni bir yan yol a\u00e7\u0131lacak. Trafik rahatlayacak, kazalar\u0131n\u0131n \u00f6n\u00fcne ge\u00e7ilecek B\u00f6lgeye kazand\u0131r\u0131lacak yeni kav\u015fak d\u00fczenlemesi ve geni\u015fletme \u00e7al\u0131\u015fmalar\u0131 ile s\u0131k\u00e7a meydana gelen trafik kazalar\u0131n\u0131n \u00f6nlenmesi ama\u00e7lan\u0131yor. \u00d6zellikle Otogar y\u00f6n\u00fcne do\u011fru yap\u0131lacak yan yol sayesinde de trafi\u011fin daha ak\u0131c\u0131 hale getirilmesi hedefleniyor. Ba\u015fkan \u00d6mer E\u015fki \u00e7al\u0131\u015fmalar\u0131 yerinde inceledi Bornova Belediye Ba\u015fkan\u0131 \u00d6mer E\u015fki, ilgili personelle birlikte \u00e7al\u0131\u015fmalar\u0131n yap\u0131laca\u011f\u0131 b\u00f6lgelerde incelemelerde bulundu. Ba\u015fkan E\u015fki, k\u0131sa s\u00fcre i\u00e7inde ba\u015flayacak projeyle ilgili: \u201cOkullar b\u00f6lgesinde bir asfalt ve kav\u015fak d\u00fczenlemesi yap\u0131yoruz. Ordinaryus Prof. Muhiddin Erel Caddesi\u2019nin devam\u0131ndaki \u0130zelta\u015f k\u00f6pr\u00fcs\u00fcnde de iki \u00f6nemli \u00e7al\u0131\u015fma planlad\u0131k. Yeni kav\u015fak ile Otogar y\u00f6n\u00fcne bir yan yol a\u00e7\u0131yoruz. Bornova Caddesi\u2019nde ise yol geni\u015fletme \u00e7al\u0131\u015fmas\u0131 yaparak buradaki \u015ferit say\u0131s\u0131n\u0131 art\u0131r\u0131yoruz. Yenilenen asfalt ve d\u00fczenlemelerle b\u00f6lgedeki trafik ak\u0131\u015f\u0131n\u0131 \u00e7ok daha g\u00fcvenli ve rahat hale getirece\u011fiz\u201d diye &hellip;","og_url":"http:\/\/denizcankizil.tr\/en\/haberler\/gundem\/izmir-bornovada-yol-yapim-calismalari-hiz-kesmiyor\/","og_site_name":"Av. Deniz Can K\u0131z\u0131l","article_published_time":"2025-01-23T09:42:07+00:00","author":"admin","twitter_card":"summary_large_image","twitter_misc":{"Written by":"admin","Estimated reading time":"3 minutes"},"schema":{"@context":"https:\/\/schema.org","@graph":[{"@type":"Article","@id":"http:\/\/denizcankizil.tr\/en\/haberler\/gundem\/izmir-bornovada-yol-yapim-calismalari-hiz-kesmiyor\/#article","isPartOf":{"@id":"http:\/\/denizcankizil.tr\/en\/haberler\/gundem\/izmir-bornovada-yol-yapim-calismalari-hiz-kesmiyor\/"},"author":{"name":"admin","@id":"https:\/\/denizcankizil.tr\/de\/#\/schema\/person\/be3c05fe6a12686905512445d8185489"},"headline":"\u0130zmir Bornova\u2019da yol yap\u0131m \u00e7al\u0131\u015fmalar\u0131 h\u0131z kesmiyor","datePublished":"2025-01-23T09:42:07+00:00","mainEntityOfPage":{"@id":"http:\/\/denizcankizil.tr\/en\/haberler\/gundem\/izmir-bornovada-yol-yapim-calismalari-hiz-kesmiyor\/"},"wordCount":643,"commentCount":0,"publisher":{"@id":"https:\/\/denizcankizil.tr\/de\/#organization"},"articleSection":["G\u00fcndem"],"inLanguage":"en-GB","potentialAction":[{"@type":"CommentAction","name":"Comment","target":["http:\/\/denizcankizil.tr\/en\/haberler\/gundem\/izmir-bornovada-yol-yapim-calismalari-hiz-kesmiyor\/#respond"]}]},{"@type":"WebPage","@id":"http:\/\/denizcankizil.tr\/en\/haberler\/gundem\/izmir-bornovada-yol-yapim-calismalari-hiz-kesmiyor\/","url":"http:\/\/denizcankizil.tr\/en\/haberler\/gundem\/izmir-bornovada-yol-yapim-calismalari-hiz-kesmiyor\/","name":"\u0130zmir Bornova\u2019da yol yap\u0131m \u00e7al\u0131\u015fmalar\u0131 h\u0131z kesmiyor - Av. Deniz Can K\u0131z\u0131l","isPartOf":{"@id":"https:\/\/denizcankizil.tr\/de\/#website"},"datePublished":"2025-01-23T09:42:07+00:00","breadcrumb":{"@id":"http:\/\/denizcankizil.tr\/en\/haberler\/gundem\/izmir-bornovada-yol-yapim-calismalari-hiz-kesmiyor\/#breadcrumb"},"inLanguage":"en-GB","potentialAction":[{"@type":"ReadAction","target":["http:\/\/denizcankizil.tr\/en\/haberler\/gundem\/izmir-bornovada-yol-yapim-calismalari-hiz-kesmiyor\/"]}]},{"@type":"BreadcrumbList","@id":"http:\/\/denizcankizil.tr\/en\/haberler\/gundem\/izmir-bornovada-yol-yapim-calismalari-hiz-kesmiyor\/#breadcrumb","itemListElement":[{"@type":"ListItem","position":1,"name":"Home","item":"https:\/\/denizcankizil.tr\/de\/"},{"@type":"ListItem","position":2,"name":"\u0130zmir Bornova\u2019da yol yap\u0131m \u00e7al\u0131\u015fmalar\u0131 h\u0131z kesmiyor"}]},{"@type":"WebSite","@id":"https:\/\/denizcankizil.tr\/de\/#website","url":"https:\/\/denizcankizil.tr\/de\/","name":"Av. Deniz Can K\u0131z\u0131l","description":"Avukat Deniz Can K\u0131z\u0131l Antalya Barosu","publisher":{"@id":"https:\/\/denizcankizil.tr\/de\/#organization"},"potentialAction":[{"@type":"SearchAction","target":{"@type":"EntryPoint","urlTemplate":"https:\/\/denizcankizil.tr\/de\/?s={search_term_string}"},"query-input":{"@type":"PropertyValueSpecification","valueRequired":true,"valueName":"search_term_string"}}],"inLanguage":"en-GB"},{"@type":"Organization","@id":"https:\/\/denizcankizil.tr\/de\/#organization","name":"Av. Deniz Can K\u0131z\u0131l","url":"https:\/\/denizcankizil.tr\/de\/","logo":{"@type":"ImageObject","inLanguage":"en-GB","@id":"https:\/\/denizcankizil.tr\/de\/#\/schema\/logo\/image\/","url":"http:\/\/denizcankizil.tr\/wp-content\/uploads\/2024\/10\/siyah-logo-svg.svg","contentUrl":"http:\/\/denizcankizil.tr\/wp-content\/uploads\/2024\/10\/siyah-logo-svg.svg","width":1080,"height":1080,"caption":"Av. Deniz Can K\u0131z\u0131l"},"image":{"@id":"https:\/\/denizcankizil.tr\/de\/#\/schema\/logo\/image\/"}},{"@type":"Person","@id":"https:\/\/denizcankizil.tr\/de\/#\/schema\/person\/be3c05fe6a12686905512445d8185489","name":"admin","image":{"@type":"ImageObject","inLanguage":"en-GB","@id":"https:\/\/denizcankizil.tr\/de\/#\/schema\/person\/image\/","url":"https:\/\/secure.gravatar.com\/avatar\/c1fce94c830dc79107e174f890d7210541c4a63e8e5d816341794a2151c9d58c?s=96&d=mm&r=g","contentUrl":"https:\/\/secure.gravatar.com\/avatar\/c1fce94c830dc79107e174f890d7210541c4a63e8e5d816341794a2151c9d58c?s=96&d=mm&r=g","caption":"admin"},"sameAs":["http:\/\/denizcankizil.tr"],"url":"https:\/\/www.iskenderun.org\/izmir-bornovada-yol-yapim-calismalari-hiz-kesmiyor"}]}},"_links":{"self":[{"href":"http:\/\/denizcankizil.tr\/en\/wp-json\/wp\/v2\/posts\/26928","targetHints":{"allow":["GET"]}}],"collection":[{"href":"http:\/\/denizcankizil.tr\/en\/wp-json\/wp\/v2\/posts"}],"about":[{"href":"http:\/\/denizcankizil.tr\/en\/wp-json\/wp\/v2\/types\/post"}],"author":[{"embeddable":true,"href":"http:\/\/denizcankizil.tr\/en\/wp-json\/wp\/v2\/users\/1"}],"replies":[{"embeddable":true,"href":"http:\/\/denizcankizil.tr\/en\/wp-json\/wp\/v2\/comments?post=26928"}],"version-history":[{"count":0,"href":"http:\/\/denizcankizil.tr\/en\/wp-json\/wp\/v2\/posts\/26928\/revisions"}],"wp:attachment":[{"href":"http:\/\/denizcankizil.tr\/en\/wp-json\/wp\/v2\/media?parent=26928"}],"wp:term":[{"taxonomy":"category","embeddable":true,"href":"http:\/\/denizcankizil.tr\/en\/wp-json\/wp\/v2\/categories?post=26928"},{"taxonomy":"post_tag","embeddable":true,"href":"http:\/\/denizcankizil.tr\/en\/wp-json\/wp\/v2\/tags?post=26928"}],"curies":[{"name":"wp","href":"https:\/\/api.w.org\/{rel}","templated":true}]}}