{"id":26913,"date":"2025-01-23T12:41:49","date_gmt":"2025-01-23T09:41:49","guid":{"rendered":"https:\/\/denizcankizil.tr\/uncategorized-tr\/antalyada-gencler-gun-sayiyor-30-ocakta-soz-onlarda-olacak\/"},"modified":"2025-01-23T12:41:49","modified_gmt":"2025-01-23T09:41:49","slug":"antalyada-gencler-gun-sayiyor-30-ocakta-soz-onlarda-olacak","status":"publish","type":"post","link":"http:\/\/denizcankizil.tr\/en\/haberler\/gundem\/antalyada-gencler-gun-sayiyor-30-ocakta-soz-onlarda-olacak\/","title":{"rendered":"Antalya\u2019da gen\u00e7ler g\u00fcn say\u0131yor: 30 Ocak\u2019ta s\u00f6z onlarda olacak!"},"content":{"rendered":"<p>Gen\u00e7lerin yerelde karar alma mekanizmalar\u0131na kat\u0131l\u0131m\u0131n\u0131 artt\u0131rmay\u0131, kat\u0131l\u0131m alanlar\u0131n\u0131 geni\u015fletmeyi ve mevcut kat\u0131l\u0131m mekanizmalar\u0131n\u0131 d\u00f6n\u00fc\u015ft\u00fcrmeyi hedefleyen Yerel Gen\u00e7lik Politikas\u0131 Program\u0131 ba\u015fl\u0131yor. Antalya B\u00fcy\u00fck\u015fehir Belediyesi, kentteki gen\u00e7lik \u00f6rg\u00fctleri ve gen\u00e7ler ile birlikte bir y\u0131l boyunca yap\u0131lacak \u00e7al\u0131\u015fmalar\u0131n ard\u0131ndan Antalya Yerel Gen\u00e7lik Politikas\u0131n\u0131 belirleyecek.<\/p>\n<p>GEN\u00c7LER \u0130\u00c7\u0130N \u00d6NEML\u0130 B\u0130R \u00c7ALI\u015eTAY<\/p>\n<p>Antalya\u2019da gen\u00e7lerin gelecek 1 y\u0131l i\u00e7in ge\u00e7erli olacak politikalar\u0131n olu\u015fturaca\u011f\u0131 toplant\u0131 30 Ocak\u2019ta ger\u00e7ekle\u015ftirilecek. Toplant\u0131yla ilgili yap\u0131lan a\u00e7\u0131klamada; \u201cAntalya Tan\u0131t\u0131m Toplant\u0131s\u0131\u2019nda, bir y\u0131l boyunca yap\u0131lacak \u00e7al\u0131\u015fmalar\u0131, program\u0131n sana sunacaklar\u0131n\u0131 ve programa nas\u0131l dahil olabilece\u011fini \u00f6\u011freneceksin. Ayr\u0131ca, gen\u00e7ler, gen\u00e7lik \u00f6rg\u00fctleri, gen\u00e7lik \u00e7al\u0131\u015fanlar\u0131 ve belediyelerinin bu s\u00fcre\u00e7te nas\u0131l yer alaca\u011f\u0131n\u0131 ke\u015ffedeceksin. Antalya\u2019daki gen\u00e7lerin ve gen\u00e7lik \u00f6rg\u00fctlerinin ihtiya\u00e7lar\u0131n\u0131 analiz edece\u011fiz. Gen\u00e7ler, gen\u00e7lik \u00f6rg\u00fctleri ve gen\u00e7lik \u00e7al\u0131\u015fanlar\u0131yla kapasite geli\u015ftirme \u00e7al\u0131\u015fmalar\u0131 y\u00fcr\u00fctece\u011fiz. Antalya B\u00fcy\u00fck\u015fehir Belediyesi\u2019nin vaatlerini, programlar\u0131n\u0131 ve planlar\u0131n\u0131 izleyip de\u011ferlendirece\u011fiz. Gen\u00e7lik Forumu\u2019nda gen\u00e7lerin ihtiya\u00e7lar\u0131n\u0131 tart\u0131\u015faca\u011f\u0131z. Antalya Yerel Gen\u00e7lik Politikas\u0131n\u0131 birlikte \u015fekillendirece\u011fiz\u201d denildi.<\/p>\n<p>GEN\u00c7LER TEMS\u0130L\u0130YET HAKKINI \u0130ST\u0130YOR<\/p>\n<p>\u201cGen\u00e7ler olarak n\u00fcfusun yakla\u015f\u0131k y\u00fczde 20\u2019sini olu\u015fturuyoruz ama temsiliyetimiz bu oranda m\u0131? \u00d6rne\u011fin, son yerel se\u00e7im sonu\u00e7lar\u0131na g\u00f6re se\u00e7ilen belediye ba\u015fkanlar\u0131n\u0131n sadece y\u00fczde 0,8\u2019i gen\u00e7. Son genel se\u00e7imlerde ise se\u00e7ilen milletvekillerinin oran\u0131 da yakla\u015f\u0131k y\u00fczde 0,8\u201d \u015feklinde yap\u0131lan a\u00e7\u0131klamada; \u201cGen\u00e7ler karar alma mekanizmalar\u0131nda yer alm\u0131yor. Peki, mekanizmalar\u0131 ne kadar tan\u0131yoruz? Karar almak i\u00e7in se\u00e7ilmi\u015f olmak m\u0131 gerekiyor? Kat\u0131l\u0131m sand\u0131kta m\u0131 bitiyor? E\u011fer senin de ya\u015fad\u0131\u011f\u0131n kente dair s\u00f6yleyeceklerin varsa hemen kaydol. Program tan\u0131t\u0131m\u0131n\u0131n ard\u0131ndan yerel y\u00f6netimdeki b\u00fcrokratlar, gen\u00e7lik \u00e7al\u0131\u015fanlar\u0131, gen\u00e7lik \u00f6rg\u00fctleri ve gen\u00e7lik politikas\u0131n\u0131 \u015fekillendirmek isteyen gen\u00e7lerle tan\u0131\u015fabilece\u011fin bir bulu\u015fma olacak\u201d denildi.<\/p>\n<p>\u200bAntalya B\u00fcy\u00fck\u015fehir Belediyesi\u2019nin ev sahipli\u011finde 30 Ocak tarihinde bir araya gelecek olan gen\u00e7ler sorunlar\u0131n\u0131, istek ve taleplerini hayk\u0131racak. Atat\u00fcrk K\u00fclt\u00fcr Merkezi\u2019nde d\u00fczenlenecek olan \u00e7al\u0131\u015ftaya y\u00fczlerce gencin kat\u0131lmas\u0131 bekleniyor.\u00a0<\/p>\n<p>\u200bHaberin Al\u0131nt\u0131land\u0131\u011f\u0131 Kaynak: www.antalyakorfez.com<\/p>","protected":false},"excerpt":{"rendered":"<p>Gen\u00e7lerin yerelde karar alma mekanizmalar\u0131na kat\u0131l\u0131m\u0131n\u0131 artt\u0131rmay\u0131, kat\u0131l\u0131m alanlar\u0131n\u0131 geni\u015fletmeyi ve mevcut kat\u0131l\u0131m mekanizmalar\u0131n\u0131 d\u00f6n\u00fc\u015ft\u00fcrmeyi hedefleyen Yerel Gen\u00e7lik Politikas\u0131 Program\u0131 ba\u015fl\u0131yor. Antalya B\u00fcy\u00fck\u015fehir Belediyesi, kentteki gen\u00e7lik \u00f6rg\u00fctleri ve gen\u00e7ler ile birlikte bir y\u0131l boyunca yap\u0131lacak \u00e7al\u0131\u015fmalar\u0131n ard\u0131ndan Antalya Yerel Gen\u00e7lik Politikas\u0131n\u0131 belirleyecek. GEN\u00c7LER \u0130\u00c7\u0130N \u00d6NEML\u0130 B\u0130R \u00c7ALI\u015eTAY Antalya\u2019da gen\u00e7lerin gelecek 1 y\u0131l i\u00e7in ge\u00e7erli olacak politikalar\u0131n olu\u015fturaca\u011f\u0131 toplant\u0131 30 Ocak\u2019ta ger\u00e7ekle\u015ftirilecek. Toplant\u0131yla ilgili yap\u0131lan a\u00e7\u0131klamada; \u201cAntalya Tan\u0131t\u0131m Toplant\u0131s\u0131\u2019nda, bir y\u0131l boyunca yap\u0131lacak \u00e7al\u0131\u015fmalar\u0131, program\u0131n sana sunacaklar\u0131n\u0131 ve programa nas\u0131l dahil olabilece\u011fini \u00f6\u011freneceksin. Ayr\u0131ca, gen\u00e7ler, gen\u00e7lik \u00f6rg\u00fctleri, gen\u00e7lik \u00e7al\u0131\u015fanlar\u0131 ve belediyelerinin bu s\u00fcre\u00e7te nas\u0131l yer alaca\u011f\u0131n\u0131 ke\u015ffedeceksin. Antalya\u2019daki gen\u00e7lerin ve gen\u00e7lik \u00f6rg\u00fctlerinin ihtiya\u00e7lar\u0131n\u0131 analiz edece\u011fiz. Gen\u00e7ler, gen\u00e7lik \u00f6rg\u00fctleri ve gen\u00e7lik \u00e7al\u0131\u015fanlar\u0131yla kapasite geli\u015ftirme \u00e7al\u0131\u015fmalar\u0131 y\u00fcr\u00fctece\u011fiz. Antalya B\u00fcy\u00fck\u015fehir Belediyesi\u2019nin vaatlerini, programlar\u0131n\u0131 ve planlar\u0131n\u0131 izleyip de\u011ferlendirece\u011fiz. Gen\u00e7lik Forumu\u2019nda gen\u00e7lerin ihtiya\u00e7lar\u0131n\u0131 tart\u0131\u015faca\u011f\u0131z. Antalya Yerel Gen\u00e7lik Politikas\u0131n\u0131 birlikte \u015fekillendirece\u011fiz\u201d denildi. GEN\u00c7LER TEMS\u0130L\u0130YET HAKKINI \u0130ST\u0130YOR \u201cGen\u00e7ler olarak n\u00fcfusun yakla\u015f\u0131k y\u00fczde 20\u2019sini olu\u015fturuyoruz ama temsiliyetimiz bu oranda m\u0131? \u00d6rne\u011fin, son yerel se\u00e7im sonu\u00e7lar\u0131na g\u00f6re se\u00e7ilen belediye ba\u015fkanlar\u0131n\u0131n sadece y\u00fczde 0,8\u2019i gen\u00e7. Son genel se\u00e7imlerde ise se\u00e7ilen milletvekillerinin oran\u0131 da yakla\u015f\u0131k y\u00fczde 0,8\u201d \u015feklinde yap\u0131lan a\u00e7\u0131klamada; \u201cGen\u00e7ler karar alma mekanizmalar\u0131nda yer alm\u0131yor. Peki, mekanizmalar\u0131 ne kadar tan\u0131yoruz? Karar almak i\u00e7in se\u00e7ilmi\u015f olmak m\u0131 gerekiyor? Kat\u0131l\u0131m sand\u0131kta m\u0131 bitiyor? &hellip;<\/p>","protected":false},"author":5,"featured_media":0,"comment_status":"open","ping_status":"open","sticky":false,"template":"","format":"standard","meta":{"_acf_changed":false,"footnotes":""},"categories":[24],"tags":[],"class_list":["post-26913","post","type-post","status-publish","format-standard","has-post-thumbnail","hentry","category-gundem"],"acf":[],"yoast_head":"<!-- This site is optimized with the Yoast SEO Premium plugin v26.6 (Yoast SEO v27.1.1) - https:\/\/yoast.com\/product\/yoast-seo-premium-wordpress\/ -->\n<title>Antalya\u2019da gen\u00e7ler g\u00fcn say\u0131yor: 30 Ocak\u2019ta s\u00f6z onlarda olacak! - Av. Deniz Can K\u0131z\u0131l<\/title>\n<meta name=\"robots\" content=\"index, follow, max-snippet:-1, max-image-preview:large, max-video-preview:-1\" \/>\n<link rel=\"canonical\" href=\"http:\/\/denizcankizil.tr\/en\/haberler\/gundem\/antalyada-gencler-gun-sayiyor-30-ocakta-soz-onlarda-olacak\/\" \/>\n<meta property=\"og:locale\" content=\"en_GB\" \/>\n<meta property=\"og:type\" content=\"article\" \/>\n<meta property=\"og:title\" content=\"Antalya\u2019da gen\u00e7ler g\u00fcn say\u0131yor: 30 Ocak\u2019ta s\u00f6z onlarda olacak!\" \/>\n<meta property=\"og:description\" content=\"Gen\u00e7lerin yerelde karar alma mekanizmalar\u0131na kat\u0131l\u0131m\u0131n\u0131 artt\u0131rmay\u0131, kat\u0131l\u0131m alanlar\u0131n\u0131 geni\u015fletmeyi ve mevcut kat\u0131l\u0131m mekanizmalar\u0131n\u0131 d\u00f6n\u00fc\u015ft\u00fcrmeyi hedefleyen Yerel Gen\u00e7lik Politikas\u0131 Program\u0131 ba\u015fl\u0131yor. Antalya B\u00fcy\u00fck\u015fehir Belediyesi, kentteki gen\u00e7lik \u00f6rg\u00fctleri ve gen\u00e7ler ile birlikte bir y\u0131l boyunca yap\u0131lacak \u00e7al\u0131\u015fmalar\u0131n ard\u0131ndan Antalya Yerel Gen\u00e7lik Politikas\u0131n\u0131 belirleyecek. GEN\u00c7LER \u0130\u00c7\u0130N \u00d6NEML\u0130 B\u0130R \u00c7ALI\u015eTAY Antalya\u2019da gen\u00e7lerin gelecek 1 y\u0131l i\u00e7in ge\u00e7erli olacak politikalar\u0131n olu\u015fturaca\u011f\u0131 toplant\u0131 30 Ocak\u2019ta ger\u00e7ekle\u015ftirilecek. Toplant\u0131yla ilgili yap\u0131lan a\u00e7\u0131klamada; \u201cAntalya Tan\u0131t\u0131m Toplant\u0131s\u0131\u2019nda, bir y\u0131l boyunca yap\u0131lacak \u00e7al\u0131\u015fmalar\u0131, program\u0131n sana sunacaklar\u0131n\u0131 ve programa nas\u0131l dahil olabilece\u011fini \u00f6\u011freneceksin. Ayr\u0131ca, gen\u00e7ler, gen\u00e7lik \u00f6rg\u00fctleri, gen\u00e7lik \u00e7al\u0131\u015fanlar\u0131 ve belediyelerinin bu s\u00fcre\u00e7te nas\u0131l yer alaca\u011f\u0131n\u0131 ke\u015ffedeceksin. Antalya\u2019daki gen\u00e7lerin ve gen\u00e7lik \u00f6rg\u00fctlerinin ihtiya\u00e7lar\u0131n\u0131 analiz edece\u011fiz. Gen\u00e7ler, gen\u00e7lik \u00f6rg\u00fctleri ve gen\u00e7lik \u00e7al\u0131\u015fanlar\u0131yla kapasite geli\u015ftirme \u00e7al\u0131\u015fmalar\u0131 y\u00fcr\u00fctece\u011fiz. Antalya B\u00fcy\u00fck\u015fehir Belediyesi\u2019nin vaatlerini, programlar\u0131n\u0131 ve planlar\u0131n\u0131 izleyip de\u011ferlendirece\u011fiz. Gen\u00e7lik Forumu\u2019nda gen\u00e7lerin ihtiya\u00e7lar\u0131n\u0131 tart\u0131\u015faca\u011f\u0131z. Antalya Yerel Gen\u00e7lik Politikas\u0131n\u0131 birlikte \u015fekillendirece\u011fiz\u201d denildi. GEN\u00c7LER TEMS\u0130L\u0130YET HAKKINI \u0130ST\u0130YOR \u201cGen\u00e7ler olarak n\u00fcfusun yakla\u015f\u0131k y\u00fczde 20\u2019sini olu\u015fturuyoruz ama temsiliyetimiz bu oranda m\u0131? \u00d6rne\u011fin, son yerel se\u00e7im sonu\u00e7lar\u0131na g\u00f6re se\u00e7ilen belediye ba\u015fkanlar\u0131n\u0131n sadece y\u00fczde 0,8\u2019i gen\u00e7. Son genel se\u00e7imlerde ise se\u00e7ilen milletvekillerinin oran\u0131 da yakla\u015f\u0131k y\u00fczde 0,8\u201d \u015feklinde yap\u0131lan a\u00e7\u0131klamada; \u201cGen\u00e7ler karar alma mekanizmalar\u0131nda yer alm\u0131yor. Peki, mekanizmalar\u0131 ne kadar tan\u0131yoruz? Karar almak i\u00e7in se\u00e7ilmi\u015f olmak m\u0131 gerekiyor? Kat\u0131l\u0131m sand\u0131kta m\u0131 bitiyor? &hellip;\" \/>\n<meta property=\"og:url\" content=\"http:\/\/denizcankizil.tr\/en\/haberler\/gundem\/antalyada-gencler-gun-sayiyor-30-ocakta-soz-onlarda-olacak\/\" \/>\n<meta property=\"og:site_name\" content=\"Av. Deniz Can K\u0131z\u0131l\" \/>\n<meta property=\"article:published_time\" content=\"2025-01-23T09:41:49+00:00\" \/>\n<meta name=\"author\" content=\"Antalya K\u00f6rfez\" \/>\n<meta name=\"twitter:card\" content=\"summary_large_image\" \/>\n<meta name=\"twitter:label1\" content=\"Written by\" \/>\n\t<meta name=\"twitter:data1\" content=\"Antalya K\u00f6rfez\" \/>\n\t<meta name=\"twitter:label2\" content=\"Estimated reading time\" \/>\n\t<meta name=\"twitter:data2\" content=\"2 minutes\" \/>\n<script type=\"application\/ld+json\" class=\"yoast-schema-graph\">{\"@context\":\"https:\/\/schema.org\",\"@graph\":[{\"@type\":\"Article\",\"@id\":\"http:\/\/denizcankizil.tr\/en\/haberler\/gundem\/antalyada-gencler-gun-sayiyor-30-ocakta-soz-onlarda-olacak\/#article\",\"isPartOf\":{\"@id\":\"http:\/\/denizcankizil.tr\/en\/haberler\/gundem\/antalyada-gencler-gun-sayiyor-30-ocakta-soz-onlarda-olacak\/\"},\"author\":{\"name\":\"Antalya K\u00f6rfez\",\"@id\":\"https:\/\/denizcankizil.tr\/de\/#\/schema\/person\/e1eb71bb4dd684d46563f0af307e1234\"},\"headline\":\"Antalya\u2019da gen\u00e7ler g\u00fcn say\u0131yor: 30 Ocak\u2019ta s\u00f6z onlarda olacak!\",\"datePublished\":\"2025-01-23T09:41:49+00:00\",\"mainEntityOfPage\":{\"@id\":\"http:\/\/denizcankizil.tr\/en\/haberler\/gundem\/antalyada-gencler-gun-sayiyor-30-ocakta-soz-onlarda-olacak\/\"},\"wordCount\":454,\"commentCount\":0,\"publisher\":{\"@id\":\"https:\/\/denizcankizil.tr\/de\/#organization\"},\"articleSection\":[\"G\u00fcndem\"],\"inLanguage\":\"en-GB\",\"potentialAction\":[{\"@type\":\"CommentAction\",\"name\":\"Comment\",\"target\":[\"http:\/\/denizcankizil.tr\/en\/haberler\/gundem\/antalyada-gencler-gun-sayiyor-30-ocakta-soz-onlarda-olacak\/#respond\"]}]},{\"@type\":\"WebPage\",\"@id\":\"http:\/\/denizcankizil.tr\/en\/haberler\/gundem\/antalyada-gencler-gun-sayiyor-30-ocakta-soz-onlarda-olacak\/\",\"url\":\"http:\/\/denizcankizil.tr\/en\/haberler\/gundem\/antalyada-gencler-gun-sayiyor-30-ocakta-soz-onlarda-olacak\/\",\"name\":\"Antalya\u2019da gen\u00e7ler g\u00fcn say\u0131yor: 30 Ocak\u2019ta s\u00f6z onlarda olacak! - Av. Deniz Can K\u0131z\u0131l\",\"isPartOf\":{\"@id\":\"https:\/\/denizcankizil.tr\/de\/#website\"},\"datePublished\":\"2025-01-23T09:41:49+00:00\",\"breadcrumb\":{\"@id\":\"http:\/\/denizcankizil.tr\/en\/haberler\/gundem\/antalyada-gencler-gun-sayiyor-30-ocakta-soz-onlarda-olacak\/#breadcrumb\"},\"inLanguage\":\"en-GB\",\"potentialAction\":[{\"@type\":\"ReadAction\",\"target\":[\"http:\/\/denizcankizil.tr\/en\/haberler\/gundem\/antalyada-gencler-gun-sayiyor-30-ocakta-soz-onlarda-olacak\/\"]}]},{\"@type\":\"BreadcrumbList\",\"@id\":\"http:\/\/denizcankizil.tr\/en\/haberler\/gundem\/antalyada-gencler-gun-sayiyor-30-ocakta-soz-onlarda-olacak\/#breadcrumb\",\"itemListElement\":[{\"@type\":\"ListItem\",\"position\":1,\"name\":\"Home\",\"item\":\"https:\/\/denizcankizil.tr\/de\/\"},{\"@type\":\"ListItem\",\"position\":2,\"name\":\"Antalya\u2019da gen\u00e7ler g\u00fcn say\u0131yor: 30 Ocak\u2019ta s\u00f6z onlarda olacak!\"}]},{\"@type\":\"WebSite\",\"@id\":\"https:\/\/denizcankizil.tr\/de\/#website\",\"url\":\"https:\/\/denizcankizil.tr\/de\/\",\"name\":\"Av. Deniz Can K\u0131z\u0131l\",\"description\":\"Avukat Deniz Can K\u0131z\u0131l Antalya Barosu\",\"publisher\":{\"@id\":\"https:\/\/denizcankizil.tr\/de\/#organization\"},\"potentialAction\":[{\"@type\":\"SearchAction\",\"target\":{\"@type\":\"EntryPoint\",\"urlTemplate\":\"https:\/\/denizcankizil.tr\/de\/?s={search_term_string}\"},\"query-input\":{\"@type\":\"PropertyValueSpecification\",\"valueRequired\":true,\"valueName\":\"search_term_string\"}}],\"inLanguage\":\"en-GB\"},{\"@type\":\"Organization\",\"@id\":\"https:\/\/denizcankizil.tr\/de\/#organization\",\"name\":\"Av. Deniz Can K\u0131z\u0131l\",\"url\":\"https:\/\/denizcankizil.tr\/de\/\",\"logo\":{\"@type\":\"ImageObject\",\"inLanguage\":\"en-GB\",\"@id\":\"https:\/\/denizcankizil.tr\/de\/#\/schema\/logo\/image\/\",\"url\":\"http:\/\/denizcankizil.tr\/wp-content\/uploads\/2024\/10\/siyah-logo-svg.svg\",\"contentUrl\":\"http:\/\/denizcankizil.tr\/wp-content\/uploads\/2024\/10\/siyah-logo-svg.svg\",\"width\":1080,\"height\":1080,\"caption\":\"Av. Deniz Can K\u0131z\u0131l\"},\"image\":{\"@id\":\"https:\/\/denizcankizil.tr\/de\/#\/schema\/logo\/image\/\"}},{\"@type\":\"Person\",\"@id\":\"https:\/\/denizcankizil.tr\/de\/#\/schema\/person\/e1eb71bb4dd684d46563f0af307e1234\",\"name\":\"Antalya K\u00f6rfez\",\"image\":{\"@type\":\"ImageObject\",\"inLanguage\":\"en-GB\",\"@id\":\"https:\/\/denizcankizil.tr\/de\/#\/schema\/person\/image\/\",\"url\":\"https:\/\/secure.gravatar.com\/avatar\/42b01982558a48a0b501fdcab6a408d3717ea5919095ee2e67b0e521799c5905?s=96&d=mm&r=g\",\"contentUrl\":\"https:\/\/secure.gravatar.com\/avatar\/42b01982558a48a0b501fdcab6a408d3717ea5919095ee2e67b0e521799c5905?s=96&d=mm&r=g\",\"caption\":\"Antalya K\u00f6rfez\"},\"sameAs\":[\"http:\/\/www.antalyakorfez.com\"],\"url\":\"https:\/\/www.antalyakorfez.com\/antalyada-gencler-gun-sayiyor-30-ocakta-soz-onlarda-olacak\"}]}<\/script>\n<!-- \/ Yoast SEO Premium plugin. -->","yoast_head_json":{"title":"Antalya\u2019da gen\u00e7ler g\u00fcn say\u0131yor: 30 Ocak\u2019ta s\u00f6z onlarda olacak! - Av. Deniz Can K\u0131z\u0131l","robots":{"index":"index","follow":"follow","max-snippet":"max-snippet:-1","max-image-preview":"max-image-preview:large","max-video-preview":"max-video-preview:-1"},"canonical":"http:\/\/denizcankizil.tr\/en\/haberler\/gundem\/antalyada-gencler-gun-sayiyor-30-ocakta-soz-onlarda-olacak\/","og_locale":"en_GB","og_type":"article","og_title":"Antalya\u2019da gen\u00e7ler g\u00fcn say\u0131yor: 30 Ocak\u2019ta s\u00f6z onlarda olacak!","og_description":"Gen\u00e7lerin yerelde karar alma mekanizmalar\u0131na kat\u0131l\u0131m\u0131n\u0131 artt\u0131rmay\u0131, kat\u0131l\u0131m alanlar\u0131n\u0131 geni\u015fletmeyi ve mevcut kat\u0131l\u0131m mekanizmalar\u0131n\u0131 d\u00f6n\u00fc\u015ft\u00fcrmeyi hedefleyen Yerel Gen\u00e7lik Politikas\u0131 Program\u0131 ba\u015fl\u0131yor. Antalya B\u00fcy\u00fck\u015fehir Belediyesi, kentteki gen\u00e7lik \u00f6rg\u00fctleri ve gen\u00e7ler ile birlikte bir y\u0131l boyunca yap\u0131lacak \u00e7al\u0131\u015fmalar\u0131n ard\u0131ndan Antalya Yerel Gen\u00e7lik Politikas\u0131n\u0131 belirleyecek. GEN\u00c7LER \u0130\u00c7\u0130N \u00d6NEML\u0130 B\u0130R \u00c7ALI\u015eTAY Antalya\u2019da gen\u00e7lerin gelecek 1 y\u0131l i\u00e7in ge\u00e7erli olacak politikalar\u0131n olu\u015fturaca\u011f\u0131 toplant\u0131 30 Ocak\u2019ta ger\u00e7ekle\u015ftirilecek. Toplant\u0131yla ilgili yap\u0131lan a\u00e7\u0131klamada; \u201cAntalya Tan\u0131t\u0131m Toplant\u0131s\u0131\u2019nda, bir y\u0131l boyunca yap\u0131lacak \u00e7al\u0131\u015fmalar\u0131, program\u0131n sana sunacaklar\u0131n\u0131 ve programa nas\u0131l dahil olabilece\u011fini \u00f6\u011freneceksin. Ayr\u0131ca, gen\u00e7ler, gen\u00e7lik \u00f6rg\u00fctleri, gen\u00e7lik \u00e7al\u0131\u015fanlar\u0131 ve belediyelerinin bu s\u00fcre\u00e7te nas\u0131l yer alaca\u011f\u0131n\u0131 ke\u015ffedeceksin. Antalya\u2019daki gen\u00e7lerin ve gen\u00e7lik \u00f6rg\u00fctlerinin ihtiya\u00e7lar\u0131n\u0131 analiz edece\u011fiz. Gen\u00e7ler, gen\u00e7lik \u00f6rg\u00fctleri ve gen\u00e7lik \u00e7al\u0131\u015fanlar\u0131yla kapasite geli\u015ftirme \u00e7al\u0131\u015fmalar\u0131 y\u00fcr\u00fctece\u011fiz. Antalya B\u00fcy\u00fck\u015fehir Belediyesi\u2019nin vaatlerini, programlar\u0131n\u0131 ve planlar\u0131n\u0131 izleyip de\u011ferlendirece\u011fiz. Gen\u00e7lik Forumu\u2019nda gen\u00e7lerin ihtiya\u00e7lar\u0131n\u0131 tart\u0131\u015faca\u011f\u0131z. Antalya Yerel Gen\u00e7lik Politikas\u0131n\u0131 birlikte \u015fekillendirece\u011fiz\u201d denildi. GEN\u00c7LER TEMS\u0130L\u0130YET HAKKINI \u0130ST\u0130YOR \u201cGen\u00e7ler olarak n\u00fcfusun yakla\u015f\u0131k y\u00fczde 20\u2019sini olu\u015fturuyoruz ama temsiliyetimiz bu oranda m\u0131? \u00d6rne\u011fin, son yerel se\u00e7im sonu\u00e7lar\u0131na g\u00f6re se\u00e7ilen belediye ba\u015fkanlar\u0131n\u0131n sadece y\u00fczde 0,8\u2019i gen\u00e7. Son genel se\u00e7imlerde ise se\u00e7ilen milletvekillerinin oran\u0131 da yakla\u015f\u0131k y\u00fczde 0,8\u201d \u015feklinde yap\u0131lan a\u00e7\u0131klamada; \u201cGen\u00e7ler karar alma mekanizmalar\u0131nda yer alm\u0131yor. Peki, mekanizmalar\u0131 ne kadar tan\u0131yoruz? Karar almak i\u00e7in se\u00e7ilmi\u015f olmak m\u0131 gerekiyor? Kat\u0131l\u0131m sand\u0131kta m\u0131 bitiyor? &hellip;","og_url":"http:\/\/denizcankizil.tr\/en\/haberler\/gundem\/antalyada-gencler-gun-sayiyor-30-ocakta-soz-onlarda-olacak\/","og_site_name":"Av. Deniz Can K\u0131z\u0131l","article_published_time":"2025-01-23T09:41:49+00:00","author":"Antalya K\u00f6rfez","twitter_card":"summary_large_image","twitter_misc":{"Written by":"Antalya K\u00f6rfez","Estimated reading time":"2 minutes"},"schema":{"@context":"https:\/\/schema.org","@graph":[{"@type":"Article","@id":"http:\/\/denizcankizil.tr\/en\/haberler\/gundem\/antalyada-gencler-gun-sayiyor-30-ocakta-soz-onlarda-olacak\/#article","isPartOf":{"@id":"http:\/\/denizcankizil.tr\/en\/haberler\/gundem\/antalyada-gencler-gun-sayiyor-30-ocakta-soz-onlarda-olacak\/"},"author":{"name":"Antalya K\u00f6rfez","@id":"https:\/\/denizcankizil.tr\/de\/#\/schema\/person\/e1eb71bb4dd684d46563f0af307e1234"},"headline":"Antalya\u2019da gen\u00e7ler g\u00fcn say\u0131yor: 30 Ocak\u2019ta s\u00f6z onlarda olacak!","datePublished":"2025-01-23T09:41:49+00:00","mainEntityOfPage":{"@id":"http:\/\/denizcankizil.tr\/en\/haberler\/gundem\/antalyada-gencler-gun-sayiyor-30-ocakta-soz-onlarda-olacak\/"},"wordCount":454,"commentCount":0,"publisher":{"@id":"https:\/\/denizcankizil.tr\/de\/#organization"},"articleSection":["G\u00fcndem"],"inLanguage":"en-GB","potentialAction":[{"@type":"CommentAction","name":"Comment","target":["http:\/\/denizcankizil.tr\/en\/haberler\/gundem\/antalyada-gencler-gun-sayiyor-30-ocakta-soz-onlarda-olacak\/#respond"]}]},{"@type":"WebPage","@id":"http:\/\/denizcankizil.tr\/en\/haberler\/gundem\/antalyada-gencler-gun-sayiyor-30-ocakta-soz-onlarda-olacak\/","url":"http:\/\/denizcankizil.tr\/en\/haberler\/gundem\/antalyada-gencler-gun-sayiyor-30-ocakta-soz-onlarda-olacak\/","name":"Antalya\u2019da gen\u00e7ler g\u00fcn say\u0131yor: 30 Ocak\u2019ta s\u00f6z onlarda olacak! - Av. Deniz Can K\u0131z\u0131l","isPartOf":{"@id":"https:\/\/denizcankizil.tr\/de\/#website"},"datePublished":"2025-01-23T09:41:49+00:00","breadcrumb":{"@id":"http:\/\/denizcankizil.tr\/en\/haberler\/gundem\/antalyada-gencler-gun-sayiyor-30-ocakta-soz-onlarda-olacak\/#breadcrumb"},"inLanguage":"en-GB","potentialAction":[{"@type":"ReadAction","target":["http:\/\/denizcankizil.tr\/en\/haberler\/gundem\/antalyada-gencler-gun-sayiyor-30-ocakta-soz-onlarda-olacak\/"]}]},{"@type":"BreadcrumbList","@id":"http:\/\/denizcankizil.tr\/en\/haberler\/gundem\/antalyada-gencler-gun-sayiyor-30-ocakta-soz-onlarda-olacak\/#breadcrumb","itemListElement":[{"@type":"ListItem","position":1,"name":"Home","item":"https:\/\/denizcankizil.tr\/de\/"},{"@type":"ListItem","position":2,"name":"Antalya\u2019da gen\u00e7ler g\u00fcn say\u0131yor: 30 Ocak\u2019ta s\u00f6z onlarda olacak!"}]},{"@type":"WebSite","@id":"https:\/\/denizcankizil.tr\/de\/#website","url":"https:\/\/denizcankizil.tr\/de\/","name":"Av. Deniz Can K\u0131z\u0131l","description":"Avukat Deniz Can K\u0131z\u0131l Antalya Barosu","publisher":{"@id":"https:\/\/denizcankizil.tr\/de\/#organization"},"potentialAction":[{"@type":"SearchAction","target":{"@type":"EntryPoint","urlTemplate":"https:\/\/denizcankizil.tr\/de\/?s={search_term_string}"},"query-input":{"@type":"PropertyValueSpecification","valueRequired":true,"valueName":"search_term_string"}}],"inLanguage":"en-GB"},{"@type":"Organization","@id":"https:\/\/denizcankizil.tr\/de\/#organization","name":"Av. Deniz Can K\u0131z\u0131l","url":"https:\/\/denizcankizil.tr\/de\/","logo":{"@type":"ImageObject","inLanguage":"en-GB","@id":"https:\/\/denizcankizil.tr\/de\/#\/schema\/logo\/image\/","url":"http:\/\/denizcankizil.tr\/wp-content\/uploads\/2024\/10\/siyah-logo-svg.svg","contentUrl":"http:\/\/denizcankizil.tr\/wp-content\/uploads\/2024\/10\/siyah-logo-svg.svg","width":1080,"height":1080,"caption":"Av. Deniz Can K\u0131z\u0131l"},"image":{"@id":"https:\/\/denizcankizil.tr\/de\/#\/schema\/logo\/image\/"}},{"@type":"Person","@id":"https:\/\/denizcankizil.tr\/de\/#\/schema\/person\/e1eb71bb4dd684d46563f0af307e1234","name":"Antalya K\u00f6rfez","image":{"@type":"ImageObject","inLanguage":"en-GB","@id":"https:\/\/denizcankizil.tr\/de\/#\/schema\/person\/image\/","url":"https:\/\/secure.gravatar.com\/avatar\/42b01982558a48a0b501fdcab6a408d3717ea5919095ee2e67b0e521799c5905?s=96&d=mm&r=g","contentUrl":"https:\/\/secure.gravatar.com\/avatar\/42b01982558a48a0b501fdcab6a408d3717ea5919095ee2e67b0e521799c5905?s=96&d=mm&r=g","caption":"Antalya K\u00f6rfez"},"sameAs":["http:\/\/www.antalyakorfez.com"],"url":"https:\/\/www.antalyakorfez.com\/antalyada-gencler-gun-sayiyor-30-ocakta-soz-onlarda-olacak"}]}},"_links":{"self":[{"href":"http:\/\/denizcankizil.tr\/en\/wp-json\/wp\/v2\/posts\/26913","targetHints":{"allow":["GET"]}}],"collection":[{"href":"http:\/\/denizcankizil.tr\/en\/wp-json\/wp\/v2\/posts"}],"about":[{"href":"http:\/\/denizcankizil.tr\/en\/wp-json\/wp\/v2\/types\/post"}],"author":[{"embeddable":true,"href":"http:\/\/denizcankizil.tr\/en\/wp-json\/wp\/v2\/users\/5"}],"replies":[{"embeddable":true,"href":"http:\/\/denizcankizil.tr\/en\/wp-json\/wp\/v2\/comments?post=26913"}],"version-history":[{"count":0,"href":"http:\/\/denizcankizil.tr\/en\/wp-json\/wp\/v2\/posts\/26913\/revisions"}],"wp:attachment":[{"href":"http:\/\/denizcankizil.tr\/en\/wp-json\/wp\/v2\/media?parent=26913"}],"wp:term":[{"taxonomy":"category","embeddable":true,"href":"http:\/\/denizcankizil.tr\/en\/wp-json\/wp\/v2\/categories?post=26913"},{"taxonomy":"post_tag","embeddable":true,"href":"http:\/\/denizcankizil.tr\/en\/wp-json\/wp\/v2\/tags?post=26913"}],"curies":[{"name":"wp","href":"https:\/\/api.w.org\/{rel}","templated":true}]}}