{"id":26434,"date":"2025-01-21T08:41:35","date_gmt":"2025-01-21T05:41:35","guid":{"rendered":"https:\/\/denizcankizil.tr\/uncategorized-tr\/e-skuterlere-yerlilik-sarti\/"},"modified":"2025-01-21T08:41:35","modified_gmt":"2025-01-21T05:41:35","slug":"e-skuterlere-yerlilik-sarti","status":"publish","type":"post","link":"http:\/\/denizcankizil.tr\/en\/haberler\/gundem\/e-skuterlere-yerlilik-sarti\/","title":{"rendered":"&#8216;E-Skuter&#8217;lere yerlilik \u015fart\u0131!"},"content":{"rendered":"<p>Payla\u015f\u0131ml\u0131 e-skuter y\u00f6netmeli\u011finde d\u00fczenleme yap\u0131laca\u011f\u0131n\u0131 duyuran Ula\u015ft\u0131rma ve Altyap\u0131 Bakan\u0131 Abdulkadir Uralo\u011flu, d\u00fczenlemenin e-skuterler\u0131n h\u0131zlar\u0131n\u0131n otomatik olarak d\u00fc\u015f\u00fcr\u00fclmesinden yerlilik \u015fart\u0131na kadar geni\u015f bir yelpazeyi kapsad\u0131\u011f\u0131n\u0131 a\u00e7\u0131klad\u0131. Bakan Uralo\u011flu, elektrikli skuterler ile ilgili y\u00f6netmelik de\u011fi\u015fiklik tasla\u011f\u0131nda olduklar\u0131n\u0131 s\u00f6yledi.ANKARA (\u0130GFA) &#8211; Ula\u015ft\u0131rma ve Altyap\u0131 Bakan\u0131 Abdulkadir Uralo\u011flu, elektrikli skuterlerla (e-skuter) ilgili bir y\u00f6netmelik de\u011fi\u015fiklik tasla\u011f\u0131 haz\u0131rland\u0131\u011f\u0131n\u0131 bildirdi.<br \/>\nPayla\u015f\u0131ml\u0131 e-skuter kullan\u0131m\u0131 s\u0131ras\u0131nda ya\u015fanan teredd\u00fctler, sorunlar ve \u00e7evre \u00fczerindeki olumsuz etkileri en aza indirmek amac\u0131yla 2021 y\u0131l\u0131nda konuya ili\u015fkin bir y\u00f6netmeli\u011fin y\u00fcr\u00fcrl\u00fc\u011fe al\u0131nd\u0131\u011f\u0131n\u0131 an\u0131msatan Bakan Uralo\u011flu, ortaya \u00e7\u0131kan ihtiya\u00e7lar nedeniyle y\u00fcr\u00fcrl\u00fckte bulunan y\u00f6netmelikte \u00f6nemli de\u011fi\u015fiklikler yap\u0131laca\u011f\u0131n\u0131 duyurdu.<br \/>\n\u0130\u015eLETMEC\u0130LERE E-SKUTER VER\u0130LER\u0130N\u0130 KOLLUK KUVVETLER\u0130 VE BELED\u0130YELER \u0130LE PAYLA\u015eMA ZORUNLULU\u011eU GET\u0130R\u0130LECEK<br \/>\nBakan Uralo\u011flu, s\u00f6z konusu d\u00fczenlemenin sekt\u00f6re y\u00f6nelik g\u00f6zlemler ve ihtiya\u00e7lar\u0131 g\u00f6z \u00f6n\u00fcne alarak haz\u0131rland\u0131\u011f\u0131n\u0131 belirterek, &#8220;\u0093Yapaca\u011f\u0131m\u0131z d\u00fczenleme ile i\u015fletmelere, Ula\u015ft\u0131rma ve Altyap\u0131 Bakanl\u0131\u011f\u0131na ait ta\u015f\u0131mac\u0131l\u0131k veri taban\u0131na kaydedilen e-skuter faaliyetlerinden elde edilen kullan\u0131m verilerini kolluk kuvvetleri ve belediyeler ile payla\u015fma zorunlulu\u011fu getirece\u011fiz. Bu sayede denetimleri s\u0131kla\u015ft\u0131rarak s\u00fcr\u00fc\u015f g\u00fcvenli\u011fini art\u0131raca\u011f\u0131z&#8221; dedi.<\/p>\n<p>Y\u00f6netmelik de\u011fi\u015fikli\u011fi kapsam\u0131nda trafik d\u00fczeni ve g\u00fcvenli\u011fini sa\u011flaman\u0131n yan\u0131 s\u0131ra h\u0131z limitlerine uyulmas\u0131 ad\u0131na da \u00f6nemli de\u011fi\u015fiklikler yapacaklar\u0131n\u0131 kaydeden Bakan Uralo\u011flu, &#8220;\u0093E-skuterler\u0131n yasakl\u0131 b\u00f6lgelere giri\u015finin \u00f6n\u00fcne ge\u00e7ece\u011fiz. \u00d6zellikle h\u0131z s\u0131n\u0131r\u0131n\u0131n y\u00fcksek oldu\u011fu yollara giren e-skuterler tespit edilecek ve i\u015fletmeciler taraf\u0131ndan kullan\u0131c\u0131lara ikaz gidecek. \u0130\u015fletmeciler girmesi yasak olan b\u00f6lgelere giren e-skuterler\u0131n h\u0131zlar\u0131n\u0131 otomatik olarak d\u00fc\u015f\u00fcrecek. H\u0131z limitleriyle ilgili gerekli tedbirleri almayan i\u015fletmecilere 6 bin 923 lira idari para cezas\u0131 verilecek&#8221; diye konu\u015ftu.<br \/>\nBu arada kullan\u0131c\u0131lara y\u00f6nelik hizmet kalitesinin y\u00fckseltilmesi i\u00e7in de de\u011fi\u015fiklikler yapt\u0131klar\u0131n\u0131 belirten Bakan Uralo\u011flu, &#8220;\u0093E-skuter i\u015fletmelerinin \u00e7a\u011fr\u0131 merkezlerine ve mobil uygulamalar\u0131na iletilen \u015fikayetlerin en k\u0131sa s\u00fcrede \u00e7\u00f6z\u00fclmesi sa\u011flanacak. Kullan\u0131c\u0131lara g\u00fcvenlik y\u00fck\u00fcml\u00fcl\u00fckleri ile ilgili bilgi verilecek. \u0130\u015fletmeler \u015farj seviyesi durumunu, gidilebilecek tahmini mesafeleri ve anl\u0131k \u00fccret bilgisini anl\u0131k olarak bildirecek. Kullan\u0131c\u0131ya y\u00f6nlendirme amac\u0131yla harita hizmeti sunulacak&#8221; dedi.<br \/>\nD\u00fczenleme sonras\u0131 e-skuterler\u0131n devrilme veya kazalar\u0131n\u0131n i\u015fletmeci firmalar taraf\u0131ndan kay\u0131t alt\u0131na al\u0131naca\u011f\u0131n\u0131 ifade eden Bakan Uralo\u011flu, kaza ve \u015fik\u00e2yet bilgilerinin ayl\u0131k periyotlarla Bakanl\u0131k veri taban\u0131na kaydedilece\u011fini s\u00f6yledi. Uralo\u011flu, hizmette bulunan e-skuterler\u0131n en az y\u00fczde 20 \u015farj seviyesine sahip olmas\u0131n\u0131n zorunlu olaca\u011f\u0131n\u0131n da alt\u0131n\u0131 \u00e7izdi.<\/p>\n<p>\u200bPayla\u015f\u0131ml\u0131 e-skuter y\u00f6netmeli\u011finde d\u00fczenleme yap\u0131laca\u011f\u0131n\u0131 duyuran Ula\u015ft\u0131rma ve Altyap\u0131 Bakan\u0131 Abdulkadir Uralo\u011flu, d\u00fczenlemenin e-skuterler\u0131n h\u0131zlar\u0131n\u0131n otomatik olarak d\u00fc\u015f\u00fcr\u00fclmesinden yerlilik \u015fart\u0131na kadar geni\u015f bir yelpazeyi kapsad\u0131\u011f\u0131n\u0131 a\u00e7\u0131klad\u0131. Bakan Uralo\u011flu, elektrikli skuterler ile ilgili y\u00f6netmelik de\u011fi\u015fiklik tasla\u011f\u0131nda olduklar\u0131n\u0131 s\u00f6yledi.ANKARA (\u0130GFA) &#8211; Ula\u015ft\u0131rma ve Altyap\u0131 Bakan\u0131 Abdulkadir Uralo\u011flu, elektrikli skuterlerla (e-skuter) ilgili bir y\u00f6netmelik de\u011fi\u015fiklik tasla\u011f\u0131 haz\u0131rland\u0131\u011f\u0131n\u0131 bildirdi.<br \/>\nPayla\u015f\u0131ml\u0131 e-skuter kullan\u0131m\u0131 s\u0131ras\u0131nda ya\u015fanan teredd\u00fctler, sorunlar ve \u00e7evre \u00fczerindeki olumsuz etkileri en aza indirmek amac\u0131yla 2021 y\u0131l\u0131nda konuya ili\u015fkin bir y\u00f6netmeli\u011fin y\u00fcr\u00fcrl\u00fc\u011fe al\u0131nd\u0131\u011f\u0131n\u0131 an\u0131msatan Bakan Uralo\u011flu, ortaya \u00e7\u0131kan ihtiya\u00e7lar nedeniyle y\u00fcr\u00fcrl\u00fckte bulunan y\u00f6netmelikte \u00f6nemli de\u011fi\u015fiklikler yap\u0131laca\u011f\u0131n\u0131 duyurdu.<br \/>\n\u0130\u015eLETMEC\u0130LERE E-SKUTER VER\u0130LER\u0130N\u0130 KOLLUK KUVVETLER\u0130 VE BELED\u0130YELER \u0130LE PAYLA\u015eMA ZORUNLULU\u011eU GET\u0130R\u0130LECEK<br \/>\nBakan Uralo\u011flu, s\u00f6z konusu d\u00fczenlemenin sekt\u00f6re y\u00f6nelik g\u00f6zlemler ve ihtiya\u00e7lar\u0131 g\u00f6z \u00f6n\u00fcne alarak haz\u0131rland\u0131\u011f\u0131n\u0131 belirterek, &#8220;\u0093Yapaca\u011f\u0131m\u0131z d\u00fczenleme ile i\u015fletmelere, Ula\u015ft\u0131rma ve Altyap\u0131 Bakanl\u0131\u011f\u0131na ait ta\u015f\u0131mac\u0131l\u0131k veri taban\u0131na kaydedilen e-skuter faaliyetlerinden elde edilen kullan\u0131m verilerini kolluk kuvvetleri ve belediyeler ile payla\u015fma zorunlulu\u011fu getirece\u011fiz. Bu sayede denetimleri s\u0131kla\u015ft\u0131rarak s\u00fcr\u00fc\u015f g\u00fcvenli\u011fini art\u0131raca\u011f\u0131z&#8221; dedi.<\/p>\n<p>Y\u00f6netmelik de\u011fi\u015fikli\u011fi kapsam\u0131nda trafik d\u00fczeni ve g\u00fcvenli\u011fini sa\u011flaman\u0131n yan\u0131 s\u0131ra h\u0131z limitlerine uyulmas\u0131 ad\u0131na da \u00f6nemli de\u011fi\u015fiklikler yapacaklar\u0131n\u0131 kaydeden Bakan Uralo\u011flu, &#8220;\u0093E-skuterler\u0131n yasakl\u0131 b\u00f6lgelere giri\u015finin \u00f6n\u00fcne ge\u00e7ece\u011fiz. \u00d6zellikle h\u0131z s\u0131n\u0131r\u0131n\u0131n y\u00fcksek oldu\u011fu yollara giren e-skuterler tespit edilecek ve i\u015fletmeciler taraf\u0131ndan kullan\u0131c\u0131lara ikaz gidecek. \u0130\u015fletmeciler girmesi yasak olan b\u00f6lgelere giren e-skuterler\u0131n h\u0131zlar\u0131n\u0131 otomatik olarak d\u00fc\u015f\u00fcrecek. H\u0131z limitleriyle ilgili gerekli tedbirleri almayan i\u015fletmecilere 6 bin 923 lira idari para cezas\u0131 verilecek&#8221; diye konu\u015ftu.<br \/>\nBu arada kullan\u0131c\u0131lara y\u00f6nelik hizmet kalitesinin y\u00fckseltilmesi i\u00e7in de de\u011fi\u015fiklikler yapt\u0131klar\u0131n\u0131 belirten Bakan Uralo\u011flu, &#8220;\u0093E-skuter i\u015fletmelerinin \u00e7a\u011fr\u0131 merkezlerine ve mobil uygulamalar\u0131na iletilen \u015fikayetlerin en k\u0131sa s\u00fcrede \u00e7\u00f6z\u00fclmesi sa\u011flanacak. Kullan\u0131c\u0131lara g\u00fcvenlik y\u00fck\u00fcml\u00fcl\u00fckleri ile ilgili bilgi verilecek. \u0130\u015fletmeler \u015farj seviyesi durumunu, gidilebilecek tahmini mesafeleri ve anl\u0131k \u00fccret bilgisini anl\u0131k olarak bildirecek. Kullan\u0131c\u0131ya y\u00f6nlendirme amac\u0131yla harita hizmeti sunulacak&#8221; dedi.<br \/>\nD\u00fczenleme sonras\u0131 e-skuterler\u0131n devrilme veya kazalar\u0131n\u0131n i\u015fletmeci firmalar taraf\u0131ndan kay\u0131t alt\u0131na al\u0131naca\u011f\u0131n\u0131 ifade eden Bakan Uralo\u011flu, kaza ve \u015fik\u00e2yet bilgilerinin ayl\u0131k periyotlarla Bakanl\u0131k veri taban\u0131na kaydedilece\u011fini s\u00f6yledi. Uralo\u011flu, hizmette bulunan e-skuterler\u0131n en az y\u00fczde 20 \u015farj seviyesine sahip olmas\u0131n\u0131n zorunlu olaca\u011f\u0131n\u0131n da alt\u0131n\u0131 \u00e7izdi.\u00a0<\/p>\n<p>\u200bHaberin Al\u0131nt\u0131land\u0131\u011f\u0131 Kaynak: www.iskenderun.org<\/p>","protected":false},"excerpt":{"rendered":"<p>Payla\u015f\u0131ml\u0131 e-skuter y\u00f6netmeli\u011finde d\u00fczenleme yap\u0131laca\u011f\u0131n\u0131 duyuran Ula\u015ft\u0131rma ve Altyap\u0131 Bakan\u0131 Abdulkadir Uralo\u011flu, d\u00fczenlemenin e-skuterler\u0131n h\u0131zlar\u0131n\u0131n otomatik olarak d\u00fc\u015f\u00fcr\u00fclmesinden yerlilik \u015fart\u0131na kadar geni\u015f bir yelpazeyi kapsad\u0131\u011f\u0131n\u0131 a\u00e7\u0131klad\u0131. Bakan Uralo\u011flu, elektrikli skuterler ile ilgili y\u00f6netmelik de\u011fi\u015fiklik tasla\u011f\u0131nda olduklar\u0131n\u0131 s\u00f6yledi.ANKARA (\u0130GFA) &#8211; Ula\u015ft\u0131rma ve Altyap\u0131 Bakan\u0131 Abdulkadir Uralo\u011flu, elektrikli skuterlerla (e-skuter) ilgili bir y\u00f6netmelik de\u011fi\u015fiklik tasla\u011f\u0131 haz\u0131rland\u0131\u011f\u0131n\u0131 bildirdi. Payla\u015f\u0131ml\u0131 e-skuter kullan\u0131m\u0131 s\u0131ras\u0131nda ya\u015fanan teredd\u00fctler, sorunlar ve \u00e7evre \u00fczerindeki olumsuz etkileri en aza indirmek amac\u0131yla 2021 y\u0131l\u0131nda konuya ili\u015fkin bir y\u00f6netmeli\u011fin y\u00fcr\u00fcrl\u00fc\u011fe al\u0131nd\u0131\u011f\u0131n\u0131 an\u0131msatan Bakan Uralo\u011flu, ortaya \u00e7\u0131kan ihtiya\u00e7lar nedeniyle y\u00fcr\u00fcrl\u00fckte bulunan y\u00f6netmelikte \u00f6nemli de\u011fi\u015fiklikler yap\u0131laca\u011f\u0131n\u0131 duyurdu. \u0130\u015eLETMEC\u0130LERE E-SKUTER VER\u0130LER\u0130N\u0130 KOLLUK KUVVETLER\u0130 VE BELED\u0130YELER \u0130LE PAYLA\u015eMA ZORUNLULU\u011eU GET\u0130R\u0130LECEK Bakan Uralo\u011flu, s\u00f6z konusu d\u00fczenlemenin sekt\u00f6re y\u00f6nelik g\u00f6zlemler ve ihtiya\u00e7lar\u0131 g\u00f6z \u00f6n\u00fcne alarak haz\u0131rland\u0131\u011f\u0131n\u0131 belirterek, &#8220;\u0093Yapaca\u011f\u0131m\u0131z d\u00fczenleme ile i\u015fletmelere, Ula\u015ft\u0131rma ve Altyap\u0131 Bakanl\u0131\u011f\u0131na ait ta\u015f\u0131mac\u0131l\u0131k veri taban\u0131na kaydedilen e-skuter faaliyetlerinden elde edilen kullan\u0131m verilerini kolluk kuvvetleri ve belediyeler ile payla\u015fma zorunlulu\u011fu getirece\u011fiz. Bu sayede denetimleri s\u0131kla\u015ft\u0131rarak s\u00fcr\u00fc\u015f g\u00fcvenli\u011fini art\u0131raca\u011f\u0131z&#8221; dedi. Y\u00f6netmelik de\u011fi\u015fikli\u011fi kapsam\u0131nda trafik d\u00fczeni ve g\u00fcvenli\u011fini sa\u011flaman\u0131n yan\u0131 s\u0131ra h\u0131z limitlerine uyulmas\u0131 ad\u0131na da \u00f6nemli de\u011fi\u015fiklikler yapacaklar\u0131n\u0131 kaydeden Bakan Uralo\u011flu, &#8220;\u0093E-skuterler\u0131n yasakl\u0131 b\u00f6lgelere giri\u015finin \u00f6n\u00fcne ge\u00e7ece\u011fiz. \u00d6zellikle h\u0131z s\u0131n\u0131r\u0131n\u0131n y\u00fcksek oldu\u011fu yollara giren e-skuterler tespit edilecek ve i\u015fletmeciler taraf\u0131ndan kullan\u0131c\u0131lara ikaz gidecek. \u0130\u015fletmeciler girmesi yasak &hellip;<\/p>","protected":false},"author":1,"featured_media":0,"comment_status":"open","ping_status":"open","sticky":false,"template":"","format":"standard","meta":{"_acf_changed":false,"footnotes":""},"categories":[24],"tags":[],"class_list":["post-26434","post","type-post","status-publish","format-standard","has-post-thumbnail","hentry","category-gundem"],"acf":[],"yoast_head":"<!-- This site is optimized with the Yoast SEO Premium plugin v26.6 (Yoast SEO v27.1.1) - https:\/\/yoast.com\/product\/yoast-seo-premium-wordpress\/ -->\n<title>&#039;E-Skuter&#039;lere yerlilik \u015fart\u0131! - Av. Deniz Can K\u0131z\u0131l<\/title>\n<meta name=\"robots\" content=\"index, follow, max-snippet:-1, max-image-preview:large, max-video-preview:-1\" \/>\n<link rel=\"canonical\" href=\"https:\/\/denizcankizil.tr\/en\/haberler\/gundem\/e-skuterlere-yerlilik-sarti\/\" \/>\n<meta property=\"og:locale\" content=\"en_GB\" \/>\n<meta property=\"og:type\" content=\"article\" \/>\n<meta property=\"og:title\" content=\"&#039;E-Skuter&#039;lere yerlilik \u015fart\u0131!\" \/>\n<meta property=\"og:description\" content=\"Payla\u015f\u0131ml\u0131 e-skuter y\u00f6netmeli\u011finde d\u00fczenleme yap\u0131laca\u011f\u0131n\u0131 duyuran Ula\u015ft\u0131rma ve Altyap\u0131 Bakan\u0131 Abdulkadir Uralo\u011flu, d\u00fczenlemenin e-skuterler\u0131n h\u0131zlar\u0131n\u0131n otomatik olarak d\u00fc\u015f\u00fcr\u00fclmesinden yerlilik \u015fart\u0131na kadar geni\u015f bir yelpazeyi kapsad\u0131\u011f\u0131n\u0131 a\u00e7\u0131klad\u0131. Bakan Uralo\u011flu, elektrikli skuterler ile ilgili y\u00f6netmelik de\u011fi\u015fiklik tasla\u011f\u0131nda olduklar\u0131n\u0131 s\u00f6yledi.ANKARA (\u0130GFA) &#8211; Ula\u015ft\u0131rma ve Altyap\u0131 Bakan\u0131 Abdulkadir Uralo\u011flu, elektrikli skuterlerla (e-skuter) ilgili bir y\u00f6netmelik de\u011fi\u015fiklik tasla\u011f\u0131 haz\u0131rland\u0131\u011f\u0131n\u0131 bildirdi. Payla\u015f\u0131ml\u0131 e-skuter kullan\u0131m\u0131 s\u0131ras\u0131nda ya\u015fanan teredd\u00fctler, sorunlar ve \u00e7evre \u00fczerindeki olumsuz etkileri en aza indirmek amac\u0131yla 2021 y\u0131l\u0131nda konuya ili\u015fkin bir y\u00f6netmeli\u011fin y\u00fcr\u00fcrl\u00fc\u011fe al\u0131nd\u0131\u011f\u0131n\u0131 an\u0131msatan Bakan Uralo\u011flu, ortaya \u00e7\u0131kan ihtiya\u00e7lar nedeniyle y\u00fcr\u00fcrl\u00fckte bulunan y\u00f6netmelikte \u00f6nemli de\u011fi\u015fiklikler yap\u0131laca\u011f\u0131n\u0131 duyurdu. \u0130\u015eLETMEC\u0130LERE E-SKUTER VER\u0130LER\u0130N\u0130 KOLLUK KUVVETLER\u0130 VE BELED\u0130YELER \u0130LE PAYLA\u015eMA ZORUNLULU\u011eU GET\u0130R\u0130LECEK Bakan Uralo\u011flu, s\u00f6z konusu d\u00fczenlemenin sekt\u00f6re y\u00f6nelik g\u00f6zlemler ve ihtiya\u00e7lar\u0131 g\u00f6z \u00f6n\u00fcne alarak haz\u0131rland\u0131\u011f\u0131n\u0131 belirterek, &#8220;\u0093Yapaca\u011f\u0131m\u0131z d\u00fczenleme ile i\u015fletmelere, Ula\u015ft\u0131rma ve Altyap\u0131 Bakanl\u0131\u011f\u0131na ait ta\u015f\u0131mac\u0131l\u0131k veri taban\u0131na kaydedilen e-skuter faaliyetlerinden elde edilen kullan\u0131m verilerini kolluk kuvvetleri ve belediyeler ile payla\u015fma zorunlulu\u011fu getirece\u011fiz. Bu sayede denetimleri s\u0131kla\u015ft\u0131rarak s\u00fcr\u00fc\u015f g\u00fcvenli\u011fini art\u0131raca\u011f\u0131z&#8221; dedi. Y\u00f6netmelik de\u011fi\u015fikli\u011fi kapsam\u0131nda trafik d\u00fczeni ve g\u00fcvenli\u011fini sa\u011flaman\u0131n yan\u0131 s\u0131ra h\u0131z limitlerine uyulmas\u0131 ad\u0131na da \u00f6nemli de\u011fi\u015fiklikler yapacaklar\u0131n\u0131 kaydeden Bakan Uralo\u011flu, &#8220;\u0093E-skuterler\u0131n yasakl\u0131 b\u00f6lgelere giri\u015finin \u00f6n\u00fcne ge\u00e7ece\u011fiz. \u00d6zellikle h\u0131z s\u0131n\u0131r\u0131n\u0131n y\u00fcksek oldu\u011fu yollara giren e-skuterler tespit edilecek ve i\u015fletmeciler taraf\u0131ndan kullan\u0131c\u0131lara ikaz gidecek. \u0130\u015fletmeciler girmesi yasak &hellip;\" \/>\n<meta property=\"og:url\" content=\"https:\/\/denizcankizil.tr\/en\/haberler\/gundem\/e-skuterlere-yerlilik-sarti\/\" \/>\n<meta property=\"og:site_name\" content=\"Av. Deniz Can K\u0131z\u0131l\" \/>\n<meta property=\"article:published_time\" content=\"2025-01-21T05:41:35+00:00\" \/>\n<meta name=\"author\" content=\"admin\" \/>\n<meta name=\"twitter:card\" content=\"summary_large_image\" \/>\n<meta name=\"twitter:label1\" content=\"Written by\" \/>\n\t<meta name=\"twitter:data1\" content=\"admin\" \/>\n\t<meta name=\"twitter:label2\" content=\"Estimated reading time\" \/>\n\t<meta name=\"twitter:data2\" content=\"5 minutes\" \/>\n<script type=\"application\/ld+json\" class=\"yoast-schema-graph\">{\"@context\":\"https:\/\/schema.org\",\"@graph\":[{\"@type\":\"Article\",\"@id\":\"https:\/\/denizcankizil.tr\/uk\/haberler\/gundem\/e-skuterlere-yerlilik-sarti\/#article\",\"isPartOf\":{\"@id\":\"https:\/\/denizcankizil.tr\/uk\/haberler\/gundem\/e-skuterlere-yerlilik-sarti\/\"},\"author\":{\"name\":\"admin\",\"@id\":\"https:\/\/denizcankizil.tr\/de\/#\/schema\/person\/be3c05fe6a12686905512445d8185489\"},\"headline\":\"&#8216;E-Skuter&#8217;lere yerlilik \u015fart\u0131!\",\"datePublished\":\"2025-01-21T05:41:35+00:00\",\"mainEntityOfPage\":{\"@id\":\"https:\/\/denizcankizil.tr\/uk\/haberler\/gundem\/e-skuterlere-yerlilik-sarti\/\"},\"wordCount\":1058,\"commentCount\":0,\"publisher\":{\"@id\":\"https:\/\/denizcankizil.tr\/de\/#organization\"},\"articleSection\":[\"G\u00fcndem\"],\"inLanguage\":\"en-GB\",\"potentialAction\":[{\"@type\":\"CommentAction\",\"name\":\"Comment\",\"target\":[\"https:\/\/denizcankizil.tr\/uk\/haberler\/gundem\/e-skuterlere-yerlilik-sarti\/#respond\"]}]},{\"@type\":\"WebPage\",\"@id\":\"https:\/\/denizcankizil.tr\/uk\/haberler\/gundem\/e-skuterlere-yerlilik-sarti\/\",\"url\":\"https:\/\/denizcankizil.tr\/uk\/haberler\/gundem\/e-skuterlere-yerlilik-sarti\/\",\"name\":\"'E-Skuter'lere yerlilik \u015fart\u0131! - Av. Deniz Can K\u0131z\u0131l\",\"isPartOf\":{\"@id\":\"https:\/\/denizcankizil.tr\/de\/#website\"},\"datePublished\":\"2025-01-21T05:41:35+00:00\",\"breadcrumb\":{\"@id\":\"https:\/\/denizcankizil.tr\/uk\/haberler\/gundem\/e-skuterlere-yerlilik-sarti\/#breadcrumb\"},\"inLanguage\":\"en-GB\",\"potentialAction\":[{\"@type\":\"ReadAction\",\"target\":[\"https:\/\/denizcankizil.tr\/uk\/haberler\/gundem\/e-skuterlere-yerlilik-sarti\/\"]}]},{\"@type\":\"BreadcrumbList\",\"@id\":\"https:\/\/denizcankizil.tr\/uk\/haberler\/gundem\/e-skuterlere-yerlilik-sarti\/#breadcrumb\",\"itemListElement\":[{\"@type\":\"ListItem\",\"position\":1,\"name\":\"Home\",\"item\":\"https:\/\/denizcankizil.tr\/de\/\"},{\"@type\":\"ListItem\",\"position\":2,\"name\":\"&#8216;E-Skuter&#8217;lere yerlilik \u015fart\u0131!\"}]},{\"@type\":\"WebSite\",\"@id\":\"https:\/\/denizcankizil.tr\/de\/#website\",\"url\":\"https:\/\/denizcankizil.tr\/de\/\",\"name\":\"Av. Deniz Can K\u0131z\u0131l\",\"description\":\"Avukat Deniz Can K\u0131z\u0131l Antalya Barosu\",\"publisher\":{\"@id\":\"https:\/\/denizcankizil.tr\/de\/#organization\"},\"potentialAction\":[{\"@type\":\"SearchAction\",\"target\":{\"@type\":\"EntryPoint\",\"urlTemplate\":\"https:\/\/denizcankizil.tr\/de\/?s={search_term_string}\"},\"query-input\":{\"@type\":\"PropertyValueSpecification\",\"valueRequired\":true,\"valueName\":\"search_term_string\"}}],\"inLanguage\":\"en-GB\"},{\"@type\":\"Organization\",\"@id\":\"https:\/\/denizcankizil.tr\/de\/#organization\",\"name\":\"Av. Deniz Can K\u0131z\u0131l\",\"url\":\"https:\/\/denizcankizil.tr\/de\/\",\"logo\":{\"@type\":\"ImageObject\",\"inLanguage\":\"en-GB\",\"@id\":\"https:\/\/denizcankizil.tr\/de\/#\/schema\/logo\/image\/\",\"url\":\"http:\/\/denizcankizil.tr\/wp-content\/uploads\/2024\/10\/siyah-logo-svg.svg\",\"contentUrl\":\"http:\/\/denizcankizil.tr\/wp-content\/uploads\/2024\/10\/siyah-logo-svg.svg\",\"width\":1080,\"height\":1080,\"caption\":\"Av. Deniz Can K\u0131z\u0131l\"},\"image\":{\"@id\":\"https:\/\/denizcankizil.tr\/de\/#\/schema\/logo\/image\/\"}},{\"@type\":\"Person\",\"@id\":\"https:\/\/denizcankizil.tr\/de\/#\/schema\/person\/be3c05fe6a12686905512445d8185489\",\"name\":\"admin\",\"image\":{\"@type\":\"ImageObject\",\"inLanguage\":\"en-GB\",\"@id\":\"https:\/\/denizcankizil.tr\/de\/#\/schema\/person\/image\/\",\"url\":\"https:\/\/secure.gravatar.com\/avatar\/c1fce94c830dc79107e174f890d7210541c4a63e8e5d816341794a2151c9d58c?s=96&d=mm&r=g\",\"contentUrl\":\"https:\/\/secure.gravatar.com\/avatar\/c1fce94c830dc79107e174f890d7210541c4a63e8e5d816341794a2151c9d58c?s=96&d=mm&r=g\",\"caption\":\"admin\"},\"sameAs\":[\"http:\/\/denizcankizil.tr\"],\"url\":\"https:\/\/www.iskenderun.org\/e-skuterlere-yerlilik-sarti\"}]}<\/script>\n<!-- \/ Yoast SEO Premium plugin. -->","yoast_head_json":{"title":"'E-Skuter'lere yerlilik \u015fart\u0131! - Av. Deniz Can K\u0131z\u0131l","robots":{"index":"index","follow":"follow","max-snippet":"max-snippet:-1","max-image-preview":"max-image-preview:large","max-video-preview":"max-video-preview:-1"},"canonical":"https:\/\/denizcankizil.tr\/en\/haberler\/gundem\/e-skuterlere-yerlilik-sarti\/","og_locale":"en_GB","og_type":"article","og_title":"'E-Skuter'lere yerlilik \u015fart\u0131!","og_description":"Payla\u015f\u0131ml\u0131 e-skuter y\u00f6netmeli\u011finde d\u00fczenleme yap\u0131laca\u011f\u0131n\u0131 duyuran Ula\u015ft\u0131rma ve Altyap\u0131 Bakan\u0131 Abdulkadir Uralo\u011flu, d\u00fczenlemenin e-skuterler\u0131n h\u0131zlar\u0131n\u0131n otomatik olarak d\u00fc\u015f\u00fcr\u00fclmesinden yerlilik \u015fart\u0131na kadar geni\u015f bir yelpazeyi kapsad\u0131\u011f\u0131n\u0131 a\u00e7\u0131klad\u0131. Bakan Uralo\u011flu, elektrikli skuterler ile ilgili y\u00f6netmelik de\u011fi\u015fiklik tasla\u011f\u0131nda olduklar\u0131n\u0131 s\u00f6yledi.ANKARA (\u0130GFA) &#8211; Ula\u015ft\u0131rma ve Altyap\u0131 Bakan\u0131 Abdulkadir Uralo\u011flu, elektrikli skuterlerla (e-skuter) ilgili bir y\u00f6netmelik de\u011fi\u015fiklik tasla\u011f\u0131 haz\u0131rland\u0131\u011f\u0131n\u0131 bildirdi. Payla\u015f\u0131ml\u0131 e-skuter kullan\u0131m\u0131 s\u0131ras\u0131nda ya\u015fanan teredd\u00fctler, sorunlar ve \u00e7evre \u00fczerindeki olumsuz etkileri en aza indirmek amac\u0131yla 2021 y\u0131l\u0131nda konuya ili\u015fkin bir y\u00f6netmeli\u011fin y\u00fcr\u00fcrl\u00fc\u011fe al\u0131nd\u0131\u011f\u0131n\u0131 an\u0131msatan Bakan Uralo\u011flu, ortaya \u00e7\u0131kan ihtiya\u00e7lar nedeniyle y\u00fcr\u00fcrl\u00fckte bulunan y\u00f6netmelikte \u00f6nemli de\u011fi\u015fiklikler yap\u0131laca\u011f\u0131n\u0131 duyurdu. \u0130\u015eLETMEC\u0130LERE E-SKUTER VER\u0130LER\u0130N\u0130 KOLLUK KUVVETLER\u0130 VE BELED\u0130YELER \u0130LE PAYLA\u015eMA ZORUNLULU\u011eU GET\u0130R\u0130LECEK Bakan Uralo\u011flu, s\u00f6z konusu d\u00fczenlemenin sekt\u00f6re y\u00f6nelik g\u00f6zlemler ve ihtiya\u00e7lar\u0131 g\u00f6z \u00f6n\u00fcne alarak haz\u0131rland\u0131\u011f\u0131n\u0131 belirterek, &#8220;\u0093Yapaca\u011f\u0131m\u0131z d\u00fczenleme ile i\u015fletmelere, Ula\u015ft\u0131rma ve Altyap\u0131 Bakanl\u0131\u011f\u0131na ait ta\u015f\u0131mac\u0131l\u0131k veri taban\u0131na kaydedilen e-skuter faaliyetlerinden elde edilen kullan\u0131m verilerini kolluk kuvvetleri ve belediyeler ile payla\u015fma zorunlulu\u011fu getirece\u011fiz. Bu sayede denetimleri s\u0131kla\u015ft\u0131rarak s\u00fcr\u00fc\u015f g\u00fcvenli\u011fini art\u0131raca\u011f\u0131z&#8221; dedi. Y\u00f6netmelik de\u011fi\u015fikli\u011fi kapsam\u0131nda trafik d\u00fczeni ve g\u00fcvenli\u011fini sa\u011flaman\u0131n yan\u0131 s\u0131ra h\u0131z limitlerine uyulmas\u0131 ad\u0131na da \u00f6nemli de\u011fi\u015fiklikler yapacaklar\u0131n\u0131 kaydeden Bakan Uralo\u011flu, &#8220;\u0093E-skuterler\u0131n yasakl\u0131 b\u00f6lgelere giri\u015finin \u00f6n\u00fcne ge\u00e7ece\u011fiz. \u00d6zellikle h\u0131z s\u0131n\u0131r\u0131n\u0131n y\u00fcksek oldu\u011fu yollara giren e-skuterler tespit edilecek ve i\u015fletmeciler taraf\u0131ndan kullan\u0131c\u0131lara ikaz gidecek. \u0130\u015fletmeciler girmesi yasak &hellip;","og_url":"https:\/\/denizcankizil.tr\/en\/haberler\/gundem\/e-skuterlere-yerlilik-sarti\/","og_site_name":"Av. Deniz Can K\u0131z\u0131l","article_published_time":"2025-01-21T05:41:35+00:00","author":"admin","twitter_card":"summary_large_image","twitter_misc":{"Written by":"admin","Estimated reading time":"5 minutes"},"schema":{"@context":"https:\/\/schema.org","@graph":[{"@type":"Article","@id":"https:\/\/denizcankizil.tr\/uk\/haberler\/gundem\/e-skuterlere-yerlilik-sarti\/#article","isPartOf":{"@id":"https:\/\/denizcankizil.tr\/uk\/haberler\/gundem\/e-skuterlere-yerlilik-sarti\/"},"author":{"name":"admin","@id":"https:\/\/denizcankizil.tr\/de\/#\/schema\/person\/be3c05fe6a12686905512445d8185489"},"headline":"&#8216;E-Skuter&#8217;lere yerlilik \u015fart\u0131!","datePublished":"2025-01-21T05:41:35+00:00","mainEntityOfPage":{"@id":"https:\/\/denizcankizil.tr\/uk\/haberler\/gundem\/e-skuterlere-yerlilik-sarti\/"},"wordCount":1058,"commentCount":0,"publisher":{"@id":"https:\/\/denizcankizil.tr\/de\/#organization"},"articleSection":["G\u00fcndem"],"inLanguage":"en-GB","potentialAction":[{"@type":"CommentAction","name":"Comment","target":["https:\/\/denizcankizil.tr\/uk\/haberler\/gundem\/e-skuterlere-yerlilik-sarti\/#respond"]}]},{"@type":"WebPage","@id":"https:\/\/denizcankizil.tr\/uk\/haberler\/gundem\/e-skuterlere-yerlilik-sarti\/","url":"https:\/\/denizcankizil.tr\/uk\/haberler\/gundem\/e-skuterlere-yerlilik-sarti\/","name":"'E-Skuter'lere yerlilik \u015fart\u0131! - Av. Deniz Can K\u0131z\u0131l","isPartOf":{"@id":"https:\/\/denizcankizil.tr\/de\/#website"},"datePublished":"2025-01-21T05:41:35+00:00","breadcrumb":{"@id":"https:\/\/denizcankizil.tr\/uk\/haberler\/gundem\/e-skuterlere-yerlilik-sarti\/#breadcrumb"},"inLanguage":"en-GB","potentialAction":[{"@type":"ReadAction","target":["https:\/\/denizcankizil.tr\/uk\/haberler\/gundem\/e-skuterlere-yerlilik-sarti\/"]}]},{"@type":"BreadcrumbList","@id":"https:\/\/denizcankizil.tr\/uk\/haberler\/gundem\/e-skuterlere-yerlilik-sarti\/#breadcrumb","itemListElement":[{"@type":"ListItem","position":1,"name":"Home","item":"https:\/\/denizcankizil.tr\/de\/"},{"@type":"ListItem","position":2,"name":"&#8216;E-Skuter&#8217;lere yerlilik \u015fart\u0131!"}]},{"@type":"WebSite","@id":"https:\/\/denizcankizil.tr\/de\/#website","url":"https:\/\/denizcankizil.tr\/de\/","name":"Av. Deniz Can K\u0131z\u0131l","description":"Avukat Deniz Can K\u0131z\u0131l Antalya Barosu","publisher":{"@id":"https:\/\/denizcankizil.tr\/de\/#organization"},"potentialAction":[{"@type":"SearchAction","target":{"@type":"EntryPoint","urlTemplate":"https:\/\/denizcankizil.tr\/de\/?s={search_term_string}"},"query-input":{"@type":"PropertyValueSpecification","valueRequired":true,"valueName":"search_term_string"}}],"inLanguage":"en-GB"},{"@type":"Organization","@id":"https:\/\/denizcankizil.tr\/de\/#organization","name":"Av. Deniz Can K\u0131z\u0131l","url":"https:\/\/denizcankizil.tr\/de\/","logo":{"@type":"ImageObject","inLanguage":"en-GB","@id":"https:\/\/denizcankizil.tr\/de\/#\/schema\/logo\/image\/","url":"http:\/\/denizcankizil.tr\/wp-content\/uploads\/2024\/10\/siyah-logo-svg.svg","contentUrl":"http:\/\/denizcankizil.tr\/wp-content\/uploads\/2024\/10\/siyah-logo-svg.svg","width":1080,"height":1080,"caption":"Av. Deniz Can K\u0131z\u0131l"},"image":{"@id":"https:\/\/denizcankizil.tr\/de\/#\/schema\/logo\/image\/"}},{"@type":"Person","@id":"https:\/\/denizcankizil.tr\/de\/#\/schema\/person\/be3c05fe6a12686905512445d8185489","name":"admin","image":{"@type":"ImageObject","inLanguage":"en-GB","@id":"https:\/\/denizcankizil.tr\/de\/#\/schema\/person\/image\/","url":"https:\/\/secure.gravatar.com\/avatar\/c1fce94c830dc79107e174f890d7210541c4a63e8e5d816341794a2151c9d58c?s=96&d=mm&r=g","contentUrl":"https:\/\/secure.gravatar.com\/avatar\/c1fce94c830dc79107e174f890d7210541c4a63e8e5d816341794a2151c9d58c?s=96&d=mm&r=g","caption":"admin"},"sameAs":["http:\/\/denizcankizil.tr"],"url":"https:\/\/www.iskenderun.org\/e-skuterlere-yerlilik-sarti"}]}},"_links":{"self":[{"href":"http:\/\/denizcankizil.tr\/en\/wp-json\/wp\/v2\/posts\/26434","targetHints":{"allow":["GET"]}}],"collection":[{"href":"http:\/\/denizcankizil.tr\/en\/wp-json\/wp\/v2\/posts"}],"about":[{"href":"http:\/\/denizcankizil.tr\/en\/wp-json\/wp\/v2\/types\/post"}],"author":[{"embeddable":true,"href":"http:\/\/denizcankizil.tr\/en\/wp-json\/wp\/v2\/users\/1"}],"replies":[{"embeddable":true,"href":"http:\/\/denizcankizil.tr\/en\/wp-json\/wp\/v2\/comments?post=26434"}],"version-history":[{"count":0,"href":"http:\/\/denizcankizil.tr\/en\/wp-json\/wp\/v2\/posts\/26434\/revisions"}],"wp:attachment":[{"href":"http:\/\/denizcankizil.tr\/en\/wp-json\/wp\/v2\/media?parent=26434"}],"wp:term":[{"taxonomy":"category","embeddable":true,"href":"http:\/\/denizcankizil.tr\/en\/wp-json\/wp\/v2\/categories?post=26434"},{"taxonomy":"post_tag","embeddable":true,"href":"http:\/\/denizcankizil.tr\/en\/wp-json\/wp\/v2\/tags?post=26434"}],"curies":[{"name":"wp","href":"https:\/\/api.w.org\/{rel}","templated":true}]}}