{"id":2613,"date":"2024-10-14T21:28:24","date_gmt":"2024-10-14T18:28:24","guid":{"rendered":"https:\/\/denizcankizil.tr\/uncategorized\/hatay-barosu-baskanligina-hatay-tut-secildi\/"},"modified":"2024-10-14T21:28:24","modified_gmt":"2024-10-14T18:28:24","slug":"hatay-barosu-baskanligina-hatay-tut-secildi","status":"publish","type":"post","link":"http:\/\/denizcankizil.tr\/en\/haberler\/gundem\/hatay-barosu-baskanligina-hatay-tut-secildi\/","title":{"rendered":"Hatay Barosu Ba\u015fkanl\u0131\u011f\u0131\u2019na \u2018Hatay Tut\u2019 se\u00e7ildi"},"content":{"rendered":"<p>Hatay Barosu\u2019nun yeni ba\u015fkan\u0131, Av. Hatay Tut oldu. 3 aday\u0131n yar\u0131\u015ft\u0131\u011f\u0131 ola\u011fan genel kurulda Hatay Tut\u2019un beyaz listesi 642 oy ile sand\u0131ktan birinci olarak \u00e7\u0131karken, Sinan Akg\u00f6l\u2019\u00fcn listesi 607 oy, \u0130lhan T\u00fcmer\u2019in listesi ise 135 oy ald\u0131.<\/p>\n<p>Hatay Tut ba\u015fkanl\u0131\u011f\u0131ndaki Hatay Barosu Y\u00f6netim Kurulu \u015fu isimlerden olu\u015ftu: Av. G\u00fcl\u00e7in EM\u0130R, Av. Mehmet Fatih TURAN, Av. Garip Erhan BINER, Av. Yusuf ALBAYRAK, Av. Derya Nur ASLAN, Av. Kemal G\u00dcNG\u00d6R, Av. Selma \u00c7ALI\u015e, Av. Fatma Asena, Av. Burak Fatih YILDIZ, DERG\u0130, Av. Yaren DA\u011e.<\/p>\n<p>Disiplin Kurulu: Av. Bedia \u00d6ZT\u00dcRK, Av. Fatma Er\u015fen \u00dcNS\u00dcREN, Av. \u0130brahim B\u0130L\u0130R, Av. Mehmet Ali MUR\u0130O\u011eLU, Av. \u015eeyda VAROL.<\/p>\n<p>Denetleme Kurulu: Av. Halil Ka\u011fan \u015e\u0130\u015eK\u0130N, Av. G\u00fcl\u00fcmser Ceylan K\u00d6LE, Av. Sema \u00d6ZKURT.<\/p>\n<p>TBB Delege: Av. Rifat D\u0130N\u00c7ER, Av. Ergun SEMERC\u0130O\u011eLU, Av. Emre ARIK.<\/p>\n<p>\u200bHatay Barosu\u2019nun yeni ba\u015fkan\u0131, Av. Hatay Tut oldu. 3 aday\u0131n yar\u0131\u015ft\u0131\u011f\u0131 ola\u011fan genel kurulda Hatay Tut\u2019un beyaz listesi 642 oy ile sand\u0131ktan birinci olarak \u00e7\u0131karken, Sinan Akg\u00f6l\u2019\u00fcn listesi 607 oy, \u0130lhan T\u00fcmer\u2019in listesi ise 135 oy ald\u0131.<\/p>\n<p>Hatay Tut ba\u015fkanl\u0131\u011f\u0131ndaki Hatay Barosu Y\u00f6netim Kurulu \u015fu isimlerden olu\u015ftu: Av. G\u00fcl\u00e7in EM\u0130R, Av. Mehmet Fatih TURAN, Av. Garip Erhan BINER, Av. Yusuf ALBAYRAK, Av. Derya Nur ASLAN, Av. Kemal G\u00dcNG\u00d6R, Av. Selma \u00c7ALI\u015e, Av. Fatma Asena, Av. Burak Fatih YILDIZ, DERG\u0130, Av. Yaren DA\u011e.<\/p>\n<p>Disiplin Kurulu: Av. Bedia \u00d6ZT\u00dcRK, Av. Fatma Er\u015fen \u00dcNS\u00dcREN, Av. \u0130brahim B\u0130L\u0130R, Av. Mehmet Ali MUR\u0130O\u011eLU, Av. \u015eeyda VAROL.<\/p>\n<p>Denetleme Kurulu: Av. Halil Ka\u011fan \u015e\u0130\u015eK\u0130N, Av. G\u00fcl\u00fcmser Ceylan K\u00d6LE, Av. Sema \u00d6ZKURT.<\/p>\n<p>TBB Delege: Av. Rifat D\u0130N\u00c7ER, Av. Ergun SEMERC\u0130O\u011eLU, Av. Emre ARIK.\u00a0<\/p>\n<p>\u200bHaberin Al\u0131nt\u0131land\u0131\u011f\u0131 Kaynak: www.iskenderun.org<\/p>","protected":false},"excerpt":{"rendered":"<p>Hatay Barosu\u2019nun yeni ba\u015fkan\u0131, Av. Hatay Tut oldu. 3 aday\u0131n yar\u0131\u015ft\u0131\u011f\u0131 ola\u011fan genel kurulda Hatay Tut\u2019un beyaz listesi 642 oy ile sand\u0131ktan birinci olarak \u00e7\u0131karken, Sinan Akg\u00f6l\u2019\u00fcn listesi 607 oy, \u0130lhan T\u00fcmer\u2019in listesi ise 135 oy ald\u0131. Hatay Tut ba\u015fkanl\u0131\u011f\u0131ndaki Hatay Barosu Y\u00f6netim Kurulu \u015fu isimlerden olu\u015ftu: Av. G\u00fcl\u00e7in EM\u0130R, Av. Mehmet Fatih TURAN, Av. Garip Erhan BINER, Av. Yusuf ALBAYRAK, Av. Derya Nur ASLAN, Av. Kemal G\u00dcNG\u00d6R, Av. Selma \u00c7ALI\u015e, Av. Fatma Asena, Av. Burak Fatih YILDIZ, DERG\u0130, Av. Yaren DA\u011e. Disiplin Kurulu: Av. Bedia \u00d6ZT\u00dcRK, Av. Fatma Er\u015fen \u00dcNS\u00dcREN, Av. \u0130brahim B\u0130L\u0130R, Av. Mehmet Ali MUR\u0130O\u011eLU, Av. \u015eeyda VAROL. Denetleme Kurulu: Av. Halil Ka\u011fan \u015e\u0130\u015eK\u0130N, Av. G\u00fcl\u00fcmser Ceylan K\u00d6LE, Av. Sema \u00d6ZKURT. TBB Delege: Av. Rifat D\u0130N\u00c7ER, Av. Ergun SEMERC\u0130O\u011eLU, Av. Emre ARIK. \u200bHatay Barosu\u2019nun yeni ba\u015fkan\u0131, Av. Hatay Tut oldu. 3 aday\u0131n yar\u0131\u015ft\u0131\u011f\u0131 ola\u011fan genel kurulda Hatay Tut\u2019un beyaz listesi 642 oy ile sand\u0131ktan birinci olarak \u00e7\u0131karken, Sinan Akg\u00f6l\u2019\u00fcn listesi 607 oy, \u0130lhan T\u00fcmer\u2019in listesi ise 135 oy ald\u0131. Hatay Tut ba\u015fkanl\u0131\u011f\u0131ndaki Hatay Barosu Y\u00f6netim Kurulu \u015fu isimlerden olu\u015ftu: Av. G\u00fcl\u00e7in EM\u0130R, Av. Mehmet Fatih TURAN, Av. Garip Erhan BINER, Av. Yusuf ALBAYRAK, Av. Derya Nur ASLAN, Av. Kemal G\u00dcNG\u00d6R, Av. Selma \u00c7ALI\u015e, Av. Fatma Asena, Av. &hellip;<\/p>","protected":false},"author":0,"featured_media":0,"comment_status":"open","ping_status":"open","sticky":false,"template":"","format":"standard","meta":{"_acf_changed":false,"footnotes":""},"categories":[24],"tags":[],"class_list":["post-2613","post","type-post","status-publish","format-standard","has-post-thumbnail","hentry","category-gundem"],"acf":[],"yoast_head":"<!-- This site is optimized with the Yoast SEO Premium plugin v26.6 (Yoast SEO v27.1.1) - https:\/\/yoast.com\/product\/yoast-seo-premium-wordpress\/ -->\n<title>Hatay Barosu Ba\u015fkanl\u0131\u011f\u0131\u2019na \u2018Hatay Tut\u2019 se\u00e7ildi - Av. Deniz Can K\u0131z\u0131l<\/title>\n<meta name=\"robots\" content=\"index, follow, max-snippet:-1, max-image-preview:large, max-video-preview:-1\" \/>\n<link rel=\"canonical\" href=\"https:\/\/denizcankizil.tr\/en\/haberler\/gundem\/hatay-barosu-baskanligina-hatay-tut-secildi\/\" \/>\n<meta property=\"og:locale\" content=\"en_GB\" \/>\n<meta property=\"og:type\" content=\"article\" \/>\n<meta property=\"og:title\" content=\"Hatay Barosu Ba\u015fkanl\u0131\u011f\u0131\u2019na \u2018Hatay Tut\u2019 se\u00e7ildi\" \/>\n<meta property=\"og:description\" content=\"Hatay Barosu\u2019nun yeni ba\u015fkan\u0131, Av. Hatay Tut oldu. 3 aday\u0131n yar\u0131\u015ft\u0131\u011f\u0131 ola\u011fan genel kurulda Hatay Tut\u2019un beyaz listesi 642 oy ile sand\u0131ktan birinci olarak \u00e7\u0131karken, Sinan Akg\u00f6l\u2019\u00fcn listesi 607 oy, \u0130lhan T\u00fcmer\u2019in listesi ise 135 oy ald\u0131. Hatay Tut ba\u015fkanl\u0131\u011f\u0131ndaki Hatay Barosu Y\u00f6netim Kurulu \u015fu isimlerden olu\u015ftu: Av. G\u00fcl\u00e7in EM\u0130R, Av. Mehmet Fatih TURAN, Av. Garip Erhan BINER, Av. Yusuf ALBAYRAK, Av. Derya Nur ASLAN, Av. Kemal G\u00dcNG\u00d6R, Av. Selma \u00c7ALI\u015e, Av. Fatma Asena, Av. Burak Fatih YILDIZ, DERG\u0130, Av. Yaren DA\u011e. Disiplin Kurulu: Av. Bedia \u00d6ZT\u00dcRK, Av. Fatma Er\u015fen \u00dcNS\u00dcREN, Av. \u0130brahim B\u0130L\u0130R, Av. Mehmet Ali MUR\u0130O\u011eLU, Av. \u015eeyda VAROL. Denetleme Kurulu: Av. Halil Ka\u011fan \u015e\u0130\u015eK\u0130N, Av. G\u00fcl\u00fcmser Ceylan K\u00d6LE, Av. Sema \u00d6ZKURT. TBB Delege: Av. Rifat D\u0130N\u00c7ER, Av. Ergun SEMERC\u0130O\u011eLU, Av. Emre ARIK. \u200bHatay Barosu\u2019nun yeni ba\u015fkan\u0131, Av. Hatay Tut oldu. 3 aday\u0131n yar\u0131\u015ft\u0131\u011f\u0131 ola\u011fan genel kurulda Hatay Tut\u2019un beyaz listesi 642 oy ile sand\u0131ktan birinci olarak \u00e7\u0131karken, Sinan Akg\u00f6l\u2019\u00fcn listesi 607 oy, \u0130lhan T\u00fcmer\u2019in listesi ise 135 oy ald\u0131. Hatay Tut ba\u015fkanl\u0131\u011f\u0131ndaki Hatay Barosu Y\u00f6netim Kurulu \u015fu isimlerden olu\u015ftu: Av. G\u00fcl\u00e7in EM\u0130R, Av. Mehmet Fatih TURAN, Av. Garip Erhan BINER, Av. Yusuf ALBAYRAK, Av. Derya Nur ASLAN, Av. Kemal G\u00dcNG\u00d6R, Av. Selma \u00c7ALI\u015e, Av. Fatma Asena, Av. &hellip;\" \/>\n<meta property=\"og:url\" content=\"https:\/\/denizcankizil.tr\/en\/haberler\/gundem\/hatay-barosu-baskanligina-hatay-tut-secildi\/\" \/>\n<meta property=\"og:site_name\" content=\"Av. Deniz Can K\u0131z\u0131l\" \/>\n<meta property=\"article:published_time\" content=\"2024-10-14T18:28:24+00:00\" \/>\n<meta name=\"twitter:card\" content=\"summary_large_image\" \/>\n<meta name=\"twitter:label1\" content=\"Estimated reading time\" \/>\n\t<meta name=\"twitter:data1\" content=\"2 minutes\" \/>\n<script type=\"application\/ld+json\" class=\"yoast-schema-graph\">{\"@context\":\"https:\/\/schema.org\",\"@graph\":[{\"@type\":\"Article\",\"@id\":\"https:\/\/denizcankizil.tr\/ru\/haberler\/gundem\/hatay-barosu-baskanligina-hatay-tut-secildi\/#article\",\"isPartOf\":{\"@id\":\"https:\/\/denizcankizil.tr\/ru\/haberler\/gundem\/hatay-barosu-baskanligina-hatay-tut-secildi\/\"},\"author\":{\"name\":\"\",\"@id\":\"\"},\"headline\":\"Hatay Barosu Ba\u015fkanl\u0131\u011f\u0131\u2019na \u2018Hatay Tut\u2019 se\u00e7ildi\",\"datePublished\":\"2024-10-14T18:28:24+00:00\",\"mainEntityOfPage\":{\"@id\":\"https:\/\/denizcankizil.tr\/ru\/haberler\/gundem\/hatay-barosu-baskanligina-hatay-tut-secildi\/\"},\"wordCount\":331,\"commentCount\":0,\"publisher\":{\"@id\":\"https:\/\/denizcankizil.tr\/#organization\"},\"articleSection\":[\"G\u00fcndem\"],\"inLanguage\":\"en-GB\",\"potentialAction\":[{\"@type\":\"CommentAction\",\"name\":\"Comment\",\"target\":[\"https:\/\/denizcankizil.tr\/ru\/haberler\/gundem\/hatay-barosu-baskanligina-hatay-tut-secildi\/#respond\"]}]},{\"@type\":\"WebPage\",\"@id\":\"https:\/\/denizcankizil.tr\/ru\/haberler\/gundem\/hatay-barosu-baskanligina-hatay-tut-secildi\/\",\"url\":\"https:\/\/denizcankizil.tr\/ru\/haberler\/gundem\/hatay-barosu-baskanligina-hatay-tut-secildi\/\",\"name\":\"Hatay Barosu Ba\u015fkanl\u0131\u011f\u0131\u2019na \u2018Hatay Tut\u2019 se\u00e7ildi - Av. Deniz Can K\u0131z\u0131l\",\"isPartOf\":{\"@id\":\"https:\/\/denizcankizil.tr\/#website\"},\"datePublished\":\"2024-10-14T18:28:24+00:00\",\"breadcrumb\":{\"@id\":\"https:\/\/denizcankizil.tr\/ru\/haberler\/gundem\/hatay-barosu-baskanligina-hatay-tut-secildi\/#breadcrumb\"},\"inLanguage\":\"en-GB\",\"potentialAction\":[{\"@type\":\"ReadAction\",\"target\":[\"https:\/\/denizcankizil.tr\/ru\/haberler\/gundem\/hatay-barosu-baskanligina-hatay-tut-secildi\/\"]}]},{\"@type\":\"BreadcrumbList\",\"@id\":\"https:\/\/denizcankizil.tr\/ru\/haberler\/gundem\/hatay-barosu-baskanligina-hatay-tut-secildi\/#breadcrumb\",\"itemListElement\":[{\"@type\":\"ListItem\",\"position\":1,\"name\":\"Home\",\"item\":\"https:\/\/denizcankizil.tr\/uk\/\"},{\"@type\":\"ListItem\",\"position\":2,\"name\":\"Hatay Barosu Ba\u015fkanl\u0131\u011f\u0131\u2019na \u2018Hatay Tut\u2019 se\u00e7ildi\"}]},{\"@type\":\"WebSite\",\"@id\":\"https:\/\/denizcankizil.tr\/#website\",\"url\":\"https:\/\/denizcankizil.tr\/\",\"name\":\"Av. Deniz Can K\u0131z\u0131l\",\"description\":\"Avukat Deniz Can K\u0131z\u0131l Antalya Barosu\",\"publisher\":{\"@id\":\"https:\/\/denizcankizil.tr\/#organization\"},\"potentialAction\":[{\"@type\":\"SearchAction\",\"target\":{\"@type\":\"EntryPoint\",\"urlTemplate\":\"https:\/\/denizcankizil.tr\/?s={search_term_string}\"},\"query-input\":{\"@type\":\"PropertyValueSpecification\",\"valueRequired\":true,\"valueName\":\"search_term_string\"}}],\"inLanguage\":\"en-GB\"},{\"@type\":\"Organization\",\"@id\":\"https:\/\/denizcankizil.tr\/#organization\",\"name\":\"Av. Deniz Can K\u0131z\u0131l\",\"url\":\"https:\/\/denizcankizil.tr\/\",\"logo\":{\"@type\":\"ImageObject\",\"inLanguage\":\"en-GB\",\"@id\":\"https:\/\/denizcankizil.tr\/#\/schema\/logo\/image\/\",\"url\":\"http:\/\/denizcankizil.tr\/wp-content\/uploads\/2024\/10\/siyah-logo-svg.svg\",\"contentUrl\":\"http:\/\/denizcankizil.tr\/wp-content\/uploads\/2024\/10\/siyah-logo-svg.svg\",\"width\":1080,\"height\":1080,\"caption\":\"Av. Deniz Can K\u0131z\u0131l\"},\"image\":{\"@id\":\"https:\/\/denizcankizil.tr\/#\/schema\/logo\/image\/\"}}]}<\/script>\n<!-- \/ Yoast SEO Premium plugin. -->","yoast_head_json":{"title":"Hatay Barosu Ba\u015fkanl\u0131\u011f\u0131\u2019na \u2018Hatay Tut\u2019 se\u00e7ildi - Av. Deniz Can K\u0131z\u0131l","robots":{"index":"index","follow":"follow","max-snippet":"max-snippet:-1","max-image-preview":"max-image-preview:large","max-video-preview":"max-video-preview:-1"},"canonical":"https:\/\/denizcankizil.tr\/en\/haberler\/gundem\/hatay-barosu-baskanligina-hatay-tut-secildi\/","og_locale":"en_GB","og_type":"article","og_title":"Hatay Barosu Ba\u015fkanl\u0131\u011f\u0131\u2019na \u2018Hatay Tut\u2019 se\u00e7ildi","og_description":"Hatay Barosu\u2019nun yeni ba\u015fkan\u0131, Av. Hatay Tut oldu. 3 aday\u0131n yar\u0131\u015ft\u0131\u011f\u0131 ola\u011fan genel kurulda Hatay Tut\u2019un beyaz listesi 642 oy ile sand\u0131ktan birinci olarak \u00e7\u0131karken, Sinan Akg\u00f6l\u2019\u00fcn listesi 607 oy, \u0130lhan T\u00fcmer\u2019in listesi ise 135 oy ald\u0131. Hatay Tut ba\u015fkanl\u0131\u011f\u0131ndaki Hatay Barosu Y\u00f6netim Kurulu \u015fu isimlerden olu\u015ftu: Av. G\u00fcl\u00e7in EM\u0130R, Av. Mehmet Fatih TURAN, Av. Garip Erhan BINER, Av. Yusuf ALBAYRAK, Av. Derya Nur ASLAN, Av. Kemal G\u00dcNG\u00d6R, Av. Selma \u00c7ALI\u015e, Av. Fatma Asena, Av. Burak Fatih YILDIZ, DERG\u0130, Av. Yaren DA\u011e. Disiplin Kurulu: Av. Bedia \u00d6ZT\u00dcRK, Av. Fatma Er\u015fen \u00dcNS\u00dcREN, Av. \u0130brahim B\u0130L\u0130R, Av. Mehmet Ali MUR\u0130O\u011eLU, Av. \u015eeyda VAROL. Denetleme Kurulu: Av. Halil Ka\u011fan \u015e\u0130\u015eK\u0130N, Av. G\u00fcl\u00fcmser Ceylan K\u00d6LE, Av. Sema \u00d6ZKURT. TBB Delege: Av. Rifat D\u0130N\u00c7ER, Av. Ergun SEMERC\u0130O\u011eLU, Av. Emre ARIK. \u200bHatay Barosu\u2019nun yeni ba\u015fkan\u0131, Av. Hatay Tut oldu. 3 aday\u0131n yar\u0131\u015ft\u0131\u011f\u0131 ola\u011fan genel kurulda Hatay Tut\u2019un beyaz listesi 642 oy ile sand\u0131ktan birinci olarak \u00e7\u0131karken, Sinan Akg\u00f6l\u2019\u00fcn listesi 607 oy, \u0130lhan T\u00fcmer\u2019in listesi ise 135 oy ald\u0131. Hatay Tut ba\u015fkanl\u0131\u011f\u0131ndaki Hatay Barosu Y\u00f6netim Kurulu \u015fu isimlerden olu\u015ftu: Av. G\u00fcl\u00e7in EM\u0130R, Av. Mehmet Fatih TURAN, Av. Garip Erhan BINER, Av. Yusuf ALBAYRAK, Av. Derya Nur ASLAN, Av. Kemal G\u00dcNG\u00d6R, Av. Selma \u00c7ALI\u015e, Av. Fatma Asena, Av. &hellip;","og_url":"https:\/\/denizcankizil.tr\/en\/haberler\/gundem\/hatay-barosu-baskanligina-hatay-tut-secildi\/","og_site_name":"Av. Deniz Can K\u0131z\u0131l","article_published_time":"2024-10-14T18:28:24+00:00","twitter_card":"summary_large_image","twitter_misc":{"Estimated reading time":"2 minutes"},"schema":{"@context":"https:\/\/schema.org","@graph":[{"@type":"Article","@id":"https:\/\/denizcankizil.tr\/ru\/haberler\/gundem\/hatay-barosu-baskanligina-hatay-tut-secildi\/#article","isPartOf":{"@id":"https:\/\/denizcankizil.tr\/ru\/haberler\/gundem\/hatay-barosu-baskanligina-hatay-tut-secildi\/"},"author":{"name":"","@id":""},"headline":"Hatay Barosu Ba\u015fkanl\u0131\u011f\u0131\u2019na \u2018Hatay Tut\u2019 se\u00e7ildi","datePublished":"2024-10-14T18:28:24+00:00","mainEntityOfPage":{"@id":"https:\/\/denizcankizil.tr\/ru\/haberler\/gundem\/hatay-barosu-baskanligina-hatay-tut-secildi\/"},"wordCount":331,"commentCount":0,"publisher":{"@id":"https:\/\/denizcankizil.tr\/#organization"},"articleSection":["G\u00fcndem"],"inLanguage":"en-GB","potentialAction":[{"@type":"CommentAction","name":"Comment","target":["https:\/\/denizcankizil.tr\/ru\/haberler\/gundem\/hatay-barosu-baskanligina-hatay-tut-secildi\/#respond"]}]},{"@type":"WebPage","@id":"https:\/\/denizcankizil.tr\/ru\/haberler\/gundem\/hatay-barosu-baskanligina-hatay-tut-secildi\/","url":"https:\/\/denizcankizil.tr\/ru\/haberler\/gundem\/hatay-barosu-baskanligina-hatay-tut-secildi\/","name":"Hatay Barosu Ba\u015fkanl\u0131\u011f\u0131\u2019na \u2018Hatay Tut\u2019 se\u00e7ildi - Av. Deniz Can K\u0131z\u0131l","isPartOf":{"@id":"https:\/\/denizcankizil.tr\/#website"},"datePublished":"2024-10-14T18:28:24+00:00","breadcrumb":{"@id":"https:\/\/denizcankizil.tr\/ru\/haberler\/gundem\/hatay-barosu-baskanligina-hatay-tut-secildi\/#breadcrumb"},"inLanguage":"en-GB","potentialAction":[{"@type":"ReadAction","target":["https:\/\/denizcankizil.tr\/ru\/haberler\/gundem\/hatay-barosu-baskanligina-hatay-tut-secildi\/"]}]},{"@type":"BreadcrumbList","@id":"https:\/\/denizcankizil.tr\/ru\/haberler\/gundem\/hatay-barosu-baskanligina-hatay-tut-secildi\/#breadcrumb","itemListElement":[{"@type":"ListItem","position":1,"name":"Home","item":"https:\/\/denizcankizil.tr\/uk\/"},{"@type":"ListItem","position":2,"name":"Hatay Barosu Ba\u015fkanl\u0131\u011f\u0131\u2019na \u2018Hatay Tut\u2019 se\u00e7ildi"}]},{"@type":"WebSite","@id":"https:\/\/denizcankizil.tr\/#website","url":"https:\/\/denizcankizil.tr\/","name":"Av. Deniz Can K\u0131z\u0131l","description":"Avukat Deniz Can K\u0131z\u0131l Antalya Barosu","publisher":{"@id":"https:\/\/denizcankizil.tr\/#organization"},"potentialAction":[{"@type":"SearchAction","target":{"@type":"EntryPoint","urlTemplate":"https:\/\/denizcankizil.tr\/?s={search_term_string}"},"query-input":{"@type":"PropertyValueSpecification","valueRequired":true,"valueName":"search_term_string"}}],"inLanguage":"en-GB"},{"@type":"Organization","@id":"https:\/\/denizcankizil.tr\/#organization","name":"Av. Deniz Can K\u0131z\u0131l","url":"https:\/\/denizcankizil.tr\/","logo":{"@type":"ImageObject","inLanguage":"en-GB","@id":"https:\/\/denizcankizil.tr\/#\/schema\/logo\/image\/","url":"http:\/\/denizcankizil.tr\/wp-content\/uploads\/2024\/10\/siyah-logo-svg.svg","contentUrl":"http:\/\/denizcankizil.tr\/wp-content\/uploads\/2024\/10\/siyah-logo-svg.svg","width":1080,"height":1080,"caption":"Av. Deniz Can K\u0131z\u0131l"},"image":{"@id":"https:\/\/denizcankizil.tr\/#\/schema\/logo\/image\/"}}]}},"_links":{"self":[{"href":"http:\/\/denizcankizil.tr\/en\/wp-json\/wp\/v2\/posts\/2613","targetHints":{"allow":["GET"]}}],"collection":[{"href":"http:\/\/denizcankizil.tr\/en\/wp-json\/wp\/v2\/posts"}],"about":[{"href":"http:\/\/denizcankizil.tr\/en\/wp-json\/wp\/v2\/types\/post"}],"replies":[{"embeddable":true,"href":"http:\/\/denizcankizil.tr\/en\/wp-json\/wp\/v2\/comments?post=2613"}],"version-history":[{"count":0,"href":"http:\/\/denizcankizil.tr\/en\/wp-json\/wp\/v2\/posts\/2613\/revisions"}],"wp:attachment":[{"href":"http:\/\/denizcankizil.tr\/en\/wp-json\/wp\/v2\/media?parent=2613"}],"wp:term":[{"taxonomy":"category","embeddable":true,"href":"http:\/\/denizcankizil.tr\/en\/wp-json\/wp\/v2\/categories?post=2613"},{"taxonomy":"post_tag","embeddable":true,"href":"http:\/\/denizcankizil.tr\/en\/wp-json\/wp\/v2\/tags?post=2613"}],"curies":[{"name":"wp","href":"https:\/\/api.w.org\/{rel}","templated":true}]}}