{"id":26003,"date":"2025-01-18T12:42:27","date_gmt":"2025-01-18T09:42:27","guid":{"rendered":"https:\/\/denizcankizil.tr\/uncategorized-tr\/itso-eski-genel-sekreteri-gultekin-uzdu\/"},"modified":"2025-01-18T12:42:27","modified_gmt":"2025-01-18T09:42:27","slug":"itso-eski-genel-sekreteri-gultekin-uzdu","status":"publish","type":"post","link":"http:\/\/denizcankizil.tr\/en\/haberler\/gundem\/itso-eski-genel-sekreteri-gultekin-uzdu\/","title":{"rendered":"\u0130TSO Eski Genel Sekreteri G\u00fcltekin \u00fczd\u00fc!"},"content":{"rendered":"<p>\u0130TSO eski Genel Sekreterlerinden Erdal G\u00fcltekin\u2019in vefat\u0131, ba\u015fta ailesi ve sevenlerini, derinden \u00fczd\u00fc, yasa bo\u011fdu. Merhumun cenazesi, d\u00fcn (Cuma namaz\u0131) sonras\u0131 \u0130SSUME Camii\u2019nde k\u0131l\u0131nan cenaze namaz\u0131n\u0131n ard\u0131ndan Karaa\u011fa\u00e7 Asri Mezarl\u0131\u011f\u0131\u2019nda sevenlerinin g\u00f6zya\u015flar\u0131 ve dualar\u0131 e\u015fli\u011finde topra\u011fa verilerek son yolculu\u011funa u\u011furland\u0131.<\/p>\n<p>\u0130TSO Genel Sekreterli\u011fi d\u00f6neminde beyefendili\u011fi, d\u00fcr\u00fcstl\u00fc\u011f\u00fc ve d\u00fczg\u00fcn ki\u015fili\u011fiyle haf\u0131zalarda yer edinen merhum Erdal G\u00fcltekin\u2019e Allah\u2019tan rahmet; ailesine, yak\u0131nlar\u0131na ve t\u00fcm sevenlerine ba\u015fsa\u011fl\u0131\u011f\u0131 diliyoruz, www.iskenderun.org.<\/p>\n<p>\u200bHatay\u2019\u0131n \u0130skenderun il\u00e7esinde uzun bir d\u00f6nem Ticaret ve Sanayi Odas\u0131 Genel Sekreterli\u011fi g\u00f6revi ile iz b\u0131rakan, \u00e7evresinde sevilen ve say\u0131lan bir ki\u015filik olan Erdal G\u00fcltekin vefat etti.\u00a0<\/p>\n<p>\u200bHaberin Al\u0131nt\u0131land\u0131\u011f\u0131 Kaynak: www.iskenderun.org<\/p>","protected":false},"excerpt":{"rendered":"<p>\u0130TSO eski Genel Sekreterlerinden Erdal G\u00fcltekin\u2019in vefat\u0131, ba\u015fta ailesi ve sevenlerini, derinden \u00fczd\u00fc, yasa bo\u011fdu. Merhumun cenazesi, d\u00fcn (Cuma namaz\u0131) sonras\u0131 \u0130SSUME Camii\u2019nde k\u0131l\u0131nan cenaze namaz\u0131n\u0131n ard\u0131ndan Karaa\u011fa\u00e7 Asri Mezarl\u0131\u011f\u0131\u2019nda sevenlerinin g\u00f6zya\u015flar\u0131 ve dualar\u0131 e\u015fli\u011finde topra\u011fa verilerek son yolculu\u011funa u\u011furland\u0131. \u0130TSO Genel Sekreterli\u011fi d\u00f6neminde beyefendili\u011fi, d\u00fcr\u00fcstl\u00fc\u011f\u00fc ve d\u00fczg\u00fcn ki\u015fili\u011fiyle haf\u0131zalarda yer edinen merhum Erdal G\u00fcltekin\u2019e Allah\u2019tan rahmet; ailesine, yak\u0131nlar\u0131na ve t\u00fcm sevenlerine ba\u015fsa\u011fl\u0131\u011f\u0131 diliyoruz, www.iskenderun.org. \u200bHatay\u2019\u0131n \u0130skenderun il\u00e7esinde uzun bir d\u00f6nem Ticaret ve Sanayi Odas\u0131 Genel Sekreterli\u011fi g\u00f6revi ile iz b\u0131rakan, \u00e7evresinde sevilen ve say\u0131lan bir ki\u015filik olan Erdal G\u00fcltekin vefat etti.\u00a0 \u200bHaberin Al\u0131nt\u0131land\u0131\u011f\u0131 Kaynak: www.iskenderun.org<\/p>","protected":false},"author":1,"featured_media":0,"comment_status":"open","ping_status":"open","sticky":false,"template":"","format":"standard","meta":{"_acf_changed":false,"footnotes":""},"categories":[24],"tags":[],"class_list":["post-26003","post","type-post","status-publish","format-standard","has-post-thumbnail","hentry","category-gundem"],"acf":[],"yoast_head":"<!-- This site is optimized with the Yoast SEO Premium plugin v26.6 (Yoast SEO v27.1.1) - https:\/\/yoast.com\/product\/yoast-seo-premium-wordpress\/ -->\n<title>\u0130TSO Eski Genel Sekreteri G\u00fcltekin \u00fczd\u00fc! - Av. Deniz Can K\u0131z\u0131l<\/title>\n<meta name=\"robots\" content=\"index, follow, max-snippet:-1, max-image-preview:large, max-video-preview:-1\" \/>\n<link rel=\"canonical\" href=\"https:\/\/denizcankizil.tr\/en\/haberler\/gundem\/itso-eski-genel-sekreteri-gultekin-uzdu\/\" \/>\n<meta property=\"og:locale\" content=\"en_GB\" \/>\n<meta property=\"og:type\" content=\"article\" \/>\n<meta property=\"og:title\" content=\"\u0130TSO Eski Genel Sekreteri G\u00fcltekin \u00fczd\u00fc!\" \/>\n<meta property=\"og:description\" content=\"\u0130TSO eski Genel Sekreterlerinden Erdal G\u00fcltekin\u2019in vefat\u0131, ba\u015fta ailesi ve sevenlerini, derinden \u00fczd\u00fc, yasa bo\u011fdu. Merhumun cenazesi, d\u00fcn (Cuma namaz\u0131) sonras\u0131 \u0130SSUME Camii\u2019nde k\u0131l\u0131nan cenaze namaz\u0131n\u0131n ard\u0131ndan Karaa\u011fa\u00e7 Asri Mezarl\u0131\u011f\u0131\u2019nda sevenlerinin g\u00f6zya\u015flar\u0131 ve dualar\u0131 e\u015fli\u011finde topra\u011fa verilerek son yolculu\u011funa u\u011furland\u0131. \u0130TSO Genel Sekreterli\u011fi d\u00f6neminde beyefendili\u011fi, d\u00fcr\u00fcstl\u00fc\u011f\u00fc ve d\u00fczg\u00fcn ki\u015fili\u011fiyle haf\u0131zalarda yer edinen merhum Erdal G\u00fcltekin\u2019e Allah\u2019tan rahmet; ailesine, yak\u0131nlar\u0131na ve t\u00fcm sevenlerine ba\u015fsa\u011fl\u0131\u011f\u0131 diliyoruz, www.iskenderun.org. \u200bHatay\u2019\u0131n \u0130skenderun il\u00e7esinde uzun bir d\u00f6nem Ticaret ve Sanayi Odas\u0131 Genel Sekreterli\u011fi g\u00f6revi ile iz b\u0131rakan, \u00e7evresinde sevilen ve say\u0131lan bir ki\u015filik olan Erdal G\u00fcltekin vefat etti.\u00a0 \u200bHaberin Al\u0131nt\u0131land\u0131\u011f\u0131 Kaynak: www.iskenderun.org\" \/>\n<meta property=\"og:url\" content=\"https:\/\/denizcankizil.tr\/en\/haberler\/gundem\/itso-eski-genel-sekreteri-gultekin-uzdu\/\" \/>\n<meta property=\"og:site_name\" content=\"Av. Deniz Can K\u0131z\u0131l\" \/>\n<meta property=\"article:published_time\" content=\"2025-01-18T09:42:27+00:00\" \/>\n<meta name=\"author\" content=\"admin\" \/>\n<meta name=\"twitter:card\" content=\"summary_large_image\" \/>\n<meta name=\"twitter:label1\" content=\"Written by\" \/>\n\t<meta name=\"twitter:data1\" content=\"admin\" \/>\n\t<meta name=\"twitter:label2\" content=\"Estimated reading time\" \/>\n\t<meta name=\"twitter:data2\" content=\"1 minute\" \/>\n<script type=\"application\/ld+json\" class=\"yoast-schema-graph\">{\"@context\":\"https:\/\/schema.org\",\"@graph\":[{\"@type\":\"Article\",\"@id\":\"https:\/\/denizcankizil.tr\/uk\/haberler\/gundem\/itso-eski-genel-sekreteri-gultekin-uzdu\/#article\",\"isPartOf\":{\"@id\":\"https:\/\/denizcankizil.tr\/uk\/haberler\/gundem\/itso-eski-genel-sekreteri-gultekin-uzdu\/\"},\"author\":{\"name\":\"admin\",\"@id\":\"https:\/\/denizcankizil.tr\/de\/#\/schema\/person\/be3c05fe6a12686905512445d8185489\"},\"headline\":\"\u0130TSO Eski Genel Sekreteri G\u00fcltekin \u00fczd\u00fc!\",\"datePublished\":\"2025-01-18T09:42:27+00:00\",\"mainEntityOfPage\":{\"@id\":\"https:\/\/denizcankizil.tr\/uk\/haberler\/gundem\/itso-eski-genel-sekreteri-gultekin-uzdu\/\"},\"wordCount\":156,\"commentCount\":0,\"publisher\":{\"@id\":\"https:\/\/denizcankizil.tr\/de\/#organization\"},\"articleSection\":[\"G\u00fcndem\"],\"inLanguage\":\"en-GB\",\"potentialAction\":[{\"@type\":\"CommentAction\",\"name\":\"Comment\",\"target\":[\"https:\/\/denizcankizil.tr\/uk\/haberler\/gundem\/itso-eski-genel-sekreteri-gultekin-uzdu\/#respond\"]}]},{\"@type\":\"WebPage\",\"@id\":\"https:\/\/denizcankizil.tr\/uk\/haberler\/gundem\/itso-eski-genel-sekreteri-gultekin-uzdu\/\",\"url\":\"https:\/\/denizcankizil.tr\/uk\/haberler\/gundem\/itso-eski-genel-sekreteri-gultekin-uzdu\/\",\"name\":\"\u0130TSO Eski Genel Sekreteri G\u00fcltekin \u00fczd\u00fc! - Av. Deniz Can K\u0131z\u0131l\",\"isPartOf\":{\"@id\":\"https:\/\/denizcankizil.tr\/de\/#website\"},\"datePublished\":\"2025-01-18T09:42:27+00:00\",\"breadcrumb\":{\"@id\":\"https:\/\/denizcankizil.tr\/uk\/haberler\/gundem\/itso-eski-genel-sekreteri-gultekin-uzdu\/#breadcrumb\"},\"inLanguage\":\"en-GB\",\"potentialAction\":[{\"@type\":\"ReadAction\",\"target\":[\"https:\/\/denizcankizil.tr\/uk\/haberler\/gundem\/itso-eski-genel-sekreteri-gultekin-uzdu\/\"]}]},{\"@type\":\"BreadcrumbList\",\"@id\":\"https:\/\/denizcankizil.tr\/uk\/haberler\/gundem\/itso-eski-genel-sekreteri-gultekin-uzdu\/#breadcrumb\",\"itemListElement\":[{\"@type\":\"ListItem\",\"position\":1,\"name\":\"Home\",\"item\":\"https:\/\/denizcankizil.tr\/de\/\"},{\"@type\":\"ListItem\",\"position\":2,\"name\":\"\u0130TSO Eski Genel Sekreteri G\u00fcltekin \u00fczd\u00fc!\"}]},{\"@type\":\"WebSite\",\"@id\":\"https:\/\/denizcankizil.tr\/de\/#website\",\"url\":\"https:\/\/denizcankizil.tr\/de\/\",\"name\":\"Av. Deniz Can K\u0131z\u0131l\",\"description\":\"Avukat Deniz Can K\u0131z\u0131l Antalya Barosu\",\"publisher\":{\"@id\":\"https:\/\/denizcankizil.tr\/de\/#organization\"},\"potentialAction\":[{\"@type\":\"SearchAction\",\"target\":{\"@type\":\"EntryPoint\",\"urlTemplate\":\"https:\/\/denizcankizil.tr\/de\/?s={search_term_string}\"},\"query-input\":{\"@type\":\"PropertyValueSpecification\",\"valueRequired\":true,\"valueName\":\"search_term_string\"}}],\"inLanguage\":\"en-GB\"},{\"@type\":\"Organization\",\"@id\":\"https:\/\/denizcankizil.tr\/de\/#organization\",\"name\":\"Av. Deniz Can K\u0131z\u0131l\",\"url\":\"https:\/\/denizcankizil.tr\/de\/\",\"logo\":{\"@type\":\"ImageObject\",\"inLanguage\":\"en-GB\",\"@id\":\"https:\/\/denizcankizil.tr\/de\/#\/schema\/logo\/image\/\",\"url\":\"http:\/\/denizcankizil.tr\/wp-content\/uploads\/2024\/10\/siyah-logo-svg.svg\",\"contentUrl\":\"http:\/\/denizcankizil.tr\/wp-content\/uploads\/2024\/10\/siyah-logo-svg.svg\",\"width\":1080,\"height\":1080,\"caption\":\"Av. Deniz Can K\u0131z\u0131l\"},\"image\":{\"@id\":\"https:\/\/denizcankizil.tr\/de\/#\/schema\/logo\/image\/\"}},{\"@type\":\"Person\",\"@id\":\"https:\/\/denizcankizil.tr\/de\/#\/schema\/person\/be3c05fe6a12686905512445d8185489\",\"name\":\"admin\",\"image\":{\"@type\":\"ImageObject\",\"inLanguage\":\"en-GB\",\"@id\":\"https:\/\/denizcankizil.tr\/de\/#\/schema\/person\/image\/\",\"url\":\"https:\/\/secure.gravatar.com\/avatar\/c1fce94c830dc79107e174f890d7210541c4a63e8e5d816341794a2151c9d58c?s=96&d=mm&r=g\",\"contentUrl\":\"https:\/\/secure.gravatar.com\/avatar\/c1fce94c830dc79107e174f890d7210541c4a63e8e5d816341794a2151c9d58c?s=96&d=mm&r=g\",\"caption\":\"admin\"},\"sameAs\":[\"http:\/\/denizcankizil.tr\"],\"url\":\"https:\/\/www.iskenderun.org\/itso-eski-genel-sekreteri-gultekin-uzdu\"}]}<\/script>\n<!-- \/ Yoast SEO Premium plugin. -->","yoast_head_json":{"title":"\u0130TSO Eski Genel Sekreteri G\u00fcltekin \u00fczd\u00fc! - Av. Deniz Can K\u0131z\u0131l","robots":{"index":"index","follow":"follow","max-snippet":"max-snippet:-1","max-image-preview":"max-image-preview:large","max-video-preview":"max-video-preview:-1"},"canonical":"https:\/\/denizcankizil.tr\/en\/haberler\/gundem\/itso-eski-genel-sekreteri-gultekin-uzdu\/","og_locale":"en_GB","og_type":"article","og_title":"\u0130TSO Eski Genel Sekreteri G\u00fcltekin \u00fczd\u00fc!","og_description":"\u0130TSO eski Genel Sekreterlerinden Erdal G\u00fcltekin\u2019in vefat\u0131, ba\u015fta ailesi ve sevenlerini, derinden \u00fczd\u00fc, yasa bo\u011fdu. Merhumun cenazesi, d\u00fcn (Cuma namaz\u0131) sonras\u0131 \u0130SSUME Camii\u2019nde k\u0131l\u0131nan cenaze namaz\u0131n\u0131n ard\u0131ndan Karaa\u011fa\u00e7 Asri Mezarl\u0131\u011f\u0131\u2019nda sevenlerinin g\u00f6zya\u015flar\u0131 ve dualar\u0131 e\u015fli\u011finde topra\u011fa verilerek son yolculu\u011funa u\u011furland\u0131. \u0130TSO Genel Sekreterli\u011fi d\u00f6neminde beyefendili\u011fi, d\u00fcr\u00fcstl\u00fc\u011f\u00fc ve d\u00fczg\u00fcn ki\u015fili\u011fiyle haf\u0131zalarda yer edinen merhum Erdal G\u00fcltekin\u2019e Allah\u2019tan rahmet; ailesine, yak\u0131nlar\u0131na ve t\u00fcm sevenlerine ba\u015fsa\u011fl\u0131\u011f\u0131 diliyoruz, www.iskenderun.org. \u200bHatay\u2019\u0131n \u0130skenderun il\u00e7esinde uzun bir d\u00f6nem Ticaret ve Sanayi Odas\u0131 Genel Sekreterli\u011fi g\u00f6revi ile iz b\u0131rakan, \u00e7evresinde sevilen ve say\u0131lan bir ki\u015filik olan Erdal G\u00fcltekin vefat etti.\u00a0 \u200bHaberin Al\u0131nt\u0131land\u0131\u011f\u0131 Kaynak: www.iskenderun.org","og_url":"https:\/\/denizcankizil.tr\/en\/haberler\/gundem\/itso-eski-genel-sekreteri-gultekin-uzdu\/","og_site_name":"Av. Deniz Can K\u0131z\u0131l","article_published_time":"2025-01-18T09:42:27+00:00","author":"admin","twitter_card":"summary_large_image","twitter_misc":{"Written by":"admin","Estimated reading time":"1 minute"},"schema":{"@context":"https:\/\/schema.org","@graph":[{"@type":"Article","@id":"https:\/\/denizcankizil.tr\/uk\/haberler\/gundem\/itso-eski-genel-sekreteri-gultekin-uzdu\/#article","isPartOf":{"@id":"https:\/\/denizcankizil.tr\/uk\/haberler\/gundem\/itso-eski-genel-sekreteri-gultekin-uzdu\/"},"author":{"name":"admin","@id":"https:\/\/denizcankizil.tr\/de\/#\/schema\/person\/be3c05fe6a12686905512445d8185489"},"headline":"\u0130TSO Eski Genel Sekreteri G\u00fcltekin \u00fczd\u00fc!","datePublished":"2025-01-18T09:42:27+00:00","mainEntityOfPage":{"@id":"https:\/\/denizcankizil.tr\/uk\/haberler\/gundem\/itso-eski-genel-sekreteri-gultekin-uzdu\/"},"wordCount":156,"commentCount":0,"publisher":{"@id":"https:\/\/denizcankizil.tr\/de\/#organization"},"articleSection":["G\u00fcndem"],"inLanguage":"en-GB","potentialAction":[{"@type":"CommentAction","name":"Comment","target":["https:\/\/denizcankizil.tr\/uk\/haberler\/gundem\/itso-eski-genel-sekreteri-gultekin-uzdu\/#respond"]}]},{"@type":"WebPage","@id":"https:\/\/denizcankizil.tr\/uk\/haberler\/gundem\/itso-eski-genel-sekreteri-gultekin-uzdu\/","url":"https:\/\/denizcankizil.tr\/uk\/haberler\/gundem\/itso-eski-genel-sekreteri-gultekin-uzdu\/","name":"\u0130TSO Eski Genel Sekreteri G\u00fcltekin \u00fczd\u00fc! - Av. Deniz Can K\u0131z\u0131l","isPartOf":{"@id":"https:\/\/denizcankizil.tr\/de\/#website"},"datePublished":"2025-01-18T09:42:27+00:00","breadcrumb":{"@id":"https:\/\/denizcankizil.tr\/uk\/haberler\/gundem\/itso-eski-genel-sekreteri-gultekin-uzdu\/#breadcrumb"},"inLanguage":"en-GB","potentialAction":[{"@type":"ReadAction","target":["https:\/\/denizcankizil.tr\/uk\/haberler\/gundem\/itso-eski-genel-sekreteri-gultekin-uzdu\/"]}]},{"@type":"BreadcrumbList","@id":"https:\/\/denizcankizil.tr\/uk\/haberler\/gundem\/itso-eski-genel-sekreteri-gultekin-uzdu\/#breadcrumb","itemListElement":[{"@type":"ListItem","position":1,"name":"Home","item":"https:\/\/denizcankizil.tr\/de\/"},{"@type":"ListItem","position":2,"name":"\u0130TSO Eski Genel Sekreteri G\u00fcltekin \u00fczd\u00fc!"}]},{"@type":"WebSite","@id":"https:\/\/denizcankizil.tr\/de\/#website","url":"https:\/\/denizcankizil.tr\/de\/","name":"Av. Deniz Can K\u0131z\u0131l","description":"Avukat Deniz Can K\u0131z\u0131l Antalya Barosu","publisher":{"@id":"https:\/\/denizcankizil.tr\/de\/#organization"},"potentialAction":[{"@type":"SearchAction","target":{"@type":"EntryPoint","urlTemplate":"https:\/\/denizcankizil.tr\/de\/?s={search_term_string}"},"query-input":{"@type":"PropertyValueSpecification","valueRequired":true,"valueName":"search_term_string"}}],"inLanguage":"en-GB"},{"@type":"Organization","@id":"https:\/\/denizcankizil.tr\/de\/#organization","name":"Av. Deniz Can K\u0131z\u0131l","url":"https:\/\/denizcankizil.tr\/de\/","logo":{"@type":"ImageObject","inLanguage":"en-GB","@id":"https:\/\/denizcankizil.tr\/de\/#\/schema\/logo\/image\/","url":"http:\/\/denizcankizil.tr\/wp-content\/uploads\/2024\/10\/siyah-logo-svg.svg","contentUrl":"http:\/\/denizcankizil.tr\/wp-content\/uploads\/2024\/10\/siyah-logo-svg.svg","width":1080,"height":1080,"caption":"Av. Deniz Can K\u0131z\u0131l"},"image":{"@id":"https:\/\/denizcankizil.tr\/de\/#\/schema\/logo\/image\/"}},{"@type":"Person","@id":"https:\/\/denizcankizil.tr\/de\/#\/schema\/person\/be3c05fe6a12686905512445d8185489","name":"admin","image":{"@type":"ImageObject","inLanguage":"en-GB","@id":"https:\/\/denizcankizil.tr\/de\/#\/schema\/person\/image\/","url":"https:\/\/secure.gravatar.com\/avatar\/c1fce94c830dc79107e174f890d7210541c4a63e8e5d816341794a2151c9d58c?s=96&d=mm&r=g","contentUrl":"https:\/\/secure.gravatar.com\/avatar\/c1fce94c830dc79107e174f890d7210541c4a63e8e5d816341794a2151c9d58c?s=96&d=mm&r=g","caption":"admin"},"sameAs":["http:\/\/denizcankizil.tr"],"url":"https:\/\/www.iskenderun.org\/itso-eski-genel-sekreteri-gultekin-uzdu"}]}},"_links":{"self":[{"href":"http:\/\/denizcankizil.tr\/en\/wp-json\/wp\/v2\/posts\/26003","targetHints":{"allow":["GET"]}}],"collection":[{"href":"http:\/\/denizcankizil.tr\/en\/wp-json\/wp\/v2\/posts"}],"about":[{"href":"http:\/\/denizcankizil.tr\/en\/wp-json\/wp\/v2\/types\/post"}],"author":[{"embeddable":true,"href":"http:\/\/denizcankizil.tr\/en\/wp-json\/wp\/v2\/users\/1"}],"replies":[{"embeddable":true,"href":"http:\/\/denizcankizil.tr\/en\/wp-json\/wp\/v2\/comments?post=26003"}],"version-history":[{"count":0,"href":"http:\/\/denizcankizil.tr\/en\/wp-json\/wp\/v2\/posts\/26003\/revisions"}],"wp:attachment":[{"href":"http:\/\/denizcankizil.tr\/en\/wp-json\/wp\/v2\/media?parent=26003"}],"wp:term":[{"taxonomy":"category","embeddable":true,"href":"http:\/\/denizcankizil.tr\/en\/wp-json\/wp\/v2\/categories?post=26003"},{"taxonomy":"post_tag","embeddable":true,"href":"http:\/\/denizcankizil.tr\/en\/wp-json\/wp\/v2\/tags?post=26003"}],"curies":[{"name":"wp","href":"https:\/\/api.w.org\/{rel}","templated":true}]}}