{"id":25786,"date":"2025-01-17T10:42:23","date_gmt":"2025-01-17T07:42:23","guid":{"rendered":"https:\/\/denizcankizil.tr\/uncategorized-tr\/meteorolojiden-2024-havasinin-enleri\/"},"modified":"2025-01-17T10:42:23","modified_gmt":"2025-01-17T07:42:23","slug":"meteorolojiden-2024-havasinin-enleri","status":"publish","type":"post","link":"http:\/\/denizcankizil.tr\/en\/haberler\/gundem\/meteorolojiden-2024-havasinin-enleri\/","title":{"rendered":"Meteoroloji&#8217;den 2024 havas\u0131n\u0131n &#8216;en&#8217;leri!"},"content":{"rendered":"<p>\u00c7evre, \u015eehircilik ve \u0130klim De\u011fi\u015fikli\u011fi Bakanl\u0131\u011f\u0131 b\u00fcnyesindeki Meteoroloji Genel M\u00fcd\u00fcrl\u00fc\u011f\u00fc, 2024 y\u0131l\u0131nda T\u00fcrkiye\u2019de ger\u00e7ekle\u015fen meteorolojik rekor verilerini a\u00e7\u0131klad\u0131. En s\u0131cak g\u00fcn 20 Haziran\u2019da 47,8 derece ile \u015eanl\u0131urfa\u2019n\u0131n Ceylanp\u0131nar il\u00e7esinde kaydedildi. En y\u00fcksek kar kal\u0131nl\u0131\u011f\u0131  ise Van\u2019\u0131n Bah\u00e7esaray il\u00e7esi Karabet Tepesi\u2019nde 6 Mart\u2019ta 247 santimetre ile olarak \u00f6l\u00e7\u00fcld\u00fc.ANKARA (\u0130GFA) &#8211; Meteoroloji Genel M\u00fcd\u00fcrl\u00fc\u011f\u00fc \u00fclke genelinde 2 bin 59 g\u00f6zlem istasyonundan ald\u0131\u011f\u0131 verilerle 2024 y\u0131l\u0131nda T\u00fcrkiye\u2019de \u00f6l\u00e7\u00fclen rekor hava de\u011ferlerini a\u00e7\u0131klad\u0131.<br \/>\nBuna g\u00f6re y\u0131l\u0131n en s\u0131cak g\u00fcn\u00fc 20 Haziran\u2019da \u015eanl\u0131urfa\u2019n\u0131n Ceylanp\u0131nar il\u00e7esinde 47,8 derece ile ya\u015fand\u0131. \u0130l merkezlerinde \u00f6l\u00e7\u00fclen en y\u00fcksek s\u0131cakl\u0131k de\u011feri ise 12 Haziran\u2019da 44,6 derece ile Ayd\u0131n\u2019da \u00f6l\u00e7\u00fcld\u00fc.<br \/>\nY\u0131l\u0131n en so\u011fuk g\u00fcn\u00fc 29 \u015eubat\u2019ta -34,3 derece ile Ardahan G\u00f6le\u2019de ya\u015fand\u0131. \u0130l merkezlerinde \u00f6l\u00e7\u00fclen en d\u00fc\u015f\u00fck s\u0131cakl\u0131k de\u011feri ise -31,3 derece ile Ardahan\u2019da kaydedildi. \u00a0<br \/>\nEN \u00c7OK YA\u011eMUR ANTALYA\u2019YA D\u00dc\u015eT\u00dc<br \/>\nG\u00fcnl\u00fck en y\u00fcksek ya\u011f\u0131\u015f ise 13 \u015eubat\u2019ta Antalya\u2019n\u0131n Kepez il\u00e7esinde metrekareye 297,7 kilogramla ger\u00e7ekle\u015fti. \u0130l merkezlerinde kaydedilen en y\u00fcksek g\u00fcnl\u00fck toplam ya\u011f\u0131\u015f ise yine 13 \u015eubat\u2019ta metrekareye 233,9 kilogramla Antalya\u2019da kaydedildi.<br \/>\nEn y\u00fcksek kar kal\u0131nl\u0131\u011f\u0131 Van\u2019\u0131n Bah\u00e7esaray il\u00e7esi Karabet Tepesi\u2019nde 6 Mart\u2019ta 247 santimetre ile \u00f6l\u00e7\u00fcld\u00fc. \u0130l merkezleri i\u00e7inde ise en y\u00fcksek kar y\u00fcksekli\u011fi 30 Ocak\u2019ta 132 santimetre ile Bitlis\u2019te kaydedildi.<\/p>\n<p>R\u00dcZGAR EN HIZLI TRABZON\u2019DA EST\u0130<br \/>\nR\u00fczgar\u0131n en h\u0131zl\u0131 esti\u011fi g\u00fcn Trabzon\u2019da \u00c7ar\u015f\u0131ba\u015f\u0131 Yoroz\u2019da saatte 153,4 kilometre h\u0131zla 28 Aral\u0131k oldu. \u0130l merkezlerinde en y\u00fcksek r\u00fczgar \u00f6l\u00e7\u00fcm\u00fc ise 24 Kas\u0131m\u2019da Konya\u2019da 88,9 kilometre saat h\u0131z olarak kay\u0131tlara ge\u00e7ti.<br \/>\nEN Y\u00dcKSEK DEN\u0130Z SUYU SICAKLI\u011eI ADANA\u2019DA \u00d6L\u00c7\u00dcLD\u00dc<br \/>\n\u00d6te yandan 2024&#8217;\u00fcn meteorolojik verilerinde 2024 y\u0131l\u0131nda deniz suyu s\u0131cakl\u0131klar\u0131nda \u00f6l\u00e7\u00fclen en y\u00fcksek s\u0131cakl\u0131k 15 A\u011fustos\u2019ta Adana\u2019n\u0131n Karata\u015f Bal\u0131k\u00e7\u0131 Bar\u0131na\u011f\u0131 Ana Mendirek Feneri \u0130stasyonu\u2019nda 32,9 derece olarak kay\u0131tlara ge\u00e7ti. En d\u00fc\u015f\u00fck deniz suyu s\u0131cakl\u0131\u011f\u0131 ise 22 Ocak\u2019ta Marmara Ere\u011flisi Bal\u0131k\u00e7\u0131 Bar\u0131na\u011f\u0131 Mendirek Feneri \u0130stasyonu\u2019nda 7 derece ile \u00f6l\u00e7\u00fcld\u00fc.\u00a0<\/p>\n<p>\u200b\u00c7evre, \u015eehircilik ve \u0130klim De\u011fi\u015fikli\u011fi Bakanl\u0131\u011f\u0131 b\u00fcnyesindeki Meteoroloji Genel M\u00fcd\u00fcrl\u00fc\u011f\u00fc, 2024 y\u0131l\u0131nda T\u00fcrkiye\u2019de ger\u00e7ekle\u015fen meteorolojik rekor verilerini a\u00e7\u0131klad\u0131. En s\u0131cak g\u00fcn 20 Haziran\u2019da 47,8 derece ile \u015eanl\u0131urfa\u2019n\u0131n Ceylanp\u0131nar il\u00e7esinde kaydedildi. En y\u00fcksek kar kal\u0131nl\u0131\u011f\u0131  ise Van\u2019\u0131n Bah\u00e7esaray il\u00e7esi Karabet Tepesi\u2019nde 6 Mart\u2019ta 247 santimetre ile olarak \u00f6l\u00e7\u00fcld\u00fc.ANKARA (\u0130GFA) &#8211; Meteoroloji Genel M\u00fcd\u00fcrl\u00fc\u011f\u00fc \u00fclke genelinde 2 bin 59 g\u00f6zlem istasyonundan ald\u0131\u011f\u0131 verilerle 2024 y\u0131l\u0131nda T\u00fcrkiye\u2019de \u00f6l\u00e7\u00fclen rekor hava de\u011ferlerini a\u00e7\u0131klad\u0131.<br \/>\nBuna g\u00f6re y\u0131l\u0131n en s\u0131cak g\u00fcn\u00fc 20 Haziran\u2019da \u015eanl\u0131urfa\u2019n\u0131n Ceylanp\u0131nar il\u00e7esinde 47,8 derece ile ya\u015fand\u0131. \u0130l merkezlerinde \u00f6l\u00e7\u00fclen en y\u00fcksek s\u0131cakl\u0131k de\u011feri ise 12 Haziran\u2019da 44,6 derece ile Ayd\u0131n\u2019da \u00f6l\u00e7\u00fcld\u00fc.<br \/>\nY\u0131l\u0131n en so\u011fuk g\u00fcn\u00fc 29 \u015eubat\u2019ta -34,3 derece ile Ardahan G\u00f6le\u2019de ya\u015fand\u0131. \u0130l merkezlerinde \u00f6l\u00e7\u00fclen en d\u00fc\u015f\u00fck s\u0131cakl\u0131k de\u011feri ise -31,3 derece ile Ardahan\u2019da kaydedildi. \u00a0<br \/>\nEN \u00c7OK YA\u011eMUR ANTALYA\u2019YA D\u00dc\u015eT\u00dc<br \/>\nG\u00fcnl\u00fck en y\u00fcksek ya\u011f\u0131\u015f ise 13 \u015eubat\u2019ta Antalya\u2019n\u0131n Kepez il\u00e7esinde metrekareye 297,7 kilogramla ger\u00e7ekle\u015fti. \u0130l merkezlerinde kaydedilen en y\u00fcksek g\u00fcnl\u00fck toplam ya\u011f\u0131\u015f ise yine 13 \u015eubat\u2019ta metrekareye 233,9 kilogramla Antalya\u2019da kaydedildi.<br \/>\nEn y\u00fcksek kar kal\u0131nl\u0131\u011f\u0131 Van\u2019\u0131n Bah\u00e7esaray il\u00e7esi Karabet Tepesi\u2019nde 6 Mart\u2019ta 247 santimetre ile \u00f6l\u00e7\u00fcld\u00fc. \u0130l merkezleri i\u00e7inde ise en y\u00fcksek kar y\u00fcksekli\u011fi 30 Ocak\u2019ta 132 santimetre ile Bitlis\u2019te kaydedildi.<\/p>\n<p>R\u00dcZGAR EN HIZLI TRABZON\u2019DA EST\u0130<br \/>\nR\u00fczgar\u0131n en h\u0131zl\u0131 esti\u011fi g\u00fcn Trabzon\u2019da \u00c7ar\u015f\u0131ba\u015f\u0131 Yoroz\u2019da saatte 153,4 kilometre h\u0131zla 28 Aral\u0131k oldu. \u0130l merkezlerinde en y\u00fcksek r\u00fczgar \u00f6l\u00e7\u00fcm\u00fc ise 24 Kas\u0131m\u2019da Konya\u2019da 88,9 kilometre saat h\u0131z olarak kay\u0131tlara ge\u00e7ti.<br \/>\nEN Y\u00dcKSEK DEN\u0130Z SUYU SICAKLI\u011eI ADANA\u2019DA \u00d6L\u00c7\u00dcLD\u00dc<br \/>\n\u00d6te yandan 2024&#8217;\u00fcn meteorolojik verilerinde 2024 y\u0131l\u0131nda deniz suyu s\u0131cakl\u0131klar\u0131nda \u00f6l\u00e7\u00fclen en y\u00fcksek s\u0131cakl\u0131k 15 A\u011fustos\u2019ta Adana\u2019n\u0131n Karata\u015f Bal\u0131k\u00e7\u0131 Bar\u0131na\u011f\u0131 Ana Mendirek Feneri \u0130stasyonu\u2019nda 32,9 derece olarak kay\u0131tlara ge\u00e7ti. En d\u00fc\u015f\u00fck deniz suyu s\u0131cakl\u0131\u011f\u0131 ise 22 Ocak\u2019ta Marmara Ere\u011flisi Bal\u0131k\u00e7\u0131 Bar\u0131na\u011f\u0131 Mendirek Feneri \u0130stasyonu\u2019nda 7 derece ile \u00f6l\u00e7\u00fcld\u00fc.\u00a0\u00a0<\/p>\n<p>\u200bHaberin Al\u0131nt\u0131land\u0131\u011f\u0131 Kaynak: www.iskenderun.org<\/p>","protected":false},"excerpt":{"rendered":"<p>\u00c7evre, \u015eehircilik ve \u0130klim De\u011fi\u015fikli\u011fi Bakanl\u0131\u011f\u0131 b\u00fcnyesindeki Meteoroloji Genel M\u00fcd\u00fcrl\u00fc\u011f\u00fc, 2024 y\u0131l\u0131nda T\u00fcrkiye\u2019de ger\u00e7ekle\u015fen meteorolojik rekor verilerini a\u00e7\u0131klad\u0131. En s\u0131cak g\u00fcn 20 Haziran\u2019da 47,8 derece ile \u015eanl\u0131urfa\u2019n\u0131n Ceylanp\u0131nar il\u00e7esinde kaydedildi. En y\u00fcksek kar kal\u0131nl\u0131\u011f\u0131 ise Van\u2019\u0131n Bah\u00e7esaray il\u00e7esi Karabet Tepesi\u2019nde 6 Mart\u2019ta 247 santimetre ile olarak \u00f6l\u00e7\u00fcld\u00fc.ANKARA (\u0130GFA) &#8211; Meteoroloji Genel M\u00fcd\u00fcrl\u00fc\u011f\u00fc \u00fclke genelinde 2 bin 59 g\u00f6zlem istasyonundan ald\u0131\u011f\u0131 verilerle 2024 y\u0131l\u0131nda T\u00fcrkiye\u2019de \u00f6l\u00e7\u00fclen rekor hava de\u011ferlerini a\u00e7\u0131klad\u0131. Buna g\u00f6re y\u0131l\u0131n en s\u0131cak g\u00fcn\u00fc 20 Haziran\u2019da \u015eanl\u0131urfa\u2019n\u0131n Ceylanp\u0131nar il\u00e7esinde 47,8 derece ile ya\u015fand\u0131. \u0130l merkezlerinde \u00f6l\u00e7\u00fclen en y\u00fcksek s\u0131cakl\u0131k de\u011feri ise 12 Haziran\u2019da 44,6 derece ile Ayd\u0131n\u2019da \u00f6l\u00e7\u00fcld\u00fc. Y\u0131l\u0131n en so\u011fuk g\u00fcn\u00fc 29 \u015eubat\u2019ta -34,3 derece ile Ardahan G\u00f6le\u2019de ya\u015fand\u0131. \u0130l merkezlerinde \u00f6l\u00e7\u00fclen en d\u00fc\u015f\u00fck s\u0131cakl\u0131k de\u011feri ise -31,3 derece ile Ardahan\u2019da kaydedildi. \u00a0 EN \u00c7OK YA\u011eMUR ANTALYA\u2019YA D\u00dc\u015eT\u00dc G\u00fcnl\u00fck en y\u00fcksek ya\u011f\u0131\u015f ise 13 \u015eubat\u2019ta Antalya\u2019n\u0131n Kepez il\u00e7esinde metrekareye 297,7 kilogramla ger\u00e7ekle\u015fti. \u0130l merkezlerinde kaydedilen en y\u00fcksek g\u00fcnl\u00fck toplam ya\u011f\u0131\u015f ise yine 13 \u015eubat\u2019ta metrekareye 233,9 kilogramla Antalya\u2019da kaydedildi. En y\u00fcksek kar kal\u0131nl\u0131\u011f\u0131 Van\u2019\u0131n Bah\u00e7esaray il\u00e7esi Karabet Tepesi\u2019nde 6 Mart\u2019ta 247 santimetre ile \u00f6l\u00e7\u00fcld\u00fc. \u0130l merkezleri i\u00e7inde ise en y\u00fcksek kar y\u00fcksekli\u011fi 30 Ocak\u2019ta 132 santimetre ile Bitlis\u2019te kaydedildi. R\u00dcZGAR EN HIZLI TRABZON\u2019DA EST\u0130 R\u00fczgar\u0131n en h\u0131zl\u0131 esti\u011fi &hellip;<\/p>","protected":false},"author":1,"featured_media":0,"comment_status":"open","ping_status":"open","sticky":false,"template":"","format":"standard","meta":{"_acf_changed":false,"footnotes":""},"categories":[24],"tags":[],"class_list":["post-25786","post","type-post","status-publish","format-standard","has-post-thumbnail","hentry","category-gundem"],"acf":[],"yoast_head":"<!-- This site is optimized with the Yoast SEO Premium plugin v26.6 (Yoast SEO v27.1.1) - https:\/\/yoast.com\/product\/yoast-seo-premium-wordpress\/ -->\n<title>Meteoroloji&#039;den 2024 havas\u0131n\u0131n &#039;en&#039;leri! - Av. Deniz Can K\u0131z\u0131l<\/title>\n<meta name=\"robots\" content=\"index, follow, max-snippet:-1, max-image-preview:large, max-video-preview:-1\" \/>\n<link rel=\"canonical\" href=\"http:\/\/denizcankizil.tr\/en\/haberler\/gundem\/meteorolojiden-2024-havasinin-enleri\/\" \/>\n<meta property=\"og:locale\" content=\"en_GB\" \/>\n<meta property=\"og:type\" content=\"article\" \/>\n<meta property=\"og:title\" content=\"Meteoroloji&#039;den 2024 havas\u0131n\u0131n &#039;en&#039;leri!\" \/>\n<meta property=\"og:description\" content=\"\u00c7evre, \u015eehircilik ve \u0130klim De\u011fi\u015fikli\u011fi Bakanl\u0131\u011f\u0131 b\u00fcnyesindeki Meteoroloji Genel M\u00fcd\u00fcrl\u00fc\u011f\u00fc, 2024 y\u0131l\u0131nda T\u00fcrkiye\u2019de ger\u00e7ekle\u015fen meteorolojik rekor verilerini a\u00e7\u0131klad\u0131. En s\u0131cak g\u00fcn 20 Haziran\u2019da 47,8 derece ile \u015eanl\u0131urfa\u2019n\u0131n Ceylanp\u0131nar il\u00e7esinde kaydedildi. En y\u00fcksek kar kal\u0131nl\u0131\u011f\u0131 ise Van\u2019\u0131n Bah\u00e7esaray il\u00e7esi Karabet Tepesi\u2019nde 6 Mart\u2019ta 247 santimetre ile olarak \u00f6l\u00e7\u00fcld\u00fc.ANKARA (\u0130GFA) &#8211; Meteoroloji Genel M\u00fcd\u00fcrl\u00fc\u011f\u00fc \u00fclke genelinde 2 bin 59 g\u00f6zlem istasyonundan ald\u0131\u011f\u0131 verilerle 2024 y\u0131l\u0131nda T\u00fcrkiye\u2019de \u00f6l\u00e7\u00fclen rekor hava de\u011ferlerini a\u00e7\u0131klad\u0131. Buna g\u00f6re y\u0131l\u0131n en s\u0131cak g\u00fcn\u00fc 20 Haziran\u2019da \u015eanl\u0131urfa\u2019n\u0131n Ceylanp\u0131nar il\u00e7esinde 47,8 derece ile ya\u015fand\u0131. \u0130l merkezlerinde \u00f6l\u00e7\u00fclen en y\u00fcksek s\u0131cakl\u0131k de\u011feri ise 12 Haziran\u2019da 44,6 derece ile Ayd\u0131n\u2019da \u00f6l\u00e7\u00fcld\u00fc. Y\u0131l\u0131n en so\u011fuk g\u00fcn\u00fc 29 \u015eubat\u2019ta -34,3 derece ile Ardahan G\u00f6le\u2019de ya\u015fand\u0131. \u0130l merkezlerinde \u00f6l\u00e7\u00fclen en d\u00fc\u015f\u00fck s\u0131cakl\u0131k de\u011feri ise -31,3 derece ile Ardahan\u2019da kaydedildi. \u00a0 EN \u00c7OK YA\u011eMUR ANTALYA\u2019YA D\u00dc\u015eT\u00dc G\u00fcnl\u00fck en y\u00fcksek ya\u011f\u0131\u015f ise 13 \u015eubat\u2019ta Antalya\u2019n\u0131n Kepez il\u00e7esinde metrekareye 297,7 kilogramla ger\u00e7ekle\u015fti. \u0130l merkezlerinde kaydedilen en y\u00fcksek g\u00fcnl\u00fck toplam ya\u011f\u0131\u015f ise yine 13 \u015eubat\u2019ta metrekareye 233,9 kilogramla Antalya\u2019da kaydedildi. En y\u00fcksek kar kal\u0131nl\u0131\u011f\u0131 Van\u2019\u0131n Bah\u00e7esaray il\u00e7esi Karabet Tepesi\u2019nde 6 Mart\u2019ta 247 santimetre ile \u00f6l\u00e7\u00fcld\u00fc. \u0130l merkezleri i\u00e7inde ise en y\u00fcksek kar y\u00fcksekli\u011fi 30 Ocak\u2019ta 132 santimetre ile Bitlis\u2019te kaydedildi. R\u00dcZGAR EN HIZLI TRABZON\u2019DA EST\u0130 R\u00fczgar\u0131n en h\u0131zl\u0131 esti\u011fi &hellip;\" \/>\n<meta property=\"og:url\" content=\"http:\/\/denizcankizil.tr\/en\/haberler\/gundem\/meteorolojiden-2024-havasinin-enleri\/\" \/>\n<meta property=\"og:site_name\" content=\"Av. Deniz Can K\u0131z\u0131l\" \/>\n<meta property=\"article:published_time\" content=\"2025-01-17T07:42:23+00:00\" \/>\n<meta name=\"author\" content=\"admin\" \/>\n<meta name=\"twitter:card\" content=\"summary_large_image\" \/>\n<meta name=\"twitter:label1\" content=\"Written by\" \/>\n\t<meta name=\"twitter:data1\" content=\"admin\" \/>\n\t<meta name=\"twitter:label2\" content=\"Estimated reading time\" \/>\n\t<meta name=\"twitter:data2\" content=\"4 minutes\" \/>\n<script type=\"application\/ld+json\" class=\"yoast-schema-graph\">{\"@context\":\"https:\/\/schema.org\",\"@graph\":[{\"@type\":\"Article\",\"@id\":\"http:\/\/denizcankizil.tr\/en\/haberler\/gundem\/meteorolojiden-2024-havasinin-enleri\/#article\",\"isPartOf\":{\"@id\":\"http:\/\/denizcankizil.tr\/en\/haberler\/gundem\/meteorolojiden-2024-havasinin-enleri\/\"},\"author\":{\"name\":\"admin\",\"@id\":\"https:\/\/denizcankizil.tr\/#\/schema\/person\/be3c05fe6a12686905512445d8185489\"},\"headline\":\"Meteoroloji&#8217;den 2024 havas\u0131n\u0131n &#8216;en&#8217;leri!\",\"datePublished\":\"2025-01-17T07:42:23+00:00\",\"mainEntityOfPage\":{\"@id\":\"http:\/\/denizcankizil.tr\/en\/haberler\/gundem\/meteorolojiden-2024-havasinin-enleri\/\"},\"wordCount\":835,\"commentCount\":0,\"publisher\":{\"@id\":\"https:\/\/denizcankizil.tr\/#organization\"},\"articleSection\":[\"G\u00fcndem\"],\"inLanguage\":\"en-GB\",\"potentialAction\":[{\"@type\":\"CommentAction\",\"name\":\"Comment\",\"target\":[\"http:\/\/denizcankizil.tr\/en\/haberler\/gundem\/meteorolojiden-2024-havasinin-enleri\/#respond\"]}]},{\"@type\":\"WebPage\",\"@id\":\"http:\/\/denizcankizil.tr\/en\/haberler\/gundem\/meteorolojiden-2024-havasinin-enleri\/\",\"url\":\"http:\/\/denizcankizil.tr\/en\/haberler\/gundem\/meteorolojiden-2024-havasinin-enleri\/\",\"name\":\"Meteoroloji'den 2024 havas\u0131n\u0131n 'en'leri! - Av. Deniz Can K\u0131z\u0131l\",\"isPartOf\":{\"@id\":\"https:\/\/denizcankizil.tr\/#website\"},\"datePublished\":\"2025-01-17T07:42:23+00:00\",\"breadcrumb\":{\"@id\":\"http:\/\/denizcankizil.tr\/en\/haberler\/gundem\/meteorolojiden-2024-havasinin-enleri\/#breadcrumb\"},\"inLanguage\":\"en-GB\",\"potentialAction\":[{\"@type\":\"ReadAction\",\"target\":[\"http:\/\/denizcankizil.tr\/en\/haberler\/gundem\/meteorolojiden-2024-havasinin-enleri\/\"]}]},{\"@type\":\"BreadcrumbList\",\"@id\":\"http:\/\/denizcankizil.tr\/en\/haberler\/gundem\/meteorolojiden-2024-havasinin-enleri\/#breadcrumb\",\"itemListElement\":[{\"@type\":\"ListItem\",\"position\":1,\"name\":\"Home\",\"item\":\"https:\/\/denizcankizil.tr\/uk\/\"},{\"@type\":\"ListItem\",\"position\":2,\"name\":\"Meteoroloji&#8217;den 2024 havas\u0131n\u0131n &#8216;en&#8217;leri!\"}]},{\"@type\":\"WebSite\",\"@id\":\"https:\/\/denizcankizil.tr\/#website\",\"url\":\"https:\/\/denizcankizil.tr\/\",\"name\":\"Av. Deniz Can K\u0131z\u0131l\",\"description\":\"Avukat Deniz Can K\u0131z\u0131l Antalya Barosu\",\"publisher\":{\"@id\":\"https:\/\/denizcankizil.tr\/#organization\"},\"potentialAction\":[{\"@type\":\"SearchAction\",\"target\":{\"@type\":\"EntryPoint\",\"urlTemplate\":\"https:\/\/denizcankizil.tr\/?s={search_term_string}\"},\"query-input\":{\"@type\":\"PropertyValueSpecification\",\"valueRequired\":true,\"valueName\":\"search_term_string\"}}],\"inLanguage\":\"en-GB\"},{\"@type\":\"Organization\",\"@id\":\"https:\/\/denizcankizil.tr\/#organization\",\"name\":\"Av. Deniz Can K\u0131z\u0131l\",\"url\":\"https:\/\/denizcankizil.tr\/\",\"logo\":{\"@type\":\"ImageObject\",\"inLanguage\":\"en-GB\",\"@id\":\"https:\/\/denizcankizil.tr\/#\/schema\/logo\/image\/\",\"url\":\"http:\/\/denizcankizil.tr\/wp-content\/uploads\/2024\/10\/siyah-logo-svg.svg\",\"contentUrl\":\"http:\/\/denizcankizil.tr\/wp-content\/uploads\/2024\/10\/siyah-logo-svg.svg\",\"width\":1080,\"height\":1080,\"caption\":\"Av. Deniz Can K\u0131z\u0131l\"},\"image\":{\"@id\":\"https:\/\/denizcankizil.tr\/#\/schema\/logo\/image\/\"}},{\"@type\":\"Person\",\"@id\":\"https:\/\/denizcankizil.tr\/#\/schema\/person\/be3c05fe6a12686905512445d8185489\",\"name\":\"admin\",\"image\":{\"@type\":\"ImageObject\",\"inLanguage\":\"en-GB\",\"@id\":\"https:\/\/denizcankizil.tr\/#\/schema\/person\/image\/\",\"url\":\"https:\/\/secure.gravatar.com\/avatar\/c1fce94c830dc79107e174f890d7210541c4a63e8e5d816341794a2151c9d58c?s=96&d=mm&r=g\",\"contentUrl\":\"https:\/\/secure.gravatar.com\/avatar\/c1fce94c830dc79107e174f890d7210541c4a63e8e5d816341794a2151c9d58c?s=96&d=mm&r=g\",\"caption\":\"admin\"},\"sameAs\":[\"http:\/\/denizcankizil.tr\"],\"url\":\"https:\/\/www.iskenderun.org\/meteorolojiden-2024-havasinin-enleri\"}]}<\/script>\n<!-- \/ Yoast SEO Premium plugin. -->","yoast_head_json":{"title":"Meteoroloji'den 2024 havas\u0131n\u0131n 'en'leri! - Av. Deniz Can K\u0131z\u0131l","robots":{"index":"index","follow":"follow","max-snippet":"max-snippet:-1","max-image-preview":"max-image-preview:large","max-video-preview":"max-video-preview:-1"},"canonical":"http:\/\/denizcankizil.tr\/en\/haberler\/gundem\/meteorolojiden-2024-havasinin-enleri\/","og_locale":"en_GB","og_type":"article","og_title":"Meteoroloji'den 2024 havas\u0131n\u0131n 'en'leri!","og_description":"\u00c7evre, \u015eehircilik ve \u0130klim De\u011fi\u015fikli\u011fi Bakanl\u0131\u011f\u0131 b\u00fcnyesindeki Meteoroloji Genel M\u00fcd\u00fcrl\u00fc\u011f\u00fc, 2024 y\u0131l\u0131nda T\u00fcrkiye\u2019de ger\u00e7ekle\u015fen meteorolojik rekor verilerini a\u00e7\u0131klad\u0131. En s\u0131cak g\u00fcn 20 Haziran\u2019da 47,8 derece ile \u015eanl\u0131urfa\u2019n\u0131n Ceylanp\u0131nar il\u00e7esinde kaydedildi. En y\u00fcksek kar kal\u0131nl\u0131\u011f\u0131 ise Van\u2019\u0131n Bah\u00e7esaray il\u00e7esi Karabet Tepesi\u2019nde 6 Mart\u2019ta 247 santimetre ile olarak \u00f6l\u00e7\u00fcld\u00fc.ANKARA (\u0130GFA) &#8211; Meteoroloji Genel M\u00fcd\u00fcrl\u00fc\u011f\u00fc \u00fclke genelinde 2 bin 59 g\u00f6zlem istasyonundan ald\u0131\u011f\u0131 verilerle 2024 y\u0131l\u0131nda T\u00fcrkiye\u2019de \u00f6l\u00e7\u00fclen rekor hava de\u011ferlerini a\u00e7\u0131klad\u0131. Buna g\u00f6re y\u0131l\u0131n en s\u0131cak g\u00fcn\u00fc 20 Haziran\u2019da \u015eanl\u0131urfa\u2019n\u0131n Ceylanp\u0131nar il\u00e7esinde 47,8 derece ile ya\u015fand\u0131. \u0130l merkezlerinde \u00f6l\u00e7\u00fclen en y\u00fcksek s\u0131cakl\u0131k de\u011feri ise 12 Haziran\u2019da 44,6 derece ile Ayd\u0131n\u2019da \u00f6l\u00e7\u00fcld\u00fc. Y\u0131l\u0131n en so\u011fuk g\u00fcn\u00fc 29 \u015eubat\u2019ta -34,3 derece ile Ardahan G\u00f6le\u2019de ya\u015fand\u0131. \u0130l merkezlerinde \u00f6l\u00e7\u00fclen en d\u00fc\u015f\u00fck s\u0131cakl\u0131k de\u011feri ise -31,3 derece ile Ardahan\u2019da kaydedildi. \u00a0 EN \u00c7OK YA\u011eMUR ANTALYA\u2019YA D\u00dc\u015eT\u00dc G\u00fcnl\u00fck en y\u00fcksek ya\u011f\u0131\u015f ise 13 \u015eubat\u2019ta Antalya\u2019n\u0131n Kepez il\u00e7esinde metrekareye 297,7 kilogramla ger\u00e7ekle\u015fti. \u0130l merkezlerinde kaydedilen en y\u00fcksek g\u00fcnl\u00fck toplam ya\u011f\u0131\u015f ise yine 13 \u015eubat\u2019ta metrekareye 233,9 kilogramla Antalya\u2019da kaydedildi. En y\u00fcksek kar kal\u0131nl\u0131\u011f\u0131 Van\u2019\u0131n Bah\u00e7esaray il\u00e7esi Karabet Tepesi\u2019nde 6 Mart\u2019ta 247 santimetre ile \u00f6l\u00e7\u00fcld\u00fc. \u0130l merkezleri i\u00e7inde ise en y\u00fcksek kar y\u00fcksekli\u011fi 30 Ocak\u2019ta 132 santimetre ile Bitlis\u2019te kaydedildi. R\u00dcZGAR EN HIZLI TRABZON\u2019DA EST\u0130 R\u00fczgar\u0131n en h\u0131zl\u0131 esti\u011fi &hellip;","og_url":"http:\/\/denizcankizil.tr\/en\/haberler\/gundem\/meteorolojiden-2024-havasinin-enleri\/","og_site_name":"Av. Deniz Can K\u0131z\u0131l","article_published_time":"2025-01-17T07:42:23+00:00","author":"admin","twitter_card":"summary_large_image","twitter_misc":{"Written by":"admin","Estimated reading time":"4 minutes"},"schema":{"@context":"https:\/\/schema.org","@graph":[{"@type":"Article","@id":"http:\/\/denizcankizil.tr\/en\/haberler\/gundem\/meteorolojiden-2024-havasinin-enleri\/#article","isPartOf":{"@id":"http:\/\/denizcankizil.tr\/en\/haberler\/gundem\/meteorolojiden-2024-havasinin-enleri\/"},"author":{"name":"admin","@id":"https:\/\/denizcankizil.tr\/#\/schema\/person\/be3c05fe6a12686905512445d8185489"},"headline":"Meteoroloji&#8217;den 2024 havas\u0131n\u0131n &#8216;en&#8217;leri!","datePublished":"2025-01-17T07:42:23+00:00","mainEntityOfPage":{"@id":"http:\/\/denizcankizil.tr\/en\/haberler\/gundem\/meteorolojiden-2024-havasinin-enleri\/"},"wordCount":835,"commentCount":0,"publisher":{"@id":"https:\/\/denizcankizil.tr\/#organization"},"articleSection":["G\u00fcndem"],"inLanguage":"en-GB","potentialAction":[{"@type":"CommentAction","name":"Comment","target":["http:\/\/denizcankizil.tr\/en\/haberler\/gundem\/meteorolojiden-2024-havasinin-enleri\/#respond"]}]},{"@type":"WebPage","@id":"http:\/\/denizcankizil.tr\/en\/haberler\/gundem\/meteorolojiden-2024-havasinin-enleri\/","url":"http:\/\/denizcankizil.tr\/en\/haberler\/gundem\/meteorolojiden-2024-havasinin-enleri\/","name":"Meteoroloji'den 2024 havas\u0131n\u0131n 'en'leri! - Av. Deniz Can K\u0131z\u0131l","isPartOf":{"@id":"https:\/\/denizcankizil.tr\/#website"},"datePublished":"2025-01-17T07:42:23+00:00","breadcrumb":{"@id":"http:\/\/denizcankizil.tr\/en\/haberler\/gundem\/meteorolojiden-2024-havasinin-enleri\/#breadcrumb"},"inLanguage":"en-GB","potentialAction":[{"@type":"ReadAction","target":["http:\/\/denizcankizil.tr\/en\/haberler\/gundem\/meteorolojiden-2024-havasinin-enleri\/"]}]},{"@type":"BreadcrumbList","@id":"http:\/\/denizcankizil.tr\/en\/haberler\/gundem\/meteorolojiden-2024-havasinin-enleri\/#breadcrumb","itemListElement":[{"@type":"ListItem","position":1,"name":"Home","item":"https:\/\/denizcankizil.tr\/uk\/"},{"@type":"ListItem","position":2,"name":"Meteoroloji&#8217;den 2024 havas\u0131n\u0131n &#8216;en&#8217;leri!"}]},{"@type":"WebSite","@id":"https:\/\/denizcankizil.tr\/#website","url":"https:\/\/denizcankizil.tr\/","name":"Av. Deniz Can K\u0131z\u0131l","description":"Avukat Deniz Can K\u0131z\u0131l Antalya Barosu","publisher":{"@id":"https:\/\/denizcankizil.tr\/#organization"},"potentialAction":[{"@type":"SearchAction","target":{"@type":"EntryPoint","urlTemplate":"https:\/\/denizcankizil.tr\/?s={search_term_string}"},"query-input":{"@type":"PropertyValueSpecification","valueRequired":true,"valueName":"search_term_string"}}],"inLanguage":"en-GB"},{"@type":"Organization","@id":"https:\/\/denizcankizil.tr\/#organization","name":"Av. Deniz Can K\u0131z\u0131l","url":"https:\/\/denizcankizil.tr\/","logo":{"@type":"ImageObject","inLanguage":"en-GB","@id":"https:\/\/denizcankizil.tr\/#\/schema\/logo\/image\/","url":"http:\/\/denizcankizil.tr\/wp-content\/uploads\/2024\/10\/siyah-logo-svg.svg","contentUrl":"http:\/\/denizcankizil.tr\/wp-content\/uploads\/2024\/10\/siyah-logo-svg.svg","width":1080,"height":1080,"caption":"Av. Deniz Can K\u0131z\u0131l"},"image":{"@id":"https:\/\/denizcankizil.tr\/#\/schema\/logo\/image\/"}},{"@type":"Person","@id":"https:\/\/denizcankizil.tr\/#\/schema\/person\/be3c05fe6a12686905512445d8185489","name":"admin","image":{"@type":"ImageObject","inLanguage":"en-GB","@id":"https:\/\/denizcankizil.tr\/#\/schema\/person\/image\/","url":"https:\/\/secure.gravatar.com\/avatar\/c1fce94c830dc79107e174f890d7210541c4a63e8e5d816341794a2151c9d58c?s=96&d=mm&r=g","contentUrl":"https:\/\/secure.gravatar.com\/avatar\/c1fce94c830dc79107e174f890d7210541c4a63e8e5d816341794a2151c9d58c?s=96&d=mm&r=g","caption":"admin"},"sameAs":["http:\/\/denizcankizil.tr"],"url":"https:\/\/www.iskenderun.org\/meteorolojiden-2024-havasinin-enleri"}]}},"_links":{"self":[{"href":"http:\/\/denizcankizil.tr\/en\/wp-json\/wp\/v2\/posts\/25786","targetHints":{"allow":["GET"]}}],"collection":[{"href":"http:\/\/denizcankizil.tr\/en\/wp-json\/wp\/v2\/posts"}],"about":[{"href":"http:\/\/denizcankizil.tr\/en\/wp-json\/wp\/v2\/types\/post"}],"author":[{"embeddable":true,"href":"http:\/\/denizcankizil.tr\/en\/wp-json\/wp\/v2\/users\/1"}],"replies":[{"embeddable":true,"href":"http:\/\/denizcankizil.tr\/en\/wp-json\/wp\/v2\/comments?post=25786"}],"version-history":[{"count":0,"href":"http:\/\/denizcankizil.tr\/en\/wp-json\/wp\/v2\/posts\/25786\/revisions"}],"wp:attachment":[{"href":"http:\/\/denizcankizil.tr\/en\/wp-json\/wp\/v2\/media?parent=25786"}],"wp:term":[{"taxonomy":"category","embeddable":true,"href":"http:\/\/denizcankizil.tr\/en\/wp-json\/wp\/v2\/categories?post=25786"},{"taxonomy":"post_tag","embeddable":true,"href":"http:\/\/denizcankizil.tr\/en\/wp-json\/wp\/v2\/tags?post=25786"}],"curies":[{"name":"wp","href":"https:\/\/api.w.org\/{rel}","templated":true}]}}