{"id":25625,"date":"2025-01-16T11:41:51","date_gmt":"2025-01-16T08:41:51","guid":{"rendered":"https:\/\/denizcankizil.tr\/uncategorized-tr\/numan-kurtulmus-ateskes-kalici-barisin-baslangici-olmali\/"},"modified":"2025-01-16T11:41:51","modified_gmt":"2025-01-16T08:41:51","slug":"numan-kurtulmus-ateskes-kalici-barisin-baslangici-olmali","status":"publish","type":"post","link":"http:\/\/denizcankizil.tr\/en\/haberler\/gundem\/numan-kurtulmus-ateskes-kalici-barisin-baslangici-olmali\/","title":{"rendered":"Numan Kurtulmu\u015f: Ate\u015fkes kal\u0131c\u0131 bar\u0131\u015f\u0131n ba\u015flang\u0131c\u0131 olmal\u0131"},"content":{"rendered":"<p>TBMM Ba\u015fkan\u0131 Numan Kurtulmu\u015f, Gazze&#8217;de ate\u015fkes sa\u011flanmas\u0131na ili\u015fkin, &#8220;Gazze&#8217;de sa\u011flanan ate\u015fkes, kal\u0131c\u0131 bar\u0131\u015f\u0131n in\u015fas\u0131 i\u00e7in at\u0131lan ad\u0131mlar\u0131n ba\u015flang\u0131c\u0131 olmal\u0131d\u0131r.&#8221; ifadesini kulland\u0131.ANKARA (\u0130GFA)- TBMM Ba\u015fkan\u0131 Numan Kurtulmu\u015f, sosyal medya hesab\u0131ndan yapt\u0131\u011f\u0131 a\u00e7\u0131klamada, Gazze&#8217;de ate\u015fkes sa\u011flanmas\u0131na ili\u015fkin de\u011ferlendirmelerde bulundu.<br \/>\nFilistin halk\u0131n\u0131n hakl\u0131 m\u00fccadelesi ve onurlu direni\u015finin, insanl\u0131k cephesinin sesi olmaya devam etti\u011fini belirten Kurtulmu\u015f, &#8220;Gazze&#8217;de sa\u011flanan ate\u015fkes, kal\u0131c\u0131 bar\u0131\u015f\u0131n in\u015fas\u0131 i\u00e7in at\u0131lan ad\u0131mlar\u0131n ba\u015flang\u0131c\u0131 olmal\u0131d\u0131r. Filistin&#8217;in \u00f6zg\u00fcrl\u00fc\u011f\u00fc ve haklar\u0131n\u0131n teslimi, sadece bir halk\u0131n de\u011fil, insanl\u0131\u011f\u0131n ortak de\u011ferlerine sahip \u00e7\u0131kma m\u00fccadelesidir.&#8221; dedi.<br \/>\nNuman Kurtulmu\u015f, Orta Do\u011fu&#8217;da bar\u0131\u015f ve istikrar\u0131n anahtar\u0131n\u0131n, Filistin halk\u0131n\u0131n \u00f6zg\u00fcrl\u00fc\u011f\u00fc oldu\u011funa i\u015faret ederek,\u00a0&#8220;Bu ama\u00e7la, Gazze&#8217;deki her olumlu geli\u015fme, kal\u0131c\u0131 bar\u0131\u015fa uzanan yolda \u00e7ok \u00f6nemli bir a\u015famad\u0131r. Bir kez daha sayg\u0131yla and\u0131\u011f\u0131m\u0131z Filistin \u015fehitlerinin aziz hat\u0131ralar\u0131 h\u00fcrmetine, mazlumlar\u0131n zaferinin mutlaka tecelli edece\u011fine y\u00fcrekten inan\u0131yoruz. Filistin halk\u0131n\u0131n \u00f6zg\u00fcrce ya\u015fayabilece\u011fi tam ba\u011f\u0131ms\u0131z bir devlete sahip olmas\u0131, uluslararas\u0131 toplumun tarihi bir sorumlulu\u011fudur. 1967 s\u0131n\u0131rlar\u0131 temelinde ba\u015fkenti Kud\u00fcs olan bir Filistin Devleti&#8217;nin tan\u0131nmas\u0131, b\u00f6lgede kal\u0131c\u0131 huzurun ve adaletin tesisi i\u00e7in zorunludur.\u00a0T\u00fcrkiye olarak, millet ve devlet ortak bir duru\u015fla, Filistin davas\u0131n\u0131n yan\u0131nda olmaya devam edece\u011fiz. Dualar\u0131m\u0131z, Filistin&#8217;deki karde\u015flerimizledir, m\u00fccadelelerinin onurlu ve adil bir sonuca ula\u015faca\u011f\u0131na inanc\u0131m\u0131z tamd\u0131r.&#8221; ifadelerini kulland\u0131.<\/p>\n<p>\u200bTBMM Ba\u015fkan\u0131 Numan Kurtulmu\u015f, Gazze&#8217;de ate\u015fkes sa\u011flanmas\u0131na ili\u015fkin, &#8220;Gazze&#8217;de sa\u011flanan ate\u015fkes, kal\u0131c\u0131 bar\u0131\u015f\u0131n in\u015fas\u0131 i\u00e7in at\u0131lan ad\u0131mlar\u0131n ba\u015flang\u0131c\u0131 olmal\u0131d\u0131r.&#8221; ifadesini kulland\u0131.ANKARA (\u0130GFA)- TBMM Ba\u015fkan\u0131 Numan Kurtulmu\u015f, sosyal medya hesab\u0131ndan yapt\u0131\u011f\u0131 a\u00e7\u0131klamada, Gazze&#8217;de ate\u015fkes sa\u011flanmas\u0131na ili\u015fkin de\u011ferlendirmelerde bulundu.<br \/>\nFilistin halk\u0131n\u0131n hakl\u0131 m\u00fccadelesi ve onurlu direni\u015finin, insanl\u0131k cephesinin sesi olmaya devam etti\u011fini belirten Kurtulmu\u015f, &#8220;Gazze&#8217;de sa\u011flanan ate\u015fkes, kal\u0131c\u0131 bar\u0131\u015f\u0131n in\u015fas\u0131 i\u00e7in at\u0131lan ad\u0131mlar\u0131n ba\u015flang\u0131c\u0131 olmal\u0131d\u0131r. Filistin&#8217;in \u00f6zg\u00fcrl\u00fc\u011f\u00fc ve haklar\u0131n\u0131n teslimi, sadece bir halk\u0131n de\u011fil, insanl\u0131\u011f\u0131n ortak de\u011ferlerine sahip \u00e7\u0131kma m\u00fccadelesidir.&#8221; dedi.<br \/>\nNuman Kurtulmu\u015f, Orta Do\u011fu&#8217;da bar\u0131\u015f ve istikrar\u0131n anahtar\u0131n\u0131n, Filistin halk\u0131n\u0131n \u00f6zg\u00fcrl\u00fc\u011f\u00fc oldu\u011funa i\u015faret ederek,\u00a0&#8220;Bu ama\u00e7la, Gazze&#8217;deki her olumlu geli\u015fme, kal\u0131c\u0131 bar\u0131\u015fa uzanan yolda \u00e7ok \u00f6nemli bir a\u015famad\u0131r. Bir kez daha sayg\u0131yla and\u0131\u011f\u0131m\u0131z Filistin \u015fehitlerinin aziz hat\u0131ralar\u0131 h\u00fcrmetine, mazlumlar\u0131n zaferinin mutlaka tecelli edece\u011fine y\u00fcrekten inan\u0131yoruz. Filistin halk\u0131n\u0131n \u00f6zg\u00fcrce ya\u015fayabilece\u011fi tam ba\u011f\u0131ms\u0131z bir devlete sahip olmas\u0131, uluslararas\u0131 toplumun tarihi bir sorumlulu\u011fudur. 1967 s\u0131n\u0131rlar\u0131 temelinde ba\u015fkenti Kud\u00fcs olan bir Filistin Devleti&#8217;nin tan\u0131nmas\u0131, b\u00f6lgede kal\u0131c\u0131 huzurun ve adaletin tesisi i\u00e7in zorunludur.\u00a0T\u00fcrkiye olarak, millet ve devlet ortak bir duru\u015fla, Filistin davas\u0131n\u0131n yan\u0131nda olmaya devam edece\u011fiz. Dualar\u0131m\u0131z, Filistin&#8217;deki karde\u015flerimizledir, m\u00fccadelelerinin onurlu ve adil bir sonuca ula\u015faca\u011f\u0131na inanc\u0131m\u0131z tamd\u0131r.&#8221; ifadelerini kulland\u0131.\u00a0<\/p>\n<p>\u200bHaberin Al\u0131nt\u0131land\u0131\u011f\u0131 Kaynak: www.iskenderun.org<\/p>","protected":false},"excerpt":{"rendered":"<p>TBMM Ba\u015fkan\u0131 Numan Kurtulmu\u015f, Gazze&#8217;de ate\u015fkes sa\u011flanmas\u0131na ili\u015fkin, &#8220;Gazze&#8217;de sa\u011flanan ate\u015fkes, kal\u0131c\u0131 bar\u0131\u015f\u0131n in\u015fas\u0131 i\u00e7in at\u0131lan ad\u0131mlar\u0131n ba\u015flang\u0131c\u0131 olmal\u0131d\u0131r.&#8221; ifadesini kulland\u0131.ANKARA (\u0130GFA)- TBMM Ba\u015fkan\u0131 Numan Kurtulmu\u015f, sosyal medya hesab\u0131ndan yapt\u0131\u011f\u0131 a\u00e7\u0131klamada, Gazze&#8217;de ate\u015fkes sa\u011flanmas\u0131na ili\u015fkin de\u011ferlendirmelerde bulundu. Filistin halk\u0131n\u0131n hakl\u0131 m\u00fccadelesi ve onurlu direni\u015finin, insanl\u0131k cephesinin sesi olmaya devam etti\u011fini belirten Kurtulmu\u015f, &#8220;Gazze&#8217;de sa\u011flanan ate\u015fkes, kal\u0131c\u0131 bar\u0131\u015f\u0131n in\u015fas\u0131 i\u00e7in at\u0131lan ad\u0131mlar\u0131n ba\u015flang\u0131c\u0131 olmal\u0131d\u0131r. Filistin&#8217;in \u00f6zg\u00fcrl\u00fc\u011f\u00fc ve haklar\u0131n\u0131n teslimi, sadece bir halk\u0131n de\u011fil, insanl\u0131\u011f\u0131n ortak de\u011ferlerine sahip \u00e7\u0131kma m\u00fccadelesidir.&#8221; dedi. Numan Kurtulmu\u015f, Orta Do\u011fu&#8217;da bar\u0131\u015f ve istikrar\u0131n anahtar\u0131n\u0131n, Filistin halk\u0131n\u0131n \u00f6zg\u00fcrl\u00fc\u011f\u00fc oldu\u011funa i\u015faret ederek,\u00a0&#8220;Bu ama\u00e7la, Gazze&#8217;deki her olumlu geli\u015fme, kal\u0131c\u0131 bar\u0131\u015fa uzanan yolda \u00e7ok \u00f6nemli bir a\u015famad\u0131r. Bir kez daha sayg\u0131yla and\u0131\u011f\u0131m\u0131z Filistin \u015fehitlerinin aziz hat\u0131ralar\u0131 h\u00fcrmetine, mazlumlar\u0131n zaferinin mutlaka tecelli edece\u011fine y\u00fcrekten inan\u0131yoruz. Filistin halk\u0131n\u0131n \u00f6zg\u00fcrce ya\u015fayabilece\u011fi tam ba\u011f\u0131ms\u0131z bir devlete sahip olmas\u0131, uluslararas\u0131 toplumun tarihi bir sorumlulu\u011fudur. 1967 s\u0131n\u0131rlar\u0131 temelinde ba\u015fkenti Kud\u00fcs olan bir Filistin Devleti&#8217;nin tan\u0131nmas\u0131, b\u00f6lgede kal\u0131c\u0131 huzurun ve adaletin tesisi i\u00e7in zorunludur.\u00a0T\u00fcrkiye olarak, millet ve devlet ortak bir duru\u015fla, Filistin davas\u0131n\u0131n yan\u0131nda olmaya devam edece\u011fiz. Dualar\u0131m\u0131z, Filistin&#8217;deki karde\u015flerimizledir, m\u00fccadelelerinin onurlu ve adil bir sonuca ula\u015faca\u011f\u0131na inanc\u0131m\u0131z tamd\u0131r.&#8221; ifadelerini kulland\u0131. \u200bTBMM Ba\u015fkan\u0131 Numan Kurtulmu\u015f, Gazze&#8217;de ate\u015fkes sa\u011flanmas\u0131na ili\u015fkin, &#8220;Gazze&#8217;de sa\u011flanan ate\u015fkes, kal\u0131c\u0131 bar\u0131\u015f\u0131n in\u015fas\u0131 i\u00e7in at\u0131lan ad\u0131mlar\u0131n &hellip;<\/p>","protected":false},"author":1,"featured_media":0,"comment_status":"open","ping_status":"open","sticky":false,"template":"","format":"standard","meta":{"_acf_changed":false,"footnotes":""},"categories":[24],"tags":[],"class_list":["post-25625","post","type-post","status-publish","format-standard","has-post-thumbnail","hentry","category-gundem"],"acf":[],"yoast_head":"<!-- This site is optimized with the Yoast SEO Premium plugin v26.6 (Yoast SEO v27.1.1) - https:\/\/yoast.com\/product\/yoast-seo-premium-wordpress\/ -->\n<title>Numan Kurtulmu\u015f: Ate\u015fkes kal\u0131c\u0131 bar\u0131\u015f\u0131n ba\u015flang\u0131c\u0131 olmal\u0131 - Av. Deniz Can K\u0131z\u0131l<\/title>\n<meta name=\"robots\" content=\"index, follow, max-snippet:-1, max-image-preview:large, max-video-preview:-1\" \/>\n<link rel=\"canonical\" href=\"http:\/\/denizcankizil.tr\/en\/haberler\/gundem\/numan-kurtulmus-ateskes-kalici-barisin-baslangici-olmali\/\" \/>\n<meta property=\"og:locale\" content=\"en_GB\" \/>\n<meta property=\"og:type\" content=\"article\" \/>\n<meta property=\"og:title\" content=\"Numan Kurtulmu\u015f: Ate\u015fkes kal\u0131c\u0131 bar\u0131\u015f\u0131n ba\u015flang\u0131c\u0131 olmal\u0131\" \/>\n<meta property=\"og:description\" content=\"TBMM Ba\u015fkan\u0131 Numan Kurtulmu\u015f, Gazze&#8217;de ate\u015fkes sa\u011flanmas\u0131na ili\u015fkin, &#8220;Gazze&#8217;de sa\u011flanan ate\u015fkes, kal\u0131c\u0131 bar\u0131\u015f\u0131n in\u015fas\u0131 i\u00e7in at\u0131lan ad\u0131mlar\u0131n ba\u015flang\u0131c\u0131 olmal\u0131d\u0131r.&#8221; ifadesini kulland\u0131.ANKARA (\u0130GFA)- TBMM Ba\u015fkan\u0131 Numan Kurtulmu\u015f, sosyal medya hesab\u0131ndan yapt\u0131\u011f\u0131 a\u00e7\u0131klamada, Gazze&#8217;de ate\u015fkes sa\u011flanmas\u0131na ili\u015fkin de\u011ferlendirmelerde bulundu. Filistin halk\u0131n\u0131n hakl\u0131 m\u00fccadelesi ve onurlu direni\u015finin, insanl\u0131k cephesinin sesi olmaya devam etti\u011fini belirten Kurtulmu\u015f, &#8220;Gazze&#8217;de sa\u011flanan ate\u015fkes, kal\u0131c\u0131 bar\u0131\u015f\u0131n in\u015fas\u0131 i\u00e7in at\u0131lan ad\u0131mlar\u0131n ba\u015flang\u0131c\u0131 olmal\u0131d\u0131r. Filistin&#8217;in \u00f6zg\u00fcrl\u00fc\u011f\u00fc ve haklar\u0131n\u0131n teslimi, sadece bir halk\u0131n de\u011fil, insanl\u0131\u011f\u0131n ortak de\u011ferlerine sahip \u00e7\u0131kma m\u00fccadelesidir.&#8221; dedi. Numan Kurtulmu\u015f, Orta Do\u011fu&#8217;da bar\u0131\u015f ve istikrar\u0131n anahtar\u0131n\u0131n, Filistin halk\u0131n\u0131n \u00f6zg\u00fcrl\u00fc\u011f\u00fc oldu\u011funa i\u015faret ederek,\u00a0&#8220;Bu ama\u00e7la, Gazze&#8217;deki her olumlu geli\u015fme, kal\u0131c\u0131 bar\u0131\u015fa uzanan yolda \u00e7ok \u00f6nemli bir a\u015famad\u0131r. Bir kez daha sayg\u0131yla and\u0131\u011f\u0131m\u0131z Filistin \u015fehitlerinin aziz hat\u0131ralar\u0131 h\u00fcrmetine, mazlumlar\u0131n zaferinin mutlaka tecelli edece\u011fine y\u00fcrekten inan\u0131yoruz. Filistin halk\u0131n\u0131n \u00f6zg\u00fcrce ya\u015fayabilece\u011fi tam ba\u011f\u0131ms\u0131z bir devlete sahip olmas\u0131, uluslararas\u0131 toplumun tarihi bir sorumlulu\u011fudur. 1967 s\u0131n\u0131rlar\u0131 temelinde ba\u015fkenti Kud\u00fcs olan bir Filistin Devleti&#8217;nin tan\u0131nmas\u0131, b\u00f6lgede kal\u0131c\u0131 huzurun ve adaletin tesisi i\u00e7in zorunludur.\u00a0T\u00fcrkiye olarak, millet ve devlet ortak bir duru\u015fla, Filistin davas\u0131n\u0131n yan\u0131nda olmaya devam edece\u011fiz. Dualar\u0131m\u0131z, Filistin&#8217;deki karde\u015flerimizledir, m\u00fccadelelerinin onurlu ve adil bir sonuca ula\u015faca\u011f\u0131na inanc\u0131m\u0131z tamd\u0131r.&#8221; ifadelerini kulland\u0131. \u200bTBMM Ba\u015fkan\u0131 Numan Kurtulmu\u015f, Gazze&#8217;de ate\u015fkes sa\u011flanmas\u0131na ili\u015fkin, &#8220;Gazze&#8217;de sa\u011flanan ate\u015fkes, kal\u0131c\u0131 bar\u0131\u015f\u0131n in\u015fas\u0131 i\u00e7in at\u0131lan ad\u0131mlar\u0131n &hellip;\" \/>\n<meta property=\"og:url\" content=\"http:\/\/denizcankizil.tr\/en\/haberler\/gundem\/numan-kurtulmus-ateskes-kalici-barisin-baslangici-olmali\/\" \/>\n<meta property=\"og:site_name\" content=\"Av. Deniz Can K\u0131z\u0131l\" \/>\n<meta property=\"article:published_time\" content=\"2025-01-16T08:41:51+00:00\" \/>\n<meta name=\"author\" content=\"admin\" \/>\n<meta name=\"twitter:card\" content=\"summary_large_image\" \/>\n<meta name=\"twitter:label1\" content=\"Written by\" \/>\n\t<meta name=\"twitter:data1\" content=\"admin\" \/>\n\t<meta name=\"twitter:label2\" content=\"Estimated reading time\" \/>\n\t<meta name=\"twitter:data2\" content=\"3 minutes\" \/>\n<script type=\"application\/ld+json\" class=\"yoast-schema-graph\">{\"@context\":\"https:\/\/schema.org\",\"@graph\":[{\"@type\":\"Article\",\"@id\":\"http:\/\/denizcankizil.tr\/en\/haberler\/gundem\/numan-kurtulmus-ateskes-kalici-barisin-baslangici-olmali\/#article\",\"isPartOf\":{\"@id\":\"http:\/\/denizcankizil.tr\/en\/haberler\/gundem\/numan-kurtulmus-ateskes-kalici-barisin-baslangici-olmali\/\"},\"author\":{\"name\":\"admin\",\"@id\":\"https:\/\/denizcankizil.tr\/de\/#\/schema\/person\/be3c05fe6a12686905512445d8185489\"},\"headline\":\"Numan Kurtulmu\u015f: Ate\u015fkes kal\u0131c\u0131 bar\u0131\u015f\u0131n ba\u015flang\u0131c\u0131 olmal\u0131\",\"datePublished\":\"2025-01-16T08:41:51+00:00\",\"mainEntityOfPage\":{\"@id\":\"http:\/\/denizcankizil.tr\/en\/haberler\/gundem\/numan-kurtulmus-ateskes-kalici-barisin-baslangici-olmali\/\"},\"wordCount\":626,\"commentCount\":0,\"publisher\":{\"@id\":\"https:\/\/denizcankizil.tr\/de\/#organization\"},\"articleSection\":[\"G\u00fcndem\"],\"inLanguage\":\"en-GB\",\"potentialAction\":[{\"@type\":\"CommentAction\",\"name\":\"Comment\",\"target\":[\"http:\/\/denizcankizil.tr\/en\/haberler\/gundem\/numan-kurtulmus-ateskes-kalici-barisin-baslangici-olmali\/#respond\"]}]},{\"@type\":\"WebPage\",\"@id\":\"http:\/\/denizcankizil.tr\/en\/haberler\/gundem\/numan-kurtulmus-ateskes-kalici-barisin-baslangici-olmali\/\",\"url\":\"http:\/\/denizcankizil.tr\/en\/haberler\/gundem\/numan-kurtulmus-ateskes-kalici-barisin-baslangici-olmali\/\",\"name\":\"Numan Kurtulmu\u015f: Ate\u015fkes kal\u0131c\u0131 bar\u0131\u015f\u0131n ba\u015flang\u0131c\u0131 olmal\u0131 - Av. Deniz Can K\u0131z\u0131l\",\"isPartOf\":{\"@id\":\"https:\/\/denizcankizil.tr\/de\/#website\"},\"datePublished\":\"2025-01-16T08:41:51+00:00\",\"breadcrumb\":{\"@id\":\"http:\/\/denizcankizil.tr\/en\/haberler\/gundem\/numan-kurtulmus-ateskes-kalici-barisin-baslangici-olmali\/#breadcrumb\"},\"inLanguage\":\"en-GB\",\"potentialAction\":[{\"@type\":\"ReadAction\",\"target\":[\"http:\/\/denizcankizil.tr\/en\/haberler\/gundem\/numan-kurtulmus-ateskes-kalici-barisin-baslangici-olmali\/\"]}]},{\"@type\":\"BreadcrumbList\",\"@id\":\"http:\/\/denizcankizil.tr\/en\/haberler\/gundem\/numan-kurtulmus-ateskes-kalici-barisin-baslangici-olmali\/#breadcrumb\",\"itemListElement\":[{\"@type\":\"ListItem\",\"position\":1,\"name\":\"Home\",\"item\":\"https:\/\/denizcankizil.tr\/de\/\"},{\"@type\":\"ListItem\",\"position\":2,\"name\":\"Numan Kurtulmu\u015f: Ate\u015fkes kal\u0131c\u0131 bar\u0131\u015f\u0131n ba\u015flang\u0131c\u0131 olmal\u0131\"}]},{\"@type\":\"WebSite\",\"@id\":\"https:\/\/denizcankizil.tr\/de\/#website\",\"url\":\"https:\/\/denizcankizil.tr\/de\/\",\"name\":\"Av. Deniz Can K\u0131z\u0131l\",\"description\":\"Avukat Deniz Can K\u0131z\u0131l Antalya Barosu\",\"publisher\":{\"@id\":\"https:\/\/denizcankizil.tr\/de\/#organization\"},\"potentialAction\":[{\"@type\":\"SearchAction\",\"target\":{\"@type\":\"EntryPoint\",\"urlTemplate\":\"https:\/\/denizcankizil.tr\/de\/?s={search_term_string}\"},\"query-input\":{\"@type\":\"PropertyValueSpecification\",\"valueRequired\":true,\"valueName\":\"search_term_string\"}}],\"inLanguage\":\"en-GB\"},{\"@type\":\"Organization\",\"@id\":\"https:\/\/denizcankizil.tr\/de\/#organization\",\"name\":\"Av. Deniz Can K\u0131z\u0131l\",\"url\":\"https:\/\/denizcankizil.tr\/de\/\",\"logo\":{\"@type\":\"ImageObject\",\"inLanguage\":\"en-GB\",\"@id\":\"https:\/\/denizcankizil.tr\/de\/#\/schema\/logo\/image\/\",\"url\":\"http:\/\/denizcankizil.tr\/wp-content\/uploads\/2024\/10\/siyah-logo-svg.svg\",\"contentUrl\":\"http:\/\/denizcankizil.tr\/wp-content\/uploads\/2024\/10\/siyah-logo-svg.svg\",\"width\":1080,\"height\":1080,\"caption\":\"Av. Deniz Can K\u0131z\u0131l\"},\"image\":{\"@id\":\"https:\/\/denizcankizil.tr\/de\/#\/schema\/logo\/image\/\"}},{\"@type\":\"Person\",\"@id\":\"https:\/\/denizcankizil.tr\/de\/#\/schema\/person\/be3c05fe6a12686905512445d8185489\",\"name\":\"admin\",\"image\":{\"@type\":\"ImageObject\",\"inLanguage\":\"en-GB\",\"@id\":\"https:\/\/denizcankizil.tr\/de\/#\/schema\/person\/image\/\",\"url\":\"https:\/\/secure.gravatar.com\/avatar\/c1fce94c830dc79107e174f890d7210541c4a63e8e5d816341794a2151c9d58c?s=96&d=mm&r=g\",\"contentUrl\":\"https:\/\/secure.gravatar.com\/avatar\/c1fce94c830dc79107e174f890d7210541c4a63e8e5d816341794a2151c9d58c?s=96&d=mm&r=g\",\"caption\":\"admin\"},\"sameAs\":[\"http:\/\/denizcankizil.tr\"],\"url\":\"https:\/\/www.iskenderun.org\/numan-kurtulmus-ateskes-kalici-barisin-baslangici-olmali\"}]}<\/script>\n<!-- \/ Yoast SEO Premium plugin. -->","yoast_head_json":{"title":"Numan Kurtulmu\u015f: Ate\u015fkes kal\u0131c\u0131 bar\u0131\u015f\u0131n ba\u015flang\u0131c\u0131 olmal\u0131 - Av. Deniz Can K\u0131z\u0131l","robots":{"index":"index","follow":"follow","max-snippet":"max-snippet:-1","max-image-preview":"max-image-preview:large","max-video-preview":"max-video-preview:-1"},"canonical":"http:\/\/denizcankizil.tr\/en\/haberler\/gundem\/numan-kurtulmus-ateskes-kalici-barisin-baslangici-olmali\/","og_locale":"en_GB","og_type":"article","og_title":"Numan Kurtulmu\u015f: Ate\u015fkes kal\u0131c\u0131 bar\u0131\u015f\u0131n ba\u015flang\u0131c\u0131 olmal\u0131","og_description":"TBMM Ba\u015fkan\u0131 Numan Kurtulmu\u015f, Gazze&#8217;de ate\u015fkes sa\u011flanmas\u0131na ili\u015fkin, &#8220;Gazze&#8217;de sa\u011flanan ate\u015fkes, kal\u0131c\u0131 bar\u0131\u015f\u0131n in\u015fas\u0131 i\u00e7in at\u0131lan ad\u0131mlar\u0131n ba\u015flang\u0131c\u0131 olmal\u0131d\u0131r.&#8221; ifadesini kulland\u0131.ANKARA (\u0130GFA)- TBMM Ba\u015fkan\u0131 Numan Kurtulmu\u015f, sosyal medya hesab\u0131ndan yapt\u0131\u011f\u0131 a\u00e7\u0131klamada, Gazze&#8217;de ate\u015fkes sa\u011flanmas\u0131na ili\u015fkin de\u011ferlendirmelerde bulundu. Filistin halk\u0131n\u0131n hakl\u0131 m\u00fccadelesi ve onurlu direni\u015finin, insanl\u0131k cephesinin sesi olmaya devam etti\u011fini belirten Kurtulmu\u015f, &#8220;Gazze&#8217;de sa\u011flanan ate\u015fkes, kal\u0131c\u0131 bar\u0131\u015f\u0131n in\u015fas\u0131 i\u00e7in at\u0131lan ad\u0131mlar\u0131n ba\u015flang\u0131c\u0131 olmal\u0131d\u0131r. Filistin&#8217;in \u00f6zg\u00fcrl\u00fc\u011f\u00fc ve haklar\u0131n\u0131n teslimi, sadece bir halk\u0131n de\u011fil, insanl\u0131\u011f\u0131n ortak de\u011ferlerine sahip \u00e7\u0131kma m\u00fccadelesidir.&#8221; dedi. Numan Kurtulmu\u015f, Orta Do\u011fu&#8217;da bar\u0131\u015f ve istikrar\u0131n anahtar\u0131n\u0131n, Filistin halk\u0131n\u0131n \u00f6zg\u00fcrl\u00fc\u011f\u00fc oldu\u011funa i\u015faret ederek,\u00a0&#8220;Bu ama\u00e7la, Gazze&#8217;deki her olumlu geli\u015fme, kal\u0131c\u0131 bar\u0131\u015fa uzanan yolda \u00e7ok \u00f6nemli bir a\u015famad\u0131r. Bir kez daha sayg\u0131yla and\u0131\u011f\u0131m\u0131z Filistin \u015fehitlerinin aziz hat\u0131ralar\u0131 h\u00fcrmetine, mazlumlar\u0131n zaferinin mutlaka tecelli edece\u011fine y\u00fcrekten inan\u0131yoruz. Filistin halk\u0131n\u0131n \u00f6zg\u00fcrce ya\u015fayabilece\u011fi tam ba\u011f\u0131ms\u0131z bir devlete sahip olmas\u0131, uluslararas\u0131 toplumun tarihi bir sorumlulu\u011fudur. 1967 s\u0131n\u0131rlar\u0131 temelinde ba\u015fkenti Kud\u00fcs olan bir Filistin Devleti&#8217;nin tan\u0131nmas\u0131, b\u00f6lgede kal\u0131c\u0131 huzurun ve adaletin tesisi i\u00e7in zorunludur.\u00a0T\u00fcrkiye olarak, millet ve devlet ortak bir duru\u015fla, Filistin davas\u0131n\u0131n yan\u0131nda olmaya devam edece\u011fiz. Dualar\u0131m\u0131z, Filistin&#8217;deki karde\u015flerimizledir, m\u00fccadelelerinin onurlu ve adil bir sonuca ula\u015faca\u011f\u0131na inanc\u0131m\u0131z tamd\u0131r.&#8221; ifadelerini kulland\u0131. \u200bTBMM Ba\u015fkan\u0131 Numan Kurtulmu\u015f, Gazze&#8217;de ate\u015fkes sa\u011flanmas\u0131na ili\u015fkin, &#8220;Gazze&#8217;de sa\u011flanan ate\u015fkes, kal\u0131c\u0131 bar\u0131\u015f\u0131n in\u015fas\u0131 i\u00e7in at\u0131lan ad\u0131mlar\u0131n &hellip;","og_url":"http:\/\/denizcankizil.tr\/en\/haberler\/gundem\/numan-kurtulmus-ateskes-kalici-barisin-baslangici-olmali\/","og_site_name":"Av. Deniz Can K\u0131z\u0131l","article_published_time":"2025-01-16T08:41:51+00:00","author":"admin","twitter_card":"summary_large_image","twitter_misc":{"Written by":"admin","Estimated reading time":"3 minutes"},"schema":{"@context":"https:\/\/schema.org","@graph":[{"@type":"Article","@id":"http:\/\/denizcankizil.tr\/en\/haberler\/gundem\/numan-kurtulmus-ateskes-kalici-barisin-baslangici-olmali\/#article","isPartOf":{"@id":"http:\/\/denizcankizil.tr\/en\/haberler\/gundem\/numan-kurtulmus-ateskes-kalici-barisin-baslangici-olmali\/"},"author":{"name":"admin","@id":"https:\/\/denizcankizil.tr\/de\/#\/schema\/person\/be3c05fe6a12686905512445d8185489"},"headline":"Numan Kurtulmu\u015f: Ate\u015fkes kal\u0131c\u0131 bar\u0131\u015f\u0131n ba\u015flang\u0131c\u0131 olmal\u0131","datePublished":"2025-01-16T08:41:51+00:00","mainEntityOfPage":{"@id":"http:\/\/denizcankizil.tr\/en\/haberler\/gundem\/numan-kurtulmus-ateskes-kalici-barisin-baslangici-olmali\/"},"wordCount":626,"commentCount":0,"publisher":{"@id":"https:\/\/denizcankizil.tr\/de\/#organization"},"articleSection":["G\u00fcndem"],"inLanguage":"en-GB","potentialAction":[{"@type":"CommentAction","name":"Comment","target":["http:\/\/denizcankizil.tr\/en\/haberler\/gundem\/numan-kurtulmus-ateskes-kalici-barisin-baslangici-olmali\/#respond"]}]},{"@type":"WebPage","@id":"http:\/\/denizcankizil.tr\/en\/haberler\/gundem\/numan-kurtulmus-ateskes-kalici-barisin-baslangici-olmali\/","url":"http:\/\/denizcankizil.tr\/en\/haberler\/gundem\/numan-kurtulmus-ateskes-kalici-barisin-baslangici-olmali\/","name":"Numan Kurtulmu\u015f: Ate\u015fkes kal\u0131c\u0131 bar\u0131\u015f\u0131n ba\u015flang\u0131c\u0131 olmal\u0131 - Av. Deniz Can K\u0131z\u0131l","isPartOf":{"@id":"https:\/\/denizcankizil.tr\/de\/#website"},"datePublished":"2025-01-16T08:41:51+00:00","breadcrumb":{"@id":"http:\/\/denizcankizil.tr\/en\/haberler\/gundem\/numan-kurtulmus-ateskes-kalici-barisin-baslangici-olmali\/#breadcrumb"},"inLanguage":"en-GB","potentialAction":[{"@type":"ReadAction","target":["http:\/\/denizcankizil.tr\/en\/haberler\/gundem\/numan-kurtulmus-ateskes-kalici-barisin-baslangici-olmali\/"]}]},{"@type":"BreadcrumbList","@id":"http:\/\/denizcankizil.tr\/en\/haberler\/gundem\/numan-kurtulmus-ateskes-kalici-barisin-baslangici-olmali\/#breadcrumb","itemListElement":[{"@type":"ListItem","position":1,"name":"Home","item":"https:\/\/denizcankizil.tr\/de\/"},{"@type":"ListItem","position":2,"name":"Numan Kurtulmu\u015f: Ate\u015fkes kal\u0131c\u0131 bar\u0131\u015f\u0131n ba\u015flang\u0131c\u0131 olmal\u0131"}]},{"@type":"WebSite","@id":"https:\/\/denizcankizil.tr\/de\/#website","url":"https:\/\/denizcankizil.tr\/de\/","name":"Av. Deniz Can K\u0131z\u0131l","description":"Avukat Deniz Can K\u0131z\u0131l Antalya Barosu","publisher":{"@id":"https:\/\/denizcankizil.tr\/de\/#organization"},"potentialAction":[{"@type":"SearchAction","target":{"@type":"EntryPoint","urlTemplate":"https:\/\/denizcankizil.tr\/de\/?s={search_term_string}"},"query-input":{"@type":"PropertyValueSpecification","valueRequired":true,"valueName":"search_term_string"}}],"inLanguage":"en-GB"},{"@type":"Organization","@id":"https:\/\/denizcankizil.tr\/de\/#organization","name":"Av. Deniz Can K\u0131z\u0131l","url":"https:\/\/denizcankizil.tr\/de\/","logo":{"@type":"ImageObject","inLanguage":"en-GB","@id":"https:\/\/denizcankizil.tr\/de\/#\/schema\/logo\/image\/","url":"http:\/\/denizcankizil.tr\/wp-content\/uploads\/2024\/10\/siyah-logo-svg.svg","contentUrl":"http:\/\/denizcankizil.tr\/wp-content\/uploads\/2024\/10\/siyah-logo-svg.svg","width":1080,"height":1080,"caption":"Av. Deniz Can K\u0131z\u0131l"},"image":{"@id":"https:\/\/denizcankizil.tr\/de\/#\/schema\/logo\/image\/"}},{"@type":"Person","@id":"https:\/\/denizcankizil.tr\/de\/#\/schema\/person\/be3c05fe6a12686905512445d8185489","name":"admin","image":{"@type":"ImageObject","inLanguage":"en-GB","@id":"https:\/\/denizcankizil.tr\/de\/#\/schema\/person\/image\/","url":"https:\/\/secure.gravatar.com\/avatar\/c1fce94c830dc79107e174f890d7210541c4a63e8e5d816341794a2151c9d58c?s=96&d=mm&r=g","contentUrl":"https:\/\/secure.gravatar.com\/avatar\/c1fce94c830dc79107e174f890d7210541c4a63e8e5d816341794a2151c9d58c?s=96&d=mm&r=g","caption":"admin"},"sameAs":["http:\/\/denizcankizil.tr"],"url":"https:\/\/www.iskenderun.org\/numan-kurtulmus-ateskes-kalici-barisin-baslangici-olmali"}]}},"_links":{"self":[{"href":"http:\/\/denizcankizil.tr\/en\/wp-json\/wp\/v2\/posts\/25625","targetHints":{"allow":["GET"]}}],"collection":[{"href":"http:\/\/denizcankizil.tr\/en\/wp-json\/wp\/v2\/posts"}],"about":[{"href":"http:\/\/denizcankizil.tr\/en\/wp-json\/wp\/v2\/types\/post"}],"author":[{"embeddable":true,"href":"http:\/\/denizcankizil.tr\/en\/wp-json\/wp\/v2\/users\/1"}],"replies":[{"embeddable":true,"href":"http:\/\/denizcankizil.tr\/en\/wp-json\/wp\/v2\/comments?post=25625"}],"version-history":[{"count":0,"href":"http:\/\/denizcankizil.tr\/en\/wp-json\/wp\/v2\/posts\/25625\/revisions"}],"wp:attachment":[{"href":"http:\/\/denizcankizil.tr\/en\/wp-json\/wp\/v2\/media?parent=25625"}],"wp:term":[{"taxonomy":"category","embeddable":true,"href":"http:\/\/denizcankizil.tr\/en\/wp-json\/wp\/v2\/categories?post=25625"},{"taxonomy":"post_tag","embeddable":true,"href":"http:\/\/denizcankizil.tr\/en\/wp-json\/wp\/v2\/tags?post=25625"}],"curies":[{"name":"wp","href":"https:\/\/api.w.org\/{rel}","templated":true}]}}