{"id":25619,"date":"2025-01-16T11:41:46","date_gmt":"2025-01-16T08:41:46","guid":{"rendered":"https:\/\/denizcankizil.tr\/uncategorized-tr\/konya-cevre-yolu-yarin-aciliyor-yillik-6-milyar-tl-tasarruf-saglayacak\/"},"modified":"2025-01-16T11:41:46","modified_gmt":"2025-01-16T08:41:46","slug":"konya-cevre-yolu-yarin-aciliyor-yillik-6-milyar-tl-tasarruf-saglayacak","status":"publish","type":"post","link":"http:\/\/denizcankizil.tr\/en\/haberler\/gundem\/konya-cevre-yolu-yarin-aciliyor-yillik-6-milyar-tl-tasarruf-saglayacak\/","title":{"rendered":"Konya \u00c7evre Yolu yar\u0131n a\u00e7\u0131l\u0131yor&#8230; Y\u0131ll\u0131k 6 milyar TL tasarruf sa\u011flayacak"},"content":{"rendered":"<p>Cumhurba\u015fkan\u0131 Recep Tayyip Erdo\u011fan\u2019\u0131n te\u015frifleri, Ula\u015ft\u0131rma ve Altyap\u0131 Bakan\u0131 Abdulkadir Uralo\u011flu\u2019nun kat\u0131l\u0131mlar\u0131yla Konya \u00c7evre Yolu\u2019nun 2. etab\u0131 trafi\u011fe a\u00e7\u0131lacak. 17 Ocak Cuma g\u00fcn\u00fc (YARIN) ger\u00e7ekle\u015ftirilecek t\u00f6ren ile Afyonkarahisar ve Aksaray akslar\u0131 aras\u0131ndaki 30 kilometrelik kesim hizmete sunulacak.ANKARA (\u0130GFA) &#8211;\u00a0 Ula\u015ft\u0131rma ve Altyap\u0131 Bakan\u0131 Abdulkadir Uralo\u011flu, Konya \u00c7evre Yolu 2. Kesimi\u2019nin 17 Ocak g\u00fcn\u00fc trafi\u011fe a\u00e7\u0131laca\u011f\u0131n\u0131 duyurdu. Cumhurba\u015fkan\u0131 Recep Tayyip Erdo\u011fan\u2019\u0131n te\u015frifleriyle ger\u00e7ekle\u015fecek t\u00f6ren ile Afyonkarahisar ve Aksaray akslar\u0131 aras\u0131ndaki 30 kilometrelik kesim hizmete sunulacak.<br \/>\n\u0130pek Yolu g\u00fczergah\u0131nda yer alan Konya\u2019n\u0131n tarih boyunca Anadolu\u2019nun \u00f6nemli yerle\u015fimlerinden oldu\u011funu vurgulayan Bakan Uralo\u011flu, \u201cG\u00fcn\u00fcm\u00fczde de \u00fclkemizin ana ula\u015f\u0131m\u0131n\u0131 sa\u011flayan do\u011fu-bat\u0131 ve kuzey-g\u00fcney y\u00f6nlerinde uzanan karayolu ba\u011flant\u0131lar\u0131 ile \u00f6nemli bir kav\u015fak noktas\u0131 konumundad\u0131r.\u201d dedi.<br \/>\nBakan Uralo\u011flu, Konya \u00c7evre Yolu\u2019nu toplam 122 kilometre uzunlu\u011funda projelendirdiklerini belirterek, 22 kilometrelik ilk k\u0131s\u0131m \u00e7al\u0131\u015fmalar\u0131n\u0131 2020 y\u0131l\u0131nda tamamlayarak trafi\u011fe a\u00e7t\u0131klar\u0131n\u0131 an\u0131msatt\u0131. \u201c2. K\u0131s\u0131m 46 kilometre, 3. K\u0131s\u0131m ise 54 kilometre uzunlu\u011funda. Yolun tamam\u0131n\u0131 6 \u015feritli bit\u00fcml\u00fc s\u0131cak kar\u0131\u015f\u0131m kaplamal\u0131 b\u00f6l\u00fcnm\u00fc\u015f yol standard\u0131nda projelendirdik.\u201d ifadelerini kulland\u0131.<br \/>\n30 K\u0130LOMETREL\u0130K KES\u0130MDE 44 B\u0130N F\u0130DAN D\u0130K\u0130LD\u0130<br \/>\n\u00c7evre yolunun 2. k\u0131sm\u0131nda y\u00fcr\u00fct\u00fclen yap\u0131m \u00e7al\u0131\u015fmalar\u0131nda Afyonkarahisar- Aksaray aks\u0131 aras\u0131nda kalan 30 kilometrelik kesimin tamamlanarak hizmete sunuldu\u011funu belirten Uralo\u011flu, \u201cTrafi\u011fe a\u00e7\u0131lacak kesimde 3 k\u00f6pr\u00fcl\u00fc kav\u015fak, 1 viyad\u00fck, 3 k\u00f6pr\u00fc, 18 altge\u00e7it, 57 menfez in\u015fa edilmi\u015f, 44 bin fidan dikilmi\u015ftir.\u00a0\u00a0 Aksaray-Adana aks\u0131 aras\u0131 16 kilometrede de \u00e7al\u0131\u015fmalar devam etmektedir.\u201d a\u00e7\u0131klamas\u0131nda bulundu.<br \/>\nProje ile; b\u00f6lgeler aras\u0131 \u00f6nemli bir ge\u00e7i\u015f noktas\u0131nda bulunan Konya\u2019n\u0131n ta\u015f\u0131d\u0131\u011f\u0131 transit trafik y\u00fck\u00fcn\u00fcn \u00e7evre yoluna aktar\u0131ld\u0131\u011f\u0131n\u0131 anlatan Uralo\u011flu, \u201cG\u00fcn\u00fcm\u00fczde Konya \u015fehir i\u00e7inde kalan eski \u00e7evre yolundaki trafi\u011fe nefes ald\u0131r\u0131lacak. \u00d6nemli turizm ve ticaret merkezlerine h\u0131zl\u0131 ve g\u00fcvenli trafik ak\u0131\u015f\u0131 ile Konya\u2019n\u0131n ula\u015f\u0131m standard\u0131 art\u0131r\u0131larak sosyal ve ekonomik geli\u015fmesine katk\u0131 sa\u011flanacak.\u201d \u015feklinde konu\u015ftu.<\/p>\n<p>YILLIK TOPLAM 6 M\u0130LYAR L\u0130RA TASARRUF<br \/>\nAfyonkarahisar aks\u0131 ile Aksaray aks\u0131 aras\u0131nda mevcut yol \u00fczerinden 40 kilometre kat edilerek sa\u011flanan ula\u015f\u0131m\u0131n \u00e7evre yolunun trafi\u011fe a\u00e7\u0131lacak kesimi ile 10 kilometre k\u0131salt\u0131ld\u0131\u011f\u0131n\u0131 belirten Uralo\u011flu, a\u00e7\u0131klamas\u0131nda, \u201cSeyahat s\u00fcresi 49 dakikadan 17 dakikaya d\u00fc\u015f\u00fcr\u00fclm\u00fc\u015ft\u00fcr. B\u00f6ylece zamandan 4,6 milyar, akaryak\u0131ttan 1,4 milyar olmak \u00fczere y\u0131ll\u0131k toplam 6 milyar lira tasarruf sa\u011flanacak, karbon emisyonu 81 bin 400 ton azalt\u0131lacakt\u0131r.\u201d dedi.<\/p>\n<p>\u200bCumhurba\u015fkan\u0131 Recep Tayyip Erdo\u011fan\u2019\u0131n te\u015frifleri, Ula\u015ft\u0131rma ve Altyap\u0131 Bakan\u0131 Abdulkadir Uralo\u011flu\u2019nun kat\u0131l\u0131mlar\u0131yla Konya \u00c7evre Yolu\u2019nun 2. etab\u0131 trafi\u011fe a\u00e7\u0131lacak. 17 Ocak Cuma g\u00fcn\u00fc (YARIN) ger\u00e7ekle\u015ftirilecek t\u00f6ren ile Afyonkarahisar ve Aksaray akslar\u0131 aras\u0131ndaki 30 kilometrelik kesim hizmete sunulacak.ANKARA (\u0130GFA) &#8211;\u00a0 Ula\u015ft\u0131rma ve Altyap\u0131 Bakan\u0131 Abdulkadir Uralo\u011flu, Konya \u00c7evre Yolu 2. Kesimi\u2019nin 17 Ocak g\u00fcn\u00fc trafi\u011fe a\u00e7\u0131laca\u011f\u0131n\u0131 duyurdu. Cumhurba\u015fkan\u0131 Recep Tayyip Erdo\u011fan\u2019\u0131n te\u015frifleriyle ger\u00e7ekle\u015fecek t\u00f6ren ile Afyonkarahisar ve Aksaray akslar\u0131 aras\u0131ndaki 30 kilometrelik kesim hizmete sunulacak.<br \/>\n\u0130pek Yolu g\u00fczergah\u0131nda yer alan Konya\u2019n\u0131n tarih boyunca Anadolu\u2019nun \u00f6nemli yerle\u015fimlerinden oldu\u011funu vurgulayan Bakan Uralo\u011flu, \u201cG\u00fcn\u00fcm\u00fczde de \u00fclkemizin ana ula\u015f\u0131m\u0131n\u0131 sa\u011flayan do\u011fu-bat\u0131 ve kuzey-g\u00fcney y\u00f6nlerinde uzanan karayolu ba\u011flant\u0131lar\u0131 ile \u00f6nemli bir kav\u015fak noktas\u0131 konumundad\u0131r.\u201d dedi.<br \/>\nBakan Uralo\u011flu, Konya \u00c7evre Yolu\u2019nu toplam 122 kilometre uzunlu\u011funda projelendirdiklerini belirterek, 22 kilometrelik ilk k\u0131s\u0131m \u00e7al\u0131\u015fmalar\u0131n\u0131 2020 y\u0131l\u0131nda tamamlayarak trafi\u011fe a\u00e7t\u0131klar\u0131n\u0131 an\u0131msatt\u0131. \u201c2. K\u0131s\u0131m 46 kilometre, 3. K\u0131s\u0131m ise 54 kilometre uzunlu\u011funda. Yolun tamam\u0131n\u0131 6 \u015feritli bit\u00fcml\u00fc s\u0131cak kar\u0131\u015f\u0131m kaplamal\u0131 b\u00f6l\u00fcnm\u00fc\u015f yol standard\u0131nda projelendirdik.\u201d ifadelerini kulland\u0131.<br \/>\n30 K\u0130LOMETREL\u0130K KES\u0130MDE 44 B\u0130N F\u0130DAN D\u0130K\u0130LD\u0130<br \/>\n\u00c7evre yolunun 2. k\u0131sm\u0131nda y\u00fcr\u00fct\u00fclen yap\u0131m \u00e7al\u0131\u015fmalar\u0131nda Afyonkarahisar- Aksaray aks\u0131 aras\u0131nda kalan 30 kilometrelik kesimin tamamlanarak hizmete sunuldu\u011funu belirten Uralo\u011flu, \u201cTrafi\u011fe a\u00e7\u0131lacak kesimde 3 k\u00f6pr\u00fcl\u00fc kav\u015fak, 1 viyad\u00fck, 3 k\u00f6pr\u00fc, 18 altge\u00e7it, 57 menfez in\u015fa edilmi\u015f, 44 bin fidan dikilmi\u015ftir.\u00a0\u00a0 Aksaray-Adana aks\u0131 aras\u0131 16 kilometrede de \u00e7al\u0131\u015fmalar devam etmektedir.\u201d a\u00e7\u0131klamas\u0131nda bulundu.<br \/>\nProje ile; b\u00f6lgeler aras\u0131 \u00f6nemli bir ge\u00e7i\u015f noktas\u0131nda bulunan Konya\u2019n\u0131n ta\u015f\u0131d\u0131\u011f\u0131 transit trafik y\u00fck\u00fcn\u00fcn \u00e7evre yoluna aktar\u0131ld\u0131\u011f\u0131n\u0131 anlatan Uralo\u011flu, \u201cG\u00fcn\u00fcm\u00fczde Konya \u015fehir i\u00e7inde kalan eski \u00e7evre yolundaki trafi\u011fe nefes ald\u0131r\u0131lacak. \u00d6nemli turizm ve ticaret merkezlerine h\u0131zl\u0131 ve g\u00fcvenli trafik ak\u0131\u015f\u0131 ile Konya\u2019n\u0131n ula\u015f\u0131m standard\u0131 art\u0131r\u0131larak sosyal ve ekonomik geli\u015fmesine katk\u0131 sa\u011flanacak.\u201d \u015feklinde konu\u015ftu.<\/p>\n<p>YILLIK TOPLAM 6 M\u0130LYAR L\u0130RA TASARRUF<br \/>\nAfyonkarahisar aks\u0131 ile Aksaray aks\u0131 aras\u0131nda mevcut yol \u00fczerinden 40 kilometre kat edilerek sa\u011flanan ula\u015f\u0131m\u0131n \u00e7evre yolunun trafi\u011fe a\u00e7\u0131lacak kesimi ile 10 kilometre k\u0131salt\u0131ld\u0131\u011f\u0131n\u0131 belirten Uralo\u011flu, a\u00e7\u0131klamas\u0131nda, \u201cSeyahat s\u00fcresi 49 dakikadan 17 dakikaya d\u00fc\u015f\u00fcr\u00fclm\u00fc\u015ft\u00fcr. B\u00f6ylece zamandan 4,6 milyar, akaryak\u0131ttan 1,4 milyar olmak \u00fczere y\u0131ll\u0131k toplam 6 milyar lira tasarruf sa\u011flanacak, karbon emisyonu 81 bin 400 ton azalt\u0131lacakt\u0131r.\u201d dedi.\u00a0<\/p>\n<p>\u200bHaberin Al\u0131nt\u0131land\u0131\u011f\u0131 Kaynak: www.iskenderun.org<\/p>","protected":false},"excerpt":{"rendered":"<p>Cumhurba\u015fkan\u0131 Recep Tayyip Erdo\u011fan\u2019\u0131n te\u015frifleri, Ula\u015ft\u0131rma ve Altyap\u0131 Bakan\u0131 Abdulkadir Uralo\u011flu\u2019nun kat\u0131l\u0131mlar\u0131yla Konya \u00c7evre Yolu\u2019nun 2. etab\u0131 trafi\u011fe a\u00e7\u0131lacak. 17 Ocak Cuma g\u00fcn\u00fc (YARIN) ger\u00e7ekle\u015ftirilecek t\u00f6ren ile Afyonkarahisar ve Aksaray akslar\u0131 aras\u0131ndaki 30 kilometrelik kesim hizmete sunulacak.ANKARA (\u0130GFA) &#8211;\u00a0 Ula\u015ft\u0131rma ve Altyap\u0131 Bakan\u0131 Abdulkadir Uralo\u011flu, Konya \u00c7evre Yolu 2. Kesimi\u2019nin 17 Ocak g\u00fcn\u00fc trafi\u011fe a\u00e7\u0131laca\u011f\u0131n\u0131 duyurdu. Cumhurba\u015fkan\u0131 Recep Tayyip Erdo\u011fan\u2019\u0131n te\u015frifleriyle ger\u00e7ekle\u015fecek t\u00f6ren ile Afyonkarahisar ve Aksaray akslar\u0131 aras\u0131ndaki 30 kilometrelik kesim hizmete sunulacak. \u0130pek Yolu g\u00fczergah\u0131nda yer alan Konya\u2019n\u0131n tarih boyunca Anadolu\u2019nun \u00f6nemli yerle\u015fimlerinden oldu\u011funu vurgulayan Bakan Uralo\u011flu, \u201cG\u00fcn\u00fcm\u00fczde de \u00fclkemizin ana ula\u015f\u0131m\u0131n\u0131 sa\u011flayan do\u011fu-bat\u0131 ve kuzey-g\u00fcney y\u00f6nlerinde uzanan karayolu ba\u011flant\u0131lar\u0131 ile \u00f6nemli bir kav\u015fak noktas\u0131 konumundad\u0131r.\u201d dedi. Bakan Uralo\u011flu, Konya \u00c7evre Yolu\u2019nu toplam 122 kilometre uzunlu\u011funda projelendirdiklerini belirterek, 22 kilometrelik ilk k\u0131s\u0131m \u00e7al\u0131\u015fmalar\u0131n\u0131 2020 y\u0131l\u0131nda tamamlayarak trafi\u011fe a\u00e7t\u0131klar\u0131n\u0131 an\u0131msatt\u0131. \u201c2. K\u0131s\u0131m 46 kilometre, 3. K\u0131s\u0131m ise 54 kilometre uzunlu\u011funda. Yolun tamam\u0131n\u0131 6 \u015feritli bit\u00fcml\u00fc s\u0131cak kar\u0131\u015f\u0131m kaplamal\u0131 b\u00f6l\u00fcnm\u00fc\u015f yol standard\u0131nda projelendirdik.\u201d ifadelerini kulland\u0131. 30 K\u0130LOMETREL\u0130K KES\u0130MDE 44 B\u0130N F\u0130DAN D\u0130K\u0130LD\u0130 \u00c7evre yolunun 2. k\u0131sm\u0131nda y\u00fcr\u00fct\u00fclen yap\u0131m \u00e7al\u0131\u015fmalar\u0131nda Afyonkarahisar- Aksaray aks\u0131 aras\u0131nda kalan 30 kilometrelik kesimin tamamlanarak hizmete sunuldu\u011funu belirten Uralo\u011flu, \u201cTrafi\u011fe a\u00e7\u0131lacak kesimde 3 k\u00f6pr\u00fcl\u00fc kav\u015fak, 1 viyad\u00fck, 3 k\u00f6pr\u00fc, 18 altge\u00e7it, 57 menfez in\u015fa edilmi\u015f, 44 bin &hellip;<\/p>","protected":false},"author":1,"featured_media":0,"comment_status":"open","ping_status":"open","sticky":false,"template":"","format":"standard","meta":{"_acf_changed":false,"footnotes":""},"categories":[24],"tags":[],"class_list":["post-25619","post","type-post","status-publish","format-standard","has-post-thumbnail","hentry","category-gundem"],"acf":[],"yoast_head":"<!-- This site is optimized with the Yoast SEO Premium plugin v26.6 (Yoast SEO v27.1.1) - https:\/\/yoast.com\/product\/yoast-seo-premium-wordpress\/ -->\n<title>Konya \u00c7evre Yolu yar\u0131n a\u00e7\u0131l\u0131yor... Y\u0131ll\u0131k 6 milyar TL tasarruf sa\u011flayacak - Av. Deniz Can K\u0131z\u0131l<\/title>\n<meta name=\"robots\" content=\"index, follow, max-snippet:-1, max-image-preview:large, max-video-preview:-1\" \/>\n<link rel=\"canonical\" href=\"http:\/\/denizcankizil.tr\/en\/haberler\/gundem\/konya-cevre-yolu-yarin-aciliyor-yillik-6-milyar-tl-tasarruf-saglayacak\/\" \/>\n<meta property=\"og:locale\" content=\"en_GB\" \/>\n<meta property=\"og:type\" content=\"article\" \/>\n<meta property=\"og:title\" content=\"Konya \u00c7evre Yolu yar\u0131n a\u00e7\u0131l\u0131yor... Y\u0131ll\u0131k 6 milyar TL tasarruf sa\u011flayacak\" \/>\n<meta property=\"og:description\" content=\"Cumhurba\u015fkan\u0131 Recep Tayyip Erdo\u011fan\u2019\u0131n te\u015frifleri, Ula\u015ft\u0131rma ve Altyap\u0131 Bakan\u0131 Abdulkadir Uralo\u011flu\u2019nun kat\u0131l\u0131mlar\u0131yla Konya \u00c7evre Yolu\u2019nun 2. etab\u0131 trafi\u011fe a\u00e7\u0131lacak. 17 Ocak Cuma g\u00fcn\u00fc (YARIN) ger\u00e7ekle\u015ftirilecek t\u00f6ren ile Afyonkarahisar ve Aksaray akslar\u0131 aras\u0131ndaki 30 kilometrelik kesim hizmete sunulacak.ANKARA (\u0130GFA) &#8211;\u00a0 Ula\u015ft\u0131rma ve Altyap\u0131 Bakan\u0131 Abdulkadir Uralo\u011flu, Konya \u00c7evre Yolu 2. Kesimi\u2019nin 17 Ocak g\u00fcn\u00fc trafi\u011fe a\u00e7\u0131laca\u011f\u0131n\u0131 duyurdu. Cumhurba\u015fkan\u0131 Recep Tayyip Erdo\u011fan\u2019\u0131n te\u015frifleriyle ger\u00e7ekle\u015fecek t\u00f6ren ile Afyonkarahisar ve Aksaray akslar\u0131 aras\u0131ndaki 30 kilometrelik kesim hizmete sunulacak. \u0130pek Yolu g\u00fczergah\u0131nda yer alan Konya\u2019n\u0131n tarih boyunca Anadolu\u2019nun \u00f6nemli yerle\u015fimlerinden oldu\u011funu vurgulayan Bakan Uralo\u011flu, \u201cG\u00fcn\u00fcm\u00fczde de \u00fclkemizin ana ula\u015f\u0131m\u0131n\u0131 sa\u011flayan do\u011fu-bat\u0131 ve kuzey-g\u00fcney y\u00f6nlerinde uzanan karayolu ba\u011flant\u0131lar\u0131 ile \u00f6nemli bir kav\u015fak noktas\u0131 konumundad\u0131r.\u201d dedi. Bakan Uralo\u011flu, Konya \u00c7evre Yolu\u2019nu toplam 122 kilometre uzunlu\u011funda projelendirdiklerini belirterek, 22 kilometrelik ilk k\u0131s\u0131m \u00e7al\u0131\u015fmalar\u0131n\u0131 2020 y\u0131l\u0131nda tamamlayarak trafi\u011fe a\u00e7t\u0131klar\u0131n\u0131 an\u0131msatt\u0131. \u201c2. K\u0131s\u0131m 46 kilometre, 3. K\u0131s\u0131m ise 54 kilometre uzunlu\u011funda. Yolun tamam\u0131n\u0131 6 \u015feritli bit\u00fcml\u00fc s\u0131cak kar\u0131\u015f\u0131m kaplamal\u0131 b\u00f6l\u00fcnm\u00fc\u015f yol standard\u0131nda projelendirdik.\u201d ifadelerini kulland\u0131. 30 K\u0130LOMETREL\u0130K KES\u0130MDE 44 B\u0130N F\u0130DAN D\u0130K\u0130LD\u0130 \u00c7evre yolunun 2. k\u0131sm\u0131nda y\u00fcr\u00fct\u00fclen yap\u0131m \u00e7al\u0131\u015fmalar\u0131nda Afyonkarahisar- Aksaray aks\u0131 aras\u0131nda kalan 30 kilometrelik kesimin tamamlanarak hizmete sunuldu\u011funu belirten Uralo\u011flu, \u201cTrafi\u011fe a\u00e7\u0131lacak kesimde 3 k\u00f6pr\u00fcl\u00fc kav\u015fak, 1 viyad\u00fck, 3 k\u00f6pr\u00fc, 18 altge\u00e7it, 57 menfez in\u015fa edilmi\u015f, 44 bin &hellip;\" \/>\n<meta property=\"og:url\" content=\"http:\/\/denizcankizil.tr\/en\/haberler\/gundem\/konya-cevre-yolu-yarin-aciliyor-yillik-6-milyar-tl-tasarruf-saglayacak\/\" \/>\n<meta property=\"og:site_name\" content=\"Av. Deniz Can K\u0131z\u0131l\" \/>\n<meta property=\"article:published_time\" content=\"2025-01-16T08:41:46+00:00\" \/>\n<meta name=\"author\" content=\"admin\" \/>\n<meta name=\"twitter:card\" content=\"summary_large_image\" \/>\n<meta name=\"twitter:label1\" content=\"Written by\" \/>\n\t<meta name=\"twitter:data1\" content=\"admin\" \/>\n\t<meta name=\"twitter:label2\" content=\"Estimated reading time\" \/>\n\t<meta name=\"twitter:data2\" content=\"5 minutes\" \/>\n<script type=\"application\/ld+json\" class=\"yoast-schema-graph\">{\"@context\":\"https:\/\/schema.org\",\"@graph\":[{\"@type\":\"Article\",\"@id\":\"http:\/\/denizcankizil.tr\/en\/haberler\/gundem\/konya-cevre-yolu-yarin-aciliyor-yillik-6-milyar-tl-tasarruf-saglayacak\/#article\",\"isPartOf\":{\"@id\":\"http:\/\/denizcankizil.tr\/en\/haberler\/gundem\/konya-cevre-yolu-yarin-aciliyor-yillik-6-milyar-tl-tasarruf-saglayacak\/\"},\"author\":{\"name\":\"admin\",\"@id\":\"https:\/\/denizcankizil.tr\/de\/#\/schema\/person\/be3c05fe6a12686905512445d8185489\"},\"headline\":\"Konya \u00c7evre Yolu yar\u0131n a\u00e7\u0131l\u0131yor&#8230; Y\u0131ll\u0131k 6 milyar TL tasarruf sa\u011flayacak\",\"datePublished\":\"2025-01-16T08:41:46+00:00\",\"mainEntityOfPage\":{\"@id\":\"http:\/\/denizcankizil.tr\/en\/haberler\/gundem\/konya-cevre-yolu-yarin-aciliyor-yillik-6-milyar-tl-tasarruf-saglayacak\/\"},\"wordCount\":952,\"commentCount\":0,\"publisher\":{\"@id\":\"https:\/\/denizcankizil.tr\/de\/#organization\"},\"articleSection\":[\"G\u00fcndem\"],\"inLanguage\":\"en-GB\",\"potentialAction\":[{\"@type\":\"CommentAction\",\"name\":\"Comment\",\"target\":[\"http:\/\/denizcankizil.tr\/en\/haberler\/gundem\/konya-cevre-yolu-yarin-aciliyor-yillik-6-milyar-tl-tasarruf-saglayacak\/#respond\"]}]},{\"@type\":\"WebPage\",\"@id\":\"http:\/\/denizcankizil.tr\/en\/haberler\/gundem\/konya-cevre-yolu-yarin-aciliyor-yillik-6-milyar-tl-tasarruf-saglayacak\/\",\"url\":\"http:\/\/denizcankizil.tr\/en\/haberler\/gundem\/konya-cevre-yolu-yarin-aciliyor-yillik-6-milyar-tl-tasarruf-saglayacak\/\",\"name\":\"Konya \u00c7evre Yolu yar\u0131n a\u00e7\u0131l\u0131yor... Y\u0131ll\u0131k 6 milyar TL tasarruf sa\u011flayacak - Av. Deniz Can K\u0131z\u0131l\",\"isPartOf\":{\"@id\":\"https:\/\/denizcankizil.tr\/de\/#website\"},\"datePublished\":\"2025-01-16T08:41:46+00:00\",\"breadcrumb\":{\"@id\":\"http:\/\/denizcankizil.tr\/en\/haberler\/gundem\/konya-cevre-yolu-yarin-aciliyor-yillik-6-milyar-tl-tasarruf-saglayacak\/#breadcrumb\"},\"inLanguage\":\"en-GB\",\"potentialAction\":[{\"@type\":\"ReadAction\",\"target\":[\"http:\/\/denizcankizil.tr\/en\/haberler\/gundem\/konya-cevre-yolu-yarin-aciliyor-yillik-6-milyar-tl-tasarruf-saglayacak\/\"]}]},{\"@type\":\"BreadcrumbList\",\"@id\":\"http:\/\/denizcankizil.tr\/en\/haberler\/gundem\/konya-cevre-yolu-yarin-aciliyor-yillik-6-milyar-tl-tasarruf-saglayacak\/#breadcrumb\",\"itemListElement\":[{\"@type\":\"ListItem\",\"position\":1,\"name\":\"Home\",\"item\":\"https:\/\/denizcankizil.tr\/de\/\"},{\"@type\":\"ListItem\",\"position\":2,\"name\":\"Konya \u00c7evre Yolu yar\u0131n a\u00e7\u0131l\u0131yor&#8230; Y\u0131ll\u0131k 6 milyar TL tasarruf sa\u011flayacak\"}]},{\"@type\":\"WebSite\",\"@id\":\"https:\/\/denizcankizil.tr\/de\/#website\",\"url\":\"https:\/\/denizcankizil.tr\/de\/\",\"name\":\"Av. Deniz Can K\u0131z\u0131l\",\"description\":\"Avukat Deniz Can K\u0131z\u0131l Antalya Barosu\",\"publisher\":{\"@id\":\"https:\/\/denizcankizil.tr\/de\/#organization\"},\"potentialAction\":[{\"@type\":\"SearchAction\",\"target\":{\"@type\":\"EntryPoint\",\"urlTemplate\":\"https:\/\/denizcankizil.tr\/de\/?s={search_term_string}\"},\"query-input\":{\"@type\":\"PropertyValueSpecification\",\"valueRequired\":true,\"valueName\":\"search_term_string\"}}],\"inLanguage\":\"en-GB\"},{\"@type\":\"Organization\",\"@id\":\"https:\/\/denizcankizil.tr\/de\/#organization\",\"name\":\"Av. Deniz Can K\u0131z\u0131l\",\"url\":\"https:\/\/denizcankizil.tr\/de\/\",\"logo\":{\"@type\":\"ImageObject\",\"inLanguage\":\"en-GB\",\"@id\":\"https:\/\/denizcankizil.tr\/de\/#\/schema\/logo\/image\/\",\"url\":\"http:\/\/denizcankizil.tr\/wp-content\/uploads\/2024\/10\/siyah-logo-svg.svg\",\"contentUrl\":\"http:\/\/denizcankizil.tr\/wp-content\/uploads\/2024\/10\/siyah-logo-svg.svg\",\"width\":1080,\"height\":1080,\"caption\":\"Av. Deniz Can K\u0131z\u0131l\"},\"image\":{\"@id\":\"https:\/\/denizcankizil.tr\/de\/#\/schema\/logo\/image\/\"}},{\"@type\":\"Person\",\"@id\":\"https:\/\/denizcankizil.tr\/de\/#\/schema\/person\/be3c05fe6a12686905512445d8185489\",\"name\":\"admin\",\"image\":{\"@type\":\"ImageObject\",\"inLanguage\":\"en-GB\",\"@id\":\"https:\/\/denizcankizil.tr\/de\/#\/schema\/person\/image\/\",\"url\":\"https:\/\/secure.gravatar.com\/avatar\/c1fce94c830dc79107e174f890d7210541c4a63e8e5d816341794a2151c9d58c?s=96&d=mm&r=g\",\"contentUrl\":\"https:\/\/secure.gravatar.com\/avatar\/c1fce94c830dc79107e174f890d7210541c4a63e8e5d816341794a2151c9d58c?s=96&d=mm&r=g\",\"caption\":\"admin\"},\"sameAs\":[\"http:\/\/denizcankizil.tr\"],\"url\":\"https:\/\/www.iskenderun.org\/konya-cevre-yolu-yarin-aciliyor-yillik-6-milyar-tl-tasarruf-saglayacak\"}]}<\/script>\n<!-- \/ Yoast SEO Premium plugin. -->","yoast_head_json":{"title":"Konya \u00c7evre Yolu yar\u0131n a\u00e7\u0131l\u0131yor... Y\u0131ll\u0131k 6 milyar TL tasarruf sa\u011flayacak - Av. Deniz Can K\u0131z\u0131l","robots":{"index":"index","follow":"follow","max-snippet":"max-snippet:-1","max-image-preview":"max-image-preview:large","max-video-preview":"max-video-preview:-1"},"canonical":"http:\/\/denizcankizil.tr\/en\/haberler\/gundem\/konya-cevre-yolu-yarin-aciliyor-yillik-6-milyar-tl-tasarruf-saglayacak\/","og_locale":"en_GB","og_type":"article","og_title":"Konya \u00c7evre Yolu yar\u0131n a\u00e7\u0131l\u0131yor... Y\u0131ll\u0131k 6 milyar TL tasarruf sa\u011flayacak","og_description":"Cumhurba\u015fkan\u0131 Recep Tayyip Erdo\u011fan\u2019\u0131n te\u015frifleri, Ula\u015ft\u0131rma ve Altyap\u0131 Bakan\u0131 Abdulkadir Uralo\u011flu\u2019nun kat\u0131l\u0131mlar\u0131yla Konya \u00c7evre Yolu\u2019nun 2. etab\u0131 trafi\u011fe a\u00e7\u0131lacak. 17 Ocak Cuma g\u00fcn\u00fc (YARIN) ger\u00e7ekle\u015ftirilecek t\u00f6ren ile Afyonkarahisar ve Aksaray akslar\u0131 aras\u0131ndaki 30 kilometrelik kesim hizmete sunulacak.ANKARA (\u0130GFA) &#8211;\u00a0 Ula\u015ft\u0131rma ve Altyap\u0131 Bakan\u0131 Abdulkadir Uralo\u011flu, Konya \u00c7evre Yolu 2. Kesimi\u2019nin 17 Ocak g\u00fcn\u00fc trafi\u011fe a\u00e7\u0131laca\u011f\u0131n\u0131 duyurdu. Cumhurba\u015fkan\u0131 Recep Tayyip Erdo\u011fan\u2019\u0131n te\u015frifleriyle ger\u00e7ekle\u015fecek t\u00f6ren ile Afyonkarahisar ve Aksaray akslar\u0131 aras\u0131ndaki 30 kilometrelik kesim hizmete sunulacak. \u0130pek Yolu g\u00fczergah\u0131nda yer alan Konya\u2019n\u0131n tarih boyunca Anadolu\u2019nun \u00f6nemli yerle\u015fimlerinden oldu\u011funu vurgulayan Bakan Uralo\u011flu, \u201cG\u00fcn\u00fcm\u00fczde de \u00fclkemizin ana ula\u015f\u0131m\u0131n\u0131 sa\u011flayan do\u011fu-bat\u0131 ve kuzey-g\u00fcney y\u00f6nlerinde uzanan karayolu ba\u011flant\u0131lar\u0131 ile \u00f6nemli bir kav\u015fak noktas\u0131 konumundad\u0131r.\u201d dedi. Bakan Uralo\u011flu, Konya \u00c7evre Yolu\u2019nu toplam 122 kilometre uzunlu\u011funda projelendirdiklerini belirterek, 22 kilometrelik ilk k\u0131s\u0131m \u00e7al\u0131\u015fmalar\u0131n\u0131 2020 y\u0131l\u0131nda tamamlayarak trafi\u011fe a\u00e7t\u0131klar\u0131n\u0131 an\u0131msatt\u0131. \u201c2. K\u0131s\u0131m 46 kilometre, 3. K\u0131s\u0131m ise 54 kilometre uzunlu\u011funda. Yolun tamam\u0131n\u0131 6 \u015feritli bit\u00fcml\u00fc s\u0131cak kar\u0131\u015f\u0131m kaplamal\u0131 b\u00f6l\u00fcnm\u00fc\u015f yol standard\u0131nda projelendirdik.\u201d ifadelerini kulland\u0131. 30 K\u0130LOMETREL\u0130K KES\u0130MDE 44 B\u0130N F\u0130DAN D\u0130K\u0130LD\u0130 \u00c7evre yolunun 2. k\u0131sm\u0131nda y\u00fcr\u00fct\u00fclen yap\u0131m \u00e7al\u0131\u015fmalar\u0131nda Afyonkarahisar- Aksaray aks\u0131 aras\u0131nda kalan 30 kilometrelik kesimin tamamlanarak hizmete sunuldu\u011funu belirten Uralo\u011flu, \u201cTrafi\u011fe a\u00e7\u0131lacak kesimde 3 k\u00f6pr\u00fcl\u00fc kav\u015fak, 1 viyad\u00fck, 3 k\u00f6pr\u00fc, 18 altge\u00e7it, 57 menfez in\u015fa edilmi\u015f, 44 bin &hellip;","og_url":"http:\/\/denizcankizil.tr\/en\/haberler\/gundem\/konya-cevre-yolu-yarin-aciliyor-yillik-6-milyar-tl-tasarruf-saglayacak\/","og_site_name":"Av. Deniz Can K\u0131z\u0131l","article_published_time":"2025-01-16T08:41:46+00:00","author":"admin","twitter_card":"summary_large_image","twitter_misc":{"Written by":"admin","Estimated reading time":"5 minutes"},"schema":{"@context":"https:\/\/schema.org","@graph":[{"@type":"Article","@id":"http:\/\/denizcankizil.tr\/en\/haberler\/gundem\/konya-cevre-yolu-yarin-aciliyor-yillik-6-milyar-tl-tasarruf-saglayacak\/#article","isPartOf":{"@id":"http:\/\/denizcankizil.tr\/en\/haberler\/gundem\/konya-cevre-yolu-yarin-aciliyor-yillik-6-milyar-tl-tasarruf-saglayacak\/"},"author":{"name":"admin","@id":"https:\/\/denizcankizil.tr\/de\/#\/schema\/person\/be3c05fe6a12686905512445d8185489"},"headline":"Konya \u00c7evre Yolu yar\u0131n a\u00e7\u0131l\u0131yor&#8230; Y\u0131ll\u0131k 6 milyar TL tasarruf sa\u011flayacak","datePublished":"2025-01-16T08:41:46+00:00","mainEntityOfPage":{"@id":"http:\/\/denizcankizil.tr\/en\/haberler\/gundem\/konya-cevre-yolu-yarin-aciliyor-yillik-6-milyar-tl-tasarruf-saglayacak\/"},"wordCount":952,"commentCount":0,"publisher":{"@id":"https:\/\/denizcankizil.tr\/de\/#organization"},"articleSection":["G\u00fcndem"],"inLanguage":"en-GB","potentialAction":[{"@type":"CommentAction","name":"Comment","target":["http:\/\/denizcankizil.tr\/en\/haberler\/gundem\/konya-cevre-yolu-yarin-aciliyor-yillik-6-milyar-tl-tasarruf-saglayacak\/#respond"]}]},{"@type":"WebPage","@id":"http:\/\/denizcankizil.tr\/en\/haberler\/gundem\/konya-cevre-yolu-yarin-aciliyor-yillik-6-milyar-tl-tasarruf-saglayacak\/","url":"http:\/\/denizcankizil.tr\/en\/haberler\/gundem\/konya-cevre-yolu-yarin-aciliyor-yillik-6-milyar-tl-tasarruf-saglayacak\/","name":"Konya \u00c7evre Yolu yar\u0131n a\u00e7\u0131l\u0131yor... Y\u0131ll\u0131k 6 milyar TL tasarruf sa\u011flayacak - Av. Deniz Can K\u0131z\u0131l","isPartOf":{"@id":"https:\/\/denizcankizil.tr\/de\/#website"},"datePublished":"2025-01-16T08:41:46+00:00","breadcrumb":{"@id":"http:\/\/denizcankizil.tr\/en\/haberler\/gundem\/konya-cevre-yolu-yarin-aciliyor-yillik-6-milyar-tl-tasarruf-saglayacak\/#breadcrumb"},"inLanguage":"en-GB","potentialAction":[{"@type":"ReadAction","target":["http:\/\/denizcankizil.tr\/en\/haberler\/gundem\/konya-cevre-yolu-yarin-aciliyor-yillik-6-milyar-tl-tasarruf-saglayacak\/"]}]},{"@type":"BreadcrumbList","@id":"http:\/\/denizcankizil.tr\/en\/haberler\/gundem\/konya-cevre-yolu-yarin-aciliyor-yillik-6-milyar-tl-tasarruf-saglayacak\/#breadcrumb","itemListElement":[{"@type":"ListItem","position":1,"name":"Home","item":"https:\/\/denizcankizil.tr\/de\/"},{"@type":"ListItem","position":2,"name":"Konya \u00c7evre Yolu yar\u0131n a\u00e7\u0131l\u0131yor&#8230; Y\u0131ll\u0131k 6 milyar TL tasarruf sa\u011flayacak"}]},{"@type":"WebSite","@id":"https:\/\/denizcankizil.tr\/de\/#website","url":"https:\/\/denizcankizil.tr\/de\/","name":"Av. Deniz Can K\u0131z\u0131l","description":"Avukat Deniz Can K\u0131z\u0131l Antalya Barosu","publisher":{"@id":"https:\/\/denizcankizil.tr\/de\/#organization"},"potentialAction":[{"@type":"SearchAction","target":{"@type":"EntryPoint","urlTemplate":"https:\/\/denizcankizil.tr\/de\/?s={search_term_string}"},"query-input":{"@type":"PropertyValueSpecification","valueRequired":true,"valueName":"search_term_string"}}],"inLanguage":"en-GB"},{"@type":"Organization","@id":"https:\/\/denizcankizil.tr\/de\/#organization","name":"Av. Deniz Can K\u0131z\u0131l","url":"https:\/\/denizcankizil.tr\/de\/","logo":{"@type":"ImageObject","inLanguage":"en-GB","@id":"https:\/\/denizcankizil.tr\/de\/#\/schema\/logo\/image\/","url":"http:\/\/denizcankizil.tr\/wp-content\/uploads\/2024\/10\/siyah-logo-svg.svg","contentUrl":"http:\/\/denizcankizil.tr\/wp-content\/uploads\/2024\/10\/siyah-logo-svg.svg","width":1080,"height":1080,"caption":"Av. Deniz Can K\u0131z\u0131l"},"image":{"@id":"https:\/\/denizcankizil.tr\/de\/#\/schema\/logo\/image\/"}},{"@type":"Person","@id":"https:\/\/denizcankizil.tr\/de\/#\/schema\/person\/be3c05fe6a12686905512445d8185489","name":"admin","image":{"@type":"ImageObject","inLanguage":"en-GB","@id":"https:\/\/denizcankizil.tr\/de\/#\/schema\/person\/image\/","url":"https:\/\/secure.gravatar.com\/avatar\/c1fce94c830dc79107e174f890d7210541c4a63e8e5d816341794a2151c9d58c?s=96&d=mm&r=g","contentUrl":"https:\/\/secure.gravatar.com\/avatar\/c1fce94c830dc79107e174f890d7210541c4a63e8e5d816341794a2151c9d58c?s=96&d=mm&r=g","caption":"admin"},"sameAs":["http:\/\/denizcankizil.tr"],"url":"https:\/\/www.iskenderun.org\/konya-cevre-yolu-yarin-aciliyor-yillik-6-milyar-tl-tasarruf-saglayacak"}]}},"_links":{"self":[{"href":"http:\/\/denizcankizil.tr\/en\/wp-json\/wp\/v2\/posts\/25619","targetHints":{"allow":["GET"]}}],"collection":[{"href":"http:\/\/denizcankizil.tr\/en\/wp-json\/wp\/v2\/posts"}],"about":[{"href":"http:\/\/denizcankizil.tr\/en\/wp-json\/wp\/v2\/types\/post"}],"author":[{"embeddable":true,"href":"http:\/\/denizcankizil.tr\/en\/wp-json\/wp\/v2\/users\/1"}],"replies":[{"embeddable":true,"href":"http:\/\/denizcankizil.tr\/en\/wp-json\/wp\/v2\/comments?post=25619"}],"version-history":[{"count":0,"href":"http:\/\/denizcankizil.tr\/en\/wp-json\/wp\/v2\/posts\/25619\/revisions"}],"wp:attachment":[{"href":"http:\/\/denizcankizil.tr\/en\/wp-json\/wp\/v2\/media?parent=25619"}],"wp:term":[{"taxonomy":"category","embeddable":true,"href":"http:\/\/denizcankizil.tr\/en\/wp-json\/wp\/v2\/categories?post=25619"},{"taxonomy":"post_tag","embeddable":true,"href":"http:\/\/denizcankizil.tr\/en\/wp-json\/wp\/v2\/tags?post=25619"}],"curies":[{"name":"wp","href":"https:\/\/api.w.org\/{rel}","templated":true}]}}