{"id":25597,"date":"2025-01-16T09:41:31","date_gmt":"2025-01-16T06:41:31","guid":{"rendered":"https:\/\/denizcankizil.tr\/uncategorized-tr\/duzcede-motosiklet-denetimi\/"},"modified":"2025-01-16T09:41:31","modified_gmt":"2025-01-16T06:41:31","slug":"duzcede-motosiklet-denetimi","status":"publish","type":"post","link":"http:\/\/denizcankizil.tr\/en\/haberler\/gundem\/duzcede-motosiklet-denetimi\/","title":{"rendered":"D\u00fczce&#8217;de motosiklet denetimi"},"content":{"rendered":"<p>D\u00fczce&#8217;de trafi\u011fe kapal\u0131 olan \u0130stanbul Caddesi \u00fczerinde kural ihlali yap\u0131p bisiklet yolunu kullanan motosiklet s\u00fcr\u00fcc\u00fclerine denetim yap\u0131ld\u0131. 19 motosiklet s\u00fcr\u00fcc\u00fcs\u00fcne cezai i\u015flem uyguland\u0131.Sefer DEM\u0130R \/ D\u00dcZCE (\u0130GFA) &#8211; D\u00fczce Emniyet M\u00fcd\u00fcrl\u00fc\u011f\u00fc&#8217;ne ba\u011fl\u0131 ekipler taraf\u0131ndan yap\u0131lan \u0130stanbul Caddesi&#8217;ndeki denetime Belediye Zab\u0131ta ekipleri de e\u015flik etti.<br \/>\nEkipler, Trafik Komisyonu taraf\u0131ndan 2021 y\u0131l\u0131ndan buyana yayalar\u0131n rahatl\u0131\u011f\u0131 i\u00e7in ara\u00e7 trafi\u011fine kapal\u0131 olan ve sadece bisiklet kullan\u0131m\u0131 yolu ayr\u0131lan caddede denetimleri s\u0131kla\u015ft\u0131rd\u0131.<br \/>\nHat\u0131rlanaca\u011f\u0131 gibi \u00f6nceki gece motosiklet s\u00fcr\u00fcc\u00fcs\u00fcn\u00fcn yayaya \u00e7arpmas\u0131 nedeniyle bir vatanda\u015f yaralanm\u0131\u015ft\u0131.<\/p>\n<p>S\u00f6z konusu caddede yap\u0131lan denetimlerde motosiklet s\u00fcr\u00fcc\u00fclerine zab\u0131ta ve trafik ekipleri taraf\u0131ndan detayl\u0131 bilgiler verirken, kural ihlali yapan 19 motosiklet s\u00fcr\u00fcc\u00fcs\u00fcne cezai i\u015flem uygulad\u0131.<\/p>\n<p>\u200bD\u00fczce&#8217;de trafi\u011fe kapal\u0131 olan \u0130stanbul Caddesi \u00fczerinde kural ihlali yap\u0131p bisiklet yolunu kullanan motosiklet s\u00fcr\u00fcc\u00fclerine denetim yap\u0131ld\u0131. 19 motosiklet s\u00fcr\u00fcc\u00fcs\u00fcne cezai i\u015flem uyguland\u0131.Sefer DEM\u0130R \/ D\u00dcZCE (\u0130GFA) &#8211; D\u00fczce Emniyet M\u00fcd\u00fcrl\u00fc\u011f\u00fc&#8217;ne ba\u011fl\u0131 ekipler taraf\u0131ndan yap\u0131lan \u0130stanbul Caddesi&#8217;ndeki denetime Belediye Zab\u0131ta ekipleri de e\u015flik etti.<br \/>\nEkipler, Trafik Komisyonu taraf\u0131ndan 2021 y\u0131l\u0131ndan buyana yayalar\u0131n rahatl\u0131\u011f\u0131 i\u00e7in ara\u00e7 trafi\u011fine kapal\u0131 olan ve sadece bisiklet kullan\u0131m\u0131 yolu ayr\u0131lan caddede denetimleri s\u0131kla\u015ft\u0131rd\u0131.<br \/>\nHat\u0131rlanaca\u011f\u0131 gibi \u00f6nceki gece motosiklet s\u00fcr\u00fcc\u00fcs\u00fcn\u00fcn yayaya \u00e7arpmas\u0131 nedeniyle bir vatanda\u015f yaralanm\u0131\u015ft\u0131.<\/p>\n<p>S\u00f6z konusu caddede yap\u0131lan denetimlerde motosiklet s\u00fcr\u00fcc\u00fclerine zab\u0131ta ve trafik ekipleri taraf\u0131ndan detayl\u0131 bilgiler verirken, kural ihlali yapan 19 motosiklet s\u00fcr\u00fcc\u00fcs\u00fcne cezai i\u015flem uygulad\u0131.\u00a0<\/p>\n<p>\u200bHaberin Al\u0131nt\u0131land\u0131\u011f\u0131 Kaynak: www.iskenderun.org<\/p>","protected":false},"excerpt":{"rendered":"<p>D\u00fczce&#8217;de trafi\u011fe kapal\u0131 olan \u0130stanbul Caddesi \u00fczerinde kural ihlali yap\u0131p bisiklet yolunu kullanan motosiklet s\u00fcr\u00fcc\u00fclerine denetim yap\u0131ld\u0131. 19 motosiklet s\u00fcr\u00fcc\u00fcs\u00fcne cezai i\u015flem uyguland\u0131.Sefer DEM\u0130R \/ D\u00dcZCE (\u0130GFA) &#8211; D\u00fczce Emniyet M\u00fcd\u00fcrl\u00fc\u011f\u00fc&#8217;ne ba\u011fl\u0131 ekipler taraf\u0131ndan yap\u0131lan \u0130stanbul Caddesi&#8217;ndeki denetime Belediye Zab\u0131ta ekipleri de e\u015flik etti. Ekipler, Trafik Komisyonu taraf\u0131ndan 2021 y\u0131l\u0131ndan buyana yayalar\u0131n rahatl\u0131\u011f\u0131 i\u00e7in ara\u00e7 trafi\u011fine kapal\u0131 olan ve sadece bisiklet kullan\u0131m\u0131 yolu ayr\u0131lan caddede denetimleri s\u0131kla\u015ft\u0131rd\u0131. Hat\u0131rlanaca\u011f\u0131 gibi \u00f6nceki gece motosiklet s\u00fcr\u00fcc\u00fcs\u00fcn\u00fcn yayaya \u00e7arpmas\u0131 nedeniyle bir vatanda\u015f yaralanm\u0131\u015ft\u0131. S\u00f6z konusu caddede yap\u0131lan denetimlerde motosiklet s\u00fcr\u00fcc\u00fclerine zab\u0131ta ve trafik ekipleri taraf\u0131ndan detayl\u0131 bilgiler verirken, kural ihlali yapan 19 motosiklet s\u00fcr\u00fcc\u00fcs\u00fcne cezai i\u015flem uygulad\u0131. \u200bD\u00fczce&#8217;de trafi\u011fe kapal\u0131 olan \u0130stanbul Caddesi \u00fczerinde kural ihlali yap\u0131p bisiklet yolunu kullanan motosiklet s\u00fcr\u00fcc\u00fclerine denetim yap\u0131ld\u0131. 19 motosiklet s\u00fcr\u00fcc\u00fcs\u00fcne cezai i\u015flem uyguland\u0131.Sefer DEM\u0130R \/ D\u00dcZCE (\u0130GFA) &#8211; D\u00fczce Emniyet M\u00fcd\u00fcrl\u00fc\u011f\u00fc&#8217;ne ba\u011fl\u0131 ekipler taraf\u0131ndan yap\u0131lan \u0130stanbul Caddesi&#8217;ndeki denetime Belediye Zab\u0131ta ekipleri de e\u015flik etti. Ekipler, Trafik Komisyonu taraf\u0131ndan 2021 y\u0131l\u0131ndan buyana yayalar\u0131n rahatl\u0131\u011f\u0131 i\u00e7in ara\u00e7 trafi\u011fine kapal\u0131 olan ve sadece bisiklet kullan\u0131m\u0131 yolu ayr\u0131lan caddede denetimleri s\u0131kla\u015ft\u0131rd\u0131. Hat\u0131rlanaca\u011f\u0131 gibi \u00f6nceki gece motosiklet s\u00fcr\u00fcc\u00fcs\u00fcn\u00fcn yayaya \u00e7arpmas\u0131 nedeniyle bir vatanda\u015f yaralanm\u0131\u015ft\u0131. S\u00f6z konusu caddede yap\u0131lan denetimlerde motosiklet s\u00fcr\u00fcc\u00fclerine zab\u0131ta ve trafik ekipleri taraf\u0131ndan detayl\u0131 bilgiler verirken, kural ihlali yapan &hellip;<\/p>","protected":false},"author":1,"featured_media":0,"comment_status":"open","ping_status":"open","sticky":false,"template":"","format":"standard","meta":{"_acf_changed":false,"footnotes":""},"categories":[24],"tags":[],"class_list":["post-25597","post","type-post","status-publish","format-standard","has-post-thumbnail","hentry","category-gundem"],"acf":[],"yoast_head":"<!-- This site is optimized with the Yoast SEO Premium plugin v26.6 (Yoast SEO v27.1.1) - https:\/\/yoast.com\/product\/yoast-seo-premium-wordpress\/ -->\n<title>D\u00fczce&#039;de motosiklet denetimi - Av. Deniz Can K\u0131z\u0131l<\/title>\n<meta name=\"robots\" content=\"index, follow, max-snippet:-1, max-image-preview:large, max-video-preview:-1\" \/>\n<link rel=\"canonical\" href=\"http:\/\/denizcankizil.tr\/en\/haberler\/gundem\/duzcede-motosiklet-denetimi\/\" \/>\n<meta property=\"og:locale\" content=\"en_GB\" \/>\n<meta property=\"og:type\" content=\"article\" \/>\n<meta property=\"og:title\" content=\"D\u00fczce&#039;de motosiklet denetimi\" \/>\n<meta property=\"og:description\" content=\"D\u00fczce&#8217;de trafi\u011fe kapal\u0131 olan \u0130stanbul Caddesi \u00fczerinde kural ihlali yap\u0131p bisiklet yolunu kullanan motosiklet s\u00fcr\u00fcc\u00fclerine denetim yap\u0131ld\u0131. 19 motosiklet s\u00fcr\u00fcc\u00fcs\u00fcne cezai i\u015flem uyguland\u0131.Sefer DEM\u0130R \/ D\u00dcZCE (\u0130GFA) &#8211; D\u00fczce Emniyet M\u00fcd\u00fcrl\u00fc\u011f\u00fc&#8217;ne ba\u011fl\u0131 ekipler taraf\u0131ndan yap\u0131lan \u0130stanbul Caddesi&#8217;ndeki denetime Belediye Zab\u0131ta ekipleri de e\u015flik etti. Ekipler, Trafik Komisyonu taraf\u0131ndan 2021 y\u0131l\u0131ndan buyana yayalar\u0131n rahatl\u0131\u011f\u0131 i\u00e7in ara\u00e7 trafi\u011fine kapal\u0131 olan ve sadece bisiklet kullan\u0131m\u0131 yolu ayr\u0131lan caddede denetimleri s\u0131kla\u015ft\u0131rd\u0131. Hat\u0131rlanaca\u011f\u0131 gibi \u00f6nceki gece motosiklet s\u00fcr\u00fcc\u00fcs\u00fcn\u00fcn yayaya \u00e7arpmas\u0131 nedeniyle bir vatanda\u015f yaralanm\u0131\u015ft\u0131. S\u00f6z konusu caddede yap\u0131lan denetimlerde motosiklet s\u00fcr\u00fcc\u00fclerine zab\u0131ta ve trafik ekipleri taraf\u0131ndan detayl\u0131 bilgiler verirken, kural ihlali yapan 19 motosiklet s\u00fcr\u00fcc\u00fcs\u00fcne cezai i\u015flem uygulad\u0131. \u200bD\u00fczce&#8217;de trafi\u011fe kapal\u0131 olan \u0130stanbul Caddesi \u00fczerinde kural ihlali yap\u0131p bisiklet yolunu kullanan motosiklet s\u00fcr\u00fcc\u00fclerine denetim yap\u0131ld\u0131. 19 motosiklet s\u00fcr\u00fcc\u00fcs\u00fcne cezai i\u015flem uyguland\u0131.Sefer DEM\u0130R \/ D\u00dcZCE (\u0130GFA) &#8211; D\u00fczce Emniyet M\u00fcd\u00fcrl\u00fc\u011f\u00fc&#8217;ne ba\u011fl\u0131 ekipler taraf\u0131ndan yap\u0131lan \u0130stanbul Caddesi&#8217;ndeki denetime Belediye Zab\u0131ta ekipleri de e\u015flik etti. Ekipler, Trafik Komisyonu taraf\u0131ndan 2021 y\u0131l\u0131ndan buyana yayalar\u0131n rahatl\u0131\u011f\u0131 i\u00e7in ara\u00e7 trafi\u011fine kapal\u0131 olan ve sadece bisiklet kullan\u0131m\u0131 yolu ayr\u0131lan caddede denetimleri s\u0131kla\u015ft\u0131rd\u0131. Hat\u0131rlanaca\u011f\u0131 gibi \u00f6nceki gece motosiklet s\u00fcr\u00fcc\u00fcs\u00fcn\u00fcn yayaya \u00e7arpmas\u0131 nedeniyle bir vatanda\u015f yaralanm\u0131\u015ft\u0131. S\u00f6z konusu caddede yap\u0131lan denetimlerde motosiklet s\u00fcr\u00fcc\u00fclerine zab\u0131ta ve trafik ekipleri taraf\u0131ndan detayl\u0131 bilgiler verirken, kural ihlali yapan &hellip;\" \/>\n<meta property=\"og:url\" content=\"http:\/\/denizcankizil.tr\/en\/haberler\/gundem\/duzcede-motosiklet-denetimi\/\" \/>\n<meta property=\"og:site_name\" content=\"Av. Deniz Can K\u0131z\u0131l\" \/>\n<meta property=\"article:published_time\" content=\"2025-01-16T06:41:31+00:00\" \/>\n<meta name=\"author\" content=\"admin\" \/>\n<meta name=\"twitter:card\" content=\"summary_large_image\" \/>\n<meta name=\"twitter:label1\" content=\"Written by\" \/>\n\t<meta name=\"twitter:data1\" content=\"admin\" \/>\n\t<meta name=\"twitter:label2\" content=\"Estimated reading time\" \/>\n\t<meta name=\"twitter:data2\" content=\"2 minutes\" \/>\n<script type=\"application\/ld+json\" class=\"yoast-schema-graph\">{\"@context\":\"https:\/\/schema.org\",\"@graph\":[{\"@type\":\"Article\",\"@id\":\"http:\/\/denizcankizil.tr\/en\/haberler\/gundem\/duzcede-motosiklet-denetimi\/#article\",\"isPartOf\":{\"@id\":\"http:\/\/denizcankizil.tr\/en\/haberler\/gundem\/duzcede-motosiklet-denetimi\/\"},\"author\":{\"name\":\"admin\",\"@id\":\"https:\/\/denizcankizil.tr\/#\/schema\/person\/be3c05fe6a12686905512445d8185489\"},\"headline\":\"D\u00fczce&#8217;de motosiklet denetimi\",\"datePublished\":\"2025-01-16T06:41:31+00:00\",\"mainEntityOfPage\":{\"@id\":\"http:\/\/denizcankizil.tr\/en\/haberler\/gundem\/duzcede-motosiklet-denetimi\/\"},\"wordCount\":323,\"commentCount\":0,\"publisher\":{\"@id\":\"https:\/\/denizcankizil.tr\/#organization\"},\"articleSection\":[\"G\u00fcndem\"],\"inLanguage\":\"en-GB\",\"potentialAction\":[{\"@type\":\"CommentAction\",\"name\":\"Comment\",\"target\":[\"http:\/\/denizcankizil.tr\/en\/haberler\/gundem\/duzcede-motosiklet-denetimi\/#respond\"]}]},{\"@type\":\"WebPage\",\"@id\":\"http:\/\/denizcankizil.tr\/en\/haberler\/gundem\/duzcede-motosiklet-denetimi\/\",\"url\":\"http:\/\/denizcankizil.tr\/en\/haberler\/gundem\/duzcede-motosiklet-denetimi\/\",\"name\":\"D\u00fczce'de motosiklet denetimi - Av. Deniz Can K\u0131z\u0131l\",\"isPartOf\":{\"@id\":\"https:\/\/denizcankizil.tr\/#website\"},\"datePublished\":\"2025-01-16T06:41:31+00:00\",\"breadcrumb\":{\"@id\":\"http:\/\/denizcankizil.tr\/en\/haberler\/gundem\/duzcede-motosiklet-denetimi\/#breadcrumb\"},\"inLanguage\":\"en-GB\",\"potentialAction\":[{\"@type\":\"ReadAction\",\"target\":[\"http:\/\/denizcankizil.tr\/en\/haberler\/gundem\/duzcede-motosiklet-denetimi\/\"]}]},{\"@type\":\"BreadcrumbList\",\"@id\":\"http:\/\/denizcankizil.tr\/en\/haberler\/gundem\/duzcede-motosiklet-denetimi\/#breadcrumb\",\"itemListElement\":[{\"@type\":\"ListItem\",\"position\":1,\"name\":\"Home\",\"item\":\"https:\/\/denizcankizil.tr\/de\/\"},{\"@type\":\"ListItem\",\"position\":2,\"name\":\"D\u00fczce&#8217;de motosiklet denetimi\"}]},{\"@type\":\"WebSite\",\"@id\":\"https:\/\/denizcankizil.tr\/#website\",\"url\":\"https:\/\/denizcankizil.tr\/\",\"name\":\"Av. Deniz Can K\u0131z\u0131l\",\"description\":\"Avukat Deniz Can K\u0131z\u0131l Antalya Barosu\",\"publisher\":{\"@id\":\"https:\/\/denizcankizil.tr\/#organization\"},\"potentialAction\":[{\"@type\":\"SearchAction\",\"target\":{\"@type\":\"EntryPoint\",\"urlTemplate\":\"https:\/\/denizcankizil.tr\/?s={search_term_string}\"},\"query-input\":{\"@type\":\"PropertyValueSpecification\",\"valueRequired\":true,\"valueName\":\"search_term_string\"}}],\"inLanguage\":\"en-GB\"},{\"@type\":\"Organization\",\"@id\":\"https:\/\/denizcankizil.tr\/#organization\",\"name\":\"Av. Deniz Can K\u0131z\u0131l\",\"url\":\"https:\/\/denizcankizil.tr\/\",\"logo\":{\"@type\":\"ImageObject\",\"inLanguage\":\"en-GB\",\"@id\":\"https:\/\/denizcankizil.tr\/#\/schema\/logo\/image\/\",\"url\":\"http:\/\/denizcankizil.tr\/wp-content\/uploads\/2024\/10\/siyah-logo-svg.svg\",\"contentUrl\":\"http:\/\/denizcankizil.tr\/wp-content\/uploads\/2024\/10\/siyah-logo-svg.svg\",\"width\":1080,\"height\":1080,\"caption\":\"Av. Deniz Can K\u0131z\u0131l\"},\"image\":{\"@id\":\"https:\/\/denizcankizil.tr\/#\/schema\/logo\/image\/\"}},{\"@type\":\"Person\",\"@id\":\"https:\/\/denizcankizil.tr\/#\/schema\/person\/be3c05fe6a12686905512445d8185489\",\"name\":\"admin\",\"image\":{\"@type\":\"ImageObject\",\"inLanguage\":\"en-GB\",\"@id\":\"https:\/\/denizcankizil.tr\/#\/schema\/person\/image\/\",\"url\":\"https:\/\/secure.gravatar.com\/avatar\/c1fce94c830dc79107e174f890d7210541c4a63e8e5d816341794a2151c9d58c?s=96&d=mm&r=g\",\"contentUrl\":\"https:\/\/secure.gravatar.com\/avatar\/c1fce94c830dc79107e174f890d7210541c4a63e8e5d816341794a2151c9d58c?s=96&d=mm&r=g\",\"caption\":\"admin\"},\"sameAs\":[\"http:\/\/denizcankizil.tr\"],\"url\":\"https:\/\/www.iskenderun.org\/duzcede-motosiklet-denetimi\"}]}<\/script>\n<!-- \/ Yoast SEO Premium plugin. -->","yoast_head_json":{"title":"D\u00fczce'de motosiklet denetimi - Av. Deniz Can K\u0131z\u0131l","robots":{"index":"index","follow":"follow","max-snippet":"max-snippet:-1","max-image-preview":"max-image-preview:large","max-video-preview":"max-video-preview:-1"},"canonical":"http:\/\/denizcankizil.tr\/en\/haberler\/gundem\/duzcede-motosiklet-denetimi\/","og_locale":"en_GB","og_type":"article","og_title":"D\u00fczce'de motosiklet denetimi","og_description":"D\u00fczce&#8217;de trafi\u011fe kapal\u0131 olan \u0130stanbul Caddesi \u00fczerinde kural ihlali yap\u0131p bisiklet yolunu kullanan motosiklet s\u00fcr\u00fcc\u00fclerine denetim yap\u0131ld\u0131. 19 motosiklet s\u00fcr\u00fcc\u00fcs\u00fcne cezai i\u015flem uyguland\u0131.Sefer DEM\u0130R \/ D\u00dcZCE (\u0130GFA) &#8211; D\u00fczce Emniyet M\u00fcd\u00fcrl\u00fc\u011f\u00fc&#8217;ne ba\u011fl\u0131 ekipler taraf\u0131ndan yap\u0131lan \u0130stanbul Caddesi&#8217;ndeki denetime Belediye Zab\u0131ta ekipleri de e\u015flik etti. Ekipler, Trafik Komisyonu taraf\u0131ndan 2021 y\u0131l\u0131ndan buyana yayalar\u0131n rahatl\u0131\u011f\u0131 i\u00e7in ara\u00e7 trafi\u011fine kapal\u0131 olan ve sadece bisiklet kullan\u0131m\u0131 yolu ayr\u0131lan caddede denetimleri s\u0131kla\u015ft\u0131rd\u0131. Hat\u0131rlanaca\u011f\u0131 gibi \u00f6nceki gece motosiklet s\u00fcr\u00fcc\u00fcs\u00fcn\u00fcn yayaya \u00e7arpmas\u0131 nedeniyle bir vatanda\u015f yaralanm\u0131\u015ft\u0131. S\u00f6z konusu caddede yap\u0131lan denetimlerde motosiklet s\u00fcr\u00fcc\u00fclerine zab\u0131ta ve trafik ekipleri taraf\u0131ndan detayl\u0131 bilgiler verirken, kural ihlali yapan 19 motosiklet s\u00fcr\u00fcc\u00fcs\u00fcne cezai i\u015flem uygulad\u0131. \u200bD\u00fczce&#8217;de trafi\u011fe kapal\u0131 olan \u0130stanbul Caddesi \u00fczerinde kural ihlali yap\u0131p bisiklet yolunu kullanan motosiklet s\u00fcr\u00fcc\u00fclerine denetim yap\u0131ld\u0131. 19 motosiklet s\u00fcr\u00fcc\u00fcs\u00fcne cezai i\u015flem uyguland\u0131.Sefer DEM\u0130R \/ D\u00dcZCE (\u0130GFA) &#8211; D\u00fczce Emniyet M\u00fcd\u00fcrl\u00fc\u011f\u00fc&#8217;ne ba\u011fl\u0131 ekipler taraf\u0131ndan yap\u0131lan \u0130stanbul Caddesi&#8217;ndeki denetime Belediye Zab\u0131ta ekipleri de e\u015flik etti. Ekipler, Trafik Komisyonu taraf\u0131ndan 2021 y\u0131l\u0131ndan buyana yayalar\u0131n rahatl\u0131\u011f\u0131 i\u00e7in ara\u00e7 trafi\u011fine kapal\u0131 olan ve sadece bisiklet kullan\u0131m\u0131 yolu ayr\u0131lan caddede denetimleri s\u0131kla\u015ft\u0131rd\u0131. Hat\u0131rlanaca\u011f\u0131 gibi \u00f6nceki gece motosiklet s\u00fcr\u00fcc\u00fcs\u00fcn\u00fcn yayaya \u00e7arpmas\u0131 nedeniyle bir vatanda\u015f yaralanm\u0131\u015ft\u0131. S\u00f6z konusu caddede yap\u0131lan denetimlerde motosiklet s\u00fcr\u00fcc\u00fclerine zab\u0131ta ve trafik ekipleri taraf\u0131ndan detayl\u0131 bilgiler verirken, kural ihlali yapan &hellip;","og_url":"http:\/\/denizcankizil.tr\/en\/haberler\/gundem\/duzcede-motosiklet-denetimi\/","og_site_name":"Av. Deniz Can K\u0131z\u0131l","article_published_time":"2025-01-16T06:41:31+00:00","author":"admin","twitter_card":"summary_large_image","twitter_misc":{"Written by":"admin","Estimated reading time":"2 minutes"},"schema":{"@context":"https:\/\/schema.org","@graph":[{"@type":"Article","@id":"http:\/\/denizcankizil.tr\/en\/haberler\/gundem\/duzcede-motosiklet-denetimi\/#article","isPartOf":{"@id":"http:\/\/denizcankizil.tr\/en\/haberler\/gundem\/duzcede-motosiklet-denetimi\/"},"author":{"name":"admin","@id":"https:\/\/denizcankizil.tr\/#\/schema\/person\/be3c05fe6a12686905512445d8185489"},"headline":"D\u00fczce&#8217;de motosiklet denetimi","datePublished":"2025-01-16T06:41:31+00:00","mainEntityOfPage":{"@id":"http:\/\/denizcankizil.tr\/en\/haberler\/gundem\/duzcede-motosiklet-denetimi\/"},"wordCount":323,"commentCount":0,"publisher":{"@id":"https:\/\/denizcankizil.tr\/#organization"},"articleSection":["G\u00fcndem"],"inLanguage":"en-GB","potentialAction":[{"@type":"CommentAction","name":"Comment","target":["http:\/\/denizcankizil.tr\/en\/haberler\/gundem\/duzcede-motosiklet-denetimi\/#respond"]}]},{"@type":"WebPage","@id":"http:\/\/denizcankizil.tr\/en\/haberler\/gundem\/duzcede-motosiklet-denetimi\/","url":"http:\/\/denizcankizil.tr\/en\/haberler\/gundem\/duzcede-motosiklet-denetimi\/","name":"D\u00fczce'de motosiklet denetimi - Av. Deniz Can K\u0131z\u0131l","isPartOf":{"@id":"https:\/\/denizcankizil.tr\/#website"},"datePublished":"2025-01-16T06:41:31+00:00","breadcrumb":{"@id":"http:\/\/denizcankizil.tr\/en\/haberler\/gundem\/duzcede-motosiklet-denetimi\/#breadcrumb"},"inLanguage":"en-GB","potentialAction":[{"@type":"ReadAction","target":["http:\/\/denizcankizil.tr\/en\/haberler\/gundem\/duzcede-motosiklet-denetimi\/"]}]},{"@type":"BreadcrumbList","@id":"http:\/\/denizcankizil.tr\/en\/haberler\/gundem\/duzcede-motosiklet-denetimi\/#breadcrumb","itemListElement":[{"@type":"ListItem","position":1,"name":"Home","item":"https:\/\/denizcankizil.tr\/de\/"},{"@type":"ListItem","position":2,"name":"D\u00fczce&#8217;de motosiklet denetimi"}]},{"@type":"WebSite","@id":"https:\/\/denizcankizil.tr\/#website","url":"https:\/\/denizcankizil.tr\/","name":"Av. Deniz Can K\u0131z\u0131l","description":"Avukat Deniz Can K\u0131z\u0131l Antalya Barosu","publisher":{"@id":"https:\/\/denizcankizil.tr\/#organization"},"potentialAction":[{"@type":"SearchAction","target":{"@type":"EntryPoint","urlTemplate":"https:\/\/denizcankizil.tr\/?s={search_term_string}"},"query-input":{"@type":"PropertyValueSpecification","valueRequired":true,"valueName":"search_term_string"}}],"inLanguage":"en-GB"},{"@type":"Organization","@id":"https:\/\/denizcankizil.tr\/#organization","name":"Av. Deniz Can K\u0131z\u0131l","url":"https:\/\/denizcankizil.tr\/","logo":{"@type":"ImageObject","inLanguage":"en-GB","@id":"https:\/\/denizcankizil.tr\/#\/schema\/logo\/image\/","url":"http:\/\/denizcankizil.tr\/wp-content\/uploads\/2024\/10\/siyah-logo-svg.svg","contentUrl":"http:\/\/denizcankizil.tr\/wp-content\/uploads\/2024\/10\/siyah-logo-svg.svg","width":1080,"height":1080,"caption":"Av. Deniz Can K\u0131z\u0131l"},"image":{"@id":"https:\/\/denizcankizil.tr\/#\/schema\/logo\/image\/"}},{"@type":"Person","@id":"https:\/\/denizcankizil.tr\/#\/schema\/person\/be3c05fe6a12686905512445d8185489","name":"admin","image":{"@type":"ImageObject","inLanguage":"en-GB","@id":"https:\/\/denizcankizil.tr\/#\/schema\/person\/image\/","url":"https:\/\/secure.gravatar.com\/avatar\/c1fce94c830dc79107e174f890d7210541c4a63e8e5d816341794a2151c9d58c?s=96&d=mm&r=g","contentUrl":"https:\/\/secure.gravatar.com\/avatar\/c1fce94c830dc79107e174f890d7210541c4a63e8e5d816341794a2151c9d58c?s=96&d=mm&r=g","caption":"admin"},"sameAs":["http:\/\/denizcankizil.tr"],"url":"https:\/\/www.iskenderun.org\/duzcede-motosiklet-denetimi"}]}},"_links":{"self":[{"href":"http:\/\/denizcankizil.tr\/en\/wp-json\/wp\/v2\/posts\/25597","targetHints":{"allow":["GET"]}}],"collection":[{"href":"http:\/\/denizcankizil.tr\/en\/wp-json\/wp\/v2\/posts"}],"about":[{"href":"http:\/\/denizcankizil.tr\/en\/wp-json\/wp\/v2\/types\/post"}],"author":[{"embeddable":true,"href":"http:\/\/denizcankizil.tr\/en\/wp-json\/wp\/v2\/users\/1"}],"replies":[{"embeddable":true,"href":"http:\/\/denizcankizil.tr\/en\/wp-json\/wp\/v2\/comments?post=25597"}],"version-history":[{"count":0,"href":"http:\/\/denizcankizil.tr\/en\/wp-json\/wp\/v2\/posts\/25597\/revisions"}],"wp:attachment":[{"href":"http:\/\/denizcankizil.tr\/en\/wp-json\/wp\/v2\/media?parent=25597"}],"wp:term":[{"taxonomy":"category","embeddable":true,"href":"http:\/\/denizcankizil.tr\/en\/wp-json\/wp\/v2\/categories?post=25597"},{"taxonomy":"post_tag","embeddable":true,"href":"http:\/\/denizcankizil.tr\/en\/wp-json\/wp\/v2\/tags?post=25597"}],"curies":[{"name":"wp","href":"https:\/\/api.w.org\/{rel}","templated":true}]}}