{"id":25545,"date":"2025-01-15T21:41:32","date_gmt":"2025-01-15T18:41:32","guid":{"rendered":"https:\/\/denizcankizil.tr\/uncategorized-tr\/baskan-ari-nevsehir-icin-caba-sarf-ediyoruz\/"},"modified":"2025-01-15T21:41:32","modified_gmt":"2025-01-15T18:41:32","slug":"baskan-ari-nevsehir-icin-caba-sarf-ediyoruz","status":"publish","type":"post","link":"http:\/\/denizcankizil.tr\/en\/haberler\/gundem\/baskan-ari-nevsehir-icin-caba-sarf-ediyoruz\/","title":{"rendered":"Ba\u015fkan Ar\u0131, Nev\u015fehir \u0130\u00e7in \u00c7aba Sarf Ediyoruz"},"content":{"rendered":"<p>Nev\u015fehir Belediye Ba\u015fkan\u0131 Rasim Ar\u0131 ba\u015fkanl\u0131\u011f\u0131nda esnaf\u0131n temsilcileri ile sanayi sitesi sorununun \u00e7\u00f6z\u00fcm\u00fc i\u00e7in yap\u0131lacak \u00e7al\u0131\u015fmalar hakk\u0131nda bir toplant\u0131 d\u00fczenlendi.<\/p>\n<p>\u200bNev\u015fehir Belediye Ba\u015fkan\u0131 Rasim Ar\u0131 ba\u015fkanl\u0131\u011f\u0131nda esnaf\u0131n temsilcileri ile sanayi sitesi sorununun \u00e7\u00f6z\u00fcm\u00fc i\u00e7in yap\u0131lacak \u00e7al\u0131\u015fmalar hakk\u0131nda bir toplant\u0131 d\u00fczenlendi.\u00a0<\/p>\n<p>\u200bHaberin Al\u0131nt\u0131land\u0131\u011f\u0131 Kaynak: www.iskenderun.org<\/p>","protected":false},"excerpt":{"rendered":"<p>Nev\u015fehir Belediye Ba\u015fkan\u0131 Rasim Ar\u0131 ba\u015fkanl\u0131\u011f\u0131nda esnaf\u0131n temsilcileri ile sanayi sitesi sorununun \u00e7\u00f6z\u00fcm\u00fc i\u00e7in yap\u0131lacak \u00e7al\u0131\u015fmalar hakk\u0131nda bir toplant\u0131 d\u00fczenlendi. \u200bNev\u015fehir Belediye Ba\u015fkan\u0131 Rasim Ar\u0131 ba\u015fkanl\u0131\u011f\u0131nda esnaf\u0131n temsilcileri ile sanayi sitesi sorununun \u00e7\u00f6z\u00fcm\u00fc i\u00e7in yap\u0131lacak \u00e7al\u0131\u015fmalar hakk\u0131nda bir toplant\u0131 d\u00fczenlendi.\u00a0 \u200bHaberin Al\u0131nt\u0131land\u0131\u011f\u0131 Kaynak: www.iskenderun.org<\/p>","protected":false},"author":1,"featured_media":0,"comment_status":"open","ping_status":"open","sticky":false,"template":"","format":"standard","meta":{"_acf_changed":false,"footnotes":""},"categories":[24],"tags":[],"class_list":["post-25545","post","type-post","status-publish","format-standard","has-post-thumbnail","hentry","category-gundem"],"acf":[],"yoast_head":"<!-- This site is optimized with the Yoast SEO Premium plugin v26.6 (Yoast SEO v27.1.1) - https:\/\/yoast.com\/product\/yoast-seo-premium-wordpress\/ -->\n<title>Ba\u015fkan Ar\u0131, Nev\u015fehir \u0130\u00e7in \u00c7aba Sarf Ediyoruz - Av. Deniz Can K\u0131z\u0131l<\/title>\n<meta name=\"robots\" content=\"index, follow, max-snippet:-1, max-image-preview:large, max-video-preview:-1\" \/>\n<link rel=\"canonical\" href=\"https:\/\/denizcankizil.tr\/en\/haberler\/gundem\/baskan-ari-nevsehir-icin-caba-sarf-ediyoruz\/\" \/>\n<meta property=\"og:locale\" content=\"en_GB\" \/>\n<meta property=\"og:type\" content=\"article\" \/>\n<meta property=\"og:title\" content=\"Ba\u015fkan Ar\u0131, Nev\u015fehir \u0130\u00e7in \u00c7aba Sarf Ediyoruz\" \/>\n<meta property=\"og:description\" content=\"Nev\u015fehir Belediye Ba\u015fkan\u0131 Rasim Ar\u0131 ba\u015fkanl\u0131\u011f\u0131nda esnaf\u0131n temsilcileri ile sanayi sitesi sorununun \u00e7\u00f6z\u00fcm\u00fc i\u00e7in yap\u0131lacak \u00e7al\u0131\u015fmalar hakk\u0131nda bir toplant\u0131 d\u00fczenlendi. \u200bNev\u015fehir Belediye Ba\u015fkan\u0131 Rasim Ar\u0131 ba\u015fkanl\u0131\u011f\u0131nda esnaf\u0131n temsilcileri ile sanayi sitesi sorununun \u00e7\u00f6z\u00fcm\u00fc i\u00e7in yap\u0131lacak \u00e7al\u0131\u015fmalar hakk\u0131nda bir toplant\u0131 d\u00fczenlendi.\u00a0 \u200bHaberin Al\u0131nt\u0131land\u0131\u011f\u0131 Kaynak: www.iskenderun.org\" \/>\n<meta property=\"og:url\" content=\"https:\/\/denizcankizil.tr\/en\/haberler\/gundem\/baskan-ari-nevsehir-icin-caba-sarf-ediyoruz\/\" \/>\n<meta property=\"og:site_name\" content=\"Av. Deniz Can K\u0131z\u0131l\" \/>\n<meta property=\"article:published_time\" content=\"2025-01-15T18:41:32+00:00\" \/>\n<meta name=\"author\" content=\"admin\" \/>\n<meta name=\"twitter:card\" content=\"summary_large_image\" \/>\n<meta name=\"twitter:label1\" content=\"Written by\" \/>\n\t<meta name=\"twitter:data1\" content=\"admin\" \/>\n<script type=\"application\/ld+json\" class=\"yoast-schema-graph\">{\"@context\":\"https:\/\/schema.org\",\"@graph\":[{\"@type\":\"Article\",\"@id\":\"https:\/\/denizcankizil.tr\/ru\/haberler\/gundem\/baskan-ari-nevsehir-icin-caba-sarf-ediyoruz\/#article\",\"isPartOf\":{\"@id\":\"https:\/\/denizcankizil.tr\/ru\/haberler\/gundem\/baskan-ari-nevsehir-icin-caba-sarf-ediyoruz\/\"},\"author\":{\"name\":\"admin\",\"@id\":\"https:\/\/denizcankizil.tr\/de\/#\/schema\/person\/be3c05fe6a12686905512445d8185489\"},\"headline\":\"Ba\u015fkan Ar\u0131, Nev\u015fehir \u0130\u00e7in \u00c7aba Sarf Ediyoruz\",\"datePublished\":\"2025-01-15T18:41:32+00:00\",\"mainEntityOfPage\":{\"@id\":\"https:\/\/denizcankizil.tr\/ru\/haberler\/gundem\/baskan-ari-nevsehir-icin-caba-sarf-ediyoruz\/\"},\"wordCount\":79,\"commentCount\":0,\"publisher\":{\"@id\":\"https:\/\/denizcankizil.tr\/de\/#organization\"},\"articleSection\":[\"G\u00fcndem\"],\"inLanguage\":\"en-GB\",\"potentialAction\":[{\"@type\":\"CommentAction\",\"name\":\"Comment\",\"target\":[\"https:\/\/denizcankizil.tr\/ru\/haberler\/gundem\/baskan-ari-nevsehir-icin-caba-sarf-ediyoruz\/#respond\"]}]},{\"@type\":\"WebPage\",\"@id\":\"https:\/\/denizcankizil.tr\/ru\/haberler\/gundem\/baskan-ari-nevsehir-icin-caba-sarf-ediyoruz\/\",\"url\":\"https:\/\/denizcankizil.tr\/ru\/haberler\/gundem\/baskan-ari-nevsehir-icin-caba-sarf-ediyoruz\/\",\"name\":\"Ba\u015fkan Ar\u0131, Nev\u015fehir \u0130\u00e7in \u00c7aba Sarf Ediyoruz - Av. Deniz Can K\u0131z\u0131l\",\"isPartOf\":{\"@id\":\"https:\/\/denizcankizil.tr\/de\/#website\"},\"datePublished\":\"2025-01-15T18:41:32+00:00\",\"breadcrumb\":{\"@id\":\"https:\/\/denizcankizil.tr\/ru\/haberler\/gundem\/baskan-ari-nevsehir-icin-caba-sarf-ediyoruz\/#breadcrumb\"},\"inLanguage\":\"en-GB\",\"potentialAction\":[{\"@type\":\"ReadAction\",\"target\":[\"https:\/\/denizcankizil.tr\/ru\/haberler\/gundem\/baskan-ari-nevsehir-icin-caba-sarf-ediyoruz\/\"]}]},{\"@type\":\"BreadcrumbList\",\"@id\":\"https:\/\/denizcankizil.tr\/ru\/haberler\/gundem\/baskan-ari-nevsehir-icin-caba-sarf-ediyoruz\/#breadcrumb\",\"itemListElement\":[{\"@type\":\"ListItem\",\"position\":1,\"name\":\"Home\",\"item\":\"https:\/\/denizcankizil.tr\/de\/\"},{\"@type\":\"ListItem\",\"position\":2,\"name\":\"Ba\u015fkan Ar\u0131, Nev\u015fehir \u0130\u00e7in \u00c7aba Sarf Ediyoruz\"}]},{\"@type\":\"WebSite\",\"@id\":\"https:\/\/denizcankizil.tr\/de\/#website\",\"url\":\"https:\/\/denizcankizil.tr\/de\/\",\"name\":\"Av. Deniz Can K\u0131z\u0131l\",\"description\":\"Avukat Deniz Can K\u0131z\u0131l Antalya Barosu\",\"publisher\":{\"@id\":\"https:\/\/denizcankizil.tr\/de\/#organization\"},\"potentialAction\":[{\"@type\":\"SearchAction\",\"target\":{\"@type\":\"EntryPoint\",\"urlTemplate\":\"https:\/\/denizcankizil.tr\/de\/?s={search_term_string}\"},\"query-input\":{\"@type\":\"PropertyValueSpecification\",\"valueRequired\":true,\"valueName\":\"search_term_string\"}}],\"inLanguage\":\"en-GB\"},{\"@type\":\"Organization\",\"@id\":\"https:\/\/denizcankizil.tr\/de\/#organization\",\"name\":\"Av. Deniz Can K\u0131z\u0131l\",\"url\":\"https:\/\/denizcankizil.tr\/de\/\",\"logo\":{\"@type\":\"ImageObject\",\"inLanguage\":\"en-GB\",\"@id\":\"https:\/\/denizcankizil.tr\/de\/#\/schema\/logo\/image\/\",\"url\":\"http:\/\/denizcankizil.tr\/wp-content\/uploads\/2024\/10\/siyah-logo-svg.svg\",\"contentUrl\":\"http:\/\/denizcankizil.tr\/wp-content\/uploads\/2024\/10\/siyah-logo-svg.svg\",\"width\":1080,\"height\":1080,\"caption\":\"Av. Deniz Can K\u0131z\u0131l\"},\"image\":{\"@id\":\"https:\/\/denizcankizil.tr\/de\/#\/schema\/logo\/image\/\"}},{\"@type\":\"Person\",\"@id\":\"https:\/\/denizcankizil.tr\/de\/#\/schema\/person\/be3c05fe6a12686905512445d8185489\",\"name\":\"admin\",\"image\":{\"@type\":\"ImageObject\",\"inLanguage\":\"en-GB\",\"@id\":\"https:\/\/denizcankizil.tr\/de\/#\/schema\/person\/image\/\",\"url\":\"https:\/\/secure.gravatar.com\/avatar\/c1fce94c830dc79107e174f890d7210541c4a63e8e5d816341794a2151c9d58c?s=96&d=mm&r=g\",\"contentUrl\":\"https:\/\/secure.gravatar.com\/avatar\/c1fce94c830dc79107e174f890d7210541c4a63e8e5d816341794a2151c9d58c?s=96&d=mm&r=g\",\"caption\":\"admin\"},\"sameAs\":[\"http:\/\/denizcankizil.tr\"],\"url\":\"https:\/\/www.iskenderun.org\/baskan-ari-nevsehir-icin-caba-sarf-ediyoruz\"}]}<\/script>\n<!-- \/ Yoast SEO Premium plugin. -->","yoast_head_json":{"title":"Ba\u015fkan Ar\u0131, Nev\u015fehir \u0130\u00e7in \u00c7aba Sarf Ediyoruz - Av. Deniz Can K\u0131z\u0131l","robots":{"index":"index","follow":"follow","max-snippet":"max-snippet:-1","max-image-preview":"max-image-preview:large","max-video-preview":"max-video-preview:-1"},"canonical":"https:\/\/denizcankizil.tr\/en\/haberler\/gundem\/baskan-ari-nevsehir-icin-caba-sarf-ediyoruz\/","og_locale":"en_GB","og_type":"article","og_title":"Ba\u015fkan Ar\u0131, Nev\u015fehir \u0130\u00e7in \u00c7aba Sarf Ediyoruz","og_description":"Nev\u015fehir Belediye Ba\u015fkan\u0131 Rasim Ar\u0131 ba\u015fkanl\u0131\u011f\u0131nda esnaf\u0131n temsilcileri ile sanayi sitesi sorununun \u00e7\u00f6z\u00fcm\u00fc i\u00e7in yap\u0131lacak \u00e7al\u0131\u015fmalar hakk\u0131nda bir toplant\u0131 d\u00fczenlendi. \u200bNev\u015fehir Belediye Ba\u015fkan\u0131 Rasim Ar\u0131 ba\u015fkanl\u0131\u011f\u0131nda esnaf\u0131n temsilcileri ile sanayi sitesi sorununun \u00e7\u00f6z\u00fcm\u00fc i\u00e7in yap\u0131lacak \u00e7al\u0131\u015fmalar hakk\u0131nda bir toplant\u0131 d\u00fczenlendi.\u00a0 \u200bHaberin Al\u0131nt\u0131land\u0131\u011f\u0131 Kaynak: www.iskenderun.org","og_url":"https:\/\/denizcankizil.tr\/en\/haberler\/gundem\/baskan-ari-nevsehir-icin-caba-sarf-ediyoruz\/","og_site_name":"Av. Deniz Can K\u0131z\u0131l","article_published_time":"2025-01-15T18:41:32+00:00","author":"admin","twitter_card":"summary_large_image","twitter_misc":{"Written by":"admin"},"schema":{"@context":"https:\/\/schema.org","@graph":[{"@type":"Article","@id":"https:\/\/denizcankizil.tr\/ru\/haberler\/gundem\/baskan-ari-nevsehir-icin-caba-sarf-ediyoruz\/#article","isPartOf":{"@id":"https:\/\/denizcankizil.tr\/ru\/haberler\/gundem\/baskan-ari-nevsehir-icin-caba-sarf-ediyoruz\/"},"author":{"name":"admin","@id":"https:\/\/denizcankizil.tr\/de\/#\/schema\/person\/be3c05fe6a12686905512445d8185489"},"headline":"Ba\u015fkan Ar\u0131, Nev\u015fehir \u0130\u00e7in \u00c7aba Sarf Ediyoruz","datePublished":"2025-01-15T18:41:32+00:00","mainEntityOfPage":{"@id":"https:\/\/denizcankizil.tr\/ru\/haberler\/gundem\/baskan-ari-nevsehir-icin-caba-sarf-ediyoruz\/"},"wordCount":79,"commentCount":0,"publisher":{"@id":"https:\/\/denizcankizil.tr\/de\/#organization"},"articleSection":["G\u00fcndem"],"inLanguage":"en-GB","potentialAction":[{"@type":"CommentAction","name":"Comment","target":["https:\/\/denizcankizil.tr\/ru\/haberler\/gundem\/baskan-ari-nevsehir-icin-caba-sarf-ediyoruz\/#respond"]}]},{"@type":"WebPage","@id":"https:\/\/denizcankizil.tr\/ru\/haberler\/gundem\/baskan-ari-nevsehir-icin-caba-sarf-ediyoruz\/","url":"https:\/\/denizcankizil.tr\/ru\/haberler\/gundem\/baskan-ari-nevsehir-icin-caba-sarf-ediyoruz\/","name":"Ba\u015fkan Ar\u0131, Nev\u015fehir \u0130\u00e7in \u00c7aba Sarf Ediyoruz - Av. Deniz Can K\u0131z\u0131l","isPartOf":{"@id":"https:\/\/denizcankizil.tr\/de\/#website"},"datePublished":"2025-01-15T18:41:32+00:00","breadcrumb":{"@id":"https:\/\/denizcankizil.tr\/ru\/haberler\/gundem\/baskan-ari-nevsehir-icin-caba-sarf-ediyoruz\/#breadcrumb"},"inLanguage":"en-GB","potentialAction":[{"@type":"ReadAction","target":["https:\/\/denizcankizil.tr\/ru\/haberler\/gundem\/baskan-ari-nevsehir-icin-caba-sarf-ediyoruz\/"]}]},{"@type":"BreadcrumbList","@id":"https:\/\/denizcankizil.tr\/ru\/haberler\/gundem\/baskan-ari-nevsehir-icin-caba-sarf-ediyoruz\/#breadcrumb","itemListElement":[{"@type":"ListItem","position":1,"name":"Home","item":"https:\/\/denizcankizil.tr\/de\/"},{"@type":"ListItem","position":2,"name":"Ba\u015fkan Ar\u0131, Nev\u015fehir \u0130\u00e7in \u00c7aba Sarf Ediyoruz"}]},{"@type":"WebSite","@id":"https:\/\/denizcankizil.tr\/de\/#website","url":"https:\/\/denizcankizil.tr\/de\/","name":"Av. Deniz Can K\u0131z\u0131l","description":"Avukat Deniz Can K\u0131z\u0131l Antalya Barosu","publisher":{"@id":"https:\/\/denizcankizil.tr\/de\/#organization"},"potentialAction":[{"@type":"SearchAction","target":{"@type":"EntryPoint","urlTemplate":"https:\/\/denizcankizil.tr\/de\/?s={search_term_string}"},"query-input":{"@type":"PropertyValueSpecification","valueRequired":true,"valueName":"search_term_string"}}],"inLanguage":"en-GB"},{"@type":"Organization","@id":"https:\/\/denizcankizil.tr\/de\/#organization","name":"Av. Deniz Can K\u0131z\u0131l","url":"https:\/\/denizcankizil.tr\/de\/","logo":{"@type":"ImageObject","inLanguage":"en-GB","@id":"https:\/\/denizcankizil.tr\/de\/#\/schema\/logo\/image\/","url":"http:\/\/denizcankizil.tr\/wp-content\/uploads\/2024\/10\/siyah-logo-svg.svg","contentUrl":"http:\/\/denizcankizil.tr\/wp-content\/uploads\/2024\/10\/siyah-logo-svg.svg","width":1080,"height":1080,"caption":"Av. Deniz Can K\u0131z\u0131l"},"image":{"@id":"https:\/\/denizcankizil.tr\/de\/#\/schema\/logo\/image\/"}},{"@type":"Person","@id":"https:\/\/denizcankizil.tr\/de\/#\/schema\/person\/be3c05fe6a12686905512445d8185489","name":"admin","image":{"@type":"ImageObject","inLanguage":"en-GB","@id":"https:\/\/denizcankizil.tr\/de\/#\/schema\/person\/image\/","url":"https:\/\/secure.gravatar.com\/avatar\/c1fce94c830dc79107e174f890d7210541c4a63e8e5d816341794a2151c9d58c?s=96&d=mm&r=g","contentUrl":"https:\/\/secure.gravatar.com\/avatar\/c1fce94c830dc79107e174f890d7210541c4a63e8e5d816341794a2151c9d58c?s=96&d=mm&r=g","caption":"admin"},"sameAs":["http:\/\/denizcankizil.tr"],"url":"https:\/\/www.iskenderun.org\/baskan-ari-nevsehir-icin-caba-sarf-ediyoruz"}]}},"_links":{"self":[{"href":"http:\/\/denizcankizil.tr\/en\/wp-json\/wp\/v2\/posts\/25545","targetHints":{"allow":["GET"]}}],"collection":[{"href":"http:\/\/denizcankizil.tr\/en\/wp-json\/wp\/v2\/posts"}],"about":[{"href":"http:\/\/denizcankizil.tr\/en\/wp-json\/wp\/v2\/types\/post"}],"author":[{"embeddable":true,"href":"http:\/\/denizcankizil.tr\/en\/wp-json\/wp\/v2\/users\/1"}],"replies":[{"embeddable":true,"href":"http:\/\/denizcankizil.tr\/en\/wp-json\/wp\/v2\/comments?post=25545"}],"version-history":[{"count":0,"href":"http:\/\/denizcankizil.tr\/en\/wp-json\/wp\/v2\/posts\/25545\/revisions"}],"wp:attachment":[{"href":"http:\/\/denizcankizil.tr\/en\/wp-json\/wp\/v2\/media?parent=25545"}],"wp:term":[{"taxonomy":"category","embeddable":true,"href":"http:\/\/denizcankizil.tr\/en\/wp-json\/wp\/v2\/categories?post=25545"},{"taxonomy":"post_tag","embeddable":true,"href":"http:\/\/denizcankizil.tr\/en\/wp-json\/wp\/v2\/tags?post=25545"}],"curies":[{"name":"wp","href":"https:\/\/api.w.org\/{rel}","templated":true}]}}