{"id":25464,"date":"2025-01-15T13:42:12","date_gmt":"2025-01-15T10:42:12","guid":{"rendered":"https:\/\/denizcankizil.tr\/uncategorized-tr\/gayrimenkul-hizmetleri-revacta\/"},"modified":"2025-01-15T13:42:12","modified_gmt":"2025-01-15T10:42:12","slug":"gayrimenkul-hizmetleri-revacta","status":"publish","type":"post","link":"http:\/\/denizcankizil.tr\/en\/haberler\/gundem\/gayrimenkul-hizmetleri-revacta\/","title":{"rendered":"Gayrimenkul hizmetleri reva\u00e7ta"},"content":{"rendered":"<p>2024 y\u0131l\u0131 Kas\u0131m ay\u0131 verilerine g\u00f6re Hizmet \u00dcretim Endeksi y\u0131ll\u0131k bazda artarken, ayl\u0131k bazda azal\u0131\u015f kaydetti. Hizmet \u00fcretiminde ayl\u0131k ve y\u0131ll\u0131k bazda en yo\u011fun de\u011fi\u015fim gayrimenkul hizmetlerinde g\u00f6zlendi.ANKARA (\u0130GFA) &#8211; T\u00fcrkiye \u0130statistik Kurumu (T\u00dc\u0130K), Kas\u0131m ay\u0131na ili\u015fkin Hizmet \u00dcretim Endeksi verilerini a\u00e7\u0131klad\u0131.<br \/>\nHizmet \u00fcretim endeksi (2021=100) 2024 y\u0131l\u0131 Kas\u0131m ay\u0131nda bir \u00f6nceki y\u0131l\u0131n ayn\u0131 ay\u0131na g\u00f6re y\u00fczde 0,9 artt\u0131.<br \/>\nAyn\u0131 ayda ula\u015ft\u0131rma ve depolama hizmetleri y\u00fczde 3,0 azald\u0131, konaklama ve yiyecek hizmetleri y\u00fczde 6,9 artt\u0131, bilgi ve ileti\u015fim hizmetleri y\u00fczde 2,5 artt\u0131, gayrimenkul hizmetleri y\u00fczde 11,6 artt\u0131, mesleki, bilimsel ve teknik hizmetler y\u00fczde 3,1 artt\u0131, idari ve destek hizmetleri ise y\u00fczde 2,2 artt\u0131.<\/p>\n<p>H\u0130ZMET \u00dcRET\u0130M ENDEKS\u0130 AYLIK Y\u00dcZDE 0,2 AZALDI<br \/>\nHizmet \u00fcretim endeksi (2021=100) 2024 y\u0131l\u0131 Kas\u0131m ay\u0131nda bir \u00f6nceki aya g\u00f6re y\u00fczde 0,2 azald\u0131. Ayn\u0131 ayda ula\u015ft\u0131rma ve depolama hizmetleri y\u00fczde 0,9 azald\u0131, konaklama ve yiyecek hizmetleri ayn\u0131 kald\u0131, bilgi ve ileti\u015fim hizmetleri y\u00fczde 0,7 artt\u0131, gayrimenkul hizmetleri y\u00fczde 3,2 artt\u0131, mesleki, bilimsel ve teknik hizmetler y\u00fczde 1,2 artt\u0131, idari ve destek hizmetleri ise y\u00fczde 1,1 azald\u0131.<\/p>\n<p>\u200b2024 y\u0131l\u0131 Kas\u0131m ay\u0131 verilerine g\u00f6re Hizmet \u00dcretim Endeksi y\u0131ll\u0131k bazda artarken, ayl\u0131k bazda azal\u0131\u015f kaydetti. Hizmet \u00fcretiminde ayl\u0131k ve y\u0131ll\u0131k bazda en yo\u011fun de\u011fi\u015fim gayrimenkul hizmetlerinde g\u00f6zlendi.ANKARA (\u0130GFA) &#8211; T\u00fcrkiye \u0130statistik Kurumu (T\u00dc\u0130K), Kas\u0131m ay\u0131na ili\u015fkin Hizmet \u00dcretim Endeksi verilerini a\u00e7\u0131klad\u0131.<br \/>\nHizmet \u00fcretim endeksi (2021=100) 2024 y\u0131l\u0131 Kas\u0131m ay\u0131nda bir \u00f6nceki y\u0131l\u0131n ayn\u0131 ay\u0131na g\u00f6re y\u00fczde 0,9 artt\u0131.<br \/>\nAyn\u0131 ayda ula\u015ft\u0131rma ve depolama hizmetleri y\u00fczde 3,0 azald\u0131, konaklama ve yiyecek hizmetleri y\u00fczde 6,9 artt\u0131, bilgi ve ileti\u015fim hizmetleri y\u00fczde 2,5 artt\u0131, gayrimenkul hizmetleri y\u00fczde 11,6 artt\u0131, mesleki, bilimsel ve teknik hizmetler y\u00fczde 3,1 artt\u0131, idari ve destek hizmetleri ise y\u00fczde 2,2 artt\u0131.<\/p>\n<p>H\u0130ZMET \u00dcRET\u0130M ENDEKS\u0130 AYLIK Y\u00dcZDE 0,2 AZALDI<br \/>\nHizmet \u00fcretim endeksi (2021=100) 2024 y\u0131l\u0131 Kas\u0131m ay\u0131nda bir \u00f6nceki aya g\u00f6re y\u00fczde 0,2 azald\u0131. Ayn\u0131 ayda ula\u015ft\u0131rma ve depolama hizmetleri y\u00fczde 0,9 azald\u0131, konaklama ve yiyecek hizmetleri ayn\u0131 kald\u0131, bilgi ve ileti\u015fim hizmetleri y\u00fczde 0,7 artt\u0131, gayrimenkul hizmetleri y\u00fczde 3,2 artt\u0131, mesleki, bilimsel ve teknik hizmetler y\u00fczde 1,2 artt\u0131, idari ve destek hizmetleri ise y\u00fczde 1,1 azald\u0131.\u00a0<\/p>\n<p>\u200bHaberin Al\u0131nt\u0131land\u0131\u011f\u0131 Kaynak: www.iskenderun.org<\/p>","protected":false},"excerpt":{"rendered":"<p>2024 y\u0131l\u0131 Kas\u0131m ay\u0131 verilerine g\u00f6re Hizmet \u00dcretim Endeksi y\u0131ll\u0131k bazda artarken, ayl\u0131k bazda azal\u0131\u015f kaydetti. Hizmet \u00fcretiminde ayl\u0131k ve y\u0131ll\u0131k bazda en yo\u011fun de\u011fi\u015fim gayrimenkul hizmetlerinde g\u00f6zlendi.ANKARA (\u0130GFA) &#8211; T\u00fcrkiye \u0130statistik Kurumu (T\u00dc\u0130K), Kas\u0131m ay\u0131na ili\u015fkin Hizmet \u00dcretim Endeksi verilerini a\u00e7\u0131klad\u0131. Hizmet \u00fcretim endeksi (2021=100) 2024 y\u0131l\u0131 Kas\u0131m ay\u0131nda bir \u00f6nceki y\u0131l\u0131n ayn\u0131 ay\u0131na g\u00f6re y\u00fczde 0,9 artt\u0131. Ayn\u0131 ayda ula\u015ft\u0131rma ve depolama hizmetleri y\u00fczde 3,0 azald\u0131, konaklama ve yiyecek hizmetleri y\u00fczde 6,9 artt\u0131, bilgi ve ileti\u015fim hizmetleri y\u00fczde 2,5 artt\u0131, gayrimenkul hizmetleri y\u00fczde 11,6 artt\u0131, mesleki, bilimsel ve teknik hizmetler y\u00fczde 3,1 artt\u0131, idari ve destek hizmetleri ise y\u00fczde 2,2 artt\u0131. H\u0130ZMET \u00dcRET\u0130M ENDEKS\u0130 AYLIK Y\u00dcZDE 0,2 AZALDI Hizmet \u00fcretim endeksi (2021=100) 2024 y\u0131l\u0131 Kas\u0131m ay\u0131nda bir \u00f6nceki aya g\u00f6re y\u00fczde 0,2 azald\u0131. Ayn\u0131 ayda ula\u015ft\u0131rma ve depolama hizmetleri y\u00fczde 0,9 azald\u0131, konaklama ve yiyecek hizmetleri ayn\u0131 kald\u0131, bilgi ve ileti\u015fim hizmetleri y\u00fczde 0,7 artt\u0131, gayrimenkul hizmetleri y\u00fczde 3,2 artt\u0131, mesleki, bilimsel ve teknik hizmetler y\u00fczde 1,2 artt\u0131, idari ve destek hizmetleri ise y\u00fczde 1,1 azald\u0131. \u200b2024 y\u0131l\u0131 Kas\u0131m ay\u0131 verilerine g\u00f6re Hizmet \u00dcretim Endeksi y\u0131ll\u0131k bazda artarken, ayl\u0131k bazda azal\u0131\u015f kaydetti. Hizmet \u00fcretiminde ayl\u0131k ve y\u0131ll\u0131k bazda en yo\u011fun de\u011fi\u015fim gayrimenkul hizmetlerinde g\u00f6zlendi.ANKARA (\u0130GFA) &#8211; T\u00fcrkiye \u0130statistik &hellip;<\/p>","protected":false},"author":1,"featured_media":0,"comment_status":"open","ping_status":"open","sticky":false,"template":"","format":"standard","meta":{"_acf_changed":false,"footnotes":""},"categories":[24],"tags":[],"class_list":["post-25464","post","type-post","status-publish","format-standard","has-post-thumbnail","hentry","category-gundem"],"acf":[],"yoast_head":"<!-- This site is optimized with the Yoast SEO Premium plugin v26.6 (Yoast SEO v27.1.1) - https:\/\/yoast.com\/product\/yoast-seo-premium-wordpress\/ -->\n<title>Gayrimenkul hizmetleri reva\u00e7ta - Av. Deniz Can K\u0131z\u0131l<\/title>\n<meta name=\"robots\" content=\"index, follow, max-snippet:-1, max-image-preview:large, max-video-preview:-1\" \/>\n<link rel=\"canonical\" href=\"http:\/\/denizcankizil.tr\/en\/haberler\/gundem\/gayrimenkul-hizmetleri-revacta\/\" \/>\n<meta property=\"og:locale\" content=\"en_GB\" \/>\n<meta property=\"og:type\" content=\"article\" \/>\n<meta property=\"og:title\" content=\"Gayrimenkul hizmetleri reva\u00e7ta\" \/>\n<meta property=\"og:description\" content=\"2024 y\u0131l\u0131 Kas\u0131m ay\u0131 verilerine g\u00f6re Hizmet \u00dcretim Endeksi y\u0131ll\u0131k bazda artarken, ayl\u0131k bazda azal\u0131\u015f kaydetti. Hizmet \u00fcretiminde ayl\u0131k ve y\u0131ll\u0131k bazda en yo\u011fun de\u011fi\u015fim gayrimenkul hizmetlerinde g\u00f6zlendi.ANKARA (\u0130GFA) &#8211; T\u00fcrkiye \u0130statistik Kurumu (T\u00dc\u0130K), Kas\u0131m ay\u0131na ili\u015fkin Hizmet \u00dcretim Endeksi verilerini a\u00e7\u0131klad\u0131. Hizmet \u00fcretim endeksi (2021=100) 2024 y\u0131l\u0131 Kas\u0131m ay\u0131nda bir \u00f6nceki y\u0131l\u0131n ayn\u0131 ay\u0131na g\u00f6re y\u00fczde 0,9 artt\u0131. Ayn\u0131 ayda ula\u015ft\u0131rma ve depolama hizmetleri y\u00fczde 3,0 azald\u0131, konaklama ve yiyecek hizmetleri y\u00fczde 6,9 artt\u0131, bilgi ve ileti\u015fim hizmetleri y\u00fczde 2,5 artt\u0131, gayrimenkul hizmetleri y\u00fczde 11,6 artt\u0131, mesleki, bilimsel ve teknik hizmetler y\u00fczde 3,1 artt\u0131, idari ve destek hizmetleri ise y\u00fczde 2,2 artt\u0131. H\u0130ZMET \u00dcRET\u0130M ENDEKS\u0130 AYLIK Y\u00dcZDE 0,2 AZALDI Hizmet \u00fcretim endeksi (2021=100) 2024 y\u0131l\u0131 Kas\u0131m ay\u0131nda bir \u00f6nceki aya g\u00f6re y\u00fczde 0,2 azald\u0131. Ayn\u0131 ayda ula\u015ft\u0131rma ve depolama hizmetleri y\u00fczde 0,9 azald\u0131, konaklama ve yiyecek hizmetleri ayn\u0131 kald\u0131, bilgi ve ileti\u015fim hizmetleri y\u00fczde 0,7 artt\u0131, gayrimenkul hizmetleri y\u00fczde 3,2 artt\u0131, mesleki, bilimsel ve teknik hizmetler y\u00fczde 1,2 artt\u0131, idari ve destek hizmetleri ise y\u00fczde 1,1 azald\u0131. \u200b2024 y\u0131l\u0131 Kas\u0131m ay\u0131 verilerine g\u00f6re Hizmet \u00dcretim Endeksi y\u0131ll\u0131k bazda artarken, ayl\u0131k bazda azal\u0131\u015f kaydetti. Hizmet \u00fcretiminde ayl\u0131k ve y\u0131ll\u0131k bazda en yo\u011fun de\u011fi\u015fim gayrimenkul hizmetlerinde g\u00f6zlendi.ANKARA (\u0130GFA) &#8211; T\u00fcrkiye \u0130statistik &hellip;\" \/>\n<meta property=\"og:url\" content=\"http:\/\/denizcankizil.tr\/en\/haberler\/gundem\/gayrimenkul-hizmetleri-revacta\/\" \/>\n<meta property=\"og:site_name\" content=\"Av. Deniz Can K\u0131z\u0131l\" \/>\n<meta property=\"article:published_time\" content=\"2025-01-15T10:42:12+00:00\" \/>\n<meta name=\"author\" content=\"admin\" \/>\n<meta name=\"twitter:card\" content=\"summary_large_image\" \/>\n<meta name=\"twitter:label1\" content=\"Written by\" \/>\n\t<meta name=\"twitter:data1\" content=\"admin\" \/>\n\t<meta name=\"twitter:label2\" content=\"Estimated reading time\" \/>\n\t<meta name=\"twitter:data2\" content=\"2 minutes\" \/>\n<script type=\"application\/ld+json\" class=\"yoast-schema-graph\">{\"@context\":\"https:\/\/schema.org\",\"@graph\":[{\"@type\":\"Article\",\"@id\":\"http:\/\/denizcankizil.tr\/uk\/haberler\/gundem\/gayrimenkul-hizmetleri-revacta\/#article\",\"isPartOf\":{\"@id\":\"http:\/\/denizcankizil.tr\/uk\/haberler\/gundem\/gayrimenkul-hizmetleri-revacta\/\"},\"author\":{\"name\":\"admin\",\"@id\":\"https:\/\/denizcankizil.tr\/de\/#\/schema\/person\/be3c05fe6a12686905512445d8185489\"},\"headline\":\"Gayrimenkul hizmetleri reva\u00e7ta\",\"datePublished\":\"2025-01-15T10:42:12+00:00\",\"mainEntityOfPage\":{\"@id\":\"http:\/\/denizcankizil.tr\/uk\/haberler\/gundem\/gayrimenkul-hizmetleri-revacta\/\"},\"wordCount\":416,\"commentCount\":0,\"publisher\":{\"@id\":\"https:\/\/denizcankizil.tr\/de\/#organization\"},\"articleSection\":[\"G\u00fcndem\"],\"inLanguage\":\"en-GB\",\"potentialAction\":[{\"@type\":\"CommentAction\",\"name\":\"Comment\",\"target\":[\"http:\/\/denizcankizil.tr\/uk\/haberler\/gundem\/gayrimenkul-hizmetleri-revacta\/#respond\"]}]},{\"@type\":\"WebPage\",\"@id\":\"http:\/\/denizcankizil.tr\/uk\/haberler\/gundem\/gayrimenkul-hizmetleri-revacta\/\",\"url\":\"http:\/\/denizcankizil.tr\/uk\/haberler\/gundem\/gayrimenkul-hizmetleri-revacta\/\",\"name\":\"Gayrimenkul hizmetleri reva\u00e7ta - Av. Deniz Can K\u0131z\u0131l\",\"isPartOf\":{\"@id\":\"https:\/\/denizcankizil.tr\/de\/#website\"},\"datePublished\":\"2025-01-15T10:42:12+00:00\",\"breadcrumb\":{\"@id\":\"http:\/\/denizcankizil.tr\/uk\/haberler\/gundem\/gayrimenkul-hizmetleri-revacta\/#breadcrumb\"},\"inLanguage\":\"en-GB\",\"potentialAction\":[{\"@type\":\"ReadAction\",\"target\":[\"http:\/\/denizcankizil.tr\/uk\/haberler\/gundem\/gayrimenkul-hizmetleri-revacta\/\"]}]},{\"@type\":\"BreadcrumbList\",\"@id\":\"http:\/\/denizcankizil.tr\/uk\/haberler\/gundem\/gayrimenkul-hizmetleri-revacta\/#breadcrumb\",\"itemListElement\":[{\"@type\":\"ListItem\",\"position\":1,\"name\":\"Home\",\"item\":\"https:\/\/denizcankizil.tr\/de\/\"},{\"@type\":\"ListItem\",\"position\":2,\"name\":\"Gayrimenkul hizmetleri reva\u00e7ta\"}]},{\"@type\":\"WebSite\",\"@id\":\"https:\/\/denizcankizil.tr\/de\/#website\",\"url\":\"https:\/\/denizcankizil.tr\/de\/\",\"name\":\"Av. Deniz Can K\u0131z\u0131l\",\"description\":\"Avukat Deniz Can K\u0131z\u0131l Antalya Barosu\",\"publisher\":{\"@id\":\"https:\/\/denizcankizil.tr\/de\/#organization\"},\"potentialAction\":[{\"@type\":\"SearchAction\",\"target\":{\"@type\":\"EntryPoint\",\"urlTemplate\":\"https:\/\/denizcankizil.tr\/de\/?s={search_term_string}\"},\"query-input\":{\"@type\":\"PropertyValueSpecification\",\"valueRequired\":true,\"valueName\":\"search_term_string\"}}],\"inLanguage\":\"en-GB\"},{\"@type\":\"Organization\",\"@id\":\"https:\/\/denizcankizil.tr\/de\/#organization\",\"name\":\"Av. Deniz Can K\u0131z\u0131l\",\"url\":\"https:\/\/denizcankizil.tr\/de\/\",\"logo\":{\"@type\":\"ImageObject\",\"inLanguage\":\"en-GB\",\"@id\":\"https:\/\/denizcankizil.tr\/de\/#\/schema\/logo\/image\/\",\"url\":\"http:\/\/denizcankizil.tr\/wp-content\/uploads\/2024\/10\/siyah-logo-svg.svg\",\"contentUrl\":\"http:\/\/denizcankizil.tr\/wp-content\/uploads\/2024\/10\/siyah-logo-svg.svg\",\"width\":1080,\"height\":1080,\"caption\":\"Av. Deniz Can K\u0131z\u0131l\"},\"image\":{\"@id\":\"https:\/\/denizcankizil.tr\/de\/#\/schema\/logo\/image\/\"}},{\"@type\":\"Person\",\"@id\":\"https:\/\/denizcankizil.tr\/de\/#\/schema\/person\/be3c05fe6a12686905512445d8185489\",\"name\":\"admin\",\"image\":{\"@type\":\"ImageObject\",\"inLanguage\":\"en-GB\",\"@id\":\"https:\/\/denizcankizil.tr\/de\/#\/schema\/person\/image\/\",\"url\":\"https:\/\/secure.gravatar.com\/avatar\/c1fce94c830dc79107e174f890d7210541c4a63e8e5d816341794a2151c9d58c?s=96&d=mm&r=g\",\"contentUrl\":\"https:\/\/secure.gravatar.com\/avatar\/c1fce94c830dc79107e174f890d7210541c4a63e8e5d816341794a2151c9d58c?s=96&d=mm&r=g\",\"caption\":\"admin\"},\"sameAs\":[\"http:\/\/denizcankizil.tr\"],\"url\":\"https:\/\/www.iskenderun.org\/gayrimenkul-hizmetleri-revacta\"}]}<\/script>\n<!-- \/ Yoast SEO Premium plugin. -->","yoast_head_json":{"title":"Gayrimenkul hizmetleri reva\u00e7ta - Av. Deniz Can K\u0131z\u0131l","robots":{"index":"index","follow":"follow","max-snippet":"max-snippet:-1","max-image-preview":"max-image-preview:large","max-video-preview":"max-video-preview:-1"},"canonical":"http:\/\/denizcankizil.tr\/en\/haberler\/gundem\/gayrimenkul-hizmetleri-revacta\/","og_locale":"en_GB","og_type":"article","og_title":"Gayrimenkul hizmetleri reva\u00e7ta","og_description":"2024 y\u0131l\u0131 Kas\u0131m ay\u0131 verilerine g\u00f6re Hizmet \u00dcretim Endeksi y\u0131ll\u0131k bazda artarken, ayl\u0131k bazda azal\u0131\u015f kaydetti. Hizmet \u00fcretiminde ayl\u0131k ve y\u0131ll\u0131k bazda en yo\u011fun de\u011fi\u015fim gayrimenkul hizmetlerinde g\u00f6zlendi.ANKARA (\u0130GFA) &#8211; T\u00fcrkiye \u0130statistik Kurumu (T\u00dc\u0130K), Kas\u0131m ay\u0131na ili\u015fkin Hizmet \u00dcretim Endeksi verilerini a\u00e7\u0131klad\u0131. Hizmet \u00fcretim endeksi (2021=100) 2024 y\u0131l\u0131 Kas\u0131m ay\u0131nda bir \u00f6nceki y\u0131l\u0131n ayn\u0131 ay\u0131na g\u00f6re y\u00fczde 0,9 artt\u0131. Ayn\u0131 ayda ula\u015ft\u0131rma ve depolama hizmetleri y\u00fczde 3,0 azald\u0131, konaklama ve yiyecek hizmetleri y\u00fczde 6,9 artt\u0131, bilgi ve ileti\u015fim hizmetleri y\u00fczde 2,5 artt\u0131, gayrimenkul hizmetleri y\u00fczde 11,6 artt\u0131, mesleki, bilimsel ve teknik hizmetler y\u00fczde 3,1 artt\u0131, idari ve destek hizmetleri ise y\u00fczde 2,2 artt\u0131. H\u0130ZMET \u00dcRET\u0130M ENDEKS\u0130 AYLIK Y\u00dcZDE 0,2 AZALDI Hizmet \u00fcretim endeksi (2021=100) 2024 y\u0131l\u0131 Kas\u0131m ay\u0131nda bir \u00f6nceki aya g\u00f6re y\u00fczde 0,2 azald\u0131. Ayn\u0131 ayda ula\u015ft\u0131rma ve depolama hizmetleri y\u00fczde 0,9 azald\u0131, konaklama ve yiyecek hizmetleri ayn\u0131 kald\u0131, bilgi ve ileti\u015fim hizmetleri y\u00fczde 0,7 artt\u0131, gayrimenkul hizmetleri y\u00fczde 3,2 artt\u0131, mesleki, bilimsel ve teknik hizmetler y\u00fczde 1,2 artt\u0131, idari ve destek hizmetleri ise y\u00fczde 1,1 azald\u0131. \u200b2024 y\u0131l\u0131 Kas\u0131m ay\u0131 verilerine g\u00f6re Hizmet \u00dcretim Endeksi y\u0131ll\u0131k bazda artarken, ayl\u0131k bazda azal\u0131\u015f kaydetti. Hizmet \u00fcretiminde ayl\u0131k ve y\u0131ll\u0131k bazda en yo\u011fun de\u011fi\u015fim gayrimenkul hizmetlerinde g\u00f6zlendi.ANKARA (\u0130GFA) &#8211; T\u00fcrkiye \u0130statistik &hellip;","og_url":"http:\/\/denizcankizil.tr\/en\/haberler\/gundem\/gayrimenkul-hizmetleri-revacta\/","og_site_name":"Av. Deniz Can K\u0131z\u0131l","article_published_time":"2025-01-15T10:42:12+00:00","author":"admin","twitter_card":"summary_large_image","twitter_misc":{"Written by":"admin","Estimated reading time":"2 minutes"},"schema":{"@context":"https:\/\/schema.org","@graph":[{"@type":"Article","@id":"http:\/\/denizcankizil.tr\/uk\/haberler\/gundem\/gayrimenkul-hizmetleri-revacta\/#article","isPartOf":{"@id":"http:\/\/denizcankizil.tr\/uk\/haberler\/gundem\/gayrimenkul-hizmetleri-revacta\/"},"author":{"name":"admin","@id":"https:\/\/denizcankizil.tr\/de\/#\/schema\/person\/be3c05fe6a12686905512445d8185489"},"headline":"Gayrimenkul hizmetleri reva\u00e7ta","datePublished":"2025-01-15T10:42:12+00:00","mainEntityOfPage":{"@id":"http:\/\/denizcankizil.tr\/uk\/haberler\/gundem\/gayrimenkul-hizmetleri-revacta\/"},"wordCount":416,"commentCount":0,"publisher":{"@id":"https:\/\/denizcankizil.tr\/de\/#organization"},"articleSection":["G\u00fcndem"],"inLanguage":"en-GB","potentialAction":[{"@type":"CommentAction","name":"Comment","target":["http:\/\/denizcankizil.tr\/uk\/haberler\/gundem\/gayrimenkul-hizmetleri-revacta\/#respond"]}]},{"@type":"WebPage","@id":"http:\/\/denizcankizil.tr\/uk\/haberler\/gundem\/gayrimenkul-hizmetleri-revacta\/","url":"http:\/\/denizcankizil.tr\/uk\/haberler\/gundem\/gayrimenkul-hizmetleri-revacta\/","name":"Gayrimenkul hizmetleri reva\u00e7ta - Av. Deniz Can K\u0131z\u0131l","isPartOf":{"@id":"https:\/\/denizcankizil.tr\/de\/#website"},"datePublished":"2025-01-15T10:42:12+00:00","breadcrumb":{"@id":"http:\/\/denizcankizil.tr\/uk\/haberler\/gundem\/gayrimenkul-hizmetleri-revacta\/#breadcrumb"},"inLanguage":"en-GB","potentialAction":[{"@type":"ReadAction","target":["http:\/\/denizcankizil.tr\/uk\/haberler\/gundem\/gayrimenkul-hizmetleri-revacta\/"]}]},{"@type":"BreadcrumbList","@id":"http:\/\/denizcankizil.tr\/uk\/haberler\/gundem\/gayrimenkul-hizmetleri-revacta\/#breadcrumb","itemListElement":[{"@type":"ListItem","position":1,"name":"Home","item":"https:\/\/denizcankizil.tr\/de\/"},{"@type":"ListItem","position":2,"name":"Gayrimenkul hizmetleri reva\u00e7ta"}]},{"@type":"WebSite","@id":"https:\/\/denizcankizil.tr\/de\/#website","url":"https:\/\/denizcankizil.tr\/de\/","name":"Av. Deniz Can K\u0131z\u0131l","description":"Avukat Deniz Can K\u0131z\u0131l Antalya Barosu","publisher":{"@id":"https:\/\/denizcankizil.tr\/de\/#organization"},"potentialAction":[{"@type":"SearchAction","target":{"@type":"EntryPoint","urlTemplate":"https:\/\/denizcankizil.tr\/de\/?s={search_term_string}"},"query-input":{"@type":"PropertyValueSpecification","valueRequired":true,"valueName":"search_term_string"}}],"inLanguage":"en-GB"},{"@type":"Organization","@id":"https:\/\/denizcankizil.tr\/de\/#organization","name":"Av. Deniz Can K\u0131z\u0131l","url":"https:\/\/denizcankizil.tr\/de\/","logo":{"@type":"ImageObject","inLanguage":"en-GB","@id":"https:\/\/denizcankizil.tr\/de\/#\/schema\/logo\/image\/","url":"http:\/\/denizcankizil.tr\/wp-content\/uploads\/2024\/10\/siyah-logo-svg.svg","contentUrl":"http:\/\/denizcankizil.tr\/wp-content\/uploads\/2024\/10\/siyah-logo-svg.svg","width":1080,"height":1080,"caption":"Av. Deniz Can K\u0131z\u0131l"},"image":{"@id":"https:\/\/denizcankizil.tr\/de\/#\/schema\/logo\/image\/"}},{"@type":"Person","@id":"https:\/\/denizcankizil.tr\/de\/#\/schema\/person\/be3c05fe6a12686905512445d8185489","name":"admin","image":{"@type":"ImageObject","inLanguage":"en-GB","@id":"https:\/\/denizcankizil.tr\/de\/#\/schema\/person\/image\/","url":"https:\/\/secure.gravatar.com\/avatar\/c1fce94c830dc79107e174f890d7210541c4a63e8e5d816341794a2151c9d58c?s=96&d=mm&r=g","contentUrl":"https:\/\/secure.gravatar.com\/avatar\/c1fce94c830dc79107e174f890d7210541c4a63e8e5d816341794a2151c9d58c?s=96&d=mm&r=g","caption":"admin"},"sameAs":["http:\/\/denizcankizil.tr"],"url":"https:\/\/www.iskenderun.org\/gayrimenkul-hizmetleri-revacta"}]}},"_links":{"self":[{"href":"http:\/\/denizcankizil.tr\/en\/wp-json\/wp\/v2\/posts\/25464","targetHints":{"allow":["GET"]}}],"collection":[{"href":"http:\/\/denizcankizil.tr\/en\/wp-json\/wp\/v2\/posts"}],"about":[{"href":"http:\/\/denizcankizil.tr\/en\/wp-json\/wp\/v2\/types\/post"}],"author":[{"embeddable":true,"href":"http:\/\/denizcankizil.tr\/en\/wp-json\/wp\/v2\/users\/1"}],"replies":[{"embeddable":true,"href":"http:\/\/denizcankizil.tr\/en\/wp-json\/wp\/v2\/comments?post=25464"}],"version-history":[{"count":0,"href":"http:\/\/denizcankizil.tr\/en\/wp-json\/wp\/v2\/posts\/25464\/revisions"}],"wp:attachment":[{"href":"http:\/\/denizcankizil.tr\/en\/wp-json\/wp\/v2\/media?parent=25464"}],"wp:term":[{"taxonomy":"category","embeddable":true,"href":"http:\/\/denizcankizil.tr\/en\/wp-json\/wp\/v2\/categories?post=25464"},{"taxonomy":"post_tag","embeddable":true,"href":"http:\/\/denizcankizil.tr\/en\/wp-json\/wp\/v2\/tags?post=25464"}],"curies":[{"name":"wp","href":"https:\/\/api.w.org\/{rel}","templated":true}]}}