{"id":25431,"date":"2025-01-15T11:42:09","date_gmt":"2025-01-15T08:42:09","guid":{"rendered":"https:\/\/denizcankizil.tr\/uncategorized-tr\/basin-ilandan-nace-kodu-uyarisi\/"},"modified":"2025-01-15T11:42:09","modified_gmt":"2025-01-15T08:42:09","slug":"basin-ilandan-nace-kodu-uyarisi","status":"publish","type":"post","link":"http:\/\/denizcankizil.tr\/en\/haberler\/gundem\/basin-ilandan-nace-kodu-uyarisi\/","title":{"rendered":"Bas\u0131n \u0130lan&#8217;dan NACE kodu uyar\u0131s\u0131"},"content":{"rendered":"<p>Bas\u0131n \u0130lan Kurumu, s\u00fcreli yay\u0131nlarla ilgili eski versiyonu uygulamadan kald\u0131r\u0131lan NACE Kodlar\u0131n\u0131n yenisinin al\u0131narak kuruma bildirilmesi gerekti\u011fi bildirildi.ANKARA (\u0130GFA) &#8211; Bas\u0131n \u0130lan Kurumu (B\u0130K), sosyal medya hesaplar\u0131ndan ve internet sitesinden kurumsal uyar\u0131da bulundu.<br \/>\n\u0130\u015fletmelerin hangi sekt\u00f6rde faaliyet g\u00f6sterdi\u011fini tan\u0131mlayan NACE Kodu&#8217;nun 1 Ocak 2025 tarihinden itibaren yeni versiyonuyla uygulamaya konuldu\u011funun alt\u0131 \u00e7izilen a\u00e7\u0131klamada, Bas\u0131n \u0130lan Kurumu g\u00f6rev alan\u0131nda bulunan s\u00fcreli yay\u0131nlar\u0131n, ba\u011fl\u0131 olduklar\u0131 vergi dairesi ve ticaret odas\u0131nda yapacaklar\u0131 yenileme i\u015flemlerinin ard\u0131ndan Kurumumuza bildirimde bulunmalar\u0131 zorunlu oldu\u011fu belirtildi.<\/p>\n<p>Kodun son iki rakam\u0131n\u0131n s\u0131f\u0131r olmas\u0131 bu kodlar\u0131n alt gruplar\u0131n\u0131n olmad\u0131\u011f\u0131n\u0131 g\u00f6stermektedir.<br \/>\nSosyal G\u00fcvenlik Kurumu\u2019na (SGK) bildirilmesi zorunlu olan i\u015f yerinin faaliyet kodu ile \u00e7al\u0131\u015fanlar\u0131n meslek ad\u0131 ve kodunun birbiriyle mutab\u0131k olmamas\u0131 durumunda, ihbar ve \u015fik\u00e2yet \u00fczerine SGK taraf\u0131ndan yap\u0131lacak inceleme sonucunda i\u015f yerine idari para cezas\u0131 uygulanmaktad\u0131r.<br \/>\nKOD DE\u011e\u0130\u015e\u0130KL\u0130\u011e\u0130 VE B\u0130LD\u0130R\u0130M\u0130<br \/>\nB\u0130K&#8217;ten yap\u0131lan duyuruda, &#8220;Kod de\u011fi\u015fikli\u011fi yapmak i\u00e7in kay\u0131tl\u0131 olunan vergi dairesine \u201cNACE Kodu de\u011fi\u015fikli\u011fi\u201d konulu talep dilek\u00e7esi verilerek, talep edilen ve sorumlu alanlarda belirtilen kodun vergi dairesi kay\u0131tlar\u0131na ve vergi levhas\u0131na i\u015flenmesi gerekmektedir. Bu i\u015flemi m\u00fcteakiben vergi dairesinden al\u0131nan yeni NACE kodunu g\u00f6steren vergi levhas\u0131n\u0131n bir sureti ve m\u00fckellefiyet yaz\u0131s\u0131 ile ba\u011fl\u0131 olunan ticaret odas\u0131na de\u011fi\u015fiklik talep dilek\u00e7esi verilmelidir. Yap\u0131lan de\u011fi\u015fikliklerin Kurumumuz \u015eube M\u00fcd\u00fcrl\u00fcklerine bildirilmesi gerekmektedir.&#8221; ifadeleri yer ald\u0131.<\/p>\n<p>\u200bBas\u0131n \u0130lan Kurumu, s\u00fcreli yay\u0131nlarla ilgili eski versiyonu uygulamadan kald\u0131r\u0131lan NACE Kodlar\u0131n\u0131n yenisinin al\u0131narak kuruma bildirilmesi gerekti\u011fi bildirildi.ANKARA (\u0130GFA) &#8211; Bas\u0131n \u0130lan Kurumu (B\u0130K), sosyal medya hesaplar\u0131ndan ve internet sitesinden kurumsal uyar\u0131da bulundu.<br \/>\n\u0130\u015fletmelerin hangi sekt\u00f6rde faaliyet g\u00f6sterdi\u011fini tan\u0131mlayan NACE Kodu&#8217;nun 1 Ocak 2025 tarihinden itibaren yeni versiyonuyla uygulamaya konuldu\u011funun alt\u0131 \u00e7izilen a\u00e7\u0131klamada, Bas\u0131n \u0130lan Kurumu g\u00f6rev alan\u0131nda bulunan s\u00fcreli yay\u0131nlar\u0131n, ba\u011fl\u0131 olduklar\u0131 vergi dairesi ve ticaret odas\u0131nda yapacaklar\u0131 yenileme i\u015flemlerinin ard\u0131ndan Kurumumuza bildirimde bulunmalar\u0131 zorunlu oldu\u011fu belirtildi.<\/p>\n<p>Kodun son iki rakam\u0131n\u0131n s\u0131f\u0131r olmas\u0131 bu kodlar\u0131n alt gruplar\u0131n\u0131n olmad\u0131\u011f\u0131n\u0131 g\u00f6stermektedir.<br \/>\nSosyal G\u00fcvenlik Kurumu\u2019na (SGK) bildirilmesi zorunlu olan i\u015f yerinin faaliyet kodu ile \u00e7al\u0131\u015fanlar\u0131n meslek ad\u0131 ve kodunun birbiriyle mutab\u0131k olmamas\u0131 durumunda, ihbar ve \u015fik\u00e2yet \u00fczerine SGK taraf\u0131ndan yap\u0131lacak inceleme sonucunda i\u015f yerine idari para cezas\u0131 uygulanmaktad\u0131r.<br \/>\nKOD DE\u011e\u0130\u015e\u0130KL\u0130\u011e\u0130 VE B\u0130LD\u0130R\u0130M\u0130<br \/>\nB\u0130K&#8217;ten yap\u0131lan duyuruda, &#8220;Kod de\u011fi\u015fikli\u011fi yapmak i\u00e7in kay\u0131tl\u0131 olunan vergi dairesine \u201cNACE Kodu de\u011fi\u015fikli\u011fi\u201d konulu talep dilek\u00e7esi verilerek, talep edilen ve sorumlu alanlarda belirtilen kodun vergi dairesi kay\u0131tlar\u0131na ve vergi levhas\u0131na i\u015flenmesi gerekmektedir. Bu i\u015flemi m\u00fcteakiben vergi dairesinden al\u0131nan yeni NACE kodunu g\u00f6steren vergi levhas\u0131n\u0131n bir sureti ve m\u00fckellefiyet yaz\u0131s\u0131 ile ba\u011fl\u0131 olunan ticaret odas\u0131na de\u011fi\u015fiklik talep dilek\u00e7esi verilmelidir. Yap\u0131lan de\u011fi\u015fikliklerin Kurumumuz \u015eube M\u00fcd\u00fcrl\u00fcklerine bildirilmesi gerekmektedir.&#8221; ifadeleri yer ald\u0131.\u00a0<\/p>\n<p>\u200bHaberin Al\u0131nt\u0131land\u0131\u011f\u0131 Kaynak: www.iskenderun.org<\/p>","protected":false},"excerpt":{"rendered":"<p>Bas\u0131n \u0130lan Kurumu, s\u00fcreli yay\u0131nlarla ilgili eski versiyonu uygulamadan kald\u0131r\u0131lan NACE Kodlar\u0131n\u0131n yenisinin al\u0131narak kuruma bildirilmesi gerekti\u011fi bildirildi.ANKARA (\u0130GFA) &#8211; Bas\u0131n \u0130lan Kurumu (B\u0130K), sosyal medya hesaplar\u0131ndan ve internet sitesinden kurumsal uyar\u0131da bulundu. \u0130\u015fletmelerin hangi sekt\u00f6rde faaliyet g\u00f6sterdi\u011fini tan\u0131mlayan NACE Kodu&#8217;nun 1 Ocak 2025 tarihinden itibaren yeni versiyonuyla uygulamaya konuldu\u011funun alt\u0131 \u00e7izilen a\u00e7\u0131klamada, Bas\u0131n \u0130lan Kurumu g\u00f6rev alan\u0131nda bulunan s\u00fcreli yay\u0131nlar\u0131n, ba\u011fl\u0131 olduklar\u0131 vergi dairesi ve ticaret odas\u0131nda yapacaklar\u0131 yenileme i\u015flemlerinin ard\u0131ndan Kurumumuza bildirimde bulunmalar\u0131 zorunlu oldu\u011fu belirtildi. Kodun son iki rakam\u0131n\u0131n s\u0131f\u0131r olmas\u0131 bu kodlar\u0131n alt gruplar\u0131n\u0131n olmad\u0131\u011f\u0131n\u0131 g\u00f6stermektedir. Sosyal G\u00fcvenlik Kurumu\u2019na (SGK) bildirilmesi zorunlu olan i\u015f yerinin faaliyet kodu ile \u00e7al\u0131\u015fanlar\u0131n meslek ad\u0131 ve kodunun birbiriyle mutab\u0131k olmamas\u0131 durumunda, ihbar ve \u015fik\u00e2yet \u00fczerine SGK taraf\u0131ndan yap\u0131lacak inceleme sonucunda i\u015f yerine idari para cezas\u0131 uygulanmaktad\u0131r. KOD DE\u011e\u0130\u015e\u0130KL\u0130\u011e\u0130 VE B\u0130LD\u0130R\u0130M\u0130 B\u0130K&#8217;ten yap\u0131lan duyuruda, &#8220;Kod de\u011fi\u015fikli\u011fi yapmak i\u00e7in kay\u0131tl\u0131 olunan vergi dairesine \u201cNACE Kodu de\u011fi\u015fikli\u011fi\u201d konulu talep dilek\u00e7esi verilerek, talep edilen ve sorumlu alanlarda belirtilen kodun vergi dairesi kay\u0131tlar\u0131na ve vergi levhas\u0131na i\u015flenmesi gerekmektedir. Bu i\u015flemi m\u00fcteakiben vergi dairesinden al\u0131nan yeni NACE kodunu g\u00f6steren vergi levhas\u0131n\u0131n bir sureti ve m\u00fckellefiyet yaz\u0131s\u0131 ile ba\u011fl\u0131 olunan ticaret odas\u0131na de\u011fi\u015fiklik talep dilek\u00e7esi verilmelidir. Yap\u0131lan de\u011fi\u015fikliklerin Kurumumuz \u015eube M\u00fcd\u00fcrl\u00fcklerine bildirilmesi gerekmektedir.&#8221; ifadeleri yer ald\u0131. \u200bBas\u0131n &hellip;<\/p>","protected":false},"author":1,"featured_media":0,"comment_status":"open","ping_status":"open","sticky":false,"template":"","format":"standard","meta":{"_acf_changed":false,"footnotes":""},"categories":[24],"tags":[],"class_list":["post-25431","post","type-post","status-publish","format-standard","has-post-thumbnail","hentry","category-gundem"],"acf":[],"yoast_head":"<!-- This site is optimized with the Yoast SEO Premium plugin v26.6 (Yoast SEO v27.1.1) - https:\/\/yoast.com\/product\/yoast-seo-premium-wordpress\/ -->\n<title>Bas\u0131n \u0130lan&#039;dan NACE kodu uyar\u0131s\u0131 - Av. Deniz Can K\u0131z\u0131l<\/title>\n<meta name=\"robots\" content=\"index, follow, max-snippet:-1, max-image-preview:large, max-video-preview:-1\" \/>\n<link rel=\"canonical\" href=\"http:\/\/denizcankizil.tr\/en\/haberler\/gundem\/basin-ilandan-nace-kodu-uyarisi\/\" \/>\n<meta property=\"og:locale\" content=\"en_GB\" \/>\n<meta property=\"og:type\" content=\"article\" \/>\n<meta property=\"og:title\" content=\"Bas\u0131n \u0130lan&#039;dan NACE kodu uyar\u0131s\u0131\" \/>\n<meta property=\"og:description\" content=\"Bas\u0131n \u0130lan Kurumu, s\u00fcreli yay\u0131nlarla ilgili eski versiyonu uygulamadan kald\u0131r\u0131lan NACE Kodlar\u0131n\u0131n yenisinin al\u0131narak kuruma bildirilmesi gerekti\u011fi bildirildi.ANKARA (\u0130GFA) &#8211; Bas\u0131n \u0130lan Kurumu (B\u0130K), sosyal medya hesaplar\u0131ndan ve internet sitesinden kurumsal uyar\u0131da bulundu. \u0130\u015fletmelerin hangi sekt\u00f6rde faaliyet g\u00f6sterdi\u011fini tan\u0131mlayan NACE Kodu&#8217;nun 1 Ocak 2025 tarihinden itibaren yeni versiyonuyla uygulamaya konuldu\u011funun alt\u0131 \u00e7izilen a\u00e7\u0131klamada, Bas\u0131n \u0130lan Kurumu g\u00f6rev alan\u0131nda bulunan s\u00fcreli yay\u0131nlar\u0131n, ba\u011fl\u0131 olduklar\u0131 vergi dairesi ve ticaret odas\u0131nda yapacaklar\u0131 yenileme i\u015flemlerinin ard\u0131ndan Kurumumuza bildirimde bulunmalar\u0131 zorunlu oldu\u011fu belirtildi. Kodun son iki rakam\u0131n\u0131n s\u0131f\u0131r olmas\u0131 bu kodlar\u0131n alt gruplar\u0131n\u0131n olmad\u0131\u011f\u0131n\u0131 g\u00f6stermektedir. Sosyal G\u00fcvenlik Kurumu\u2019na (SGK) bildirilmesi zorunlu olan i\u015f yerinin faaliyet kodu ile \u00e7al\u0131\u015fanlar\u0131n meslek ad\u0131 ve kodunun birbiriyle mutab\u0131k olmamas\u0131 durumunda, ihbar ve \u015fik\u00e2yet \u00fczerine SGK taraf\u0131ndan yap\u0131lacak inceleme sonucunda i\u015f yerine idari para cezas\u0131 uygulanmaktad\u0131r. KOD DE\u011e\u0130\u015e\u0130KL\u0130\u011e\u0130 VE B\u0130LD\u0130R\u0130M\u0130 B\u0130K&#8217;ten yap\u0131lan duyuruda, &#8220;Kod de\u011fi\u015fikli\u011fi yapmak i\u00e7in kay\u0131tl\u0131 olunan vergi dairesine \u201cNACE Kodu de\u011fi\u015fikli\u011fi\u201d konulu talep dilek\u00e7esi verilerek, talep edilen ve sorumlu alanlarda belirtilen kodun vergi dairesi kay\u0131tlar\u0131na ve vergi levhas\u0131na i\u015flenmesi gerekmektedir. Bu i\u015flemi m\u00fcteakiben vergi dairesinden al\u0131nan yeni NACE kodunu g\u00f6steren vergi levhas\u0131n\u0131n bir sureti ve m\u00fckellefiyet yaz\u0131s\u0131 ile ba\u011fl\u0131 olunan ticaret odas\u0131na de\u011fi\u015fiklik talep dilek\u00e7esi verilmelidir. Yap\u0131lan de\u011fi\u015fikliklerin Kurumumuz \u015eube M\u00fcd\u00fcrl\u00fcklerine bildirilmesi gerekmektedir.&#8221; ifadeleri yer ald\u0131. \u200bBas\u0131n &hellip;\" \/>\n<meta property=\"og:url\" content=\"http:\/\/denizcankizil.tr\/en\/haberler\/gundem\/basin-ilandan-nace-kodu-uyarisi\/\" \/>\n<meta property=\"og:site_name\" content=\"Av. Deniz Can K\u0131z\u0131l\" \/>\n<meta property=\"article:published_time\" content=\"2025-01-15T08:42:09+00:00\" \/>\n<meta name=\"author\" content=\"admin\" \/>\n<meta name=\"twitter:card\" content=\"summary_large_image\" \/>\n<meta name=\"twitter:label1\" content=\"Written by\" \/>\n\t<meta name=\"twitter:data1\" content=\"admin\" \/>\n\t<meta name=\"twitter:label2\" content=\"Estimated reading time\" \/>\n\t<meta name=\"twitter:data2\" content=\"3 minutes\" \/>\n<script type=\"application\/ld+json\" class=\"yoast-schema-graph\">{\"@context\":\"https:\/\/schema.org\",\"@graph\":[{\"@type\":\"Article\",\"@id\":\"http:\/\/denizcankizil.tr\/en\/haberler\/gundem\/basin-ilandan-nace-kodu-uyarisi\/#article\",\"isPartOf\":{\"@id\":\"http:\/\/denizcankizil.tr\/en\/haberler\/gundem\/basin-ilandan-nace-kodu-uyarisi\/\"},\"author\":{\"name\":\"admin\",\"@id\":\"https:\/\/denizcankizil.tr\/de\/#\/schema\/person\/be3c05fe6a12686905512445d8185489\"},\"headline\":\"Bas\u0131n \u0130lan&#8217;dan NACE kodu uyar\u0131s\u0131\",\"datePublished\":\"2025-01-15T08:42:09+00:00\",\"mainEntityOfPage\":{\"@id\":\"http:\/\/denizcankizil.tr\/en\/haberler\/gundem\/basin-ilandan-nace-kodu-uyarisi\/\"},\"wordCount\":588,\"commentCount\":0,\"publisher\":{\"@id\":\"https:\/\/denizcankizil.tr\/de\/#organization\"},\"articleSection\":[\"G\u00fcndem\"],\"inLanguage\":\"en-GB\",\"potentialAction\":[{\"@type\":\"CommentAction\",\"name\":\"Comment\",\"target\":[\"http:\/\/denizcankizil.tr\/en\/haberler\/gundem\/basin-ilandan-nace-kodu-uyarisi\/#respond\"]}]},{\"@type\":\"WebPage\",\"@id\":\"http:\/\/denizcankizil.tr\/en\/haberler\/gundem\/basin-ilandan-nace-kodu-uyarisi\/\",\"url\":\"http:\/\/denizcankizil.tr\/en\/haberler\/gundem\/basin-ilandan-nace-kodu-uyarisi\/\",\"name\":\"Bas\u0131n \u0130lan'dan NACE kodu uyar\u0131s\u0131 - Av. Deniz Can K\u0131z\u0131l\",\"isPartOf\":{\"@id\":\"https:\/\/denizcankizil.tr\/de\/#website\"},\"datePublished\":\"2025-01-15T08:42:09+00:00\",\"breadcrumb\":{\"@id\":\"http:\/\/denizcankizil.tr\/en\/haberler\/gundem\/basin-ilandan-nace-kodu-uyarisi\/#breadcrumb\"},\"inLanguage\":\"en-GB\",\"potentialAction\":[{\"@type\":\"ReadAction\",\"target\":[\"http:\/\/denizcankizil.tr\/en\/haberler\/gundem\/basin-ilandan-nace-kodu-uyarisi\/\"]}]},{\"@type\":\"BreadcrumbList\",\"@id\":\"http:\/\/denizcankizil.tr\/en\/haberler\/gundem\/basin-ilandan-nace-kodu-uyarisi\/#breadcrumb\",\"itemListElement\":[{\"@type\":\"ListItem\",\"position\":1,\"name\":\"Home\",\"item\":\"https:\/\/denizcankizil.tr\/de\/\"},{\"@type\":\"ListItem\",\"position\":2,\"name\":\"Bas\u0131n \u0130lan&#8217;dan NACE kodu uyar\u0131s\u0131\"}]},{\"@type\":\"WebSite\",\"@id\":\"https:\/\/denizcankizil.tr\/de\/#website\",\"url\":\"https:\/\/denizcankizil.tr\/de\/\",\"name\":\"Av. Deniz Can K\u0131z\u0131l\",\"description\":\"Avukat Deniz Can K\u0131z\u0131l Antalya Barosu\",\"publisher\":{\"@id\":\"https:\/\/denizcankizil.tr\/de\/#organization\"},\"potentialAction\":[{\"@type\":\"SearchAction\",\"target\":{\"@type\":\"EntryPoint\",\"urlTemplate\":\"https:\/\/denizcankizil.tr\/de\/?s={search_term_string}\"},\"query-input\":{\"@type\":\"PropertyValueSpecification\",\"valueRequired\":true,\"valueName\":\"search_term_string\"}}],\"inLanguage\":\"en-GB\"},{\"@type\":\"Organization\",\"@id\":\"https:\/\/denizcankizil.tr\/de\/#organization\",\"name\":\"Av. Deniz Can K\u0131z\u0131l\",\"url\":\"https:\/\/denizcankizil.tr\/de\/\",\"logo\":{\"@type\":\"ImageObject\",\"inLanguage\":\"en-GB\",\"@id\":\"https:\/\/denizcankizil.tr\/de\/#\/schema\/logo\/image\/\",\"url\":\"http:\/\/denizcankizil.tr\/wp-content\/uploads\/2024\/10\/siyah-logo-svg.svg\",\"contentUrl\":\"http:\/\/denizcankizil.tr\/wp-content\/uploads\/2024\/10\/siyah-logo-svg.svg\",\"width\":1080,\"height\":1080,\"caption\":\"Av. Deniz Can K\u0131z\u0131l\"},\"image\":{\"@id\":\"https:\/\/denizcankizil.tr\/de\/#\/schema\/logo\/image\/\"}},{\"@type\":\"Person\",\"@id\":\"https:\/\/denizcankizil.tr\/de\/#\/schema\/person\/be3c05fe6a12686905512445d8185489\",\"name\":\"admin\",\"image\":{\"@type\":\"ImageObject\",\"inLanguage\":\"en-GB\",\"@id\":\"https:\/\/denizcankizil.tr\/de\/#\/schema\/person\/image\/\",\"url\":\"https:\/\/secure.gravatar.com\/avatar\/c1fce94c830dc79107e174f890d7210541c4a63e8e5d816341794a2151c9d58c?s=96&d=mm&r=g\",\"contentUrl\":\"https:\/\/secure.gravatar.com\/avatar\/c1fce94c830dc79107e174f890d7210541c4a63e8e5d816341794a2151c9d58c?s=96&d=mm&r=g\",\"caption\":\"admin\"},\"sameAs\":[\"http:\/\/denizcankizil.tr\"],\"url\":\"https:\/\/www.iskenderun.org\/basin-ilandan-nace-kodu-uyarisi\"}]}<\/script>\n<!-- \/ Yoast SEO Premium plugin. -->","yoast_head_json":{"title":"Bas\u0131n \u0130lan'dan NACE kodu uyar\u0131s\u0131 - Av. Deniz Can K\u0131z\u0131l","robots":{"index":"index","follow":"follow","max-snippet":"max-snippet:-1","max-image-preview":"max-image-preview:large","max-video-preview":"max-video-preview:-1"},"canonical":"http:\/\/denizcankizil.tr\/en\/haberler\/gundem\/basin-ilandan-nace-kodu-uyarisi\/","og_locale":"en_GB","og_type":"article","og_title":"Bas\u0131n \u0130lan'dan NACE kodu uyar\u0131s\u0131","og_description":"Bas\u0131n \u0130lan Kurumu, s\u00fcreli yay\u0131nlarla ilgili eski versiyonu uygulamadan kald\u0131r\u0131lan NACE Kodlar\u0131n\u0131n yenisinin al\u0131narak kuruma bildirilmesi gerekti\u011fi bildirildi.ANKARA (\u0130GFA) &#8211; Bas\u0131n \u0130lan Kurumu (B\u0130K), sosyal medya hesaplar\u0131ndan ve internet sitesinden kurumsal uyar\u0131da bulundu. \u0130\u015fletmelerin hangi sekt\u00f6rde faaliyet g\u00f6sterdi\u011fini tan\u0131mlayan NACE Kodu&#8217;nun 1 Ocak 2025 tarihinden itibaren yeni versiyonuyla uygulamaya konuldu\u011funun alt\u0131 \u00e7izilen a\u00e7\u0131klamada, Bas\u0131n \u0130lan Kurumu g\u00f6rev alan\u0131nda bulunan s\u00fcreli yay\u0131nlar\u0131n, ba\u011fl\u0131 olduklar\u0131 vergi dairesi ve ticaret odas\u0131nda yapacaklar\u0131 yenileme i\u015flemlerinin ard\u0131ndan Kurumumuza bildirimde bulunmalar\u0131 zorunlu oldu\u011fu belirtildi. Kodun son iki rakam\u0131n\u0131n s\u0131f\u0131r olmas\u0131 bu kodlar\u0131n alt gruplar\u0131n\u0131n olmad\u0131\u011f\u0131n\u0131 g\u00f6stermektedir. Sosyal G\u00fcvenlik Kurumu\u2019na (SGK) bildirilmesi zorunlu olan i\u015f yerinin faaliyet kodu ile \u00e7al\u0131\u015fanlar\u0131n meslek ad\u0131 ve kodunun birbiriyle mutab\u0131k olmamas\u0131 durumunda, ihbar ve \u015fik\u00e2yet \u00fczerine SGK taraf\u0131ndan yap\u0131lacak inceleme sonucunda i\u015f yerine idari para cezas\u0131 uygulanmaktad\u0131r. KOD DE\u011e\u0130\u015e\u0130KL\u0130\u011e\u0130 VE B\u0130LD\u0130R\u0130M\u0130 B\u0130K&#8217;ten yap\u0131lan duyuruda, &#8220;Kod de\u011fi\u015fikli\u011fi yapmak i\u00e7in kay\u0131tl\u0131 olunan vergi dairesine \u201cNACE Kodu de\u011fi\u015fikli\u011fi\u201d konulu talep dilek\u00e7esi verilerek, talep edilen ve sorumlu alanlarda belirtilen kodun vergi dairesi kay\u0131tlar\u0131na ve vergi levhas\u0131na i\u015flenmesi gerekmektedir. Bu i\u015flemi m\u00fcteakiben vergi dairesinden al\u0131nan yeni NACE kodunu g\u00f6steren vergi levhas\u0131n\u0131n bir sureti ve m\u00fckellefiyet yaz\u0131s\u0131 ile ba\u011fl\u0131 olunan ticaret odas\u0131na de\u011fi\u015fiklik talep dilek\u00e7esi verilmelidir. Yap\u0131lan de\u011fi\u015fikliklerin Kurumumuz \u015eube M\u00fcd\u00fcrl\u00fcklerine bildirilmesi gerekmektedir.&#8221; ifadeleri yer ald\u0131. \u200bBas\u0131n &hellip;","og_url":"http:\/\/denizcankizil.tr\/en\/haberler\/gundem\/basin-ilandan-nace-kodu-uyarisi\/","og_site_name":"Av. Deniz Can K\u0131z\u0131l","article_published_time":"2025-01-15T08:42:09+00:00","author":"admin","twitter_card":"summary_large_image","twitter_misc":{"Written by":"admin","Estimated reading time":"3 minutes"},"schema":{"@context":"https:\/\/schema.org","@graph":[{"@type":"Article","@id":"http:\/\/denizcankizil.tr\/en\/haberler\/gundem\/basin-ilandan-nace-kodu-uyarisi\/#article","isPartOf":{"@id":"http:\/\/denizcankizil.tr\/en\/haberler\/gundem\/basin-ilandan-nace-kodu-uyarisi\/"},"author":{"name":"admin","@id":"https:\/\/denizcankizil.tr\/de\/#\/schema\/person\/be3c05fe6a12686905512445d8185489"},"headline":"Bas\u0131n \u0130lan&#8217;dan NACE kodu uyar\u0131s\u0131","datePublished":"2025-01-15T08:42:09+00:00","mainEntityOfPage":{"@id":"http:\/\/denizcankizil.tr\/en\/haberler\/gundem\/basin-ilandan-nace-kodu-uyarisi\/"},"wordCount":588,"commentCount":0,"publisher":{"@id":"https:\/\/denizcankizil.tr\/de\/#organization"},"articleSection":["G\u00fcndem"],"inLanguage":"en-GB","potentialAction":[{"@type":"CommentAction","name":"Comment","target":["http:\/\/denizcankizil.tr\/en\/haberler\/gundem\/basin-ilandan-nace-kodu-uyarisi\/#respond"]}]},{"@type":"WebPage","@id":"http:\/\/denizcankizil.tr\/en\/haberler\/gundem\/basin-ilandan-nace-kodu-uyarisi\/","url":"http:\/\/denizcankizil.tr\/en\/haberler\/gundem\/basin-ilandan-nace-kodu-uyarisi\/","name":"Bas\u0131n \u0130lan'dan NACE kodu uyar\u0131s\u0131 - Av. Deniz Can K\u0131z\u0131l","isPartOf":{"@id":"https:\/\/denizcankizil.tr\/de\/#website"},"datePublished":"2025-01-15T08:42:09+00:00","breadcrumb":{"@id":"http:\/\/denizcankizil.tr\/en\/haberler\/gundem\/basin-ilandan-nace-kodu-uyarisi\/#breadcrumb"},"inLanguage":"en-GB","potentialAction":[{"@type":"ReadAction","target":["http:\/\/denizcankizil.tr\/en\/haberler\/gundem\/basin-ilandan-nace-kodu-uyarisi\/"]}]},{"@type":"BreadcrumbList","@id":"http:\/\/denizcankizil.tr\/en\/haberler\/gundem\/basin-ilandan-nace-kodu-uyarisi\/#breadcrumb","itemListElement":[{"@type":"ListItem","position":1,"name":"Home","item":"https:\/\/denizcankizil.tr\/de\/"},{"@type":"ListItem","position":2,"name":"Bas\u0131n \u0130lan&#8217;dan NACE kodu uyar\u0131s\u0131"}]},{"@type":"WebSite","@id":"https:\/\/denizcankizil.tr\/de\/#website","url":"https:\/\/denizcankizil.tr\/de\/","name":"Av. Deniz Can K\u0131z\u0131l","description":"Avukat Deniz Can K\u0131z\u0131l Antalya Barosu","publisher":{"@id":"https:\/\/denizcankizil.tr\/de\/#organization"},"potentialAction":[{"@type":"SearchAction","target":{"@type":"EntryPoint","urlTemplate":"https:\/\/denizcankizil.tr\/de\/?s={search_term_string}"},"query-input":{"@type":"PropertyValueSpecification","valueRequired":true,"valueName":"search_term_string"}}],"inLanguage":"en-GB"},{"@type":"Organization","@id":"https:\/\/denizcankizil.tr\/de\/#organization","name":"Av. Deniz Can K\u0131z\u0131l","url":"https:\/\/denizcankizil.tr\/de\/","logo":{"@type":"ImageObject","inLanguage":"en-GB","@id":"https:\/\/denizcankizil.tr\/de\/#\/schema\/logo\/image\/","url":"http:\/\/denizcankizil.tr\/wp-content\/uploads\/2024\/10\/siyah-logo-svg.svg","contentUrl":"http:\/\/denizcankizil.tr\/wp-content\/uploads\/2024\/10\/siyah-logo-svg.svg","width":1080,"height":1080,"caption":"Av. Deniz Can K\u0131z\u0131l"},"image":{"@id":"https:\/\/denizcankizil.tr\/de\/#\/schema\/logo\/image\/"}},{"@type":"Person","@id":"https:\/\/denizcankizil.tr\/de\/#\/schema\/person\/be3c05fe6a12686905512445d8185489","name":"admin","image":{"@type":"ImageObject","inLanguage":"en-GB","@id":"https:\/\/denizcankizil.tr\/de\/#\/schema\/person\/image\/","url":"https:\/\/secure.gravatar.com\/avatar\/c1fce94c830dc79107e174f890d7210541c4a63e8e5d816341794a2151c9d58c?s=96&d=mm&r=g","contentUrl":"https:\/\/secure.gravatar.com\/avatar\/c1fce94c830dc79107e174f890d7210541c4a63e8e5d816341794a2151c9d58c?s=96&d=mm&r=g","caption":"admin"},"sameAs":["http:\/\/denizcankizil.tr"],"url":"https:\/\/www.iskenderun.org\/basin-ilandan-nace-kodu-uyarisi"}]}},"_links":{"self":[{"href":"http:\/\/denizcankizil.tr\/en\/wp-json\/wp\/v2\/posts\/25431","targetHints":{"allow":["GET"]}}],"collection":[{"href":"http:\/\/denizcankizil.tr\/en\/wp-json\/wp\/v2\/posts"}],"about":[{"href":"http:\/\/denizcankizil.tr\/en\/wp-json\/wp\/v2\/types\/post"}],"author":[{"embeddable":true,"href":"http:\/\/denizcankizil.tr\/en\/wp-json\/wp\/v2\/users\/1"}],"replies":[{"embeddable":true,"href":"http:\/\/denizcankizil.tr\/en\/wp-json\/wp\/v2\/comments?post=25431"}],"version-history":[{"count":0,"href":"http:\/\/denizcankizil.tr\/en\/wp-json\/wp\/v2\/posts\/25431\/revisions"}],"wp:attachment":[{"href":"http:\/\/denizcankizil.tr\/en\/wp-json\/wp\/v2\/media?parent=25431"}],"wp:term":[{"taxonomy":"category","embeddable":true,"href":"http:\/\/denizcankizil.tr\/en\/wp-json\/wp\/v2\/categories?post=25431"},{"taxonomy":"post_tag","embeddable":true,"href":"http:\/\/denizcankizil.tr\/en\/wp-json\/wp\/v2\/tags?post=25431"}],"curies":[{"name":"wp","href":"https:\/\/api.w.org\/{rel}","templated":true}]}}