{"id":25082,"date":"2025-01-13T10:41:31","date_gmt":"2025-01-13T07:41:31","guid":{"rendered":"https:\/\/denizcankizil.tr\/uncategorized-tr\/cocuk-filmleri-senligi-basliyor\/"},"modified":"2025-01-13T10:41:31","modified_gmt":"2025-01-13T07:41:31","slug":"cocuk-filmleri-senligi-basliyor","status":"publish","type":"post","link":"http:\/\/denizcankizil.tr\/en\/haberler\/gundem\/cocuk-filmleri-senligi-basliyor\/","title":{"rendered":"\u00c7ocuk Filmleri \u015eenli\u011fi ba\u015fl\u0131yor"},"content":{"rendered":"<p>\u0130zmir B\u00fcy\u00fck\u015fehir Belediyesi taraf\u0131ndan bu y\u0131l 5. kez d\u00fczenlenecek \u00c7ocuk Filmleri \u015eenli\u011fi i\u00e7in geri say\u0131m ba\u015flad\u0131. 19 Ocak-1 \u015eubat tarihlerinde 15 il\u00e7ede g\u00f6sterilecek Tembeller Ailesi adl\u0131 animasyon film, \u00e7ocuklara keyifli zamanlar ya\u015fatacak.\u0130ZM\u0130R (\u0130GFA) &#8211; 5. \u00c7ocuk Filmleri \u015eenli\u011fi, 19 Ocak-1 \u015eubat tarihlerinde \u00e7ocuklar i\u00e7in unutulmaz anlara sahne olacak. \u0130zmir B\u00fcy\u00fck\u015fehir Belediyesi taraf\u0131ndan d\u00fczenlenecek \u015fenlikte, Tembeller Ailesi adl\u0131 animasyon film 15 il\u00e7ede \u00fccretsiz g\u00f6sterilecek. Tania Vincent ve Ricard Cuss\u00f3 y\u00f6netmenli\u011findeki 2024 yap\u0131m\u0131 film, T\u00fcrk\u00e7e dublajl\u0131 olarak ekrana yans\u0131yacak.<br \/>\n15 il\u00e7ede seyir zevki<br \/>\nTembeller Ailesi filmi 19 Ocak Pazar g\u00fcn\u00fc Fo\u00e7a Belediyesi Reha Midilli K\u00fclt\u00fcr Merkezi\u2019nde 14.00\u2019te, 20 Ocak Pazartesi g\u00fcn\u00fc Alia\u011fa K\u00fclt\u00fcr Merkezi\u2019nde 14.00\u2019te, 21 Ocak Sal\u0131 g\u00fcn\u00fc \u00d6demi\u015f Belediyesi K\u00fclt\u00fcr Merkezi B\u00fcy\u00fck Salon\u2019da 14.00\u2019te, 22 Ocak \u00c7ar\u015famba g\u00fcn\u00fc Bayrakl\u0131 Osman Gazi Konferans Salonu\u2019nda 16.00\u2019da, 23 Ocak Per\u015fembe g\u00fcn\u00fc Gaziemir Belediyesi Atat\u00fcrk K\u00fclt\u00fcr Merkezi\u2019nde 14.00\u2019te ve Menderes Belediyesi Nikah Saray\u0131 ve Kongre Sanat Merkezi\u2019nde 16.00\u2019da, 24 Ocak Cuma g\u00fcn\u00fc Kemalpa\u015fa Belediyesi Dere K\u00fclt\u00fcr Merkezi\u2019nde 14.00\u2019te ve Torbal\u0131 Belediyesi K\u00fclt\u00fcr Merkezi Konferans Salonu\u2019nda 16.00\u2019da, 26 Ocak Pazar g\u00fcn\u00fc Urla Atat\u00fcrk K\u00fclt\u00fcr Merkezi\u2019nde 14.00\u2019te, 27 Ocak Pazartesi g\u00fcn\u00fc Tire Belediyesi K\u00fclt\u00fcr Salonu\u2019nda 14.00\u2019te, 28 Ocak Sal\u0131 g\u00fcn\u00fc Kiraz Belediyesi D\u00fc\u011f\u00fcn Salonu\u2019nda 14.00\u2019te, 29 Ocak \u00c7ar\u015famba g\u00fcn\u00fc Karaba\u011flar Bozyaka K\u00fclt\u00fcr Merkezi\u2019nde 14.00\u2019te, 30 Ocak Per\u015fembe g\u00fcn\u00fc Beyda\u011f Belediyesi K\u00fclt\u00fcr Merkezi\u2019nde 14.00\u2019te, 31 Ocak Cuma g\u00fcn\u00fc Dikili Belediyesi Mustafa Kemal Atat\u00fcrk K\u00fclt\u00fcr Merkezi\u2019nde 14.00\u2019te, 1 \u015eubat Cumartesi g\u00fcn\u00fc ise K\u0131n\u0131k \u00d6\u011fretmenevi Konferans Salonu\u2019nda yine 14.00\u2019te g\u00f6sterilecek.<br \/>\nTembeller Ailesi<br \/>\nTembeller Ailesi filminin konusu ise \u015f\u00f6yle:\u00a0\u015eiddetli bir f\u0131rt\u0131na, enerjik tembel hayvan Laura ve s\u0131ra d\u0131\u015f\u0131 ailesinin evini kas\u0131p kavurur. Bunun \u00fczerine aile, b\u00fcy\u00fck \u015fehre s\u0131\u011f\u0131n\u0131r. Eski yemek kamyonlar\u0131nda yapt\u0131klar\u0131 leziz aile yemekleriyle ba\u015far\u0131 yakalamay\u0131 umarlar. Fakat harika yemekleri, zor durumdaki fast food restoran\u0131n\u0131 yeniden canland\u0131rmak isteyen kurnaz \u00e7ita Dotti Pace&#8217;in dikkatini \u00e7eker.<\/p>\n<p>\u200b\u0130zmir B\u00fcy\u00fck\u015fehir Belediyesi taraf\u0131ndan bu y\u0131l 5. kez d\u00fczenlenecek \u00c7ocuk Filmleri \u015eenli\u011fi i\u00e7in geri say\u0131m ba\u015flad\u0131. 19 Ocak-1 \u015eubat tarihlerinde 15 il\u00e7ede g\u00f6sterilecek Tembeller Ailesi adl\u0131 animasyon film, \u00e7ocuklara keyifli zamanlar ya\u015fatacak.\u0130ZM\u0130R (\u0130GFA) &#8211; 5. \u00c7ocuk Filmleri \u015eenli\u011fi, 19 Ocak-1 \u015eubat tarihlerinde \u00e7ocuklar i\u00e7in unutulmaz anlara sahne olacak. \u0130zmir B\u00fcy\u00fck\u015fehir Belediyesi taraf\u0131ndan d\u00fczenlenecek \u015fenlikte, Tembeller Ailesi adl\u0131 animasyon film 15 il\u00e7ede \u00fccretsiz g\u00f6sterilecek. Tania Vincent ve Ricard Cuss\u00f3 y\u00f6netmenli\u011findeki 2024 yap\u0131m\u0131 film, T\u00fcrk\u00e7e dublajl\u0131 olarak ekrana yans\u0131yacak.<br \/>\n15 il\u00e7ede seyir zevki<br \/>\nTembeller Ailesi filmi 19 Ocak Pazar g\u00fcn\u00fc Fo\u00e7a Belediyesi Reha Midilli K\u00fclt\u00fcr Merkezi\u2019nde 14.00\u2019te, 20 Ocak Pazartesi g\u00fcn\u00fc Alia\u011fa K\u00fclt\u00fcr Merkezi\u2019nde 14.00\u2019te, 21 Ocak Sal\u0131 g\u00fcn\u00fc \u00d6demi\u015f Belediyesi K\u00fclt\u00fcr Merkezi B\u00fcy\u00fck Salon\u2019da 14.00\u2019te, 22 Ocak \u00c7ar\u015famba g\u00fcn\u00fc Bayrakl\u0131 Osman Gazi Konferans Salonu\u2019nda 16.00\u2019da, 23 Ocak Per\u015fembe g\u00fcn\u00fc Gaziemir Belediyesi Atat\u00fcrk K\u00fclt\u00fcr Merkezi\u2019nde 14.00\u2019te ve Menderes Belediyesi Nikah Saray\u0131 ve Kongre Sanat Merkezi\u2019nde 16.00\u2019da, 24 Ocak Cuma g\u00fcn\u00fc Kemalpa\u015fa Belediyesi Dere K\u00fclt\u00fcr Merkezi\u2019nde 14.00\u2019te ve Torbal\u0131 Belediyesi K\u00fclt\u00fcr Merkezi Konferans Salonu\u2019nda 16.00\u2019da, 26 Ocak Pazar g\u00fcn\u00fc Urla Atat\u00fcrk K\u00fclt\u00fcr Merkezi\u2019nde 14.00\u2019te, 27 Ocak Pazartesi g\u00fcn\u00fc Tire Belediyesi K\u00fclt\u00fcr Salonu\u2019nda 14.00\u2019te, 28 Ocak Sal\u0131 g\u00fcn\u00fc Kiraz Belediyesi D\u00fc\u011f\u00fcn Salonu\u2019nda 14.00\u2019te, 29 Ocak \u00c7ar\u015famba g\u00fcn\u00fc Karaba\u011flar Bozyaka K\u00fclt\u00fcr Merkezi\u2019nde 14.00\u2019te, 30 Ocak Per\u015fembe g\u00fcn\u00fc Beyda\u011f Belediyesi K\u00fclt\u00fcr Merkezi\u2019nde 14.00\u2019te, 31 Ocak Cuma g\u00fcn\u00fc Dikili Belediyesi Mustafa Kemal Atat\u00fcrk K\u00fclt\u00fcr Merkezi\u2019nde 14.00\u2019te, 1 \u015eubat Cumartesi g\u00fcn\u00fc ise K\u0131n\u0131k \u00d6\u011fretmenevi Konferans Salonu\u2019nda yine 14.00\u2019te g\u00f6sterilecek.<br \/>\nTembeller Ailesi<br \/>\nTembeller Ailesi filminin konusu ise \u015f\u00f6yle:\u00a0\u015eiddetli bir f\u0131rt\u0131na, enerjik tembel hayvan Laura ve s\u0131ra d\u0131\u015f\u0131 ailesinin evini kas\u0131p kavurur. Bunun \u00fczerine aile, b\u00fcy\u00fck \u015fehre s\u0131\u011f\u0131n\u0131r. Eski yemek kamyonlar\u0131nda yapt\u0131klar\u0131 leziz aile yemekleriyle ba\u015far\u0131 yakalamay\u0131 umarlar. Fakat harika yemekleri, zor durumdaki fast food restoran\u0131n\u0131 yeniden canland\u0131rmak isteyen kurnaz \u00e7ita Dotti Pace&#8217;in dikkatini \u00e7eker.\u00a0<\/p>\n<p>\u200bHaberin Al\u0131nt\u0131land\u0131\u011f\u0131 Kaynak: www.iskenderun.org<\/p>","protected":false},"excerpt":{"rendered":"<p>\u0130zmir B\u00fcy\u00fck\u015fehir Belediyesi taraf\u0131ndan bu y\u0131l 5. kez d\u00fczenlenecek \u00c7ocuk Filmleri \u015eenli\u011fi i\u00e7in geri say\u0131m ba\u015flad\u0131. 19 Ocak-1 \u015eubat tarihlerinde 15 il\u00e7ede g\u00f6sterilecek Tembeller Ailesi adl\u0131 animasyon film, \u00e7ocuklara keyifli zamanlar ya\u015fatacak.\u0130ZM\u0130R (\u0130GFA) &#8211; 5. \u00c7ocuk Filmleri \u015eenli\u011fi, 19 Ocak-1 \u015eubat tarihlerinde \u00e7ocuklar i\u00e7in unutulmaz anlara sahne olacak. \u0130zmir B\u00fcy\u00fck\u015fehir Belediyesi taraf\u0131ndan d\u00fczenlenecek \u015fenlikte, Tembeller Ailesi adl\u0131 animasyon film 15 il\u00e7ede \u00fccretsiz g\u00f6sterilecek. Tania Vincent ve Ricard Cuss\u00f3 y\u00f6netmenli\u011findeki 2024 yap\u0131m\u0131 film, T\u00fcrk\u00e7e dublajl\u0131 olarak ekrana yans\u0131yacak. 15 il\u00e7ede seyir zevki Tembeller Ailesi filmi 19 Ocak Pazar g\u00fcn\u00fc Fo\u00e7a Belediyesi Reha Midilli K\u00fclt\u00fcr Merkezi\u2019nde 14.00\u2019te, 20 Ocak Pazartesi g\u00fcn\u00fc Alia\u011fa K\u00fclt\u00fcr Merkezi\u2019nde 14.00\u2019te, 21 Ocak Sal\u0131 g\u00fcn\u00fc \u00d6demi\u015f Belediyesi K\u00fclt\u00fcr Merkezi B\u00fcy\u00fck Salon\u2019da 14.00\u2019te, 22 Ocak \u00c7ar\u015famba g\u00fcn\u00fc Bayrakl\u0131 Osman Gazi Konferans Salonu\u2019nda 16.00\u2019da, 23 Ocak Per\u015fembe g\u00fcn\u00fc Gaziemir Belediyesi Atat\u00fcrk K\u00fclt\u00fcr Merkezi\u2019nde 14.00\u2019te ve Menderes Belediyesi Nikah Saray\u0131 ve Kongre Sanat Merkezi\u2019nde 16.00\u2019da, 24 Ocak Cuma g\u00fcn\u00fc Kemalpa\u015fa Belediyesi Dere K\u00fclt\u00fcr Merkezi\u2019nde 14.00\u2019te ve Torbal\u0131 Belediyesi K\u00fclt\u00fcr Merkezi Konferans Salonu\u2019nda 16.00\u2019da, 26 Ocak Pazar g\u00fcn\u00fc Urla Atat\u00fcrk K\u00fclt\u00fcr Merkezi\u2019nde 14.00\u2019te, 27 Ocak Pazartesi g\u00fcn\u00fc Tire Belediyesi K\u00fclt\u00fcr Salonu\u2019nda 14.00\u2019te, 28 Ocak Sal\u0131 g\u00fcn\u00fc Kiraz Belediyesi D\u00fc\u011f\u00fcn Salonu\u2019nda 14.00\u2019te, 29 Ocak \u00c7ar\u015famba g\u00fcn\u00fc Karaba\u011flar Bozyaka K\u00fclt\u00fcr Merkezi\u2019nde 14.00\u2019te, 30 Ocak &hellip;<\/p>","protected":false},"author":1,"featured_media":0,"comment_status":"open","ping_status":"open","sticky":false,"template":"","format":"standard","meta":{"_acf_changed":false,"footnotes":""},"categories":[24],"tags":[],"class_list":["post-25082","post","type-post","status-publish","format-standard","has-post-thumbnail","hentry","category-gundem"],"acf":[],"yoast_head":"<!-- This site is optimized with the Yoast SEO Premium plugin v26.6 (Yoast SEO v27.1.1) - https:\/\/yoast.com\/product\/yoast-seo-premium-wordpress\/ -->\n<title>\u00c7ocuk Filmleri \u015eenli\u011fi ba\u015fl\u0131yor - Av. Deniz Can K\u0131z\u0131l<\/title>\n<meta name=\"robots\" content=\"index, follow, max-snippet:-1, max-image-preview:large, max-video-preview:-1\" \/>\n<link rel=\"canonical\" href=\"http:\/\/denizcankizil.tr\/en\/haberler\/gundem\/cocuk-filmleri-senligi-basliyor\/\" \/>\n<meta property=\"og:locale\" content=\"en_GB\" \/>\n<meta property=\"og:type\" content=\"article\" \/>\n<meta property=\"og:title\" content=\"\u00c7ocuk Filmleri \u015eenli\u011fi ba\u015fl\u0131yor\" \/>\n<meta property=\"og:description\" content=\"\u0130zmir B\u00fcy\u00fck\u015fehir Belediyesi taraf\u0131ndan bu y\u0131l 5. kez d\u00fczenlenecek \u00c7ocuk Filmleri \u015eenli\u011fi i\u00e7in geri say\u0131m ba\u015flad\u0131. 19 Ocak-1 \u015eubat tarihlerinde 15 il\u00e7ede g\u00f6sterilecek Tembeller Ailesi adl\u0131 animasyon film, \u00e7ocuklara keyifli zamanlar ya\u015fatacak.\u0130ZM\u0130R (\u0130GFA) &#8211; 5. \u00c7ocuk Filmleri \u015eenli\u011fi, 19 Ocak-1 \u015eubat tarihlerinde \u00e7ocuklar i\u00e7in unutulmaz anlara sahne olacak. \u0130zmir B\u00fcy\u00fck\u015fehir Belediyesi taraf\u0131ndan d\u00fczenlenecek \u015fenlikte, Tembeller Ailesi adl\u0131 animasyon film 15 il\u00e7ede \u00fccretsiz g\u00f6sterilecek. Tania Vincent ve Ricard Cuss\u00f3 y\u00f6netmenli\u011findeki 2024 yap\u0131m\u0131 film, T\u00fcrk\u00e7e dublajl\u0131 olarak ekrana yans\u0131yacak. 15 il\u00e7ede seyir zevki Tembeller Ailesi filmi 19 Ocak Pazar g\u00fcn\u00fc Fo\u00e7a Belediyesi Reha Midilli K\u00fclt\u00fcr Merkezi\u2019nde 14.00\u2019te, 20 Ocak Pazartesi g\u00fcn\u00fc Alia\u011fa K\u00fclt\u00fcr Merkezi\u2019nde 14.00\u2019te, 21 Ocak Sal\u0131 g\u00fcn\u00fc \u00d6demi\u015f Belediyesi K\u00fclt\u00fcr Merkezi B\u00fcy\u00fck Salon\u2019da 14.00\u2019te, 22 Ocak \u00c7ar\u015famba g\u00fcn\u00fc Bayrakl\u0131 Osman Gazi Konferans Salonu\u2019nda 16.00\u2019da, 23 Ocak Per\u015fembe g\u00fcn\u00fc Gaziemir Belediyesi Atat\u00fcrk K\u00fclt\u00fcr Merkezi\u2019nde 14.00\u2019te ve Menderes Belediyesi Nikah Saray\u0131 ve Kongre Sanat Merkezi\u2019nde 16.00\u2019da, 24 Ocak Cuma g\u00fcn\u00fc Kemalpa\u015fa Belediyesi Dere K\u00fclt\u00fcr Merkezi\u2019nde 14.00\u2019te ve Torbal\u0131 Belediyesi K\u00fclt\u00fcr Merkezi Konferans Salonu\u2019nda 16.00\u2019da, 26 Ocak Pazar g\u00fcn\u00fc Urla Atat\u00fcrk K\u00fclt\u00fcr Merkezi\u2019nde 14.00\u2019te, 27 Ocak Pazartesi g\u00fcn\u00fc Tire Belediyesi K\u00fclt\u00fcr Salonu\u2019nda 14.00\u2019te, 28 Ocak Sal\u0131 g\u00fcn\u00fc Kiraz Belediyesi D\u00fc\u011f\u00fcn Salonu\u2019nda 14.00\u2019te, 29 Ocak \u00c7ar\u015famba g\u00fcn\u00fc Karaba\u011flar Bozyaka K\u00fclt\u00fcr Merkezi\u2019nde 14.00\u2019te, 30 Ocak &hellip;\" \/>\n<meta property=\"og:url\" content=\"http:\/\/denizcankizil.tr\/en\/haberler\/gundem\/cocuk-filmleri-senligi-basliyor\/\" \/>\n<meta property=\"og:site_name\" content=\"Av. Deniz Can K\u0131z\u0131l\" \/>\n<meta property=\"article:published_time\" content=\"2025-01-13T07:41:31+00:00\" \/>\n<meta name=\"author\" content=\"admin\" \/>\n<meta name=\"twitter:card\" content=\"summary_large_image\" \/>\n<meta name=\"twitter:label1\" content=\"Written by\" \/>\n\t<meta name=\"twitter:data1\" content=\"admin\" \/>\n\t<meta name=\"twitter:label2\" content=\"Estimated reading time\" \/>\n\t<meta name=\"twitter:data2\" content=\"4 minutes\" \/>\n<script type=\"application\/ld+json\" class=\"yoast-schema-graph\">{\"@context\":\"https:\/\/schema.org\",\"@graph\":[{\"@type\":\"Article\",\"@id\":\"http:\/\/denizcankizil.tr\/en\/haberler\/gundem\/cocuk-filmleri-senligi-basliyor\/#article\",\"isPartOf\":{\"@id\":\"http:\/\/denizcankizil.tr\/en\/haberler\/gundem\/cocuk-filmleri-senligi-basliyor\/\"},\"author\":{\"name\":\"admin\",\"@id\":\"https:\/\/denizcankizil.tr\/de\/#\/schema\/person\/be3c05fe6a12686905512445d8185489\"},\"headline\":\"\u00c7ocuk Filmleri \u015eenli\u011fi ba\u015fl\u0131yor\",\"datePublished\":\"2025-01-13T07:41:31+00:00\",\"mainEntityOfPage\":{\"@id\":\"http:\/\/denizcankizil.tr\/en\/haberler\/gundem\/cocuk-filmleri-senligi-basliyor\/\"},\"wordCount\":769,\"commentCount\":0,\"publisher\":{\"@id\":\"https:\/\/denizcankizil.tr\/de\/#organization\"},\"articleSection\":[\"G\u00fcndem\"],\"inLanguage\":\"en-GB\",\"potentialAction\":[{\"@type\":\"CommentAction\",\"name\":\"Comment\",\"target\":[\"http:\/\/denizcankizil.tr\/en\/haberler\/gundem\/cocuk-filmleri-senligi-basliyor\/#respond\"]}]},{\"@type\":\"WebPage\",\"@id\":\"http:\/\/denizcankizil.tr\/en\/haberler\/gundem\/cocuk-filmleri-senligi-basliyor\/\",\"url\":\"http:\/\/denizcankizil.tr\/en\/haberler\/gundem\/cocuk-filmleri-senligi-basliyor\/\",\"name\":\"\u00c7ocuk Filmleri \u015eenli\u011fi ba\u015fl\u0131yor - Av. Deniz Can K\u0131z\u0131l\",\"isPartOf\":{\"@id\":\"https:\/\/denizcankizil.tr\/de\/#website\"},\"datePublished\":\"2025-01-13T07:41:31+00:00\",\"breadcrumb\":{\"@id\":\"http:\/\/denizcankizil.tr\/en\/haberler\/gundem\/cocuk-filmleri-senligi-basliyor\/#breadcrumb\"},\"inLanguage\":\"en-GB\",\"potentialAction\":[{\"@type\":\"ReadAction\",\"target\":[\"http:\/\/denizcankizil.tr\/en\/haberler\/gundem\/cocuk-filmleri-senligi-basliyor\/\"]}]},{\"@type\":\"BreadcrumbList\",\"@id\":\"http:\/\/denizcankizil.tr\/en\/haberler\/gundem\/cocuk-filmleri-senligi-basliyor\/#breadcrumb\",\"itemListElement\":[{\"@type\":\"ListItem\",\"position\":1,\"name\":\"Home\",\"item\":\"https:\/\/denizcankizil.tr\/de\/\"},{\"@type\":\"ListItem\",\"position\":2,\"name\":\"\u00c7ocuk Filmleri \u015eenli\u011fi ba\u015fl\u0131yor\"}]},{\"@type\":\"WebSite\",\"@id\":\"https:\/\/denizcankizil.tr\/de\/#website\",\"url\":\"https:\/\/denizcankizil.tr\/de\/\",\"name\":\"Av. Deniz Can K\u0131z\u0131l\",\"description\":\"Avukat Deniz Can K\u0131z\u0131l Antalya Barosu\",\"publisher\":{\"@id\":\"https:\/\/denizcankizil.tr\/de\/#organization\"},\"potentialAction\":[{\"@type\":\"SearchAction\",\"target\":{\"@type\":\"EntryPoint\",\"urlTemplate\":\"https:\/\/denizcankizil.tr\/de\/?s={search_term_string}\"},\"query-input\":{\"@type\":\"PropertyValueSpecification\",\"valueRequired\":true,\"valueName\":\"search_term_string\"}}],\"inLanguage\":\"en-GB\"},{\"@type\":\"Organization\",\"@id\":\"https:\/\/denizcankizil.tr\/de\/#organization\",\"name\":\"Av. Deniz Can K\u0131z\u0131l\",\"url\":\"https:\/\/denizcankizil.tr\/de\/\",\"logo\":{\"@type\":\"ImageObject\",\"inLanguage\":\"en-GB\",\"@id\":\"https:\/\/denizcankizil.tr\/de\/#\/schema\/logo\/image\/\",\"url\":\"http:\/\/denizcankizil.tr\/wp-content\/uploads\/2024\/10\/siyah-logo-svg.svg\",\"contentUrl\":\"http:\/\/denizcankizil.tr\/wp-content\/uploads\/2024\/10\/siyah-logo-svg.svg\",\"width\":1080,\"height\":1080,\"caption\":\"Av. Deniz Can K\u0131z\u0131l\"},\"image\":{\"@id\":\"https:\/\/denizcankizil.tr\/de\/#\/schema\/logo\/image\/\"}},{\"@type\":\"Person\",\"@id\":\"https:\/\/denizcankizil.tr\/de\/#\/schema\/person\/be3c05fe6a12686905512445d8185489\",\"name\":\"admin\",\"image\":{\"@type\":\"ImageObject\",\"inLanguage\":\"en-GB\",\"@id\":\"https:\/\/denizcankizil.tr\/de\/#\/schema\/person\/image\/\",\"url\":\"https:\/\/secure.gravatar.com\/avatar\/c1fce94c830dc79107e174f890d7210541c4a63e8e5d816341794a2151c9d58c?s=96&d=mm&r=g\",\"contentUrl\":\"https:\/\/secure.gravatar.com\/avatar\/c1fce94c830dc79107e174f890d7210541c4a63e8e5d816341794a2151c9d58c?s=96&d=mm&r=g\",\"caption\":\"admin\"},\"sameAs\":[\"http:\/\/denizcankizil.tr\"],\"url\":\"https:\/\/www.iskenderun.org\/cocuk-filmleri-senligi-basliyor\"}]}<\/script>\n<!-- \/ Yoast SEO Premium plugin. -->","yoast_head_json":{"title":"\u00c7ocuk Filmleri \u015eenli\u011fi ba\u015fl\u0131yor - Av. Deniz Can K\u0131z\u0131l","robots":{"index":"index","follow":"follow","max-snippet":"max-snippet:-1","max-image-preview":"max-image-preview:large","max-video-preview":"max-video-preview:-1"},"canonical":"http:\/\/denizcankizil.tr\/en\/haberler\/gundem\/cocuk-filmleri-senligi-basliyor\/","og_locale":"en_GB","og_type":"article","og_title":"\u00c7ocuk Filmleri \u015eenli\u011fi ba\u015fl\u0131yor","og_description":"\u0130zmir B\u00fcy\u00fck\u015fehir Belediyesi taraf\u0131ndan bu y\u0131l 5. kez d\u00fczenlenecek \u00c7ocuk Filmleri \u015eenli\u011fi i\u00e7in geri say\u0131m ba\u015flad\u0131. 19 Ocak-1 \u015eubat tarihlerinde 15 il\u00e7ede g\u00f6sterilecek Tembeller Ailesi adl\u0131 animasyon film, \u00e7ocuklara keyifli zamanlar ya\u015fatacak.\u0130ZM\u0130R (\u0130GFA) &#8211; 5. \u00c7ocuk Filmleri \u015eenli\u011fi, 19 Ocak-1 \u015eubat tarihlerinde \u00e7ocuklar i\u00e7in unutulmaz anlara sahne olacak. \u0130zmir B\u00fcy\u00fck\u015fehir Belediyesi taraf\u0131ndan d\u00fczenlenecek \u015fenlikte, Tembeller Ailesi adl\u0131 animasyon film 15 il\u00e7ede \u00fccretsiz g\u00f6sterilecek. Tania Vincent ve Ricard Cuss\u00f3 y\u00f6netmenli\u011findeki 2024 yap\u0131m\u0131 film, T\u00fcrk\u00e7e dublajl\u0131 olarak ekrana yans\u0131yacak. 15 il\u00e7ede seyir zevki Tembeller Ailesi filmi 19 Ocak Pazar g\u00fcn\u00fc Fo\u00e7a Belediyesi Reha Midilli K\u00fclt\u00fcr Merkezi\u2019nde 14.00\u2019te, 20 Ocak Pazartesi g\u00fcn\u00fc Alia\u011fa K\u00fclt\u00fcr Merkezi\u2019nde 14.00\u2019te, 21 Ocak Sal\u0131 g\u00fcn\u00fc \u00d6demi\u015f Belediyesi K\u00fclt\u00fcr Merkezi B\u00fcy\u00fck Salon\u2019da 14.00\u2019te, 22 Ocak \u00c7ar\u015famba g\u00fcn\u00fc Bayrakl\u0131 Osman Gazi Konferans Salonu\u2019nda 16.00\u2019da, 23 Ocak Per\u015fembe g\u00fcn\u00fc Gaziemir Belediyesi Atat\u00fcrk K\u00fclt\u00fcr Merkezi\u2019nde 14.00\u2019te ve Menderes Belediyesi Nikah Saray\u0131 ve Kongre Sanat Merkezi\u2019nde 16.00\u2019da, 24 Ocak Cuma g\u00fcn\u00fc Kemalpa\u015fa Belediyesi Dere K\u00fclt\u00fcr Merkezi\u2019nde 14.00\u2019te ve Torbal\u0131 Belediyesi K\u00fclt\u00fcr Merkezi Konferans Salonu\u2019nda 16.00\u2019da, 26 Ocak Pazar g\u00fcn\u00fc Urla Atat\u00fcrk K\u00fclt\u00fcr Merkezi\u2019nde 14.00\u2019te, 27 Ocak Pazartesi g\u00fcn\u00fc Tire Belediyesi K\u00fclt\u00fcr Salonu\u2019nda 14.00\u2019te, 28 Ocak Sal\u0131 g\u00fcn\u00fc Kiraz Belediyesi D\u00fc\u011f\u00fcn Salonu\u2019nda 14.00\u2019te, 29 Ocak \u00c7ar\u015famba g\u00fcn\u00fc Karaba\u011flar Bozyaka K\u00fclt\u00fcr Merkezi\u2019nde 14.00\u2019te, 30 Ocak &hellip;","og_url":"http:\/\/denizcankizil.tr\/en\/haberler\/gundem\/cocuk-filmleri-senligi-basliyor\/","og_site_name":"Av. Deniz Can K\u0131z\u0131l","article_published_time":"2025-01-13T07:41:31+00:00","author":"admin","twitter_card":"summary_large_image","twitter_misc":{"Written by":"admin","Estimated reading time":"4 minutes"},"schema":{"@context":"https:\/\/schema.org","@graph":[{"@type":"Article","@id":"http:\/\/denizcankizil.tr\/en\/haberler\/gundem\/cocuk-filmleri-senligi-basliyor\/#article","isPartOf":{"@id":"http:\/\/denizcankizil.tr\/en\/haberler\/gundem\/cocuk-filmleri-senligi-basliyor\/"},"author":{"name":"admin","@id":"https:\/\/denizcankizil.tr\/de\/#\/schema\/person\/be3c05fe6a12686905512445d8185489"},"headline":"\u00c7ocuk Filmleri \u015eenli\u011fi ba\u015fl\u0131yor","datePublished":"2025-01-13T07:41:31+00:00","mainEntityOfPage":{"@id":"http:\/\/denizcankizil.tr\/en\/haberler\/gundem\/cocuk-filmleri-senligi-basliyor\/"},"wordCount":769,"commentCount":0,"publisher":{"@id":"https:\/\/denizcankizil.tr\/de\/#organization"},"articleSection":["G\u00fcndem"],"inLanguage":"en-GB","potentialAction":[{"@type":"CommentAction","name":"Comment","target":["http:\/\/denizcankizil.tr\/en\/haberler\/gundem\/cocuk-filmleri-senligi-basliyor\/#respond"]}]},{"@type":"WebPage","@id":"http:\/\/denizcankizil.tr\/en\/haberler\/gundem\/cocuk-filmleri-senligi-basliyor\/","url":"http:\/\/denizcankizil.tr\/en\/haberler\/gundem\/cocuk-filmleri-senligi-basliyor\/","name":"\u00c7ocuk Filmleri \u015eenli\u011fi ba\u015fl\u0131yor - Av. Deniz Can K\u0131z\u0131l","isPartOf":{"@id":"https:\/\/denizcankizil.tr\/de\/#website"},"datePublished":"2025-01-13T07:41:31+00:00","breadcrumb":{"@id":"http:\/\/denizcankizil.tr\/en\/haberler\/gundem\/cocuk-filmleri-senligi-basliyor\/#breadcrumb"},"inLanguage":"en-GB","potentialAction":[{"@type":"ReadAction","target":["http:\/\/denizcankizil.tr\/en\/haberler\/gundem\/cocuk-filmleri-senligi-basliyor\/"]}]},{"@type":"BreadcrumbList","@id":"http:\/\/denizcankizil.tr\/en\/haberler\/gundem\/cocuk-filmleri-senligi-basliyor\/#breadcrumb","itemListElement":[{"@type":"ListItem","position":1,"name":"Home","item":"https:\/\/denizcankizil.tr\/de\/"},{"@type":"ListItem","position":2,"name":"\u00c7ocuk Filmleri \u015eenli\u011fi ba\u015fl\u0131yor"}]},{"@type":"WebSite","@id":"https:\/\/denizcankizil.tr\/de\/#website","url":"https:\/\/denizcankizil.tr\/de\/","name":"Av. Deniz Can K\u0131z\u0131l","description":"Avukat Deniz Can K\u0131z\u0131l Antalya Barosu","publisher":{"@id":"https:\/\/denizcankizil.tr\/de\/#organization"},"potentialAction":[{"@type":"SearchAction","target":{"@type":"EntryPoint","urlTemplate":"https:\/\/denizcankizil.tr\/de\/?s={search_term_string}"},"query-input":{"@type":"PropertyValueSpecification","valueRequired":true,"valueName":"search_term_string"}}],"inLanguage":"en-GB"},{"@type":"Organization","@id":"https:\/\/denizcankizil.tr\/de\/#organization","name":"Av. Deniz Can K\u0131z\u0131l","url":"https:\/\/denizcankizil.tr\/de\/","logo":{"@type":"ImageObject","inLanguage":"en-GB","@id":"https:\/\/denizcankizil.tr\/de\/#\/schema\/logo\/image\/","url":"http:\/\/denizcankizil.tr\/wp-content\/uploads\/2024\/10\/siyah-logo-svg.svg","contentUrl":"http:\/\/denizcankizil.tr\/wp-content\/uploads\/2024\/10\/siyah-logo-svg.svg","width":1080,"height":1080,"caption":"Av. Deniz Can K\u0131z\u0131l"},"image":{"@id":"https:\/\/denizcankizil.tr\/de\/#\/schema\/logo\/image\/"}},{"@type":"Person","@id":"https:\/\/denizcankizil.tr\/de\/#\/schema\/person\/be3c05fe6a12686905512445d8185489","name":"admin","image":{"@type":"ImageObject","inLanguage":"en-GB","@id":"https:\/\/denizcankizil.tr\/de\/#\/schema\/person\/image\/","url":"https:\/\/secure.gravatar.com\/avatar\/c1fce94c830dc79107e174f890d7210541c4a63e8e5d816341794a2151c9d58c?s=96&d=mm&r=g","contentUrl":"https:\/\/secure.gravatar.com\/avatar\/c1fce94c830dc79107e174f890d7210541c4a63e8e5d816341794a2151c9d58c?s=96&d=mm&r=g","caption":"admin"},"sameAs":["http:\/\/denizcankizil.tr"],"url":"https:\/\/www.iskenderun.org\/cocuk-filmleri-senligi-basliyor"}]}},"_links":{"self":[{"href":"http:\/\/denizcankizil.tr\/en\/wp-json\/wp\/v2\/posts\/25082","targetHints":{"allow":["GET"]}}],"collection":[{"href":"http:\/\/denizcankizil.tr\/en\/wp-json\/wp\/v2\/posts"}],"about":[{"href":"http:\/\/denizcankizil.tr\/en\/wp-json\/wp\/v2\/types\/post"}],"author":[{"embeddable":true,"href":"http:\/\/denizcankizil.tr\/en\/wp-json\/wp\/v2\/users\/1"}],"replies":[{"embeddable":true,"href":"http:\/\/denizcankizil.tr\/en\/wp-json\/wp\/v2\/comments?post=25082"}],"version-history":[{"count":0,"href":"http:\/\/denizcankizil.tr\/en\/wp-json\/wp\/v2\/posts\/25082\/revisions"}],"wp:attachment":[{"href":"http:\/\/denizcankizil.tr\/en\/wp-json\/wp\/v2\/media?parent=25082"}],"wp:term":[{"taxonomy":"category","embeddable":true,"href":"http:\/\/denizcankizil.tr\/en\/wp-json\/wp\/v2\/categories?post=25082"},{"taxonomy":"post_tag","embeddable":true,"href":"http:\/\/denizcankizil.tr\/en\/wp-json\/wp\/v2\/tags?post=25082"}],"curies":[{"name":"wp","href":"https:\/\/api.w.org\/{rel}","templated":true}]}}