{"id":25057,"date":"2025-01-13T08:41:42","date_gmt":"2025-01-13T05:41:42","guid":{"rendered":"https:\/\/denizcankizil.tr\/uncategorized-tr\/adiyamanda-seyir-halindeki-otomobil-alev-aldi\/"},"modified":"2025-01-13T08:41:42","modified_gmt":"2025-01-13T05:41:42","slug":"adiyamanda-seyir-halindeki-otomobil-alev-aldi","status":"publish","type":"post","link":"http:\/\/denizcankizil.tr\/en\/haberler\/gundem\/adiyamanda-seyir-halindeki-otomobil-alev-aldi\/","title":{"rendered":"Ad\u0131yaman\u2019da seyir halindeki otomobil alev ald\u0131"},"content":{"rendered":"<p>Ad\u0131yaman&#8217;da seyir halindeki otomobilin aniden alev ald\u0131. Arac\u0131 durdurarak kendini d\u0131\u015far\u0131ya atan s\u00fcr\u00fcc\u00fcn\u00fcn sa\u011fl\u0131k durumunun iyi oldu\u011fu \u00f6\u011frenildi.ADIYAMAN (\u0130GFA) &#8211; Ad\u0131yaman\u2019\u0131n Atat\u00fcrk Bulvar\u0131, Yunus Emre Mahallesi \u00fczerinde seyir halinde olan 01 CTS 57 plakal\u0131 otomobil, hen\u00fcz bilinmeyen bir nedenle aniden alev ald\u0131.<br \/>\nAl\u0131nan bilgiye g\u00f6re ismi \u00f6\u011frenilemeyen s\u00fcr\u00fcc\u00fc, arac\u0131 durdurarak hemen d\u0131\u015far\u0131 \u00e7\u0131kt\u0131. \u00c7evredeki vatanda\u015flar\u0131n ihbar\u0131 \u00fczerine olay yerine itfaiye ve polis ekipleri sevk edildi.<br \/>\nK\u0131sa s\u00fcrede m\u00fcdahale eden itfaiye ekipleri, ara\u00e7taki yang\u0131n\u0131 kontrol alt\u0131na alarak s\u00f6nd\u00fcrd\u00fc.<\/p>\n<p>Yang\u0131n sonucu ara\u00e7 kullan\u0131lamaz hale gelirken, olayda herhangi bir yaralanma veya can kayb\u0131 ya\u015fanmad\u0131.<\/p>\n<p>\u200bAd\u0131yaman&#8217;da seyir halindeki otomobilin aniden alev ald\u0131. Arac\u0131 durdurarak kendini d\u0131\u015far\u0131ya atan s\u00fcr\u00fcc\u00fcn\u00fcn sa\u011fl\u0131k durumunun iyi oldu\u011fu \u00f6\u011frenildi.ADIYAMAN (\u0130GFA) &#8211; Ad\u0131yaman\u2019\u0131n Atat\u00fcrk Bulvar\u0131, Yunus Emre Mahallesi \u00fczerinde seyir halinde olan 01 CTS 57 plakal\u0131 otomobil, hen\u00fcz bilinmeyen bir nedenle aniden alev ald\u0131.<br \/>\nAl\u0131nan bilgiye g\u00f6re ismi \u00f6\u011frenilemeyen s\u00fcr\u00fcc\u00fc, arac\u0131 durdurarak hemen d\u0131\u015far\u0131 \u00e7\u0131kt\u0131. \u00c7evredeki vatanda\u015flar\u0131n ihbar\u0131 \u00fczerine olay yerine itfaiye ve polis ekipleri sevk edildi.<br \/>\nK\u0131sa s\u00fcrede m\u00fcdahale eden itfaiye ekipleri, ara\u00e7taki yang\u0131n\u0131 kontrol alt\u0131na alarak s\u00f6nd\u00fcrd\u00fc.<\/p>\n<p>Yang\u0131n sonucu ara\u00e7 kullan\u0131lamaz hale gelirken, olayda herhangi bir yaralanma veya can kayb\u0131 ya\u015fanmad\u0131.\u00a0<\/p>\n<p>\u200bHaberin Al\u0131nt\u0131land\u0131\u011f\u0131 Kaynak: www.iskenderun.org<\/p>","protected":false},"excerpt":{"rendered":"<p>Ad\u0131yaman&#8217;da seyir halindeki otomobilin aniden alev ald\u0131. Arac\u0131 durdurarak kendini d\u0131\u015far\u0131ya atan s\u00fcr\u00fcc\u00fcn\u00fcn sa\u011fl\u0131k durumunun iyi oldu\u011fu \u00f6\u011frenildi.ADIYAMAN (\u0130GFA) &#8211; Ad\u0131yaman\u2019\u0131n Atat\u00fcrk Bulvar\u0131, Yunus Emre Mahallesi \u00fczerinde seyir halinde olan 01 CTS 57 plakal\u0131 otomobil, hen\u00fcz bilinmeyen bir nedenle aniden alev ald\u0131. Al\u0131nan bilgiye g\u00f6re ismi \u00f6\u011frenilemeyen s\u00fcr\u00fcc\u00fc, arac\u0131 durdurarak hemen d\u0131\u015far\u0131 \u00e7\u0131kt\u0131. \u00c7evredeki vatanda\u015flar\u0131n ihbar\u0131 \u00fczerine olay yerine itfaiye ve polis ekipleri sevk edildi. K\u0131sa s\u00fcrede m\u00fcdahale eden itfaiye ekipleri, ara\u00e7taki yang\u0131n\u0131 kontrol alt\u0131na alarak s\u00f6nd\u00fcrd\u00fc. Yang\u0131n sonucu ara\u00e7 kullan\u0131lamaz hale gelirken, olayda herhangi bir yaralanma veya can kayb\u0131 ya\u015fanmad\u0131. \u200bAd\u0131yaman&#8217;da seyir halindeki otomobilin aniden alev ald\u0131. Arac\u0131 durdurarak kendini d\u0131\u015far\u0131ya atan s\u00fcr\u00fcc\u00fcn\u00fcn sa\u011fl\u0131k durumunun iyi oldu\u011fu \u00f6\u011frenildi.ADIYAMAN (\u0130GFA) &#8211; Ad\u0131yaman\u2019\u0131n Atat\u00fcrk Bulvar\u0131, Yunus Emre Mahallesi \u00fczerinde seyir halinde olan 01 CTS 57 plakal\u0131 otomobil, hen\u00fcz bilinmeyen bir nedenle aniden alev ald\u0131. Al\u0131nan bilgiye g\u00f6re ismi \u00f6\u011frenilemeyen s\u00fcr\u00fcc\u00fc, arac\u0131 durdurarak hemen d\u0131\u015far\u0131 \u00e7\u0131kt\u0131. \u00c7evredeki vatanda\u015flar\u0131n ihbar\u0131 \u00fczerine olay yerine itfaiye ve polis ekipleri sevk edildi. K\u0131sa s\u00fcrede m\u00fcdahale eden itfaiye ekipleri, ara\u00e7taki yang\u0131n\u0131 kontrol alt\u0131na alarak s\u00f6nd\u00fcrd\u00fc. Yang\u0131n sonucu ara\u00e7 kullan\u0131lamaz hale gelirken, olayda herhangi bir yaralanma veya can kayb\u0131 ya\u015fanmad\u0131.\u00a0 \u200bHaberin Al\u0131nt\u0131land\u0131\u011f\u0131 Kaynak: www.iskenderun.org<\/p>","protected":false},"author":1,"featured_media":0,"comment_status":"open","ping_status":"open","sticky":false,"template":"","format":"standard","meta":{"_acf_changed":false,"footnotes":""},"categories":[24],"tags":[],"class_list":["post-25057","post","type-post","status-publish","format-standard","has-post-thumbnail","hentry","category-gundem"],"acf":[],"yoast_head":"<!-- This site is optimized with the Yoast SEO Premium plugin v26.6 (Yoast SEO v27.1.1) - https:\/\/yoast.com\/product\/yoast-seo-premium-wordpress\/ -->\n<title>Ad\u0131yaman\u2019da seyir halindeki otomobil alev ald\u0131 - Av. Deniz Can K\u0131z\u0131l<\/title>\n<meta name=\"robots\" content=\"index, follow, max-snippet:-1, max-image-preview:large, max-video-preview:-1\" \/>\n<link rel=\"canonical\" href=\"http:\/\/denizcankizil.tr\/en\/haberler\/gundem\/adiyamanda-seyir-halindeki-otomobil-alev-aldi\/\" \/>\n<meta property=\"og:locale\" content=\"en_GB\" \/>\n<meta property=\"og:type\" content=\"article\" \/>\n<meta property=\"og:title\" content=\"Ad\u0131yaman\u2019da seyir halindeki otomobil alev ald\u0131\" \/>\n<meta property=\"og:description\" content=\"Ad\u0131yaman&#8217;da seyir halindeki otomobilin aniden alev ald\u0131. Arac\u0131 durdurarak kendini d\u0131\u015far\u0131ya atan s\u00fcr\u00fcc\u00fcn\u00fcn sa\u011fl\u0131k durumunun iyi oldu\u011fu \u00f6\u011frenildi.ADIYAMAN (\u0130GFA) &#8211; Ad\u0131yaman\u2019\u0131n Atat\u00fcrk Bulvar\u0131, Yunus Emre Mahallesi \u00fczerinde seyir halinde olan 01 CTS 57 plakal\u0131 otomobil, hen\u00fcz bilinmeyen bir nedenle aniden alev ald\u0131. Al\u0131nan bilgiye g\u00f6re ismi \u00f6\u011frenilemeyen s\u00fcr\u00fcc\u00fc, arac\u0131 durdurarak hemen d\u0131\u015far\u0131 \u00e7\u0131kt\u0131. \u00c7evredeki vatanda\u015flar\u0131n ihbar\u0131 \u00fczerine olay yerine itfaiye ve polis ekipleri sevk edildi. K\u0131sa s\u00fcrede m\u00fcdahale eden itfaiye ekipleri, ara\u00e7taki yang\u0131n\u0131 kontrol alt\u0131na alarak s\u00f6nd\u00fcrd\u00fc. Yang\u0131n sonucu ara\u00e7 kullan\u0131lamaz hale gelirken, olayda herhangi bir yaralanma veya can kayb\u0131 ya\u015fanmad\u0131. \u200bAd\u0131yaman&#8217;da seyir halindeki otomobilin aniden alev ald\u0131. Arac\u0131 durdurarak kendini d\u0131\u015far\u0131ya atan s\u00fcr\u00fcc\u00fcn\u00fcn sa\u011fl\u0131k durumunun iyi oldu\u011fu \u00f6\u011frenildi.ADIYAMAN (\u0130GFA) &#8211; Ad\u0131yaman\u2019\u0131n Atat\u00fcrk Bulvar\u0131, Yunus Emre Mahallesi \u00fczerinde seyir halinde olan 01 CTS 57 plakal\u0131 otomobil, hen\u00fcz bilinmeyen bir nedenle aniden alev ald\u0131. Al\u0131nan bilgiye g\u00f6re ismi \u00f6\u011frenilemeyen s\u00fcr\u00fcc\u00fc, arac\u0131 durdurarak hemen d\u0131\u015far\u0131 \u00e7\u0131kt\u0131. \u00c7evredeki vatanda\u015flar\u0131n ihbar\u0131 \u00fczerine olay yerine itfaiye ve polis ekipleri sevk edildi. K\u0131sa s\u00fcrede m\u00fcdahale eden itfaiye ekipleri, ara\u00e7taki yang\u0131n\u0131 kontrol alt\u0131na alarak s\u00f6nd\u00fcrd\u00fc. Yang\u0131n sonucu ara\u00e7 kullan\u0131lamaz hale gelirken, olayda herhangi bir yaralanma veya can kayb\u0131 ya\u015fanmad\u0131.\u00a0 \u200bHaberin Al\u0131nt\u0131land\u0131\u011f\u0131 Kaynak: www.iskenderun.org\" \/>\n<meta property=\"og:url\" content=\"http:\/\/denizcankizil.tr\/en\/haberler\/gundem\/adiyamanda-seyir-halindeki-otomobil-alev-aldi\/\" \/>\n<meta property=\"og:site_name\" content=\"Av. Deniz Can K\u0131z\u0131l\" \/>\n<meta property=\"article:published_time\" content=\"2025-01-13T05:41:42+00:00\" \/>\n<meta name=\"author\" content=\"admin\" \/>\n<meta name=\"twitter:card\" content=\"summary_large_image\" \/>\n<meta name=\"twitter:label1\" content=\"Written by\" \/>\n\t<meta name=\"twitter:data1\" content=\"admin\" \/>\n\t<meta name=\"twitter:label2\" content=\"Estimated reading time\" \/>\n\t<meta name=\"twitter:data2\" content=\"1 minute\" \/>\n<script type=\"application\/ld+json\" class=\"yoast-schema-graph\">{\"@context\":\"https:\/\/schema.org\",\"@graph\":[{\"@type\":\"Article\",\"@id\":\"http:\/\/denizcankizil.tr\/ru\/haberler\/gundem\/adiyamanda-seyir-halindeki-otomobil-alev-aldi\/#article\",\"isPartOf\":{\"@id\":\"http:\/\/denizcankizil.tr\/ru\/haberler\/gundem\/adiyamanda-seyir-halindeki-otomobil-alev-aldi\/\"},\"author\":{\"name\":\"admin\",\"@id\":\"https:\/\/denizcankizil.tr\/#\/schema\/person\/be3c05fe6a12686905512445d8185489\"},\"headline\":\"Ad\u0131yaman\u2019da seyir halindeki otomobil alev ald\u0131\",\"datePublished\":\"2025-01-13T05:41:42+00:00\",\"mainEntityOfPage\":{\"@id\":\"http:\/\/denizcankizil.tr\/ru\/haberler\/gundem\/adiyamanda-seyir-halindeki-otomobil-alev-aldi\/\"},\"wordCount\":262,\"commentCount\":0,\"publisher\":{\"@id\":\"https:\/\/denizcankizil.tr\/#organization\"},\"articleSection\":[\"G\u00fcndem\"],\"inLanguage\":\"en-GB\",\"potentialAction\":[{\"@type\":\"CommentAction\",\"name\":\"Comment\",\"target\":[\"http:\/\/denizcankizil.tr\/ru\/haberler\/gundem\/adiyamanda-seyir-halindeki-otomobil-alev-aldi\/#respond\"]}]},{\"@type\":\"WebPage\",\"@id\":\"http:\/\/denizcankizil.tr\/ru\/haberler\/gundem\/adiyamanda-seyir-halindeki-otomobil-alev-aldi\/\",\"url\":\"http:\/\/denizcankizil.tr\/ru\/haberler\/gundem\/adiyamanda-seyir-halindeki-otomobil-alev-aldi\/\",\"name\":\"Ad\u0131yaman\u2019da seyir halindeki otomobil alev ald\u0131 - Av. Deniz Can K\u0131z\u0131l\",\"isPartOf\":{\"@id\":\"https:\/\/denizcankizil.tr\/#website\"},\"datePublished\":\"2025-01-13T05:41:42+00:00\",\"breadcrumb\":{\"@id\":\"http:\/\/denizcankizil.tr\/ru\/haberler\/gundem\/adiyamanda-seyir-halindeki-otomobil-alev-aldi\/#breadcrumb\"},\"inLanguage\":\"en-GB\",\"potentialAction\":[{\"@type\":\"ReadAction\",\"target\":[\"http:\/\/denizcankizil.tr\/ru\/haberler\/gundem\/adiyamanda-seyir-halindeki-otomobil-alev-aldi\/\"]}]},{\"@type\":\"BreadcrumbList\",\"@id\":\"http:\/\/denizcankizil.tr\/ru\/haberler\/gundem\/adiyamanda-seyir-halindeki-otomobil-alev-aldi\/#breadcrumb\",\"itemListElement\":[{\"@type\":\"ListItem\",\"position\":1,\"name\":\"Home\",\"item\":\"https:\/\/denizcankizil.tr\/de\/\"},{\"@type\":\"ListItem\",\"position\":2,\"name\":\"Ad\u0131yaman\u2019da seyir halindeki otomobil alev ald\u0131\"}]},{\"@type\":\"WebSite\",\"@id\":\"https:\/\/denizcankizil.tr\/#website\",\"url\":\"https:\/\/denizcankizil.tr\/\",\"name\":\"Av. Deniz Can K\u0131z\u0131l\",\"description\":\"Avukat Deniz Can K\u0131z\u0131l Antalya Barosu\",\"publisher\":{\"@id\":\"https:\/\/denizcankizil.tr\/#organization\"},\"potentialAction\":[{\"@type\":\"SearchAction\",\"target\":{\"@type\":\"EntryPoint\",\"urlTemplate\":\"https:\/\/denizcankizil.tr\/?s={search_term_string}\"},\"query-input\":{\"@type\":\"PropertyValueSpecification\",\"valueRequired\":true,\"valueName\":\"search_term_string\"}}],\"inLanguage\":\"en-GB\"},{\"@type\":\"Organization\",\"@id\":\"https:\/\/denizcankizil.tr\/#organization\",\"name\":\"Av. Deniz Can K\u0131z\u0131l\",\"url\":\"https:\/\/denizcankizil.tr\/\",\"logo\":{\"@type\":\"ImageObject\",\"inLanguage\":\"en-GB\",\"@id\":\"https:\/\/denizcankizil.tr\/#\/schema\/logo\/image\/\",\"url\":\"http:\/\/denizcankizil.tr\/wp-content\/uploads\/2024\/10\/siyah-logo-svg.svg\",\"contentUrl\":\"http:\/\/denizcankizil.tr\/wp-content\/uploads\/2024\/10\/siyah-logo-svg.svg\",\"width\":1080,\"height\":1080,\"caption\":\"Av. Deniz Can K\u0131z\u0131l\"},\"image\":{\"@id\":\"https:\/\/denizcankizil.tr\/#\/schema\/logo\/image\/\"}},{\"@type\":\"Person\",\"@id\":\"https:\/\/denizcankizil.tr\/#\/schema\/person\/be3c05fe6a12686905512445d8185489\",\"name\":\"admin\",\"image\":{\"@type\":\"ImageObject\",\"inLanguage\":\"en-GB\",\"@id\":\"https:\/\/denizcankizil.tr\/#\/schema\/person\/image\/\",\"url\":\"https:\/\/secure.gravatar.com\/avatar\/c1fce94c830dc79107e174f890d7210541c4a63e8e5d816341794a2151c9d58c?s=96&d=mm&r=g\",\"contentUrl\":\"https:\/\/secure.gravatar.com\/avatar\/c1fce94c830dc79107e174f890d7210541c4a63e8e5d816341794a2151c9d58c?s=96&d=mm&r=g\",\"caption\":\"admin\"},\"sameAs\":[\"http:\/\/denizcankizil.tr\"],\"url\":\"https:\/\/www.iskenderun.org\/adiyamanda-seyir-halindeki-otomobil-alev-aldi\"}]}<\/script>\n<!-- \/ Yoast SEO Premium plugin. -->","yoast_head_json":{"title":"Ad\u0131yaman\u2019da seyir halindeki otomobil alev ald\u0131 - Av. Deniz Can K\u0131z\u0131l","robots":{"index":"index","follow":"follow","max-snippet":"max-snippet:-1","max-image-preview":"max-image-preview:large","max-video-preview":"max-video-preview:-1"},"canonical":"http:\/\/denizcankizil.tr\/en\/haberler\/gundem\/adiyamanda-seyir-halindeki-otomobil-alev-aldi\/","og_locale":"en_GB","og_type":"article","og_title":"Ad\u0131yaman\u2019da seyir halindeki otomobil alev ald\u0131","og_description":"Ad\u0131yaman&#8217;da seyir halindeki otomobilin aniden alev ald\u0131. Arac\u0131 durdurarak kendini d\u0131\u015far\u0131ya atan s\u00fcr\u00fcc\u00fcn\u00fcn sa\u011fl\u0131k durumunun iyi oldu\u011fu \u00f6\u011frenildi.ADIYAMAN (\u0130GFA) &#8211; Ad\u0131yaman\u2019\u0131n Atat\u00fcrk Bulvar\u0131, Yunus Emre Mahallesi \u00fczerinde seyir halinde olan 01 CTS 57 plakal\u0131 otomobil, hen\u00fcz bilinmeyen bir nedenle aniden alev ald\u0131. Al\u0131nan bilgiye g\u00f6re ismi \u00f6\u011frenilemeyen s\u00fcr\u00fcc\u00fc, arac\u0131 durdurarak hemen d\u0131\u015far\u0131 \u00e7\u0131kt\u0131. \u00c7evredeki vatanda\u015flar\u0131n ihbar\u0131 \u00fczerine olay yerine itfaiye ve polis ekipleri sevk edildi. K\u0131sa s\u00fcrede m\u00fcdahale eden itfaiye ekipleri, ara\u00e7taki yang\u0131n\u0131 kontrol alt\u0131na alarak s\u00f6nd\u00fcrd\u00fc. Yang\u0131n sonucu ara\u00e7 kullan\u0131lamaz hale gelirken, olayda herhangi bir yaralanma veya can kayb\u0131 ya\u015fanmad\u0131. \u200bAd\u0131yaman&#8217;da seyir halindeki otomobilin aniden alev ald\u0131. Arac\u0131 durdurarak kendini d\u0131\u015far\u0131ya atan s\u00fcr\u00fcc\u00fcn\u00fcn sa\u011fl\u0131k durumunun iyi oldu\u011fu \u00f6\u011frenildi.ADIYAMAN (\u0130GFA) &#8211; Ad\u0131yaman\u2019\u0131n Atat\u00fcrk Bulvar\u0131, Yunus Emre Mahallesi \u00fczerinde seyir halinde olan 01 CTS 57 plakal\u0131 otomobil, hen\u00fcz bilinmeyen bir nedenle aniden alev ald\u0131. Al\u0131nan bilgiye g\u00f6re ismi \u00f6\u011frenilemeyen s\u00fcr\u00fcc\u00fc, arac\u0131 durdurarak hemen d\u0131\u015far\u0131 \u00e7\u0131kt\u0131. \u00c7evredeki vatanda\u015flar\u0131n ihbar\u0131 \u00fczerine olay yerine itfaiye ve polis ekipleri sevk edildi. K\u0131sa s\u00fcrede m\u00fcdahale eden itfaiye ekipleri, ara\u00e7taki yang\u0131n\u0131 kontrol alt\u0131na alarak s\u00f6nd\u00fcrd\u00fc. Yang\u0131n sonucu ara\u00e7 kullan\u0131lamaz hale gelirken, olayda herhangi bir yaralanma veya can kayb\u0131 ya\u015fanmad\u0131.\u00a0 \u200bHaberin Al\u0131nt\u0131land\u0131\u011f\u0131 Kaynak: www.iskenderun.org","og_url":"http:\/\/denizcankizil.tr\/en\/haberler\/gundem\/adiyamanda-seyir-halindeki-otomobil-alev-aldi\/","og_site_name":"Av. Deniz Can K\u0131z\u0131l","article_published_time":"2025-01-13T05:41:42+00:00","author":"admin","twitter_card":"summary_large_image","twitter_misc":{"Written by":"admin","Estimated reading time":"1 minute"},"schema":{"@context":"https:\/\/schema.org","@graph":[{"@type":"Article","@id":"http:\/\/denizcankizil.tr\/ru\/haberler\/gundem\/adiyamanda-seyir-halindeki-otomobil-alev-aldi\/#article","isPartOf":{"@id":"http:\/\/denizcankizil.tr\/ru\/haberler\/gundem\/adiyamanda-seyir-halindeki-otomobil-alev-aldi\/"},"author":{"name":"admin","@id":"https:\/\/denizcankizil.tr\/#\/schema\/person\/be3c05fe6a12686905512445d8185489"},"headline":"Ad\u0131yaman\u2019da seyir halindeki otomobil alev ald\u0131","datePublished":"2025-01-13T05:41:42+00:00","mainEntityOfPage":{"@id":"http:\/\/denizcankizil.tr\/ru\/haberler\/gundem\/adiyamanda-seyir-halindeki-otomobil-alev-aldi\/"},"wordCount":262,"commentCount":0,"publisher":{"@id":"https:\/\/denizcankizil.tr\/#organization"},"articleSection":["G\u00fcndem"],"inLanguage":"en-GB","potentialAction":[{"@type":"CommentAction","name":"Comment","target":["http:\/\/denizcankizil.tr\/ru\/haberler\/gundem\/adiyamanda-seyir-halindeki-otomobil-alev-aldi\/#respond"]}]},{"@type":"WebPage","@id":"http:\/\/denizcankizil.tr\/ru\/haberler\/gundem\/adiyamanda-seyir-halindeki-otomobil-alev-aldi\/","url":"http:\/\/denizcankizil.tr\/ru\/haberler\/gundem\/adiyamanda-seyir-halindeki-otomobil-alev-aldi\/","name":"Ad\u0131yaman\u2019da seyir halindeki otomobil alev ald\u0131 - Av. Deniz Can K\u0131z\u0131l","isPartOf":{"@id":"https:\/\/denizcankizil.tr\/#website"},"datePublished":"2025-01-13T05:41:42+00:00","breadcrumb":{"@id":"http:\/\/denizcankizil.tr\/ru\/haberler\/gundem\/adiyamanda-seyir-halindeki-otomobil-alev-aldi\/#breadcrumb"},"inLanguage":"en-GB","potentialAction":[{"@type":"ReadAction","target":["http:\/\/denizcankizil.tr\/ru\/haberler\/gundem\/adiyamanda-seyir-halindeki-otomobil-alev-aldi\/"]}]},{"@type":"BreadcrumbList","@id":"http:\/\/denizcankizil.tr\/ru\/haberler\/gundem\/adiyamanda-seyir-halindeki-otomobil-alev-aldi\/#breadcrumb","itemListElement":[{"@type":"ListItem","position":1,"name":"Home","item":"https:\/\/denizcankizil.tr\/de\/"},{"@type":"ListItem","position":2,"name":"Ad\u0131yaman\u2019da seyir halindeki otomobil alev ald\u0131"}]},{"@type":"WebSite","@id":"https:\/\/denizcankizil.tr\/#website","url":"https:\/\/denizcankizil.tr\/","name":"Av. Deniz Can K\u0131z\u0131l","description":"Avukat Deniz Can K\u0131z\u0131l Antalya Barosu","publisher":{"@id":"https:\/\/denizcankizil.tr\/#organization"},"potentialAction":[{"@type":"SearchAction","target":{"@type":"EntryPoint","urlTemplate":"https:\/\/denizcankizil.tr\/?s={search_term_string}"},"query-input":{"@type":"PropertyValueSpecification","valueRequired":true,"valueName":"search_term_string"}}],"inLanguage":"en-GB"},{"@type":"Organization","@id":"https:\/\/denizcankizil.tr\/#organization","name":"Av. Deniz Can K\u0131z\u0131l","url":"https:\/\/denizcankizil.tr\/","logo":{"@type":"ImageObject","inLanguage":"en-GB","@id":"https:\/\/denizcankizil.tr\/#\/schema\/logo\/image\/","url":"http:\/\/denizcankizil.tr\/wp-content\/uploads\/2024\/10\/siyah-logo-svg.svg","contentUrl":"http:\/\/denizcankizil.tr\/wp-content\/uploads\/2024\/10\/siyah-logo-svg.svg","width":1080,"height":1080,"caption":"Av. Deniz Can K\u0131z\u0131l"},"image":{"@id":"https:\/\/denizcankizil.tr\/#\/schema\/logo\/image\/"}},{"@type":"Person","@id":"https:\/\/denizcankizil.tr\/#\/schema\/person\/be3c05fe6a12686905512445d8185489","name":"admin","image":{"@type":"ImageObject","inLanguage":"en-GB","@id":"https:\/\/denizcankizil.tr\/#\/schema\/person\/image\/","url":"https:\/\/secure.gravatar.com\/avatar\/c1fce94c830dc79107e174f890d7210541c4a63e8e5d816341794a2151c9d58c?s=96&d=mm&r=g","contentUrl":"https:\/\/secure.gravatar.com\/avatar\/c1fce94c830dc79107e174f890d7210541c4a63e8e5d816341794a2151c9d58c?s=96&d=mm&r=g","caption":"admin"},"sameAs":["http:\/\/denizcankizil.tr"],"url":"https:\/\/www.iskenderun.org\/adiyamanda-seyir-halindeki-otomobil-alev-aldi"}]}},"_links":{"self":[{"href":"http:\/\/denizcankizil.tr\/en\/wp-json\/wp\/v2\/posts\/25057","targetHints":{"allow":["GET"]}}],"collection":[{"href":"http:\/\/denizcankizil.tr\/en\/wp-json\/wp\/v2\/posts"}],"about":[{"href":"http:\/\/denizcankizil.tr\/en\/wp-json\/wp\/v2\/types\/post"}],"author":[{"embeddable":true,"href":"http:\/\/denizcankizil.tr\/en\/wp-json\/wp\/v2\/users\/1"}],"replies":[{"embeddable":true,"href":"http:\/\/denizcankizil.tr\/en\/wp-json\/wp\/v2\/comments?post=25057"}],"version-history":[{"count":0,"href":"http:\/\/denizcankizil.tr\/en\/wp-json\/wp\/v2\/posts\/25057\/revisions"}],"wp:attachment":[{"href":"http:\/\/denizcankizil.tr\/en\/wp-json\/wp\/v2\/media?parent=25057"}],"wp:term":[{"taxonomy":"category","embeddable":true,"href":"http:\/\/denizcankizil.tr\/en\/wp-json\/wp\/v2\/categories?post=25057"},{"taxonomy":"post_tag","embeddable":true,"href":"http:\/\/denizcankizil.tr\/en\/wp-json\/wp\/v2\/tags?post=25057"}],"curies":[{"name":"wp","href":"https:\/\/api.w.org\/{rel}","templated":true}]}}