{"id":24808,"date":"2025-01-10T12:43:00","date_gmt":"2025-01-10T09:43:00","guid":{"rendered":"https:\/\/denizcankizil.tr\/uncategorized-tr\/aymnin-2020-3995-basvuru-numarali-karari\/"},"modified":"2025-01-10T12:43:00","modified_gmt":"2025-01-10T09:43:00","slug":"aymnin-2020-3995-basvuru-numarali-karari","status":"publish","type":"post","link":"http:\/\/denizcankizil.tr\/en\/hukukihaber\/aymnin-2020-3995-basvuru-numarali-karari\/","title":{"rendered":"AYM&#8217;nin 2020\/3995 ba\u015fvuru numaral\u0131 karar\u0131"},"content":{"rendered":"<p>T\u00dcRK\u0130YE CUMHUR\u0130YET\u0130<\/p>\n<p>   ANAYASA MAHKEMES\u0130<\/p>\n<p>   \u00a0<\/p>\n<p>   \u00a0<\/p>\n<p>   B\u0130R\u0130NC\u0130 B\u00d6L\u00dcM<\/p>\n<p>   \u00a0<\/p>\n<p>   KARAR<\/p>\n<p>   \u00a0<\/p>\n<p>   ADEM ARSLAN BA\u015eVURUSU<\/p>\n<p>   (Ba\u015fvuru Numaras\u0131: 2020\/3995)<\/p>\n<p>   \u00a0<\/p>\n<p>   Karar Tarihi: 19\/11\/2024<\/p>\n<p>   B\u0130R\u0130NC\u0130 B\u00d6L\u00dcM<\/p>\n<p>   \u00a0<\/p>\n<p>   KARAR<\/p>\n<p>   \u00a0<\/p>\n<p>\u00a0<\/p>\n<p>   Ba\u015fkan<\/p>\n<p>   :<\/p>\n<p>   Hasan Tahsin G\u00d6KCAN<\/p>\n<p>   \u00dcyeler<\/p>\n<p>   :<\/p>\n<p>   Recai AKYEL<\/p>\n<p>   \u00a0<\/p>\n<p>   \u00a0<\/p>\n<p>   Yusuf \u015eevki HAKYEMEZ<\/p>\n<p>   \u00a0<\/p>\n<p>   \u00a0<\/p>\n<p>   \u0130rfan F\u0130DAN<\/p>\n<p>   \u00a0<\/p>\n<p>   \u00a0<\/p>\n<p>   Y\u0131lmaz AK\u00c7\u0130L<\/p>\n<p>   Raport\u00f6r<\/p>\n<p>   :<\/p>\n<p>   Erdem Ender \u00c7INAR<\/p>\n<p>   Ba\u015fvurucu<\/p>\n<p>   :<\/p>\n<p>   Adem ARSLAN<\/p>\n<p>\u00a0<\/p>\n<p>I. BA\u015eVURUNUN \u00d6ZET\u0130<\/p>\n<p>1. Ba\u015fvuru, mektubun sak\u0131ncal\u0131 bulunarak al\u0131konulmas\u0131 nedeniyle haberle\u015fme h\u00fcrriyetinin ihlal edildi\u011fi iddias\u0131na ili\u015fkindir.<\/p>\n<p>2. Ba\u015fvurucu; ba\u015fvuru tarihinde korku, kayg\u0131 veya panik yaratabilecek tarzda patlay\u0131c\u0131 madde kullanma, silahl\u0131 ter\u00f6r \u00f6rg\u00fct\u00fcne \u00fcye olma, tehlikeli maddeleri izinsiz olarak bulundurma veya el de\u011fi\u015ftirme su\u00e7undan Edirne F Tipi Y\u00fcksek G\u00fcvenlikli Kapal\u0131 Ceza \u0130nfaz Kurumunda (\u0130nfaz Kurumu) h\u00fck\u00fcml\u00fc olarak bulunmaktad\u0131r.<\/p>\n<p>3. Ba\u015fvurucunun gazeteciye g\u00f6ndermek istedi\u011fi mektup, \u0130nfaz Kurumunun 8\/11\/2019 tarihli sak\u0131ncal\u0131 mektup de\u011ferlendirme karar\u0131yla al\u0131konulmu\u015ftur. Karar\u0131n gerek\u00e7esinde; mektubun tamam\u0131nda ter\u00f6r \u00f6rg\u00fct\u00fc \u00fcyelerinin \u00f6rg\u00fctsel talepleri ile ilgili olarak ald\u0131klar\u0131 kararlar\u0131 do\u011frultusunda kamuoyu deste\u011fi olu\u015fturmak maksad\u0131yla yazd\u0131klar\u0131 ifadelerin bulundu\u011fu, ki\u015fi ve kurulu\u015flar\u0131 pani\u011fe y\u00f6neltebilecek yalan ve yanl\u0131\u015f bilgiler ile kamu kurumu ve \u00e7al\u0131\u015fanlar\u0131 hakk\u0131nda as\u0131ls\u0131z ifadelere yer verildi\u011fi belirtilmi\u015ftir.<\/p>\n<p>4. Ba\u015fvurucu an\u0131lan karara kar\u015f\u0131 mektupta yer alan hangi ifadenin veya ifadelerin sak\u0131ncal\u0131 bulundu\u011funun belirtilmedi\u011fi iddias\u0131yla 26\/11\/2018 tarihinde Edirne 1. \u0130nfaz H\u00e2kimli\u011fine (\u0130nfaz H\u00e2kimli\u011fi) \u015fik\u00e2yette bulunmu\u015ftur. \u0130nfaz H\u00e2kimli\u011fi 3\/12\/2018 tarihli karar\u0131 ile \u0130nfaz Kurumu karar\u0131n\u0131n gerek\u00e7e ve takdirine g\u00f6re yerinde oldu\u011fu gerek\u00e7esiyle \u015fik\u00e2yetin reddine karar vermi\u015ftir.<\/p>\n<p>5. Ba\u015fvurucu, \u0130nfaz H\u00e2kimli\u011finin karar\u0131na kar\u015f\u0131 18\/12\/2018 tarihli dilek\u00e7esiyle Edirne 1. A\u011f\u0131r Ceza Mahkemesine (A\u011f\u0131r Ceza Mahkemesi) itirazda bulunmu\u015ftur. A\u011f\u0131r Ceza Mahkemesi, an\u0131lan karar\u0131n usul ve kanuna uygun oldu\u011fu gerek\u00e7esiyle 4\/12\/2019 tarihinde itiraz\u0131n reddine karar vermi\u015ftir.<\/p>\n<p>6. Ba\u015fvurucu, nihai h\u00fckm\u00fc 25\/12\/2019 tarihinde tebell\u00fc\u011f ettikten sonra 16\/1\/2019 tarihinde bireysel ba\u015fvuruda bulunmu\u015ftur.<\/p>\n<p>7. Komisyonca, ba\u015fvurunun kabul edilebilirlik ve esas incelemesinin B\u00f6l\u00fcm taraf\u0131ndan yap\u0131lmas\u0131na karar verilmi\u015ftir.<\/p>\n<p>II. DE\u011eERLEND\u0130RME<\/p>\n<p>8. \u00d6deme g\u00fcc\u00fcnden yoksun oldu\u011fu anla\u015f\u0131lan ba\u015fvurucunun adli yard\u0131m talebinin kabul\u00fcne karar verilmesi gerekir.<\/p>\n<p>9. Ba\u015fvurucu; yazd\u0131\u011f\u0131 mektupta kendi durumunu anlatt\u0131\u011f\u0131n\u0131, hangi ifadelerin sak\u0131ncal\u0131 g\u00f6r\u00fcld\u00fc\u011f\u00fcn\u00fcn gerek\u00e7eli olarak belirtilmedi\u011fini ileri s\u00fcrm\u00fc\u015ft\u00fcr. Ba\u015fvurucu, mektubunun al\u0131konulmas\u0131n\u0131n haberle\u015fme h\u00fcrriyetini ihlal etti\u011fini iddia etmektedir. Adalet Bakanl\u0131\u011f\u0131 (Bakanl\u0131k) g\u00f6r\u00fc\u015f\u00fcnde; ceza infaz kurumu uygulamalar\u0131na kar\u015f\u0131 yarg\u0131 yolunun a\u00e7\u0131k oldu\u011funu ve yarg\u0131 kararlar\u0131na kar\u015f\u0131 idarenin m\u00fcdahale imk\u00e2n\u0131n\u0131n bulunmad\u0131\u011f\u0131n\u0131 ifade etmi\u015ftir. Ba\u015fvurucu, Bakanl\u0131\u011f\u0131n g\u00f6r\u00fc\u015f\u00fcne kar\u015f\u0131 ba\u015fvuru formundaki beyanlar\u0131n\u0131 tekrar etmi\u015ftir.<\/p>\n<p>10. Ba\u015fvuru, haberle\u015fme h\u00fcrriyeti kapsam\u0131nda incelenmi\u015ftir.<\/p>\n<p>11. A\u00e7\u0131k\u00e7a dayanaktan yoksun olmad\u0131\u011f\u0131 ve kabul edilemezli\u011fine karar verilmesini gerektirecek ba\u015fka bir neden de bulunmad\u0131\u011f\u0131 anla\u015f\u0131lan haberle\u015fme h\u00fcrriyetinin ihlal edildi\u011fine ili\u015fkin iddian\u0131n kabul edilebilir oldu\u011funa karar verilmesi gerekir.<\/p>\n<p>12. Mahpuslar\u0131n mektuplar\u0131n\u0131n denetlenmesi ve al\u0131konulmas\u0131 suretiyle haberle\u015fme h\u00fcrriyetine yap\u0131lan m\u00fcdahalelerin kanunili\u011fi, me\u015fru amac\u0131, demokratik toplum d\u00fczeninin gereklerine uygunlu\u011fu ve \u00f6l\u00e7\u00fcl\u00fcl\u00fc\u011f\u00fcn\u00fcn denetiminde g\u00f6zetilmesi gereken genel ilkeler Anayasa Mahkemesince bir\u00e7ok kararda ayr\u0131nt\u0131l\u0131 olarak a\u00e7\u0131klanm\u0131\u015ft\u0131r (bkz. Ahmet Temiz B. No: 2013\/1822, 20\/5\/2015, \u00a7\u00a7 37-68; Muhittin Pirin\u00e7\u00e7io\u011flu (3), B. No: 2017\/34566, 10\/3\/2020, \u00a7\u00a7 44-57; Cihat Ayik ve Hac\u0131 Ali Ba\u015ft\u00fcrk, B. No: 2017\/31506, 10\/3\/2020, \u00a7\u00a7 44-57).<\/p>\n<p>13. Somut olayda, g\u00f6ndermek istedi\u011fi mektubun al\u0131konulmas\u0131 nedeniyle ba\u015fvurucunun haberle\u015fme h\u00fcrriyetine yap\u0131lan m\u00fcdahalenin kanuni dayana\u011f\u0131n\u0131n ve me\u015fru amac\u0131n\u0131n bulundu\u011fu konusunda herhangi bir teredd\u00fct bulunmamaktad\u0131r (ayr\u0131nt\u0131l\u0131 a\u00e7\u0131klama i\u00e7in bkz. Ahmet Temiz, \u00a7\u00a7 46, 55; Muhittin Pirin\u00e7\u00e7io\u011flu (3), \u00a7\u00a7 45, 47).<\/p>\n<p>14. Bak\u0131lmakta olan ba\u015fvuruda ba\u015fvurucunun g\u00f6ndermek istedi\u011fi mektup al\u0131konulmu\u015ftur. Bununla beraber disiplin kurulunun ve mahkemelerin kararlar\u0131nda mektubun g\u00f6nderilmemesine dair mektubun i\u00e7eri\u011fiyle ili\u015fkili, somut bilgilere dayal\u0131 ve yeterli gerek\u00e7enin bulunmad\u0131\u011f\u0131, mektubun sak\u0131ncal\u0131 g\u00f6r\u00fclen k\u0131s\u0131mlar\u0131n\u0131n \u00e7izilerek g\u00f6nderilmesinin m\u00fcmk\u00fcn olup olmad\u0131\u011f\u0131 y\u00f6n\u00fcnde bir de\u011ferlendirmenin yap\u0131lmad\u0131\u011f\u0131 anla\u015f\u0131lmaktad\u0131r. Bu nedenle m\u00fcdahalenin demokratik bir toplumda gerekli olmad\u0131\u011f\u0131 kanaatine var\u0131lm\u0131\u015ft\u0131r.<\/p>\n<p>15. A\u00e7\u0131klanan gerek\u00e7elerle Anayasa&#8217;n\u0131n 22. maddesinde g\u00fcvence alt\u0131na al\u0131nan haberle\u015fme h\u00fcrriyetinin ihlal edildi\u011fine karar verilmesi gerekir.<\/p>\n<p>III. G\u0130DER\u0130M<\/p>\n<p>16. Ba\u015fvurucu; ihlalin tespiti ve 2.000 TL manevi tazminat talebinde bulunmu\u015ftur.<\/p>\n<p>17. Ba\u015fvuruda tespit edilen hak ihlalinin sonu\u00e7lar\u0131n\u0131n ortadan kald\u0131r\u0131lmas\u0131 i\u00e7in yeniden yarg\u0131lama yap\u0131lmas\u0131nda hukuki yarar bulunmaktad\u0131r. Bu kapsamda karar\u0131n g\u00f6nderildi\u011fi yarg\u0131 mercilerince yap\u0131lmas\u0131 gereken i\u015f, yeniden yarg\u0131lama i\u015flemlerini ba\u015flatmak ve Anayasa Mahkemesini ihlal sonucuna ula\u015ft\u0131ran nedenleri gideren, ihlal karar\u0131nda belirtilen ilkelere uygun yeni bir karar vermektir (30\/3\/2011 tarihli ve 6216 say\u0131l\u0131 Anayasa Mahkemesinin Kurulu\u015fu ve Yarg\u0131lama Usulleri Hakk\u0131nda Kanun\u2019un 50. maddesinin (2) numaral\u0131 f\u0131kras\u0131nda d\u00fczenlenen bireysel ba\u015fvuruya \u00f6zg\u00fc yeniden yarg\u0131lama kurumunun \u00f6zelliklerine ili\u015fkin kapsaml\u0131 a\u00e7\u0131klamalar i\u00e7in bkz. Mehmet Do\u011fan ([GK], B. No: 2014\/8875, 7\/6\/2018, \u00a7\u00a7 54-60; Alig\u00fcl Alkaya ve di\u011ferleri (2), B. No: 2016\/12506, 7\/11\/2019, \u00a7\u00a7 53-60, 66; Kadri Enis Berbero\u011flu (3) [GK], B. No: 2020\/32949, 21\/1\/2021, \u00a7\u00a7 93-100).<\/p>\n<p>18. \u0130hlalin ve sonu\u00e7lar\u0131n\u0131n ortadan kald\u0131r\u0131lmas\u0131 i\u00e7in yeniden yarg\u0131lama yap\u0131lmas\u0131n\u0131n yeterli bir giderim sa\u011flayaca\u011f\u0131 anla\u015f\u0131ld\u0131\u011f\u0131ndan tazminat talebinin reddine karar verilmesi gerekir.<\/p>\n<p>IV. H\u00dcK\u00dcM<\/p>\n<p>A\u00e7\u0131klanan gerek\u00e7elerle;<\/p>\n<p>A. Ba\u015fvurucunun adli yard\u0131m talebinin KABUL\u00dcNE,<\/p>\n<p>B. Haberle\u015fme h\u00fcrriyetinin ihlal edildi\u011fine ili\u015fkin iddian\u0131n KABUL ED\u0130LEB\u0130L\u0130R OLDU\u011eUNA,<\/p>\n<p>C. Anayasa&#8217;n\u0131n 22. maddesinde g\u00fcvence alt\u0131na al\u0131nan haberle\u015fme h\u00fcrriyetinin \u0130HLAL ED\u0130LD\u0130\u011e\u0130NE,<\/p>\n<p>D. Karar\u0131n bir \u00f6rne\u011finin haberle\u015fme h\u00fcrriyetinin ihlalinin sonu\u00e7lar\u0131n\u0131n ortadan kald\u0131r\u0131lmas\u0131 i\u00e7in yeniden yarg\u0131lama yap\u0131lmak \u00fczere Edirne 1. \u0130nfaz H\u00e2kimli\u011fine (E.2018\/4825, K.2018\/4436) G\u00d6NDER\u0130LMES\u0130NE,<\/p>\n<p>E. Ba\u015fvurucunun tazminat talebinin REDD\u0130NE,<\/p>\n<p>F. Karar\u0131n bir \u00f6rne\u011finin Adalet Bakanl\u0131\u011f\u0131na G\u00d6NDER\u0130LMES\u0130NE, 19\/11\/2024 tarihinde OYB\u0130RL\u0130\u011e\u0130YLE karar verildi.<\/p>\n<p>\u200bAnayasa Mahkemesi&#8217;nin 19\/11\/2024 tarihli ve 2020\/3995 ba\u015fvuru numaral\u0131 karar\u0131\u00a0Hukuki Haber<\/p>\n<p>Haberin Al\u0131nt\u0131land\u0131\u011f\u0131 Kaynak: www.hukukihaber.net<\/p>","protected":false},"excerpt":{"rendered":"<p>T\u00dcRK\u0130YE CUMHUR\u0130YET\u0130 ANAYASA MAHKEMES\u0130 \u00a0 \u00a0 B\u0130R\u0130NC\u0130 B\u00d6L\u00dcM \u00a0 KARAR \u00a0 ADEM ARSLAN BA\u015eVURUSU (Ba\u015fvuru Numaras\u0131: 2020\/3995) \u00a0 Karar Tarihi: 19\/11\/2024 B\u0130R\u0130NC\u0130 B\u00d6L\u00dcM \u00a0 KARAR \u00a0 \u00a0 Ba\u015fkan : Hasan Tahsin G\u00d6KCAN \u00dcyeler : Recai AKYEL \u00a0 \u00a0 Yusuf \u015eevki HAKYEMEZ \u00a0 \u00a0 \u0130rfan F\u0130DAN \u00a0 \u00a0 Y\u0131lmaz AK\u00c7\u0130L Raport\u00f6r : Erdem Ender \u00c7INAR Ba\u015fvurucu : Adem ARSLAN \u00a0 I. BA\u015eVURUNUN \u00d6ZET\u0130 1. Ba\u015fvuru, mektubun sak\u0131ncal\u0131 bulunarak al\u0131konulmas\u0131 nedeniyle haberle\u015fme h\u00fcrriyetinin ihlal edildi\u011fi iddias\u0131na ili\u015fkindir. 2. Ba\u015fvurucu; ba\u015fvuru tarihinde korku, kayg\u0131 veya panik yaratabilecek tarzda patlay\u0131c\u0131 madde kullanma, silahl\u0131 ter\u00f6r \u00f6rg\u00fct\u00fcne \u00fcye olma, tehlikeli maddeleri izinsiz olarak bulundurma veya el de\u011fi\u015ftirme su\u00e7undan Edirne F Tipi Y\u00fcksek G\u00fcvenlikli Kapal\u0131 Ceza \u0130nfaz Kurumunda (\u0130nfaz Kurumu) h\u00fck\u00fcml\u00fc olarak bulunmaktad\u0131r. 3. Ba\u015fvurucunun gazeteciye g\u00f6ndermek istedi\u011fi mektup, \u0130nfaz Kurumunun 8\/11\/2019 tarihli sak\u0131ncal\u0131 mektup de\u011ferlendirme karar\u0131yla al\u0131konulmu\u015ftur. Karar\u0131n gerek\u00e7esinde; mektubun tamam\u0131nda ter\u00f6r \u00f6rg\u00fct\u00fc \u00fcyelerinin \u00f6rg\u00fctsel talepleri ile ilgili olarak ald\u0131klar\u0131 kararlar\u0131 do\u011frultusunda kamuoyu deste\u011fi olu\u015fturmak maksad\u0131yla yazd\u0131klar\u0131 ifadelerin bulundu\u011fu, ki\u015fi ve kurulu\u015flar\u0131 pani\u011fe y\u00f6neltebilecek yalan ve yanl\u0131\u015f bilgiler ile kamu kurumu ve \u00e7al\u0131\u015fanlar\u0131 hakk\u0131nda as\u0131ls\u0131z ifadelere yer verildi\u011fi belirtilmi\u015ftir. 4. Ba\u015fvurucu an\u0131lan karara kar\u015f\u0131 mektupta yer alan hangi ifadenin veya ifadelerin sak\u0131ncal\u0131 bulundu\u011funun belirtilmedi\u011fi iddias\u0131yla 26\/11\/2018 tarihinde Edirne 1. \u0130nfaz H\u00e2kimli\u011fine (\u0130nfaz H\u00e2kimli\u011fi) \u015fik\u00e2yette bulunmu\u015ftur. \u0130nfaz &hellip;<\/p>","protected":false},"author":3,"featured_media":0,"comment_status":"open","ping_status":"open","sticky":false,"template":"","format":"standard","meta":{"_acf_changed":false,"footnotes":""},"categories":[27],"tags":[],"class_list":["post-24808","post","type-post","status-publish","format-standard","has-post-thumbnail","hentry","category-hukukihaber"],"acf":[],"yoast_head":"<!-- This site is optimized with the Yoast SEO Premium plugin v26.6 (Yoast SEO v27.1.1) - https:\/\/yoast.com\/product\/yoast-seo-premium-wordpress\/ -->\n<title>AYM&#039;nin 2020\/3995 ba\u015fvuru numaral\u0131 karar\u0131 - Av. Deniz Can K\u0131z\u0131l<\/title>\n<meta name=\"robots\" content=\"index, follow, max-snippet:-1, max-image-preview:large, max-video-preview:-1\" \/>\n<link rel=\"canonical\" href=\"http:\/\/denizcankizil.tr\/en\/hukukihaber\/aymnin-2020-3995-basvuru-numarali-karari\/\" \/>\n<meta property=\"og:locale\" content=\"en_GB\" \/>\n<meta property=\"og:type\" content=\"article\" \/>\n<meta property=\"og:title\" content=\"AYM&#039;nin 2020\/3995 ba\u015fvuru numaral\u0131 karar\u0131\" \/>\n<meta property=\"og:description\" content=\"T\u00dcRK\u0130YE CUMHUR\u0130YET\u0130 ANAYASA MAHKEMES\u0130 \u00a0 \u00a0 B\u0130R\u0130NC\u0130 B\u00d6L\u00dcM \u00a0 KARAR \u00a0 ADEM ARSLAN BA\u015eVURUSU (Ba\u015fvuru Numaras\u0131: 2020\/3995) \u00a0 Karar Tarihi: 19\/11\/2024 B\u0130R\u0130NC\u0130 B\u00d6L\u00dcM \u00a0 KARAR \u00a0 \u00a0 Ba\u015fkan : Hasan Tahsin G\u00d6KCAN \u00dcyeler : Recai AKYEL \u00a0 \u00a0 Yusuf \u015eevki HAKYEMEZ \u00a0 \u00a0 \u0130rfan F\u0130DAN \u00a0 \u00a0 Y\u0131lmaz AK\u00c7\u0130L Raport\u00f6r : Erdem Ender \u00c7INAR Ba\u015fvurucu : Adem ARSLAN \u00a0 I. BA\u015eVURUNUN \u00d6ZET\u0130 1. Ba\u015fvuru, mektubun sak\u0131ncal\u0131 bulunarak al\u0131konulmas\u0131 nedeniyle haberle\u015fme h\u00fcrriyetinin ihlal edildi\u011fi iddias\u0131na ili\u015fkindir. 2. Ba\u015fvurucu; ba\u015fvuru tarihinde korku, kayg\u0131 veya panik yaratabilecek tarzda patlay\u0131c\u0131 madde kullanma, silahl\u0131 ter\u00f6r \u00f6rg\u00fct\u00fcne \u00fcye olma, tehlikeli maddeleri izinsiz olarak bulundurma veya el de\u011fi\u015ftirme su\u00e7undan Edirne F Tipi Y\u00fcksek G\u00fcvenlikli Kapal\u0131 Ceza \u0130nfaz Kurumunda (\u0130nfaz Kurumu) h\u00fck\u00fcml\u00fc olarak bulunmaktad\u0131r. 3. Ba\u015fvurucunun gazeteciye g\u00f6ndermek istedi\u011fi mektup, \u0130nfaz Kurumunun 8\/11\/2019 tarihli sak\u0131ncal\u0131 mektup de\u011ferlendirme karar\u0131yla al\u0131konulmu\u015ftur. Karar\u0131n gerek\u00e7esinde; mektubun tamam\u0131nda ter\u00f6r \u00f6rg\u00fct\u00fc \u00fcyelerinin \u00f6rg\u00fctsel talepleri ile ilgili olarak ald\u0131klar\u0131 kararlar\u0131 do\u011frultusunda kamuoyu deste\u011fi olu\u015fturmak maksad\u0131yla yazd\u0131klar\u0131 ifadelerin bulundu\u011fu, ki\u015fi ve kurulu\u015flar\u0131 pani\u011fe y\u00f6neltebilecek yalan ve yanl\u0131\u015f bilgiler ile kamu kurumu ve \u00e7al\u0131\u015fanlar\u0131 hakk\u0131nda as\u0131ls\u0131z ifadelere yer verildi\u011fi belirtilmi\u015ftir. 4. Ba\u015fvurucu an\u0131lan karara kar\u015f\u0131 mektupta yer alan hangi ifadenin veya ifadelerin sak\u0131ncal\u0131 bulundu\u011funun belirtilmedi\u011fi iddias\u0131yla 26\/11\/2018 tarihinde Edirne 1. \u0130nfaz H\u00e2kimli\u011fine (\u0130nfaz H\u00e2kimli\u011fi) \u015fik\u00e2yette bulunmu\u015ftur. \u0130nfaz &hellip;\" \/>\n<meta property=\"og:url\" content=\"http:\/\/denizcankizil.tr\/en\/hukukihaber\/aymnin-2020-3995-basvuru-numarali-karari\/\" \/>\n<meta property=\"og:site_name\" content=\"Av. Deniz Can K\u0131z\u0131l\" \/>\n<meta property=\"article:published_time\" content=\"2025-01-10T09:43:00+00:00\" \/>\n<meta name=\"author\" content=\"Hukuki Haber.net\" \/>\n<meta name=\"twitter:card\" content=\"summary_large_image\" \/>\n<meta name=\"twitter:label1\" content=\"Written by\" \/>\n\t<meta name=\"twitter:data1\" content=\"Hukuki Haber.net\" \/>\n\t<meta name=\"twitter:label2\" content=\"Estimated reading time\" \/>\n\t<meta name=\"twitter:data2\" content=\"5 minutes\" \/>\n<script type=\"application\/ld+json\" class=\"yoast-schema-graph\">{\"@context\":\"https:\/\/schema.org\",\"@graph\":[{\"@type\":\"Article\",\"@id\":\"http:\/\/denizcankizil.tr\/en\/hukukihaber\/aymnin-2020-3995-basvuru-numarali-karari\/#article\",\"isPartOf\":{\"@id\":\"http:\/\/denizcankizil.tr\/en\/hukukihaber\/aymnin-2020-3995-basvuru-numarali-karari\/\"},\"author\":{\"name\":\"Hukuki Haber.net\",\"@id\":\"https:\/\/denizcankizil.tr\/#\/schema\/person\/001a271de994a0aa3f90eea084424822\"},\"headline\":\"AYM&#8217;nin 2020\/3995 ba\u015fvuru numaral\u0131 karar\u0131\",\"datePublished\":\"2025-01-10T09:43:00+00:00\",\"mainEntityOfPage\":{\"@id\":\"http:\/\/denizcankizil.tr\/en\/hukukihaber\/aymnin-2020-3995-basvuru-numarali-karari\/\"},\"wordCount\":1098,\"commentCount\":0,\"publisher\":{\"@id\":\"https:\/\/denizcankizil.tr\/#organization\"},\"articleSection\":[\"Hukuki Haberler\"],\"inLanguage\":\"en-GB\",\"potentialAction\":[{\"@type\":\"CommentAction\",\"name\":\"Comment\",\"target\":[\"http:\/\/denizcankizil.tr\/en\/hukukihaber\/aymnin-2020-3995-basvuru-numarali-karari\/#respond\"]}]},{\"@type\":\"WebPage\",\"@id\":\"http:\/\/denizcankizil.tr\/en\/hukukihaber\/aymnin-2020-3995-basvuru-numarali-karari\/\",\"url\":\"http:\/\/denizcankizil.tr\/en\/hukukihaber\/aymnin-2020-3995-basvuru-numarali-karari\/\",\"name\":\"AYM'nin 2020\/3995 ba\u015fvuru numaral\u0131 karar\u0131 - Av. Deniz Can K\u0131z\u0131l\",\"isPartOf\":{\"@id\":\"https:\/\/denizcankizil.tr\/#website\"},\"datePublished\":\"2025-01-10T09:43:00+00:00\",\"breadcrumb\":{\"@id\":\"http:\/\/denizcankizil.tr\/en\/hukukihaber\/aymnin-2020-3995-basvuru-numarali-karari\/#breadcrumb\"},\"inLanguage\":\"en-GB\",\"potentialAction\":[{\"@type\":\"ReadAction\",\"target\":[\"http:\/\/denizcankizil.tr\/en\/hukukihaber\/aymnin-2020-3995-basvuru-numarali-karari\/\"]}]},{\"@type\":\"BreadcrumbList\",\"@id\":\"http:\/\/denizcankizil.tr\/en\/hukukihaber\/aymnin-2020-3995-basvuru-numarali-karari\/#breadcrumb\",\"itemListElement\":[{\"@type\":\"ListItem\",\"position\":1,\"name\":\"Home\",\"item\":\"https:\/\/denizcankizil.tr\/uk\/\"},{\"@type\":\"ListItem\",\"position\":2,\"name\":\"AYM&#8217;nin 2020\/3995 ba\u015fvuru numaral\u0131 karar\u0131\"}]},{\"@type\":\"WebSite\",\"@id\":\"https:\/\/denizcankizil.tr\/#website\",\"url\":\"https:\/\/denizcankizil.tr\/\",\"name\":\"Av. Deniz Can K\u0131z\u0131l\",\"description\":\"Avukat Deniz Can K\u0131z\u0131l Antalya Barosu\",\"publisher\":{\"@id\":\"https:\/\/denizcankizil.tr\/#organization\"},\"potentialAction\":[{\"@type\":\"SearchAction\",\"target\":{\"@type\":\"EntryPoint\",\"urlTemplate\":\"https:\/\/denizcankizil.tr\/?s={search_term_string}\"},\"query-input\":{\"@type\":\"PropertyValueSpecification\",\"valueRequired\":true,\"valueName\":\"search_term_string\"}}],\"inLanguage\":\"en-GB\"},{\"@type\":\"Organization\",\"@id\":\"https:\/\/denizcankizil.tr\/#organization\",\"name\":\"Av. Deniz Can K\u0131z\u0131l\",\"url\":\"https:\/\/denizcankizil.tr\/\",\"logo\":{\"@type\":\"ImageObject\",\"inLanguage\":\"en-GB\",\"@id\":\"https:\/\/denizcankizil.tr\/#\/schema\/logo\/image\/\",\"url\":\"http:\/\/denizcankizil.tr\/wp-content\/uploads\/2024\/10\/siyah-logo-svg.svg\",\"contentUrl\":\"http:\/\/denizcankizil.tr\/wp-content\/uploads\/2024\/10\/siyah-logo-svg.svg\",\"width\":1080,\"height\":1080,\"caption\":\"Av. Deniz Can K\u0131z\u0131l\"},\"image\":{\"@id\":\"https:\/\/denizcankizil.tr\/#\/schema\/logo\/image\/\"}},{\"@type\":\"Person\",\"@id\":\"https:\/\/denizcankizil.tr\/#\/schema\/person\/001a271de994a0aa3f90eea084424822\",\"name\":\"Hukuki Haber.net\",\"image\":{\"@type\":\"ImageObject\",\"inLanguage\":\"en-GB\",\"@id\":\"https:\/\/denizcankizil.tr\/#\/schema\/person\/image\/\",\"url\":\"https:\/\/secure.gravatar.com\/avatar\/57d8a49151495586611a149d29fc42865b951dc053a84709a3172ccb5abf3118?s=96&d=mm&r=g\",\"contentUrl\":\"https:\/\/secure.gravatar.com\/avatar\/57d8a49151495586611a149d29fc42865b951dc053a84709a3172ccb5abf3118?s=96&d=mm&r=g\",\"caption\":\"Hukuki Haber.net\"},\"sameAs\":[\"http:\/\/www.hukukihaber.net\"],\"url\":\"http:\/\/denizcankizil.tr\/en\/author\/hukukihabernet\/\"}]}<\/script>\n<!-- \/ Yoast SEO Premium plugin. -->","yoast_head_json":{"title":"AYM'nin 2020\/3995 ba\u015fvuru numaral\u0131 karar\u0131 - Av. Deniz Can K\u0131z\u0131l","robots":{"index":"index","follow":"follow","max-snippet":"max-snippet:-1","max-image-preview":"max-image-preview:large","max-video-preview":"max-video-preview:-1"},"canonical":"http:\/\/denizcankizil.tr\/en\/hukukihaber\/aymnin-2020-3995-basvuru-numarali-karari\/","og_locale":"en_GB","og_type":"article","og_title":"AYM'nin 2020\/3995 ba\u015fvuru numaral\u0131 karar\u0131","og_description":"T\u00dcRK\u0130YE CUMHUR\u0130YET\u0130 ANAYASA MAHKEMES\u0130 \u00a0 \u00a0 B\u0130R\u0130NC\u0130 B\u00d6L\u00dcM \u00a0 KARAR \u00a0 ADEM ARSLAN BA\u015eVURUSU (Ba\u015fvuru Numaras\u0131: 2020\/3995) \u00a0 Karar Tarihi: 19\/11\/2024 B\u0130R\u0130NC\u0130 B\u00d6L\u00dcM \u00a0 KARAR \u00a0 \u00a0 Ba\u015fkan : Hasan Tahsin G\u00d6KCAN \u00dcyeler : Recai AKYEL \u00a0 \u00a0 Yusuf \u015eevki HAKYEMEZ \u00a0 \u00a0 \u0130rfan F\u0130DAN \u00a0 \u00a0 Y\u0131lmaz AK\u00c7\u0130L Raport\u00f6r : Erdem Ender \u00c7INAR Ba\u015fvurucu : Adem ARSLAN \u00a0 I. BA\u015eVURUNUN \u00d6ZET\u0130 1. Ba\u015fvuru, mektubun sak\u0131ncal\u0131 bulunarak al\u0131konulmas\u0131 nedeniyle haberle\u015fme h\u00fcrriyetinin ihlal edildi\u011fi iddias\u0131na ili\u015fkindir. 2. Ba\u015fvurucu; ba\u015fvuru tarihinde korku, kayg\u0131 veya panik yaratabilecek tarzda patlay\u0131c\u0131 madde kullanma, silahl\u0131 ter\u00f6r \u00f6rg\u00fct\u00fcne \u00fcye olma, tehlikeli maddeleri izinsiz olarak bulundurma veya el de\u011fi\u015ftirme su\u00e7undan Edirne F Tipi Y\u00fcksek G\u00fcvenlikli Kapal\u0131 Ceza \u0130nfaz Kurumunda (\u0130nfaz Kurumu) h\u00fck\u00fcml\u00fc olarak bulunmaktad\u0131r. 3. Ba\u015fvurucunun gazeteciye g\u00f6ndermek istedi\u011fi mektup, \u0130nfaz Kurumunun 8\/11\/2019 tarihli sak\u0131ncal\u0131 mektup de\u011ferlendirme karar\u0131yla al\u0131konulmu\u015ftur. Karar\u0131n gerek\u00e7esinde; mektubun tamam\u0131nda ter\u00f6r \u00f6rg\u00fct\u00fc \u00fcyelerinin \u00f6rg\u00fctsel talepleri ile ilgili olarak ald\u0131klar\u0131 kararlar\u0131 do\u011frultusunda kamuoyu deste\u011fi olu\u015fturmak maksad\u0131yla yazd\u0131klar\u0131 ifadelerin bulundu\u011fu, ki\u015fi ve kurulu\u015flar\u0131 pani\u011fe y\u00f6neltebilecek yalan ve yanl\u0131\u015f bilgiler ile kamu kurumu ve \u00e7al\u0131\u015fanlar\u0131 hakk\u0131nda as\u0131ls\u0131z ifadelere yer verildi\u011fi belirtilmi\u015ftir. 4. Ba\u015fvurucu an\u0131lan karara kar\u015f\u0131 mektupta yer alan hangi ifadenin veya ifadelerin sak\u0131ncal\u0131 bulundu\u011funun belirtilmedi\u011fi iddias\u0131yla 26\/11\/2018 tarihinde Edirne 1. \u0130nfaz H\u00e2kimli\u011fine (\u0130nfaz H\u00e2kimli\u011fi) \u015fik\u00e2yette bulunmu\u015ftur. \u0130nfaz &hellip;","og_url":"http:\/\/denizcankizil.tr\/en\/hukukihaber\/aymnin-2020-3995-basvuru-numarali-karari\/","og_site_name":"Av. Deniz Can K\u0131z\u0131l","article_published_time":"2025-01-10T09:43:00+00:00","author":"Hukuki Haber.net","twitter_card":"summary_large_image","twitter_misc":{"Written by":"Hukuki Haber.net","Estimated reading time":"5 minutes"},"schema":{"@context":"https:\/\/schema.org","@graph":[{"@type":"Article","@id":"http:\/\/denizcankizil.tr\/en\/hukukihaber\/aymnin-2020-3995-basvuru-numarali-karari\/#article","isPartOf":{"@id":"http:\/\/denizcankizil.tr\/en\/hukukihaber\/aymnin-2020-3995-basvuru-numarali-karari\/"},"author":{"name":"Hukuki Haber.net","@id":"https:\/\/denizcankizil.tr\/#\/schema\/person\/001a271de994a0aa3f90eea084424822"},"headline":"AYM&#8217;nin 2020\/3995 ba\u015fvuru numaral\u0131 karar\u0131","datePublished":"2025-01-10T09:43:00+00:00","mainEntityOfPage":{"@id":"http:\/\/denizcankizil.tr\/en\/hukukihaber\/aymnin-2020-3995-basvuru-numarali-karari\/"},"wordCount":1098,"commentCount":0,"publisher":{"@id":"https:\/\/denizcankizil.tr\/#organization"},"articleSection":["Hukuki Haberler"],"inLanguage":"en-GB","potentialAction":[{"@type":"CommentAction","name":"Comment","target":["http:\/\/denizcankizil.tr\/en\/hukukihaber\/aymnin-2020-3995-basvuru-numarali-karari\/#respond"]}]},{"@type":"WebPage","@id":"http:\/\/denizcankizil.tr\/en\/hukukihaber\/aymnin-2020-3995-basvuru-numarali-karari\/","url":"http:\/\/denizcankizil.tr\/en\/hukukihaber\/aymnin-2020-3995-basvuru-numarali-karari\/","name":"AYM'nin 2020\/3995 ba\u015fvuru numaral\u0131 karar\u0131 - Av. Deniz Can K\u0131z\u0131l","isPartOf":{"@id":"https:\/\/denizcankizil.tr\/#website"},"datePublished":"2025-01-10T09:43:00+00:00","breadcrumb":{"@id":"http:\/\/denizcankizil.tr\/en\/hukukihaber\/aymnin-2020-3995-basvuru-numarali-karari\/#breadcrumb"},"inLanguage":"en-GB","potentialAction":[{"@type":"ReadAction","target":["http:\/\/denizcankizil.tr\/en\/hukukihaber\/aymnin-2020-3995-basvuru-numarali-karari\/"]}]},{"@type":"BreadcrumbList","@id":"http:\/\/denizcankizil.tr\/en\/hukukihaber\/aymnin-2020-3995-basvuru-numarali-karari\/#breadcrumb","itemListElement":[{"@type":"ListItem","position":1,"name":"Home","item":"https:\/\/denizcankizil.tr\/uk\/"},{"@type":"ListItem","position":2,"name":"AYM&#8217;nin 2020\/3995 ba\u015fvuru numaral\u0131 karar\u0131"}]},{"@type":"WebSite","@id":"https:\/\/denizcankizil.tr\/#website","url":"https:\/\/denizcankizil.tr\/","name":"Av. Deniz Can K\u0131z\u0131l","description":"Avukat Deniz Can K\u0131z\u0131l Antalya Barosu","publisher":{"@id":"https:\/\/denizcankizil.tr\/#organization"},"potentialAction":[{"@type":"SearchAction","target":{"@type":"EntryPoint","urlTemplate":"https:\/\/denizcankizil.tr\/?s={search_term_string}"},"query-input":{"@type":"PropertyValueSpecification","valueRequired":true,"valueName":"search_term_string"}}],"inLanguage":"en-GB"},{"@type":"Organization","@id":"https:\/\/denizcankizil.tr\/#organization","name":"Av. Deniz Can K\u0131z\u0131l","url":"https:\/\/denizcankizil.tr\/","logo":{"@type":"ImageObject","inLanguage":"en-GB","@id":"https:\/\/denizcankizil.tr\/#\/schema\/logo\/image\/","url":"http:\/\/denizcankizil.tr\/wp-content\/uploads\/2024\/10\/siyah-logo-svg.svg","contentUrl":"http:\/\/denizcankizil.tr\/wp-content\/uploads\/2024\/10\/siyah-logo-svg.svg","width":1080,"height":1080,"caption":"Av. Deniz Can K\u0131z\u0131l"},"image":{"@id":"https:\/\/denizcankizil.tr\/#\/schema\/logo\/image\/"}},{"@type":"Person","@id":"https:\/\/denizcankizil.tr\/#\/schema\/person\/001a271de994a0aa3f90eea084424822","name":"Hukuki Haber.net","image":{"@type":"ImageObject","inLanguage":"en-GB","@id":"https:\/\/denizcankizil.tr\/#\/schema\/person\/image\/","url":"https:\/\/secure.gravatar.com\/avatar\/57d8a49151495586611a149d29fc42865b951dc053a84709a3172ccb5abf3118?s=96&d=mm&r=g","contentUrl":"https:\/\/secure.gravatar.com\/avatar\/57d8a49151495586611a149d29fc42865b951dc053a84709a3172ccb5abf3118?s=96&d=mm&r=g","caption":"Hukuki Haber.net"},"sameAs":["http:\/\/www.hukukihaber.net"],"url":"http:\/\/denizcankizil.tr\/en\/author\/hukukihabernet\/"}]}},"_links":{"self":[{"href":"http:\/\/denizcankizil.tr\/en\/wp-json\/wp\/v2\/posts\/24808","targetHints":{"allow":["GET"]}}],"collection":[{"href":"http:\/\/denizcankizil.tr\/en\/wp-json\/wp\/v2\/posts"}],"about":[{"href":"http:\/\/denizcankizil.tr\/en\/wp-json\/wp\/v2\/types\/post"}],"author":[{"embeddable":true,"href":"http:\/\/denizcankizil.tr\/en\/wp-json\/wp\/v2\/users\/3"}],"replies":[{"embeddable":true,"href":"http:\/\/denizcankizil.tr\/en\/wp-json\/wp\/v2\/comments?post=24808"}],"version-history":[{"count":0,"href":"http:\/\/denizcankizil.tr\/en\/wp-json\/wp\/v2\/posts\/24808\/revisions"}],"wp:attachment":[{"href":"http:\/\/denizcankizil.tr\/en\/wp-json\/wp\/v2\/media?parent=24808"}],"wp:term":[{"taxonomy":"category","embeddable":true,"href":"http:\/\/denizcankizil.tr\/en\/wp-json\/wp\/v2\/categories?post=24808"},{"taxonomy":"post_tag","embeddable":true,"href":"http:\/\/denizcankizil.tr\/en\/wp-json\/wp\/v2\/tags?post=24808"}],"curies":[{"name":"wp","href":"https:\/\/api.w.org\/{rel}","templated":true}]}}