{"id":24770,"date":"2025-01-10T12:41:49","date_gmt":"2025-01-10T09:41:49","guid":{"rendered":"https:\/\/denizcankizil.tr\/uncategorized-tr\/kepezde-temel-kazildi\/"},"modified":"2025-01-10T12:41:49","modified_gmt":"2025-01-10T09:41:49","slug":"kepezde-temel-kazildi","status":"publish","type":"post","link":"http:\/\/denizcankizil.tr\/en\/haberler\/antalya\/kepezde-temel-kazildi\/","title":{"rendered":"Kepez&#8217;de temel kaz\u0131ld\u0131"},"content":{"rendered":"<p>\u0130l\u00e7edeki mevcut okullar\u0131n bak\u0131m ve onar\u0131m\u0131n\u0131, bah\u00e7elerin peyzaj d\u00fczenlemesini yapan, oturma mobilyalar\u0131, spor malzemeleri ve di\u011fer ihtiya\u00e7lar\u0131n\u0131 kar\u015f\u0131layan Kepez Belediyesi, yeni okullar\u0131n yap\u0131lmas\u0131na da destek veriyor. Kepez Belediyesi&#8217;nden yap\u0131lan a\u00e7\u0131klamada, belediyenin arsalar\u0131n\u0131 Milli E\u011fitim Bakanl\u0131\u011f\u0131na tahsis ederek yada planl\u0131 okul arsalar\u0131ndaki m\u00fclkiyet ve imar sorunlar\u0131n\u0131 \u00e7\u00f6zerek mahallelerin ihtiya\u00e7 duydu\u011fu okullar\u0131n yap\u0131lmas\u0131n\u0131n \u00f6n\u00fcn\u00fc a\u00e7t\u0131\u011f\u0131 kaydedildi.<\/p>\n<p>Kiri\u015f\u00e7iler&#8217;e 4 s\u0131n\u0131fl\u0131 ek okul binas\u0131<br \/>\nKre\u015fleri, bilim merkezi, k\u00fct\u00fcphaneleri ve e\u011fitim kurslar\u0131yla adeta bir okula d\u00f6n\u00fc\u015fen Kepez Belediyesi, devlet ve hay\u0131rsever eliyle il\u00e7eye kazand\u0131r\u0131lacak olan okullar\u0131n yap\u0131m\u0131na da deste\u011fini esirgemiyor. \u0130l\u00e7enin k\u00f6yden mahalleye d\u00f6n\u00fc\u015fen yerle\u015fim yerlerinden biri olan Kiri\u015f\u00e7iler Mahallesi\u2019ne ek okul binas\u0131 kazand\u0131r\u0131l\u0131yor. Hay\u0131rsever Durmu\u015f Batuk taraf\u0131ndan, artan \u00f6\u011frenci say\u0131s\u0131ndan dolay\u0131 yetersiz kalan Kiri\u015f\u00e7iler \u0130lkokulu\u2019nun bah\u00e7esine 4 s\u0131n\u0131fl\u0131 ek bina in\u015fa ediliyor. Binan\u0131n yap\u0131m\u0131yla ilgili ge\u00e7ti\u011fimiz g\u00fcnlerde Antalya Valili\u011fi\u2019nde protokol imzalanm\u0131\u015ft\u0131.<\/p>\n<p>Kepez ek binan\u0131n temel kaz\u0131s\u0131n\u0131 yapt\u0131<br \/>\nKepez Belediyesi de, ek okul binas\u0131n\u0131n yap\u0131m\u0131nda \u00fczerine d\u00fc\u015fen g\u00f6revi yerine getiriyor. Fen \u0130\u015fleri M\u00fcd\u00fcrl\u00fc\u011f\u00fc, i\u015f makineleriyle okul binas\u0131n\u0131n yap\u0131laca\u011f\u0131 600 metrekare alan\u0131n temel kaz\u0131s\u0131n\u0131 ger\u00e7ekle\u015ftirdi. Bu \u00e7al\u0131\u015fma, ek binan\u0131n daha k\u0131sa s\u00fcrede in\u015fa edilmesine katk\u0131 sa\u011flayacak. Yat\u0131r\u0131m\u0131ndan dolay\u0131 hay\u0131rsever Durmu\u015f Batuk\u2019a te\u015fekk\u00fcr eden Kepez Belediye Ba\u015fkan\u0131 Mesut Kocag\u00f6z, okulun yap\u0131m\u0131yla ilgili talepleri kar\u015f\u0131lamaya devam edeceklerini bildirdi.<br \/>\nBa\u015fkan Mesut Kocag\u00f6z, ziyaret etti\u011fi \u0130l Milli E\u011fitim M\u00fcd\u00fcr\u00fc Salih Kaygusuz\u2019a, il\u00e7ede yeni okul binalar\u0131na ihtiya\u00e7 duyuldu\u011funu, bu konuda Kepez Belediyesinin \u00fczerine d\u00fc\u015feni yapmaya haz\u0131r oldu\u011funu iletti.<br \/>\nMaddi ve manevi her zaman e\u011fitimin ve okullar\u0131n yan\u0131nda olduklar\u0131n\u0131n alt\u0131n\u0131 \u00e7izen Ba\u015fkan Kocag\u00f6z, &#8220;\u00c7ocuklar\u0131m\u0131z\u0131, gen\u00e7lerimizi \u00e7ok seviyoruz. Onlar\u0131n donan\u0131ml\u0131, konforlu binalarda e\u011fitim almalar\u0131n\u0131 istiyoruz. \u00dclkemizin gelece\u011fi olan ve Gazi Mustafa Kemal Atat\u00fcrk\u2019\u00fcn Cumhuriyet&#8217;i emanet etti\u011fi \u00e7ocuklar\u0131m\u0131z\u0131, gen\u00e7lerimizi g\u00fc\u00e7l\u00fc bir \u015fekilde yar\u0131nlara ta\u015f\u0131mak i\u00e7in okullar\u0131m\u0131za deste\u011fimiz artarak s\u00fcrecek. Belediye olarak her zaman e\u011fitimin, okullar\u0131n, \u00e7ocuklar\u0131m\u0131z\u0131n emrindeyiz&#8221; dedi.<\/p>\n<p>Kaynak: www.kanalv.com.tr Haber Sitesinden Al\u0131nm\u0131\u015ft\u0131r.<\/p>","protected":false},"excerpt":{"rendered":"<p>\u0130l\u00e7edeki mevcut okullar\u0131n bak\u0131m ve onar\u0131m\u0131n\u0131, bah\u00e7elerin peyzaj d\u00fczenlemesini yapan, oturma mobilyalar\u0131, spor malzemeleri ve di\u011fer ihtiya\u00e7lar\u0131n\u0131 kar\u015f\u0131layan Kepez Belediyesi, yeni okullar\u0131n yap\u0131lmas\u0131na da destek veriyor. Kepez Belediyesi&#8217;nden yap\u0131lan a\u00e7\u0131klamada, belediyenin arsalar\u0131n\u0131 Milli E\u011fitim Bakanl\u0131\u011f\u0131na tahsis ederek yada planl\u0131 okul arsalar\u0131ndaki m\u00fclkiyet ve imar sorunlar\u0131n\u0131 \u00e7\u00f6zerek mahallelerin ihtiya\u00e7 duydu\u011fu okullar\u0131n yap\u0131lmas\u0131n\u0131n \u00f6n\u00fcn\u00fc a\u00e7t\u0131\u011f\u0131 kaydedildi. Kiri\u015f\u00e7iler&#8217;e 4 s\u0131n\u0131fl\u0131 ek okul binas\u0131 Kre\u015fleri, bilim merkezi, k\u00fct\u00fcphaneleri ve e\u011fitim kurslar\u0131yla adeta bir okula d\u00f6n\u00fc\u015fen Kepez Belediyesi, devlet ve hay\u0131rsever eliyle il\u00e7eye kazand\u0131r\u0131lacak olan okullar\u0131n yap\u0131m\u0131na da deste\u011fini esirgemiyor. \u0130l\u00e7enin k\u00f6yden mahalleye d\u00f6n\u00fc\u015fen yerle\u015fim yerlerinden biri olan Kiri\u015f\u00e7iler Mahallesi\u2019ne ek okul binas\u0131 kazand\u0131r\u0131l\u0131yor. Hay\u0131rsever Durmu\u015f Batuk taraf\u0131ndan, artan \u00f6\u011frenci say\u0131s\u0131ndan dolay\u0131 yetersiz kalan Kiri\u015f\u00e7iler \u0130lkokulu\u2019nun bah\u00e7esine 4 s\u0131n\u0131fl\u0131 ek bina in\u015fa ediliyor. Binan\u0131n yap\u0131m\u0131yla ilgili ge\u00e7ti\u011fimiz g\u00fcnlerde Antalya Valili\u011fi\u2019nde protokol imzalanm\u0131\u015ft\u0131. Kepez ek binan\u0131n temel kaz\u0131s\u0131n\u0131 yapt\u0131 Kepez Belediyesi de, ek okul binas\u0131n\u0131n yap\u0131m\u0131nda \u00fczerine d\u00fc\u015fen g\u00f6revi yerine getiriyor. Fen \u0130\u015fleri M\u00fcd\u00fcrl\u00fc\u011f\u00fc, i\u015f makineleriyle okul binas\u0131n\u0131n yap\u0131laca\u011f\u0131 600 metrekare alan\u0131n temel kaz\u0131s\u0131n\u0131 ger\u00e7ekle\u015ftirdi. Bu \u00e7al\u0131\u015fma, ek binan\u0131n daha k\u0131sa s\u00fcrede in\u015fa edilmesine katk\u0131 sa\u011flayacak. Yat\u0131r\u0131m\u0131ndan dolay\u0131 hay\u0131rsever Durmu\u015f Batuk\u2019a te\u015fekk\u00fcr eden Kepez Belediye Ba\u015fkan\u0131 Mesut Kocag\u00f6z, okulun yap\u0131m\u0131yla ilgili talepleri kar\u015f\u0131lamaya devam edeceklerini bildirdi. Ba\u015fkan Mesut Kocag\u00f6z, ziyaret etti\u011fi \u0130l Milli E\u011fitim M\u00fcd\u00fcr\u00fc Salih &hellip;<\/p>","protected":false},"author":4,"featured_media":24771,"comment_status":"open","ping_status":"open","sticky":false,"template":"","format":"standard","meta":{"_acf_changed":false,"footnotes":""},"categories":[26],"tags":[],"class_list":["post-24770","post","type-post","status-publish","format-standard","has-post-thumbnail","hentry","category-antalya"],"acf":[],"yoast_head":"<!-- This site is optimized with the Yoast SEO Premium plugin v26.6 (Yoast SEO v27.1.1) - https:\/\/yoast.com\/product\/yoast-seo-premium-wordpress\/ -->\n<title>Kepez&#039;de temel kaz\u0131ld\u0131 - Av. Deniz Can K\u0131z\u0131l<\/title>\n<meta name=\"robots\" content=\"index, follow, max-snippet:-1, max-image-preview:large, max-video-preview:-1\" \/>\n<link rel=\"canonical\" href=\"http:\/\/denizcankizil.tr\/en\/haberler\/antalya\/kepezde-temel-kazildi\/\" \/>\n<meta property=\"og:locale\" content=\"en_GB\" \/>\n<meta property=\"og:type\" content=\"article\" \/>\n<meta property=\"og:title\" content=\"Kepez&#039;de temel kaz\u0131ld\u0131\" \/>\n<meta property=\"og:description\" content=\"\u0130l\u00e7edeki mevcut okullar\u0131n bak\u0131m ve onar\u0131m\u0131n\u0131, bah\u00e7elerin peyzaj d\u00fczenlemesini yapan, oturma mobilyalar\u0131, spor malzemeleri ve di\u011fer ihtiya\u00e7lar\u0131n\u0131 kar\u015f\u0131layan Kepez Belediyesi, yeni okullar\u0131n yap\u0131lmas\u0131na da destek veriyor. Kepez Belediyesi&#8217;nden yap\u0131lan a\u00e7\u0131klamada, belediyenin arsalar\u0131n\u0131 Milli E\u011fitim Bakanl\u0131\u011f\u0131na tahsis ederek yada planl\u0131 okul arsalar\u0131ndaki m\u00fclkiyet ve imar sorunlar\u0131n\u0131 \u00e7\u00f6zerek mahallelerin ihtiya\u00e7 duydu\u011fu okullar\u0131n yap\u0131lmas\u0131n\u0131n \u00f6n\u00fcn\u00fc a\u00e7t\u0131\u011f\u0131 kaydedildi. Kiri\u015f\u00e7iler&#8217;e 4 s\u0131n\u0131fl\u0131 ek okul binas\u0131 Kre\u015fleri, bilim merkezi, k\u00fct\u00fcphaneleri ve e\u011fitim kurslar\u0131yla adeta bir okula d\u00f6n\u00fc\u015fen Kepez Belediyesi, devlet ve hay\u0131rsever eliyle il\u00e7eye kazand\u0131r\u0131lacak olan okullar\u0131n yap\u0131m\u0131na da deste\u011fini esirgemiyor. \u0130l\u00e7enin k\u00f6yden mahalleye d\u00f6n\u00fc\u015fen yerle\u015fim yerlerinden biri olan Kiri\u015f\u00e7iler Mahallesi\u2019ne ek okul binas\u0131 kazand\u0131r\u0131l\u0131yor. Hay\u0131rsever Durmu\u015f Batuk taraf\u0131ndan, artan \u00f6\u011frenci say\u0131s\u0131ndan dolay\u0131 yetersiz kalan Kiri\u015f\u00e7iler \u0130lkokulu\u2019nun bah\u00e7esine 4 s\u0131n\u0131fl\u0131 ek bina in\u015fa ediliyor. Binan\u0131n yap\u0131m\u0131yla ilgili ge\u00e7ti\u011fimiz g\u00fcnlerde Antalya Valili\u011fi\u2019nde protokol imzalanm\u0131\u015ft\u0131. Kepez ek binan\u0131n temel kaz\u0131s\u0131n\u0131 yapt\u0131 Kepez Belediyesi de, ek okul binas\u0131n\u0131n yap\u0131m\u0131nda \u00fczerine d\u00fc\u015fen g\u00f6revi yerine getiriyor. Fen \u0130\u015fleri M\u00fcd\u00fcrl\u00fc\u011f\u00fc, i\u015f makineleriyle okul binas\u0131n\u0131n yap\u0131laca\u011f\u0131 600 metrekare alan\u0131n temel kaz\u0131s\u0131n\u0131 ger\u00e7ekle\u015ftirdi. Bu \u00e7al\u0131\u015fma, ek binan\u0131n daha k\u0131sa s\u00fcrede in\u015fa edilmesine katk\u0131 sa\u011flayacak. Yat\u0131r\u0131m\u0131ndan dolay\u0131 hay\u0131rsever Durmu\u015f Batuk\u2019a te\u015fekk\u00fcr eden Kepez Belediye Ba\u015fkan\u0131 Mesut Kocag\u00f6z, okulun yap\u0131m\u0131yla ilgili talepleri kar\u015f\u0131lamaya devam edeceklerini bildirdi. Ba\u015fkan Mesut Kocag\u00f6z, ziyaret etti\u011fi \u0130l Milli E\u011fitim M\u00fcd\u00fcr\u00fc Salih &hellip;\" \/>\n<meta property=\"og:url\" content=\"http:\/\/denizcankizil.tr\/en\/haberler\/antalya\/kepezde-temel-kazildi\/\" \/>\n<meta property=\"og:site_name\" content=\"Av. Deniz Can K\u0131z\u0131l\" \/>\n<meta property=\"article:published_time\" content=\"2025-01-10T09:41:49+00:00\" \/>\n<meta property=\"og:image\" content=\"http:\/\/denizcankizil.tr\/wp-content\/uploads\/2025\/01\/4092-01-17S9Cs.jpeg\" \/>\n\t<meta property=\"og:image:width\" content=\"1280\" \/>\n\t<meta property=\"og:image:height\" content=\"720\" \/>\n\t<meta property=\"og:image:type\" content=\"image\/jpeg\" \/>\n<meta name=\"author\" content=\"Av. Deniz Can K\u0131z\u0131l\" \/>\n<meta name=\"twitter:card\" content=\"summary_large_image\" \/>\n<meta name=\"twitter:label1\" content=\"Written by\" \/>\n\t<meta name=\"twitter:data1\" content=\"Av. Deniz Can K\u0131z\u0131l\" \/>\n\t<meta name=\"twitter:label2\" content=\"Estimated reading time\" \/>\n\t<meta name=\"twitter:data2\" content=\"2 minutes\" \/>\n<script type=\"application\/ld+json\" class=\"yoast-schema-graph\">{\"@context\":\"https:\/\/schema.org\",\"@graph\":[{\"@type\":\"Article\",\"@id\":\"http:\/\/denizcankizil.tr\/en\/haberler\/antalya\/kepezde-temel-kazildi\/#article\",\"isPartOf\":{\"@id\":\"http:\/\/denizcankizil.tr\/en\/haberler\/antalya\/kepezde-temel-kazildi\/\"},\"author\":{\"name\":\"Av. Deniz Can K\u0131z\u0131l\",\"@id\":\"https:\/\/denizcankizil.tr\/#\/schema\/person\/5dc1b22991bd7ac833867c10afc9b0ff\"},\"headline\":\"Kepez&#8217;de temel kaz\u0131ld\u0131\",\"datePublished\":\"2025-01-10T09:41:49+00:00\",\"mainEntityOfPage\":{\"@id\":\"http:\/\/denizcankizil.tr\/en\/haberler\/antalya\/kepezde-temel-kazildi\/\"},\"wordCount\":451,\"commentCount\":0,\"publisher\":{\"@id\":\"https:\/\/denizcankizil.tr\/#organization\"},\"image\":{\"@id\":\"http:\/\/denizcankizil.tr\/en\/haberler\/antalya\/kepezde-temel-kazildi\/#primaryimage\"},\"thumbnailUrl\":\"http:\/\/denizcankizil.tr\/wp-content\/uploads\/2025\/01\/4092-01-17S9Cs.jpeg\",\"articleSection\":[\"Antalya\"],\"inLanguage\":\"en-GB\",\"potentialAction\":[{\"@type\":\"CommentAction\",\"name\":\"Comment\",\"target\":[\"http:\/\/denizcankizil.tr\/en\/haberler\/antalya\/kepezde-temel-kazildi\/#respond\"]}]},{\"@type\":\"WebPage\",\"@id\":\"http:\/\/denizcankizil.tr\/en\/haberler\/antalya\/kepezde-temel-kazildi\/\",\"url\":\"http:\/\/denizcankizil.tr\/en\/haberler\/antalya\/kepezde-temel-kazildi\/\",\"name\":\"Kepez'de temel kaz\u0131ld\u0131 - Av. Deniz Can K\u0131z\u0131l\",\"isPartOf\":{\"@id\":\"https:\/\/denizcankizil.tr\/#website\"},\"primaryImageOfPage\":{\"@id\":\"http:\/\/denizcankizil.tr\/en\/haberler\/antalya\/kepezde-temel-kazildi\/#primaryimage\"},\"image\":{\"@id\":\"http:\/\/denizcankizil.tr\/en\/haberler\/antalya\/kepezde-temel-kazildi\/#primaryimage\"},\"thumbnailUrl\":\"http:\/\/denizcankizil.tr\/wp-content\/uploads\/2025\/01\/4092-01-17S9Cs.jpeg\",\"datePublished\":\"2025-01-10T09:41:49+00:00\",\"breadcrumb\":{\"@id\":\"http:\/\/denizcankizil.tr\/en\/haberler\/antalya\/kepezde-temel-kazildi\/#breadcrumb\"},\"inLanguage\":\"en-GB\",\"potentialAction\":[{\"@type\":\"ReadAction\",\"target\":[\"http:\/\/denizcankizil.tr\/en\/haberler\/antalya\/kepezde-temel-kazildi\/\"]}]},{\"@type\":\"ImageObject\",\"inLanguage\":\"en-GB\",\"@id\":\"http:\/\/denizcankizil.tr\/en\/haberler\/antalya\/kepezde-temel-kazildi\/#primaryimage\",\"url\":\"http:\/\/denizcankizil.tr\/wp-content\/uploads\/2025\/01\/4092-01-17S9Cs.jpeg\",\"contentUrl\":\"http:\/\/denizcankizil.tr\/wp-content\/uploads\/2025\/01\/4092-01-17S9Cs.jpeg\",\"width\":1280,\"height\":720},{\"@type\":\"BreadcrumbList\",\"@id\":\"http:\/\/denizcankizil.tr\/en\/haberler\/antalya\/kepezde-temel-kazildi\/#breadcrumb\",\"itemListElement\":[{\"@type\":\"ListItem\",\"position\":1,\"name\":\"Home\",\"item\":\"https:\/\/denizcankizil.tr\/de\/\"},{\"@type\":\"ListItem\",\"position\":2,\"name\":\"Kepez&#8217;de temel kaz\u0131ld\u0131\"}]},{\"@type\":\"WebSite\",\"@id\":\"https:\/\/denizcankizil.tr\/#website\",\"url\":\"https:\/\/denizcankizil.tr\/\",\"name\":\"Av. Deniz Can K\u0131z\u0131l\",\"description\":\"Avukat Deniz Can K\u0131z\u0131l Antalya Barosu\",\"publisher\":{\"@id\":\"https:\/\/denizcankizil.tr\/#organization\"},\"potentialAction\":[{\"@type\":\"SearchAction\",\"target\":{\"@type\":\"EntryPoint\",\"urlTemplate\":\"https:\/\/denizcankizil.tr\/?s={search_term_string}\"},\"query-input\":{\"@type\":\"PropertyValueSpecification\",\"valueRequired\":true,\"valueName\":\"search_term_string\"}}],\"inLanguage\":\"en-GB\"},{\"@type\":\"Organization\",\"@id\":\"https:\/\/denizcankizil.tr\/#organization\",\"name\":\"Av. Deniz Can K\u0131z\u0131l\",\"url\":\"https:\/\/denizcankizil.tr\/\",\"logo\":{\"@type\":\"ImageObject\",\"inLanguage\":\"en-GB\",\"@id\":\"https:\/\/denizcankizil.tr\/#\/schema\/logo\/image\/\",\"url\":\"http:\/\/denizcankizil.tr\/wp-content\/uploads\/2024\/10\/siyah-logo-svg.svg\",\"contentUrl\":\"http:\/\/denizcankizil.tr\/wp-content\/uploads\/2024\/10\/siyah-logo-svg.svg\",\"width\":1080,\"height\":1080,\"caption\":\"Av. Deniz Can K\u0131z\u0131l\"},\"image\":{\"@id\":\"https:\/\/denizcankizil.tr\/#\/schema\/logo\/image\/\"}},{\"@type\":\"Person\",\"@id\":\"https:\/\/denizcankizil.tr\/#\/schema\/person\/5dc1b22991bd7ac833867c10afc9b0ff\",\"name\":\"Av. Deniz Can K\u0131z\u0131l\",\"image\":{\"@type\":\"ImageObject\",\"inLanguage\":\"en-GB\",\"@id\":\"https:\/\/denizcankizil.tr\/#\/schema\/person\/image\/\",\"url\":\"https:\/\/secure.gravatar.com\/avatar\/a0b128fb9855c79efc976d5640eedb31dc35ec297594d6016d2cf7c60e975bb6?s=96&d=mm&r=g\",\"contentUrl\":\"https:\/\/secure.gravatar.com\/avatar\/a0b128fb9855c79efc976d5640eedb31dc35ec297594d6016d2cf7c60e975bb6?s=96&d=mm&r=g\",\"caption\":\"Av. Deniz Can K\u0131z\u0131l\"},\"sameAs\":[\"http:\/\/www.denizcankizil.tr\"],\"url\":\"http:\/\/denizcankizil.tr\/en\/author\/denizcankizil\/\"}]}<\/script>\n<!-- \/ Yoast SEO Premium plugin. -->","yoast_head_json":{"title":"Kepez'de temel kaz\u0131ld\u0131 - Av. Deniz Can K\u0131z\u0131l","robots":{"index":"index","follow":"follow","max-snippet":"max-snippet:-1","max-image-preview":"max-image-preview:large","max-video-preview":"max-video-preview:-1"},"canonical":"http:\/\/denizcankizil.tr\/en\/haberler\/antalya\/kepezde-temel-kazildi\/","og_locale":"en_GB","og_type":"article","og_title":"Kepez'de temel kaz\u0131ld\u0131","og_description":"\u0130l\u00e7edeki mevcut okullar\u0131n bak\u0131m ve onar\u0131m\u0131n\u0131, bah\u00e7elerin peyzaj d\u00fczenlemesini yapan, oturma mobilyalar\u0131, spor malzemeleri ve di\u011fer ihtiya\u00e7lar\u0131n\u0131 kar\u015f\u0131layan Kepez Belediyesi, yeni okullar\u0131n yap\u0131lmas\u0131na da destek veriyor. Kepez Belediyesi&#8217;nden yap\u0131lan a\u00e7\u0131klamada, belediyenin arsalar\u0131n\u0131 Milli E\u011fitim Bakanl\u0131\u011f\u0131na tahsis ederek yada planl\u0131 okul arsalar\u0131ndaki m\u00fclkiyet ve imar sorunlar\u0131n\u0131 \u00e7\u00f6zerek mahallelerin ihtiya\u00e7 duydu\u011fu okullar\u0131n yap\u0131lmas\u0131n\u0131n \u00f6n\u00fcn\u00fc a\u00e7t\u0131\u011f\u0131 kaydedildi. Kiri\u015f\u00e7iler&#8217;e 4 s\u0131n\u0131fl\u0131 ek okul binas\u0131 Kre\u015fleri, bilim merkezi, k\u00fct\u00fcphaneleri ve e\u011fitim kurslar\u0131yla adeta bir okula d\u00f6n\u00fc\u015fen Kepez Belediyesi, devlet ve hay\u0131rsever eliyle il\u00e7eye kazand\u0131r\u0131lacak olan okullar\u0131n yap\u0131m\u0131na da deste\u011fini esirgemiyor. \u0130l\u00e7enin k\u00f6yden mahalleye d\u00f6n\u00fc\u015fen yerle\u015fim yerlerinden biri olan Kiri\u015f\u00e7iler Mahallesi\u2019ne ek okul binas\u0131 kazand\u0131r\u0131l\u0131yor. Hay\u0131rsever Durmu\u015f Batuk taraf\u0131ndan, artan \u00f6\u011frenci say\u0131s\u0131ndan dolay\u0131 yetersiz kalan Kiri\u015f\u00e7iler \u0130lkokulu\u2019nun bah\u00e7esine 4 s\u0131n\u0131fl\u0131 ek bina in\u015fa ediliyor. Binan\u0131n yap\u0131m\u0131yla ilgili ge\u00e7ti\u011fimiz g\u00fcnlerde Antalya Valili\u011fi\u2019nde protokol imzalanm\u0131\u015ft\u0131. Kepez ek binan\u0131n temel kaz\u0131s\u0131n\u0131 yapt\u0131 Kepez Belediyesi de, ek okul binas\u0131n\u0131n yap\u0131m\u0131nda \u00fczerine d\u00fc\u015fen g\u00f6revi yerine getiriyor. Fen \u0130\u015fleri M\u00fcd\u00fcrl\u00fc\u011f\u00fc, i\u015f makineleriyle okul binas\u0131n\u0131n yap\u0131laca\u011f\u0131 600 metrekare alan\u0131n temel kaz\u0131s\u0131n\u0131 ger\u00e7ekle\u015ftirdi. Bu \u00e7al\u0131\u015fma, ek binan\u0131n daha k\u0131sa s\u00fcrede in\u015fa edilmesine katk\u0131 sa\u011flayacak. Yat\u0131r\u0131m\u0131ndan dolay\u0131 hay\u0131rsever Durmu\u015f Batuk\u2019a te\u015fekk\u00fcr eden Kepez Belediye Ba\u015fkan\u0131 Mesut Kocag\u00f6z, okulun yap\u0131m\u0131yla ilgili talepleri kar\u015f\u0131lamaya devam edeceklerini bildirdi. Ba\u015fkan Mesut Kocag\u00f6z, ziyaret etti\u011fi \u0130l Milli E\u011fitim M\u00fcd\u00fcr\u00fc Salih &hellip;","og_url":"http:\/\/denizcankizil.tr\/en\/haberler\/antalya\/kepezde-temel-kazildi\/","og_site_name":"Av. Deniz Can K\u0131z\u0131l","article_published_time":"2025-01-10T09:41:49+00:00","og_image":[{"width":1280,"height":720,"url":"http:\/\/denizcankizil.tr\/wp-content\/uploads\/2025\/01\/4092-01-17S9Cs.jpeg","type":"image\/jpeg"}],"author":"Av. Deniz Can K\u0131z\u0131l","twitter_card":"summary_large_image","twitter_misc":{"Written by":"Av. Deniz Can K\u0131z\u0131l","Estimated reading time":"2 minutes"},"schema":{"@context":"https:\/\/schema.org","@graph":[{"@type":"Article","@id":"http:\/\/denizcankizil.tr\/en\/haberler\/antalya\/kepezde-temel-kazildi\/#article","isPartOf":{"@id":"http:\/\/denizcankizil.tr\/en\/haberler\/antalya\/kepezde-temel-kazildi\/"},"author":{"name":"Av. Deniz Can K\u0131z\u0131l","@id":"https:\/\/denizcankizil.tr\/#\/schema\/person\/5dc1b22991bd7ac833867c10afc9b0ff"},"headline":"Kepez&#8217;de temel kaz\u0131ld\u0131","datePublished":"2025-01-10T09:41:49+00:00","mainEntityOfPage":{"@id":"http:\/\/denizcankizil.tr\/en\/haberler\/antalya\/kepezde-temel-kazildi\/"},"wordCount":451,"commentCount":0,"publisher":{"@id":"https:\/\/denizcankizil.tr\/#organization"},"image":{"@id":"http:\/\/denizcankizil.tr\/en\/haberler\/antalya\/kepezde-temel-kazildi\/#primaryimage"},"thumbnailUrl":"http:\/\/denizcankizil.tr\/wp-content\/uploads\/2025\/01\/4092-01-17S9Cs.jpeg","articleSection":["Antalya"],"inLanguage":"en-GB","potentialAction":[{"@type":"CommentAction","name":"Comment","target":["http:\/\/denizcankizil.tr\/en\/haberler\/antalya\/kepezde-temel-kazildi\/#respond"]}]},{"@type":"WebPage","@id":"http:\/\/denizcankizil.tr\/en\/haberler\/antalya\/kepezde-temel-kazildi\/","url":"http:\/\/denizcankizil.tr\/en\/haberler\/antalya\/kepezde-temel-kazildi\/","name":"Kepez'de temel kaz\u0131ld\u0131 - Av. Deniz Can K\u0131z\u0131l","isPartOf":{"@id":"https:\/\/denizcankizil.tr\/#website"},"primaryImageOfPage":{"@id":"http:\/\/denizcankizil.tr\/en\/haberler\/antalya\/kepezde-temel-kazildi\/#primaryimage"},"image":{"@id":"http:\/\/denizcankizil.tr\/en\/haberler\/antalya\/kepezde-temel-kazildi\/#primaryimage"},"thumbnailUrl":"http:\/\/denizcankizil.tr\/wp-content\/uploads\/2025\/01\/4092-01-17S9Cs.jpeg","datePublished":"2025-01-10T09:41:49+00:00","breadcrumb":{"@id":"http:\/\/denizcankizil.tr\/en\/haberler\/antalya\/kepezde-temel-kazildi\/#breadcrumb"},"inLanguage":"en-GB","potentialAction":[{"@type":"ReadAction","target":["http:\/\/denizcankizil.tr\/en\/haberler\/antalya\/kepezde-temel-kazildi\/"]}]},{"@type":"ImageObject","inLanguage":"en-GB","@id":"http:\/\/denizcankizil.tr\/en\/haberler\/antalya\/kepezde-temel-kazildi\/#primaryimage","url":"http:\/\/denizcankizil.tr\/wp-content\/uploads\/2025\/01\/4092-01-17S9Cs.jpeg","contentUrl":"http:\/\/denizcankizil.tr\/wp-content\/uploads\/2025\/01\/4092-01-17S9Cs.jpeg","width":1280,"height":720},{"@type":"BreadcrumbList","@id":"http:\/\/denizcankizil.tr\/en\/haberler\/antalya\/kepezde-temel-kazildi\/#breadcrumb","itemListElement":[{"@type":"ListItem","position":1,"name":"Home","item":"https:\/\/denizcankizil.tr\/de\/"},{"@type":"ListItem","position":2,"name":"Kepez&#8217;de temel kaz\u0131ld\u0131"}]},{"@type":"WebSite","@id":"https:\/\/denizcankizil.tr\/#website","url":"https:\/\/denizcankizil.tr\/","name":"Av. Deniz Can K\u0131z\u0131l","description":"Avukat Deniz Can K\u0131z\u0131l Antalya Barosu","publisher":{"@id":"https:\/\/denizcankizil.tr\/#organization"},"potentialAction":[{"@type":"SearchAction","target":{"@type":"EntryPoint","urlTemplate":"https:\/\/denizcankizil.tr\/?s={search_term_string}"},"query-input":{"@type":"PropertyValueSpecification","valueRequired":true,"valueName":"search_term_string"}}],"inLanguage":"en-GB"},{"@type":"Organization","@id":"https:\/\/denizcankizil.tr\/#organization","name":"Av. Deniz Can K\u0131z\u0131l","url":"https:\/\/denizcankizil.tr\/","logo":{"@type":"ImageObject","inLanguage":"en-GB","@id":"https:\/\/denizcankizil.tr\/#\/schema\/logo\/image\/","url":"http:\/\/denizcankizil.tr\/wp-content\/uploads\/2024\/10\/siyah-logo-svg.svg","contentUrl":"http:\/\/denizcankizil.tr\/wp-content\/uploads\/2024\/10\/siyah-logo-svg.svg","width":1080,"height":1080,"caption":"Av. Deniz Can K\u0131z\u0131l"},"image":{"@id":"https:\/\/denizcankizil.tr\/#\/schema\/logo\/image\/"}},{"@type":"Person","@id":"https:\/\/denizcankizil.tr\/#\/schema\/person\/5dc1b22991bd7ac833867c10afc9b0ff","name":"Av. Deniz Can K\u0131z\u0131l","image":{"@type":"ImageObject","inLanguage":"en-GB","@id":"https:\/\/denizcankizil.tr\/#\/schema\/person\/image\/","url":"https:\/\/secure.gravatar.com\/avatar\/a0b128fb9855c79efc976d5640eedb31dc35ec297594d6016d2cf7c60e975bb6?s=96&d=mm&r=g","contentUrl":"https:\/\/secure.gravatar.com\/avatar\/a0b128fb9855c79efc976d5640eedb31dc35ec297594d6016d2cf7c60e975bb6?s=96&d=mm&r=g","caption":"Av. Deniz Can K\u0131z\u0131l"},"sameAs":["http:\/\/www.denizcankizil.tr"],"url":"http:\/\/denizcankizil.tr\/en\/author\/denizcankizil\/"}]}},"_links":{"self":[{"href":"http:\/\/denizcankizil.tr\/en\/wp-json\/wp\/v2\/posts\/24770","targetHints":{"allow":["GET"]}}],"collection":[{"href":"http:\/\/denizcankizil.tr\/en\/wp-json\/wp\/v2\/posts"}],"about":[{"href":"http:\/\/denizcankizil.tr\/en\/wp-json\/wp\/v2\/types\/post"}],"author":[{"embeddable":true,"href":"http:\/\/denizcankizil.tr\/en\/wp-json\/wp\/v2\/users\/4"}],"replies":[{"embeddable":true,"href":"http:\/\/denizcankizil.tr\/en\/wp-json\/wp\/v2\/comments?post=24770"}],"version-history":[{"count":0,"href":"http:\/\/denizcankizil.tr\/en\/wp-json\/wp\/v2\/posts\/24770\/revisions"}],"wp:featuredmedia":[{"embeddable":true,"href":"http:\/\/denizcankizil.tr\/en\/wp-json\/wp\/v2\/media\/24771"}],"wp:attachment":[{"href":"http:\/\/denizcankizil.tr\/en\/wp-json\/wp\/v2\/media?parent=24770"}],"wp:term":[{"taxonomy":"category","embeddable":true,"href":"http:\/\/denizcankizil.tr\/en\/wp-json\/wp\/v2\/categories?post=24770"},{"taxonomy":"post_tag","embeddable":true,"href":"http:\/\/denizcankizil.tr\/en\/wp-json\/wp\/v2\/tags?post=24770"}],"curies":[{"name":"wp","href":"https:\/\/api.w.org\/{rel}","templated":true}]}}