{"id":24755,"date":"2025-01-10T09:41:14","date_gmt":"2025-01-10T06:41:14","guid":{"rendered":"https:\/\/denizcankizil.tr\/uncategorized-tr\/diyanetten-sosyal-medya-ogudu-kirici-dislayici-ve-otekilestirici-olmayin\/"},"modified":"2025-01-10T09:41:14","modified_gmt":"2025-01-10T06:41:14","slug":"diyanetten-sosyal-medya-ogudu-kirici-dislayici-ve-otekilestirici-olmayin","status":"publish","type":"post","link":"http:\/\/denizcankizil.tr\/en\/haberler\/gundem\/diyanetten-sosyal-medya-ogudu-kirici-dislayici-ve-otekilestirici-olmayin\/","title":{"rendered":"Diyanetten sosyal medya \u00f6\u011f\u00fcd\u00fc: K\u0131r\u0131c\u0131, d\u0131\u015flay\u0131c\u0131 ve \u00f6tekile\u015ftirici olmay\u0131n"},"content":{"rendered":"<p>Diyanet \u0130\u015fleri Ba\u015fkanl\u0131\u011f\u0131\u2019n\u0131n \u2018Merkez-Ta\u015fra Bulu\u015fmalar\u0131\u2019 toplant\u0131s\u0131n\u0131n Antalya aya\u011f\u0131 Muratpa\u015fa \u0130l\u00e7e M\u00fcft\u00fcl\u00fc\u011f\u00fc ev sahipli\u011finde yap\u0131ld\u0131. Programlarda ilk olarak &#8220;Dijital D\u00fcnyada Dini De\u011ferlerin Temsili&#8221; konulu konferans ger\u00e7ekle\u015fti. Dini Yay\u0131nlar Genel M\u00fcd\u00fcr\u00fc Cafer Tayyar Doymaz, &#8220;Dijital D\u00fcnyada Dini De\u011ferlerin Temsili&#8221; konulu konferans verdi. Diyanet \u0130\u015fleri Ba\u015fkanl\u0131\u011f\u0131n\u0131n hizmet alanlar\u0131n\u0131 anlatan Doymaz, \u201cY\u00fcz y\u00fcze vaazlar\u0131m\u0131zda, sosyal mecrada, dijital ortamlarda Kur\u2019an ve s\u00fcnnet \u00e7izgisinden asla taviz vermeden \u00e7al\u0131\u015fmalar\u0131m\u0131z\u0131 y\u00fcr\u00fctmeye gayret ediyoruz\u201d \u015feklinde konu\u015ftu.<\/p>\n<p>SORUNLARIN \u00c7\u00d6Z\u00dcM\u00dcNE KATKI SA\u011eLAYACAK<\/p>\n<p>Meltem Cami \u0130mam Hatibi Mustafa Karabulut\u2019un Kur&#8217;an-\u0131 Kerim tilaveti ile ba\u015flayan konferans\u0131n a\u00e7\u0131\u015f konu\u015fmas\u0131nda Antalya \u0130l M\u00fcft\u00fcs\u00fc Nazif Fethi Yal\u00e7\u0131nkaya, kat\u0131l\u0131mc\u0131lara te\u015fekk\u00fcr ederek, bulu\u015fman\u0131n ba\u015fkanl\u0131\u011f\u0131m\u0131z hizmetlerinin etkin ve verimli bir \u015fekilde y\u00fcr\u00fct\u00fclmesi, merkez ve ta\u015fra te\u015fkilat\u0131 aras\u0131ndaki ileti\u015fimin g\u00fc\u00e7lendirilmesi, sahada \u00e7al\u0131\u015fan personelin motivasyonunun art\u0131r\u0131lmas\u0131 ve faaliyetlerinin yerinde g\u00f6r\u00fclmesi, ya\u015fan\u0131lan sorunlar\u0131n \u00e7\u00f6z\u00fcm\u00fcne katk\u0131 sa\u011flanmas\u0131 ad\u0131na f\u0131rsat oldu\u011funu ifade etti.<\/p>\n<p>H\u0130ZMET ALANLARINIO ANLATTI<\/p>\n<p>Ard\u0131ndan k\u00fcrs\u00fcye gelen Dini Yay\u0131nlar Genel M\u00fcd\u00fcr\u00fc Cafer Tayyar Doymaz, &#8220;Dijital D\u00fcnyada Dini De\u011ferlerin Temsili&#8221; konulu konferans verdi. Diyanet \u0130\u015fleri Ba\u015fkanl\u0131\u011f\u0131n\u0131n hizmet alanlar\u0131ndan bahseden Doymaz, \u201cY\u00fcz y\u00fcze vaazlar\u0131m\u0131zda, sosyal mecrada, dijital ortamlarda Kur\u2019an ve s\u00fcnnet \u00e7izgisinden asla taviz vermeden \u00e7al\u0131\u015fmalar\u0131m\u0131z\u0131 y\u00fcr\u00fctmeye gayret ediyoruz. \u00dcretti\u011finiz i\u00e7eriklere, sohbetlere kesinlikle yap\u0131c\u0131 bir \u00fcslup, ku\u015fat\u0131c\u0131 bir yakla\u015f\u0131m ve hikmetli bir dil hakim olmal\u0131. K\u0131r\u0131c\u0131, d\u0131\u015flay\u0131c\u0131 ve \u00f6tekile\u015ftirici tav\u0131rlardan uzak durmal\u0131y\u0131z, sak\u0131nmal\u0131y\u0131z\u201d ifadelerini kulland\u0131.<\/p>\n<p>G\u00d6R\u00dc\u015e ALI\u015eVER\u0130\u015e\u0130NDE BULUNULDU<\/p>\n<p>\u0130kinci b\u00f6l\u00fcm\u00fcnde \u00fc\u00e7 toplant\u0131n\u0131n ayn\u0131 saatte ger\u00e7ekle\u015ftirildi\u011fi bulu\u015fmada Dini Yay\u0131nlar Genel M\u00fcd\u00fcr\u00fc Cafer Tayyar Doymaz, vaizler, Din hizmetleri uzmanlar\u0131 ve e\u011fitim uzmanlar\u0131 ile bulu\u015furken, Yabanc\u0131 Dil ve Leh\u00e7elerde Yay\u0131nlar Daire Ba\u015fkan\u0131 Fatih Karazeybek, \u015fube m\u00fcd\u00fcrleri, murak\u0131plar, \u015fefler ve daire personelleri ile Program ve Materyal Geli\u015ftirme Daire Ba\u015fkan\u0131 Muammer \u015eahin ise imam hatip, m\u00fcezzin kayy\u0131m ve Kur\u2019an kursu \u00f6\u011freticileri ile bir araya geldi. Bulu\u015fman\u0131n son b\u00f6l\u00fcm\u00fcnde ise il m\u00fcft\u00fc yard\u0131mc\u0131lar\u0131 ve 19 il\u00e7e m\u00fcft\u00fcs\u00fc ile bir toplant\u0131 ger\u00e7ekle\u015ftirildi. Toplant\u0131da \u0130l M\u00fcft\u00fcs\u00fc Nazif Fethi Yal\u00e7\u0131nkaya da faaliyet bilgilendirme yapt\u0131. Bulu\u015fma, Din hizmetlerinin ifa edilmesinde mahallinde kar\u015f\u0131la\u015f\u0131lan sorunlar ve \u00e7\u00f6z\u00fcm \u00f6nerilerinin dile getirilmesinin ard\u0131ndan sona erdi.<\/p>\n<p>\u00a0<\/p>\n<p>\u200bAntalya \u0130l M\u00fcft\u00fcl\u00fc\u011f\u00fc taraf\u0131ndan Diyanet \u0130\u015fleri Ba\u015fkanl\u0131\u011f\u0131\u2019n\u0131n \u201cMerkez-Ta\u015fra Bulu\u015fmalar\u0131\u201d ger\u00e7ekle\u015ftirildi. Toplant\u0131da s\u00f6z alan Dini Yay\u0131nlar Genel M\u00fcd\u00fcr\u00fc Cafer Tayyar Doymaz, \u201cSosyal medyada ger\u00e7ekle\u015fen vaazlar\u0131m\u0131zda k\u0131r\u0131c\u0131, d\u0131\u015flay\u0131c\u0131 ve \u00f6tekile\u015ftirici tav\u0131rlardan uzak durmal\u0131y\u0131z\u201d diye konu\u015ftu.\u00a0<\/p>\n<p>\u200bHaberin Al\u0131nt\u0131land\u0131\u011f\u0131 Kaynak: www.antalyakorfez.com<\/p>","protected":false},"excerpt":{"rendered":"<p>Diyanet \u0130\u015fleri Ba\u015fkanl\u0131\u011f\u0131\u2019n\u0131n \u2018Merkez-Ta\u015fra Bulu\u015fmalar\u0131\u2019 toplant\u0131s\u0131n\u0131n Antalya aya\u011f\u0131 Muratpa\u015fa \u0130l\u00e7e M\u00fcft\u00fcl\u00fc\u011f\u00fc ev sahipli\u011finde yap\u0131ld\u0131. Programlarda ilk olarak &#8220;Dijital D\u00fcnyada Dini De\u011ferlerin Temsili&#8221; konulu konferans ger\u00e7ekle\u015fti. Dini Yay\u0131nlar Genel M\u00fcd\u00fcr\u00fc Cafer Tayyar Doymaz, &#8220;Dijital D\u00fcnyada Dini De\u011ferlerin Temsili&#8221; konulu konferans verdi. Diyanet \u0130\u015fleri Ba\u015fkanl\u0131\u011f\u0131n\u0131n hizmet alanlar\u0131n\u0131 anlatan Doymaz, \u201cY\u00fcz y\u00fcze vaazlar\u0131m\u0131zda, sosyal mecrada, dijital ortamlarda Kur\u2019an ve s\u00fcnnet \u00e7izgisinden asla taviz vermeden \u00e7al\u0131\u015fmalar\u0131m\u0131z\u0131 y\u00fcr\u00fctmeye gayret ediyoruz\u201d \u015feklinde konu\u015ftu. SORUNLARIN \u00c7\u00d6Z\u00dcM\u00dcNE KATKI SA\u011eLAYACAK Meltem Cami \u0130mam Hatibi Mustafa Karabulut\u2019un Kur&#8217;an-\u0131 Kerim tilaveti ile ba\u015flayan konferans\u0131n a\u00e7\u0131\u015f konu\u015fmas\u0131nda Antalya \u0130l M\u00fcft\u00fcs\u00fc Nazif Fethi Yal\u00e7\u0131nkaya, kat\u0131l\u0131mc\u0131lara te\u015fekk\u00fcr ederek, bulu\u015fman\u0131n ba\u015fkanl\u0131\u011f\u0131m\u0131z hizmetlerinin etkin ve verimli bir \u015fekilde y\u00fcr\u00fct\u00fclmesi, merkez ve ta\u015fra te\u015fkilat\u0131 aras\u0131ndaki ileti\u015fimin g\u00fc\u00e7lendirilmesi, sahada \u00e7al\u0131\u015fan personelin motivasyonunun art\u0131r\u0131lmas\u0131 ve faaliyetlerinin yerinde g\u00f6r\u00fclmesi, ya\u015fan\u0131lan sorunlar\u0131n \u00e7\u00f6z\u00fcm\u00fcne katk\u0131 sa\u011flanmas\u0131 ad\u0131na f\u0131rsat oldu\u011funu ifade etti. H\u0130ZMET ALANLARINIO ANLATTI Ard\u0131ndan k\u00fcrs\u00fcye gelen Dini Yay\u0131nlar Genel M\u00fcd\u00fcr\u00fc Cafer Tayyar Doymaz, &#8220;Dijital D\u00fcnyada Dini De\u011ferlerin Temsili&#8221; konulu konferans verdi. Diyanet \u0130\u015fleri Ba\u015fkanl\u0131\u011f\u0131n\u0131n hizmet alanlar\u0131ndan bahseden Doymaz, \u201cY\u00fcz y\u00fcze vaazlar\u0131m\u0131zda, sosyal mecrada, dijital ortamlarda Kur\u2019an ve s\u00fcnnet \u00e7izgisinden asla taviz vermeden \u00e7al\u0131\u015fmalar\u0131m\u0131z\u0131 y\u00fcr\u00fctmeye gayret ediyoruz. \u00dcretti\u011finiz i\u00e7eriklere, sohbetlere kesinlikle yap\u0131c\u0131 bir \u00fcslup, ku\u015fat\u0131c\u0131 bir yakla\u015f\u0131m ve hikmetli bir dil hakim olmal\u0131. K\u0131r\u0131c\u0131, d\u0131\u015flay\u0131c\u0131 ve \u00f6tekile\u015ftirici tav\u0131rlardan uzak durmal\u0131y\u0131z, sak\u0131nmal\u0131y\u0131z\u201d ifadelerini &hellip;<\/p>","protected":false},"author":5,"featured_media":0,"comment_status":"open","ping_status":"open","sticky":false,"template":"","format":"standard","meta":{"_acf_changed":false,"footnotes":""},"categories":[24],"tags":[],"class_list":["post-24755","post","type-post","status-publish","format-standard","has-post-thumbnail","hentry","category-gundem"],"acf":[],"yoast_head":"<!-- This site is optimized with the Yoast SEO Premium plugin v26.6 (Yoast SEO v27.1.1) - https:\/\/yoast.com\/product\/yoast-seo-premium-wordpress\/ -->\n<title>Diyanetten sosyal medya \u00f6\u011f\u00fcd\u00fc: K\u0131r\u0131c\u0131, d\u0131\u015flay\u0131c\u0131 ve \u00f6tekile\u015ftirici olmay\u0131n - Av. Deniz Can K\u0131z\u0131l<\/title>\n<meta name=\"robots\" content=\"index, follow, max-snippet:-1, max-image-preview:large, max-video-preview:-1\" \/>\n<link rel=\"canonical\" href=\"https:\/\/denizcankizil.tr\/en\/haberler\/gundem\/diyanetten-sosyal-medya-ogudu-kirici-dislayici-ve-otekilestirici-olmayin\/\" \/>\n<meta property=\"og:locale\" content=\"en_GB\" \/>\n<meta property=\"og:type\" content=\"article\" \/>\n<meta property=\"og:title\" content=\"Diyanetten sosyal medya \u00f6\u011f\u00fcd\u00fc: K\u0131r\u0131c\u0131, d\u0131\u015flay\u0131c\u0131 ve \u00f6tekile\u015ftirici olmay\u0131n\" \/>\n<meta property=\"og:description\" content=\"Diyanet \u0130\u015fleri Ba\u015fkanl\u0131\u011f\u0131\u2019n\u0131n \u2018Merkez-Ta\u015fra Bulu\u015fmalar\u0131\u2019 toplant\u0131s\u0131n\u0131n Antalya aya\u011f\u0131 Muratpa\u015fa \u0130l\u00e7e M\u00fcft\u00fcl\u00fc\u011f\u00fc ev sahipli\u011finde yap\u0131ld\u0131. Programlarda ilk olarak &#8220;Dijital D\u00fcnyada Dini De\u011ferlerin Temsili&#8221; konulu konferans ger\u00e7ekle\u015fti. Dini Yay\u0131nlar Genel M\u00fcd\u00fcr\u00fc Cafer Tayyar Doymaz, &#8220;Dijital D\u00fcnyada Dini De\u011ferlerin Temsili&#8221; konulu konferans verdi. Diyanet \u0130\u015fleri Ba\u015fkanl\u0131\u011f\u0131n\u0131n hizmet alanlar\u0131n\u0131 anlatan Doymaz, \u201cY\u00fcz y\u00fcze vaazlar\u0131m\u0131zda, sosyal mecrada, dijital ortamlarda Kur\u2019an ve s\u00fcnnet \u00e7izgisinden asla taviz vermeden \u00e7al\u0131\u015fmalar\u0131m\u0131z\u0131 y\u00fcr\u00fctmeye gayret ediyoruz\u201d \u015feklinde konu\u015ftu. SORUNLARIN \u00c7\u00d6Z\u00dcM\u00dcNE KATKI SA\u011eLAYACAK Meltem Cami \u0130mam Hatibi Mustafa Karabulut\u2019un Kur&#8217;an-\u0131 Kerim tilaveti ile ba\u015flayan konferans\u0131n a\u00e7\u0131\u015f konu\u015fmas\u0131nda Antalya \u0130l M\u00fcft\u00fcs\u00fc Nazif Fethi Yal\u00e7\u0131nkaya, kat\u0131l\u0131mc\u0131lara te\u015fekk\u00fcr ederek, bulu\u015fman\u0131n ba\u015fkanl\u0131\u011f\u0131m\u0131z hizmetlerinin etkin ve verimli bir \u015fekilde y\u00fcr\u00fct\u00fclmesi, merkez ve ta\u015fra te\u015fkilat\u0131 aras\u0131ndaki ileti\u015fimin g\u00fc\u00e7lendirilmesi, sahada \u00e7al\u0131\u015fan personelin motivasyonunun art\u0131r\u0131lmas\u0131 ve faaliyetlerinin yerinde g\u00f6r\u00fclmesi, ya\u015fan\u0131lan sorunlar\u0131n \u00e7\u00f6z\u00fcm\u00fcne katk\u0131 sa\u011flanmas\u0131 ad\u0131na f\u0131rsat oldu\u011funu ifade etti. H\u0130ZMET ALANLARINIO ANLATTI Ard\u0131ndan k\u00fcrs\u00fcye gelen Dini Yay\u0131nlar Genel M\u00fcd\u00fcr\u00fc Cafer Tayyar Doymaz, &#8220;Dijital D\u00fcnyada Dini De\u011ferlerin Temsili&#8221; konulu konferans verdi. Diyanet \u0130\u015fleri Ba\u015fkanl\u0131\u011f\u0131n\u0131n hizmet alanlar\u0131ndan bahseden Doymaz, \u201cY\u00fcz y\u00fcze vaazlar\u0131m\u0131zda, sosyal mecrada, dijital ortamlarda Kur\u2019an ve s\u00fcnnet \u00e7izgisinden asla taviz vermeden \u00e7al\u0131\u015fmalar\u0131m\u0131z\u0131 y\u00fcr\u00fctmeye gayret ediyoruz. \u00dcretti\u011finiz i\u00e7eriklere, sohbetlere kesinlikle yap\u0131c\u0131 bir \u00fcslup, ku\u015fat\u0131c\u0131 bir yakla\u015f\u0131m ve hikmetli bir dil hakim olmal\u0131. K\u0131r\u0131c\u0131, d\u0131\u015flay\u0131c\u0131 ve \u00f6tekile\u015ftirici tav\u0131rlardan uzak durmal\u0131y\u0131z, sak\u0131nmal\u0131y\u0131z\u201d ifadelerini &hellip;\" \/>\n<meta property=\"og:url\" content=\"https:\/\/denizcankizil.tr\/en\/haberler\/gundem\/diyanetten-sosyal-medya-ogudu-kirici-dislayici-ve-otekilestirici-olmayin\/\" \/>\n<meta property=\"og:site_name\" content=\"Av. Deniz Can K\u0131z\u0131l\" \/>\n<meta property=\"article:published_time\" content=\"2025-01-10T06:41:14+00:00\" \/>\n<meta name=\"author\" content=\"Antalya K\u00f6rfez\" \/>\n<meta name=\"twitter:card\" content=\"summary_large_image\" \/>\n<meta name=\"twitter:label1\" content=\"Written by\" \/>\n\t<meta name=\"twitter:data1\" content=\"Antalya K\u00f6rfez\" \/>\n\t<meta name=\"twitter:label2\" content=\"Estimated reading time\" \/>\n\t<meta name=\"twitter:data2\" content=\"3 minutes\" \/>\n<script type=\"application\/ld+json\" class=\"yoast-schema-graph\">{\"@context\":\"https:\/\/schema.org\",\"@graph\":[{\"@type\":\"Article\",\"@id\":\"https:\/\/denizcankizil.tr\/haberler\/gundem\/diyanetten-sosyal-medya-ogudu-kirici-dislayici-ve-otekilestirici-olmayin\/#article\",\"isPartOf\":{\"@id\":\"https:\/\/denizcankizil.tr\/haberler\/gundem\/diyanetten-sosyal-medya-ogudu-kirici-dislayici-ve-otekilestirici-olmayin\/\"},\"author\":{\"name\":\"Antalya K\u00f6rfez\",\"@id\":\"https:\/\/denizcankizil.tr\/#\/schema\/person\/e1eb71bb4dd684d46563f0af307e1234\"},\"headline\":\"Diyanetten sosyal medya \u00f6\u011f\u00fcd\u00fc: K\u0131r\u0131c\u0131, d\u0131\u015flay\u0131c\u0131 ve \u00f6tekile\u015ftirici olmay\u0131n\",\"datePublished\":\"2025-01-10T06:41:14+00:00\",\"mainEntityOfPage\":{\"@id\":\"https:\/\/denizcankizil.tr\/haberler\/gundem\/diyanetten-sosyal-medya-ogudu-kirici-dislayici-ve-otekilestirici-olmayin\/\"},\"wordCount\":563,\"commentCount\":0,\"publisher\":{\"@id\":\"https:\/\/denizcankizil.tr\/#organization\"},\"articleSection\":[\"G\u00fcndem\"],\"inLanguage\":\"en-GB\",\"potentialAction\":[{\"@type\":\"CommentAction\",\"name\":\"Comment\",\"target\":[\"https:\/\/denizcankizil.tr\/haberler\/gundem\/diyanetten-sosyal-medya-ogudu-kirici-dislayici-ve-otekilestirici-olmayin\/#respond\"]}]},{\"@type\":\"WebPage\",\"@id\":\"https:\/\/denizcankizil.tr\/haberler\/gundem\/diyanetten-sosyal-medya-ogudu-kirici-dislayici-ve-otekilestirici-olmayin\/\",\"url\":\"https:\/\/denizcankizil.tr\/haberler\/gundem\/diyanetten-sosyal-medya-ogudu-kirici-dislayici-ve-otekilestirici-olmayin\/\",\"name\":\"Diyanetten sosyal medya \u00f6\u011f\u00fcd\u00fc: K\u0131r\u0131c\u0131, d\u0131\u015flay\u0131c\u0131 ve \u00f6tekile\u015ftirici olmay\u0131n - Av. Deniz Can K\u0131z\u0131l\",\"isPartOf\":{\"@id\":\"https:\/\/denizcankizil.tr\/#website\"},\"datePublished\":\"2025-01-10T06:41:14+00:00\",\"breadcrumb\":{\"@id\":\"https:\/\/denizcankizil.tr\/haberler\/gundem\/diyanetten-sosyal-medya-ogudu-kirici-dislayici-ve-otekilestirici-olmayin\/#breadcrumb\"},\"inLanguage\":\"en-GB\",\"potentialAction\":[{\"@type\":\"ReadAction\",\"target\":[\"https:\/\/denizcankizil.tr\/haberler\/gundem\/diyanetten-sosyal-medya-ogudu-kirici-dislayici-ve-otekilestirici-olmayin\/\"]}]},{\"@type\":\"BreadcrumbList\",\"@id\":\"https:\/\/denizcankizil.tr\/haberler\/gundem\/diyanetten-sosyal-medya-ogudu-kirici-dislayici-ve-otekilestirici-olmayin\/#breadcrumb\",\"itemListElement\":[{\"@type\":\"ListItem\",\"position\":1,\"name\":\"Home\",\"item\":\"https:\/\/denizcankizil.tr\/uk\/\"},{\"@type\":\"ListItem\",\"position\":2,\"name\":\"Diyanetten sosyal medya \u00f6\u011f\u00fcd\u00fc: K\u0131r\u0131c\u0131, d\u0131\u015flay\u0131c\u0131 ve \u00f6tekile\u015ftirici olmay\u0131n\"}]},{\"@type\":\"WebSite\",\"@id\":\"https:\/\/denizcankizil.tr\/#website\",\"url\":\"https:\/\/denizcankizil.tr\/\",\"name\":\"Av. Deniz Can K\u0131z\u0131l\",\"description\":\"Avukat Deniz Can K\u0131z\u0131l Antalya Barosu\",\"publisher\":{\"@id\":\"https:\/\/denizcankizil.tr\/#organization\"},\"potentialAction\":[{\"@type\":\"SearchAction\",\"target\":{\"@type\":\"EntryPoint\",\"urlTemplate\":\"https:\/\/denizcankizil.tr\/?s={search_term_string}\"},\"query-input\":{\"@type\":\"PropertyValueSpecification\",\"valueRequired\":true,\"valueName\":\"search_term_string\"}}],\"inLanguage\":\"en-GB\"},{\"@type\":\"Organization\",\"@id\":\"https:\/\/denizcankizil.tr\/#organization\",\"name\":\"Av. Deniz Can K\u0131z\u0131l\",\"url\":\"https:\/\/denizcankizil.tr\/\",\"logo\":{\"@type\":\"ImageObject\",\"inLanguage\":\"en-GB\",\"@id\":\"https:\/\/denizcankizil.tr\/#\/schema\/logo\/image\/\",\"url\":\"http:\/\/denizcankizil.tr\/wp-content\/uploads\/2024\/10\/siyah-logo-svg.svg\",\"contentUrl\":\"http:\/\/denizcankizil.tr\/wp-content\/uploads\/2024\/10\/siyah-logo-svg.svg\",\"width\":1080,\"height\":1080,\"caption\":\"Av. Deniz Can K\u0131z\u0131l\"},\"image\":{\"@id\":\"https:\/\/denizcankizil.tr\/#\/schema\/logo\/image\/\"}},{\"@type\":\"Person\",\"@id\":\"https:\/\/denizcankizil.tr\/#\/schema\/person\/e1eb71bb4dd684d46563f0af307e1234\",\"name\":\"Antalya K\u00f6rfez\",\"image\":{\"@type\":\"ImageObject\",\"inLanguage\":\"en-GB\",\"@id\":\"https:\/\/denizcankizil.tr\/#\/schema\/person\/image\/\",\"url\":\"https:\/\/secure.gravatar.com\/avatar\/42b01982558a48a0b501fdcab6a408d3717ea5919095ee2e67b0e521799c5905?s=96&d=mm&r=g\",\"contentUrl\":\"https:\/\/secure.gravatar.com\/avatar\/42b01982558a48a0b501fdcab6a408d3717ea5919095ee2e67b0e521799c5905?s=96&d=mm&r=g\",\"caption\":\"Antalya K\u00f6rfez\"},\"sameAs\":[\"http:\/\/www.antalyakorfez.com\"],\"url\":\"https:\/\/www.antalyakorfez.com\/diyanetten-sosyal-medya-ogudu-kirici-dislayici-ve-otekilestirici-olmayin\"}]}<\/script>\n<!-- \/ Yoast SEO Premium plugin. -->","yoast_head_json":{"title":"Diyanetten sosyal medya \u00f6\u011f\u00fcd\u00fc: K\u0131r\u0131c\u0131, d\u0131\u015flay\u0131c\u0131 ve \u00f6tekile\u015ftirici olmay\u0131n - Av. Deniz Can K\u0131z\u0131l","robots":{"index":"index","follow":"follow","max-snippet":"max-snippet:-1","max-image-preview":"max-image-preview:large","max-video-preview":"max-video-preview:-1"},"canonical":"https:\/\/denizcankizil.tr\/en\/haberler\/gundem\/diyanetten-sosyal-medya-ogudu-kirici-dislayici-ve-otekilestirici-olmayin\/","og_locale":"en_GB","og_type":"article","og_title":"Diyanetten sosyal medya \u00f6\u011f\u00fcd\u00fc: K\u0131r\u0131c\u0131, d\u0131\u015flay\u0131c\u0131 ve \u00f6tekile\u015ftirici olmay\u0131n","og_description":"Diyanet \u0130\u015fleri Ba\u015fkanl\u0131\u011f\u0131\u2019n\u0131n \u2018Merkez-Ta\u015fra Bulu\u015fmalar\u0131\u2019 toplant\u0131s\u0131n\u0131n Antalya aya\u011f\u0131 Muratpa\u015fa \u0130l\u00e7e M\u00fcft\u00fcl\u00fc\u011f\u00fc ev sahipli\u011finde yap\u0131ld\u0131. Programlarda ilk olarak &#8220;Dijital D\u00fcnyada Dini De\u011ferlerin Temsili&#8221; konulu konferans ger\u00e7ekle\u015fti. Dini Yay\u0131nlar Genel M\u00fcd\u00fcr\u00fc Cafer Tayyar Doymaz, &#8220;Dijital D\u00fcnyada Dini De\u011ferlerin Temsili&#8221; konulu konferans verdi. Diyanet \u0130\u015fleri Ba\u015fkanl\u0131\u011f\u0131n\u0131n hizmet alanlar\u0131n\u0131 anlatan Doymaz, \u201cY\u00fcz y\u00fcze vaazlar\u0131m\u0131zda, sosyal mecrada, dijital ortamlarda Kur\u2019an ve s\u00fcnnet \u00e7izgisinden asla taviz vermeden \u00e7al\u0131\u015fmalar\u0131m\u0131z\u0131 y\u00fcr\u00fctmeye gayret ediyoruz\u201d \u015feklinde konu\u015ftu. SORUNLARIN \u00c7\u00d6Z\u00dcM\u00dcNE KATKI SA\u011eLAYACAK Meltem Cami \u0130mam Hatibi Mustafa Karabulut\u2019un Kur&#8217;an-\u0131 Kerim tilaveti ile ba\u015flayan konferans\u0131n a\u00e7\u0131\u015f konu\u015fmas\u0131nda Antalya \u0130l M\u00fcft\u00fcs\u00fc Nazif Fethi Yal\u00e7\u0131nkaya, kat\u0131l\u0131mc\u0131lara te\u015fekk\u00fcr ederek, bulu\u015fman\u0131n ba\u015fkanl\u0131\u011f\u0131m\u0131z hizmetlerinin etkin ve verimli bir \u015fekilde y\u00fcr\u00fct\u00fclmesi, merkez ve ta\u015fra te\u015fkilat\u0131 aras\u0131ndaki ileti\u015fimin g\u00fc\u00e7lendirilmesi, sahada \u00e7al\u0131\u015fan personelin motivasyonunun art\u0131r\u0131lmas\u0131 ve faaliyetlerinin yerinde g\u00f6r\u00fclmesi, ya\u015fan\u0131lan sorunlar\u0131n \u00e7\u00f6z\u00fcm\u00fcne katk\u0131 sa\u011flanmas\u0131 ad\u0131na f\u0131rsat oldu\u011funu ifade etti. H\u0130ZMET ALANLARINIO ANLATTI Ard\u0131ndan k\u00fcrs\u00fcye gelen Dini Yay\u0131nlar Genel M\u00fcd\u00fcr\u00fc Cafer Tayyar Doymaz, &#8220;Dijital D\u00fcnyada Dini De\u011ferlerin Temsili&#8221; konulu konferans verdi. Diyanet \u0130\u015fleri Ba\u015fkanl\u0131\u011f\u0131n\u0131n hizmet alanlar\u0131ndan bahseden Doymaz, \u201cY\u00fcz y\u00fcze vaazlar\u0131m\u0131zda, sosyal mecrada, dijital ortamlarda Kur\u2019an ve s\u00fcnnet \u00e7izgisinden asla taviz vermeden \u00e7al\u0131\u015fmalar\u0131m\u0131z\u0131 y\u00fcr\u00fctmeye gayret ediyoruz. \u00dcretti\u011finiz i\u00e7eriklere, sohbetlere kesinlikle yap\u0131c\u0131 bir \u00fcslup, ku\u015fat\u0131c\u0131 bir yakla\u015f\u0131m ve hikmetli bir dil hakim olmal\u0131. K\u0131r\u0131c\u0131, d\u0131\u015flay\u0131c\u0131 ve \u00f6tekile\u015ftirici tav\u0131rlardan uzak durmal\u0131y\u0131z, sak\u0131nmal\u0131y\u0131z\u201d ifadelerini &hellip;","og_url":"https:\/\/denizcankizil.tr\/en\/haberler\/gundem\/diyanetten-sosyal-medya-ogudu-kirici-dislayici-ve-otekilestirici-olmayin\/","og_site_name":"Av. Deniz Can K\u0131z\u0131l","article_published_time":"2025-01-10T06:41:14+00:00","author":"Antalya K\u00f6rfez","twitter_card":"summary_large_image","twitter_misc":{"Written by":"Antalya K\u00f6rfez","Estimated reading time":"3 minutes"},"schema":{"@context":"https:\/\/schema.org","@graph":[{"@type":"Article","@id":"https:\/\/denizcankizil.tr\/haberler\/gundem\/diyanetten-sosyal-medya-ogudu-kirici-dislayici-ve-otekilestirici-olmayin\/#article","isPartOf":{"@id":"https:\/\/denizcankizil.tr\/haberler\/gundem\/diyanetten-sosyal-medya-ogudu-kirici-dislayici-ve-otekilestirici-olmayin\/"},"author":{"name":"Antalya K\u00f6rfez","@id":"https:\/\/denizcankizil.tr\/#\/schema\/person\/e1eb71bb4dd684d46563f0af307e1234"},"headline":"Diyanetten sosyal medya \u00f6\u011f\u00fcd\u00fc: K\u0131r\u0131c\u0131, d\u0131\u015flay\u0131c\u0131 ve \u00f6tekile\u015ftirici olmay\u0131n","datePublished":"2025-01-10T06:41:14+00:00","mainEntityOfPage":{"@id":"https:\/\/denizcankizil.tr\/haberler\/gundem\/diyanetten-sosyal-medya-ogudu-kirici-dislayici-ve-otekilestirici-olmayin\/"},"wordCount":563,"commentCount":0,"publisher":{"@id":"https:\/\/denizcankizil.tr\/#organization"},"articleSection":["G\u00fcndem"],"inLanguage":"en-GB","potentialAction":[{"@type":"CommentAction","name":"Comment","target":["https:\/\/denizcankizil.tr\/haberler\/gundem\/diyanetten-sosyal-medya-ogudu-kirici-dislayici-ve-otekilestirici-olmayin\/#respond"]}]},{"@type":"WebPage","@id":"https:\/\/denizcankizil.tr\/haberler\/gundem\/diyanetten-sosyal-medya-ogudu-kirici-dislayici-ve-otekilestirici-olmayin\/","url":"https:\/\/denizcankizil.tr\/haberler\/gundem\/diyanetten-sosyal-medya-ogudu-kirici-dislayici-ve-otekilestirici-olmayin\/","name":"Diyanetten sosyal medya \u00f6\u011f\u00fcd\u00fc: K\u0131r\u0131c\u0131, d\u0131\u015flay\u0131c\u0131 ve \u00f6tekile\u015ftirici olmay\u0131n - Av. Deniz Can K\u0131z\u0131l","isPartOf":{"@id":"https:\/\/denizcankizil.tr\/#website"},"datePublished":"2025-01-10T06:41:14+00:00","breadcrumb":{"@id":"https:\/\/denizcankizil.tr\/haberler\/gundem\/diyanetten-sosyal-medya-ogudu-kirici-dislayici-ve-otekilestirici-olmayin\/#breadcrumb"},"inLanguage":"en-GB","potentialAction":[{"@type":"ReadAction","target":["https:\/\/denizcankizil.tr\/haberler\/gundem\/diyanetten-sosyal-medya-ogudu-kirici-dislayici-ve-otekilestirici-olmayin\/"]}]},{"@type":"BreadcrumbList","@id":"https:\/\/denizcankizil.tr\/haberler\/gundem\/diyanetten-sosyal-medya-ogudu-kirici-dislayici-ve-otekilestirici-olmayin\/#breadcrumb","itemListElement":[{"@type":"ListItem","position":1,"name":"Home","item":"https:\/\/denizcankizil.tr\/uk\/"},{"@type":"ListItem","position":2,"name":"Diyanetten sosyal medya \u00f6\u011f\u00fcd\u00fc: K\u0131r\u0131c\u0131, d\u0131\u015flay\u0131c\u0131 ve \u00f6tekile\u015ftirici olmay\u0131n"}]},{"@type":"WebSite","@id":"https:\/\/denizcankizil.tr\/#website","url":"https:\/\/denizcankizil.tr\/","name":"Av. Deniz Can K\u0131z\u0131l","description":"Avukat Deniz Can K\u0131z\u0131l Antalya Barosu","publisher":{"@id":"https:\/\/denizcankizil.tr\/#organization"},"potentialAction":[{"@type":"SearchAction","target":{"@type":"EntryPoint","urlTemplate":"https:\/\/denizcankizil.tr\/?s={search_term_string}"},"query-input":{"@type":"PropertyValueSpecification","valueRequired":true,"valueName":"search_term_string"}}],"inLanguage":"en-GB"},{"@type":"Organization","@id":"https:\/\/denizcankizil.tr\/#organization","name":"Av. Deniz Can K\u0131z\u0131l","url":"https:\/\/denizcankizil.tr\/","logo":{"@type":"ImageObject","inLanguage":"en-GB","@id":"https:\/\/denizcankizil.tr\/#\/schema\/logo\/image\/","url":"http:\/\/denizcankizil.tr\/wp-content\/uploads\/2024\/10\/siyah-logo-svg.svg","contentUrl":"http:\/\/denizcankizil.tr\/wp-content\/uploads\/2024\/10\/siyah-logo-svg.svg","width":1080,"height":1080,"caption":"Av. Deniz Can K\u0131z\u0131l"},"image":{"@id":"https:\/\/denizcankizil.tr\/#\/schema\/logo\/image\/"}},{"@type":"Person","@id":"https:\/\/denizcankizil.tr\/#\/schema\/person\/e1eb71bb4dd684d46563f0af307e1234","name":"Antalya K\u00f6rfez","image":{"@type":"ImageObject","inLanguage":"en-GB","@id":"https:\/\/denizcankizil.tr\/#\/schema\/person\/image\/","url":"https:\/\/secure.gravatar.com\/avatar\/42b01982558a48a0b501fdcab6a408d3717ea5919095ee2e67b0e521799c5905?s=96&d=mm&r=g","contentUrl":"https:\/\/secure.gravatar.com\/avatar\/42b01982558a48a0b501fdcab6a408d3717ea5919095ee2e67b0e521799c5905?s=96&d=mm&r=g","caption":"Antalya K\u00f6rfez"},"sameAs":["http:\/\/www.antalyakorfez.com"],"url":"https:\/\/www.antalyakorfez.com\/diyanetten-sosyal-medya-ogudu-kirici-dislayici-ve-otekilestirici-olmayin"}]}},"_links":{"self":[{"href":"http:\/\/denizcankizil.tr\/en\/wp-json\/wp\/v2\/posts\/24755","targetHints":{"allow":["GET"]}}],"collection":[{"href":"http:\/\/denizcankizil.tr\/en\/wp-json\/wp\/v2\/posts"}],"about":[{"href":"http:\/\/denizcankizil.tr\/en\/wp-json\/wp\/v2\/types\/post"}],"author":[{"embeddable":true,"href":"http:\/\/denizcankizil.tr\/en\/wp-json\/wp\/v2\/users\/5"}],"replies":[{"embeddable":true,"href":"http:\/\/denizcankizil.tr\/en\/wp-json\/wp\/v2\/comments?post=24755"}],"version-history":[{"count":0,"href":"http:\/\/denizcankizil.tr\/en\/wp-json\/wp\/v2\/posts\/24755\/revisions"}],"wp:attachment":[{"href":"http:\/\/denizcankizil.tr\/en\/wp-json\/wp\/v2\/media?parent=24755"}],"wp:term":[{"taxonomy":"category","embeddable":true,"href":"http:\/\/denizcankizil.tr\/en\/wp-json\/wp\/v2\/categories?post=24755"},{"taxonomy":"post_tag","embeddable":true,"href":"http:\/\/denizcankizil.tr\/en\/wp-json\/wp\/v2\/tags?post=24755"}],"curies":[{"name":"wp","href":"https:\/\/api.w.org\/{rel}","templated":true}]}}