{"id":24711,"date":"2025-01-09T19:41:14","date_gmt":"2025-01-09T16:41:14","guid":{"rendered":"https:\/\/denizcankizil.tr\/uncategorized-tr\/baskan-kocagoz-basin-icin-yasayi-degistirin\/"},"modified":"2025-01-09T19:41:14","modified_gmt":"2025-01-09T16:41:14","slug":"baskan-kocagoz-basin-icin-yasayi-degistirin","status":"publish","type":"post","link":"http:\/\/denizcankizil.tr\/en\/haberler\/gundem\/baskan-kocagoz-basin-icin-yasayi-degistirin\/","title":{"rendered":"Ba\u015fkan Kocag\u00f6z: Bas\u0131n i\u00e7in yasay\u0131 de\u011fi\u015ftirin!"},"content":{"rendered":"<p>Kepez Belediye Ba\u015fkan\u0131 Mesut Kocag\u00f6z, 10 Ocak \u00c7al\u0131\u015fan Gazeteciler G\u00fcn\u00fc nedeniyle mesaj yay\u0131nlad\u0131. Ba\u011f\u0131ms\u0131z ve tarafs\u0131z bas\u0131n\u0131n olmad\u0131\u011f\u0131 bir \u00fclkede demokrasiden ve \u00f6zg\u00fcrl\u00fcklerden s\u00f6z edilemeyece\u011fini belirten Ba\u015fkan Kocag\u00f6z, \u201cDemokrasilerde ya\u015famsal rol \u00fcstlenen bas\u0131n\u0131n bu g\u00fcc\u00fc ve konumu, ona \u00f6nemli sorumluluklar da y\u00fcklemektedir\u201d dedi.<\/p>\n<p>BASIN \u00dcZER\u0130NE D\u00dc\u015eEN YAPACAKTIR<\/p>\n<p>Bas\u0131n\u0131n elde etti\u011fi g\u00fcc\u00fc, kontroll\u00fc bir bi\u00e7imde kullanmas\u0131 gerekti\u011fini belirten Kocag\u00f6z, \u201cBas\u0131n organlar\u0131n\u0131n \u00f6d\u00fcns\u00fczce uygulayacaklar\u0131na inand\u0131\u011f\u0131m\u0131z bu yakla\u015f\u0131m\u0131n, bas\u0131n \u00f6zg\u00fcrl\u00fc\u011f\u00fcn\u00fc ve dolay\u0131s\u0131yla demokratik geli\u015fmeyi s\u00fcrekli k\u0131laca\u011f\u0131 yads\u0131namaz. Ki\u015fi haklar\u0131na, \u00f6zel ya\u015fama sayg\u0131, sorumlu yay\u0131nc\u0131l\u0131k anlay\u0131\u015f\u0131n\u0131n gere\u011fidir. Bas\u0131n\u0131m\u0131z\u0131n bu konuda \u00fczerine d\u00fc\u015fenleri yapaca\u011f\u0131 ve bu ilkelerden sapanlar\u0131 d\u0131\u015flayaca\u011f\u0131 ku\u015fkusuzdur\u201d ifadelerini kulland\u0131.\u00a0<\/p>\n<p>S\u0130YASAL ERKE D\u00dc\u015eEN SORUMLULUKLAR\u00a0<\/p>\n<p>Bas\u0131n \u00e7al\u0131\u015fanlar\u0131n\u0131n, \u00f6zg\u00fcr bir ortamda yaln\u0131zca evrensel meslek ilkeleriyle hareket edebilecekleri \u00e7al\u0131\u015fma olanaklar\u0131 sunulmas\u0131 gerekti\u011fini vurgulayan Kocag\u00f6z, \u015funlar\u0131 kaydetti: \u201cBu konuda siyasal erke b\u00fcy\u00fck sorumluluklar d\u00fc\u015fmektedir. Yasalarda bas\u0131n \u00f6zg\u00fcrl\u00fc\u011f\u00fcn\u00fc k\u0131s\u0131tlay\u0131c\u0131 kurallar kald\u0131r\u0131larak, bas\u0131n \u00e7al\u0131\u015fanlar\u0131n\u0131n halk\u0131 en iyi bi\u00e7imde bilgilendirmeleri ve g\u00f6revlerini rahat\u00e7a yapmalar\u0131 sa\u011flanmal\u0131d\u0131r.\u201d<\/p>\n<p>CUMHUR\u0130YET EMEKTARLARI\u00a0<\/p>\n<p>Bas\u0131n\u0131n, Cumhuriyet&#8217;in kazan\u0131mlar\u0131n\u0131n korunmas\u0131, \u00f6zg\u00fcrl\u00fcklerin geli\u015ftirilmesi ve demokratik de\u011ferlerin yerle\u015ftirilmesinde katk\u0131lar\u0131n\u0131 s\u00fcrd\u00fcrece\u011fine de\u011finen Ba\u015fkan Kocag\u00f6z, mesaj\u0131n\u0131 \u015fu ifadelerle tamamlad\u0131: \u201cG\u00f6revlerini yaparken ya\u015famlar\u0131n\u0131 yitiren t\u00fcm bas\u0131n \u00e7al\u0131\u015fanlar\u0131n\u0131 sayg\u0131yla an\u0131yor, \u00a0bas\u0131n\u0131m\u0131z\u0131n sorunlar\u0131n\u0131n bir an \u00f6nce \u00e7\u00f6z\u00fclmesini umut ediyorum. 10 Ocak \u00c7al\u0131\u015fan Gazeteciler G\u00fcn\u00fc&#8217;n\u00fcz\u00fc can\u0131 g\u00f6n\u00fclden kutluyor, t\u00fcm gazetecilere esenlikler diliyorum.\u201d<\/p>\n<p>\u200bKepez Belediye Ba\u015fkan\u0131 Mesut Kocag\u00f6z, bas\u0131n \u00e7al\u0131\u015fanlar\u0131n\u0131n halk\u0131 en iyi bi\u00e7imde bilgilendirmeleri ve g\u00f6revlerini rahat\u00e7a yapmalar\u0131 i\u00e7in yasalarda bas\u0131n \u00f6zg\u00fcrl\u00fc\u011f\u00fcn\u00fc k\u0131s\u0131tlay\u0131c\u0131 kurallar\u0131n kald\u0131r\u0131lmas\u0131 gerekti\u011fini ifade etti\u00a0<\/p>\n<p>\u200bHaberin Al\u0131nt\u0131land\u0131\u011f\u0131 Kaynak: www.antalyakorfez.com<\/p>","protected":false},"excerpt":{"rendered":"<p>Kepez Belediye Ba\u015fkan\u0131 Mesut Kocag\u00f6z, 10 Ocak \u00c7al\u0131\u015fan Gazeteciler G\u00fcn\u00fc nedeniyle mesaj yay\u0131nlad\u0131. Ba\u011f\u0131ms\u0131z ve tarafs\u0131z bas\u0131n\u0131n olmad\u0131\u011f\u0131 bir \u00fclkede demokrasiden ve \u00f6zg\u00fcrl\u00fcklerden s\u00f6z edilemeyece\u011fini belirten Ba\u015fkan Kocag\u00f6z, \u201cDemokrasilerde ya\u015famsal rol \u00fcstlenen bas\u0131n\u0131n bu g\u00fcc\u00fc ve konumu, ona \u00f6nemli sorumluluklar da y\u00fcklemektedir\u201d dedi. BASIN \u00dcZER\u0130NE D\u00dc\u015eEN YAPACAKTIR Bas\u0131n\u0131n elde etti\u011fi g\u00fcc\u00fc, kontroll\u00fc bir bi\u00e7imde kullanmas\u0131 gerekti\u011fini belirten Kocag\u00f6z, \u201cBas\u0131n organlar\u0131n\u0131n \u00f6d\u00fcns\u00fczce uygulayacaklar\u0131na inand\u0131\u011f\u0131m\u0131z bu yakla\u015f\u0131m\u0131n, bas\u0131n \u00f6zg\u00fcrl\u00fc\u011f\u00fcn\u00fc ve dolay\u0131s\u0131yla demokratik geli\u015fmeyi s\u00fcrekli k\u0131laca\u011f\u0131 yads\u0131namaz. Ki\u015fi haklar\u0131na, \u00f6zel ya\u015fama sayg\u0131, sorumlu yay\u0131nc\u0131l\u0131k anlay\u0131\u015f\u0131n\u0131n gere\u011fidir. Bas\u0131n\u0131m\u0131z\u0131n bu konuda \u00fczerine d\u00fc\u015fenleri yapaca\u011f\u0131 ve bu ilkelerden sapanlar\u0131 d\u0131\u015flayaca\u011f\u0131 ku\u015fkusuzdur\u201d ifadelerini kulland\u0131.\u00a0 S\u0130YASAL ERKE D\u00dc\u015eEN SORUMLULUKLAR\u00a0 Bas\u0131n \u00e7al\u0131\u015fanlar\u0131n\u0131n, \u00f6zg\u00fcr bir ortamda yaln\u0131zca evrensel meslek ilkeleriyle hareket edebilecekleri \u00e7al\u0131\u015fma olanaklar\u0131 sunulmas\u0131 gerekti\u011fini vurgulayan Kocag\u00f6z, \u015funlar\u0131 kaydetti: \u201cBu konuda siyasal erke b\u00fcy\u00fck sorumluluklar d\u00fc\u015fmektedir. Yasalarda bas\u0131n \u00f6zg\u00fcrl\u00fc\u011f\u00fcn\u00fc k\u0131s\u0131tlay\u0131c\u0131 kurallar kald\u0131r\u0131larak, bas\u0131n \u00e7al\u0131\u015fanlar\u0131n\u0131n halk\u0131 en iyi bi\u00e7imde bilgilendirmeleri ve g\u00f6revlerini rahat\u00e7a yapmalar\u0131 sa\u011flanmal\u0131d\u0131r.\u201d CUMHUR\u0130YET EMEKTARLARI\u00a0 Bas\u0131n\u0131n, Cumhuriyet&#8217;in kazan\u0131mlar\u0131n\u0131n korunmas\u0131, \u00f6zg\u00fcrl\u00fcklerin geli\u015ftirilmesi ve demokratik de\u011ferlerin yerle\u015ftirilmesinde katk\u0131lar\u0131n\u0131 s\u00fcrd\u00fcrece\u011fine de\u011finen Ba\u015fkan Kocag\u00f6z, mesaj\u0131n\u0131 \u015fu ifadelerle tamamlad\u0131: \u201cG\u00f6revlerini yaparken ya\u015famlar\u0131n\u0131 yitiren t\u00fcm bas\u0131n \u00e7al\u0131\u015fanlar\u0131n\u0131 sayg\u0131yla an\u0131yor, \u00a0bas\u0131n\u0131m\u0131z\u0131n sorunlar\u0131n\u0131n bir an \u00f6nce \u00e7\u00f6z\u00fclmesini umut ediyorum. 10 Ocak \u00c7al\u0131\u015fan Gazeteciler G\u00fcn\u00fc&#8217;n\u00fcz\u00fc can\u0131 g\u00f6n\u00fclden kutluyor, t\u00fcm gazetecilere esenlikler diliyorum.\u201d \u200bKepez Belediye Ba\u015fkan\u0131 Mesut Kocag\u00f6z, &hellip;<\/p>","protected":false},"author":5,"featured_media":0,"comment_status":"open","ping_status":"open","sticky":false,"template":"","format":"standard","meta":{"_acf_changed":false,"footnotes":""},"categories":[24],"tags":[],"class_list":["post-24711","post","type-post","status-publish","format-standard","has-post-thumbnail","hentry","category-gundem"],"acf":[],"yoast_head":"<!-- This site is optimized with the Yoast SEO Premium plugin v26.6 (Yoast SEO v27.1.1) - https:\/\/yoast.com\/product\/yoast-seo-premium-wordpress\/ -->\n<title>Ba\u015fkan Kocag\u00f6z: Bas\u0131n i\u00e7in yasay\u0131 de\u011fi\u015ftirin! - Av. Deniz Can K\u0131z\u0131l<\/title>\n<meta name=\"robots\" content=\"index, follow, max-snippet:-1, max-image-preview:large, max-video-preview:-1\" \/>\n<link rel=\"canonical\" href=\"http:\/\/denizcankizil.tr\/en\/haberler\/gundem\/baskan-kocagoz-basin-icin-yasayi-degistirin\/\" \/>\n<meta property=\"og:locale\" content=\"en_GB\" \/>\n<meta property=\"og:type\" content=\"article\" \/>\n<meta property=\"og:title\" content=\"Ba\u015fkan Kocag\u00f6z: Bas\u0131n i\u00e7in yasay\u0131 de\u011fi\u015ftirin!\" \/>\n<meta property=\"og:description\" content=\"Kepez Belediye Ba\u015fkan\u0131 Mesut Kocag\u00f6z, 10 Ocak \u00c7al\u0131\u015fan Gazeteciler G\u00fcn\u00fc nedeniyle mesaj yay\u0131nlad\u0131. Ba\u011f\u0131ms\u0131z ve tarafs\u0131z bas\u0131n\u0131n olmad\u0131\u011f\u0131 bir \u00fclkede demokrasiden ve \u00f6zg\u00fcrl\u00fcklerden s\u00f6z edilemeyece\u011fini belirten Ba\u015fkan Kocag\u00f6z, \u201cDemokrasilerde ya\u015famsal rol \u00fcstlenen bas\u0131n\u0131n bu g\u00fcc\u00fc ve konumu, ona \u00f6nemli sorumluluklar da y\u00fcklemektedir\u201d dedi. BASIN \u00dcZER\u0130NE D\u00dc\u015eEN YAPACAKTIR Bas\u0131n\u0131n elde etti\u011fi g\u00fcc\u00fc, kontroll\u00fc bir bi\u00e7imde kullanmas\u0131 gerekti\u011fini belirten Kocag\u00f6z, \u201cBas\u0131n organlar\u0131n\u0131n \u00f6d\u00fcns\u00fczce uygulayacaklar\u0131na inand\u0131\u011f\u0131m\u0131z bu yakla\u015f\u0131m\u0131n, bas\u0131n \u00f6zg\u00fcrl\u00fc\u011f\u00fcn\u00fc ve dolay\u0131s\u0131yla demokratik geli\u015fmeyi s\u00fcrekli k\u0131laca\u011f\u0131 yads\u0131namaz. Ki\u015fi haklar\u0131na, \u00f6zel ya\u015fama sayg\u0131, sorumlu yay\u0131nc\u0131l\u0131k anlay\u0131\u015f\u0131n\u0131n gere\u011fidir. Bas\u0131n\u0131m\u0131z\u0131n bu konuda \u00fczerine d\u00fc\u015fenleri yapaca\u011f\u0131 ve bu ilkelerden sapanlar\u0131 d\u0131\u015flayaca\u011f\u0131 ku\u015fkusuzdur\u201d ifadelerini kulland\u0131.\u00a0 S\u0130YASAL ERKE D\u00dc\u015eEN SORUMLULUKLAR\u00a0 Bas\u0131n \u00e7al\u0131\u015fanlar\u0131n\u0131n, \u00f6zg\u00fcr bir ortamda yaln\u0131zca evrensel meslek ilkeleriyle hareket edebilecekleri \u00e7al\u0131\u015fma olanaklar\u0131 sunulmas\u0131 gerekti\u011fini vurgulayan Kocag\u00f6z, \u015funlar\u0131 kaydetti: \u201cBu konuda siyasal erke b\u00fcy\u00fck sorumluluklar d\u00fc\u015fmektedir. Yasalarda bas\u0131n \u00f6zg\u00fcrl\u00fc\u011f\u00fcn\u00fc k\u0131s\u0131tlay\u0131c\u0131 kurallar kald\u0131r\u0131larak, bas\u0131n \u00e7al\u0131\u015fanlar\u0131n\u0131n halk\u0131 en iyi bi\u00e7imde bilgilendirmeleri ve g\u00f6revlerini rahat\u00e7a yapmalar\u0131 sa\u011flanmal\u0131d\u0131r.\u201d CUMHUR\u0130YET EMEKTARLARI\u00a0 Bas\u0131n\u0131n, Cumhuriyet&#8217;in kazan\u0131mlar\u0131n\u0131n korunmas\u0131, \u00f6zg\u00fcrl\u00fcklerin geli\u015ftirilmesi ve demokratik de\u011ferlerin yerle\u015ftirilmesinde katk\u0131lar\u0131n\u0131 s\u00fcrd\u00fcrece\u011fine de\u011finen Ba\u015fkan Kocag\u00f6z, mesaj\u0131n\u0131 \u015fu ifadelerle tamamlad\u0131: \u201cG\u00f6revlerini yaparken ya\u015famlar\u0131n\u0131 yitiren t\u00fcm bas\u0131n \u00e7al\u0131\u015fanlar\u0131n\u0131 sayg\u0131yla an\u0131yor, \u00a0bas\u0131n\u0131m\u0131z\u0131n sorunlar\u0131n\u0131n bir an \u00f6nce \u00e7\u00f6z\u00fclmesini umut ediyorum. 10 Ocak \u00c7al\u0131\u015fan Gazeteciler G\u00fcn\u00fc&#8217;n\u00fcz\u00fc can\u0131 g\u00f6n\u00fclden kutluyor, t\u00fcm gazetecilere esenlikler diliyorum.\u201d \u200bKepez Belediye Ba\u015fkan\u0131 Mesut Kocag\u00f6z, &hellip;\" \/>\n<meta property=\"og:url\" content=\"http:\/\/denizcankizil.tr\/en\/haberler\/gundem\/baskan-kocagoz-basin-icin-yasayi-degistirin\/\" \/>\n<meta property=\"og:site_name\" content=\"Av. Deniz Can K\u0131z\u0131l\" \/>\n<meta property=\"article:published_time\" content=\"2025-01-09T16:41:14+00:00\" \/>\n<meta name=\"author\" content=\"Antalya K\u00f6rfez\" \/>\n<meta name=\"twitter:card\" content=\"summary_large_image\" \/>\n<meta name=\"twitter:label1\" content=\"Written by\" \/>\n\t<meta name=\"twitter:data1\" content=\"Antalya K\u00f6rfez\" \/>\n\t<meta name=\"twitter:label2\" content=\"Estimated reading time\" \/>\n\t<meta name=\"twitter:data2\" content=\"2 minutes\" \/>\n<script type=\"application\/ld+json\" class=\"yoast-schema-graph\">{\"@context\":\"https:\/\/schema.org\",\"@graph\":[{\"@type\":\"Article\",\"@id\":\"http:\/\/denizcankizil.tr\/en\/haberler\/gundem\/baskan-kocagoz-basin-icin-yasayi-degistirin\/#article\",\"isPartOf\":{\"@id\":\"http:\/\/denizcankizil.tr\/en\/haberler\/gundem\/baskan-kocagoz-basin-icin-yasayi-degistirin\/\"},\"author\":{\"name\":\"Antalya K\u00f6rfez\",\"@id\":\"https:\/\/denizcankizil.tr\/de\/#\/schema\/person\/e1eb71bb4dd684d46563f0af307e1234\"},\"headline\":\"Ba\u015fkan Kocag\u00f6z: Bas\u0131n i\u00e7in yasay\u0131 de\u011fi\u015ftirin!\",\"datePublished\":\"2025-01-09T16:41:14+00:00\",\"mainEntityOfPage\":{\"@id\":\"http:\/\/denizcankizil.tr\/en\/haberler\/gundem\/baskan-kocagoz-basin-icin-yasayi-degistirin\/\"},\"wordCount\":400,\"commentCount\":0,\"publisher\":{\"@id\":\"https:\/\/denizcankizil.tr\/de\/#organization\"},\"articleSection\":[\"G\u00fcndem\"],\"inLanguage\":\"en-GB\",\"potentialAction\":[{\"@type\":\"CommentAction\",\"name\":\"Comment\",\"target\":[\"http:\/\/denizcankizil.tr\/en\/haberler\/gundem\/baskan-kocagoz-basin-icin-yasayi-degistirin\/#respond\"]}]},{\"@type\":\"WebPage\",\"@id\":\"http:\/\/denizcankizil.tr\/en\/haberler\/gundem\/baskan-kocagoz-basin-icin-yasayi-degistirin\/\",\"url\":\"http:\/\/denizcankizil.tr\/en\/haberler\/gundem\/baskan-kocagoz-basin-icin-yasayi-degistirin\/\",\"name\":\"Ba\u015fkan Kocag\u00f6z: Bas\u0131n i\u00e7in yasay\u0131 de\u011fi\u015ftirin! - Av. Deniz Can K\u0131z\u0131l\",\"isPartOf\":{\"@id\":\"https:\/\/denizcankizil.tr\/de\/#website\"},\"datePublished\":\"2025-01-09T16:41:14+00:00\",\"breadcrumb\":{\"@id\":\"http:\/\/denizcankizil.tr\/en\/haberler\/gundem\/baskan-kocagoz-basin-icin-yasayi-degistirin\/#breadcrumb\"},\"inLanguage\":\"en-GB\",\"potentialAction\":[{\"@type\":\"ReadAction\",\"target\":[\"http:\/\/denizcankizil.tr\/en\/haberler\/gundem\/baskan-kocagoz-basin-icin-yasayi-degistirin\/\"]}]},{\"@type\":\"BreadcrumbList\",\"@id\":\"http:\/\/denizcankizil.tr\/en\/haberler\/gundem\/baskan-kocagoz-basin-icin-yasayi-degistirin\/#breadcrumb\",\"itemListElement\":[{\"@type\":\"ListItem\",\"position\":1,\"name\":\"Home\",\"item\":\"https:\/\/denizcankizil.tr\/de\/\"},{\"@type\":\"ListItem\",\"position\":2,\"name\":\"Ba\u015fkan Kocag\u00f6z: Bas\u0131n i\u00e7in yasay\u0131 de\u011fi\u015ftirin!\"}]},{\"@type\":\"WebSite\",\"@id\":\"https:\/\/denizcankizil.tr\/de\/#website\",\"url\":\"https:\/\/denizcankizil.tr\/de\/\",\"name\":\"Av. Deniz Can K\u0131z\u0131l\",\"description\":\"Avukat Deniz Can K\u0131z\u0131l Antalya Barosu\",\"publisher\":{\"@id\":\"https:\/\/denizcankizil.tr\/de\/#organization\"},\"potentialAction\":[{\"@type\":\"SearchAction\",\"target\":{\"@type\":\"EntryPoint\",\"urlTemplate\":\"https:\/\/denizcankizil.tr\/de\/?s={search_term_string}\"},\"query-input\":{\"@type\":\"PropertyValueSpecification\",\"valueRequired\":true,\"valueName\":\"search_term_string\"}}],\"inLanguage\":\"en-GB\"},{\"@type\":\"Organization\",\"@id\":\"https:\/\/denizcankizil.tr\/de\/#organization\",\"name\":\"Av. Deniz Can K\u0131z\u0131l\",\"url\":\"https:\/\/denizcankizil.tr\/de\/\",\"logo\":{\"@type\":\"ImageObject\",\"inLanguage\":\"en-GB\",\"@id\":\"https:\/\/denizcankizil.tr\/de\/#\/schema\/logo\/image\/\",\"url\":\"http:\/\/denizcankizil.tr\/wp-content\/uploads\/2024\/10\/siyah-logo-svg.svg\",\"contentUrl\":\"http:\/\/denizcankizil.tr\/wp-content\/uploads\/2024\/10\/siyah-logo-svg.svg\",\"width\":1080,\"height\":1080,\"caption\":\"Av. Deniz Can K\u0131z\u0131l\"},\"image\":{\"@id\":\"https:\/\/denizcankizil.tr\/de\/#\/schema\/logo\/image\/\"}},{\"@type\":\"Person\",\"@id\":\"https:\/\/denizcankizil.tr\/de\/#\/schema\/person\/e1eb71bb4dd684d46563f0af307e1234\",\"name\":\"Antalya K\u00f6rfez\",\"image\":{\"@type\":\"ImageObject\",\"inLanguage\":\"en-GB\",\"@id\":\"https:\/\/denizcankizil.tr\/de\/#\/schema\/person\/image\/\",\"url\":\"https:\/\/secure.gravatar.com\/avatar\/42b01982558a48a0b501fdcab6a408d3717ea5919095ee2e67b0e521799c5905?s=96&d=mm&r=g\",\"contentUrl\":\"https:\/\/secure.gravatar.com\/avatar\/42b01982558a48a0b501fdcab6a408d3717ea5919095ee2e67b0e521799c5905?s=96&d=mm&r=g\",\"caption\":\"Antalya K\u00f6rfez\"},\"sameAs\":[\"http:\/\/www.antalyakorfez.com\"],\"url\":\"https:\/\/www.antalyakorfez.com\/baskan-kocagoz-basin-icin-yasayi-degistirin\"}]}<\/script>\n<!-- \/ Yoast SEO Premium plugin. -->","yoast_head_json":{"title":"Ba\u015fkan Kocag\u00f6z: Bas\u0131n i\u00e7in yasay\u0131 de\u011fi\u015ftirin! - Av. Deniz Can K\u0131z\u0131l","robots":{"index":"index","follow":"follow","max-snippet":"max-snippet:-1","max-image-preview":"max-image-preview:large","max-video-preview":"max-video-preview:-1"},"canonical":"http:\/\/denizcankizil.tr\/en\/haberler\/gundem\/baskan-kocagoz-basin-icin-yasayi-degistirin\/","og_locale":"en_GB","og_type":"article","og_title":"Ba\u015fkan Kocag\u00f6z: Bas\u0131n i\u00e7in yasay\u0131 de\u011fi\u015ftirin!","og_description":"Kepez Belediye Ba\u015fkan\u0131 Mesut Kocag\u00f6z, 10 Ocak \u00c7al\u0131\u015fan Gazeteciler G\u00fcn\u00fc nedeniyle mesaj yay\u0131nlad\u0131. Ba\u011f\u0131ms\u0131z ve tarafs\u0131z bas\u0131n\u0131n olmad\u0131\u011f\u0131 bir \u00fclkede demokrasiden ve \u00f6zg\u00fcrl\u00fcklerden s\u00f6z edilemeyece\u011fini belirten Ba\u015fkan Kocag\u00f6z, \u201cDemokrasilerde ya\u015famsal rol \u00fcstlenen bas\u0131n\u0131n bu g\u00fcc\u00fc ve konumu, ona \u00f6nemli sorumluluklar da y\u00fcklemektedir\u201d dedi. BASIN \u00dcZER\u0130NE D\u00dc\u015eEN YAPACAKTIR Bas\u0131n\u0131n elde etti\u011fi g\u00fcc\u00fc, kontroll\u00fc bir bi\u00e7imde kullanmas\u0131 gerekti\u011fini belirten Kocag\u00f6z, \u201cBas\u0131n organlar\u0131n\u0131n \u00f6d\u00fcns\u00fczce uygulayacaklar\u0131na inand\u0131\u011f\u0131m\u0131z bu yakla\u015f\u0131m\u0131n, bas\u0131n \u00f6zg\u00fcrl\u00fc\u011f\u00fcn\u00fc ve dolay\u0131s\u0131yla demokratik geli\u015fmeyi s\u00fcrekli k\u0131laca\u011f\u0131 yads\u0131namaz. Ki\u015fi haklar\u0131na, \u00f6zel ya\u015fama sayg\u0131, sorumlu yay\u0131nc\u0131l\u0131k anlay\u0131\u015f\u0131n\u0131n gere\u011fidir. Bas\u0131n\u0131m\u0131z\u0131n bu konuda \u00fczerine d\u00fc\u015fenleri yapaca\u011f\u0131 ve bu ilkelerden sapanlar\u0131 d\u0131\u015flayaca\u011f\u0131 ku\u015fkusuzdur\u201d ifadelerini kulland\u0131.\u00a0 S\u0130YASAL ERKE D\u00dc\u015eEN SORUMLULUKLAR\u00a0 Bas\u0131n \u00e7al\u0131\u015fanlar\u0131n\u0131n, \u00f6zg\u00fcr bir ortamda yaln\u0131zca evrensel meslek ilkeleriyle hareket edebilecekleri \u00e7al\u0131\u015fma olanaklar\u0131 sunulmas\u0131 gerekti\u011fini vurgulayan Kocag\u00f6z, \u015funlar\u0131 kaydetti: \u201cBu konuda siyasal erke b\u00fcy\u00fck sorumluluklar d\u00fc\u015fmektedir. Yasalarda bas\u0131n \u00f6zg\u00fcrl\u00fc\u011f\u00fcn\u00fc k\u0131s\u0131tlay\u0131c\u0131 kurallar kald\u0131r\u0131larak, bas\u0131n \u00e7al\u0131\u015fanlar\u0131n\u0131n halk\u0131 en iyi bi\u00e7imde bilgilendirmeleri ve g\u00f6revlerini rahat\u00e7a yapmalar\u0131 sa\u011flanmal\u0131d\u0131r.\u201d CUMHUR\u0130YET EMEKTARLARI\u00a0 Bas\u0131n\u0131n, Cumhuriyet&#8217;in kazan\u0131mlar\u0131n\u0131n korunmas\u0131, \u00f6zg\u00fcrl\u00fcklerin geli\u015ftirilmesi ve demokratik de\u011ferlerin yerle\u015ftirilmesinde katk\u0131lar\u0131n\u0131 s\u00fcrd\u00fcrece\u011fine de\u011finen Ba\u015fkan Kocag\u00f6z, mesaj\u0131n\u0131 \u015fu ifadelerle tamamlad\u0131: \u201cG\u00f6revlerini yaparken ya\u015famlar\u0131n\u0131 yitiren t\u00fcm bas\u0131n \u00e7al\u0131\u015fanlar\u0131n\u0131 sayg\u0131yla an\u0131yor, \u00a0bas\u0131n\u0131m\u0131z\u0131n sorunlar\u0131n\u0131n bir an \u00f6nce \u00e7\u00f6z\u00fclmesini umut ediyorum. 10 Ocak \u00c7al\u0131\u015fan Gazeteciler G\u00fcn\u00fc&#8217;n\u00fcz\u00fc can\u0131 g\u00f6n\u00fclden kutluyor, t\u00fcm gazetecilere esenlikler diliyorum.\u201d \u200bKepez Belediye Ba\u015fkan\u0131 Mesut Kocag\u00f6z, &hellip;","og_url":"http:\/\/denizcankizil.tr\/en\/haberler\/gundem\/baskan-kocagoz-basin-icin-yasayi-degistirin\/","og_site_name":"Av. Deniz Can K\u0131z\u0131l","article_published_time":"2025-01-09T16:41:14+00:00","author":"Antalya K\u00f6rfez","twitter_card":"summary_large_image","twitter_misc":{"Written by":"Antalya K\u00f6rfez","Estimated reading time":"2 minutes"},"schema":{"@context":"https:\/\/schema.org","@graph":[{"@type":"Article","@id":"http:\/\/denizcankizil.tr\/en\/haberler\/gundem\/baskan-kocagoz-basin-icin-yasayi-degistirin\/#article","isPartOf":{"@id":"http:\/\/denizcankizil.tr\/en\/haberler\/gundem\/baskan-kocagoz-basin-icin-yasayi-degistirin\/"},"author":{"name":"Antalya K\u00f6rfez","@id":"https:\/\/denizcankizil.tr\/de\/#\/schema\/person\/e1eb71bb4dd684d46563f0af307e1234"},"headline":"Ba\u015fkan Kocag\u00f6z: Bas\u0131n i\u00e7in yasay\u0131 de\u011fi\u015ftirin!","datePublished":"2025-01-09T16:41:14+00:00","mainEntityOfPage":{"@id":"http:\/\/denizcankizil.tr\/en\/haberler\/gundem\/baskan-kocagoz-basin-icin-yasayi-degistirin\/"},"wordCount":400,"commentCount":0,"publisher":{"@id":"https:\/\/denizcankizil.tr\/de\/#organization"},"articleSection":["G\u00fcndem"],"inLanguage":"en-GB","potentialAction":[{"@type":"CommentAction","name":"Comment","target":["http:\/\/denizcankizil.tr\/en\/haberler\/gundem\/baskan-kocagoz-basin-icin-yasayi-degistirin\/#respond"]}]},{"@type":"WebPage","@id":"http:\/\/denizcankizil.tr\/en\/haberler\/gundem\/baskan-kocagoz-basin-icin-yasayi-degistirin\/","url":"http:\/\/denizcankizil.tr\/en\/haberler\/gundem\/baskan-kocagoz-basin-icin-yasayi-degistirin\/","name":"Ba\u015fkan Kocag\u00f6z: Bas\u0131n i\u00e7in yasay\u0131 de\u011fi\u015ftirin! - Av. Deniz Can K\u0131z\u0131l","isPartOf":{"@id":"https:\/\/denizcankizil.tr\/de\/#website"},"datePublished":"2025-01-09T16:41:14+00:00","breadcrumb":{"@id":"http:\/\/denizcankizil.tr\/en\/haberler\/gundem\/baskan-kocagoz-basin-icin-yasayi-degistirin\/#breadcrumb"},"inLanguage":"en-GB","potentialAction":[{"@type":"ReadAction","target":["http:\/\/denizcankizil.tr\/en\/haberler\/gundem\/baskan-kocagoz-basin-icin-yasayi-degistirin\/"]}]},{"@type":"BreadcrumbList","@id":"http:\/\/denizcankizil.tr\/en\/haberler\/gundem\/baskan-kocagoz-basin-icin-yasayi-degistirin\/#breadcrumb","itemListElement":[{"@type":"ListItem","position":1,"name":"Home","item":"https:\/\/denizcankizil.tr\/de\/"},{"@type":"ListItem","position":2,"name":"Ba\u015fkan Kocag\u00f6z: Bas\u0131n i\u00e7in yasay\u0131 de\u011fi\u015ftirin!"}]},{"@type":"WebSite","@id":"https:\/\/denizcankizil.tr\/de\/#website","url":"https:\/\/denizcankizil.tr\/de\/","name":"Av. Deniz Can K\u0131z\u0131l","description":"Avukat Deniz Can K\u0131z\u0131l Antalya Barosu","publisher":{"@id":"https:\/\/denizcankizil.tr\/de\/#organization"},"potentialAction":[{"@type":"SearchAction","target":{"@type":"EntryPoint","urlTemplate":"https:\/\/denizcankizil.tr\/de\/?s={search_term_string}"},"query-input":{"@type":"PropertyValueSpecification","valueRequired":true,"valueName":"search_term_string"}}],"inLanguage":"en-GB"},{"@type":"Organization","@id":"https:\/\/denizcankizil.tr\/de\/#organization","name":"Av. Deniz Can K\u0131z\u0131l","url":"https:\/\/denizcankizil.tr\/de\/","logo":{"@type":"ImageObject","inLanguage":"en-GB","@id":"https:\/\/denizcankizil.tr\/de\/#\/schema\/logo\/image\/","url":"http:\/\/denizcankizil.tr\/wp-content\/uploads\/2024\/10\/siyah-logo-svg.svg","contentUrl":"http:\/\/denizcankizil.tr\/wp-content\/uploads\/2024\/10\/siyah-logo-svg.svg","width":1080,"height":1080,"caption":"Av. Deniz Can K\u0131z\u0131l"},"image":{"@id":"https:\/\/denizcankizil.tr\/de\/#\/schema\/logo\/image\/"}},{"@type":"Person","@id":"https:\/\/denizcankizil.tr\/de\/#\/schema\/person\/e1eb71bb4dd684d46563f0af307e1234","name":"Antalya K\u00f6rfez","image":{"@type":"ImageObject","inLanguage":"en-GB","@id":"https:\/\/denizcankizil.tr\/de\/#\/schema\/person\/image\/","url":"https:\/\/secure.gravatar.com\/avatar\/42b01982558a48a0b501fdcab6a408d3717ea5919095ee2e67b0e521799c5905?s=96&d=mm&r=g","contentUrl":"https:\/\/secure.gravatar.com\/avatar\/42b01982558a48a0b501fdcab6a408d3717ea5919095ee2e67b0e521799c5905?s=96&d=mm&r=g","caption":"Antalya K\u00f6rfez"},"sameAs":["http:\/\/www.antalyakorfez.com"],"url":"https:\/\/www.antalyakorfez.com\/baskan-kocagoz-basin-icin-yasayi-degistirin"}]}},"_links":{"self":[{"href":"http:\/\/denizcankizil.tr\/en\/wp-json\/wp\/v2\/posts\/24711","targetHints":{"allow":["GET"]}}],"collection":[{"href":"http:\/\/denizcankizil.tr\/en\/wp-json\/wp\/v2\/posts"}],"about":[{"href":"http:\/\/denizcankizil.tr\/en\/wp-json\/wp\/v2\/types\/post"}],"author":[{"embeddable":true,"href":"http:\/\/denizcankizil.tr\/en\/wp-json\/wp\/v2\/users\/5"}],"replies":[{"embeddable":true,"href":"http:\/\/denizcankizil.tr\/en\/wp-json\/wp\/v2\/comments?post=24711"}],"version-history":[{"count":0,"href":"http:\/\/denizcankizil.tr\/en\/wp-json\/wp\/v2\/posts\/24711\/revisions"}],"wp:attachment":[{"href":"http:\/\/denizcankizil.tr\/en\/wp-json\/wp\/v2\/media?parent=24711"}],"wp:term":[{"taxonomy":"category","embeddable":true,"href":"http:\/\/denizcankizil.tr\/en\/wp-json\/wp\/v2\/categories?post=24711"},{"taxonomy":"post_tag","embeddable":true,"href":"http:\/\/denizcankizil.tr\/en\/wp-json\/wp\/v2\/tags?post=24711"}],"curies":[{"name":"wp","href":"https:\/\/api.w.org\/{rel}","templated":true}]}}