{"id":24704,"date":"2025-01-09T17:41:39","date_gmt":"2025-01-09T14:41:39","guid":{"rendered":"https:\/\/denizcankizil.tr\/uncategorized-tr\/tgk-genel-baskani-nuri-kolayli-10-ocaklar-gercek-anlamda-basin-bayrami-olmali\/"},"modified":"2025-01-09T17:41:39","modified_gmt":"2025-01-09T14:41:39","slug":"tgk-genel-baskani-nuri-kolayli-10-ocaklar-gercek-anlamda-basin-bayrami-olmali","status":"publish","type":"post","link":"http:\/\/denizcankizil.tr\/en\/haberler\/gundem\/tgk-genel-baskani-nuri-kolayli-10-ocaklar-gercek-anlamda-basin-bayrami-olmali\/","title":{"rendered":"TGK Genel Ba\u015fkan\u0131 Nuri Kolayl\u0131: 10 Ocak\u2019lar ger\u00e7ek anlamda bas\u0131n bayram\u0131 olmal\u0131!"},"content":{"rendered":"<p>T\u00fcrkiye Gazeteciler Konfederasyonu (TGK) Genel Ba\u015fkan\u0131 Nuri Kolayl\u0131, yay\u0131mlad\u0131\u011f\u0131 mesajla bas\u0131n \u00e7al\u0131\u015fanlar\u0131n\u0131n 10 Ocak \u00c7al\u0131\u015fan Gazeteciler G\u00fcn\u00fc\u2019n\u00fc kutlad\u0131. Kolayl\u0131, yapt\u0131\u011f\u0131 yaz\u0131l\u0131 a\u00e7\u0131klamada, bas\u0131n sekt\u00f6r\u00fcnde ya\u015fanan sorunlar nedeniyle 10 Ocak\u2019\u0131 bayram de\u011fil \u201cdayan\u0131\u015fma g\u00fcn\u00fc\u201d olarak kutlad\u0131klar\u0131n\u0131 ifade etti.<\/p>\n<p>2025\u2019E B\u0130R\u00c7OK SORUNLA G\u0130RD\u0130K<\/p>\n<p>\u00d6ncelikle bas\u0131n sekt\u00f6r\u00fcnde mesleki d\u00fczenleme yap\u0131lmas\u0131 gerekti\u011fini vurgulayan Kolayl\u0131, medyada faaliyet g\u00f6steren kurulu\u015flar\u0131n ve bas\u0131n \u00e7al\u0131\u015fanlar\u0131n\u0131n 2025 y\u0131l\u0131na bir\u00e7ok sorunla girdi\u011fini belirten Kolayl\u0131, bu sorunlar\u0131n zaman ge\u00e7irilmeden \u00e7\u00f6z\u00fclmesinin, demokrasinin geli\u015fimi i\u00e7in b\u00fcy\u00fck \u00f6nem ta\u015f\u0131d\u0131\u011f\u0131n\u0131 kaydetti.<\/p>\n<p>YASAL D\u00dcZENLEME BEKL\u0130YORUZ<\/p>\n<p>Kolayl\u0131, medya kurulu\u015flar\u0131 ve bu kurulu\u015flarda \u00e7al\u0131\u015fan medya emek\u00e7ilerinin ya\u015fad\u0131\u011f\u0131 sorunlara dikkat \u00e7ekti\u011fi a\u00e7\u0131klamas\u0131nda, \u201cMedya sekt\u00f6r\u00fc olarak zor bir d\u00f6nemden ge\u00e7iyoruz ve bas\u0131n \u00f6zg\u00fcrl\u00fc\u011f\u00fcnden internet yasas\u0131na kadar bir\u00e7ok alanda yasal d\u00fczenleme bekliyoruz. Sekt\u00f6r\u00fcm\u00fczdeki sorunlar\u0131n bir an \u00f6nce \u00e7\u00f6z\u00fcmlenmesi, s\u00fcrekli itibar kaybeden bas\u0131n mesle\u011finin geli\u015fmesi a\u00e7\u0131s\u0131ndan b\u00fcy\u00fck \u00f6nem ta\u015f\u0131maktad\u0131r\u201d ifadelerini kulland\u0131. \u00a0\u00a0<\/p>\n<p>B\u0130R D\u0130Z\u0130 YEN\u0130L\u0130K UYGULANMALI<\/p>\n<p>T\u00fcrkiye Gazeteciler Konfederasyonu\u2019nun konuya ili\u015fkin yakla\u015f\u0131m\u0131na dikkat \u00e7eken Ba\u015fkan Kolayl\u0131, \u201cHer f\u0131rsatta vurgulad\u0131\u011f\u0131m\u0131z gibi \u00fclkemiz, medya alan\u0131nda kapsaml\u0131 bir de\u011fi\u015fime, yenilenmeye ihtiya\u00e7 duymaktad\u0131r. Bas\u0131n \u00f6zg\u00fcrl\u00fc\u011f\u00fcnden bas\u0131nda \u00e7al\u0131\u015fma ko\u015fullar\u0131na, internet yasas\u0131ndan mesleki standartlara kadar bir dizi yenilik zaman ge\u00e7irilmeden uygulamaya konulmal\u0131d\u0131r\u201d a\u00e7\u0131klamas\u0131nda bulundu.\u00a0<\/p>\n<p>YASAL BO\u015eLUKLAR S\u00d6Z KONUSU<\/p>\n<p>Acil \u00e7\u00f6z\u00fcm gerektiren esaslara dikkat \u00e7eken Kolayl\u0131, \u201cSekt\u00f6r\u00fcm\u00fczde mesleki d\u00fczenleme olmamas\u0131; tehdit ve \u015fantaja dayal\u0131 etik d\u0131\u015f\u0131 haberlerin yap\u0131lmas\u0131na, birikimine, e\u011fitimine bak\u0131lmaks\u0131z\u0131n dileyen herkesin gazeteci maskesi alt\u0131nda sekt\u00f6r\u00fcm\u00fczde boy g\u00f6stermesine neden olmaktad\u0131r. \u00a0Meslekta\u015flar\u0131m\u0131z, meslek onurlar\u0131n\u0131 korumak ad\u0131na m\u00fccadele etse de, yasal bo\u015fluktan yararlanan \u00e7\u0131karc\u0131lar\u0131n medya sekt\u00f6r\u00fcnde boy g\u00f6stermesine engel olamamaktad\u0131r. Bu nedenle bas\u0131n sekt\u00f6r\u00fcnde \u00f6ncelikli olarak mesleki d\u00fczenleme yap\u0131lmal\u0131d\u0131r. Bas\u0131n bayram\u0131n\u0131 ger\u00e7ek anlam\u0131yla kutlayabilece\u011fimiz g\u00fcnlere elbirli\u011fiyle ve en k\u0131sa zamanda ula\u015fmak umuduyla meslekta\u015flar\u0131ma sayg\u0131 ve sevgilerimi sunar\u0131m\u201d de\u011ferlendirmesinde bulundu. \u00a0<\/p>\n<p>10 OCAK\u2019IN TAR\u0130H\u00c7ES\u0130<\/p>\n<p>5953 say\u0131l\u0131 bas\u0131n \u00e7al\u0131\u015fanlar\u0131n\u0131n haklar\u0131n\u0131 d\u00fczenleyen yasa, 10 Ocak 1961 tarihli 212 say\u0131l\u0131 yasa ile getirilen de\u011fi\u015fikliklerle bas\u0131n sekt\u00f6r\u00fcnde \u00e7al\u0131\u015fanlar\u0131n \u00f6zl\u00fck haklar\u0131nda \u00e7ok \u00f6nemli kazan\u0131mlar sa\u011flad\u0131. Bu kazan\u0131mlar, d\u00f6nemin T\u00fcrkiye Gazeteciler Sendikas\u0131 ve bas\u0131n \u00f6rg\u00fctleri taraf\u0131ndan \u201cbayram\u201d olarak kabullenildi.<\/p>\n<p>Ne var ki, bas\u0131n i\u015fverenleri yasay\u0131 protesto etti ve gazetelerini \u00e7\u0131karmama karar\u0131 ald\u0131lar. 3 g\u00fcn s\u00fcre ile 5 b\u00fcy\u00fck gazete, i\u015fverenlerin karar\u0131 ile yay\u0131nlanmad\u0131. Gazeteciler, okuru gazetesiz b\u0131rakmamak amac\u0131yla T\u00fcrkiye Gazeteciler Sendikas\u0131 \u00e7at\u0131s\u0131 alt\u0131nda kenetlendiler ve \u201cBas\u0131n\u201d ad\u0131 alt\u0131nda gazete yay\u0131nlad\u0131lar.<\/p>\n<p>Gazete y\u00f6neticisinden, \u00fcretimin her a\u015famas\u0131nda g\u00f6revli emek\u00e7iye kadar t\u00fcm bas\u0131n \u00e7al\u0131\u015fanlar\u0131n\u0131n sendika \u00e7at\u0131s\u0131 alt\u0131nda kenetlenmeleri, gazete sahiplerinin direni\u015fini k\u0131rd\u0131. 212 say\u0131l\u0131 yasa b\u00f6ylece y\u00fcr\u00fcrl\u00fc\u011fe girdi ve yayg\u0131n uygulama alan\u0131 kazand\u0131. Ancak, \u00f6zellikle 1990 sonras\u0131 d\u00f6nemde ve bas\u0131ndan medyaya d\u00f6n\u00fc\u015f\u00fcm s\u00fcrecinde, sermayenin sekt\u00f6re girmesiyle bu kazan\u0131mlar \u201cuygulamada\u201d tek tek elden \u00e7\u0131kt\u0131.\u00a0<br \/>\n\u00a0<\/p>\n<p>\u200bT\u00fcrkiye Gazeteciler Konfederasyonu (TGK) Genel Ba\u015fkan\u0131 Nuri Kolayl\u0131, 10 Ocak \u00c7al\u0131\u015fan Gazeteciler G\u00fcn\u00fc\u2019n\u00fcn bas\u0131n mensuplar\u0131 i\u00e7in ger\u00e7ek anlamda bayram olmas\u0131 gerekti\u011fini s\u00f6yledi\u00a0<\/p>\n<p>\u200bHaberin Al\u0131nt\u0131land\u0131\u011f\u0131 Kaynak: www.antalyakorfez.com<\/p>","protected":false},"excerpt":{"rendered":"<p>T\u00fcrkiye Gazeteciler Konfederasyonu (TGK) Genel Ba\u015fkan\u0131 Nuri Kolayl\u0131, yay\u0131mlad\u0131\u011f\u0131 mesajla bas\u0131n \u00e7al\u0131\u015fanlar\u0131n\u0131n 10 Ocak \u00c7al\u0131\u015fan Gazeteciler G\u00fcn\u00fc\u2019n\u00fc kutlad\u0131. Kolayl\u0131, yapt\u0131\u011f\u0131 yaz\u0131l\u0131 a\u00e7\u0131klamada, bas\u0131n sekt\u00f6r\u00fcnde ya\u015fanan sorunlar nedeniyle 10 Ocak\u2019\u0131 bayram de\u011fil \u201cdayan\u0131\u015fma g\u00fcn\u00fc\u201d olarak kutlad\u0131klar\u0131n\u0131 ifade etti. 2025\u2019E B\u0130R\u00c7OK SORUNLA G\u0130RD\u0130K \u00d6ncelikle bas\u0131n sekt\u00f6r\u00fcnde mesleki d\u00fczenleme yap\u0131lmas\u0131 gerekti\u011fini vurgulayan Kolayl\u0131, medyada faaliyet g\u00f6steren kurulu\u015flar\u0131n ve bas\u0131n \u00e7al\u0131\u015fanlar\u0131n\u0131n 2025 y\u0131l\u0131na bir\u00e7ok sorunla girdi\u011fini belirten Kolayl\u0131, bu sorunlar\u0131n zaman ge\u00e7irilmeden \u00e7\u00f6z\u00fclmesinin, demokrasinin geli\u015fimi i\u00e7in b\u00fcy\u00fck \u00f6nem ta\u015f\u0131d\u0131\u011f\u0131n\u0131 kaydetti. YASAL D\u00dcZENLEME BEKL\u0130YORUZ Kolayl\u0131, medya kurulu\u015flar\u0131 ve bu kurulu\u015flarda \u00e7al\u0131\u015fan medya emek\u00e7ilerinin ya\u015fad\u0131\u011f\u0131 sorunlara dikkat \u00e7ekti\u011fi a\u00e7\u0131klamas\u0131nda, \u201cMedya sekt\u00f6r\u00fc olarak zor bir d\u00f6nemden ge\u00e7iyoruz ve bas\u0131n \u00f6zg\u00fcrl\u00fc\u011f\u00fcnden internet yasas\u0131na kadar bir\u00e7ok alanda yasal d\u00fczenleme bekliyoruz. Sekt\u00f6r\u00fcm\u00fczdeki sorunlar\u0131n bir an \u00f6nce \u00e7\u00f6z\u00fcmlenmesi, s\u00fcrekli itibar kaybeden bas\u0131n mesle\u011finin geli\u015fmesi a\u00e7\u0131s\u0131ndan b\u00fcy\u00fck \u00f6nem ta\u015f\u0131maktad\u0131r\u201d ifadelerini kulland\u0131. \u00a0\u00a0 B\u0130R D\u0130Z\u0130 YEN\u0130L\u0130K UYGULANMALI T\u00fcrkiye Gazeteciler Konfederasyonu\u2019nun konuya ili\u015fkin yakla\u015f\u0131m\u0131na dikkat \u00e7eken Ba\u015fkan Kolayl\u0131, \u201cHer f\u0131rsatta vurgulad\u0131\u011f\u0131m\u0131z gibi \u00fclkemiz, medya alan\u0131nda kapsaml\u0131 bir de\u011fi\u015fime, yenilenmeye ihtiya\u00e7 duymaktad\u0131r. Bas\u0131n \u00f6zg\u00fcrl\u00fc\u011f\u00fcnden bas\u0131nda \u00e7al\u0131\u015fma ko\u015fullar\u0131na, internet yasas\u0131ndan mesleki standartlara kadar bir dizi yenilik zaman ge\u00e7irilmeden uygulamaya konulmal\u0131d\u0131r\u201d a\u00e7\u0131klamas\u0131nda bulundu.\u00a0 YASAL BO\u015eLUKLAR S\u00d6Z KONUSU Acil \u00e7\u00f6z\u00fcm gerektiren esaslara dikkat \u00e7eken Kolayl\u0131, \u201cSekt\u00f6r\u00fcm\u00fczde mesleki d\u00fczenleme olmamas\u0131; tehdit ve \u015fantaja dayal\u0131 etik d\u0131\u015f\u0131 haberlerin yap\u0131lmas\u0131na, birikimine, &hellip;<\/p>","protected":false},"author":5,"featured_media":0,"comment_status":"open","ping_status":"open","sticky":false,"template":"","format":"standard","meta":{"_acf_changed":false,"footnotes":""},"categories":[24],"tags":[],"class_list":["post-24704","post","type-post","status-publish","format-standard","has-post-thumbnail","hentry","category-gundem"],"acf":[],"yoast_head":"<!-- This site is optimized with the Yoast SEO Premium plugin v26.6 (Yoast SEO v27.1.1) - https:\/\/yoast.com\/product\/yoast-seo-premium-wordpress\/ -->\n<title>TGK Genel Ba\u015fkan\u0131 Nuri Kolayl\u0131: 10 Ocak\u2019lar ger\u00e7ek anlamda bas\u0131n bayram\u0131 olmal\u0131! - Av. Deniz Can K\u0131z\u0131l<\/title>\n<meta name=\"robots\" content=\"index, follow, max-snippet:-1, max-image-preview:large, max-video-preview:-1\" \/>\n<link rel=\"canonical\" href=\"http:\/\/denizcankizil.tr\/en\/haberler\/gundem\/tgk-genel-baskani-nuri-kolayli-10-ocaklar-gercek-anlamda-basin-bayrami-olmali\/\" \/>\n<meta property=\"og:locale\" content=\"en_GB\" \/>\n<meta property=\"og:type\" content=\"article\" \/>\n<meta property=\"og:title\" content=\"TGK Genel Ba\u015fkan\u0131 Nuri Kolayl\u0131: 10 Ocak\u2019lar ger\u00e7ek anlamda bas\u0131n bayram\u0131 olmal\u0131!\" \/>\n<meta property=\"og:description\" content=\"T\u00fcrkiye Gazeteciler Konfederasyonu (TGK) Genel Ba\u015fkan\u0131 Nuri Kolayl\u0131, yay\u0131mlad\u0131\u011f\u0131 mesajla bas\u0131n \u00e7al\u0131\u015fanlar\u0131n\u0131n 10 Ocak \u00c7al\u0131\u015fan Gazeteciler G\u00fcn\u00fc\u2019n\u00fc kutlad\u0131. Kolayl\u0131, yapt\u0131\u011f\u0131 yaz\u0131l\u0131 a\u00e7\u0131klamada, bas\u0131n sekt\u00f6r\u00fcnde ya\u015fanan sorunlar nedeniyle 10 Ocak\u2019\u0131 bayram de\u011fil \u201cdayan\u0131\u015fma g\u00fcn\u00fc\u201d olarak kutlad\u0131klar\u0131n\u0131 ifade etti. 2025\u2019E B\u0130R\u00c7OK SORUNLA G\u0130RD\u0130K \u00d6ncelikle bas\u0131n sekt\u00f6r\u00fcnde mesleki d\u00fczenleme yap\u0131lmas\u0131 gerekti\u011fini vurgulayan Kolayl\u0131, medyada faaliyet g\u00f6steren kurulu\u015flar\u0131n ve bas\u0131n \u00e7al\u0131\u015fanlar\u0131n\u0131n 2025 y\u0131l\u0131na bir\u00e7ok sorunla girdi\u011fini belirten Kolayl\u0131, bu sorunlar\u0131n zaman ge\u00e7irilmeden \u00e7\u00f6z\u00fclmesinin, demokrasinin geli\u015fimi i\u00e7in b\u00fcy\u00fck \u00f6nem ta\u015f\u0131d\u0131\u011f\u0131n\u0131 kaydetti. YASAL D\u00dcZENLEME BEKL\u0130YORUZ Kolayl\u0131, medya kurulu\u015flar\u0131 ve bu kurulu\u015flarda \u00e7al\u0131\u015fan medya emek\u00e7ilerinin ya\u015fad\u0131\u011f\u0131 sorunlara dikkat \u00e7ekti\u011fi a\u00e7\u0131klamas\u0131nda, \u201cMedya sekt\u00f6r\u00fc olarak zor bir d\u00f6nemden ge\u00e7iyoruz ve bas\u0131n \u00f6zg\u00fcrl\u00fc\u011f\u00fcnden internet yasas\u0131na kadar bir\u00e7ok alanda yasal d\u00fczenleme bekliyoruz. Sekt\u00f6r\u00fcm\u00fczdeki sorunlar\u0131n bir an \u00f6nce \u00e7\u00f6z\u00fcmlenmesi, s\u00fcrekli itibar kaybeden bas\u0131n mesle\u011finin geli\u015fmesi a\u00e7\u0131s\u0131ndan b\u00fcy\u00fck \u00f6nem ta\u015f\u0131maktad\u0131r\u201d ifadelerini kulland\u0131. \u00a0\u00a0 B\u0130R D\u0130Z\u0130 YEN\u0130L\u0130K UYGULANMALI T\u00fcrkiye Gazeteciler Konfederasyonu\u2019nun konuya ili\u015fkin yakla\u015f\u0131m\u0131na dikkat \u00e7eken Ba\u015fkan Kolayl\u0131, \u201cHer f\u0131rsatta vurgulad\u0131\u011f\u0131m\u0131z gibi \u00fclkemiz, medya alan\u0131nda kapsaml\u0131 bir de\u011fi\u015fime, yenilenmeye ihtiya\u00e7 duymaktad\u0131r. Bas\u0131n \u00f6zg\u00fcrl\u00fc\u011f\u00fcnden bas\u0131nda \u00e7al\u0131\u015fma ko\u015fullar\u0131na, internet yasas\u0131ndan mesleki standartlara kadar bir dizi yenilik zaman ge\u00e7irilmeden uygulamaya konulmal\u0131d\u0131r\u201d a\u00e7\u0131klamas\u0131nda bulundu.\u00a0 YASAL BO\u015eLUKLAR S\u00d6Z KONUSU Acil \u00e7\u00f6z\u00fcm gerektiren esaslara dikkat \u00e7eken Kolayl\u0131, \u201cSekt\u00f6r\u00fcm\u00fczde mesleki d\u00fczenleme olmamas\u0131; tehdit ve \u015fantaja dayal\u0131 etik d\u0131\u015f\u0131 haberlerin yap\u0131lmas\u0131na, birikimine, &hellip;\" \/>\n<meta property=\"og:url\" content=\"http:\/\/denizcankizil.tr\/en\/haberler\/gundem\/tgk-genel-baskani-nuri-kolayli-10-ocaklar-gercek-anlamda-basin-bayrami-olmali\/\" \/>\n<meta property=\"og:site_name\" content=\"Av. Deniz Can K\u0131z\u0131l\" \/>\n<meta property=\"article:published_time\" content=\"2025-01-09T14:41:39+00:00\" \/>\n<meta name=\"author\" content=\"Antalya K\u00f6rfez\" \/>\n<meta name=\"twitter:card\" content=\"summary_large_image\" \/>\n<meta name=\"twitter:label1\" content=\"Written by\" \/>\n\t<meta name=\"twitter:data1\" content=\"Antalya K\u00f6rfez\" \/>\n\t<meta name=\"twitter:label2\" content=\"Estimated reading time\" \/>\n\t<meta name=\"twitter:data2\" content=\"3 minutes\" \/>\n<script type=\"application\/ld+json\" class=\"yoast-schema-graph\">{\"@context\":\"https:\/\/schema.org\",\"@graph\":[{\"@type\":\"Article\",\"@id\":\"http:\/\/denizcankizil.tr\/en\/haberler\/gundem\/tgk-genel-baskani-nuri-kolayli-10-ocaklar-gercek-anlamda-basin-bayrami-olmali\/#article\",\"isPartOf\":{\"@id\":\"http:\/\/denizcankizil.tr\/en\/haberler\/gundem\/tgk-genel-baskani-nuri-kolayli-10-ocaklar-gercek-anlamda-basin-bayrami-olmali\/\"},\"author\":{\"name\":\"Antalya K\u00f6rfez\",\"@id\":\"https:\/\/denizcankizil.tr\/de\/#\/schema\/person\/e1eb71bb4dd684d46563f0af307e1234\"},\"headline\":\"TGK Genel Ba\u015fkan\u0131 Nuri Kolayl\u0131: 10 Ocak\u2019lar ger\u00e7ek anlamda bas\u0131n bayram\u0131 olmal\u0131!\",\"datePublished\":\"2025-01-09T14:41:39+00:00\",\"mainEntityOfPage\":{\"@id\":\"http:\/\/denizcankizil.tr\/en\/haberler\/gundem\/tgk-genel-baskani-nuri-kolayli-10-ocaklar-gercek-anlamda-basin-bayrami-olmali\/\"},\"wordCount\":674,\"commentCount\":0,\"publisher\":{\"@id\":\"https:\/\/denizcankizil.tr\/de\/#organization\"},\"articleSection\":[\"G\u00fcndem\"],\"inLanguage\":\"en-GB\",\"potentialAction\":[{\"@type\":\"CommentAction\",\"name\":\"Comment\",\"target\":[\"http:\/\/denizcankizil.tr\/en\/haberler\/gundem\/tgk-genel-baskani-nuri-kolayli-10-ocaklar-gercek-anlamda-basin-bayrami-olmali\/#respond\"]}]},{\"@type\":\"WebPage\",\"@id\":\"http:\/\/denizcankizil.tr\/en\/haberler\/gundem\/tgk-genel-baskani-nuri-kolayli-10-ocaklar-gercek-anlamda-basin-bayrami-olmali\/\",\"url\":\"http:\/\/denizcankizil.tr\/en\/haberler\/gundem\/tgk-genel-baskani-nuri-kolayli-10-ocaklar-gercek-anlamda-basin-bayrami-olmali\/\",\"name\":\"TGK Genel Ba\u015fkan\u0131 Nuri Kolayl\u0131: 10 Ocak\u2019lar ger\u00e7ek anlamda bas\u0131n bayram\u0131 olmal\u0131! - Av. Deniz Can K\u0131z\u0131l\",\"isPartOf\":{\"@id\":\"https:\/\/denizcankizil.tr\/de\/#website\"},\"datePublished\":\"2025-01-09T14:41:39+00:00\",\"breadcrumb\":{\"@id\":\"http:\/\/denizcankizil.tr\/en\/haberler\/gundem\/tgk-genel-baskani-nuri-kolayli-10-ocaklar-gercek-anlamda-basin-bayrami-olmali\/#breadcrumb\"},\"inLanguage\":\"en-GB\",\"potentialAction\":[{\"@type\":\"ReadAction\",\"target\":[\"http:\/\/denizcankizil.tr\/en\/haberler\/gundem\/tgk-genel-baskani-nuri-kolayli-10-ocaklar-gercek-anlamda-basin-bayrami-olmali\/\"]}]},{\"@type\":\"BreadcrumbList\",\"@id\":\"http:\/\/denizcankizil.tr\/en\/haberler\/gundem\/tgk-genel-baskani-nuri-kolayli-10-ocaklar-gercek-anlamda-basin-bayrami-olmali\/#breadcrumb\",\"itemListElement\":[{\"@type\":\"ListItem\",\"position\":1,\"name\":\"Home\",\"item\":\"https:\/\/denizcankizil.tr\/de\/\"},{\"@type\":\"ListItem\",\"position\":2,\"name\":\"TGK Genel Ba\u015fkan\u0131 Nuri Kolayl\u0131: 10 Ocak\u2019lar ger\u00e7ek anlamda bas\u0131n bayram\u0131 olmal\u0131!\"}]},{\"@type\":\"WebSite\",\"@id\":\"https:\/\/denizcankizil.tr\/de\/#website\",\"url\":\"https:\/\/denizcankizil.tr\/de\/\",\"name\":\"Av. Deniz Can K\u0131z\u0131l\",\"description\":\"Avukat Deniz Can K\u0131z\u0131l Antalya Barosu\",\"publisher\":{\"@id\":\"https:\/\/denizcankizil.tr\/de\/#organization\"},\"potentialAction\":[{\"@type\":\"SearchAction\",\"target\":{\"@type\":\"EntryPoint\",\"urlTemplate\":\"https:\/\/denizcankizil.tr\/de\/?s={search_term_string}\"},\"query-input\":{\"@type\":\"PropertyValueSpecification\",\"valueRequired\":true,\"valueName\":\"search_term_string\"}}],\"inLanguage\":\"en-GB\"},{\"@type\":\"Organization\",\"@id\":\"https:\/\/denizcankizil.tr\/de\/#organization\",\"name\":\"Av. Deniz Can K\u0131z\u0131l\",\"url\":\"https:\/\/denizcankizil.tr\/de\/\",\"logo\":{\"@type\":\"ImageObject\",\"inLanguage\":\"en-GB\",\"@id\":\"https:\/\/denizcankizil.tr\/de\/#\/schema\/logo\/image\/\",\"url\":\"http:\/\/denizcankizil.tr\/wp-content\/uploads\/2024\/10\/siyah-logo-svg.svg\",\"contentUrl\":\"http:\/\/denizcankizil.tr\/wp-content\/uploads\/2024\/10\/siyah-logo-svg.svg\",\"width\":1080,\"height\":1080,\"caption\":\"Av. Deniz Can K\u0131z\u0131l\"},\"image\":{\"@id\":\"https:\/\/denizcankizil.tr\/de\/#\/schema\/logo\/image\/\"}},{\"@type\":\"Person\",\"@id\":\"https:\/\/denizcankizil.tr\/de\/#\/schema\/person\/e1eb71bb4dd684d46563f0af307e1234\",\"name\":\"Antalya K\u00f6rfez\",\"image\":{\"@type\":\"ImageObject\",\"inLanguage\":\"en-GB\",\"@id\":\"https:\/\/denizcankizil.tr\/de\/#\/schema\/person\/image\/\",\"url\":\"https:\/\/secure.gravatar.com\/avatar\/42b01982558a48a0b501fdcab6a408d3717ea5919095ee2e67b0e521799c5905?s=96&d=mm&r=g\",\"contentUrl\":\"https:\/\/secure.gravatar.com\/avatar\/42b01982558a48a0b501fdcab6a408d3717ea5919095ee2e67b0e521799c5905?s=96&d=mm&r=g\",\"caption\":\"Antalya K\u00f6rfez\"},\"sameAs\":[\"http:\/\/www.antalyakorfez.com\"],\"url\":\"https:\/\/www.antalyakorfez.com\/tgk-genel-baskani-nuri-kolayli-10-ocaklar-gercek-anlamda-basin-bayrami-olmali\"}]}<\/script>\n<!-- \/ Yoast SEO Premium plugin. -->","yoast_head_json":{"title":"TGK Genel Ba\u015fkan\u0131 Nuri Kolayl\u0131: 10 Ocak\u2019lar ger\u00e7ek anlamda bas\u0131n bayram\u0131 olmal\u0131! - Av. Deniz Can K\u0131z\u0131l","robots":{"index":"index","follow":"follow","max-snippet":"max-snippet:-1","max-image-preview":"max-image-preview:large","max-video-preview":"max-video-preview:-1"},"canonical":"http:\/\/denizcankizil.tr\/en\/haberler\/gundem\/tgk-genel-baskani-nuri-kolayli-10-ocaklar-gercek-anlamda-basin-bayrami-olmali\/","og_locale":"en_GB","og_type":"article","og_title":"TGK Genel Ba\u015fkan\u0131 Nuri Kolayl\u0131: 10 Ocak\u2019lar ger\u00e7ek anlamda bas\u0131n bayram\u0131 olmal\u0131!","og_description":"T\u00fcrkiye Gazeteciler Konfederasyonu (TGK) Genel Ba\u015fkan\u0131 Nuri Kolayl\u0131, yay\u0131mlad\u0131\u011f\u0131 mesajla bas\u0131n \u00e7al\u0131\u015fanlar\u0131n\u0131n 10 Ocak \u00c7al\u0131\u015fan Gazeteciler G\u00fcn\u00fc\u2019n\u00fc kutlad\u0131. Kolayl\u0131, yapt\u0131\u011f\u0131 yaz\u0131l\u0131 a\u00e7\u0131klamada, bas\u0131n sekt\u00f6r\u00fcnde ya\u015fanan sorunlar nedeniyle 10 Ocak\u2019\u0131 bayram de\u011fil \u201cdayan\u0131\u015fma g\u00fcn\u00fc\u201d olarak kutlad\u0131klar\u0131n\u0131 ifade etti. 2025\u2019E B\u0130R\u00c7OK SORUNLA G\u0130RD\u0130K \u00d6ncelikle bas\u0131n sekt\u00f6r\u00fcnde mesleki d\u00fczenleme yap\u0131lmas\u0131 gerekti\u011fini vurgulayan Kolayl\u0131, medyada faaliyet g\u00f6steren kurulu\u015flar\u0131n ve bas\u0131n \u00e7al\u0131\u015fanlar\u0131n\u0131n 2025 y\u0131l\u0131na bir\u00e7ok sorunla girdi\u011fini belirten Kolayl\u0131, bu sorunlar\u0131n zaman ge\u00e7irilmeden \u00e7\u00f6z\u00fclmesinin, demokrasinin geli\u015fimi i\u00e7in b\u00fcy\u00fck \u00f6nem ta\u015f\u0131d\u0131\u011f\u0131n\u0131 kaydetti. YASAL D\u00dcZENLEME BEKL\u0130YORUZ Kolayl\u0131, medya kurulu\u015flar\u0131 ve bu kurulu\u015flarda \u00e7al\u0131\u015fan medya emek\u00e7ilerinin ya\u015fad\u0131\u011f\u0131 sorunlara dikkat \u00e7ekti\u011fi a\u00e7\u0131klamas\u0131nda, \u201cMedya sekt\u00f6r\u00fc olarak zor bir d\u00f6nemden ge\u00e7iyoruz ve bas\u0131n \u00f6zg\u00fcrl\u00fc\u011f\u00fcnden internet yasas\u0131na kadar bir\u00e7ok alanda yasal d\u00fczenleme bekliyoruz. Sekt\u00f6r\u00fcm\u00fczdeki sorunlar\u0131n bir an \u00f6nce \u00e7\u00f6z\u00fcmlenmesi, s\u00fcrekli itibar kaybeden bas\u0131n mesle\u011finin geli\u015fmesi a\u00e7\u0131s\u0131ndan b\u00fcy\u00fck \u00f6nem ta\u015f\u0131maktad\u0131r\u201d ifadelerini kulland\u0131. \u00a0\u00a0 B\u0130R D\u0130Z\u0130 YEN\u0130L\u0130K UYGULANMALI T\u00fcrkiye Gazeteciler Konfederasyonu\u2019nun konuya ili\u015fkin yakla\u015f\u0131m\u0131na dikkat \u00e7eken Ba\u015fkan Kolayl\u0131, \u201cHer f\u0131rsatta vurgulad\u0131\u011f\u0131m\u0131z gibi \u00fclkemiz, medya alan\u0131nda kapsaml\u0131 bir de\u011fi\u015fime, yenilenmeye ihtiya\u00e7 duymaktad\u0131r. Bas\u0131n \u00f6zg\u00fcrl\u00fc\u011f\u00fcnden bas\u0131nda \u00e7al\u0131\u015fma ko\u015fullar\u0131na, internet yasas\u0131ndan mesleki standartlara kadar bir dizi yenilik zaman ge\u00e7irilmeden uygulamaya konulmal\u0131d\u0131r\u201d a\u00e7\u0131klamas\u0131nda bulundu.\u00a0 YASAL BO\u015eLUKLAR S\u00d6Z KONUSU Acil \u00e7\u00f6z\u00fcm gerektiren esaslara dikkat \u00e7eken Kolayl\u0131, \u201cSekt\u00f6r\u00fcm\u00fczde mesleki d\u00fczenleme olmamas\u0131; tehdit ve \u015fantaja dayal\u0131 etik d\u0131\u015f\u0131 haberlerin yap\u0131lmas\u0131na, birikimine, &hellip;","og_url":"http:\/\/denizcankizil.tr\/en\/haberler\/gundem\/tgk-genel-baskani-nuri-kolayli-10-ocaklar-gercek-anlamda-basin-bayrami-olmali\/","og_site_name":"Av. Deniz Can K\u0131z\u0131l","article_published_time":"2025-01-09T14:41:39+00:00","author":"Antalya K\u00f6rfez","twitter_card":"summary_large_image","twitter_misc":{"Written by":"Antalya K\u00f6rfez","Estimated reading time":"3 minutes"},"schema":{"@context":"https:\/\/schema.org","@graph":[{"@type":"Article","@id":"http:\/\/denizcankizil.tr\/en\/haberler\/gundem\/tgk-genel-baskani-nuri-kolayli-10-ocaklar-gercek-anlamda-basin-bayrami-olmali\/#article","isPartOf":{"@id":"http:\/\/denizcankizil.tr\/en\/haberler\/gundem\/tgk-genel-baskani-nuri-kolayli-10-ocaklar-gercek-anlamda-basin-bayrami-olmali\/"},"author":{"name":"Antalya K\u00f6rfez","@id":"https:\/\/denizcankizil.tr\/de\/#\/schema\/person\/e1eb71bb4dd684d46563f0af307e1234"},"headline":"TGK Genel Ba\u015fkan\u0131 Nuri Kolayl\u0131: 10 Ocak\u2019lar ger\u00e7ek anlamda bas\u0131n bayram\u0131 olmal\u0131!","datePublished":"2025-01-09T14:41:39+00:00","mainEntityOfPage":{"@id":"http:\/\/denizcankizil.tr\/en\/haberler\/gundem\/tgk-genel-baskani-nuri-kolayli-10-ocaklar-gercek-anlamda-basin-bayrami-olmali\/"},"wordCount":674,"commentCount":0,"publisher":{"@id":"https:\/\/denizcankizil.tr\/de\/#organization"},"articleSection":["G\u00fcndem"],"inLanguage":"en-GB","potentialAction":[{"@type":"CommentAction","name":"Comment","target":["http:\/\/denizcankizil.tr\/en\/haberler\/gundem\/tgk-genel-baskani-nuri-kolayli-10-ocaklar-gercek-anlamda-basin-bayrami-olmali\/#respond"]}]},{"@type":"WebPage","@id":"http:\/\/denizcankizil.tr\/en\/haberler\/gundem\/tgk-genel-baskani-nuri-kolayli-10-ocaklar-gercek-anlamda-basin-bayrami-olmali\/","url":"http:\/\/denizcankizil.tr\/en\/haberler\/gundem\/tgk-genel-baskani-nuri-kolayli-10-ocaklar-gercek-anlamda-basin-bayrami-olmali\/","name":"TGK Genel Ba\u015fkan\u0131 Nuri Kolayl\u0131: 10 Ocak\u2019lar ger\u00e7ek anlamda bas\u0131n bayram\u0131 olmal\u0131! - Av. Deniz Can K\u0131z\u0131l","isPartOf":{"@id":"https:\/\/denizcankizil.tr\/de\/#website"},"datePublished":"2025-01-09T14:41:39+00:00","breadcrumb":{"@id":"http:\/\/denizcankizil.tr\/en\/haberler\/gundem\/tgk-genel-baskani-nuri-kolayli-10-ocaklar-gercek-anlamda-basin-bayrami-olmali\/#breadcrumb"},"inLanguage":"en-GB","potentialAction":[{"@type":"ReadAction","target":["http:\/\/denizcankizil.tr\/en\/haberler\/gundem\/tgk-genel-baskani-nuri-kolayli-10-ocaklar-gercek-anlamda-basin-bayrami-olmali\/"]}]},{"@type":"BreadcrumbList","@id":"http:\/\/denizcankizil.tr\/en\/haberler\/gundem\/tgk-genel-baskani-nuri-kolayli-10-ocaklar-gercek-anlamda-basin-bayrami-olmali\/#breadcrumb","itemListElement":[{"@type":"ListItem","position":1,"name":"Home","item":"https:\/\/denizcankizil.tr\/de\/"},{"@type":"ListItem","position":2,"name":"TGK Genel Ba\u015fkan\u0131 Nuri Kolayl\u0131: 10 Ocak\u2019lar ger\u00e7ek anlamda bas\u0131n bayram\u0131 olmal\u0131!"}]},{"@type":"WebSite","@id":"https:\/\/denizcankizil.tr\/de\/#website","url":"https:\/\/denizcankizil.tr\/de\/","name":"Av. Deniz Can K\u0131z\u0131l","description":"Avukat Deniz Can K\u0131z\u0131l Antalya Barosu","publisher":{"@id":"https:\/\/denizcankizil.tr\/de\/#organization"},"potentialAction":[{"@type":"SearchAction","target":{"@type":"EntryPoint","urlTemplate":"https:\/\/denizcankizil.tr\/de\/?s={search_term_string}"},"query-input":{"@type":"PropertyValueSpecification","valueRequired":true,"valueName":"search_term_string"}}],"inLanguage":"en-GB"},{"@type":"Organization","@id":"https:\/\/denizcankizil.tr\/de\/#organization","name":"Av. Deniz Can K\u0131z\u0131l","url":"https:\/\/denizcankizil.tr\/de\/","logo":{"@type":"ImageObject","inLanguage":"en-GB","@id":"https:\/\/denizcankizil.tr\/de\/#\/schema\/logo\/image\/","url":"http:\/\/denizcankizil.tr\/wp-content\/uploads\/2024\/10\/siyah-logo-svg.svg","contentUrl":"http:\/\/denizcankizil.tr\/wp-content\/uploads\/2024\/10\/siyah-logo-svg.svg","width":1080,"height":1080,"caption":"Av. Deniz Can K\u0131z\u0131l"},"image":{"@id":"https:\/\/denizcankizil.tr\/de\/#\/schema\/logo\/image\/"}},{"@type":"Person","@id":"https:\/\/denizcankizil.tr\/de\/#\/schema\/person\/e1eb71bb4dd684d46563f0af307e1234","name":"Antalya K\u00f6rfez","image":{"@type":"ImageObject","inLanguage":"en-GB","@id":"https:\/\/denizcankizil.tr\/de\/#\/schema\/person\/image\/","url":"https:\/\/secure.gravatar.com\/avatar\/42b01982558a48a0b501fdcab6a408d3717ea5919095ee2e67b0e521799c5905?s=96&d=mm&r=g","contentUrl":"https:\/\/secure.gravatar.com\/avatar\/42b01982558a48a0b501fdcab6a408d3717ea5919095ee2e67b0e521799c5905?s=96&d=mm&r=g","caption":"Antalya K\u00f6rfez"},"sameAs":["http:\/\/www.antalyakorfez.com"],"url":"https:\/\/www.antalyakorfez.com\/tgk-genel-baskani-nuri-kolayli-10-ocaklar-gercek-anlamda-basin-bayrami-olmali"}]}},"_links":{"self":[{"href":"http:\/\/denizcankizil.tr\/en\/wp-json\/wp\/v2\/posts\/24704","targetHints":{"allow":["GET"]}}],"collection":[{"href":"http:\/\/denizcankizil.tr\/en\/wp-json\/wp\/v2\/posts"}],"about":[{"href":"http:\/\/denizcankizil.tr\/en\/wp-json\/wp\/v2\/types\/post"}],"author":[{"embeddable":true,"href":"http:\/\/denizcankizil.tr\/en\/wp-json\/wp\/v2\/users\/5"}],"replies":[{"embeddable":true,"href":"http:\/\/denizcankizil.tr\/en\/wp-json\/wp\/v2\/comments?post=24704"}],"version-history":[{"count":0,"href":"http:\/\/denizcankizil.tr\/en\/wp-json\/wp\/v2\/posts\/24704\/revisions"}],"wp:attachment":[{"href":"http:\/\/denizcankizil.tr\/en\/wp-json\/wp\/v2\/media?parent=24704"}],"wp:term":[{"taxonomy":"category","embeddable":true,"href":"http:\/\/denizcankizil.tr\/en\/wp-json\/wp\/v2\/categories?post=24704"},{"taxonomy":"post_tag","embeddable":true,"href":"http:\/\/denizcankizil.tr\/en\/wp-json\/wp\/v2\/tags?post=24704"}],"curies":[{"name":"wp","href":"https:\/\/api.w.org\/{rel}","templated":true}]}}