{"id":24330,"date":"2025-01-07T16:41:26","date_gmt":"2025-01-07T13:41:26","guid":{"rendered":"https:\/\/denizcankizil.tr\/uncategorized-tr\/canikte-nitelikli-egitim-atagi\/"},"modified":"2025-01-07T16:41:26","modified_gmt":"2025-01-07T13:41:26","slug":"canikte-nitelikli-egitim-atagi","status":"publish","type":"post","link":"http:\/\/denizcankizil.tr\/en\/haberler\/gundem\/canikte-nitelikli-egitim-atagi\/","title":{"rendered":"Canik&#8217;te Nitelikli E\u011fitim Ata\u011f\u0131"},"content":{"rendered":"<p>Canik Belediye Ba\u015fkan\u0131 \u0130brahim Sand\u0131k\u00e7\u0131, Canik Fen Lisesi\u2019nin yap\u0131m \u00e7al\u0131\u015fmalar\u0131n\u0131n devam etti\u011fini ve il\u00e7edeki okullara Canik Ak\u0131l ve Zek\u00e2 Oyunlar\u0131 S\u0131n\u0131flar\u0131 kazand\u0131rmay\u0131 s\u00fcrd\u00fcrd\u00fcklerini ifade etti.<\/p>\n<p>\u200bCanik Belediye Ba\u015fkan\u0131 \u0130brahim Sand\u0131k\u00e7\u0131, Canik Fen Lisesi\u2019nin yap\u0131m \u00e7al\u0131\u015fmalar\u0131n\u0131n devam etti\u011fini ve il\u00e7edeki okullara Canik Ak\u0131l ve Zek\u00e2 Oyunlar\u0131 S\u0131n\u0131flar\u0131 kazand\u0131rmay\u0131 s\u00fcrd\u00fcrd\u00fcklerini ifade etti.\u00a0<\/p>\n<p>\u200bHaberin Al\u0131nt\u0131land\u0131\u011f\u0131 Kaynak: www.iskenderun.org<\/p>","protected":false},"excerpt":{"rendered":"<p>Canik Belediye Ba\u015fkan\u0131 \u0130brahim Sand\u0131k\u00e7\u0131, Canik Fen Lisesi\u2019nin yap\u0131m \u00e7al\u0131\u015fmalar\u0131n\u0131n devam etti\u011fini ve il\u00e7edeki okullara Canik Ak\u0131l ve Zek\u00e2 Oyunlar\u0131 S\u0131n\u0131flar\u0131 kazand\u0131rmay\u0131 s\u00fcrd\u00fcrd\u00fcklerini ifade etti. \u200bCanik Belediye Ba\u015fkan\u0131 \u0130brahim Sand\u0131k\u00e7\u0131, Canik Fen Lisesi\u2019nin yap\u0131m \u00e7al\u0131\u015fmalar\u0131n\u0131n devam etti\u011fini ve il\u00e7edeki okullara Canik Ak\u0131l ve Zek\u00e2 Oyunlar\u0131 S\u0131n\u0131flar\u0131 kazand\u0131rmay\u0131 s\u00fcrd\u00fcrd\u00fcklerini ifade etti.\u00a0 \u200bHaberin Al\u0131nt\u0131land\u0131\u011f\u0131 Kaynak: www.iskenderun.org<\/p>","protected":false},"author":1,"featured_media":0,"comment_status":"open","ping_status":"open","sticky":false,"template":"","format":"standard","meta":{"_acf_changed":false,"footnotes":""},"categories":[24],"tags":[],"class_list":["post-24330","post","type-post","status-publish","format-standard","has-post-thumbnail","hentry","category-gundem"],"acf":[],"yoast_head":"<!-- This site is optimized with the Yoast SEO Premium plugin v26.6 (Yoast SEO v27.1.1) - https:\/\/yoast.com\/product\/yoast-seo-premium-wordpress\/ -->\n<title>Canik&#039;te Nitelikli E\u011fitim Ata\u011f\u0131 - Av. Deniz Can K\u0131z\u0131l<\/title>\n<meta name=\"robots\" content=\"index, follow, max-snippet:-1, max-image-preview:large, max-video-preview:-1\" \/>\n<link rel=\"canonical\" href=\"https:\/\/denizcankizil.tr\/en\/haberler\/gundem\/canikte-nitelikli-egitim-atagi\/\" \/>\n<meta property=\"og:locale\" content=\"en_GB\" \/>\n<meta property=\"og:type\" content=\"article\" \/>\n<meta property=\"og:title\" content=\"Canik&#039;te Nitelikli E\u011fitim Ata\u011f\u0131\" \/>\n<meta property=\"og:description\" content=\"Canik Belediye Ba\u015fkan\u0131 \u0130brahim Sand\u0131k\u00e7\u0131, Canik Fen Lisesi\u2019nin yap\u0131m \u00e7al\u0131\u015fmalar\u0131n\u0131n devam etti\u011fini ve il\u00e7edeki okullara Canik Ak\u0131l ve Zek\u00e2 Oyunlar\u0131 S\u0131n\u0131flar\u0131 kazand\u0131rmay\u0131 s\u00fcrd\u00fcrd\u00fcklerini ifade etti. \u200bCanik Belediye Ba\u015fkan\u0131 \u0130brahim Sand\u0131k\u00e7\u0131, Canik Fen Lisesi\u2019nin yap\u0131m \u00e7al\u0131\u015fmalar\u0131n\u0131n devam etti\u011fini ve il\u00e7edeki okullara Canik Ak\u0131l ve Zek\u00e2 Oyunlar\u0131 S\u0131n\u0131flar\u0131 kazand\u0131rmay\u0131 s\u00fcrd\u00fcrd\u00fcklerini ifade etti.\u00a0 \u200bHaberin Al\u0131nt\u0131land\u0131\u011f\u0131 Kaynak: www.iskenderun.org\" \/>\n<meta property=\"og:url\" content=\"https:\/\/denizcankizil.tr\/en\/haberler\/gundem\/canikte-nitelikli-egitim-atagi\/\" \/>\n<meta property=\"og:site_name\" content=\"Av. Deniz Can K\u0131z\u0131l\" \/>\n<meta property=\"article:published_time\" content=\"2025-01-07T13:41:26+00:00\" \/>\n<meta name=\"author\" content=\"admin\" \/>\n<meta name=\"twitter:card\" content=\"summary_large_image\" \/>\n<meta name=\"twitter:label1\" content=\"Written by\" \/>\n\t<meta name=\"twitter:data1\" content=\"admin\" \/>\n<script type=\"application\/ld+json\" class=\"yoast-schema-graph\">{\"@context\":\"https:\/\/schema.org\",\"@graph\":[{\"@type\":\"Article\",\"@id\":\"https:\/\/denizcankizil.tr\/ru\/haberler\/gundem\/canikte-nitelikli-egitim-atagi\/#article\",\"isPartOf\":{\"@id\":\"https:\/\/denizcankizil.tr\/ru\/haberler\/gundem\/canikte-nitelikli-egitim-atagi\/\"},\"author\":{\"name\":\"admin\",\"@id\":\"https:\/\/denizcankizil.tr\/de\/#\/schema\/person\/be3c05fe6a12686905512445d8185489\"},\"headline\":\"Canik&#8217;te Nitelikli E\u011fitim Ata\u011f\u0131\",\"datePublished\":\"2025-01-07T13:41:26+00:00\",\"mainEntityOfPage\":{\"@id\":\"https:\/\/denizcankizil.tr\/ru\/haberler\/gundem\/canikte-nitelikli-egitim-atagi\/\"},\"wordCount\":96,\"commentCount\":0,\"publisher\":{\"@id\":\"https:\/\/denizcankizil.tr\/de\/#organization\"},\"articleSection\":[\"G\u00fcndem\"],\"inLanguage\":\"en-GB\",\"potentialAction\":[{\"@type\":\"CommentAction\",\"name\":\"Comment\",\"target\":[\"https:\/\/denizcankizil.tr\/ru\/haberler\/gundem\/canikte-nitelikli-egitim-atagi\/#respond\"]}]},{\"@type\":\"WebPage\",\"@id\":\"https:\/\/denizcankizil.tr\/ru\/haberler\/gundem\/canikte-nitelikli-egitim-atagi\/\",\"url\":\"https:\/\/denizcankizil.tr\/ru\/haberler\/gundem\/canikte-nitelikli-egitim-atagi\/\",\"name\":\"Canik'te Nitelikli E\u011fitim Ata\u011f\u0131 - Av. Deniz Can K\u0131z\u0131l\",\"isPartOf\":{\"@id\":\"https:\/\/denizcankizil.tr\/de\/#website\"},\"datePublished\":\"2025-01-07T13:41:26+00:00\",\"breadcrumb\":{\"@id\":\"https:\/\/denizcankizil.tr\/ru\/haberler\/gundem\/canikte-nitelikli-egitim-atagi\/#breadcrumb\"},\"inLanguage\":\"en-GB\",\"potentialAction\":[{\"@type\":\"ReadAction\",\"target\":[\"https:\/\/denizcankizil.tr\/ru\/haberler\/gundem\/canikte-nitelikli-egitim-atagi\/\"]}]},{\"@type\":\"BreadcrumbList\",\"@id\":\"https:\/\/denizcankizil.tr\/ru\/haberler\/gundem\/canikte-nitelikli-egitim-atagi\/#breadcrumb\",\"itemListElement\":[{\"@type\":\"ListItem\",\"position\":1,\"name\":\"Home\",\"item\":\"https:\/\/denizcankizil.tr\/de\/\"},{\"@type\":\"ListItem\",\"position\":2,\"name\":\"Canik&#8217;te Nitelikli E\u011fitim Ata\u011f\u0131\"}]},{\"@type\":\"WebSite\",\"@id\":\"https:\/\/denizcankizil.tr\/de\/#website\",\"url\":\"https:\/\/denizcankizil.tr\/de\/\",\"name\":\"Av. Deniz Can K\u0131z\u0131l\",\"description\":\"Avukat Deniz Can K\u0131z\u0131l Antalya Barosu\",\"publisher\":{\"@id\":\"https:\/\/denizcankizil.tr\/de\/#organization\"},\"potentialAction\":[{\"@type\":\"SearchAction\",\"target\":{\"@type\":\"EntryPoint\",\"urlTemplate\":\"https:\/\/denizcankizil.tr\/de\/?s={search_term_string}\"},\"query-input\":{\"@type\":\"PropertyValueSpecification\",\"valueRequired\":true,\"valueName\":\"search_term_string\"}}],\"inLanguage\":\"en-GB\"},{\"@type\":\"Organization\",\"@id\":\"https:\/\/denizcankizil.tr\/de\/#organization\",\"name\":\"Av. Deniz Can K\u0131z\u0131l\",\"url\":\"https:\/\/denizcankizil.tr\/de\/\",\"logo\":{\"@type\":\"ImageObject\",\"inLanguage\":\"en-GB\",\"@id\":\"https:\/\/denizcankizil.tr\/de\/#\/schema\/logo\/image\/\",\"url\":\"http:\/\/denizcankizil.tr\/wp-content\/uploads\/2024\/10\/siyah-logo-svg.svg\",\"contentUrl\":\"http:\/\/denizcankizil.tr\/wp-content\/uploads\/2024\/10\/siyah-logo-svg.svg\",\"width\":1080,\"height\":1080,\"caption\":\"Av. Deniz Can K\u0131z\u0131l\"},\"image\":{\"@id\":\"https:\/\/denizcankizil.tr\/de\/#\/schema\/logo\/image\/\"}},{\"@type\":\"Person\",\"@id\":\"https:\/\/denizcankizil.tr\/de\/#\/schema\/person\/be3c05fe6a12686905512445d8185489\",\"name\":\"admin\",\"image\":{\"@type\":\"ImageObject\",\"inLanguage\":\"en-GB\",\"@id\":\"https:\/\/denizcankizil.tr\/de\/#\/schema\/person\/image\/\",\"url\":\"https:\/\/secure.gravatar.com\/avatar\/c1fce94c830dc79107e174f890d7210541c4a63e8e5d816341794a2151c9d58c?s=96&d=mm&r=g\",\"contentUrl\":\"https:\/\/secure.gravatar.com\/avatar\/c1fce94c830dc79107e174f890d7210541c4a63e8e5d816341794a2151c9d58c?s=96&d=mm&r=g\",\"caption\":\"admin\"},\"sameAs\":[\"http:\/\/denizcankizil.tr\"],\"url\":\"https:\/\/www.iskenderun.org\/canikte-nitelikli-egitim-atagi\"}]}<\/script>\n<!-- \/ Yoast SEO Premium plugin. -->","yoast_head_json":{"title":"Canik'te Nitelikli E\u011fitim Ata\u011f\u0131 - Av. Deniz Can K\u0131z\u0131l","robots":{"index":"index","follow":"follow","max-snippet":"max-snippet:-1","max-image-preview":"max-image-preview:large","max-video-preview":"max-video-preview:-1"},"canonical":"https:\/\/denizcankizil.tr\/en\/haberler\/gundem\/canikte-nitelikli-egitim-atagi\/","og_locale":"en_GB","og_type":"article","og_title":"Canik'te Nitelikli E\u011fitim Ata\u011f\u0131","og_description":"Canik Belediye Ba\u015fkan\u0131 \u0130brahim Sand\u0131k\u00e7\u0131, Canik Fen Lisesi\u2019nin yap\u0131m \u00e7al\u0131\u015fmalar\u0131n\u0131n devam etti\u011fini ve il\u00e7edeki okullara Canik Ak\u0131l ve Zek\u00e2 Oyunlar\u0131 S\u0131n\u0131flar\u0131 kazand\u0131rmay\u0131 s\u00fcrd\u00fcrd\u00fcklerini ifade etti. \u200bCanik Belediye Ba\u015fkan\u0131 \u0130brahim Sand\u0131k\u00e7\u0131, Canik Fen Lisesi\u2019nin yap\u0131m \u00e7al\u0131\u015fmalar\u0131n\u0131n devam etti\u011fini ve il\u00e7edeki okullara Canik Ak\u0131l ve Zek\u00e2 Oyunlar\u0131 S\u0131n\u0131flar\u0131 kazand\u0131rmay\u0131 s\u00fcrd\u00fcrd\u00fcklerini ifade etti.\u00a0 \u200bHaberin Al\u0131nt\u0131land\u0131\u011f\u0131 Kaynak: www.iskenderun.org","og_url":"https:\/\/denizcankizil.tr\/en\/haberler\/gundem\/canikte-nitelikli-egitim-atagi\/","og_site_name":"Av. Deniz Can K\u0131z\u0131l","article_published_time":"2025-01-07T13:41:26+00:00","author":"admin","twitter_card":"summary_large_image","twitter_misc":{"Written by":"admin"},"schema":{"@context":"https:\/\/schema.org","@graph":[{"@type":"Article","@id":"https:\/\/denizcankizil.tr\/ru\/haberler\/gundem\/canikte-nitelikli-egitim-atagi\/#article","isPartOf":{"@id":"https:\/\/denizcankizil.tr\/ru\/haberler\/gundem\/canikte-nitelikli-egitim-atagi\/"},"author":{"name":"admin","@id":"https:\/\/denizcankizil.tr\/de\/#\/schema\/person\/be3c05fe6a12686905512445d8185489"},"headline":"Canik&#8217;te Nitelikli E\u011fitim Ata\u011f\u0131","datePublished":"2025-01-07T13:41:26+00:00","mainEntityOfPage":{"@id":"https:\/\/denizcankizil.tr\/ru\/haberler\/gundem\/canikte-nitelikli-egitim-atagi\/"},"wordCount":96,"commentCount":0,"publisher":{"@id":"https:\/\/denizcankizil.tr\/de\/#organization"},"articleSection":["G\u00fcndem"],"inLanguage":"en-GB","potentialAction":[{"@type":"CommentAction","name":"Comment","target":["https:\/\/denizcankizil.tr\/ru\/haberler\/gundem\/canikte-nitelikli-egitim-atagi\/#respond"]}]},{"@type":"WebPage","@id":"https:\/\/denizcankizil.tr\/ru\/haberler\/gundem\/canikte-nitelikli-egitim-atagi\/","url":"https:\/\/denizcankizil.tr\/ru\/haberler\/gundem\/canikte-nitelikli-egitim-atagi\/","name":"Canik'te Nitelikli E\u011fitim Ata\u011f\u0131 - Av. Deniz Can K\u0131z\u0131l","isPartOf":{"@id":"https:\/\/denizcankizil.tr\/de\/#website"},"datePublished":"2025-01-07T13:41:26+00:00","breadcrumb":{"@id":"https:\/\/denizcankizil.tr\/ru\/haberler\/gundem\/canikte-nitelikli-egitim-atagi\/#breadcrumb"},"inLanguage":"en-GB","potentialAction":[{"@type":"ReadAction","target":["https:\/\/denizcankizil.tr\/ru\/haberler\/gundem\/canikte-nitelikli-egitim-atagi\/"]}]},{"@type":"BreadcrumbList","@id":"https:\/\/denizcankizil.tr\/ru\/haberler\/gundem\/canikte-nitelikli-egitim-atagi\/#breadcrumb","itemListElement":[{"@type":"ListItem","position":1,"name":"Home","item":"https:\/\/denizcankizil.tr\/de\/"},{"@type":"ListItem","position":2,"name":"Canik&#8217;te Nitelikli E\u011fitim Ata\u011f\u0131"}]},{"@type":"WebSite","@id":"https:\/\/denizcankizil.tr\/de\/#website","url":"https:\/\/denizcankizil.tr\/de\/","name":"Av. Deniz Can K\u0131z\u0131l","description":"Avukat Deniz Can K\u0131z\u0131l Antalya Barosu","publisher":{"@id":"https:\/\/denizcankizil.tr\/de\/#organization"},"potentialAction":[{"@type":"SearchAction","target":{"@type":"EntryPoint","urlTemplate":"https:\/\/denizcankizil.tr\/de\/?s={search_term_string}"},"query-input":{"@type":"PropertyValueSpecification","valueRequired":true,"valueName":"search_term_string"}}],"inLanguage":"en-GB"},{"@type":"Organization","@id":"https:\/\/denizcankizil.tr\/de\/#organization","name":"Av. Deniz Can K\u0131z\u0131l","url":"https:\/\/denizcankizil.tr\/de\/","logo":{"@type":"ImageObject","inLanguage":"en-GB","@id":"https:\/\/denizcankizil.tr\/de\/#\/schema\/logo\/image\/","url":"http:\/\/denizcankizil.tr\/wp-content\/uploads\/2024\/10\/siyah-logo-svg.svg","contentUrl":"http:\/\/denizcankizil.tr\/wp-content\/uploads\/2024\/10\/siyah-logo-svg.svg","width":1080,"height":1080,"caption":"Av. Deniz Can K\u0131z\u0131l"},"image":{"@id":"https:\/\/denizcankizil.tr\/de\/#\/schema\/logo\/image\/"}},{"@type":"Person","@id":"https:\/\/denizcankizil.tr\/de\/#\/schema\/person\/be3c05fe6a12686905512445d8185489","name":"admin","image":{"@type":"ImageObject","inLanguage":"en-GB","@id":"https:\/\/denizcankizil.tr\/de\/#\/schema\/person\/image\/","url":"https:\/\/secure.gravatar.com\/avatar\/c1fce94c830dc79107e174f890d7210541c4a63e8e5d816341794a2151c9d58c?s=96&d=mm&r=g","contentUrl":"https:\/\/secure.gravatar.com\/avatar\/c1fce94c830dc79107e174f890d7210541c4a63e8e5d816341794a2151c9d58c?s=96&d=mm&r=g","caption":"admin"},"sameAs":["http:\/\/denizcankizil.tr"],"url":"https:\/\/www.iskenderun.org\/canikte-nitelikli-egitim-atagi"}]}},"_links":{"self":[{"href":"http:\/\/denizcankizil.tr\/en\/wp-json\/wp\/v2\/posts\/24330","targetHints":{"allow":["GET"]}}],"collection":[{"href":"http:\/\/denizcankizil.tr\/en\/wp-json\/wp\/v2\/posts"}],"about":[{"href":"http:\/\/denizcankizil.tr\/en\/wp-json\/wp\/v2\/types\/post"}],"author":[{"embeddable":true,"href":"http:\/\/denizcankizil.tr\/en\/wp-json\/wp\/v2\/users\/1"}],"replies":[{"embeddable":true,"href":"http:\/\/denizcankizil.tr\/en\/wp-json\/wp\/v2\/comments?post=24330"}],"version-history":[{"count":0,"href":"http:\/\/denizcankizil.tr\/en\/wp-json\/wp\/v2\/posts\/24330\/revisions"}],"wp:attachment":[{"href":"http:\/\/denizcankizil.tr\/en\/wp-json\/wp\/v2\/media?parent=24330"}],"wp:term":[{"taxonomy":"category","embeddable":true,"href":"http:\/\/denizcankizil.tr\/en\/wp-json\/wp\/v2\/categories?post=24330"},{"taxonomy":"post_tag","embeddable":true,"href":"http:\/\/denizcankizil.tr\/en\/wp-json\/wp\/v2\/tags?post=24330"}],"curies":[{"name":"wp","href":"https:\/\/api.w.org\/{rel}","templated":true}]}}