{"id":23411,"date":"2025-01-02T09:41:51","date_gmt":"2025-01-02T06:41:51","guid":{"rendered":"https:\/\/denizcankizil.tr\/uncategorized-tr\/asirlik-miraslar-yeniden-hayat-buluyor\/"},"modified":"2025-01-02T09:41:51","modified_gmt":"2025-01-02T06:41:51","slug":"asirlik-miraslar-yeniden-hayat-buluyor","status":"publish","type":"post","link":"http:\/\/denizcankizil.tr\/en\/haberler\/gundem\/asirlik-miraslar-yeniden-hayat-buluyor\/","title":{"rendered":"As\u0131rl\u0131k miraslar yeniden hayat buluyor"},"content":{"rendered":"<p>K\u00fclt\u00fcr ve Turizm Bakanl\u0131\u011f\u0131 Vak\u0131flar Genel M\u00fcd\u00fcrl\u00fc\u011f\u00fc, m\u00fcbarek \u00dc\u00e7 Aylar\u2019\u0131n ba\u015flang\u0131c\u0131 ve Ramazan-\u0131 \u015eerif\u2019in m\u00fcjdecisi olan bu \u00f6zel g\u00fcnde, restorasyonu tamamlanan \u00fc\u00e7 tarihi camiyi yeniden ibadete a\u00e7acak.Pazaryeri G\u00fcndem \/ B\u0130LEC\u0130K (\u0130GFA) &#8211;\u00a0 Depremde zarar g\u00f6ren Hatay Kanun\u00ee Sultan S\u00fcleyman Camii ile Edirne Ke\u015fan Hersekzade Ahmet Pa\u015fa Camii ve Bilecik Pazaryeri Kara Mustafa Pa\u015fa Camii, 2 Ocak Per\u015fembe g\u00fcn\u00fc Regaip Kandili&#8217;nde ak\u015fam ve yats\u0131 namazlar\u0131na m\u00fcteakip ibadete a\u00e7\u0131lacak.<\/p>\n<p>Vak\u0131flar Genel M\u00fcd\u00fcrl\u00fc\u011f\u00fc, ge\u00e7mi\u015ften gelen bu e\u015fsiz miraslar\u0131 ihya ederek milletin hizmetine sunman\u0131n gururunu ya\u015fad\u0131klar\u0131n\u0131 belirten Genel M\u00fcd\u00fcr Sinan Aksu, \u00fclke genelinde tarihi eserlerin korunmas\u0131 ve gelece\u011fe aktar\u0131lmas\u0131 i\u00e7in yo\u011fun bir \u00e7al\u0131\u015fma s\u00fcrd\u00fcrd\u00fcklerini, 250\u2019den fazla restorasyon projenin devam etti\u011fini kaydetti.<br \/>\nBu arada a\u00e7\u0131l\u0131\u015flar s\u0131ras\u0131nda vatanda\u015flara kandil simidi ve \u00e7e\u015fitli ikramlar sunulaca\u011f\u0131, \u00f6zel gecenin dualarla ta\u00e7lanaca\u011f\u0131 \u00f6\u011frenildi.<\/p>\n<p>\u200bK\u00fclt\u00fcr ve Turizm Bakanl\u0131\u011f\u0131 Vak\u0131flar Genel M\u00fcd\u00fcrl\u00fc\u011f\u00fc, m\u00fcbarek \u00dc\u00e7 Aylar\u2019\u0131n ba\u015flang\u0131c\u0131 ve Ramazan-\u0131 \u015eerif\u2019in m\u00fcjdecisi olan bu \u00f6zel g\u00fcnde, restorasyonu tamamlanan \u00fc\u00e7 tarihi camiyi yeniden ibadete a\u00e7acak.Pazaryeri G\u00fcndem \/ B\u0130LEC\u0130K (\u0130GFA) &#8211;\u00a0 Depremde zarar g\u00f6ren Hatay Kanun\u00ee Sultan S\u00fcleyman Camii ile Edirne Ke\u015fan Hersekzade Ahmet Pa\u015fa Camii ve Bilecik Pazaryeri Kara Mustafa Pa\u015fa Camii, 2 Ocak Per\u015fembe g\u00fcn\u00fc Regaip Kandili&#8217;nde ak\u015fam ve yats\u0131 namazlar\u0131na m\u00fcteakip ibadete a\u00e7\u0131lacak.<\/p>\n<p>Vak\u0131flar Genel M\u00fcd\u00fcrl\u00fc\u011f\u00fc, ge\u00e7mi\u015ften gelen bu e\u015fsiz miraslar\u0131 ihya ederek milletin hizmetine sunman\u0131n gururunu ya\u015fad\u0131klar\u0131n\u0131 belirten Genel M\u00fcd\u00fcr Sinan Aksu, \u00fclke genelinde tarihi eserlerin korunmas\u0131 ve gelece\u011fe aktar\u0131lmas\u0131 i\u00e7in yo\u011fun bir \u00e7al\u0131\u015fma s\u00fcrd\u00fcrd\u00fcklerini, 250\u2019den fazla restorasyon projenin devam etti\u011fini kaydetti.<br \/>\nBu arada a\u00e7\u0131l\u0131\u015flar s\u0131ras\u0131nda vatanda\u015flara kandil simidi ve \u00e7e\u015fitli ikramlar sunulaca\u011f\u0131, \u00f6zel gecenin dualarla ta\u00e7lanaca\u011f\u0131 \u00f6\u011frenildi.\u00a0<\/p>\n<p>\u200bHaberin Al\u0131nt\u0131land\u0131\u011f\u0131 Kaynak: www.iskenderun.org<\/p>","protected":false},"excerpt":{"rendered":"<p>K\u00fclt\u00fcr ve Turizm Bakanl\u0131\u011f\u0131 Vak\u0131flar Genel M\u00fcd\u00fcrl\u00fc\u011f\u00fc, m\u00fcbarek \u00dc\u00e7 Aylar\u2019\u0131n ba\u015flang\u0131c\u0131 ve Ramazan-\u0131 \u015eerif\u2019in m\u00fcjdecisi olan bu \u00f6zel g\u00fcnde, restorasyonu tamamlanan \u00fc\u00e7 tarihi camiyi yeniden ibadete a\u00e7acak.Pazaryeri G\u00fcndem \/ B\u0130LEC\u0130K (\u0130GFA) &#8211;\u00a0 Depremde zarar g\u00f6ren Hatay Kanun\u00ee Sultan S\u00fcleyman Camii ile Edirne Ke\u015fan Hersekzade Ahmet Pa\u015fa Camii ve Bilecik Pazaryeri Kara Mustafa Pa\u015fa Camii, 2 Ocak Per\u015fembe g\u00fcn\u00fc Regaip Kandili&#8217;nde ak\u015fam ve yats\u0131 namazlar\u0131na m\u00fcteakip ibadete a\u00e7\u0131lacak. Vak\u0131flar Genel M\u00fcd\u00fcrl\u00fc\u011f\u00fc, ge\u00e7mi\u015ften gelen bu e\u015fsiz miraslar\u0131 ihya ederek milletin hizmetine sunman\u0131n gururunu ya\u015fad\u0131klar\u0131n\u0131 belirten Genel M\u00fcd\u00fcr Sinan Aksu, \u00fclke genelinde tarihi eserlerin korunmas\u0131 ve gelece\u011fe aktar\u0131lmas\u0131 i\u00e7in yo\u011fun bir \u00e7al\u0131\u015fma s\u00fcrd\u00fcrd\u00fcklerini, 250\u2019den fazla restorasyon projenin devam etti\u011fini kaydetti. Bu arada a\u00e7\u0131l\u0131\u015flar s\u0131ras\u0131nda vatanda\u015flara kandil simidi ve \u00e7e\u015fitli ikramlar sunulaca\u011f\u0131, \u00f6zel gecenin dualarla ta\u00e7lanaca\u011f\u0131 \u00f6\u011frenildi. \u200bK\u00fclt\u00fcr ve Turizm Bakanl\u0131\u011f\u0131 Vak\u0131flar Genel M\u00fcd\u00fcrl\u00fc\u011f\u00fc, m\u00fcbarek \u00dc\u00e7 Aylar\u2019\u0131n ba\u015flang\u0131c\u0131 ve Ramazan-\u0131 \u015eerif\u2019in m\u00fcjdecisi olan bu \u00f6zel g\u00fcnde, restorasyonu tamamlanan \u00fc\u00e7 tarihi camiyi yeniden ibadete a\u00e7acak.Pazaryeri G\u00fcndem \/ B\u0130LEC\u0130K (\u0130GFA) &#8211;\u00a0 Depremde zarar g\u00f6ren Hatay Kanun\u00ee Sultan S\u00fcleyman Camii ile Edirne Ke\u015fan Hersekzade Ahmet Pa\u015fa Camii ve Bilecik Pazaryeri Kara Mustafa Pa\u015fa Camii, 2 Ocak Per\u015fembe g\u00fcn\u00fc Regaip Kandili&#8217;nde ak\u015fam ve yats\u0131 namazlar\u0131na m\u00fcteakip ibadete a\u00e7\u0131lacak. Vak\u0131flar Genel M\u00fcd\u00fcrl\u00fc\u011f\u00fc, ge\u00e7mi\u015ften gelen bu e\u015fsiz miraslar\u0131 ihya ederek &hellip;<\/p>","protected":false},"author":0,"featured_media":0,"comment_status":"open","ping_status":"open","sticky":false,"template":"","format":"standard","meta":{"_acf_changed":false,"footnotes":""},"categories":[24,535],"tags":[],"class_list":["post-23411","post","type-post","status-publish","format-standard","has-post-thumbnail","hentry","category-gundem","category-uncategorized-tr"],"acf":[],"yoast_head":"<!-- This site is optimized with the Yoast SEO Premium plugin v26.6 (Yoast SEO v27.1.1) - https:\/\/yoast.com\/product\/yoast-seo-premium-wordpress\/ -->\n<title>As\u0131rl\u0131k miraslar yeniden hayat buluyor - Av. Deniz Can K\u0131z\u0131l<\/title>\n<meta name=\"robots\" content=\"index, follow, max-snippet:-1, max-image-preview:large, max-video-preview:-1\" \/>\n<link rel=\"canonical\" href=\"http:\/\/denizcankizil.tr\/en\/haberler\/gundem\/asirlik-miraslar-yeniden-hayat-buluyor\/\" \/>\n<meta property=\"og:locale\" content=\"en_GB\" \/>\n<meta property=\"og:type\" content=\"article\" \/>\n<meta property=\"og:title\" content=\"As\u0131rl\u0131k miraslar yeniden hayat buluyor\" \/>\n<meta property=\"og:description\" content=\"K\u00fclt\u00fcr ve Turizm Bakanl\u0131\u011f\u0131 Vak\u0131flar Genel M\u00fcd\u00fcrl\u00fc\u011f\u00fc, m\u00fcbarek \u00dc\u00e7 Aylar\u2019\u0131n ba\u015flang\u0131c\u0131 ve Ramazan-\u0131 \u015eerif\u2019in m\u00fcjdecisi olan bu \u00f6zel g\u00fcnde, restorasyonu tamamlanan \u00fc\u00e7 tarihi camiyi yeniden ibadete a\u00e7acak.Pazaryeri G\u00fcndem \/ B\u0130LEC\u0130K (\u0130GFA) &#8211;\u00a0 Depremde zarar g\u00f6ren Hatay Kanun\u00ee Sultan S\u00fcleyman Camii ile Edirne Ke\u015fan Hersekzade Ahmet Pa\u015fa Camii ve Bilecik Pazaryeri Kara Mustafa Pa\u015fa Camii, 2 Ocak Per\u015fembe g\u00fcn\u00fc Regaip Kandili&#8217;nde ak\u015fam ve yats\u0131 namazlar\u0131na m\u00fcteakip ibadete a\u00e7\u0131lacak. Vak\u0131flar Genel M\u00fcd\u00fcrl\u00fc\u011f\u00fc, ge\u00e7mi\u015ften gelen bu e\u015fsiz miraslar\u0131 ihya ederek milletin hizmetine sunman\u0131n gururunu ya\u015fad\u0131klar\u0131n\u0131 belirten Genel M\u00fcd\u00fcr Sinan Aksu, \u00fclke genelinde tarihi eserlerin korunmas\u0131 ve gelece\u011fe aktar\u0131lmas\u0131 i\u00e7in yo\u011fun bir \u00e7al\u0131\u015fma s\u00fcrd\u00fcrd\u00fcklerini, 250\u2019den fazla restorasyon projenin devam etti\u011fini kaydetti. Bu arada a\u00e7\u0131l\u0131\u015flar s\u0131ras\u0131nda vatanda\u015flara kandil simidi ve \u00e7e\u015fitli ikramlar sunulaca\u011f\u0131, \u00f6zel gecenin dualarla ta\u00e7lanaca\u011f\u0131 \u00f6\u011frenildi. \u200bK\u00fclt\u00fcr ve Turizm Bakanl\u0131\u011f\u0131 Vak\u0131flar Genel M\u00fcd\u00fcrl\u00fc\u011f\u00fc, m\u00fcbarek \u00dc\u00e7 Aylar\u2019\u0131n ba\u015flang\u0131c\u0131 ve Ramazan-\u0131 \u015eerif\u2019in m\u00fcjdecisi olan bu \u00f6zel g\u00fcnde, restorasyonu tamamlanan \u00fc\u00e7 tarihi camiyi yeniden ibadete a\u00e7acak.Pazaryeri G\u00fcndem \/ B\u0130LEC\u0130K (\u0130GFA) &#8211;\u00a0 Depremde zarar g\u00f6ren Hatay Kanun\u00ee Sultan S\u00fcleyman Camii ile Edirne Ke\u015fan Hersekzade Ahmet Pa\u015fa Camii ve Bilecik Pazaryeri Kara Mustafa Pa\u015fa Camii, 2 Ocak Per\u015fembe g\u00fcn\u00fc Regaip Kandili&#8217;nde ak\u015fam ve yats\u0131 namazlar\u0131na m\u00fcteakip ibadete a\u00e7\u0131lacak. Vak\u0131flar Genel M\u00fcd\u00fcrl\u00fc\u011f\u00fc, ge\u00e7mi\u015ften gelen bu e\u015fsiz miraslar\u0131 ihya ederek &hellip;\" \/>\n<meta property=\"og:url\" content=\"http:\/\/denizcankizil.tr\/en\/haberler\/gundem\/asirlik-miraslar-yeniden-hayat-buluyor\/\" \/>\n<meta property=\"og:site_name\" content=\"Av. Deniz Can K\u0131z\u0131l\" \/>\n<meta property=\"article:published_time\" content=\"2025-01-02T06:41:51+00:00\" \/>\n<meta name=\"twitter:card\" content=\"summary_large_image\" \/>\n<meta name=\"twitter:label1\" content=\"Estimated reading time\" \/>\n\t<meta name=\"twitter:data1\" content=\"2 minutes\" \/>\n<script type=\"application\/ld+json\" class=\"yoast-schema-graph\">{\"@context\":\"https:\/\/schema.org\",\"@graph\":[{\"@type\":\"Article\",\"@id\":\"http:\/\/denizcankizil.tr\/en\/haberler\/gundem\/asirlik-miraslar-yeniden-hayat-buluyor\/#article\",\"isPartOf\":{\"@id\":\"http:\/\/denizcankizil.tr\/en\/haberler\/gundem\/asirlik-miraslar-yeniden-hayat-buluyor\/\"},\"author\":{\"name\":\"\",\"@id\":\"\"},\"headline\":\"As\u0131rl\u0131k miraslar yeniden hayat buluyor\",\"datePublished\":\"2025-01-02T06:41:51+00:00\",\"mainEntityOfPage\":{\"@id\":\"http:\/\/denizcankizil.tr\/en\/haberler\/gundem\/asirlik-miraslar-yeniden-hayat-buluyor\/\"},\"wordCount\":367,\"commentCount\":0,\"publisher\":{\"@id\":\"https:\/\/denizcankizil.tr\/de\/#organization\"},\"articleSection\":[\"G\u00fcndem\",\"Uncategorized\"],\"inLanguage\":\"en-GB\",\"potentialAction\":[{\"@type\":\"CommentAction\",\"name\":\"Comment\",\"target\":[\"http:\/\/denizcankizil.tr\/en\/haberler\/gundem\/asirlik-miraslar-yeniden-hayat-buluyor\/#respond\"]}]},{\"@type\":\"WebPage\",\"@id\":\"http:\/\/denizcankizil.tr\/en\/haberler\/gundem\/asirlik-miraslar-yeniden-hayat-buluyor\/\",\"url\":\"http:\/\/denizcankizil.tr\/en\/haberler\/gundem\/asirlik-miraslar-yeniden-hayat-buluyor\/\",\"name\":\"As\u0131rl\u0131k miraslar yeniden hayat buluyor - Av. Deniz Can K\u0131z\u0131l\",\"isPartOf\":{\"@id\":\"https:\/\/denizcankizil.tr\/de\/#website\"},\"datePublished\":\"2025-01-02T06:41:51+00:00\",\"breadcrumb\":{\"@id\":\"http:\/\/denizcankizil.tr\/en\/haberler\/gundem\/asirlik-miraslar-yeniden-hayat-buluyor\/#breadcrumb\"},\"inLanguage\":\"en-GB\",\"potentialAction\":[{\"@type\":\"ReadAction\",\"target\":[\"http:\/\/denizcankizil.tr\/en\/haberler\/gundem\/asirlik-miraslar-yeniden-hayat-buluyor\/\"]}]},{\"@type\":\"BreadcrumbList\",\"@id\":\"http:\/\/denizcankizil.tr\/en\/haberler\/gundem\/asirlik-miraslar-yeniden-hayat-buluyor\/#breadcrumb\",\"itemListElement\":[{\"@type\":\"ListItem\",\"position\":1,\"name\":\"Home\",\"item\":\"https:\/\/denizcankizil.tr\/de\/\"},{\"@type\":\"ListItem\",\"position\":2,\"name\":\"As\u0131rl\u0131k miraslar yeniden hayat buluyor\"}]},{\"@type\":\"WebSite\",\"@id\":\"https:\/\/denizcankizil.tr\/de\/#website\",\"url\":\"https:\/\/denizcankizil.tr\/de\/\",\"name\":\"Av. Deniz Can K\u0131z\u0131l\",\"description\":\"Avukat Deniz Can K\u0131z\u0131l Antalya Barosu\",\"publisher\":{\"@id\":\"https:\/\/denizcankizil.tr\/de\/#organization\"},\"potentialAction\":[{\"@type\":\"SearchAction\",\"target\":{\"@type\":\"EntryPoint\",\"urlTemplate\":\"https:\/\/denizcankizil.tr\/de\/?s={search_term_string}\"},\"query-input\":{\"@type\":\"PropertyValueSpecification\",\"valueRequired\":true,\"valueName\":\"search_term_string\"}}],\"inLanguage\":\"en-GB\"},{\"@type\":\"Organization\",\"@id\":\"https:\/\/denizcankizil.tr\/de\/#organization\",\"name\":\"Av. Deniz Can K\u0131z\u0131l\",\"url\":\"https:\/\/denizcankizil.tr\/de\/\",\"logo\":{\"@type\":\"ImageObject\",\"inLanguage\":\"en-GB\",\"@id\":\"https:\/\/denizcankizil.tr\/de\/#\/schema\/logo\/image\/\",\"url\":\"http:\/\/denizcankizil.tr\/wp-content\/uploads\/2024\/10\/siyah-logo-svg.svg\",\"contentUrl\":\"http:\/\/denizcankizil.tr\/wp-content\/uploads\/2024\/10\/siyah-logo-svg.svg\",\"width\":1080,\"height\":1080,\"caption\":\"Av. Deniz Can K\u0131z\u0131l\"},\"image\":{\"@id\":\"https:\/\/denizcankizil.tr\/de\/#\/schema\/logo\/image\/\"}}]}<\/script>\n<!-- \/ Yoast SEO Premium plugin. -->","yoast_head_json":{"title":"As\u0131rl\u0131k miraslar yeniden hayat buluyor - Av. Deniz Can K\u0131z\u0131l","robots":{"index":"index","follow":"follow","max-snippet":"max-snippet:-1","max-image-preview":"max-image-preview:large","max-video-preview":"max-video-preview:-1"},"canonical":"http:\/\/denizcankizil.tr\/en\/haberler\/gundem\/asirlik-miraslar-yeniden-hayat-buluyor\/","og_locale":"en_GB","og_type":"article","og_title":"As\u0131rl\u0131k miraslar yeniden hayat buluyor","og_description":"K\u00fclt\u00fcr ve Turizm Bakanl\u0131\u011f\u0131 Vak\u0131flar Genel M\u00fcd\u00fcrl\u00fc\u011f\u00fc, m\u00fcbarek \u00dc\u00e7 Aylar\u2019\u0131n ba\u015flang\u0131c\u0131 ve Ramazan-\u0131 \u015eerif\u2019in m\u00fcjdecisi olan bu \u00f6zel g\u00fcnde, restorasyonu tamamlanan \u00fc\u00e7 tarihi camiyi yeniden ibadete a\u00e7acak.Pazaryeri G\u00fcndem \/ B\u0130LEC\u0130K (\u0130GFA) &#8211;\u00a0 Depremde zarar g\u00f6ren Hatay Kanun\u00ee Sultan S\u00fcleyman Camii ile Edirne Ke\u015fan Hersekzade Ahmet Pa\u015fa Camii ve Bilecik Pazaryeri Kara Mustafa Pa\u015fa Camii, 2 Ocak Per\u015fembe g\u00fcn\u00fc Regaip Kandili&#8217;nde ak\u015fam ve yats\u0131 namazlar\u0131na m\u00fcteakip ibadete a\u00e7\u0131lacak. Vak\u0131flar Genel M\u00fcd\u00fcrl\u00fc\u011f\u00fc, ge\u00e7mi\u015ften gelen bu e\u015fsiz miraslar\u0131 ihya ederek milletin hizmetine sunman\u0131n gururunu ya\u015fad\u0131klar\u0131n\u0131 belirten Genel M\u00fcd\u00fcr Sinan Aksu, \u00fclke genelinde tarihi eserlerin korunmas\u0131 ve gelece\u011fe aktar\u0131lmas\u0131 i\u00e7in yo\u011fun bir \u00e7al\u0131\u015fma s\u00fcrd\u00fcrd\u00fcklerini, 250\u2019den fazla restorasyon projenin devam etti\u011fini kaydetti. Bu arada a\u00e7\u0131l\u0131\u015flar s\u0131ras\u0131nda vatanda\u015flara kandil simidi ve \u00e7e\u015fitli ikramlar sunulaca\u011f\u0131, \u00f6zel gecenin dualarla ta\u00e7lanaca\u011f\u0131 \u00f6\u011frenildi. \u200bK\u00fclt\u00fcr ve Turizm Bakanl\u0131\u011f\u0131 Vak\u0131flar Genel M\u00fcd\u00fcrl\u00fc\u011f\u00fc, m\u00fcbarek \u00dc\u00e7 Aylar\u2019\u0131n ba\u015flang\u0131c\u0131 ve Ramazan-\u0131 \u015eerif\u2019in m\u00fcjdecisi olan bu \u00f6zel g\u00fcnde, restorasyonu tamamlanan \u00fc\u00e7 tarihi camiyi yeniden ibadete a\u00e7acak.Pazaryeri G\u00fcndem \/ B\u0130LEC\u0130K (\u0130GFA) &#8211;\u00a0 Depremde zarar g\u00f6ren Hatay Kanun\u00ee Sultan S\u00fcleyman Camii ile Edirne Ke\u015fan Hersekzade Ahmet Pa\u015fa Camii ve Bilecik Pazaryeri Kara Mustafa Pa\u015fa Camii, 2 Ocak Per\u015fembe g\u00fcn\u00fc Regaip Kandili&#8217;nde ak\u015fam ve yats\u0131 namazlar\u0131na m\u00fcteakip ibadete a\u00e7\u0131lacak. Vak\u0131flar Genel M\u00fcd\u00fcrl\u00fc\u011f\u00fc, ge\u00e7mi\u015ften gelen bu e\u015fsiz miraslar\u0131 ihya ederek &hellip;","og_url":"http:\/\/denizcankizil.tr\/en\/haberler\/gundem\/asirlik-miraslar-yeniden-hayat-buluyor\/","og_site_name":"Av. Deniz Can K\u0131z\u0131l","article_published_time":"2025-01-02T06:41:51+00:00","twitter_card":"summary_large_image","twitter_misc":{"Estimated reading time":"2 minutes"},"schema":{"@context":"https:\/\/schema.org","@graph":[{"@type":"Article","@id":"http:\/\/denizcankizil.tr\/en\/haberler\/gundem\/asirlik-miraslar-yeniden-hayat-buluyor\/#article","isPartOf":{"@id":"http:\/\/denizcankizil.tr\/en\/haberler\/gundem\/asirlik-miraslar-yeniden-hayat-buluyor\/"},"author":{"name":"","@id":""},"headline":"As\u0131rl\u0131k miraslar yeniden hayat buluyor","datePublished":"2025-01-02T06:41:51+00:00","mainEntityOfPage":{"@id":"http:\/\/denizcankizil.tr\/en\/haberler\/gundem\/asirlik-miraslar-yeniden-hayat-buluyor\/"},"wordCount":367,"commentCount":0,"publisher":{"@id":"https:\/\/denizcankizil.tr\/de\/#organization"},"articleSection":["G\u00fcndem","Uncategorized"],"inLanguage":"en-GB","potentialAction":[{"@type":"CommentAction","name":"Comment","target":["http:\/\/denizcankizil.tr\/en\/haberler\/gundem\/asirlik-miraslar-yeniden-hayat-buluyor\/#respond"]}]},{"@type":"WebPage","@id":"http:\/\/denizcankizil.tr\/en\/haberler\/gundem\/asirlik-miraslar-yeniden-hayat-buluyor\/","url":"http:\/\/denizcankizil.tr\/en\/haberler\/gundem\/asirlik-miraslar-yeniden-hayat-buluyor\/","name":"As\u0131rl\u0131k miraslar yeniden hayat buluyor - Av. Deniz Can K\u0131z\u0131l","isPartOf":{"@id":"https:\/\/denizcankizil.tr\/de\/#website"},"datePublished":"2025-01-02T06:41:51+00:00","breadcrumb":{"@id":"http:\/\/denizcankizil.tr\/en\/haberler\/gundem\/asirlik-miraslar-yeniden-hayat-buluyor\/#breadcrumb"},"inLanguage":"en-GB","potentialAction":[{"@type":"ReadAction","target":["http:\/\/denizcankizil.tr\/en\/haberler\/gundem\/asirlik-miraslar-yeniden-hayat-buluyor\/"]}]},{"@type":"BreadcrumbList","@id":"http:\/\/denizcankizil.tr\/en\/haberler\/gundem\/asirlik-miraslar-yeniden-hayat-buluyor\/#breadcrumb","itemListElement":[{"@type":"ListItem","position":1,"name":"Home","item":"https:\/\/denizcankizil.tr\/de\/"},{"@type":"ListItem","position":2,"name":"As\u0131rl\u0131k miraslar yeniden hayat buluyor"}]},{"@type":"WebSite","@id":"https:\/\/denizcankizil.tr\/de\/#website","url":"https:\/\/denizcankizil.tr\/de\/","name":"Av. Deniz Can K\u0131z\u0131l","description":"Avukat Deniz Can K\u0131z\u0131l Antalya Barosu","publisher":{"@id":"https:\/\/denizcankizil.tr\/de\/#organization"},"potentialAction":[{"@type":"SearchAction","target":{"@type":"EntryPoint","urlTemplate":"https:\/\/denizcankizil.tr\/de\/?s={search_term_string}"},"query-input":{"@type":"PropertyValueSpecification","valueRequired":true,"valueName":"search_term_string"}}],"inLanguage":"en-GB"},{"@type":"Organization","@id":"https:\/\/denizcankizil.tr\/de\/#organization","name":"Av. Deniz Can K\u0131z\u0131l","url":"https:\/\/denizcankizil.tr\/de\/","logo":{"@type":"ImageObject","inLanguage":"en-GB","@id":"https:\/\/denizcankizil.tr\/de\/#\/schema\/logo\/image\/","url":"http:\/\/denizcankizil.tr\/wp-content\/uploads\/2024\/10\/siyah-logo-svg.svg","contentUrl":"http:\/\/denizcankizil.tr\/wp-content\/uploads\/2024\/10\/siyah-logo-svg.svg","width":1080,"height":1080,"caption":"Av. Deniz Can K\u0131z\u0131l"},"image":{"@id":"https:\/\/denizcankizil.tr\/de\/#\/schema\/logo\/image\/"}}]}},"_links":{"self":[{"href":"http:\/\/denizcankizil.tr\/en\/wp-json\/wp\/v2\/posts\/23411","targetHints":{"allow":["GET"]}}],"collection":[{"href":"http:\/\/denizcankizil.tr\/en\/wp-json\/wp\/v2\/posts"}],"about":[{"href":"http:\/\/denizcankizil.tr\/en\/wp-json\/wp\/v2\/types\/post"}],"replies":[{"embeddable":true,"href":"http:\/\/denizcankizil.tr\/en\/wp-json\/wp\/v2\/comments?post=23411"}],"version-history":[{"count":0,"href":"http:\/\/denizcankizil.tr\/en\/wp-json\/wp\/v2\/posts\/23411\/revisions"}],"wp:attachment":[{"href":"http:\/\/denizcankizil.tr\/en\/wp-json\/wp\/v2\/media?parent=23411"}],"wp:term":[{"taxonomy":"category","embeddable":true,"href":"http:\/\/denizcankizil.tr\/en\/wp-json\/wp\/v2\/categories?post=23411"},{"taxonomy":"post_tag","embeddable":true,"href":"http:\/\/denizcankizil.tr\/en\/wp-json\/wp\/v2\/tags?post=23411"}],"curies":[{"name":"wp","href":"https:\/\/api.w.org\/{rel}","templated":true}]}}