{"id":22700,"date":"2024-12-28T15:43:35","date_gmt":"2024-12-28T12:43:35","guid":{"rendered":"https:\/\/denizcankizil.tr\/uncategorized-tr\/falezlerde-umut-nobeti-suruyor\/"},"modified":"2024-12-28T15:43:35","modified_gmt":"2024-12-28T12:43:35","slug":"falezlerde-umut-nobeti-suruyor","status":"publish","type":"post","link":"http:\/\/denizcankizil.tr\/en\/haberler\/antalya\/falezlerde-umut-nobeti-suruyor\/","title":{"rendered":"Falezlerde umut n\u00f6beti s\u00fcr\u00fcyor"},"content":{"rendered":"<p>Muratpa\u015fa il\u00e7esi \u015eirinyal\u0131 Mahallesi&#8217;nde, ge\u00e7ti\u011fimiz \u00c7ar\u015famba g\u00fcn\u00fc arac\u0131yla birlikte yakla\u015f\u0131k 30 metre y\u00fckseklikteki falezlerden denize d\u00fc\u015ft\u00fc\u011f\u00fc belirtilen Engin \u015e. adl\u0131 \u015fahs\u0131 arama \u00e7al\u0131\u015fmalar\u0131, 4&#8217;\u00fcnc\u00fc g\u00fcn\u00fcnde de aral\u0131ks\u0131z s\u00fcr\u00fcyor. Mobil Halk Plaj\u0131&#8217;na yak\u0131n bir noktada ger\u00e7ekle\u015fen olay sonras\u0131 ba\u015flat\u0131lan \u00e7al\u0131\u015fmalar, deniz polisi, AFAD, itfaiye, sahil g\u00fcvenlik ekipleri ve dalg\u0131\u00e7lar\u0131n kat\u0131l\u0131m\u0131yla devam ediyor.<\/p>\n<p>Ara\u00e7 bulundu, genci arama \u00e7al\u0131\u015fmas\u0131 s\u00fcr\u00fcyor<br \/>\nArama kurtarma ekiplerine \u00f6nceki g\u00fcn sabah saatlerinde Zonguldak&#8217;tan gelen bir ekip destek verdi. Yer alt\u0131 g\u00f6r\u00fcnt\u00fcleme cihaz\u0131yla yap\u0131lan taramalar sonucunda, denize d\u00fc\u015fen 34 CHK 531 plakal\u0131 arac\u0131n yeri tespit edilmeye \u00e7al\u0131\u015f\u0131ld\u0131. Ekipler, \u015fiddetli f\u0131rt\u0131na ve ya\u011f\u0131\u015ftan dolay\u0131 ilk g\u00fcnlerde kayal\u0131klara yak\u0131n noktada dal\u0131\u015f ger\u00e7ekle\u015ftiremezken, d\u00fcn hava \u015fartlar\u0131n\u0131n hafiflemesiyle arac\u0131n ilk d\u00fc\u015ft\u00fc\u011f\u00fc nokta tespit edilip o b\u00f6lgeye yo\u011funla\u015ft\u0131. \u00d6\u011fle saatlerine do\u011fru ise dalg\u0131\u00e7lar taraf\u0131ndan ara\u00e7 bulunup halat yard\u0131m\u0131yla sudan \u00e7\u0131kart\u0131ld\u0131.<\/p>\n<p>Aile umutla bekliyor<br \/>\n\u00c7\u0131kart\u0131lan ara\u00e7 i\u00e7erisinde Engin \u015e.&#8217;ye rastlan\u0131lmazken, ailesi olay yerinde \u00e7aresizce gelecek haberi bekliyor, bir yandan da umutlar\u0131n\u0131 koruyor. \u00c7ok say\u0131da ekibin yer ald\u0131\u011f\u0131 arama \u00e7al\u0131\u015fmalar\u0131n\u0131n sonu\u00e7 vermesi i\u00e7in yo\u011fun \u00e7aba sarf ediliyor.<\/p>\n<p>Vali \u00e7al\u0131\u015fmalar\u0131 yerinde inceledi<br \/>\nAntalya Valisi Hulusi \u015eahin, d\u00fcn ak\u015fam saatlerinde \u0130l Emniyet M\u00fcd\u00fcr\u00fc \u0130lker Arslan ile birlikte olay yerine giderek \u00e7al\u0131\u015fmalar\u0131 yerinde inceledi. G\u00f6revlilerden bilgi alan Vali \u015eahin, Engin \u015e.&#8217;nin ailesiyle de g\u00f6r\u00fc\u015ferek durum hakk\u0131nda bilgilendirme yapt\u0131.<\/p>\n<p>Kaynak: www.kanalv.com.tr Haber Sitesinden Al\u0131nm\u0131\u015ft\u0131r.<\/p>","protected":false},"excerpt":{"rendered":"<p>Muratpa\u015fa il\u00e7esi \u015eirinyal\u0131 Mahallesi&#8217;nde, ge\u00e7ti\u011fimiz \u00c7ar\u015famba g\u00fcn\u00fc arac\u0131yla birlikte yakla\u015f\u0131k 30 metre y\u00fckseklikteki falezlerden denize d\u00fc\u015ft\u00fc\u011f\u00fc belirtilen Engin \u015e. adl\u0131 \u015fahs\u0131 arama \u00e7al\u0131\u015fmalar\u0131, 4&#8217;\u00fcnc\u00fc g\u00fcn\u00fcnde de aral\u0131ks\u0131z s\u00fcr\u00fcyor. Mobil Halk Plaj\u0131&#8217;na yak\u0131n bir noktada ger\u00e7ekle\u015fen olay sonras\u0131 ba\u015flat\u0131lan \u00e7al\u0131\u015fmalar, deniz polisi, AFAD, itfaiye, sahil g\u00fcvenlik ekipleri ve dalg\u0131\u00e7lar\u0131n kat\u0131l\u0131m\u0131yla devam ediyor. Ara\u00e7 bulundu, genci arama \u00e7al\u0131\u015fmas\u0131 s\u00fcr\u00fcyor Arama kurtarma ekiplerine \u00f6nceki g\u00fcn sabah saatlerinde Zonguldak&#8217;tan gelen bir ekip destek verdi. Yer alt\u0131 g\u00f6r\u00fcnt\u00fcleme cihaz\u0131yla yap\u0131lan taramalar sonucunda, denize d\u00fc\u015fen 34 CHK 531 plakal\u0131 arac\u0131n yeri tespit edilmeye \u00e7al\u0131\u015f\u0131ld\u0131. Ekipler, \u015fiddetli f\u0131rt\u0131na ve ya\u011f\u0131\u015ftan dolay\u0131 ilk g\u00fcnlerde kayal\u0131klara yak\u0131n noktada dal\u0131\u015f ger\u00e7ekle\u015ftiremezken, d\u00fcn hava \u015fartlar\u0131n\u0131n hafiflemesiyle arac\u0131n ilk d\u00fc\u015ft\u00fc\u011f\u00fc nokta tespit edilip o b\u00f6lgeye yo\u011funla\u015ft\u0131. \u00d6\u011fle saatlerine do\u011fru ise dalg\u0131\u00e7lar taraf\u0131ndan ara\u00e7 bulunup halat yard\u0131m\u0131yla sudan \u00e7\u0131kart\u0131ld\u0131. Aile umutla bekliyor \u00c7\u0131kart\u0131lan ara\u00e7 i\u00e7erisinde Engin \u015e.&#8217;ye rastlan\u0131lmazken, ailesi olay yerinde \u00e7aresizce gelecek haberi bekliyor, bir yandan da umutlar\u0131n\u0131 koruyor. \u00c7ok say\u0131da ekibin yer ald\u0131\u011f\u0131 arama \u00e7al\u0131\u015fmalar\u0131n\u0131n sonu\u00e7 vermesi i\u00e7in yo\u011fun \u00e7aba sarf ediliyor. Vali \u00e7al\u0131\u015fmalar\u0131 yerinde inceledi Antalya Valisi Hulusi \u015eahin, d\u00fcn ak\u015fam saatlerinde \u0130l Emniyet M\u00fcd\u00fcr\u00fc \u0130lker Arslan ile birlikte olay yerine giderek \u00e7al\u0131\u015fmalar\u0131 yerinde inceledi. G\u00f6revlilerden bilgi alan Vali \u015eahin, Engin \u015e.&#8217;nin ailesiyle de g\u00f6r\u00fc\u015ferek durum hakk\u0131nda bilgilendirme yapt\u0131. Kaynak: &hellip;<\/p>","protected":false},"author":0,"featured_media":22701,"comment_status":"open","ping_status":"open","sticky":false,"template":"","format":"standard","meta":{"_acf_changed":false,"footnotes":""},"categories":[26,535],"tags":[],"class_list":["post-22700","post","type-post","status-publish","format-standard","has-post-thumbnail","hentry","category-antalya","category-uncategorized-tr"],"acf":[],"yoast_head":"<!-- This site is optimized with the Yoast SEO Premium plugin v26.6 (Yoast SEO v27.1.1) - https:\/\/yoast.com\/product\/yoast-seo-premium-wordpress\/ -->\n<title>Falezlerde umut n\u00f6beti s\u00fcr\u00fcyor - Av. Deniz Can K\u0131z\u0131l<\/title>\n<meta name=\"robots\" content=\"index, follow, max-snippet:-1, max-image-preview:large, max-video-preview:-1\" \/>\n<link rel=\"canonical\" href=\"http:\/\/denizcankizil.tr\/en\/haberler\/antalya\/falezlerde-umut-nobeti-suruyor\/\" \/>\n<meta property=\"og:locale\" content=\"en_GB\" \/>\n<meta property=\"og:type\" content=\"article\" \/>\n<meta property=\"og:title\" content=\"Falezlerde umut n\u00f6beti s\u00fcr\u00fcyor\" \/>\n<meta property=\"og:description\" content=\"Muratpa\u015fa il\u00e7esi \u015eirinyal\u0131 Mahallesi&#8217;nde, ge\u00e7ti\u011fimiz \u00c7ar\u015famba g\u00fcn\u00fc arac\u0131yla birlikte yakla\u015f\u0131k 30 metre y\u00fckseklikteki falezlerden denize d\u00fc\u015ft\u00fc\u011f\u00fc belirtilen Engin \u015e. adl\u0131 \u015fahs\u0131 arama \u00e7al\u0131\u015fmalar\u0131, 4&#8217;\u00fcnc\u00fc g\u00fcn\u00fcnde de aral\u0131ks\u0131z s\u00fcr\u00fcyor. Mobil Halk Plaj\u0131&#8217;na yak\u0131n bir noktada ger\u00e7ekle\u015fen olay sonras\u0131 ba\u015flat\u0131lan \u00e7al\u0131\u015fmalar, deniz polisi, AFAD, itfaiye, sahil g\u00fcvenlik ekipleri ve dalg\u0131\u00e7lar\u0131n kat\u0131l\u0131m\u0131yla devam ediyor. Ara\u00e7 bulundu, genci arama \u00e7al\u0131\u015fmas\u0131 s\u00fcr\u00fcyor Arama kurtarma ekiplerine \u00f6nceki g\u00fcn sabah saatlerinde Zonguldak&#8217;tan gelen bir ekip destek verdi. Yer alt\u0131 g\u00f6r\u00fcnt\u00fcleme cihaz\u0131yla yap\u0131lan taramalar sonucunda, denize d\u00fc\u015fen 34 CHK 531 plakal\u0131 arac\u0131n yeri tespit edilmeye \u00e7al\u0131\u015f\u0131ld\u0131. Ekipler, \u015fiddetli f\u0131rt\u0131na ve ya\u011f\u0131\u015ftan dolay\u0131 ilk g\u00fcnlerde kayal\u0131klara yak\u0131n noktada dal\u0131\u015f ger\u00e7ekle\u015ftiremezken, d\u00fcn hava \u015fartlar\u0131n\u0131n hafiflemesiyle arac\u0131n ilk d\u00fc\u015ft\u00fc\u011f\u00fc nokta tespit edilip o b\u00f6lgeye yo\u011funla\u015ft\u0131. \u00d6\u011fle saatlerine do\u011fru ise dalg\u0131\u00e7lar taraf\u0131ndan ara\u00e7 bulunup halat yard\u0131m\u0131yla sudan \u00e7\u0131kart\u0131ld\u0131. Aile umutla bekliyor \u00c7\u0131kart\u0131lan ara\u00e7 i\u00e7erisinde Engin \u015e.&#8217;ye rastlan\u0131lmazken, ailesi olay yerinde \u00e7aresizce gelecek haberi bekliyor, bir yandan da umutlar\u0131n\u0131 koruyor. \u00c7ok say\u0131da ekibin yer ald\u0131\u011f\u0131 arama \u00e7al\u0131\u015fmalar\u0131n\u0131n sonu\u00e7 vermesi i\u00e7in yo\u011fun \u00e7aba sarf ediliyor. Vali \u00e7al\u0131\u015fmalar\u0131 yerinde inceledi Antalya Valisi Hulusi \u015eahin, d\u00fcn ak\u015fam saatlerinde \u0130l Emniyet M\u00fcd\u00fcr\u00fc \u0130lker Arslan ile birlikte olay yerine giderek \u00e7al\u0131\u015fmalar\u0131 yerinde inceledi. G\u00f6revlilerden bilgi alan Vali \u015eahin, Engin \u015e.&#8217;nin ailesiyle de g\u00f6r\u00fc\u015ferek durum hakk\u0131nda bilgilendirme yapt\u0131. Kaynak: &hellip;\" \/>\n<meta property=\"og:url\" content=\"http:\/\/denizcankizil.tr\/en\/haberler\/antalya\/falezlerde-umut-nobeti-suruyor\/\" \/>\n<meta property=\"og:site_name\" content=\"Av. Deniz Can K\u0131z\u0131l\" \/>\n<meta property=\"article:published_time\" content=\"2024-12-28T12:43:35+00:00\" \/>\n<meta property=\"og:image\" content=\"http:\/\/denizcankizil.tr\/wp-content\/uploads\/2024\/12\/3810-01-FWW3T7.jpeg\" \/>\n\t<meta property=\"og:image:width\" content=\"1280\" \/>\n\t<meta property=\"og:image:height\" content=\"720\" \/>\n\t<meta property=\"og:image:type\" content=\"image\/jpeg\" \/>\n<meta name=\"twitter:card\" content=\"summary_large_image\" \/>\n<meta name=\"twitter:label1\" content=\"Estimated reading time\" \/>\n\t<meta name=\"twitter:data1\" content=\"1 minute\" \/>\n<script type=\"application\/ld+json\" class=\"yoast-schema-graph\">{\"@context\":\"https:\/\/schema.org\",\"@graph\":[{\"@type\":\"Article\",\"@id\":\"http:\/\/denizcankizil.tr\/de\/haberler\/antalya\/falezlerde-umut-nobeti-suruyor\/#article\",\"isPartOf\":{\"@id\":\"http:\/\/denizcankizil.tr\/de\/haberler\/antalya\/falezlerde-umut-nobeti-suruyor\/\"},\"author\":{\"name\":\"\",\"@id\":\"\"},\"headline\":\"Falezlerde umut n\u00f6beti s\u00fcr\u00fcyor\",\"datePublished\":\"2024-12-28T12:43:35+00:00\",\"mainEntityOfPage\":{\"@id\":\"http:\/\/denizcankizil.tr\/de\/haberler\/antalya\/falezlerde-umut-nobeti-suruyor\/\"},\"wordCount\":299,\"commentCount\":0,\"publisher\":{\"@id\":\"https:\/\/denizcankizil.tr\/#organization\"},\"image\":{\"@id\":\"http:\/\/denizcankizil.tr\/de\/haberler\/antalya\/falezlerde-umut-nobeti-suruyor\/#primaryimage\"},\"thumbnailUrl\":\"http:\/\/denizcankizil.tr\/wp-content\/uploads\/2024\/12\/3810-01-FWW3T7.jpeg\",\"articleSection\":[\"Antalya\",\"Uncategorized\"],\"inLanguage\":\"en-GB\",\"potentialAction\":[{\"@type\":\"CommentAction\",\"name\":\"Comment\",\"target\":[\"http:\/\/denizcankizil.tr\/de\/haberler\/antalya\/falezlerde-umut-nobeti-suruyor\/#respond\"]}]},{\"@type\":\"WebPage\",\"@id\":\"http:\/\/denizcankizil.tr\/de\/haberler\/antalya\/falezlerde-umut-nobeti-suruyor\/\",\"url\":\"http:\/\/denizcankizil.tr\/de\/haberler\/antalya\/falezlerde-umut-nobeti-suruyor\/\",\"name\":\"Falezlerde umut n\u00f6beti s\u00fcr\u00fcyor - Av. Deniz Can K\u0131z\u0131l\",\"isPartOf\":{\"@id\":\"https:\/\/denizcankizil.tr\/#website\"},\"primaryImageOfPage\":{\"@id\":\"http:\/\/denizcankizil.tr\/de\/haberler\/antalya\/falezlerde-umut-nobeti-suruyor\/#primaryimage\"},\"image\":{\"@id\":\"http:\/\/denizcankizil.tr\/de\/haberler\/antalya\/falezlerde-umut-nobeti-suruyor\/#primaryimage\"},\"thumbnailUrl\":\"http:\/\/denizcankizil.tr\/wp-content\/uploads\/2024\/12\/3810-01-FWW3T7.jpeg\",\"datePublished\":\"2024-12-28T12:43:35+00:00\",\"breadcrumb\":{\"@id\":\"http:\/\/denizcankizil.tr\/de\/haberler\/antalya\/falezlerde-umut-nobeti-suruyor\/#breadcrumb\"},\"inLanguage\":\"en-GB\",\"potentialAction\":[{\"@type\":\"ReadAction\",\"target\":[\"http:\/\/denizcankizil.tr\/de\/haberler\/antalya\/falezlerde-umut-nobeti-suruyor\/\"]}]},{\"@type\":\"ImageObject\",\"inLanguage\":\"en-GB\",\"@id\":\"http:\/\/denizcankizil.tr\/de\/haberler\/antalya\/falezlerde-umut-nobeti-suruyor\/#primaryimage\",\"url\":\"http:\/\/denizcankizil.tr\/wp-content\/uploads\/2024\/12\/3810-01-FWW3T7.jpeg\",\"contentUrl\":\"http:\/\/denizcankizil.tr\/wp-content\/uploads\/2024\/12\/3810-01-FWW3T7.jpeg\",\"width\":1280,\"height\":720},{\"@type\":\"BreadcrumbList\",\"@id\":\"http:\/\/denizcankizil.tr\/de\/haberler\/antalya\/falezlerde-umut-nobeti-suruyor\/#breadcrumb\",\"itemListElement\":[{\"@type\":\"ListItem\",\"position\":1,\"name\":\"Home\",\"item\":\"https:\/\/denizcankizil.tr\/de\/\"},{\"@type\":\"ListItem\",\"position\":2,\"name\":\"Falezlerde umut n\u00f6beti s\u00fcr\u00fcyor\"}]},{\"@type\":\"WebSite\",\"@id\":\"https:\/\/denizcankizil.tr\/#website\",\"url\":\"https:\/\/denizcankizil.tr\/\",\"name\":\"Av. Deniz Can K\u0131z\u0131l\",\"description\":\"Avukat Deniz Can K\u0131z\u0131l Antalya Barosu\",\"publisher\":{\"@id\":\"https:\/\/denizcankizil.tr\/#organization\"},\"potentialAction\":[{\"@type\":\"SearchAction\",\"target\":{\"@type\":\"EntryPoint\",\"urlTemplate\":\"https:\/\/denizcankizil.tr\/?s={search_term_string}\"},\"query-input\":{\"@type\":\"PropertyValueSpecification\",\"valueRequired\":true,\"valueName\":\"search_term_string\"}}],\"inLanguage\":\"en-GB\"},{\"@type\":\"Organization\",\"@id\":\"https:\/\/denizcankizil.tr\/#organization\",\"name\":\"Av. Deniz Can K\u0131z\u0131l\",\"url\":\"https:\/\/denizcankizil.tr\/\",\"logo\":{\"@type\":\"ImageObject\",\"inLanguage\":\"en-GB\",\"@id\":\"https:\/\/denizcankizil.tr\/#\/schema\/logo\/image\/\",\"url\":\"http:\/\/denizcankizil.tr\/wp-content\/uploads\/2024\/10\/siyah-logo-svg.svg\",\"contentUrl\":\"http:\/\/denizcankizil.tr\/wp-content\/uploads\/2024\/10\/siyah-logo-svg.svg\",\"width\":1080,\"height\":1080,\"caption\":\"Av. Deniz Can K\u0131z\u0131l\"},\"image\":{\"@id\":\"https:\/\/denizcankizil.tr\/#\/schema\/logo\/image\/\"}}]}<\/script>\n<!-- \/ Yoast SEO Premium plugin. -->","yoast_head_json":{"title":"Falezlerde umut n\u00f6beti s\u00fcr\u00fcyor - Av. Deniz Can K\u0131z\u0131l","robots":{"index":"index","follow":"follow","max-snippet":"max-snippet:-1","max-image-preview":"max-image-preview:large","max-video-preview":"max-video-preview:-1"},"canonical":"http:\/\/denizcankizil.tr\/en\/haberler\/antalya\/falezlerde-umut-nobeti-suruyor\/","og_locale":"en_GB","og_type":"article","og_title":"Falezlerde umut n\u00f6beti s\u00fcr\u00fcyor","og_description":"Muratpa\u015fa il\u00e7esi \u015eirinyal\u0131 Mahallesi&#8217;nde, ge\u00e7ti\u011fimiz \u00c7ar\u015famba g\u00fcn\u00fc arac\u0131yla birlikte yakla\u015f\u0131k 30 metre y\u00fckseklikteki falezlerden denize d\u00fc\u015ft\u00fc\u011f\u00fc belirtilen Engin \u015e. adl\u0131 \u015fahs\u0131 arama \u00e7al\u0131\u015fmalar\u0131, 4&#8217;\u00fcnc\u00fc g\u00fcn\u00fcnde de aral\u0131ks\u0131z s\u00fcr\u00fcyor. Mobil Halk Plaj\u0131&#8217;na yak\u0131n bir noktada ger\u00e7ekle\u015fen olay sonras\u0131 ba\u015flat\u0131lan \u00e7al\u0131\u015fmalar, deniz polisi, AFAD, itfaiye, sahil g\u00fcvenlik ekipleri ve dalg\u0131\u00e7lar\u0131n kat\u0131l\u0131m\u0131yla devam ediyor. Ara\u00e7 bulundu, genci arama \u00e7al\u0131\u015fmas\u0131 s\u00fcr\u00fcyor Arama kurtarma ekiplerine \u00f6nceki g\u00fcn sabah saatlerinde Zonguldak&#8217;tan gelen bir ekip destek verdi. Yer alt\u0131 g\u00f6r\u00fcnt\u00fcleme cihaz\u0131yla yap\u0131lan taramalar sonucunda, denize d\u00fc\u015fen 34 CHK 531 plakal\u0131 arac\u0131n yeri tespit edilmeye \u00e7al\u0131\u015f\u0131ld\u0131. Ekipler, \u015fiddetli f\u0131rt\u0131na ve ya\u011f\u0131\u015ftan dolay\u0131 ilk g\u00fcnlerde kayal\u0131klara yak\u0131n noktada dal\u0131\u015f ger\u00e7ekle\u015ftiremezken, d\u00fcn hava \u015fartlar\u0131n\u0131n hafiflemesiyle arac\u0131n ilk d\u00fc\u015ft\u00fc\u011f\u00fc nokta tespit edilip o b\u00f6lgeye yo\u011funla\u015ft\u0131. \u00d6\u011fle saatlerine do\u011fru ise dalg\u0131\u00e7lar taraf\u0131ndan ara\u00e7 bulunup halat yard\u0131m\u0131yla sudan \u00e7\u0131kart\u0131ld\u0131. Aile umutla bekliyor \u00c7\u0131kart\u0131lan ara\u00e7 i\u00e7erisinde Engin \u015e.&#8217;ye rastlan\u0131lmazken, ailesi olay yerinde \u00e7aresizce gelecek haberi bekliyor, bir yandan da umutlar\u0131n\u0131 koruyor. \u00c7ok say\u0131da ekibin yer ald\u0131\u011f\u0131 arama \u00e7al\u0131\u015fmalar\u0131n\u0131n sonu\u00e7 vermesi i\u00e7in yo\u011fun \u00e7aba sarf ediliyor. Vali \u00e7al\u0131\u015fmalar\u0131 yerinde inceledi Antalya Valisi Hulusi \u015eahin, d\u00fcn ak\u015fam saatlerinde \u0130l Emniyet M\u00fcd\u00fcr\u00fc \u0130lker Arslan ile birlikte olay yerine giderek \u00e7al\u0131\u015fmalar\u0131 yerinde inceledi. G\u00f6revlilerden bilgi alan Vali \u015eahin, Engin \u015e.&#8217;nin ailesiyle de g\u00f6r\u00fc\u015ferek durum hakk\u0131nda bilgilendirme yapt\u0131. Kaynak: &hellip;","og_url":"http:\/\/denizcankizil.tr\/en\/haberler\/antalya\/falezlerde-umut-nobeti-suruyor\/","og_site_name":"Av. Deniz Can K\u0131z\u0131l","article_published_time":"2024-12-28T12:43:35+00:00","og_image":[{"width":1280,"height":720,"url":"http:\/\/denizcankizil.tr\/wp-content\/uploads\/2024\/12\/3810-01-FWW3T7.jpeg","type":"image\/jpeg"}],"twitter_card":"summary_large_image","twitter_misc":{"Estimated reading time":"1 minute"},"schema":{"@context":"https:\/\/schema.org","@graph":[{"@type":"Article","@id":"http:\/\/denizcankizil.tr\/de\/haberler\/antalya\/falezlerde-umut-nobeti-suruyor\/#article","isPartOf":{"@id":"http:\/\/denizcankizil.tr\/de\/haberler\/antalya\/falezlerde-umut-nobeti-suruyor\/"},"author":{"name":"","@id":""},"headline":"Falezlerde umut n\u00f6beti s\u00fcr\u00fcyor","datePublished":"2024-12-28T12:43:35+00:00","mainEntityOfPage":{"@id":"http:\/\/denizcankizil.tr\/de\/haberler\/antalya\/falezlerde-umut-nobeti-suruyor\/"},"wordCount":299,"commentCount":0,"publisher":{"@id":"https:\/\/denizcankizil.tr\/#organization"},"image":{"@id":"http:\/\/denizcankizil.tr\/de\/haberler\/antalya\/falezlerde-umut-nobeti-suruyor\/#primaryimage"},"thumbnailUrl":"http:\/\/denizcankizil.tr\/wp-content\/uploads\/2024\/12\/3810-01-FWW3T7.jpeg","articleSection":["Antalya","Uncategorized"],"inLanguage":"en-GB","potentialAction":[{"@type":"CommentAction","name":"Comment","target":["http:\/\/denizcankizil.tr\/de\/haberler\/antalya\/falezlerde-umut-nobeti-suruyor\/#respond"]}]},{"@type":"WebPage","@id":"http:\/\/denizcankizil.tr\/de\/haberler\/antalya\/falezlerde-umut-nobeti-suruyor\/","url":"http:\/\/denizcankizil.tr\/de\/haberler\/antalya\/falezlerde-umut-nobeti-suruyor\/","name":"Falezlerde umut n\u00f6beti s\u00fcr\u00fcyor - Av. Deniz Can K\u0131z\u0131l","isPartOf":{"@id":"https:\/\/denizcankizil.tr\/#website"},"primaryImageOfPage":{"@id":"http:\/\/denizcankizil.tr\/de\/haberler\/antalya\/falezlerde-umut-nobeti-suruyor\/#primaryimage"},"image":{"@id":"http:\/\/denizcankizil.tr\/de\/haberler\/antalya\/falezlerde-umut-nobeti-suruyor\/#primaryimage"},"thumbnailUrl":"http:\/\/denizcankizil.tr\/wp-content\/uploads\/2024\/12\/3810-01-FWW3T7.jpeg","datePublished":"2024-12-28T12:43:35+00:00","breadcrumb":{"@id":"http:\/\/denizcankizil.tr\/de\/haberler\/antalya\/falezlerde-umut-nobeti-suruyor\/#breadcrumb"},"inLanguage":"en-GB","potentialAction":[{"@type":"ReadAction","target":["http:\/\/denizcankizil.tr\/de\/haberler\/antalya\/falezlerde-umut-nobeti-suruyor\/"]}]},{"@type":"ImageObject","inLanguage":"en-GB","@id":"http:\/\/denizcankizil.tr\/de\/haberler\/antalya\/falezlerde-umut-nobeti-suruyor\/#primaryimage","url":"http:\/\/denizcankizil.tr\/wp-content\/uploads\/2024\/12\/3810-01-FWW3T7.jpeg","contentUrl":"http:\/\/denizcankizil.tr\/wp-content\/uploads\/2024\/12\/3810-01-FWW3T7.jpeg","width":1280,"height":720},{"@type":"BreadcrumbList","@id":"http:\/\/denizcankizil.tr\/de\/haberler\/antalya\/falezlerde-umut-nobeti-suruyor\/#breadcrumb","itemListElement":[{"@type":"ListItem","position":1,"name":"Home","item":"https:\/\/denizcankizil.tr\/de\/"},{"@type":"ListItem","position":2,"name":"Falezlerde umut n\u00f6beti s\u00fcr\u00fcyor"}]},{"@type":"WebSite","@id":"https:\/\/denizcankizil.tr\/#website","url":"https:\/\/denizcankizil.tr\/","name":"Av. Deniz Can K\u0131z\u0131l","description":"Avukat Deniz Can K\u0131z\u0131l Antalya Barosu","publisher":{"@id":"https:\/\/denizcankizil.tr\/#organization"},"potentialAction":[{"@type":"SearchAction","target":{"@type":"EntryPoint","urlTemplate":"https:\/\/denizcankizil.tr\/?s={search_term_string}"},"query-input":{"@type":"PropertyValueSpecification","valueRequired":true,"valueName":"search_term_string"}}],"inLanguage":"en-GB"},{"@type":"Organization","@id":"https:\/\/denizcankizil.tr\/#organization","name":"Av. Deniz Can K\u0131z\u0131l","url":"https:\/\/denizcankizil.tr\/","logo":{"@type":"ImageObject","inLanguage":"en-GB","@id":"https:\/\/denizcankizil.tr\/#\/schema\/logo\/image\/","url":"http:\/\/denizcankizil.tr\/wp-content\/uploads\/2024\/10\/siyah-logo-svg.svg","contentUrl":"http:\/\/denizcankizil.tr\/wp-content\/uploads\/2024\/10\/siyah-logo-svg.svg","width":1080,"height":1080,"caption":"Av. Deniz Can K\u0131z\u0131l"},"image":{"@id":"https:\/\/denizcankizil.tr\/#\/schema\/logo\/image\/"}}]}},"_links":{"self":[{"href":"http:\/\/denizcankizil.tr\/en\/wp-json\/wp\/v2\/posts\/22700","targetHints":{"allow":["GET"]}}],"collection":[{"href":"http:\/\/denizcankizil.tr\/en\/wp-json\/wp\/v2\/posts"}],"about":[{"href":"http:\/\/denizcankizil.tr\/en\/wp-json\/wp\/v2\/types\/post"}],"replies":[{"embeddable":true,"href":"http:\/\/denizcankizil.tr\/en\/wp-json\/wp\/v2\/comments?post=22700"}],"version-history":[{"count":0,"href":"http:\/\/denizcankizil.tr\/en\/wp-json\/wp\/v2\/posts\/22700\/revisions"}],"wp:featuredmedia":[{"embeddable":true,"href":"http:\/\/denizcankizil.tr\/en\/wp-json\/wp\/v2\/media\/22701"}],"wp:attachment":[{"href":"http:\/\/denizcankizil.tr\/en\/wp-json\/wp\/v2\/media?parent=22700"}],"wp:term":[{"taxonomy":"category","embeddable":true,"href":"http:\/\/denizcankizil.tr\/en\/wp-json\/wp\/v2\/categories?post=22700"},{"taxonomy":"post_tag","embeddable":true,"href":"http:\/\/denizcankizil.tr\/en\/wp-json\/wp\/v2\/tags?post=22700"}],"curies":[{"name":"wp","href":"https:\/\/api.w.org\/{rel}","templated":true}]}}