{"id":22385,"date":"2024-12-26T16:41:44","date_gmt":"2024-12-26T13:41:44","guid":{"rendered":"https:\/\/denizcankizil.tr\/uncategorized-tr\/ikinci-el-cam-agaclari-sifirdan-pahali\/"},"modified":"2024-12-26T16:41:44","modified_gmt":"2024-12-26T13:41:44","slug":"ikinci-el-cam-agaclari-sifirdan-pahali","status":"publish","type":"post","link":"http:\/\/denizcankizil.tr\/en\/haberler\/gundem\/ikinci-el-cam-agaclari-sifirdan-pahali\/","title":{"rendered":"\u0130kinci el \u00e7am a\u011fa\u00e7lar\u0131 s\u0131f\u0131rdan pahal\u0131!"},"content":{"rendered":"<p>Her ge\u00e7en g\u00fcn artan hayat pahal\u0131l\u0131\u011fa nedeniyle bu y\u0131l \u00e7am a\u011fa\u00e7lar\u0131 yeteri kadar ilgi g\u00f6rmedi. Evine y\u0131lba\u015f\u0131 a\u011fac\u0131 almak isteyen vatanda\u015flar, \u00e7\u00f6z\u00fcm\u00fc ikinci el sat\u0131\u015f yapan sitelerde buldu. Fakat sitede yer alan ikinci el a\u011fa\u00e7lar\u0131n s\u0131f\u0131rlardan daha pahal\u0131ya sat\u0131ld\u0131\u011f\u0131 g\u00f6r\u00fcld\u00fc.\u00a0<\/p>\n<p>YEN\u0130 B\u0130R SAYFA\u00a0<\/p>\n<p>2024 y\u0131l\u0131n\u0131n bitmesine art\u0131k say\u0131l\u0131 g\u00fcnler kald\u0131. Ac\u0131s\u0131yla tatl\u0131s\u0131yla koca bir y\u0131l geride kal\u0131yor ve art\u0131k yeni bir sayfa a\u00e7\u0131l\u0131yor. \u201cBir y\u0131l nas\u0131l ba\u015flarsa \u00f6yle\u201d gider mottosu ile pek \u00e7ok insan yeni y\u0131lda radikal kararlar alacak. Kimisi k\u00f6t\u00fc al\u0131\u015fkanl\u0131klar\u0131n\u0131 b\u0131rakacak, kimileri spora ve diyete ba\u015flayacak, kimileri ise yeni yeni hobiler edinecek ve bu al\u0131nan kararlar\u0131n b\u00fct\u00fcn bir y\u0131l s\u00fcrmesi i\u00e7in \u00e7abalayacak. Baz\u0131 vatanda\u015flarda yeni y\u0131lda para, mutluluk ve a\u015fk dileyecek. Uzun laf\u0131n k\u0131sas\u0131 yeni y\u0131l, herkes i\u00e7in beyaz bir sayfa olacak.\u00a0<\/p>\n<p>YEN\u0130 YILIN S\u0130MGES\u0130\u00a0<\/p>\n<p>Vatanda\u015flarda ise yeni y\u0131l \u00f6ncesi al\u0131\u015fveri\u015f tela\u015f\u0131 ba\u015flad\u0131. Yeni y\u0131l denince akla ilk gelen ve y\u0131lba\u015f\u0131n\u0131n adeta simgesi olan \u00e7am a\u011fa\u00e7lar\u0131 ise s\u00fcslenmeye ba\u015flad\u0131. Binlerce vatanda\u015f yeni y\u0131la girmeden \u00f6nce \u00e7am a\u011fa\u00e7lar\u0131n\u0131 s\u00fcslerken, baz\u0131lar\u0131 ise \u00e7am a\u011fac\u0131n\u0131 evlerine alamad\u0131. Her ge\u00e7en g\u00fcn artan hayat pahal\u0131l\u0131\u011f\u0131 \u00e7am a\u011fa\u00e7lar\u0131n\u0131 da etkiledi.\u00a0<\/p>\n<p>\u00c7AM A\u011eA\u00c7LARI BU YIL S\u00dcSLENEMED\u0130\u00a0<\/p>\n<p>Eksiden her evde bulunan ve led \u0131\u015f\u0131klarla s\u00fcslenen \u00e7am a\u011fa\u00e7lar\u0131, art\u0131k her eve giremiyor. Fiyatlar\u0131n\u0131n bin 200 TL\u2019ye kadar y\u00fckselen \u00e7am a\u011fa\u00e7lar\u0131na ra\u011fbet azalmaya ba\u015flad\u0131. Yeni y\u0131l\u0131n simgesi olan \u00e7am a\u011fa\u00e7lar\u0131 maalesef bu y\u0131l s\u00fcslenemedi.\u00a0<\/p>\n<p>\u0130K\u0130NC\u0130 EL \u00c7AM A\u011eA\u00c7LARINA YO\u011eUN \u0130LG\u0130\u00a0<\/p>\n<p>\u00c7am a\u011fa\u00e7lar\u0131n\u0131n fiyatlar\u0131n\u0131n artmas\u0131n\u0131 f\u0131rsat bilen baz\u0131 ki\u015filerse bu durumu bir f\u0131rsata \u00e7evirmek istedi. Yeni y\u0131la say\u0131l\u0131 g\u00fcnler kala \u00e7ok say\u0131da vatanda\u015f \u00e7am a\u011fa\u00e7lar\u0131n\u0131 ikinci el sat\u0131\u015f yapan siteler \u00fczerimden sat\u0131\u015fa \u00e7\u0131kard\u0131. \u0130kinci el sitelerde sat\u0131lan a\u011fa\u00e7lar ise s\u0131f\u0131rlar\u0131ndan bile daha pahal\u0131ya sat\u0131ld\u0131\u011f\u0131 g\u00f6r\u00fcld\u00fc. \u00a0<\/p>\n<p>\u0130K\u0130NC\u0130 EL A\u011eA\u00c7LAR SIFIRLARDAN PAHALI\u00a0<\/p>\n<p>S\u0131f\u0131r a\u011fa\u00e7lar\u0131n fiyatlar\u0131 y\u00fcksek olsa da ikinci eller kadar pahal\u0131 de\u011fil. Baz\u0131 a\u011fa\u00e7lar\u0131n fiyatlar\u0131 15 bin TL\u2019ye kadar \u00e7\u0131kt\u0131\u011f\u0131 g\u00f6zlemlendi. Ucuza sat\u0131lan a\u011fa\u00e7lar\u0131n ise plastik ve genel olarak \u00e7am a\u011fac\u0131 ile pek alakas\u0131 olmad\u0131\u011f\u0131 g\u00f6r\u00fcl\u00fcyor. 2025 y\u0131l\u0131na say\u0131l\u0131 g\u00fcnler kala \u00e7am a\u011fa\u00e7lar\u0131 maalesef bu y\u0131l evleri s\u00fcsleyemedi.\u00a0<\/p>\n<p>\u00a0<\/p>\n<p>\u200bYeni y\u0131l\u0131n bitimine say\u0131l\u0131 g\u00fcnler kala vatanda\u015flarda y\u0131lba\u015f\u0131 tela\u015f\u0131 ba\u015flad\u0131. Artan hayat pahal\u0131l\u0131\u011f\u0131ndan dolay\u0131 ikinci el \u00e7am a\u011fa\u00e7lar\u0131na y\u00f6nelen vatanda\u015flar, burada da b\u00fcy\u00fck bir \u015fok ya\u015fad\u0131. \u0130kinci el sat\u0131\u015f yapan sitelerde yer alan \u00e7am a\u011fa\u00e7lar\u0131n\u0131n s\u0131f\u0131r a\u011fa\u00e7lardan daha pahal\u0131ya sat\u0131ld\u0131\u011f\u0131 g\u00f6r\u00fcld\u00fc\u00a0<\/p>\n<p>\u200bHaberin Al\u0131nt\u0131land\u0131\u011f\u0131 Kaynak: www.antalyakorfez.com<\/p>","protected":false},"excerpt":{"rendered":"<p>Her ge\u00e7en g\u00fcn artan hayat pahal\u0131l\u0131\u011fa nedeniyle bu y\u0131l \u00e7am a\u011fa\u00e7lar\u0131 yeteri kadar ilgi g\u00f6rmedi. Evine y\u0131lba\u015f\u0131 a\u011fac\u0131 almak isteyen vatanda\u015flar, \u00e7\u00f6z\u00fcm\u00fc ikinci el sat\u0131\u015f yapan sitelerde buldu. Fakat sitede yer alan ikinci el a\u011fa\u00e7lar\u0131n s\u0131f\u0131rlardan daha pahal\u0131ya sat\u0131ld\u0131\u011f\u0131 g\u00f6r\u00fcld\u00fc.\u00a0 YEN\u0130 B\u0130R SAYFA\u00a0 2024 y\u0131l\u0131n\u0131n bitmesine art\u0131k say\u0131l\u0131 g\u00fcnler kald\u0131. Ac\u0131s\u0131yla tatl\u0131s\u0131yla koca bir y\u0131l geride kal\u0131yor ve art\u0131k yeni bir sayfa a\u00e7\u0131l\u0131yor. \u201cBir y\u0131l nas\u0131l ba\u015flarsa \u00f6yle\u201d gider mottosu ile pek \u00e7ok insan yeni y\u0131lda radikal kararlar alacak. Kimisi k\u00f6t\u00fc al\u0131\u015fkanl\u0131klar\u0131n\u0131 b\u0131rakacak, kimileri spora ve diyete ba\u015flayacak, kimileri ise yeni yeni hobiler edinecek ve bu al\u0131nan kararlar\u0131n b\u00fct\u00fcn bir y\u0131l s\u00fcrmesi i\u00e7in \u00e7abalayacak. Baz\u0131 vatanda\u015flarda yeni y\u0131lda para, mutluluk ve a\u015fk dileyecek. Uzun laf\u0131n k\u0131sas\u0131 yeni y\u0131l, herkes i\u00e7in beyaz bir sayfa olacak.\u00a0 YEN\u0130 YILIN S\u0130MGES\u0130\u00a0 Vatanda\u015flarda ise yeni y\u0131l \u00f6ncesi al\u0131\u015fveri\u015f tela\u015f\u0131 ba\u015flad\u0131. Yeni y\u0131l denince akla ilk gelen ve y\u0131lba\u015f\u0131n\u0131n adeta simgesi olan \u00e7am a\u011fa\u00e7lar\u0131 ise s\u00fcslenmeye ba\u015flad\u0131. Binlerce vatanda\u015f yeni y\u0131la girmeden \u00f6nce \u00e7am a\u011fa\u00e7lar\u0131n\u0131 s\u00fcslerken, baz\u0131lar\u0131 ise \u00e7am a\u011fac\u0131n\u0131 evlerine alamad\u0131. Her ge\u00e7en g\u00fcn artan hayat pahal\u0131l\u0131\u011f\u0131 \u00e7am a\u011fa\u00e7lar\u0131n\u0131 da etkiledi.\u00a0 \u00c7AM A\u011eA\u00c7LARI BU YIL S\u00dcSLENEMED\u0130\u00a0 Eksiden her evde bulunan ve led \u0131\u015f\u0131klarla s\u00fcslenen \u00e7am a\u011fa\u00e7lar\u0131, art\u0131k her eve giremiyor. Fiyatlar\u0131n\u0131n bin 200 TL\u2019ye kadar &hellip;<\/p>","protected":false},"author":0,"featured_media":0,"comment_status":"open","ping_status":"open","sticky":false,"template":"","format":"standard","meta":{"_acf_changed":false,"footnotes":""},"categories":[24,535],"tags":[],"class_list":["post-22385","post","type-post","status-publish","format-standard","has-post-thumbnail","hentry","category-gundem","category-uncategorized-tr"],"acf":[],"yoast_head":"<!-- This site is optimized with the Yoast SEO Premium plugin v26.6 (Yoast SEO v27.1.1) - https:\/\/yoast.com\/product\/yoast-seo-premium-wordpress\/ -->\n<title>\u0130kinci el \u00e7am a\u011fa\u00e7lar\u0131 s\u0131f\u0131rdan pahal\u0131! - Av. Deniz Can K\u0131z\u0131l<\/title>\n<meta name=\"robots\" content=\"index, follow, max-snippet:-1, max-image-preview:large, max-video-preview:-1\" \/>\n<link rel=\"canonical\" href=\"http:\/\/denizcankizil.tr\/en\/haberler\/gundem\/ikinci-el-cam-agaclari-sifirdan-pahali\/\" \/>\n<meta property=\"og:locale\" content=\"en_GB\" \/>\n<meta property=\"og:type\" content=\"article\" \/>\n<meta property=\"og:title\" content=\"\u0130kinci el \u00e7am a\u011fa\u00e7lar\u0131 s\u0131f\u0131rdan pahal\u0131!\" \/>\n<meta property=\"og:description\" content=\"Her ge\u00e7en g\u00fcn artan hayat pahal\u0131l\u0131\u011fa nedeniyle bu y\u0131l \u00e7am a\u011fa\u00e7lar\u0131 yeteri kadar ilgi g\u00f6rmedi. Evine y\u0131lba\u015f\u0131 a\u011fac\u0131 almak isteyen vatanda\u015flar, \u00e7\u00f6z\u00fcm\u00fc ikinci el sat\u0131\u015f yapan sitelerde buldu. Fakat sitede yer alan ikinci el a\u011fa\u00e7lar\u0131n s\u0131f\u0131rlardan daha pahal\u0131ya sat\u0131ld\u0131\u011f\u0131 g\u00f6r\u00fcld\u00fc.\u00a0 YEN\u0130 B\u0130R SAYFA\u00a0 2024 y\u0131l\u0131n\u0131n bitmesine art\u0131k say\u0131l\u0131 g\u00fcnler kald\u0131. Ac\u0131s\u0131yla tatl\u0131s\u0131yla koca bir y\u0131l geride kal\u0131yor ve art\u0131k yeni bir sayfa a\u00e7\u0131l\u0131yor. \u201cBir y\u0131l nas\u0131l ba\u015flarsa \u00f6yle\u201d gider mottosu ile pek \u00e7ok insan yeni y\u0131lda radikal kararlar alacak. Kimisi k\u00f6t\u00fc al\u0131\u015fkanl\u0131klar\u0131n\u0131 b\u0131rakacak, kimileri spora ve diyete ba\u015flayacak, kimileri ise yeni yeni hobiler edinecek ve bu al\u0131nan kararlar\u0131n b\u00fct\u00fcn bir y\u0131l s\u00fcrmesi i\u00e7in \u00e7abalayacak. Baz\u0131 vatanda\u015flarda yeni y\u0131lda para, mutluluk ve a\u015fk dileyecek. Uzun laf\u0131n k\u0131sas\u0131 yeni y\u0131l, herkes i\u00e7in beyaz bir sayfa olacak.\u00a0 YEN\u0130 YILIN S\u0130MGES\u0130\u00a0 Vatanda\u015flarda ise yeni y\u0131l \u00f6ncesi al\u0131\u015fveri\u015f tela\u015f\u0131 ba\u015flad\u0131. Yeni y\u0131l denince akla ilk gelen ve y\u0131lba\u015f\u0131n\u0131n adeta simgesi olan \u00e7am a\u011fa\u00e7lar\u0131 ise s\u00fcslenmeye ba\u015flad\u0131. Binlerce vatanda\u015f yeni y\u0131la girmeden \u00f6nce \u00e7am a\u011fa\u00e7lar\u0131n\u0131 s\u00fcslerken, baz\u0131lar\u0131 ise \u00e7am a\u011fac\u0131n\u0131 evlerine alamad\u0131. Her ge\u00e7en g\u00fcn artan hayat pahal\u0131l\u0131\u011f\u0131 \u00e7am a\u011fa\u00e7lar\u0131n\u0131 da etkiledi.\u00a0 \u00c7AM A\u011eA\u00c7LARI BU YIL S\u00dcSLENEMED\u0130\u00a0 Eksiden her evde bulunan ve led \u0131\u015f\u0131klarla s\u00fcslenen \u00e7am a\u011fa\u00e7lar\u0131, art\u0131k her eve giremiyor. Fiyatlar\u0131n\u0131n bin 200 TL\u2019ye kadar &hellip;\" \/>\n<meta property=\"og:url\" content=\"http:\/\/denizcankizil.tr\/en\/haberler\/gundem\/ikinci-el-cam-agaclari-sifirdan-pahali\/\" \/>\n<meta property=\"og:site_name\" content=\"Av. Deniz Can K\u0131z\u0131l\" \/>\n<meta property=\"article:published_time\" content=\"2024-12-26T13:41:44+00:00\" \/>\n<meta name=\"twitter:card\" content=\"summary_large_image\" \/>\n<meta name=\"twitter:label1\" content=\"Estimated reading time\" \/>\n\t<meta name=\"twitter:data1\" content=\"3 minutes\" \/>\n<script type=\"application\/ld+json\" class=\"yoast-schema-graph\">{\"@context\":\"https:\/\/schema.org\",\"@graph\":[{\"@type\":\"Article\",\"@id\":\"http:\/\/denizcankizil.tr\/en\/haberler\/gundem\/ikinci-el-cam-agaclari-sifirdan-pahali\/#article\",\"isPartOf\":{\"@id\":\"http:\/\/denizcankizil.tr\/en\/haberler\/gundem\/ikinci-el-cam-agaclari-sifirdan-pahali\/\"},\"author\":{\"name\":\"\",\"@id\":\"\"},\"headline\":\"\u0130kinci el \u00e7am a\u011fa\u00e7lar\u0131 s\u0131f\u0131rdan pahal\u0131!\",\"datePublished\":\"2024-12-26T13:41:44+00:00\",\"mainEntityOfPage\":{\"@id\":\"http:\/\/denizcankizil.tr\/en\/haberler\/gundem\/ikinci-el-cam-agaclari-sifirdan-pahali\/\"},\"wordCount\":575,\"commentCount\":0,\"publisher\":{\"@id\":\"https:\/\/denizcankizil.tr\/#organization\"},\"articleSection\":[\"G\u00fcndem\",\"Uncategorized\"],\"inLanguage\":\"en-GB\",\"potentialAction\":[{\"@type\":\"CommentAction\",\"name\":\"Comment\",\"target\":[\"http:\/\/denizcankizil.tr\/en\/haberler\/gundem\/ikinci-el-cam-agaclari-sifirdan-pahali\/#respond\"]}]},{\"@type\":\"WebPage\",\"@id\":\"http:\/\/denizcankizil.tr\/en\/haberler\/gundem\/ikinci-el-cam-agaclari-sifirdan-pahali\/\",\"url\":\"http:\/\/denizcankizil.tr\/en\/haberler\/gundem\/ikinci-el-cam-agaclari-sifirdan-pahali\/\",\"name\":\"\u0130kinci el \u00e7am a\u011fa\u00e7lar\u0131 s\u0131f\u0131rdan pahal\u0131! - Av. Deniz Can K\u0131z\u0131l\",\"isPartOf\":{\"@id\":\"https:\/\/denizcankizil.tr\/#website\"},\"datePublished\":\"2024-12-26T13:41:44+00:00\",\"breadcrumb\":{\"@id\":\"http:\/\/denizcankizil.tr\/en\/haberler\/gundem\/ikinci-el-cam-agaclari-sifirdan-pahali\/#breadcrumb\"},\"inLanguage\":\"en-GB\",\"potentialAction\":[{\"@type\":\"ReadAction\",\"target\":[\"http:\/\/denizcankizil.tr\/en\/haberler\/gundem\/ikinci-el-cam-agaclari-sifirdan-pahali\/\"]}]},{\"@type\":\"BreadcrumbList\",\"@id\":\"http:\/\/denizcankizil.tr\/en\/haberler\/gundem\/ikinci-el-cam-agaclari-sifirdan-pahali\/#breadcrumb\",\"itemListElement\":[{\"@type\":\"ListItem\",\"position\":1,\"name\":\"Home\",\"item\":\"https:\/\/denizcankizil.tr\/uk\/\"},{\"@type\":\"ListItem\",\"position\":2,\"name\":\"\u0130kinci el \u00e7am a\u011fa\u00e7lar\u0131 s\u0131f\u0131rdan pahal\u0131!\"}]},{\"@type\":\"WebSite\",\"@id\":\"https:\/\/denizcankizil.tr\/#website\",\"url\":\"https:\/\/denizcankizil.tr\/\",\"name\":\"Av. Deniz Can K\u0131z\u0131l\",\"description\":\"Avukat Deniz Can K\u0131z\u0131l Antalya Barosu\",\"publisher\":{\"@id\":\"https:\/\/denizcankizil.tr\/#organization\"},\"potentialAction\":[{\"@type\":\"SearchAction\",\"target\":{\"@type\":\"EntryPoint\",\"urlTemplate\":\"https:\/\/denizcankizil.tr\/?s={search_term_string}\"},\"query-input\":{\"@type\":\"PropertyValueSpecification\",\"valueRequired\":true,\"valueName\":\"search_term_string\"}}],\"inLanguage\":\"en-GB\"},{\"@type\":\"Organization\",\"@id\":\"https:\/\/denizcankizil.tr\/#organization\",\"name\":\"Av. Deniz Can K\u0131z\u0131l\",\"url\":\"https:\/\/denizcankizil.tr\/\",\"logo\":{\"@type\":\"ImageObject\",\"inLanguage\":\"en-GB\",\"@id\":\"https:\/\/denizcankizil.tr\/#\/schema\/logo\/image\/\",\"url\":\"http:\/\/denizcankizil.tr\/wp-content\/uploads\/2024\/10\/siyah-logo-svg.svg\",\"contentUrl\":\"http:\/\/denizcankizil.tr\/wp-content\/uploads\/2024\/10\/siyah-logo-svg.svg\",\"width\":1080,\"height\":1080,\"caption\":\"Av. Deniz Can K\u0131z\u0131l\"},\"image\":{\"@id\":\"https:\/\/denizcankizil.tr\/#\/schema\/logo\/image\/\"}}]}<\/script>\n<!-- \/ Yoast SEO Premium plugin. -->","yoast_head_json":{"title":"\u0130kinci el \u00e7am a\u011fa\u00e7lar\u0131 s\u0131f\u0131rdan pahal\u0131! - Av. Deniz Can K\u0131z\u0131l","robots":{"index":"index","follow":"follow","max-snippet":"max-snippet:-1","max-image-preview":"max-image-preview:large","max-video-preview":"max-video-preview:-1"},"canonical":"http:\/\/denizcankizil.tr\/en\/haberler\/gundem\/ikinci-el-cam-agaclari-sifirdan-pahali\/","og_locale":"en_GB","og_type":"article","og_title":"\u0130kinci el \u00e7am a\u011fa\u00e7lar\u0131 s\u0131f\u0131rdan pahal\u0131!","og_description":"Her ge\u00e7en g\u00fcn artan hayat pahal\u0131l\u0131\u011fa nedeniyle bu y\u0131l \u00e7am a\u011fa\u00e7lar\u0131 yeteri kadar ilgi g\u00f6rmedi. Evine y\u0131lba\u015f\u0131 a\u011fac\u0131 almak isteyen vatanda\u015flar, \u00e7\u00f6z\u00fcm\u00fc ikinci el sat\u0131\u015f yapan sitelerde buldu. Fakat sitede yer alan ikinci el a\u011fa\u00e7lar\u0131n s\u0131f\u0131rlardan daha pahal\u0131ya sat\u0131ld\u0131\u011f\u0131 g\u00f6r\u00fcld\u00fc.\u00a0 YEN\u0130 B\u0130R SAYFA\u00a0 2024 y\u0131l\u0131n\u0131n bitmesine art\u0131k say\u0131l\u0131 g\u00fcnler kald\u0131. Ac\u0131s\u0131yla tatl\u0131s\u0131yla koca bir y\u0131l geride kal\u0131yor ve art\u0131k yeni bir sayfa a\u00e7\u0131l\u0131yor. \u201cBir y\u0131l nas\u0131l ba\u015flarsa \u00f6yle\u201d gider mottosu ile pek \u00e7ok insan yeni y\u0131lda radikal kararlar alacak. Kimisi k\u00f6t\u00fc al\u0131\u015fkanl\u0131klar\u0131n\u0131 b\u0131rakacak, kimileri spora ve diyete ba\u015flayacak, kimileri ise yeni yeni hobiler edinecek ve bu al\u0131nan kararlar\u0131n b\u00fct\u00fcn bir y\u0131l s\u00fcrmesi i\u00e7in \u00e7abalayacak. Baz\u0131 vatanda\u015flarda yeni y\u0131lda para, mutluluk ve a\u015fk dileyecek. Uzun laf\u0131n k\u0131sas\u0131 yeni y\u0131l, herkes i\u00e7in beyaz bir sayfa olacak.\u00a0 YEN\u0130 YILIN S\u0130MGES\u0130\u00a0 Vatanda\u015flarda ise yeni y\u0131l \u00f6ncesi al\u0131\u015fveri\u015f tela\u015f\u0131 ba\u015flad\u0131. Yeni y\u0131l denince akla ilk gelen ve y\u0131lba\u015f\u0131n\u0131n adeta simgesi olan \u00e7am a\u011fa\u00e7lar\u0131 ise s\u00fcslenmeye ba\u015flad\u0131. Binlerce vatanda\u015f yeni y\u0131la girmeden \u00f6nce \u00e7am a\u011fa\u00e7lar\u0131n\u0131 s\u00fcslerken, baz\u0131lar\u0131 ise \u00e7am a\u011fac\u0131n\u0131 evlerine alamad\u0131. Her ge\u00e7en g\u00fcn artan hayat pahal\u0131l\u0131\u011f\u0131 \u00e7am a\u011fa\u00e7lar\u0131n\u0131 da etkiledi.\u00a0 \u00c7AM A\u011eA\u00c7LARI BU YIL S\u00dcSLENEMED\u0130\u00a0 Eksiden her evde bulunan ve led \u0131\u015f\u0131klarla s\u00fcslenen \u00e7am a\u011fa\u00e7lar\u0131, art\u0131k her eve giremiyor. Fiyatlar\u0131n\u0131n bin 200 TL\u2019ye kadar &hellip;","og_url":"http:\/\/denizcankizil.tr\/en\/haberler\/gundem\/ikinci-el-cam-agaclari-sifirdan-pahali\/","og_site_name":"Av. Deniz Can K\u0131z\u0131l","article_published_time":"2024-12-26T13:41:44+00:00","twitter_card":"summary_large_image","twitter_misc":{"Estimated reading time":"3 minutes"},"schema":{"@context":"https:\/\/schema.org","@graph":[{"@type":"Article","@id":"http:\/\/denizcankizil.tr\/en\/haberler\/gundem\/ikinci-el-cam-agaclari-sifirdan-pahali\/#article","isPartOf":{"@id":"http:\/\/denizcankizil.tr\/en\/haberler\/gundem\/ikinci-el-cam-agaclari-sifirdan-pahali\/"},"author":{"name":"","@id":""},"headline":"\u0130kinci el \u00e7am a\u011fa\u00e7lar\u0131 s\u0131f\u0131rdan pahal\u0131!","datePublished":"2024-12-26T13:41:44+00:00","mainEntityOfPage":{"@id":"http:\/\/denizcankizil.tr\/en\/haberler\/gundem\/ikinci-el-cam-agaclari-sifirdan-pahali\/"},"wordCount":575,"commentCount":0,"publisher":{"@id":"https:\/\/denizcankizil.tr\/#organization"},"articleSection":["G\u00fcndem","Uncategorized"],"inLanguage":"en-GB","potentialAction":[{"@type":"CommentAction","name":"Comment","target":["http:\/\/denizcankizil.tr\/en\/haberler\/gundem\/ikinci-el-cam-agaclari-sifirdan-pahali\/#respond"]}]},{"@type":"WebPage","@id":"http:\/\/denizcankizil.tr\/en\/haberler\/gundem\/ikinci-el-cam-agaclari-sifirdan-pahali\/","url":"http:\/\/denizcankizil.tr\/en\/haberler\/gundem\/ikinci-el-cam-agaclari-sifirdan-pahali\/","name":"\u0130kinci el \u00e7am a\u011fa\u00e7lar\u0131 s\u0131f\u0131rdan pahal\u0131! - Av. Deniz Can K\u0131z\u0131l","isPartOf":{"@id":"https:\/\/denizcankizil.tr\/#website"},"datePublished":"2024-12-26T13:41:44+00:00","breadcrumb":{"@id":"http:\/\/denizcankizil.tr\/en\/haberler\/gundem\/ikinci-el-cam-agaclari-sifirdan-pahali\/#breadcrumb"},"inLanguage":"en-GB","potentialAction":[{"@type":"ReadAction","target":["http:\/\/denizcankizil.tr\/en\/haberler\/gundem\/ikinci-el-cam-agaclari-sifirdan-pahali\/"]}]},{"@type":"BreadcrumbList","@id":"http:\/\/denizcankizil.tr\/en\/haberler\/gundem\/ikinci-el-cam-agaclari-sifirdan-pahali\/#breadcrumb","itemListElement":[{"@type":"ListItem","position":1,"name":"Home","item":"https:\/\/denizcankizil.tr\/uk\/"},{"@type":"ListItem","position":2,"name":"\u0130kinci el \u00e7am a\u011fa\u00e7lar\u0131 s\u0131f\u0131rdan pahal\u0131!"}]},{"@type":"WebSite","@id":"https:\/\/denizcankizil.tr\/#website","url":"https:\/\/denizcankizil.tr\/","name":"Av. Deniz Can K\u0131z\u0131l","description":"Avukat Deniz Can K\u0131z\u0131l Antalya Barosu","publisher":{"@id":"https:\/\/denizcankizil.tr\/#organization"},"potentialAction":[{"@type":"SearchAction","target":{"@type":"EntryPoint","urlTemplate":"https:\/\/denizcankizil.tr\/?s={search_term_string}"},"query-input":{"@type":"PropertyValueSpecification","valueRequired":true,"valueName":"search_term_string"}}],"inLanguage":"en-GB"},{"@type":"Organization","@id":"https:\/\/denizcankizil.tr\/#organization","name":"Av. Deniz Can K\u0131z\u0131l","url":"https:\/\/denizcankizil.tr\/","logo":{"@type":"ImageObject","inLanguage":"en-GB","@id":"https:\/\/denizcankizil.tr\/#\/schema\/logo\/image\/","url":"http:\/\/denizcankizil.tr\/wp-content\/uploads\/2024\/10\/siyah-logo-svg.svg","contentUrl":"http:\/\/denizcankizil.tr\/wp-content\/uploads\/2024\/10\/siyah-logo-svg.svg","width":1080,"height":1080,"caption":"Av. Deniz Can K\u0131z\u0131l"},"image":{"@id":"https:\/\/denizcankizil.tr\/#\/schema\/logo\/image\/"}}]}},"_links":{"self":[{"href":"http:\/\/denizcankizil.tr\/en\/wp-json\/wp\/v2\/posts\/22385","targetHints":{"allow":["GET"]}}],"collection":[{"href":"http:\/\/denizcankizil.tr\/en\/wp-json\/wp\/v2\/posts"}],"about":[{"href":"http:\/\/denizcankizil.tr\/en\/wp-json\/wp\/v2\/types\/post"}],"replies":[{"embeddable":true,"href":"http:\/\/denizcankizil.tr\/en\/wp-json\/wp\/v2\/comments?post=22385"}],"version-history":[{"count":0,"href":"http:\/\/denizcankizil.tr\/en\/wp-json\/wp\/v2\/posts\/22385\/revisions"}],"wp:attachment":[{"href":"http:\/\/denizcankizil.tr\/en\/wp-json\/wp\/v2\/media?parent=22385"}],"wp:term":[{"taxonomy":"category","embeddable":true,"href":"http:\/\/denizcankizil.tr\/en\/wp-json\/wp\/v2\/categories?post=22385"},{"taxonomy":"post_tag","embeddable":true,"href":"http:\/\/denizcankizil.tr\/en\/wp-json\/wp\/v2\/tags?post=22385"}],"curies":[{"name":"wp","href":"https:\/\/api.w.org\/{rel}","templated":true}]}}