{"id":22053,"date":"2024-12-24T18:41:35","date_gmt":"2024-12-24T15:41:35","guid":{"rendered":"https:\/\/denizcankizil.tr\/uncategorized-tr\/kandira-belediyesi-kokarca-ile-mucadele-calismasi-baslatti\/"},"modified":"2024-12-24T18:41:35","modified_gmt":"2024-12-24T15:41:35","slug":"kandira-belediyesi-kokarca-ile-mucadele-calismasi-baslatti","status":"publish","type":"post","link":"http:\/\/denizcankizil.tr\/en\/haberler\/gundem\/kandira-belediyesi-kokarca-ile-mucadele-calismasi-baslatti\/","title":{"rendered":"Kand\u0131ra Belediyesi Kokarca \u0130le M\u00fccadele \u00c7al\u0131\u015fmas\u0131 Ba\u015flatt\u0131."},"content":{"rendered":"<p>Bir\u00e7ok \u0130l ve \u0130l\u00e7ede oldu\u011fu gibi Kand\u0131ra\u2019da tar\u0131m sekt\u00f6r\u00fcn\u00fc ve \u00f6zellikle f\u0131nd\u0131k \u00fcretimini olumsuz etkileyen kahverengi kokarca b\u00f6ce\u011fi ile m\u00fccadele i\u00e7in Kand\u0131ra Belediyesi, Kocaeli \u0130l Tar\u0131m ve Orman M\u00fcd\u00fcrl\u00fc\u011f\u00fc ile birlikte  harekete ge\u00e7ti.<\/p>\n<p>\u200bBir\u00e7ok \u0130l ve \u0130l\u00e7ede oldu\u011fu gibi Kand\u0131ra\u2019da tar\u0131m sekt\u00f6r\u00fcn\u00fc ve \u00f6zellikle f\u0131nd\u0131k \u00fcretimini olumsuz etkileyen kahverengi kokarca b\u00f6ce\u011fi ile m\u00fccadele i\u00e7in Kand\u0131ra Belediyesi, Kocaeli \u0130l Tar\u0131m ve Orman M\u00fcd\u00fcrl\u00fc\u011f\u00fc ile birlikte  harekete ge\u00e7ti.\u00a0<\/p>\n<p>\u200bHaberin Al\u0131nt\u0131land\u0131\u011f\u0131 Kaynak: www.iskenderun.org<\/p>","protected":false},"excerpt":{"rendered":"<p>Bir\u00e7ok \u0130l ve \u0130l\u00e7ede oldu\u011fu gibi Kand\u0131ra\u2019da tar\u0131m sekt\u00f6r\u00fcn\u00fc ve \u00f6zellikle f\u0131nd\u0131k \u00fcretimini olumsuz etkileyen kahverengi kokarca b\u00f6ce\u011fi ile m\u00fccadele i\u00e7in Kand\u0131ra Belediyesi, Kocaeli \u0130l Tar\u0131m ve Orman M\u00fcd\u00fcrl\u00fc\u011f\u00fc ile birlikte harekete ge\u00e7ti. \u200bBir\u00e7ok \u0130l ve \u0130l\u00e7ede oldu\u011fu gibi Kand\u0131ra\u2019da tar\u0131m sekt\u00f6r\u00fcn\u00fc ve \u00f6zellikle f\u0131nd\u0131k \u00fcretimini olumsuz etkileyen kahverengi kokarca b\u00f6ce\u011fi ile m\u00fccadele i\u00e7in Kand\u0131ra Belediyesi, Kocaeli \u0130l Tar\u0131m ve Orman M\u00fcd\u00fcrl\u00fc\u011f\u00fc ile birlikte harekete ge\u00e7ti.\u00a0 \u200bHaberin Al\u0131nt\u0131land\u0131\u011f\u0131 Kaynak: www.iskenderun.org<\/p>","protected":false},"author":0,"featured_media":0,"comment_status":"open","ping_status":"open","sticky":false,"template":"","format":"standard","meta":{"_acf_changed":false,"footnotes":""},"categories":[24,535],"tags":[],"class_list":["post-22053","post","type-post","status-publish","format-standard","has-post-thumbnail","hentry","category-gundem","category-uncategorized-tr"],"acf":[],"yoast_head":"<!-- This site is optimized with the Yoast SEO Premium plugin v26.6 (Yoast SEO v27.1.1) - https:\/\/yoast.com\/product\/yoast-seo-premium-wordpress\/ -->\n<title>Kand\u0131ra Belediyesi Kokarca \u0130le M\u00fccadele \u00c7al\u0131\u015fmas\u0131 Ba\u015flatt\u0131. - Av. Deniz Can K\u0131z\u0131l<\/title>\n<meta name=\"robots\" content=\"index, follow, max-snippet:-1, max-image-preview:large, max-video-preview:-1\" \/>\n<link rel=\"canonical\" href=\"http:\/\/denizcankizil.tr\/en\/haberler\/gundem\/kandira-belediyesi-kokarca-ile-mucadele-calismasi-baslatti\/\" \/>\n<meta property=\"og:locale\" content=\"en_GB\" \/>\n<meta property=\"og:type\" content=\"article\" \/>\n<meta property=\"og:title\" content=\"Kand\u0131ra Belediyesi Kokarca \u0130le M\u00fccadele \u00c7al\u0131\u015fmas\u0131 Ba\u015flatt\u0131.\" \/>\n<meta property=\"og:description\" content=\"Bir\u00e7ok \u0130l ve \u0130l\u00e7ede oldu\u011fu gibi Kand\u0131ra\u2019da tar\u0131m sekt\u00f6r\u00fcn\u00fc ve \u00f6zellikle f\u0131nd\u0131k \u00fcretimini olumsuz etkileyen kahverengi kokarca b\u00f6ce\u011fi ile m\u00fccadele i\u00e7in Kand\u0131ra Belediyesi, Kocaeli \u0130l Tar\u0131m ve Orman M\u00fcd\u00fcrl\u00fc\u011f\u00fc ile birlikte harekete ge\u00e7ti. \u200bBir\u00e7ok \u0130l ve \u0130l\u00e7ede oldu\u011fu gibi Kand\u0131ra\u2019da tar\u0131m sekt\u00f6r\u00fcn\u00fc ve \u00f6zellikle f\u0131nd\u0131k \u00fcretimini olumsuz etkileyen kahverengi kokarca b\u00f6ce\u011fi ile m\u00fccadele i\u00e7in Kand\u0131ra Belediyesi, Kocaeli \u0130l Tar\u0131m ve Orman M\u00fcd\u00fcrl\u00fc\u011f\u00fc ile birlikte harekete ge\u00e7ti.\u00a0 \u200bHaberin Al\u0131nt\u0131land\u0131\u011f\u0131 Kaynak: www.iskenderun.org\" \/>\n<meta property=\"og:url\" content=\"http:\/\/denizcankizil.tr\/en\/haberler\/gundem\/kandira-belediyesi-kokarca-ile-mucadele-calismasi-baslatti\/\" \/>\n<meta property=\"og:site_name\" content=\"Av. Deniz Can K\u0131z\u0131l\" \/>\n<meta property=\"article:published_time\" content=\"2024-12-24T15:41:35+00:00\" \/>\n<meta name=\"twitter:card\" content=\"summary_large_image\" \/>\n<meta name=\"twitter:label1\" content=\"Estimated reading time\" \/>\n\t<meta name=\"twitter:data1\" content=\"1 minute\" \/>\n<script type=\"application\/ld+json\" class=\"yoast-schema-graph\">{\"@context\":\"https:\/\/schema.org\",\"@graph\":[{\"@type\":\"Article\",\"@id\":\"http:\/\/denizcankizil.tr\/en\/haberler\/gundem\/kandira-belediyesi-kokarca-ile-mucadele-calismasi-baslatti\/#article\",\"isPartOf\":{\"@id\":\"http:\/\/denizcankizil.tr\/en\/haberler\/gundem\/kandira-belediyesi-kokarca-ile-mucadele-calismasi-baslatti\/\"},\"author\":{\"name\":\"\",\"@id\":\"\"},\"headline\":\"Kand\u0131ra Belediyesi Kokarca \u0130le M\u00fccadele \u00c7al\u0131\u015fmas\u0131 Ba\u015flatt\u0131.\",\"datePublished\":\"2024-12-24T15:41:35+00:00\",\"mainEntityOfPage\":{\"@id\":\"http:\/\/denizcankizil.tr\/en\/haberler\/gundem\/kandira-belediyesi-kokarca-ile-mucadele-calismasi-baslatti\/\"},\"wordCount\":123,\"commentCount\":0,\"publisher\":{\"@id\":\"https:\/\/denizcankizil.tr\/#organization\"},\"articleSection\":[\"G\u00fcndem\",\"Uncategorized\"],\"inLanguage\":\"en-GB\",\"potentialAction\":[{\"@type\":\"CommentAction\",\"name\":\"Comment\",\"target\":[\"http:\/\/denizcankizil.tr\/en\/haberler\/gundem\/kandira-belediyesi-kokarca-ile-mucadele-calismasi-baslatti\/#respond\"]}]},{\"@type\":\"WebPage\",\"@id\":\"http:\/\/denizcankizil.tr\/en\/haberler\/gundem\/kandira-belediyesi-kokarca-ile-mucadele-calismasi-baslatti\/\",\"url\":\"http:\/\/denizcankizil.tr\/en\/haberler\/gundem\/kandira-belediyesi-kokarca-ile-mucadele-calismasi-baslatti\/\",\"name\":\"Kand\u0131ra Belediyesi Kokarca \u0130le M\u00fccadele \u00c7al\u0131\u015fmas\u0131 Ba\u015flatt\u0131. - Av. Deniz Can K\u0131z\u0131l\",\"isPartOf\":{\"@id\":\"https:\/\/denizcankizil.tr\/#website\"},\"datePublished\":\"2024-12-24T15:41:35+00:00\",\"breadcrumb\":{\"@id\":\"http:\/\/denizcankizil.tr\/en\/haberler\/gundem\/kandira-belediyesi-kokarca-ile-mucadele-calismasi-baslatti\/#breadcrumb\"},\"inLanguage\":\"en-GB\",\"potentialAction\":[{\"@type\":\"ReadAction\",\"target\":[\"http:\/\/denizcankizil.tr\/en\/haberler\/gundem\/kandira-belediyesi-kokarca-ile-mucadele-calismasi-baslatti\/\"]}]},{\"@type\":\"BreadcrumbList\",\"@id\":\"http:\/\/denizcankizil.tr\/en\/haberler\/gundem\/kandira-belediyesi-kokarca-ile-mucadele-calismasi-baslatti\/#breadcrumb\",\"itemListElement\":[{\"@type\":\"ListItem\",\"position\":1,\"name\":\"Home\",\"item\":\"https:\/\/denizcankizil.tr\/uk\/\"},{\"@type\":\"ListItem\",\"position\":2,\"name\":\"Kand\u0131ra Belediyesi Kokarca \u0130le M\u00fccadele \u00c7al\u0131\u015fmas\u0131 Ba\u015flatt\u0131.\"}]},{\"@type\":\"WebSite\",\"@id\":\"https:\/\/denizcankizil.tr\/#website\",\"url\":\"https:\/\/denizcankizil.tr\/\",\"name\":\"Av. Deniz Can K\u0131z\u0131l\",\"description\":\"Avukat Deniz Can K\u0131z\u0131l Antalya Barosu\",\"publisher\":{\"@id\":\"https:\/\/denizcankizil.tr\/#organization\"},\"potentialAction\":[{\"@type\":\"SearchAction\",\"target\":{\"@type\":\"EntryPoint\",\"urlTemplate\":\"https:\/\/denizcankizil.tr\/?s={search_term_string}\"},\"query-input\":{\"@type\":\"PropertyValueSpecification\",\"valueRequired\":true,\"valueName\":\"search_term_string\"}}],\"inLanguage\":\"en-GB\"},{\"@type\":\"Organization\",\"@id\":\"https:\/\/denizcankizil.tr\/#organization\",\"name\":\"Av. Deniz Can K\u0131z\u0131l\",\"url\":\"https:\/\/denizcankizil.tr\/\",\"logo\":{\"@type\":\"ImageObject\",\"inLanguage\":\"en-GB\",\"@id\":\"https:\/\/denizcankizil.tr\/#\/schema\/logo\/image\/\",\"url\":\"http:\/\/denizcankizil.tr\/wp-content\/uploads\/2024\/10\/siyah-logo-svg.svg\",\"contentUrl\":\"http:\/\/denizcankizil.tr\/wp-content\/uploads\/2024\/10\/siyah-logo-svg.svg\",\"width\":1080,\"height\":1080,\"caption\":\"Av. Deniz Can K\u0131z\u0131l\"},\"image\":{\"@id\":\"https:\/\/denizcankizil.tr\/#\/schema\/logo\/image\/\"}}]}<\/script>\n<!-- \/ Yoast SEO Premium plugin. -->","yoast_head_json":{"title":"Kand\u0131ra Belediyesi Kokarca \u0130le M\u00fccadele \u00c7al\u0131\u015fmas\u0131 Ba\u015flatt\u0131. - Av. Deniz Can K\u0131z\u0131l","robots":{"index":"index","follow":"follow","max-snippet":"max-snippet:-1","max-image-preview":"max-image-preview:large","max-video-preview":"max-video-preview:-1"},"canonical":"http:\/\/denizcankizil.tr\/en\/haberler\/gundem\/kandira-belediyesi-kokarca-ile-mucadele-calismasi-baslatti\/","og_locale":"en_GB","og_type":"article","og_title":"Kand\u0131ra Belediyesi Kokarca \u0130le M\u00fccadele \u00c7al\u0131\u015fmas\u0131 Ba\u015flatt\u0131.","og_description":"Bir\u00e7ok \u0130l ve \u0130l\u00e7ede oldu\u011fu gibi Kand\u0131ra\u2019da tar\u0131m sekt\u00f6r\u00fcn\u00fc ve \u00f6zellikle f\u0131nd\u0131k \u00fcretimini olumsuz etkileyen kahverengi kokarca b\u00f6ce\u011fi ile m\u00fccadele i\u00e7in Kand\u0131ra Belediyesi, Kocaeli \u0130l Tar\u0131m ve Orman M\u00fcd\u00fcrl\u00fc\u011f\u00fc ile birlikte harekete ge\u00e7ti. \u200bBir\u00e7ok \u0130l ve \u0130l\u00e7ede oldu\u011fu gibi Kand\u0131ra\u2019da tar\u0131m sekt\u00f6r\u00fcn\u00fc ve \u00f6zellikle f\u0131nd\u0131k \u00fcretimini olumsuz etkileyen kahverengi kokarca b\u00f6ce\u011fi ile m\u00fccadele i\u00e7in Kand\u0131ra Belediyesi, Kocaeli \u0130l Tar\u0131m ve Orman M\u00fcd\u00fcrl\u00fc\u011f\u00fc ile birlikte harekete ge\u00e7ti.\u00a0 \u200bHaberin Al\u0131nt\u0131land\u0131\u011f\u0131 Kaynak: www.iskenderun.org","og_url":"http:\/\/denizcankizil.tr\/en\/haberler\/gundem\/kandira-belediyesi-kokarca-ile-mucadele-calismasi-baslatti\/","og_site_name":"Av. Deniz Can K\u0131z\u0131l","article_published_time":"2024-12-24T15:41:35+00:00","twitter_card":"summary_large_image","twitter_misc":{"Estimated reading time":"1 minute"},"schema":{"@context":"https:\/\/schema.org","@graph":[{"@type":"Article","@id":"http:\/\/denizcankizil.tr\/en\/haberler\/gundem\/kandira-belediyesi-kokarca-ile-mucadele-calismasi-baslatti\/#article","isPartOf":{"@id":"http:\/\/denizcankizil.tr\/en\/haberler\/gundem\/kandira-belediyesi-kokarca-ile-mucadele-calismasi-baslatti\/"},"author":{"name":"","@id":""},"headline":"Kand\u0131ra Belediyesi Kokarca \u0130le M\u00fccadele \u00c7al\u0131\u015fmas\u0131 Ba\u015flatt\u0131.","datePublished":"2024-12-24T15:41:35+00:00","mainEntityOfPage":{"@id":"http:\/\/denizcankizil.tr\/en\/haberler\/gundem\/kandira-belediyesi-kokarca-ile-mucadele-calismasi-baslatti\/"},"wordCount":123,"commentCount":0,"publisher":{"@id":"https:\/\/denizcankizil.tr\/#organization"},"articleSection":["G\u00fcndem","Uncategorized"],"inLanguage":"en-GB","potentialAction":[{"@type":"CommentAction","name":"Comment","target":["http:\/\/denizcankizil.tr\/en\/haberler\/gundem\/kandira-belediyesi-kokarca-ile-mucadele-calismasi-baslatti\/#respond"]}]},{"@type":"WebPage","@id":"http:\/\/denizcankizil.tr\/en\/haberler\/gundem\/kandira-belediyesi-kokarca-ile-mucadele-calismasi-baslatti\/","url":"http:\/\/denizcankizil.tr\/en\/haberler\/gundem\/kandira-belediyesi-kokarca-ile-mucadele-calismasi-baslatti\/","name":"Kand\u0131ra Belediyesi Kokarca \u0130le M\u00fccadele \u00c7al\u0131\u015fmas\u0131 Ba\u015flatt\u0131. - Av. Deniz Can K\u0131z\u0131l","isPartOf":{"@id":"https:\/\/denizcankizil.tr\/#website"},"datePublished":"2024-12-24T15:41:35+00:00","breadcrumb":{"@id":"http:\/\/denizcankizil.tr\/en\/haberler\/gundem\/kandira-belediyesi-kokarca-ile-mucadele-calismasi-baslatti\/#breadcrumb"},"inLanguage":"en-GB","potentialAction":[{"@type":"ReadAction","target":["http:\/\/denizcankizil.tr\/en\/haberler\/gundem\/kandira-belediyesi-kokarca-ile-mucadele-calismasi-baslatti\/"]}]},{"@type":"BreadcrumbList","@id":"http:\/\/denizcankizil.tr\/en\/haberler\/gundem\/kandira-belediyesi-kokarca-ile-mucadele-calismasi-baslatti\/#breadcrumb","itemListElement":[{"@type":"ListItem","position":1,"name":"Home","item":"https:\/\/denizcankizil.tr\/uk\/"},{"@type":"ListItem","position":2,"name":"Kand\u0131ra Belediyesi Kokarca \u0130le M\u00fccadele \u00c7al\u0131\u015fmas\u0131 Ba\u015flatt\u0131."}]},{"@type":"WebSite","@id":"https:\/\/denizcankizil.tr\/#website","url":"https:\/\/denizcankizil.tr\/","name":"Av. Deniz Can K\u0131z\u0131l","description":"Avukat Deniz Can K\u0131z\u0131l Antalya Barosu","publisher":{"@id":"https:\/\/denizcankizil.tr\/#organization"},"potentialAction":[{"@type":"SearchAction","target":{"@type":"EntryPoint","urlTemplate":"https:\/\/denizcankizil.tr\/?s={search_term_string}"},"query-input":{"@type":"PropertyValueSpecification","valueRequired":true,"valueName":"search_term_string"}}],"inLanguage":"en-GB"},{"@type":"Organization","@id":"https:\/\/denizcankizil.tr\/#organization","name":"Av. Deniz Can K\u0131z\u0131l","url":"https:\/\/denizcankizil.tr\/","logo":{"@type":"ImageObject","inLanguage":"en-GB","@id":"https:\/\/denizcankizil.tr\/#\/schema\/logo\/image\/","url":"http:\/\/denizcankizil.tr\/wp-content\/uploads\/2024\/10\/siyah-logo-svg.svg","contentUrl":"http:\/\/denizcankizil.tr\/wp-content\/uploads\/2024\/10\/siyah-logo-svg.svg","width":1080,"height":1080,"caption":"Av. Deniz Can K\u0131z\u0131l"},"image":{"@id":"https:\/\/denizcankizil.tr\/#\/schema\/logo\/image\/"}}]}},"_links":{"self":[{"href":"http:\/\/denizcankizil.tr\/en\/wp-json\/wp\/v2\/posts\/22053","targetHints":{"allow":["GET"]}}],"collection":[{"href":"http:\/\/denizcankizil.tr\/en\/wp-json\/wp\/v2\/posts"}],"about":[{"href":"http:\/\/denizcankizil.tr\/en\/wp-json\/wp\/v2\/types\/post"}],"replies":[{"embeddable":true,"href":"http:\/\/denizcankizil.tr\/en\/wp-json\/wp\/v2\/comments?post=22053"}],"version-history":[{"count":0,"href":"http:\/\/denizcankizil.tr\/en\/wp-json\/wp\/v2\/posts\/22053\/revisions"}],"wp:attachment":[{"href":"http:\/\/denizcankizil.tr\/en\/wp-json\/wp\/v2\/media?parent=22053"}],"wp:term":[{"taxonomy":"category","embeddable":true,"href":"http:\/\/denizcankizil.tr\/en\/wp-json\/wp\/v2\/categories?post=22053"},{"taxonomy":"post_tag","embeddable":true,"href":"http:\/\/denizcankizil.tr\/en\/wp-json\/wp\/v2\/tags?post=22053"}],"curies":[{"name":"wp","href":"https:\/\/api.w.org\/{rel}","templated":true}]}}