{"id":22049,"date":"2024-12-24T18:41:33","date_gmt":"2024-12-24T15:41:33","guid":{"rendered":"https:\/\/denizcankizil.tr\/uncategorized-tr\/mudanyada-balik-tutarken-kaybolan-kisi-araniyor\/"},"modified":"2024-12-24T18:41:33","modified_gmt":"2024-12-24T15:41:33","slug":"mudanyada-balik-tutarken-kaybolan-kisi-araniyor","status":"publish","type":"post","link":"http:\/\/denizcankizil.tr\/en\/haberler\/gundem\/mudanyada-balik-tutarken-kaybolan-kisi-araniyor\/","title":{"rendered":"Mudanya&#8217;da bal\u0131k tutarken kaybolan ki\u015fi aran\u0131yor"},"content":{"rendered":"<p>Bursa&#8217;n\u0131n Mudanya il\u00e7esinde ailesi taraf\u0131ndan kay\u0131p ihbar\u0131 yap\u0131lan ki\u015fi, Pazar g\u00fcn\u00fcnden bu yana 3 g\u00fcnd\u00fcr AFAD ve Deniz Polisi ile Sahil G\u00fcvenlik Komutanl\u0131\u011f\u0131&#8217;na ba\u011fl\u0131 ekipler taraf\u0131ndan denizde aran\u0131yor.BURSA (\u0130GFA) &#8211; Al\u0131nan bilgiye g\u00f6re Mudanya sahilinde bal\u0131k tutarken, denize d\u00fc\u015ferek g\u00f6zden kayboldu\u011fu \u00f6ne s\u00fcr\u00fclen 59 ya\u015f\u0131ndaki R.O.&#8217;yu arama \u00e7al\u0131\u015fmalar\u0131 s\u00fcr\u00fcyor.<br \/>\n22 Aral\u0131k Pazar g\u00fcn\u00fcnden bu yana kendisinden haber al\u0131nmayan ve ailesi taraf\u0131ndan da kay\u0131p ihbar\u0131 yap\u0131lan vatanda\u015f\u0131n, mont, cep telefonu ve n\u00fcfuys c\u00fczdan\u0131n\u0131n sahildeki banklarda olmas\u0131 \u00fczerine ekipler arama \u00e7al\u0131\u015fmalar\u0131n\u0131 o b\u00f6lgedeki sahil kesimde yo\u011funla\u015ft\u0131rd\u0131. \u00c7al\u0131\u015fmalara AFAD Bursa M\u00fcd\u00fcrl\u00fc\u011f\u00fc&#8217;n\u00fcn yan\u0131 s\u0131ra\u00a0Mudanya Deniz Liman\u0131 \u015eube M\u00fcd\u00fcrl\u00fc\u011f\u00fc, Sahil G\u00fcvenlik G\u00fcney Marmara Grup Komutanl\u0131\u011f\u0131 DEGAK \u00d6zel Tim 11 Komutanl\u0131\u011f\u0131 ile Mudanya Belediyesi Arama Kurtarma Birimi&#8217;ne ba\u011fl\u0131 ekipler de kat\u0131ld\u0131.<\/p>\n<p>Mudanya Kaymakam\u0131 Ayhan Terzi de, kay\u0131p ki\u015fiye ula\u015f\u0131lmas\u0131 y\u00f6n\u00fcnde ekiplerin \u00e7al\u0131\u015fmalar\u0131n\u0131 yerinde inceledi.<\/p>\n<p>\u200bBursa&#8217;n\u0131n Mudanya il\u00e7esinde ailesi taraf\u0131ndan kay\u0131p ihbar\u0131 yap\u0131lan ki\u015fi, Pazar g\u00fcn\u00fcnden bu yana 3 g\u00fcnd\u00fcr AFAD ve Deniz Polisi ile Sahil G\u00fcvenlik Komutanl\u0131\u011f\u0131&#8217;na ba\u011fl\u0131 ekipler taraf\u0131ndan denizde aran\u0131yor.BURSA (\u0130GFA) &#8211; Al\u0131nan bilgiye g\u00f6re Mudanya sahilinde bal\u0131k tutarken, denize d\u00fc\u015ferek g\u00f6zden kayboldu\u011fu \u00f6ne s\u00fcr\u00fclen 59 ya\u015f\u0131ndaki R.O.&#8217;yu arama \u00e7al\u0131\u015fmalar\u0131 s\u00fcr\u00fcyor.<br \/>\n22 Aral\u0131k Pazar g\u00fcn\u00fcnden bu yana kendisinden haber al\u0131nmayan ve ailesi taraf\u0131ndan da kay\u0131p ihbar\u0131 yap\u0131lan vatanda\u015f\u0131n, mont, cep telefonu ve n\u00fcfuys c\u00fczdan\u0131n\u0131n sahildeki banklarda olmas\u0131 \u00fczerine ekipler arama \u00e7al\u0131\u015fmalar\u0131n\u0131 o b\u00f6lgedeki sahil kesimde yo\u011funla\u015ft\u0131rd\u0131. \u00c7al\u0131\u015fmalara AFAD Bursa M\u00fcd\u00fcrl\u00fc\u011f\u00fc&#8217;n\u00fcn yan\u0131 s\u0131ra\u00a0Mudanya Deniz Liman\u0131 \u015eube M\u00fcd\u00fcrl\u00fc\u011f\u00fc, Sahil G\u00fcvenlik G\u00fcney Marmara Grup Komutanl\u0131\u011f\u0131 DEGAK \u00d6zel Tim 11 Komutanl\u0131\u011f\u0131 ile Mudanya Belediyesi Arama Kurtarma Birimi&#8217;ne ba\u011fl\u0131 ekipler de kat\u0131ld\u0131.<\/p>\n<p>Mudanya Kaymakam\u0131 Ayhan Terzi de, kay\u0131p ki\u015fiye ula\u015f\u0131lmas\u0131 y\u00f6n\u00fcnde ekiplerin \u00e7al\u0131\u015fmalar\u0131n\u0131 yerinde inceledi.\u00a0<\/p>\n<p>\u200bHaberin Al\u0131nt\u0131land\u0131\u011f\u0131 Kaynak: www.iskenderun.org<\/p>","protected":false},"excerpt":{"rendered":"<p>Bursa&#8217;n\u0131n Mudanya il\u00e7esinde ailesi taraf\u0131ndan kay\u0131p ihbar\u0131 yap\u0131lan ki\u015fi, Pazar g\u00fcn\u00fcnden bu yana 3 g\u00fcnd\u00fcr AFAD ve Deniz Polisi ile Sahil G\u00fcvenlik Komutanl\u0131\u011f\u0131&#8217;na ba\u011fl\u0131 ekipler taraf\u0131ndan denizde aran\u0131yor.BURSA (\u0130GFA) &#8211; Al\u0131nan bilgiye g\u00f6re Mudanya sahilinde bal\u0131k tutarken, denize d\u00fc\u015ferek g\u00f6zden kayboldu\u011fu \u00f6ne s\u00fcr\u00fclen 59 ya\u015f\u0131ndaki R.O.&#8217;yu arama \u00e7al\u0131\u015fmalar\u0131 s\u00fcr\u00fcyor. 22 Aral\u0131k Pazar g\u00fcn\u00fcnden bu yana kendisinden haber al\u0131nmayan ve ailesi taraf\u0131ndan da kay\u0131p ihbar\u0131 yap\u0131lan vatanda\u015f\u0131n, mont, cep telefonu ve n\u00fcfuys c\u00fczdan\u0131n\u0131n sahildeki banklarda olmas\u0131 \u00fczerine ekipler arama \u00e7al\u0131\u015fmalar\u0131n\u0131 o b\u00f6lgedeki sahil kesimde yo\u011funla\u015ft\u0131rd\u0131. \u00c7al\u0131\u015fmalara AFAD Bursa M\u00fcd\u00fcrl\u00fc\u011f\u00fc&#8217;n\u00fcn yan\u0131 s\u0131ra\u00a0Mudanya Deniz Liman\u0131 \u015eube M\u00fcd\u00fcrl\u00fc\u011f\u00fc, Sahil G\u00fcvenlik G\u00fcney Marmara Grup Komutanl\u0131\u011f\u0131 DEGAK \u00d6zel Tim 11 Komutanl\u0131\u011f\u0131 ile Mudanya Belediyesi Arama Kurtarma Birimi&#8217;ne ba\u011fl\u0131 ekipler de kat\u0131ld\u0131. Mudanya Kaymakam\u0131 Ayhan Terzi de, kay\u0131p ki\u015fiye ula\u015f\u0131lmas\u0131 y\u00f6n\u00fcnde ekiplerin \u00e7al\u0131\u015fmalar\u0131n\u0131 yerinde inceledi. \u200bBursa&#8217;n\u0131n Mudanya il\u00e7esinde ailesi taraf\u0131ndan kay\u0131p ihbar\u0131 yap\u0131lan ki\u015fi, Pazar g\u00fcn\u00fcnden bu yana 3 g\u00fcnd\u00fcr AFAD ve Deniz Polisi ile Sahil G\u00fcvenlik Komutanl\u0131\u011f\u0131&#8217;na ba\u011fl\u0131 ekipler taraf\u0131ndan denizde aran\u0131yor.BURSA (\u0130GFA) &#8211; Al\u0131nan bilgiye g\u00f6re Mudanya sahilinde bal\u0131k tutarken, denize d\u00fc\u015ferek g\u00f6zden kayboldu\u011fu \u00f6ne s\u00fcr\u00fclen 59 ya\u015f\u0131ndaki R.O.&#8217;yu arama \u00e7al\u0131\u015fmalar\u0131 s\u00fcr\u00fcyor. 22 Aral\u0131k Pazar g\u00fcn\u00fcnden bu yana kendisinden haber al\u0131nmayan ve ailesi taraf\u0131ndan da kay\u0131p ihbar\u0131 yap\u0131lan vatanda\u015f\u0131n, mont, cep telefonu ve n\u00fcfuys c\u00fczdan\u0131n\u0131n &hellip;<\/p>","protected":false},"author":0,"featured_media":0,"comment_status":"open","ping_status":"open","sticky":false,"template":"","format":"standard","meta":{"_acf_changed":false,"footnotes":""},"categories":[24,535],"tags":[],"class_list":["post-22049","post","type-post","status-publish","format-standard","has-post-thumbnail","hentry","category-gundem","category-uncategorized-tr"],"acf":[],"yoast_head":"<!-- This site is optimized with the Yoast SEO Premium plugin v26.6 (Yoast SEO v27.1.1) - https:\/\/yoast.com\/product\/yoast-seo-premium-wordpress\/ -->\n<title>Mudanya&#039;da bal\u0131k tutarken kaybolan ki\u015fi aran\u0131yor - Av. Deniz Can K\u0131z\u0131l<\/title>\n<meta name=\"robots\" content=\"index, follow, max-snippet:-1, max-image-preview:large, max-video-preview:-1\" \/>\n<link rel=\"canonical\" href=\"http:\/\/denizcankizil.tr\/en\/haberler\/gundem\/mudanyada-balik-tutarken-kaybolan-kisi-araniyor\/\" \/>\n<meta property=\"og:locale\" content=\"en_GB\" \/>\n<meta property=\"og:type\" content=\"article\" \/>\n<meta property=\"og:title\" content=\"Mudanya&#039;da bal\u0131k tutarken kaybolan ki\u015fi aran\u0131yor\" \/>\n<meta property=\"og:description\" content=\"Bursa&#8217;n\u0131n Mudanya il\u00e7esinde ailesi taraf\u0131ndan kay\u0131p ihbar\u0131 yap\u0131lan ki\u015fi, Pazar g\u00fcn\u00fcnden bu yana 3 g\u00fcnd\u00fcr AFAD ve Deniz Polisi ile Sahil G\u00fcvenlik Komutanl\u0131\u011f\u0131&#8217;na ba\u011fl\u0131 ekipler taraf\u0131ndan denizde aran\u0131yor.BURSA (\u0130GFA) &#8211; Al\u0131nan bilgiye g\u00f6re Mudanya sahilinde bal\u0131k tutarken, denize d\u00fc\u015ferek g\u00f6zden kayboldu\u011fu \u00f6ne s\u00fcr\u00fclen 59 ya\u015f\u0131ndaki R.O.&#8217;yu arama \u00e7al\u0131\u015fmalar\u0131 s\u00fcr\u00fcyor. 22 Aral\u0131k Pazar g\u00fcn\u00fcnden bu yana kendisinden haber al\u0131nmayan ve ailesi taraf\u0131ndan da kay\u0131p ihbar\u0131 yap\u0131lan vatanda\u015f\u0131n, mont, cep telefonu ve n\u00fcfuys c\u00fczdan\u0131n\u0131n sahildeki banklarda olmas\u0131 \u00fczerine ekipler arama \u00e7al\u0131\u015fmalar\u0131n\u0131 o b\u00f6lgedeki sahil kesimde yo\u011funla\u015ft\u0131rd\u0131. \u00c7al\u0131\u015fmalara AFAD Bursa M\u00fcd\u00fcrl\u00fc\u011f\u00fc&#8217;n\u00fcn yan\u0131 s\u0131ra\u00a0Mudanya Deniz Liman\u0131 \u015eube M\u00fcd\u00fcrl\u00fc\u011f\u00fc, Sahil G\u00fcvenlik G\u00fcney Marmara Grup Komutanl\u0131\u011f\u0131 DEGAK \u00d6zel Tim 11 Komutanl\u0131\u011f\u0131 ile Mudanya Belediyesi Arama Kurtarma Birimi&#8217;ne ba\u011fl\u0131 ekipler de kat\u0131ld\u0131. Mudanya Kaymakam\u0131 Ayhan Terzi de, kay\u0131p ki\u015fiye ula\u015f\u0131lmas\u0131 y\u00f6n\u00fcnde ekiplerin \u00e7al\u0131\u015fmalar\u0131n\u0131 yerinde inceledi. \u200bBursa&#8217;n\u0131n Mudanya il\u00e7esinde ailesi taraf\u0131ndan kay\u0131p ihbar\u0131 yap\u0131lan ki\u015fi, Pazar g\u00fcn\u00fcnden bu yana 3 g\u00fcnd\u00fcr AFAD ve Deniz Polisi ile Sahil G\u00fcvenlik Komutanl\u0131\u011f\u0131&#8217;na ba\u011fl\u0131 ekipler taraf\u0131ndan denizde aran\u0131yor.BURSA (\u0130GFA) &#8211; Al\u0131nan bilgiye g\u00f6re Mudanya sahilinde bal\u0131k tutarken, denize d\u00fc\u015ferek g\u00f6zden kayboldu\u011fu \u00f6ne s\u00fcr\u00fclen 59 ya\u015f\u0131ndaki R.O.&#8217;yu arama \u00e7al\u0131\u015fmalar\u0131 s\u00fcr\u00fcyor. 22 Aral\u0131k Pazar g\u00fcn\u00fcnden bu yana kendisinden haber al\u0131nmayan ve ailesi taraf\u0131ndan da kay\u0131p ihbar\u0131 yap\u0131lan vatanda\u015f\u0131n, mont, cep telefonu ve n\u00fcfuys c\u00fczdan\u0131n\u0131n &hellip;\" \/>\n<meta property=\"og:url\" content=\"http:\/\/denizcankizil.tr\/en\/haberler\/gundem\/mudanyada-balik-tutarken-kaybolan-kisi-araniyor\/\" \/>\n<meta property=\"og:site_name\" content=\"Av. Deniz Can K\u0131z\u0131l\" \/>\n<meta property=\"article:published_time\" content=\"2024-12-24T15:41:33+00:00\" \/>\n<meta name=\"twitter:card\" content=\"summary_large_image\" \/>\n<meta name=\"twitter:label1\" content=\"Estimated reading time\" \/>\n\t<meta name=\"twitter:data1\" content=\"2 minutes\" \/>\n<script type=\"application\/ld+json\" class=\"yoast-schema-graph\">{\"@context\":\"https:\/\/schema.org\",\"@graph\":[{\"@type\":\"Article\",\"@id\":\"http:\/\/denizcankizil.tr\/en\/haberler\/gundem\/mudanyada-balik-tutarken-kaybolan-kisi-araniyor\/#article\",\"isPartOf\":{\"@id\":\"http:\/\/denizcankizil.tr\/en\/haberler\/gundem\/mudanyada-balik-tutarken-kaybolan-kisi-araniyor\/\"},\"author\":{\"name\":\"\",\"@id\":\"\"},\"headline\":\"Mudanya&#8217;da bal\u0131k tutarken kaybolan ki\u015fi aran\u0131yor\",\"datePublished\":\"2024-12-24T15:41:33+00:00\",\"mainEntityOfPage\":{\"@id\":\"http:\/\/denizcankizil.tr\/en\/haberler\/gundem\/mudanyada-balik-tutarken-kaybolan-kisi-araniyor\/\"},\"wordCount\":406,\"commentCount\":0,\"publisher\":{\"@id\":\"https:\/\/denizcankizil.tr\/de\/#organization\"},\"articleSection\":[\"G\u00fcndem\",\"Uncategorized\"],\"inLanguage\":\"en-GB\",\"potentialAction\":[{\"@type\":\"CommentAction\",\"name\":\"Comment\",\"target\":[\"http:\/\/denizcankizil.tr\/en\/haberler\/gundem\/mudanyada-balik-tutarken-kaybolan-kisi-araniyor\/#respond\"]}]},{\"@type\":\"WebPage\",\"@id\":\"http:\/\/denizcankizil.tr\/en\/haberler\/gundem\/mudanyada-balik-tutarken-kaybolan-kisi-araniyor\/\",\"url\":\"http:\/\/denizcankizil.tr\/en\/haberler\/gundem\/mudanyada-balik-tutarken-kaybolan-kisi-araniyor\/\",\"name\":\"Mudanya'da bal\u0131k tutarken kaybolan ki\u015fi aran\u0131yor - Av. Deniz Can K\u0131z\u0131l\",\"isPartOf\":{\"@id\":\"https:\/\/denizcankizil.tr\/de\/#website\"},\"datePublished\":\"2024-12-24T15:41:33+00:00\",\"breadcrumb\":{\"@id\":\"http:\/\/denizcankizil.tr\/en\/haberler\/gundem\/mudanyada-balik-tutarken-kaybolan-kisi-araniyor\/#breadcrumb\"},\"inLanguage\":\"en-GB\",\"potentialAction\":[{\"@type\":\"ReadAction\",\"target\":[\"http:\/\/denizcankizil.tr\/en\/haberler\/gundem\/mudanyada-balik-tutarken-kaybolan-kisi-araniyor\/\"]}]},{\"@type\":\"BreadcrumbList\",\"@id\":\"http:\/\/denizcankizil.tr\/en\/haberler\/gundem\/mudanyada-balik-tutarken-kaybolan-kisi-araniyor\/#breadcrumb\",\"itemListElement\":[{\"@type\":\"ListItem\",\"position\":1,\"name\":\"Home\",\"item\":\"https:\/\/denizcankizil.tr\/de\/\"},{\"@type\":\"ListItem\",\"position\":2,\"name\":\"Mudanya&#8217;da bal\u0131k tutarken kaybolan ki\u015fi aran\u0131yor\"}]},{\"@type\":\"WebSite\",\"@id\":\"https:\/\/denizcankizil.tr\/de\/#website\",\"url\":\"https:\/\/denizcankizil.tr\/de\/\",\"name\":\"Av. Deniz Can K\u0131z\u0131l\",\"description\":\"Avukat Deniz Can K\u0131z\u0131l Antalya Barosu\",\"publisher\":{\"@id\":\"https:\/\/denizcankizil.tr\/de\/#organization\"},\"potentialAction\":[{\"@type\":\"SearchAction\",\"target\":{\"@type\":\"EntryPoint\",\"urlTemplate\":\"https:\/\/denizcankizil.tr\/de\/?s={search_term_string}\"},\"query-input\":{\"@type\":\"PropertyValueSpecification\",\"valueRequired\":true,\"valueName\":\"search_term_string\"}}],\"inLanguage\":\"en-GB\"},{\"@type\":\"Organization\",\"@id\":\"https:\/\/denizcankizil.tr\/de\/#organization\",\"name\":\"Av. Deniz Can K\u0131z\u0131l\",\"url\":\"https:\/\/denizcankizil.tr\/de\/\",\"logo\":{\"@type\":\"ImageObject\",\"inLanguage\":\"en-GB\",\"@id\":\"https:\/\/denizcankizil.tr\/de\/#\/schema\/logo\/image\/\",\"url\":\"http:\/\/denizcankizil.tr\/wp-content\/uploads\/2024\/10\/siyah-logo-svg.svg\",\"contentUrl\":\"http:\/\/denizcankizil.tr\/wp-content\/uploads\/2024\/10\/siyah-logo-svg.svg\",\"width\":1080,\"height\":1080,\"caption\":\"Av. Deniz Can K\u0131z\u0131l\"},\"image\":{\"@id\":\"https:\/\/denizcankizil.tr\/de\/#\/schema\/logo\/image\/\"}}]}<\/script>\n<!-- \/ Yoast SEO Premium plugin. -->","yoast_head_json":{"title":"Mudanya'da bal\u0131k tutarken kaybolan ki\u015fi aran\u0131yor - Av. Deniz Can K\u0131z\u0131l","robots":{"index":"index","follow":"follow","max-snippet":"max-snippet:-1","max-image-preview":"max-image-preview:large","max-video-preview":"max-video-preview:-1"},"canonical":"http:\/\/denizcankizil.tr\/en\/haberler\/gundem\/mudanyada-balik-tutarken-kaybolan-kisi-araniyor\/","og_locale":"en_GB","og_type":"article","og_title":"Mudanya'da bal\u0131k tutarken kaybolan ki\u015fi aran\u0131yor","og_description":"Bursa&#8217;n\u0131n Mudanya il\u00e7esinde ailesi taraf\u0131ndan kay\u0131p ihbar\u0131 yap\u0131lan ki\u015fi, Pazar g\u00fcn\u00fcnden bu yana 3 g\u00fcnd\u00fcr AFAD ve Deniz Polisi ile Sahil G\u00fcvenlik Komutanl\u0131\u011f\u0131&#8217;na ba\u011fl\u0131 ekipler taraf\u0131ndan denizde aran\u0131yor.BURSA (\u0130GFA) &#8211; Al\u0131nan bilgiye g\u00f6re Mudanya sahilinde bal\u0131k tutarken, denize d\u00fc\u015ferek g\u00f6zden kayboldu\u011fu \u00f6ne s\u00fcr\u00fclen 59 ya\u015f\u0131ndaki R.O.&#8217;yu arama \u00e7al\u0131\u015fmalar\u0131 s\u00fcr\u00fcyor. 22 Aral\u0131k Pazar g\u00fcn\u00fcnden bu yana kendisinden haber al\u0131nmayan ve ailesi taraf\u0131ndan da kay\u0131p ihbar\u0131 yap\u0131lan vatanda\u015f\u0131n, mont, cep telefonu ve n\u00fcfuys c\u00fczdan\u0131n\u0131n sahildeki banklarda olmas\u0131 \u00fczerine ekipler arama \u00e7al\u0131\u015fmalar\u0131n\u0131 o b\u00f6lgedeki sahil kesimde yo\u011funla\u015ft\u0131rd\u0131. \u00c7al\u0131\u015fmalara AFAD Bursa M\u00fcd\u00fcrl\u00fc\u011f\u00fc&#8217;n\u00fcn yan\u0131 s\u0131ra\u00a0Mudanya Deniz Liman\u0131 \u015eube M\u00fcd\u00fcrl\u00fc\u011f\u00fc, Sahil G\u00fcvenlik G\u00fcney Marmara Grup Komutanl\u0131\u011f\u0131 DEGAK \u00d6zel Tim 11 Komutanl\u0131\u011f\u0131 ile Mudanya Belediyesi Arama Kurtarma Birimi&#8217;ne ba\u011fl\u0131 ekipler de kat\u0131ld\u0131. Mudanya Kaymakam\u0131 Ayhan Terzi de, kay\u0131p ki\u015fiye ula\u015f\u0131lmas\u0131 y\u00f6n\u00fcnde ekiplerin \u00e7al\u0131\u015fmalar\u0131n\u0131 yerinde inceledi. \u200bBursa&#8217;n\u0131n Mudanya il\u00e7esinde ailesi taraf\u0131ndan kay\u0131p ihbar\u0131 yap\u0131lan ki\u015fi, Pazar g\u00fcn\u00fcnden bu yana 3 g\u00fcnd\u00fcr AFAD ve Deniz Polisi ile Sahil G\u00fcvenlik Komutanl\u0131\u011f\u0131&#8217;na ba\u011fl\u0131 ekipler taraf\u0131ndan denizde aran\u0131yor.BURSA (\u0130GFA) &#8211; Al\u0131nan bilgiye g\u00f6re Mudanya sahilinde bal\u0131k tutarken, denize d\u00fc\u015ferek g\u00f6zden kayboldu\u011fu \u00f6ne s\u00fcr\u00fclen 59 ya\u015f\u0131ndaki R.O.&#8217;yu arama \u00e7al\u0131\u015fmalar\u0131 s\u00fcr\u00fcyor. 22 Aral\u0131k Pazar g\u00fcn\u00fcnden bu yana kendisinden haber al\u0131nmayan ve ailesi taraf\u0131ndan da kay\u0131p ihbar\u0131 yap\u0131lan vatanda\u015f\u0131n, mont, cep telefonu ve n\u00fcfuys c\u00fczdan\u0131n\u0131n &hellip;","og_url":"http:\/\/denizcankizil.tr\/en\/haberler\/gundem\/mudanyada-balik-tutarken-kaybolan-kisi-araniyor\/","og_site_name":"Av. Deniz Can K\u0131z\u0131l","article_published_time":"2024-12-24T15:41:33+00:00","twitter_card":"summary_large_image","twitter_misc":{"Estimated reading time":"2 minutes"},"schema":{"@context":"https:\/\/schema.org","@graph":[{"@type":"Article","@id":"http:\/\/denizcankizil.tr\/en\/haberler\/gundem\/mudanyada-balik-tutarken-kaybolan-kisi-araniyor\/#article","isPartOf":{"@id":"http:\/\/denizcankizil.tr\/en\/haberler\/gundem\/mudanyada-balik-tutarken-kaybolan-kisi-araniyor\/"},"author":{"name":"","@id":""},"headline":"Mudanya&#8217;da bal\u0131k tutarken kaybolan ki\u015fi aran\u0131yor","datePublished":"2024-12-24T15:41:33+00:00","mainEntityOfPage":{"@id":"http:\/\/denizcankizil.tr\/en\/haberler\/gundem\/mudanyada-balik-tutarken-kaybolan-kisi-araniyor\/"},"wordCount":406,"commentCount":0,"publisher":{"@id":"https:\/\/denizcankizil.tr\/de\/#organization"},"articleSection":["G\u00fcndem","Uncategorized"],"inLanguage":"en-GB","potentialAction":[{"@type":"CommentAction","name":"Comment","target":["http:\/\/denizcankizil.tr\/en\/haberler\/gundem\/mudanyada-balik-tutarken-kaybolan-kisi-araniyor\/#respond"]}]},{"@type":"WebPage","@id":"http:\/\/denizcankizil.tr\/en\/haberler\/gundem\/mudanyada-balik-tutarken-kaybolan-kisi-araniyor\/","url":"http:\/\/denizcankizil.tr\/en\/haberler\/gundem\/mudanyada-balik-tutarken-kaybolan-kisi-araniyor\/","name":"Mudanya'da bal\u0131k tutarken kaybolan ki\u015fi aran\u0131yor - Av. Deniz Can K\u0131z\u0131l","isPartOf":{"@id":"https:\/\/denizcankizil.tr\/de\/#website"},"datePublished":"2024-12-24T15:41:33+00:00","breadcrumb":{"@id":"http:\/\/denizcankizil.tr\/en\/haberler\/gundem\/mudanyada-balik-tutarken-kaybolan-kisi-araniyor\/#breadcrumb"},"inLanguage":"en-GB","potentialAction":[{"@type":"ReadAction","target":["http:\/\/denizcankizil.tr\/en\/haberler\/gundem\/mudanyada-balik-tutarken-kaybolan-kisi-araniyor\/"]}]},{"@type":"BreadcrumbList","@id":"http:\/\/denizcankizil.tr\/en\/haberler\/gundem\/mudanyada-balik-tutarken-kaybolan-kisi-araniyor\/#breadcrumb","itemListElement":[{"@type":"ListItem","position":1,"name":"Home","item":"https:\/\/denizcankizil.tr\/de\/"},{"@type":"ListItem","position":2,"name":"Mudanya&#8217;da bal\u0131k tutarken kaybolan ki\u015fi aran\u0131yor"}]},{"@type":"WebSite","@id":"https:\/\/denizcankizil.tr\/de\/#website","url":"https:\/\/denizcankizil.tr\/de\/","name":"Av. Deniz Can K\u0131z\u0131l","description":"Avukat Deniz Can K\u0131z\u0131l Antalya Barosu","publisher":{"@id":"https:\/\/denizcankizil.tr\/de\/#organization"},"potentialAction":[{"@type":"SearchAction","target":{"@type":"EntryPoint","urlTemplate":"https:\/\/denizcankizil.tr\/de\/?s={search_term_string}"},"query-input":{"@type":"PropertyValueSpecification","valueRequired":true,"valueName":"search_term_string"}}],"inLanguage":"en-GB"},{"@type":"Organization","@id":"https:\/\/denizcankizil.tr\/de\/#organization","name":"Av. Deniz Can K\u0131z\u0131l","url":"https:\/\/denizcankizil.tr\/de\/","logo":{"@type":"ImageObject","inLanguage":"en-GB","@id":"https:\/\/denizcankizil.tr\/de\/#\/schema\/logo\/image\/","url":"http:\/\/denizcankizil.tr\/wp-content\/uploads\/2024\/10\/siyah-logo-svg.svg","contentUrl":"http:\/\/denizcankizil.tr\/wp-content\/uploads\/2024\/10\/siyah-logo-svg.svg","width":1080,"height":1080,"caption":"Av. Deniz Can K\u0131z\u0131l"},"image":{"@id":"https:\/\/denizcankizil.tr\/de\/#\/schema\/logo\/image\/"}}]}},"_links":{"self":[{"href":"http:\/\/denizcankizil.tr\/en\/wp-json\/wp\/v2\/posts\/22049","targetHints":{"allow":["GET"]}}],"collection":[{"href":"http:\/\/denizcankizil.tr\/en\/wp-json\/wp\/v2\/posts"}],"about":[{"href":"http:\/\/denizcankizil.tr\/en\/wp-json\/wp\/v2\/types\/post"}],"replies":[{"embeddable":true,"href":"http:\/\/denizcankizil.tr\/en\/wp-json\/wp\/v2\/comments?post=22049"}],"version-history":[{"count":0,"href":"http:\/\/denizcankizil.tr\/en\/wp-json\/wp\/v2\/posts\/22049\/revisions"}],"wp:attachment":[{"href":"http:\/\/denizcankizil.tr\/en\/wp-json\/wp\/v2\/media?parent=22049"}],"wp:term":[{"taxonomy":"category","embeddable":true,"href":"http:\/\/denizcankizil.tr\/en\/wp-json\/wp\/v2\/categories?post=22049"},{"taxonomy":"post_tag","embeddable":true,"href":"http:\/\/denizcankizil.tr\/en\/wp-json\/wp\/v2\/tags?post=22049"}],"curies":[{"name":"wp","href":"https:\/\/api.w.org\/{rel}","templated":true}]}}