{"id":22009,"date":"2024-12-24T13:42:08","date_gmt":"2024-12-24T10:42:08","guid":{"rendered":"https:\/\/denizcankizil.tr\/uncategorized-tr\/kocaelide-kulaklarin-pasi-silinecek\/"},"modified":"2024-12-24T13:42:08","modified_gmt":"2024-12-24T10:42:08","slug":"kocaelide-kulaklarin-pasi-silinecek","status":"publish","type":"post","link":"http:\/\/denizcankizil.tr\/en\/haberler\/gundem\/kocaelide-kulaklarin-pasi-silinecek\/","title":{"rendered":"Kocaeli&#8217;de kulaklar\u0131n pas\u0131 silinecek"},"content":{"rendered":"<p>Kocaeli B\u00fcy\u00fck\u015fehir Belediyesi Konservatuvar\u0131 Oda Orkestras\u0131, yeni y\u0131la say\u0131l\u0131 g\u00fcnler kala unutulmayacak bir konsere imza atmaya haz\u0131rlan\u0131yorKOCAEL\u0130 (\u0130GFA) &#8211;\u00a0Kocaeli B\u00fcy\u00fck\u015fehir Konservatuvar\u0131 Oda Orkestras\u0131, \u201cA\u015fk-\u0131 Memnu\u201d, \u201cYaprak D\u00f6k\u00fcm\u00fc\u201d ve \u201cEzel\u201d gibi dizilerin m\u00fcziklerini yapan Toygar I\u015f\u0131kl\u0131\u2019n\u0131n eserlerini senfonik ortamda yorumlayacak.<br \/>\nSENFON\u0130K ORTAMDA YORUMLANACAK<br \/>\nKocaeli B\u00fcy\u00fck\u015fehir Belediyesi 2024 y\u0131l\u0131n\u0131 Kocaelili sanatseverler i\u00e7in d\u00fczenleyece\u011fi muhte\u015fem bir konser ile u\u011furlayacak. \u201cOda Orkestras\u0131 Toygar I\u015f\u0131kl\u0131 Dizi M\u00fczikleri Senfonik\u201d konseri 26 Aral\u0131k Per\u015fembe ak\u015fam\u0131 saat 20.00\u2019de Kocaeli Kongre Merkezi\u2019nde ger\u00e7ekle\u015ftirilecek. Konserde; \u201cA\u015fk-\u0131 Memnu\u201d, \u201cYaprak D\u00f6k\u00fcm\u00fc\u201d, \u201cEzel\u201d, \u201c\u00c7ukur\u201d ve daha bir\u00e7ok diziye yapt\u0131\u011f\u0131 m\u00fcziklerle tan\u0131nan \u00fcnl\u00fc besteci Toygar I\u015f\u0131kl\u0131\u2019n\u0131n eserleri seslendirilecek. Hala izlenme rekorlar\u0131 k\u0131ran dizilerin ayn\u0131 zamanda efsane haline gelmi\u015f m\u00fczikleri ilk kez bir T\u00fcrk Orkestras\u0131 taraf\u0131ndan senfonik ortamda yorumlanacak.<br \/>\nBU KENT\u0130N YET\u0130\u015eD\u0130RD\u0130\u011e\u0130 DE\u011eER<br \/>\n\u015eef Engin \u015een y\u00f6netimindeki B\u00fcy\u00fck\u015fehir Belediyesi Konservatuvar\u0131 Oda Orkestras\u0131\u2019na vokalde Cansu Ayd\u0131nmakina ile Rock Band &amp; T\u00fcrk Sazlar\u0131 e\u015flik edecek. Konser i\u00e7erisinde dizilerin sahnelerinden g\u00f6r\u00fcnt\u00fcler de sunulacak. G\u00f6lc\u00fck\u2019te do\u011fup b\u00fcy\u00fcyen ve Kocaeli\u2019ne her zaman b\u00fcy\u00fck sevgi ile ba\u011fl\u0131 olan Toygar I\u015f\u0131kl\u0131, B\u00fcy\u00fck\u015fehir Belediye Konservatuvar\u0131 Oda Orkestras\u0131\u2019n\u0131n bestelerini seslendirmekten b\u00fcy\u00fck mutluluk duyaca\u011f\u0131n\u0131 dile getirdi.<br \/>\n\u0130LK KEZ B\u0130R T\u00dcRK ORKESTRASI YORUMLAYACAK<br \/>\nSadece kendisinin se\u00e7ti\u011fi ve yurt d\u0131\u015f\u0131ndaki \u00f6nemli orkestralar taraf\u0131ndan seslendirilmesine m\u00fcsaade edilen dizi m\u00fczikleri, sevilen bestecinin Kocaeli B\u00fcy\u00fck\u015fehir Belediye Orkestras\u0131\u2019na verdi\u011fi onay ile T\u00fcrkiye\u2019de de bir ilke vesile olacak. Toygar I\u015f\u0131kl\u0131\u2019n\u0131n eserleri bu sayede ilk kez bir T\u00fcrk Orkestras\u0131 taraf\u0131ndan senfonik bir ortamda yorumlanacak.<\/p>\n<p>\u200bKocaeli B\u00fcy\u00fck\u015fehir Belediyesi Konservatuvar\u0131 Oda Orkestras\u0131, yeni y\u0131la say\u0131l\u0131 g\u00fcnler kala unutulmayacak bir konsere imza atmaya haz\u0131rlan\u0131yorKOCAEL\u0130 (\u0130GFA) &#8211;\u00a0Kocaeli B\u00fcy\u00fck\u015fehir Konservatuvar\u0131 Oda Orkestras\u0131, \u201cA\u015fk-\u0131 Memnu\u201d, \u201cYaprak D\u00f6k\u00fcm\u00fc\u201d ve \u201cEzel\u201d gibi dizilerin m\u00fcziklerini yapan Toygar I\u015f\u0131kl\u0131\u2019n\u0131n eserlerini senfonik ortamda yorumlayacak.<br \/>\nSENFON\u0130K ORTAMDA YORUMLANACAK<br \/>\nKocaeli B\u00fcy\u00fck\u015fehir Belediyesi 2024 y\u0131l\u0131n\u0131 Kocaelili sanatseverler i\u00e7in d\u00fczenleyece\u011fi muhte\u015fem bir konser ile u\u011furlayacak. \u201cOda Orkestras\u0131 Toygar I\u015f\u0131kl\u0131 Dizi M\u00fczikleri Senfonik\u201d konseri 26 Aral\u0131k Per\u015fembe ak\u015fam\u0131 saat 20.00\u2019de Kocaeli Kongre Merkezi\u2019nde ger\u00e7ekle\u015ftirilecek. Konserde; \u201cA\u015fk-\u0131 Memnu\u201d, \u201cYaprak D\u00f6k\u00fcm\u00fc\u201d, \u201cEzel\u201d, \u201c\u00c7ukur\u201d ve daha bir\u00e7ok diziye yapt\u0131\u011f\u0131 m\u00fcziklerle tan\u0131nan \u00fcnl\u00fc besteci Toygar I\u015f\u0131kl\u0131\u2019n\u0131n eserleri seslendirilecek. Hala izlenme rekorlar\u0131 k\u0131ran dizilerin ayn\u0131 zamanda efsane haline gelmi\u015f m\u00fczikleri ilk kez bir T\u00fcrk Orkestras\u0131 taraf\u0131ndan senfonik ortamda yorumlanacak.<br \/>\nBU KENT\u0130N YET\u0130\u015eD\u0130RD\u0130\u011e\u0130 DE\u011eER<br \/>\n\u015eef Engin \u015een y\u00f6netimindeki B\u00fcy\u00fck\u015fehir Belediyesi Konservatuvar\u0131 Oda Orkestras\u0131\u2019na vokalde Cansu Ayd\u0131nmakina ile Rock Band &amp; T\u00fcrk Sazlar\u0131 e\u015flik edecek. Konser i\u00e7erisinde dizilerin sahnelerinden g\u00f6r\u00fcnt\u00fcler de sunulacak. G\u00f6lc\u00fck\u2019te do\u011fup b\u00fcy\u00fcyen ve Kocaeli\u2019ne her zaman b\u00fcy\u00fck sevgi ile ba\u011fl\u0131 olan Toygar I\u015f\u0131kl\u0131, B\u00fcy\u00fck\u015fehir Belediye Konservatuvar\u0131 Oda Orkestras\u0131\u2019n\u0131n bestelerini seslendirmekten b\u00fcy\u00fck mutluluk duyaca\u011f\u0131n\u0131 dile getirdi.<br \/>\n\u0130LK KEZ B\u0130R T\u00dcRK ORKESTRASI YORUMLAYACAK<br \/>\nSadece kendisinin se\u00e7ti\u011fi ve yurt d\u0131\u015f\u0131ndaki \u00f6nemli orkestralar taraf\u0131ndan seslendirilmesine m\u00fcsaade edilen dizi m\u00fczikleri, sevilen bestecinin Kocaeli B\u00fcy\u00fck\u015fehir Belediye Orkestras\u0131\u2019na verdi\u011fi onay ile T\u00fcrkiye\u2019de de bir ilke vesile olacak. Toygar I\u015f\u0131kl\u0131\u2019n\u0131n eserleri bu sayede ilk kez bir T\u00fcrk Orkestras\u0131 taraf\u0131ndan senfonik bir ortamda yorumlanacak.\u00a0<\/p>\n<p>\u200bHaberin Al\u0131nt\u0131land\u0131\u011f\u0131 Kaynak: www.iskenderun.org<\/p>","protected":false},"excerpt":{"rendered":"<p>Kocaeli B\u00fcy\u00fck\u015fehir Belediyesi Konservatuvar\u0131 Oda Orkestras\u0131, yeni y\u0131la say\u0131l\u0131 g\u00fcnler kala unutulmayacak bir konsere imza atmaya haz\u0131rlan\u0131yorKOCAEL\u0130 (\u0130GFA) &#8211;\u00a0Kocaeli B\u00fcy\u00fck\u015fehir Konservatuvar\u0131 Oda Orkestras\u0131, \u201cA\u015fk-\u0131 Memnu\u201d, \u201cYaprak D\u00f6k\u00fcm\u00fc\u201d ve \u201cEzel\u201d gibi dizilerin m\u00fcziklerini yapan Toygar I\u015f\u0131kl\u0131\u2019n\u0131n eserlerini senfonik ortamda yorumlayacak. SENFON\u0130K ORTAMDA YORUMLANACAK Kocaeli B\u00fcy\u00fck\u015fehir Belediyesi 2024 y\u0131l\u0131n\u0131 Kocaelili sanatseverler i\u00e7in d\u00fczenleyece\u011fi muhte\u015fem bir konser ile u\u011furlayacak. \u201cOda Orkestras\u0131 Toygar I\u015f\u0131kl\u0131 Dizi M\u00fczikleri Senfonik\u201d konseri 26 Aral\u0131k Per\u015fembe ak\u015fam\u0131 saat 20.00\u2019de Kocaeli Kongre Merkezi\u2019nde ger\u00e7ekle\u015ftirilecek. Konserde; \u201cA\u015fk-\u0131 Memnu\u201d, \u201cYaprak D\u00f6k\u00fcm\u00fc\u201d, \u201cEzel\u201d, \u201c\u00c7ukur\u201d ve daha bir\u00e7ok diziye yapt\u0131\u011f\u0131 m\u00fcziklerle tan\u0131nan \u00fcnl\u00fc besteci Toygar I\u015f\u0131kl\u0131\u2019n\u0131n eserleri seslendirilecek. Hala izlenme rekorlar\u0131 k\u0131ran dizilerin ayn\u0131 zamanda efsane haline gelmi\u015f m\u00fczikleri ilk kez bir T\u00fcrk Orkestras\u0131 taraf\u0131ndan senfonik ortamda yorumlanacak. BU KENT\u0130N YET\u0130\u015eD\u0130RD\u0130\u011e\u0130 DE\u011eER \u015eef Engin \u015een y\u00f6netimindeki B\u00fcy\u00fck\u015fehir Belediyesi Konservatuvar\u0131 Oda Orkestras\u0131\u2019na vokalde Cansu Ayd\u0131nmakina ile Rock Band &amp; T\u00fcrk Sazlar\u0131 e\u015flik edecek. Konser i\u00e7erisinde dizilerin sahnelerinden g\u00f6r\u00fcnt\u00fcler de sunulacak. G\u00f6lc\u00fck\u2019te do\u011fup b\u00fcy\u00fcyen ve Kocaeli\u2019ne her zaman b\u00fcy\u00fck sevgi ile ba\u011fl\u0131 olan Toygar I\u015f\u0131kl\u0131, B\u00fcy\u00fck\u015fehir Belediye Konservatuvar\u0131 Oda Orkestras\u0131\u2019n\u0131n bestelerini seslendirmekten b\u00fcy\u00fck mutluluk duyaca\u011f\u0131n\u0131 dile getirdi. \u0130LK KEZ B\u0130R T\u00dcRK ORKESTRASI YORUMLAYACAK Sadece kendisinin se\u00e7ti\u011fi ve yurt d\u0131\u015f\u0131ndaki \u00f6nemli orkestralar taraf\u0131ndan seslendirilmesine m\u00fcsaade edilen dizi m\u00fczikleri, sevilen bestecinin Kocaeli B\u00fcy\u00fck\u015fehir Belediye Orkestras\u0131\u2019na verdi\u011fi onay ile &hellip;<\/p>","protected":false},"author":0,"featured_media":0,"comment_status":"open","ping_status":"open","sticky":false,"template":"","format":"standard","meta":{"_acf_changed":false,"footnotes":""},"categories":[24,535],"tags":[],"class_list":["post-22009","post","type-post","status-publish","format-standard","has-post-thumbnail","hentry","category-gundem","category-uncategorized-tr"],"acf":[],"yoast_head":"<!-- This site is optimized with the Yoast SEO Premium plugin v26.6 (Yoast SEO v27.1.1) - https:\/\/yoast.com\/product\/yoast-seo-premium-wordpress\/ -->\n<title>Kocaeli&#039;de kulaklar\u0131n pas\u0131 silinecek - Av. Deniz Can K\u0131z\u0131l<\/title>\n<meta name=\"robots\" content=\"index, follow, max-snippet:-1, max-image-preview:large, max-video-preview:-1\" \/>\n<link rel=\"canonical\" href=\"http:\/\/denizcankizil.tr\/en\/haberler\/gundem\/kocaelide-kulaklarin-pasi-silinecek\/\" \/>\n<meta property=\"og:locale\" content=\"en_GB\" \/>\n<meta property=\"og:type\" content=\"article\" \/>\n<meta property=\"og:title\" content=\"Kocaeli&#039;de kulaklar\u0131n pas\u0131 silinecek\" \/>\n<meta property=\"og:description\" content=\"Kocaeli B\u00fcy\u00fck\u015fehir Belediyesi Konservatuvar\u0131 Oda Orkestras\u0131, yeni y\u0131la say\u0131l\u0131 g\u00fcnler kala unutulmayacak bir konsere imza atmaya haz\u0131rlan\u0131yorKOCAEL\u0130 (\u0130GFA) &#8211;\u00a0Kocaeli B\u00fcy\u00fck\u015fehir Konservatuvar\u0131 Oda Orkestras\u0131, \u201cA\u015fk-\u0131 Memnu\u201d, \u201cYaprak D\u00f6k\u00fcm\u00fc\u201d ve \u201cEzel\u201d gibi dizilerin m\u00fcziklerini yapan Toygar I\u015f\u0131kl\u0131\u2019n\u0131n eserlerini senfonik ortamda yorumlayacak. SENFON\u0130K ORTAMDA YORUMLANACAK Kocaeli B\u00fcy\u00fck\u015fehir Belediyesi 2024 y\u0131l\u0131n\u0131 Kocaelili sanatseverler i\u00e7in d\u00fczenleyece\u011fi muhte\u015fem bir konser ile u\u011furlayacak. \u201cOda Orkestras\u0131 Toygar I\u015f\u0131kl\u0131 Dizi M\u00fczikleri Senfonik\u201d konseri 26 Aral\u0131k Per\u015fembe ak\u015fam\u0131 saat 20.00\u2019de Kocaeli Kongre Merkezi\u2019nde ger\u00e7ekle\u015ftirilecek. Konserde; \u201cA\u015fk-\u0131 Memnu\u201d, \u201cYaprak D\u00f6k\u00fcm\u00fc\u201d, \u201cEzel\u201d, \u201c\u00c7ukur\u201d ve daha bir\u00e7ok diziye yapt\u0131\u011f\u0131 m\u00fcziklerle tan\u0131nan \u00fcnl\u00fc besteci Toygar I\u015f\u0131kl\u0131\u2019n\u0131n eserleri seslendirilecek. Hala izlenme rekorlar\u0131 k\u0131ran dizilerin ayn\u0131 zamanda efsane haline gelmi\u015f m\u00fczikleri ilk kez bir T\u00fcrk Orkestras\u0131 taraf\u0131ndan senfonik ortamda yorumlanacak. BU KENT\u0130N YET\u0130\u015eD\u0130RD\u0130\u011e\u0130 DE\u011eER \u015eef Engin \u015een y\u00f6netimindeki B\u00fcy\u00fck\u015fehir Belediyesi Konservatuvar\u0131 Oda Orkestras\u0131\u2019na vokalde Cansu Ayd\u0131nmakina ile Rock Band &amp; T\u00fcrk Sazlar\u0131 e\u015flik edecek. Konser i\u00e7erisinde dizilerin sahnelerinden g\u00f6r\u00fcnt\u00fcler de sunulacak. G\u00f6lc\u00fck\u2019te do\u011fup b\u00fcy\u00fcyen ve Kocaeli\u2019ne her zaman b\u00fcy\u00fck sevgi ile ba\u011fl\u0131 olan Toygar I\u015f\u0131kl\u0131, B\u00fcy\u00fck\u015fehir Belediye Konservatuvar\u0131 Oda Orkestras\u0131\u2019n\u0131n bestelerini seslendirmekten b\u00fcy\u00fck mutluluk duyaca\u011f\u0131n\u0131 dile getirdi. \u0130LK KEZ B\u0130R T\u00dcRK ORKESTRASI YORUMLAYACAK Sadece kendisinin se\u00e7ti\u011fi ve yurt d\u0131\u015f\u0131ndaki \u00f6nemli orkestralar taraf\u0131ndan seslendirilmesine m\u00fcsaade edilen dizi m\u00fczikleri, sevilen bestecinin Kocaeli B\u00fcy\u00fck\u015fehir Belediye Orkestras\u0131\u2019na verdi\u011fi onay ile &hellip;\" \/>\n<meta property=\"og:url\" content=\"http:\/\/denizcankizil.tr\/en\/haberler\/gundem\/kocaelide-kulaklarin-pasi-silinecek\/\" \/>\n<meta property=\"og:site_name\" content=\"Av. Deniz Can K\u0131z\u0131l\" \/>\n<meta property=\"article:published_time\" content=\"2024-12-24T10:42:08+00:00\" \/>\n<meta name=\"twitter:card\" content=\"summary_large_image\" \/>\n<meta name=\"twitter:label1\" content=\"Estimated reading time\" \/>\n\t<meta name=\"twitter:data1\" content=\"3 minutes\" \/>\n<script type=\"application\/ld+json\" class=\"yoast-schema-graph\">{\"@context\":\"https:\/\/schema.org\",\"@graph\":[{\"@type\":\"Article\",\"@id\":\"http:\/\/denizcankizil.tr\/en\/haberler\/gundem\/kocaelide-kulaklarin-pasi-silinecek\/#article\",\"isPartOf\":{\"@id\":\"http:\/\/denizcankizil.tr\/en\/haberler\/gundem\/kocaelide-kulaklarin-pasi-silinecek\/\"},\"author\":{\"name\":\"\",\"@id\":\"\"},\"headline\":\"Kocaeli&#8217;de kulaklar\u0131n pas\u0131 silinecek\",\"datePublished\":\"2024-12-24T10:42:08+00:00\",\"mainEntityOfPage\":{\"@id\":\"http:\/\/denizcankizil.tr\/en\/haberler\/gundem\/kocaelide-kulaklarin-pasi-silinecek\/\"},\"wordCount\":664,\"commentCount\":0,\"publisher\":{\"@id\":\"https:\/\/denizcankizil.tr\/de\/#organization\"},\"articleSection\":[\"G\u00fcndem\",\"Uncategorized\"],\"inLanguage\":\"en-GB\",\"potentialAction\":[{\"@type\":\"CommentAction\",\"name\":\"Comment\",\"target\":[\"http:\/\/denizcankizil.tr\/en\/haberler\/gundem\/kocaelide-kulaklarin-pasi-silinecek\/#respond\"]}]},{\"@type\":\"WebPage\",\"@id\":\"http:\/\/denizcankizil.tr\/en\/haberler\/gundem\/kocaelide-kulaklarin-pasi-silinecek\/\",\"url\":\"http:\/\/denizcankizil.tr\/en\/haberler\/gundem\/kocaelide-kulaklarin-pasi-silinecek\/\",\"name\":\"Kocaeli'de kulaklar\u0131n pas\u0131 silinecek - Av. Deniz Can K\u0131z\u0131l\",\"isPartOf\":{\"@id\":\"https:\/\/denizcankizil.tr\/de\/#website\"},\"datePublished\":\"2024-12-24T10:42:08+00:00\",\"breadcrumb\":{\"@id\":\"http:\/\/denizcankizil.tr\/en\/haberler\/gundem\/kocaelide-kulaklarin-pasi-silinecek\/#breadcrumb\"},\"inLanguage\":\"en-GB\",\"potentialAction\":[{\"@type\":\"ReadAction\",\"target\":[\"http:\/\/denizcankizil.tr\/en\/haberler\/gundem\/kocaelide-kulaklarin-pasi-silinecek\/\"]}]},{\"@type\":\"BreadcrumbList\",\"@id\":\"http:\/\/denizcankizil.tr\/en\/haberler\/gundem\/kocaelide-kulaklarin-pasi-silinecek\/#breadcrumb\",\"itemListElement\":[{\"@type\":\"ListItem\",\"position\":1,\"name\":\"Home\",\"item\":\"https:\/\/denizcankizil.tr\/de\/\"},{\"@type\":\"ListItem\",\"position\":2,\"name\":\"Kocaeli&#8217;de kulaklar\u0131n pas\u0131 silinecek\"}]},{\"@type\":\"WebSite\",\"@id\":\"https:\/\/denizcankizil.tr\/de\/#website\",\"url\":\"https:\/\/denizcankizil.tr\/de\/\",\"name\":\"Av. Deniz Can K\u0131z\u0131l\",\"description\":\"Avukat Deniz Can K\u0131z\u0131l Antalya Barosu\",\"publisher\":{\"@id\":\"https:\/\/denizcankizil.tr\/de\/#organization\"},\"potentialAction\":[{\"@type\":\"SearchAction\",\"target\":{\"@type\":\"EntryPoint\",\"urlTemplate\":\"https:\/\/denizcankizil.tr\/de\/?s={search_term_string}\"},\"query-input\":{\"@type\":\"PropertyValueSpecification\",\"valueRequired\":true,\"valueName\":\"search_term_string\"}}],\"inLanguage\":\"en-GB\"},{\"@type\":\"Organization\",\"@id\":\"https:\/\/denizcankizil.tr\/de\/#organization\",\"name\":\"Av. Deniz Can K\u0131z\u0131l\",\"url\":\"https:\/\/denizcankizil.tr\/de\/\",\"logo\":{\"@type\":\"ImageObject\",\"inLanguage\":\"en-GB\",\"@id\":\"https:\/\/denizcankizil.tr\/de\/#\/schema\/logo\/image\/\",\"url\":\"http:\/\/denizcankizil.tr\/wp-content\/uploads\/2024\/10\/siyah-logo-svg.svg\",\"contentUrl\":\"http:\/\/denizcankizil.tr\/wp-content\/uploads\/2024\/10\/siyah-logo-svg.svg\",\"width\":1080,\"height\":1080,\"caption\":\"Av. Deniz Can K\u0131z\u0131l\"},\"image\":{\"@id\":\"https:\/\/denizcankizil.tr\/de\/#\/schema\/logo\/image\/\"}}]}<\/script>\n<!-- \/ Yoast SEO Premium plugin. -->","yoast_head_json":{"title":"Kocaeli'de kulaklar\u0131n pas\u0131 silinecek - Av. Deniz Can K\u0131z\u0131l","robots":{"index":"index","follow":"follow","max-snippet":"max-snippet:-1","max-image-preview":"max-image-preview:large","max-video-preview":"max-video-preview:-1"},"canonical":"http:\/\/denizcankizil.tr\/en\/haberler\/gundem\/kocaelide-kulaklarin-pasi-silinecek\/","og_locale":"en_GB","og_type":"article","og_title":"Kocaeli'de kulaklar\u0131n pas\u0131 silinecek","og_description":"Kocaeli B\u00fcy\u00fck\u015fehir Belediyesi Konservatuvar\u0131 Oda Orkestras\u0131, yeni y\u0131la say\u0131l\u0131 g\u00fcnler kala unutulmayacak bir konsere imza atmaya haz\u0131rlan\u0131yorKOCAEL\u0130 (\u0130GFA) &#8211;\u00a0Kocaeli B\u00fcy\u00fck\u015fehir Konservatuvar\u0131 Oda Orkestras\u0131, \u201cA\u015fk-\u0131 Memnu\u201d, \u201cYaprak D\u00f6k\u00fcm\u00fc\u201d ve \u201cEzel\u201d gibi dizilerin m\u00fcziklerini yapan Toygar I\u015f\u0131kl\u0131\u2019n\u0131n eserlerini senfonik ortamda yorumlayacak. SENFON\u0130K ORTAMDA YORUMLANACAK Kocaeli B\u00fcy\u00fck\u015fehir Belediyesi 2024 y\u0131l\u0131n\u0131 Kocaelili sanatseverler i\u00e7in d\u00fczenleyece\u011fi muhte\u015fem bir konser ile u\u011furlayacak. \u201cOda Orkestras\u0131 Toygar I\u015f\u0131kl\u0131 Dizi M\u00fczikleri Senfonik\u201d konseri 26 Aral\u0131k Per\u015fembe ak\u015fam\u0131 saat 20.00\u2019de Kocaeli Kongre Merkezi\u2019nde ger\u00e7ekle\u015ftirilecek. Konserde; \u201cA\u015fk-\u0131 Memnu\u201d, \u201cYaprak D\u00f6k\u00fcm\u00fc\u201d, \u201cEzel\u201d, \u201c\u00c7ukur\u201d ve daha bir\u00e7ok diziye yapt\u0131\u011f\u0131 m\u00fcziklerle tan\u0131nan \u00fcnl\u00fc besteci Toygar I\u015f\u0131kl\u0131\u2019n\u0131n eserleri seslendirilecek. Hala izlenme rekorlar\u0131 k\u0131ran dizilerin ayn\u0131 zamanda efsane haline gelmi\u015f m\u00fczikleri ilk kez bir T\u00fcrk Orkestras\u0131 taraf\u0131ndan senfonik ortamda yorumlanacak. BU KENT\u0130N YET\u0130\u015eD\u0130RD\u0130\u011e\u0130 DE\u011eER \u015eef Engin \u015een y\u00f6netimindeki B\u00fcy\u00fck\u015fehir Belediyesi Konservatuvar\u0131 Oda Orkestras\u0131\u2019na vokalde Cansu Ayd\u0131nmakina ile Rock Band &amp; T\u00fcrk Sazlar\u0131 e\u015flik edecek. Konser i\u00e7erisinde dizilerin sahnelerinden g\u00f6r\u00fcnt\u00fcler de sunulacak. G\u00f6lc\u00fck\u2019te do\u011fup b\u00fcy\u00fcyen ve Kocaeli\u2019ne her zaman b\u00fcy\u00fck sevgi ile ba\u011fl\u0131 olan Toygar I\u015f\u0131kl\u0131, B\u00fcy\u00fck\u015fehir Belediye Konservatuvar\u0131 Oda Orkestras\u0131\u2019n\u0131n bestelerini seslendirmekten b\u00fcy\u00fck mutluluk duyaca\u011f\u0131n\u0131 dile getirdi. \u0130LK KEZ B\u0130R T\u00dcRK ORKESTRASI YORUMLAYACAK Sadece kendisinin se\u00e7ti\u011fi ve yurt d\u0131\u015f\u0131ndaki \u00f6nemli orkestralar taraf\u0131ndan seslendirilmesine m\u00fcsaade edilen dizi m\u00fczikleri, sevilen bestecinin Kocaeli B\u00fcy\u00fck\u015fehir Belediye Orkestras\u0131\u2019na verdi\u011fi onay ile &hellip;","og_url":"http:\/\/denizcankizil.tr\/en\/haberler\/gundem\/kocaelide-kulaklarin-pasi-silinecek\/","og_site_name":"Av. Deniz Can K\u0131z\u0131l","article_published_time":"2024-12-24T10:42:08+00:00","twitter_card":"summary_large_image","twitter_misc":{"Estimated reading time":"3 minutes"},"schema":{"@context":"https:\/\/schema.org","@graph":[{"@type":"Article","@id":"http:\/\/denizcankizil.tr\/en\/haberler\/gundem\/kocaelide-kulaklarin-pasi-silinecek\/#article","isPartOf":{"@id":"http:\/\/denizcankizil.tr\/en\/haberler\/gundem\/kocaelide-kulaklarin-pasi-silinecek\/"},"author":{"name":"","@id":""},"headline":"Kocaeli&#8217;de kulaklar\u0131n pas\u0131 silinecek","datePublished":"2024-12-24T10:42:08+00:00","mainEntityOfPage":{"@id":"http:\/\/denizcankizil.tr\/en\/haberler\/gundem\/kocaelide-kulaklarin-pasi-silinecek\/"},"wordCount":664,"commentCount":0,"publisher":{"@id":"https:\/\/denizcankizil.tr\/de\/#organization"},"articleSection":["G\u00fcndem","Uncategorized"],"inLanguage":"en-GB","potentialAction":[{"@type":"CommentAction","name":"Comment","target":["http:\/\/denizcankizil.tr\/en\/haberler\/gundem\/kocaelide-kulaklarin-pasi-silinecek\/#respond"]}]},{"@type":"WebPage","@id":"http:\/\/denizcankizil.tr\/en\/haberler\/gundem\/kocaelide-kulaklarin-pasi-silinecek\/","url":"http:\/\/denizcankizil.tr\/en\/haberler\/gundem\/kocaelide-kulaklarin-pasi-silinecek\/","name":"Kocaeli'de kulaklar\u0131n pas\u0131 silinecek - Av. Deniz Can K\u0131z\u0131l","isPartOf":{"@id":"https:\/\/denizcankizil.tr\/de\/#website"},"datePublished":"2024-12-24T10:42:08+00:00","breadcrumb":{"@id":"http:\/\/denizcankizil.tr\/en\/haberler\/gundem\/kocaelide-kulaklarin-pasi-silinecek\/#breadcrumb"},"inLanguage":"en-GB","potentialAction":[{"@type":"ReadAction","target":["http:\/\/denizcankizil.tr\/en\/haberler\/gundem\/kocaelide-kulaklarin-pasi-silinecek\/"]}]},{"@type":"BreadcrumbList","@id":"http:\/\/denizcankizil.tr\/en\/haberler\/gundem\/kocaelide-kulaklarin-pasi-silinecek\/#breadcrumb","itemListElement":[{"@type":"ListItem","position":1,"name":"Home","item":"https:\/\/denizcankizil.tr\/de\/"},{"@type":"ListItem","position":2,"name":"Kocaeli&#8217;de kulaklar\u0131n pas\u0131 silinecek"}]},{"@type":"WebSite","@id":"https:\/\/denizcankizil.tr\/de\/#website","url":"https:\/\/denizcankizil.tr\/de\/","name":"Av. Deniz Can K\u0131z\u0131l","description":"Avukat Deniz Can K\u0131z\u0131l Antalya Barosu","publisher":{"@id":"https:\/\/denizcankizil.tr\/de\/#organization"},"potentialAction":[{"@type":"SearchAction","target":{"@type":"EntryPoint","urlTemplate":"https:\/\/denizcankizil.tr\/de\/?s={search_term_string}"},"query-input":{"@type":"PropertyValueSpecification","valueRequired":true,"valueName":"search_term_string"}}],"inLanguage":"en-GB"},{"@type":"Organization","@id":"https:\/\/denizcankizil.tr\/de\/#organization","name":"Av. Deniz Can K\u0131z\u0131l","url":"https:\/\/denizcankizil.tr\/de\/","logo":{"@type":"ImageObject","inLanguage":"en-GB","@id":"https:\/\/denizcankizil.tr\/de\/#\/schema\/logo\/image\/","url":"http:\/\/denizcankizil.tr\/wp-content\/uploads\/2024\/10\/siyah-logo-svg.svg","contentUrl":"http:\/\/denizcankizil.tr\/wp-content\/uploads\/2024\/10\/siyah-logo-svg.svg","width":1080,"height":1080,"caption":"Av. Deniz Can K\u0131z\u0131l"},"image":{"@id":"https:\/\/denizcankizil.tr\/de\/#\/schema\/logo\/image\/"}}]}},"_links":{"self":[{"href":"http:\/\/denizcankizil.tr\/en\/wp-json\/wp\/v2\/posts\/22009","targetHints":{"allow":["GET"]}}],"collection":[{"href":"http:\/\/denizcankizil.tr\/en\/wp-json\/wp\/v2\/posts"}],"about":[{"href":"http:\/\/denizcankizil.tr\/en\/wp-json\/wp\/v2\/types\/post"}],"replies":[{"embeddable":true,"href":"http:\/\/denizcankizil.tr\/en\/wp-json\/wp\/v2\/comments?post=22009"}],"version-history":[{"count":0,"href":"http:\/\/denizcankizil.tr\/en\/wp-json\/wp\/v2\/posts\/22009\/revisions"}],"wp:attachment":[{"href":"http:\/\/denizcankizil.tr\/en\/wp-json\/wp\/v2\/media?parent=22009"}],"wp:term":[{"taxonomy":"category","embeddable":true,"href":"http:\/\/denizcankizil.tr\/en\/wp-json\/wp\/v2\/categories?post=22009"},{"taxonomy":"post_tag","embeddable":true,"href":"http:\/\/denizcankizil.tr\/en\/wp-json\/wp\/v2\/tags?post=22009"}],"curies":[{"name":"wp","href":"https:\/\/api.w.org\/{rel}","templated":true}]}}