{"id":21980,"date":"2024-12-24T10:41:42","date_gmt":"2024-12-24T07:41:42","guid":{"rendered":"https:\/\/denizcankizil.tr\/uncategorized-tr\/scooteri-ikiye-bolup-cipini-cikardilar\/"},"modified":"2024-12-24T10:41:42","modified_gmt":"2024-12-24T07:41:42","slug":"scooteri-ikiye-bolup-cipini-cikardilar","status":"publish","type":"post","link":"http:\/\/denizcankizil.tr\/en\/haberler\/gundem\/scooteri-ikiye-bolup-cipini-cikardilar\/","title":{"rendered":"Scooter\u0131 ikiye b\u00f6l\u00fcp \u00e7ipini \u00e7\u0131kard\u0131lar"},"content":{"rendered":"<p>Antalya trafi\u011finde kullan\u0131m\u0131 olduk\u00e7a yayg\u0131n olan scooterler zaman zaman tehlike yarat\u0131yor. Scooterler kullan\u0131c\u0131lar\u0131n\u0131n geli\u015fig\u00fczel park etmesi de tepki \u00e7ekiyor, Bunlardan biri Kalei\u00e7i Yat Liman\u0131&#8217;nda ya\u015fand\u0131. Limanda\u00a0ikiye yar\u0131lm\u0131\u015f ve takip \u00e7ipi \u00e7\u0131kart\u0131lm\u0131\u015f bir Mart\u0131 scooter bulundu.\u00a0<\/p>\n<p>TAK\u0130P \u00c7\u0130P\u0130 \u00c7IKARTILMI\u015e<\/p>\n<p>Antalya\u2019da Mart\u0131 scooterlerin tamam\u0131 takip alt\u0131nda. Nerede b\u0131rak\u0131l\u0131rsa b\u0131rak\u0131ls\u0131n firma yetkilileri scootere ula\u015fabiliyor.\u00a0Antalya\u2019da y\u00fczlerce Mart\u0131 scooter bulunuyor. Uygulama \u00fczerinde kiralanan scooter i\u015fi bitti\u011finde ise oldu\u011fu yerde b\u0131rak\u0131l\u0131yor. Daha sonra takip \u00e7ipi sayesinde bulunan scooter \u015farj edilmek \u00fczere firmaya g\u00f6t\u00fcr\u00fcl\u00fcyor. Mart\u0131 TAG y\u00f6neticileri Antalya\u2019da bug\u00fcne kadar benzer olaylar\u0131n ya\u015fand\u0131\u011f\u0131n\u0131 ama ilk defa takip \u00e7ipi \u00e7\u0131kart\u0131larak ortadan ikiye ayr\u0131lan scooterle kar\u015f\u0131lad\u0131klar\u0131n\u0131 ifade etti. Kim veya kimlerin yapt\u0131\u011f\u0131 bilinmeyen bu olayla ilgili olarak polis soru\u015fturma ba\u015flatt\u0131.\u00a0<\/p>\n<p>\u200bAntalya\u2019da kullan\u0131m\u0131 olduk\u00e7a yayg\u0131n olan scooterler \u00f6zellikle geli\u015fig\u00fczel park edilmesiyle tepki \u00e7ekiyor.  Yat Liman\u0131\u2019nda bir Mart\u0131 scooter, ikiye b\u00f6l\u00fcnm\u00fc\u015f ve \u00e7ipi \u00e7\u0131kar\u0131lm\u0131\u015f halde bulundu\u00a0<\/p>\n<p>\u200bHaberin Al\u0131nt\u0131land\u0131\u011f\u0131 Kaynak: www.antalyakorfez.com<\/p>","protected":false},"excerpt":{"rendered":"<p>Antalya trafi\u011finde kullan\u0131m\u0131 olduk\u00e7a yayg\u0131n olan scooterler zaman zaman tehlike yarat\u0131yor. Scooterler kullan\u0131c\u0131lar\u0131n\u0131n geli\u015fig\u00fczel park etmesi de tepki \u00e7ekiyor, Bunlardan biri Kalei\u00e7i Yat Liman\u0131&#8217;nda ya\u015fand\u0131. Limanda\u00a0ikiye yar\u0131lm\u0131\u015f ve takip \u00e7ipi \u00e7\u0131kart\u0131lm\u0131\u015f bir Mart\u0131 scooter bulundu.\u00a0 TAK\u0130P \u00c7\u0130P\u0130 \u00c7IKARTILMI\u015e Antalya\u2019da Mart\u0131 scooterlerin tamam\u0131 takip alt\u0131nda. Nerede b\u0131rak\u0131l\u0131rsa b\u0131rak\u0131ls\u0131n firma yetkilileri scootere ula\u015fabiliyor.\u00a0Antalya\u2019da y\u00fczlerce Mart\u0131 scooter bulunuyor. Uygulama \u00fczerinde kiralanan scooter i\u015fi bitti\u011finde ise oldu\u011fu yerde b\u0131rak\u0131l\u0131yor. Daha sonra takip \u00e7ipi sayesinde bulunan scooter \u015farj edilmek \u00fczere firmaya g\u00f6t\u00fcr\u00fcl\u00fcyor. Mart\u0131 TAG y\u00f6neticileri Antalya\u2019da bug\u00fcne kadar benzer olaylar\u0131n ya\u015fand\u0131\u011f\u0131n\u0131 ama ilk defa takip \u00e7ipi \u00e7\u0131kart\u0131larak ortadan ikiye ayr\u0131lan scooterle kar\u015f\u0131lad\u0131klar\u0131n\u0131 ifade etti. Kim veya kimlerin yapt\u0131\u011f\u0131 bilinmeyen bu olayla ilgili olarak polis soru\u015fturma ba\u015flatt\u0131.\u00a0 \u200bAntalya\u2019da kullan\u0131m\u0131 olduk\u00e7a yayg\u0131n olan scooterler \u00f6zellikle geli\u015fig\u00fczel park edilmesiyle tepki \u00e7ekiyor. Yat Liman\u0131\u2019nda bir Mart\u0131 scooter, ikiye b\u00f6l\u00fcnm\u00fc\u015f ve \u00e7ipi \u00e7\u0131kar\u0131lm\u0131\u015f halde bulundu\u00a0 \u200bHaberin Al\u0131nt\u0131land\u0131\u011f\u0131 Kaynak: www.antalyakorfez.com<\/p>","protected":false},"author":0,"featured_media":0,"comment_status":"open","ping_status":"open","sticky":false,"template":"","format":"standard","meta":{"_acf_changed":false,"footnotes":""},"categories":[24,535],"tags":[],"class_list":["post-21980","post","type-post","status-publish","format-standard","has-post-thumbnail","hentry","category-gundem","category-uncategorized-tr"],"acf":[],"yoast_head":"<!-- This site is optimized with the Yoast SEO Premium plugin v26.6 (Yoast SEO v27.1.1) - https:\/\/yoast.com\/product\/yoast-seo-premium-wordpress\/ -->\n<title>Scooter\u0131 ikiye b\u00f6l\u00fcp \u00e7ipini \u00e7\u0131kard\u0131lar - Av. Deniz Can K\u0131z\u0131l<\/title>\n<meta name=\"robots\" content=\"index, follow, max-snippet:-1, max-image-preview:large, max-video-preview:-1\" \/>\n<link rel=\"canonical\" href=\"http:\/\/denizcankizil.tr\/en\/haberler\/gundem\/scooteri-ikiye-bolup-cipini-cikardilar\/\" \/>\n<meta property=\"og:locale\" content=\"en_GB\" \/>\n<meta property=\"og:type\" content=\"article\" \/>\n<meta property=\"og:title\" content=\"Scooter\u0131 ikiye b\u00f6l\u00fcp \u00e7ipini \u00e7\u0131kard\u0131lar\" \/>\n<meta property=\"og:description\" content=\"Antalya trafi\u011finde kullan\u0131m\u0131 olduk\u00e7a yayg\u0131n olan scooterler zaman zaman tehlike yarat\u0131yor. Scooterler kullan\u0131c\u0131lar\u0131n\u0131n geli\u015fig\u00fczel park etmesi de tepki \u00e7ekiyor, Bunlardan biri Kalei\u00e7i Yat Liman\u0131&#8217;nda ya\u015fand\u0131. Limanda\u00a0ikiye yar\u0131lm\u0131\u015f ve takip \u00e7ipi \u00e7\u0131kart\u0131lm\u0131\u015f bir Mart\u0131 scooter bulundu.\u00a0 TAK\u0130P \u00c7\u0130P\u0130 \u00c7IKARTILMI\u015e Antalya\u2019da Mart\u0131 scooterlerin tamam\u0131 takip alt\u0131nda. Nerede b\u0131rak\u0131l\u0131rsa b\u0131rak\u0131ls\u0131n firma yetkilileri scootere ula\u015fabiliyor.\u00a0Antalya\u2019da y\u00fczlerce Mart\u0131 scooter bulunuyor. Uygulama \u00fczerinde kiralanan scooter i\u015fi bitti\u011finde ise oldu\u011fu yerde b\u0131rak\u0131l\u0131yor. Daha sonra takip \u00e7ipi sayesinde bulunan scooter \u015farj edilmek \u00fczere firmaya g\u00f6t\u00fcr\u00fcl\u00fcyor. Mart\u0131 TAG y\u00f6neticileri Antalya\u2019da bug\u00fcne kadar benzer olaylar\u0131n ya\u015fand\u0131\u011f\u0131n\u0131 ama ilk defa takip \u00e7ipi \u00e7\u0131kart\u0131larak ortadan ikiye ayr\u0131lan scooterle kar\u015f\u0131lad\u0131klar\u0131n\u0131 ifade etti. Kim veya kimlerin yapt\u0131\u011f\u0131 bilinmeyen bu olayla ilgili olarak polis soru\u015fturma ba\u015flatt\u0131.\u00a0 \u200bAntalya\u2019da kullan\u0131m\u0131 olduk\u00e7a yayg\u0131n olan scooterler \u00f6zellikle geli\u015fig\u00fczel park edilmesiyle tepki \u00e7ekiyor. Yat Liman\u0131\u2019nda bir Mart\u0131 scooter, ikiye b\u00f6l\u00fcnm\u00fc\u015f ve \u00e7ipi \u00e7\u0131kar\u0131lm\u0131\u015f halde bulundu\u00a0 \u200bHaberin Al\u0131nt\u0131land\u0131\u011f\u0131 Kaynak: www.antalyakorfez.com\" \/>\n<meta property=\"og:url\" content=\"http:\/\/denizcankizil.tr\/en\/haberler\/gundem\/scooteri-ikiye-bolup-cipini-cikardilar\/\" \/>\n<meta property=\"og:site_name\" content=\"Av. Deniz Can K\u0131z\u0131l\" \/>\n<meta property=\"article:published_time\" content=\"2024-12-24T07:41:42+00:00\" \/>\n<meta name=\"twitter:card\" content=\"summary_large_image\" \/>\n<meta name=\"twitter:label1\" content=\"Estimated reading time\" \/>\n\t<meta name=\"twitter:data1\" content=\"1 minute\" \/>\n<script type=\"application\/ld+json\" class=\"yoast-schema-graph\">{\"@context\":\"https:\/\/schema.org\",\"@graph\":[{\"@type\":\"Article\",\"@id\":\"http:\/\/denizcankizil.tr\/de\/haberler\/gundem\/scooteri-ikiye-bolup-cipini-cikardilar\/#article\",\"isPartOf\":{\"@id\":\"http:\/\/denizcankizil.tr\/de\/haberler\/gundem\/scooteri-ikiye-bolup-cipini-cikardilar\/\"},\"author\":{\"name\":\"\",\"@id\":\"\"},\"headline\":\"Scooter\u0131 ikiye b\u00f6l\u00fcp \u00e7ipini \u00e7\u0131kard\u0131lar\",\"datePublished\":\"2024-12-24T07:41:42+00:00\",\"mainEntityOfPage\":{\"@id\":\"http:\/\/denizcankizil.tr\/de\/haberler\/gundem\/scooteri-ikiye-bolup-cipini-cikardilar\/\"},\"wordCount\":214,\"commentCount\":0,\"publisher\":{\"@id\":\"https:\/\/denizcankizil.tr\/de\/#organization\"},\"articleSection\":[\"G\u00fcndem\",\"Uncategorized\"],\"inLanguage\":\"en-GB\",\"potentialAction\":[{\"@type\":\"CommentAction\",\"name\":\"Comment\",\"target\":[\"http:\/\/denizcankizil.tr\/de\/haberler\/gundem\/scooteri-ikiye-bolup-cipini-cikardilar\/#respond\"]}]},{\"@type\":\"WebPage\",\"@id\":\"http:\/\/denizcankizil.tr\/de\/haberler\/gundem\/scooteri-ikiye-bolup-cipini-cikardilar\/\",\"url\":\"http:\/\/denizcankizil.tr\/de\/haberler\/gundem\/scooteri-ikiye-bolup-cipini-cikardilar\/\",\"name\":\"Scooter\u0131 ikiye b\u00f6l\u00fcp \u00e7ipini \u00e7\u0131kard\u0131lar - Av. Deniz Can K\u0131z\u0131l\",\"isPartOf\":{\"@id\":\"https:\/\/denizcankizil.tr\/de\/#website\"},\"datePublished\":\"2024-12-24T07:41:42+00:00\",\"breadcrumb\":{\"@id\":\"http:\/\/denizcankizil.tr\/de\/haberler\/gundem\/scooteri-ikiye-bolup-cipini-cikardilar\/#breadcrumb\"},\"inLanguage\":\"en-GB\",\"potentialAction\":[{\"@type\":\"ReadAction\",\"target\":[\"http:\/\/denizcankizil.tr\/de\/haberler\/gundem\/scooteri-ikiye-bolup-cipini-cikardilar\/\"]}]},{\"@type\":\"BreadcrumbList\",\"@id\":\"http:\/\/denizcankizil.tr\/de\/haberler\/gundem\/scooteri-ikiye-bolup-cipini-cikardilar\/#breadcrumb\",\"itemListElement\":[{\"@type\":\"ListItem\",\"position\":1,\"name\":\"Home\",\"item\":\"https:\/\/denizcankizil.tr\/de\/\"},{\"@type\":\"ListItem\",\"position\":2,\"name\":\"Scooter\u0131 ikiye b\u00f6l\u00fcp \u00e7ipini \u00e7\u0131kard\u0131lar\"}]},{\"@type\":\"WebSite\",\"@id\":\"https:\/\/denizcankizil.tr\/de\/#website\",\"url\":\"https:\/\/denizcankizil.tr\/de\/\",\"name\":\"Av. Deniz Can K\u0131z\u0131l\",\"description\":\"Avukat Deniz Can K\u0131z\u0131l Antalya Barosu\",\"publisher\":{\"@id\":\"https:\/\/denizcankizil.tr\/de\/#organization\"},\"potentialAction\":[{\"@type\":\"SearchAction\",\"target\":{\"@type\":\"EntryPoint\",\"urlTemplate\":\"https:\/\/denizcankizil.tr\/de\/?s={search_term_string}\"},\"query-input\":{\"@type\":\"PropertyValueSpecification\",\"valueRequired\":true,\"valueName\":\"search_term_string\"}}],\"inLanguage\":\"en-GB\"},{\"@type\":\"Organization\",\"@id\":\"https:\/\/denizcankizil.tr\/de\/#organization\",\"name\":\"Av. Deniz Can K\u0131z\u0131l\",\"url\":\"https:\/\/denizcankizil.tr\/de\/\",\"logo\":{\"@type\":\"ImageObject\",\"inLanguage\":\"en-GB\",\"@id\":\"https:\/\/denizcankizil.tr\/de\/#\/schema\/logo\/image\/\",\"url\":\"http:\/\/denizcankizil.tr\/wp-content\/uploads\/2024\/10\/siyah-logo-svg.svg\",\"contentUrl\":\"http:\/\/denizcankizil.tr\/wp-content\/uploads\/2024\/10\/siyah-logo-svg.svg\",\"width\":1080,\"height\":1080,\"caption\":\"Av. Deniz Can K\u0131z\u0131l\"},\"image\":{\"@id\":\"https:\/\/denizcankizil.tr\/de\/#\/schema\/logo\/image\/\"}}]}<\/script>\n<!-- \/ Yoast SEO Premium plugin. -->","yoast_head_json":{"title":"Scooter\u0131 ikiye b\u00f6l\u00fcp \u00e7ipini \u00e7\u0131kard\u0131lar - Av. Deniz Can K\u0131z\u0131l","robots":{"index":"index","follow":"follow","max-snippet":"max-snippet:-1","max-image-preview":"max-image-preview:large","max-video-preview":"max-video-preview:-1"},"canonical":"http:\/\/denizcankizil.tr\/en\/haberler\/gundem\/scooteri-ikiye-bolup-cipini-cikardilar\/","og_locale":"en_GB","og_type":"article","og_title":"Scooter\u0131 ikiye b\u00f6l\u00fcp \u00e7ipini \u00e7\u0131kard\u0131lar","og_description":"Antalya trafi\u011finde kullan\u0131m\u0131 olduk\u00e7a yayg\u0131n olan scooterler zaman zaman tehlike yarat\u0131yor. Scooterler kullan\u0131c\u0131lar\u0131n\u0131n geli\u015fig\u00fczel park etmesi de tepki \u00e7ekiyor, Bunlardan biri Kalei\u00e7i Yat Liman\u0131&#8217;nda ya\u015fand\u0131. Limanda\u00a0ikiye yar\u0131lm\u0131\u015f ve takip \u00e7ipi \u00e7\u0131kart\u0131lm\u0131\u015f bir Mart\u0131 scooter bulundu.\u00a0 TAK\u0130P \u00c7\u0130P\u0130 \u00c7IKARTILMI\u015e Antalya\u2019da Mart\u0131 scooterlerin tamam\u0131 takip alt\u0131nda. Nerede b\u0131rak\u0131l\u0131rsa b\u0131rak\u0131ls\u0131n firma yetkilileri scootere ula\u015fabiliyor.\u00a0Antalya\u2019da y\u00fczlerce Mart\u0131 scooter bulunuyor. Uygulama \u00fczerinde kiralanan scooter i\u015fi bitti\u011finde ise oldu\u011fu yerde b\u0131rak\u0131l\u0131yor. Daha sonra takip \u00e7ipi sayesinde bulunan scooter \u015farj edilmek \u00fczere firmaya g\u00f6t\u00fcr\u00fcl\u00fcyor. Mart\u0131 TAG y\u00f6neticileri Antalya\u2019da bug\u00fcne kadar benzer olaylar\u0131n ya\u015fand\u0131\u011f\u0131n\u0131 ama ilk defa takip \u00e7ipi \u00e7\u0131kart\u0131larak ortadan ikiye ayr\u0131lan scooterle kar\u015f\u0131lad\u0131klar\u0131n\u0131 ifade etti. Kim veya kimlerin yapt\u0131\u011f\u0131 bilinmeyen bu olayla ilgili olarak polis soru\u015fturma ba\u015flatt\u0131.\u00a0 \u200bAntalya\u2019da kullan\u0131m\u0131 olduk\u00e7a yayg\u0131n olan scooterler \u00f6zellikle geli\u015fig\u00fczel park edilmesiyle tepki \u00e7ekiyor. Yat Liman\u0131\u2019nda bir Mart\u0131 scooter, ikiye b\u00f6l\u00fcnm\u00fc\u015f ve \u00e7ipi \u00e7\u0131kar\u0131lm\u0131\u015f halde bulundu\u00a0 \u200bHaberin Al\u0131nt\u0131land\u0131\u011f\u0131 Kaynak: www.antalyakorfez.com","og_url":"http:\/\/denizcankizil.tr\/en\/haberler\/gundem\/scooteri-ikiye-bolup-cipini-cikardilar\/","og_site_name":"Av. Deniz Can K\u0131z\u0131l","article_published_time":"2024-12-24T07:41:42+00:00","twitter_card":"summary_large_image","twitter_misc":{"Estimated reading time":"1 minute"},"schema":{"@context":"https:\/\/schema.org","@graph":[{"@type":"Article","@id":"http:\/\/denizcankizil.tr\/de\/haberler\/gundem\/scooteri-ikiye-bolup-cipini-cikardilar\/#article","isPartOf":{"@id":"http:\/\/denizcankizil.tr\/de\/haberler\/gundem\/scooteri-ikiye-bolup-cipini-cikardilar\/"},"author":{"name":"","@id":""},"headline":"Scooter\u0131 ikiye b\u00f6l\u00fcp \u00e7ipini \u00e7\u0131kard\u0131lar","datePublished":"2024-12-24T07:41:42+00:00","mainEntityOfPage":{"@id":"http:\/\/denizcankizil.tr\/de\/haberler\/gundem\/scooteri-ikiye-bolup-cipini-cikardilar\/"},"wordCount":214,"commentCount":0,"publisher":{"@id":"https:\/\/denizcankizil.tr\/de\/#organization"},"articleSection":["G\u00fcndem","Uncategorized"],"inLanguage":"en-GB","potentialAction":[{"@type":"CommentAction","name":"Comment","target":["http:\/\/denizcankizil.tr\/de\/haberler\/gundem\/scooteri-ikiye-bolup-cipini-cikardilar\/#respond"]}]},{"@type":"WebPage","@id":"http:\/\/denizcankizil.tr\/de\/haberler\/gundem\/scooteri-ikiye-bolup-cipini-cikardilar\/","url":"http:\/\/denizcankizil.tr\/de\/haberler\/gundem\/scooteri-ikiye-bolup-cipini-cikardilar\/","name":"Scooter\u0131 ikiye b\u00f6l\u00fcp \u00e7ipini \u00e7\u0131kard\u0131lar - Av. Deniz Can K\u0131z\u0131l","isPartOf":{"@id":"https:\/\/denizcankizil.tr\/de\/#website"},"datePublished":"2024-12-24T07:41:42+00:00","breadcrumb":{"@id":"http:\/\/denizcankizil.tr\/de\/haberler\/gundem\/scooteri-ikiye-bolup-cipini-cikardilar\/#breadcrumb"},"inLanguage":"en-GB","potentialAction":[{"@type":"ReadAction","target":["http:\/\/denizcankizil.tr\/de\/haberler\/gundem\/scooteri-ikiye-bolup-cipini-cikardilar\/"]}]},{"@type":"BreadcrumbList","@id":"http:\/\/denizcankizil.tr\/de\/haberler\/gundem\/scooteri-ikiye-bolup-cipini-cikardilar\/#breadcrumb","itemListElement":[{"@type":"ListItem","position":1,"name":"Home","item":"https:\/\/denizcankizil.tr\/de\/"},{"@type":"ListItem","position":2,"name":"Scooter\u0131 ikiye b\u00f6l\u00fcp \u00e7ipini \u00e7\u0131kard\u0131lar"}]},{"@type":"WebSite","@id":"https:\/\/denizcankizil.tr\/de\/#website","url":"https:\/\/denizcankizil.tr\/de\/","name":"Av. Deniz Can K\u0131z\u0131l","description":"Avukat Deniz Can K\u0131z\u0131l Antalya Barosu","publisher":{"@id":"https:\/\/denizcankizil.tr\/de\/#organization"},"potentialAction":[{"@type":"SearchAction","target":{"@type":"EntryPoint","urlTemplate":"https:\/\/denizcankizil.tr\/de\/?s={search_term_string}"},"query-input":{"@type":"PropertyValueSpecification","valueRequired":true,"valueName":"search_term_string"}}],"inLanguage":"en-GB"},{"@type":"Organization","@id":"https:\/\/denizcankizil.tr\/de\/#organization","name":"Av. Deniz Can K\u0131z\u0131l","url":"https:\/\/denizcankizil.tr\/de\/","logo":{"@type":"ImageObject","inLanguage":"en-GB","@id":"https:\/\/denizcankizil.tr\/de\/#\/schema\/logo\/image\/","url":"http:\/\/denizcankizil.tr\/wp-content\/uploads\/2024\/10\/siyah-logo-svg.svg","contentUrl":"http:\/\/denizcankizil.tr\/wp-content\/uploads\/2024\/10\/siyah-logo-svg.svg","width":1080,"height":1080,"caption":"Av. Deniz Can K\u0131z\u0131l"},"image":{"@id":"https:\/\/denizcankizil.tr\/de\/#\/schema\/logo\/image\/"}}]}},"_links":{"self":[{"href":"http:\/\/denizcankizil.tr\/en\/wp-json\/wp\/v2\/posts\/21980","targetHints":{"allow":["GET"]}}],"collection":[{"href":"http:\/\/denizcankizil.tr\/en\/wp-json\/wp\/v2\/posts"}],"about":[{"href":"http:\/\/denizcankizil.tr\/en\/wp-json\/wp\/v2\/types\/post"}],"replies":[{"embeddable":true,"href":"http:\/\/denizcankizil.tr\/en\/wp-json\/wp\/v2\/comments?post=21980"}],"version-history":[{"count":0,"href":"http:\/\/denizcankizil.tr\/en\/wp-json\/wp\/v2\/posts\/21980\/revisions"}],"wp:attachment":[{"href":"http:\/\/denizcankizil.tr\/en\/wp-json\/wp\/v2\/media?parent=21980"}],"wp:term":[{"taxonomy":"category","embeddable":true,"href":"http:\/\/denizcankizil.tr\/en\/wp-json\/wp\/v2\/categories?post=21980"},{"taxonomy":"post_tag","embeddable":true,"href":"http:\/\/denizcankizil.tr\/en\/wp-json\/wp\/v2\/tags?post=21980"}],"curies":[{"name":"wp","href":"https:\/\/api.w.org\/{rel}","templated":true}]}}