{"id":21528,"date":"2024-12-20T16:41:59","date_gmt":"2024-12-20T13:41:59","guid":{"rendered":"https:\/\/denizcankizil.tr\/uncategorized-tr\/bakirkoye-yeni-bir-etut-merkezi-kazandiriliyor\/"},"modified":"2024-12-20T16:41:59","modified_gmt":"2024-12-20T13:41:59","slug":"bakirkoye-yeni-bir-etut-merkezi-kazandiriliyor","status":"publish","type":"post","link":"http:\/\/denizcankizil.tr\/en\/haberler\/gundem\/bakirkoye-yeni-bir-etut-merkezi-kazandiriliyor\/","title":{"rendered":"Bak\u0131rk\u00f6y&#8217;e Yeni Bir Et\u00fct Merkezi Kazand\u0131r\u0131l\u0131yor!"},"content":{"rendered":"<p>E\u011fitim konusunda ger\u00e7ekle\u015ftirdi\u011fi \u00e7al\u0131\u015fmalara bir yenisini daha ekleyen Bak\u0131rk\u00f6y Belediyesi, il\u00e7eye yeni bir et\u00fct merkezi kazand\u0131r\u0131yor. Atat\u00fcrk Spor ve Ya\u015fam K\u00f6y\u00fc\u2019nde a\u00e7\u0131lacak et\u00fct merkezi, \u0130ngilizceden foto\u011fraf\u00e7\u0131l\u0131\u011fa, kemandan serami\u011fe kadar vatanda\u015flar\u0131 bir\u00e7ok kurs ile bulu\u015fturacak.<\/p>\n<p>\u200bE\u011fitim konusunda ger\u00e7ekle\u015ftirdi\u011fi \u00e7al\u0131\u015fmalara bir yenisini daha ekleyen Bak\u0131rk\u00f6y Belediyesi, il\u00e7eye yeni bir et\u00fct merkezi kazand\u0131r\u0131yor. Atat\u00fcrk Spor ve Ya\u015fam K\u00f6y\u00fc\u2019nde a\u00e7\u0131lacak et\u00fct merkezi, \u0130ngilizceden foto\u011fraf\u00e7\u0131l\u0131\u011fa, kemandan serami\u011fe kadar vatanda\u015flar\u0131 bir\u00e7ok kurs ile bulu\u015fturacak.\u00a0<\/p>\n<p>\u200bHaberin Al\u0131nt\u0131land\u0131\u011f\u0131 Kaynak: www.iskenderun.org<\/p>","protected":false},"excerpt":{"rendered":"<p>E\u011fitim konusunda ger\u00e7ekle\u015ftirdi\u011fi \u00e7al\u0131\u015fmalara bir yenisini daha ekleyen Bak\u0131rk\u00f6y Belediyesi, il\u00e7eye yeni bir et\u00fct merkezi kazand\u0131r\u0131yor. Atat\u00fcrk Spor ve Ya\u015fam K\u00f6y\u00fc\u2019nde a\u00e7\u0131lacak et\u00fct merkezi, \u0130ngilizceden foto\u011fraf\u00e7\u0131l\u0131\u011fa, kemandan serami\u011fe kadar vatanda\u015flar\u0131 bir\u00e7ok kurs ile bulu\u015fturacak. \u200bE\u011fitim konusunda ger\u00e7ekle\u015ftirdi\u011fi \u00e7al\u0131\u015fmalara bir yenisini daha ekleyen Bak\u0131rk\u00f6y Belediyesi, il\u00e7eye yeni bir et\u00fct merkezi kazand\u0131r\u0131yor. Atat\u00fcrk Spor ve Ya\u015fam K\u00f6y\u00fc\u2019nde a\u00e7\u0131lacak et\u00fct merkezi, \u0130ngilizceden foto\u011fraf\u00e7\u0131l\u0131\u011fa, kemandan serami\u011fe kadar vatanda\u015flar\u0131 bir\u00e7ok kurs ile bulu\u015fturacak.\u00a0 \u200bHaberin Al\u0131nt\u0131land\u0131\u011f\u0131 Kaynak: www.iskenderun.org<\/p>","protected":false},"author":0,"featured_media":0,"comment_status":"open","ping_status":"open","sticky":false,"template":"","format":"standard","meta":{"_acf_changed":false,"footnotes":""},"categories":[24,535],"tags":[],"class_list":["post-21528","post","type-post","status-publish","format-standard","has-post-thumbnail","hentry","category-gundem","category-uncategorized-tr"],"acf":[],"yoast_head":"<!-- This site is optimized with the Yoast SEO Premium plugin v26.6 (Yoast SEO v27.1.1) - https:\/\/yoast.com\/product\/yoast-seo-premium-wordpress\/ -->\n<title>Bak\u0131rk\u00f6y&#039;e Yeni Bir Et\u00fct Merkezi Kazand\u0131r\u0131l\u0131yor! - Av. Deniz Can K\u0131z\u0131l<\/title>\n<meta name=\"robots\" content=\"index, follow, max-snippet:-1, max-image-preview:large, max-video-preview:-1\" \/>\n<link rel=\"canonical\" href=\"http:\/\/denizcankizil.tr\/en\/haberler\/gundem\/bakirkoye-yeni-bir-etut-merkezi-kazandiriliyor\/\" \/>\n<meta property=\"og:locale\" content=\"en_GB\" \/>\n<meta property=\"og:type\" content=\"article\" \/>\n<meta property=\"og:title\" content=\"Bak\u0131rk\u00f6y&#039;e Yeni Bir Et\u00fct Merkezi Kazand\u0131r\u0131l\u0131yor!\" \/>\n<meta property=\"og:description\" content=\"E\u011fitim konusunda ger\u00e7ekle\u015ftirdi\u011fi \u00e7al\u0131\u015fmalara bir yenisini daha ekleyen Bak\u0131rk\u00f6y Belediyesi, il\u00e7eye yeni bir et\u00fct merkezi kazand\u0131r\u0131yor. Atat\u00fcrk Spor ve Ya\u015fam K\u00f6y\u00fc\u2019nde a\u00e7\u0131lacak et\u00fct merkezi, \u0130ngilizceden foto\u011fraf\u00e7\u0131l\u0131\u011fa, kemandan serami\u011fe kadar vatanda\u015flar\u0131 bir\u00e7ok kurs ile bulu\u015fturacak. \u200bE\u011fitim konusunda ger\u00e7ekle\u015ftirdi\u011fi \u00e7al\u0131\u015fmalara bir yenisini daha ekleyen Bak\u0131rk\u00f6y Belediyesi, il\u00e7eye yeni bir et\u00fct merkezi kazand\u0131r\u0131yor. Atat\u00fcrk Spor ve Ya\u015fam K\u00f6y\u00fc\u2019nde a\u00e7\u0131lacak et\u00fct merkezi, \u0130ngilizceden foto\u011fraf\u00e7\u0131l\u0131\u011fa, kemandan serami\u011fe kadar vatanda\u015flar\u0131 bir\u00e7ok kurs ile bulu\u015fturacak.\u00a0 \u200bHaberin Al\u0131nt\u0131land\u0131\u011f\u0131 Kaynak: www.iskenderun.org\" \/>\n<meta property=\"og:url\" content=\"http:\/\/denizcankizil.tr\/en\/haberler\/gundem\/bakirkoye-yeni-bir-etut-merkezi-kazandiriliyor\/\" \/>\n<meta property=\"og:site_name\" content=\"Av. Deniz Can K\u0131z\u0131l\" \/>\n<meta property=\"article:published_time\" content=\"2024-12-20T13:41:59+00:00\" \/>\n<meta name=\"twitter:card\" content=\"summary_large_image\" \/>\n<meta name=\"twitter:label1\" content=\"Estimated reading time\" \/>\n\t<meta name=\"twitter:data1\" content=\"1 minute\" \/>\n<script type=\"application\/ld+json\" class=\"yoast-schema-graph\">{\"@context\":\"https:\/\/schema.org\",\"@graph\":[{\"@type\":\"Article\",\"@id\":\"http:\/\/denizcankizil.tr\/en\/haberler\/gundem\/bakirkoye-yeni-bir-etut-merkezi-kazandiriliyor\/#article\",\"isPartOf\":{\"@id\":\"http:\/\/denizcankizil.tr\/en\/haberler\/gundem\/bakirkoye-yeni-bir-etut-merkezi-kazandiriliyor\/\"},\"author\":{\"name\":\"\",\"@id\":\"\"},\"headline\":\"Bak\u0131rk\u00f6y&#8217;e Yeni Bir Et\u00fct Merkezi Kazand\u0131r\u0131l\u0131yor!\",\"datePublished\":\"2024-12-20T13:41:59+00:00\",\"mainEntityOfPage\":{\"@id\":\"http:\/\/denizcankizil.tr\/en\/haberler\/gundem\/bakirkoye-yeni-bir-etut-merkezi-kazandiriliyor\/\"},\"wordCount\":137,\"commentCount\":0,\"publisher\":{\"@id\":\"https:\/\/denizcankizil.tr\/#organization\"},\"articleSection\":[\"G\u00fcndem\",\"Uncategorized\"],\"inLanguage\":\"en-GB\",\"potentialAction\":[{\"@type\":\"CommentAction\",\"name\":\"Comment\",\"target\":[\"http:\/\/denizcankizil.tr\/en\/haberler\/gundem\/bakirkoye-yeni-bir-etut-merkezi-kazandiriliyor\/#respond\"]}]},{\"@type\":\"WebPage\",\"@id\":\"http:\/\/denizcankizil.tr\/en\/haberler\/gundem\/bakirkoye-yeni-bir-etut-merkezi-kazandiriliyor\/\",\"url\":\"http:\/\/denizcankizil.tr\/en\/haberler\/gundem\/bakirkoye-yeni-bir-etut-merkezi-kazandiriliyor\/\",\"name\":\"Bak\u0131rk\u00f6y'e Yeni Bir Et\u00fct Merkezi Kazand\u0131r\u0131l\u0131yor! - Av. Deniz Can K\u0131z\u0131l\",\"isPartOf\":{\"@id\":\"https:\/\/denizcankizil.tr\/#website\"},\"datePublished\":\"2024-12-20T13:41:59+00:00\",\"breadcrumb\":{\"@id\":\"http:\/\/denizcankizil.tr\/en\/haberler\/gundem\/bakirkoye-yeni-bir-etut-merkezi-kazandiriliyor\/#breadcrumb\"},\"inLanguage\":\"en-GB\",\"potentialAction\":[{\"@type\":\"ReadAction\",\"target\":[\"http:\/\/denizcankizil.tr\/en\/haberler\/gundem\/bakirkoye-yeni-bir-etut-merkezi-kazandiriliyor\/\"]}]},{\"@type\":\"BreadcrumbList\",\"@id\":\"http:\/\/denizcankizil.tr\/en\/haberler\/gundem\/bakirkoye-yeni-bir-etut-merkezi-kazandiriliyor\/#breadcrumb\",\"itemListElement\":[{\"@type\":\"ListItem\",\"position\":1,\"name\":\"Home\",\"item\":\"https:\/\/denizcankizil.tr\/de\/\"},{\"@type\":\"ListItem\",\"position\":2,\"name\":\"Bak\u0131rk\u00f6y&#8217;e Yeni Bir Et\u00fct Merkezi Kazand\u0131r\u0131l\u0131yor!\"}]},{\"@type\":\"WebSite\",\"@id\":\"https:\/\/denizcankizil.tr\/#website\",\"url\":\"https:\/\/denizcankizil.tr\/\",\"name\":\"Av. Deniz Can K\u0131z\u0131l\",\"description\":\"Avukat Deniz Can K\u0131z\u0131l Antalya Barosu\",\"publisher\":{\"@id\":\"https:\/\/denizcankizil.tr\/#organization\"},\"potentialAction\":[{\"@type\":\"SearchAction\",\"target\":{\"@type\":\"EntryPoint\",\"urlTemplate\":\"https:\/\/denizcankizil.tr\/?s={search_term_string}\"},\"query-input\":{\"@type\":\"PropertyValueSpecification\",\"valueRequired\":true,\"valueName\":\"search_term_string\"}}],\"inLanguage\":\"en-GB\"},{\"@type\":\"Organization\",\"@id\":\"https:\/\/denizcankizil.tr\/#organization\",\"name\":\"Av. Deniz Can K\u0131z\u0131l\",\"url\":\"https:\/\/denizcankizil.tr\/\",\"logo\":{\"@type\":\"ImageObject\",\"inLanguage\":\"en-GB\",\"@id\":\"https:\/\/denizcankizil.tr\/#\/schema\/logo\/image\/\",\"url\":\"http:\/\/denizcankizil.tr\/wp-content\/uploads\/2024\/10\/siyah-logo-svg.svg\",\"contentUrl\":\"http:\/\/denizcankizil.tr\/wp-content\/uploads\/2024\/10\/siyah-logo-svg.svg\",\"width\":1080,\"height\":1080,\"caption\":\"Av. Deniz Can K\u0131z\u0131l\"},\"image\":{\"@id\":\"https:\/\/denizcankizil.tr\/#\/schema\/logo\/image\/\"}}]}<\/script>\n<!-- \/ Yoast SEO Premium plugin. -->","yoast_head_json":{"title":"Bak\u0131rk\u00f6y'e Yeni Bir Et\u00fct Merkezi Kazand\u0131r\u0131l\u0131yor! - Av. Deniz Can K\u0131z\u0131l","robots":{"index":"index","follow":"follow","max-snippet":"max-snippet:-1","max-image-preview":"max-image-preview:large","max-video-preview":"max-video-preview:-1"},"canonical":"http:\/\/denizcankizil.tr\/en\/haberler\/gundem\/bakirkoye-yeni-bir-etut-merkezi-kazandiriliyor\/","og_locale":"en_GB","og_type":"article","og_title":"Bak\u0131rk\u00f6y'e Yeni Bir Et\u00fct Merkezi Kazand\u0131r\u0131l\u0131yor!","og_description":"E\u011fitim konusunda ger\u00e7ekle\u015ftirdi\u011fi \u00e7al\u0131\u015fmalara bir yenisini daha ekleyen Bak\u0131rk\u00f6y Belediyesi, il\u00e7eye yeni bir et\u00fct merkezi kazand\u0131r\u0131yor. Atat\u00fcrk Spor ve Ya\u015fam K\u00f6y\u00fc\u2019nde a\u00e7\u0131lacak et\u00fct merkezi, \u0130ngilizceden foto\u011fraf\u00e7\u0131l\u0131\u011fa, kemandan serami\u011fe kadar vatanda\u015flar\u0131 bir\u00e7ok kurs ile bulu\u015fturacak. \u200bE\u011fitim konusunda ger\u00e7ekle\u015ftirdi\u011fi \u00e7al\u0131\u015fmalara bir yenisini daha ekleyen Bak\u0131rk\u00f6y Belediyesi, il\u00e7eye yeni bir et\u00fct merkezi kazand\u0131r\u0131yor. Atat\u00fcrk Spor ve Ya\u015fam K\u00f6y\u00fc\u2019nde a\u00e7\u0131lacak et\u00fct merkezi, \u0130ngilizceden foto\u011fraf\u00e7\u0131l\u0131\u011fa, kemandan serami\u011fe kadar vatanda\u015flar\u0131 bir\u00e7ok kurs ile bulu\u015fturacak.\u00a0 \u200bHaberin Al\u0131nt\u0131land\u0131\u011f\u0131 Kaynak: www.iskenderun.org","og_url":"http:\/\/denizcankizil.tr\/en\/haberler\/gundem\/bakirkoye-yeni-bir-etut-merkezi-kazandiriliyor\/","og_site_name":"Av. Deniz Can K\u0131z\u0131l","article_published_time":"2024-12-20T13:41:59+00:00","twitter_card":"summary_large_image","twitter_misc":{"Estimated reading time":"1 minute"},"schema":{"@context":"https:\/\/schema.org","@graph":[{"@type":"Article","@id":"http:\/\/denizcankizil.tr\/en\/haberler\/gundem\/bakirkoye-yeni-bir-etut-merkezi-kazandiriliyor\/#article","isPartOf":{"@id":"http:\/\/denizcankizil.tr\/en\/haberler\/gundem\/bakirkoye-yeni-bir-etut-merkezi-kazandiriliyor\/"},"author":{"name":"","@id":""},"headline":"Bak\u0131rk\u00f6y&#8217;e Yeni Bir Et\u00fct Merkezi Kazand\u0131r\u0131l\u0131yor!","datePublished":"2024-12-20T13:41:59+00:00","mainEntityOfPage":{"@id":"http:\/\/denizcankizil.tr\/en\/haberler\/gundem\/bakirkoye-yeni-bir-etut-merkezi-kazandiriliyor\/"},"wordCount":137,"commentCount":0,"publisher":{"@id":"https:\/\/denizcankizil.tr\/#organization"},"articleSection":["G\u00fcndem","Uncategorized"],"inLanguage":"en-GB","potentialAction":[{"@type":"CommentAction","name":"Comment","target":["http:\/\/denizcankizil.tr\/en\/haberler\/gundem\/bakirkoye-yeni-bir-etut-merkezi-kazandiriliyor\/#respond"]}]},{"@type":"WebPage","@id":"http:\/\/denizcankizil.tr\/en\/haberler\/gundem\/bakirkoye-yeni-bir-etut-merkezi-kazandiriliyor\/","url":"http:\/\/denizcankizil.tr\/en\/haberler\/gundem\/bakirkoye-yeni-bir-etut-merkezi-kazandiriliyor\/","name":"Bak\u0131rk\u00f6y'e Yeni Bir Et\u00fct Merkezi Kazand\u0131r\u0131l\u0131yor! - Av. Deniz Can K\u0131z\u0131l","isPartOf":{"@id":"https:\/\/denizcankizil.tr\/#website"},"datePublished":"2024-12-20T13:41:59+00:00","breadcrumb":{"@id":"http:\/\/denizcankizil.tr\/en\/haberler\/gundem\/bakirkoye-yeni-bir-etut-merkezi-kazandiriliyor\/#breadcrumb"},"inLanguage":"en-GB","potentialAction":[{"@type":"ReadAction","target":["http:\/\/denizcankizil.tr\/en\/haberler\/gundem\/bakirkoye-yeni-bir-etut-merkezi-kazandiriliyor\/"]}]},{"@type":"BreadcrumbList","@id":"http:\/\/denizcankizil.tr\/en\/haberler\/gundem\/bakirkoye-yeni-bir-etut-merkezi-kazandiriliyor\/#breadcrumb","itemListElement":[{"@type":"ListItem","position":1,"name":"Home","item":"https:\/\/denizcankizil.tr\/de\/"},{"@type":"ListItem","position":2,"name":"Bak\u0131rk\u00f6y&#8217;e Yeni Bir Et\u00fct Merkezi Kazand\u0131r\u0131l\u0131yor!"}]},{"@type":"WebSite","@id":"https:\/\/denizcankizil.tr\/#website","url":"https:\/\/denizcankizil.tr\/","name":"Av. Deniz Can K\u0131z\u0131l","description":"Avukat Deniz Can K\u0131z\u0131l Antalya Barosu","publisher":{"@id":"https:\/\/denizcankizil.tr\/#organization"},"potentialAction":[{"@type":"SearchAction","target":{"@type":"EntryPoint","urlTemplate":"https:\/\/denizcankizil.tr\/?s={search_term_string}"},"query-input":{"@type":"PropertyValueSpecification","valueRequired":true,"valueName":"search_term_string"}}],"inLanguage":"en-GB"},{"@type":"Organization","@id":"https:\/\/denizcankizil.tr\/#organization","name":"Av. Deniz Can K\u0131z\u0131l","url":"https:\/\/denizcankizil.tr\/","logo":{"@type":"ImageObject","inLanguage":"en-GB","@id":"https:\/\/denizcankizil.tr\/#\/schema\/logo\/image\/","url":"http:\/\/denizcankizil.tr\/wp-content\/uploads\/2024\/10\/siyah-logo-svg.svg","contentUrl":"http:\/\/denizcankizil.tr\/wp-content\/uploads\/2024\/10\/siyah-logo-svg.svg","width":1080,"height":1080,"caption":"Av. Deniz Can K\u0131z\u0131l"},"image":{"@id":"https:\/\/denizcankizil.tr\/#\/schema\/logo\/image\/"}}]}},"_links":{"self":[{"href":"http:\/\/denizcankizil.tr\/en\/wp-json\/wp\/v2\/posts\/21528","targetHints":{"allow":["GET"]}}],"collection":[{"href":"http:\/\/denizcankizil.tr\/en\/wp-json\/wp\/v2\/posts"}],"about":[{"href":"http:\/\/denizcankizil.tr\/en\/wp-json\/wp\/v2\/types\/post"}],"replies":[{"embeddable":true,"href":"http:\/\/denizcankizil.tr\/en\/wp-json\/wp\/v2\/comments?post=21528"}],"version-history":[{"count":0,"href":"http:\/\/denizcankizil.tr\/en\/wp-json\/wp\/v2\/posts\/21528\/revisions"}],"wp:attachment":[{"href":"http:\/\/denizcankizil.tr\/en\/wp-json\/wp\/v2\/media?parent=21528"}],"wp:term":[{"taxonomy":"category","embeddable":true,"href":"http:\/\/denizcankizil.tr\/en\/wp-json\/wp\/v2\/categories?post=21528"},{"taxonomy":"post_tag","embeddable":true,"href":"http:\/\/denizcankizil.tr\/en\/wp-json\/wp\/v2\/tags?post=21528"}],"curies":[{"name":"wp","href":"https:\/\/api.w.org\/{rel}","templated":true}]}}