{"id":21520,"date":"2024-12-20T16:41:42","date_gmt":"2024-12-20T13:41:42","guid":{"rendered":"https:\/\/denizcankizil.tr\/uncategorized-tr\/duzenli-sporla-ayaga-kalkti\/"},"modified":"2024-12-20T16:41:42","modified_gmt":"2024-12-20T13:41:42","slug":"duzenli-sporla-ayaga-kalkti","status":"publish","type":"post","link":"http:\/\/denizcankizil.tr\/en\/haberler\/antalya\/duzenli-sporla-ayaga-kalkti\/","title":{"rendered":"D\u00fczenli sporla aya\u011fa kalkt\u0131"},"content":{"rendered":"<p>Konyaalt\u0131 il\u00e7esinde ya\u015fayan Ahmet Tu\u011flu, fel\u00e7 ge\u00e7irdikten sonra v\u00fccudunun sa\u011f taraf\u0131n\u0131 kullanamaz hale geldi. Umutsuz oldu\u011fu bir d\u00f6nemde, Konyaalt\u0131 Belediyesi&#8217;nin sabah sporu etkinliklerini fark ederek ileti\u015fime ge\u00e7ti. KONSEM&#8217;de Pilates E\u011fitmeni Cemre \u0130lk ile \u00e7al\u0131\u015fmaya ba\u015flayan Tu\u011flu, azim ve sab\u0131rla y\u00fcr\u00fctt\u00fc\u011f\u00fc egzersizlerle \u00f6nce koltuk de\u011fneklerini b\u0131rakt\u0131, ard\u0131ndan a\u011fr\u0131lar\u0131ndan kurtuldu.<\/p>\n<p>\u201cArt\u0131k kimseye muhta\u00e7 de\u011filim\u201d<br \/>\nTu\u011flu, bu s\u00fcre\u00e7te ya\u015fad\u0131klar\u0131n\u0131, \u201cBa\u015flarda ayakta duram\u0131yordum, koltuk de\u011fnekleri olmadan hareket edemezdim. Ama burada Cemre hocam\u0131n deste\u011fiyle ad\u0131m ad\u0131m kendimi toparlad\u0131m. Art\u0131k kimseye muhta\u00e7 de\u011filim. Daha \u00f6nce \u00e7ok karamsard\u0131m ama buras\u0131 hayat\u0131m\u0131 de\u011fi\u015ftirdi. Belediyemiz s\u0131cak bir \u00e7al\u0131\u015fma ortam\u0131 ve g\u00fcler y\u00fczl\u00fc personeliyle bize b\u00fcy\u00fck destek sa\u011flad\u0131. \u015eimdi hem fiziksel hem de ruhsal olarak \u00e7ok daha iyiyim\u201d s\u00f6zleriyle anlatt\u0131.<\/p>\n<p>\u201cHer i\u015fini kendi yapabiliyor\u201d<br \/>\nAhmet Tu\u011flu&#8217;nun e\u011fitmeni Cemre \u0130lk ise s\u00fcre\u00e7le ilgili \u015funlar\u0131 s\u00f6yledi:<br \/>\n\u201cAhmet Bey&#8217;le ge\u00e7en yaz tan\u0131\u015ft\u0131k ve \u00e7ok s\u0131k\u0131 bir \u015fekilde \u00e7al\u0131\u015ft\u0131k. \u015eimdi her i\u015fini kendi yapabiliyor. Burada kursiyerlerimizin omurga sa\u011fl\u0131\u011f\u0131n\u0131 iyile\u015ftirmelerine ve hayatlar\u0131na dokunmalar\u0131na yard\u0131mc\u0131 oluyoruz. \u00dccretsiz olarak sundu\u011fumuz bu hizmete ilgi \u00e7ok b\u00fcy\u00fck.\u201d<\/p>\n<p>Kaynak: www.kanalv.com.tr Haber Sitesinden Al\u0131nm\u0131\u015ft\u0131r.<\/p>","protected":false},"excerpt":{"rendered":"<p>Konyaalt\u0131 il\u00e7esinde ya\u015fayan Ahmet Tu\u011flu, fel\u00e7 ge\u00e7irdikten sonra v\u00fccudunun sa\u011f taraf\u0131n\u0131 kullanamaz hale geldi. Umutsuz oldu\u011fu bir d\u00f6nemde, Konyaalt\u0131 Belediyesi&#8217;nin sabah sporu etkinliklerini fark ederek ileti\u015fime ge\u00e7ti. KONSEM&#8217;de Pilates E\u011fitmeni Cemre \u0130lk ile \u00e7al\u0131\u015fmaya ba\u015flayan Tu\u011flu, azim ve sab\u0131rla y\u00fcr\u00fctt\u00fc\u011f\u00fc egzersizlerle \u00f6nce koltuk de\u011fneklerini b\u0131rakt\u0131, ard\u0131ndan a\u011fr\u0131lar\u0131ndan kurtuldu. \u201cArt\u0131k kimseye muhta\u00e7 de\u011filim\u201d Tu\u011flu, bu s\u00fcre\u00e7te ya\u015fad\u0131klar\u0131n\u0131, \u201cBa\u015flarda ayakta duram\u0131yordum, koltuk de\u011fnekleri olmadan hareket edemezdim. Ama burada Cemre hocam\u0131n deste\u011fiyle ad\u0131m ad\u0131m kendimi toparlad\u0131m. Art\u0131k kimseye muhta\u00e7 de\u011filim. Daha \u00f6nce \u00e7ok karamsard\u0131m ama buras\u0131 hayat\u0131m\u0131 de\u011fi\u015ftirdi. Belediyemiz s\u0131cak bir \u00e7al\u0131\u015fma ortam\u0131 ve g\u00fcler y\u00fczl\u00fc personeliyle bize b\u00fcy\u00fck destek sa\u011flad\u0131. \u015eimdi hem fiziksel hem de ruhsal olarak \u00e7ok daha iyiyim\u201d s\u00f6zleriyle anlatt\u0131. \u201cHer i\u015fini kendi yapabiliyor\u201d Ahmet Tu\u011flu&#8217;nun e\u011fitmeni Cemre \u0130lk ise s\u00fcre\u00e7le ilgili \u015funlar\u0131 s\u00f6yledi: \u201cAhmet Bey&#8217;le ge\u00e7en yaz tan\u0131\u015ft\u0131k ve \u00e7ok s\u0131k\u0131 bir \u015fekilde \u00e7al\u0131\u015ft\u0131k. \u015eimdi her i\u015fini kendi yapabiliyor. Burada kursiyerlerimizin omurga sa\u011fl\u0131\u011f\u0131n\u0131 iyile\u015ftirmelerine ve hayatlar\u0131na dokunmalar\u0131na yard\u0131mc\u0131 oluyoruz. \u00dccretsiz olarak sundu\u011fumuz bu hizmete ilgi \u00e7ok b\u00fcy\u00fck.\u201d Kaynak: www.kanalv.com.tr Haber Sitesinden Al\u0131nm\u0131\u015ft\u0131r.<\/p>","protected":false},"author":0,"featured_media":21521,"comment_status":"open","ping_status":"open","sticky":false,"template":"","format":"standard","meta":{"_acf_changed":false,"footnotes":""},"categories":[26,535],"tags":[],"class_list":["post-21520","post","type-post","status-publish","format-standard","has-post-thumbnail","hentry","category-antalya","category-uncategorized-tr"],"acf":[],"yoast_head":"<!-- This site is optimized with the Yoast SEO Premium plugin v26.6 (Yoast SEO v27.1.1) - https:\/\/yoast.com\/product\/yoast-seo-premium-wordpress\/ -->\n<title>D\u00fczenli sporla aya\u011fa kalkt\u0131 - Av. Deniz Can K\u0131z\u0131l<\/title>\n<meta name=\"robots\" content=\"index, follow, max-snippet:-1, max-image-preview:large, max-video-preview:-1\" \/>\n<link rel=\"canonical\" href=\"http:\/\/denizcankizil.tr\/en\/haberler\/antalya\/duzenli-sporla-ayaga-kalkti\/\" \/>\n<meta property=\"og:locale\" content=\"en_GB\" \/>\n<meta property=\"og:type\" content=\"article\" \/>\n<meta property=\"og:title\" content=\"D\u00fczenli sporla aya\u011fa kalkt\u0131\" \/>\n<meta property=\"og:description\" content=\"Konyaalt\u0131 il\u00e7esinde ya\u015fayan Ahmet Tu\u011flu, fel\u00e7 ge\u00e7irdikten sonra v\u00fccudunun sa\u011f taraf\u0131n\u0131 kullanamaz hale geldi. Umutsuz oldu\u011fu bir d\u00f6nemde, Konyaalt\u0131 Belediyesi&#8217;nin sabah sporu etkinliklerini fark ederek ileti\u015fime ge\u00e7ti. KONSEM&#8217;de Pilates E\u011fitmeni Cemre \u0130lk ile \u00e7al\u0131\u015fmaya ba\u015flayan Tu\u011flu, azim ve sab\u0131rla y\u00fcr\u00fctt\u00fc\u011f\u00fc egzersizlerle \u00f6nce koltuk de\u011fneklerini b\u0131rakt\u0131, ard\u0131ndan a\u011fr\u0131lar\u0131ndan kurtuldu. \u201cArt\u0131k kimseye muhta\u00e7 de\u011filim\u201d Tu\u011flu, bu s\u00fcre\u00e7te ya\u015fad\u0131klar\u0131n\u0131, \u201cBa\u015flarda ayakta duram\u0131yordum, koltuk de\u011fnekleri olmadan hareket edemezdim. Ama burada Cemre hocam\u0131n deste\u011fiyle ad\u0131m ad\u0131m kendimi toparlad\u0131m. Art\u0131k kimseye muhta\u00e7 de\u011filim. Daha \u00f6nce \u00e7ok karamsard\u0131m ama buras\u0131 hayat\u0131m\u0131 de\u011fi\u015ftirdi. Belediyemiz s\u0131cak bir \u00e7al\u0131\u015fma ortam\u0131 ve g\u00fcler y\u00fczl\u00fc personeliyle bize b\u00fcy\u00fck destek sa\u011flad\u0131. \u015eimdi hem fiziksel hem de ruhsal olarak \u00e7ok daha iyiyim\u201d s\u00f6zleriyle anlatt\u0131. \u201cHer i\u015fini kendi yapabiliyor\u201d Ahmet Tu\u011flu&#8217;nun e\u011fitmeni Cemre \u0130lk ise s\u00fcre\u00e7le ilgili \u015funlar\u0131 s\u00f6yledi: \u201cAhmet Bey&#8217;le ge\u00e7en yaz tan\u0131\u015ft\u0131k ve \u00e7ok s\u0131k\u0131 bir \u015fekilde \u00e7al\u0131\u015ft\u0131k. \u015eimdi her i\u015fini kendi yapabiliyor. Burada kursiyerlerimizin omurga sa\u011fl\u0131\u011f\u0131n\u0131 iyile\u015ftirmelerine ve hayatlar\u0131na dokunmalar\u0131na yard\u0131mc\u0131 oluyoruz. \u00dccretsiz olarak sundu\u011fumuz bu hizmete ilgi \u00e7ok b\u00fcy\u00fck.\u201d Kaynak: www.kanalv.com.tr Haber Sitesinden Al\u0131nm\u0131\u015ft\u0131r.\" \/>\n<meta property=\"og:url\" content=\"http:\/\/denizcankizil.tr\/en\/haberler\/antalya\/duzenli-sporla-ayaga-kalkti\/\" \/>\n<meta property=\"og:site_name\" content=\"Av. Deniz Can K\u0131z\u0131l\" \/>\n<meta property=\"article:published_time\" content=\"2024-12-20T13:41:42+00:00\" \/>\n<meta property=\"og:image\" content=\"http:\/\/denizcankizil.tr\/wp-content\/uploads\/2024\/12\/3698-01-1n3rVv.jpeg\" \/>\n\t<meta property=\"og:image:width\" content=\"1280\" \/>\n\t<meta property=\"og:image:height\" content=\"720\" \/>\n\t<meta property=\"og:image:type\" content=\"image\/jpeg\" \/>\n<meta name=\"twitter:card\" content=\"summary_large_image\" \/>\n<meta name=\"twitter:label1\" content=\"Estimated reading time\" \/>\n\t<meta name=\"twitter:data1\" content=\"1 minute\" \/>\n<script type=\"application\/ld+json\" class=\"yoast-schema-graph\">{\"@context\":\"https:\/\/schema.org\",\"@graph\":[{\"@type\":\"Article\",\"@id\":\"http:\/\/denizcankizil.tr\/en\/haberler\/antalya\/duzenli-sporla-ayaga-kalkti\/#article\",\"isPartOf\":{\"@id\":\"http:\/\/denizcankizil.tr\/en\/haberler\/antalya\/duzenli-sporla-ayaga-kalkti\/\"},\"author\":{\"name\":\"\",\"@id\":\"\"},\"headline\":\"D\u00fczenli sporla aya\u011fa kalkt\u0131\",\"datePublished\":\"2024-12-20T13:41:42+00:00\",\"mainEntityOfPage\":{\"@id\":\"http:\/\/denizcankizil.tr\/en\/haberler\/antalya\/duzenli-sporla-ayaga-kalkti\/\"},\"wordCount\":254,\"commentCount\":0,\"publisher\":{\"@id\":\"https:\/\/denizcankizil.tr\/#organization\"},\"image\":{\"@id\":\"http:\/\/denizcankizil.tr\/en\/haberler\/antalya\/duzenli-sporla-ayaga-kalkti\/#primaryimage\"},\"thumbnailUrl\":\"http:\/\/denizcankizil.tr\/wp-content\/uploads\/2024\/12\/3698-01-1n3rVv.jpeg\",\"articleSection\":[\"Antalya\",\"Uncategorized\"],\"inLanguage\":\"en-GB\",\"potentialAction\":[{\"@type\":\"CommentAction\",\"name\":\"Comment\",\"target\":[\"http:\/\/denizcankizil.tr\/en\/haberler\/antalya\/duzenli-sporla-ayaga-kalkti\/#respond\"]}]},{\"@type\":\"WebPage\",\"@id\":\"http:\/\/denizcankizil.tr\/en\/haberler\/antalya\/duzenli-sporla-ayaga-kalkti\/\",\"url\":\"http:\/\/denizcankizil.tr\/en\/haberler\/antalya\/duzenli-sporla-ayaga-kalkti\/\",\"name\":\"D\u00fczenli sporla aya\u011fa kalkt\u0131 - Av. Deniz Can K\u0131z\u0131l\",\"isPartOf\":{\"@id\":\"https:\/\/denizcankizil.tr\/#website\"},\"primaryImageOfPage\":{\"@id\":\"http:\/\/denizcankizil.tr\/en\/haberler\/antalya\/duzenli-sporla-ayaga-kalkti\/#primaryimage\"},\"image\":{\"@id\":\"http:\/\/denizcankizil.tr\/en\/haberler\/antalya\/duzenli-sporla-ayaga-kalkti\/#primaryimage\"},\"thumbnailUrl\":\"http:\/\/denizcankizil.tr\/wp-content\/uploads\/2024\/12\/3698-01-1n3rVv.jpeg\",\"datePublished\":\"2024-12-20T13:41:42+00:00\",\"breadcrumb\":{\"@id\":\"http:\/\/denizcankizil.tr\/en\/haberler\/antalya\/duzenli-sporla-ayaga-kalkti\/#breadcrumb\"},\"inLanguage\":\"en-GB\",\"potentialAction\":[{\"@type\":\"ReadAction\",\"target\":[\"http:\/\/denizcankizil.tr\/en\/haberler\/antalya\/duzenli-sporla-ayaga-kalkti\/\"]}]},{\"@type\":\"ImageObject\",\"inLanguage\":\"en-GB\",\"@id\":\"http:\/\/denizcankizil.tr\/en\/haberler\/antalya\/duzenli-sporla-ayaga-kalkti\/#primaryimage\",\"url\":\"http:\/\/denizcankizil.tr\/wp-content\/uploads\/2024\/12\/3698-01-1n3rVv.jpeg\",\"contentUrl\":\"http:\/\/denizcankizil.tr\/wp-content\/uploads\/2024\/12\/3698-01-1n3rVv.jpeg\",\"width\":1280,\"height\":720},{\"@type\":\"BreadcrumbList\",\"@id\":\"http:\/\/denizcankizil.tr\/en\/haberler\/antalya\/duzenli-sporla-ayaga-kalkti\/#breadcrumb\",\"itemListElement\":[{\"@type\":\"ListItem\",\"position\":1,\"name\":\"Home\",\"item\":\"https:\/\/denizcankizil.tr\/de\/\"},{\"@type\":\"ListItem\",\"position\":2,\"name\":\"D\u00fczenli sporla aya\u011fa kalkt\u0131\"}]},{\"@type\":\"WebSite\",\"@id\":\"https:\/\/denizcankizil.tr\/#website\",\"url\":\"https:\/\/denizcankizil.tr\/\",\"name\":\"Av. Deniz Can K\u0131z\u0131l\",\"description\":\"Avukat Deniz Can K\u0131z\u0131l Antalya Barosu\",\"publisher\":{\"@id\":\"https:\/\/denizcankizil.tr\/#organization\"},\"potentialAction\":[{\"@type\":\"SearchAction\",\"target\":{\"@type\":\"EntryPoint\",\"urlTemplate\":\"https:\/\/denizcankizil.tr\/?s={search_term_string}\"},\"query-input\":{\"@type\":\"PropertyValueSpecification\",\"valueRequired\":true,\"valueName\":\"search_term_string\"}}],\"inLanguage\":\"en-GB\"},{\"@type\":\"Organization\",\"@id\":\"https:\/\/denizcankizil.tr\/#organization\",\"name\":\"Av. Deniz Can K\u0131z\u0131l\",\"url\":\"https:\/\/denizcankizil.tr\/\",\"logo\":{\"@type\":\"ImageObject\",\"inLanguage\":\"en-GB\",\"@id\":\"https:\/\/denizcankizil.tr\/#\/schema\/logo\/image\/\",\"url\":\"http:\/\/denizcankizil.tr\/wp-content\/uploads\/2024\/10\/siyah-logo-svg.svg\",\"contentUrl\":\"http:\/\/denizcankizil.tr\/wp-content\/uploads\/2024\/10\/siyah-logo-svg.svg\",\"width\":1080,\"height\":1080,\"caption\":\"Av. Deniz Can K\u0131z\u0131l\"},\"image\":{\"@id\":\"https:\/\/denizcankizil.tr\/#\/schema\/logo\/image\/\"}}]}<\/script>\n<!-- \/ Yoast SEO Premium plugin. -->","yoast_head_json":{"title":"D\u00fczenli sporla aya\u011fa kalkt\u0131 - Av. Deniz Can K\u0131z\u0131l","robots":{"index":"index","follow":"follow","max-snippet":"max-snippet:-1","max-image-preview":"max-image-preview:large","max-video-preview":"max-video-preview:-1"},"canonical":"http:\/\/denizcankizil.tr\/en\/haberler\/antalya\/duzenli-sporla-ayaga-kalkti\/","og_locale":"en_GB","og_type":"article","og_title":"D\u00fczenli sporla aya\u011fa kalkt\u0131","og_description":"Konyaalt\u0131 il\u00e7esinde ya\u015fayan Ahmet Tu\u011flu, fel\u00e7 ge\u00e7irdikten sonra v\u00fccudunun sa\u011f taraf\u0131n\u0131 kullanamaz hale geldi. Umutsuz oldu\u011fu bir d\u00f6nemde, Konyaalt\u0131 Belediyesi&#8217;nin sabah sporu etkinliklerini fark ederek ileti\u015fime ge\u00e7ti. KONSEM&#8217;de Pilates E\u011fitmeni Cemre \u0130lk ile \u00e7al\u0131\u015fmaya ba\u015flayan Tu\u011flu, azim ve sab\u0131rla y\u00fcr\u00fctt\u00fc\u011f\u00fc egzersizlerle \u00f6nce koltuk de\u011fneklerini b\u0131rakt\u0131, ard\u0131ndan a\u011fr\u0131lar\u0131ndan kurtuldu. \u201cArt\u0131k kimseye muhta\u00e7 de\u011filim\u201d Tu\u011flu, bu s\u00fcre\u00e7te ya\u015fad\u0131klar\u0131n\u0131, \u201cBa\u015flarda ayakta duram\u0131yordum, koltuk de\u011fnekleri olmadan hareket edemezdim. Ama burada Cemre hocam\u0131n deste\u011fiyle ad\u0131m ad\u0131m kendimi toparlad\u0131m. Art\u0131k kimseye muhta\u00e7 de\u011filim. Daha \u00f6nce \u00e7ok karamsard\u0131m ama buras\u0131 hayat\u0131m\u0131 de\u011fi\u015ftirdi. Belediyemiz s\u0131cak bir \u00e7al\u0131\u015fma ortam\u0131 ve g\u00fcler y\u00fczl\u00fc personeliyle bize b\u00fcy\u00fck destek sa\u011flad\u0131. \u015eimdi hem fiziksel hem de ruhsal olarak \u00e7ok daha iyiyim\u201d s\u00f6zleriyle anlatt\u0131. \u201cHer i\u015fini kendi yapabiliyor\u201d Ahmet Tu\u011flu&#8217;nun e\u011fitmeni Cemre \u0130lk ise s\u00fcre\u00e7le ilgili \u015funlar\u0131 s\u00f6yledi: \u201cAhmet Bey&#8217;le ge\u00e7en yaz tan\u0131\u015ft\u0131k ve \u00e7ok s\u0131k\u0131 bir \u015fekilde \u00e7al\u0131\u015ft\u0131k. \u015eimdi her i\u015fini kendi yapabiliyor. Burada kursiyerlerimizin omurga sa\u011fl\u0131\u011f\u0131n\u0131 iyile\u015ftirmelerine ve hayatlar\u0131na dokunmalar\u0131na yard\u0131mc\u0131 oluyoruz. \u00dccretsiz olarak sundu\u011fumuz bu hizmete ilgi \u00e7ok b\u00fcy\u00fck.\u201d Kaynak: www.kanalv.com.tr Haber Sitesinden Al\u0131nm\u0131\u015ft\u0131r.","og_url":"http:\/\/denizcankizil.tr\/en\/haberler\/antalya\/duzenli-sporla-ayaga-kalkti\/","og_site_name":"Av. Deniz Can K\u0131z\u0131l","article_published_time":"2024-12-20T13:41:42+00:00","og_image":[{"width":1280,"height":720,"url":"http:\/\/denizcankizil.tr\/wp-content\/uploads\/2024\/12\/3698-01-1n3rVv.jpeg","type":"image\/jpeg"}],"twitter_card":"summary_large_image","twitter_misc":{"Estimated reading time":"1 minute"},"schema":{"@context":"https:\/\/schema.org","@graph":[{"@type":"Article","@id":"http:\/\/denizcankizil.tr\/en\/haberler\/antalya\/duzenli-sporla-ayaga-kalkti\/#article","isPartOf":{"@id":"http:\/\/denizcankizil.tr\/en\/haberler\/antalya\/duzenli-sporla-ayaga-kalkti\/"},"author":{"name":"","@id":""},"headline":"D\u00fczenli sporla aya\u011fa kalkt\u0131","datePublished":"2024-12-20T13:41:42+00:00","mainEntityOfPage":{"@id":"http:\/\/denizcankizil.tr\/en\/haberler\/antalya\/duzenli-sporla-ayaga-kalkti\/"},"wordCount":254,"commentCount":0,"publisher":{"@id":"https:\/\/denizcankizil.tr\/#organization"},"image":{"@id":"http:\/\/denizcankizil.tr\/en\/haberler\/antalya\/duzenli-sporla-ayaga-kalkti\/#primaryimage"},"thumbnailUrl":"http:\/\/denizcankizil.tr\/wp-content\/uploads\/2024\/12\/3698-01-1n3rVv.jpeg","articleSection":["Antalya","Uncategorized"],"inLanguage":"en-GB","potentialAction":[{"@type":"CommentAction","name":"Comment","target":["http:\/\/denizcankizil.tr\/en\/haberler\/antalya\/duzenli-sporla-ayaga-kalkti\/#respond"]}]},{"@type":"WebPage","@id":"http:\/\/denizcankizil.tr\/en\/haberler\/antalya\/duzenli-sporla-ayaga-kalkti\/","url":"http:\/\/denizcankizil.tr\/en\/haberler\/antalya\/duzenli-sporla-ayaga-kalkti\/","name":"D\u00fczenli sporla aya\u011fa kalkt\u0131 - Av. Deniz Can K\u0131z\u0131l","isPartOf":{"@id":"https:\/\/denizcankizil.tr\/#website"},"primaryImageOfPage":{"@id":"http:\/\/denizcankizil.tr\/en\/haberler\/antalya\/duzenli-sporla-ayaga-kalkti\/#primaryimage"},"image":{"@id":"http:\/\/denizcankizil.tr\/en\/haberler\/antalya\/duzenli-sporla-ayaga-kalkti\/#primaryimage"},"thumbnailUrl":"http:\/\/denizcankizil.tr\/wp-content\/uploads\/2024\/12\/3698-01-1n3rVv.jpeg","datePublished":"2024-12-20T13:41:42+00:00","breadcrumb":{"@id":"http:\/\/denizcankizil.tr\/en\/haberler\/antalya\/duzenli-sporla-ayaga-kalkti\/#breadcrumb"},"inLanguage":"en-GB","potentialAction":[{"@type":"ReadAction","target":["http:\/\/denizcankizil.tr\/en\/haberler\/antalya\/duzenli-sporla-ayaga-kalkti\/"]}]},{"@type":"ImageObject","inLanguage":"en-GB","@id":"http:\/\/denizcankizil.tr\/en\/haberler\/antalya\/duzenli-sporla-ayaga-kalkti\/#primaryimage","url":"http:\/\/denizcankizil.tr\/wp-content\/uploads\/2024\/12\/3698-01-1n3rVv.jpeg","contentUrl":"http:\/\/denizcankizil.tr\/wp-content\/uploads\/2024\/12\/3698-01-1n3rVv.jpeg","width":1280,"height":720},{"@type":"BreadcrumbList","@id":"http:\/\/denizcankizil.tr\/en\/haberler\/antalya\/duzenli-sporla-ayaga-kalkti\/#breadcrumb","itemListElement":[{"@type":"ListItem","position":1,"name":"Home","item":"https:\/\/denizcankizil.tr\/de\/"},{"@type":"ListItem","position":2,"name":"D\u00fczenli sporla aya\u011fa kalkt\u0131"}]},{"@type":"WebSite","@id":"https:\/\/denizcankizil.tr\/#website","url":"https:\/\/denizcankizil.tr\/","name":"Av. Deniz Can K\u0131z\u0131l","description":"Avukat Deniz Can K\u0131z\u0131l Antalya Barosu","publisher":{"@id":"https:\/\/denizcankizil.tr\/#organization"},"potentialAction":[{"@type":"SearchAction","target":{"@type":"EntryPoint","urlTemplate":"https:\/\/denizcankizil.tr\/?s={search_term_string}"},"query-input":{"@type":"PropertyValueSpecification","valueRequired":true,"valueName":"search_term_string"}}],"inLanguage":"en-GB"},{"@type":"Organization","@id":"https:\/\/denizcankizil.tr\/#organization","name":"Av. Deniz Can K\u0131z\u0131l","url":"https:\/\/denizcankizil.tr\/","logo":{"@type":"ImageObject","inLanguage":"en-GB","@id":"https:\/\/denizcankizil.tr\/#\/schema\/logo\/image\/","url":"http:\/\/denizcankizil.tr\/wp-content\/uploads\/2024\/10\/siyah-logo-svg.svg","contentUrl":"http:\/\/denizcankizil.tr\/wp-content\/uploads\/2024\/10\/siyah-logo-svg.svg","width":1080,"height":1080,"caption":"Av. Deniz Can K\u0131z\u0131l"},"image":{"@id":"https:\/\/denizcankizil.tr\/#\/schema\/logo\/image\/"}}]}},"_links":{"self":[{"href":"http:\/\/denizcankizil.tr\/en\/wp-json\/wp\/v2\/posts\/21520","targetHints":{"allow":["GET"]}}],"collection":[{"href":"http:\/\/denizcankizil.tr\/en\/wp-json\/wp\/v2\/posts"}],"about":[{"href":"http:\/\/denizcankizil.tr\/en\/wp-json\/wp\/v2\/types\/post"}],"replies":[{"embeddable":true,"href":"http:\/\/denizcankizil.tr\/en\/wp-json\/wp\/v2\/comments?post=21520"}],"version-history":[{"count":0,"href":"http:\/\/denizcankizil.tr\/en\/wp-json\/wp\/v2\/posts\/21520\/revisions"}],"wp:featuredmedia":[{"embeddable":true,"href":"http:\/\/denizcankizil.tr\/en\/wp-json\/wp\/v2\/media\/21521"}],"wp:attachment":[{"href":"http:\/\/denizcankizil.tr\/en\/wp-json\/wp\/v2\/media?parent=21520"}],"wp:term":[{"taxonomy":"category","embeddable":true,"href":"http:\/\/denizcankizil.tr\/en\/wp-json\/wp\/v2\/categories?post=21520"},{"taxonomy":"post_tag","embeddable":true,"href":"http:\/\/denizcankizil.tr\/en\/wp-json\/wp\/v2\/tags?post=21520"}],"curies":[{"name":"wp","href":"https:\/\/api.w.org\/{rel}","templated":true}]}}