{"id":21460,"date":"2024-12-20T10:42:19","date_gmt":"2024-12-20T07:42:19","guid":{"rendered":"https:\/\/denizcankizil.tr\/uncategorized-tr\/pasanin-sofracisi-bursa-osmangazide-okurlariyla-bulustu\/"},"modified":"2024-12-20T10:42:19","modified_gmt":"2024-12-20T07:42:19","slug":"pasanin-sofracisi-bursa-osmangazide-okurlariyla-bulustu","status":"publish","type":"post","link":"http:\/\/denizcankizil.tr\/en\/haberler\/gundem\/pasanin-sofracisi-bursa-osmangazide-okurlariyla-bulustu\/","title":{"rendered":"\u2018Pa\u015fa\u2019n\u0131n Sofrac\u0131s\u0131\u2019 Bursa Osmangazi\u2019de okurlar\u0131yla bulu\u015ftu"},"content":{"rendered":"<p>Bursa Osmangazi Belediyesi\u2019nin d\u00fczenledi\u011fi 1 kitap 1 yazar bulu\u015fmalar\u0131n\u0131n bu kez konu\u011fu Bursa\u2019n\u0131n deneyimli gazetecisi, s\u00fcrekli bas\u0131n kart\u0131 sahibi Olay Gazetesi Yazar\u0131 \u0130hsan Ayd\u0131n oldu.BURSA (\u0130GFA) &#8211;\u00a0\u00a0Gazeteci Yazar \u0130hsan Ayd\u0131n\u2019\u0131n amcas\u0131 Memi\u015f Ayd\u0131n\u2019\u0131n \u0130smet \u0130n\u00f6n\u00fc ve ailesi ile Pembe K\u00f6\u015fk\u2019te ya\u015fad\u0131\u011f\u0131 3 y\u0131l\u0131 anlatan \u201cPa\u015fa\u2019n\u0131n Sofrac\u0131s\u0131\u201d kitab\u0131 i\u00e7in Osmangazi Belediyesi s\u00f6yle\u015fi ve imza g\u00fcn\u00fc d\u00fczenledi.<br \/>\nHasan \u00c2li Y\u00fccel D\u00fcnya Klasikleri K\u00fct\u00fcphanesi\u2019nde d\u00fczenlenen s\u00f6yle\u015fi ve imza g\u00fcn\u00fcne Bursa B\u00fcy\u00fck\u015fehir Ba\u015fkan Vekili Sinan Nergiz, Osmangazi Belediye Ba\u015fkan Yard\u0131mc\u0131s\u0131 Mutlu Esendemir ve \u00e7ok say\u0131da Osmangazilikitap sever kat\u0131ld\u0131.<\/p>\n<p>Ayd\u0131n, amcas\u0131 Memi\u015f Ayd\u0131n\u2019\u0131n 14 ya\u015f\u0131nda, 17 ya\u015f\u0131na kadar 3 y\u0131l boyunca \u00a0Pembe K\u00f6\u015fk\u2019te ge\u00e7en \u0130smet \u0130n\u00f6n\u00fc ve ailesine dair pek \u00e7ok ayr\u0131nt\u0131n\u0131n bulundu\u011fu \u0130hsan Ayd\u0131n\u2019\u0131n ger\u00e7ek hikayelerden kaleme ald\u0131\u011f\u0131 \u201cPa\u015fa\u2019n\u0131n Sofrac\u0131s\u0131\u201d kitab\u0131d\u00fczenlenen s\u00f6yle\u015fi ve imza g\u00fcn\u00fcnde b\u00fcy\u00fck ilgi g\u00f6rd\u00fc.\u00a0<\/p>\n<p>\u00a0D\u00fczenlenen imza g\u00fcn\u00fc ve s\u00f6yle\u015fide kitab\u0131n hikayesini anlatan \u0130hsan Ayd\u0131n, \u201cOsmangazi Bursa\u2019n\u0131n ve T\u00fcrkiye\u2019nin en b\u00fcy\u00fck il\u00e7elerinde bir tanesi Bursa\u2019n\u0131n kalbi say\u0131lan bir nokta Osmangazi Belediyesi, kitap, e\u011fitim, gen\u00e7lik, kad\u0131nlara ve dezavantajl\u0131 guruplara kar\u015f\u0131 \u00e7al\u0131\u015fmalar\u0131n\u0131 ilgiyle izliyoruz. Pa\u015fa\u2019n\u0131n Sofrac\u0131s\u0131n\u0131n hikayesi asl\u0131nda benim \u00f6z amcam\u0131n hikayesi, amcam \u015fuanda 90 ya\u015flar\u0131nda amcam\u0131n yar\u0131m as\u0131r \u00f6nce biriktirdi\u011fi an\u0131lar\u0131 gelecek ku\u015faklara ta\u015f\u0131ma ad\u0131na g\u00f6rev \u00fcstlendik ve kitab\u0131m\u0131z\u0131 bast\u0131k iyide ilgi g\u00f6r\u00fcyor.<\/p>\n<p>T\u00fcrkiye Cumhuriyeti\u2019nin 2 numaral\u0131 ismi \u0130smet \u0130n\u00f6n\u00fc ve ailesinin yan\u0131nda 3 y\u0131l boyunca hizmet etmi\u015f bir b\u00fcy\u00fc\u011f\u00fcn o ailenin yak\u0131ndan tan\u0131d\u0131\u011f\u0131 \u00f6zelliklerini bizde kitaba aktarm\u0131\u015f olduk. Kitab\u0131 okudu\u011funuzda ve de\u011ferlendirdi\u011finizde \u0130n\u00f6n\u00fc ailesine d\u00f6n\u00fck ge\u00e7mi\u015fte ki \u00f6n yarg\u0131lar\u0131n bir k\u0131sm\u0131n\u0131 ortadan kald\u0131racak an\u0131lar var bu bire bir birinci a\u011f\u0131zdan \u00a0kaleme al\u0131nm\u0131\u015f hikayeler. \u0130smet \u0130n\u00f6n\u00fc\u2019n\u00fcn T\u00fcrkiye\u2019ye yapt\u0131\u011f\u0131 hizmetlerin \u00f6neminin vurguland\u0131\u011f\u0131 bir kitap\u201d dedi.\u00a0<\/p>\n<p>\u200bBursa Osmangazi Belediyesi\u2019nin d\u00fczenledi\u011fi 1 kitap 1 yazar bulu\u015fmalar\u0131n\u0131n bu kez konu\u011fu Bursa\u2019n\u0131n deneyimli gazetecisi, s\u00fcrekli bas\u0131n kart\u0131 sahibi Olay Gazetesi Yazar\u0131 \u0130hsan Ayd\u0131n oldu.BURSA (\u0130GFA) &#8211;\u00a0\u00a0Gazeteci Yazar \u0130hsan Ayd\u0131n\u2019\u0131n amcas\u0131 Memi\u015f Ayd\u0131n\u2019\u0131n \u0130smet \u0130n\u00f6n\u00fc ve ailesi ile Pembe K\u00f6\u015fk\u2019te ya\u015fad\u0131\u011f\u0131 3 y\u0131l\u0131 anlatan \u201cPa\u015fa\u2019n\u0131n Sofrac\u0131s\u0131\u201d kitab\u0131 i\u00e7in Osmangazi Belediyesi s\u00f6yle\u015fi ve imza g\u00fcn\u00fc d\u00fczenledi.<br \/>\nHasan \u00c2li Y\u00fccel D\u00fcnya Klasikleri K\u00fct\u00fcphanesi\u2019nde d\u00fczenlenen s\u00f6yle\u015fi ve imza g\u00fcn\u00fcne Bursa B\u00fcy\u00fck\u015fehir Ba\u015fkan Vekili Sinan Nergiz, Osmangazi Belediye Ba\u015fkan Yard\u0131mc\u0131s\u0131 Mutlu Esendemir ve \u00e7ok say\u0131da Osmangazilikitap sever kat\u0131ld\u0131.<\/p>\n<p>Ayd\u0131n, amcas\u0131 Memi\u015f Ayd\u0131n\u2019\u0131n 14 ya\u015f\u0131nda, 17 ya\u015f\u0131na kadar 3 y\u0131l boyunca \u00a0Pembe K\u00f6\u015fk\u2019te ge\u00e7en \u0130smet \u0130n\u00f6n\u00fc ve ailesine dair pek \u00e7ok ayr\u0131nt\u0131n\u0131n bulundu\u011fu \u0130hsan Ayd\u0131n\u2019\u0131n ger\u00e7ek hikayelerden kaleme ald\u0131\u011f\u0131 \u201cPa\u015fa\u2019n\u0131n Sofrac\u0131s\u0131\u201d kitab\u0131d\u00fczenlenen s\u00f6yle\u015fi ve imza g\u00fcn\u00fcnde b\u00fcy\u00fck ilgi g\u00f6rd\u00fc.\u00a0<\/p>\n<p>\u00a0D\u00fczenlenen imza g\u00fcn\u00fc ve s\u00f6yle\u015fide kitab\u0131n hikayesini anlatan \u0130hsan Ayd\u0131n, \u201cOsmangazi Bursa\u2019n\u0131n ve T\u00fcrkiye\u2019nin en b\u00fcy\u00fck il\u00e7elerinde bir tanesi Bursa\u2019n\u0131n kalbi say\u0131lan bir nokta Osmangazi Belediyesi, kitap, e\u011fitim, gen\u00e7lik, kad\u0131nlara ve dezavantajl\u0131 guruplara kar\u015f\u0131 \u00e7al\u0131\u015fmalar\u0131n\u0131 ilgiyle izliyoruz. Pa\u015fa\u2019n\u0131n Sofrac\u0131s\u0131n\u0131n hikayesi asl\u0131nda benim \u00f6z amcam\u0131n hikayesi, amcam \u015fuanda 90 ya\u015flar\u0131nda amcam\u0131n yar\u0131m as\u0131r \u00f6nce biriktirdi\u011fi an\u0131lar\u0131 gelecek ku\u015faklara ta\u015f\u0131ma ad\u0131na g\u00f6rev \u00fcstlendik ve kitab\u0131m\u0131z\u0131 bast\u0131k iyide ilgi g\u00f6r\u00fcyor.<\/p>\n<p>T\u00fcrkiye Cumhuriyeti\u2019nin 2 numaral\u0131 ismi \u0130smet \u0130n\u00f6n\u00fc ve ailesinin yan\u0131nda 3 y\u0131l boyunca hizmet etmi\u015f bir b\u00fcy\u00fc\u011f\u00fcn o ailenin yak\u0131ndan tan\u0131d\u0131\u011f\u0131 \u00f6zelliklerini bizde kitaba aktarm\u0131\u015f olduk. Kitab\u0131 okudu\u011funuzda ve de\u011ferlendirdi\u011finizde \u0130n\u00f6n\u00fc ailesine d\u00f6n\u00fck ge\u00e7mi\u015fte ki \u00f6n yarg\u0131lar\u0131n bir k\u0131sm\u0131n\u0131 ortadan kald\u0131racak an\u0131lar var bu bire bir birinci a\u011f\u0131zdan \u00a0kaleme al\u0131nm\u0131\u015f hikayeler. \u0130smet \u0130n\u00f6n\u00fc\u2019n\u00fcn T\u00fcrkiye\u2019ye yapt\u0131\u011f\u0131 hizmetlerin \u00f6neminin vurguland\u0131\u011f\u0131 bir kitap\u201d dedi.\u00a0\u00a0<\/p>\n<p>\u200bHaberin Al\u0131nt\u0131land\u0131\u011f\u0131 Kaynak: www.iskenderun.org<\/p>","protected":false},"excerpt":{"rendered":"<p>Bursa Osmangazi Belediyesi\u2019nin d\u00fczenledi\u011fi 1 kitap 1 yazar bulu\u015fmalar\u0131n\u0131n bu kez konu\u011fu Bursa\u2019n\u0131n deneyimli gazetecisi, s\u00fcrekli bas\u0131n kart\u0131 sahibi Olay Gazetesi Yazar\u0131 \u0130hsan Ayd\u0131n oldu.BURSA (\u0130GFA) &#8211;\u00a0\u00a0Gazeteci Yazar \u0130hsan Ayd\u0131n\u2019\u0131n amcas\u0131 Memi\u015f Ayd\u0131n\u2019\u0131n \u0130smet \u0130n\u00f6n\u00fc ve ailesi ile Pembe K\u00f6\u015fk\u2019te ya\u015fad\u0131\u011f\u0131 3 y\u0131l\u0131 anlatan \u201cPa\u015fa\u2019n\u0131n Sofrac\u0131s\u0131\u201d kitab\u0131 i\u00e7in Osmangazi Belediyesi s\u00f6yle\u015fi ve imza g\u00fcn\u00fc d\u00fczenledi. Hasan \u00c2li Y\u00fccel D\u00fcnya Klasikleri K\u00fct\u00fcphanesi\u2019nde d\u00fczenlenen s\u00f6yle\u015fi ve imza g\u00fcn\u00fcne Bursa B\u00fcy\u00fck\u015fehir Ba\u015fkan Vekili Sinan Nergiz, Osmangazi Belediye Ba\u015fkan Yard\u0131mc\u0131s\u0131 Mutlu Esendemir ve \u00e7ok say\u0131da Osmangazilikitap sever kat\u0131ld\u0131. Ayd\u0131n, amcas\u0131 Memi\u015f Ayd\u0131n\u2019\u0131n 14 ya\u015f\u0131nda, 17 ya\u015f\u0131na kadar 3 y\u0131l boyunca \u00a0Pembe K\u00f6\u015fk\u2019te ge\u00e7en \u0130smet \u0130n\u00f6n\u00fc ve ailesine dair pek \u00e7ok ayr\u0131nt\u0131n\u0131n bulundu\u011fu \u0130hsan Ayd\u0131n\u2019\u0131n ger\u00e7ek hikayelerden kaleme ald\u0131\u011f\u0131 \u201cPa\u015fa\u2019n\u0131n Sofrac\u0131s\u0131\u201d kitab\u0131d\u00fczenlenen s\u00f6yle\u015fi ve imza g\u00fcn\u00fcnde b\u00fcy\u00fck ilgi g\u00f6rd\u00fc.\u00a0 \u00a0D\u00fczenlenen imza g\u00fcn\u00fc ve s\u00f6yle\u015fide kitab\u0131n hikayesini anlatan \u0130hsan Ayd\u0131n, \u201cOsmangazi Bursa\u2019n\u0131n ve T\u00fcrkiye\u2019nin en b\u00fcy\u00fck il\u00e7elerinde bir tanesi Bursa\u2019n\u0131n kalbi say\u0131lan bir nokta Osmangazi Belediyesi, kitap, e\u011fitim, gen\u00e7lik, kad\u0131nlara ve dezavantajl\u0131 guruplara kar\u015f\u0131 \u00e7al\u0131\u015fmalar\u0131n\u0131 ilgiyle izliyoruz. Pa\u015fa\u2019n\u0131n Sofrac\u0131s\u0131n\u0131n hikayesi asl\u0131nda benim \u00f6z amcam\u0131n hikayesi, amcam \u015fuanda 90 ya\u015flar\u0131nda amcam\u0131n yar\u0131m as\u0131r \u00f6nce biriktirdi\u011fi an\u0131lar\u0131 gelecek ku\u015faklara ta\u015f\u0131ma ad\u0131na g\u00f6rev \u00fcstlendik ve kitab\u0131m\u0131z\u0131 bast\u0131k iyide ilgi g\u00f6r\u00fcyor. T\u00fcrkiye Cumhuriyeti\u2019nin 2 numaral\u0131 ismi \u0130smet \u0130n\u00f6n\u00fc ve ailesinin &hellip;<\/p>","protected":false},"author":0,"featured_media":0,"comment_status":"open","ping_status":"open","sticky":false,"template":"","format":"standard","meta":{"_acf_changed":false,"footnotes":""},"categories":[24,535],"tags":[],"class_list":["post-21460","post","type-post","status-publish","format-standard","has-post-thumbnail","hentry","category-gundem","category-uncategorized-tr"],"acf":[],"yoast_head":"<!-- This site is optimized with the Yoast SEO Premium plugin v26.6 (Yoast SEO v27.1.1) - https:\/\/yoast.com\/product\/yoast-seo-premium-wordpress\/ -->\n<title>\u2018Pa\u015fa\u2019n\u0131n Sofrac\u0131s\u0131\u2019 Bursa Osmangazi\u2019de okurlar\u0131yla bulu\u015ftu - Av. Deniz Can K\u0131z\u0131l<\/title>\n<meta name=\"robots\" content=\"index, follow, max-snippet:-1, max-image-preview:large, max-video-preview:-1\" \/>\n<link rel=\"canonical\" href=\"http:\/\/denizcankizil.tr\/en\/haberler\/gundem\/pasanin-sofracisi-bursa-osmangazide-okurlariyla-bulustu\/\" \/>\n<meta property=\"og:locale\" content=\"en_GB\" \/>\n<meta property=\"og:type\" content=\"article\" \/>\n<meta property=\"og:title\" content=\"\u2018Pa\u015fa\u2019n\u0131n Sofrac\u0131s\u0131\u2019 Bursa Osmangazi\u2019de okurlar\u0131yla bulu\u015ftu\" \/>\n<meta property=\"og:description\" content=\"Bursa Osmangazi Belediyesi\u2019nin d\u00fczenledi\u011fi 1 kitap 1 yazar bulu\u015fmalar\u0131n\u0131n bu kez konu\u011fu Bursa\u2019n\u0131n deneyimli gazetecisi, s\u00fcrekli bas\u0131n kart\u0131 sahibi Olay Gazetesi Yazar\u0131 \u0130hsan Ayd\u0131n oldu.BURSA (\u0130GFA) &#8211;\u00a0\u00a0Gazeteci Yazar \u0130hsan Ayd\u0131n\u2019\u0131n amcas\u0131 Memi\u015f Ayd\u0131n\u2019\u0131n \u0130smet \u0130n\u00f6n\u00fc ve ailesi ile Pembe K\u00f6\u015fk\u2019te ya\u015fad\u0131\u011f\u0131 3 y\u0131l\u0131 anlatan \u201cPa\u015fa\u2019n\u0131n Sofrac\u0131s\u0131\u201d kitab\u0131 i\u00e7in Osmangazi Belediyesi s\u00f6yle\u015fi ve imza g\u00fcn\u00fc d\u00fczenledi. Hasan \u00c2li Y\u00fccel D\u00fcnya Klasikleri K\u00fct\u00fcphanesi\u2019nde d\u00fczenlenen s\u00f6yle\u015fi ve imza g\u00fcn\u00fcne Bursa B\u00fcy\u00fck\u015fehir Ba\u015fkan Vekili Sinan Nergiz, Osmangazi Belediye Ba\u015fkan Yard\u0131mc\u0131s\u0131 Mutlu Esendemir ve \u00e7ok say\u0131da Osmangazilikitap sever kat\u0131ld\u0131. Ayd\u0131n, amcas\u0131 Memi\u015f Ayd\u0131n\u2019\u0131n 14 ya\u015f\u0131nda, 17 ya\u015f\u0131na kadar 3 y\u0131l boyunca \u00a0Pembe K\u00f6\u015fk\u2019te ge\u00e7en \u0130smet \u0130n\u00f6n\u00fc ve ailesine dair pek \u00e7ok ayr\u0131nt\u0131n\u0131n bulundu\u011fu \u0130hsan Ayd\u0131n\u2019\u0131n ger\u00e7ek hikayelerden kaleme ald\u0131\u011f\u0131 \u201cPa\u015fa\u2019n\u0131n Sofrac\u0131s\u0131\u201d kitab\u0131d\u00fczenlenen s\u00f6yle\u015fi ve imza g\u00fcn\u00fcnde b\u00fcy\u00fck ilgi g\u00f6rd\u00fc.\u00a0 \u00a0D\u00fczenlenen imza g\u00fcn\u00fc ve s\u00f6yle\u015fide kitab\u0131n hikayesini anlatan \u0130hsan Ayd\u0131n, \u201cOsmangazi Bursa\u2019n\u0131n ve T\u00fcrkiye\u2019nin en b\u00fcy\u00fck il\u00e7elerinde bir tanesi Bursa\u2019n\u0131n kalbi say\u0131lan bir nokta Osmangazi Belediyesi, kitap, e\u011fitim, gen\u00e7lik, kad\u0131nlara ve dezavantajl\u0131 guruplara kar\u015f\u0131 \u00e7al\u0131\u015fmalar\u0131n\u0131 ilgiyle izliyoruz. Pa\u015fa\u2019n\u0131n Sofrac\u0131s\u0131n\u0131n hikayesi asl\u0131nda benim \u00f6z amcam\u0131n hikayesi, amcam \u015fuanda 90 ya\u015flar\u0131nda amcam\u0131n yar\u0131m as\u0131r \u00f6nce biriktirdi\u011fi an\u0131lar\u0131 gelecek ku\u015faklara ta\u015f\u0131ma ad\u0131na g\u00f6rev \u00fcstlendik ve kitab\u0131m\u0131z\u0131 bast\u0131k iyide ilgi g\u00f6r\u00fcyor. T\u00fcrkiye Cumhuriyeti\u2019nin 2 numaral\u0131 ismi \u0130smet \u0130n\u00f6n\u00fc ve ailesinin &hellip;\" \/>\n<meta property=\"og:url\" content=\"http:\/\/denizcankizil.tr\/en\/haberler\/gundem\/pasanin-sofracisi-bursa-osmangazide-okurlariyla-bulustu\/\" \/>\n<meta property=\"og:site_name\" content=\"Av. Deniz Can K\u0131z\u0131l\" \/>\n<meta property=\"article:published_time\" content=\"2024-12-20T07:42:19+00:00\" \/>\n<meta name=\"twitter:card\" content=\"summary_large_image\" \/>\n<meta name=\"twitter:label1\" content=\"Estimated reading time\" \/>\n\t<meta name=\"twitter:data1\" content=\"4 minutes\" \/>\n<script type=\"application\/ld+json\" class=\"yoast-schema-graph\">{\"@context\":\"https:\/\/schema.org\",\"@graph\":[{\"@type\":\"Article\",\"@id\":\"http:\/\/denizcankizil.tr\/en\/haberler\/gundem\/pasanin-sofracisi-bursa-osmangazide-okurlariyla-bulustu\/#article\",\"isPartOf\":{\"@id\":\"http:\/\/denizcankizil.tr\/en\/haberler\/gundem\/pasanin-sofracisi-bursa-osmangazide-okurlariyla-bulustu\/\"},\"author\":{\"name\":\"\",\"@id\":\"\"},\"headline\":\"\u2018Pa\u015fa\u2019n\u0131n Sofrac\u0131s\u0131\u2019 Bursa Osmangazi\u2019de okurlar\u0131yla bulu\u015ftu\",\"datePublished\":\"2024-12-20T07:42:19+00:00\",\"mainEntityOfPage\":{\"@id\":\"http:\/\/denizcankizil.tr\/en\/haberler\/gundem\/pasanin-sofracisi-bursa-osmangazide-okurlariyla-bulustu\/\"},\"wordCount\":819,\"commentCount\":0,\"publisher\":{\"@id\":\"https:\/\/denizcankizil.tr\/de\/#organization\"},\"articleSection\":[\"G\u00fcndem\",\"Uncategorized\"],\"inLanguage\":\"en-GB\",\"potentialAction\":[{\"@type\":\"CommentAction\",\"name\":\"Comment\",\"target\":[\"http:\/\/denizcankizil.tr\/en\/haberler\/gundem\/pasanin-sofracisi-bursa-osmangazide-okurlariyla-bulustu\/#respond\"]}]},{\"@type\":\"WebPage\",\"@id\":\"http:\/\/denizcankizil.tr\/en\/haberler\/gundem\/pasanin-sofracisi-bursa-osmangazide-okurlariyla-bulustu\/\",\"url\":\"http:\/\/denizcankizil.tr\/en\/haberler\/gundem\/pasanin-sofracisi-bursa-osmangazide-okurlariyla-bulustu\/\",\"name\":\"\u2018Pa\u015fa\u2019n\u0131n Sofrac\u0131s\u0131\u2019 Bursa Osmangazi\u2019de okurlar\u0131yla bulu\u015ftu - Av. Deniz Can K\u0131z\u0131l\",\"isPartOf\":{\"@id\":\"https:\/\/denizcankizil.tr\/de\/#website\"},\"datePublished\":\"2024-12-20T07:42:19+00:00\",\"breadcrumb\":{\"@id\":\"http:\/\/denizcankizil.tr\/en\/haberler\/gundem\/pasanin-sofracisi-bursa-osmangazide-okurlariyla-bulustu\/#breadcrumb\"},\"inLanguage\":\"en-GB\",\"potentialAction\":[{\"@type\":\"ReadAction\",\"target\":[\"http:\/\/denizcankizil.tr\/en\/haberler\/gundem\/pasanin-sofracisi-bursa-osmangazide-okurlariyla-bulustu\/\"]}]},{\"@type\":\"BreadcrumbList\",\"@id\":\"http:\/\/denizcankizil.tr\/en\/haberler\/gundem\/pasanin-sofracisi-bursa-osmangazide-okurlariyla-bulustu\/#breadcrumb\",\"itemListElement\":[{\"@type\":\"ListItem\",\"position\":1,\"name\":\"Home\",\"item\":\"https:\/\/denizcankizil.tr\/de\/\"},{\"@type\":\"ListItem\",\"position\":2,\"name\":\"\u2018Pa\u015fa\u2019n\u0131n Sofrac\u0131s\u0131\u2019 Bursa Osmangazi\u2019de okurlar\u0131yla bulu\u015ftu\"}]},{\"@type\":\"WebSite\",\"@id\":\"https:\/\/denizcankizil.tr\/de\/#website\",\"url\":\"https:\/\/denizcankizil.tr\/de\/\",\"name\":\"Av. Deniz Can K\u0131z\u0131l\",\"description\":\"Avukat Deniz Can K\u0131z\u0131l Antalya Barosu\",\"publisher\":{\"@id\":\"https:\/\/denizcankizil.tr\/de\/#organization\"},\"potentialAction\":[{\"@type\":\"SearchAction\",\"target\":{\"@type\":\"EntryPoint\",\"urlTemplate\":\"https:\/\/denizcankizil.tr\/de\/?s={search_term_string}\"},\"query-input\":{\"@type\":\"PropertyValueSpecification\",\"valueRequired\":true,\"valueName\":\"search_term_string\"}}],\"inLanguage\":\"en-GB\"},{\"@type\":\"Organization\",\"@id\":\"https:\/\/denizcankizil.tr\/de\/#organization\",\"name\":\"Av. Deniz Can K\u0131z\u0131l\",\"url\":\"https:\/\/denizcankizil.tr\/de\/\",\"logo\":{\"@type\":\"ImageObject\",\"inLanguage\":\"en-GB\",\"@id\":\"https:\/\/denizcankizil.tr\/de\/#\/schema\/logo\/image\/\",\"url\":\"http:\/\/denizcankizil.tr\/wp-content\/uploads\/2024\/10\/siyah-logo-svg.svg\",\"contentUrl\":\"http:\/\/denizcankizil.tr\/wp-content\/uploads\/2024\/10\/siyah-logo-svg.svg\",\"width\":1080,\"height\":1080,\"caption\":\"Av. Deniz Can K\u0131z\u0131l\"},\"image\":{\"@id\":\"https:\/\/denizcankizil.tr\/de\/#\/schema\/logo\/image\/\"}}]}<\/script>\n<!-- \/ Yoast SEO Premium plugin. -->","yoast_head_json":{"title":"\u2018Pa\u015fa\u2019n\u0131n Sofrac\u0131s\u0131\u2019 Bursa Osmangazi\u2019de okurlar\u0131yla bulu\u015ftu - Av. Deniz Can K\u0131z\u0131l","robots":{"index":"index","follow":"follow","max-snippet":"max-snippet:-1","max-image-preview":"max-image-preview:large","max-video-preview":"max-video-preview:-1"},"canonical":"http:\/\/denizcankizil.tr\/en\/haberler\/gundem\/pasanin-sofracisi-bursa-osmangazide-okurlariyla-bulustu\/","og_locale":"en_GB","og_type":"article","og_title":"\u2018Pa\u015fa\u2019n\u0131n Sofrac\u0131s\u0131\u2019 Bursa Osmangazi\u2019de okurlar\u0131yla bulu\u015ftu","og_description":"Bursa Osmangazi Belediyesi\u2019nin d\u00fczenledi\u011fi 1 kitap 1 yazar bulu\u015fmalar\u0131n\u0131n bu kez konu\u011fu Bursa\u2019n\u0131n deneyimli gazetecisi, s\u00fcrekli bas\u0131n kart\u0131 sahibi Olay Gazetesi Yazar\u0131 \u0130hsan Ayd\u0131n oldu.BURSA (\u0130GFA) &#8211;\u00a0\u00a0Gazeteci Yazar \u0130hsan Ayd\u0131n\u2019\u0131n amcas\u0131 Memi\u015f Ayd\u0131n\u2019\u0131n \u0130smet \u0130n\u00f6n\u00fc ve ailesi ile Pembe K\u00f6\u015fk\u2019te ya\u015fad\u0131\u011f\u0131 3 y\u0131l\u0131 anlatan \u201cPa\u015fa\u2019n\u0131n Sofrac\u0131s\u0131\u201d kitab\u0131 i\u00e7in Osmangazi Belediyesi s\u00f6yle\u015fi ve imza g\u00fcn\u00fc d\u00fczenledi. Hasan \u00c2li Y\u00fccel D\u00fcnya Klasikleri K\u00fct\u00fcphanesi\u2019nde d\u00fczenlenen s\u00f6yle\u015fi ve imza g\u00fcn\u00fcne Bursa B\u00fcy\u00fck\u015fehir Ba\u015fkan Vekili Sinan Nergiz, Osmangazi Belediye Ba\u015fkan Yard\u0131mc\u0131s\u0131 Mutlu Esendemir ve \u00e7ok say\u0131da Osmangazilikitap sever kat\u0131ld\u0131. Ayd\u0131n, amcas\u0131 Memi\u015f Ayd\u0131n\u2019\u0131n 14 ya\u015f\u0131nda, 17 ya\u015f\u0131na kadar 3 y\u0131l boyunca \u00a0Pembe K\u00f6\u015fk\u2019te ge\u00e7en \u0130smet \u0130n\u00f6n\u00fc ve ailesine dair pek \u00e7ok ayr\u0131nt\u0131n\u0131n bulundu\u011fu \u0130hsan Ayd\u0131n\u2019\u0131n ger\u00e7ek hikayelerden kaleme ald\u0131\u011f\u0131 \u201cPa\u015fa\u2019n\u0131n Sofrac\u0131s\u0131\u201d kitab\u0131d\u00fczenlenen s\u00f6yle\u015fi ve imza g\u00fcn\u00fcnde b\u00fcy\u00fck ilgi g\u00f6rd\u00fc.\u00a0 \u00a0D\u00fczenlenen imza g\u00fcn\u00fc ve s\u00f6yle\u015fide kitab\u0131n hikayesini anlatan \u0130hsan Ayd\u0131n, \u201cOsmangazi Bursa\u2019n\u0131n ve T\u00fcrkiye\u2019nin en b\u00fcy\u00fck il\u00e7elerinde bir tanesi Bursa\u2019n\u0131n kalbi say\u0131lan bir nokta Osmangazi Belediyesi, kitap, e\u011fitim, gen\u00e7lik, kad\u0131nlara ve dezavantajl\u0131 guruplara kar\u015f\u0131 \u00e7al\u0131\u015fmalar\u0131n\u0131 ilgiyle izliyoruz. Pa\u015fa\u2019n\u0131n Sofrac\u0131s\u0131n\u0131n hikayesi asl\u0131nda benim \u00f6z amcam\u0131n hikayesi, amcam \u015fuanda 90 ya\u015flar\u0131nda amcam\u0131n yar\u0131m as\u0131r \u00f6nce biriktirdi\u011fi an\u0131lar\u0131 gelecek ku\u015faklara ta\u015f\u0131ma ad\u0131na g\u00f6rev \u00fcstlendik ve kitab\u0131m\u0131z\u0131 bast\u0131k iyide ilgi g\u00f6r\u00fcyor. T\u00fcrkiye Cumhuriyeti\u2019nin 2 numaral\u0131 ismi \u0130smet \u0130n\u00f6n\u00fc ve ailesinin &hellip;","og_url":"http:\/\/denizcankizil.tr\/en\/haberler\/gundem\/pasanin-sofracisi-bursa-osmangazide-okurlariyla-bulustu\/","og_site_name":"Av. Deniz Can K\u0131z\u0131l","article_published_time":"2024-12-20T07:42:19+00:00","twitter_card":"summary_large_image","twitter_misc":{"Estimated reading time":"4 minutes"},"schema":{"@context":"https:\/\/schema.org","@graph":[{"@type":"Article","@id":"http:\/\/denizcankizil.tr\/en\/haberler\/gundem\/pasanin-sofracisi-bursa-osmangazide-okurlariyla-bulustu\/#article","isPartOf":{"@id":"http:\/\/denizcankizil.tr\/en\/haberler\/gundem\/pasanin-sofracisi-bursa-osmangazide-okurlariyla-bulustu\/"},"author":{"name":"","@id":""},"headline":"\u2018Pa\u015fa\u2019n\u0131n Sofrac\u0131s\u0131\u2019 Bursa Osmangazi\u2019de okurlar\u0131yla bulu\u015ftu","datePublished":"2024-12-20T07:42:19+00:00","mainEntityOfPage":{"@id":"http:\/\/denizcankizil.tr\/en\/haberler\/gundem\/pasanin-sofracisi-bursa-osmangazide-okurlariyla-bulustu\/"},"wordCount":819,"commentCount":0,"publisher":{"@id":"https:\/\/denizcankizil.tr\/de\/#organization"},"articleSection":["G\u00fcndem","Uncategorized"],"inLanguage":"en-GB","potentialAction":[{"@type":"CommentAction","name":"Comment","target":["http:\/\/denizcankizil.tr\/en\/haberler\/gundem\/pasanin-sofracisi-bursa-osmangazide-okurlariyla-bulustu\/#respond"]}]},{"@type":"WebPage","@id":"http:\/\/denizcankizil.tr\/en\/haberler\/gundem\/pasanin-sofracisi-bursa-osmangazide-okurlariyla-bulustu\/","url":"http:\/\/denizcankizil.tr\/en\/haberler\/gundem\/pasanin-sofracisi-bursa-osmangazide-okurlariyla-bulustu\/","name":"\u2018Pa\u015fa\u2019n\u0131n Sofrac\u0131s\u0131\u2019 Bursa Osmangazi\u2019de okurlar\u0131yla bulu\u015ftu - Av. Deniz Can K\u0131z\u0131l","isPartOf":{"@id":"https:\/\/denizcankizil.tr\/de\/#website"},"datePublished":"2024-12-20T07:42:19+00:00","breadcrumb":{"@id":"http:\/\/denizcankizil.tr\/en\/haberler\/gundem\/pasanin-sofracisi-bursa-osmangazide-okurlariyla-bulustu\/#breadcrumb"},"inLanguage":"en-GB","potentialAction":[{"@type":"ReadAction","target":["http:\/\/denizcankizil.tr\/en\/haberler\/gundem\/pasanin-sofracisi-bursa-osmangazide-okurlariyla-bulustu\/"]}]},{"@type":"BreadcrumbList","@id":"http:\/\/denizcankizil.tr\/en\/haberler\/gundem\/pasanin-sofracisi-bursa-osmangazide-okurlariyla-bulustu\/#breadcrumb","itemListElement":[{"@type":"ListItem","position":1,"name":"Home","item":"https:\/\/denizcankizil.tr\/de\/"},{"@type":"ListItem","position":2,"name":"\u2018Pa\u015fa\u2019n\u0131n Sofrac\u0131s\u0131\u2019 Bursa Osmangazi\u2019de okurlar\u0131yla bulu\u015ftu"}]},{"@type":"WebSite","@id":"https:\/\/denizcankizil.tr\/de\/#website","url":"https:\/\/denizcankizil.tr\/de\/","name":"Av. Deniz Can K\u0131z\u0131l","description":"Avukat Deniz Can K\u0131z\u0131l Antalya Barosu","publisher":{"@id":"https:\/\/denizcankizil.tr\/de\/#organization"},"potentialAction":[{"@type":"SearchAction","target":{"@type":"EntryPoint","urlTemplate":"https:\/\/denizcankizil.tr\/de\/?s={search_term_string}"},"query-input":{"@type":"PropertyValueSpecification","valueRequired":true,"valueName":"search_term_string"}}],"inLanguage":"en-GB"},{"@type":"Organization","@id":"https:\/\/denizcankizil.tr\/de\/#organization","name":"Av. Deniz Can K\u0131z\u0131l","url":"https:\/\/denizcankizil.tr\/de\/","logo":{"@type":"ImageObject","inLanguage":"en-GB","@id":"https:\/\/denizcankizil.tr\/de\/#\/schema\/logo\/image\/","url":"http:\/\/denizcankizil.tr\/wp-content\/uploads\/2024\/10\/siyah-logo-svg.svg","contentUrl":"http:\/\/denizcankizil.tr\/wp-content\/uploads\/2024\/10\/siyah-logo-svg.svg","width":1080,"height":1080,"caption":"Av. Deniz Can K\u0131z\u0131l"},"image":{"@id":"https:\/\/denizcankizil.tr\/de\/#\/schema\/logo\/image\/"}}]}},"_links":{"self":[{"href":"http:\/\/denizcankizil.tr\/en\/wp-json\/wp\/v2\/posts\/21460","targetHints":{"allow":["GET"]}}],"collection":[{"href":"http:\/\/denizcankizil.tr\/en\/wp-json\/wp\/v2\/posts"}],"about":[{"href":"http:\/\/denizcankizil.tr\/en\/wp-json\/wp\/v2\/types\/post"}],"replies":[{"embeddable":true,"href":"http:\/\/denizcankizil.tr\/en\/wp-json\/wp\/v2\/comments?post=21460"}],"version-history":[{"count":0,"href":"http:\/\/denizcankizil.tr\/en\/wp-json\/wp\/v2\/posts\/21460\/revisions"}],"wp:attachment":[{"href":"http:\/\/denizcankizil.tr\/en\/wp-json\/wp\/v2\/media?parent=21460"}],"wp:term":[{"taxonomy":"category","embeddable":true,"href":"http:\/\/denizcankizil.tr\/en\/wp-json\/wp\/v2\/categories?post=21460"},{"taxonomy":"post_tag","embeddable":true,"href":"http:\/\/denizcankizil.tr\/en\/wp-json\/wp\/v2\/tags?post=21460"}],"curies":[{"name":"wp","href":"https:\/\/api.w.org\/{rel}","templated":true}]}}