{"id":21341,"date":"2024-12-19T09:42:47","date_gmt":"2024-12-19T06:42:47","guid":{"rendered":"https:\/\/denizcankizil.tr\/uncategorized-tr\/duzcede-zincirleme-kaza-isikta-bekleyen-iki-araca-carpip-kacti\/"},"modified":"2024-12-19T09:42:47","modified_gmt":"2024-12-19T06:42:47","slug":"duzcede-zincirleme-kaza-isikta-bekleyen-iki-araca-carpip-kacti","status":"publish","type":"post","link":"http:\/\/denizcankizil.tr\/en\/haberler\/gundem\/duzcede-zincirleme-kaza-isikta-bekleyen-iki-araca-carpip-kacti\/","title":{"rendered":"D\u00fczce&#8217;de zincirleme kaza! I\u015f\u0131kta bekleyen iki araca \u00e7arp\u0131p ka\u00e7t\u0131!"},"content":{"rendered":"<p>D\u00fczce&#8217;de Sakarya ba\u011flant\u0131 yolu \u00fczerinde meydana gelen zincirleme trafik kazas\u0131nda bir ara\u00e7 k\u0131rm\u0131z\u0131 \u0131\u015f\u0131kta duran iki araca \u00e7arp\u0131p ka\u00e7t\u0131. Ara\u00e7lardaki yolcu olarak bulunan iki ki\u015fi yaralan\u0131rken, Jandarma ekipleri ka\u00e7an s\u00fcr\u00fcc\u00fcyle ilgili tahkikat ba\u015flatt\u0131.Sefer DEM\u0130R \/ D\u00dcZCE (\u0130GFA) &#8211; Kaza, D-100 D\u00fczce Sakarya ba\u011flant\u0131 yolu Pekinta\u015f mevkinde ya\u015fand\u0131.<br \/>\nAl\u0131nan bilgiye g\u00f6re s\u00f6z konusu kav\u015fakta bir ara\u00e7, k\u0131rm\u0131z\u0131 \u0131\u015f\u0131kta duran K.\u015e. \u0130daresindeki 81 ACM 023 plakal\u0131 otomobile ve M.D. y\u00f6netimindeki 81 AEE 983 plakal\u0131 ticaeri araca \u00e7arp\u0131p ka\u00e7t\u0131.<br \/>\nDi\u011fer s\u00fcr\u00fcc\u00fclerin ihbar\u0131 \u00fczerine b\u00f6lgeye sa\u011fl\u0131k, jandarma ve polis ekipleri sevk edildi.<\/p>\n<p>\u00c7arp\u0131\u015fman\u0131n etkisiyle otomobilde yolcu olarak bulunan E.A. Ve G.\u015e. yaralan\u0131rken, yaral\u0131lar olay yerindeki ilk m\u00fcdahaleleri sonras\u0131nda ambulanslarla D\u00fczce Atat\u00fcrk Devlet Hastanesi&#8217;ne kald\u0131r\u0131ld\u0131.<br \/>\nKaza dolay\u0131s\u0131yla olu\u015fan trafik ak\u0131\u015f\u0131 ara\u00e7lar\u0131n kald\u0131r\u0131lmas\u0131yla normale d\u00f6nd\u00fc.<br \/>\nJandarma ekipleri ise kaza ve ka\u00e7an s\u00fcr\u00fcc\u00fcyle ilgili tahkikat ba\u015flatt\u0131.<\/p>\n<p>\u200bD\u00fczce&#8217;de Sakarya ba\u011flant\u0131 yolu \u00fczerinde meydana gelen zincirleme trafik kazas\u0131nda bir ara\u00e7 k\u0131rm\u0131z\u0131 \u0131\u015f\u0131kta duran iki araca \u00e7arp\u0131p ka\u00e7t\u0131. Ara\u00e7lardaki yolcu olarak bulunan iki ki\u015fi yaralan\u0131rken, Jandarma ekipleri ka\u00e7an s\u00fcr\u00fcc\u00fcyle ilgili tahkikat ba\u015flatt\u0131.Sefer DEM\u0130R \/ D\u00dcZCE (\u0130GFA) &#8211; Kaza, D-100 D\u00fczce Sakarya ba\u011flant\u0131 yolu Pekinta\u015f mevkinde ya\u015fand\u0131.<br \/>\nAl\u0131nan bilgiye g\u00f6re s\u00f6z konusu kav\u015fakta bir ara\u00e7, k\u0131rm\u0131z\u0131 \u0131\u015f\u0131kta duran K.\u015e. \u0130daresindeki 81 ACM 023 plakal\u0131 otomobile ve M.D. y\u00f6netimindeki 81 AEE 983 plakal\u0131 ticaeri araca \u00e7arp\u0131p ka\u00e7t\u0131.<br \/>\nDi\u011fer s\u00fcr\u00fcc\u00fclerin ihbar\u0131 \u00fczerine b\u00f6lgeye sa\u011fl\u0131k, jandarma ve polis ekipleri sevk edildi.<\/p>\n<p>\u00c7arp\u0131\u015fman\u0131n etkisiyle otomobilde yolcu olarak bulunan E.A. Ve G.\u015e. yaralan\u0131rken, yaral\u0131lar olay yerindeki ilk m\u00fcdahaleleri sonras\u0131nda ambulanslarla D\u00fczce Atat\u00fcrk Devlet Hastanesi&#8217;ne kald\u0131r\u0131ld\u0131.<br \/>\nKaza dolay\u0131s\u0131yla olu\u015fan trafik ak\u0131\u015f\u0131 ara\u00e7lar\u0131n kald\u0131r\u0131lmas\u0131yla normale d\u00f6nd\u00fc.<br \/>\nJandarma ekipleri ise kaza ve ka\u00e7an s\u00fcr\u00fcc\u00fcyle ilgili tahkikat ba\u015flatt\u0131.\u00a0<\/p>\n<p>\u200bHaberin Al\u0131nt\u0131land\u0131\u011f\u0131 Kaynak: www.iskenderun.org<\/p>","protected":false},"excerpt":{"rendered":"<p>D\u00fczce&#8217;de Sakarya ba\u011flant\u0131 yolu \u00fczerinde meydana gelen zincirleme trafik kazas\u0131nda bir ara\u00e7 k\u0131rm\u0131z\u0131 \u0131\u015f\u0131kta duran iki araca \u00e7arp\u0131p ka\u00e7t\u0131. Ara\u00e7lardaki yolcu olarak bulunan iki ki\u015fi yaralan\u0131rken, Jandarma ekipleri ka\u00e7an s\u00fcr\u00fcc\u00fcyle ilgili tahkikat ba\u015flatt\u0131.Sefer DEM\u0130R \/ D\u00dcZCE (\u0130GFA) &#8211; Kaza, D-100 D\u00fczce Sakarya ba\u011flant\u0131 yolu Pekinta\u015f mevkinde ya\u015fand\u0131. Al\u0131nan bilgiye g\u00f6re s\u00f6z konusu kav\u015fakta bir ara\u00e7, k\u0131rm\u0131z\u0131 \u0131\u015f\u0131kta duran K.\u015e. \u0130daresindeki 81 ACM 023 plakal\u0131 otomobile ve M.D. y\u00f6netimindeki 81 AEE 983 plakal\u0131 ticaeri araca \u00e7arp\u0131p ka\u00e7t\u0131. Di\u011fer s\u00fcr\u00fcc\u00fclerin ihbar\u0131 \u00fczerine b\u00f6lgeye sa\u011fl\u0131k, jandarma ve polis ekipleri sevk edildi. \u00c7arp\u0131\u015fman\u0131n etkisiyle otomobilde yolcu olarak bulunan E.A. Ve G.\u015e. yaralan\u0131rken, yaral\u0131lar olay yerindeki ilk m\u00fcdahaleleri sonras\u0131nda ambulanslarla D\u00fczce Atat\u00fcrk Devlet Hastanesi&#8217;ne kald\u0131r\u0131ld\u0131. Kaza dolay\u0131s\u0131yla olu\u015fan trafik ak\u0131\u015f\u0131 ara\u00e7lar\u0131n kald\u0131r\u0131lmas\u0131yla normale d\u00f6nd\u00fc. Jandarma ekipleri ise kaza ve ka\u00e7an s\u00fcr\u00fcc\u00fcyle ilgili tahkikat ba\u015flatt\u0131. \u200bD\u00fczce&#8217;de Sakarya ba\u011flant\u0131 yolu \u00fczerinde meydana gelen zincirleme trafik kazas\u0131nda bir ara\u00e7 k\u0131rm\u0131z\u0131 \u0131\u015f\u0131kta duran iki araca \u00e7arp\u0131p ka\u00e7t\u0131. Ara\u00e7lardaki yolcu olarak bulunan iki ki\u015fi yaralan\u0131rken, Jandarma ekipleri ka\u00e7an s\u00fcr\u00fcc\u00fcyle ilgili tahkikat ba\u015flatt\u0131.Sefer DEM\u0130R \/ D\u00dcZCE (\u0130GFA) &#8211; Kaza, D-100 D\u00fczce Sakarya ba\u011flant\u0131 yolu Pekinta\u015f mevkinde ya\u015fand\u0131. Al\u0131nan bilgiye g\u00f6re s\u00f6z konusu kav\u015fakta bir ara\u00e7, k\u0131rm\u0131z\u0131 \u0131\u015f\u0131kta duran K.\u015e. \u0130daresindeki 81 ACM 023 plakal\u0131 otomobile ve M.D. y\u00f6netimindeki 81 AEE 983 &hellip;<\/p>","protected":false},"author":0,"featured_media":0,"comment_status":"open","ping_status":"open","sticky":false,"template":"","format":"standard","meta":{"_acf_changed":false,"footnotes":""},"categories":[24,535],"tags":[],"class_list":["post-21341","post","type-post","status-publish","format-standard","has-post-thumbnail","hentry","category-gundem","category-uncategorized-tr"],"acf":[],"yoast_head":"<!-- This site is optimized with the Yoast SEO Premium plugin v26.6 (Yoast SEO v27.1.1) - https:\/\/yoast.com\/product\/yoast-seo-premium-wordpress\/ -->\n<title>D\u00fczce&#039;de zincirleme kaza! I\u015f\u0131kta bekleyen iki araca \u00e7arp\u0131p ka\u00e7t\u0131! - Av. Deniz Can K\u0131z\u0131l<\/title>\n<meta name=\"robots\" content=\"index, follow, max-snippet:-1, max-image-preview:large, max-video-preview:-1\" \/>\n<link rel=\"canonical\" href=\"http:\/\/denizcankizil.tr\/en\/haberler\/gundem\/duzcede-zincirleme-kaza-isikta-bekleyen-iki-araca-carpip-kacti\/\" \/>\n<meta property=\"og:locale\" content=\"en_GB\" \/>\n<meta property=\"og:type\" content=\"article\" \/>\n<meta property=\"og:title\" content=\"D\u00fczce&#039;de zincirleme kaza! I\u015f\u0131kta bekleyen iki araca \u00e7arp\u0131p ka\u00e7t\u0131!\" \/>\n<meta property=\"og:description\" content=\"D\u00fczce&#8217;de Sakarya ba\u011flant\u0131 yolu \u00fczerinde meydana gelen zincirleme trafik kazas\u0131nda bir ara\u00e7 k\u0131rm\u0131z\u0131 \u0131\u015f\u0131kta duran iki araca \u00e7arp\u0131p ka\u00e7t\u0131. Ara\u00e7lardaki yolcu olarak bulunan iki ki\u015fi yaralan\u0131rken, Jandarma ekipleri ka\u00e7an s\u00fcr\u00fcc\u00fcyle ilgili tahkikat ba\u015flatt\u0131.Sefer DEM\u0130R \/ D\u00dcZCE (\u0130GFA) &#8211; Kaza, D-100 D\u00fczce Sakarya ba\u011flant\u0131 yolu Pekinta\u015f mevkinde ya\u015fand\u0131. Al\u0131nan bilgiye g\u00f6re s\u00f6z konusu kav\u015fakta bir ara\u00e7, k\u0131rm\u0131z\u0131 \u0131\u015f\u0131kta duran K.\u015e. \u0130daresindeki 81 ACM 023 plakal\u0131 otomobile ve M.D. y\u00f6netimindeki 81 AEE 983 plakal\u0131 ticaeri araca \u00e7arp\u0131p ka\u00e7t\u0131. Di\u011fer s\u00fcr\u00fcc\u00fclerin ihbar\u0131 \u00fczerine b\u00f6lgeye sa\u011fl\u0131k, jandarma ve polis ekipleri sevk edildi. \u00c7arp\u0131\u015fman\u0131n etkisiyle otomobilde yolcu olarak bulunan E.A. Ve G.\u015e. yaralan\u0131rken, yaral\u0131lar olay yerindeki ilk m\u00fcdahaleleri sonras\u0131nda ambulanslarla D\u00fczce Atat\u00fcrk Devlet Hastanesi&#8217;ne kald\u0131r\u0131ld\u0131. Kaza dolay\u0131s\u0131yla olu\u015fan trafik ak\u0131\u015f\u0131 ara\u00e7lar\u0131n kald\u0131r\u0131lmas\u0131yla normale d\u00f6nd\u00fc. Jandarma ekipleri ise kaza ve ka\u00e7an s\u00fcr\u00fcc\u00fcyle ilgili tahkikat ba\u015flatt\u0131. \u200bD\u00fczce&#8217;de Sakarya ba\u011flant\u0131 yolu \u00fczerinde meydana gelen zincirleme trafik kazas\u0131nda bir ara\u00e7 k\u0131rm\u0131z\u0131 \u0131\u015f\u0131kta duran iki araca \u00e7arp\u0131p ka\u00e7t\u0131. Ara\u00e7lardaki yolcu olarak bulunan iki ki\u015fi yaralan\u0131rken, Jandarma ekipleri ka\u00e7an s\u00fcr\u00fcc\u00fcyle ilgili tahkikat ba\u015flatt\u0131.Sefer DEM\u0130R \/ D\u00dcZCE (\u0130GFA) &#8211; Kaza, D-100 D\u00fczce Sakarya ba\u011flant\u0131 yolu Pekinta\u015f mevkinde ya\u015fand\u0131. Al\u0131nan bilgiye g\u00f6re s\u00f6z konusu kav\u015fakta bir ara\u00e7, k\u0131rm\u0131z\u0131 \u0131\u015f\u0131kta duran K.\u015e. \u0130daresindeki 81 ACM 023 plakal\u0131 otomobile ve M.D. y\u00f6netimindeki 81 AEE 983 &hellip;\" \/>\n<meta property=\"og:url\" content=\"http:\/\/denizcankizil.tr\/en\/haberler\/gundem\/duzcede-zincirleme-kaza-isikta-bekleyen-iki-araca-carpip-kacti\/\" \/>\n<meta property=\"og:site_name\" content=\"Av. Deniz Can K\u0131z\u0131l\" \/>\n<meta property=\"article:published_time\" content=\"2024-12-19T06:42:47+00:00\" \/>\n<meta name=\"twitter:card\" content=\"summary_large_image\" \/>\n<meta name=\"twitter:label1\" content=\"Estimated reading time\" \/>\n\t<meta name=\"twitter:data1\" content=\"2 minutes\" \/>\n<script type=\"application\/ld+json\" class=\"yoast-schema-graph\">{\"@context\":\"https:\/\/schema.org\",\"@graph\":[{\"@type\":\"Article\",\"@id\":\"http:\/\/denizcankizil.tr\/ru\/haberler\/gundem\/duzcede-zincirleme-kaza-isikta-bekleyen-iki-araca-carpip-kacti\/#article\",\"isPartOf\":{\"@id\":\"http:\/\/denizcankizil.tr\/ru\/haberler\/gundem\/duzcede-zincirleme-kaza-isikta-bekleyen-iki-araca-carpip-kacti\/\"},\"author\":{\"name\":\"\",\"@id\":\"\"},\"headline\":\"D\u00fczce&#8217;de zincirleme kaza! I\u015f\u0131kta bekleyen iki araca \u00e7arp\u0131p ka\u00e7t\u0131!\",\"datePublished\":\"2024-12-19T06:42:47+00:00\",\"mainEntityOfPage\":{\"@id\":\"http:\/\/denizcankizil.tr\/ru\/haberler\/gundem\/duzcede-zincirleme-kaza-isikta-bekleyen-iki-araca-carpip-kacti\/\"},\"wordCount\":400,\"commentCount\":0,\"publisher\":{\"@id\":\"https:\/\/denizcankizil.tr\/de\/#organization\"},\"articleSection\":[\"G\u00fcndem\",\"Uncategorized\"],\"inLanguage\":\"en-GB\",\"potentialAction\":[{\"@type\":\"CommentAction\",\"name\":\"Comment\",\"target\":[\"http:\/\/denizcankizil.tr\/ru\/haberler\/gundem\/duzcede-zincirleme-kaza-isikta-bekleyen-iki-araca-carpip-kacti\/#respond\"]}]},{\"@type\":\"WebPage\",\"@id\":\"http:\/\/denizcankizil.tr\/ru\/haberler\/gundem\/duzcede-zincirleme-kaza-isikta-bekleyen-iki-araca-carpip-kacti\/\",\"url\":\"http:\/\/denizcankizil.tr\/ru\/haberler\/gundem\/duzcede-zincirleme-kaza-isikta-bekleyen-iki-araca-carpip-kacti\/\",\"name\":\"D\u00fczce'de zincirleme kaza! I\u015f\u0131kta bekleyen iki araca \u00e7arp\u0131p ka\u00e7t\u0131! - Av. Deniz Can K\u0131z\u0131l\",\"isPartOf\":{\"@id\":\"https:\/\/denizcankizil.tr\/de\/#website\"},\"datePublished\":\"2024-12-19T06:42:47+00:00\",\"breadcrumb\":{\"@id\":\"http:\/\/denizcankizil.tr\/ru\/haberler\/gundem\/duzcede-zincirleme-kaza-isikta-bekleyen-iki-araca-carpip-kacti\/#breadcrumb\"},\"inLanguage\":\"en-GB\",\"potentialAction\":[{\"@type\":\"ReadAction\",\"target\":[\"http:\/\/denizcankizil.tr\/ru\/haberler\/gundem\/duzcede-zincirleme-kaza-isikta-bekleyen-iki-araca-carpip-kacti\/\"]}]},{\"@type\":\"BreadcrumbList\",\"@id\":\"http:\/\/denizcankizil.tr\/ru\/haberler\/gundem\/duzcede-zincirleme-kaza-isikta-bekleyen-iki-araca-carpip-kacti\/#breadcrumb\",\"itemListElement\":[{\"@type\":\"ListItem\",\"position\":1,\"name\":\"Home\",\"item\":\"https:\/\/denizcankizil.tr\/de\/\"},{\"@type\":\"ListItem\",\"position\":2,\"name\":\"D\u00fczce&#8217;de zincirleme kaza! I\u015f\u0131kta bekleyen iki araca \u00e7arp\u0131p ka\u00e7t\u0131!\"}]},{\"@type\":\"WebSite\",\"@id\":\"https:\/\/denizcankizil.tr\/de\/#website\",\"url\":\"https:\/\/denizcankizil.tr\/de\/\",\"name\":\"Av. Deniz Can K\u0131z\u0131l\",\"description\":\"Avukat Deniz Can K\u0131z\u0131l Antalya Barosu\",\"publisher\":{\"@id\":\"https:\/\/denizcankizil.tr\/de\/#organization\"},\"potentialAction\":[{\"@type\":\"SearchAction\",\"target\":{\"@type\":\"EntryPoint\",\"urlTemplate\":\"https:\/\/denizcankizil.tr\/de\/?s={search_term_string}\"},\"query-input\":{\"@type\":\"PropertyValueSpecification\",\"valueRequired\":true,\"valueName\":\"search_term_string\"}}],\"inLanguage\":\"en-GB\"},{\"@type\":\"Organization\",\"@id\":\"https:\/\/denizcankizil.tr\/de\/#organization\",\"name\":\"Av. Deniz Can K\u0131z\u0131l\",\"url\":\"https:\/\/denizcankizil.tr\/de\/\",\"logo\":{\"@type\":\"ImageObject\",\"inLanguage\":\"en-GB\",\"@id\":\"https:\/\/denizcankizil.tr\/de\/#\/schema\/logo\/image\/\",\"url\":\"http:\/\/denizcankizil.tr\/wp-content\/uploads\/2024\/10\/siyah-logo-svg.svg\",\"contentUrl\":\"http:\/\/denizcankizil.tr\/wp-content\/uploads\/2024\/10\/siyah-logo-svg.svg\",\"width\":1080,\"height\":1080,\"caption\":\"Av. Deniz Can K\u0131z\u0131l\"},\"image\":{\"@id\":\"https:\/\/denizcankizil.tr\/de\/#\/schema\/logo\/image\/\"}}]}<\/script>\n<!-- \/ Yoast SEO Premium plugin. -->","yoast_head_json":{"title":"D\u00fczce'de zincirleme kaza! I\u015f\u0131kta bekleyen iki araca \u00e7arp\u0131p ka\u00e7t\u0131! - Av. Deniz Can K\u0131z\u0131l","robots":{"index":"index","follow":"follow","max-snippet":"max-snippet:-1","max-image-preview":"max-image-preview:large","max-video-preview":"max-video-preview:-1"},"canonical":"http:\/\/denizcankizil.tr\/en\/haberler\/gundem\/duzcede-zincirleme-kaza-isikta-bekleyen-iki-araca-carpip-kacti\/","og_locale":"en_GB","og_type":"article","og_title":"D\u00fczce'de zincirleme kaza! I\u015f\u0131kta bekleyen iki araca \u00e7arp\u0131p ka\u00e7t\u0131!","og_description":"D\u00fczce&#8217;de Sakarya ba\u011flant\u0131 yolu \u00fczerinde meydana gelen zincirleme trafik kazas\u0131nda bir ara\u00e7 k\u0131rm\u0131z\u0131 \u0131\u015f\u0131kta duran iki araca \u00e7arp\u0131p ka\u00e7t\u0131. Ara\u00e7lardaki yolcu olarak bulunan iki ki\u015fi yaralan\u0131rken, Jandarma ekipleri ka\u00e7an s\u00fcr\u00fcc\u00fcyle ilgili tahkikat ba\u015flatt\u0131.Sefer DEM\u0130R \/ D\u00dcZCE (\u0130GFA) &#8211; Kaza, D-100 D\u00fczce Sakarya ba\u011flant\u0131 yolu Pekinta\u015f mevkinde ya\u015fand\u0131. Al\u0131nan bilgiye g\u00f6re s\u00f6z konusu kav\u015fakta bir ara\u00e7, k\u0131rm\u0131z\u0131 \u0131\u015f\u0131kta duran K.\u015e. \u0130daresindeki 81 ACM 023 plakal\u0131 otomobile ve M.D. y\u00f6netimindeki 81 AEE 983 plakal\u0131 ticaeri araca \u00e7arp\u0131p ka\u00e7t\u0131. Di\u011fer s\u00fcr\u00fcc\u00fclerin ihbar\u0131 \u00fczerine b\u00f6lgeye sa\u011fl\u0131k, jandarma ve polis ekipleri sevk edildi. \u00c7arp\u0131\u015fman\u0131n etkisiyle otomobilde yolcu olarak bulunan E.A. Ve G.\u015e. yaralan\u0131rken, yaral\u0131lar olay yerindeki ilk m\u00fcdahaleleri sonras\u0131nda ambulanslarla D\u00fczce Atat\u00fcrk Devlet Hastanesi&#8217;ne kald\u0131r\u0131ld\u0131. Kaza dolay\u0131s\u0131yla olu\u015fan trafik ak\u0131\u015f\u0131 ara\u00e7lar\u0131n kald\u0131r\u0131lmas\u0131yla normale d\u00f6nd\u00fc. Jandarma ekipleri ise kaza ve ka\u00e7an s\u00fcr\u00fcc\u00fcyle ilgili tahkikat ba\u015flatt\u0131. \u200bD\u00fczce&#8217;de Sakarya ba\u011flant\u0131 yolu \u00fczerinde meydana gelen zincirleme trafik kazas\u0131nda bir ara\u00e7 k\u0131rm\u0131z\u0131 \u0131\u015f\u0131kta duran iki araca \u00e7arp\u0131p ka\u00e7t\u0131. Ara\u00e7lardaki yolcu olarak bulunan iki ki\u015fi yaralan\u0131rken, Jandarma ekipleri ka\u00e7an s\u00fcr\u00fcc\u00fcyle ilgili tahkikat ba\u015flatt\u0131.Sefer DEM\u0130R \/ D\u00dcZCE (\u0130GFA) &#8211; Kaza, D-100 D\u00fczce Sakarya ba\u011flant\u0131 yolu Pekinta\u015f mevkinde ya\u015fand\u0131. Al\u0131nan bilgiye g\u00f6re s\u00f6z konusu kav\u015fakta bir ara\u00e7, k\u0131rm\u0131z\u0131 \u0131\u015f\u0131kta duran K.\u015e. \u0130daresindeki 81 ACM 023 plakal\u0131 otomobile ve M.D. y\u00f6netimindeki 81 AEE 983 &hellip;","og_url":"http:\/\/denizcankizil.tr\/en\/haberler\/gundem\/duzcede-zincirleme-kaza-isikta-bekleyen-iki-araca-carpip-kacti\/","og_site_name":"Av. Deniz Can K\u0131z\u0131l","article_published_time":"2024-12-19T06:42:47+00:00","twitter_card":"summary_large_image","twitter_misc":{"Estimated reading time":"2 minutes"},"schema":{"@context":"https:\/\/schema.org","@graph":[{"@type":"Article","@id":"http:\/\/denizcankizil.tr\/ru\/haberler\/gundem\/duzcede-zincirleme-kaza-isikta-bekleyen-iki-araca-carpip-kacti\/#article","isPartOf":{"@id":"http:\/\/denizcankizil.tr\/ru\/haberler\/gundem\/duzcede-zincirleme-kaza-isikta-bekleyen-iki-araca-carpip-kacti\/"},"author":{"name":"","@id":""},"headline":"D\u00fczce&#8217;de zincirleme kaza! I\u015f\u0131kta bekleyen iki araca \u00e7arp\u0131p ka\u00e7t\u0131!","datePublished":"2024-12-19T06:42:47+00:00","mainEntityOfPage":{"@id":"http:\/\/denizcankizil.tr\/ru\/haberler\/gundem\/duzcede-zincirleme-kaza-isikta-bekleyen-iki-araca-carpip-kacti\/"},"wordCount":400,"commentCount":0,"publisher":{"@id":"https:\/\/denizcankizil.tr\/de\/#organization"},"articleSection":["G\u00fcndem","Uncategorized"],"inLanguage":"en-GB","potentialAction":[{"@type":"CommentAction","name":"Comment","target":["http:\/\/denizcankizil.tr\/ru\/haberler\/gundem\/duzcede-zincirleme-kaza-isikta-bekleyen-iki-araca-carpip-kacti\/#respond"]}]},{"@type":"WebPage","@id":"http:\/\/denizcankizil.tr\/ru\/haberler\/gundem\/duzcede-zincirleme-kaza-isikta-bekleyen-iki-araca-carpip-kacti\/","url":"http:\/\/denizcankizil.tr\/ru\/haberler\/gundem\/duzcede-zincirleme-kaza-isikta-bekleyen-iki-araca-carpip-kacti\/","name":"D\u00fczce'de zincirleme kaza! I\u015f\u0131kta bekleyen iki araca \u00e7arp\u0131p ka\u00e7t\u0131! - Av. Deniz Can K\u0131z\u0131l","isPartOf":{"@id":"https:\/\/denizcankizil.tr\/de\/#website"},"datePublished":"2024-12-19T06:42:47+00:00","breadcrumb":{"@id":"http:\/\/denizcankizil.tr\/ru\/haberler\/gundem\/duzcede-zincirleme-kaza-isikta-bekleyen-iki-araca-carpip-kacti\/#breadcrumb"},"inLanguage":"en-GB","potentialAction":[{"@type":"ReadAction","target":["http:\/\/denizcankizil.tr\/ru\/haberler\/gundem\/duzcede-zincirleme-kaza-isikta-bekleyen-iki-araca-carpip-kacti\/"]}]},{"@type":"BreadcrumbList","@id":"http:\/\/denizcankizil.tr\/ru\/haberler\/gundem\/duzcede-zincirleme-kaza-isikta-bekleyen-iki-araca-carpip-kacti\/#breadcrumb","itemListElement":[{"@type":"ListItem","position":1,"name":"Home","item":"https:\/\/denizcankizil.tr\/de\/"},{"@type":"ListItem","position":2,"name":"D\u00fczce&#8217;de zincirleme kaza! I\u015f\u0131kta bekleyen iki araca \u00e7arp\u0131p ka\u00e7t\u0131!"}]},{"@type":"WebSite","@id":"https:\/\/denizcankizil.tr\/de\/#website","url":"https:\/\/denizcankizil.tr\/de\/","name":"Av. Deniz Can K\u0131z\u0131l","description":"Avukat Deniz Can K\u0131z\u0131l Antalya Barosu","publisher":{"@id":"https:\/\/denizcankizil.tr\/de\/#organization"},"potentialAction":[{"@type":"SearchAction","target":{"@type":"EntryPoint","urlTemplate":"https:\/\/denizcankizil.tr\/de\/?s={search_term_string}"},"query-input":{"@type":"PropertyValueSpecification","valueRequired":true,"valueName":"search_term_string"}}],"inLanguage":"en-GB"},{"@type":"Organization","@id":"https:\/\/denizcankizil.tr\/de\/#organization","name":"Av. Deniz Can K\u0131z\u0131l","url":"https:\/\/denizcankizil.tr\/de\/","logo":{"@type":"ImageObject","inLanguage":"en-GB","@id":"https:\/\/denizcankizil.tr\/de\/#\/schema\/logo\/image\/","url":"http:\/\/denizcankizil.tr\/wp-content\/uploads\/2024\/10\/siyah-logo-svg.svg","contentUrl":"http:\/\/denizcankizil.tr\/wp-content\/uploads\/2024\/10\/siyah-logo-svg.svg","width":1080,"height":1080,"caption":"Av. Deniz Can K\u0131z\u0131l"},"image":{"@id":"https:\/\/denizcankizil.tr\/de\/#\/schema\/logo\/image\/"}}]}},"_links":{"self":[{"href":"http:\/\/denizcankizil.tr\/en\/wp-json\/wp\/v2\/posts\/21341","targetHints":{"allow":["GET"]}}],"collection":[{"href":"http:\/\/denizcankizil.tr\/en\/wp-json\/wp\/v2\/posts"}],"about":[{"href":"http:\/\/denizcankizil.tr\/en\/wp-json\/wp\/v2\/types\/post"}],"replies":[{"embeddable":true,"href":"http:\/\/denizcankizil.tr\/en\/wp-json\/wp\/v2\/comments?post=21341"}],"version-history":[{"count":0,"href":"http:\/\/denizcankizil.tr\/en\/wp-json\/wp\/v2\/posts\/21341\/revisions"}],"wp:attachment":[{"href":"http:\/\/denizcankizil.tr\/en\/wp-json\/wp\/v2\/media?parent=21341"}],"wp:term":[{"taxonomy":"category","embeddable":true,"href":"http:\/\/denizcankizil.tr\/en\/wp-json\/wp\/v2\/categories?post=21341"},{"taxonomy":"post_tag","embeddable":true,"href":"http:\/\/denizcankizil.tr\/en\/wp-json\/wp\/v2\/tags?post=21341"}],"curies":[{"name":"wp","href":"https:\/\/api.w.org\/{rel}","templated":true}]}}