{"id":21338,"date":"2024-12-19T09:42:39","date_gmt":"2024-12-19T06:42:39","guid":{"rendered":"https:\/\/denizcankizil.tr\/uncategorized-tr\/konyaaltinda-heyelan-tartismasi-afad-ve-belediye-karsi-karsiya-geldi\/"},"modified":"2024-12-19T09:42:39","modified_gmt":"2024-12-19T06:42:39","slug":"konyaaltinda-heyelan-tartismasi-afad-ve-belediye-karsi-karsiya-geldi","status":"publish","type":"post","link":"http:\/\/denizcankizil.tr\/en\/haberler\/gundem\/konyaaltinda-heyelan-tartismasi-afad-ve-belediye-karsi-karsiya-geldi\/","title":{"rendered":"Konyaalt\u0131\u2019nda heyelan tart\u0131\u015fmas\u0131! AFAD ve belediye kar\u015f\u0131 kar\u015f\u0131ya geldi"},"content":{"rendered":"<p>Afet ve Acil Durum Y\u00f6netimi Ba\u015fkanl\u0131\u011f\u0131 (AFAD) \u0130l M\u00fcd\u00fcrl\u00fc\u011f\u00fc, Konyaalt\u0131 il\u00e7esinde 1965 y\u0131l\u0131nda ya\u015fanan heyelan nedeniyle afet b\u00f6lgesi ilan edilen mahallelerde Konyaalt\u0131 Belediyesi\u2019ne zemin et\u00fct \u00e7al\u0131\u015fmalar\u0131 yap\u0131lmas\u0131 \u00e7a\u011fr\u0131s\u0131nda bulundu. Belediyenin yeterli personel ile ekipman eksikli\u011fine i\u015faret etmesi, tart\u0131\u015fmalar\u0131 beraberinde getirdi.<\/p>\n<p>AFET B\u00d6LGES\u0130 \u0130LAN ED\u0130LM\u0130\u015eT\u0130\u00a0<\/p>\n<p>1965 y\u0131l\u0131ndaki heyelan, bu \u00fc\u00e7 mahallede geni\u015f \u00e7apl\u0131 bir y\u0131k\u0131ma neden olmu\u015f ve b\u00f6lgede afet b\u00f6lgesi ilan edilmesine yol a\u00e7m\u0131\u015ft\u0131. 1959 tarihli Umumi Hayata M\u00fcessir Afetler Dolay\u0131s\u0131yla Al\u0131nacak Tedbirlerle Yap\u0131lacak Yard\u0131mlara Dair Kanunun 2. Maddesi h\u00fckm\u00fc gere\u011fi 22 Ocak 1965 tarih ve 6\/4239 say\u0131l\u0131 Bakanlar Kurulu Karar\u0131 ile Konyaalt\u0131 il\u00e7esi Hisar\u00e7and\u0131r, \u00dc\u00e7oluk ve G\u00f6kdere mahallelerinin bulundu\u011fu geni\u015f bir b\u00f6lge &#8220;Afete Maruz B\u00f6lge&#8221; olarak ilan edildi. B\u00f6lgede yer alan 150 konutun heyelan kaynakl\u0131 afete maruz alanda kald\u0131\u011f\u0131 ve bu yap\u0131lar\u0131n tahliye edilerek g\u00fcvenli b\u00f6lgelere ta\u015f\u0131nmas\u0131 gerekti\u011fi tespit edildi.<\/p>\n<p>TARTI\u015eMALI CEVAP<\/p>\n<p>AFAD \u0130l M\u00fcd\u00fcrl\u00fc\u011f\u00fc, b\u00f6lgedeki can g\u00fcvenli\u011fi risklerini azaltmak ve risk ta\u015f\u0131mayan alanlarda yap\u0131la\u015fmaya olanak sa\u011flamak amac\u0131yla, 18 Mart 2024 tarihinde Konyaalt\u0131 Belediyesi\u2019ne zemin et\u00fct \u00e7al\u0131\u015fmalar\u0131 yap\u0131lmas\u0131 \u00e7a\u011fr\u0131s\u0131nda bulundu. Belediyenin bu talebe 8 ay sonra yan\u0131t vermesi ve a\u00e7\u0131klamalar\u0131nda yeterli personel ile ekipman eksikli\u011fine i\u015faret etmesi, tart\u0131\u015fmalar\u0131 beraberinde getirdi.<\/p>\n<p>AFAD VE BELED\u0130YE KAR\u015eI KAR\u015eIYA<\/p>\n<p>Antalya K\u00f6rfez Gazetesi muhabiri Ertu\u011frul G\u00fcn&#8217;\u00fcn haberine g\u00f6re Konyaalt\u0131 Belediyesi, AFAD\u2019\u0131n talebine verdi\u011fi yan\u0131tta, s\u00f6z konusu mahallelerde hi\u00e7bir \u015fekilde plan, ruhsat ya da in\u015faat faaliyetlerine izin verilmedi\u011fini belirtti. Ayr\u0131ca, ilgililere bu konuda yaz\u0131l\u0131 ve s\u00f6zl\u00fc bilgilendirmelerin yap\u0131ld\u0131\u011f\u0131 ifade edildi. Belediye, teknik donan\u0131m ve personel eksikli\u011fi nedeniyle AFAD\u2019\u0131n istedi\u011fi zemin et\u00fct \u00e7al\u0131\u015fmalar\u0131n\u0131 ger\u00e7ekle\u015ftiremeyece\u011fini a\u00e7\u0131klad\u0131. Belediyenin bu yakla\u015f\u0131m\u0131, \u00f6zellikle afet riski alt\u0131ndaki b\u00f6lgelerde al\u0131nmas\u0131 gereken \u00f6nlemler konusunda ihmalk\u00e2rl\u0131k ele\u015ftirilerine neden oldu.<\/p>\n<p>G\u00dcNAL\u2019DAN TEPK\u0130<\/p>\n<p>AK Parti Konyaalt\u0131 \u0130l\u00e7e Ba\u015fkan\u0131 Yunus G\u00fcnal, belediyenin gecikmi\u015f cevab\u0131n\u0131 sert bir dille ele\u015ftirdi. G\u00fcnal, \u201cKonyaalt\u0131 Belediyesi, tam 8 ay sonra cevap vererek, yasayla kendilerine verilen g\u00f6revi yerine getiremeyeceklerini bildirmi\u015ftir. Bu tutum, vatanda\u015flar\u0131n g\u00fcvenli\u011fini hi\u00e7e sayan bir ciddiyetsizliktir. Vatanda\u015flar\u0131m\u0131z\u0131 ma\u011fdur eden bu sorumsuzlu\u011fu kamuoyunun takdirine b\u0131rak\u0131yoruz ve konunun yak\u0131n takip\u00e7isi olaca\u011f\u0131z,\u201d dedi.<\/p>\n<p>UZMANLAR FARKLI G\u00d6R\u00dc\u015eTE<\/p>\n<p>Di\u011fer taraftan Jeoloji M\u00fchendisleri Odas\u0131 (JMO) Antalya \u015eube Ba\u015fkan\u0131 Mustafa Karanc\u0131 k\u0131sa bir s\u00fcre \u00f6nce a\u00e7\u0131klama yaparak, b\u00f6lgedeki yap\u0131la\u015fmaya tepki g\u00f6stermi\u015fti. Karanc\u0131, \u201cMevzuata uygun \u00e7al\u0131\u015fmalar AFAD ba\u015fkanl\u0131\u011f\u0131, valilik ve ilgili belediyeler taraf\u0131ndan bir an \u00f6nce ba\u015flat\u0131lmal\u0131d\u0131r. 60 y\u0131l \u00f6ncesinde ve o d\u00f6nemin mevcut imkanlar\u0131 ile yap\u0131lan \u00e7al\u0131\u015fmalara dayanan Bakanlar Kurulu Karar\u0131n\u0131n ge\u00e7erlili\u011finin g\u00fcn\u00fcm\u00fczde de halen devam etti\u011fini biliyoruz. 7269 say\u0131l\u0131 kanun gere\u011fi bu b\u00f6lgenin imara ve yap\u0131la\u015fmaya a\u00e7\u0131lamayaca\u011f\u0131 nettir. G\u00fcn\u00fcm\u00fcze kadar bu i\u015f ve i\u015flemlerin nas\u0131l yap\u0131ld\u0131\u011f\u0131n\u0131 anlamakta zorlan\u0131yorum. \u00a0Yerel idarelerin ilgili bakanlar kurulu karar\u0131n\u0131 uygulamamas\u0131, yok saymas\u0131, ihmalleri ya da yeterli \u00f6zeni g\u00f6stermemesinin bir sonucu olsa gerektir ki b\u00f6lgede h\u0131zl\u0131 bir yap\u0131la\u015fma olmu\u015f. \u00c7ok say\u0131da konut yap\u0131lm\u0131\u015f yerle\u015fim yerleri geni\u015flemi\u015ftir. Bir nevi bakanlar kurulunun afete maruz alan\u0131 karar\u0131 da unutulmu\u015f gibi g\u00f6r\u00fcn\u00fcyor\u201d s\u00f6zlerine yer vermi\u015fti.\u00a0<\/p>\n<p>\u00a0<\/p>\n<p>\u200bAfet ve Acil Durum Y\u00f6netimi Ba\u015fkanl\u0131\u011f\u0131 (AFAD) \u0130l M\u00fcd\u00fcrl\u00fc\u011f\u00fc,  Antalya&#8217;n\u0131n Konyaalt\u0131 il\u00e7esinde 1965 y\u0131l\u0131nda ya\u015fanan heyelan nedeniyle afet b\u00f6lgesi ilan edilen mahalleler i\u00e7in zemin et\u00fct \u00e7al\u0131\u015fmas\u0131 \u00e7a\u011fr\u0131s\u0131nda bulundu. Konyaalt\u0131 Belediyesi ise \u00e7al\u0131\u015fmalar\u0131n\u0131 ger\u00e7ekle\u015ftiremeyece\u011fini a\u00e7\u0131klad\u0131. \u0130\u015fte detaylar&#8230;\u00a0<\/p>\n<p>\u200bHaberin Al\u0131nt\u0131land\u0131\u011f\u0131 Kaynak: www.antalyakorfez.com<\/p>","protected":false},"excerpt":{"rendered":"<p>Afet ve Acil Durum Y\u00f6netimi Ba\u015fkanl\u0131\u011f\u0131 (AFAD) \u0130l M\u00fcd\u00fcrl\u00fc\u011f\u00fc, Konyaalt\u0131 il\u00e7esinde 1965 y\u0131l\u0131nda ya\u015fanan heyelan nedeniyle afet b\u00f6lgesi ilan edilen mahallelerde Konyaalt\u0131 Belediyesi\u2019ne zemin et\u00fct \u00e7al\u0131\u015fmalar\u0131 yap\u0131lmas\u0131 \u00e7a\u011fr\u0131s\u0131nda bulundu. Belediyenin yeterli personel ile ekipman eksikli\u011fine i\u015faret etmesi, tart\u0131\u015fmalar\u0131 beraberinde getirdi. AFET B\u00d6LGES\u0130 \u0130LAN ED\u0130LM\u0130\u015eT\u0130\u00a0 1965 y\u0131l\u0131ndaki heyelan, bu \u00fc\u00e7 mahallede geni\u015f \u00e7apl\u0131 bir y\u0131k\u0131ma neden olmu\u015f ve b\u00f6lgede afet b\u00f6lgesi ilan edilmesine yol a\u00e7m\u0131\u015ft\u0131. 1959 tarihli Umumi Hayata M\u00fcessir Afetler Dolay\u0131s\u0131yla Al\u0131nacak Tedbirlerle Yap\u0131lacak Yard\u0131mlara Dair Kanunun 2. Maddesi h\u00fckm\u00fc gere\u011fi 22 Ocak 1965 tarih ve 6\/4239 say\u0131l\u0131 Bakanlar Kurulu Karar\u0131 ile Konyaalt\u0131 il\u00e7esi Hisar\u00e7and\u0131r, \u00dc\u00e7oluk ve G\u00f6kdere mahallelerinin bulundu\u011fu geni\u015f bir b\u00f6lge &#8220;Afete Maruz B\u00f6lge&#8221; olarak ilan edildi. B\u00f6lgede yer alan 150 konutun heyelan kaynakl\u0131 afete maruz alanda kald\u0131\u011f\u0131 ve bu yap\u0131lar\u0131n tahliye edilerek g\u00fcvenli b\u00f6lgelere ta\u015f\u0131nmas\u0131 gerekti\u011fi tespit edildi. TARTI\u015eMALI CEVAP AFAD \u0130l M\u00fcd\u00fcrl\u00fc\u011f\u00fc, b\u00f6lgedeki can g\u00fcvenli\u011fi risklerini azaltmak ve risk ta\u015f\u0131mayan alanlarda yap\u0131la\u015fmaya olanak sa\u011flamak amac\u0131yla, 18 Mart 2024 tarihinde Konyaalt\u0131 Belediyesi\u2019ne zemin et\u00fct \u00e7al\u0131\u015fmalar\u0131 yap\u0131lmas\u0131 \u00e7a\u011fr\u0131s\u0131nda bulundu. Belediyenin bu talebe 8 ay sonra yan\u0131t vermesi ve a\u00e7\u0131klamalar\u0131nda yeterli personel ile ekipman eksikli\u011fine i\u015faret etmesi, tart\u0131\u015fmalar\u0131 beraberinde getirdi. AFAD VE BELED\u0130YE KAR\u015eI KAR\u015eIYA Antalya K\u00f6rfez Gazetesi muhabiri Ertu\u011frul G\u00fcn&#8217;\u00fcn haberine g\u00f6re Konyaalt\u0131 Belediyesi, AFAD\u2019\u0131n talebine verdi\u011fi yan\u0131tta, &hellip;<\/p>","protected":false},"author":0,"featured_media":0,"comment_status":"open","ping_status":"open","sticky":false,"template":"","format":"standard","meta":{"_acf_changed":false,"footnotes":""},"categories":[24,535],"tags":[],"class_list":["post-21338","post","type-post","status-publish","format-standard","has-post-thumbnail","hentry","category-gundem","category-uncategorized-tr"],"acf":[],"yoast_head":"<!-- This site is optimized with the Yoast SEO Premium plugin v26.6 (Yoast SEO v27.1.1) - https:\/\/yoast.com\/product\/yoast-seo-premium-wordpress\/ -->\n<title>Konyaalt\u0131\u2019nda heyelan tart\u0131\u015fmas\u0131! AFAD ve belediye kar\u015f\u0131 kar\u015f\u0131ya geldi - Av. Deniz Can K\u0131z\u0131l<\/title>\n<meta name=\"robots\" content=\"index, follow, max-snippet:-1, max-image-preview:large, max-video-preview:-1\" \/>\n<link rel=\"canonical\" href=\"http:\/\/denizcankizil.tr\/en\/haberler\/gundem\/konyaaltinda-heyelan-tartismasi-afad-ve-belediye-karsi-karsiya-geldi\/\" \/>\n<meta property=\"og:locale\" content=\"en_GB\" \/>\n<meta property=\"og:type\" content=\"article\" \/>\n<meta property=\"og:title\" content=\"Konyaalt\u0131\u2019nda heyelan tart\u0131\u015fmas\u0131! AFAD ve belediye kar\u015f\u0131 kar\u015f\u0131ya geldi\" \/>\n<meta property=\"og:description\" content=\"Afet ve Acil Durum Y\u00f6netimi Ba\u015fkanl\u0131\u011f\u0131 (AFAD) \u0130l M\u00fcd\u00fcrl\u00fc\u011f\u00fc, Konyaalt\u0131 il\u00e7esinde 1965 y\u0131l\u0131nda ya\u015fanan heyelan nedeniyle afet b\u00f6lgesi ilan edilen mahallelerde Konyaalt\u0131 Belediyesi\u2019ne zemin et\u00fct \u00e7al\u0131\u015fmalar\u0131 yap\u0131lmas\u0131 \u00e7a\u011fr\u0131s\u0131nda bulundu. Belediyenin yeterli personel ile ekipman eksikli\u011fine i\u015faret etmesi, tart\u0131\u015fmalar\u0131 beraberinde getirdi. AFET B\u00d6LGES\u0130 \u0130LAN ED\u0130LM\u0130\u015eT\u0130\u00a0 1965 y\u0131l\u0131ndaki heyelan, bu \u00fc\u00e7 mahallede geni\u015f \u00e7apl\u0131 bir y\u0131k\u0131ma neden olmu\u015f ve b\u00f6lgede afet b\u00f6lgesi ilan edilmesine yol a\u00e7m\u0131\u015ft\u0131. 1959 tarihli Umumi Hayata M\u00fcessir Afetler Dolay\u0131s\u0131yla Al\u0131nacak Tedbirlerle Yap\u0131lacak Yard\u0131mlara Dair Kanunun 2. Maddesi h\u00fckm\u00fc gere\u011fi 22 Ocak 1965 tarih ve 6\/4239 say\u0131l\u0131 Bakanlar Kurulu Karar\u0131 ile Konyaalt\u0131 il\u00e7esi Hisar\u00e7and\u0131r, \u00dc\u00e7oluk ve G\u00f6kdere mahallelerinin bulundu\u011fu geni\u015f bir b\u00f6lge &#8220;Afete Maruz B\u00f6lge&#8221; olarak ilan edildi. B\u00f6lgede yer alan 150 konutun heyelan kaynakl\u0131 afete maruz alanda kald\u0131\u011f\u0131 ve bu yap\u0131lar\u0131n tahliye edilerek g\u00fcvenli b\u00f6lgelere ta\u015f\u0131nmas\u0131 gerekti\u011fi tespit edildi. TARTI\u015eMALI CEVAP AFAD \u0130l M\u00fcd\u00fcrl\u00fc\u011f\u00fc, b\u00f6lgedeki can g\u00fcvenli\u011fi risklerini azaltmak ve risk ta\u015f\u0131mayan alanlarda yap\u0131la\u015fmaya olanak sa\u011flamak amac\u0131yla, 18 Mart 2024 tarihinde Konyaalt\u0131 Belediyesi\u2019ne zemin et\u00fct \u00e7al\u0131\u015fmalar\u0131 yap\u0131lmas\u0131 \u00e7a\u011fr\u0131s\u0131nda bulundu. Belediyenin bu talebe 8 ay sonra yan\u0131t vermesi ve a\u00e7\u0131klamalar\u0131nda yeterli personel ile ekipman eksikli\u011fine i\u015faret etmesi, tart\u0131\u015fmalar\u0131 beraberinde getirdi. AFAD VE BELED\u0130YE KAR\u015eI KAR\u015eIYA Antalya K\u00f6rfez Gazetesi muhabiri Ertu\u011frul G\u00fcn&#8217;\u00fcn haberine g\u00f6re Konyaalt\u0131 Belediyesi, AFAD\u2019\u0131n talebine verdi\u011fi yan\u0131tta, &hellip;\" \/>\n<meta property=\"og:url\" content=\"http:\/\/denizcankizil.tr\/en\/haberler\/gundem\/konyaaltinda-heyelan-tartismasi-afad-ve-belediye-karsi-karsiya-geldi\/\" \/>\n<meta property=\"og:site_name\" content=\"Av. Deniz Can K\u0131z\u0131l\" \/>\n<meta property=\"article:published_time\" content=\"2024-12-19T06:42:39+00:00\" \/>\n<meta name=\"twitter:card\" content=\"summary_large_image\" \/>\n<meta name=\"twitter:label1\" content=\"Estimated reading time\" \/>\n\t<meta name=\"twitter:data1\" content=\"3 minutes\" \/>\n<script type=\"application\/ld+json\" class=\"yoast-schema-graph\">{\"@context\":\"https:\/\/schema.org\",\"@graph\":[{\"@type\":\"Article\",\"@id\":\"http:\/\/denizcankizil.tr\/ru\/haberler\/gundem\/konyaaltinda-heyelan-tartismasi-afad-ve-belediye-karsi-karsiya-geldi\/#article\",\"isPartOf\":{\"@id\":\"http:\/\/denizcankizil.tr\/ru\/haberler\/gundem\/konyaaltinda-heyelan-tartismasi-afad-ve-belediye-karsi-karsiya-geldi\/\"},\"author\":{\"name\":\"\",\"@id\":\"\"},\"headline\":\"Konyaalt\u0131\u2019nda heyelan tart\u0131\u015fmas\u0131! AFAD ve belediye kar\u015f\u0131 kar\u015f\u0131ya geldi\",\"datePublished\":\"2024-12-19T06:42:39+00:00\",\"mainEntityOfPage\":{\"@id\":\"http:\/\/denizcankizil.tr\/ru\/haberler\/gundem\/konyaaltinda-heyelan-tartismasi-afad-ve-belediye-karsi-karsiya-geldi\/\"},\"wordCount\":702,\"commentCount\":0,\"publisher\":{\"@id\":\"https:\/\/denizcankizil.tr\/de\/#organization\"},\"articleSection\":[\"G\u00fcndem\",\"Uncategorized\"],\"inLanguage\":\"en-GB\",\"potentialAction\":[{\"@type\":\"CommentAction\",\"name\":\"Comment\",\"target\":[\"http:\/\/denizcankizil.tr\/ru\/haberler\/gundem\/konyaaltinda-heyelan-tartismasi-afad-ve-belediye-karsi-karsiya-geldi\/#respond\"]}]},{\"@type\":\"WebPage\",\"@id\":\"http:\/\/denizcankizil.tr\/ru\/haberler\/gundem\/konyaaltinda-heyelan-tartismasi-afad-ve-belediye-karsi-karsiya-geldi\/\",\"url\":\"http:\/\/denizcankizil.tr\/ru\/haberler\/gundem\/konyaaltinda-heyelan-tartismasi-afad-ve-belediye-karsi-karsiya-geldi\/\",\"name\":\"Konyaalt\u0131\u2019nda heyelan tart\u0131\u015fmas\u0131! AFAD ve belediye kar\u015f\u0131 kar\u015f\u0131ya geldi - Av. Deniz Can K\u0131z\u0131l\",\"isPartOf\":{\"@id\":\"https:\/\/denizcankizil.tr\/de\/#website\"},\"datePublished\":\"2024-12-19T06:42:39+00:00\",\"breadcrumb\":{\"@id\":\"http:\/\/denizcankizil.tr\/ru\/haberler\/gundem\/konyaaltinda-heyelan-tartismasi-afad-ve-belediye-karsi-karsiya-geldi\/#breadcrumb\"},\"inLanguage\":\"en-GB\",\"potentialAction\":[{\"@type\":\"ReadAction\",\"target\":[\"http:\/\/denizcankizil.tr\/ru\/haberler\/gundem\/konyaaltinda-heyelan-tartismasi-afad-ve-belediye-karsi-karsiya-geldi\/\"]}]},{\"@type\":\"BreadcrumbList\",\"@id\":\"http:\/\/denizcankizil.tr\/ru\/haberler\/gundem\/konyaaltinda-heyelan-tartismasi-afad-ve-belediye-karsi-karsiya-geldi\/#breadcrumb\",\"itemListElement\":[{\"@type\":\"ListItem\",\"position\":1,\"name\":\"Home\",\"item\":\"https:\/\/denizcankizil.tr\/de\/\"},{\"@type\":\"ListItem\",\"position\":2,\"name\":\"Konyaalt\u0131\u2019nda heyelan tart\u0131\u015fmas\u0131! AFAD ve belediye kar\u015f\u0131 kar\u015f\u0131ya geldi\"}]},{\"@type\":\"WebSite\",\"@id\":\"https:\/\/denizcankizil.tr\/de\/#website\",\"url\":\"https:\/\/denizcankizil.tr\/de\/\",\"name\":\"Av. Deniz Can K\u0131z\u0131l\",\"description\":\"Avukat Deniz Can K\u0131z\u0131l Antalya Barosu\",\"publisher\":{\"@id\":\"https:\/\/denizcankizil.tr\/de\/#organization\"},\"potentialAction\":[{\"@type\":\"SearchAction\",\"target\":{\"@type\":\"EntryPoint\",\"urlTemplate\":\"https:\/\/denizcankizil.tr\/de\/?s={search_term_string}\"},\"query-input\":{\"@type\":\"PropertyValueSpecification\",\"valueRequired\":true,\"valueName\":\"search_term_string\"}}],\"inLanguage\":\"en-GB\"},{\"@type\":\"Organization\",\"@id\":\"https:\/\/denizcankizil.tr\/de\/#organization\",\"name\":\"Av. Deniz Can K\u0131z\u0131l\",\"url\":\"https:\/\/denizcankizil.tr\/de\/\",\"logo\":{\"@type\":\"ImageObject\",\"inLanguage\":\"en-GB\",\"@id\":\"https:\/\/denizcankizil.tr\/de\/#\/schema\/logo\/image\/\",\"url\":\"http:\/\/denizcankizil.tr\/wp-content\/uploads\/2024\/10\/siyah-logo-svg.svg\",\"contentUrl\":\"http:\/\/denizcankizil.tr\/wp-content\/uploads\/2024\/10\/siyah-logo-svg.svg\",\"width\":1080,\"height\":1080,\"caption\":\"Av. Deniz Can K\u0131z\u0131l\"},\"image\":{\"@id\":\"https:\/\/denizcankizil.tr\/de\/#\/schema\/logo\/image\/\"}}]}<\/script>\n<!-- \/ Yoast SEO Premium plugin. -->","yoast_head_json":{"title":"Konyaalt\u0131\u2019nda heyelan tart\u0131\u015fmas\u0131! AFAD ve belediye kar\u015f\u0131 kar\u015f\u0131ya geldi - Av. Deniz Can K\u0131z\u0131l","robots":{"index":"index","follow":"follow","max-snippet":"max-snippet:-1","max-image-preview":"max-image-preview:large","max-video-preview":"max-video-preview:-1"},"canonical":"http:\/\/denizcankizil.tr\/en\/haberler\/gundem\/konyaaltinda-heyelan-tartismasi-afad-ve-belediye-karsi-karsiya-geldi\/","og_locale":"en_GB","og_type":"article","og_title":"Konyaalt\u0131\u2019nda heyelan tart\u0131\u015fmas\u0131! AFAD ve belediye kar\u015f\u0131 kar\u015f\u0131ya geldi","og_description":"Afet ve Acil Durum Y\u00f6netimi Ba\u015fkanl\u0131\u011f\u0131 (AFAD) \u0130l M\u00fcd\u00fcrl\u00fc\u011f\u00fc, Konyaalt\u0131 il\u00e7esinde 1965 y\u0131l\u0131nda ya\u015fanan heyelan nedeniyle afet b\u00f6lgesi ilan edilen mahallelerde Konyaalt\u0131 Belediyesi\u2019ne zemin et\u00fct \u00e7al\u0131\u015fmalar\u0131 yap\u0131lmas\u0131 \u00e7a\u011fr\u0131s\u0131nda bulundu. Belediyenin yeterli personel ile ekipman eksikli\u011fine i\u015faret etmesi, tart\u0131\u015fmalar\u0131 beraberinde getirdi. AFET B\u00d6LGES\u0130 \u0130LAN ED\u0130LM\u0130\u015eT\u0130\u00a0 1965 y\u0131l\u0131ndaki heyelan, bu \u00fc\u00e7 mahallede geni\u015f \u00e7apl\u0131 bir y\u0131k\u0131ma neden olmu\u015f ve b\u00f6lgede afet b\u00f6lgesi ilan edilmesine yol a\u00e7m\u0131\u015ft\u0131. 1959 tarihli Umumi Hayata M\u00fcessir Afetler Dolay\u0131s\u0131yla Al\u0131nacak Tedbirlerle Yap\u0131lacak Yard\u0131mlara Dair Kanunun 2. Maddesi h\u00fckm\u00fc gere\u011fi 22 Ocak 1965 tarih ve 6\/4239 say\u0131l\u0131 Bakanlar Kurulu Karar\u0131 ile Konyaalt\u0131 il\u00e7esi Hisar\u00e7and\u0131r, \u00dc\u00e7oluk ve G\u00f6kdere mahallelerinin bulundu\u011fu geni\u015f bir b\u00f6lge &#8220;Afete Maruz B\u00f6lge&#8221; olarak ilan edildi. B\u00f6lgede yer alan 150 konutun heyelan kaynakl\u0131 afete maruz alanda kald\u0131\u011f\u0131 ve bu yap\u0131lar\u0131n tahliye edilerek g\u00fcvenli b\u00f6lgelere ta\u015f\u0131nmas\u0131 gerekti\u011fi tespit edildi. TARTI\u015eMALI CEVAP AFAD \u0130l M\u00fcd\u00fcrl\u00fc\u011f\u00fc, b\u00f6lgedeki can g\u00fcvenli\u011fi risklerini azaltmak ve risk ta\u015f\u0131mayan alanlarda yap\u0131la\u015fmaya olanak sa\u011flamak amac\u0131yla, 18 Mart 2024 tarihinde Konyaalt\u0131 Belediyesi\u2019ne zemin et\u00fct \u00e7al\u0131\u015fmalar\u0131 yap\u0131lmas\u0131 \u00e7a\u011fr\u0131s\u0131nda bulundu. Belediyenin bu talebe 8 ay sonra yan\u0131t vermesi ve a\u00e7\u0131klamalar\u0131nda yeterli personel ile ekipman eksikli\u011fine i\u015faret etmesi, tart\u0131\u015fmalar\u0131 beraberinde getirdi. AFAD VE BELED\u0130YE KAR\u015eI KAR\u015eIYA Antalya K\u00f6rfez Gazetesi muhabiri Ertu\u011frul G\u00fcn&#8217;\u00fcn haberine g\u00f6re Konyaalt\u0131 Belediyesi, AFAD\u2019\u0131n talebine verdi\u011fi yan\u0131tta, &hellip;","og_url":"http:\/\/denizcankizil.tr\/en\/haberler\/gundem\/konyaaltinda-heyelan-tartismasi-afad-ve-belediye-karsi-karsiya-geldi\/","og_site_name":"Av. Deniz Can K\u0131z\u0131l","article_published_time":"2024-12-19T06:42:39+00:00","twitter_card":"summary_large_image","twitter_misc":{"Estimated reading time":"3 minutes"},"schema":{"@context":"https:\/\/schema.org","@graph":[{"@type":"Article","@id":"http:\/\/denizcankizil.tr\/ru\/haberler\/gundem\/konyaaltinda-heyelan-tartismasi-afad-ve-belediye-karsi-karsiya-geldi\/#article","isPartOf":{"@id":"http:\/\/denizcankizil.tr\/ru\/haberler\/gundem\/konyaaltinda-heyelan-tartismasi-afad-ve-belediye-karsi-karsiya-geldi\/"},"author":{"name":"","@id":""},"headline":"Konyaalt\u0131\u2019nda heyelan tart\u0131\u015fmas\u0131! AFAD ve belediye kar\u015f\u0131 kar\u015f\u0131ya geldi","datePublished":"2024-12-19T06:42:39+00:00","mainEntityOfPage":{"@id":"http:\/\/denizcankizil.tr\/ru\/haberler\/gundem\/konyaaltinda-heyelan-tartismasi-afad-ve-belediye-karsi-karsiya-geldi\/"},"wordCount":702,"commentCount":0,"publisher":{"@id":"https:\/\/denizcankizil.tr\/de\/#organization"},"articleSection":["G\u00fcndem","Uncategorized"],"inLanguage":"en-GB","potentialAction":[{"@type":"CommentAction","name":"Comment","target":["http:\/\/denizcankizil.tr\/ru\/haberler\/gundem\/konyaaltinda-heyelan-tartismasi-afad-ve-belediye-karsi-karsiya-geldi\/#respond"]}]},{"@type":"WebPage","@id":"http:\/\/denizcankizil.tr\/ru\/haberler\/gundem\/konyaaltinda-heyelan-tartismasi-afad-ve-belediye-karsi-karsiya-geldi\/","url":"http:\/\/denizcankizil.tr\/ru\/haberler\/gundem\/konyaaltinda-heyelan-tartismasi-afad-ve-belediye-karsi-karsiya-geldi\/","name":"Konyaalt\u0131\u2019nda heyelan tart\u0131\u015fmas\u0131! AFAD ve belediye kar\u015f\u0131 kar\u015f\u0131ya geldi - Av. Deniz Can K\u0131z\u0131l","isPartOf":{"@id":"https:\/\/denizcankizil.tr\/de\/#website"},"datePublished":"2024-12-19T06:42:39+00:00","breadcrumb":{"@id":"http:\/\/denizcankizil.tr\/ru\/haberler\/gundem\/konyaaltinda-heyelan-tartismasi-afad-ve-belediye-karsi-karsiya-geldi\/#breadcrumb"},"inLanguage":"en-GB","potentialAction":[{"@type":"ReadAction","target":["http:\/\/denizcankizil.tr\/ru\/haberler\/gundem\/konyaaltinda-heyelan-tartismasi-afad-ve-belediye-karsi-karsiya-geldi\/"]}]},{"@type":"BreadcrumbList","@id":"http:\/\/denizcankizil.tr\/ru\/haberler\/gundem\/konyaaltinda-heyelan-tartismasi-afad-ve-belediye-karsi-karsiya-geldi\/#breadcrumb","itemListElement":[{"@type":"ListItem","position":1,"name":"Home","item":"https:\/\/denizcankizil.tr\/de\/"},{"@type":"ListItem","position":2,"name":"Konyaalt\u0131\u2019nda heyelan tart\u0131\u015fmas\u0131! AFAD ve belediye kar\u015f\u0131 kar\u015f\u0131ya geldi"}]},{"@type":"WebSite","@id":"https:\/\/denizcankizil.tr\/de\/#website","url":"https:\/\/denizcankizil.tr\/de\/","name":"Av. Deniz Can K\u0131z\u0131l","description":"Avukat Deniz Can K\u0131z\u0131l Antalya Barosu","publisher":{"@id":"https:\/\/denizcankizil.tr\/de\/#organization"},"potentialAction":[{"@type":"SearchAction","target":{"@type":"EntryPoint","urlTemplate":"https:\/\/denizcankizil.tr\/de\/?s={search_term_string}"},"query-input":{"@type":"PropertyValueSpecification","valueRequired":true,"valueName":"search_term_string"}}],"inLanguage":"en-GB"},{"@type":"Organization","@id":"https:\/\/denizcankizil.tr\/de\/#organization","name":"Av. Deniz Can K\u0131z\u0131l","url":"https:\/\/denizcankizil.tr\/de\/","logo":{"@type":"ImageObject","inLanguage":"en-GB","@id":"https:\/\/denizcankizil.tr\/de\/#\/schema\/logo\/image\/","url":"http:\/\/denizcankizil.tr\/wp-content\/uploads\/2024\/10\/siyah-logo-svg.svg","contentUrl":"http:\/\/denizcankizil.tr\/wp-content\/uploads\/2024\/10\/siyah-logo-svg.svg","width":1080,"height":1080,"caption":"Av. Deniz Can K\u0131z\u0131l"},"image":{"@id":"https:\/\/denizcankizil.tr\/de\/#\/schema\/logo\/image\/"}}]}},"_links":{"self":[{"href":"http:\/\/denizcankizil.tr\/en\/wp-json\/wp\/v2\/posts\/21338","targetHints":{"allow":["GET"]}}],"collection":[{"href":"http:\/\/denizcankizil.tr\/en\/wp-json\/wp\/v2\/posts"}],"about":[{"href":"http:\/\/denizcankizil.tr\/en\/wp-json\/wp\/v2\/types\/post"}],"replies":[{"embeddable":true,"href":"http:\/\/denizcankizil.tr\/en\/wp-json\/wp\/v2\/comments?post=21338"}],"version-history":[{"count":0,"href":"http:\/\/denizcankizil.tr\/en\/wp-json\/wp\/v2\/posts\/21338\/revisions"}],"wp:attachment":[{"href":"http:\/\/denizcankizil.tr\/en\/wp-json\/wp\/v2\/media?parent=21338"}],"wp:term":[{"taxonomy":"category","embeddable":true,"href":"http:\/\/denizcankizil.tr\/en\/wp-json\/wp\/v2\/categories?post=21338"},{"taxonomy":"post_tag","embeddable":true,"href":"http:\/\/denizcankizil.tr\/en\/wp-json\/wp\/v2\/tags?post=21338"}],"curies":[{"name":"wp","href":"https:\/\/api.w.org\/{rel}","templated":true}]}}