{"id":21278,"date":"2024-12-18T16:42:08","date_gmt":"2024-12-18T13:42:08","guid":{"rendered":"https:\/\/denizcankizil.tr\/uncategorized-tr\/ogrencilerden-baskan-topalogluna-turk-bayragi\/"},"modified":"2024-12-18T16:42:08","modified_gmt":"2024-12-18T13:42:08","slug":"ogrencilerden-baskan-topalogluna-turk-bayragi","status":"publish","type":"post","link":"http:\/\/denizcankizil.tr\/en\/haberler\/gundem\/ogrencilerden-baskan-topalogluna-turk-bayragi\/","title":{"rendered":"\u00d6\u011frencilerden Ba\u015fkan Topalo\u011flu\u2019na T\u00fcrk bayra\u011f\u0131"},"content":{"rendered":"<p>Kemer Final Okullar\u0131 Resim Kul\u00fcb\u00fc \u00f6\u011frencileri, grapon ka\u011f\u0131tlar\u0131yla yapt\u0131\u011f\u0131 T\u00fcrk bayra\u011f\u0131n\u0131, Kemer Belediye Ba\u015fkan\u0131 Necati Topalo\u011flu\u2019na hediye etti.\u00a0<\/p>\n<p>\u200bKemer Final Okullar\u0131 Resim Kul\u00fcb\u00fc \u00f6\u011frencileri, grapon ka\u011f\u0131tlar\u0131yla yapt\u0131\u011f\u0131 T\u00fcrk bayra\u011f\u0131n\u0131, Kemer Belediye Ba\u015fkan\u0131 Necati Topalo\u011flu\u2019na hediye etti.\u00a0\u00a0<\/p>\n<p>\u200bHaberin Al\u0131nt\u0131land\u0131\u011f\u0131 Kaynak: www.iskenderun.org<\/p>","protected":false},"excerpt":{"rendered":"<p>Kemer Final Okullar\u0131 Resim Kul\u00fcb\u00fc \u00f6\u011frencileri, grapon ka\u011f\u0131tlar\u0131yla yapt\u0131\u011f\u0131 T\u00fcrk bayra\u011f\u0131n\u0131, Kemer Belediye Ba\u015fkan\u0131 Necati Topalo\u011flu\u2019na hediye etti.\u00a0 \u200bKemer Final Okullar\u0131 Resim Kul\u00fcb\u00fc \u00f6\u011frencileri, grapon ka\u011f\u0131tlar\u0131yla yapt\u0131\u011f\u0131 T\u00fcrk bayra\u011f\u0131n\u0131, Kemer Belediye Ba\u015fkan\u0131 Necati Topalo\u011flu\u2019na hediye etti.\u00a0\u00a0 \u200bHaberin Al\u0131nt\u0131land\u0131\u011f\u0131 Kaynak: www.iskenderun.org<\/p>","protected":false},"author":0,"featured_media":0,"comment_status":"open","ping_status":"open","sticky":false,"template":"","format":"standard","meta":{"_acf_changed":false,"footnotes":""},"categories":[24,535],"tags":[],"class_list":["post-21278","post","type-post","status-publish","format-standard","has-post-thumbnail","hentry","category-gundem","category-uncategorized-tr"],"acf":[],"yoast_head":"<!-- This site is optimized with the Yoast SEO Premium plugin v26.6 (Yoast SEO v27.1.1) - https:\/\/yoast.com\/product\/yoast-seo-premium-wordpress\/ -->\n<title>\u00d6\u011frencilerden Ba\u015fkan Topalo\u011flu\u2019na T\u00fcrk bayra\u011f\u0131 - Av. Deniz Can K\u0131z\u0131l<\/title>\n<meta name=\"robots\" content=\"index, follow, max-snippet:-1, max-image-preview:large, max-video-preview:-1\" \/>\n<link rel=\"canonical\" href=\"http:\/\/denizcankizil.tr\/en\/haberler\/gundem\/ogrencilerden-baskan-topalogluna-turk-bayragi\/\" \/>\n<meta property=\"og:locale\" content=\"en_GB\" \/>\n<meta property=\"og:type\" content=\"article\" \/>\n<meta property=\"og:title\" content=\"\u00d6\u011frencilerden Ba\u015fkan Topalo\u011flu\u2019na T\u00fcrk bayra\u011f\u0131\" \/>\n<meta property=\"og:description\" content=\"Kemer Final Okullar\u0131 Resim Kul\u00fcb\u00fc \u00f6\u011frencileri, grapon ka\u011f\u0131tlar\u0131yla yapt\u0131\u011f\u0131 T\u00fcrk bayra\u011f\u0131n\u0131, Kemer Belediye Ba\u015fkan\u0131 Necati Topalo\u011flu\u2019na hediye etti.\u00a0 \u200bKemer Final Okullar\u0131 Resim Kul\u00fcb\u00fc \u00f6\u011frencileri, grapon ka\u011f\u0131tlar\u0131yla yapt\u0131\u011f\u0131 T\u00fcrk bayra\u011f\u0131n\u0131, Kemer Belediye Ba\u015fkan\u0131 Necati Topalo\u011flu\u2019na hediye etti.\u00a0\u00a0 \u200bHaberin Al\u0131nt\u0131land\u0131\u011f\u0131 Kaynak: www.iskenderun.org\" \/>\n<meta property=\"og:url\" content=\"http:\/\/denizcankizil.tr\/en\/haberler\/gundem\/ogrencilerden-baskan-topalogluna-turk-bayragi\/\" \/>\n<meta property=\"og:site_name\" content=\"Av. Deniz Can K\u0131z\u0131l\" \/>\n<meta property=\"article:published_time\" content=\"2024-12-18T13:42:08+00:00\" \/>\n<meta name=\"twitter:card\" content=\"summary_large_image\" \/>\n<script type=\"application\/ld+json\" class=\"yoast-schema-graph\">{\"@context\":\"https:\/\/schema.org\",\"@graph\":[{\"@type\":\"Article\",\"@id\":\"http:\/\/denizcankizil.tr\/en\/haberler\/gundem\/ogrencilerden-baskan-topalogluna-turk-bayragi\/#article\",\"isPartOf\":{\"@id\":\"http:\/\/denizcankizil.tr\/en\/haberler\/gundem\/ogrencilerden-baskan-topalogluna-turk-bayragi\/\"},\"author\":{\"name\":\"\",\"@id\":\"\"},\"headline\":\"\u00d6\u011frencilerden Ba\u015fkan Topalo\u011flu\u2019na T\u00fcrk bayra\u011f\u0131\",\"datePublished\":\"2024-12-18T13:42:08+00:00\",\"mainEntityOfPage\":{\"@id\":\"http:\/\/denizcankizil.tr\/en\/haberler\/gundem\/ogrencilerden-baskan-topalogluna-turk-bayragi\/\"},\"wordCount\":69,\"commentCount\":0,\"publisher\":{\"@id\":\"https:\/\/denizcankizil.tr\/de\/#organization\"},\"articleSection\":[\"G\u00fcndem\",\"Uncategorized\"],\"inLanguage\":\"en-GB\",\"potentialAction\":[{\"@type\":\"CommentAction\",\"name\":\"Comment\",\"target\":[\"http:\/\/denizcankizil.tr\/en\/haberler\/gundem\/ogrencilerden-baskan-topalogluna-turk-bayragi\/#respond\"]}]},{\"@type\":\"WebPage\",\"@id\":\"http:\/\/denizcankizil.tr\/en\/haberler\/gundem\/ogrencilerden-baskan-topalogluna-turk-bayragi\/\",\"url\":\"http:\/\/denizcankizil.tr\/en\/haberler\/gundem\/ogrencilerden-baskan-topalogluna-turk-bayragi\/\",\"name\":\"\u00d6\u011frencilerden Ba\u015fkan Topalo\u011flu\u2019na T\u00fcrk bayra\u011f\u0131 - Av. Deniz Can K\u0131z\u0131l\",\"isPartOf\":{\"@id\":\"https:\/\/denizcankizil.tr\/de\/#website\"},\"datePublished\":\"2024-12-18T13:42:08+00:00\",\"breadcrumb\":{\"@id\":\"http:\/\/denizcankizil.tr\/en\/haberler\/gundem\/ogrencilerden-baskan-topalogluna-turk-bayragi\/#breadcrumb\"},\"inLanguage\":\"en-GB\",\"potentialAction\":[{\"@type\":\"ReadAction\",\"target\":[\"http:\/\/denizcankizil.tr\/en\/haberler\/gundem\/ogrencilerden-baskan-topalogluna-turk-bayragi\/\"]}]},{\"@type\":\"BreadcrumbList\",\"@id\":\"http:\/\/denizcankizil.tr\/en\/haberler\/gundem\/ogrencilerden-baskan-topalogluna-turk-bayragi\/#breadcrumb\",\"itemListElement\":[{\"@type\":\"ListItem\",\"position\":1,\"name\":\"Home\",\"item\":\"https:\/\/denizcankizil.tr\/de\/\"},{\"@type\":\"ListItem\",\"position\":2,\"name\":\"\u00d6\u011frencilerden Ba\u015fkan Topalo\u011flu\u2019na T\u00fcrk bayra\u011f\u0131\"}]},{\"@type\":\"WebSite\",\"@id\":\"https:\/\/denizcankizil.tr\/de\/#website\",\"url\":\"https:\/\/denizcankizil.tr\/de\/\",\"name\":\"Av. Deniz Can K\u0131z\u0131l\",\"description\":\"Avukat Deniz Can K\u0131z\u0131l Antalya Barosu\",\"publisher\":{\"@id\":\"https:\/\/denizcankizil.tr\/de\/#organization\"},\"potentialAction\":[{\"@type\":\"SearchAction\",\"target\":{\"@type\":\"EntryPoint\",\"urlTemplate\":\"https:\/\/denizcankizil.tr\/de\/?s={search_term_string}\"},\"query-input\":{\"@type\":\"PropertyValueSpecification\",\"valueRequired\":true,\"valueName\":\"search_term_string\"}}],\"inLanguage\":\"en-GB\"},{\"@type\":\"Organization\",\"@id\":\"https:\/\/denizcankizil.tr\/de\/#organization\",\"name\":\"Av. Deniz Can K\u0131z\u0131l\",\"url\":\"https:\/\/denizcankizil.tr\/de\/\",\"logo\":{\"@type\":\"ImageObject\",\"inLanguage\":\"en-GB\",\"@id\":\"https:\/\/denizcankizil.tr\/de\/#\/schema\/logo\/image\/\",\"url\":\"http:\/\/denizcankizil.tr\/wp-content\/uploads\/2024\/10\/siyah-logo-svg.svg\",\"contentUrl\":\"http:\/\/denizcankizil.tr\/wp-content\/uploads\/2024\/10\/siyah-logo-svg.svg\",\"width\":1080,\"height\":1080,\"caption\":\"Av. Deniz Can K\u0131z\u0131l\"},\"image\":{\"@id\":\"https:\/\/denizcankizil.tr\/de\/#\/schema\/logo\/image\/\"}}]}<\/script>\n<!-- \/ Yoast SEO Premium plugin. -->","yoast_head_json":{"title":"\u00d6\u011frencilerden Ba\u015fkan Topalo\u011flu\u2019na T\u00fcrk bayra\u011f\u0131 - Av. Deniz Can K\u0131z\u0131l","robots":{"index":"index","follow":"follow","max-snippet":"max-snippet:-1","max-image-preview":"max-image-preview:large","max-video-preview":"max-video-preview:-1"},"canonical":"http:\/\/denizcankizil.tr\/en\/haberler\/gundem\/ogrencilerden-baskan-topalogluna-turk-bayragi\/","og_locale":"en_GB","og_type":"article","og_title":"\u00d6\u011frencilerden Ba\u015fkan Topalo\u011flu\u2019na T\u00fcrk bayra\u011f\u0131","og_description":"Kemer Final Okullar\u0131 Resim Kul\u00fcb\u00fc \u00f6\u011frencileri, grapon ka\u011f\u0131tlar\u0131yla yapt\u0131\u011f\u0131 T\u00fcrk bayra\u011f\u0131n\u0131, Kemer Belediye Ba\u015fkan\u0131 Necati Topalo\u011flu\u2019na hediye etti.\u00a0 \u200bKemer Final Okullar\u0131 Resim Kul\u00fcb\u00fc \u00f6\u011frencileri, grapon ka\u011f\u0131tlar\u0131yla yapt\u0131\u011f\u0131 T\u00fcrk bayra\u011f\u0131n\u0131, Kemer Belediye Ba\u015fkan\u0131 Necati Topalo\u011flu\u2019na hediye etti.\u00a0\u00a0 \u200bHaberin Al\u0131nt\u0131land\u0131\u011f\u0131 Kaynak: www.iskenderun.org","og_url":"http:\/\/denizcankizil.tr\/en\/haberler\/gundem\/ogrencilerden-baskan-topalogluna-turk-bayragi\/","og_site_name":"Av. Deniz Can K\u0131z\u0131l","article_published_time":"2024-12-18T13:42:08+00:00","twitter_card":"summary_large_image","schema":{"@context":"https:\/\/schema.org","@graph":[{"@type":"Article","@id":"http:\/\/denizcankizil.tr\/en\/haberler\/gundem\/ogrencilerden-baskan-topalogluna-turk-bayragi\/#article","isPartOf":{"@id":"http:\/\/denizcankizil.tr\/en\/haberler\/gundem\/ogrencilerden-baskan-topalogluna-turk-bayragi\/"},"author":{"name":"","@id":""},"headline":"\u00d6\u011frencilerden Ba\u015fkan Topalo\u011flu\u2019na T\u00fcrk bayra\u011f\u0131","datePublished":"2024-12-18T13:42:08+00:00","mainEntityOfPage":{"@id":"http:\/\/denizcankizil.tr\/en\/haberler\/gundem\/ogrencilerden-baskan-topalogluna-turk-bayragi\/"},"wordCount":69,"commentCount":0,"publisher":{"@id":"https:\/\/denizcankizil.tr\/de\/#organization"},"articleSection":["G\u00fcndem","Uncategorized"],"inLanguage":"en-GB","potentialAction":[{"@type":"CommentAction","name":"Comment","target":["http:\/\/denizcankizil.tr\/en\/haberler\/gundem\/ogrencilerden-baskan-topalogluna-turk-bayragi\/#respond"]}]},{"@type":"WebPage","@id":"http:\/\/denizcankizil.tr\/en\/haberler\/gundem\/ogrencilerden-baskan-topalogluna-turk-bayragi\/","url":"http:\/\/denizcankizil.tr\/en\/haberler\/gundem\/ogrencilerden-baskan-topalogluna-turk-bayragi\/","name":"\u00d6\u011frencilerden Ba\u015fkan Topalo\u011flu\u2019na T\u00fcrk bayra\u011f\u0131 - Av. Deniz Can K\u0131z\u0131l","isPartOf":{"@id":"https:\/\/denizcankizil.tr\/de\/#website"},"datePublished":"2024-12-18T13:42:08+00:00","breadcrumb":{"@id":"http:\/\/denizcankizil.tr\/en\/haberler\/gundem\/ogrencilerden-baskan-topalogluna-turk-bayragi\/#breadcrumb"},"inLanguage":"en-GB","potentialAction":[{"@type":"ReadAction","target":["http:\/\/denizcankizil.tr\/en\/haberler\/gundem\/ogrencilerden-baskan-topalogluna-turk-bayragi\/"]}]},{"@type":"BreadcrumbList","@id":"http:\/\/denizcankizil.tr\/en\/haberler\/gundem\/ogrencilerden-baskan-topalogluna-turk-bayragi\/#breadcrumb","itemListElement":[{"@type":"ListItem","position":1,"name":"Home","item":"https:\/\/denizcankizil.tr\/de\/"},{"@type":"ListItem","position":2,"name":"\u00d6\u011frencilerden Ba\u015fkan Topalo\u011flu\u2019na T\u00fcrk bayra\u011f\u0131"}]},{"@type":"WebSite","@id":"https:\/\/denizcankizil.tr\/de\/#website","url":"https:\/\/denizcankizil.tr\/de\/","name":"Av. Deniz Can K\u0131z\u0131l","description":"Avukat Deniz Can K\u0131z\u0131l Antalya Barosu","publisher":{"@id":"https:\/\/denizcankizil.tr\/de\/#organization"},"potentialAction":[{"@type":"SearchAction","target":{"@type":"EntryPoint","urlTemplate":"https:\/\/denizcankizil.tr\/de\/?s={search_term_string}"},"query-input":{"@type":"PropertyValueSpecification","valueRequired":true,"valueName":"search_term_string"}}],"inLanguage":"en-GB"},{"@type":"Organization","@id":"https:\/\/denizcankizil.tr\/de\/#organization","name":"Av. Deniz Can K\u0131z\u0131l","url":"https:\/\/denizcankizil.tr\/de\/","logo":{"@type":"ImageObject","inLanguage":"en-GB","@id":"https:\/\/denizcankizil.tr\/de\/#\/schema\/logo\/image\/","url":"http:\/\/denizcankizil.tr\/wp-content\/uploads\/2024\/10\/siyah-logo-svg.svg","contentUrl":"http:\/\/denizcankizil.tr\/wp-content\/uploads\/2024\/10\/siyah-logo-svg.svg","width":1080,"height":1080,"caption":"Av. Deniz Can K\u0131z\u0131l"},"image":{"@id":"https:\/\/denizcankizil.tr\/de\/#\/schema\/logo\/image\/"}}]}},"_links":{"self":[{"href":"http:\/\/denizcankizil.tr\/en\/wp-json\/wp\/v2\/posts\/21278","targetHints":{"allow":["GET"]}}],"collection":[{"href":"http:\/\/denizcankizil.tr\/en\/wp-json\/wp\/v2\/posts"}],"about":[{"href":"http:\/\/denizcankizil.tr\/en\/wp-json\/wp\/v2\/types\/post"}],"replies":[{"embeddable":true,"href":"http:\/\/denizcankizil.tr\/en\/wp-json\/wp\/v2\/comments?post=21278"}],"version-history":[{"count":0,"href":"http:\/\/denizcankizil.tr\/en\/wp-json\/wp\/v2\/posts\/21278\/revisions"}],"wp:attachment":[{"href":"http:\/\/denizcankizil.tr\/en\/wp-json\/wp\/v2\/media?parent=21278"}],"wp:term":[{"taxonomy":"category","embeddable":true,"href":"http:\/\/denizcankizil.tr\/en\/wp-json\/wp\/v2\/categories?post=21278"},{"taxonomy":"post_tag","embeddable":true,"href":"http:\/\/denizcankizil.tr\/en\/wp-json\/wp\/v2\/tags?post=21278"}],"curies":[{"name":"wp","href":"https:\/\/api.w.org\/{rel}","templated":true}]}}