{"id":21145,"date":"2024-12-17T18:41:23","date_gmt":"2024-12-17T15:41:23","guid":{"rendered":"https:\/\/denizcankizil.tr\/uncategorized-tr\/antalyada-marti-tag-davasi-20-aralikta-gorulecek-dava-oncesi-videolu-paylasim\/"},"modified":"2024-12-17T18:41:23","modified_gmt":"2024-12-17T15:41:23","slug":"antalyada-marti-tag-davasi-20-aralikta-gorulecek-dava-oncesi-videolu-paylasim","status":"publish","type":"post","link":"http:\/\/denizcankizil.tr\/en\/haberler\/gundem\/antalyada-marti-tag-davasi-20-aralikta-gorulecek-dava-oncesi-videolu-paylasim\/","title":{"rendered":"Antalya\u2019da Mart\u0131 TAG davas\u0131 20 Aral\u0131k&#8217;ta g\u00f6r\u00fclecek. Dava \u00f6ncesi videolu payla\u015f\u0131m!"},"content":{"rendered":"<p>Antalya \u015eof\u00f6rler ve Otomobilciler Odas\u0131\u2019n\u0131n payla\u015f\u0131ml\u0131 yolcu ta\u015f\u0131mac\u0131l\u0131\u011f\u0131 ad\u0131 alt\u0131nda hizmet veren korsan yaz\u0131l\u0131m platformunun durdurulmas\u0131 hakk\u0131nda a\u00e7t\u0131\u011f\u0131 davan\u0131n devam duru\u015fmas\u0131 Antalya Asliye 1. Ticaret Mahkemesi\u2019nde 11 Eyl\u00fcl \u00c7ar\u015famba g\u00fcn\u00fc g\u00f6r\u00fcld\u00fc.\u00a0<\/p>\n<p>\u00d6KTEM\u2019DEN ANTALYA\u2019YA \u00c7A\u011eRI<\/p>\n<p>Mahkeme yeni atanan h\u00e2kimin dosyay\u0131 inceleyememesi nedeniyle ve gerekli bilgi ve belgelerin toplanmas\u0131 i\u00e7in duru\u015fmay\u0131 20 Aral\u0131k 2024 tarihine erteledi. Duru\u015fmaya say\u0131l\u0131 g\u00fcnler kala Mart\u0131 TAG kurucusu O\u011fuz Alper \u00d6ktem&#8217;ten payla\u015f\u0131m geldi.\u00a0<\/p>\n<p>\u201cDAVA KAZANMAYA GEL\u0130YORUZ\u201d<\/p>\n<p>Resmi sosyal medya hesaplar\u0131 arac\u0131l\u0131\u011f\u0131yla video yay\u0131nlayan \u00d6ktem, \u201cAntalya\u2019ya dava kazanmaya geliyoruz. 20 Aral\u0131k Cuma saat 12.30\u2019da Antalya Adliyesi\u2019nin \u00f6n\u00fcnde bulu\u015fal\u0131m. B\u00fct\u00fcn TAG severleri, Mart\u0131 destek\u00e7ilerini, benimle tan\u0131\u015fmak isteyenleri Cuma g\u00fcn\u00fc adliyeye bekliyorum\u201d a\u00e7\u0131klamas\u0131nda bulundu.\u00a0<\/p>\n<p>\u00a0<\/p>\n<p>\u200bAntalya \u015eof\u00f6rler ve Otomobilciler Odas\u0131\u2019n\u0131n Mart\u0131 TAG adl\u0131 dijital platformun durdurulmas\u0131na y\u00f6nelik a\u00e7t\u0131\u011f\u0131 dava, 20 Aral\u0131k Cuma g\u00fcn\u00fc g\u00f6r\u00fclecek\u00a0<\/p>\n<p>\u200bHaberin Al\u0131nt\u0131land\u0131\u011f\u0131 Kaynak: www.antalyakorfez.com<\/p>","protected":false},"excerpt":{"rendered":"<p>Antalya \u015eof\u00f6rler ve Otomobilciler Odas\u0131\u2019n\u0131n payla\u015f\u0131ml\u0131 yolcu ta\u015f\u0131mac\u0131l\u0131\u011f\u0131 ad\u0131 alt\u0131nda hizmet veren korsan yaz\u0131l\u0131m platformunun durdurulmas\u0131 hakk\u0131nda a\u00e7t\u0131\u011f\u0131 davan\u0131n devam duru\u015fmas\u0131 Antalya Asliye 1. Ticaret Mahkemesi\u2019nde 11 Eyl\u00fcl \u00c7ar\u015famba g\u00fcn\u00fc g\u00f6r\u00fcld\u00fc.\u00a0 \u00d6KTEM\u2019DEN ANTALYA\u2019YA \u00c7A\u011eRI Mahkeme yeni atanan h\u00e2kimin dosyay\u0131 inceleyememesi nedeniyle ve gerekli bilgi ve belgelerin toplanmas\u0131 i\u00e7in duru\u015fmay\u0131 20 Aral\u0131k 2024 tarihine erteledi. Duru\u015fmaya say\u0131l\u0131 g\u00fcnler kala Mart\u0131 TAG kurucusu O\u011fuz Alper \u00d6ktem&#8217;ten payla\u015f\u0131m geldi.\u00a0 \u201cDAVA KAZANMAYA GEL\u0130YORUZ\u201d Resmi sosyal medya hesaplar\u0131 arac\u0131l\u0131\u011f\u0131yla video yay\u0131nlayan \u00d6ktem, \u201cAntalya\u2019ya dava kazanmaya geliyoruz. 20 Aral\u0131k Cuma saat 12.30\u2019da Antalya Adliyesi\u2019nin \u00f6n\u00fcnde bulu\u015fal\u0131m. B\u00fct\u00fcn TAG severleri, Mart\u0131 destek\u00e7ilerini, benimle tan\u0131\u015fmak isteyenleri Cuma g\u00fcn\u00fc adliyeye bekliyorum\u201d a\u00e7\u0131klamas\u0131nda bulundu.\u00a0 \u00a0 \u200bAntalya \u015eof\u00f6rler ve Otomobilciler Odas\u0131\u2019n\u0131n Mart\u0131 TAG adl\u0131 dijital platformun durdurulmas\u0131na y\u00f6nelik a\u00e7t\u0131\u011f\u0131 dava, 20 Aral\u0131k Cuma g\u00fcn\u00fc g\u00f6r\u00fclecek\u00a0 \u200bHaberin Al\u0131nt\u0131land\u0131\u011f\u0131 Kaynak: www.antalyakorfez.com<\/p>","protected":false},"author":0,"featured_media":0,"comment_status":"open","ping_status":"open","sticky":false,"template":"","format":"standard","meta":{"_acf_changed":false,"footnotes":""},"categories":[24,535],"tags":[],"class_list":["post-21145","post","type-post","status-publish","format-standard","has-post-thumbnail","hentry","category-gundem","category-uncategorized-tr"],"acf":[],"yoast_head":"<!-- This site is optimized with the Yoast SEO Premium plugin v26.6 (Yoast SEO v27.1.1) - https:\/\/yoast.com\/product\/yoast-seo-premium-wordpress\/ -->\n<title>Antalya\u2019da Mart\u0131 TAG davas\u0131 20 Aral\u0131k&#039;ta g\u00f6r\u00fclecek. Dava \u00f6ncesi videolu payla\u015f\u0131m! - Av. Deniz Can K\u0131z\u0131l<\/title>\n<meta name=\"robots\" content=\"index, follow, max-snippet:-1, max-image-preview:large, max-video-preview:-1\" \/>\n<link rel=\"canonical\" href=\"http:\/\/denizcankizil.tr\/en\/haberler\/gundem\/antalyada-marti-tag-davasi-20-aralikta-gorulecek-dava-oncesi-videolu-paylasim\/\" \/>\n<meta property=\"og:locale\" content=\"en_GB\" \/>\n<meta property=\"og:type\" content=\"article\" \/>\n<meta property=\"og:title\" content=\"Antalya\u2019da Mart\u0131 TAG davas\u0131 20 Aral\u0131k&#039;ta g\u00f6r\u00fclecek. Dava \u00f6ncesi videolu payla\u015f\u0131m!\" \/>\n<meta property=\"og:description\" content=\"Antalya \u015eof\u00f6rler ve Otomobilciler Odas\u0131\u2019n\u0131n payla\u015f\u0131ml\u0131 yolcu ta\u015f\u0131mac\u0131l\u0131\u011f\u0131 ad\u0131 alt\u0131nda hizmet veren korsan yaz\u0131l\u0131m platformunun durdurulmas\u0131 hakk\u0131nda a\u00e7t\u0131\u011f\u0131 davan\u0131n devam duru\u015fmas\u0131 Antalya Asliye 1. Ticaret Mahkemesi\u2019nde 11 Eyl\u00fcl \u00c7ar\u015famba g\u00fcn\u00fc g\u00f6r\u00fcld\u00fc.\u00a0 \u00d6KTEM\u2019DEN ANTALYA\u2019YA \u00c7A\u011eRI Mahkeme yeni atanan h\u00e2kimin dosyay\u0131 inceleyememesi nedeniyle ve gerekli bilgi ve belgelerin toplanmas\u0131 i\u00e7in duru\u015fmay\u0131 20 Aral\u0131k 2024 tarihine erteledi. Duru\u015fmaya say\u0131l\u0131 g\u00fcnler kala Mart\u0131 TAG kurucusu O\u011fuz Alper \u00d6ktem&#8217;ten payla\u015f\u0131m geldi.\u00a0 \u201cDAVA KAZANMAYA GEL\u0130YORUZ\u201d Resmi sosyal medya hesaplar\u0131 arac\u0131l\u0131\u011f\u0131yla video yay\u0131nlayan \u00d6ktem, \u201cAntalya\u2019ya dava kazanmaya geliyoruz. 20 Aral\u0131k Cuma saat 12.30\u2019da Antalya Adliyesi\u2019nin \u00f6n\u00fcnde bulu\u015fal\u0131m. B\u00fct\u00fcn TAG severleri, Mart\u0131 destek\u00e7ilerini, benimle tan\u0131\u015fmak isteyenleri Cuma g\u00fcn\u00fc adliyeye bekliyorum\u201d a\u00e7\u0131klamas\u0131nda bulundu.\u00a0 \u00a0 \u200bAntalya \u015eof\u00f6rler ve Otomobilciler Odas\u0131\u2019n\u0131n Mart\u0131 TAG adl\u0131 dijital platformun durdurulmas\u0131na y\u00f6nelik a\u00e7t\u0131\u011f\u0131 dava, 20 Aral\u0131k Cuma g\u00fcn\u00fc g\u00f6r\u00fclecek\u00a0 \u200bHaberin Al\u0131nt\u0131land\u0131\u011f\u0131 Kaynak: www.antalyakorfez.com\" \/>\n<meta property=\"og:url\" content=\"http:\/\/denizcankizil.tr\/en\/haberler\/gundem\/antalyada-marti-tag-davasi-20-aralikta-gorulecek-dava-oncesi-videolu-paylasim\/\" \/>\n<meta property=\"og:site_name\" content=\"Av. Deniz Can K\u0131z\u0131l\" \/>\n<meta property=\"article:published_time\" content=\"2024-12-17T15:41:23+00:00\" \/>\n<meta name=\"twitter:card\" content=\"summary_large_image\" \/>\n<meta name=\"twitter:label1\" content=\"Estimated reading time\" \/>\n\t<meta name=\"twitter:data1\" content=\"1 minute\" \/>\n<script type=\"application\/ld+json\" class=\"yoast-schema-graph\">{\"@context\":\"https:\/\/schema.org\",\"@graph\":[{\"@type\":\"Article\",\"@id\":\"http:\/\/denizcankizil.tr\/en\/haberler\/gundem\/antalyada-marti-tag-davasi-20-aralikta-gorulecek-dava-oncesi-videolu-paylasim\/#article\",\"isPartOf\":{\"@id\":\"http:\/\/denizcankizil.tr\/en\/haberler\/gundem\/antalyada-marti-tag-davasi-20-aralikta-gorulecek-dava-oncesi-videolu-paylasim\/\"},\"author\":{\"name\":\"\",\"@id\":\"\"},\"headline\":\"Antalya\u2019da Mart\u0131 TAG davas\u0131 20 Aral\u0131k&#8217;ta g\u00f6r\u00fclecek. Dava \u00f6ncesi videolu payla\u015f\u0131m!\",\"datePublished\":\"2024-12-17T15:41:23+00:00\",\"mainEntityOfPage\":{\"@id\":\"http:\/\/denizcankizil.tr\/en\/haberler\/gundem\/antalyada-marti-tag-davasi-20-aralikta-gorulecek-dava-oncesi-videolu-paylasim\/\"},\"wordCount\":200,\"commentCount\":0,\"publisher\":{\"@id\":\"https:\/\/denizcankizil.tr\/de\/#organization\"},\"articleSection\":[\"G\u00fcndem\",\"Uncategorized\"],\"inLanguage\":\"en-GB\",\"potentialAction\":[{\"@type\":\"CommentAction\",\"name\":\"Comment\",\"target\":[\"http:\/\/denizcankizil.tr\/en\/haberler\/gundem\/antalyada-marti-tag-davasi-20-aralikta-gorulecek-dava-oncesi-videolu-paylasim\/#respond\"]}]},{\"@type\":\"WebPage\",\"@id\":\"http:\/\/denizcankizil.tr\/en\/haberler\/gundem\/antalyada-marti-tag-davasi-20-aralikta-gorulecek-dava-oncesi-videolu-paylasim\/\",\"url\":\"http:\/\/denizcankizil.tr\/en\/haberler\/gundem\/antalyada-marti-tag-davasi-20-aralikta-gorulecek-dava-oncesi-videolu-paylasim\/\",\"name\":\"Antalya\u2019da Mart\u0131 TAG davas\u0131 20 Aral\u0131k'ta g\u00f6r\u00fclecek. Dava \u00f6ncesi videolu payla\u015f\u0131m! - Av. Deniz Can K\u0131z\u0131l\",\"isPartOf\":{\"@id\":\"https:\/\/denizcankizil.tr\/de\/#website\"},\"datePublished\":\"2024-12-17T15:41:23+00:00\",\"breadcrumb\":{\"@id\":\"http:\/\/denizcankizil.tr\/en\/haberler\/gundem\/antalyada-marti-tag-davasi-20-aralikta-gorulecek-dava-oncesi-videolu-paylasim\/#breadcrumb\"},\"inLanguage\":\"en-GB\",\"potentialAction\":[{\"@type\":\"ReadAction\",\"target\":[\"http:\/\/denizcankizil.tr\/en\/haberler\/gundem\/antalyada-marti-tag-davasi-20-aralikta-gorulecek-dava-oncesi-videolu-paylasim\/\"]}]},{\"@type\":\"BreadcrumbList\",\"@id\":\"http:\/\/denizcankizil.tr\/en\/haberler\/gundem\/antalyada-marti-tag-davasi-20-aralikta-gorulecek-dava-oncesi-videolu-paylasim\/#breadcrumb\",\"itemListElement\":[{\"@type\":\"ListItem\",\"position\":1,\"name\":\"Home\",\"item\":\"https:\/\/denizcankizil.tr\/de\/\"},{\"@type\":\"ListItem\",\"position\":2,\"name\":\"Antalya\u2019da Mart\u0131 TAG davas\u0131 20 Aral\u0131k&#8217;ta g\u00f6r\u00fclecek. Dava \u00f6ncesi videolu payla\u015f\u0131m!\"}]},{\"@type\":\"WebSite\",\"@id\":\"https:\/\/denizcankizil.tr\/de\/#website\",\"url\":\"https:\/\/denizcankizil.tr\/de\/\",\"name\":\"Av. Deniz Can K\u0131z\u0131l\",\"description\":\"Avukat Deniz Can K\u0131z\u0131l Antalya Barosu\",\"publisher\":{\"@id\":\"https:\/\/denizcankizil.tr\/de\/#organization\"},\"potentialAction\":[{\"@type\":\"SearchAction\",\"target\":{\"@type\":\"EntryPoint\",\"urlTemplate\":\"https:\/\/denizcankizil.tr\/de\/?s={search_term_string}\"},\"query-input\":{\"@type\":\"PropertyValueSpecification\",\"valueRequired\":true,\"valueName\":\"search_term_string\"}}],\"inLanguage\":\"en-GB\"},{\"@type\":\"Organization\",\"@id\":\"https:\/\/denizcankizil.tr\/de\/#organization\",\"name\":\"Av. Deniz Can K\u0131z\u0131l\",\"url\":\"https:\/\/denizcankizil.tr\/de\/\",\"logo\":{\"@type\":\"ImageObject\",\"inLanguage\":\"en-GB\",\"@id\":\"https:\/\/denizcankizil.tr\/de\/#\/schema\/logo\/image\/\",\"url\":\"http:\/\/denizcankizil.tr\/wp-content\/uploads\/2024\/10\/siyah-logo-svg.svg\",\"contentUrl\":\"http:\/\/denizcankizil.tr\/wp-content\/uploads\/2024\/10\/siyah-logo-svg.svg\",\"width\":1080,\"height\":1080,\"caption\":\"Av. Deniz Can K\u0131z\u0131l\"},\"image\":{\"@id\":\"https:\/\/denizcankizil.tr\/de\/#\/schema\/logo\/image\/\"}}]}<\/script>\n<!-- \/ Yoast SEO Premium plugin. -->","yoast_head_json":{"title":"Antalya\u2019da Mart\u0131 TAG davas\u0131 20 Aral\u0131k'ta g\u00f6r\u00fclecek. Dava \u00f6ncesi videolu payla\u015f\u0131m! - Av. Deniz Can K\u0131z\u0131l","robots":{"index":"index","follow":"follow","max-snippet":"max-snippet:-1","max-image-preview":"max-image-preview:large","max-video-preview":"max-video-preview:-1"},"canonical":"http:\/\/denizcankizil.tr\/en\/haberler\/gundem\/antalyada-marti-tag-davasi-20-aralikta-gorulecek-dava-oncesi-videolu-paylasim\/","og_locale":"en_GB","og_type":"article","og_title":"Antalya\u2019da Mart\u0131 TAG davas\u0131 20 Aral\u0131k'ta g\u00f6r\u00fclecek. Dava \u00f6ncesi videolu payla\u015f\u0131m!","og_description":"Antalya \u015eof\u00f6rler ve Otomobilciler Odas\u0131\u2019n\u0131n payla\u015f\u0131ml\u0131 yolcu ta\u015f\u0131mac\u0131l\u0131\u011f\u0131 ad\u0131 alt\u0131nda hizmet veren korsan yaz\u0131l\u0131m platformunun durdurulmas\u0131 hakk\u0131nda a\u00e7t\u0131\u011f\u0131 davan\u0131n devam duru\u015fmas\u0131 Antalya Asliye 1. Ticaret Mahkemesi\u2019nde 11 Eyl\u00fcl \u00c7ar\u015famba g\u00fcn\u00fc g\u00f6r\u00fcld\u00fc.\u00a0 \u00d6KTEM\u2019DEN ANTALYA\u2019YA \u00c7A\u011eRI Mahkeme yeni atanan h\u00e2kimin dosyay\u0131 inceleyememesi nedeniyle ve gerekli bilgi ve belgelerin toplanmas\u0131 i\u00e7in duru\u015fmay\u0131 20 Aral\u0131k 2024 tarihine erteledi. Duru\u015fmaya say\u0131l\u0131 g\u00fcnler kala Mart\u0131 TAG kurucusu O\u011fuz Alper \u00d6ktem&#8217;ten payla\u015f\u0131m geldi.\u00a0 \u201cDAVA KAZANMAYA GEL\u0130YORUZ\u201d Resmi sosyal medya hesaplar\u0131 arac\u0131l\u0131\u011f\u0131yla video yay\u0131nlayan \u00d6ktem, \u201cAntalya\u2019ya dava kazanmaya geliyoruz. 20 Aral\u0131k Cuma saat 12.30\u2019da Antalya Adliyesi\u2019nin \u00f6n\u00fcnde bulu\u015fal\u0131m. B\u00fct\u00fcn TAG severleri, Mart\u0131 destek\u00e7ilerini, benimle tan\u0131\u015fmak isteyenleri Cuma g\u00fcn\u00fc adliyeye bekliyorum\u201d a\u00e7\u0131klamas\u0131nda bulundu.\u00a0 \u00a0 \u200bAntalya \u015eof\u00f6rler ve Otomobilciler Odas\u0131\u2019n\u0131n Mart\u0131 TAG adl\u0131 dijital platformun durdurulmas\u0131na y\u00f6nelik a\u00e7t\u0131\u011f\u0131 dava, 20 Aral\u0131k Cuma g\u00fcn\u00fc g\u00f6r\u00fclecek\u00a0 \u200bHaberin Al\u0131nt\u0131land\u0131\u011f\u0131 Kaynak: www.antalyakorfez.com","og_url":"http:\/\/denizcankizil.tr\/en\/haberler\/gundem\/antalyada-marti-tag-davasi-20-aralikta-gorulecek-dava-oncesi-videolu-paylasim\/","og_site_name":"Av. Deniz Can K\u0131z\u0131l","article_published_time":"2024-12-17T15:41:23+00:00","twitter_card":"summary_large_image","twitter_misc":{"Estimated reading time":"1 minute"},"schema":{"@context":"https:\/\/schema.org","@graph":[{"@type":"Article","@id":"http:\/\/denizcankizil.tr\/en\/haberler\/gundem\/antalyada-marti-tag-davasi-20-aralikta-gorulecek-dava-oncesi-videolu-paylasim\/#article","isPartOf":{"@id":"http:\/\/denizcankizil.tr\/en\/haberler\/gundem\/antalyada-marti-tag-davasi-20-aralikta-gorulecek-dava-oncesi-videolu-paylasim\/"},"author":{"name":"","@id":""},"headline":"Antalya\u2019da Mart\u0131 TAG davas\u0131 20 Aral\u0131k&#8217;ta g\u00f6r\u00fclecek. Dava \u00f6ncesi videolu payla\u015f\u0131m!","datePublished":"2024-12-17T15:41:23+00:00","mainEntityOfPage":{"@id":"http:\/\/denizcankizil.tr\/en\/haberler\/gundem\/antalyada-marti-tag-davasi-20-aralikta-gorulecek-dava-oncesi-videolu-paylasim\/"},"wordCount":200,"commentCount":0,"publisher":{"@id":"https:\/\/denizcankizil.tr\/de\/#organization"},"articleSection":["G\u00fcndem","Uncategorized"],"inLanguage":"en-GB","potentialAction":[{"@type":"CommentAction","name":"Comment","target":["http:\/\/denizcankizil.tr\/en\/haberler\/gundem\/antalyada-marti-tag-davasi-20-aralikta-gorulecek-dava-oncesi-videolu-paylasim\/#respond"]}]},{"@type":"WebPage","@id":"http:\/\/denizcankizil.tr\/en\/haberler\/gundem\/antalyada-marti-tag-davasi-20-aralikta-gorulecek-dava-oncesi-videolu-paylasim\/","url":"http:\/\/denizcankizil.tr\/en\/haberler\/gundem\/antalyada-marti-tag-davasi-20-aralikta-gorulecek-dava-oncesi-videolu-paylasim\/","name":"Antalya\u2019da Mart\u0131 TAG davas\u0131 20 Aral\u0131k'ta g\u00f6r\u00fclecek. Dava \u00f6ncesi videolu payla\u015f\u0131m! - Av. Deniz Can K\u0131z\u0131l","isPartOf":{"@id":"https:\/\/denizcankizil.tr\/de\/#website"},"datePublished":"2024-12-17T15:41:23+00:00","breadcrumb":{"@id":"http:\/\/denizcankizil.tr\/en\/haberler\/gundem\/antalyada-marti-tag-davasi-20-aralikta-gorulecek-dava-oncesi-videolu-paylasim\/#breadcrumb"},"inLanguage":"en-GB","potentialAction":[{"@type":"ReadAction","target":["http:\/\/denizcankizil.tr\/en\/haberler\/gundem\/antalyada-marti-tag-davasi-20-aralikta-gorulecek-dava-oncesi-videolu-paylasim\/"]}]},{"@type":"BreadcrumbList","@id":"http:\/\/denizcankizil.tr\/en\/haberler\/gundem\/antalyada-marti-tag-davasi-20-aralikta-gorulecek-dava-oncesi-videolu-paylasim\/#breadcrumb","itemListElement":[{"@type":"ListItem","position":1,"name":"Home","item":"https:\/\/denizcankizil.tr\/de\/"},{"@type":"ListItem","position":2,"name":"Antalya\u2019da Mart\u0131 TAG davas\u0131 20 Aral\u0131k&#8217;ta g\u00f6r\u00fclecek. Dava \u00f6ncesi videolu payla\u015f\u0131m!"}]},{"@type":"WebSite","@id":"https:\/\/denizcankizil.tr\/de\/#website","url":"https:\/\/denizcankizil.tr\/de\/","name":"Av. Deniz Can K\u0131z\u0131l","description":"Avukat Deniz Can K\u0131z\u0131l Antalya Barosu","publisher":{"@id":"https:\/\/denizcankizil.tr\/de\/#organization"},"potentialAction":[{"@type":"SearchAction","target":{"@type":"EntryPoint","urlTemplate":"https:\/\/denizcankizil.tr\/de\/?s={search_term_string}"},"query-input":{"@type":"PropertyValueSpecification","valueRequired":true,"valueName":"search_term_string"}}],"inLanguage":"en-GB"},{"@type":"Organization","@id":"https:\/\/denizcankizil.tr\/de\/#organization","name":"Av. Deniz Can K\u0131z\u0131l","url":"https:\/\/denizcankizil.tr\/de\/","logo":{"@type":"ImageObject","inLanguage":"en-GB","@id":"https:\/\/denizcankizil.tr\/de\/#\/schema\/logo\/image\/","url":"http:\/\/denizcankizil.tr\/wp-content\/uploads\/2024\/10\/siyah-logo-svg.svg","contentUrl":"http:\/\/denizcankizil.tr\/wp-content\/uploads\/2024\/10\/siyah-logo-svg.svg","width":1080,"height":1080,"caption":"Av. Deniz Can K\u0131z\u0131l"},"image":{"@id":"https:\/\/denizcankizil.tr\/de\/#\/schema\/logo\/image\/"}}]}},"_links":{"self":[{"href":"http:\/\/denizcankizil.tr\/en\/wp-json\/wp\/v2\/posts\/21145","targetHints":{"allow":["GET"]}}],"collection":[{"href":"http:\/\/denizcankizil.tr\/en\/wp-json\/wp\/v2\/posts"}],"about":[{"href":"http:\/\/denizcankizil.tr\/en\/wp-json\/wp\/v2\/types\/post"}],"replies":[{"embeddable":true,"href":"http:\/\/denizcankizil.tr\/en\/wp-json\/wp\/v2\/comments?post=21145"}],"version-history":[{"count":0,"href":"http:\/\/denizcankizil.tr\/en\/wp-json\/wp\/v2\/posts\/21145\/revisions"}],"wp:attachment":[{"href":"http:\/\/denizcankizil.tr\/en\/wp-json\/wp\/v2\/media?parent=21145"}],"wp:term":[{"taxonomy":"category","embeddable":true,"href":"http:\/\/denizcankizil.tr\/en\/wp-json\/wp\/v2\/categories?post=21145"},{"taxonomy":"post_tag","embeddable":true,"href":"http:\/\/denizcankizil.tr\/en\/wp-json\/wp\/v2\/tags?post=21145"}],"curies":[{"name":"wp","href":"https:\/\/api.w.org\/{rel}","templated":true}]}}