{"id":21101,"date":"2024-12-17T13:41:36","date_gmt":"2024-12-17T10:41:36","guid":{"rendered":"https:\/\/denizcankizil.tr\/uncategorized-tr\/yegeninden-unlu-sanatcinin-saglik-durumuna-iliskin-paylasim\/"},"modified":"2024-12-17T13:41:36","modified_gmt":"2024-12-17T10:41:36","slug":"yegeninden-unlu-sanatcinin-saglik-durumuna-iliskin-paylasim","status":"publish","type":"post","link":"http:\/\/denizcankizil.tr\/en\/haberler\/antalya\/yegeninden-unlu-sanatcinin-saglik-durumuna-iliskin-paylasim\/","title":{"rendered":"Ye\u011feninden \u00fcnl\u00fc sanat\u00e7\u0131n\u0131n sa\u011fl\u0131k durumuna ili\u015fkin payla\u015f\u0131m"},"content":{"rendered":"<p>Mu\u011fla&#8217;n\u0131n Marmaris il\u00e7esinde ya\u015fad\u0131\u011f\u0131 evde aniden fenala\u015fan \u00fcnl\u00fc sanat\u00e7\u0131 Ferdi Tayfur, Mu\u011fla&#8217;n\u0131n Mente\u015fe il\u00e7esinde \u00f6zel bir hastanede tedavi alt\u0131na al\u0131nm\u0131\u015ft\u0131. Yo\u011fun bak\u0131m \u00fcnitesinde yatan Tayfur, ailesi taraf\u0131ndan ilk olarak ambulans helikopterle havaliman\u0131na, ard\u0131ndan ambulans u\u00e7ak ile Antalya&#8217;ya sevk edildi. Mu\u011fla&#8217;da bulunan \u00f6zel hastanenin ba\u015fhekimi, sanat\u00e7\u0131n\u0131n genel sa\u011fl\u0131k durumunun iyi oldu\u011funu belirtmi\u015fti. Ancak aile \u00fcyeleri ve uzman doktorlar\u0131n tavsiyesi do\u011frultusunda, Ferdi Tayfur d\u00fcn ak\u015fam ambulans u\u00e7akla Antalya&#8217;ya getirildi.<\/p>\n<p>Antalya&#8217;da \u00f6zel bir hastanede tedavisi devam eden Ferdi Tayfur&#8217;un ye\u011feni ve bas\u0131n dan\u0131\u015fman\u0131 \u015eirin G\u00f6zal\u0131c\u0131, sabah saatlerinde sosyal medya hesab\u0131ndan Tayfur&#8217;un sa\u011fl\u0131k durumu hakk\u0131nda bilgi verdi. G\u00f6zal\u0131c\u0131, \u201cSay\u0131n Ferdi Tayfur&#8217;un, Antalya Medikal Park Hastanesinde normal odada yat\u0131\u015f\u0131 sa\u011flanmaktad\u0131r. \u015euuru a\u00e7\u0131k olup \u00f6n\u00fcm\u00fczdeki saatlerde ameliyata al\u0131nmas\u0131 planlan\u0131yor, t\u00fcm sevenlerine duyurulur\u201d a\u00e7\u0131klamas\u0131nda bulundu.<\/p>\n<p>Kaynak: www.kanalv.com.tr Haber Sitesinden Al\u0131nm\u0131\u015ft\u0131r.<\/p>","protected":false},"excerpt":{"rendered":"<p>Mu\u011fla&#8217;n\u0131n Marmaris il\u00e7esinde ya\u015fad\u0131\u011f\u0131 evde aniden fenala\u015fan \u00fcnl\u00fc sanat\u00e7\u0131 Ferdi Tayfur, Mu\u011fla&#8217;n\u0131n Mente\u015fe il\u00e7esinde \u00f6zel bir hastanede tedavi alt\u0131na al\u0131nm\u0131\u015ft\u0131. Yo\u011fun bak\u0131m \u00fcnitesinde yatan Tayfur, ailesi taraf\u0131ndan ilk olarak ambulans helikopterle havaliman\u0131na, ard\u0131ndan ambulans u\u00e7ak ile Antalya&#8217;ya sevk edildi. Mu\u011fla&#8217;da bulunan \u00f6zel hastanenin ba\u015fhekimi, sanat\u00e7\u0131n\u0131n genel sa\u011fl\u0131k durumunun iyi oldu\u011funu belirtmi\u015fti. Ancak aile \u00fcyeleri ve uzman doktorlar\u0131n tavsiyesi do\u011frultusunda, Ferdi Tayfur d\u00fcn ak\u015fam ambulans u\u00e7akla Antalya&#8217;ya getirildi. Antalya&#8217;da \u00f6zel bir hastanede tedavisi devam eden Ferdi Tayfur&#8217;un ye\u011feni ve bas\u0131n dan\u0131\u015fman\u0131 \u015eirin G\u00f6zal\u0131c\u0131, sabah saatlerinde sosyal medya hesab\u0131ndan Tayfur&#8217;un sa\u011fl\u0131k durumu hakk\u0131nda bilgi verdi. G\u00f6zal\u0131c\u0131, \u201cSay\u0131n Ferdi Tayfur&#8217;un, Antalya Medikal Park Hastanesinde normal odada yat\u0131\u015f\u0131 sa\u011flanmaktad\u0131r. \u015euuru a\u00e7\u0131k olup \u00f6n\u00fcm\u00fczdeki saatlerde ameliyata al\u0131nmas\u0131 planlan\u0131yor, t\u00fcm sevenlerine duyurulur\u201d a\u00e7\u0131klamas\u0131nda bulundu. Kaynak: www.kanalv.com.tr Haber Sitesinden Al\u0131nm\u0131\u015ft\u0131r.<\/p>","protected":false},"author":0,"featured_media":21102,"comment_status":"open","ping_status":"open","sticky":false,"template":"","format":"standard","meta":{"_acf_changed":false,"footnotes":""},"categories":[26,535],"tags":[],"class_list":["post-21101","post","type-post","status-publish","format-standard","has-post-thumbnail","hentry","category-antalya","category-uncategorized-tr"],"acf":[],"yoast_head":"<!-- This site is optimized with the Yoast SEO Premium plugin v26.6 (Yoast SEO v27.1.1) - https:\/\/yoast.com\/product\/yoast-seo-premium-wordpress\/ -->\n<title>Ye\u011feninden \u00fcnl\u00fc sanat\u00e7\u0131n\u0131n sa\u011fl\u0131k durumuna ili\u015fkin payla\u015f\u0131m - Av. Deniz Can K\u0131z\u0131l<\/title>\n<meta name=\"robots\" content=\"index, follow, max-snippet:-1, max-image-preview:large, max-video-preview:-1\" \/>\n<link rel=\"canonical\" href=\"http:\/\/denizcankizil.tr\/en\/haberler\/antalya\/yegeninden-unlu-sanatcinin-saglik-durumuna-iliskin-paylasim\/\" \/>\n<meta property=\"og:locale\" content=\"en_GB\" \/>\n<meta property=\"og:type\" content=\"article\" \/>\n<meta property=\"og:title\" content=\"Ye\u011feninden \u00fcnl\u00fc sanat\u00e7\u0131n\u0131n sa\u011fl\u0131k durumuna ili\u015fkin payla\u015f\u0131m\" \/>\n<meta property=\"og:description\" content=\"Mu\u011fla&#8217;n\u0131n Marmaris il\u00e7esinde ya\u015fad\u0131\u011f\u0131 evde aniden fenala\u015fan \u00fcnl\u00fc sanat\u00e7\u0131 Ferdi Tayfur, Mu\u011fla&#8217;n\u0131n Mente\u015fe il\u00e7esinde \u00f6zel bir hastanede tedavi alt\u0131na al\u0131nm\u0131\u015ft\u0131. Yo\u011fun bak\u0131m \u00fcnitesinde yatan Tayfur, ailesi taraf\u0131ndan ilk olarak ambulans helikopterle havaliman\u0131na, ard\u0131ndan ambulans u\u00e7ak ile Antalya&#8217;ya sevk edildi. Mu\u011fla&#8217;da bulunan \u00f6zel hastanenin ba\u015fhekimi, sanat\u00e7\u0131n\u0131n genel sa\u011fl\u0131k durumunun iyi oldu\u011funu belirtmi\u015fti. Ancak aile \u00fcyeleri ve uzman doktorlar\u0131n tavsiyesi do\u011frultusunda, Ferdi Tayfur d\u00fcn ak\u015fam ambulans u\u00e7akla Antalya&#8217;ya getirildi. Antalya&#8217;da \u00f6zel bir hastanede tedavisi devam eden Ferdi Tayfur&#8217;un ye\u011feni ve bas\u0131n dan\u0131\u015fman\u0131 \u015eirin G\u00f6zal\u0131c\u0131, sabah saatlerinde sosyal medya hesab\u0131ndan Tayfur&#8217;un sa\u011fl\u0131k durumu hakk\u0131nda bilgi verdi. G\u00f6zal\u0131c\u0131, \u201cSay\u0131n Ferdi Tayfur&#8217;un, Antalya Medikal Park Hastanesinde normal odada yat\u0131\u015f\u0131 sa\u011flanmaktad\u0131r. \u015euuru a\u00e7\u0131k olup \u00f6n\u00fcm\u00fczdeki saatlerde ameliyata al\u0131nmas\u0131 planlan\u0131yor, t\u00fcm sevenlerine duyurulur\u201d a\u00e7\u0131klamas\u0131nda bulundu. Kaynak: www.kanalv.com.tr Haber Sitesinden Al\u0131nm\u0131\u015ft\u0131r.\" \/>\n<meta property=\"og:url\" content=\"http:\/\/denizcankizil.tr\/en\/haberler\/antalya\/yegeninden-unlu-sanatcinin-saglik-durumuna-iliskin-paylasim\/\" \/>\n<meta property=\"og:site_name\" content=\"Av. Deniz Can K\u0131z\u0131l\" \/>\n<meta property=\"article:published_time\" content=\"2024-12-17T10:41:36+00:00\" \/>\n<meta property=\"og:image\" content=\"http:\/\/denizcankizil.tr\/wp-content\/uploads\/2024\/12\/3634-01-k0Pyl3.jpeg\" \/>\n\t<meta property=\"og:image:width\" content=\"1280\" \/>\n\t<meta property=\"og:image:height\" content=\"720\" \/>\n\t<meta property=\"og:image:type\" content=\"image\/jpeg\" \/>\n<meta name=\"twitter:card\" content=\"summary_large_image\" \/>\n<meta name=\"twitter:label1\" content=\"Estimated reading time\" \/>\n\t<meta name=\"twitter:data1\" content=\"1 minute\" \/>\n<script type=\"application\/ld+json\" class=\"yoast-schema-graph\">{\"@context\":\"https:\/\/schema.org\",\"@graph\":[{\"@type\":\"Article\",\"@id\":\"http:\/\/denizcankizil.tr\/en\/haberler\/antalya\/yegeninden-unlu-sanatcinin-saglik-durumuna-iliskin-paylasim\/#article\",\"isPartOf\":{\"@id\":\"http:\/\/denizcankizil.tr\/en\/haberler\/antalya\/yegeninden-unlu-sanatcinin-saglik-durumuna-iliskin-paylasim\/\"},\"author\":{\"name\":\"\",\"@id\":\"\"},\"headline\":\"Ye\u011feninden \u00fcnl\u00fc sanat\u00e7\u0131n\u0131n sa\u011fl\u0131k durumuna ili\u015fkin payla\u015f\u0131m\",\"datePublished\":\"2024-12-17T10:41:36+00:00\",\"mainEntityOfPage\":{\"@id\":\"http:\/\/denizcankizil.tr\/en\/haberler\/antalya\/yegeninden-unlu-sanatcinin-saglik-durumuna-iliskin-paylasim\/\"},\"wordCount\":205,\"commentCount\":0,\"publisher\":{\"@id\":\"https:\/\/denizcankizil.tr\/de\/#organization\"},\"image\":{\"@id\":\"http:\/\/denizcankizil.tr\/en\/haberler\/antalya\/yegeninden-unlu-sanatcinin-saglik-durumuna-iliskin-paylasim\/#primaryimage\"},\"thumbnailUrl\":\"http:\/\/denizcankizil.tr\/wp-content\/uploads\/2024\/12\/3634-01-k0Pyl3.jpeg\",\"articleSection\":[\"Antalya\",\"Uncategorized\"],\"inLanguage\":\"en-GB\",\"potentialAction\":[{\"@type\":\"CommentAction\",\"name\":\"Comment\",\"target\":[\"http:\/\/denizcankizil.tr\/en\/haberler\/antalya\/yegeninden-unlu-sanatcinin-saglik-durumuna-iliskin-paylasim\/#respond\"]}]},{\"@type\":\"WebPage\",\"@id\":\"http:\/\/denizcankizil.tr\/en\/haberler\/antalya\/yegeninden-unlu-sanatcinin-saglik-durumuna-iliskin-paylasim\/\",\"url\":\"http:\/\/denizcankizil.tr\/en\/haberler\/antalya\/yegeninden-unlu-sanatcinin-saglik-durumuna-iliskin-paylasim\/\",\"name\":\"Ye\u011feninden \u00fcnl\u00fc sanat\u00e7\u0131n\u0131n sa\u011fl\u0131k durumuna ili\u015fkin payla\u015f\u0131m - Av. Deniz Can K\u0131z\u0131l\",\"isPartOf\":{\"@id\":\"https:\/\/denizcankizil.tr\/de\/#website\"},\"primaryImageOfPage\":{\"@id\":\"http:\/\/denizcankizil.tr\/en\/haberler\/antalya\/yegeninden-unlu-sanatcinin-saglik-durumuna-iliskin-paylasim\/#primaryimage\"},\"image\":{\"@id\":\"http:\/\/denizcankizil.tr\/en\/haberler\/antalya\/yegeninden-unlu-sanatcinin-saglik-durumuna-iliskin-paylasim\/#primaryimage\"},\"thumbnailUrl\":\"http:\/\/denizcankizil.tr\/wp-content\/uploads\/2024\/12\/3634-01-k0Pyl3.jpeg\",\"datePublished\":\"2024-12-17T10:41:36+00:00\",\"breadcrumb\":{\"@id\":\"http:\/\/denizcankizil.tr\/en\/haberler\/antalya\/yegeninden-unlu-sanatcinin-saglik-durumuna-iliskin-paylasim\/#breadcrumb\"},\"inLanguage\":\"en-GB\",\"potentialAction\":[{\"@type\":\"ReadAction\",\"target\":[\"http:\/\/denizcankizil.tr\/en\/haberler\/antalya\/yegeninden-unlu-sanatcinin-saglik-durumuna-iliskin-paylasim\/\"]}]},{\"@type\":\"ImageObject\",\"inLanguage\":\"en-GB\",\"@id\":\"http:\/\/denizcankizil.tr\/en\/haberler\/antalya\/yegeninden-unlu-sanatcinin-saglik-durumuna-iliskin-paylasim\/#primaryimage\",\"url\":\"http:\/\/denizcankizil.tr\/wp-content\/uploads\/2024\/12\/3634-01-k0Pyl3.jpeg\",\"contentUrl\":\"http:\/\/denizcankizil.tr\/wp-content\/uploads\/2024\/12\/3634-01-k0Pyl3.jpeg\",\"width\":1280,\"height\":720},{\"@type\":\"BreadcrumbList\",\"@id\":\"http:\/\/denizcankizil.tr\/en\/haberler\/antalya\/yegeninden-unlu-sanatcinin-saglik-durumuna-iliskin-paylasim\/#breadcrumb\",\"itemListElement\":[{\"@type\":\"ListItem\",\"position\":1,\"name\":\"Home\",\"item\":\"https:\/\/denizcankizil.tr\/de\/\"},{\"@type\":\"ListItem\",\"position\":2,\"name\":\"Ye\u011feninden \u00fcnl\u00fc sanat\u00e7\u0131n\u0131n sa\u011fl\u0131k durumuna ili\u015fkin payla\u015f\u0131m\"}]},{\"@type\":\"WebSite\",\"@id\":\"https:\/\/denizcankizil.tr\/de\/#website\",\"url\":\"https:\/\/denizcankizil.tr\/de\/\",\"name\":\"Av. Deniz Can K\u0131z\u0131l\",\"description\":\"Avukat Deniz Can K\u0131z\u0131l Antalya Barosu\",\"publisher\":{\"@id\":\"https:\/\/denizcankizil.tr\/de\/#organization\"},\"potentialAction\":[{\"@type\":\"SearchAction\",\"target\":{\"@type\":\"EntryPoint\",\"urlTemplate\":\"https:\/\/denizcankizil.tr\/de\/?s={search_term_string}\"},\"query-input\":{\"@type\":\"PropertyValueSpecification\",\"valueRequired\":true,\"valueName\":\"search_term_string\"}}],\"inLanguage\":\"en-GB\"},{\"@type\":\"Organization\",\"@id\":\"https:\/\/denizcankizil.tr\/de\/#organization\",\"name\":\"Av. Deniz Can K\u0131z\u0131l\",\"url\":\"https:\/\/denizcankizil.tr\/de\/\",\"logo\":{\"@type\":\"ImageObject\",\"inLanguage\":\"en-GB\",\"@id\":\"https:\/\/denizcankizil.tr\/de\/#\/schema\/logo\/image\/\",\"url\":\"http:\/\/denizcankizil.tr\/wp-content\/uploads\/2024\/10\/siyah-logo-svg.svg\",\"contentUrl\":\"http:\/\/denizcankizil.tr\/wp-content\/uploads\/2024\/10\/siyah-logo-svg.svg\",\"width\":1080,\"height\":1080,\"caption\":\"Av. Deniz Can K\u0131z\u0131l\"},\"image\":{\"@id\":\"https:\/\/denizcankizil.tr\/de\/#\/schema\/logo\/image\/\"}}]}<\/script>\n<!-- \/ Yoast SEO Premium plugin. -->","yoast_head_json":{"title":"Ye\u011feninden \u00fcnl\u00fc sanat\u00e7\u0131n\u0131n sa\u011fl\u0131k durumuna ili\u015fkin payla\u015f\u0131m - Av. Deniz Can K\u0131z\u0131l","robots":{"index":"index","follow":"follow","max-snippet":"max-snippet:-1","max-image-preview":"max-image-preview:large","max-video-preview":"max-video-preview:-1"},"canonical":"http:\/\/denizcankizil.tr\/en\/haberler\/antalya\/yegeninden-unlu-sanatcinin-saglik-durumuna-iliskin-paylasim\/","og_locale":"en_GB","og_type":"article","og_title":"Ye\u011feninden \u00fcnl\u00fc sanat\u00e7\u0131n\u0131n sa\u011fl\u0131k durumuna ili\u015fkin payla\u015f\u0131m","og_description":"Mu\u011fla&#8217;n\u0131n Marmaris il\u00e7esinde ya\u015fad\u0131\u011f\u0131 evde aniden fenala\u015fan \u00fcnl\u00fc sanat\u00e7\u0131 Ferdi Tayfur, Mu\u011fla&#8217;n\u0131n Mente\u015fe il\u00e7esinde \u00f6zel bir hastanede tedavi alt\u0131na al\u0131nm\u0131\u015ft\u0131. Yo\u011fun bak\u0131m \u00fcnitesinde yatan Tayfur, ailesi taraf\u0131ndan ilk olarak ambulans helikopterle havaliman\u0131na, ard\u0131ndan ambulans u\u00e7ak ile Antalya&#8217;ya sevk edildi. Mu\u011fla&#8217;da bulunan \u00f6zel hastanenin ba\u015fhekimi, sanat\u00e7\u0131n\u0131n genel sa\u011fl\u0131k durumunun iyi oldu\u011funu belirtmi\u015fti. Ancak aile \u00fcyeleri ve uzman doktorlar\u0131n tavsiyesi do\u011frultusunda, Ferdi Tayfur d\u00fcn ak\u015fam ambulans u\u00e7akla Antalya&#8217;ya getirildi. Antalya&#8217;da \u00f6zel bir hastanede tedavisi devam eden Ferdi Tayfur&#8217;un ye\u011feni ve bas\u0131n dan\u0131\u015fman\u0131 \u015eirin G\u00f6zal\u0131c\u0131, sabah saatlerinde sosyal medya hesab\u0131ndan Tayfur&#8217;un sa\u011fl\u0131k durumu hakk\u0131nda bilgi verdi. G\u00f6zal\u0131c\u0131, \u201cSay\u0131n Ferdi Tayfur&#8217;un, Antalya Medikal Park Hastanesinde normal odada yat\u0131\u015f\u0131 sa\u011flanmaktad\u0131r. \u015euuru a\u00e7\u0131k olup \u00f6n\u00fcm\u00fczdeki saatlerde ameliyata al\u0131nmas\u0131 planlan\u0131yor, t\u00fcm sevenlerine duyurulur\u201d a\u00e7\u0131klamas\u0131nda bulundu. Kaynak: www.kanalv.com.tr Haber Sitesinden Al\u0131nm\u0131\u015ft\u0131r.","og_url":"http:\/\/denizcankizil.tr\/en\/haberler\/antalya\/yegeninden-unlu-sanatcinin-saglik-durumuna-iliskin-paylasim\/","og_site_name":"Av. Deniz Can K\u0131z\u0131l","article_published_time":"2024-12-17T10:41:36+00:00","og_image":[{"width":1280,"height":720,"url":"http:\/\/denizcankizil.tr\/wp-content\/uploads\/2024\/12\/3634-01-k0Pyl3.jpeg","type":"image\/jpeg"}],"twitter_card":"summary_large_image","twitter_misc":{"Estimated reading time":"1 minute"},"schema":{"@context":"https:\/\/schema.org","@graph":[{"@type":"Article","@id":"http:\/\/denizcankizil.tr\/en\/haberler\/antalya\/yegeninden-unlu-sanatcinin-saglik-durumuna-iliskin-paylasim\/#article","isPartOf":{"@id":"http:\/\/denizcankizil.tr\/en\/haberler\/antalya\/yegeninden-unlu-sanatcinin-saglik-durumuna-iliskin-paylasim\/"},"author":{"name":"","@id":""},"headline":"Ye\u011feninden \u00fcnl\u00fc sanat\u00e7\u0131n\u0131n sa\u011fl\u0131k durumuna ili\u015fkin payla\u015f\u0131m","datePublished":"2024-12-17T10:41:36+00:00","mainEntityOfPage":{"@id":"http:\/\/denizcankizil.tr\/en\/haberler\/antalya\/yegeninden-unlu-sanatcinin-saglik-durumuna-iliskin-paylasim\/"},"wordCount":205,"commentCount":0,"publisher":{"@id":"https:\/\/denizcankizil.tr\/de\/#organization"},"image":{"@id":"http:\/\/denizcankizil.tr\/en\/haberler\/antalya\/yegeninden-unlu-sanatcinin-saglik-durumuna-iliskin-paylasim\/#primaryimage"},"thumbnailUrl":"http:\/\/denizcankizil.tr\/wp-content\/uploads\/2024\/12\/3634-01-k0Pyl3.jpeg","articleSection":["Antalya","Uncategorized"],"inLanguage":"en-GB","potentialAction":[{"@type":"CommentAction","name":"Comment","target":["http:\/\/denizcankizil.tr\/en\/haberler\/antalya\/yegeninden-unlu-sanatcinin-saglik-durumuna-iliskin-paylasim\/#respond"]}]},{"@type":"WebPage","@id":"http:\/\/denizcankizil.tr\/en\/haberler\/antalya\/yegeninden-unlu-sanatcinin-saglik-durumuna-iliskin-paylasim\/","url":"http:\/\/denizcankizil.tr\/en\/haberler\/antalya\/yegeninden-unlu-sanatcinin-saglik-durumuna-iliskin-paylasim\/","name":"Ye\u011feninden \u00fcnl\u00fc sanat\u00e7\u0131n\u0131n sa\u011fl\u0131k durumuna ili\u015fkin payla\u015f\u0131m - Av. Deniz Can K\u0131z\u0131l","isPartOf":{"@id":"https:\/\/denizcankizil.tr\/de\/#website"},"primaryImageOfPage":{"@id":"http:\/\/denizcankizil.tr\/en\/haberler\/antalya\/yegeninden-unlu-sanatcinin-saglik-durumuna-iliskin-paylasim\/#primaryimage"},"image":{"@id":"http:\/\/denizcankizil.tr\/en\/haberler\/antalya\/yegeninden-unlu-sanatcinin-saglik-durumuna-iliskin-paylasim\/#primaryimage"},"thumbnailUrl":"http:\/\/denizcankizil.tr\/wp-content\/uploads\/2024\/12\/3634-01-k0Pyl3.jpeg","datePublished":"2024-12-17T10:41:36+00:00","breadcrumb":{"@id":"http:\/\/denizcankizil.tr\/en\/haberler\/antalya\/yegeninden-unlu-sanatcinin-saglik-durumuna-iliskin-paylasim\/#breadcrumb"},"inLanguage":"en-GB","potentialAction":[{"@type":"ReadAction","target":["http:\/\/denizcankizil.tr\/en\/haberler\/antalya\/yegeninden-unlu-sanatcinin-saglik-durumuna-iliskin-paylasim\/"]}]},{"@type":"ImageObject","inLanguage":"en-GB","@id":"http:\/\/denizcankizil.tr\/en\/haberler\/antalya\/yegeninden-unlu-sanatcinin-saglik-durumuna-iliskin-paylasim\/#primaryimage","url":"http:\/\/denizcankizil.tr\/wp-content\/uploads\/2024\/12\/3634-01-k0Pyl3.jpeg","contentUrl":"http:\/\/denizcankizil.tr\/wp-content\/uploads\/2024\/12\/3634-01-k0Pyl3.jpeg","width":1280,"height":720},{"@type":"BreadcrumbList","@id":"http:\/\/denizcankizil.tr\/en\/haberler\/antalya\/yegeninden-unlu-sanatcinin-saglik-durumuna-iliskin-paylasim\/#breadcrumb","itemListElement":[{"@type":"ListItem","position":1,"name":"Home","item":"https:\/\/denizcankizil.tr\/de\/"},{"@type":"ListItem","position":2,"name":"Ye\u011feninden \u00fcnl\u00fc sanat\u00e7\u0131n\u0131n sa\u011fl\u0131k durumuna ili\u015fkin payla\u015f\u0131m"}]},{"@type":"WebSite","@id":"https:\/\/denizcankizil.tr\/de\/#website","url":"https:\/\/denizcankizil.tr\/de\/","name":"Av. Deniz Can K\u0131z\u0131l","description":"Avukat Deniz Can K\u0131z\u0131l Antalya Barosu","publisher":{"@id":"https:\/\/denizcankizil.tr\/de\/#organization"},"potentialAction":[{"@type":"SearchAction","target":{"@type":"EntryPoint","urlTemplate":"https:\/\/denizcankizil.tr\/de\/?s={search_term_string}"},"query-input":{"@type":"PropertyValueSpecification","valueRequired":true,"valueName":"search_term_string"}}],"inLanguage":"en-GB"},{"@type":"Organization","@id":"https:\/\/denizcankizil.tr\/de\/#organization","name":"Av. Deniz Can K\u0131z\u0131l","url":"https:\/\/denizcankizil.tr\/de\/","logo":{"@type":"ImageObject","inLanguage":"en-GB","@id":"https:\/\/denizcankizil.tr\/de\/#\/schema\/logo\/image\/","url":"http:\/\/denizcankizil.tr\/wp-content\/uploads\/2024\/10\/siyah-logo-svg.svg","contentUrl":"http:\/\/denizcankizil.tr\/wp-content\/uploads\/2024\/10\/siyah-logo-svg.svg","width":1080,"height":1080,"caption":"Av. Deniz Can K\u0131z\u0131l"},"image":{"@id":"https:\/\/denizcankizil.tr\/de\/#\/schema\/logo\/image\/"}}]}},"_links":{"self":[{"href":"http:\/\/denizcankizil.tr\/en\/wp-json\/wp\/v2\/posts\/21101","targetHints":{"allow":["GET"]}}],"collection":[{"href":"http:\/\/denizcankizil.tr\/en\/wp-json\/wp\/v2\/posts"}],"about":[{"href":"http:\/\/denizcankizil.tr\/en\/wp-json\/wp\/v2\/types\/post"}],"replies":[{"embeddable":true,"href":"http:\/\/denizcankizil.tr\/en\/wp-json\/wp\/v2\/comments?post=21101"}],"version-history":[{"count":0,"href":"http:\/\/denizcankizil.tr\/en\/wp-json\/wp\/v2\/posts\/21101\/revisions"}],"wp:featuredmedia":[{"embeddable":true,"href":"http:\/\/denizcankizil.tr\/en\/wp-json\/wp\/v2\/media\/21102"}],"wp:attachment":[{"href":"http:\/\/denizcankizil.tr\/en\/wp-json\/wp\/v2\/media?parent=21101"}],"wp:term":[{"taxonomy":"category","embeddable":true,"href":"http:\/\/denizcankizil.tr\/en\/wp-json\/wp\/v2\/categories?post=21101"},{"taxonomy":"post_tag","embeddable":true,"href":"http:\/\/denizcankizil.tr\/en\/wp-json\/wp\/v2\/tags?post=21101"}],"curies":[{"name":"wp","href":"https:\/\/api.w.org\/{rel}","templated":true}]}}